{"id":109349,"date":"2018-11-06T16:54:14","date_gmt":"2018-11-06T16:54:14","guid":{"rendered":"http:\/\/candas365.es\/noticias\/?p=109349"},"modified":"2018-11-06T16:54:14","modified_gmt":"2018-11-06T16:54:14","slug":"renovacion-de-placas-viarias-en-candas","status":"publish","type":"post","link":"https:\/\/candas365.es\/noticias\/renovacion-de-placas-viarias-en-candas\/","title":{"rendered":"Renovaci\u00f3n de placas viarias en Cand\u00e1s"},"content":{"rendered":"<p><img fetchpriority=\"high\" decoding=\"async\" class=\"alignleft size-medium wp-image-109350\" src=\"https:\/\/candas365.es\/noticias\/wp-content\/uploads\/2018\/11\/IMG_2642-360x271.jpg\" alt=\"\" width=\"360\" height=\"271\" srcset=\"https:\/\/candas365.es\/noticias\/wp-content\/uploads\/2018\/11\/IMG_2642-360x271.jpg 360w, https:\/\/candas365.es\/noticias\/wp-content\/uploads\/2018\/11\/IMG_2642-639x480.jpg 639w, https:\/\/candas365.es\/noticias\/wp-content\/uploads\/2018\/11\/IMG_2642-80x60.jpg 80w, https:\/\/candas365.es\/noticias\/wp-content\/uploads\/2018\/11\/IMG_2642-265x198.jpg 265w, https:\/\/candas365.es\/noticias\/wp-content\/uploads\/2018\/11\/IMG_2642-559x420.jpg 559w, https:\/\/candas365.es\/noticias\/wp-content\/uploads\/2018\/11\/IMG_2642.jpg 640w\" sizes=\"(max-width: 360px) 100vw, 360px\" \/>A partir de ma\u00f1ana, en el marco del plan de renovaci\u00f3n de placas viarias en Cand\u00e1s se realizar\u00e1 la colocaci\u00f3n de 8 nuevas placas, entre ellas, la relativa a la Plaza de la Baraga\u00f1a. La cu\u00e1l llevar\u00e1 en la placa con una recreaci\u00f3n cer\u00e1mica de la fachada del Teatro El Marina. Teatro que fue escenario de cine mudo, vi\u00e9ndose su actividad cercenada por la guerra civil, aunque posteriormente retom\u00f3 su actividad hasta 1949, cuando ante las mejores condiciones de la sala Apolo la familia Prendes opt\u00f3 por el cierre del Marina.<\/p>\n<p>Al inicio de esta legislatura se impuls\u00f3 un Plan de Renovaci\u00f3n de las Placas indicativas de las calles de Cand\u00e1s, el cu\u00e1l comenz\u00f3 a ejecutarse en el a\u00f1o 2016. Un Plan cuyo objetivo fue homogeneizar y personalizar todas las placas indicativas de la villa, sustituyendo progresivamente las existentes por unas artesanales con motivos propios de cada zona que le dan una identidad propia a la villa capital del concejo.<\/p>\n<p>\u201cCand\u00e1s tiene una historia de cine, gracias a su importante herencia y tambi\u00e9n a su supervivencia esta historia tambi\u00e9n quedar\u00e1 plasmada en el callajero. Y es que Cand\u00e1s tiene en la actualidad el \u00fanico cine de comarcas abierto en Asturias. Aqu\u00ed se llegaron a albergar hasta cinco salas de espect\u00e1culos y proyecciones desde la aparici\u00f3n del teatro Santar\u00faa, en 1903, hasta el teatro Prendes, que pervive en la actualidad\u201d explic\u00f3 On\u00e9simo Velasco, concejal de Obras.<\/p>\n<p>\u201cVarios eran los materiales, modelos y colores de las placas existentes en el callejero candas\u00edn. Adem\u00e1s nos dimos cuenta que en determinadas calles debido a las inclemencias y al paso del tiempo era necesaria su renovaci\u00f3n. Por lo que se puso marcha este Plan de Renovaci\u00f3n, con el objetivo de cambiar las placas por un modelo com\u00fan a toda la villa y propio, hecho con los mismos materiales, colores y tama\u00f1os\u201d prosigui\u00f3 el edil.<\/p>\n<p>\u201cContinuando la labor iniciada a partir de ma\u00f1ana mi\u00e9rcoles otras 8 calles y plazas de Cand\u00e1s ver\u00e1n sustituidas sus placas por las creadas de forma artesanal por la ceramista local Rita Prendes. En esta fase el servicio de obras acometer\u00e1 las citadas sustituciones en las calles Arquitecto Reguera, \u00c1ngel Rendueles, Ram\u00f3n y Cajal, Venancio \u00c1lvarez Buylla, R\u00faa, Gabiana, Carretera del Faro y Plaza de la Baraga\u00f1a\u201d a\u00f1adi\u00f3 el Concejal.<\/p>\n<p>\u201cTodas estas nuevas leyendas llevan un motivo relacionado con la propia calle o con la zona pr\u00f3xima a la misma dando con ello un aire personalizado. De esta forma en la plaza de la Baraga\u00f1a veremos al antiguo Teatro Marina o en la calle Ram\u00f3n y Cajal la Farola, pasando por el motivo de unas barcas para la calle \u00c1ngel Rendueles\u201d afirm\u00f3 Velasco.<\/p>\n<p>\u201cEstas nuevas 8 placas, sumadas a las renovadas en a\u00f1os anteriores suponen un total de cerca de 20 paneles cambiados. Nuestro prop\u00f3sito para a\u00f1os futuros en seguir avanzado en este sentido hasta completar la totalidad del callejero de Cand\u00e1s\u201d concluy\u00f3 el concejal de obras.<\/p>\n<p>Todas las placas est\u00e1n realizadas de manera artesanal, por la ceramista local, Rita Prendes y se elaboran una a una, por lo que no hay una igual, son piezas \u00fanicas. Est\u00e1n hechas en material refractario, cocido a 1.250 grados para asegurar su longevidad.<\/p>\n","protected":false},"excerpt":{"rendered":"<p>A partir de ma\u00f1ana, en el marco del plan de renovaci\u00f3n de placas viarias en Cand\u00e1s se realizar\u00e1 la colocaci\u00f3n de 8 nuevas placas, entre ellas, la relativa a la Plaza de la Baraga\u00f1a. La cu\u00e1l llevar\u00e1 en la placa con una recreaci\u00f3n cer\u00e1mica de la fachada del Teatro El Marina. Teatro que fue escenario<\/p>\n","protected":false},"author":1,"featured_media":109350,"comment_status":"closed","ping_status":"closed","sticky":false,"template":"","format":"standard","meta":{"footnotes":""},"categories":[2],"tags":[],"class_list":{"0":"post-109349","1":"post","2":"type-post","3":"status-publish","4":"format-standard","5":"has-post-thumbnail","7":"category-noticias-carreno"},"aioseo_notices":[],"aioseo_head":"\n\t\t<!-- All in One SEO Pro 4.9.6.2 - aioseo.com -->\n\t<meta name=\"description\" content=\"A partir de ma\u00f1ana, en el marco del plan de renovaci\u00f3n de placas viarias en Cand\u00e1s se realizar\u00e1 la colocaci\u00f3n de 8 nuevas placas, entre ellas, la relativa a la Plaza de la Baraga\u00f1a. La cu\u00e1l llevar\u00e1 en la placa con una recreaci\u00f3n cer\u00e1mica de la fachada del Teatro El Marina. Teatro que fue escenario\" \/>\n\t<meta name=\"robots\" content=\"max-image-preview:large\" \/>\n\t<meta name=\"author\" content=\"Cand\u00e1s 365\"\/>\n\t<meta name=\"google-site-verification\" content=\"UA-32230408-1\" \/>\n\t<meta name=\"msvalidate.01\" content=\"354F3CDFB2DA171B47FBE9ABF1F88D5\" \/>\n\t<meta name=\"keywords\" content=\"noticias carre\u00f1o\" \/>\n\t<link rel=\"canonical\" href=\"https:\/\/candas365.es\/noticias\/renovacion-de-placas-viarias-en-candas\/\" \/>\n\t<meta name=\"generator\" content=\"All in One SEO Pro (AIOSEO) 4.9.6.2\" \/>\n\t\t<meta property=\"og:locale\" content=\"es_ES\" \/>\n\t\t<meta property=\"og:site_name\" content=\"Cand\u00e1s 365\" \/>\n\t\t<meta property=\"og:type\" content=\"article\" \/>\n\t\t<meta property=\"og:title\" content=\"Renovaci\u00f3n de placas viarias en Cand\u00e1s | Cand\u00e1s 365\" \/>\n\t\t<meta property=\"og:description\" content=\"A partir de ma\u00f1ana, en el marco del plan de renovaci\u00f3n de placas viarias en Cand\u00e1s se realizar\u00e1 la colocaci\u00f3n de 8 nuevas placas, entre ellas, la relativa a la Plaza de la Baraga\u00f1a. La cu\u00e1l llevar\u00e1 en la placa con una recreaci\u00f3n cer\u00e1mica de la fachada del Teatro El Marina. Teatro que fue escenario\" \/>\n\t\t<meta property=\"og:url\" content=\"https:\/\/candas365.es\/noticias\/renovacion-de-placas-viarias-en-candas\/\" \/>\n\t\t<meta property=\"og:image\" content=\"https:\/\/candas365.es\/noticias\/wp-content\/uploads\/2018\/11\/IMG_2642.jpg\" \/>\n\t\t<meta property=\"og:image:secure_url\" content=\"https:\/\/candas365.es\/noticias\/wp-content\/uploads\/2018\/11\/IMG_2642.jpg\" \/>\n\t\t<meta property=\"og:image:width\" content=\"640\" \/>\n\t\t<meta property=\"og:image:height\" content=\"481\" \/>\n\t\t<meta property=\"article:published_time\" content=\"2018-11-06T16:54:14+00:00\" \/>\n\t\t<meta property=\"article:modified_time\" content=\"2018-11-06T16:54:14+00:00\" \/>\n\t\t<meta property=\"article:publisher\" content=\"https:\/\/www.facebook.com\/Nachofdezber\" \/>\n\t\t<meta property=\"article:author\" content=\"https:\/\/www.facebook.com\/carrenoactualidad\" \/>\n\t\t<meta name=\"twitter:card\" content=\"summary_large_image\" \/>\n\t\t<meta name=\"twitter:site\" content=\"@NabercoDigital\" \/>\n\t\t<meta name=\"twitter:title\" content=\"Renovaci\u00f3n de placas viarias en Cand\u00e1s | Cand\u00e1s 365\" \/>\n\t\t<meta name=\"twitter:description\" content=\"A partir de ma\u00f1ana, en el marco del plan de renovaci\u00f3n de placas viarias en Cand\u00e1s se realizar\u00e1 la colocaci\u00f3n de 8 nuevas placas, entre ellas, la relativa a la Plaza de la Baraga\u00f1a. La cu\u00e1l llevar\u00e1 en la placa con una recreaci\u00f3n cer\u00e1mica de la fachada del Teatro El Marina. Teatro que fue escenario\" \/>\n\t\t<meta name=\"twitter:creator\" content=\"@nbasturias\" \/>\n\t\t<meta name=\"twitter:image\" content=\"https:\/\/candas365.es\/noticias\/wp-content\/uploads\/2018\/11\/IMG_2642.jpg\" \/>\n\t\t<meta name=\"twitter:label1\" content=\"Escrito por\" \/>\n\t\t<meta name=\"twitter:data1\" content=\"Cand\u00e1s 365\" \/>\n\t\t<meta name=\"twitter:label2\" content=\"Tiempo de lectura estimado\" \/>\n\t\t<meta name=\"twitter:data2\" content=\"3 minutos\" \/>\n\t\t<script type=\"application\/ld+json\" class=\"aioseo-schema\">\n\t\t\t{\"@context\":\"https:\\\/\\\/schema.org\",\"@graph\":[{\"@type\":\"BreadcrumbList\",\"@id\":\"https:\\\/\\\/candas365.es\\\/noticias\\\/renovacion-de-placas-viarias-en-candas\\\/#breadcrumblist\",\"itemListElement\":[{\"@type\":\"ListItem\",\"@id\":\"https:\\\/\\\/candas365.es\\\/noticias#listItem\",\"position\":1,\"name\":\"Home\",\"item\":\"https:\\\/\\\/candas365.es\\\/noticias\",\"nextItem\":{\"@type\":\"ListItem\",\"@id\":\"https:\\\/\\\/candas365.es\\\/noticias\\\/category\\\/noticias-carreno\\\/#listItem\",\"name\":\"Noticias Carre\\u00f1o\"}},{\"@type\":\"ListItem\",\"@id\":\"https:\\\/\\\/candas365.es\\\/noticias\\\/category\\\/noticias-carreno\\\/#listItem\",\"position\":2,\"name\":\"Noticias Carre\\u00f1o\",\"item\":\"https:\\\/\\\/candas365.es\\\/noticias\\\/category\\\/noticias-carreno\\\/\",\"nextItem\":{\"@type\":\"ListItem\",\"@id\":\"https:\\\/\\\/candas365.es\\\/noticias\\\/renovacion-de-placas-viarias-en-candas\\\/#listItem\",\"name\":\"Renovaci\\u00f3n de placas viarias en Cand\\u00e1s\"},\"previousItem\":{\"@type\":\"ListItem\",\"@id\":\"https:\\\/\\\/candas365.es\\\/noticias#listItem\",\"name\":\"Home\"}},{\"@type\":\"ListItem\",\"@id\":\"https:\\\/\\\/candas365.es\\\/noticias\\\/renovacion-de-placas-viarias-en-candas\\\/#listItem\",\"position\":3,\"name\":\"Renovaci\\u00f3n de placas viarias en Cand\\u00e1s\",\"previousItem\":{\"@type\":\"ListItem\",\"@id\":\"https:\\\/\\\/candas365.es\\\/noticias\\\/category\\\/noticias-carreno\\\/#listItem\",\"name\":\"Noticias Carre\\u00f1o\"}}]},{\"@type\":\"NewsArticle\",\"@id\":\"https:\\\/\\\/candas365.es\\\/noticias\\\/renovacion-de-placas-viarias-en-candas\\\/#newsarticle\",\"name\":\"Renovaci\\u00f3n de placas viarias en Cand\\u00e1s | Cand\\u00e1s 365\",\"headline\":\"Renovaci\\u00f3n de placas viarias en Cand\\u00e1s\",\"author\":{\"@id\":\"https:\\\/\\\/candas365.es\\\/noticias\\\/author\\\/admin\\\/#author\"},\"publisher\":{\"@id\":\"https:\\\/\\\/candas365.es\\\/noticias\\\/#organization\"},\"image\":{\"@type\":\"ImageObject\",\"url\":\"https:\\\/\\\/candas365.es\\\/noticias\\\/wp-content\\\/uploads\\\/2018\\\/11\\\/IMG_2642.jpg\",\"width\":640,\"height\":481},\"datePublished\":\"2018-11-06T16:54:14+01:00\",\"dateModified\":\"2018-11-06T16:54:14+01:00\",\"inLanguage\":\"es-ES\",\"mainEntityOfPage\":{\"@id\":\"https:\\\/\\\/candas365.es\\\/noticias\\\/renovacion-de-placas-viarias-en-candas\\\/#webpage\"},\"isPartOf\":{\"@id\":\"https:\\\/\\\/candas365.es\\\/noticias\\\/renovacion-de-placas-viarias-en-candas\\\/#webpage\"},\"articleSection\":\"Noticias Carre\\u00f1o\",\"dateline\":\"Publicado el noviembre 6, 2018.\"},{\"@type\":\"Organization\",\"@id\":\"https:\\\/\\\/candas365.es\\\/noticias\\\/#organization\",\"name\":\"Cand\\u00e1s 365\",\"description\":\"Cand\\u00e1s 365 es un diario digital independiente, fundado en 2012, con base en Asturias. Informamos con rigor sobre actualidad, sociedad, cultura y ocio, con una mirada local y global.\",\"url\":\"https:\\\/\\\/candas365.es\\\/noticias\\\/\",\"email\":\"info@candas365.es\",\"telephone\":\"+34652131393\",\"foundingDate\":\"2012-06-10\",\"logo\":{\"@type\":\"ImageObject\",\"url\":\"https:\\\/\\\/candas365.es\\\/noticias\\\/wp-content\\\/uploads\\\/2024\\\/09\\\/Candas-365-Redes.jpg\",\"@id\":\"https:\\\/\\\/candas365.es\\\/noticias\\\/renovacion-de-placas-viarias-en-candas\\\/#organizationLogo\",\"width\":1152,\"height\":864,\"caption\":\"Cand\\u00e1s 365 Redes\"},\"image\":{\"@id\":\"https:\\\/\\\/candas365.es\\\/noticias\\\/renovacion-de-placas-viarias-en-candas\\\/#organizationLogo\"},\"sameAs\":[\"https:\\\/\\\/www.facebook.com\\\/Nachofdezber\",\"https:\\\/\\\/x.com\\\/NabercoDigital\",\"https:\\\/\\\/www.instagram.com\\\/nachofdezber\\\/\",\"https:\\\/\\\/www.youtube.com\\\/channel\\\/UCZP-2wLEB9Rv6erhFmqVnvg\"],\"address\":{\"@id\":\"https:\\\/\\\/candas365.es\\\/noticias\\\/#postaladdress\",\"@type\":\"PostalAddress\",\"streetAddress\":\"san antonio 4, san antonio 4\",\"postalCode\":\"33430\",\"addressLocality\":\"Cand\\u00e1s\",\"addressRegion\":\"Asturias\",\"addressCountry\":\"ES\"}},{\"@type\":\"Person\",\"@id\":\"https:\\\/\\\/candas365.es\\\/noticias\\\/author\\\/admin\\\/#author\",\"url\":\"https:\\\/\\\/candas365.es\\\/noticias\\\/author\\\/admin\\\/\",\"name\":\"Cand\\u00e1s 365\",\"image\":{\"@type\":\"ImageObject\",\"@id\":\"https:\\\/\\\/candas365.es\\\/noticias\\\/renovacion-de-placas-viarias-en-candas\\\/#authorImage\",\"url\":\"https:\\\/\\\/secure.gravatar.com\\\/avatar\\\/496a8e03d0c493ede1718b7934145dbdf8d89be1036b0eec9544e1094c9de390?s=96&d=mm&r=g\",\"width\":96,\"height\":96,\"caption\":\"Cand\\u00e1s 365\"},\"sameAs\":[\"https:\\\/\\\/www.facebook.com\\\/carrenoactualidad\",\"https:\\\/\\\/twitter.com\\\/nbasturias\",\"https:\\\/\\\/www.instagram.com\\\/nachofdezber\\\/\",\"https:\\\/\\\/www.youtube.com\\\/channel\\\/UCZP-2wLEB9Rv6erhFmqVnvg\"]},{\"@type\":\"WebPage\",\"@id\":\"https:\\\/\\\/candas365.es\\\/noticias\\\/renovacion-de-placas-viarias-en-candas\\\/#webpage\",\"url\":\"https:\\\/\\\/candas365.es\\\/noticias\\\/renovacion-de-placas-viarias-en-candas\\\/\",\"name\":\"Renovaci\\u00f3n de placas viarias en Cand\\u00e1s | Cand\\u00e1s 365\",\"description\":\"A partir de ma\\u00f1ana, en el marco del plan de renovaci\\u00f3n de placas viarias en Cand\\u00e1s se realizar\\u00e1 la colocaci\\u00f3n de 8 nuevas placas, entre ellas, la relativa a la Plaza de la Baraga\\u00f1a. La cu\\u00e1l llevar\\u00e1 en la placa con una recreaci\\u00f3n cer\\u00e1mica de la fachada del Teatro El Marina. Teatro que fue escenario\",\"inLanguage\":\"es-ES\",\"isPartOf\":{\"@id\":\"https:\\\/\\\/candas365.es\\\/noticias\\\/#website\"},\"breadcrumb\":{\"@id\":\"https:\\\/\\\/candas365.es\\\/noticias\\\/renovacion-de-placas-viarias-en-candas\\\/#breadcrumblist\"},\"author\":{\"@id\":\"https:\\\/\\\/candas365.es\\\/noticias\\\/author\\\/admin\\\/#author\"},\"creator\":{\"@id\":\"https:\\\/\\\/candas365.es\\\/noticias\\\/author\\\/admin\\\/#author\"},\"image\":{\"@type\":\"ImageObject\",\"url\":\"https:\\\/\\\/candas365.es\\\/noticias\\\/wp-content\\\/uploads\\\/2018\\\/11\\\/IMG_2642.jpg\",\"@id\":\"https:\\\/\\\/candas365.es\\\/noticias\\\/renovacion-de-placas-viarias-en-candas\\\/#mainImage\",\"width\":640,\"height\":481},\"primaryImageOfPage\":{\"@id\":\"https:\\\/\\\/candas365.es\\\/noticias\\\/renovacion-de-placas-viarias-en-candas\\\/#mainImage\"},\"datePublished\":\"2018-11-06T16:54:14+01:00\",\"dateModified\":\"2018-11-06T16:54:14+01:00\"},{\"@type\":\"WebSite\",\"@id\":\"https:\\\/\\\/candas365.es\\\/noticias\\\/#website\",\"url\":\"https:\\\/\\\/candas365.es\\\/noticias\\\/\",\"name\":\"Cand\\u00e1s 365\",\"alternateName\":\"Cand\\u00e1s 365 Noticias\",\"description\":\"Actualidad desde Carre\\u00f1o para el mundo\",\"inLanguage\":\"es-ES\",\"publisher\":{\"@id\":\"https:\\\/\\\/candas365.es\\\/noticias\\\/#organization\"}}]}\n\t\t<\/script>\n\t\t<!-- All in One SEO Pro -->\r\n\t\t<title>Renovaci\u00f3n de placas viarias en Cand\u00e1s | Cand\u00e1s 365<\/title>\n\n","aioseo_head_json":{"title":"Renovaci\u00f3n de placas viarias en Cand\u00e1s | Cand\u00e1s 365","description":"A partir de ma\u00f1ana, en el marco del plan de renovaci\u00f3n de placas viarias en Cand\u00e1s se realizar\u00e1 la colocaci\u00f3n de 8 nuevas placas, entre ellas, la relativa a la Plaza de la Baraga\u00f1a. La cu\u00e1l llevar\u00e1 en la placa con una recreaci\u00f3n cer\u00e1mica de la fachada del Teatro El Marina. Teatro que fue escenario","canonical_url":"https:\/\/candas365.es\/noticias\/renovacion-de-placas-viarias-en-candas\/","robots":"max-image-preview:large","keywords":"noticias carre\u00f1o","webmasterTools":{"google-site-verification":"UA-32230408-1","msvalidate.01":"354F3CDFB2DA171B47FBE9ABF1F88D5","miscellaneous":""},"schema":{"@context":"https:\/\/schema.org","@graph":[{"@type":"BreadcrumbList","@id":"https:\/\/candas365.es\/noticias\/renovacion-de-placas-viarias-en-candas\/#breadcrumblist","itemListElement":[{"@type":"ListItem","@id":"https:\/\/candas365.es\/noticias#listItem","position":1,"name":"Home","item":"https:\/\/candas365.es\/noticias","nextItem":{"@type":"ListItem","@id":"https:\/\/candas365.es\/noticias\/category\/noticias-carreno\/#listItem","name":"Noticias Carre\u00f1o"}},{"@type":"ListItem","@id":"https:\/\/candas365.es\/noticias\/category\/noticias-carreno\/#listItem","position":2,"name":"Noticias Carre\u00f1o","item":"https:\/\/candas365.es\/noticias\/category\/noticias-carreno\/","nextItem":{"@type":"ListItem","@id":"https:\/\/candas365.es\/noticias\/renovacion-de-placas-viarias-en-candas\/#listItem","name":"Renovaci\u00f3n de placas viarias en Cand\u00e1s"},"previousItem":{"@type":"ListItem","@id":"https:\/\/candas365.es\/noticias#listItem","name":"Home"}},{"@type":"ListItem","@id":"https:\/\/candas365.es\/noticias\/renovacion-de-placas-viarias-en-candas\/#listItem","position":3,"name":"Renovaci\u00f3n de placas viarias en Cand\u00e1s","previousItem":{"@type":"ListItem","@id":"https:\/\/candas365.es\/noticias\/category\/noticias-carreno\/#listItem","name":"Noticias Carre\u00f1o"}}]},{"@type":"NewsArticle","@id":"https:\/\/candas365.es\/noticias\/renovacion-de-placas-viarias-en-candas\/#newsarticle","name":"Renovaci\u00f3n de placas viarias en Cand\u00e1s | Cand\u00e1s 365","headline":"Renovaci\u00f3n de placas viarias en Cand\u00e1s","author":{"@id":"https:\/\/candas365.es\/noticias\/author\/admin\/#author"},"publisher":{"@id":"https:\/\/candas365.es\/noticias\/#organization"},"image":{"@type":"ImageObject","url":"https:\/\/candas365.es\/noticias\/wp-content\/uploads\/2018\/11\/IMG_2642.jpg","width":640,"height":481},"datePublished":"2018-11-06T16:54:14+01:00","dateModified":"2018-11-06T16:54:14+01:00","inLanguage":"es-ES","mainEntityOfPage":{"@id":"https:\/\/candas365.es\/noticias\/renovacion-de-placas-viarias-en-candas\/#webpage"},"isPartOf":{"@id":"https:\/\/candas365.es\/noticias\/renovacion-de-placas-viarias-en-candas\/#webpage"},"articleSection":"Noticias Carre\u00f1o","dateline":"Publicado el noviembre 6, 2018."},{"@type":"Organization","@id":"https:\/\/candas365.es\/noticias\/#organization","name":"Cand\u00e1s 365","description":"Cand\u00e1s 365 es un diario digital independiente, fundado en 2012, con base en Asturias. Informamos con rigor sobre actualidad, sociedad, cultura y ocio, con una mirada local y global.","url":"https:\/\/candas365.es\/noticias\/","email":"info@candas365.es","telephone":"+34652131393","foundingDate":"2012-06-10","logo":{"@type":"ImageObject","url":"https:\/\/candas365.es\/noticias\/wp-content\/uploads\/2024\/09\/Candas-365-Redes.jpg","@id":"https:\/\/candas365.es\/noticias\/renovacion-de-placas-viarias-en-candas\/#organizationLogo","width":1152,"height":864,"caption":"Cand\u00e1s 365 Redes"},"image":{"@id":"https:\/\/candas365.es\/noticias\/renovacion-de-placas-viarias-en-candas\/#organizationLogo"},"sameAs":["https:\/\/www.facebook.com\/Nachofdezber","https:\/\/x.com\/NabercoDigital","https:\/\/www.instagram.com\/nachofdezber\/","https:\/\/www.youtube.com\/channel\/UCZP-2wLEB9Rv6erhFmqVnvg"],"address":{"@id":"https:\/\/candas365.es\/noticias\/#postaladdress","@type":"PostalAddress","streetAddress":"san antonio 4, san antonio 4","postalCode":"33430","addressLocality":"Cand\u00e1s","addressRegion":"Asturias","addressCountry":"ES"}},{"@type":"Person","@id":"https:\/\/candas365.es\/noticias\/author\/admin\/#author","url":"https:\/\/candas365.es\/noticias\/author\/admin\/","name":"Cand\u00e1s 365","image":{"@type":"ImageObject","@id":"https:\/\/candas365.es\/noticias\/renovacion-de-placas-viarias-en-candas\/#authorImage","url":"https:\/\/secure.gravatar.com\/avatar\/496a8e03d0c493ede1718b7934145dbdf8d89be1036b0eec9544e1094c9de390?s=96&d=mm&r=g","width":96,"height":96,"caption":"Cand\u00e1s 365"},"sameAs":["https:\/\/www.facebook.com\/carrenoactualidad","https:\/\/twitter.com\/nbasturias","https:\/\/www.instagram.com\/nachofdezber\/","https:\/\/www.youtube.com\/channel\/UCZP-2wLEB9Rv6erhFmqVnvg"]},{"@type":"WebPage","@id":"https:\/\/candas365.es\/noticias\/renovacion-de-placas-viarias-en-candas\/#webpage","url":"https:\/\/candas365.es\/noticias\/renovacion-de-placas-viarias-en-candas\/","name":"Renovaci\u00f3n de placas viarias en Cand\u00e1s | Cand\u00e1s 365","description":"A partir de ma\u00f1ana, en el marco del plan de renovaci\u00f3n de placas viarias en Cand\u00e1s se realizar\u00e1 la colocaci\u00f3n de 8 nuevas placas, entre ellas, la relativa a la Plaza de la Baraga\u00f1a. La cu\u00e1l llevar\u00e1 en la placa con una recreaci\u00f3n cer\u00e1mica de la fachada del Teatro El Marina. Teatro que fue escenario","inLanguage":"es-ES","isPartOf":{"@id":"https:\/\/candas365.es\/noticias\/#website"},"breadcrumb":{"@id":"https:\/\/candas365.es\/noticias\/renovacion-de-placas-viarias-en-candas\/#breadcrumblist"},"author":{"@id":"https:\/\/candas365.es\/noticias\/author\/admin\/#author"},"creator":{"@id":"https:\/\/candas365.es\/noticias\/author\/admin\/#author"},"image":{"@type":"ImageObject","url":"https:\/\/candas365.es\/noticias\/wp-content\/uploads\/2018\/11\/IMG_2642.jpg","@id":"https:\/\/candas365.es\/noticias\/renovacion-de-placas-viarias-en-candas\/#mainImage","width":640,"height":481},"primaryImageOfPage":{"@id":"https:\/\/candas365.es\/noticias\/renovacion-de-placas-viarias-en-candas\/#mainImage"},"datePublished":"2018-11-06T16:54:14+01:00","dateModified":"2018-11-06T16:54:14+01:00"},{"@type":"WebSite","@id":"https:\/\/candas365.es\/noticias\/#website","url":"https:\/\/candas365.es\/noticias\/","name":"Cand\u00e1s 365","alternateName":"Cand\u00e1s 365 Noticias","description":"Actualidad desde Carre\u00f1o para el mundo","inLanguage":"es-ES","publisher":{"@id":"https:\/\/candas365.es\/noticias\/#organization"}}]},"og:locale":"es_ES","og:site_name":"Cand\u00e1s 365","og:type":"article","og:title":"Renovaci\u00f3n de placas viarias en Cand\u00e1s | Cand\u00e1s 365","og:description":"A partir de ma\u00f1ana, en el marco del plan de renovaci\u00f3n de placas viarias en Cand\u00e1s se realizar\u00e1 la colocaci\u00f3n de 8 nuevas placas, entre ellas, la relativa a la Plaza de la Baraga\u00f1a. La cu\u00e1l llevar\u00e1 en la placa con una recreaci\u00f3n cer\u00e1mica de la fachada del Teatro El Marina. Teatro que fue escenario","og:url":"https:\/\/candas365.es\/noticias\/renovacion-de-placas-viarias-en-candas\/","og:image":"https:\/\/candas365.es\/noticias\/wp-content\/uploads\/2018\/11\/IMG_2642.jpg","og:image:secure_url":"https:\/\/candas365.es\/noticias\/wp-content\/uploads\/2018\/11\/IMG_2642.jpg","og:image:width":640,"og:image:height":481,"article:published_time":"2018-11-06T16:54:14+00:00","article:modified_time":"2018-11-06T16:54:14+00:00","article:publisher":"https:\/\/www.facebook.com\/Nachofdezber","article:author":"https:\/\/www.facebook.com\/carrenoactualidad","twitter:card":"summary_large_image","twitter:site":"@NabercoDigital","twitter:title":"Renovaci\u00f3n de placas viarias en Cand\u00e1s | Cand\u00e1s 365","twitter:description":"A partir de ma\u00f1ana, en el marco del plan de renovaci\u00f3n de placas viarias en Cand\u00e1s se realizar\u00e1 la colocaci\u00f3n de 8 nuevas placas, entre ellas, la relativa a la Plaza de la Baraga\u00f1a. La cu\u00e1l llevar\u00e1 en la placa con una recreaci\u00f3n cer\u00e1mica de la fachada del Teatro El Marina. Teatro que fue escenario","twitter:creator":"@nbasturias","twitter:image":"https:\/\/candas365.es\/noticias\/wp-content\/uploads\/2018\/11\/IMG_2642.jpg","twitter:label1":"Escrito por","twitter:data1":"Cand\u00e1s 365","twitter:label2":"Tiempo de lectura estimado","twitter:data2":"3 minutos"},"aioseo_meta_data":{"post_id":"109349","title":null,"description":null,"keywords":null,"keyphrases":null,"primary_term":null,"canonical_url":null,"og_title":null,"og_description":null,"og_object_type":"default","og_image_type":"default","og_image_url":null,"og_image_width":null,"og_image_height":null,"og_image_custom_url":null,"og_image_custom_fields":null,"og_video":null,"og_custom_url":null,"og_article_section":null,"og_article_tags":null,"twitter_use_og":false,"twitter_card":"default","twitter_image_type":"default","twitter_image_url":null,"twitter_image_custom_url":null,"twitter_image_custom_fields":null,"twitter_title":null,"twitter_description":null,"schema":{"blockGraphs":[],"customGraphs":[],"default":{"data":{"Article":[],"Course":[],"Dataset":[],"FAQPage":[],"Movie":[],"Person":[],"Product":[],"ProductReview":[],"Car":[],"Recipe":[],"Service":[],"SoftwareApplication":[],"WebPage":[]},"graphName":"","isEnabled":true},"graphs":[],"defaultGraph":"","defaultPostTypeGraph":""},"schema_type":null,"schema_type_options":null,"pillar_content":false,"robots_default":true,"robots_noindex":false,"robots_noarchive":false,"robots_nosnippet":false,"robots_nofollow":false,"robots_noimageindex":false,"robots_noodp":false,"robots_notranslate":false,"robots_max_snippet":null,"robots_max_videopreview":null,"robots_max_imagepreview":"large","priority":null,"frequency":null,"location":null,"local_seo":null,"seo_analyzer_scan_date":"2025-08-28 09:28:13","breadcrumb_settings":null,"limit_modified_date":false,"reviewed_by":null,"open_ai":null,"ai":null,"created":"2020-12-21 11:39:20","updated":"2025-08-28 09:28:13"},"aioseo_breadcrumb":"<div class=\"aioseo-breadcrumbs\"><span class=\"aioseo-breadcrumb\">\n\t<a href=\"https:\/\/candas365.es\/noticias\" title=\"Home\">Home<\/a>\n<\/span><span class=\"aioseo-breadcrumb-separator\">&ndash;<\/span><span class=\"aioseo-breadcrumb\">\n\t<a href=\"https:\/\/candas365.es\/noticias\/category\/noticias-carreno\/\" title=\"Noticias Carre\u00f1o\">Noticias Carre\u00f1o<\/a>\n<\/span><span class=\"aioseo-breadcrumb-separator\">&ndash;<\/span><span class=\"aioseo-breadcrumb\">\n\tRenovaci\u00f3n de placas viarias en Cand\u00e1s\n<\/span><\/div>","aioseo_breadcrumb_json":[{"label":"Home","link":"https:\/\/candas365.es\/noticias"},{"label":"Noticias Carre\u00f1o","link":"https:\/\/candas365.es\/noticias\/category\/noticias-carreno\/"},{"label":"Renovaci\u00f3n de placas viarias en Cand\u00e1s","link":"https:\/\/candas365.es\/noticias\/renovacion-de-placas-viarias-en-candas\/"}],"_links":{"self":[{"href":"https:\/\/candas365.es\/noticias\/wp-json\/wp\/v2\/posts\/109349","targetHints":{"allow":["GET"]}}],"collection":[{"href":"https:\/\/candas365.es\/noticias\/wp-json\/wp\/v2\/posts"}],"about":[{"href":"https:\/\/candas365.es\/noticias\/wp-json\/wp\/v2\/types\/post"}],"author":[{"embeddable":true,"href":"https:\/\/candas365.es\/noticias\/wp-json\/wp\/v2\/users\/1"}],"replies":[{"embeddable":true,"href":"https:\/\/candas365.es\/noticias\/wp-json\/wp\/v2\/comments?post=109349"}],"version-history":[{"count":0,"href":"https:\/\/candas365.es\/noticias\/wp-json\/wp\/v2\/posts\/109349\/revisions"}],"wp:featuredmedia":[{"embeddable":true,"href":"https:\/\/candas365.es\/noticias\/wp-json\/wp\/v2\/media\/109350"}],"wp:attachment":[{"href":"https:\/\/candas365.es\/noticias\/wp-json\/wp\/v2\/media?parent=109349"}],"wp:term":[{"taxonomy":"category","embeddable":true,"href":"https:\/\/candas365.es\/noticias\/wp-json\/wp\/v2\/categories?post=109349"},{"taxonomy":"post_tag","embeddable":true,"href":"https:\/\/candas365.es\/noticias\/wp-json\/wp\/v2\/tags?post=109349"}],"curies":[{"name":"wp","href":"https:\/\/api.w.org\/{rel}","templated":true}]}}