{"id":109343,"date":"2018-11-06T16:05:22","date_gmt":"2018-11-06T16:05:22","guid":{"rendered":"http:\/\/candas365.es\/noticias\/?p=109343"},"modified":"2018-11-06T16:05:22","modified_gmt":"2018-11-06T16:05:22","slug":"concierto-de-suena-la-cupula-y-cine-en-el-niemeyer","status":"publish","type":"post","link":"https:\/\/candas365.es\/noticias\/concierto-de-suena-la-cupula-y-cine-en-el-niemeyer\/","title":{"rendered":"Concierto de \u00abSuena la C\u00fapula\u00bb y cine en el Niemeyer"},"content":{"rendered":"<p><img fetchpriority=\"high\" decoding=\"async\" class=\"alignleft size-medium wp-image-109344\" src=\"https:\/\/candas365.es\/noticias\/wp-content\/uploads\/2018\/11\/Cartel_la_strada_baja-210x300.jpg\" alt=\"\" width=\"210\" height=\"300\" srcset=\"https:\/\/candas365.es\/noticias\/wp-content\/uploads\/2018\/11\/Cartel_la_strada_baja-210x300.jpg 210w, https:\/\/candas365.es\/noticias\/wp-content\/uploads\/2018\/11\/Cartel_la_strada_baja-768x1095.jpg 768w, https:\/\/candas365.es\/noticias\/wp-content\/uploads\/2018\/11\/Cartel_la_strada_baja-337x480.jpg 337w, https:\/\/candas365.es\/noticias\/wp-content\/uploads\/2018\/11\/Cartel_la_strada_baja-696x992.jpg 696w, https:\/\/candas365.es\/noticias\/wp-content\/uploads\/2018\/11\/Cartel_la_strada_baja-295x420.jpg 295w, https:\/\/candas365.es\/noticias\/wp-content\/uploads\/2018\/11\/Cartel_la_strada_baja.jpg 898w\" sizes=\"(max-width: 210px) 100vw, 210px\" \/>El Centro Niemeyer acoge un nuevo estreno absoluto este s\u00e1bado 10 de noviembre a las 20:30 con la adaptaci\u00f3n teatral de la obra cinematogr\u00e1fica de Federico Fellini \u201cLa Strada\u201d.<\/p>\n<p>La poes\u00eda y la miseria se unen en \u201cLa Strada\u201d para reflejar la Italia de la Postguerra. Todo comienza cuando una muchacha ingenua y tranquila es vendida por su madre a un forzudo de circo, bravuc\u00f3n y violento, para que le ayude en su espect\u00e1culo ambulante. En el camino surge entre ellos un atisbo de amor que no consigue aflorar a causa del orgullo de \u00e9l y la timidez de ella. Ambos comparten una profunda soledad y una vida de marginaci\u00f3n, desarraigo y miseria. Hasta que se encuentran con El Loco, otro artista de circo que provocar\u00e1 los celos de Zampan\u00f3 y, con ello, un tr\u00e1gico desenlace.<\/p>\n<p>Estos tres personajes, interpretados por Alfonso Lara, Ver\u00f3nica Echegyi y Alberto Iglesias, se encuentran atrapados en una vida a la que est\u00e1n condenados, por su propio car\u00e1cter, a un destino tr\u00e1gico que resulta inevitable. A trav\u00e9s de este tr\u00edo y casi sin artificio, la obra consigue hablar de todos nosotros, de nuestra dificultad para cambiar, para luchar contra las ideas preestablecidas que moldean nuestro pensamiento de forma invisible, de nuestra ceguera para romper las cadenas que nos impiden salir de la caverna y conocer con el objetivo \u00faltimo de ser m\u00e1s libres.<\/p>\n<p>Entra\u00f1able y conmovedora, asistir a la representaci\u00f3n de \u201cLa Strada\u201d es como mirar un lago cristalino. Vemos el fondo, pero solo tenemos que cambiar el foco para vernos reflejados nosotros mismos. La obra es una f\u00e1bula de rabiosa modernidad. Una tragedia\u00a0donde lo dram\u00e1tico y lo simb\u00f3lico conforman un relato po\u00e9tico sobre la fragilidad con la que se construye el sentido de la vida.<\/p>\n<p>Federico Fellini model\u00f3 el panorama del cine europeo durante gran parte del siglo XX. Su paso del neorrealismo a un estilo barroco, on\u00edrico y personal\u00edsimo acredita su filmograf\u00eda como una de las m\u00e1s arrolladoras y exigentes de todos los tiempos. Su estilo fue evolucionando a cada nueva pel\u00edcula, pero hay constantes que estuvieron ah\u00ed desde su periodo de aprendizaje bajo las alas de Roberto Rossellini: compromiso pol\u00edtico, depresi\u00f3n, psicoan\u00e1lisis, sue\u00f1os, cultura popular, sexo, s\u00e1tira circense (dirigida, sobre todo, contra la alta sociedad), surrealismo, autorreferencialidad, catolicismo, nostalgia y una cierta visi\u00f3n de Italia (y Roma en particular) como abstracci\u00f3n extravagante.<\/p>\n<p>\u201cLa Strada\u201d de Fellini se puede enmarcar en el neorrealismo italiano, etapa donde se rodaba mayormente en exteriores y mostraba la situaci\u00f3n de la Italia de Posguerra y, al mismo tiempo, es posible hacer una comparaci\u00f3n entre los personajes de esta pel\u00edcula y la situaci\u00f3n de Italia en este per\u00edodo hist\u00f3rico, un pa\u00eds maltratado y derrumbado, intentando salir a flote, buscando la sonrisa (Gelsomina) dentro de la m\u00e1s absoluta tristeza (Zampan\u00f3).<\/p>\n<p>Mario Gas ha dirigido m\u00e1s de 50 obras de teatro y ha ejercido de director esc\u00e9nico de producciones oper\u00edsticas como \u2018La Traviata\u2019 o \u2018Un ballo in maschera\u2019 de Giuseppe Verdi; \u2018Madama Butterfly\u2019 de Giacomo Puccini y \u2018L\u2019elisir d\u2019amore\u2019 de Gaetano Donizetti. En su faceta como actor de cine, destacan m\u00e1s de 30 pel\u00edculas, con algunos directores como Jaime Camino, Vicente Aranda, Bigas Luna, Luis Garc\u00eda Berlanga, Feliz Rotaeta, Ventura Pons o Josep Maria Forn. Tambi\u00e9n destaca a lo largo de su carrera su tarea como doblador, siendo la voz de actores como Ben Kingsley, John Malkovich o Geoffrey Rush. En 1996, fue galardonado con el Premio Nacional de Teatro de Catalu\u00f1a. Desde 2004 hasta 2012, fue director del Teatro Espa\u00f1ol de Madrid.<\/p>\n<p>Tras su estreno en el Centro Niemeyer \u201cLa Strada\u201d se podr\u00e1 ver en Madrid, en el Teatro de la Abad\u00eda, del 22 de noviembre al 30 de diciembre.<\/p>\n<p>Las entradas para esta representaci\u00f3n est\u00e1n a la venta por 25 \u20ac. Las localidades se pueden adquirir en Centro Niemeyer (Avil\u00e9s), Laboral Ciudad de la Cultura (Gij\u00f3n) y CITPA (Oviedo), en el tel\u00e9fono 902 106 601 y en Liberbank \u2013 entradas (www.liberbank.es).<\/p>\n<p><strong>Concierto de Suena la C\u00fapula y cine<\/strong><\/p>\n<p>Adem\u00e1s del estreno absoluto de \u201cLa Strada\u201d la programaci\u00f3n del Centro Niemeyer de esta semana se extiende a otras disciplinas art\u00edsticas como la m\u00fasica, con el concierto del ciclo Suena la C\u00fapula de Emilio Moreno y Aar\u00f3n Zapico, o el cine, con la proyecci\u00f3n de la pel\u00edcula francesa \u201cMore\u201d.<\/p>\n<p>Cine \u2013 \u201cMore\u201d. Jueves 8 de noviembre a las 20:00. Con guion y direcci\u00f3n de Barbet Schroeder y m\u00fasica de Pink Floyed, esta pel\u00edcula francesa de 1969 presenta a Stefan, un estudiante alem\u00e1n que llega en auto-stop a Par\u00eds. All\u00ed conoce a Estelle, una chica norteamericana de la que acaba enamor\u00e1ndose. Un buen d\u00eda, Estelle deja Par\u00eds y Stefan la sigue hasta la isla de Ibiza, donde descubre que est\u00e1 relacionada con un individuo que parece dirigir su vida. Ambos se ver\u00e1n pronto inmersos en el mundo de la droga.<\/p>\n<p>Suena la C\u00fapula \u2013 Emilio Moreno y Aar\u00f3n Zapico. Domingo 11 de noviembre a las 13:00. Los m\u00fasicos Moreno y Zapico ofrecen un programa con una selecci\u00f3n de las obras m\u00e1s representativas para viol\u00edn y clave de obras de Luigi Boccherini en las que el equilibrio entre ambos instrumentos es visionario y logran recordar al mejor Mozart sonatista. Algunas son de mano del propio Boccherini, otras de m\u00fasicos contempor\u00e1neos suyos y tambi\u00e9n alguna hecha por ambos m\u00fasicos dentro del esp\u00edritu del autor y su \u00e9poca. Las piezas elegidas para este concierto, adem\u00e1s, contribuyen a resaltar aquel car\u00e1cter tan castizo de ese maravilloso violonchelista y compositor toscano que lleg\u00f3 a Madrid en plena juventud para no salir nunca m\u00e1s de Espa\u00f1a, convirti\u00e9ndose en el m\u00e1s popular de los autores hispanos de la segunda mitad del XVIII, y en uno de los compositores \u201cespa\u00f1oles\u201d m\u00e1s importantes de todos los tiempos: Don Luis Boquerini.<\/p>\n","protected":false},"excerpt":{"rendered":"<p>El Centro Niemeyer acoge un nuevo estreno absoluto este s\u00e1bado 10 de noviembre a las 20:30 con la adaptaci\u00f3n teatral de la obra cinematogr\u00e1fica de Federico Fellini \u201cLa Strada\u201d. La poes\u00eda y la miseria se unen en \u201cLa Strada\u201d para reflejar la Italia de la Postguerra. Todo comienza cuando una muchacha ingenua y tranquila es<\/p>\n","protected":false},"author":1,"featured_media":109344,"comment_status":"closed","ping_status":"closed","sticky":false,"template":"","format":"standard","meta":{"footnotes":""},"categories":[1],"tags":[],"class_list":{"0":"post-109343","1":"post","2":"type-post","3":"status-publish","4":"format-standard","5":"has-post-thumbnail","7":"category-agenda"},"aioseo_notices":[],"aioseo_head":"\n\t\t<!-- All in One SEO Pro 4.9.6.2 - aioseo.com -->\n\t<meta name=\"description\" content=\"El Centro Niemeyer acoge un nuevo estreno absoluto este s\u00e1bado 10 de noviembre a las 20:30 con la adaptaci\u00f3n teatral de la obra cinematogr\u00e1fica de Federico Fellini \u201cLa Strada\u201d. La poes\u00eda y la miseria se unen en \u201cLa Strada\u201d para reflejar la Italia de la Postguerra. Todo comienza cuando una muchacha ingenua y tranquila es\" \/>\n\t<meta name=\"robots\" content=\"max-image-preview:large\" \/>\n\t<meta name=\"author\" content=\"Cand\u00e1s 365\"\/>\n\t<meta name=\"google-site-verification\" content=\"UA-32230408-1\" \/>\n\t<meta name=\"msvalidate.01\" content=\"354F3CDFB2DA171B47FBE9ABF1F88D5\" \/>\n\t<meta name=\"keywords\" content=\"agenda\" \/>\n\t<link rel=\"canonical\" href=\"https:\/\/candas365.es\/noticias\/concierto-de-suena-la-cupula-y-cine-en-el-niemeyer\/\" \/>\n\t<meta name=\"generator\" content=\"All in One SEO Pro (AIOSEO) 4.9.6.2\" \/>\n\t\t<meta property=\"og:locale\" content=\"es_ES\" \/>\n\t\t<meta property=\"og:site_name\" content=\"Cand\u00e1s 365\" \/>\n\t\t<meta property=\"og:type\" content=\"article\" \/>\n\t\t<meta property=\"og:title\" content=\"Concierto de \u00abSuena la C\u00fapula\u00bb y cine en el Niemeyer | Cand\u00e1s 365\" \/>\n\t\t<meta property=\"og:description\" content=\"El Centro Niemeyer acoge un nuevo estreno absoluto este s\u00e1bado 10 de noviembre a las 20:30 con la adaptaci\u00f3n teatral de la obra cinematogr\u00e1fica de Federico Fellini \u201cLa Strada\u201d. La poes\u00eda y la miseria se unen en \u201cLa Strada\u201d para reflejar la Italia de la Postguerra. Todo comienza cuando una muchacha ingenua y tranquila es\" \/>\n\t\t<meta property=\"og:url\" content=\"https:\/\/candas365.es\/noticias\/concierto-de-suena-la-cupula-y-cine-en-el-niemeyer\/\" \/>\n\t\t<meta property=\"og:image\" content=\"https:\/\/candas365.es\/noticias\/wp-content\/uploads\/2018\/11\/Cartel_la_strada_baja.jpg\" \/>\n\t\t<meta property=\"og:image:secure_url\" content=\"https:\/\/candas365.es\/noticias\/wp-content\/uploads\/2018\/11\/Cartel_la_strada_baja.jpg\" \/>\n\t\t<meta property=\"og:image:width\" content=\"898\" \/>\n\t\t<meta property=\"og:image:height\" content=\"1280\" \/>\n\t\t<meta property=\"article:published_time\" content=\"2018-11-06T16:05:22+00:00\" \/>\n\t\t<meta property=\"article:modified_time\" content=\"2018-11-06T16:05:22+00:00\" \/>\n\t\t<meta property=\"article:publisher\" content=\"https:\/\/www.facebook.com\/Nachofdezber\" \/>\n\t\t<meta property=\"article:author\" content=\"https:\/\/www.facebook.com\/carrenoactualidad\" \/>\n\t\t<meta name=\"twitter:card\" content=\"summary_large_image\" \/>\n\t\t<meta name=\"twitter:site\" content=\"@NabercoDigital\" \/>\n\t\t<meta name=\"twitter:title\" content=\"Concierto de \u00abSuena la C\u00fapula\u00bb y cine en el Niemeyer | Cand\u00e1s 365\" \/>\n\t\t<meta name=\"twitter:description\" content=\"El Centro Niemeyer acoge un nuevo estreno absoluto este s\u00e1bado 10 de noviembre a las 20:30 con la adaptaci\u00f3n teatral de la obra cinematogr\u00e1fica de Federico Fellini \u201cLa Strada\u201d. La poes\u00eda y la miseria se unen en \u201cLa Strada\u201d para reflejar la Italia de la Postguerra. Todo comienza cuando una muchacha ingenua y tranquila es\" \/>\n\t\t<meta name=\"twitter:creator\" content=\"@nbasturias\" \/>\n\t\t<meta name=\"twitter:image\" content=\"https:\/\/candas365.es\/noticias\/wp-content\/uploads\/2018\/11\/Cartel_la_strada_baja.jpg\" \/>\n\t\t<meta name=\"twitter:label1\" content=\"Escrito por\" \/>\n\t\t<meta name=\"twitter:data1\" content=\"Cand\u00e1s 365\" \/>\n\t\t<meta name=\"twitter:label2\" content=\"Tiempo de lectura estimado\" \/>\n\t\t<meta name=\"twitter:data2\" content=\"5 minutos\" \/>\n\t\t<script type=\"application\/ld+json\" class=\"aioseo-schema\">\n\t\t\t{\"@context\":\"https:\\\/\\\/schema.org\",\"@graph\":[{\"@type\":\"BreadcrumbList\",\"@id\":\"https:\\\/\\\/candas365.es\\\/noticias\\\/concierto-de-suena-la-cupula-y-cine-en-el-niemeyer\\\/#breadcrumblist\",\"itemListElement\":[{\"@type\":\"ListItem\",\"@id\":\"https:\\\/\\\/candas365.es\\\/noticias#listItem\",\"position\":1,\"name\":\"Home\",\"item\":\"https:\\\/\\\/candas365.es\\\/noticias\",\"nextItem\":{\"@type\":\"ListItem\",\"@id\":\"https:\\\/\\\/candas365.es\\\/noticias\\\/category\\\/agenda\\\/#listItem\",\"name\":\"Agenda\"}},{\"@type\":\"ListItem\",\"@id\":\"https:\\\/\\\/candas365.es\\\/noticias\\\/category\\\/agenda\\\/#listItem\",\"position\":2,\"name\":\"Agenda\",\"item\":\"https:\\\/\\\/candas365.es\\\/noticias\\\/category\\\/agenda\\\/\",\"nextItem\":{\"@type\":\"ListItem\",\"@id\":\"https:\\\/\\\/candas365.es\\\/noticias\\\/concierto-de-suena-la-cupula-y-cine-en-el-niemeyer\\\/#listItem\",\"name\":\"Concierto de \\u00abSuena la C\\u00fapula\\u00bb y cine en el Niemeyer\"},\"previousItem\":{\"@type\":\"ListItem\",\"@id\":\"https:\\\/\\\/candas365.es\\\/noticias#listItem\",\"name\":\"Home\"}},{\"@type\":\"ListItem\",\"@id\":\"https:\\\/\\\/candas365.es\\\/noticias\\\/concierto-de-suena-la-cupula-y-cine-en-el-niemeyer\\\/#listItem\",\"position\":3,\"name\":\"Concierto de \\u00abSuena la C\\u00fapula\\u00bb y cine en el Niemeyer\",\"previousItem\":{\"@type\":\"ListItem\",\"@id\":\"https:\\\/\\\/candas365.es\\\/noticias\\\/category\\\/agenda\\\/#listItem\",\"name\":\"Agenda\"}}]},{\"@type\":\"NewsArticle\",\"@id\":\"https:\\\/\\\/candas365.es\\\/noticias\\\/concierto-de-suena-la-cupula-y-cine-en-el-niemeyer\\\/#newsarticle\",\"name\":\"Concierto de \\u00abSuena la C\\u00fapula\\u00bb y cine en el Niemeyer | Cand\\u00e1s 365\",\"headline\":\"Concierto de \\u00abSuena la C\\u00fapula\\u00bb y cine en el Niemeyer\",\"author\":{\"@id\":\"https:\\\/\\\/candas365.es\\\/noticias\\\/author\\\/admin\\\/#author\"},\"publisher\":{\"@id\":\"https:\\\/\\\/candas365.es\\\/noticias\\\/#organization\"},\"image\":{\"@type\":\"ImageObject\",\"url\":\"https:\\\/\\\/candas365.es\\\/noticias\\\/wp-content\\\/uploads\\\/2018\\\/11\\\/Cartel_la_strada_baja.jpg\",\"width\":898,\"height\":1280},\"datePublished\":\"2018-11-06T16:05:22+01:00\",\"dateModified\":\"2018-11-06T16:05:22+01:00\",\"inLanguage\":\"es-ES\",\"mainEntityOfPage\":{\"@id\":\"https:\\\/\\\/candas365.es\\\/noticias\\\/concierto-de-suena-la-cupula-y-cine-en-el-niemeyer\\\/#webpage\"},\"isPartOf\":{\"@id\":\"https:\\\/\\\/candas365.es\\\/noticias\\\/concierto-de-suena-la-cupula-y-cine-en-el-niemeyer\\\/#webpage\"},\"articleSection\":\"Agenda\",\"dateline\":\"Publicado el noviembre 6, 2018.\"},{\"@type\":\"Organization\",\"@id\":\"https:\\\/\\\/candas365.es\\\/noticias\\\/#organization\",\"name\":\"Cand\\u00e1s 365\",\"description\":\"Cand\\u00e1s 365 es un diario digital independiente, fundado en 2012, con base en Asturias. Informamos con rigor sobre actualidad, sociedad, cultura y ocio, con una mirada local y global.\",\"url\":\"https:\\\/\\\/candas365.es\\\/noticias\\\/\",\"email\":\"info@candas365.es\",\"telephone\":\"+34652131393\",\"foundingDate\":\"2012-06-10\",\"logo\":{\"@type\":\"ImageObject\",\"url\":\"https:\\\/\\\/candas365.es\\\/noticias\\\/wp-content\\\/uploads\\\/2024\\\/09\\\/Candas-365-Redes.jpg\",\"@id\":\"https:\\\/\\\/candas365.es\\\/noticias\\\/concierto-de-suena-la-cupula-y-cine-en-el-niemeyer\\\/#organizationLogo\",\"width\":1152,\"height\":864,\"caption\":\"Cand\\u00e1s 365 Redes\"},\"image\":{\"@id\":\"https:\\\/\\\/candas365.es\\\/noticias\\\/concierto-de-suena-la-cupula-y-cine-en-el-niemeyer\\\/#organizationLogo\"},\"sameAs\":[\"https:\\\/\\\/www.facebook.com\\\/Nachofdezber\",\"https:\\\/\\\/x.com\\\/NabercoDigital\",\"https:\\\/\\\/www.instagram.com\\\/nachofdezber\\\/\",\"https:\\\/\\\/www.youtube.com\\\/channel\\\/UCZP-2wLEB9Rv6erhFmqVnvg\"],\"address\":{\"@id\":\"https:\\\/\\\/candas365.es\\\/noticias\\\/#postaladdress\",\"@type\":\"PostalAddress\",\"streetAddress\":\"san antonio 4, san antonio 4\",\"postalCode\":\"33430\",\"addressLocality\":\"Cand\\u00e1s\",\"addressRegion\":\"Asturias\",\"addressCountry\":\"ES\"}},{\"@type\":\"Person\",\"@id\":\"https:\\\/\\\/candas365.es\\\/noticias\\\/author\\\/admin\\\/#author\",\"url\":\"https:\\\/\\\/candas365.es\\\/noticias\\\/author\\\/admin\\\/\",\"name\":\"Cand\\u00e1s 365\",\"image\":{\"@type\":\"ImageObject\",\"@id\":\"https:\\\/\\\/candas365.es\\\/noticias\\\/concierto-de-suena-la-cupula-y-cine-en-el-niemeyer\\\/#authorImage\",\"url\":\"https:\\\/\\\/secure.gravatar.com\\\/avatar\\\/496a8e03d0c493ede1718b7934145dbdf8d89be1036b0eec9544e1094c9de390?s=96&d=mm&r=g\",\"width\":96,\"height\":96,\"caption\":\"Cand\\u00e1s 365\"},\"sameAs\":[\"https:\\\/\\\/www.facebook.com\\\/carrenoactualidad\",\"https:\\\/\\\/twitter.com\\\/nbasturias\",\"https:\\\/\\\/www.instagram.com\\\/nachofdezber\\\/\",\"https:\\\/\\\/www.youtube.com\\\/channel\\\/UCZP-2wLEB9Rv6erhFmqVnvg\"]},{\"@type\":\"WebPage\",\"@id\":\"https:\\\/\\\/candas365.es\\\/noticias\\\/concierto-de-suena-la-cupula-y-cine-en-el-niemeyer\\\/#webpage\",\"url\":\"https:\\\/\\\/candas365.es\\\/noticias\\\/concierto-de-suena-la-cupula-y-cine-en-el-niemeyer\\\/\",\"name\":\"Concierto de \\u00abSuena la C\\u00fapula\\u00bb y cine en el Niemeyer | Cand\\u00e1s 365\",\"description\":\"El Centro Niemeyer acoge un nuevo estreno absoluto este s\\u00e1bado 10 de noviembre a las 20:30 con la adaptaci\\u00f3n teatral de la obra cinematogr\\u00e1fica de Federico Fellini \\u201cLa Strada\\u201d. La poes\\u00eda y la miseria se unen en \\u201cLa Strada\\u201d para reflejar la Italia de la Postguerra. Todo comienza cuando una muchacha ingenua y tranquila es\",\"inLanguage\":\"es-ES\",\"isPartOf\":{\"@id\":\"https:\\\/\\\/candas365.es\\\/noticias\\\/#website\"},\"breadcrumb\":{\"@id\":\"https:\\\/\\\/candas365.es\\\/noticias\\\/concierto-de-suena-la-cupula-y-cine-en-el-niemeyer\\\/#breadcrumblist\"},\"author\":{\"@id\":\"https:\\\/\\\/candas365.es\\\/noticias\\\/author\\\/admin\\\/#author\"},\"creator\":{\"@id\":\"https:\\\/\\\/candas365.es\\\/noticias\\\/author\\\/admin\\\/#author\"},\"image\":{\"@type\":\"ImageObject\",\"url\":\"https:\\\/\\\/candas365.es\\\/noticias\\\/wp-content\\\/uploads\\\/2018\\\/11\\\/Cartel_la_strada_baja.jpg\",\"@id\":\"https:\\\/\\\/candas365.es\\\/noticias\\\/concierto-de-suena-la-cupula-y-cine-en-el-niemeyer\\\/#mainImage\",\"width\":898,\"height\":1280},\"primaryImageOfPage\":{\"@id\":\"https:\\\/\\\/candas365.es\\\/noticias\\\/concierto-de-suena-la-cupula-y-cine-en-el-niemeyer\\\/#mainImage\"},\"datePublished\":\"2018-11-06T16:05:22+01:00\",\"dateModified\":\"2018-11-06T16:05:22+01:00\"},{\"@type\":\"WebSite\",\"@id\":\"https:\\\/\\\/candas365.es\\\/noticias\\\/#website\",\"url\":\"https:\\\/\\\/candas365.es\\\/noticias\\\/\",\"name\":\"Cand\\u00e1s 365\",\"alternateName\":\"Cand\\u00e1s 365 Noticias\",\"description\":\"Actualidad desde Carre\\u00f1o para el mundo\",\"inLanguage\":\"es-ES\",\"publisher\":{\"@id\":\"https:\\\/\\\/candas365.es\\\/noticias\\\/#organization\"}}]}\n\t\t<\/script>\n\t\t<!-- All in One SEO Pro -->\r\n\t\t<title>Concierto de \u00abSuena la C\u00fapula\u00bb y cine en el Niemeyer | Cand\u00e1s 365<\/title>\n\n","aioseo_head_json":{"title":"Concierto de \u00abSuena la C\u00fapula\u00bb y cine en el Niemeyer | Cand\u00e1s 365","description":"El Centro Niemeyer acoge un nuevo estreno absoluto este s\u00e1bado 10 de noviembre a las 20:30 con la adaptaci\u00f3n teatral de la obra cinematogr\u00e1fica de Federico Fellini \u201cLa Strada\u201d. La poes\u00eda y la miseria se unen en \u201cLa Strada\u201d para reflejar la Italia de la Postguerra. Todo comienza cuando una muchacha ingenua y tranquila es","canonical_url":"https:\/\/candas365.es\/noticias\/concierto-de-suena-la-cupula-y-cine-en-el-niemeyer\/","robots":"max-image-preview:large","keywords":"agenda","webmasterTools":{"google-site-verification":"UA-32230408-1","msvalidate.01":"354F3CDFB2DA171B47FBE9ABF1F88D5","miscellaneous":""},"schema":{"@context":"https:\/\/schema.org","@graph":[{"@type":"BreadcrumbList","@id":"https:\/\/candas365.es\/noticias\/concierto-de-suena-la-cupula-y-cine-en-el-niemeyer\/#breadcrumblist","itemListElement":[{"@type":"ListItem","@id":"https:\/\/candas365.es\/noticias#listItem","position":1,"name":"Home","item":"https:\/\/candas365.es\/noticias","nextItem":{"@type":"ListItem","@id":"https:\/\/candas365.es\/noticias\/category\/agenda\/#listItem","name":"Agenda"}},{"@type":"ListItem","@id":"https:\/\/candas365.es\/noticias\/category\/agenda\/#listItem","position":2,"name":"Agenda","item":"https:\/\/candas365.es\/noticias\/category\/agenda\/","nextItem":{"@type":"ListItem","@id":"https:\/\/candas365.es\/noticias\/concierto-de-suena-la-cupula-y-cine-en-el-niemeyer\/#listItem","name":"Concierto de \u00abSuena la C\u00fapula\u00bb y cine en el Niemeyer"},"previousItem":{"@type":"ListItem","@id":"https:\/\/candas365.es\/noticias#listItem","name":"Home"}},{"@type":"ListItem","@id":"https:\/\/candas365.es\/noticias\/concierto-de-suena-la-cupula-y-cine-en-el-niemeyer\/#listItem","position":3,"name":"Concierto de \u00abSuena la C\u00fapula\u00bb y cine en el Niemeyer","previousItem":{"@type":"ListItem","@id":"https:\/\/candas365.es\/noticias\/category\/agenda\/#listItem","name":"Agenda"}}]},{"@type":"NewsArticle","@id":"https:\/\/candas365.es\/noticias\/concierto-de-suena-la-cupula-y-cine-en-el-niemeyer\/#newsarticle","name":"Concierto de \u00abSuena la C\u00fapula\u00bb y cine en el Niemeyer | Cand\u00e1s 365","headline":"Concierto de \u00abSuena la C\u00fapula\u00bb y cine en el Niemeyer","author":{"@id":"https:\/\/candas365.es\/noticias\/author\/admin\/#author"},"publisher":{"@id":"https:\/\/candas365.es\/noticias\/#organization"},"image":{"@type":"ImageObject","url":"https:\/\/candas365.es\/noticias\/wp-content\/uploads\/2018\/11\/Cartel_la_strada_baja.jpg","width":898,"height":1280},"datePublished":"2018-11-06T16:05:22+01:00","dateModified":"2018-11-06T16:05:22+01:00","inLanguage":"es-ES","mainEntityOfPage":{"@id":"https:\/\/candas365.es\/noticias\/concierto-de-suena-la-cupula-y-cine-en-el-niemeyer\/#webpage"},"isPartOf":{"@id":"https:\/\/candas365.es\/noticias\/concierto-de-suena-la-cupula-y-cine-en-el-niemeyer\/#webpage"},"articleSection":"Agenda","dateline":"Publicado el noviembre 6, 2018."},{"@type":"Organization","@id":"https:\/\/candas365.es\/noticias\/#organization","name":"Cand\u00e1s 365","description":"Cand\u00e1s 365 es un diario digital independiente, fundado en 2012, con base en Asturias. Informamos con rigor sobre actualidad, sociedad, cultura y ocio, con una mirada local y global.","url":"https:\/\/candas365.es\/noticias\/","email":"info@candas365.es","telephone":"+34652131393","foundingDate":"2012-06-10","logo":{"@type":"ImageObject","url":"https:\/\/candas365.es\/noticias\/wp-content\/uploads\/2024\/09\/Candas-365-Redes.jpg","@id":"https:\/\/candas365.es\/noticias\/concierto-de-suena-la-cupula-y-cine-en-el-niemeyer\/#organizationLogo","width":1152,"height":864,"caption":"Cand\u00e1s 365 Redes"},"image":{"@id":"https:\/\/candas365.es\/noticias\/concierto-de-suena-la-cupula-y-cine-en-el-niemeyer\/#organizationLogo"},"sameAs":["https:\/\/www.facebook.com\/Nachofdezber","https:\/\/x.com\/NabercoDigital","https:\/\/www.instagram.com\/nachofdezber\/","https:\/\/www.youtube.com\/channel\/UCZP-2wLEB9Rv6erhFmqVnvg"],"address":{"@id":"https:\/\/candas365.es\/noticias\/#postaladdress","@type":"PostalAddress","streetAddress":"san antonio 4, san antonio 4","postalCode":"33430","addressLocality":"Cand\u00e1s","addressRegion":"Asturias","addressCountry":"ES"}},{"@type":"Person","@id":"https:\/\/candas365.es\/noticias\/author\/admin\/#author","url":"https:\/\/candas365.es\/noticias\/author\/admin\/","name":"Cand\u00e1s 365","image":{"@type":"ImageObject","@id":"https:\/\/candas365.es\/noticias\/concierto-de-suena-la-cupula-y-cine-en-el-niemeyer\/#authorImage","url":"https:\/\/secure.gravatar.com\/avatar\/496a8e03d0c493ede1718b7934145dbdf8d89be1036b0eec9544e1094c9de390?s=96&d=mm&r=g","width":96,"height":96,"caption":"Cand\u00e1s 365"},"sameAs":["https:\/\/www.facebook.com\/carrenoactualidad","https:\/\/twitter.com\/nbasturias","https:\/\/www.instagram.com\/nachofdezber\/","https:\/\/www.youtube.com\/channel\/UCZP-2wLEB9Rv6erhFmqVnvg"]},{"@type":"WebPage","@id":"https:\/\/candas365.es\/noticias\/concierto-de-suena-la-cupula-y-cine-en-el-niemeyer\/#webpage","url":"https:\/\/candas365.es\/noticias\/concierto-de-suena-la-cupula-y-cine-en-el-niemeyer\/","name":"Concierto de \u00abSuena la C\u00fapula\u00bb y cine en el Niemeyer | Cand\u00e1s 365","description":"El Centro Niemeyer acoge un nuevo estreno absoluto este s\u00e1bado 10 de noviembre a las 20:30 con la adaptaci\u00f3n teatral de la obra cinematogr\u00e1fica de Federico Fellini \u201cLa Strada\u201d. La poes\u00eda y la miseria se unen en \u201cLa Strada\u201d para reflejar la Italia de la Postguerra. Todo comienza cuando una muchacha ingenua y tranquila es","inLanguage":"es-ES","isPartOf":{"@id":"https:\/\/candas365.es\/noticias\/#website"},"breadcrumb":{"@id":"https:\/\/candas365.es\/noticias\/concierto-de-suena-la-cupula-y-cine-en-el-niemeyer\/#breadcrumblist"},"author":{"@id":"https:\/\/candas365.es\/noticias\/author\/admin\/#author"},"creator":{"@id":"https:\/\/candas365.es\/noticias\/author\/admin\/#author"},"image":{"@type":"ImageObject","url":"https:\/\/candas365.es\/noticias\/wp-content\/uploads\/2018\/11\/Cartel_la_strada_baja.jpg","@id":"https:\/\/candas365.es\/noticias\/concierto-de-suena-la-cupula-y-cine-en-el-niemeyer\/#mainImage","width":898,"height":1280},"primaryImageOfPage":{"@id":"https:\/\/candas365.es\/noticias\/concierto-de-suena-la-cupula-y-cine-en-el-niemeyer\/#mainImage"},"datePublished":"2018-11-06T16:05:22+01:00","dateModified":"2018-11-06T16:05:22+01:00"},{"@type":"WebSite","@id":"https:\/\/candas365.es\/noticias\/#website","url":"https:\/\/candas365.es\/noticias\/","name":"Cand\u00e1s 365","alternateName":"Cand\u00e1s 365 Noticias","description":"Actualidad desde Carre\u00f1o para el mundo","inLanguage":"es-ES","publisher":{"@id":"https:\/\/candas365.es\/noticias\/#organization"}}]},"og:locale":"es_ES","og:site_name":"Cand\u00e1s 365","og:type":"article","og:title":"Concierto de \u00abSuena la C\u00fapula\u00bb y cine en el Niemeyer | Cand\u00e1s 365","og:description":"El Centro Niemeyer acoge un nuevo estreno absoluto este s\u00e1bado 10 de noviembre a las 20:30 con la adaptaci\u00f3n teatral de la obra cinematogr\u00e1fica de Federico Fellini \u201cLa Strada\u201d. La poes\u00eda y la miseria se unen en \u201cLa Strada\u201d para reflejar la Italia de la Postguerra. Todo comienza cuando una muchacha ingenua y tranquila es","og:url":"https:\/\/candas365.es\/noticias\/concierto-de-suena-la-cupula-y-cine-en-el-niemeyer\/","og:image":"https:\/\/candas365.es\/noticias\/wp-content\/uploads\/2018\/11\/Cartel_la_strada_baja.jpg","og:image:secure_url":"https:\/\/candas365.es\/noticias\/wp-content\/uploads\/2018\/11\/Cartel_la_strada_baja.jpg","og:image:width":898,"og:image:height":1280,"article:published_time":"2018-11-06T16:05:22+00:00","article:modified_time":"2018-11-06T16:05:22+00:00","article:publisher":"https:\/\/www.facebook.com\/Nachofdezber","article:author":"https:\/\/www.facebook.com\/carrenoactualidad","twitter:card":"summary_large_image","twitter:site":"@NabercoDigital","twitter:title":"Concierto de \u00abSuena la C\u00fapula\u00bb y cine en el Niemeyer | Cand\u00e1s 365","twitter:description":"El Centro Niemeyer acoge un nuevo estreno absoluto este s\u00e1bado 10 de noviembre a las 20:30 con la adaptaci\u00f3n teatral de la obra cinematogr\u00e1fica de Federico Fellini \u201cLa Strada\u201d. La poes\u00eda y la miseria se unen en \u201cLa Strada\u201d para reflejar la Italia de la Postguerra. Todo comienza cuando una muchacha ingenua y tranquila es","twitter:creator":"@nbasturias","twitter:image":"https:\/\/candas365.es\/noticias\/wp-content\/uploads\/2018\/11\/Cartel_la_strada_baja.jpg","twitter:label1":"Escrito por","twitter:data1":"Cand\u00e1s 365","twitter:label2":"Tiempo de lectura estimado","twitter:data2":"5 minutos"},"aioseo_meta_data":{"post_id":"109343","title":null,"description":null,"keywords":null,"keyphrases":null,"primary_term":null,"canonical_url":null,"og_title":null,"og_description":null,"og_object_type":"default","og_image_type":"default","og_image_url":null,"og_image_width":null,"og_image_height":null,"og_image_custom_url":null,"og_image_custom_fields":null,"og_video":null,"og_custom_url":null,"og_article_section":null,"og_article_tags":null,"twitter_use_og":false,"twitter_card":"default","twitter_image_type":"default","twitter_image_url":null,"twitter_image_custom_url":null,"twitter_image_custom_fields":null,"twitter_title":null,"twitter_description":null,"schema":{"blockGraphs":[],"customGraphs":[],"default":{"data":{"Article":[],"Course":[],"Dataset":[],"FAQPage":[],"Movie":[],"Person":[],"Product":[],"ProductReview":[],"Car":[],"Recipe":[],"Service":[],"SoftwareApplication":[],"WebPage":[]},"graphName":"","isEnabled":true},"graphs":[]},"schema_type":null,"schema_type_options":null,"pillar_content":false,"robots_default":true,"robots_noindex":false,"robots_noarchive":false,"robots_nosnippet":false,"robots_nofollow":false,"robots_noimageindex":false,"robots_noodp":false,"robots_notranslate":false,"robots_max_snippet":null,"robots_max_videopreview":null,"robots_max_imagepreview":"large","priority":null,"frequency":null,"location":null,"local_seo":null,"seo_analyzer_scan_date":"2025-08-28 09:28:11","breadcrumb_settings":null,"limit_modified_date":false,"reviewed_by":null,"open_ai":null,"ai":null,"created":"2020-12-21 11:39:20","updated":"2025-08-28 09:28:11"},"aioseo_breadcrumb":"<div class=\"aioseo-breadcrumbs\"><span class=\"aioseo-breadcrumb\">\n\t<a href=\"https:\/\/candas365.es\/noticias\" title=\"Home\">Home<\/a>\n<\/span><span class=\"aioseo-breadcrumb-separator\">&ndash;<\/span><span class=\"aioseo-breadcrumb\">\n\t<a href=\"https:\/\/candas365.es\/noticias\/category\/agenda\/\" title=\"Agenda\">Agenda<\/a>\n<\/span><span class=\"aioseo-breadcrumb-separator\">&ndash;<\/span><span class=\"aioseo-breadcrumb\">\n\tConcierto de \u00abSuena la C\u00fapula\u00bb y cine en el Niemeyer\n<\/span><\/div>","aioseo_breadcrumb_json":[{"label":"Home","link":"https:\/\/candas365.es\/noticias"},{"label":"Agenda","link":"https:\/\/candas365.es\/noticias\/category\/agenda\/"},{"label":"Concierto de \u00abSuena la C\u00fapula\u00bb y cine en el Niemeyer","link":"https:\/\/candas365.es\/noticias\/concierto-de-suena-la-cupula-y-cine-en-el-niemeyer\/"}],"_links":{"self":[{"href":"https:\/\/candas365.es\/noticias\/wp-json\/wp\/v2\/posts\/109343","targetHints":{"allow":["GET"]}}],"collection":[{"href":"https:\/\/candas365.es\/noticias\/wp-json\/wp\/v2\/posts"}],"about":[{"href":"https:\/\/candas365.es\/noticias\/wp-json\/wp\/v2\/types\/post"}],"author":[{"embeddable":true,"href":"https:\/\/candas365.es\/noticias\/wp-json\/wp\/v2\/users\/1"}],"replies":[{"embeddable":true,"href":"https:\/\/candas365.es\/noticias\/wp-json\/wp\/v2\/comments?post=109343"}],"version-history":[{"count":0,"href":"https:\/\/candas365.es\/noticias\/wp-json\/wp\/v2\/posts\/109343\/revisions"}],"wp:featuredmedia":[{"embeddable":true,"href":"https:\/\/candas365.es\/noticias\/wp-json\/wp\/v2\/media\/109344"}],"wp:attachment":[{"href":"https:\/\/candas365.es\/noticias\/wp-json\/wp\/v2\/media?parent=109343"}],"wp:term":[{"taxonomy":"category","embeddable":true,"href":"https:\/\/candas365.es\/noticias\/wp-json\/wp\/v2\/categories?post=109343"},{"taxonomy":"post_tag","embeddable":true,"href":"https:\/\/candas365.es\/noticias\/wp-json\/wp\/v2\/tags?post=109343"}],"curies":[{"name":"wp","href":"https:\/\/api.w.org\/{rel}","templated":true}]}}