{"id":109094,"date":"2018-11-01T22:53:44","date_gmt":"2018-11-01T22:53:44","guid":{"rendered":"http:\/\/candas365.es\/noticias\/?p=109094"},"modified":"2018-11-01T22:53:44","modified_gmt":"2018-11-01T22:53:44","slug":"schwartzman-pierde-con-zverev-y-se-despide-de-la-temporada-2018","status":"publish","type":"post","link":"https:\/\/candas365.es\/noticias\/schwartzman-pierde-con-zverev-y-se-despide-de-la-temporada-2018\/","title":{"rendered":"Schwartzman pierde con Zverev y se despide de la temporada 2018"},"content":{"rendered":"<p><img fetchpriority=\"high\" decoding=\"async\" class=\"alignleft size-medium wp-image-104369\" src=\"https:\/\/candas365.es\/noticias\/wp-content\/uploads\/2018\/09\/tennis-363666_960_720-360x270.jpg\" alt=\"\" width=\"360\" height=\"270\" srcset=\"https:\/\/candas365.es\/noticias\/wp-content\/uploads\/2018\/09\/tennis-363666_960_720-360x270.jpg 360w, https:\/\/candas365.es\/noticias\/wp-content\/uploads\/2018\/09\/tennis-363666_960_720-768x576.jpg 768w, https:\/\/candas365.es\/noticias\/wp-content\/uploads\/2018\/09\/tennis-363666_960_720-640x480.jpg 640w, https:\/\/candas365.es\/noticias\/wp-content\/uploads\/2018\/09\/tennis-363666_960_720-80x60.jpg 80w, https:\/\/candas365.es\/noticias\/wp-content\/uploads\/2018\/09\/tennis-363666_960_720-265x198.jpg 265w, https:\/\/candas365.es\/noticias\/wp-content\/uploads\/2018\/09\/tennis-363666_960_720-696x522.jpg 696w, https:\/\/candas365.es\/noticias\/wp-content\/uploads\/2018\/09\/tennis-363666_960_720-560x420.jpg 560w, https:\/\/candas365.es\/noticias\/wp-content\/uploads\/2018\/09\/tennis-363666_960_720.jpg 960w\" sizes=\"(max-width: 360px) 100vw, 360px\" \/>Par\u00eds, 1 nov (dpa) &#8211; El argentino Diego Schwartzman cay\u00f3 hoy por 6-4 y 6-2 ante el alem\u00e1n Alexander Zverev en los octavos de final del torneo de tenis de Par\u00eds-Bercy y puso fin a la temporada 2018, la mejor de su carrera.<\/p>\n<p>El \u00abPeque\u00bb no tuvo ninguna opci\u00f3n en la capital francesa ante Zverev, el quinto del ranking mundial, pero dej\u00f3 la cancha con la cabeza en alto tras un a\u00f1o en el que alz\u00f3 el t\u00edtulo de R\u00edo de Janeiro en febrero.<\/p>\n<p>Adem\u00e1s, en junio escal\u00f3 hasta el n\u00famero 11 del ranking mundial, la mejor clasificaci\u00f3n de su trayectoria. El argentino de 26 a\u00f1os cerrar\u00e1 el a\u00f1o entre los 20 mejores de la ATP.<\/p>\n<p>Ser\u00e1 la primera vez que acabe una temporada en el \u00abtop 20\u00bb: en 2015 termin\u00f3 en el lugar 88, un a\u00f1o despu\u00e9s cerr\u00f3 el curso en el lugar 52 y hace 12 meses ocupaba el 26.<\/p>\n<p>El de R\u00edo de Janeiro fue el segundo t\u00edtulo para Schwartzman despu\u00e9s del de Estambul en 2016. Su otro gran torneo este a\u00f1o fue Roland Garros, donde perdi\u00f3 en cuartos de final tras ara\u00f1arle un set al espa\u00f1ol Rafael Nadal.<\/p>\n<p>Zverev, por su parte, se instal\u00f3 entre los ocho mejores del torneo parisino y se enfrentar\u00e1 ma\u00f1ana en cuartos al ruso Karen Khachanov, que venci\u00f3 por 6-4, 6-7 (9-11) y 7-6 (10-8) al estadounidense John Isner.<\/p>\n<p>El torneo de Par\u00eds-Bercy es el \u00faltimo de los nueve Masters 1000 de la temporada, se disputa sobre cancha dura y reparte 4,87 millones de euros en su edici\u00f3n de 2018.<\/p>\n<p>Adem\u00e1s, es el \u00faltimo certamen de la temporada antes del Masters de Londres, que re\u00fane del 11 al 18 de noviembre a las ocho mejores raquetas del curso.<\/p>\n","protected":false},"excerpt":{"rendered":"<p>Par\u00eds, 1 nov (dpa) &#8211; El argentino Diego Schwartzman cay\u00f3 hoy por 6-4 y 6-2 ante el alem\u00e1n Alexander Zverev en los octavos de final del torneo de tenis de Par\u00eds-Bercy y puso fin a la temporada 2018, la mejor de su carrera. El \u00abPeque\u00bb no tuvo ninguna opci\u00f3n en la capital francesa ante Zverev,<\/p>\n","protected":false},"author":1,"featured_media":104369,"comment_status":"closed","ping_status":"closed","sticky":false,"template":"","format":"standard","meta":{"footnotes":""},"categories":[319],"tags":[],"class_list":{"0":"post-109094","1":"post","2":"type-post","3":"status-publish","4":"format-standard","5":"has-post-thumbnail","7":"category-deporte"},"aioseo_notices":[],"aioseo_head":"\n\t\t<!-- All in One SEO Pro 4.9.6.2 - aioseo.com -->\n\t<meta name=\"description\" content=\"Par\u00eds, 1 nov (dpa) - El argentino Diego Schwartzman cay\u00f3 hoy por 6-4 y 6-2 ante el alem\u00e1n Alexander Zverev en los octavos de final del torneo de tenis de Par\u00eds-Bercy y puso fin a la temporada 2018, la mejor de su carrera. El &quot;Peque&quot; no tuvo ninguna opci\u00f3n en la capital francesa ante Zverev,\" \/>\n\t<meta name=\"robots\" content=\"max-image-preview:large\" \/>\n\t<meta name=\"author\" content=\"Cand\u00e1s 365\"\/>\n\t<meta name=\"google-site-verification\" content=\"UA-32230408-1\" \/>\n\t<meta name=\"msvalidate.01\" content=\"354F3CDFB2DA171B47FBE9ABF1F88D5\" \/>\n\t<meta name=\"keywords\" content=\"deporte\" \/>\n\t<link rel=\"canonical\" href=\"https:\/\/candas365.es\/noticias\/schwartzman-pierde-con-zverev-y-se-despide-de-la-temporada-2018\/\" \/>\n\t<meta name=\"generator\" content=\"All in One SEO Pro (AIOSEO) 4.9.6.2\" \/>\n\t\t<meta property=\"og:locale\" content=\"es_ES\" \/>\n\t\t<meta property=\"og:site_name\" content=\"Cand\u00e1s 365\" \/>\n\t\t<meta property=\"og:type\" content=\"article\" \/>\n\t\t<meta property=\"og:title\" content=\"Schwartzman pierde con Zverev y se despide de la temporada 2018 | Cand\u00e1s 365\" \/>\n\t\t<meta property=\"og:description\" content=\"Par\u00eds, 1 nov (dpa) - El argentino Diego Schwartzman cay\u00f3 hoy por 6-4 y 6-2 ante el alem\u00e1n Alexander Zverev en los octavos de final del torneo de tenis de Par\u00eds-Bercy y puso fin a la temporada 2018, la mejor de su carrera. El &quot;Peque&quot; no tuvo ninguna opci\u00f3n en la capital francesa ante Zverev,\" \/>\n\t\t<meta property=\"og:url\" content=\"https:\/\/candas365.es\/noticias\/schwartzman-pierde-con-zverev-y-se-despide-de-la-temporada-2018\/\" \/>\n\t\t<meta property=\"og:image\" content=\"https:\/\/candas365.es\/noticias\/wp-content\/uploads\/2018\/09\/tennis-363666_960_720.jpg\" \/>\n\t\t<meta property=\"og:image:secure_url\" content=\"https:\/\/candas365.es\/noticias\/wp-content\/uploads\/2018\/09\/tennis-363666_960_720.jpg\" \/>\n\t\t<meta property=\"og:image:width\" content=\"960\" \/>\n\t\t<meta property=\"og:image:height\" content=\"720\" \/>\n\t\t<meta property=\"article:published_time\" content=\"2018-11-01T22:53:44+00:00\" \/>\n\t\t<meta property=\"article:modified_time\" content=\"2018-11-01T22:53:44+00:00\" \/>\n\t\t<meta property=\"article:publisher\" content=\"https:\/\/www.facebook.com\/Nachofdezber\" \/>\n\t\t<meta property=\"article:author\" content=\"https:\/\/www.facebook.com\/carrenoactualidad\" \/>\n\t\t<meta name=\"twitter:card\" content=\"summary_large_image\" \/>\n\t\t<meta name=\"twitter:site\" content=\"@NabercoDigital\" \/>\n\t\t<meta name=\"twitter:title\" content=\"Schwartzman pierde con Zverev y se despide de la temporada 2018 | Cand\u00e1s 365\" \/>\n\t\t<meta name=\"twitter:description\" content=\"Par\u00eds, 1 nov (dpa) - El argentino Diego Schwartzman cay\u00f3 hoy por 6-4 y 6-2 ante el alem\u00e1n Alexander Zverev en los octavos de final del torneo de tenis de Par\u00eds-Bercy y puso fin a la temporada 2018, la mejor de su carrera. El &quot;Peque&quot; no tuvo ninguna opci\u00f3n en la capital francesa ante Zverev,\" \/>\n\t\t<meta name=\"twitter:creator\" content=\"@nbasturias\" \/>\n\t\t<meta name=\"twitter:image\" content=\"https:\/\/candas365.es\/noticias\/wp-content\/uploads\/2018\/09\/tennis-363666_960_720.jpg\" \/>\n\t\t<meta name=\"twitter:label1\" content=\"Escrito por\" \/>\n\t\t<meta name=\"twitter:data1\" content=\"Cand\u00e1s 365\" \/>\n\t\t<meta name=\"twitter:label2\" content=\"Tiempo de lectura estimado\" \/>\n\t\t<meta name=\"twitter:data2\" content=\"1 minuto\" \/>\n\t\t<script type=\"application\/ld+json\" class=\"aioseo-schema\">\n\t\t\t{\"@context\":\"https:\\\/\\\/schema.org\",\"@graph\":[{\"@type\":\"BreadcrumbList\",\"@id\":\"https:\\\/\\\/candas365.es\\\/noticias\\\/schwartzman-pierde-con-zverev-y-se-despide-de-la-temporada-2018\\\/#breadcrumblist\",\"itemListElement\":[{\"@type\":\"ListItem\",\"@id\":\"https:\\\/\\\/candas365.es\\\/noticias#listItem\",\"position\":1,\"name\":\"Home\",\"item\":\"https:\\\/\\\/candas365.es\\\/noticias\",\"nextItem\":{\"@type\":\"ListItem\",\"@id\":\"https:\\\/\\\/candas365.es\\\/noticias\\\/category\\\/deporte\\\/#listItem\",\"name\":\"Deporte\"}},{\"@type\":\"ListItem\",\"@id\":\"https:\\\/\\\/candas365.es\\\/noticias\\\/category\\\/deporte\\\/#listItem\",\"position\":2,\"name\":\"Deporte\",\"item\":\"https:\\\/\\\/candas365.es\\\/noticias\\\/category\\\/deporte\\\/\",\"nextItem\":{\"@type\":\"ListItem\",\"@id\":\"https:\\\/\\\/candas365.es\\\/noticias\\\/schwartzman-pierde-con-zverev-y-se-despide-de-la-temporada-2018\\\/#listItem\",\"name\":\"Schwartzman pierde con Zverev y se despide de la temporada 2018\"},\"previousItem\":{\"@type\":\"ListItem\",\"@id\":\"https:\\\/\\\/candas365.es\\\/noticias#listItem\",\"name\":\"Home\"}},{\"@type\":\"ListItem\",\"@id\":\"https:\\\/\\\/candas365.es\\\/noticias\\\/schwartzman-pierde-con-zverev-y-se-despide-de-la-temporada-2018\\\/#listItem\",\"position\":3,\"name\":\"Schwartzman pierde con Zverev y se despide de la temporada 2018\",\"previousItem\":{\"@type\":\"ListItem\",\"@id\":\"https:\\\/\\\/candas365.es\\\/noticias\\\/category\\\/deporte\\\/#listItem\",\"name\":\"Deporte\"}}]},{\"@type\":\"NewsArticle\",\"@id\":\"https:\\\/\\\/candas365.es\\\/noticias\\\/schwartzman-pierde-con-zverev-y-se-despide-de-la-temporada-2018\\\/#newsarticle\",\"name\":\"Schwartzman pierde con Zverev y se despide de la temporada 2018 | Cand\\u00e1s 365\",\"headline\":\"Schwartzman pierde con Zverev y se despide de la temporada 2018\",\"author\":{\"@id\":\"https:\\\/\\\/candas365.es\\\/noticias\\\/author\\\/admin\\\/#author\"},\"publisher\":{\"@id\":\"https:\\\/\\\/candas365.es\\\/noticias\\\/#organization\"},\"image\":{\"@type\":\"ImageObject\",\"url\":\"https:\\\/\\\/candas365.es\\\/noticias\\\/wp-content\\\/uploads\\\/2018\\\/09\\\/tennis-363666_960_720.jpg\",\"width\":960,\"height\":720},\"datePublished\":\"2018-11-01T22:53:44+01:00\",\"dateModified\":\"2018-11-01T22:53:44+01:00\",\"inLanguage\":\"es-ES\",\"mainEntityOfPage\":{\"@id\":\"https:\\\/\\\/candas365.es\\\/noticias\\\/schwartzman-pierde-con-zverev-y-se-despide-de-la-temporada-2018\\\/#webpage\"},\"isPartOf\":{\"@id\":\"https:\\\/\\\/candas365.es\\\/noticias\\\/schwartzman-pierde-con-zverev-y-se-despide-de-la-temporada-2018\\\/#webpage\"},\"articleSection\":\"Deporte\",\"dateline\":\"Publicado el noviembre 1, 2018.\"},{\"@type\":\"Organization\",\"@id\":\"https:\\\/\\\/candas365.es\\\/noticias\\\/#organization\",\"name\":\"Cand\\u00e1s 365\",\"description\":\"Cand\\u00e1s 365 es un diario digital independiente, fundado en 2012, con base en Asturias. Informamos con rigor sobre actualidad, sociedad, cultura y ocio, con una mirada local y global.\",\"url\":\"https:\\\/\\\/candas365.es\\\/noticias\\\/\",\"email\":\"info@candas365.es\",\"telephone\":\"+34652131393\",\"foundingDate\":\"2012-06-10\",\"logo\":{\"@type\":\"ImageObject\",\"url\":\"https:\\\/\\\/candas365.es\\\/noticias\\\/wp-content\\\/uploads\\\/2024\\\/09\\\/Candas-365-Redes.jpg\",\"@id\":\"https:\\\/\\\/candas365.es\\\/noticias\\\/schwartzman-pierde-con-zverev-y-se-despide-de-la-temporada-2018\\\/#organizationLogo\",\"width\":1152,\"height\":864,\"caption\":\"Cand\\u00e1s 365 Redes\"},\"image\":{\"@id\":\"https:\\\/\\\/candas365.es\\\/noticias\\\/schwartzman-pierde-con-zverev-y-se-despide-de-la-temporada-2018\\\/#organizationLogo\"},\"sameAs\":[\"https:\\\/\\\/www.facebook.com\\\/Nachofdezber\",\"https:\\\/\\\/x.com\\\/NabercoDigital\",\"https:\\\/\\\/www.instagram.com\\\/nachofdezber\\\/\",\"https:\\\/\\\/www.youtube.com\\\/channel\\\/UCZP-2wLEB9Rv6erhFmqVnvg\"],\"address\":{\"@id\":\"https:\\\/\\\/candas365.es\\\/noticias\\\/#postaladdress\",\"@type\":\"PostalAddress\",\"streetAddress\":\"san antonio 4, san antonio 4\",\"postalCode\":\"33430\",\"addressLocality\":\"Cand\\u00e1s\",\"addressRegion\":\"Asturias\",\"addressCountry\":\"ES\"}},{\"@type\":\"Person\",\"@id\":\"https:\\\/\\\/candas365.es\\\/noticias\\\/author\\\/admin\\\/#author\",\"url\":\"https:\\\/\\\/candas365.es\\\/noticias\\\/author\\\/admin\\\/\",\"name\":\"Cand\\u00e1s 365\",\"image\":{\"@type\":\"ImageObject\",\"@id\":\"https:\\\/\\\/candas365.es\\\/noticias\\\/schwartzman-pierde-con-zverev-y-se-despide-de-la-temporada-2018\\\/#authorImage\",\"url\":\"https:\\\/\\\/secure.gravatar.com\\\/avatar\\\/496a8e03d0c493ede1718b7934145dbdf8d89be1036b0eec9544e1094c9de390?s=96&d=mm&r=g\",\"width\":96,\"height\":96,\"caption\":\"Cand\\u00e1s 365\"},\"sameAs\":[\"https:\\\/\\\/www.facebook.com\\\/carrenoactualidad\",\"https:\\\/\\\/twitter.com\\\/nbasturias\",\"https:\\\/\\\/www.instagram.com\\\/nachofdezber\\\/\",\"https:\\\/\\\/www.youtube.com\\\/channel\\\/UCZP-2wLEB9Rv6erhFmqVnvg\"]},{\"@type\":\"WebPage\",\"@id\":\"https:\\\/\\\/candas365.es\\\/noticias\\\/schwartzman-pierde-con-zverev-y-se-despide-de-la-temporada-2018\\\/#webpage\",\"url\":\"https:\\\/\\\/candas365.es\\\/noticias\\\/schwartzman-pierde-con-zverev-y-se-despide-de-la-temporada-2018\\\/\",\"name\":\"Schwartzman pierde con Zverev y se despide de la temporada 2018 | Cand\\u00e1s 365\",\"description\":\"Par\\u00eds, 1 nov (dpa) - El argentino Diego Schwartzman cay\\u00f3 hoy por 6-4 y 6-2 ante el alem\\u00e1n Alexander Zverev en los octavos de final del torneo de tenis de Par\\u00eds-Bercy y puso fin a la temporada 2018, la mejor de su carrera. El \\\"Peque\\\" no tuvo ninguna opci\\u00f3n en la capital francesa ante Zverev,\",\"inLanguage\":\"es-ES\",\"isPartOf\":{\"@id\":\"https:\\\/\\\/candas365.es\\\/noticias\\\/#website\"},\"breadcrumb\":{\"@id\":\"https:\\\/\\\/candas365.es\\\/noticias\\\/schwartzman-pierde-con-zverev-y-se-despide-de-la-temporada-2018\\\/#breadcrumblist\"},\"author\":{\"@id\":\"https:\\\/\\\/candas365.es\\\/noticias\\\/author\\\/admin\\\/#author\"},\"creator\":{\"@id\":\"https:\\\/\\\/candas365.es\\\/noticias\\\/author\\\/admin\\\/#author\"},\"image\":{\"@type\":\"ImageObject\",\"url\":\"https:\\\/\\\/candas365.es\\\/noticias\\\/wp-content\\\/uploads\\\/2018\\\/09\\\/tennis-363666_960_720.jpg\",\"@id\":\"https:\\\/\\\/candas365.es\\\/noticias\\\/schwartzman-pierde-con-zverev-y-se-despide-de-la-temporada-2018\\\/#mainImage\",\"width\":960,\"height\":720},\"primaryImageOfPage\":{\"@id\":\"https:\\\/\\\/candas365.es\\\/noticias\\\/schwartzman-pierde-con-zverev-y-se-despide-de-la-temporada-2018\\\/#mainImage\"},\"datePublished\":\"2018-11-01T22:53:44+01:00\",\"dateModified\":\"2018-11-01T22:53:44+01:00\"},{\"@type\":\"WebSite\",\"@id\":\"https:\\\/\\\/candas365.es\\\/noticias\\\/#website\",\"url\":\"https:\\\/\\\/candas365.es\\\/noticias\\\/\",\"name\":\"Cand\\u00e1s 365\",\"alternateName\":\"Cand\\u00e1s 365 Noticias\",\"description\":\"Actualidad desde Carre\\u00f1o para el mundo\",\"inLanguage\":\"es-ES\",\"publisher\":{\"@id\":\"https:\\\/\\\/candas365.es\\\/noticias\\\/#organization\"}}]}\n\t\t<\/script>\n\t\t<!-- All in One SEO Pro -->\r\n\t\t<title>Schwartzman pierde con Zverev y se despide de la temporada 2018 | Cand\u00e1s 365<\/title>\n\n","aioseo_head_json":{"title":"Schwartzman pierde con Zverev y se despide de la temporada 2018 | Cand\u00e1s 365","description":"Par\u00eds, 1 nov (dpa) - El argentino Diego Schwartzman cay\u00f3 hoy por 6-4 y 6-2 ante el alem\u00e1n Alexander Zverev en los octavos de final del torneo de tenis de Par\u00eds-Bercy y puso fin a la temporada 2018, la mejor de su carrera. El \"Peque\" no tuvo ninguna opci\u00f3n en la capital francesa ante Zverev,","canonical_url":"https:\/\/candas365.es\/noticias\/schwartzman-pierde-con-zverev-y-se-despide-de-la-temporada-2018\/","robots":"max-image-preview:large","keywords":"deporte","webmasterTools":{"google-site-verification":"UA-32230408-1","msvalidate.01":"354F3CDFB2DA171B47FBE9ABF1F88D5","miscellaneous":""},"schema":{"@context":"https:\/\/schema.org","@graph":[{"@type":"BreadcrumbList","@id":"https:\/\/candas365.es\/noticias\/schwartzman-pierde-con-zverev-y-se-despide-de-la-temporada-2018\/#breadcrumblist","itemListElement":[{"@type":"ListItem","@id":"https:\/\/candas365.es\/noticias#listItem","position":1,"name":"Home","item":"https:\/\/candas365.es\/noticias","nextItem":{"@type":"ListItem","@id":"https:\/\/candas365.es\/noticias\/category\/deporte\/#listItem","name":"Deporte"}},{"@type":"ListItem","@id":"https:\/\/candas365.es\/noticias\/category\/deporte\/#listItem","position":2,"name":"Deporte","item":"https:\/\/candas365.es\/noticias\/category\/deporte\/","nextItem":{"@type":"ListItem","@id":"https:\/\/candas365.es\/noticias\/schwartzman-pierde-con-zverev-y-se-despide-de-la-temporada-2018\/#listItem","name":"Schwartzman pierde con Zverev y se despide de la temporada 2018"},"previousItem":{"@type":"ListItem","@id":"https:\/\/candas365.es\/noticias#listItem","name":"Home"}},{"@type":"ListItem","@id":"https:\/\/candas365.es\/noticias\/schwartzman-pierde-con-zverev-y-se-despide-de-la-temporada-2018\/#listItem","position":3,"name":"Schwartzman pierde con Zverev y se despide de la temporada 2018","previousItem":{"@type":"ListItem","@id":"https:\/\/candas365.es\/noticias\/category\/deporte\/#listItem","name":"Deporte"}}]},{"@type":"NewsArticle","@id":"https:\/\/candas365.es\/noticias\/schwartzman-pierde-con-zverev-y-se-despide-de-la-temporada-2018\/#newsarticle","name":"Schwartzman pierde con Zverev y se despide de la temporada 2018 | Cand\u00e1s 365","headline":"Schwartzman pierde con Zverev y se despide de la temporada 2018","author":{"@id":"https:\/\/candas365.es\/noticias\/author\/admin\/#author"},"publisher":{"@id":"https:\/\/candas365.es\/noticias\/#organization"},"image":{"@type":"ImageObject","url":"https:\/\/candas365.es\/noticias\/wp-content\/uploads\/2018\/09\/tennis-363666_960_720.jpg","width":960,"height":720},"datePublished":"2018-11-01T22:53:44+01:00","dateModified":"2018-11-01T22:53:44+01:00","inLanguage":"es-ES","mainEntityOfPage":{"@id":"https:\/\/candas365.es\/noticias\/schwartzman-pierde-con-zverev-y-se-despide-de-la-temporada-2018\/#webpage"},"isPartOf":{"@id":"https:\/\/candas365.es\/noticias\/schwartzman-pierde-con-zverev-y-se-despide-de-la-temporada-2018\/#webpage"},"articleSection":"Deporte","dateline":"Publicado el noviembre 1, 2018."},{"@type":"Organization","@id":"https:\/\/candas365.es\/noticias\/#organization","name":"Cand\u00e1s 365","description":"Cand\u00e1s 365 es un diario digital independiente, fundado en 2012, con base en Asturias. Informamos con rigor sobre actualidad, sociedad, cultura y ocio, con una mirada local y global.","url":"https:\/\/candas365.es\/noticias\/","email":"info@candas365.es","telephone":"+34652131393","foundingDate":"2012-06-10","logo":{"@type":"ImageObject","url":"https:\/\/candas365.es\/noticias\/wp-content\/uploads\/2024\/09\/Candas-365-Redes.jpg","@id":"https:\/\/candas365.es\/noticias\/schwartzman-pierde-con-zverev-y-se-despide-de-la-temporada-2018\/#organizationLogo","width":1152,"height":864,"caption":"Cand\u00e1s 365 Redes"},"image":{"@id":"https:\/\/candas365.es\/noticias\/schwartzman-pierde-con-zverev-y-se-despide-de-la-temporada-2018\/#organizationLogo"},"sameAs":["https:\/\/www.facebook.com\/Nachofdezber","https:\/\/x.com\/NabercoDigital","https:\/\/www.instagram.com\/nachofdezber\/","https:\/\/www.youtube.com\/channel\/UCZP-2wLEB9Rv6erhFmqVnvg"],"address":{"@id":"https:\/\/candas365.es\/noticias\/#postaladdress","@type":"PostalAddress","streetAddress":"san antonio 4, san antonio 4","postalCode":"33430","addressLocality":"Cand\u00e1s","addressRegion":"Asturias","addressCountry":"ES"}},{"@type":"Person","@id":"https:\/\/candas365.es\/noticias\/author\/admin\/#author","url":"https:\/\/candas365.es\/noticias\/author\/admin\/","name":"Cand\u00e1s 365","image":{"@type":"ImageObject","@id":"https:\/\/candas365.es\/noticias\/schwartzman-pierde-con-zverev-y-se-despide-de-la-temporada-2018\/#authorImage","url":"https:\/\/secure.gravatar.com\/avatar\/496a8e03d0c493ede1718b7934145dbdf8d89be1036b0eec9544e1094c9de390?s=96&d=mm&r=g","width":96,"height":96,"caption":"Cand\u00e1s 365"},"sameAs":["https:\/\/www.facebook.com\/carrenoactualidad","https:\/\/twitter.com\/nbasturias","https:\/\/www.instagram.com\/nachofdezber\/","https:\/\/www.youtube.com\/channel\/UCZP-2wLEB9Rv6erhFmqVnvg"]},{"@type":"WebPage","@id":"https:\/\/candas365.es\/noticias\/schwartzman-pierde-con-zverev-y-se-despide-de-la-temporada-2018\/#webpage","url":"https:\/\/candas365.es\/noticias\/schwartzman-pierde-con-zverev-y-se-despide-de-la-temporada-2018\/","name":"Schwartzman pierde con Zverev y se despide de la temporada 2018 | Cand\u00e1s 365","description":"Par\u00eds, 1 nov (dpa) - El argentino Diego Schwartzman cay\u00f3 hoy por 6-4 y 6-2 ante el alem\u00e1n Alexander Zverev en los octavos de final del torneo de tenis de Par\u00eds-Bercy y puso fin a la temporada 2018, la mejor de su carrera. El \"Peque\" no tuvo ninguna opci\u00f3n en la capital francesa ante Zverev,","inLanguage":"es-ES","isPartOf":{"@id":"https:\/\/candas365.es\/noticias\/#website"},"breadcrumb":{"@id":"https:\/\/candas365.es\/noticias\/schwartzman-pierde-con-zverev-y-se-despide-de-la-temporada-2018\/#breadcrumblist"},"author":{"@id":"https:\/\/candas365.es\/noticias\/author\/admin\/#author"},"creator":{"@id":"https:\/\/candas365.es\/noticias\/author\/admin\/#author"},"image":{"@type":"ImageObject","url":"https:\/\/candas365.es\/noticias\/wp-content\/uploads\/2018\/09\/tennis-363666_960_720.jpg","@id":"https:\/\/candas365.es\/noticias\/schwartzman-pierde-con-zverev-y-se-despide-de-la-temporada-2018\/#mainImage","width":960,"height":720},"primaryImageOfPage":{"@id":"https:\/\/candas365.es\/noticias\/schwartzman-pierde-con-zverev-y-se-despide-de-la-temporada-2018\/#mainImage"},"datePublished":"2018-11-01T22:53:44+01:00","dateModified":"2018-11-01T22:53:44+01:00"},{"@type":"WebSite","@id":"https:\/\/candas365.es\/noticias\/#website","url":"https:\/\/candas365.es\/noticias\/","name":"Cand\u00e1s 365","alternateName":"Cand\u00e1s 365 Noticias","description":"Actualidad desde Carre\u00f1o para el mundo","inLanguage":"es-ES","publisher":{"@id":"https:\/\/candas365.es\/noticias\/#organization"}}]},"og:locale":"es_ES","og:site_name":"Cand\u00e1s 365","og:type":"article","og:title":"Schwartzman pierde con Zverev y se despide de la temporada 2018 | Cand\u00e1s 365","og:description":"Par\u00eds, 1 nov (dpa) - El argentino Diego Schwartzman cay\u00f3 hoy por 6-4 y 6-2 ante el alem\u00e1n Alexander Zverev en los octavos de final del torneo de tenis de Par\u00eds-Bercy y puso fin a la temporada 2018, la mejor de su carrera. El &quot;Peque&quot; no tuvo ninguna opci\u00f3n en la capital francesa ante Zverev,","og:url":"https:\/\/candas365.es\/noticias\/schwartzman-pierde-con-zverev-y-se-despide-de-la-temporada-2018\/","og:image":"https:\/\/candas365.es\/noticias\/wp-content\/uploads\/2018\/09\/tennis-363666_960_720.jpg","og:image:secure_url":"https:\/\/candas365.es\/noticias\/wp-content\/uploads\/2018\/09\/tennis-363666_960_720.jpg","og:image:width":960,"og:image:height":720,"article:published_time":"2018-11-01T22:53:44+00:00","article:modified_time":"2018-11-01T22:53:44+00:00","article:publisher":"https:\/\/www.facebook.com\/Nachofdezber","article:author":"https:\/\/www.facebook.com\/carrenoactualidad","twitter:card":"summary_large_image","twitter:site":"@NabercoDigital","twitter:title":"Schwartzman pierde con Zverev y se despide de la temporada 2018 | Cand\u00e1s 365","twitter:description":"Par\u00eds, 1 nov (dpa) - El argentino Diego Schwartzman cay\u00f3 hoy por 6-4 y 6-2 ante el alem\u00e1n Alexander Zverev en los octavos de final del torneo de tenis de Par\u00eds-Bercy y puso fin a la temporada 2018, la mejor de su carrera. El &quot;Peque&quot; no tuvo ninguna opci\u00f3n en la capital francesa ante Zverev,","twitter:creator":"@nbasturias","twitter:image":"https:\/\/candas365.es\/noticias\/wp-content\/uploads\/2018\/09\/tennis-363666_960_720.jpg","twitter:label1":"Escrito por","twitter:data1":"Cand\u00e1s 365","twitter:label2":"Tiempo de lectura estimado","twitter:data2":"1 minuto"},"aioseo_meta_data":{"post_id":"109094","title":null,"description":null,"keywords":null,"keyphrases":null,"primary_term":null,"canonical_url":null,"og_title":null,"og_description":null,"og_object_type":"default","og_image_type":"default","og_image_url":null,"og_image_width":null,"og_image_height":null,"og_image_custom_url":null,"og_image_custom_fields":null,"og_video":null,"og_custom_url":null,"og_article_section":null,"og_article_tags":null,"twitter_use_og":false,"twitter_card":"default","twitter_image_type":"default","twitter_image_url":null,"twitter_image_custom_url":null,"twitter_image_custom_fields":null,"twitter_title":null,"twitter_description":null,"schema":{"blockGraphs":[],"customGraphs":[],"default":{"data":{"Article":[],"Course":[],"Dataset":[],"FAQPage":[],"Movie":[],"Person":[],"Product":[],"ProductReview":[],"Car":[],"Recipe":[],"Service":[],"SoftwareApplication":[],"WebPage":[]},"graphName":"","isEnabled":true},"graphs":[],"defaultGraph":"","defaultPostTypeGraph":""},"schema_type":null,"schema_type_options":null,"pillar_content":false,"robots_default":true,"robots_noindex":false,"robots_noarchive":false,"robots_nosnippet":false,"robots_nofollow":false,"robots_noimageindex":false,"robots_noodp":false,"robots_notranslate":false,"robots_max_snippet":null,"robots_max_videopreview":null,"robots_max_imagepreview":"large","priority":null,"frequency":null,"location":null,"local_seo":null,"seo_analyzer_scan_date":"2025-08-28 08:44:18","breadcrumb_settings":null,"limit_modified_date":false,"reviewed_by":null,"open_ai":null,"ai":null,"created":"2020-12-21 11:39:36","updated":"2025-08-28 08:44:18"},"aioseo_breadcrumb":"<div class=\"aioseo-breadcrumbs\"><span class=\"aioseo-breadcrumb\">\n\t<a href=\"https:\/\/candas365.es\/noticias\" title=\"Home\">Home<\/a>\n<\/span><span class=\"aioseo-breadcrumb-separator\">&ndash;<\/span><span class=\"aioseo-breadcrumb\">\n\t<a href=\"https:\/\/candas365.es\/noticias\/category\/deporte\/\" title=\"Deporte\">Deporte<\/a>\n<\/span><span class=\"aioseo-breadcrumb-separator\">&ndash;<\/span><span class=\"aioseo-breadcrumb\">\n\tSchwartzman pierde con Zverev y se despide de la temporada 2018\n<\/span><\/div>","aioseo_breadcrumb_json":[{"label":"Home","link":"https:\/\/candas365.es\/noticias"},{"label":"Deporte","link":"https:\/\/candas365.es\/noticias\/category\/deporte\/"},{"label":"Schwartzman pierde con Zverev y se despide de la temporada 2018","link":"https:\/\/candas365.es\/noticias\/schwartzman-pierde-con-zverev-y-se-despide-de-la-temporada-2018\/"}],"_links":{"self":[{"href":"https:\/\/candas365.es\/noticias\/wp-json\/wp\/v2\/posts\/109094","targetHints":{"allow":["GET"]}}],"collection":[{"href":"https:\/\/candas365.es\/noticias\/wp-json\/wp\/v2\/posts"}],"about":[{"href":"https:\/\/candas365.es\/noticias\/wp-json\/wp\/v2\/types\/post"}],"author":[{"embeddable":true,"href":"https:\/\/candas365.es\/noticias\/wp-json\/wp\/v2\/users\/1"}],"replies":[{"embeddable":true,"href":"https:\/\/candas365.es\/noticias\/wp-json\/wp\/v2\/comments?post=109094"}],"version-history":[{"count":0,"href":"https:\/\/candas365.es\/noticias\/wp-json\/wp\/v2\/posts\/109094\/revisions"}],"wp:featuredmedia":[{"embeddable":true,"href":"https:\/\/candas365.es\/noticias\/wp-json\/wp\/v2\/media\/104369"}],"wp:attachment":[{"href":"https:\/\/candas365.es\/noticias\/wp-json\/wp\/v2\/media?parent=109094"}],"wp:term":[{"taxonomy":"category","embeddable":true,"href":"https:\/\/candas365.es\/noticias\/wp-json\/wp\/v2\/categories?post=109094"},{"taxonomy":"post_tag","embeddable":true,"href":"https:\/\/candas365.es\/noticias\/wp-json\/wp\/v2\/tags?post=109094"}],"curies":[{"name":"wp","href":"https:\/\/api.w.org\/{rel}","templated":true}]}}