{"id":108961,"date":"2018-10-31T05:17:31","date_gmt":"2018-10-31T05:17:31","guid":{"rendered":"http:\/\/candas365.es\/noticias\/?p=108961"},"modified":"2018-10-31T05:17:31","modified_gmt":"2018-10-31T05:17:31","slug":"puente-de-todos-los-santos-en-carreno","status":"publish","type":"post","link":"https:\/\/candas365.es\/noticias\/puente-de-todos-los-santos-en-carreno\/","title":{"rendered":"Puente de Todos los Santos en Carre\u00f1o"},"content":{"rendered":"<p><img fetchpriority=\"high\" decoding=\"async\" class=\"alignleft size-medium wp-image-108962\" src=\"https:\/\/candas365.es\/noticias\/wp-content\/uploads\/2018\/10\/Ceementerio-municipal-de-San-Bernardo-360x270.jpg\" alt=\"\" width=\"360\" height=\"270\" srcset=\"https:\/\/candas365.es\/noticias\/wp-content\/uploads\/2018\/10\/Ceementerio-municipal-de-San-Bernardo-360x270.jpg 360w, https:\/\/candas365.es\/noticias\/wp-content\/uploads\/2018\/10\/Ceementerio-municipal-de-San-Bernardo-768x576.jpg 768w, https:\/\/candas365.es\/noticias\/wp-content\/uploads\/2018\/10\/Ceementerio-municipal-de-San-Bernardo-640x480.jpg 640w, https:\/\/candas365.es\/noticias\/wp-content\/uploads\/2018\/10\/Ceementerio-municipal-de-San-Bernardo-80x60.jpg 80w, https:\/\/candas365.es\/noticias\/wp-content\/uploads\/2018\/10\/Ceementerio-municipal-de-San-Bernardo-265x198.jpg 265w, https:\/\/candas365.es\/noticias\/wp-content\/uploads\/2018\/10\/Ceementerio-municipal-de-San-Bernardo-696x522.jpg 696w, https:\/\/candas365.es\/noticias\/wp-content\/uploads\/2018\/10\/Ceementerio-municipal-de-San-Bernardo-1068x801.jpg 1068w, https:\/\/candas365.es\/noticias\/wp-content\/uploads\/2018\/10\/Ceementerio-municipal-de-San-Bernardo-560x420.jpg 560w, https:\/\/candas365.es\/noticias\/wp-content\/uploads\/2018\/10\/Ceementerio-municipal-de-San-Bernardo.jpg 1600w\" sizes=\"(max-width: 360px) 100vw, 360px\" \/>Desde tiempos inmemorables las diferentes culturas han honrado y recordado a sus seres queridos en los cementerios. Esta tradici\u00f3n difiere de una \u00e9poca a otra, de un pa\u00eds a otro, de una religi\u00f3n a otra, aunque el fin siempre ha sido el mismo, no olvidarse de la persona querida y tener un recuerdo para ella en un d\u00eda se\u00f1alado.<\/p>\n<p>Respetando las creencias religiosas, as\u00ed como a aquellas personas que creen como a las que no creen, en la cultura cat\u00f3lica los primeros d\u00edas de noviembre, el d\u00eda 1 y 2, est\u00e1n marcados en el calendario como unos d\u00edas en los que honrar a las personas difuntas.<\/p>\n<p>\u201cDesde el servicio municipal de obras y atendiendo a las peticiones de la ciudadan\u00eda, en el mes de octubre hemos puesto en marcha el Plan Especial de Limpieza de los Cementerio Municipal situado en Cand\u00e1s y de los entornos p\u00fablicos de los Camposantos de las parroquias rurales, de sus accesos y zonas de aparcamiento. Los trabajos que, desde los diferentes servicios municipales implicados, se han realizados han sido varios y variados. Desde la limpieza de las calles interiores del Cementerio Municipal de San Bernardo en Cand\u00e1s pasando por la ornamentaci\u00f3n con flor de temporada, el desbroce y siega de los jardines interiores del mismo hasta el acondicionamiento y limpieza en la parte exterior y en los aparcamientos. En el resto de los 11 cementerios parroquiales se ha realizado una intensa labor de siega y limpieza en los espacios p\u00fablicos externos y zonas comunes de aparcamiento\u201d \u2013 explic\u00f3 On\u00e9simo Velasco concejal de obras y seguridad ciudadana.<\/p>\n<p>\u201cAs\u00ed mismo, a lo largo de estos 2 d\u00edas, el servicio de polic\u00eda estar\u00e1 muy pendiente de las posibles incidencias que pudieran surgir a lo largo de las jornadas. Sobre todo las relacionadas con la circulaci\u00f3n del tr\u00e1fico y el acceso de veh\u00edculos a los diferentes cementerios\u201d \u2013 prosigui\u00f3 el concejal.<\/p>\n<p>\u201cEn aras de que las personas que as\u00ed lo deseen puedan ir a honrar a sus seres queridos, informamos en la web municipal de los horarios en los que tendr\u00e1n lugar las celebraciones en los cementerios, las iglesias parroquiales y capillas del Concejo\u201d \u2013 concluy\u00f3 el edil.<\/p>\n<p>Son las que siguen:<\/p>\n<p>D\u00eda de Todos los Santos, 1 de Noviembre:<\/p>\n<p>&#8211; SAN F\u00c9LIX DE CAND\u00c1S. En la Iglesia de San F\u00e9lix el horario de misas ser\u00e1 como el de un domingo. Adem\u00e1s, a las 17:00 h, en la Capilla del Cementerio Municipal tendr\u00e1 lugar la celebraci\u00f3n lit\u00fargica. Estas celebraciones estar\u00e1 oficiadas por el cura p\u00e1rroco Jos\u00e9 Manuel Garc\u00eda.<\/p>\n<p>&#8211; SAN SALVADOR DE PERLORA. En esta parroquia la celebraci\u00f3n de la eucarist\u00eda<br \/>\ntendr\u00e1 lugar a las 13:00 h, oficiada por el cura p\u00e1rroco Jos\u00e9 Manuel Garc\u00eda. Tras<br \/>\nla finalizaci\u00f3n de la misma, responso en el cementerio parroquial si las<br \/>\ncondiciones meteorol\u00f3gicas no lo impiden.<\/p>\n<p>&#8211; SANTA MAR\u00cdA DE PIELORO. La celebraci\u00f3n de la santa misa tendr\u00e1 lugar a las 13:00 h. actuando como celebrante el sacerdote Felipe Cabezas.<\/p>\n<p>&#8211; SANTA MAR\u00cdA LA REAL DE LLORGOZANA. Celebraci\u00f3n lit\u00fargica a las 10:00 h. oficiada por el cura p\u00e1rroco Manuel \u00c1ngel Garc\u00eda. A continuaci\u00f3n, responso en el cementerio parroquial si las condiciones meteorol\u00f3gicas no lo impiden.<\/p>\n<p>&#8211; SAN JUAN DE TAM\u00d3N. Celebraci\u00f3n lit\u00fargica a las 10:45 h. oficiada por el cura p\u00e1rroco Manuel \u00c1ngel Garc\u00eda. A continuaci\u00f3n, responso en el cementerio<br \/>\nparroquial si las condiciones meteorol\u00f3gicas no lo impiden.<\/p>\n<p>&#8211; SANTIAGO DE AMB\u00c1S. Celebraci\u00f3n lit\u00fargica a las 11.30 h. oficiada por el cura p\u00e1rroco Manuel \u00c1ngel Garc\u00eda. A continuaci\u00f3n, responso en el cementerio<br \/>\nparroquial si las condiciones meteorol\u00f3gicas no lo impiden.<\/p>\n<p>&#8211; SANTA EULALIA DE EL VALLE. Misa a las 12:15 h. oficiada por cura p\u00e1rroco Manuel \u00c1ngel Garc\u00eda y responso posterior en el cementerio parroquial.<\/p>\n<p>&#8211; SAN ESTEBAN DE GUIMAR\u00c1N. Misa a las 13:00 h. oficiada por cura p\u00e1rroco Manuel \u00c1ngel Garc\u00eda y responso posterior en el cementerio parroquial.<\/p>\n<p>&#8211; SANTA MAR\u00cdA DE PRIENDES. Misa a las 15:45 h. oficiada por cura p\u00e1rroco Manuel \u00c1ngel Garc\u00eda y responso posterior en el cementerio parroquial.<\/p>\n<p>&#8211; SANTIAGO DE ALBANDI. Celebraci\u00f3n lit\u00fargica a las 16:30 h. oficiada por el cura p\u00e1rroco Manuel \u00c1ngel Garc\u00eda. A continuaci\u00f3n, responso en el cementerio parroquial si las condiciones meteorol\u00f3gicas no lo impiden.<\/p>\n<p>&#8211; SAN LORENZO DE CARRI\u00d3. Misa a las 17:15 h. oficiada por cura p\u00e1rroco Manuel \u00c1ngel Garc\u00eda y responso posterior en el cementerio parroquial.<\/p>\n<p>&#8211; SAN JUAN DE PREVERA. Celebraci\u00f3n lit\u00fargica a las 18:00 h. oficiada por el cura p\u00e1rroco Manuel \u00c1ngel Garc\u00eda. A continuaci\u00f3n, responso en el cementerio parroquial si las condiciones meteorol\u00f3gicas no lo impiden.<\/p>\n<p>D\u00eda de todos los Fieles Difuntos, 2 de Noviembre:<\/p>\n<p>&#8211; SANTA MAR\u00cdA DE PIELORO. A las 12:00 h. funeral por el eterno descaso de los fieles difuntos de la parroquia. Oficiado por Jos\u00e9 Manuel Garc\u00eda.<\/p>\n<p>&#8211; SAN SALVADOR DE PERLORA. A las 18:00h. funeral por el eterno descaso de los<br \/>\nfieles difuntos de la parroquia. Oficiado por Jos\u00e9 Manuel Garc\u00eda.<\/p>\n<p>&#8211; SAN F\u00c9LIX DE CAND\u00c1S. A las 19:30 h. funeral por el eterno descaso de los fieles difuntos de la parroquia. Oficiado por Jos\u00e9 Manuel Garc\u00eda.<\/p>\n<p>&#8211; SANTUARIO DE NUESTRA SE\u00d1ORA DE LOS REMEDIOS: En Guimar\u00e1n a las 17:00 h. funeral por el eterno descanso de los fieles difuntos de las parroquias de Albandi, Carri\u00f3, Priendes, Prevera, Llorgozana, Amb\u00e1s, Tam\u00f3n, Guimar\u00e1n, y El Valle. INFORMACI\u00d3N PARA EL 1 DE NOVIEMBRE, FESTIVIDAD DE TODOS LOS SANTOS:<\/p>\n<p>Desde tiempos inmemorables las diferentes culturas han honrado y recordado a sus seres queridos en los cementerios. Esta tradici\u00f3n difiere de una \u00e9poca a otra, de un pa\u00eds a otro, de una religi\u00f3n a otra, aunque el fin siempre ha sido el mismo, no olvidarse de la persona querida y tener un recuerdo para ella en un d\u00eda se\u00f1alado.<\/p>\n<p>Respetando las creencias religiosas, as\u00ed como a aquellas personas que creen como a las que no creen, en la cultura cat\u00f3lica los primeros d\u00edas de noviembre, el d\u00eda 1 y 2, est\u00e1n marcados en el calendario como unos d\u00edas en los que honrar a las personas difuntas.<\/p>\n<p>En aras de que las personas que as\u00ed lo deseen puedan ir a honrar a sus seres queridos, seguidamente se informa de los horarios en los que tendr\u00e1n lugar las celebraciones en los cementerios, las iglesias parroquiales y capillas del Concejo. Son las que siguen:<\/p>\n<p>D\u00eda de Todos los Santos, 1 de Noviembre:<\/p>\n<p>&#8211; SAN F\u00c9LIX DE CAND\u00c1S. En la Iglesia de San F\u00e9lix el horario de misas ser\u00e1 como el de un domingo. Adem\u00e1s, a las 17:00 h, en la Capilla del Cementerio Municipal tendr\u00e1 lugar la celebraci\u00f3n lit\u00fargica. Estas celebraciones estar\u00e1 oficiadas por el cura p\u00e1rroco Jos\u00e9 Manuel Garc\u00eda.<\/p>\n<p>&#8211; SAN SALVADOR DE PERLORA. En esta parroquia la celebraci\u00f3n de la eucarist\u00eda tendr\u00e1 lugar a las 13:00 h, oficiada por el cura p\u00e1rroco Jos\u00e9 Manuel Garc\u00eda. Al t\u00e9rmino de la misma, responso en el cementerio parroquial si las condiciones meteorol\u00f3gicas no lo impiden.<\/p>\n<p>&#8211; SANTA MAR\u00cdA DE PIELORO. La celebraci\u00f3n de la santa misa tendr\u00e1 lugar a las 13:00 h. actuando como celebrante el sacerdote Felipe Cabezas.<\/p>\n<p>&#8211; SANTA MAR\u00cdA LA REAL DE LLORGOZANA. Celebraci\u00f3n lit\u00fargica a las 10:00 h. oficiada por el cura p\u00e1rroco Manuel \u00c1ngel Garc\u00eda. A continuaci\u00f3n, responso en el cementerio parroquial si las condiciones meteorol\u00f3gicas no lo impiden.<\/p>\n<p>&#8211; SAN JUAN DE TAM\u00d3N. Celebraci\u00f3n lit\u00fargica a las 10:45 h. oficiada por el cura p\u00e1rroco Manuel \u00c1ngel Garc\u00eda. A continuaci\u00f3n, responso en el cementerio<br \/>\nparroquial si las condiciones meteorol\u00f3gicas no lo impiden.<\/p>\n<p>&#8211; SANTIAGO DE AMB\u00c1S. Celebraci\u00f3n lit\u00fargica a las 11.30 h. oficiada por el cura p\u00e1rroco Manuel \u00c1ngel Garc\u00eda. A continuaci\u00f3n, responso en el cementerio<br \/>\nparroquial si las condiciones meteorol\u00f3gicas no lo impiden.<\/p>\n<p>&#8211; SANTA EULALIA DEL VALLE. Misa a las 12:15 h. oficiada por cura p\u00e1rroco Manuel \u00c1ngel Garc\u00eda y responso posterior en el cementerio parroquial.<\/p>\n<p>&#8211; SAN ESTEBAN DE GUIMAR\u00c1N. Misa a las 13:00 h. oficiada por cura p\u00e1rroco Manuel \u00c1ngel Garc\u00eda y responso posterior en el cementerio parroquial.<\/p>\n<p>&#8211; SANTA MAR\u00cdA DE PRIENDES. Misa a las 15:45 h. oficiada por cura p\u00e1rroco Manuel \u00c1ngel Garc\u00eda y responso posterior en el cementerio parroquial.<\/p>\n<p>&#8211; SANTIAGO DE ALBANDI. Celebraci\u00f3n lit\u00fargica a las 16:30 h. oficiada por el cura p\u00e1rroco Manuel \u00c1ngel Garc\u00eda. A continuaci\u00f3n, responso en el cementerio parroquial si las condiciones meteorol\u00f3gicas no lo impiden.<\/p>\n<p>&#8211; SAN LORENZO DE CARRI\u00d3. Misa a las 17:15 h. oficiada por cura p\u00e1rroco Manuel \u00c1ngel Garc\u00eda y responso posterior en el cementerio parroquial.<\/p>\n<p>&#8211; SAN JUAN DE PREVERA. Celebraci\u00f3n lit\u00fargica a las 18:00 h. oficiada por el cura p\u00e1rroco Manuel \u00c1ngel Garc\u00eda. A continuaci\u00f3n, responso en el cementerio parroquial si las condiciones meteorol\u00f3gicas no lo impiden.<\/p>\n<p>D\u00eda de todos los Fieles Difuntos, 2 de Noviembre:<\/p>\n<p>&#8211; SANTA MAR\u00cdA DE PIELORO. A las 12:00 h. funeral por los difuntos de la parroquia. Oficiado por Jos\u00e9 Manuel Garc\u00eda.<\/p>\n<p>&#8211; SAN SALVADOR DE PERLORA. A las 18:00h. funeral por los difuntos de la parroquia. Oficiado por Jos\u00e9 Manuel Garc\u00eda.<\/p>\n<p>&#8211; SAN F\u00c9LIX DE CAND\u00c1S. A las 19:30 h. funeral por los difuntos de la parroquia. Oficiado por Jos\u00e9 Manuel Garc\u00eda.<\/p>\n<p>&#8211; SANTUARIO DE NUESTRA SE\u00d1ORA DE LOS REMEDIOS: En Guimar\u00e1n a las 17:00 h. funeral por los difuntos de las parroquias de Albandi, Carri\u00f3, Priendes, Prevera, Llorgozana, Amb\u00e1s, Tam\u00f3n, Guimar\u00e1n, y El Valle.<\/p>\n","protected":false},"excerpt":{"rendered":"<p>Desde tiempos inmemorables las diferentes culturas han honrado y recordado a sus seres queridos en los cementerios. Esta tradici\u00f3n difiere de una \u00e9poca a otra, de un pa\u00eds a otro, de una religi\u00f3n a otra, aunque el fin siempre ha sido el mismo, no olvidarse de la persona querida y tener un recuerdo para ella<\/p>\n","protected":false},"author":1,"featured_media":108962,"comment_status":"closed","ping_status":"closed","sticky":false,"template":"","format":"standard","meta":{"footnotes":""},"categories":[2],"tags":[],"class_list":{"0":"post-108961","1":"post","2":"type-post","3":"status-publish","4":"format-standard","5":"has-post-thumbnail","7":"category-noticias-carreno"},"aioseo_notices":[],"aioseo_head":"\n\t\t<!-- All in One SEO Pro 4.9.6.2 - aioseo.com -->\n\t<meta name=\"description\" content=\"Desde tiempos inmemorables las diferentes culturas han honrado y recordado a sus seres queridos en los cementerios. Esta tradici\u00f3n difiere de una \u00e9poca a otra, de un pa\u00eds a otro, de una religi\u00f3n a otra, aunque el fin siempre ha sido el mismo, no olvidarse de la persona querida y tener un recuerdo para ella\" \/>\n\t<meta name=\"robots\" content=\"max-image-preview:large\" \/>\n\t<meta name=\"author\" content=\"Cand\u00e1s 365\"\/>\n\t<meta name=\"google-site-verification\" content=\"UA-32230408-1\" \/>\n\t<meta name=\"msvalidate.01\" content=\"354F3CDFB2DA171B47FBE9ABF1F88D5\" \/>\n\t<meta name=\"keywords\" content=\"noticias carre\u00f1o\" \/>\n\t<link rel=\"canonical\" href=\"https:\/\/candas365.es\/noticias\/puente-de-todos-los-santos-en-carreno\/\" \/>\n\t<meta name=\"generator\" content=\"All in One SEO Pro (AIOSEO) 4.9.6.2\" \/>\n\t\t<meta property=\"og:locale\" content=\"es_ES\" \/>\n\t\t<meta property=\"og:site_name\" content=\"Cand\u00e1s 365\" \/>\n\t\t<meta property=\"og:type\" content=\"article\" \/>\n\t\t<meta property=\"og:title\" content=\"Puente de Todos los Santos en Carre\u00f1o | Cand\u00e1s 365\" \/>\n\t\t<meta property=\"og:description\" content=\"Desde tiempos inmemorables las diferentes culturas han honrado y recordado a sus seres queridos en los cementerios. Esta tradici\u00f3n difiere de una \u00e9poca a otra, de un pa\u00eds a otro, de una religi\u00f3n a otra, aunque el fin siempre ha sido el mismo, no olvidarse de la persona querida y tener un recuerdo para ella\" \/>\n\t\t<meta property=\"og:url\" content=\"https:\/\/candas365.es\/noticias\/puente-de-todos-los-santos-en-carreno\/\" \/>\n\t\t<meta property=\"og:image\" content=\"https:\/\/candas365.es\/noticias\/wp-content\/uploads\/2018\/10\/Ceementerio-municipal-de-San-Bernardo.jpg\" \/>\n\t\t<meta property=\"og:image:secure_url\" content=\"https:\/\/candas365.es\/noticias\/wp-content\/uploads\/2018\/10\/Ceementerio-municipal-de-San-Bernardo.jpg\" \/>\n\t\t<meta property=\"og:image:width\" content=\"1600\" \/>\n\t\t<meta property=\"og:image:height\" content=\"1200\" \/>\n\t\t<meta property=\"article:published_time\" content=\"2018-10-31T05:17:31+00:00\" \/>\n\t\t<meta property=\"article:modified_time\" content=\"2018-10-31T05:17:31+00:00\" \/>\n\t\t<meta property=\"article:publisher\" content=\"https:\/\/www.facebook.com\/Nachofdezber\" \/>\n\t\t<meta property=\"article:author\" content=\"https:\/\/www.facebook.com\/carrenoactualidad\" \/>\n\t\t<meta name=\"twitter:card\" content=\"summary_large_image\" \/>\n\t\t<meta name=\"twitter:site\" content=\"@NabercoDigital\" \/>\n\t\t<meta name=\"twitter:title\" content=\"Puente de Todos los Santos en Carre\u00f1o | Cand\u00e1s 365\" \/>\n\t\t<meta name=\"twitter:description\" content=\"Desde tiempos inmemorables las diferentes culturas han honrado y recordado a sus seres queridos en los cementerios. Esta tradici\u00f3n difiere de una \u00e9poca a otra, de un pa\u00eds a otro, de una religi\u00f3n a otra, aunque el fin siempre ha sido el mismo, no olvidarse de la persona querida y tener un recuerdo para ella\" \/>\n\t\t<meta name=\"twitter:creator\" content=\"@nbasturias\" \/>\n\t\t<meta name=\"twitter:image\" content=\"https:\/\/candas365.es\/noticias\/wp-content\/uploads\/2018\/10\/Ceementerio-municipal-de-San-Bernardo.jpg\" \/>\n\t\t<meta name=\"twitter:label1\" content=\"Escrito por\" \/>\n\t\t<meta name=\"twitter:data1\" content=\"Cand\u00e1s 365\" \/>\n\t\t<meta name=\"twitter:label2\" content=\"Tiempo de lectura estimado\" \/>\n\t\t<meta name=\"twitter:data2\" content=\"8 minutos\" \/>\n\t\t<script type=\"application\/ld+json\" class=\"aioseo-schema\">\n\t\t\t{\"@context\":\"https:\\\/\\\/schema.org\",\"@graph\":[{\"@type\":\"BreadcrumbList\",\"@id\":\"https:\\\/\\\/candas365.es\\\/noticias\\\/puente-de-todos-los-santos-en-carreno\\\/#breadcrumblist\",\"itemListElement\":[{\"@type\":\"ListItem\",\"@id\":\"https:\\\/\\\/candas365.es\\\/noticias#listItem\",\"position\":1,\"name\":\"Home\",\"item\":\"https:\\\/\\\/candas365.es\\\/noticias\",\"nextItem\":{\"@type\":\"ListItem\",\"@id\":\"https:\\\/\\\/candas365.es\\\/noticias\\\/category\\\/noticias-carreno\\\/#listItem\",\"name\":\"Noticias Carre\\u00f1o\"}},{\"@type\":\"ListItem\",\"@id\":\"https:\\\/\\\/candas365.es\\\/noticias\\\/category\\\/noticias-carreno\\\/#listItem\",\"position\":2,\"name\":\"Noticias Carre\\u00f1o\",\"item\":\"https:\\\/\\\/candas365.es\\\/noticias\\\/category\\\/noticias-carreno\\\/\",\"nextItem\":{\"@type\":\"ListItem\",\"@id\":\"https:\\\/\\\/candas365.es\\\/noticias\\\/puente-de-todos-los-santos-en-carreno\\\/#listItem\",\"name\":\"Puente de Todos los Santos en Carre\\u00f1o\"},\"previousItem\":{\"@type\":\"ListItem\",\"@id\":\"https:\\\/\\\/candas365.es\\\/noticias#listItem\",\"name\":\"Home\"}},{\"@type\":\"ListItem\",\"@id\":\"https:\\\/\\\/candas365.es\\\/noticias\\\/puente-de-todos-los-santos-en-carreno\\\/#listItem\",\"position\":3,\"name\":\"Puente de Todos los Santos en Carre\\u00f1o\",\"previousItem\":{\"@type\":\"ListItem\",\"@id\":\"https:\\\/\\\/candas365.es\\\/noticias\\\/category\\\/noticias-carreno\\\/#listItem\",\"name\":\"Noticias Carre\\u00f1o\"}}]},{\"@type\":\"NewsArticle\",\"@id\":\"https:\\\/\\\/candas365.es\\\/noticias\\\/puente-de-todos-los-santos-en-carreno\\\/#newsarticle\",\"name\":\"Puente de Todos los Santos en Carre\\u00f1o | Cand\\u00e1s 365\",\"headline\":\"Puente de Todos los Santos en Carre\\u00f1o\",\"author\":{\"@id\":\"https:\\\/\\\/candas365.es\\\/noticias\\\/author\\\/admin\\\/#author\"},\"publisher\":{\"@id\":\"https:\\\/\\\/candas365.es\\\/noticias\\\/#organization\"},\"image\":{\"@type\":\"ImageObject\",\"url\":\"https:\\\/\\\/candas365.es\\\/noticias\\\/wp-content\\\/uploads\\\/2018\\\/10\\\/Ceementerio-municipal-de-San-Bernardo.jpg\",\"width\":1600,\"height\":1200},\"datePublished\":\"2018-10-31T05:17:31+01:00\",\"dateModified\":\"2018-10-31T05:17:31+01:00\",\"inLanguage\":\"es-ES\",\"mainEntityOfPage\":{\"@id\":\"https:\\\/\\\/candas365.es\\\/noticias\\\/puente-de-todos-los-santos-en-carreno\\\/#webpage\"},\"isPartOf\":{\"@id\":\"https:\\\/\\\/candas365.es\\\/noticias\\\/puente-de-todos-los-santos-en-carreno\\\/#webpage\"},\"articleSection\":\"Noticias Carre\\u00f1o\",\"dateline\":\"Publicado el octubre 31, 2018.\"},{\"@type\":\"Organization\",\"@id\":\"https:\\\/\\\/candas365.es\\\/noticias\\\/#organization\",\"name\":\"Cand\\u00e1s 365\",\"description\":\"Cand\\u00e1s 365 es un diario digital independiente, fundado en 2012, con base en Asturias. Informamos con rigor sobre actualidad, sociedad, cultura y ocio, con una mirada local y global.\",\"url\":\"https:\\\/\\\/candas365.es\\\/noticias\\\/\",\"email\":\"info@candas365.es\",\"telephone\":\"+34652131393\",\"foundingDate\":\"2012-06-10\",\"logo\":{\"@type\":\"ImageObject\",\"url\":\"https:\\\/\\\/candas365.es\\\/noticias\\\/wp-content\\\/uploads\\\/2024\\\/09\\\/Candas-365-Redes.jpg\",\"@id\":\"https:\\\/\\\/candas365.es\\\/noticias\\\/puente-de-todos-los-santos-en-carreno\\\/#organizationLogo\",\"width\":1152,\"height\":864,\"caption\":\"Cand\\u00e1s 365 Redes\"},\"image\":{\"@id\":\"https:\\\/\\\/candas365.es\\\/noticias\\\/puente-de-todos-los-santos-en-carreno\\\/#organizationLogo\"},\"sameAs\":[\"https:\\\/\\\/www.facebook.com\\\/Nachofdezber\",\"https:\\\/\\\/x.com\\\/NabercoDigital\",\"https:\\\/\\\/www.instagram.com\\\/nachofdezber\\\/\",\"https:\\\/\\\/www.youtube.com\\\/channel\\\/UCZP-2wLEB9Rv6erhFmqVnvg\"],\"address\":{\"@id\":\"https:\\\/\\\/candas365.es\\\/noticias\\\/#postaladdress\",\"@type\":\"PostalAddress\",\"streetAddress\":\"san antonio 4, san antonio 4\",\"postalCode\":\"33430\",\"addressLocality\":\"Cand\\u00e1s\",\"addressRegion\":\"Asturias\",\"addressCountry\":\"ES\"}},{\"@type\":\"Person\",\"@id\":\"https:\\\/\\\/candas365.es\\\/noticias\\\/author\\\/admin\\\/#author\",\"url\":\"https:\\\/\\\/candas365.es\\\/noticias\\\/author\\\/admin\\\/\",\"name\":\"Cand\\u00e1s 365\",\"image\":{\"@type\":\"ImageObject\",\"@id\":\"https:\\\/\\\/candas365.es\\\/noticias\\\/puente-de-todos-los-santos-en-carreno\\\/#authorImage\",\"url\":\"https:\\\/\\\/secure.gravatar.com\\\/avatar\\\/496a8e03d0c493ede1718b7934145dbdf8d89be1036b0eec9544e1094c9de390?s=96&d=mm&r=g\",\"width\":96,\"height\":96,\"caption\":\"Cand\\u00e1s 365\"},\"sameAs\":[\"https:\\\/\\\/www.facebook.com\\\/carrenoactualidad\",\"https:\\\/\\\/twitter.com\\\/nbasturias\",\"https:\\\/\\\/www.instagram.com\\\/nachofdezber\\\/\",\"https:\\\/\\\/www.youtube.com\\\/channel\\\/UCZP-2wLEB9Rv6erhFmqVnvg\"]},{\"@type\":\"WebPage\",\"@id\":\"https:\\\/\\\/candas365.es\\\/noticias\\\/puente-de-todos-los-santos-en-carreno\\\/#webpage\",\"url\":\"https:\\\/\\\/candas365.es\\\/noticias\\\/puente-de-todos-los-santos-en-carreno\\\/\",\"name\":\"Puente de Todos los Santos en Carre\\u00f1o | Cand\\u00e1s 365\",\"description\":\"Desde tiempos inmemorables las diferentes culturas han honrado y recordado a sus seres queridos en los cementerios. Esta tradici\\u00f3n difiere de una \\u00e9poca a otra, de un pa\\u00eds a otro, de una religi\\u00f3n a otra, aunque el fin siempre ha sido el mismo, no olvidarse de la persona querida y tener un recuerdo para ella\",\"inLanguage\":\"es-ES\",\"isPartOf\":{\"@id\":\"https:\\\/\\\/candas365.es\\\/noticias\\\/#website\"},\"breadcrumb\":{\"@id\":\"https:\\\/\\\/candas365.es\\\/noticias\\\/puente-de-todos-los-santos-en-carreno\\\/#breadcrumblist\"},\"author\":{\"@id\":\"https:\\\/\\\/candas365.es\\\/noticias\\\/author\\\/admin\\\/#author\"},\"creator\":{\"@id\":\"https:\\\/\\\/candas365.es\\\/noticias\\\/author\\\/admin\\\/#author\"},\"image\":{\"@type\":\"ImageObject\",\"url\":\"https:\\\/\\\/candas365.es\\\/noticias\\\/wp-content\\\/uploads\\\/2018\\\/10\\\/Ceementerio-municipal-de-San-Bernardo.jpg\",\"@id\":\"https:\\\/\\\/candas365.es\\\/noticias\\\/puente-de-todos-los-santos-en-carreno\\\/#mainImage\",\"width\":1600,\"height\":1200},\"primaryImageOfPage\":{\"@id\":\"https:\\\/\\\/candas365.es\\\/noticias\\\/puente-de-todos-los-santos-en-carreno\\\/#mainImage\"},\"datePublished\":\"2018-10-31T05:17:31+01:00\",\"dateModified\":\"2018-10-31T05:17:31+01:00\"},{\"@type\":\"WebSite\",\"@id\":\"https:\\\/\\\/candas365.es\\\/noticias\\\/#website\",\"url\":\"https:\\\/\\\/candas365.es\\\/noticias\\\/\",\"name\":\"Cand\\u00e1s 365\",\"alternateName\":\"Cand\\u00e1s 365 Noticias\",\"description\":\"Actualidad desde Carre\\u00f1o para el mundo\",\"inLanguage\":\"es-ES\",\"publisher\":{\"@id\":\"https:\\\/\\\/candas365.es\\\/noticias\\\/#organization\"}}]}\n\t\t<\/script>\n\t\t<!-- All in One SEO Pro -->\r\n\t\t<title>Puente de Todos los Santos en Carre\u00f1o | Cand\u00e1s 365<\/title>\n\n","aioseo_head_json":{"title":"Puente de Todos los Santos en Carre\u00f1o | Cand\u00e1s 365","description":"Desde tiempos inmemorables las diferentes culturas han honrado y recordado a sus seres queridos en los cementerios. Esta tradici\u00f3n difiere de una \u00e9poca a otra, de un pa\u00eds a otro, de una religi\u00f3n a otra, aunque el fin siempre ha sido el mismo, no olvidarse de la persona querida y tener un recuerdo para ella","canonical_url":"https:\/\/candas365.es\/noticias\/puente-de-todos-los-santos-en-carreno\/","robots":"max-image-preview:large","keywords":"noticias carre\u00f1o","webmasterTools":{"google-site-verification":"UA-32230408-1","msvalidate.01":"354F3CDFB2DA171B47FBE9ABF1F88D5","miscellaneous":""},"schema":{"@context":"https:\/\/schema.org","@graph":[{"@type":"BreadcrumbList","@id":"https:\/\/candas365.es\/noticias\/puente-de-todos-los-santos-en-carreno\/#breadcrumblist","itemListElement":[{"@type":"ListItem","@id":"https:\/\/candas365.es\/noticias#listItem","position":1,"name":"Home","item":"https:\/\/candas365.es\/noticias","nextItem":{"@type":"ListItem","@id":"https:\/\/candas365.es\/noticias\/category\/noticias-carreno\/#listItem","name":"Noticias Carre\u00f1o"}},{"@type":"ListItem","@id":"https:\/\/candas365.es\/noticias\/category\/noticias-carreno\/#listItem","position":2,"name":"Noticias Carre\u00f1o","item":"https:\/\/candas365.es\/noticias\/category\/noticias-carreno\/","nextItem":{"@type":"ListItem","@id":"https:\/\/candas365.es\/noticias\/puente-de-todos-los-santos-en-carreno\/#listItem","name":"Puente de Todos los Santos en Carre\u00f1o"},"previousItem":{"@type":"ListItem","@id":"https:\/\/candas365.es\/noticias#listItem","name":"Home"}},{"@type":"ListItem","@id":"https:\/\/candas365.es\/noticias\/puente-de-todos-los-santos-en-carreno\/#listItem","position":3,"name":"Puente de Todos los Santos en Carre\u00f1o","previousItem":{"@type":"ListItem","@id":"https:\/\/candas365.es\/noticias\/category\/noticias-carreno\/#listItem","name":"Noticias Carre\u00f1o"}}]},{"@type":"NewsArticle","@id":"https:\/\/candas365.es\/noticias\/puente-de-todos-los-santos-en-carreno\/#newsarticle","name":"Puente de Todos los Santos en Carre\u00f1o | Cand\u00e1s 365","headline":"Puente de Todos los Santos en Carre\u00f1o","author":{"@id":"https:\/\/candas365.es\/noticias\/author\/admin\/#author"},"publisher":{"@id":"https:\/\/candas365.es\/noticias\/#organization"},"image":{"@type":"ImageObject","url":"https:\/\/candas365.es\/noticias\/wp-content\/uploads\/2018\/10\/Ceementerio-municipal-de-San-Bernardo.jpg","width":1600,"height":1200},"datePublished":"2018-10-31T05:17:31+01:00","dateModified":"2018-10-31T05:17:31+01:00","inLanguage":"es-ES","mainEntityOfPage":{"@id":"https:\/\/candas365.es\/noticias\/puente-de-todos-los-santos-en-carreno\/#webpage"},"isPartOf":{"@id":"https:\/\/candas365.es\/noticias\/puente-de-todos-los-santos-en-carreno\/#webpage"},"articleSection":"Noticias Carre\u00f1o","dateline":"Publicado el octubre 31, 2018."},{"@type":"Organization","@id":"https:\/\/candas365.es\/noticias\/#organization","name":"Cand\u00e1s 365","description":"Cand\u00e1s 365 es un diario digital independiente, fundado en 2012, con base en Asturias. Informamos con rigor sobre actualidad, sociedad, cultura y ocio, con una mirada local y global.","url":"https:\/\/candas365.es\/noticias\/","email":"info@candas365.es","telephone":"+34652131393","foundingDate":"2012-06-10","logo":{"@type":"ImageObject","url":"https:\/\/candas365.es\/noticias\/wp-content\/uploads\/2024\/09\/Candas-365-Redes.jpg","@id":"https:\/\/candas365.es\/noticias\/puente-de-todos-los-santos-en-carreno\/#organizationLogo","width":1152,"height":864,"caption":"Cand\u00e1s 365 Redes"},"image":{"@id":"https:\/\/candas365.es\/noticias\/puente-de-todos-los-santos-en-carreno\/#organizationLogo"},"sameAs":["https:\/\/www.facebook.com\/Nachofdezber","https:\/\/x.com\/NabercoDigital","https:\/\/www.instagram.com\/nachofdezber\/","https:\/\/www.youtube.com\/channel\/UCZP-2wLEB9Rv6erhFmqVnvg"],"address":{"@id":"https:\/\/candas365.es\/noticias\/#postaladdress","@type":"PostalAddress","streetAddress":"san antonio 4, san antonio 4","postalCode":"33430","addressLocality":"Cand\u00e1s","addressRegion":"Asturias","addressCountry":"ES"}},{"@type":"Person","@id":"https:\/\/candas365.es\/noticias\/author\/admin\/#author","url":"https:\/\/candas365.es\/noticias\/author\/admin\/","name":"Cand\u00e1s 365","image":{"@type":"ImageObject","@id":"https:\/\/candas365.es\/noticias\/puente-de-todos-los-santos-en-carreno\/#authorImage","url":"https:\/\/secure.gravatar.com\/avatar\/496a8e03d0c493ede1718b7934145dbdf8d89be1036b0eec9544e1094c9de390?s=96&d=mm&r=g","width":96,"height":96,"caption":"Cand\u00e1s 365"},"sameAs":["https:\/\/www.facebook.com\/carrenoactualidad","https:\/\/twitter.com\/nbasturias","https:\/\/www.instagram.com\/nachofdezber\/","https:\/\/www.youtube.com\/channel\/UCZP-2wLEB9Rv6erhFmqVnvg"]},{"@type":"WebPage","@id":"https:\/\/candas365.es\/noticias\/puente-de-todos-los-santos-en-carreno\/#webpage","url":"https:\/\/candas365.es\/noticias\/puente-de-todos-los-santos-en-carreno\/","name":"Puente de Todos los Santos en Carre\u00f1o | Cand\u00e1s 365","description":"Desde tiempos inmemorables las diferentes culturas han honrado y recordado a sus seres queridos en los cementerios. Esta tradici\u00f3n difiere de una \u00e9poca a otra, de un pa\u00eds a otro, de una religi\u00f3n a otra, aunque el fin siempre ha sido el mismo, no olvidarse de la persona querida y tener un recuerdo para ella","inLanguage":"es-ES","isPartOf":{"@id":"https:\/\/candas365.es\/noticias\/#website"},"breadcrumb":{"@id":"https:\/\/candas365.es\/noticias\/puente-de-todos-los-santos-en-carreno\/#breadcrumblist"},"author":{"@id":"https:\/\/candas365.es\/noticias\/author\/admin\/#author"},"creator":{"@id":"https:\/\/candas365.es\/noticias\/author\/admin\/#author"},"image":{"@type":"ImageObject","url":"https:\/\/candas365.es\/noticias\/wp-content\/uploads\/2018\/10\/Ceementerio-municipal-de-San-Bernardo.jpg","@id":"https:\/\/candas365.es\/noticias\/puente-de-todos-los-santos-en-carreno\/#mainImage","width":1600,"height":1200},"primaryImageOfPage":{"@id":"https:\/\/candas365.es\/noticias\/puente-de-todos-los-santos-en-carreno\/#mainImage"},"datePublished":"2018-10-31T05:17:31+01:00","dateModified":"2018-10-31T05:17:31+01:00"},{"@type":"WebSite","@id":"https:\/\/candas365.es\/noticias\/#website","url":"https:\/\/candas365.es\/noticias\/","name":"Cand\u00e1s 365","alternateName":"Cand\u00e1s 365 Noticias","description":"Actualidad desde Carre\u00f1o para el mundo","inLanguage":"es-ES","publisher":{"@id":"https:\/\/candas365.es\/noticias\/#organization"}}]},"og:locale":"es_ES","og:site_name":"Cand\u00e1s 365","og:type":"article","og:title":"Puente de Todos los Santos en Carre\u00f1o | Cand\u00e1s 365","og:description":"Desde tiempos inmemorables las diferentes culturas han honrado y recordado a sus seres queridos en los cementerios. Esta tradici\u00f3n difiere de una \u00e9poca a otra, de un pa\u00eds a otro, de una religi\u00f3n a otra, aunque el fin siempre ha sido el mismo, no olvidarse de la persona querida y tener un recuerdo para ella","og:url":"https:\/\/candas365.es\/noticias\/puente-de-todos-los-santos-en-carreno\/","og:image":"https:\/\/candas365.es\/noticias\/wp-content\/uploads\/2018\/10\/Ceementerio-municipal-de-San-Bernardo.jpg","og:image:secure_url":"https:\/\/candas365.es\/noticias\/wp-content\/uploads\/2018\/10\/Ceementerio-municipal-de-San-Bernardo.jpg","og:image:width":1600,"og:image:height":1200,"article:published_time":"2018-10-31T05:17:31+00:00","article:modified_time":"2018-10-31T05:17:31+00:00","article:publisher":"https:\/\/www.facebook.com\/Nachofdezber","article:author":"https:\/\/www.facebook.com\/carrenoactualidad","twitter:card":"summary_large_image","twitter:site":"@NabercoDigital","twitter:title":"Puente de Todos los Santos en Carre\u00f1o | Cand\u00e1s 365","twitter:description":"Desde tiempos inmemorables las diferentes culturas han honrado y recordado a sus seres queridos en los cementerios. Esta tradici\u00f3n difiere de una \u00e9poca a otra, de un pa\u00eds a otro, de una religi\u00f3n a otra, aunque el fin siempre ha sido el mismo, no olvidarse de la persona querida y tener un recuerdo para ella","twitter:creator":"@nbasturias","twitter:image":"https:\/\/candas365.es\/noticias\/wp-content\/uploads\/2018\/10\/Ceementerio-municipal-de-San-Bernardo.jpg","twitter:label1":"Escrito por","twitter:data1":"Cand\u00e1s 365","twitter:label2":"Tiempo de lectura estimado","twitter:data2":"8 minutos"},"aioseo_meta_data":{"post_id":"108961","title":null,"description":null,"keywords":null,"keyphrases":null,"primary_term":null,"canonical_url":null,"og_title":null,"og_description":null,"og_object_type":"default","og_image_type":"default","og_image_url":null,"og_image_width":null,"og_image_height":null,"og_image_custom_url":null,"og_image_custom_fields":null,"og_video":null,"og_custom_url":null,"og_article_section":null,"og_article_tags":null,"twitter_use_og":false,"twitter_card":"default","twitter_image_type":"default","twitter_image_url":null,"twitter_image_custom_url":null,"twitter_image_custom_fields":null,"twitter_title":null,"twitter_description":null,"schema":{"blockGraphs":[],"customGraphs":[],"default":{"data":{"Article":[],"Course":[],"Dataset":[],"FAQPage":[],"Movie":[],"Person":[],"Product":[],"ProductReview":[],"Car":[],"Recipe":[],"Service":[],"SoftwareApplication":[],"WebPage":[]},"graphName":"","isEnabled":true},"graphs":[]},"schema_type":null,"schema_type_options":null,"pillar_content":false,"robots_default":true,"robots_noindex":false,"robots_noarchive":false,"robots_nosnippet":false,"robots_nofollow":false,"robots_noimageindex":false,"robots_noodp":false,"robots_notranslate":false,"robots_max_snippet":null,"robots_max_videopreview":null,"robots_max_imagepreview":"large","priority":null,"frequency":null,"location":null,"local_seo":null,"seo_analyzer_scan_date":"2025-08-28 08:23:20","breadcrumb_settings":null,"limit_modified_date":false,"reviewed_by":null,"open_ai":null,"ai":null,"created":"2020-12-21 11:39:36","updated":"2025-08-28 08:23:20"},"aioseo_breadcrumb":"<div class=\"aioseo-breadcrumbs\"><span class=\"aioseo-breadcrumb\">\n\t<a href=\"https:\/\/candas365.es\/noticias\" title=\"Home\">Home<\/a>\n<\/span><span class=\"aioseo-breadcrumb-separator\">&ndash;<\/span><span class=\"aioseo-breadcrumb\">\n\t<a href=\"https:\/\/candas365.es\/noticias\/category\/noticias-carreno\/\" title=\"Noticias Carre\u00f1o\">Noticias Carre\u00f1o<\/a>\n<\/span><span class=\"aioseo-breadcrumb-separator\">&ndash;<\/span><span class=\"aioseo-breadcrumb\">\n\tPuente de Todos los Santos en Carre\u00f1o\n<\/span><\/div>","aioseo_breadcrumb_json":[{"label":"Home","link":"https:\/\/candas365.es\/noticias"},{"label":"Noticias Carre\u00f1o","link":"https:\/\/candas365.es\/noticias\/category\/noticias-carreno\/"},{"label":"Puente de Todos los Santos en Carre\u00f1o","link":"https:\/\/candas365.es\/noticias\/puente-de-todos-los-santos-en-carreno\/"}],"_links":{"self":[{"href":"https:\/\/candas365.es\/noticias\/wp-json\/wp\/v2\/posts\/108961","targetHints":{"allow":["GET"]}}],"collection":[{"href":"https:\/\/candas365.es\/noticias\/wp-json\/wp\/v2\/posts"}],"about":[{"href":"https:\/\/candas365.es\/noticias\/wp-json\/wp\/v2\/types\/post"}],"author":[{"embeddable":true,"href":"https:\/\/candas365.es\/noticias\/wp-json\/wp\/v2\/users\/1"}],"replies":[{"embeddable":true,"href":"https:\/\/candas365.es\/noticias\/wp-json\/wp\/v2\/comments?post=108961"}],"version-history":[{"count":0,"href":"https:\/\/candas365.es\/noticias\/wp-json\/wp\/v2\/posts\/108961\/revisions"}],"wp:featuredmedia":[{"embeddable":true,"href":"https:\/\/candas365.es\/noticias\/wp-json\/wp\/v2\/media\/108962"}],"wp:attachment":[{"href":"https:\/\/candas365.es\/noticias\/wp-json\/wp\/v2\/media?parent=108961"}],"wp:term":[{"taxonomy":"category","embeddable":true,"href":"https:\/\/candas365.es\/noticias\/wp-json\/wp\/v2\/categories?post=108961"},{"taxonomy":"post_tag","embeddable":true,"href":"https:\/\/candas365.es\/noticias\/wp-json\/wp\/v2\/tags?post=108961"}],"curies":[{"name":"wp","href":"https:\/\/api.w.org\/{rel}","templated":true}]}}