{"id":108959,"date":"2018-10-31T05:11:04","date_gmt":"2018-10-31T05:11:04","guid":{"rendered":"http:\/\/candas365.es\/noticias\/?p=108959"},"modified":"2018-10-31T05:11:04","modified_gmt":"2018-10-31T05:11:04","slug":"carreno-se-apunta-a-los-cursos-extension-cultural-2018-2019","status":"publish","type":"post","link":"https:\/\/candas365.es\/noticias\/carreno-se-apunta-a-los-cursos-extension-cultural-2018-2019\/","title":{"rendered":"Carre\u00f1o se apunta a los Cursos Extensi\u00f3n Cultural 2018-2019"},"content":{"rendered":"<p><img fetchpriority=\"high\" decoding=\"async\" class=\"alignleft size-medium wp-image-2364\" src=\"https:\/\/candas365.es\/noticias\/wp-content\/uploads\/2014\/10\/Polivalente-360x270.jpg\" alt=\"\" width=\"360\" height=\"270\" srcset=\"https:\/\/candas365.es\/noticias\/wp-content\/uploads\/2014\/10\/Polivalente-360x270.jpg 360w, https:\/\/candas365.es\/noticias\/wp-content\/uploads\/2014\/10\/Polivalente-640x480.jpg 640w, https:\/\/candas365.es\/noticias\/wp-content\/uploads\/2014\/10\/Polivalente-768x576.jpg 768w, https:\/\/candas365.es\/noticias\/wp-content\/uploads\/2014\/10\/Polivalente-150x113.jpg 150w, https:\/\/candas365.es\/noticias\/wp-content\/uploads\/2014\/10\/Polivalente-450x338.jpg 450w, https:\/\/candas365.es\/noticias\/wp-content\/uploads\/2014\/10\/Polivalente-80x60.jpg 80w, https:\/\/candas365.es\/noticias\/wp-content\/uploads\/2014\/10\/Polivalente-265x198.jpg 265w, https:\/\/candas365.es\/noticias\/wp-content\/uploads\/2014\/10\/Polivalente-696x522.jpg 696w, https:\/\/candas365.es\/noticias\/wp-content\/uploads\/2014\/10\/Polivalente-560x420.jpg 560w, https:\/\/candas365.es\/noticias\/wp-content\/uploads\/2014\/10\/Polivalente-90x67.jpg 90w, https:\/\/candas365.es\/noticias\/wp-content\/uploads\/2014\/10\/Polivalente.jpg 1024w\" sizes=\"(max-width: 360px) 100vw, 360px\" \/>Este viernes, 2 de noviembre, a las 18:00 horas tendr\u00e1 lugar en el Sal\u00f3n de Actos del Edificio Polivalente \u201cLa Baraga\u00f1a\u201d de Cand\u00e1s, la presentaci\u00f3n de una nueva edici\u00f3n de los Cursos de Extensi\u00f3n Cultural .<\/p>\n<p>En esta nueva edici\u00f3n se han ofertado un total de 30 acciones formativas de 17 tem\u00e1ticas distintas. Manteniendo la oferta de cursos y plazas para personas de todas las edades, distribuidas en 2.065 horas lectivas de formaci\u00f3n. Llegando as\u00ed cada vez m\u00e1s lejos en el objetivo de promover la participaci\u00f3n social, la educaci\u00f3n, la formaci\u00f3n y la cultura, y mejorar la calidad de vida de las personas en el \u00e1mbito municipal.<\/p>\n<p>\u201cEn aras de que toda la ciudadan\u00eda pueda acceder a este programa cultural hemos mantenido el precio de la matr\u00edcula en los cursos y la bonificaci\u00f3n del 50% en los mismos para las personas que se encuentren en la situaci\u00f3n de desempleo de larga duraci\u00f3n. Hemos diversificado la oferta para todos los colectivos, intentando ajustarnos a las peticiones de la ciudadan\u00eda. De esta forma se han ofertado una amplitud de horarios y d\u00edas, programando cursos en horario de ma\u00f1anas y de tardes, de lunes a viernes, acomodando los cursos a los espacios municipales disponibles\u201d coment\u00f3 Cecilia Tasc\u00f3n-Concejala de Cultura.<\/p>\n<p>\u201cVuelven a sorprender los cursos dedicados a la recuperaci\u00f3n de la cultura tradicional, \u201cDanza prima y cancionero candas\u00edn\u201d o \u201cConfecci\u00f3n de mantas candasinas\u201d, los cuales a los pocos d\u00edas ya tienen cubiertas todas sus plazas. O cursos como \u201cManualidades\u201d de la zona rural, no s\u00f3lo se consolide como acci\u00f3n formativa, si no que siga aumentado el n\u00famero de personas inscritas. Al igual que ocurre con los dos grupo de \u201cArtesan\u00eda Decorativa\u201d o los de \u201cCer\u00e1mica\u201d o \u201cCuero\u201d\u201d prosigui\u00f3 la Concejala.<\/p>\n<p>\u201cA d\u00eda de hoy son 316 personas inscritas para esta nueva edici\u00f3n. Lo que representa que el 3% de la poblaci\u00f3n de Carre\u00f1o participar\u00e1 en alguna de las acciones formativas. Aunque a\u00fan existen plazas disponibles para los cursos que dan comienzo en noviembre, por lo que si alguna persona est\u00e1 interesada s\u00f3lo tiene que acudir al registro municipal e inscribirse. En el caso de las tem\u00e1ticas que tiene su comienzo a primeros del pr\u00f3ximo a\u00f1o abriremos un nuevo per\u00edodo de matriculaci\u00f3n en el mes de diciembre\u201d se\u00f1al\u00f3 Tasc\u00f3n.<\/p>\n<p>\u201cEn un principio la presentaci\u00f3n de esta edici\u00f3n 2018-2019 estaba prevista para el mi\u00e9rcoles 31 de octubre, pero debido a la celebraci\u00f3n de una sesi\u00f3n extraordinaria del pleno municipal, finalmente la hemos trasladado a este viernes 2 de noviembre. Disculparme ante la ciudadan\u00eda por el cambio y por el posible perjuicio que le pudiera ocasionar. \u201d finaliz\u00f3 la Concejala.<\/p>\n<p>El inicio de los mismos ser\u00e1 a partir del lunes 5 de noviembre de 2018, primer d\u00eda lectivo de ese mes. En el d\u00eda que corresponda a cada curso, seg\u00fan el horario previsto en el calendario que se hace entrega, al alumnado, junto con la matr\u00edcula. Salvo para los cursos que dan comienzo en el mes de enero.<\/p>\n","protected":false},"excerpt":{"rendered":"<p>Este viernes, 2 de noviembre, a las 18:00 horas tendr\u00e1 lugar en el Sal\u00f3n de Actos del Edificio Polivalente \u201cLa Baraga\u00f1a\u201d de Cand\u00e1s, la presentaci\u00f3n de una nueva edici\u00f3n de los Cursos de Extensi\u00f3n Cultural . En esta nueva edici\u00f3n se han ofertado un total de 30 acciones formativas de 17 tem\u00e1ticas distintas. Manteniendo la<\/p>\n","protected":false},"author":1,"featured_media":2364,"comment_status":"closed","ping_status":"closed","sticky":false,"template":"","format":"standard","meta":{"footnotes":""},"categories":[2],"tags":[],"class_list":{"0":"post-108959","1":"post","2":"type-post","3":"status-publish","4":"format-standard","5":"has-post-thumbnail","7":"category-noticias-carreno"},"aioseo_notices":[],"aioseo_head":"\n\t\t<!-- All in One SEO Pro 4.9.6.2 - aioseo.com -->\n\t<meta name=\"description\" content=\"Este viernes, 2 de noviembre, a las 18:00 horas tendr\u00e1 lugar en el Sal\u00f3n de Actos del Edificio Polivalente \u201cLa Baraga\u00f1a\u201d de Cand\u00e1s, la presentaci\u00f3n de una nueva edici\u00f3n de los Cursos de Extensi\u00f3n Cultural . En esta nueva edici\u00f3n se han ofertado un total de 30 acciones formativas de 17 tem\u00e1ticas distintas. Manteniendo la\" \/>\n\t<meta name=\"robots\" content=\"max-image-preview:large\" \/>\n\t<meta name=\"author\" content=\"Cand\u00e1s 365\"\/>\n\t<meta name=\"google-site-verification\" content=\"UA-32230408-1\" \/>\n\t<meta name=\"msvalidate.01\" content=\"354F3CDFB2DA171B47FBE9ABF1F88D5\" \/>\n\t<meta name=\"keywords\" content=\"noticias carre\u00f1o\" \/>\n\t<link rel=\"canonical\" href=\"https:\/\/candas365.es\/noticias\/carreno-se-apunta-a-los-cursos-extension-cultural-2018-2019\/\" \/>\n\t<meta name=\"generator\" content=\"All in One SEO Pro (AIOSEO) 4.9.6.2\" \/>\n\t\t<meta property=\"og:locale\" content=\"es_ES\" \/>\n\t\t<meta property=\"og:site_name\" content=\"Cand\u00e1s 365\" \/>\n\t\t<meta property=\"og:type\" content=\"article\" \/>\n\t\t<meta property=\"og:title\" content=\"Carre\u00f1o se apunta a los Cursos Extensi\u00f3n Cultural 2018-2019 | Cand\u00e1s 365\" \/>\n\t\t<meta property=\"og:description\" content=\"Este viernes, 2 de noviembre, a las 18:00 horas tendr\u00e1 lugar en el Sal\u00f3n de Actos del Edificio Polivalente \u201cLa Baraga\u00f1a\u201d de Cand\u00e1s, la presentaci\u00f3n de una nueva edici\u00f3n de los Cursos de Extensi\u00f3n Cultural . En esta nueva edici\u00f3n se han ofertado un total de 30 acciones formativas de 17 tem\u00e1ticas distintas. Manteniendo la\" \/>\n\t\t<meta property=\"og:url\" content=\"https:\/\/candas365.es\/noticias\/carreno-se-apunta-a-los-cursos-extension-cultural-2018-2019\/\" \/>\n\t\t<meta property=\"og:image\" content=\"https:\/\/candas365.es\/noticias\/wp-content\/uploads\/2014\/10\/Polivalente.jpg\" \/>\n\t\t<meta property=\"og:image:secure_url\" content=\"https:\/\/candas365.es\/noticias\/wp-content\/uploads\/2014\/10\/Polivalente.jpg\" \/>\n\t\t<meta property=\"og:image:width\" content=\"1024\" \/>\n\t\t<meta property=\"og:image:height\" content=\"768\" \/>\n\t\t<meta property=\"article:published_time\" content=\"2018-10-31T05:11:04+00:00\" \/>\n\t\t<meta property=\"article:modified_time\" content=\"2018-10-31T05:11:04+00:00\" \/>\n\t\t<meta property=\"article:publisher\" content=\"https:\/\/www.facebook.com\/Nachofdezber\" \/>\n\t\t<meta property=\"article:author\" content=\"https:\/\/www.facebook.com\/carrenoactualidad\" \/>\n\t\t<meta name=\"twitter:card\" content=\"summary_large_image\" \/>\n\t\t<meta name=\"twitter:site\" content=\"@NabercoDigital\" \/>\n\t\t<meta name=\"twitter:title\" content=\"Carre\u00f1o se apunta a los Cursos Extensi\u00f3n Cultural 2018-2019 | Cand\u00e1s 365\" \/>\n\t\t<meta name=\"twitter:description\" content=\"Este viernes, 2 de noviembre, a las 18:00 horas tendr\u00e1 lugar en el Sal\u00f3n de Actos del Edificio Polivalente \u201cLa Baraga\u00f1a\u201d de Cand\u00e1s, la presentaci\u00f3n de una nueva edici\u00f3n de los Cursos de Extensi\u00f3n Cultural . En esta nueva edici\u00f3n se han ofertado un total de 30 acciones formativas de 17 tem\u00e1ticas distintas. Manteniendo la\" \/>\n\t\t<meta name=\"twitter:creator\" content=\"@nbasturias\" \/>\n\t\t<meta name=\"twitter:image\" content=\"https:\/\/candas365.es\/noticias\/wp-content\/uploads\/2014\/10\/Polivalente.jpg\" \/>\n\t\t<meta name=\"twitter:label1\" content=\"Escrito por\" \/>\n\t\t<meta name=\"twitter:data1\" content=\"Cand\u00e1s 365\" \/>\n\t\t<meta name=\"twitter:label2\" content=\"Tiempo de lectura estimado\" \/>\n\t\t<meta name=\"twitter:data2\" content=\"3 minutos\" \/>\n\t\t<script type=\"application\/ld+json\" class=\"aioseo-schema\">\n\t\t\t{\"@context\":\"https:\\\/\\\/schema.org\",\"@graph\":[{\"@type\":\"BreadcrumbList\",\"@id\":\"https:\\\/\\\/candas365.es\\\/noticias\\\/carreno-se-apunta-a-los-cursos-extension-cultural-2018-2019\\\/#breadcrumblist\",\"itemListElement\":[{\"@type\":\"ListItem\",\"@id\":\"https:\\\/\\\/candas365.es\\\/noticias#listItem\",\"position\":1,\"name\":\"Home\",\"item\":\"https:\\\/\\\/candas365.es\\\/noticias\",\"nextItem\":{\"@type\":\"ListItem\",\"@id\":\"https:\\\/\\\/candas365.es\\\/noticias\\\/category\\\/noticias-carreno\\\/#listItem\",\"name\":\"Noticias Carre\\u00f1o\"}},{\"@type\":\"ListItem\",\"@id\":\"https:\\\/\\\/candas365.es\\\/noticias\\\/category\\\/noticias-carreno\\\/#listItem\",\"position\":2,\"name\":\"Noticias Carre\\u00f1o\",\"item\":\"https:\\\/\\\/candas365.es\\\/noticias\\\/category\\\/noticias-carreno\\\/\",\"nextItem\":{\"@type\":\"ListItem\",\"@id\":\"https:\\\/\\\/candas365.es\\\/noticias\\\/carreno-se-apunta-a-los-cursos-extension-cultural-2018-2019\\\/#listItem\",\"name\":\"Carre\\u00f1o se apunta a los Cursos Extensi\\u00f3n Cultural 2018-2019\"},\"previousItem\":{\"@type\":\"ListItem\",\"@id\":\"https:\\\/\\\/candas365.es\\\/noticias#listItem\",\"name\":\"Home\"}},{\"@type\":\"ListItem\",\"@id\":\"https:\\\/\\\/candas365.es\\\/noticias\\\/carreno-se-apunta-a-los-cursos-extension-cultural-2018-2019\\\/#listItem\",\"position\":3,\"name\":\"Carre\\u00f1o se apunta a los Cursos Extensi\\u00f3n Cultural 2018-2019\",\"previousItem\":{\"@type\":\"ListItem\",\"@id\":\"https:\\\/\\\/candas365.es\\\/noticias\\\/category\\\/noticias-carreno\\\/#listItem\",\"name\":\"Noticias Carre\\u00f1o\"}}]},{\"@type\":\"NewsArticle\",\"@id\":\"https:\\\/\\\/candas365.es\\\/noticias\\\/carreno-se-apunta-a-los-cursos-extension-cultural-2018-2019\\\/#newsarticle\",\"name\":\"Carre\\u00f1o se apunta a los Cursos Extensi\\u00f3n Cultural 2018-2019 | Cand\\u00e1s 365\",\"headline\":\"Carre\\u00f1o se apunta a los Cursos Extensi\\u00f3n Cultural 2018-2019\",\"author\":{\"@id\":\"https:\\\/\\\/candas365.es\\\/noticias\\\/author\\\/admin\\\/#author\"},\"publisher\":{\"@id\":\"https:\\\/\\\/candas365.es\\\/noticias\\\/#organization\"},\"image\":{\"@type\":\"ImageObject\",\"url\":\"https:\\\/\\\/candas365.es\\\/noticias\\\/wp-content\\\/uploads\\\/2014\\\/10\\\/Polivalente.jpg\",\"width\":1024,\"height\":768},\"datePublished\":\"2018-10-31T05:11:04+01:00\",\"dateModified\":\"2018-10-31T05:11:04+01:00\",\"inLanguage\":\"es-ES\",\"mainEntityOfPage\":{\"@id\":\"https:\\\/\\\/candas365.es\\\/noticias\\\/carreno-se-apunta-a-los-cursos-extension-cultural-2018-2019\\\/#webpage\"},\"isPartOf\":{\"@id\":\"https:\\\/\\\/candas365.es\\\/noticias\\\/carreno-se-apunta-a-los-cursos-extension-cultural-2018-2019\\\/#webpage\"},\"articleSection\":\"Noticias Carre\\u00f1o\",\"dateline\":\"Publicado el octubre 31, 2018.\"},{\"@type\":\"Organization\",\"@id\":\"https:\\\/\\\/candas365.es\\\/noticias\\\/#organization\",\"name\":\"Cand\\u00e1s 365\",\"description\":\"Cand\\u00e1s 365 es un diario digital independiente, fundado en 2012, con base en Asturias. Informamos con rigor sobre actualidad, sociedad, cultura y ocio, con una mirada local y global.\",\"url\":\"https:\\\/\\\/candas365.es\\\/noticias\\\/\",\"email\":\"info@candas365.es\",\"telephone\":\"+34652131393\",\"foundingDate\":\"2012-06-10\",\"logo\":{\"@type\":\"ImageObject\",\"url\":\"https:\\\/\\\/candas365.es\\\/noticias\\\/wp-content\\\/uploads\\\/2024\\\/09\\\/Candas-365-Redes.jpg\",\"@id\":\"https:\\\/\\\/candas365.es\\\/noticias\\\/carreno-se-apunta-a-los-cursos-extension-cultural-2018-2019\\\/#organizationLogo\",\"width\":1152,\"height\":864,\"caption\":\"Cand\\u00e1s 365 Redes\"},\"image\":{\"@id\":\"https:\\\/\\\/candas365.es\\\/noticias\\\/carreno-se-apunta-a-los-cursos-extension-cultural-2018-2019\\\/#organizationLogo\"},\"sameAs\":[\"https:\\\/\\\/www.facebook.com\\\/Nachofdezber\",\"https:\\\/\\\/x.com\\\/NabercoDigital\",\"https:\\\/\\\/www.instagram.com\\\/nachofdezber\\\/\",\"https:\\\/\\\/www.youtube.com\\\/channel\\\/UCZP-2wLEB9Rv6erhFmqVnvg\"],\"address\":{\"@id\":\"https:\\\/\\\/candas365.es\\\/noticias\\\/#postaladdress\",\"@type\":\"PostalAddress\",\"streetAddress\":\"san antonio 4, san antonio 4\",\"postalCode\":\"33430\",\"addressLocality\":\"Cand\\u00e1s\",\"addressRegion\":\"Asturias\",\"addressCountry\":\"ES\"}},{\"@type\":\"Person\",\"@id\":\"https:\\\/\\\/candas365.es\\\/noticias\\\/author\\\/admin\\\/#author\",\"url\":\"https:\\\/\\\/candas365.es\\\/noticias\\\/author\\\/admin\\\/\",\"name\":\"Cand\\u00e1s 365\",\"image\":{\"@type\":\"ImageObject\",\"@id\":\"https:\\\/\\\/candas365.es\\\/noticias\\\/carreno-se-apunta-a-los-cursos-extension-cultural-2018-2019\\\/#authorImage\",\"url\":\"https:\\\/\\\/secure.gravatar.com\\\/avatar\\\/496a8e03d0c493ede1718b7934145dbdf8d89be1036b0eec9544e1094c9de390?s=96&d=mm&r=g\",\"width\":96,\"height\":96,\"caption\":\"Cand\\u00e1s 365\"},\"sameAs\":[\"https:\\\/\\\/www.facebook.com\\\/carrenoactualidad\",\"https:\\\/\\\/twitter.com\\\/nbasturias\",\"https:\\\/\\\/www.instagram.com\\\/nachofdezber\\\/\",\"https:\\\/\\\/www.youtube.com\\\/channel\\\/UCZP-2wLEB9Rv6erhFmqVnvg\"]},{\"@type\":\"WebPage\",\"@id\":\"https:\\\/\\\/candas365.es\\\/noticias\\\/carreno-se-apunta-a-los-cursos-extension-cultural-2018-2019\\\/#webpage\",\"url\":\"https:\\\/\\\/candas365.es\\\/noticias\\\/carreno-se-apunta-a-los-cursos-extension-cultural-2018-2019\\\/\",\"name\":\"Carre\\u00f1o se apunta a los Cursos Extensi\\u00f3n Cultural 2018-2019 | Cand\\u00e1s 365\",\"description\":\"Este viernes, 2 de noviembre, a las 18:00 horas tendr\\u00e1 lugar en el Sal\\u00f3n de Actos del Edificio Polivalente \\u201cLa Baraga\\u00f1a\\u201d de Cand\\u00e1s, la presentaci\\u00f3n de una nueva edici\\u00f3n de los Cursos de Extensi\\u00f3n Cultural . En esta nueva edici\\u00f3n se han ofertado un total de 30 acciones formativas de 17 tem\\u00e1ticas distintas. Manteniendo la\",\"inLanguage\":\"es-ES\",\"isPartOf\":{\"@id\":\"https:\\\/\\\/candas365.es\\\/noticias\\\/#website\"},\"breadcrumb\":{\"@id\":\"https:\\\/\\\/candas365.es\\\/noticias\\\/carreno-se-apunta-a-los-cursos-extension-cultural-2018-2019\\\/#breadcrumblist\"},\"author\":{\"@id\":\"https:\\\/\\\/candas365.es\\\/noticias\\\/author\\\/admin\\\/#author\"},\"creator\":{\"@id\":\"https:\\\/\\\/candas365.es\\\/noticias\\\/author\\\/admin\\\/#author\"},\"image\":{\"@type\":\"ImageObject\",\"url\":\"https:\\\/\\\/candas365.es\\\/noticias\\\/wp-content\\\/uploads\\\/2014\\\/10\\\/Polivalente.jpg\",\"@id\":\"https:\\\/\\\/candas365.es\\\/noticias\\\/carreno-se-apunta-a-los-cursos-extension-cultural-2018-2019\\\/#mainImage\",\"width\":1024,\"height\":768},\"primaryImageOfPage\":{\"@id\":\"https:\\\/\\\/candas365.es\\\/noticias\\\/carreno-se-apunta-a-los-cursos-extension-cultural-2018-2019\\\/#mainImage\"},\"datePublished\":\"2018-10-31T05:11:04+01:00\",\"dateModified\":\"2018-10-31T05:11:04+01:00\"},{\"@type\":\"WebSite\",\"@id\":\"https:\\\/\\\/candas365.es\\\/noticias\\\/#website\",\"url\":\"https:\\\/\\\/candas365.es\\\/noticias\\\/\",\"name\":\"Cand\\u00e1s 365\",\"alternateName\":\"Cand\\u00e1s 365 Noticias\",\"description\":\"Actualidad desde Carre\\u00f1o para el mundo\",\"inLanguage\":\"es-ES\",\"publisher\":{\"@id\":\"https:\\\/\\\/candas365.es\\\/noticias\\\/#organization\"}}]}\n\t\t<\/script>\n\t\t<!-- All in One SEO Pro -->\r\n\t\t<title>Carre\u00f1o se apunta a los Cursos Extensi\u00f3n Cultural 2018-2019 | Cand\u00e1s 365<\/title>\n\n","aioseo_head_json":{"title":"Carre\u00f1o se apunta a los Cursos Extensi\u00f3n Cultural 2018-2019 | Cand\u00e1s 365","description":"Este viernes, 2 de noviembre, a las 18:00 horas tendr\u00e1 lugar en el Sal\u00f3n de Actos del Edificio Polivalente \u201cLa Baraga\u00f1a\u201d de Cand\u00e1s, la presentaci\u00f3n de una nueva edici\u00f3n de los Cursos de Extensi\u00f3n Cultural . En esta nueva edici\u00f3n se han ofertado un total de 30 acciones formativas de 17 tem\u00e1ticas distintas. Manteniendo la","canonical_url":"https:\/\/candas365.es\/noticias\/carreno-se-apunta-a-los-cursos-extension-cultural-2018-2019\/","robots":"max-image-preview:large","keywords":"noticias carre\u00f1o","webmasterTools":{"google-site-verification":"UA-32230408-1","msvalidate.01":"354F3CDFB2DA171B47FBE9ABF1F88D5","miscellaneous":""},"schema":{"@context":"https:\/\/schema.org","@graph":[{"@type":"BreadcrumbList","@id":"https:\/\/candas365.es\/noticias\/carreno-se-apunta-a-los-cursos-extension-cultural-2018-2019\/#breadcrumblist","itemListElement":[{"@type":"ListItem","@id":"https:\/\/candas365.es\/noticias#listItem","position":1,"name":"Home","item":"https:\/\/candas365.es\/noticias","nextItem":{"@type":"ListItem","@id":"https:\/\/candas365.es\/noticias\/category\/noticias-carreno\/#listItem","name":"Noticias Carre\u00f1o"}},{"@type":"ListItem","@id":"https:\/\/candas365.es\/noticias\/category\/noticias-carreno\/#listItem","position":2,"name":"Noticias Carre\u00f1o","item":"https:\/\/candas365.es\/noticias\/category\/noticias-carreno\/","nextItem":{"@type":"ListItem","@id":"https:\/\/candas365.es\/noticias\/carreno-se-apunta-a-los-cursos-extension-cultural-2018-2019\/#listItem","name":"Carre\u00f1o se apunta a los Cursos Extensi\u00f3n Cultural 2018-2019"},"previousItem":{"@type":"ListItem","@id":"https:\/\/candas365.es\/noticias#listItem","name":"Home"}},{"@type":"ListItem","@id":"https:\/\/candas365.es\/noticias\/carreno-se-apunta-a-los-cursos-extension-cultural-2018-2019\/#listItem","position":3,"name":"Carre\u00f1o se apunta a los Cursos Extensi\u00f3n Cultural 2018-2019","previousItem":{"@type":"ListItem","@id":"https:\/\/candas365.es\/noticias\/category\/noticias-carreno\/#listItem","name":"Noticias Carre\u00f1o"}}]},{"@type":"NewsArticle","@id":"https:\/\/candas365.es\/noticias\/carreno-se-apunta-a-los-cursos-extension-cultural-2018-2019\/#newsarticle","name":"Carre\u00f1o se apunta a los Cursos Extensi\u00f3n Cultural 2018-2019 | Cand\u00e1s 365","headline":"Carre\u00f1o se apunta a los Cursos Extensi\u00f3n Cultural 2018-2019","author":{"@id":"https:\/\/candas365.es\/noticias\/author\/admin\/#author"},"publisher":{"@id":"https:\/\/candas365.es\/noticias\/#organization"},"image":{"@type":"ImageObject","url":"https:\/\/candas365.es\/noticias\/wp-content\/uploads\/2014\/10\/Polivalente.jpg","width":1024,"height":768},"datePublished":"2018-10-31T05:11:04+01:00","dateModified":"2018-10-31T05:11:04+01:00","inLanguage":"es-ES","mainEntityOfPage":{"@id":"https:\/\/candas365.es\/noticias\/carreno-se-apunta-a-los-cursos-extension-cultural-2018-2019\/#webpage"},"isPartOf":{"@id":"https:\/\/candas365.es\/noticias\/carreno-se-apunta-a-los-cursos-extension-cultural-2018-2019\/#webpage"},"articleSection":"Noticias Carre\u00f1o","dateline":"Publicado el octubre 31, 2018."},{"@type":"Organization","@id":"https:\/\/candas365.es\/noticias\/#organization","name":"Cand\u00e1s 365","description":"Cand\u00e1s 365 es un diario digital independiente, fundado en 2012, con base en Asturias. Informamos con rigor sobre actualidad, sociedad, cultura y ocio, con una mirada local y global.","url":"https:\/\/candas365.es\/noticias\/","email":"info@candas365.es","telephone":"+34652131393","foundingDate":"2012-06-10","logo":{"@type":"ImageObject","url":"https:\/\/candas365.es\/noticias\/wp-content\/uploads\/2024\/09\/Candas-365-Redes.jpg","@id":"https:\/\/candas365.es\/noticias\/carreno-se-apunta-a-los-cursos-extension-cultural-2018-2019\/#organizationLogo","width":1152,"height":864,"caption":"Cand\u00e1s 365 Redes"},"image":{"@id":"https:\/\/candas365.es\/noticias\/carreno-se-apunta-a-los-cursos-extension-cultural-2018-2019\/#organizationLogo"},"sameAs":["https:\/\/www.facebook.com\/Nachofdezber","https:\/\/x.com\/NabercoDigital","https:\/\/www.instagram.com\/nachofdezber\/","https:\/\/www.youtube.com\/channel\/UCZP-2wLEB9Rv6erhFmqVnvg"],"address":{"@id":"https:\/\/candas365.es\/noticias\/#postaladdress","@type":"PostalAddress","streetAddress":"san antonio 4, san antonio 4","postalCode":"33430","addressLocality":"Cand\u00e1s","addressRegion":"Asturias","addressCountry":"ES"}},{"@type":"Person","@id":"https:\/\/candas365.es\/noticias\/author\/admin\/#author","url":"https:\/\/candas365.es\/noticias\/author\/admin\/","name":"Cand\u00e1s 365","image":{"@type":"ImageObject","@id":"https:\/\/candas365.es\/noticias\/carreno-se-apunta-a-los-cursos-extension-cultural-2018-2019\/#authorImage","url":"https:\/\/secure.gravatar.com\/avatar\/496a8e03d0c493ede1718b7934145dbdf8d89be1036b0eec9544e1094c9de390?s=96&d=mm&r=g","width":96,"height":96,"caption":"Cand\u00e1s 365"},"sameAs":["https:\/\/www.facebook.com\/carrenoactualidad","https:\/\/twitter.com\/nbasturias","https:\/\/www.instagram.com\/nachofdezber\/","https:\/\/www.youtube.com\/channel\/UCZP-2wLEB9Rv6erhFmqVnvg"]},{"@type":"WebPage","@id":"https:\/\/candas365.es\/noticias\/carreno-se-apunta-a-los-cursos-extension-cultural-2018-2019\/#webpage","url":"https:\/\/candas365.es\/noticias\/carreno-se-apunta-a-los-cursos-extension-cultural-2018-2019\/","name":"Carre\u00f1o se apunta a los Cursos Extensi\u00f3n Cultural 2018-2019 | Cand\u00e1s 365","description":"Este viernes, 2 de noviembre, a las 18:00 horas tendr\u00e1 lugar en el Sal\u00f3n de Actos del Edificio Polivalente \u201cLa Baraga\u00f1a\u201d de Cand\u00e1s, la presentaci\u00f3n de una nueva edici\u00f3n de los Cursos de Extensi\u00f3n Cultural . En esta nueva edici\u00f3n se han ofertado un total de 30 acciones formativas de 17 tem\u00e1ticas distintas. Manteniendo la","inLanguage":"es-ES","isPartOf":{"@id":"https:\/\/candas365.es\/noticias\/#website"},"breadcrumb":{"@id":"https:\/\/candas365.es\/noticias\/carreno-se-apunta-a-los-cursos-extension-cultural-2018-2019\/#breadcrumblist"},"author":{"@id":"https:\/\/candas365.es\/noticias\/author\/admin\/#author"},"creator":{"@id":"https:\/\/candas365.es\/noticias\/author\/admin\/#author"},"image":{"@type":"ImageObject","url":"https:\/\/candas365.es\/noticias\/wp-content\/uploads\/2014\/10\/Polivalente.jpg","@id":"https:\/\/candas365.es\/noticias\/carreno-se-apunta-a-los-cursos-extension-cultural-2018-2019\/#mainImage","width":1024,"height":768},"primaryImageOfPage":{"@id":"https:\/\/candas365.es\/noticias\/carreno-se-apunta-a-los-cursos-extension-cultural-2018-2019\/#mainImage"},"datePublished":"2018-10-31T05:11:04+01:00","dateModified":"2018-10-31T05:11:04+01:00"},{"@type":"WebSite","@id":"https:\/\/candas365.es\/noticias\/#website","url":"https:\/\/candas365.es\/noticias\/","name":"Cand\u00e1s 365","alternateName":"Cand\u00e1s 365 Noticias","description":"Actualidad desde Carre\u00f1o para el mundo","inLanguage":"es-ES","publisher":{"@id":"https:\/\/candas365.es\/noticias\/#organization"}}]},"og:locale":"es_ES","og:site_name":"Cand\u00e1s 365","og:type":"article","og:title":"Carre\u00f1o se apunta a los Cursos Extensi\u00f3n Cultural 2018-2019 | Cand\u00e1s 365","og:description":"Este viernes, 2 de noviembre, a las 18:00 horas tendr\u00e1 lugar en el Sal\u00f3n de Actos del Edificio Polivalente \u201cLa Baraga\u00f1a\u201d de Cand\u00e1s, la presentaci\u00f3n de una nueva edici\u00f3n de los Cursos de Extensi\u00f3n Cultural . En esta nueva edici\u00f3n se han ofertado un total de 30 acciones formativas de 17 tem\u00e1ticas distintas. Manteniendo la","og:url":"https:\/\/candas365.es\/noticias\/carreno-se-apunta-a-los-cursos-extension-cultural-2018-2019\/","og:image":"https:\/\/candas365.es\/noticias\/wp-content\/uploads\/2014\/10\/Polivalente.jpg","og:image:secure_url":"https:\/\/candas365.es\/noticias\/wp-content\/uploads\/2014\/10\/Polivalente.jpg","og:image:width":1024,"og:image:height":768,"article:published_time":"2018-10-31T05:11:04+00:00","article:modified_time":"2018-10-31T05:11:04+00:00","article:publisher":"https:\/\/www.facebook.com\/Nachofdezber","article:author":"https:\/\/www.facebook.com\/carrenoactualidad","twitter:card":"summary_large_image","twitter:site":"@NabercoDigital","twitter:title":"Carre\u00f1o se apunta a los Cursos Extensi\u00f3n Cultural 2018-2019 | Cand\u00e1s 365","twitter:description":"Este viernes, 2 de noviembre, a las 18:00 horas tendr\u00e1 lugar en el Sal\u00f3n de Actos del Edificio Polivalente \u201cLa Baraga\u00f1a\u201d de Cand\u00e1s, la presentaci\u00f3n de una nueva edici\u00f3n de los Cursos de Extensi\u00f3n Cultural . En esta nueva edici\u00f3n se han ofertado un total de 30 acciones formativas de 17 tem\u00e1ticas distintas. Manteniendo la","twitter:creator":"@nbasturias","twitter:image":"https:\/\/candas365.es\/noticias\/wp-content\/uploads\/2014\/10\/Polivalente.jpg","twitter:label1":"Escrito por","twitter:data1":"Cand\u00e1s 365","twitter:label2":"Tiempo de lectura estimado","twitter:data2":"3 minutos"},"aioseo_meta_data":{"post_id":"108959","title":null,"description":null,"keywords":null,"keyphrases":null,"primary_term":null,"canonical_url":null,"og_title":null,"og_description":null,"og_object_type":"default","og_image_type":"default","og_image_url":null,"og_image_width":null,"og_image_height":null,"og_image_custom_url":null,"og_image_custom_fields":null,"og_video":null,"og_custom_url":null,"og_article_section":null,"og_article_tags":null,"twitter_use_og":false,"twitter_card":"default","twitter_image_type":"default","twitter_image_url":null,"twitter_image_custom_url":null,"twitter_image_custom_fields":null,"twitter_title":null,"twitter_description":null,"schema":{"blockGraphs":[],"customGraphs":[],"default":{"data":{"Article":[],"Course":[],"Dataset":[],"FAQPage":[],"Movie":[],"Person":[],"Product":[],"ProductReview":[],"Car":[],"Recipe":[],"Service":[],"SoftwareApplication":[],"WebPage":[]},"graphName":"","isEnabled":true},"graphs":[]},"schema_type":null,"schema_type_options":null,"pillar_content":false,"robots_default":true,"robots_noindex":false,"robots_noarchive":false,"robots_nosnippet":false,"robots_nofollow":false,"robots_noimageindex":false,"robots_noodp":false,"robots_notranslate":false,"robots_max_snippet":null,"robots_max_videopreview":null,"robots_max_imagepreview":"large","priority":null,"frequency":null,"location":null,"local_seo":null,"seo_analyzer_scan_date":"2025-08-28 08:21:30","breadcrumb_settings":null,"limit_modified_date":false,"reviewed_by":null,"open_ai":null,"ai":null,"created":"2020-12-21 11:39:36","updated":"2025-08-28 08:21:30"},"aioseo_breadcrumb":"<div class=\"aioseo-breadcrumbs\"><span class=\"aioseo-breadcrumb\">\n\t<a href=\"https:\/\/candas365.es\/noticias\" title=\"Home\">Home<\/a>\n<\/span><span class=\"aioseo-breadcrumb-separator\">&ndash;<\/span><span class=\"aioseo-breadcrumb\">\n\t<a href=\"https:\/\/candas365.es\/noticias\/category\/noticias-carreno\/\" title=\"Noticias Carre\u00f1o\">Noticias Carre\u00f1o<\/a>\n<\/span><span class=\"aioseo-breadcrumb-separator\">&ndash;<\/span><span class=\"aioseo-breadcrumb\">\n\tCarre\u00f1o se apunta a los Cursos Extensi\u00f3n Cultural 2018-2019\n<\/span><\/div>","aioseo_breadcrumb_json":[{"label":"Home","link":"https:\/\/candas365.es\/noticias"},{"label":"Noticias Carre\u00f1o","link":"https:\/\/candas365.es\/noticias\/category\/noticias-carreno\/"},{"label":"Carre\u00f1o se apunta a los Cursos Extensi\u00f3n Cultural 2018-2019","link":"https:\/\/candas365.es\/noticias\/carreno-se-apunta-a-los-cursos-extension-cultural-2018-2019\/"}],"_links":{"self":[{"href":"https:\/\/candas365.es\/noticias\/wp-json\/wp\/v2\/posts\/108959","targetHints":{"allow":["GET"]}}],"collection":[{"href":"https:\/\/candas365.es\/noticias\/wp-json\/wp\/v2\/posts"}],"about":[{"href":"https:\/\/candas365.es\/noticias\/wp-json\/wp\/v2\/types\/post"}],"author":[{"embeddable":true,"href":"https:\/\/candas365.es\/noticias\/wp-json\/wp\/v2\/users\/1"}],"replies":[{"embeddable":true,"href":"https:\/\/candas365.es\/noticias\/wp-json\/wp\/v2\/comments?post=108959"}],"version-history":[{"count":0,"href":"https:\/\/candas365.es\/noticias\/wp-json\/wp\/v2\/posts\/108959\/revisions"}],"wp:featuredmedia":[{"embeddable":true,"href":"https:\/\/candas365.es\/noticias\/wp-json\/wp\/v2\/media\/2364"}],"wp:attachment":[{"href":"https:\/\/candas365.es\/noticias\/wp-json\/wp\/v2\/media?parent=108959"}],"wp:term":[{"taxonomy":"category","embeddable":true,"href":"https:\/\/candas365.es\/noticias\/wp-json\/wp\/v2\/categories?post=108959"},{"taxonomy":"post_tag","embeddable":true,"href":"https:\/\/candas365.es\/noticias\/wp-json\/wp\/v2\/tags?post=108959"}],"curies":[{"name":"wp","href":"https:\/\/api.w.org\/{rel}","templated":true}]}}