{"id":108956,"date":"2018-10-31T04:57:00","date_gmt":"2018-10-31T04:57:00","guid":{"rendered":"http:\/\/candas365.es\/noticias\/?p=108956"},"modified":"2018-10-31T04:57:00","modified_gmt":"2018-10-31T04:57:00","slug":"el-colegio-san-felix-de-candas-ha-celebrado-su-amaguestu","status":"publish","type":"post","link":"https:\/\/candas365.es\/noticias\/el-colegio-san-felix-de-candas-ha-celebrado-su-amaguestu\/","title":{"rendered":"El Colegio San F\u00e9lix de Cand\u00e1s ha celebrado su Amag\u00fcestu"},"content":{"rendered":"<p><img fetchpriority=\"high\" decoding=\"async\" class=\"alignleft size-medium wp-image-108957\" src=\"https:\/\/candas365.es\/noticias\/wp-content\/uploads\/2018\/10\/IMG_2453-360x271.jpg\" alt=\"\" width=\"360\" height=\"271\" srcset=\"https:\/\/candas365.es\/noticias\/wp-content\/uploads\/2018\/10\/IMG_2453-360x271.jpg 360w, https:\/\/candas365.es\/noticias\/wp-content\/uploads\/2018\/10\/IMG_2453-639x480.jpg 639w, https:\/\/candas365.es\/noticias\/wp-content\/uploads\/2018\/10\/IMG_2453-80x60.jpg 80w, https:\/\/candas365.es\/noticias\/wp-content\/uploads\/2018\/10\/IMG_2453-265x198.jpg 265w, https:\/\/candas365.es\/noticias\/wp-content\/uploads\/2018\/10\/IMG_2453-559x420.jpg 559w, https:\/\/candas365.es\/noticias\/wp-content\/uploads\/2018\/10\/IMG_2453.jpg 640w\" sizes=\"(max-width: 360px) 100vw, 360px\" \/>Es tiempo de esfozaya y amag\u00fcestu, de ma\u00edz, sidra dulce y casta\u00f1as. Tiempo de recuperar una de nuestras tradiciones m\u00e1s antiguas en las que una comunidad se re\u00fane para compartir lo que la naturaleza les da y no olvidar susra\u00edces.<\/p>\n<p>Y es por ello que la comunidad educativa del Colegio San F\u00e9lix ha celebrado su Amag\u00fcestu, en el que ha participado todo el alumnado del centro. Con el prop\u00f3sito de recuperar esa tradici\u00f3n y aprender un poco m\u00e1s sobre la cultura asturiana. A tal fin y para involucrar, si cabe m\u00e1s, a los ni\u00f1os y ni\u00f1as se ha ambientado el Centro decorando las instalaciones. La jornada ha tenido lugar el martes 30 de octubre, a lo largo del horario lectivo.<\/p>\n<p>Han sido varias las actividades en las que el alumnado ha podido disfrutar y aprender sobre las tradiciones asturianas. De esta forma la jornada daba comienzo con un taller com\u00fan para todos los cursos cuya tem\u00e1tica ha sido el bosque y los personajes mitol\u00f3gicos asturianos que lo habitan, en este momento cada curso ha decido centrar su estudio en uno de los personajes de la mitolog\u00eda asturiana, desde la xana al trasgu, pasando por el cu\u00e9lebre y los espumeros.<\/p>\n<p>Tras este primer taller en el que han decido conocer m\u00e1s a un personaje concreto de la mitolog\u00eda asturiana, cada curso le ha puesto forma a su personaje en el taller de manualidades, en papel, en barro, dibuj\u00e1ndolo, pint\u00e1ndolo o molde\u00e1ndolo.<\/p>\n<p>La jornada ha continuado con el taller de cocina, en el que cada curso tras elegir un postre y sobre la base de su personaje mitol\u00f3gico ha hecho la decoraci\u00f3n del mismo. As\u00ed han aparecido las rosquillas con forma del sombrero de un trasgu, la tarta de chocolate decorada con un cu\u00e9lebre o mara\u00f1uelas con la forma de las trenzas de las xanas, adem\u00e1s de bollos pre\u00f1aos, frixuelos,\u2026<\/p>\n<p>Tras la finalizaci\u00f3n de estos tres talleres el alumnado ha recuperado las fuerzas disfrutando de sidra dulce y casta\u00f1as asadas.<\/p>\n<p>Para acabar la jornada evaluando sus habilidades ante juegos tradicionales. Han conocido y jugado a aquellos juegos con los que sus abuelos y abuelas se divert\u00edan en los pocos momentos que ten\u00edan para disfrutar. El juego de la llave, la rana, carreras de sacos, el gomero o tiro de la cuerda han sido algunas de las actividades con las que el alumnado se ha divertido.<\/p>\n","protected":false},"excerpt":{"rendered":"<p>Es tiempo de esfozaya y amag\u00fcestu, de ma\u00edz, sidra dulce y casta\u00f1as. Tiempo de recuperar una de nuestras tradiciones m\u00e1s antiguas en las que una comunidad se re\u00fane para compartir lo que la naturaleza les da y no olvidar susra\u00edces. Y es por ello que la comunidad educativa del Colegio San F\u00e9lix ha celebrado su<\/p>\n","protected":false},"author":1,"featured_media":108957,"comment_status":"closed","ping_status":"closed","sticky":false,"template":"","format":"standard","meta":{"footnotes":""},"categories":[2],"tags":[],"class_list":{"0":"post-108956","1":"post","2":"type-post","3":"status-publish","4":"format-standard","5":"has-post-thumbnail","7":"category-noticias-carreno"},"aioseo_notices":[],"aioseo_head":"\n\t\t<!-- All in One SEO Pro 4.9.6.2 - aioseo.com -->\n\t<meta name=\"description\" content=\"Es tiempo de esfozaya y amag\u00fcestu, de ma\u00edz, sidra dulce y casta\u00f1as. Tiempo de recuperar una de nuestras tradiciones m\u00e1s antiguas en las que una comunidad se re\u00fane para compartir lo que la naturaleza les da y no olvidar susra\u00edces. Y es por ello que la comunidad educativa del Colegio San F\u00e9lix ha celebrado su\" \/>\n\t<meta name=\"robots\" content=\"max-image-preview:large\" \/>\n\t<meta name=\"author\" content=\"Cand\u00e1s 365\"\/>\n\t<meta name=\"google-site-verification\" content=\"UA-32230408-1\" \/>\n\t<meta name=\"msvalidate.01\" content=\"354F3CDFB2DA171B47FBE9ABF1F88D5\" \/>\n\t<meta name=\"keywords\" content=\"noticias carre\u00f1o\" \/>\n\t<link rel=\"canonical\" href=\"https:\/\/candas365.es\/noticias\/el-colegio-san-felix-de-candas-ha-celebrado-su-amaguestu\/\" \/>\n\t<meta name=\"generator\" content=\"All in One SEO Pro (AIOSEO) 4.9.6.2\" \/>\n\t\t<meta property=\"og:locale\" content=\"es_ES\" \/>\n\t\t<meta property=\"og:site_name\" content=\"Cand\u00e1s 365\" \/>\n\t\t<meta property=\"og:type\" content=\"article\" \/>\n\t\t<meta property=\"og:title\" content=\"El Colegio San F\u00e9lix de Cand\u00e1s ha celebrado su Amag\u00fcestu | Cand\u00e1s 365\" \/>\n\t\t<meta property=\"og:description\" content=\"Es tiempo de esfozaya y amag\u00fcestu, de ma\u00edz, sidra dulce y casta\u00f1as. Tiempo de recuperar una de nuestras tradiciones m\u00e1s antiguas en las que una comunidad se re\u00fane para compartir lo que la naturaleza les da y no olvidar susra\u00edces. Y es por ello que la comunidad educativa del Colegio San F\u00e9lix ha celebrado su\" \/>\n\t\t<meta property=\"og:url\" content=\"https:\/\/candas365.es\/noticias\/el-colegio-san-felix-de-candas-ha-celebrado-su-amaguestu\/\" \/>\n\t\t<meta property=\"og:image\" content=\"https:\/\/candas365.es\/noticias\/wp-content\/uploads\/2018\/10\/IMG_2453.jpg\" \/>\n\t\t<meta property=\"og:image:secure_url\" content=\"https:\/\/candas365.es\/noticias\/wp-content\/uploads\/2018\/10\/IMG_2453.jpg\" \/>\n\t\t<meta property=\"og:image:width\" content=\"640\" \/>\n\t\t<meta property=\"og:image:height\" content=\"481\" \/>\n\t\t<meta property=\"article:published_time\" content=\"2018-10-31T04:57:00+00:00\" \/>\n\t\t<meta property=\"article:modified_time\" content=\"2018-10-31T04:57:00+00:00\" \/>\n\t\t<meta property=\"article:publisher\" content=\"https:\/\/www.facebook.com\/Nachofdezber\" \/>\n\t\t<meta property=\"article:author\" content=\"https:\/\/www.facebook.com\/carrenoactualidad\" \/>\n\t\t<meta name=\"twitter:card\" content=\"summary_large_image\" \/>\n\t\t<meta name=\"twitter:site\" content=\"@NabercoDigital\" \/>\n\t\t<meta name=\"twitter:title\" content=\"El Colegio San F\u00e9lix de Cand\u00e1s ha celebrado su Amag\u00fcestu | Cand\u00e1s 365\" \/>\n\t\t<meta name=\"twitter:description\" content=\"Es tiempo de esfozaya y amag\u00fcestu, de ma\u00edz, sidra dulce y casta\u00f1as. Tiempo de recuperar una de nuestras tradiciones m\u00e1s antiguas en las que una comunidad se re\u00fane para compartir lo que la naturaleza les da y no olvidar susra\u00edces. Y es por ello que la comunidad educativa del Colegio San F\u00e9lix ha celebrado su\" \/>\n\t\t<meta name=\"twitter:creator\" content=\"@nbasturias\" \/>\n\t\t<meta name=\"twitter:image\" content=\"https:\/\/candas365.es\/noticias\/wp-content\/uploads\/2018\/10\/IMG_2453.jpg\" \/>\n\t\t<meta name=\"twitter:label1\" content=\"Escrito por\" \/>\n\t\t<meta name=\"twitter:data1\" content=\"Cand\u00e1s 365\" \/>\n\t\t<meta name=\"twitter:label2\" content=\"Tiempo de lectura estimado\" \/>\n\t\t<meta name=\"twitter:data2\" content=\"2 minutos\" \/>\n\t\t<script type=\"application\/ld+json\" class=\"aioseo-schema\">\n\t\t\t{\"@context\":\"https:\\\/\\\/schema.org\",\"@graph\":[{\"@type\":\"BreadcrumbList\",\"@id\":\"https:\\\/\\\/candas365.es\\\/noticias\\\/el-colegio-san-felix-de-candas-ha-celebrado-su-amaguestu\\\/#breadcrumblist\",\"itemListElement\":[{\"@type\":\"ListItem\",\"@id\":\"https:\\\/\\\/candas365.es\\\/noticias#listItem\",\"position\":1,\"name\":\"Home\",\"item\":\"https:\\\/\\\/candas365.es\\\/noticias\",\"nextItem\":{\"@type\":\"ListItem\",\"@id\":\"https:\\\/\\\/candas365.es\\\/noticias\\\/category\\\/noticias-carreno\\\/#listItem\",\"name\":\"Noticias Carre\\u00f1o\"}},{\"@type\":\"ListItem\",\"@id\":\"https:\\\/\\\/candas365.es\\\/noticias\\\/category\\\/noticias-carreno\\\/#listItem\",\"position\":2,\"name\":\"Noticias Carre\\u00f1o\",\"item\":\"https:\\\/\\\/candas365.es\\\/noticias\\\/category\\\/noticias-carreno\\\/\",\"nextItem\":{\"@type\":\"ListItem\",\"@id\":\"https:\\\/\\\/candas365.es\\\/noticias\\\/el-colegio-san-felix-de-candas-ha-celebrado-su-amaguestu\\\/#listItem\",\"name\":\"El Colegio San F\\u00e9lix de Cand\\u00e1s ha celebrado su Amag\\u00fcestu\"},\"previousItem\":{\"@type\":\"ListItem\",\"@id\":\"https:\\\/\\\/candas365.es\\\/noticias#listItem\",\"name\":\"Home\"}},{\"@type\":\"ListItem\",\"@id\":\"https:\\\/\\\/candas365.es\\\/noticias\\\/el-colegio-san-felix-de-candas-ha-celebrado-su-amaguestu\\\/#listItem\",\"position\":3,\"name\":\"El Colegio San F\\u00e9lix de Cand\\u00e1s ha celebrado su Amag\\u00fcestu\",\"previousItem\":{\"@type\":\"ListItem\",\"@id\":\"https:\\\/\\\/candas365.es\\\/noticias\\\/category\\\/noticias-carreno\\\/#listItem\",\"name\":\"Noticias Carre\\u00f1o\"}}]},{\"@type\":\"NewsArticle\",\"@id\":\"https:\\\/\\\/candas365.es\\\/noticias\\\/el-colegio-san-felix-de-candas-ha-celebrado-su-amaguestu\\\/#newsarticle\",\"name\":\"El Colegio San F\\u00e9lix de Cand\\u00e1s ha celebrado su Amag\\u00fcestu | Cand\\u00e1s 365\",\"headline\":\"El Colegio San F\\u00e9lix de Cand\\u00e1s ha celebrado su Amag\\u00fcestu\",\"author\":{\"@id\":\"https:\\\/\\\/candas365.es\\\/noticias\\\/author\\\/admin\\\/#author\"},\"publisher\":{\"@id\":\"https:\\\/\\\/candas365.es\\\/noticias\\\/#organization\"},\"image\":{\"@type\":\"ImageObject\",\"url\":\"https:\\\/\\\/candas365.es\\\/noticias\\\/wp-content\\\/uploads\\\/2018\\\/10\\\/IMG_2453.jpg\",\"width\":640,\"height\":481},\"datePublished\":\"2018-10-31T04:57:00+01:00\",\"dateModified\":\"2018-10-31T04:57:00+01:00\",\"inLanguage\":\"es-ES\",\"mainEntityOfPage\":{\"@id\":\"https:\\\/\\\/candas365.es\\\/noticias\\\/el-colegio-san-felix-de-candas-ha-celebrado-su-amaguestu\\\/#webpage\"},\"isPartOf\":{\"@id\":\"https:\\\/\\\/candas365.es\\\/noticias\\\/el-colegio-san-felix-de-candas-ha-celebrado-su-amaguestu\\\/#webpage\"},\"articleSection\":\"Noticias Carre\\u00f1o\",\"dateline\":\"Publicado el octubre 31, 2018.\"},{\"@type\":\"Organization\",\"@id\":\"https:\\\/\\\/candas365.es\\\/noticias\\\/#organization\",\"name\":\"Cand\\u00e1s 365\",\"description\":\"Cand\\u00e1s 365 es un diario digital independiente, fundado en 2012, con base en Asturias. Informamos con rigor sobre actualidad, sociedad, cultura y ocio, con una mirada local y global.\",\"url\":\"https:\\\/\\\/candas365.es\\\/noticias\\\/\",\"email\":\"info@candas365.es\",\"telephone\":\"+34652131393\",\"foundingDate\":\"2012-06-10\",\"logo\":{\"@type\":\"ImageObject\",\"url\":\"https:\\\/\\\/candas365.es\\\/noticias\\\/wp-content\\\/uploads\\\/2024\\\/09\\\/Candas-365-Redes.jpg\",\"@id\":\"https:\\\/\\\/candas365.es\\\/noticias\\\/el-colegio-san-felix-de-candas-ha-celebrado-su-amaguestu\\\/#organizationLogo\",\"width\":1152,\"height\":864,\"caption\":\"Cand\\u00e1s 365 Redes\"},\"image\":{\"@id\":\"https:\\\/\\\/candas365.es\\\/noticias\\\/el-colegio-san-felix-de-candas-ha-celebrado-su-amaguestu\\\/#organizationLogo\"},\"sameAs\":[\"https:\\\/\\\/www.facebook.com\\\/Nachofdezber\",\"https:\\\/\\\/x.com\\\/NabercoDigital\",\"https:\\\/\\\/www.instagram.com\\\/nachofdezber\\\/\",\"https:\\\/\\\/www.youtube.com\\\/channel\\\/UCZP-2wLEB9Rv6erhFmqVnvg\"],\"address\":{\"@id\":\"https:\\\/\\\/candas365.es\\\/noticias\\\/#postaladdress\",\"@type\":\"PostalAddress\",\"streetAddress\":\"san antonio 4, san antonio 4\",\"postalCode\":\"33430\",\"addressLocality\":\"Cand\\u00e1s\",\"addressRegion\":\"Asturias\",\"addressCountry\":\"ES\"}},{\"@type\":\"Person\",\"@id\":\"https:\\\/\\\/candas365.es\\\/noticias\\\/author\\\/admin\\\/#author\",\"url\":\"https:\\\/\\\/candas365.es\\\/noticias\\\/author\\\/admin\\\/\",\"name\":\"Cand\\u00e1s 365\",\"image\":{\"@type\":\"ImageObject\",\"@id\":\"https:\\\/\\\/candas365.es\\\/noticias\\\/el-colegio-san-felix-de-candas-ha-celebrado-su-amaguestu\\\/#authorImage\",\"url\":\"https:\\\/\\\/secure.gravatar.com\\\/avatar\\\/496a8e03d0c493ede1718b7934145dbdf8d89be1036b0eec9544e1094c9de390?s=96&d=mm&r=g\",\"width\":96,\"height\":96,\"caption\":\"Cand\\u00e1s 365\"},\"sameAs\":[\"https:\\\/\\\/www.facebook.com\\\/carrenoactualidad\",\"https:\\\/\\\/twitter.com\\\/nbasturias\",\"https:\\\/\\\/www.instagram.com\\\/nachofdezber\\\/\",\"https:\\\/\\\/www.youtube.com\\\/channel\\\/UCZP-2wLEB9Rv6erhFmqVnvg\"]},{\"@type\":\"WebPage\",\"@id\":\"https:\\\/\\\/candas365.es\\\/noticias\\\/el-colegio-san-felix-de-candas-ha-celebrado-su-amaguestu\\\/#webpage\",\"url\":\"https:\\\/\\\/candas365.es\\\/noticias\\\/el-colegio-san-felix-de-candas-ha-celebrado-su-amaguestu\\\/\",\"name\":\"El Colegio San F\\u00e9lix de Cand\\u00e1s ha celebrado su Amag\\u00fcestu | Cand\\u00e1s 365\",\"description\":\"Es tiempo de esfozaya y amag\\u00fcestu, de ma\\u00edz, sidra dulce y casta\\u00f1as. Tiempo de recuperar una de nuestras tradiciones m\\u00e1s antiguas en las que una comunidad se re\\u00fane para compartir lo que la naturaleza les da y no olvidar susra\\u00edces. Y es por ello que la comunidad educativa del Colegio San F\\u00e9lix ha celebrado su\",\"inLanguage\":\"es-ES\",\"isPartOf\":{\"@id\":\"https:\\\/\\\/candas365.es\\\/noticias\\\/#website\"},\"breadcrumb\":{\"@id\":\"https:\\\/\\\/candas365.es\\\/noticias\\\/el-colegio-san-felix-de-candas-ha-celebrado-su-amaguestu\\\/#breadcrumblist\"},\"author\":{\"@id\":\"https:\\\/\\\/candas365.es\\\/noticias\\\/author\\\/admin\\\/#author\"},\"creator\":{\"@id\":\"https:\\\/\\\/candas365.es\\\/noticias\\\/author\\\/admin\\\/#author\"},\"image\":{\"@type\":\"ImageObject\",\"url\":\"https:\\\/\\\/candas365.es\\\/noticias\\\/wp-content\\\/uploads\\\/2018\\\/10\\\/IMG_2453.jpg\",\"@id\":\"https:\\\/\\\/candas365.es\\\/noticias\\\/el-colegio-san-felix-de-candas-ha-celebrado-su-amaguestu\\\/#mainImage\",\"width\":640,\"height\":481},\"primaryImageOfPage\":{\"@id\":\"https:\\\/\\\/candas365.es\\\/noticias\\\/el-colegio-san-felix-de-candas-ha-celebrado-su-amaguestu\\\/#mainImage\"},\"datePublished\":\"2018-10-31T04:57:00+01:00\",\"dateModified\":\"2018-10-31T04:57:00+01:00\"},{\"@type\":\"WebSite\",\"@id\":\"https:\\\/\\\/candas365.es\\\/noticias\\\/#website\",\"url\":\"https:\\\/\\\/candas365.es\\\/noticias\\\/\",\"name\":\"Cand\\u00e1s 365\",\"alternateName\":\"Cand\\u00e1s 365 Noticias\",\"description\":\"Actualidad desde Carre\\u00f1o para el mundo\",\"inLanguage\":\"es-ES\",\"publisher\":{\"@id\":\"https:\\\/\\\/candas365.es\\\/noticias\\\/#organization\"}}]}\n\t\t<\/script>\n\t\t<!-- All in One SEO Pro -->\r\n\t\t<title>El Colegio San F\u00e9lix de Cand\u00e1s ha celebrado su Amag\u00fcestu | Cand\u00e1s 365<\/title>\n\n","aioseo_head_json":{"title":"El Colegio San F\u00e9lix de Cand\u00e1s ha celebrado su Amag\u00fcestu | Cand\u00e1s 365","description":"Es tiempo de esfozaya y amag\u00fcestu, de ma\u00edz, sidra dulce y casta\u00f1as. Tiempo de recuperar una de nuestras tradiciones m\u00e1s antiguas en las que una comunidad se re\u00fane para compartir lo que la naturaleza les da y no olvidar susra\u00edces. Y es por ello que la comunidad educativa del Colegio San F\u00e9lix ha celebrado su","canonical_url":"https:\/\/candas365.es\/noticias\/el-colegio-san-felix-de-candas-ha-celebrado-su-amaguestu\/","robots":"max-image-preview:large","keywords":"noticias carre\u00f1o","webmasterTools":{"google-site-verification":"UA-32230408-1","msvalidate.01":"354F3CDFB2DA171B47FBE9ABF1F88D5","miscellaneous":""},"schema":{"@context":"https:\/\/schema.org","@graph":[{"@type":"BreadcrumbList","@id":"https:\/\/candas365.es\/noticias\/el-colegio-san-felix-de-candas-ha-celebrado-su-amaguestu\/#breadcrumblist","itemListElement":[{"@type":"ListItem","@id":"https:\/\/candas365.es\/noticias#listItem","position":1,"name":"Home","item":"https:\/\/candas365.es\/noticias","nextItem":{"@type":"ListItem","@id":"https:\/\/candas365.es\/noticias\/category\/noticias-carreno\/#listItem","name":"Noticias Carre\u00f1o"}},{"@type":"ListItem","@id":"https:\/\/candas365.es\/noticias\/category\/noticias-carreno\/#listItem","position":2,"name":"Noticias Carre\u00f1o","item":"https:\/\/candas365.es\/noticias\/category\/noticias-carreno\/","nextItem":{"@type":"ListItem","@id":"https:\/\/candas365.es\/noticias\/el-colegio-san-felix-de-candas-ha-celebrado-su-amaguestu\/#listItem","name":"El Colegio San F\u00e9lix de Cand\u00e1s ha celebrado su Amag\u00fcestu"},"previousItem":{"@type":"ListItem","@id":"https:\/\/candas365.es\/noticias#listItem","name":"Home"}},{"@type":"ListItem","@id":"https:\/\/candas365.es\/noticias\/el-colegio-san-felix-de-candas-ha-celebrado-su-amaguestu\/#listItem","position":3,"name":"El Colegio San F\u00e9lix de Cand\u00e1s ha celebrado su Amag\u00fcestu","previousItem":{"@type":"ListItem","@id":"https:\/\/candas365.es\/noticias\/category\/noticias-carreno\/#listItem","name":"Noticias Carre\u00f1o"}}]},{"@type":"NewsArticle","@id":"https:\/\/candas365.es\/noticias\/el-colegio-san-felix-de-candas-ha-celebrado-su-amaguestu\/#newsarticle","name":"El Colegio San F\u00e9lix de Cand\u00e1s ha celebrado su Amag\u00fcestu | Cand\u00e1s 365","headline":"El Colegio San F\u00e9lix de Cand\u00e1s ha celebrado su Amag\u00fcestu","author":{"@id":"https:\/\/candas365.es\/noticias\/author\/admin\/#author"},"publisher":{"@id":"https:\/\/candas365.es\/noticias\/#organization"},"image":{"@type":"ImageObject","url":"https:\/\/candas365.es\/noticias\/wp-content\/uploads\/2018\/10\/IMG_2453.jpg","width":640,"height":481},"datePublished":"2018-10-31T04:57:00+01:00","dateModified":"2018-10-31T04:57:00+01:00","inLanguage":"es-ES","mainEntityOfPage":{"@id":"https:\/\/candas365.es\/noticias\/el-colegio-san-felix-de-candas-ha-celebrado-su-amaguestu\/#webpage"},"isPartOf":{"@id":"https:\/\/candas365.es\/noticias\/el-colegio-san-felix-de-candas-ha-celebrado-su-amaguestu\/#webpage"},"articleSection":"Noticias Carre\u00f1o","dateline":"Publicado el octubre 31, 2018."},{"@type":"Organization","@id":"https:\/\/candas365.es\/noticias\/#organization","name":"Cand\u00e1s 365","description":"Cand\u00e1s 365 es un diario digital independiente, fundado en 2012, con base en Asturias. Informamos con rigor sobre actualidad, sociedad, cultura y ocio, con una mirada local y global.","url":"https:\/\/candas365.es\/noticias\/","email":"info@candas365.es","telephone":"+34652131393","foundingDate":"2012-06-10","logo":{"@type":"ImageObject","url":"https:\/\/candas365.es\/noticias\/wp-content\/uploads\/2024\/09\/Candas-365-Redes.jpg","@id":"https:\/\/candas365.es\/noticias\/el-colegio-san-felix-de-candas-ha-celebrado-su-amaguestu\/#organizationLogo","width":1152,"height":864,"caption":"Cand\u00e1s 365 Redes"},"image":{"@id":"https:\/\/candas365.es\/noticias\/el-colegio-san-felix-de-candas-ha-celebrado-su-amaguestu\/#organizationLogo"},"sameAs":["https:\/\/www.facebook.com\/Nachofdezber","https:\/\/x.com\/NabercoDigital","https:\/\/www.instagram.com\/nachofdezber\/","https:\/\/www.youtube.com\/channel\/UCZP-2wLEB9Rv6erhFmqVnvg"],"address":{"@id":"https:\/\/candas365.es\/noticias\/#postaladdress","@type":"PostalAddress","streetAddress":"san antonio 4, san antonio 4","postalCode":"33430","addressLocality":"Cand\u00e1s","addressRegion":"Asturias","addressCountry":"ES"}},{"@type":"Person","@id":"https:\/\/candas365.es\/noticias\/author\/admin\/#author","url":"https:\/\/candas365.es\/noticias\/author\/admin\/","name":"Cand\u00e1s 365","image":{"@type":"ImageObject","@id":"https:\/\/candas365.es\/noticias\/el-colegio-san-felix-de-candas-ha-celebrado-su-amaguestu\/#authorImage","url":"https:\/\/secure.gravatar.com\/avatar\/496a8e03d0c493ede1718b7934145dbdf8d89be1036b0eec9544e1094c9de390?s=96&d=mm&r=g","width":96,"height":96,"caption":"Cand\u00e1s 365"},"sameAs":["https:\/\/www.facebook.com\/carrenoactualidad","https:\/\/twitter.com\/nbasturias","https:\/\/www.instagram.com\/nachofdezber\/","https:\/\/www.youtube.com\/channel\/UCZP-2wLEB9Rv6erhFmqVnvg"]},{"@type":"WebPage","@id":"https:\/\/candas365.es\/noticias\/el-colegio-san-felix-de-candas-ha-celebrado-su-amaguestu\/#webpage","url":"https:\/\/candas365.es\/noticias\/el-colegio-san-felix-de-candas-ha-celebrado-su-amaguestu\/","name":"El Colegio San F\u00e9lix de Cand\u00e1s ha celebrado su Amag\u00fcestu | Cand\u00e1s 365","description":"Es tiempo de esfozaya y amag\u00fcestu, de ma\u00edz, sidra dulce y casta\u00f1as. Tiempo de recuperar una de nuestras tradiciones m\u00e1s antiguas en las que una comunidad se re\u00fane para compartir lo que la naturaleza les da y no olvidar susra\u00edces. Y es por ello que la comunidad educativa del Colegio San F\u00e9lix ha celebrado su","inLanguage":"es-ES","isPartOf":{"@id":"https:\/\/candas365.es\/noticias\/#website"},"breadcrumb":{"@id":"https:\/\/candas365.es\/noticias\/el-colegio-san-felix-de-candas-ha-celebrado-su-amaguestu\/#breadcrumblist"},"author":{"@id":"https:\/\/candas365.es\/noticias\/author\/admin\/#author"},"creator":{"@id":"https:\/\/candas365.es\/noticias\/author\/admin\/#author"},"image":{"@type":"ImageObject","url":"https:\/\/candas365.es\/noticias\/wp-content\/uploads\/2018\/10\/IMG_2453.jpg","@id":"https:\/\/candas365.es\/noticias\/el-colegio-san-felix-de-candas-ha-celebrado-su-amaguestu\/#mainImage","width":640,"height":481},"primaryImageOfPage":{"@id":"https:\/\/candas365.es\/noticias\/el-colegio-san-felix-de-candas-ha-celebrado-su-amaguestu\/#mainImage"},"datePublished":"2018-10-31T04:57:00+01:00","dateModified":"2018-10-31T04:57:00+01:00"},{"@type":"WebSite","@id":"https:\/\/candas365.es\/noticias\/#website","url":"https:\/\/candas365.es\/noticias\/","name":"Cand\u00e1s 365","alternateName":"Cand\u00e1s 365 Noticias","description":"Actualidad desde Carre\u00f1o para el mundo","inLanguage":"es-ES","publisher":{"@id":"https:\/\/candas365.es\/noticias\/#organization"}}]},"og:locale":"es_ES","og:site_name":"Cand\u00e1s 365","og:type":"article","og:title":"El Colegio San F\u00e9lix de Cand\u00e1s ha celebrado su Amag\u00fcestu | Cand\u00e1s 365","og:description":"Es tiempo de esfozaya y amag\u00fcestu, de ma\u00edz, sidra dulce y casta\u00f1as. Tiempo de recuperar una de nuestras tradiciones m\u00e1s antiguas en las que una comunidad se re\u00fane para compartir lo que la naturaleza les da y no olvidar susra\u00edces. Y es por ello que la comunidad educativa del Colegio San F\u00e9lix ha celebrado su","og:url":"https:\/\/candas365.es\/noticias\/el-colegio-san-felix-de-candas-ha-celebrado-su-amaguestu\/","og:image":"https:\/\/candas365.es\/noticias\/wp-content\/uploads\/2018\/10\/IMG_2453.jpg","og:image:secure_url":"https:\/\/candas365.es\/noticias\/wp-content\/uploads\/2018\/10\/IMG_2453.jpg","og:image:width":640,"og:image:height":481,"article:published_time":"2018-10-31T04:57:00+00:00","article:modified_time":"2018-10-31T04:57:00+00:00","article:publisher":"https:\/\/www.facebook.com\/Nachofdezber","article:author":"https:\/\/www.facebook.com\/carrenoactualidad","twitter:card":"summary_large_image","twitter:site":"@NabercoDigital","twitter:title":"El Colegio San F\u00e9lix de Cand\u00e1s ha celebrado su Amag\u00fcestu | Cand\u00e1s 365","twitter:description":"Es tiempo de esfozaya y amag\u00fcestu, de ma\u00edz, sidra dulce y casta\u00f1as. Tiempo de recuperar una de nuestras tradiciones m\u00e1s antiguas en las que una comunidad se re\u00fane para compartir lo que la naturaleza les da y no olvidar susra\u00edces. Y es por ello que la comunidad educativa del Colegio San F\u00e9lix ha celebrado su","twitter:creator":"@nbasturias","twitter:image":"https:\/\/candas365.es\/noticias\/wp-content\/uploads\/2018\/10\/IMG_2453.jpg","twitter:label1":"Escrito por","twitter:data1":"Cand\u00e1s 365","twitter:label2":"Tiempo de lectura estimado","twitter:data2":"2 minutos"},"aioseo_meta_data":{"post_id":"108956","title":null,"description":null,"keywords":null,"keyphrases":null,"primary_term":null,"canonical_url":null,"og_title":null,"og_description":null,"og_object_type":"default","og_image_type":"default","og_image_url":null,"og_image_width":null,"og_image_height":null,"og_image_custom_url":null,"og_image_custom_fields":null,"og_video":null,"og_custom_url":null,"og_article_section":null,"og_article_tags":null,"twitter_use_og":false,"twitter_card":"default","twitter_image_type":"default","twitter_image_url":null,"twitter_image_custom_url":null,"twitter_image_custom_fields":null,"twitter_title":null,"twitter_description":null,"schema":{"blockGraphs":[],"customGraphs":[],"default":{"data":{"Article":[],"Course":[],"Dataset":[],"FAQPage":[],"Movie":[],"Person":[],"Product":[],"ProductReview":[],"Car":[],"Recipe":[],"Service":[],"SoftwareApplication":[],"WebPage":[]},"graphName":"","isEnabled":true},"graphs":[]},"schema_type":null,"schema_type_options":null,"pillar_content":false,"robots_default":true,"robots_noindex":false,"robots_noarchive":false,"robots_nosnippet":false,"robots_nofollow":false,"robots_noimageindex":false,"robots_noodp":false,"robots_notranslate":false,"robots_max_snippet":null,"robots_max_videopreview":null,"robots_max_imagepreview":"large","priority":null,"frequency":null,"location":null,"local_seo":null,"seo_analyzer_scan_date":"2025-08-28 08:21:29","breadcrumb_settings":null,"limit_modified_date":false,"reviewed_by":null,"open_ai":null,"ai":null,"created":"2020-12-21 11:39:36","updated":"2025-08-28 08:21:29"},"aioseo_breadcrumb":"<div class=\"aioseo-breadcrumbs\"><span class=\"aioseo-breadcrumb\">\n\t<a href=\"https:\/\/candas365.es\/noticias\" title=\"Home\">Home<\/a>\n<\/span><span class=\"aioseo-breadcrumb-separator\">&ndash;<\/span><span class=\"aioseo-breadcrumb\">\n\t<a href=\"https:\/\/candas365.es\/noticias\/category\/noticias-carreno\/\" title=\"Noticias Carre\u00f1o\">Noticias Carre\u00f1o<\/a>\n<\/span><span class=\"aioseo-breadcrumb-separator\">&ndash;<\/span><span class=\"aioseo-breadcrumb\">\n\tEl Colegio San F\u00e9lix de Cand\u00e1s ha celebrado su Amag\u00fcestu\n<\/span><\/div>","aioseo_breadcrumb_json":[{"label":"Home","link":"https:\/\/candas365.es\/noticias"},{"label":"Noticias Carre\u00f1o","link":"https:\/\/candas365.es\/noticias\/category\/noticias-carreno\/"},{"label":"El Colegio San F\u00e9lix de Cand\u00e1s ha celebrado su Amag\u00fcestu","link":"https:\/\/candas365.es\/noticias\/el-colegio-san-felix-de-candas-ha-celebrado-su-amaguestu\/"}],"_links":{"self":[{"href":"https:\/\/candas365.es\/noticias\/wp-json\/wp\/v2\/posts\/108956","targetHints":{"allow":["GET"]}}],"collection":[{"href":"https:\/\/candas365.es\/noticias\/wp-json\/wp\/v2\/posts"}],"about":[{"href":"https:\/\/candas365.es\/noticias\/wp-json\/wp\/v2\/types\/post"}],"author":[{"embeddable":true,"href":"https:\/\/candas365.es\/noticias\/wp-json\/wp\/v2\/users\/1"}],"replies":[{"embeddable":true,"href":"https:\/\/candas365.es\/noticias\/wp-json\/wp\/v2\/comments?post=108956"}],"version-history":[{"count":0,"href":"https:\/\/candas365.es\/noticias\/wp-json\/wp\/v2\/posts\/108956\/revisions"}],"wp:featuredmedia":[{"embeddable":true,"href":"https:\/\/candas365.es\/noticias\/wp-json\/wp\/v2\/media\/108957"}],"wp:attachment":[{"href":"https:\/\/candas365.es\/noticias\/wp-json\/wp\/v2\/media?parent=108956"}],"wp:term":[{"taxonomy":"category","embeddable":true,"href":"https:\/\/candas365.es\/noticias\/wp-json\/wp\/v2\/categories?post=108956"},{"taxonomy":"post_tag","embeddable":true,"href":"https:\/\/candas365.es\/noticias\/wp-json\/wp\/v2\/tags?post=108956"}],"curies":[{"name":"wp","href":"https:\/\/api.w.org\/{rel}","templated":true}]}}