{"id":108326,"date":"2018-10-23T06:27:30","date_gmt":"2018-10-23T06:27:30","guid":{"rendered":"http:\/\/candas365.es\/noticias\/?p=108326"},"modified":"2018-10-23T06:27:30","modified_gmt":"2018-10-23T06:27:30","slug":"acuerdo-entre-gobierno-de-carreno-y-los-sindicatos","status":"publish","type":"post","link":"https:\/\/candas365.es\/noticias\/acuerdo-entre-gobierno-de-carreno-y-los-sindicatos\/","title":{"rendered":"Acuerdo entre gobierno de Carre\u00f1o y los sindicatos"},"content":{"rendered":"<p><img fetchpriority=\"high\" decoding=\"async\" class=\"alignleft size-medium wp-image-6453\" src=\"https:\/\/candas365.es\/noticias\/wp-content\/uploads\/2015\/01\/ayuntamiento-360x270.jpg\" alt=\"\" width=\"360\" height=\"270\" srcset=\"https:\/\/candas365.es\/noticias\/wp-content\/uploads\/2015\/01\/ayuntamiento-360x270.jpg 360w, https:\/\/candas365.es\/noticias\/wp-content\/uploads\/2015\/01\/ayuntamiento-640x480.jpg 640w, https:\/\/candas365.es\/noticias\/wp-content\/uploads\/2015\/01\/ayuntamiento-768x576.jpg 768w, https:\/\/candas365.es\/noticias\/wp-content\/uploads\/2015\/01\/ayuntamiento-150x113.jpg 150w, https:\/\/candas365.es\/noticias\/wp-content\/uploads\/2015\/01\/ayuntamiento-450x338.jpg 450w, https:\/\/candas365.es\/noticias\/wp-content\/uploads\/2015\/01\/ayuntamiento-80x60.jpg 80w, https:\/\/candas365.es\/noticias\/wp-content\/uploads\/2015\/01\/ayuntamiento-265x198.jpg 265w, https:\/\/candas365.es\/noticias\/wp-content\/uploads\/2015\/01\/ayuntamiento-696x522.jpg 696w, https:\/\/candas365.es\/noticias\/wp-content\/uploads\/2015\/01\/ayuntamiento-560x420.jpg 560w, https:\/\/candas365.es\/noticias\/wp-content\/uploads\/2015\/01\/ayuntamiento-90x67.jpg 90w, https:\/\/candas365.es\/noticias\/wp-content\/uploads\/2015\/01\/ayuntamiento.jpg 800w\" sizes=\"(max-width: 360px) 100vw, 360px\" \/>El gobierno local de Carre\u00f1o y las organizaciones sindicales con representaci\u00f3n en el ayuntamiento han llegado a un acuerdo para avanzar en la modificaci\u00f3n de la relaci\u00f3n de puestos de trabajo. Este acuerdo ser\u00e1 la propuesta que la concejala de recursos humanos, Cecilia Tasc\u00f3n trasladar\u00e1 a la comisi\u00f3n que se celebra ma\u00f1ana martes, 23 de octubre.<\/p>\n<p>\u201cTras varios a\u00f1os de negociaci\u00f3n y fruto de un procesos de revisi\u00f3n general de la relaci\u00f3n de puestos de trabajo, hemos sido capaces de atender las nuevas necesidades organizativas y los cambios que se han producido en el \u00e1mbito funcional de algunos puestos de trabajo\u201d, explic\u00f3 Cecilia Tasc\u00f3n.<\/p>\n<p>Este acuerdo conlleva, entre otras, las siguientes cuestiones:<\/p>\n<ul>\n<li>Transformaci\u00f3n de plazas de auxiliar administrativo y administrativo en gestores administrativos.<\/li>\n<li>Transformaci\u00f3n de plazas de auxiliares y operarios\/as de servicios m\u00faltiples en Operador Administrativo.<\/li>\n<li>Cambios de denominaciones de algunos puestos de trabajo consecuencia del ajuste de funciones.<\/li>\n<li>Revisi\u00f3n del factor de peligrosidad.<\/li>\n<li>Reconocimiento de disponibilidad en determinados departamentos.<\/li>\n<\/ul>\n<p>\u201cPara hacer efectiva esta propuesta en este mismo ejercicio es necesaria la aprobaci\u00f3n por el pleno de una modificaci\u00f3n presupuestaria por importe de 60.000 euros y contemplar 161.000 euros m\u00e1s en el cap\u00edtulo de personal del proyecto de presupuesto para 2019\u201d, se\u00f1al\u00f3 la concejala de recursos humanos.<\/p>\n<p>\u201cEsperamos que el resto de grupos se unan al acuerdo alcanzado y que esta modificaci\u00f3n pueda aprobarse en pr\u00f3ximo pleno\u201d, concluy\u00f3 Cecilia Tasc\u00f3n.<\/p>\n<p>&nbsp;<\/p>\n","protected":false},"excerpt":{"rendered":"<p>El gobierno local de Carre\u00f1o y las organizaciones sindicales con representaci\u00f3n en el ayuntamiento han llegado a un acuerdo para avanzar en la modificaci\u00f3n de la relaci\u00f3n de puestos de trabajo. Este acuerdo ser\u00e1 la propuesta que la concejala de recursos humanos, Cecilia Tasc\u00f3n trasladar\u00e1 a la comisi\u00f3n que se celebra ma\u00f1ana martes, 23 de<\/p>\n","protected":false},"author":1,"featured_media":6453,"comment_status":"closed","ping_status":"closed","sticky":false,"template":"","format":"standard","meta":{"footnotes":""},"categories":[2],"tags":[],"class_list":{"0":"post-108326","1":"post","2":"type-post","3":"status-publish","4":"format-standard","5":"has-post-thumbnail","7":"category-noticias-carreno"},"aioseo_notices":[],"aioseo_head":"\n\t\t<!-- All in One SEO Pro 4.9.6.2 - aioseo.com -->\n\t<meta name=\"description\" content=\"El gobierno local de Carre\u00f1o y las organizaciones sindicales con representaci\u00f3n en el ayuntamiento han llegado a un acuerdo para avanzar en la modificaci\u00f3n de la relaci\u00f3n de puestos de trabajo. Este acuerdo ser\u00e1 la propuesta que la concejala de recursos humanos, Cecilia Tasc\u00f3n trasladar\u00e1 a la comisi\u00f3n que se celebra ma\u00f1ana martes, 23 de\" \/>\n\t<meta name=\"robots\" content=\"max-image-preview:large\" \/>\n\t<meta name=\"author\" content=\"Cand\u00e1s 365\"\/>\n\t<meta name=\"google-site-verification\" content=\"UA-32230408-1\" \/>\n\t<meta name=\"msvalidate.01\" content=\"354F3CDFB2DA171B47FBE9ABF1F88D5\" \/>\n\t<meta name=\"keywords\" content=\"noticias carre\u00f1o\" \/>\n\t<link rel=\"canonical\" href=\"https:\/\/candas365.es\/noticias\/acuerdo-entre-gobierno-de-carreno-y-los-sindicatos\/\" \/>\n\t<meta name=\"generator\" content=\"All in One SEO Pro (AIOSEO) 4.9.6.2\" \/>\n\t\t<meta property=\"og:locale\" content=\"es_ES\" \/>\n\t\t<meta property=\"og:site_name\" content=\"Cand\u00e1s 365\" \/>\n\t\t<meta property=\"og:type\" content=\"article\" \/>\n\t\t<meta property=\"og:title\" content=\"Acuerdo entre gobierno de Carre\u00f1o y los sindicatos | Cand\u00e1s 365\" \/>\n\t\t<meta property=\"og:description\" content=\"El gobierno local de Carre\u00f1o y las organizaciones sindicales con representaci\u00f3n en el ayuntamiento han llegado a un acuerdo para avanzar en la modificaci\u00f3n de la relaci\u00f3n de puestos de trabajo. Este acuerdo ser\u00e1 la propuesta que la concejala de recursos humanos, Cecilia Tasc\u00f3n trasladar\u00e1 a la comisi\u00f3n que se celebra ma\u00f1ana martes, 23 de\" \/>\n\t\t<meta property=\"og:url\" content=\"https:\/\/candas365.es\/noticias\/acuerdo-entre-gobierno-de-carreno-y-los-sindicatos\/\" \/>\n\t\t<meta property=\"og:image\" content=\"https:\/\/candas365.es\/noticias\/wp-content\/uploads\/2015\/01\/ayuntamiento.jpg\" \/>\n\t\t<meta property=\"og:image:secure_url\" content=\"https:\/\/candas365.es\/noticias\/wp-content\/uploads\/2015\/01\/ayuntamiento.jpg\" \/>\n\t\t<meta property=\"og:image:width\" content=\"800\" \/>\n\t\t<meta property=\"og:image:height\" content=\"600\" \/>\n\t\t<meta property=\"article:published_time\" content=\"2018-10-23T06:27:30+00:00\" \/>\n\t\t<meta property=\"article:modified_time\" content=\"2018-10-23T06:27:30+00:00\" \/>\n\t\t<meta property=\"article:publisher\" content=\"https:\/\/www.facebook.com\/Nachofdezber\" \/>\n\t\t<meta property=\"article:author\" content=\"https:\/\/www.facebook.com\/carrenoactualidad\" \/>\n\t\t<meta name=\"twitter:card\" content=\"summary_large_image\" \/>\n\t\t<meta name=\"twitter:site\" content=\"@NabercoDigital\" \/>\n\t\t<meta name=\"twitter:title\" content=\"Acuerdo entre gobierno de Carre\u00f1o y los sindicatos | Cand\u00e1s 365\" \/>\n\t\t<meta name=\"twitter:description\" content=\"El gobierno local de Carre\u00f1o y las organizaciones sindicales con representaci\u00f3n en el ayuntamiento han llegado a un acuerdo para avanzar en la modificaci\u00f3n de la relaci\u00f3n de puestos de trabajo. Este acuerdo ser\u00e1 la propuesta que la concejala de recursos humanos, Cecilia Tasc\u00f3n trasladar\u00e1 a la comisi\u00f3n que se celebra ma\u00f1ana martes, 23 de\" \/>\n\t\t<meta name=\"twitter:creator\" content=\"@nbasturias\" \/>\n\t\t<meta name=\"twitter:image\" content=\"https:\/\/candas365.es\/noticias\/wp-content\/uploads\/2015\/01\/ayuntamiento.jpg\" \/>\n\t\t<meta name=\"twitter:label1\" content=\"Escrito por\" \/>\n\t\t<meta name=\"twitter:data1\" content=\"Cand\u00e1s 365\" \/>\n\t\t<meta name=\"twitter:label2\" content=\"Tiempo de lectura estimado\" \/>\n\t\t<meta name=\"twitter:data2\" content=\"1 minuto\" \/>\n\t\t<script type=\"application\/ld+json\" class=\"aioseo-schema\">\n\t\t\t{\"@context\":\"https:\\\/\\\/schema.org\",\"@graph\":[{\"@type\":\"BreadcrumbList\",\"@id\":\"https:\\\/\\\/candas365.es\\\/noticias\\\/acuerdo-entre-gobierno-de-carreno-y-los-sindicatos\\\/#breadcrumblist\",\"itemListElement\":[{\"@type\":\"ListItem\",\"@id\":\"https:\\\/\\\/candas365.es\\\/noticias#listItem\",\"position\":1,\"name\":\"Home\",\"item\":\"https:\\\/\\\/candas365.es\\\/noticias\",\"nextItem\":{\"@type\":\"ListItem\",\"@id\":\"https:\\\/\\\/candas365.es\\\/noticias\\\/category\\\/noticias-carreno\\\/#listItem\",\"name\":\"Noticias Carre\\u00f1o\"}},{\"@type\":\"ListItem\",\"@id\":\"https:\\\/\\\/candas365.es\\\/noticias\\\/category\\\/noticias-carreno\\\/#listItem\",\"position\":2,\"name\":\"Noticias Carre\\u00f1o\",\"item\":\"https:\\\/\\\/candas365.es\\\/noticias\\\/category\\\/noticias-carreno\\\/\",\"nextItem\":{\"@type\":\"ListItem\",\"@id\":\"https:\\\/\\\/candas365.es\\\/noticias\\\/acuerdo-entre-gobierno-de-carreno-y-los-sindicatos\\\/#listItem\",\"name\":\"Acuerdo entre gobierno de Carre\\u00f1o y los sindicatos\"},\"previousItem\":{\"@type\":\"ListItem\",\"@id\":\"https:\\\/\\\/candas365.es\\\/noticias#listItem\",\"name\":\"Home\"}},{\"@type\":\"ListItem\",\"@id\":\"https:\\\/\\\/candas365.es\\\/noticias\\\/acuerdo-entre-gobierno-de-carreno-y-los-sindicatos\\\/#listItem\",\"position\":3,\"name\":\"Acuerdo entre gobierno de Carre\\u00f1o y los sindicatos\",\"previousItem\":{\"@type\":\"ListItem\",\"@id\":\"https:\\\/\\\/candas365.es\\\/noticias\\\/category\\\/noticias-carreno\\\/#listItem\",\"name\":\"Noticias Carre\\u00f1o\"}}]},{\"@type\":\"NewsArticle\",\"@id\":\"https:\\\/\\\/candas365.es\\\/noticias\\\/acuerdo-entre-gobierno-de-carreno-y-los-sindicatos\\\/#newsarticle\",\"name\":\"Acuerdo entre gobierno de Carre\\u00f1o y los sindicatos | Cand\\u00e1s 365\",\"headline\":\"Acuerdo entre gobierno de Carre\\u00f1o y los sindicatos\",\"author\":{\"@id\":\"https:\\\/\\\/candas365.es\\\/noticias\\\/author\\\/admin\\\/#author\"},\"publisher\":{\"@id\":\"https:\\\/\\\/candas365.es\\\/noticias\\\/#organization\"},\"image\":{\"@type\":\"ImageObject\",\"url\":\"https:\\\/\\\/candas365.es\\\/noticias\\\/wp-content\\\/uploads\\\/2015\\\/01\\\/ayuntamiento.jpg\",\"width\":800,\"height\":600,\"caption\":\"Carre\\u00f1o\"},\"datePublished\":\"2018-10-23T06:27:30+02:00\",\"dateModified\":\"2018-10-23T06:27:30+02:00\",\"inLanguage\":\"es-ES\",\"mainEntityOfPage\":{\"@id\":\"https:\\\/\\\/candas365.es\\\/noticias\\\/acuerdo-entre-gobierno-de-carreno-y-los-sindicatos\\\/#webpage\"},\"isPartOf\":{\"@id\":\"https:\\\/\\\/candas365.es\\\/noticias\\\/acuerdo-entre-gobierno-de-carreno-y-los-sindicatos\\\/#webpage\"},\"articleSection\":\"Noticias Carre\\u00f1o\",\"dateline\":\"Publicado el octubre 23, 2018.\"},{\"@type\":\"Organization\",\"@id\":\"https:\\\/\\\/candas365.es\\\/noticias\\\/#organization\",\"name\":\"Cand\\u00e1s 365\",\"description\":\"Cand\\u00e1s 365 es un diario digital independiente, fundado en 2012, con base en Asturias. Informamos con rigor sobre actualidad, sociedad, cultura y ocio, con una mirada local y global.\",\"url\":\"https:\\\/\\\/candas365.es\\\/noticias\\\/\",\"email\":\"info@candas365.es\",\"telephone\":\"+34652131393\",\"foundingDate\":\"2012-06-10\",\"logo\":{\"@type\":\"ImageObject\",\"url\":\"https:\\\/\\\/candas365.es\\\/noticias\\\/wp-content\\\/uploads\\\/2024\\\/09\\\/Candas-365-Redes.jpg\",\"@id\":\"https:\\\/\\\/candas365.es\\\/noticias\\\/acuerdo-entre-gobierno-de-carreno-y-los-sindicatos\\\/#organizationLogo\",\"width\":1152,\"height\":864,\"caption\":\"Cand\\u00e1s 365 Redes\"},\"image\":{\"@id\":\"https:\\\/\\\/candas365.es\\\/noticias\\\/acuerdo-entre-gobierno-de-carreno-y-los-sindicatos\\\/#organizationLogo\"},\"sameAs\":[\"https:\\\/\\\/www.facebook.com\\\/Nachofdezber\",\"https:\\\/\\\/x.com\\\/NabercoDigital\",\"https:\\\/\\\/www.instagram.com\\\/nachofdezber\\\/\",\"https:\\\/\\\/www.youtube.com\\\/channel\\\/UCZP-2wLEB9Rv6erhFmqVnvg\"],\"address\":{\"@id\":\"https:\\\/\\\/candas365.es\\\/noticias\\\/#postaladdress\",\"@type\":\"PostalAddress\",\"streetAddress\":\"san antonio 4, san antonio 4\",\"postalCode\":\"33430\",\"addressLocality\":\"Cand\\u00e1s\",\"addressRegion\":\"Asturias\",\"addressCountry\":\"ES\"}},{\"@type\":\"Person\",\"@id\":\"https:\\\/\\\/candas365.es\\\/noticias\\\/author\\\/admin\\\/#author\",\"url\":\"https:\\\/\\\/candas365.es\\\/noticias\\\/author\\\/admin\\\/\",\"name\":\"Cand\\u00e1s 365\",\"image\":{\"@type\":\"ImageObject\",\"@id\":\"https:\\\/\\\/candas365.es\\\/noticias\\\/acuerdo-entre-gobierno-de-carreno-y-los-sindicatos\\\/#authorImage\",\"url\":\"https:\\\/\\\/secure.gravatar.com\\\/avatar\\\/496a8e03d0c493ede1718b7934145dbdf8d89be1036b0eec9544e1094c9de390?s=96&d=mm&r=g\",\"width\":96,\"height\":96,\"caption\":\"Cand\\u00e1s 365\"},\"sameAs\":[\"https:\\\/\\\/www.facebook.com\\\/carrenoactualidad\",\"https:\\\/\\\/twitter.com\\\/nbasturias\",\"https:\\\/\\\/www.instagram.com\\\/nachofdezber\\\/\",\"https:\\\/\\\/www.youtube.com\\\/channel\\\/UCZP-2wLEB9Rv6erhFmqVnvg\"]},{\"@type\":\"WebPage\",\"@id\":\"https:\\\/\\\/candas365.es\\\/noticias\\\/acuerdo-entre-gobierno-de-carreno-y-los-sindicatos\\\/#webpage\",\"url\":\"https:\\\/\\\/candas365.es\\\/noticias\\\/acuerdo-entre-gobierno-de-carreno-y-los-sindicatos\\\/\",\"name\":\"Acuerdo entre gobierno de Carre\\u00f1o y los sindicatos | Cand\\u00e1s 365\",\"description\":\"El gobierno local de Carre\\u00f1o y las organizaciones sindicales con representaci\\u00f3n en el ayuntamiento han llegado a un acuerdo para avanzar en la modificaci\\u00f3n de la relaci\\u00f3n de puestos de trabajo. Este acuerdo ser\\u00e1 la propuesta que la concejala de recursos humanos, Cecilia Tasc\\u00f3n trasladar\\u00e1 a la comisi\\u00f3n que se celebra ma\\u00f1ana martes, 23 de\",\"inLanguage\":\"es-ES\",\"isPartOf\":{\"@id\":\"https:\\\/\\\/candas365.es\\\/noticias\\\/#website\"},\"breadcrumb\":{\"@id\":\"https:\\\/\\\/candas365.es\\\/noticias\\\/acuerdo-entre-gobierno-de-carreno-y-los-sindicatos\\\/#breadcrumblist\"},\"author\":{\"@id\":\"https:\\\/\\\/candas365.es\\\/noticias\\\/author\\\/admin\\\/#author\"},\"creator\":{\"@id\":\"https:\\\/\\\/candas365.es\\\/noticias\\\/author\\\/admin\\\/#author\"},\"image\":{\"@type\":\"ImageObject\",\"url\":\"https:\\\/\\\/candas365.es\\\/noticias\\\/wp-content\\\/uploads\\\/2015\\\/01\\\/ayuntamiento.jpg\",\"@id\":\"https:\\\/\\\/candas365.es\\\/noticias\\\/acuerdo-entre-gobierno-de-carreno-y-los-sindicatos\\\/#mainImage\",\"width\":800,\"height\":600,\"caption\":\"Carre\\u00f1o\"},\"primaryImageOfPage\":{\"@id\":\"https:\\\/\\\/candas365.es\\\/noticias\\\/acuerdo-entre-gobierno-de-carreno-y-los-sindicatos\\\/#mainImage\"},\"datePublished\":\"2018-10-23T06:27:30+02:00\",\"dateModified\":\"2018-10-23T06:27:30+02:00\"},{\"@type\":\"WebSite\",\"@id\":\"https:\\\/\\\/candas365.es\\\/noticias\\\/#website\",\"url\":\"https:\\\/\\\/candas365.es\\\/noticias\\\/\",\"name\":\"Cand\\u00e1s 365\",\"alternateName\":\"Cand\\u00e1s 365 Noticias\",\"description\":\"Actualidad desde Carre\\u00f1o para el mundo\",\"inLanguage\":\"es-ES\",\"publisher\":{\"@id\":\"https:\\\/\\\/candas365.es\\\/noticias\\\/#organization\"}}]}\n\t\t<\/script>\n\t\t<!-- All in One SEO Pro -->\r\n\t\t<title>Acuerdo entre gobierno de Carre\u00f1o y los sindicatos | Cand\u00e1s 365<\/title>\n\n","aioseo_head_json":{"title":"Acuerdo entre gobierno de Carre\u00f1o y los sindicatos | Cand\u00e1s 365","description":"El gobierno local de Carre\u00f1o y las organizaciones sindicales con representaci\u00f3n en el ayuntamiento han llegado a un acuerdo para avanzar en la modificaci\u00f3n de la relaci\u00f3n de puestos de trabajo. Este acuerdo ser\u00e1 la propuesta que la concejala de recursos humanos, Cecilia Tasc\u00f3n trasladar\u00e1 a la comisi\u00f3n que se celebra ma\u00f1ana martes, 23 de","canonical_url":"https:\/\/candas365.es\/noticias\/acuerdo-entre-gobierno-de-carreno-y-los-sindicatos\/","robots":"max-image-preview:large","keywords":"noticias carre\u00f1o","webmasterTools":{"google-site-verification":"UA-32230408-1","msvalidate.01":"354F3CDFB2DA171B47FBE9ABF1F88D5","miscellaneous":""},"schema":{"@context":"https:\/\/schema.org","@graph":[{"@type":"BreadcrumbList","@id":"https:\/\/candas365.es\/noticias\/acuerdo-entre-gobierno-de-carreno-y-los-sindicatos\/#breadcrumblist","itemListElement":[{"@type":"ListItem","@id":"https:\/\/candas365.es\/noticias#listItem","position":1,"name":"Home","item":"https:\/\/candas365.es\/noticias","nextItem":{"@type":"ListItem","@id":"https:\/\/candas365.es\/noticias\/category\/noticias-carreno\/#listItem","name":"Noticias Carre\u00f1o"}},{"@type":"ListItem","@id":"https:\/\/candas365.es\/noticias\/category\/noticias-carreno\/#listItem","position":2,"name":"Noticias Carre\u00f1o","item":"https:\/\/candas365.es\/noticias\/category\/noticias-carreno\/","nextItem":{"@type":"ListItem","@id":"https:\/\/candas365.es\/noticias\/acuerdo-entre-gobierno-de-carreno-y-los-sindicatos\/#listItem","name":"Acuerdo entre gobierno de Carre\u00f1o y los sindicatos"},"previousItem":{"@type":"ListItem","@id":"https:\/\/candas365.es\/noticias#listItem","name":"Home"}},{"@type":"ListItem","@id":"https:\/\/candas365.es\/noticias\/acuerdo-entre-gobierno-de-carreno-y-los-sindicatos\/#listItem","position":3,"name":"Acuerdo entre gobierno de Carre\u00f1o y los sindicatos","previousItem":{"@type":"ListItem","@id":"https:\/\/candas365.es\/noticias\/category\/noticias-carreno\/#listItem","name":"Noticias Carre\u00f1o"}}]},{"@type":"NewsArticle","@id":"https:\/\/candas365.es\/noticias\/acuerdo-entre-gobierno-de-carreno-y-los-sindicatos\/#newsarticle","name":"Acuerdo entre gobierno de Carre\u00f1o y los sindicatos | Cand\u00e1s 365","headline":"Acuerdo entre gobierno de Carre\u00f1o y los sindicatos","author":{"@id":"https:\/\/candas365.es\/noticias\/author\/admin\/#author"},"publisher":{"@id":"https:\/\/candas365.es\/noticias\/#organization"},"image":{"@type":"ImageObject","url":"https:\/\/candas365.es\/noticias\/wp-content\/uploads\/2015\/01\/ayuntamiento.jpg","width":800,"height":600,"caption":"Carre\u00f1o"},"datePublished":"2018-10-23T06:27:30+02:00","dateModified":"2018-10-23T06:27:30+02:00","inLanguage":"es-ES","mainEntityOfPage":{"@id":"https:\/\/candas365.es\/noticias\/acuerdo-entre-gobierno-de-carreno-y-los-sindicatos\/#webpage"},"isPartOf":{"@id":"https:\/\/candas365.es\/noticias\/acuerdo-entre-gobierno-de-carreno-y-los-sindicatos\/#webpage"},"articleSection":"Noticias Carre\u00f1o","dateline":"Publicado el octubre 23, 2018."},{"@type":"Organization","@id":"https:\/\/candas365.es\/noticias\/#organization","name":"Cand\u00e1s 365","description":"Cand\u00e1s 365 es un diario digital independiente, fundado en 2012, con base en Asturias. Informamos con rigor sobre actualidad, sociedad, cultura y ocio, con una mirada local y global.","url":"https:\/\/candas365.es\/noticias\/","email":"info@candas365.es","telephone":"+34652131393","foundingDate":"2012-06-10","logo":{"@type":"ImageObject","url":"https:\/\/candas365.es\/noticias\/wp-content\/uploads\/2024\/09\/Candas-365-Redes.jpg","@id":"https:\/\/candas365.es\/noticias\/acuerdo-entre-gobierno-de-carreno-y-los-sindicatos\/#organizationLogo","width":1152,"height":864,"caption":"Cand\u00e1s 365 Redes"},"image":{"@id":"https:\/\/candas365.es\/noticias\/acuerdo-entre-gobierno-de-carreno-y-los-sindicatos\/#organizationLogo"},"sameAs":["https:\/\/www.facebook.com\/Nachofdezber","https:\/\/x.com\/NabercoDigital","https:\/\/www.instagram.com\/nachofdezber\/","https:\/\/www.youtube.com\/channel\/UCZP-2wLEB9Rv6erhFmqVnvg"],"address":{"@id":"https:\/\/candas365.es\/noticias\/#postaladdress","@type":"PostalAddress","streetAddress":"san antonio 4, san antonio 4","postalCode":"33430","addressLocality":"Cand\u00e1s","addressRegion":"Asturias","addressCountry":"ES"}},{"@type":"Person","@id":"https:\/\/candas365.es\/noticias\/author\/admin\/#author","url":"https:\/\/candas365.es\/noticias\/author\/admin\/","name":"Cand\u00e1s 365","image":{"@type":"ImageObject","@id":"https:\/\/candas365.es\/noticias\/acuerdo-entre-gobierno-de-carreno-y-los-sindicatos\/#authorImage","url":"https:\/\/secure.gravatar.com\/avatar\/496a8e03d0c493ede1718b7934145dbdf8d89be1036b0eec9544e1094c9de390?s=96&d=mm&r=g","width":96,"height":96,"caption":"Cand\u00e1s 365"},"sameAs":["https:\/\/www.facebook.com\/carrenoactualidad","https:\/\/twitter.com\/nbasturias","https:\/\/www.instagram.com\/nachofdezber\/","https:\/\/www.youtube.com\/channel\/UCZP-2wLEB9Rv6erhFmqVnvg"]},{"@type":"WebPage","@id":"https:\/\/candas365.es\/noticias\/acuerdo-entre-gobierno-de-carreno-y-los-sindicatos\/#webpage","url":"https:\/\/candas365.es\/noticias\/acuerdo-entre-gobierno-de-carreno-y-los-sindicatos\/","name":"Acuerdo entre gobierno de Carre\u00f1o y los sindicatos | Cand\u00e1s 365","description":"El gobierno local de Carre\u00f1o y las organizaciones sindicales con representaci\u00f3n en el ayuntamiento han llegado a un acuerdo para avanzar en la modificaci\u00f3n de la relaci\u00f3n de puestos de trabajo. Este acuerdo ser\u00e1 la propuesta que la concejala de recursos humanos, Cecilia Tasc\u00f3n trasladar\u00e1 a la comisi\u00f3n que se celebra ma\u00f1ana martes, 23 de","inLanguage":"es-ES","isPartOf":{"@id":"https:\/\/candas365.es\/noticias\/#website"},"breadcrumb":{"@id":"https:\/\/candas365.es\/noticias\/acuerdo-entre-gobierno-de-carreno-y-los-sindicatos\/#breadcrumblist"},"author":{"@id":"https:\/\/candas365.es\/noticias\/author\/admin\/#author"},"creator":{"@id":"https:\/\/candas365.es\/noticias\/author\/admin\/#author"},"image":{"@type":"ImageObject","url":"https:\/\/candas365.es\/noticias\/wp-content\/uploads\/2015\/01\/ayuntamiento.jpg","@id":"https:\/\/candas365.es\/noticias\/acuerdo-entre-gobierno-de-carreno-y-los-sindicatos\/#mainImage","width":800,"height":600,"caption":"Carre\u00f1o"},"primaryImageOfPage":{"@id":"https:\/\/candas365.es\/noticias\/acuerdo-entre-gobierno-de-carreno-y-los-sindicatos\/#mainImage"},"datePublished":"2018-10-23T06:27:30+02:00","dateModified":"2018-10-23T06:27:30+02:00"},{"@type":"WebSite","@id":"https:\/\/candas365.es\/noticias\/#website","url":"https:\/\/candas365.es\/noticias\/","name":"Cand\u00e1s 365","alternateName":"Cand\u00e1s 365 Noticias","description":"Actualidad desde Carre\u00f1o para el mundo","inLanguage":"es-ES","publisher":{"@id":"https:\/\/candas365.es\/noticias\/#organization"}}]},"og:locale":"es_ES","og:site_name":"Cand\u00e1s 365","og:type":"article","og:title":"Acuerdo entre gobierno de Carre\u00f1o y los sindicatos | Cand\u00e1s 365","og:description":"El gobierno local de Carre\u00f1o y las organizaciones sindicales con representaci\u00f3n en el ayuntamiento han llegado a un acuerdo para avanzar en la modificaci\u00f3n de la relaci\u00f3n de puestos de trabajo. Este acuerdo ser\u00e1 la propuesta que la concejala de recursos humanos, Cecilia Tasc\u00f3n trasladar\u00e1 a la comisi\u00f3n que se celebra ma\u00f1ana martes, 23 de","og:url":"https:\/\/candas365.es\/noticias\/acuerdo-entre-gobierno-de-carreno-y-los-sindicatos\/","og:image":"https:\/\/candas365.es\/noticias\/wp-content\/uploads\/2015\/01\/ayuntamiento.jpg","og:image:secure_url":"https:\/\/candas365.es\/noticias\/wp-content\/uploads\/2015\/01\/ayuntamiento.jpg","og:image:width":800,"og:image:height":600,"article:published_time":"2018-10-23T06:27:30+00:00","article:modified_time":"2018-10-23T06:27:30+00:00","article:publisher":"https:\/\/www.facebook.com\/Nachofdezber","article:author":"https:\/\/www.facebook.com\/carrenoactualidad","twitter:card":"summary_large_image","twitter:site":"@NabercoDigital","twitter:title":"Acuerdo entre gobierno de Carre\u00f1o y los sindicatos | Cand\u00e1s 365","twitter:description":"El gobierno local de Carre\u00f1o y las organizaciones sindicales con representaci\u00f3n en el ayuntamiento han llegado a un acuerdo para avanzar en la modificaci\u00f3n de la relaci\u00f3n de puestos de trabajo. Este acuerdo ser\u00e1 la propuesta que la concejala de recursos humanos, Cecilia Tasc\u00f3n trasladar\u00e1 a la comisi\u00f3n que se celebra ma\u00f1ana martes, 23 de","twitter:creator":"@nbasturias","twitter:image":"https:\/\/candas365.es\/noticias\/wp-content\/uploads\/2015\/01\/ayuntamiento.jpg","twitter:label1":"Escrito por","twitter:data1":"Cand\u00e1s 365","twitter:label2":"Tiempo de lectura estimado","twitter:data2":"1 minuto"},"aioseo_meta_data":{"post_id":"108326","title":null,"description":null,"keywords":null,"keyphrases":null,"primary_term":null,"canonical_url":null,"og_title":null,"og_description":null,"og_object_type":"default","og_image_type":"default","og_image_url":null,"og_image_width":null,"og_image_height":null,"og_image_custom_url":null,"og_image_custom_fields":null,"og_video":null,"og_custom_url":null,"og_article_section":null,"og_article_tags":null,"twitter_use_og":false,"twitter_card":"default","twitter_image_type":"default","twitter_image_url":null,"twitter_image_custom_url":null,"twitter_image_custom_fields":null,"twitter_title":null,"twitter_description":null,"schema":{"blockGraphs":[],"customGraphs":[],"default":{"data":{"Article":[],"Course":[],"Dataset":[],"FAQPage":[],"Movie":[],"Person":[],"Product":[],"ProductReview":[],"Car":[],"Recipe":[],"Service":[],"SoftwareApplication":[],"WebPage":[]},"graphName":"","isEnabled":true},"graphs":[]},"schema_type":null,"schema_type_options":null,"pillar_content":false,"robots_default":true,"robots_noindex":false,"robots_noarchive":false,"robots_nosnippet":false,"robots_nofollow":false,"robots_noimageindex":false,"robots_noodp":false,"robots_notranslate":false,"robots_max_snippet":null,"robots_max_videopreview":null,"robots_max_imagepreview":"large","priority":null,"frequency":null,"location":null,"local_seo":null,"seo_analyzer_scan_date":"2025-08-28 06:32:07","breadcrumb_settings":null,"limit_modified_date":false,"reviewed_by":null,"open_ai":null,"ai":null,"created":"2020-12-21 11:40:57","updated":"2025-08-28 06:32:07"},"aioseo_breadcrumb":"<div class=\"aioseo-breadcrumbs\"><span class=\"aioseo-breadcrumb\">\n\t<a href=\"https:\/\/candas365.es\/noticias\" title=\"Home\">Home<\/a>\n<\/span><span class=\"aioseo-breadcrumb-separator\">&ndash;<\/span><span class=\"aioseo-breadcrumb\">\n\t<a href=\"https:\/\/candas365.es\/noticias\/category\/noticias-carreno\/\" title=\"Noticias Carre\u00f1o\">Noticias Carre\u00f1o<\/a>\n<\/span><span class=\"aioseo-breadcrumb-separator\">&ndash;<\/span><span class=\"aioseo-breadcrumb\">\n\tAcuerdo entre gobierno de Carre\u00f1o y los sindicatos\n<\/span><\/div>","aioseo_breadcrumb_json":[{"label":"Home","link":"https:\/\/candas365.es\/noticias"},{"label":"Noticias Carre\u00f1o","link":"https:\/\/candas365.es\/noticias\/category\/noticias-carreno\/"},{"label":"Acuerdo entre gobierno de Carre\u00f1o y los sindicatos","link":"https:\/\/candas365.es\/noticias\/acuerdo-entre-gobierno-de-carreno-y-los-sindicatos\/"}],"_links":{"self":[{"href":"https:\/\/candas365.es\/noticias\/wp-json\/wp\/v2\/posts\/108326","targetHints":{"allow":["GET"]}}],"collection":[{"href":"https:\/\/candas365.es\/noticias\/wp-json\/wp\/v2\/posts"}],"about":[{"href":"https:\/\/candas365.es\/noticias\/wp-json\/wp\/v2\/types\/post"}],"author":[{"embeddable":true,"href":"https:\/\/candas365.es\/noticias\/wp-json\/wp\/v2\/users\/1"}],"replies":[{"embeddable":true,"href":"https:\/\/candas365.es\/noticias\/wp-json\/wp\/v2\/comments?post=108326"}],"version-history":[{"count":0,"href":"https:\/\/candas365.es\/noticias\/wp-json\/wp\/v2\/posts\/108326\/revisions"}],"wp:featuredmedia":[{"embeddable":true,"href":"https:\/\/candas365.es\/noticias\/wp-json\/wp\/v2\/media\/6453"}],"wp:attachment":[{"href":"https:\/\/candas365.es\/noticias\/wp-json\/wp\/v2\/media?parent=108326"}],"wp:term":[{"taxonomy":"category","embeddable":true,"href":"https:\/\/candas365.es\/noticias\/wp-json\/wp\/v2\/categories?post=108326"},{"taxonomy":"post_tag","embeddable":true,"href":"https:\/\/candas365.es\/noticias\/wp-json\/wp\/v2\/tags?post=108326"}],"curies":[{"name":"wp","href":"https:\/\/api.w.org\/{rel}","templated":true}]}}