{"id":108317,"date":"2018-10-23T05:50:37","date_gmt":"2018-10-23T05:50:37","guid":{"rendered":"http:\/\/candas365.es\/noticias\/?p=108317"},"modified":"2018-10-23T05:50:37","modified_gmt":"2018-10-23T05:50:37","slug":"italia-no-da-su-brazo-a-torcer-en-disputa-presupuestaria","status":"publish","type":"post","link":"https:\/\/candas365.es\/noticias\/italia-no-da-su-brazo-a-torcer-en-disputa-presupuestaria\/","title":{"rendered":"Italia no da su brazo a torcer en disputa presupuestaria"},"content":{"rendered":"<p><img fetchpriority=\"high\" decoding=\"async\" class=\"alignleft size-medium wp-image-97137\" src=\"https:\/\/candas365.es\/noticias\/wp-content\/uploads\/2018\/06\/blue-1283011_960_720-360x252.jpg\" alt=\"\" width=\"360\" height=\"252\" srcset=\"https:\/\/candas365.es\/noticias\/wp-content\/uploads\/2018\/06\/blue-1283011_960_720-360x252.jpg 360w, https:\/\/candas365.es\/noticias\/wp-content\/uploads\/2018\/06\/blue-1283011_960_720-768x537.jpg 768w, https:\/\/candas365.es\/noticias\/wp-content\/uploads\/2018\/06\/blue-1283011_960_720-655x458.jpg 655w, https:\/\/candas365.es\/noticias\/wp-content\/uploads\/2018\/06\/blue-1283011_960_720-100x70.jpg 100w, https:\/\/candas365.es\/noticias\/wp-content\/uploads\/2018\/06\/blue-1283011_960_720-696x486.jpg 696w, https:\/\/candas365.es\/noticias\/wp-content\/uploads\/2018\/06\/blue-1283011_960_720-601x420.jpg 601w, https:\/\/candas365.es\/noticias\/wp-content\/uploads\/2018\/06\/blue-1283011_960_720.jpg 960w\" sizes=\"(max-width: 360px) 100vw, 360px\" \/>Roma\/Bruselas, 22 oct (dpa) &#8211; El Gobierno de Italia defendi\u00f3 hoy en la disputa con la Comisi\u00f3n Europea por su controvertida pol\u00edtica presupuestaria el aumento del objetivo de d\u00e9ficit para 2019 hasta un 2,4 por ciento de su producto interior bruto (PIB).<\/p>\n<p>El ministro italiano de Finanzas, Giovanni Tria, escribi\u00f3 en una misiva dirigida al Ejecutivo europeo en Bruselas que es consciente de que los planes presupuestarios de su Gobierno no est\u00e1n en consonancia con el Pacto de Estabilidad de la eurozona. Sin embargo, sostuvo que el nuevo proyecto presupuestario no supone un riesgo ni para Italia ni para otros pa\u00edses miembros de la Uni\u00f3n Europea (UE).<\/p>\n<p>El objetivo del 2,4 por ciento para el a\u00f1o que viene es una decisi\u00f3n dif\u00edcil pero necesaria dada la dram\u00e1tica situaci\u00f3n econ\u00f3mica de Italia, argument\u00f3 el ministro. La semana pasada, la Comisi\u00f3n Europea hab\u00eda calificado este objetivo como una \u00abdesviaci\u00f3n sin precedentes\u00bb de las normas de la eurozona.<\/p>\n<p>\u00abNo somos una banda de cabrones indisciplinados que llegaron al poder. Trabajamos y estudiamos mucho, revisamos lo fundamental\u00bb, dijo Conte a periodistas en Roma. \u00abLlegamos a la conclusi\u00f3n de que si Italia sigue por el mismo camino, sufrir\u00e1 otra recesi\u00f3n\u00bb, se\u00f1al\u00f3 Conte.<\/p>\n<p>Conte dijo que si la Comisi\u00f3n rechaza formalmente los objetivos de d\u00e9ficit de Roma, se sentar\u00e1 a la mesa de negociaci\u00f3n con los funcionarios en Bruselas.<\/p>\n<p>El viceprimer ministro Matteo Salvini se mostr\u00f3 nuevamente duro. En caso de que la Comisi\u00f3n rechace el borrador, no se mover\u00e1n \u00abni medio cent\u00edmetro\u00bb de los planes de deuda, dijo el jefe de la derechista Liga y ministro de Interior.<\/p>\n<p>El comisario de Asuntos Financieros y Econ\u00f3micos de la UE, Pierre Moscovici, llam\u00f3 nuevamente hoy a Italia a cumplir con las normas europeas en materia de deuda. \u00abItalia puede dise\u00f1ar su propia pol\u00edtica presupuestaria pero siempre respetando las reglas comunes que existen desde hace diez a\u00f1os para todos los pa\u00edses\u00bb, dijo Moscovici a la emisora France Inter.<\/p>\n<p>El comisario europeo subray\u00f3 que el lugar de Italia est\u00e1 en el centro de la eurozona, no fuera de ella.<\/p>\n<p>El Gobierno anterior en Roma se hab\u00eda fijado un d\u00e9ficit de solo un 0,8 por ciento. Los criterios del Pacto de Estabilidad establecen un l\u00edmite del tres por ciento. Sin embargo, Italia tiene el nivel de deuda p\u00fablica m\u00e1s alto en Europa, un 130 por ciento del PIB, cuando el l\u00edmite m\u00e1ximo permitido es un 60 por ciento. Por esta raz\u00f3n, Italia est\u00e1 obligada a reducir la deuda a mediano plazo.<\/p>\n<p>Seg\u00fan los expertos, un mayor endeudamiento podr\u00eda disparar la prima de riesgo de los bonos italianos, lo que entra\u00f1ar\u00eda un potencial peligro para la confianza en los presupuestos del Estado y en la estabilidad de la moneda com\u00fan europea.<\/p>\n<p>Recientemente, la agencia de calificaci\u00f3n crediticia Moody&#8217;s ya hab\u00eda rebajado la solvencia de Italia. Seg\u00fan Moody&#8217;s, los planes presentados por Italia no suponen una \u00abagenda reformista coherente\u00bb que tome en cuenta el magro crecimiento econ\u00f3mico del pa\u00eds.<\/p>\n<p>La Comisi\u00f3n debatir\u00e1 este martes en su sesi\u00f3n habitual en Estrasburgo sobre los pasos a seguir. En teor\u00eda tiene tiempo hasta el pr\u00f3ximo lunes para rechazar los planes presupuestarios italianos. Bruselas afirma que nunca antes se dio una situaci\u00f3n as\u00ed. Roma tendr\u00eda luego de vuelta tres semanas m\u00e1s de tiempo para hacer correcciones.<\/p>\n","protected":false},"excerpt":{"rendered":"<p>Roma\/Bruselas, 22 oct (dpa) &#8211; El Gobierno de Italia defendi\u00f3 hoy en la disputa con la Comisi\u00f3n Europea por su controvertida pol\u00edtica presupuestaria el aumento del objetivo de d\u00e9ficit para 2019 hasta un 2,4 por ciento de su producto interior bruto (PIB). El ministro italiano de Finanzas, Giovanni Tria, escribi\u00f3 en una misiva dirigida al<\/p>\n","protected":false},"author":1,"featured_media":97137,"comment_status":"closed","ping_status":"closed","sticky":false,"template":"","format":"standard","meta":{"footnotes":""},"categories":[343],"tags":[],"class_list":{"0":"post-108317","1":"post","2":"type-post","3":"status-publish","4":"format-standard","5":"has-post-thumbnail","7":"category-actualidad"},"aioseo_notices":[],"aioseo_head":"\n\t\t<!-- All in One SEO Pro 4.9.6.2 - aioseo.com -->\n\t<meta name=\"description\" content=\"Roma\/Bruselas, 22 oct (dpa) - El Gobierno de Italia defendi\u00f3 hoy en la disputa con la Comisi\u00f3n Europea por su controvertida pol\u00edtica presupuestaria el aumento del objetivo de d\u00e9ficit para 2019 hasta un 2,4 por ciento de su producto interior bruto (PIB). El ministro italiano de Finanzas, Giovanni Tria, escribi\u00f3 en una misiva dirigida al\" \/>\n\t<meta name=\"robots\" content=\"max-image-preview:large\" \/>\n\t<meta name=\"author\" content=\"Cand\u00e1s 365\"\/>\n\t<meta name=\"google-site-verification\" content=\"UA-32230408-1\" \/>\n\t<meta name=\"msvalidate.01\" content=\"354F3CDFB2DA171B47FBE9ABF1F88D5\" \/>\n\t<meta name=\"keywords\" content=\"actualidad\" \/>\n\t<link rel=\"canonical\" href=\"https:\/\/candas365.es\/noticias\/italia-no-da-su-brazo-a-torcer-en-disputa-presupuestaria\/\" \/>\n\t<meta name=\"generator\" content=\"All in One SEO Pro (AIOSEO) 4.9.6.2\" \/>\n\t\t<meta property=\"og:locale\" content=\"es_ES\" \/>\n\t\t<meta property=\"og:site_name\" content=\"Cand\u00e1s 365\" \/>\n\t\t<meta property=\"og:type\" content=\"article\" \/>\n\t\t<meta property=\"og:title\" content=\"Italia no da su brazo a torcer en disputa presupuestaria | Cand\u00e1s 365\" \/>\n\t\t<meta property=\"og:description\" content=\"Roma\/Bruselas, 22 oct (dpa) - El Gobierno de Italia defendi\u00f3 hoy en la disputa con la Comisi\u00f3n Europea por su controvertida pol\u00edtica presupuestaria el aumento del objetivo de d\u00e9ficit para 2019 hasta un 2,4 por ciento de su producto interior bruto (PIB). El ministro italiano de Finanzas, Giovanni Tria, escribi\u00f3 en una misiva dirigida al\" \/>\n\t\t<meta property=\"og:url\" content=\"https:\/\/candas365.es\/noticias\/italia-no-da-su-brazo-a-torcer-en-disputa-presupuestaria\/\" \/>\n\t\t<meta property=\"og:image\" content=\"https:\/\/candas365.es\/noticias\/wp-content\/uploads\/2018\/06\/blue-1283011_960_720.jpg\" \/>\n\t\t<meta property=\"og:image:secure_url\" content=\"https:\/\/candas365.es\/noticias\/wp-content\/uploads\/2018\/06\/blue-1283011_960_720.jpg\" \/>\n\t\t<meta property=\"og:image:width\" content=\"960\" \/>\n\t\t<meta property=\"og:image:height\" content=\"671\" \/>\n\t\t<meta property=\"article:published_time\" content=\"2018-10-23T05:50:37+00:00\" \/>\n\t\t<meta property=\"article:modified_time\" content=\"2018-10-23T05:50:37+00:00\" \/>\n\t\t<meta property=\"article:publisher\" content=\"https:\/\/www.facebook.com\/Nachofdezber\" \/>\n\t\t<meta property=\"article:author\" content=\"https:\/\/www.facebook.com\/carrenoactualidad\" \/>\n\t\t<meta name=\"twitter:card\" content=\"summary_large_image\" \/>\n\t\t<meta name=\"twitter:site\" content=\"@NabercoDigital\" \/>\n\t\t<meta name=\"twitter:title\" content=\"Italia no da su brazo a torcer en disputa presupuestaria | Cand\u00e1s 365\" \/>\n\t\t<meta name=\"twitter:description\" content=\"Roma\/Bruselas, 22 oct (dpa) - El Gobierno de Italia defendi\u00f3 hoy en la disputa con la Comisi\u00f3n Europea por su controvertida pol\u00edtica presupuestaria el aumento del objetivo de d\u00e9ficit para 2019 hasta un 2,4 por ciento de su producto interior bruto (PIB). El ministro italiano de Finanzas, Giovanni Tria, escribi\u00f3 en una misiva dirigida al\" \/>\n\t\t<meta name=\"twitter:creator\" content=\"@nbasturias\" \/>\n\t\t<meta name=\"twitter:image\" content=\"https:\/\/candas365.es\/noticias\/wp-content\/uploads\/2018\/06\/blue-1283011_960_720.jpg\" \/>\n\t\t<meta name=\"twitter:label1\" content=\"Escrito por\" \/>\n\t\t<meta name=\"twitter:data1\" content=\"Cand\u00e1s 365\" \/>\n\t\t<meta name=\"twitter:label2\" content=\"Tiempo de lectura estimado\" \/>\n\t\t<meta name=\"twitter:data2\" content=\"3 minutos\" \/>\n\t\t<script type=\"application\/ld+json\" class=\"aioseo-schema\">\n\t\t\t{\"@context\":\"https:\\\/\\\/schema.org\",\"@graph\":[{\"@type\":\"BreadcrumbList\",\"@id\":\"https:\\\/\\\/candas365.es\\\/noticias\\\/italia-no-da-su-brazo-a-torcer-en-disputa-presupuestaria\\\/#breadcrumblist\",\"itemListElement\":[{\"@type\":\"ListItem\",\"@id\":\"https:\\\/\\\/candas365.es\\\/noticias#listItem\",\"position\":1,\"name\":\"Home\",\"item\":\"https:\\\/\\\/candas365.es\\\/noticias\",\"nextItem\":{\"@type\":\"ListItem\",\"@id\":\"https:\\\/\\\/candas365.es\\\/noticias\\\/category\\\/actualidad\\\/#listItem\",\"name\":\"Actualidad\"}},{\"@type\":\"ListItem\",\"@id\":\"https:\\\/\\\/candas365.es\\\/noticias\\\/category\\\/actualidad\\\/#listItem\",\"position\":2,\"name\":\"Actualidad\",\"item\":\"https:\\\/\\\/candas365.es\\\/noticias\\\/category\\\/actualidad\\\/\",\"nextItem\":{\"@type\":\"ListItem\",\"@id\":\"https:\\\/\\\/candas365.es\\\/noticias\\\/italia-no-da-su-brazo-a-torcer-en-disputa-presupuestaria\\\/#listItem\",\"name\":\"Italia no da su brazo a torcer en disputa presupuestaria\"},\"previousItem\":{\"@type\":\"ListItem\",\"@id\":\"https:\\\/\\\/candas365.es\\\/noticias#listItem\",\"name\":\"Home\"}},{\"@type\":\"ListItem\",\"@id\":\"https:\\\/\\\/candas365.es\\\/noticias\\\/italia-no-da-su-brazo-a-torcer-en-disputa-presupuestaria\\\/#listItem\",\"position\":3,\"name\":\"Italia no da su brazo a torcer en disputa presupuestaria\",\"previousItem\":{\"@type\":\"ListItem\",\"@id\":\"https:\\\/\\\/candas365.es\\\/noticias\\\/category\\\/actualidad\\\/#listItem\",\"name\":\"Actualidad\"}}]},{\"@type\":\"NewsArticle\",\"@id\":\"https:\\\/\\\/candas365.es\\\/noticias\\\/italia-no-da-su-brazo-a-torcer-en-disputa-presupuestaria\\\/#newsarticle\",\"name\":\"Italia no da su brazo a torcer en disputa presupuestaria | Cand\\u00e1s 365\",\"headline\":\"Italia no da su brazo a torcer en disputa presupuestaria\",\"author\":{\"@id\":\"https:\\\/\\\/candas365.es\\\/noticias\\\/author\\\/admin\\\/#author\"},\"publisher\":{\"@id\":\"https:\\\/\\\/candas365.es\\\/noticias\\\/#organization\"},\"image\":{\"@type\":\"ImageObject\",\"url\":\"https:\\\/\\\/candas365.es\\\/noticias\\\/wp-content\\\/uploads\\\/2018\\\/06\\\/blue-1283011_960_720.jpg\",\"width\":960,\"height\":671,\"caption\":\"UE\"},\"datePublished\":\"2018-10-23T05:50:37+02:00\",\"dateModified\":\"2018-10-23T05:50:37+02:00\",\"inLanguage\":\"es-ES\",\"mainEntityOfPage\":{\"@id\":\"https:\\\/\\\/candas365.es\\\/noticias\\\/italia-no-da-su-brazo-a-torcer-en-disputa-presupuestaria\\\/#webpage\"},\"isPartOf\":{\"@id\":\"https:\\\/\\\/candas365.es\\\/noticias\\\/italia-no-da-su-brazo-a-torcer-en-disputa-presupuestaria\\\/#webpage\"},\"articleSection\":\"Actualidad\",\"dateline\":\"Publicado el octubre 23, 2018.\"},{\"@type\":\"Organization\",\"@id\":\"https:\\\/\\\/candas365.es\\\/noticias\\\/#organization\",\"name\":\"Cand\\u00e1s 365\",\"description\":\"Cand\\u00e1s 365 es un diario digital independiente, fundado en 2012, con base en Asturias. Informamos con rigor sobre actualidad, sociedad, cultura y ocio, con una mirada local y global.\",\"url\":\"https:\\\/\\\/candas365.es\\\/noticias\\\/\",\"email\":\"info@candas365.es\",\"telephone\":\"+34652131393\",\"foundingDate\":\"2012-06-10\",\"logo\":{\"@type\":\"ImageObject\",\"url\":\"https:\\\/\\\/candas365.es\\\/noticias\\\/wp-content\\\/uploads\\\/2024\\\/09\\\/Candas-365-Redes.jpg\",\"@id\":\"https:\\\/\\\/candas365.es\\\/noticias\\\/italia-no-da-su-brazo-a-torcer-en-disputa-presupuestaria\\\/#organizationLogo\",\"width\":1152,\"height\":864,\"caption\":\"Cand\\u00e1s 365 Redes\"},\"image\":{\"@id\":\"https:\\\/\\\/candas365.es\\\/noticias\\\/italia-no-da-su-brazo-a-torcer-en-disputa-presupuestaria\\\/#organizationLogo\"},\"sameAs\":[\"https:\\\/\\\/www.facebook.com\\\/Nachofdezber\",\"https:\\\/\\\/x.com\\\/NabercoDigital\",\"https:\\\/\\\/www.instagram.com\\\/nachofdezber\\\/\",\"https:\\\/\\\/www.youtube.com\\\/channel\\\/UCZP-2wLEB9Rv6erhFmqVnvg\"],\"address\":{\"@id\":\"https:\\\/\\\/candas365.es\\\/noticias\\\/#postaladdress\",\"@type\":\"PostalAddress\",\"streetAddress\":\"san antonio 4, san antonio 4\",\"postalCode\":\"33430\",\"addressLocality\":\"Cand\\u00e1s\",\"addressRegion\":\"Asturias\",\"addressCountry\":\"ES\"}},{\"@type\":\"Person\",\"@id\":\"https:\\\/\\\/candas365.es\\\/noticias\\\/author\\\/admin\\\/#author\",\"url\":\"https:\\\/\\\/candas365.es\\\/noticias\\\/author\\\/admin\\\/\",\"name\":\"Cand\\u00e1s 365\",\"image\":{\"@type\":\"ImageObject\",\"@id\":\"https:\\\/\\\/candas365.es\\\/noticias\\\/italia-no-da-su-brazo-a-torcer-en-disputa-presupuestaria\\\/#authorImage\",\"url\":\"https:\\\/\\\/secure.gravatar.com\\\/avatar\\\/496a8e03d0c493ede1718b7934145dbdf8d89be1036b0eec9544e1094c9de390?s=96&d=mm&r=g\",\"width\":96,\"height\":96,\"caption\":\"Cand\\u00e1s 365\"},\"sameAs\":[\"https:\\\/\\\/www.facebook.com\\\/carrenoactualidad\",\"https:\\\/\\\/twitter.com\\\/nbasturias\",\"https:\\\/\\\/www.instagram.com\\\/nachofdezber\\\/\",\"https:\\\/\\\/www.youtube.com\\\/channel\\\/UCZP-2wLEB9Rv6erhFmqVnvg\"]},{\"@type\":\"WebPage\",\"@id\":\"https:\\\/\\\/candas365.es\\\/noticias\\\/italia-no-da-su-brazo-a-torcer-en-disputa-presupuestaria\\\/#webpage\",\"url\":\"https:\\\/\\\/candas365.es\\\/noticias\\\/italia-no-da-su-brazo-a-torcer-en-disputa-presupuestaria\\\/\",\"name\":\"Italia no da su brazo a torcer en disputa presupuestaria | Cand\\u00e1s 365\",\"description\":\"Roma\\\/Bruselas, 22 oct (dpa) - El Gobierno de Italia defendi\\u00f3 hoy en la disputa con la Comisi\\u00f3n Europea por su controvertida pol\\u00edtica presupuestaria el aumento del objetivo de d\\u00e9ficit para 2019 hasta un 2,4 por ciento de su producto interior bruto (PIB). El ministro italiano de Finanzas, Giovanni Tria, escribi\\u00f3 en una misiva dirigida al\",\"inLanguage\":\"es-ES\",\"isPartOf\":{\"@id\":\"https:\\\/\\\/candas365.es\\\/noticias\\\/#website\"},\"breadcrumb\":{\"@id\":\"https:\\\/\\\/candas365.es\\\/noticias\\\/italia-no-da-su-brazo-a-torcer-en-disputa-presupuestaria\\\/#breadcrumblist\"},\"author\":{\"@id\":\"https:\\\/\\\/candas365.es\\\/noticias\\\/author\\\/admin\\\/#author\"},\"creator\":{\"@id\":\"https:\\\/\\\/candas365.es\\\/noticias\\\/author\\\/admin\\\/#author\"},\"image\":{\"@type\":\"ImageObject\",\"url\":\"https:\\\/\\\/candas365.es\\\/noticias\\\/wp-content\\\/uploads\\\/2018\\\/06\\\/blue-1283011_960_720.jpg\",\"@id\":\"https:\\\/\\\/candas365.es\\\/noticias\\\/italia-no-da-su-brazo-a-torcer-en-disputa-presupuestaria\\\/#mainImage\",\"width\":960,\"height\":671,\"caption\":\"UE\"},\"primaryImageOfPage\":{\"@id\":\"https:\\\/\\\/candas365.es\\\/noticias\\\/italia-no-da-su-brazo-a-torcer-en-disputa-presupuestaria\\\/#mainImage\"},\"datePublished\":\"2018-10-23T05:50:37+02:00\",\"dateModified\":\"2018-10-23T05:50:37+02:00\"},{\"@type\":\"WebSite\",\"@id\":\"https:\\\/\\\/candas365.es\\\/noticias\\\/#website\",\"url\":\"https:\\\/\\\/candas365.es\\\/noticias\\\/\",\"name\":\"Cand\\u00e1s 365\",\"alternateName\":\"Cand\\u00e1s 365 Noticias\",\"description\":\"Actualidad desde Carre\\u00f1o para el mundo\",\"inLanguage\":\"es-ES\",\"publisher\":{\"@id\":\"https:\\\/\\\/candas365.es\\\/noticias\\\/#organization\"}}]}\n\t\t<\/script>\n\t\t<!-- All in One SEO Pro -->\r\n\t\t<title>Italia no da su brazo a torcer en disputa presupuestaria | Cand\u00e1s 365<\/title>\n\n","aioseo_head_json":{"title":"Italia no da su brazo a torcer en disputa presupuestaria | Cand\u00e1s 365","description":"Roma\/Bruselas, 22 oct (dpa) - El Gobierno de Italia defendi\u00f3 hoy en la disputa con la Comisi\u00f3n Europea por su controvertida pol\u00edtica presupuestaria el aumento del objetivo de d\u00e9ficit para 2019 hasta un 2,4 por ciento de su producto interior bruto (PIB). El ministro italiano de Finanzas, Giovanni Tria, escribi\u00f3 en una misiva dirigida al","canonical_url":"https:\/\/candas365.es\/noticias\/italia-no-da-su-brazo-a-torcer-en-disputa-presupuestaria\/","robots":"max-image-preview:large","keywords":"actualidad","webmasterTools":{"google-site-verification":"UA-32230408-1","msvalidate.01":"354F3CDFB2DA171B47FBE9ABF1F88D5","miscellaneous":""},"schema":{"@context":"https:\/\/schema.org","@graph":[{"@type":"BreadcrumbList","@id":"https:\/\/candas365.es\/noticias\/italia-no-da-su-brazo-a-torcer-en-disputa-presupuestaria\/#breadcrumblist","itemListElement":[{"@type":"ListItem","@id":"https:\/\/candas365.es\/noticias#listItem","position":1,"name":"Home","item":"https:\/\/candas365.es\/noticias","nextItem":{"@type":"ListItem","@id":"https:\/\/candas365.es\/noticias\/category\/actualidad\/#listItem","name":"Actualidad"}},{"@type":"ListItem","@id":"https:\/\/candas365.es\/noticias\/category\/actualidad\/#listItem","position":2,"name":"Actualidad","item":"https:\/\/candas365.es\/noticias\/category\/actualidad\/","nextItem":{"@type":"ListItem","@id":"https:\/\/candas365.es\/noticias\/italia-no-da-su-brazo-a-torcer-en-disputa-presupuestaria\/#listItem","name":"Italia no da su brazo a torcer en disputa presupuestaria"},"previousItem":{"@type":"ListItem","@id":"https:\/\/candas365.es\/noticias#listItem","name":"Home"}},{"@type":"ListItem","@id":"https:\/\/candas365.es\/noticias\/italia-no-da-su-brazo-a-torcer-en-disputa-presupuestaria\/#listItem","position":3,"name":"Italia no da su brazo a torcer en disputa presupuestaria","previousItem":{"@type":"ListItem","@id":"https:\/\/candas365.es\/noticias\/category\/actualidad\/#listItem","name":"Actualidad"}}]},{"@type":"NewsArticle","@id":"https:\/\/candas365.es\/noticias\/italia-no-da-su-brazo-a-torcer-en-disputa-presupuestaria\/#newsarticle","name":"Italia no da su brazo a torcer en disputa presupuestaria | Cand\u00e1s 365","headline":"Italia no da su brazo a torcer en disputa presupuestaria","author":{"@id":"https:\/\/candas365.es\/noticias\/author\/admin\/#author"},"publisher":{"@id":"https:\/\/candas365.es\/noticias\/#organization"},"image":{"@type":"ImageObject","url":"https:\/\/candas365.es\/noticias\/wp-content\/uploads\/2018\/06\/blue-1283011_960_720.jpg","width":960,"height":671,"caption":"UE"},"datePublished":"2018-10-23T05:50:37+02:00","dateModified":"2018-10-23T05:50:37+02:00","inLanguage":"es-ES","mainEntityOfPage":{"@id":"https:\/\/candas365.es\/noticias\/italia-no-da-su-brazo-a-torcer-en-disputa-presupuestaria\/#webpage"},"isPartOf":{"@id":"https:\/\/candas365.es\/noticias\/italia-no-da-su-brazo-a-torcer-en-disputa-presupuestaria\/#webpage"},"articleSection":"Actualidad","dateline":"Publicado el octubre 23, 2018."},{"@type":"Organization","@id":"https:\/\/candas365.es\/noticias\/#organization","name":"Cand\u00e1s 365","description":"Cand\u00e1s 365 es un diario digital independiente, fundado en 2012, con base en Asturias. Informamos con rigor sobre actualidad, sociedad, cultura y ocio, con una mirada local y global.","url":"https:\/\/candas365.es\/noticias\/","email":"info@candas365.es","telephone":"+34652131393","foundingDate":"2012-06-10","logo":{"@type":"ImageObject","url":"https:\/\/candas365.es\/noticias\/wp-content\/uploads\/2024\/09\/Candas-365-Redes.jpg","@id":"https:\/\/candas365.es\/noticias\/italia-no-da-su-brazo-a-torcer-en-disputa-presupuestaria\/#organizationLogo","width":1152,"height":864,"caption":"Cand\u00e1s 365 Redes"},"image":{"@id":"https:\/\/candas365.es\/noticias\/italia-no-da-su-brazo-a-torcer-en-disputa-presupuestaria\/#organizationLogo"},"sameAs":["https:\/\/www.facebook.com\/Nachofdezber","https:\/\/x.com\/NabercoDigital","https:\/\/www.instagram.com\/nachofdezber\/","https:\/\/www.youtube.com\/channel\/UCZP-2wLEB9Rv6erhFmqVnvg"],"address":{"@id":"https:\/\/candas365.es\/noticias\/#postaladdress","@type":"PostalAddress","streetAddress":"san antonio 4, san antonio 4","postalCode":"33430","addressLocality":"Cand\u00e1s","addressRegion":"Asturias","addressCountry":"ES"}},{"@type":"Person","@id":"https:\/\/candas365.es\/noticias\/author\/admin\/#author","url":"https:\/\/candas365.es\/noticias\/author\/admin\/","name":"Cand\u00e1s 365","image":{"@type":"ImageObject","@id":"https:\/\/candas365.es\/noticias\/italia-no-da-su-brazo-a-torcer-en-disputa-presupuestaria\/#authorImage","url":"https:\/\/secure.gravatar.com\/avatar\/496a8e03d0c493ede1718b7934145dbdf8d89be1036b0eec9544e1094c9de390?s=96&d=mm&r=g","width":96,"height":96,"caption":"Cand\u00e1s 365"},"sameAs":["https:\/\/www.facebook.com\/carrenoactualidad","https:\/\/twitter.com\/nbasturias","https:\/\/www.instagram.com\/nachofdezber\/","https:\/\/www.youtube.com\/channel\/UCZP-2wLEB9Rv6erhFmqVnvg"]},{"@type":"WebPage","@id":"https:\/\/candas365.es\/noticias\/italia-no-da-su-brazo-a-torcer-en-disputa-presupuestaria\/#webpage","url":"https:\/\/candas365.es\/noticias\/italia-no-da-su-brazo-a-torcer-en-disputa-presupuestaria\/","name":"Italia no da su brazo a torcer en disputa presupuestaria | Cand\u00e1s 365","description":"Roma\/Bruselas, 22 oct (dpa) - El Gobierno de Italia defendi\u00f3 hoy en la disputa con la Comisi\u00f3n Europea por su controvertida pol\u00edtica presupuestaria el aumento del objetivo de d\u00e9ficit para 2019 hasta un 2,4 por ciento de su producto interior bruto (PIB). El ministro italiano de Finanzas, Giovanni Tria, escribi\u00f3 en una misiva dirigida al","inLanguage":"es-ES","isPartOf":{"@id":"https:\/\/candas365.es\/noticias\/#website"},"breadcrumb":{"@id":"https:\/\/candas365.es\/noticias\/italia-no-da-su-brazo-a-torcer-en-disputa-presupuestaria\/#breadcrumblist"},"author":{"@id":"https:\/\/candas365.es\/noticias\/author\/admin\/#author"},"creator":{"@id":"https:\/\/candas365.es\/noticias\/author\/admin\/#author"},"image":{"@type":"ImageObject","url":"https:\/\/candas365.es\/noticias\/wp-content\/uploads\/2018\/06\/blue-1283011_960_720.jpg","@id":"https:\/\/candas365.es\/noticias\/italia-no-da-su-brazo-a-torcer-en-disputa-presupuestaria\/#mainImage","width":960,"height":671,"caption":"UE"},"primaryImageOfPage":{"@id":"https:\/\/candas365.es\/noticias\/italia-no-da-su-brazo-a-torcer-en-disputa-presupuestaria\/#mainImage"},"datePublished":"2018-10-23T05:50:37+02:00","dateModified":"2018-10-23T05:50:37+02:00"},{"@type":"WebSite","@id":"https:\/\/candas365.es\/noticias\/#website","url":"https:\/\/candas365.es\/noticias\/","name":"Cand\u00e1s 365","alternateName":"Cand\u00e1s 365 Noticias","description":"Actualidad desde Carre\u00f1o para el mundo","inLanguage":"es-ES","publisher":{"@id":"https:\/\/candas365.es\/noticias\/#organization"}}]},"og:locale":"es_ES","og:site_name":"Cand\u00e1s 365","og:type":"article","og:title":"Italia no da su brazo a torcer en disputa presupuestaria | Cand\u00e1s 365","og:description":"Roma\/Bruselas, 22 oct (dpa) - El Gobierno de Italia defendi\u00f3 hoy en la disputa con la Comisi\u00f3n Europea por su controvertida pol\u00edtica presupuestaria el aumento del objetivo de d\u00e9ficit para 2019 hasta un 2,4 por ciento de su producto interior bruto (PIB). El ministro italiano de Finanzas, Giovanni Tria, escribi\u00f3 en una misiva dirigida al","og:url":"https:\/\/candas365.es\/noticias\/italia-no-da-su-brazo-a-torcer-en-disputa-presupuestaria\/","og:image":"https:\/\/candas365.es\/noticias\/wp-content\/uploads\/2018\/06\/blue-1283011_960_720.jpg","og:image:secure_url":"https:\/\/candas365.es\/noticias\/wp-content\/uploads\/2018\/06\/blue-1283011_960_720.jpg","og:image:width":960,"og:image:height":671,"article:published_time":"2018-10-23T05:50:37+00:00","article:modified_time":"2018-10-23T05:50:37+00:00","article:publisher":"https:\/\/www.facebook.com\/Nachofdezber","article:author":"https:\/\/www.facebook.com\/carrenoactualidad","twitter:card":"summary_large_image","twitter:site":"@NabercoDigital","twitter:title":"Italia no da su brazo a torcer en disputa presupuestaria | Cand\u00e1s 365","twitter:description":"Roma\/Bruselas, 22 oct (dpa) - El Gobierno de Italia defendi\u00f3 hoy en la disputa con la Comisi\u00f3n Europea por su controvertida pol\u00edtica presupuestaria el aumento del objetivo de d\u00e9ficit para 2019 hasta un 2,4 por ciento de su producto interior bruto (PIB). El ministro italiano de Finanzas, Giovanni Tria, escribi\u00f3 en una misiva dirigida al","twitter:creator":"@nbasturias","twitter:image":"https:\/\/candas365.es\/noticias\/wp-content\/uploads\/2018\/06\/blue-1283011_960_720.jpg","twitter:label1":"Escrito por","twitter:data1":"Cand\u00e1s 365","twitter:label2":"Tiempo de lectura estimado","twitter:data2":"3 minutos"},"aioseo_meta_data":{"post_id":"108317","title":null,"description":null,"keywords":null,"keyphrases":null,"primary_term":null,"canonical_url":null,"og_title":null,"og_description":null,"og_object_type":"default","og_image_type":"default","og_image_url":null,"og_image_width":null,"og_image_height":null,"og_image_custom_url":null,"og_image_custom_fields":null,"og_video":null,"og_custom_url":null,"og_article_section":null,"og_article_tags":null,"twitter_use_og":false,"twitter_card":"default","twitter_image_type":"default","twitter_image_url":null,"twitter_image_custom_url":null,"twitter_image_custom_fields":null,"twitter_title":null,"twitter_description":null,"schema":{"blockGraphs":[],"customGraphs":[],"default":{"data":{"Article":[],"Course":[],"Dataset":[],"FAQPage":[],"Movie":[],"Person":[],"Product":[],"ProductReview":[],"Car":[],"Recipe":[],"Service":[],"SoftwareApplication":[],"WebPage":[]},"graphName":"","isEnabled":true},"graphs":[],"defaultGraph":"","defaultPostTypeGraph":""},"schema_type":null,"schema_type_options":null,"pillar_content":false,"robots_default":true,"robots_noindex":false,"robots_noarchive":false,"robots_nosnippet":false,"robots_nofollow":false,"robots_noimageindex":false,"robots_noodp":false,"robots_notranslate":false,"robots_max_snippet":null,"robots_max_videopreview":null,"robots_max_imagepreview":"large","priority":null,"frequency":null,"location":null,"local_seo":null,"seo_analyzer_scan_date":"2025-08-28 06:29:20","breadcrumb_settings":null,"limit_modified_date":false,"reviewed_by":null,"open_ai":null,"ai":null,"created":"2020-12-21 11:40:57","updated":"2025-08-28 06:29:20"},"aioseo_breadcrumb":"<div class=\"aioseo-breadcrumbs\"><span class=\"aioseo-breadcrumb\">\n\t<a href=\"https:\/\/candas365.es\/noticias\" title=\"Home\">Home<\/a>\n<\/span><span class=\"aioseo-breadcrumb-separator\">&ndash;<\/span><span class=\"aioseo-breadcrumb\">\n\t<a href=\"https:\/\/candas365.es\/noticias\/category\/actualidad\/\" title=\"Actualidad\">Actualidad<\/a>\n<\/span><span class=\"aioseo-breadcrumb-separator\">&ndash;<\/span><span class=\"aioseo-breadcrumb\">\n\tItalia no da su brazo a torcer en disputa presupuestaria\n<\/span><\/div>","aioseo_breadcrumb_json":[{"label":"Home","link":"https:\/\/candas365.es\/noticias"},{"label":"Actualidad","link":"https:\/\/candas365.es\/noticias\/category\/actualidad\/"},{"label":"Italia no da su brazo a torcer en disputa presupuestaria","link":"https:\/\/candas365.es\/noticias\/italia-no-da-su-brazo-a-torcer-en-disputa-presupuestaria\/"}],"_links":{"self":[{"href":"https:\/\/candas365.es\/noticias\/wp-json\/wp\/v2\/posts\/108317","targetHints":{"allow":["GET"]}}],"collection":[{"href":"https:\/\/candas365.es\/noticias\/wp-json\/wp\/v2\/posts"}],"about":[{"href":"https:\/\/candas365.es\/noticias\/wp-json\/wp\/v2\/types\/post"}],"author":[{"embeddable":true,"href":"https:\/\/candas365.es\/noticias\/wp-json\/wp\/v2\/users\/1"}],"replies":[{"embeddable":true,"href":"https:\/\/candas365.es\/noticias\/wp-json\/wp\/v2\/comments?post=108317"}],"version-history":[{"count":0,"href":"https:\/\/candas365.es\/noticias\/wp-json\/wp\/v2\/posts\/108317\/revisions"}],"wp:featuredmedia":[{"embeddable":true,"href":"https:\/\/candas365.es\/noticias\/wp-json\/wp\/v2\/media\/97137"}],"wp:attachment":[{"href":"https:\/\/candas365.es\/noticias\/wp-json\/wp\/v2\/media?parent=108317"}],"wp:term":[{"taxonomy":"category","embeddable":true,"href":"https:\/\/candas365.es\/noticias\/wp-json\/wp\/v2\/categories?post=108317"},{"taxonomy":"post_tag","embeddable":true,"href":"https:\/\/candas365.es\/noticias\/wp-json\/wp\/v2\/tags?post=108317"}],"curies":[{"name":"wp","href":"https:\/\/api.w.org\/{rel}","templated":true}]}}