{"id":108310,"date":"2018-10-23T05:28:47","date_gmt":"2018-10-23T05:28:47","guid":{"rendered":"http:\/\/candas365.es\/noticias\/?p=108310"},"modified":"2018-10-23T05:28:47","modified_gmt":"2018-10-23T05:28:47","slug":"espana-expulsa-a-55-migrantes-que-saltaron-la-valla-de-melilla","status":"publish","type":"post","link":"https:\/\/candas365.es\/noticias\/espana-expulsa-a-55-migrantes-que-saltaron-la-valla-de-melilla\/","title":{"rendered":"Espa\u00f1a expulsa a 55 migrantes que saltaron la valla de Melilla"},"content":{"rendered":"<p><img fetchpriority=\"high\" decoding=\"async\" class=\"alignleft size-medium wp-image-90480\" src=\"https:\/\/candas365.es\/noticias\/wp-content\/uploads\/2018\/02\/Exteriores2.Interior-360x239.jpg\" alt=\"\" width=\"360\" height=\"239\" srcset=\"https:\/\/candas365.es\/noticias\/wp-content\/uploads\/2018\/02\/Exteriores2.Interior-360x239.jpg 360w, https:\/\/candas365.es\/noticias\/wp-content\/uploads\/2018\/02\/Exteriores2.Interior.jpg 496w\" sizes=\"(max-width: 360px) 100vw, 360px\" \/>Madrid, 22 oct (dpa) &#8211; Espa\u00f1a expuls\u00f3 hoy a Marruecos a 55 de los 209 migrantes que este domingo lograron saltar la valla fronteriza que protege el enclave de Melilla e ingresar en territorio europeo, confirmaron las autoridades locales.<\/p>\n<p>\u00abEl Gobierno ha aplicado el tratado hispanomarroqu\u00ed de readmisi\u00f3n a 55 personas, que est\u00e1n siendo trasladadas en este momento a Marruecos\u00bb, se\u00f1al\u00f3 un portavoz de la Delegaci\u00f3n del Gobierno en Melilla citado en la prensa local.<\/p>\n<p>Seg\u00fan la misma fuente, otros 140 migrantes solicitaron el derecho de asilo en Espa\u00f1a y permanecen en Melilla a la espera de que se resuelvan sus expedientes. Adem\u00e1s, cinco de los 19 heridos siguen hospitalizados.<\/p>\n<p>La devoluci\u00f3n a Marruecos se produjo 24 horas despu\u00e9s del incidente, que se produjo cuando m\u00e1s de 300 migrantes asaltaron la valla fronteriza de Melilla y 209 lograron ingresar en el enclave.<\/p>\n<p>Un migrante muri\u00f3 en el intento, en principio por una parada cardiorrespiratoria, seg\u00fan datos preliminares de la Delegaci\u00f3n del Gobierno difundidos el domingo. La autopsia determinar\u00e1 la causa concreta del fallecimiento.<\/p>\n<p>Espa\u00f1a cuenta con dos enclaves en el norte de \u00c1frica: Ceuta y Melilla, situada unos 250 kil\u00f3metros al este. Ambos est\u00e1n protegidos por kil\u00f3metros de vallas de hasta seis metros de alto y diversos mecanismos de seguridad no exentos de pol\u00e9mica.<\/p>\n<p>Miles de migrantes que huyen de la pobreza en los pa\u00edses al sur del Sahara intentan cruzar regularmente la valla para ingresar en Espa\u00f1a y de ese modo en la Uni\u00f3n Europea (UE), a veces en grupos reducidos y a veces de forma masiva.<\/p>\n<p>El incidente del domingo tuvo lugar apenas un d\u00eda despu\u00e9s de que el ministro del Interior espa\u00f1ol, Fernando Grande-Marlaska, se reuniera con su par marroqu\u00ed, Abdelouafi Laftit, para conversar sobre la agenda com\u00fan y \u00abespecialmente sobre la presi\u00f3n migratoria\u00bb.<\/p>\n<p>Se trat\u00f3 del segundo asalto masivo de este a\u00f1o en Melilla, despu\u00e9s de que m\u00e1s de 200 migrantes lograran entrar en el enclave a principios de enero. El asalto anterior tuvo lugar el 11 de septiembre, cuando cinco personas cruzaron a suelo espa\u00f1ol.<\/p>\n<p>En julio tuvo lugar el incidente m\u00e1s grave de los \u00faltimos a\u00f1os cuando m\u00e1s de 600 migrantes cruzaron la valla de Ceuta armados con excrementos, palos, cal viva y con espray a modo de lanzallamas. Cerca de 150 agentes fronterizos y migrantes resultaron heridos.<\/p>\n<p>El Gobierno espa\u00f1ol devolvi\u00f3 a Marruecos ya entonces a 119 migrantes ampar\u00e1ndose en el mismo mecanismo usado hoy.<\/p>\n","protected":false},"excerpt":{"rendered":"<p>Madrid, 22 oct (dpa) &#8211; Espa\u00f1a expuls\u00f3 hoy a Marruecos a 55 de los 209 migrantes que este domingo lograron saltar la valla fronteriza que protege el enclave de Melilla e ingresar en territorio europeo, confirmaron las autoridades locales. \u00abEl Gobierno ha aplicado el tratado hispanomarroqu\u00ed de readmisi\u00f3n a 55 personas, que est\u00e1n siendo trasladadas<\/p>\n","protected":false},"author":1,"featured_media":90480,"comment_status":"closed","ping_status":"closed","sticky":false,"template":"","format":"standard","meta":{"footnotes":""},"categories":[343],"tags":[],"class_list":{"0":"post-108310","1":"post","2":"type-post","3":"status-publish","4":"format-standard","5":"has-post-thumbnail","7":"category-actualidad"},"aioseo_notices":[],"aioseo_head":"\n\t\t<!-- All in One SEO Pro 4.9.6.2 - aioseo.com -->\n\t<meta name=\"description\" content=\"Madrid, 22 oct (dpa) - Espa\u00f1a expuls\u00f3 hoy a Marruecos a 55 de los 209 migrantes que este domingo lograron saltar la valla fronteriza que protege el enclave de Melilla e ingresar en territorio europeo, confirmaron las autoridades locales. &quot;El Gobierno ha aplicado el tratado hispanomarroqu\u00ed de readmisi\u00f3n a 55 personas, que est\u00e1n siendo trasladadas\" \/>\n\t<meta name=\"robots\" content=\"max-image-preview:large\" \/>\n\t<meta name=\"author\" content=\"Cand\u00e1s 365\"\/>\n\t<meta name=\"google-site-verification\" content=\"UA-32230408-1\" \/>\n\t<meta name=\"msvalidate.01\" content=\"354F3CDFB2DA171B47FBE9ABF1F88D5\" \/>\n\t<meta name=\"keywords\" content=\"actualidad\" \/>\n\t<link rel=\"canonical\" href=\"https:\/\/candas365.es\/noticias\/espana-expulsa-a-55-migrantes-que-saltaron-la-valla-de-melilla\/\" \/>\n\t<meta name=\"generator\" content=\"All in One SEO Pro (AIOSEO) 4.9.6.2\" \/>\n\t\t<meta property=\"og:locale\" content=\"es_ES\" \/>\n\t\t<meta property=\"og:site_name\" content=\"Cand\u00e1s 365\" \/>\n\t\t<meta property=\"og:type\" content=\"article\" \/>\n\t\t<meta property=\"og:title\" content=\"Espa\u00f1a expulsa a 55 migrantes que saltaron la valla de Melilla | Cand\u00e1s 365\" \/>\n\t\t<meta property=\"og:description\" content=\"Madrid, 22 oct (dpa) - Espa\u00f1a expuls\u00f3 hoy a Marruecos a 55 de los 209 migrantes que este domingo lograron saltar la valla fronteriza que protege el enclave de Melilla e ingresar en territorio europeo, confirmaron las autoridades locales. &quot;El Gobierno ha aplicado el tratado hispanomarroqu\u00ed de readmisi\u00f3n a 55 personas, que est\u00e1n siendo trasladadas\" \/>\n\t\t<meta property=\"og:url\" content=\"https:\/\/candas365.es\/noticias\/espana-expulsa-a-55-migrantes-que-saltaron-la-valla-de-melilla\/\" \/>\n\t\t<meta property=\"og:image\" content=\"https:\/\/candas365.es\/noticias\/wp-content\/uploads\/2018\/02\/Exteriores2.Interior.jpg\" \/>\n\t\t<meta property=\"og:image:secure_url\" content=\"https:\/\/candas365.es\/noticias\/wp-content\/uploads\/2018\/02\/Exteriores2.Interior.jpg\" \/>\n\t\t<meta property=\"og:image:width\" content=\"496\" \/>\n\t\t<meta property=\"og:image:height\" content=\"329\" \/>\n\t\t<meta property=\"article:published_time\" content=\"2018-10-23T05:28:47+00:00\" \/>\n\t\t<meta property=\"article:modified_time\" content=\"2018-10-23T05:28:47+00:00\" \/>\n\t\t<meta property=\"article:publisher\" content=\"https:\/\/www.facebook.com\/Nachofdezber\" \/>\n\t\t<meta property=\"article:author\" content=\"https:\/\/www.facebook.com\/carrenoactualidad\" \/>\n\t\t<meta name=\"twitter:card\" content=\"summary_large_image\" \/>\n\t\t<meta name=\"twitter:site\" content=\"@NabercoDigital\" \/>\n\t\t<meta name=\"twitter:title\" content=\"Espa\u00f1a expulsa a 55 migrantes que saltaron la valla de Melilla | Cand\u00e1s 365\" \/>\n\t\t<meta name=\"twitter:description\" content=\"Madrid, 22 oct (dpa) - Espa\u00f1a expuls\u00f3 hoy a Marruecos a 55 de los 209 migrantes que este domingo lograron saltar la valla fronteriza que protege el enclave de Melilla e ingresar en territorio europeo, confirmaron las autoridades locales. &quot;El Gobierno ha aplicado el tratado hispanomarroqu\u00ed de readmisi\u00f3n a 55 personas, que est\u00e1n siendo trasladadas\" \/>\n\t\t<meta name=\"twitter:creator\" content=\"@nbasturias\" \/>\n\t\t<meta name=\"twitter:image\" content=\"https:\/\/candas365.es\/noticias\/wp-content\/uploads\/2018\/02\/Exteriores2.Interior.jpg\" \/>\n\t\t<meta name=\"twitter:label1\" content=\"Escrito por\" \/>\n\t\t<meta name=\"twitter:data1\" content=\"Cand\u00e1s 365\" \/>\n\t\t<meta name=\"twitter:label2\" content=\"Tiempo de lectura estimado\" \/>\n\t\t<meta name=\"twitter:data2\" content=\"2 minutos\" \/>\n\t\t<script type=\"application\/ld+json\" class=\"aioseo-schema\">\n\t\t\t{\"@context\":\"https:\\\/\\\/schema.org\",\"@graph\":[{\"@type\":\"BreadcrumbList\",\"@id\":\"https:\\\/\\\/candas365.es\\\/noticias\\\/espana-expulsa-a-55-migrantes-que-saltaron-la-valla-de-melilla\\\/#breadcrumblist\",\"itemListElement\":[{\"@type\":\"ListItem\",\"@id\":\"https:\\\/\\\/candas365.es\\\/noticias#listItem\",\"position\":1,\"name\":\"Home\",\"item\":\"https:\\\/\\\/candas365.es\\\/noticias\",\"nextItem\":{\"@type\":\"ListItem\",\"@id\":\"https:\\\/\\\/candas365.es\\\/noticias\\\/category\\\/actualidad\\\/#listItem\",\"name\":\"Actualidad\"}},{\"@type\":\"ListItem\",\"@id\":\"https:\\\/\\\/candas365.es\\\/noticias\\\/category\\\/actualidad\\\/#listItem\",\"position\":2,\"name\":\"Actualidad\",\"item\":\"https:\\\/\\\/candas365.es\\\/noticias\\\/category\\\/actualidad\\\/\",\"nextItem\":{\"@type\":\"ListItem\",\"@id\":\"https:\\\/\\\/candas365.es\\\/noticias\\\/espana-expulsa-a-55-migrantes-que-saltaron-la-valla-de-melilla\\\/#listItem\",\"name\":\"Espa\\u00f1a expulsa a 55 migrantes que saltaron la valla de Melilla\"},\"previousItem\":{\"@type\":\"ListItem\",\"@id\":\"https:\\\/\\\/candas365.es\\\/noticias#listItem\",\"name\":\"Home\"}},{\"@type\":\"ListItem\",\"@id\":\"https:\\\/\\\/candas365.es\\\/noticias\\\/espana-expulsa-a-55-migrantes-que-saltaron-la-valla-de-melilla\\\/#listItem\",\"position\":3,\"name\":\"Espa\\u00f1a expulsa a 55 migrantes que saltaron la valla de Melilla\",\"previousItem\":{\"@type\":\"ListItem\",\"@id\":\"https:\\\/\\\/candas365.es\\\/noticias\\\/category\\\/actualidad\\\/#listItem\",\"name\":\"Actualidad\"}}]},{\"@type\":\"NewsArticle\",\"@id\":\"https:\\\/\\\/candas365.es\\\/noticias\\\/espana-expulsa-a-55-migrantes-que-saltaron-la-valla-de-melilla\\\/#newsarticle\",\"name\":\"Espa\\u00f1a expulsa a 55 migrantes que saltaron la valla de Melilla | Cand\\u00e1s 365\",\"headline\":\"Espa\\u00f1a expulsa a 55 migrantes que saltaron la valla de Melilla\",\"author\":{\"@id\":\"https:\\\/\\\/candas365.es\\\/noticias\\\/author\\\/admin\\\/#author\"},\"publisher\":{\"@id\":\"https:\\\/\\\/candas365.es\\\/noticias\\\/#organization\"},\"image\":{\"@type\":\"ImageObject\",\"url\":\"https:\\\/\\\/candas365.es\\\/noticias\\\/wp-content\\\/uploads\\\/2018\\\/02\\\/Exteriores2.Interior.jpg\",\"width\":496,\"height\":329},\"datePublished\":\"2018-10-23T05:28:47+02:00\",\"dateModified\":\"2018-10-23T05:28:47+02:00\",\"inLanguage\":\"es-ES\",\"mainEntityOfPage\":{\"@id\":\"https:\\\/\\\/candas365.es\\\/noticias\\\/espana-expulsa-a-55-migrantes-que-saltaron-la-valla-de-melilla\\\/#webpage\"},\"isPartOf\":{\"@id\":\"https:\\\/\\\/candas365.es\\\/noticias\\\/espana-expulsa-a-55-migrantes-que-saltaron-la-valla-de-melilla\\\/#webpage\"},\"articleSection\":\"Actualidad\",\"dateline\":\"Publicado el octubre 23, 2018.\"},{\"@type\":\"Organization\",\"@id\":\"https:\\\/\\\/candas365.es\\\/noticias\\\/#organization\",\"name\":\"Cand\\u00e1s 365\",\"description\":\"Cand\\u00e1s 365 es un diario digital independiente, fundado en 2012, con base en Asturias. Informamos con rigor sobre actualidad, sociedad, cultura y ocio, con una mirada local y global.\",\"url\":\"https:\\\/\\\/candas365.es\\\/noticias\\\/\",\"email\":\"info@candas365.es\",\"telephone\":\"+34652131393\",\"foundingDate\":\"2012-06-10\",\"logo\":{\"@type\":\"ImageObject\",\"url\":\"https:\\\/\\\/candas365.es\\\/noticias\\\/wp-content\\\/uploads\\\/2024\\\/09\\\/Candas-365-Redes.jpg\",\"@id\":\"https:\\\/\\\/candas365.es\\\/noticias\\\/espana-expulsa-a-55-migrantes-que-saltaron-la-valla-de-melilla\\\/#organizationLogo\",\"width\":1152,\"height\":864,\"caption\":\"Cand\\u00e1s 365 Redes\"},\"image\":{\"@id\":\"https:\\\/\\\/candas365.es\\\/noticias\\\/espana-expulsa-a-55-migrantes-que-saltaron-la-valla-de-melilla\\\/#organizationLogo\"},\"sameAs\":[\"https:\\\/\\\/www.facebook.com\\\/Nachofdezber\",\"https:\\\/\\\/x.com\\\/NabercoDigital\",\"https:\\\/\\\/www.instagram.com\\\/nachofdezber\\\/\",\"https:\\\/\\\/www.youtube.com\\\/channel\\\/UCZP-2wLEB9Rv6erhFmqVnvg\"],\"address\":{\"@id\":\"https:\\\/\\\/candas365.es\\\/noticias\\\/#postaladdress\",\"@type\":\"PostalAddress\",\"streetAddress\":\"san antonio 4, san antonio 4\",\"postalCode\":\"33430\",\"addressLocality\":\"Cand\\u00e1s\",\"addressRegion\":\"Asturias\",\"addressCountry\":\"ES\"}},{\"@type\":\"Person\",\"@id\":\"https:\\\/\\\/candas365.es\\\/noticias\\\/author\\\/admin\\\/#author\",\"url\":\"https:\\\/\\\/candas365.es\\\/noticias\\\/author\\\/admin\\\/\",\"name\":\"Cand\\u00e1s 365\",\"image\":{\"@type\":\"ImageObject\",\"@id\":\"https:\\\/\\\/candas365.es\\\/noticias\\\/espana-expulsa-a-55-migrantes-que-saltaron-la-valla-de-melilla\\\/#authorImage\",\"url\":\"https:\\\/\\\/secure.gravatar.com\\\/avatar\\\/496a8e03d0c493ede1718b7934145dbdf8d89be1036b0eec9544e1094c9de390?s=96&d=mm&r=g\",\"width\":96,\"height\":96,\"caption\":\"Cand\\u00e1s 365\"},\"sameAs\":[\"https:\\\/\\\/www.facebook.com\\\/carrenoactualidad\",\"https:\\\/\\\/twitter.com\\\/nbasturias\",\"https:\\\/\\\/www.instagram.com\\\/nachofdezber\\\/\",\"https:\\\/\\\/www.youtube.com\\\/channel\\\/UCZP-2wLEB9Rv6erhFmqVnvg\"]},{\"@type\":\"WebPage\",\"@id\":\"https:\\\/\\\/candas365.es\\\/noticias\\\/espana-expulsa-a-55-migrantes-que-saltaron-la-valla-de-melilla\\\/#webpage\",\"url\":\"https:\\\/\\\/candas365.es\\\/noticias\\\/espana-expulsa-a-55-migrantes-que-saltaron-la-valla-de-melilla\\\/\",\"name\":\"Espa\\u00f1a expulsa a 55 migrantes que saltaron la valla de Melilla | Cand\\u00e1s 365\",\"description\":\"Madrid, 22 oct (dpa) - Espa\\u00f1a expuls\\u00f3 hoy a Marruecos a 55 de los 209 migrantes que este domingo lograron saltar la valla fronteriza que protege el enclave de Melilla e ingresar en territorio europeo, confirmaron las autoridades locales. \\\"El Gobierno ha aplicado el tratado hispanomarroqu\\u00ed de readmisi\\u00f3n a 55 personas, que est\\u00e1n siendo trasladadas\",\"inLanguage\":\"es-ES\",\"isPartOf\":{\"@id\":\"https:\\\/\\\/candas365.es\\\/noticias\\\/#website\"},\"breadcrumb\":{\"@id\":\"https:\\\/\\\/candas365.es\\\/noticias\\\/espana-expulsa-a-55-migrantes-que-saltaron-la-valla-de-melilla\\\/#breadcrumblist\"},\"author\":{\"@id\":\"https:\\\/\\\/candas365.es\\\/noticias\\\/author\\\/admin\\\/#author\"},\"creator\":{\"@id\":\"https:\\\/\\\/candas365.es\\\/noticias\\\/author\\\/admin\\\/#author\"},\"image\":{\"@type\":\"ImageObject\",\"url\":\"https:\\\/\\\/candas365.es\\\/noticias\\\/wp-content\\\/uploads\\\/2018\\\/02\\\/Exteriores2.Interior.jpg\",\"@id\":\"https:\\\/\\\/candas365.es\\\/noticias\\\/espana-expulsa-a-55-migrantes-que-saltaron-la-valla-de-melilla\\\/#mainImage\",\"width\":496,\"height\":329},\"primaryImageOfPage\":{\"@id\":\"https:\\\/\\\/candas365.es\\\/noticias\\\/espana-expulsa-a-55-migrantes-que-saltaron-la-valla-de-melilla\\\/#mainImage\"},\"datePublished\":\"2018-10-23T05:28:47+02:00\",\"dateModified\":\"2018-10-23T05:28:47+02:00\"},{\"@type\":\"WebSite\",\"@id\":\"https:\\\/\\\/candas365.es\\\/noticias\\\/#website\",\"url\":\"https:\\\/\\\/candas365.es\\\/noticias\\\/\",\"name\":\"Cand\\u00e1s 365\",\"alternateName\":\"Cand\\u00e1s 365 Noticias\",\"description\":\"Actualidad desde Carre\\u00f1o para el mundo\",\"inLanguage\":\"es-ES\",\"publisher\":{\"@id\":\"https:\\\/\\\/candas365.es\\\/noticias\\\/#organization\"}}]}\n\t\t<\/script>\n\t\t<!-- All in One SEO Pro -->\r\n\t\t<title>Espa\u00f1a expulsa a 55 migrantes que saltaron la valla de Melilla | Cand\u00e1s 365<\/title>\n\n","aioseo_head_json":{"title":"Espa\u00f1a expulsa a 55 migrantes que saltaron la valla de Melilla | Cand\u00e1s 365","description":"Madrid, 22 oct (dpa) - Espa\u00f1a expuls\u00f3 hoy a Marruecos a 55 de los 209 migrantes que este domingo lograron saltar la valla fronteriza que protege el enclave de Melilla e ingresar en territorio europeo, confirmaron las autoridades locales. \"El Gobierno ha aplicado el tratado hispanomarroqu\u00ed de readmisi\u00f3n a 55 personas, que est\u00e1n siendo trasladadas","canonical_url":"https:\/\/candas365.es\/noticias\/espana-expulsa-a-55-migrantes-que-saltaron-la-valla-de-melilla\/","robots":"max-image-preview:large","keywords":"actualidad","webmasterTools":{"google-site-verification":"UA-32230408-1","msvalidate.01":"354F3CDFB2DA171B47FBE9ABF1F88D5","miscellaneous":""},"schema":{"@context":"https:\/\/schema.org","@graph":[{"@type":"BreadcrumbList","@id":"https:\/\/candas365.es\/noticias\/espana-expulsa-a-55-migrantes-que-saltaron-la-valla-de-melilla\/#breadcrumblist","itemListElement":[{"@type":"ListItem","@id":"https:\/\/candas365.es\/noticias#listItem","position":1,"name":"Home","item":"https:\/\/candas365.es\/noticias","nextItem":{"@type":"ListItem","@id":"https:\/\/candas365.es\/noticias\/category\/actualidad\/#listItem","name":"Actualidad"}},{"@type":"ListItem","@id":"https:\/\/candas365.es\/noticias\/category\/actualidad\/#listItem","position":2,"name":"Actualidad","item":"https:\/\/candas365.es\/noticias\/category\/actualidad\/","nextItem":{"@type":"ListItem","@id":"https:\/\/candas365.es\/noticias\/espana-expulsa-a-55-migrantes-que-saltaron-la-valla-de-melilla\/#listItem","name":"Espa\u00f1a expulsa a 55 migrantes que saltaron la valla de Melilla"},"previousItem":{"@type":"ListItem","@id":"https:\/\/candas365.es\/noticias#listItem","name":"Home"}},{"@type":"ListItem","@id":"https:\/\/candas365.es\/noticias\/espana-expulsa-a-55-migrantes-que-saltaron-la-valla-de-melilla\/#listItem","position":3,"name":"Espa\u00f1a expulsa a 55 migrantes que saltaron la valla de Melilla","previousItem":{"@type":"ListItem","@id":"https:\/\/candas365.es\/noticias\/category\/actualidad\/#listItem","name":"Actualidad"}}]},{"@type":"NewsArticle","@id":"https:\/\/candas365.es\/noticias\/espana-expulsa-a-55-migrantes-que-saltaron-la-valla-de-melilla\/#newsarticle","name":"Espa\u00f1a expulsa a 55 migrantes que saltaron la valla de Melilla | Cand\u00e1s 365","headline":"Espa\u00f1a expulsa a 55 migrantes que saltaron la valla de Melilla","author":{"@id":"https:\/\/candas365.es\/noticias\/author\/admin\/#author"},"publisher":{"@id":"https:\/\/candas365.es\/noticias\/#organization"},"image":{"@type":"ImageObject","url":"https:\/\/candas365.es\/noticias\/wp-content\/uploads\/2018\/02\/Exteriores2.Interior.jpg","width":496,"height":329},"datePublished":"2018-10-23T05:28:47+02:00","dateModified":"2018-10-23T05:28:47+02:00","inLanguage":"es-ES","mainEntityOfPage":{"@id":"https:\/\/candas365.es\/noticias\/espana-expulsa-a-55-migrantes-que-saltaron-la-valla-de-melilla\/#webpage"},"isPartOf":{"@id":"https:\/\/candas365.es\/noticias\/espana-expulsa-a-55-migrantes-que-saltaron-la-valla-de-melilla\/#webpage"},"articleSection":"Actualidad","dateline":"Publicado el octubre 23, 2018."},{"@type":"Organization","@id":"https:\/\/candas365.es\/noticias\/#organization","name":"Cand\u00e1s 365","description":"Cand\u00e1s 365 es un diario digital independiente, fundado en 2012, con base en Asturias. Informamos con rigor sobre actualidad, sociedad, cultura y ocio, con una mirada local y global.","url":"https:\/\/candas365.es\/noticias\/","email":"info@candas365.es","telephone":"+34652131393","foundingDate":"2012-06-10","logo":{"@type":"ImageObject","url":"https:\/\/candas365.es\/noticias\/wp-content\/uploads\/2024\/09\/Candas-365-Redes.jpg","@id":"https:\/\/candas365.es\/noticias\/espana-expulsa-a-55-migrantes-que-saltaron-la-valla-de-melilla\/#organizationLogo","width":1152,"height":864,"caption":"Cand\u00e1s 365 Redes"},"image":{"@id":"https:\/\/candas365.es\/noticias\/espana-expulsa-a-55-migrantes-que-saltaron-la-valla-de-melilla\/#organizationLogo"},"sameAs":["https:\/\/www.facebook.com\/Nachofdezber","https:\/\/x.com\/NabercoDigital","https:\/\/www.instagram.com\/nachofdezber\/","https:\/\/www.youtube.com\/channel\/UCZP-2wLEB9Rv6erhFmqVnvg"],"address":{"@id":"https:\/\/candas365.es\/noticias\/#postaladdress","@type":"PostalAddress","streetAddress":"san antonio 4, san antonio 4","postalCode":"33430","addressLocality":"Cand\u00e1s","addressRegion":"Asturias","addressCountry":"ES"}},{"@type":"Person","@id":"https:\/\/candas365.es\/noticias\/author\/admin\/#author","url":"https:\/\/candas365.es\/noticias\/author\/admin\/","name":"Cand\u00e1s 365","image":{"@type":"ImageObject","@id":"https:\/\/candas365.es\/noticias\/espana-expulsa-a-55-migrantes-que-saltaron-la-valla-de-melilla\/#authorImage","url":"https:\/\/secure.gravatar.com\/avatar\/496a8e03d0c493ede1718b7934145dbdf8d89be1036b0eec9544e1094c9de390?s=96&d=mm&r=g","width":96,"height":96,"caption":"Cand\u00e1s 365"},"sameAs":["https:\/\/www.facebook.com\/carrenoactualidad","https:\/\/twitter.com\/nbasturias","https:\/\/www.instagram.com\/nachofdezber\/","https:\/\/www.youtube.com\/channel\/UCZP-2wLEB9Rv6erhFmqVnvg"]},{"@type":"WebPage","@id":"https:\/\/candas365.es\/noticias\/espana-expulsa-a-55-migrantes-que-saltaron-la-valla-de-melilla\/#webpage","url":"https:\/\/candas365.es\/noticias\/espana-expulsa-a-55-migrantes-que-saltaron-la-valla-de-melilla\/","name":"Espa\u00f1a expulsa a 55 migrantes que saltaron la valla de Melilla | Cand\u00e1s 365","description":"Madrid, 22 oct (dpa) - Espa\u00f1a expuls\u00f3 hoy a Marruecos a 55 de los 209 migrantes que este domingo lograron saltar la valla fronteriza que protege el enclave de Melilla e ingresar en territorio europeo, confirmaron las autoridades locales. \"El Gobierno ha aplicado el tratado hispanomarroqu\u00ed de readmisi\u00f3n a 55 personas, que est\u00e1n siendo trasladadas","inLanguage":"es-ES","isPartOf":{"@id":"https:\/\/candas365.es\/noticias\/#website"},"breadcrumb":{"@id":"https:\/\/candas365.es\/noticias\/espana-expulsa-a-55-migrantes-que-saltaron-la-valla-de-melilla\/#breadcrumblist"},"author":{"@id":"https:\/\/candas365.es\/noticias\/author\/admin\/#author"},"creator":{"@id":"https:\/\/candas365.es\/noticias\/author\/admin\/#author"},"image":{"@type":"ImageObject","url":"https:\/\/candas365.es\/noticias\/wp-content\/uploads\/2018\/02\/Exteriores2.Interior.jpg","@id":"https:\/\/candas365.es\/noticias\/espana-expulsa-a-55-migrantes-que-saltaron-la-valla-de-melilla\/#mainImage","width":496,"height":329},"primaryImageOfPage":{"@id":"https:\/\/candas365.es\/noticias\/espana-expulsa-a-55-migrantes-que-saltaron-la-valla-de-melilla\/#mainImage"},"datePublished":"2018-10-23T05:28:47+02:00","dateModified":"2018-10-23T05:28:47+02:00"},{"@type":"WebSite","@id":"https:\/\/candas365.es\/noticias\/#website","url":"https:\/\/candas365.es\/noticias\/","name":"Cand\u00e1s 365","alternateName":"Cand\u00e1s 365 Noticias","description":"Actualidad desde Carre\u00f1o para el mundo","inLanguage":"es-ES","publisher":{"@id":"https:\/\/candas365.es\/noticias\/#organization"}}]},"og:locale":"es_ES","og:site_name":"Cand\u00e1s 365","og:type":"article","og:title":"Espa\u00f1a expulsa a 55 migrantes que saltaron la valla de Melilla | Cand\u00e1s 365","og:description":"Madrid, 22 oct (dpa) - Espa\u00f1a expuls\u00f3 hoy a Marruecos a 55 de los 209 migrantes que este domingo lograron saltar la valla fronteriza que protege el enclave de Melilla e ingresar en territorio europeo, confirmaron las autoridades locales. &quot;El Gobierno ha aplicado el tratado hispanomarroqu\u00ed de readmisi\u00f3n a 55 personas, que est\u00e1n siendo trasladadas","og:url":"https:\/\/candas365.es\/noticias\/espana-expulsa-a-55-migrantes-que-saltaron-la-valla-de-melilla\/","og:image":"https:\/\/candas365.es\/noticias\/wp-content\/uploads\/2018\/02\/Exteriores2.Interior.jpg","og:image:secure_url":"https:\/\/candas365.es\/noticias\/wp-content\/uploads\/2018\/02\/Exteriores2.Interior.jpg","og:image:width":496,"og:image:height":329,"article:published_time":"2018-10-23T05:28:47+00:00","article:modified_time":"2018-10-23T05:28:47+00:00","article:publisher":"https:\/\/www.facebook.com\/Nachofdezber","article:author":"https:\/\/www.facebook.com\/carrenoactualidad","twitter:card":"summary_large_image","twitter:site":"@NabercoDigital","twitter:title":"Espa\u00f1a expulsa a 55 migrantes que saltaron la valla de Melilla | Cand\u00e1s 365","twitter:description":"Madrid, 22 oct (dpa) - Espa\u00f1a expuls\u00f3 hoy a Marruecos a 55 de los 209 migrantes que este domingo lograron saltar la valla fronteriza que protege el enclave de Melilla e ingresar en territorio europeo, confirmaron las autoridades locales. &quot;El Gobierno ha aplicado el tratado hispanomarroqu\u00ed de readmisi\u00f3n a 55 personas, que est\u00e1n siendo trasladadas","twitter:creator":"@nbasturias","twitter:image":"https:\/\/candas365.es\/noticias\/wp-content\/uploads\/2018\/02\/Exteriores2.Interior.jpg","twitter:label1":"Escrito por","twitter:data1":"Cand\u00e1s 365","twitter:label2":"Tiempo de lectura estimado","twitter:data2":"2 minutos"},"aioseo_meta_data":{"post_id":"108310","title":null,"description":null,"keywords":null,"keyphrases":null,"primary_term":null,"canonical_url":null,"og_title":null,"og_description":null,"og_object_type":"default","og_image_type":"default","og_image_url":null,"og_image_width":null,"og_image_height":null,"og_image_custom_url":null,"og_image_custom_fields":null,"og_video":null,"og_custom_url":null,"og_article_section":null,"og_article_tags":null,"twitter_use_og":false,"twitter_card":"default","twitter_image_type":"default","twitter_image_url":null,"twitter_image_custom_url":null,"twitter_image_custom_fields":null,"twitter_title":null,"twitter_description":null,"schema":{"blockGraphs":[],"customGraphs":[],"default":{"data":{"Article":[],"Course":[],"Dataset":[],"FAQPage":[],"Movie":[],"Person":[],"Product":[],"ProductReview":[],"Car":[],"Recipe":[],"Service":[],"SoftwareApplication":[],"WebPage":[]},"graphName":"","isEnabled":true},"graphs":[],"defaultGraph":"","defaultPostTypeGraph":""},"schema_type":null,"schema_type_options":null,"pillar_content":false,"robots_default":true,"robots_noindex":false,"robots_noarchive":false,"robots_nosnippet":false,"robots_nofollow":false,"robots_noimageindex":false,"robots_noodp":false,"robots_notranslate":false,"robots_max_snippet":null,"robots_max_videopreview":null,"robots_max_imagepreview":"large","priority":null,"frequency":null,"location":null,"local_seo":null,"seo_analyzer_scan_date":"2025-08-28 06:29:16","breadcrumb_settings":null,"limit_modified_date":false,"reviewed_by":null,"open_ai":null,"ai":null,"created":"2020-12-21 11:40:57","updated":"2025-08-28 06:29:16"},"aioseo_breadcrumb":"<div class=\"aioseo-breadcrumbs\"><span class=\"aioseo-breadcrumb\">\n\t<a href=\"https:\/\/candas365.es\/noticias\" title=\"Home\">Home<\/a>\n<\/span><span class=\"aioseo-breadcrumb-separator\">&ndash;<\/span><span class=\"aioseo-breadcrumb\">\n\t<a href=\"https:\/\/candas365.es\/noticias\/category\/actualidad\/\" title=\"Actualidad\">Actualidad<\/a>\n<\/span><span class=\"aioseo-breadcrumb-separator\">&ndash;<\/span><span class=\"aioseo-breadcrumb\">\n\tEspa\u00f1a expulsa a 55 migrantes que saltaron la valla de Melilla\n<\/span><\/div>","aioseo_breadcrumb_json":[{"label":"Home","link":"https:\/\/candas365.es\/noticias"},{"label":"Actualidad","link":"https:\/\/candas365.es\/noticias\/category\/actualidad\/"},{"label":"Espa\u00f1a expulsa a 55 migrantes que saltaron la valla de Melilla","link":"https:\/\/candas365.es\/noticias\/espana-expulsa-a-55-migrantes-que-saltaron-la-valla-de-melilla\/"}],"_links":{"self":[{"href":"https:\/\/candas365.es\/noticias\/wp-json\/wp\/v2\/posts\/108310","targetHints":{"allow":["GET"]}}],"collection":[{"href":"https:\/\/candas365.es\/noticias\/wp-json\/wp\/v2\/posts"}],"about":[{"href":"https:\/\/candas365.es\/noticias\/wp-json\/wp\/v2\/types\/post"}],"author":[{"embeddable":true,"href":"https:\/\/candas365.es\/noticias\/wp-json\/wp\/v2\/users\/1"}],"replies":[{"embeddable":true,"href":"https:\/\/candas365.es\/noticias\/wp-json\/wp\/v2\/comments?post=108310"}],"version-history":[{"count":0,"href":"https:\/\/candas365.es\/noticias\/wp-json\/wp\/v2\/posts\/108310\/revisions"}],"wp:featuredmedia":[{"embeddable":true,"href":"https:\/\/candas365.es\/noticias\/wp-json\/wp\/v2\/media\/90480"}],"wp:attachment":[{"href":"https:\/\/candas365.es\/noticias\/wp-json\/wp\/v2\/media?parent=108310"}],"wp:term":[{"taxonomy":"category","embeddable":true,"href":"https:\/\/candas365.es\/noticias\/wp-json\/wp\/v2\/categories?post=108310"},{"taxonomy":"post_tag","embeddable":true,"href":"https:\/\/candas365.es\/noticias\/wp-json\/wp\/v2\/tags?post=108310"}],"curies":[{"name":"wp","href":"https:\/\/api.w.org\/{rel}","templated":true}]}}