{"id":108168,"date":"2018-10-20T17:56:19","date_gmt":"2018-10-20T17:56:19","guid":{"rendered":"http:\/\/candas365.es\/noticias\/?p=108168"},"modified":"2018-10-20T17:56:19","modified_gmt":"2018-10-20T17:56:19","slug":"la-embajadora-de-venezuela-es-expulsada-de-ecuador","status":"publish","type":"post","link":"https:\/\/candas365.es\/noticias\/la-embajadora-de-venezuela-es-expulsada-de-ecuador\/","title":{"rendered":"La embajadora de Venezuela es expulsada de Ecuador"},"content":{"rendered":"<p><img fetchpriority=\"high\" decoding=\"async\" class=\"alignleft size-medium wp-image-108169\" src=\"https:\/\/candas365.es\/noticias\/wp-content\/uploads\/2018\/10\/venezuela-1716111_960_720-360x240.jpg\" alt=\"\" width=\"360\" height=\"240\" srcset=\"https:\/\/candas365.es\/noticias\/wp-content\/uploads\/2018\/10\/venezuela-1716111_960_720-360x240.jpg 360w, https:\/\/candas365.es\/noticias\/wp-content\/uploads\/2018\/10\/venezuela-1716111_960_720-768x512.jpg 768w, https:\/\/candas365.es\/noticias\/wp-content\/uploads\/2018\/10\/venezuela-1716111_960_720-655x437.jpg 655w, https:\/\/candas365.es\/noticias\/wp-content\/uploads\/2018\/10\/venezuela-1716111_960_720-696x464.jpg 696w, https:\/\/candas365.es\/noticias\/wp-content\/uploads\/2018\/10\/venezuela-1716111_960_720-630x420.jpg 630w, https:\/\/candas365.es\/noticias\/wp-content\/uploads\/2018\/10\/venezuela-1716111_960_720.jpg 960w\" sizes=\"(max-width: 360px) 100vw, 360px\" \/>Quito, 19 Oct (dpa) \u2013 La embajadora de Venezuela en Quito, Carol Delgado, sali\u00f3 hoy de Ecuador, expulsada por el Gobierno, tras unas declaraciones del ministro de Comunicaci\u00f3n venezolano, Jorge Rodr\u00edguez, quien tild\u00f3 de mentiroso al presidente, Len\u00edn Moreno.<\/p>\n<p>Delgado regres\u00f3 en el s\u00e9ptimo vuelo del plan \u201cvuelta a la Patria\u201d junto a 93 de sus compatriotas, que se reunieron antes en la sede diplom\u00e1tica de Venezuela en Quito.<\/p>\n<p>La embajadora expres\u00f3 que se retiraba \u201cf\u00edsicamente\u201d pues en su gesti\u00f3n hab\u00eda aprendido a amar la historia, la m\u00fasica, el arte y la literatura de Ecuador. \u201cEn t\u00e9rminos diplom\u00e1ticos todo contin\u00faa normal, el hecho de que salga un embajador no significa que van a cesar los servicios consulares\u201d, manifest\u00f3.<\/p>\n<p>En tanto, la Canciller\u00eda emiti\u00f3 un comunicado en el que asegura que Ecuador no tolerar\u00e1 ning\u00fan \u201cinsulto o acto hostil\u201d desde el extranjero al Gobierno y sus autoridades.<\/p>\n<p>\u201cEl presidente de la Rep\u00fablica representa a la naci\u00f3n ecuatoriana, autoridades de otros pa\u00edses le deben, por tanto, el respeto que corresponde al trato cort\u00e9s entre naciones soberanas\u201d, puntualiza el pronunciamiento ecuatoriano.<\/p>\n<p>Rodr\u00edguez calific\u00f3 a Moreno el mi\u00e9rcoles de \u00abmentiroso\u00bb por haber dicho en la Asamblea General de las Naciones Unidas que a su pa\u00eds ingresaban diariamente 6.000 venezolanos.<\/p>\n<p>\u00abEscuch\u00e9 a un presidente de este continente con estupor, porque no puedo creer que se pueda ser tan mentiroso incluso en un podio como el de Naciones Unidas\u00bb, se\u00f1al\u00f3 Rodr\u00edguez.<\/p>\n<p>La expulsi\u00f3n de la embajadora venezolana conllev\u00f3 su declaraci\u00f3n como persona no grata y el plazo de 72 horas para que abandone el territorio nacional. Ecuador anunci\u00f3 que llam\u00f3 a mantener consultas en Quito a la encargada de negocios de Ecuador en Venezuela.<\/p>\n<p>Seg\u00fan datos de Canciller\u00eda, desde inicios de a\u00f1o cerca de un mill\u00f3n de venezolanos llegaron a Ecuador, de los cuales unos 250.000 se quedaron en ciudades ecuatorianas, especialmente en la capital.<\/p>\n<p>La expulsi\u00f3n de Delgado tens\u00f3 aun m\u00e1s las relaciones de los dos pa\u00edses, ya tirantes desde la asunci\u00f3n de Moreno, quien incluso plante\u00f3 en el seno de la OEA la convocatoria a una consulta popular en el pa\u00eds caribe\u00f1o a fin de legitimar o no la reelecci\u00f3n del presidente venezolano, Nicol\u00e1s Maduro.<\/p>\n","protected":false},"excerpt":{"rendered":"<p>Quito, 19 Oct (dpa) \u2013 La embajadora de Venezuela en Quito, Carol Delgado, sali\u00f3 hoy de Ecuador, expulsada por el Gobierno, tras unas declaraciones del ministro de Comunicaci\u00f3n venezolano, Jorge Rodr\u00edguez, quien tild\u00f3 de mentiroso al presidente, Len\u00edn Moreno. Delgado regres\u00f3 en el s\u00e9ptimo vuelo del plan \u201cvuelta a la Patria\u201d junto a 93 de<\/p>\n","protected":false},"author":1,"featured_media":108169,"comment_status":"closed","ping_status":"closed","sticky":false,"template":"","format":"standard","meta":{"footnotes":""},"categories":[343],"tags":[],"class_list":{"0":"post-108168","1":"post","2":"type-post","3":"status-publish","4":"format-standard","5":"has-post-thumbnail","7":"category-actualidad"},"aioseo_notices":[],"aioseo_head":"\n\t\t<!-- All in One SEO Pro 4.9.6.2 - aioseo.com -->\n\t<meta name=\"description\" content=\"Quito, 19 Oct (dpa) \u2013 La embajadora de Venezuela en Quito, Carol Delgado, sali\u00f3 hoy de Ecuador, expulsada por el Gobierno, tras unas declaraciones del ministro de Comunicaci\u00f3n venezolano, Jorge Rodr\u00edguez, quien tild\u00f3 de mentiroso al presidente, Len\u00edn Moreno. Delgado regres\u00f3 en el s\u00e9ptimo vuelo del plan \u201cvuelta a la Patria\u201d junto a 93 de\" \/>\n\t<meta name=\"robots\" content=\"max-image-preview:large\" \/>\n\t<meta name=\"author\" content=\"Cand\u00e1s 365\"\/>\n\t<meta name=\"google-site-verification\" content=\"UA-32230408-1\" \/>\n\t<meta name=\"msvalidate.01\" content=\"354F3CDFB2DA171B47FBE9ABF1F88D5\" \/>\n\t<meta name=\"keywords\" content=\"actualidad\" \/>\n\t<link rel=\"canonical\" href=\"https:\/\/candas365.es\/noticias\/la-embajadora-de-venezuela-es-expulsada-de-ecuador\/\" \/>\n\t<meta name=\"generator\" content=\"All in One SEO Pro (AIOSEO) 4.9.6.2\" \/>\n\t\t<meta property=\"og:locale\" content=\"es_ES\" \/>\n\t\t<meta property=\"og:site_name\" content=\"Cand\u00e1s 365\" \/>\n\t\t<meta property=\"og:type\" content=\"article\" \/>\n\t\t<meta property=\"og:title\" content=\"La embajadora de Venezuela es expulsada de Ecuador | Cand\u00e1s 365\" \/>\n\t\t<meta property=\"og:description\" content=\"Quito, 19 Oct (dpa) \u2013 La embajadora de Venezuela en Quito, Carol Delgado, sali\u00f3 hoy de Ecuador, expulsada por el Gobierno, tras unas declaraciones del ministro de Comunicaci\u00f3n venezolano, Jorge Rodr\u00edguez, quien tild\u00f3 de mentiroso al presidente, Len\u00edn Moreno. Delgado regres\u00f3 en el s\u00e9ptimo vuelo del plan \u201cvuelta a la Patria\u201d junto a 93 de\" \/>\n\t\t<meta property=\"og:url\" content=\"https:\/\/candas365.es\/noticias\/la-embajadora-de-venezuela-es-expulsada-de-ecuador\/\" \/>\n\t\t<meta property=\"og:image\" content=\"https:\/\/candas365.es\/noticias\/wp-content\/uploads\/2018\/10\/venezuela-1716111_960_720.jpg\" \/>\n\t\t<meta property=\"og:image:secure_url\" content=\"https:\/\/candas365.es\/noticias\/wp-content\/uploads\/2018\/10\/venezuela-1716111_960_720.jpg\" \/>\n\t\t<meta property=\"og:image:width\" content=\"960\" \/>\n\t\t<meta property=\"og:image:height\" content=\"640\" \/>\n\t\t<meta property=\"article:published_time\" content=\"2018-10-20T17:56:19+00:00\" \/>\n\t\t<meta property=\"article:modified_time\" content=\"2018-10-20T17:56:19+00:00\" \/>\n\t\t<meta property=\"article:publisher\" content=\"https:\/\/www.facebook.com\/Nachofdezber\" \/>\n\t\t<meta property=\"article:author\" content=\"https:\/\/www.facebook.com\/carrenoactualidad\" \/>\n\t\t<meta name=\"twitter:card\" content=\"summary_large_image\" \/>\n\t\t<meta name=\"twitter:site\" content=\"@NabercoDigital\" \/>\n\t\t<meta name=\"twitter:title\" content=\"La embajadora de Venezuela es expulsada de Ecuador | Cand\u00e1s 365\" \/>\n\t\t<meta name=\"twitter:description\" content=\"Quito, 19 Oct (dpa) \u2013 La embajadora de Venezuela en Quito, Carol Delgado, sali\u00f3 hoy de Ecuador, expulsada por el Gobierno, tras unas declaraciones del ministro de Comunicaci\u00f3n venezolano, Jorge Rodr\u00edguez, quien tild\u00f3 de mentiroso al presidente, Len\u00edn Moreno. Delgado regres\u00f3 en el s\u00e9ptimo vuelo del plan \u201cvuelta a la Patria\u201d junto a 93 de\" \/>\n\t\t<meta name=\"twitter:creator\" content=\"@nbasturias\" \/>\n\t\t<meta name=\"twitter:image\" content=\"https:\/\/candas365.es\/noticias\/wp-content\/uploads\/2018\/10\/venezuela-1716111_960_720.jpg\" \/>\n\t\t<meta name=\"twitter:label1\" content=\"Escrito por\" \/>\n\t\t<meta name=\"twitter:data1\" content=\"Cand\u00e1s 365\" \/>\n\t\t<meta name=\"twitter:label2\" content=\"Tiempo de lectura estimado\" \/>\n\t\t<meta name=\"twitter:data2\" content=\"2 minutos\" \/>\n\t\t<script type=\"application\/ld+json\" class=\"aioseo-schema\">\n\t\t\t{\"@context\":\"https:\\\/\\\/schema.org\",\"@graph\":[{\"@type\":\"BreadcrumbList\",\"@id\":\"https:\\\/\\\/candas365.es\\\/noticias\\\/la-embajadora-de-venezuela-es-expulsada-de-ecuador\\\/#breadcrumblist\",\"itemListElement\":[{\"@type\":\"ListItem\",\"@id\":\"https:\\\/\\\/candas365.es\\\/noticias#listItem\",\"position\":1,\"name\":\"Home\",\"item\":\"https:\\\/\\\/candas365.es\\\/noticias\",\"nextItem\":{\"@type\":\"ListItem\",\"@id\":\"https:\\\/\\\/candas365.es\\\/noticias\\\/category\\\/actualidad\\\/#listItem\",\"name\":\"Actualidad\"}},{\"@type\":\"ListItem\",\"@id\":\"https:\\\/\\\/candas365.es\\\/noticias\\\/category\\\/actualidad\\\/#listItem\",\"position\":2,\"name\":\"Actualidad\",\"item\":\"https:\\\/\\\/candas365.es\\\/noticias\\\/category\\\/actualidad\\\/\",\"nextItem\":{\"@type\":\"ListItem\",\"@id\":\"https:\\\/\\\/candas365.es\\\/noticias\\\/la-embajadora-de-venezuela-es-expulsada-de-ecuador\\\/#listItem\",\"name\":\"La embajadora de Venezuela es expulsada de Ecuador\"},\"previousItem\":{\"@type\":\"ListItem\",\"@id\":\"https:\\\/\\\/candas365.es\\\/noticias#listItem\",\"name\":\"Home\"}},{\"@type\":\"ListItem\",\"@id\":\"https:\\\/\\\/candas365.es\\\/noticias\\\/la-embajadora-de-venezuela-es-expulsada-de-ecuador\\\/#listItem\",\"position\":3,\"name\":\"La embajadora de Venezuela es expulsada de Ecuador\",\"previousItem\":{\"@type\":\"ListItem\",\"@id\":\"https:\\\/\\\/candas365.es\\\/noticias\\\/category\\\/actualidad\\\/#listItem\",\"name\":\"Actualidad\"}}]},{\"@type\":\"NewsArticle\",\"@id\":\"https:\\\/\\\/candas365.es\\\/noticias\\\/la-embajadora-de-venezuela-es-expulsada-de-ecuador\\\/#newsarticle\",\"name\":\"La embajadora de Venezuela es expulsada de Ecuador | Cand\\u00e1s 365\",\"headline\":\"La embajadora de Venezuela es expulsada de Ecuador\",\"author\":{\"@id\":\"https:\\\/\\\/candas365.es\\\/noticias\\\/author\\\/admin\\\/#author\"},\"publisher\":{\"@id\":\"https:\\\/\\\/candas365.es\\\/noticias\\\/#organization\"},\"image\":{\"@type\":\"ImageObject\",\"url\":\"https:\\\/\\\/candas365.es\\\/noticias\\\/wp-content\\\/uploads\\\/2018\\\/10\\\/venezuela-1716111_960_720.jpg\",\"width\":960,\"height\":640},\"datePublished\":\"2018-10-20T17:56:19+02:00\",\"dateModified\":\"2018-10-20T17:56:19+02:00\",\"inLanguage\":\"es-ES\",\"mainEntityOfPage\":{\"@id\":\"https:\\\/\\\/candas365.es\\\/noticias\\\/la-embajadora-de-venezuela-es-expulsada-de-ecuador\\\/#webpage\"},\"isPartOf\":{\"@id\":\"https:\\\/\\\/candas365.es\\\/noticias\\\/la-embajadora-de-venezuela-es-expulsada-de-ecuador\\\/#webpage\"},\"articleSection\":\"Actualidad\",\"dateline\":\"Publicado el octubre 20, 2018.\"},{\"@type\":\"Organization\",\"@id\":\"https:\\\/\\\/candas365.es\\\/noticias\\\/#organization\",\"name\":\"Cand\\u00e1s 365\",\"description\":\"Cand\\u00e1s 365 es un diario digital independiente, fundado en 2012, con base en Asturias. Informamos con rigor sobre actualidad, sociedad, cultura y ocio, con una mirada local y global.\",\"url\":\"https:\\\/\\\/candas365.es\\\/noticias\\\/\",\"email\":\"info@candas365.es\",\"telephone\":\"+34652131393\",\"foundingDate\":\"2012-06-10\",\"logo\":{\"@type\":\"ImageObject\",\"url\":\"https:\\\/\\\/candas365.es\\\/noticias\\\/wp-content\\\/uploads\\\/2024\\\/09\\\/Candas-365-Redes.jpg\",\"@id\":\"https:\\\/\\\/candas365.es\\\/noticias\\\/la-embajadora-de-venezuela-es-expulsada-de-ecuador\\\/#organizationLogo\",\"width\":1152,\"height\":864,\"caption\":\"Cand\\u00e1s 365 Redes\"},\"image\":{\"@id\":\"https:\\\/\\\/candas365.es\\\/noticias\\\/la-embajadora-de-venezuela-es-expulsada-de-ecuador\\\/#organizationLogo\"},\"sameAs\":[\"https:\\\/\\\/www.facebook.com\\\/Nachofdezber\",\"https:\\\/\\\/x.com\\\/NabercoDigital\",\"https:\\\/\\\/www.instagram.com\\\/nachofdezber\\\/\",\"https:\\\/\\\/www.youtube.com\\\/channel\\\/UCZP-2wLEB9Rv6erhFmqVnvg\"],\"address\":{\"@id\":\"https:\\\/\\\/candas365.es\\\/noticias\\\/#postaladdress\",\"@type\":\"PostalAddress\",\"streetAddress\":\"san antonio 4, san antonio 4\",\"postalCode\":\"33430\",\"addressLocality\":\"Cand\\u00e1s\",\"addressRegion\":\"Asturias\",\"addressCountry\":\"ES\"}},{\"@type\":\"Person\",\"@id\":\"https:\\\/\\\/candas365.es\\\/noticias\\\/author\\\/admin\\\/#author\",\"url\":\"https:\\\/\\\/candas365.es\\\/noticias\\\/author\\\/admin\\\/\",\"name\":\"Cand\\u00e1s 365\",\"image\":{\"@type\":\"ImageObject\",\"@id\":\"https:\\\/\\\/candas365.es\\\/noticias\\\/la-embajadora-de-venezuela-es-expulsada-de-ecuador\\\/#authorImage\",\"url\":\"https:\\\/\\\/secure.gravatar.com\\\/avatar\\\/496a8e03d0c493ede1718b7934145dbdf8d89be1036b0eec9544e1094c9de390?s=96&d=mm&r=g\",\"width\":96,\"height\":96,\"caption\":\"Cand\\u00e1s 365\"},\"sameAs\":[\"https:\\\/\\\/www.facebook.com\\\/carrenoactualidad\",\"https:\\\/\\\/twitter.com\\\/nbasturias\",\"https:\\\/\\\/www.instagram.com\\\/nachofdezber\\\/\",\"https:\\\/\\\/www.youtube.com\\\/channel\\\/UCZP-2wLEB9Rv6erhFmqVnvg\"]},{\"@type\":\"WebPage\",\"@id\":\"https:\\\/\\\/candas365.es\\\/noticias\\\/la-embajadora-de-venezuela-es-expulsada-de-ecuador\\\/#webpage\",\"url\":\"https:\\\/\\\/candas365.es\\\/noticias\\\/la-embajadora-de-venezuela-es-expulsada-de-ecuador\\\/\",\"name\":\"La embajadora de Venezuela es expulsada de Ecuador | Cand\\u00e1s 365\",\"description\":\"Quito, 19 Oct (dpa) \\u2013 La embajadora de Venezuela en Quito, Carol Delgado, sali\\u00f3 hoy de Ecuador, expulsada por el Gobierno, tras unas declaraciones del ministro de Comunicaci\\u00f3n venezolano, Jorge Rodr\\u00edguez, quien tild\\u00f3 de mentiroso al presidente, Len\\u00edn Moreno. Delgado regres\\u00f3 en el s\\u00e9ptimo vuelo del plan \\u201cvuelta a la Patria\\u201d junto a 93 de\",\"inLanguage\":\"es-ES\",\"isPartOf\":{\"@id\":\"https:\\\/\\\/candas365.es\\\/noticias\\\/#website\"},\"breadcrumb\":{\"@id\":\"https:\\\/\\\/candas365.es\\\/noticias\\\/la-embajadora-de-venezuela-es-expulsada-de-ecuador\\\/#breadcrumblist\"},\"author\":{\"@id\":\"https:\\\/\\\/candas365.es\\\/noticias\\\/author\\\/admin\\\/#author\"},\"creator\":{\"@id\":\"https:\\\/\\\/candas365.es\\\/noticias\\\/author\\\/admin\\\/#author\"},\"image\":{\"@type\":\"ImageObject\",\"url\":\"https:\\\/\\\/candas365.es\\\/noticias\\\/wp-content\\\/uploads\\\/2018\\\/10\\\/venezuela-1716111_960_720.jpg\",\"@id\":\"https:\\\/\\\/candas365.es\\\/noticias\\\/la-embajadora-de-venezuela-es-expulsada-de-ecuador\\\/#mainImage\",\"width\":960,\"height\":640},\"primaryImageOfPage\":{\"@id\":\"https:\\\/\\\/candas365.es\\\/noticias\\\/la-embajadora-de-venezuela-es-expulsada-de-ecuador\\\/#mainImage\"},\"datePublished\":\"2018-10-20T17:56:19+02:00\",\"dateModified\":\"2018-10-20T17:56:19+02:00\"},{\"@type\":\"WebSite\",\"@id\":\"https:\\\/\\\/candas365.es\\\/noticias\\\/#website\",\"url\":\"https:\\\/\\\/candas365.es\\\/noticias\\\/\",\"name\":\"Cand\\u00e1s 365\",\"alternateName\":\"Cand\\u00e1s 365 Noticias\",\"description\":\"Actualidad desde Carre\\u00f1o para el mundo\",\"inLanguage\":\"es-ES\",\"publisher\":{\"@id\":\"https:\\\/\\\/candas365.es\\\/noticias\\\/#organization\"}}]}\n\t\t<\/script>\n\t\t<!-- All in One SEO Pro -->\r\n\t\t<title>La embajadora de Venezuela es expulsada de Ecuador | Cand\u00e1s 365<\/title>\n\n","aioseo_head_json":{"title":"La embajadora de Venezuela es expulsada de Ecuador | Cand\u00e1s 365","description":"Quito, 19 Oct (dpa) \u2013 La embajadora de Venezuela en Quito, Carol Delgado, sali\u00f3 hoy de Ecuador, expulsada por el Gobierno, tras unas declaraciones del ministro de Comunicaci\u00f3n venezolano, Jorge Rodr\u00edguez, quien tild\u00f3 de mentiroso al presidente, Len\u00edn Moreno. Delgado regres\u00f3 en el s\u00e9ptimo vuelo del plan \u201cvuelta a la Patria\u201d junto a 93 de","canonical_url":"https:\/\/candas365.es\/noticias\/la-embajadora-de-venezuela-es-expulsada-de-ecuador\/","robots":"max-image-preview:large","keywords":"actualidad","webmasterTools":{"google-site-verification":"UA-32230408-1","msvalidate.01":"354F3CDFB2DA171B47FBE9ABF1F88D5","miscellaneous":""},"schema":{"@context":"https:\/\/schema.org","@graph":[{"@type":"BreadcrumbList","@id":"https:\/\/candas365.es\/noticias\/la-embajadora-de-venezuela-es-expulsada-de-ecuador\/#breadcrumblist","itemListElement":[{"@type":"ListItem","@id":"https:\/\/candas365.es\/noticias#listItem","position":1,"name":"Home","item":"https:\/\/candas365.es\/noticias","nextItem":{"@type":"ListItem","@id":"https:\/\/candas365.es\/noticias\/category\/actualidad\/#listItem","name":"Actualidad"}},{"@type":"ListItem","@id":"https:\/\/candas365.es\/noticias\/category\/actualidad\/#listItem","position":2,"name":"Actualidad","item":"https:\/\/candas365.es\/noticias\/category\/actualidad\/","nextItem":{"@type":"ListItem","@id":"https:\/\/candas365.es\/noticias\/la-embajadora-de-venezuela-es-expulsada-de-ecuador\/#listItem","name":"La embajadora de Venezuela es expulsada de Ecuador"},"previousItem":{"@type":"ListItem","@id":"https:\/\/candas365.es\/noticias#listItem","name":"Home"}},{"@type":"ListItem","@id":"https:\/\/candas365.es\/noticias\/la-embajadora-de-venezuela-es-expulsada-de-ecuador\/#listItem","position":3,"name":"La embajadora de Venezuela es expulsada de Ecuador","previousItem":{"@type":"ListItem","@id":"https:\/\/candas365.es\/noticias\/category\/actualidad\/#listItem","name":"Actualidad"}}]},{"@type":"NewsArticle","@id":"https:\/\/candas365.es\/noticias\/la-embajadora-de-venezuela-es-expulsada-de-ecuador\/#newsarticle","name":"La embajadora de Venezuela es expulsada de Ecuador | Cand\u00e1s 365","headline":"La embajadora de Venezuela es expulsada de Ecuador","author":{"@id":"https:\/\/candas365.es\/noticias\/author\/admin\/#author"},"publisher":{"@id":"https:\/\/candas365.es\/noticias\/#organization"},"image":{"@type":"ImageObject","url":"https:\/\/candas365.es\/noticias\/wp-content\/uploads\/2018\/10\/venezuela-1716111_960_720.jpg","width":960,"height":640},"datePublished":"2018-10-20T17:56:19+02:00","dateModified":"2018-10-20T17:56:19+02:00","inLanguage":"es-ES","mainEntityOfPage":{"@id":"https:\/\/candas365.es\/noticias\/la-embajadora-de-venezuela-es-expulsada-de-ecuador\/#webpage"},"isPartOf":{"@id":"https:\/\/candas365.es\/noticias\/la-embajadora-de-venezuela-es-expulsada-de-ecuador\/#webpage"},"articleSection":"Actualidad","dateline":"Publicado el octubre 20, 2018."},{"@type":"Organization","@id":"https:\/\/candas365.es\/noticias\/#organization","name":"Cand\u00e1s 365","description":"Cand\u00e1s 365 es un diario digital independiente, fundado en 2012, con base en Asturias. Informamos con rigor sobre actualidad, sociedad, cultura y ocio, con una mirada local y global.","url":"https:\/\/candas365.es\/noticias\/","email":"info@candas365.es","telephone":"+34652131393","foundingDate":"2012-06-10","logo":{"@type":"ImageObject","url":"https:\/\/candas365.es\/noticias\/wp-content\/uploads\/2024\/09\/Candas-365-Redes.jpg","@id":"https:\/\/candas365.es\/noticias\/la-embajadora-de-venezuela-es-expulsada-de-ecuador\/#organizationLogo","width":1152,"height":864,"caption":"Cand\u00e1s 365 Redes"},"image":{"@id":"https:\/\/candas365.es\/noticias\/la-embajadora-de-venezuela-es-expulsada-de-ecuador\/#organizationLogo"},"sameAs":["https:\/\/www.facebook.com\/Nachofdezber","https:\/\/x.com\/NabercoDigital","https:\/\/www.instagram.com\/nachofdezber\/","https:\/\/www.youtube.com\/channel\/UCZP-2wLEB9Rv6erhFmqVnvg"],"address":{"@id":"https:\/\/candas365.es\/noticias\/#postaladdress","@type":"PostalAddress","streetAddress":"san antonio 4, san antonio 4","postalCode":"33430","addressLocality":"Cand\u00e1s","addressRegion":"Asturias","addressCountry":"ES"}},{"@type":"Person","@id":"https:\/\/candas365.es\/noticias\/author\/admin\/#author","url":"https:\/\/candas365.es\/noticias\/author\/admin\/","name":"Cand\u00e1s 365","image":{"@type":"ImageObject","@id":"https:\/\/candas365.es\/noticias\/la-embajadora-de-venezuela-es-expulsada-de-ecuador\/#authorImage","url":"https:\/\/secure.gravatar.com\/avatar\/496a8e03d0c493ede1718b7934145dbdf8d89be1036b0eec9544e1094c9de390?s=96&d=mm&r=g","width":96,"height":96,"caption":"Cand\u00e1s 365"},"sameAs":["https:\/\/www.facebook.com\/carrenoactualidad","https:\/\/twitter.com\/nbasturias","https:\/\/www.instagram.com\/nachofdezber\/","https:\/\/www.youtube.com\/channel\/UCZP-2wLEB9Rv6erhFmqVnvg"]},{"@type":"WebPage","@id":"https:\/\/candas365.es\/noticias\/la-embajadora-de-venezuela-es-expulsada-de-ecuador\/#webpage","url":"https:\/\/candas365.es\/noticias\/la-embajadora-de-venezuela-es-expulsada-de-ecuador\/","name":"La embajadora de Venezuela es expulsada de Ecuador | Cand\u00e1s 365","description":"Quito, 19 Oct (dpa) \u2013 La embajadora de Venezuela en Quito, Carol Delgado, sali\u00f3 hoy de Ecuador, expulsada por el Gobierno, tras unas declaraciones del ministro de Comunicaci\u00f3n venezolano, Jorge Rodr\u00edguez, quien tild\u00f3 de mentiroso al presidente, Len\u00edn Moreno. Delgado regres\u00f3 en el s\u00e9ptimo vuelo del plan \u201cvuelta a la Patria\u201d junto a 93 de","inLanguage":"es-ES","isPartOf":{"@id":"https:\/\/candas365.es\/noticias\/#website"},"breadcrumb":{"@id":"https:\/\/candas365.es\/noticias\/la-embajadora-de-venezuela-es-expulsada-de-ecuador\/#breadcrumblist"},"author":{"@id":"https:\/\/candas365.es\/noticias\/author\/admin\/#author"},"creator":{"@id":"https:\/\/candas365.es\/noticias\/author\/admin\/#author"},"image":{"@type":"ImageObject","url":"https:\/\/candas365.es\/noticias\/wp-content\/uploads\/2018\/10\/venezuela-1716111_960_720.jpg","@id":"https:\/\/candas365.es\/noticias\/la-embajadora-de-venezuela-es-expulsada-de-ecuador\/#mainImage","width":960,"height":640},"primaryImageOfPage":{"@id":"https:\/\/candas365.es\/noticias\/la-embajadora-de-venezuela-es-expulsada-de-ecuador\/#mainImage"},"datePublished":"2018-10-20T17:56:19+02:00","dateModified":"2018-10-20T17:56:19+02:00"},{"@type":"WebSite","@id":"https:\/\/candas365.es\/noticias\/#website","url":"https:\/\/candas365.es\/noticias\/","name":"Cand\u00e1s 365","alternateName":"Cand\u00e1s 365 Noticias","description":"Actualidad desde Carre\u00f1o para el mundo","inLanguage":"es-ES","publisher":{"@id":"https:\/\/candas365.es\/noticias\/#organization"}}]},"og:locale":"es_ES","og:site_name":"Cand\u00e1s 365","og:type":"article","og:title":"La embajadora de Venezuela es expulsada de Ecuador | Cand\u00e1s 365","og:description":"Quito, 19 Oct (dpa) \u2013 La embajadora de Venezuela en Quito, Carol Delgado, sali\u00f3 hoy de Ecuador, expulsada por el Gobierno, tras unas declaraciones del ministro de Comunicaci\u00f3n venezolano, Jorge Rodr\u00edguez, quien tild\u00f3 de mentiroso al presidente, Len\u00edn Moreno. Delgado regres\u00f3 en el s\u00e9ptimo vuelo del plan \u201cvuelta a la Patria\u201d junto a 93 de","og:url":"https:\/\/candas365.es\/noticias\/la-embajadora-de-venezuela-es-expulsada-de-ecuador\/","og:image":"https:\/\/candas365.es\/noticias\/wp-content\/uploads\/2018\/10\/venezuela-1716111_960_720.jpg","og:image:secure_url":"https:\/\/candas365.es\/noticias\/wp-content\/uploads\/2018\/10\/venezuela-1716111_960_720.jpg","og:image:width":960,"og:image:height":640,"article:published_time":"2018-10-20T17:56:19+00:00","article:modified_time":"2018-10-20T17:56:19+00:00","article:publisher":"https:\/\/www.facebook.com\/Nachofdezber","article:author":"https:\/\/www.facebook.com\/carrenoactualidad","twitter:card":"summary_large_image","twitter:site":"@NabercoDigital","twitter:title":"La embajadora de Venezuela es expulsada de Ecuador | Cand\u00e1s 365","twitter:description":"Quito, 19 Oct (dpa) \u2013 La embajadora de Venezuela en Quito, Carol Delgado, sali\u00f3 hoy de Ecuador, expulsada por el Gobierno, tras unas declaraciones del ministro de Comunicaci\u00f3n venezolano, Jorge Rodr\u00edguez, quien tild\u00f3 de mentiroso al presidente, Len\u00edn Moreno. Delgado regres\u00f3 en el s\u00e9ptimo vuelo del plan \u201cvuelta a la Patria\u201d junto a 93 de","twitter:creator":"@nbasturias","twitter:image":"https:\/\/candas365.es\/noticias\/wp-content\/uploads\/2018\/10\/venezuela-1716111_960_720.jpg","twitter:label1":"Escrito por","twitter:data1":"Cand\u00e1s 365","twitter:label2":"Tiempo de lectura estimado","twitter:data2":"2 minutos"},"aioseo_meta_data":{"post_id":"108168","title":null,"description":null,"keywords":null,"keyphrases":null,"primary_term":null,"canonical_url":null,"og_title":null,"og_description":null,"og_object_type":"default","og_image_type":"default","og_image_url":null,"og_image_width":null,"og_image_height":null,"og_image_custom_url":null,"og_image_custom_fields":null,"og_video":null,"og_custom_url":null,"og_article_section":null,"og_article_tags":null,"twitter_use_og":false,"twitter_card":"default","twitter_image_type":"default","twitter_image_url":null,"twitter_image_custom_url":null,"twitter_image_custom_fields":null,"twitter_title":null,"twitter_description":null,"schema":{"blockGraphs":[],"customGraphs":[],"default":{"data":{"Article":[],"Course":[],"Dataset":[],"FAQPage":[],"Movie":[],"Person":[],"Product":[],"ProductReview":[],"Car":[],"Recipe":[],"Service":[],"SoftwareApplication":[],"WebPage":[]},"graphName":"","isEnabled":true},"graphs":[],"defaultGraph":"","defaultPostTypeGraph":""},"schema_type":null,"schema_type_options":null,"pillar_content":false,"robots_default":true,"robots_noindex":false,"robots_noarchive":false,"robots_nosnippet":false,"robots_nofollow":false,"robots_noimageindex":false,"robots_noodp":false,"robots_notranslate":false,"robots_max_snippet":null,"robots_max_videopreview":null,"robots_max_imagepreview":"large","priority":null,"frequency":null,"location":null,"local_seo":null,"seo_analyzer_scan_date":"2025-08-28 06:01:33","breadcrumb_settings":null,"limit_modified_date":false,"reviewed_by":null,"open_ai":null,"ai":null,"created":"2020-12-21 11:41:41","updated":"2025-08-28 06:01:33"},"aioseo_breadcrumb":"<div class=\"aioseo-breadcrumbs\"><span class=\"aioseo-breadcrumb\">\n\t<a href=\"https:\/\/candas365.es\/noticias\" title=\"Home\">Home<\/a>\n<\/span><span class=\"aioseo-breadcrumb-separator\">&ndash;<\/span><span class=\"aioseo-breadcrumb\">\n\t<a href=\"https:\/\/candas365.es\/noticias\/category\/actualidad\/\" title=\"Actualidad\">Actualidad<\/a>\n<\/span><span class=\"aioseo-breadcrumb-separator\">&ndash;<\/span><span class=\"aioseo-breadcrumb\">\n\tLa embajadora de Venezuela es expulsada de Ecuador\n<\/span><\/div>","aioseo_breadcrumb_json":[{"label":"Home","link":"https:\/\/candas365.es\/noticias"},{"label":"Actualidad","link":"https:\/\/candas365.es\/noticias\/category\/actualidad\/"},{"label":"La embajadora de Venezuela es expulsada de Ecuador","link":"https:\/\/candas365.es\/noticias\/la-embajadora-de-venezuela-es-expulsada-de-ecuador\/"}],"_links":{"self":[{"href":"https:\/\/candas365.es\/noticias\/wp-json\/wp\/v2\/posts\/108168","targetHints":{"allow":["GET"]}}],"collection":[{"href":"https:\/\/candas365.es\/noticias\/wp-json\/wp\/v2\/posts"}],"about":[{"href":"https:\/\/candas365.es\/noticias\/wp-json\/wp\/v2\/types\/post"}],"author":[{"embeddable":true,"href":"https:\/\/candas365.es\/noticias\/wp-json\/wp\/v2\/users\/1"}],"replies":[{"embeddable":true,"href":"https:\/\/candas365.es\/noticias\/wp-json\/wp\/v2\/comments?post=108168"}],"version-history":[{"count":0,"href":"https:\/\/candas365.es\/noticias\/wp-json\/wp\/v2\/posts\/108168\/revisions"}],"wp:featuredmedia":[{"embeddable":true,"href":"https:\/\/candas365.es\/noticias\/wp-json\/wp\/v2\/media\/108169"}],"wp:attachment":[{"href":"https:\/\/candas365.es\/noticias\/wp-json\/wp\/v2\/media?parent=108168"}],"wp:term":[{"taxonomy":"category","embeddable":true,"href":"https:\/\/candas365.es\/noticias\/wp-json\/wp\/v2\/categories?post=108168"},{"taxonomy":"post_tag","embeddable":true,"href":"https:\/\/candas365.es\/noticias\/wp-json\/wp\/v2\/tags?post=108168"}],"curies":[{"name":"wp","href":"https:\/\/api.w.org\/{rel}","templated":true}]}}