{"id":108160,"date":"2018-10-20T17:25:40","date_gmt":"2018-10-20T17:25:40","guid":{"rendered":"http:\/\/candas365.es\/noticias\/?p=108160"},"modified":"2018-10-20T17:25:40","modified_gmt":"2018-10-20T17:25:40","slug":"pompeo-se-acerca-un-momento-de-crisis-con-la-caravana-de-migrantes","status":"publish","type":"post","link":"https:\/\/candas365.es\/noticias\/pompeo-se-acerca-un-momento-de-crisis-con-la-caravana-de-migrantes\/","title":{"rendered":"Pompeo: Se acerca un \u00abmomento de crisis\u00bb con la caravana de migrantes"},"content":{"rendered":"<p><img fetchpriority=\"high\" decoding=\"async\" class=\"alignleft size-medium wp-image-94077\" src=\"https:\/\/candas365.es\/noticias\/wp-content\/uploads\/2018\/04\/administration-1846270_960_720-360x270.jpg\" alt=\"\" width=\"360\" height=\"270\" srcset=\"https:\/\/candas365.es\/noticias\/wp-content\/uploads\/2018\/04\/administration-1846270_960_720-360x270.jpg 360w, https:\/\/candas365.es\/noticias\/wp-content\/uploads\/2018\/04\/administration-1846270_960_720-80x60.jpg 80w, https:\/\/candas365.es\/noticias\/wp-content\/uploads\/2018\/04\/administration-1846270_960_720-265x198.jpg 265w, https:\/\/candas365.es\/noticias\/wp-content\/uploads\/2018\/04\/administration-1846270_960_720-696x522.jpg 696w, https:\/\/candas365.es\/noticias\/wp-content\/uploads\/2018\/04\/administration-1846270_960_720-560x420.jpg 560w, https:\/\/candas365.es\/noticias\/wp-content\/uploads\/2018\/04\/administration-1846270_960_720-768x576.jpg 768w, https:\/\/candas365.es\/noticias\/wp-content\/uploads\/2018\/04\/administration-1846270_960_720-640x480.jpg 640w, https:\/\/candas365.es\/noticias\/wp-content\/uploads\/2018\/04\/administration-1846270_960_720-90x67.jpg 90w, https:\/\/candas365.es\/noticias\/wp-content\/uploads\/2018\/04\/administration-1846270_960_720.jpg 960w\" sizes=\"(max-width: 360px) 100vw, 360px\" \/>Ciudad de M\u00e9xico, 19 oct (dpa) &#8211; El secretario de Estado norteamericano, Mike Pompeo, dijo hoy que se acerca un \u00abmomento de crisis\u00bb con el gran n\u00famero de migrantes centroamericanos que se disponen a cruzar hacia M\u00e9xico para llegar a los Estados Unidos.<\/p>\n<p>\u00abR\u00e1pidamente estamos llegando a lo que parece un momento de crisis con la cantidad r\u00e9cord de migrantes\u00bb, dijo en un mensaje a medios junto al ministro de Relaciones Exteriores de M\u00e9xico, Luis Videgaray, con quien se reuni\u00f3 hoy a puertas cerradas en Ciudad de M\u00e9xico.<\/p>\n<p>Pompeo, que lleg\u00f3 la noche del jueves a la capital mexicana para una visita de trabajo, inform\u00f3 que junto a Videgaray trataron \u00abla importancia de detener este flujo antes de que llegue a la frontera de Estados Unidos y M\u00e9xico\u00bb.<\/p>\n<p>La caravana de migrantes hondure\u00f1os que parti\u00f3 la semana pasada desde el pa\u00eds centroamericano se encuentra ahora en la frontera entre Guatemala y M\u00e9xico. Integrada por al menos 3.000 personas, entre las que hay mujeres y ni\u00f1os, la caravana pretende llegar a Estados Unidos, aunque algunos prev\u00e9n quedarse en M\u00e9xico.<\/p>\n<p>Videgaray, que m\u00e1s temprano advirti\u00f3 que no dejar\u00e1n pasar a los migrantes indocumentados, consider\u00f3 que la caravana es un \u00abreto que M\u00e9xico enfrenta como pa\u00eds soberano\u00bb, ante las presiones del presidente estadounidense, Donald Trump, que llam\u00f3 al grupo una \u00abembestida\u00bb y llam\u00f3 a frenar su avance.<\/p>\n<p>\u00abSomos vecinos y somos pa\u00edses soberanos\u00bb, manifest\u00f3 el canciller mexicano ante Pompeo. \u00abLa pol\u00edtica migratoria de M\u00e9xico la define M\u00e9xico\u00bb, agreg\u00f3.<\/p>\n<p>Trump hab\u00eda amenazado con cortar la ayuda a Honduras, Guatemala y El Salvador y con militarizar la frontera con M\u00e9xico si no se frenaba la marcha de la caravana.<\/p>\n<p>Videgaray apunt\u00f3 que era necesario \u00abatender las causas de fondo\u00bb de la migraci\u00f3n centroamericana, un tema que trat\u00f3 con Pompeo en su reuni\u00f3n. Tambi\u00e9n dijo que M\u00e9xico aplicar\u00e1 su ley migratoria con respeto a los derechos humanos, \u00absiempre de una forma humanitaria\u00bb.<\/p>\n<p>\u00abSomos conscientes de que M\u00e9xico manejar\u00e1 esto de acuerdo a sus decisiones soberanas\u00bb, le respondi\u00f3 Pompeo. El secretario norteamericano dijo, sin embargo, que tambi\u00e9n se trata de un tema \u00abde soberan\u00eda estadounidense\u00bb.<\/p>\n<p>Los hondure\u00f1os necesitan una visa para ingresar legalmente a M\u00e9xico. La otra opci\u00f3n es solicitar refugio, un tr\u00e1mite que puede tardar tres meses y que Videgaray prev\u00e9 que sea muy lento debido a la cantidad de solicitudes que se recibir\u00e1n.<\/p>\n","protected":false},"excerpt":{"rendered":"<p>Ciudad de M\u00e9xico, 19 oct (dpa) &#8211; El secretario de Estado norteamericano, Mike Pompeo, dijo hoy que se acerca un \u00abmomento de crisis\u00bb con el gran n\u00famero de migrantes centroamericanos que se disponen a cruzar hacia M\u00e9xico para llegar a los Estados Unidos. \u00abR\u00e1pidamente estamos llegando a lo que parece un momento de crisis con<\/p>\n","protected":false},"author":1,"featured_media":94077,"comment_status":"closed","ping_status":"closed","sticky":false,"template":"","format":"standard","meta":{"footnotes":""},"categories":[343],"tags":[],"class_list":{"0":"post-108160","1":"post","2":"type-post","3":"status-publish","4":"format-standard","5":"has-post-thumbnail","7":"category-actualidad"},"aioseo_notices":[],"aioseo_head":"\n\t\t<!-- All in One SEO Pro 4.9.6.2 - aioseo.com -->\n\t<meta name=\"description\" content=\"Ciudad de M\u00e9xico, 19 oct (dpa) - El secretario de Estado norteamericano, Mike Pompeo, dijo hoy que se acerca un &quot;momento de crisis&quot; con el gran n\u00famero de migrantes centroamericanos que se disponen a cruzar hacia M\u00e9xico para llegar a los Estados Unidos. &quot;R\u00e1pidamente estamos llegando a lo que parece un momento de crisis con\" \/>\n\t<meta name=\"robots\" content=\"max-image-preview:large\" \/>\n\t<meta name=\"author\" content=\"Cand\u00e1s 365\"\/>\n\t<meta name=\"google-site-verification\" content=\"UA-32230408-1\" \/>\n\t<meta name=\"msvalidate.01\" content=\"354F3CDFB2DA171B47FBE9ABF1F88D5\" \/>\n\t<meta name=\"keywords\" content=\"actualidad\" \/>\n\t<link rel=\"canonical\" href=\"https:\/\/candas365.es\/noticias\/pompeo-se-acerca-un-momento-de-crisis-con-la-caravana-de-migrantes\/\" \/>\n\t<meta name=\"generator\" content=\"All in One SEO Pro (AIOSEO) 4.9.6.2\" \/>\n\t\t<meta property=\"og:locale\" content=\"es_ES\" \/>\n\t\t<meta property=\"og:site_name\" content=\"Cand\u00e1s 365\" \/>\n\t\t<meta property=\"og:type\" content=\"article\" \/>\n\t\t<meta property=\"og:title\" content=\"Pompeo: Se acerca un \u00abmomento de crisis\u00bb con la caravana de migrantes | Cand\u00e1s 365\" \/>\n\t\t<meta property=\"og:description\" content=\"Ciudad de M\u00e9xico, 19 oct (dpa) - El secretario de Estado norteamericano, Mike Pompeo, dijo hoy que se acerca un &quot;momento de crisis&quot; con el gran n\u00famero de migrantes centroamericanos que se disponen a cruzar hacia M\u00e9xico para llegar a los Estados Unidos. &quot;R\u00e1pidamente estamos llegando a lo que parece un momento de crisis con\" \/>\n\t\t<meta property=\"og:url\" content=\"https:\/\/candas365.es\/noticias\/pompeo-se-acerca-un-momento-de-crisis-con-la-caravana-de-migrantes\/\" \/>\n\t\t<meta property=\"og:image\" content=\"https:\/\/candas365.es\/noticias\/wp-content\/uploads\/2018\/04\/administration-1846270_960_720.jpg\" \/>\n\t\t<meta property=\"og:image:secure_url\" content=\"https:\/\/candas365.es\/noticias\/wp-content\/uploads\/2018\/04\/administration-1846270_960_720.jpg\" \/>\n\t\t<meta property=\"og:image:width\" content=\"960\" \/>\n\t\t<meta property=\"og:image:height\" content=\"720\" \/>\n\t\t<meta property=\"article:published_time\" content=\"2018-10-20T17:25:40+00:00\" \/>\n\t\t<meta property=\"article:modified_time\" content=\"2018-10-20T17:25:40+00:00\" \/>\n\t\t<meta property=\"article:publisher\" content=\"https:\/\/www.facebook.com\/Nachofdezber\" \/>\n\t\t<meta property=\"article:author\" content=\"https:\/\/www.facebook.com\/carrenoactualidad\" \/>\n\t\t<meta name=\"twitter:card\" content=\"summary_large_image\" \/>\n\t\t<meta name=\"twitter:site\" content=\"@NabercoDigital\" \/>\n\t\t<meta name=\"twitter:title\" content=\"Pompeo: Se acerca un \u00abmomento de crisis\u00bb con la caravana de migrantes | Cand\u00e1s 365\" \/>\n\t\t<meta name=\"twitter:description\" content=\"Ciudad de M\u00e9xico, 19 oct (dpa) - El secretario de Estado norteamericano, Mike Pompeo, dijo hoy que se acerca un &quot;momento de crisis&quot; con el gran n\u00famero de migrantes centroamericanos que se disponen a cruzar hacia M\u00e9xico para llegar a los Estados Unidos. &quot;R\u00e1pidamente estamos llegando a lo que parece un momento de crisis con\" \/>\n\t\t<meta name=\"twitter:creator\" content=\"@nbasturias\" \/>\n\t\t<meta name=\"twitter:image\" content=\"https:\/\/candas365.es\/noticias\/wp-content\/uploads\/2018\/04\/administration-1846270_960_720.jpg\" \/>\n\t\t<meta name=\"twitter:label1\" content=\"Escrito por\" \/>\n\t\t<meta name=\"twitter:data1\" content=\"Cand\u00e1s 365\" \/>\n\t\t<meta name=\"twitter:label2\" content=\"Tiempo de lectura estimado\" \/>\n\t\t<meta name=\"twitter:data2\" content=\"2 minutos\" \/>\n\t\t<script type=\"application\/ld+json\" class=\"aioseo-schema\">\n\t\t\t{\"@context\":\"https:\\\/\\\/schema.org\",\"@graph\":[{\"@type\":\"BreadcrumbList\",\"@id\":\"https:\\\/\\\/candas365.es\\\/noticias\\\/pompeo-se-acerca-un-momento-de-crisis-con-la-caravana-de-migrantes\\\/#breadcrumblist\",\"itemListElement\":[{\"@type\":\"ListItem\",\"@id\":\"https:\\\/\\\/candas365.es\\\/noticias#listItem\",\"position\":1,\"name\":\"Home\",\"item\":\"https:\\\/\\\/candas365.es\\\/noticias\",\"nextItem\":{\"@type\":\"ListItem\",\"@id\":\"https:\\\/\\\/candas365.es\\\/noticias\\\/category\\\/actualidad\\\/#listItem\",\"name\":\"Actualidad\"}},{\"@type\":\"ListItem\",\"@id\":\"https:\\\/\\\/candas365.es\\\/noticias\\\/category\\\/actualidad\\\/#listItem\",\"position\":2,\"name\":\"Actualidad\",\"item\":\"https:\\\/\\\/candas365.es\\\/noticias\\\/category\\\/actualidad\\\/\",\"nextItem\":{\"@type\":\"ListItem\",\"@id\":\"https:\\\/\\\/candas365.es\\\/noticias\\\/pompeo-se-acerca-un-momento-de-crisis-con-la-caravana-de-migrantes\\\/#listItem\",\"name\":\"Pompeo: Se acerca un \\u00abmomento de crisis\\u00bb con la caravana de migrantes\"},\"previousItem\":{\"@type\":\"ListItem\",\"@id\":\"https:\\\/\\\/candas365.es\\\/noticias#listItem\",\"name\":\"Home\"}},{\"@type\":\"ListItem\",\"@id\":\"https:\\\/\\\/candas365.es\\\/noticias\\\/pompeo-se-acerca-un-momento-de-crisis-con-la-caravana-de-migrantes\\\/#listItem\",\"position\":3,\"name\":\"Pompeo: Se acerca un \\u00abmomento de crisis\\u00bb con la caravana de migrantes\",\"previousItem\":{\"@type\":\"ListItem\",\"@id\":\"https:\\\/\\\/candas365.es\\\/noticias\\\/category\\\/actualidad\\\/#listItem\",\"name\":\"Actualidad\"}}]},{\"@type\":\"NewsArticle\",\"@id\":\"https:\\\/\\\/candas365.es\\\/noticias\\\/pompeo-se-acerca-un-momento-de-crisis-con-la-caravana-de-migrantes\\\/#newsarticle\",\"name\":\"Pompeo: Se acerca un \\u00abmomento de crisis\\u00bb con la caravana de migrantes | Cand\\u00e1s 365\",\"headline\":\"Pompeo: Se acerca un \\u00abmomento de crisis\\u00bb con la caravana de migrantes\",\"author\":{\"@id\":\"https:\\\/\\\/candas365.es\\\/noticias\\\/author\\\/admin\\\/#author\"},\"publisher\":{\"@id\":\"https:\\\/\\\/candas365.es\\\/noticias\\\/#organization\"},\"image\":{\"@type\":\"ImageObject\",\"url\":\"https:\\\/\\\/candas365.es\\\/noticias\\\/wp-content\\\/uploads\\\/2018\\\/04\\\/administration-1846270_960_720.jpg\",\"width\":960,\"height\":720},\"datePublished\":\"2018-10-20T17:25:40+02:00\",\"dateModified\":\"2018-10-20T17:25:40+02:00\",\"inLanguage\":\"es-ES\",\"mainEntityOfPage\":{\"@id\":\"https:\\\/\\\/candas365.es\\\/noticias\\\/pompeo-se-acerca-un-momento-de-crisis-con-la-caravana-de-migrantes\\\/#webpage\"},\"isPartOf\":{\"@id\":\"https:\\\/\\\/candas365.es\\\/noticias\\\/pompeo-se-acerca-un-momento-de-crisis-con-la-caravana-de-migrantes\\\/#webpage\"},\"articleSection\":\"Actualidad\",\"dateline\":\"Publicado el octubre 20, 2018.\"},{\"@type\":\"Organization\",\"@id\":\"https:\\\/\\\/candas365.es\\\/noticias\\\/#organization\",\"name\":\"Cand\\u00e1s 365\",\"description\":\"Cand\\u00e1s 365 es un diario digital independiente, fundado en 2012, con base en Asturias. Informamos con rigor sobre actualidad, sociedad, cultura y ocio, con una mirada local y global.\",\"url\":\"https:\\\/\\\/candas365.es\\\/noticias\\\/\",\"email\":\"info@candas365.es\",\"telephone\":\"+34652131393\",\"foundingDate\":\"2012-06-10\",\"logo\":{\"@type\":\"ImageObject\",\"url\":\"https:\\\/\\\/candas365.es\\\/noticias\\\/wp-content\\\/uploads\\\/2024\\\/09\\\/Candas-365-Redes.jpg\",\"@id\":\"https:\\\/\\\/candas365.es\\\/noticias\\\/pompeo-se-acerca-un-momento-de-crisis-con-la-caravana-de-migrantes\\\/#organizationLogo\",\"width\":1152,\"height\":864,\"caption\":\"Cand\\u00e1s 365 Redes\"},\"image\":{\"@id\":\"https:\\\/\\\/candas365.es\\\/noticias\\\/pompeo-se-acerca-un-momento-de-crisis-con-la-caravana-de-migrantes\\\/#organizationLogo\"},\"sameAs\":[\"https:\\\/\\\/www.facebook.com\\\/Nachofdezber\",\"https:\\\/\\\/x.com\\\/NabercoDigital\",\"https:\\\/\\\/www.instagram.com\\\/nachofdezber\\\/\",\"https:\\\/\\\/www.youtube.com\\\/channel\\\/UCZP-2wLEB9Rv6erhFmqVnvg\"],\"address\":{\"@id\":\"https:\\\/\\\/candas365.es\\\/noticias\\\/#postaladdress\",\"@type\":\"PostalAddress\",\"streetAddress\":\"san antonio 4, san antonio 4\",\"postalCode\":\"33430\",\"addressLocality\":\"Cand\\u00e1s\",\"addressRegion\":\"Asturias\",\"addressCountry\":\"ES\"}},{\"@type\":\"Person\",\"@id\":\"https:\\\/\\\/candas365.es\\\/noticias\\\/author\\\/admin\\\/#author\",\"url\":\"https:\\\/\\\/candas365.es\\\/noticias\\\/author\\\/admin\\\/\",\"name\":\"Cand\\u00e1s 365\",\"image\":{\"@type\":\"ImageObject\",\"@id\":\"https:\\\/\\\/candas365.es\\\/noticias\\\/pompeo-se-acerca-un-momento-de-crisis-con-la-caravana-de-migrantes\\\/#authorImage\",\"url\":\"https:\\\/\\\/secure.gravatar.com\\\/avatar\\\/496a8e03d0c493ede1718b7934145dbdf8d89be1036b0eec9544e1094c9de390?s=96&d=mm&r=g\",\"width\":96,\"height\":96,\"caption\":\"Cand\\u00e1s 365\"},\"sameAs\":[\"https:\\\/\\\/www.facebook.com\\\/carrenoactualidad\",\"https:\\\/\\\/twitter.com\\\/nbasturias\",\"https:\\\/\\\/www.instagram.com\\\/nachofdezber\\\/\",\"https:\\\/\\\/www.youtube.com\\\/channel\\\/UCZP-2wLEB9Rv6erhFmqVnvg\"]},{\"@type\":\"WebPage\",\"@id\":\"https:\\\/\\\/candas365.es\\\/noticias\\\/pompeo-se-acerca-un-momento-de-crisis-con-la-caravana-de-migrantes\\\/#webpage\",\"url\":\"https:\\\/\\\/candas365.es\\\/noticias\\\/pompeo-se-acerca-un-momento-de-crisis-con-la-caravana-de-migrantes\\\/\",\"name\":\"Pompeo: Se acerca un \\u00abmomento de crisis\\u00bb con la caravana de migrantes | Cand\\u00e1s 365\",\"description\":\"Ciudad de M\\u00e9xico, 19 oct (dpa) - El secretario de Estado norteamericano, Mike Pompeo, dijo hoy que se acerca un \\\"momento de crisis\\\" con el gran n\\u00famero de migrantes centroamericanos que se disponen a cruzar hacia M\\u00e9xico para llegar a los Estados Unidos. \\\"R\\u00e1pidamente estamos llegando a lo que parece un momento de crisis con\",\"inLanguage\":\"es-ES\",\"isPartOf\":{\"@id\":\"https:\\\/\\\/candas365.es\\\/noticias\\\/#website\"},\"breadcrumb\":{\"@id\":\"https:\\\/\\\/candas365.es\\\/noticias\\\/pompeo-se-acerca-un-momento-de-crisis-con-la-caravana-de-migrantes\\\/#breadcrumblist\"},\"author\":{\"@id\":\"https:\\\/\\\/candas365.es\\\/noticias\\\/author\\\/admin\\\/#author\"},\"creator\":{\"@id\":\"https:\\\/\\\/candas365.es\\\/noticias\\\/author\\\/admin\\\/#author\"},\"image\":{\"@type\":\"ImageObject\",\"url\":\"https:\\\/\\\/candas365.es\\\/noticias\\\/wp-content\\\/uploads\\\/2018\\\/04\\\/administration-1846270_960_720.jpg\",\"@id\":\"https:\\\/\\\/candas365.es\\\/noticias\\\/pompeo-se-acerca-un-momento-de-crisis-con-la-caravana-de-migrantes\\\/#mainImage\",\"width\":960,\"height\":720},\"primaryImageOfPage\":{\"@id\":\"https:\\\/\\\/candas365.es\\\/noticias\\\/pompeo-se-acerca-un-momento-de-crisis-con-la-caravana-de-migrantes\\\/#mainImage\"},\"datePublished\":\"2018-10-20T17:25:40+02:00\",\"dateModified\":\"2018-10-20T17:25:40+02:00\"},{\"@type\":\"WebSite\",\"@id\":\"https:\\\/\\\/candas365.es\\\/noticias\\\/#website\",\"url\":\"https:\\\/\\\/candas365.es\\\/noticias\\\/\",\"name\":\"Cand\\u00e1s 365\",\"alternateName\":\"Cand\\u00e1s 365 Noticias\",\"description\":\"Actualidad desde Carre\\u00f1o para el mundo\",\"inLanguage\":\"es-ES\",\"publisher\":{\"@id\":\"https:\\\/\\\/candas365.es\\\/noticias\\\/#organization\"}}]}\n\t\t<\/script>\n\t\t<!-- All in One SEO Pro -->\r\n\t\t<title>Pompeo: Se acerca un \u00abmomento de crisis\u00bb con la caravana de migrantes | Cand\u00e1s 365<\/title>\n\n","aioseo_head_json":{"title":"Pompeo: Se acerca un \u00abmomento de crisis\u00bb con la caravana de migrantes | Cand\u00e1s 365","description":"Ciudad de M\u00e9xico, 19 oct (dpa) - El secretario de Estado norteamericano, Mike Pompeo, dijo hoy que se acerca un \"momento de crisis\" con el gran n\u00famero de migrantes centroamericanos que se disponen a cruzar hacia M\u00e9xico para llegar a los Estados Unidos. \"R\u00e1pidamente estamos llegando a lo que parece un momento de crisis con","canonical_url":"https:\/\/candas365.es\/noticias\/pompeo-se-acerca-un-momento-de-crisis-con-la-caravana-de-migrantes\/","robots":"max-image-preview:large","keywords":"actualidad","webmasterTools":{"google-site-verification":"UA-32230408-1","msvalidate.01":"354F3CDFB2DA171B47FBE9ABF1F88D5","miscellaneous":""},"schema":{"@context":"https:\/\/schema.org","@graph":[{"@type":"BreadcrumbList","@id":"https:\/\/candas365.es\/noticias\/pompeo-se-acerca-un-momento-de-crisis-con-la-caravana-de-migrantes\/#breadcrumblist","itemListElement":[{"@type":"ListItem","@id":"https:\/\/candas365.es\/noticias#listItem","position":1,"name":"Home","item":"https:\/\/candas365.es\/noticias","nextItem":{"@type":"ListItem","@id":"https:\/\/candas365.es\/noticias\/category\/actualidad\/#listItem","name":"Actualidad"}},{"@type":"ListItem","@id":"https:\/\/candas365.es\/noticias\/category\/actualidad\/#listItem","position":2,"name":"Actualidad","item":"https:\/\/candas365.es\/noticias\/category\/actualidad\/","nextItem":{"@type":"ListItem","@id":"https:\/\/candas365.es\/noticias\/pompeo-se-acerca-un-momento-de-crisis-con-la-caravana-de-migrantes\/#listItem","name":"Pompeo: Se acerca un \u00abmomento de crisis\u00bb con la caravana de migrantes"},"previousItem":{"@type":"ListItem","@id":"https:\/\/candas365.es\/noticias#listItem","name":"Home"}},{"@type":"ListItem","@id":"https:\/\/candas365.es\/noticias\/pompeo-se-acerca-un-momento-de-crisis-con-la-caravana-de-migrantes\/#listItem","position":3,"name":"Pompeo: Se acerca un \u00abmomento de crisis\u00bb con la caravana de migrantes","previousItem":{"@type":"ListItem","@id":"https:\/\/candas365.es\/noticias\/category\/actualidad\/#listItem","name":"Actualidad"}}]},{"@type":"NewsArticle","@id":"https:\/\/candas365.es\/noticias\/pompeo-se-acerca-un-momento-de-crisis-con-la-caravana-de-migrantes\/#newsarticle","name":"Pompeo: Se acerca un \u00abmomento de crisis\u00bb con la caravana de migrantes | Cand\u00e1s 365","headline":"Pompeo: Se acerca un \u00abmomento de crisis\u00bb con la caravana de migrantes","author":{"@id":"https:\/\/candas365.es\/noticias\/author\/admin\/#author"},"publisher":{"@id":"https:\/\/candas365.es\/noticias\/#organization"},"image":{"@type":"ImageObject","url":"https:\/\/candas365.es\/noticias\/wp-content\/uploads\/2018\/04\/administration-1846270_960_720.jpg","width":960,"height":720},"datePublished":"2018-10-20T17:25:40+02:00","dateModified":"2018-10-20T17:25:40+02:00","inLanguage":"es-ES","mainEntityOfPage":{"@id":"https:\/\/candas365.es\/noticias\/pompeo-se-acerca-un-momento-de-crisis-con-la-caravana-de-migrantes\/#webpage"},"isPartOf":{"@id":"https:\/\/candas365.es\/noticias\/pompeo-se-acerca-un-momento-de-crisis-con-la-caravana-de-migrantes\/#webpage"},"articleSection":"Actualidad","dateline":"Publicado el octubre 20, 2018."},{"@type":"Organization","@id":"https:\/\/candas365.es\/noticias\/#organization","name":"Cand\u00e1s 365","description":"Cand\u00e1s 365 es un diario digital independiente, fundado en 2012, con base en Asturias. Informamos con rigor sobre actualidad, sociedad, cultura y ocio, con una mirada local y global.","url":"https:\/\/candas365.es\/noticias\/","email":"info@candas365.es","telephone":"+34652131393","foundingDate":"2012-06-10","logo":{"@type":"ImageObject","url":"https:\/\/candas365.es\/noticias\/wp-content\/uploads\/2024\/09\/Candas-365-Redes.jpg","@id":"https:\/\/candas365.es\/noticias\/pompeo-se-acerca-un-momento-de-crisis-con-la-caravana-de-migrantes\/#organizationLogo","width":1152,"height":864,"caption":"Cand\u00e1s 365 Redes"},"image":{"@id":"https:\/\/candas365.es\/noticias\/pompeo-se-acerca-un-momento-de-crisis-con-la-caravana-de-migrantes\/#organizationLogo"},"sameAs":["https:\/\/www.facebook.com\/Nachofdezber","https:\/\/x.com\/NabercoDigital","https:\/\/www.instagram.com\/nachofdezber\/","https:\/\/www.youtube.com\/channel\/UCZP-2wLEB9Rv6erhFmqVnvg"],"address":{"@id":"https:\/\/candas365.es\/noticias\/#postaladdress","@type":"PostalAddress","streetAddress":"san antonio 4, san antonio 4","postalCode":"33430","addressLocality":"Cand\u00e1s","addressRegion":"Asturias","addressCountry":"ES"}},{"@type":"Person","@id":"https:\/\/candas365.es\/noticias\/author\/admin\/#author","url":"https:\/\/candas365.es\/noticias\/author\/admin\/","name":"Cand\u00e1s 365","image":{"@type":"ImageObject","@id":"https:\/\/candas365.es\/noticias\/pompeo-se-acerca-un-momento-de-crisis-con-la-caravana-de-migrantes\/#authorImage","url":"https:\/\/secure.gravatar.com\/avatar\/496a8e03d0c493ede1718b7934145dbdf8d89be1036b0eec9544e1094c9de390?s=96&d=mm&r=g","width":96,"height":96,"caption":"Cand\u00e1s 365"},"sameAs":["https:\/\/www.facebook.com\/carrenoactualidad","https:\/\/twitter.com\/nbasturias","https:\/\/www.instagram.com\/nachofdezber\/","https:\/\/www.youtube.com\/channel\/UCZP-2wLEB9Rv6erhFmqVnvg"]},{"@type":"WebPage","@id":"https:\/\/candas365.es\/noticias\/pompeo-se-acerca-un-momento-de-crisis-con-la-caravana-de-migrantes\/#webpage","url":"https:\/\/candas365.es\/noticias\/pompeo-se-acerca-un-momento-de-crisis-con-la-caravana-de-migrantes\/","name":"Pompeo: Se acerca un \u00abmomento de crisis\u00bb con la caravana de migrantes | Cand\u00e1s 365","description":"Ciudad de M\u00e9xico, 19 oct (dpa) - El secretario de Estado norteamericano, Mike Pompeo, dijo hoy que se acerca un \"momento de crisis\" con el gran n\u00famero de migrantes centroamericanos que se disponen a cruzar hacia M\u00e9xico para llegar a los Estados Unidos. \"R\u00e1pidamente estamos llegando a lo que parece un momento de crisis con","inLanguage":"es-ES","isPartOf":{"@id":"https:\/\/candas365.es\/noticias\/#website"},"breadcrumb":{"@id":"https:\/\/candas365.es\/noticias\/pompeo-se-acerca-un-momento-de-crisis-con-la-caravana-de-migrantes\/#breadcrumblist"},"author":{"@id":"https:\/\/candas365.es\/noticias\/author\/admin\/#author"},"creator":{"@id":"https:\/\/candas365.es\/noticias\/author\/admin\/#author"},"image":{"@type":"ImageObject","url":"https:\/\/candas365.es\/noticias\/wp-content\/uploads\/2018\/04\/administration-1846270_960_720.jpg","@id":"https:\/\/candas365.es\/noticias\/pompeo-se-acerca-un-momento-de-crisis-con-la-caravana-de-migrantes\/#mainImage","width":960,"height":720},"primaryImageOfPage":{"@id":"https:\/\/candas365.es\/noticias\/pompeo-se-acerca-un-momento-de-crisis-con-la-caravana-de-migrantes\/#mainImage"},"datePublished":"2018-10-20T17:25:40+02:00","dateModified":"2018-10-20T17:25:40+02:00"},{"@type":"WebSite","@id":"https:\/\/candas365.es\/noticias\/#website","url":"https:\/\/candas365.es\/noticias\/","name":"Cand\u00e1s 365","alternateName":"Cand\u00e1s 365 Noticias","description":"Actualidad desde Carre\u00f1o para el mundo","inLanguage":"es-ES","publisher":{"@id":"https:\/\/candas365.es\/noticias\/#organization"}}]},"og:locale":"es_ES","og:site_name":"Cand\u00e1s 365","og:type":"article","og:title":"Pompeo: Se acerca un \u00abmomento de crisis\u00bb con la caravana de migrantes | Cand\u00e1s 365","og:description":"Ciudad de M\u00e9xico, 19 oct (dpa) - El secretario de Estado norteamericano, Mike Pompeo, dijo hoy que se acerca un &quot;momento de crisis&quot; con el gran n\u00famero de migrantes centroamericanos que se disponen a cruzar hacia M\u00e9xico para llegar a los Estados Unidos. &quot;R\u00e1pidamente estamos llegando a lo que parece un momento de crisis con","og:url":"https:\/\/candas365.es\/noticias\/pompeo-se-acerca-un-momento-de-crisis-con-la-caravana-de-migrantes\/","og:image":"https:\/\/candas365.es\/noticias\/wp-content\/uploads\/2018\/04\/administration-1846270_960_720.jpg","og:image:secure_url":"https:\/\/candas365.es\/noticias\/wp-content\/uploads\/2018\/04\/administration-1846270_960_720.jpg","og:image:width":960,"og:image:height":720,"article:published_time":"2018-10-20T17:25:40+00:00","article:modified_time":"2018-10-20T17:25:40+00:00","article:publisher":"https:\/\/www.facebook.com\/Nachofdezber","article:author":"https:\/\/www.facebook.com\/carrenoactualidad","twitter:card":"summary_large_image","twitter:site":"@NabercoDigital","twitter:title":"Pompeo: Se acerca un \u00abmomento de crisis\u00bb con la caravana de migrantes | Cand\u00e1s 365","twitter:description":"Ciudad de M\u00e9xico, 19 oct (dpa) - El secretario de Estado norteamericano, Mike Pompeo, dijo hoy que se acerca un &quot;momento de crisis&quot; con el gran n\u00famero de migrantes centroamericanos que se disponen a cruzar hacia M\u00e9xico para llegar a los Estados Unidos. &quot;R\u00e1pidamente estamos llegando a lo que parece un momento de crisis con","twitter:creator":"@nbasturias","twitter:image":"https:\/\/candas365.es\/noticias\/wp-content\/uploads\/2018\/04\/administration-1846270_960_720.jpg","twitter:label1":"Escrito por","twitter:data1":"Cand\u00e1s 365","twitter:label2":"Tiempo de lectura estimado","twitter:data2":"2 minutos"},"aioseo_meta_data":{"post_id":"108160","title":null,"description":null,"keywords":null,"keyphrases":null,"primary_term":null,"canonical_url":null,"og_title":null,"og_description":null,"og_object_type":"default","og_image_type":"default","og_image_url":null,"og_image_width":null,"og_image_height":null,"og_image_custom_url":null,"og_image_custom_fields":null,"og_video":null,"og_custom_url":null,"og_article_section":null,"og_article_tags":null,"twitter_use_og":false,"twitter_card":"default","twitter_image_type":"default","twitter_image_url":null,"twitter_image_custom_url":null,"twitter_image_custom_fields":null,"twitter_title":null,"twitter_description":null,"schema":{"blockGraphs":[],"customGraphs":[],"default":{"data":{"Article":[],"Course":[],"Dataset":[],"FAQPage":[],"Movie":[],"Person":[],"Product":[],"ProductReview":[],"Car":[],"Recipe":[],"Service":[],"SoftwareApplication":[],"WebPage":[]},"graphName":"","isEnabled":true},"graphs":[],"defaultGraph":"","defaultPostTypeGraph":""},"schema_type":null,"schema_type_options":null,"pillar_content":false,"robots_default":true,"robots_noindex":false,"robots_noarchive":false,"robots_nosnippet":false,"robots_nofollow":false,"robots_noimageindex":false,"robots_noodp":false,"robots_notranslate":false,"robots_max_snippet":null,"robots_max_videopreview":null,"robots_max_imagepreview":"large","priority":null,"frequency":null,"location":null,"local_seo":null,"seo_analyzer_scan_date":"2025-08-28 05:59:24","breadcrumb_settings":null,"limit_modified_date":false,"reviewed_by":null,"open_ai":null,"ai":null,"created":"2020-12-21 11:41:41","updated":"2025-08-28 05:59:24"},"aioseo_breadcrumb":"<div class=\"aioseo-breadcrumbs\"><span class=\"aioseo-breadcrumb\">\n\t<a href=\"https:\/\/candas365.es\/noticias\" title=\"Home\">Home<\/a>\n<\/span><span class=\"aioseo-breadcrumb-separator\">&ndash;<\/span><span class=\"aioseo-breadcrumb\">\n\t<a href=\"https:\/\/candas365.es\/noticias\/category\/actualidad\/\" title=\"Actualidad\">Actualidad<\/a>\n<\/span><span class=\"aioseo-breadcrumb-separator\">&ndash;<\/span><span class=\"aioseo-breadcrumb\">\n\tPompeo: Se acerca un \u00abmomento de crisis\u00bb con la caravana de migrantes\n<\/span><\/div>","aioseo_breadcrumb_json":[{"label":"Home","link":"https:\/\/candas365.es\/noticias"},{"label":"Actualidad","link":"https:\/\/candas365.es\/noticias\/category\/actualidad\/"},{"label":"Pompeo: Se acerca un \u00abmomento de crisis\u00bb con la caravana de migrantes","link":"https:\/\/candas365.es\/noticias\/pompeo-se-acerca-un-momento-de-crisis-con-la-caravana-de-migrantes\/"}],"_links":{"self":[{"href":"https:\/\/candas365.es\/noticias\/wp-json\/wp\/v2\/posts\/108160","targetHints":{"allow":["GET"]}}],"collection":[{"href":"https:\/\/candas365.es\/noticias\/wp-json\/wp\/v2\/posts"}],"about":[{"href":"https:\/\/candas365.es\/noticias\/wp-json\/wp\/v2\/types\/post"}],"author":[{"embeddable":true,"href":"https:\/\/candas365.es\/noticias\/wp-json\/wp\/v2\/users\/1"}],"replies":[{"embeddable":true,"href":"https:\/\/candas365.es\/noticias\/wp-json\/wp\/v2\/comments?post=108160"}],"version-history":[{"count":0,"href":"https:\/\/candas365.es\/noticias\/wp-json\/wp\/v2\/posts\/108160\/revisions"}],"wp:featuredmedia":[{"embeddable":true,"href":"https:\/\/candas365.es\/noticias\/wp-json\/wp\/v2\/media\/94077"}],"wp:attachment":[{"href":"https:\/\/candas365.es\/noticias\/wp-json\/wp\/v2\/media?parent=108160"}],"wp:term":[{"taxonomy":"category","embeddable":true,"href":"https:\/\/candas365.es\/noticias\/wp-json\/wp\/v2\/categories?post=108160"},{"taxonomy":"post_tag","embeddable":true,"href":"https:\/\/candas365.es\/noticias\/wp-json\/wp\/v2\/tags?post=108160"}],"curies":[{"name":"wp","href":"https:\/\/api.w.org\/{rel}","templated":true}]}}