{"id":108137,"date":"2018-10-20T13:30:43","date_gmt":"2018-10-20T13:30:43","guid":{"rendered":"http:\/\/candas365.es\/noticias\/?p=108137"},"modified":"2018-10-20T13:30:43","modified_gmt":"2018-10-20T13:30:43","slug":"europa-y-asia-ratifican-su-defensa-del-orden-mundial","status":"publish","type":"post","link":"https:\/\/candas365.es\/noticias\/europa-y-asia-ratifican-su-defensa-del-orden-mundial\/","title":{"rendered":"Europa y Asia ratifican su defensa del orden mundial"},"content":{"rendered":"<p><img fetchpriority=\"high\" decoding=\"async\" class=\"alignleft size-medium wp-image-97538\" src=\"https:\/\/candas365.es\/noticias\/wp-content\/uploads\/2018\/06\/globalisation-3390877_960_720-360x216.jpg\" alt=\"\" width=\"360\" height=\"216\" srcset=\"https:\/\/candas365.es\/noticias\/wp-content\/uploads\/2018\/06\/globalisation-3390877_960_720-360x216.jpg 360w, https:\/\/candas365.es\/noticias\/wp-content\/uploads\/2018\/06\/globalisation-3390877_960_720-768x461.jpg 768w, https:\/\/candas365.es\/noticias\/wp-content\/uploads\/2018\/06\/globalisation-3390877_960_720-655x393.jpg 655w, https:\/\/candas365.es\/noticias\/wp-content\/uploads\/2018\/06\/globalisation-3390877_960_720-696x418.jpg 696w, https:\/\/candas365.es\/noticias\/wp-content\/uploads\/2018\/06\/globalisation-3390877_960_720-700x420.jpg 700w, https:\/\/candas365.es\/noticias\/wp-content\/uploads\/2018\/06\/globalisation-3390877_960_720.jpg 960w\" sizes=\"(max-width: 360px) 100vw, 360px\" \/>Bruselas, 19 oct (dpa) &#8211; La Uni\u00f3n Europea (UE) y Asia acordaron en una cumbre en Bruselas, que concluye hoy, defender conjuntamente el libre comercio mundial, las normas internacionales y la lucha contra el cambio clim\u00e1tico, asuntos todos que cuestiona fuertemente el presidente de Estados Unidos, Donald Trump.<\/p>\n<p>\u00abLa cumbre demuestra que aqu\u00ed se re\u00fanen pa\u00edses de Europa y Asia que quieren todos un comercio mundial basado en reglas y que propugnan el multilateralismo\u00bb, afirm\u00f3 hoy la canciller alemana, Angela Merkel.<\/p>\n<p>\u00abPodemos dejar claro que en mundo de lo que se trata es de crear situaciones para que todos salgan ganando\u00bb, a\u00f1adi\u00f3 la jefa de Gobierno. Y el presidente de la Comisi\u00f3n Europea, Jean-Claude Juncker, se\u00f1al\u00f3: \u00abSomos de la opini\u00f3n que s\u00f3lo una intervenci\u00f3n multilateral posibilitar\u00e1 solucionar los problemas\u00bb<\/p>\n<p>La cumbre reuni\u00f3 a los jefes de Estado y de Gobierno de la UE y l\u00edderes pol\u00edticos de China, Rusia, Australia, Jap\u00f3n y otros pa\u00edses asi\u00e1ticos, en total representantes de unos 50 pa\u00edses.<\/p>\n<p>Las naciones que participan en el foro de cooperaci\u00f3n Asia-Europa (ASEM) representan en su conjunto el 55 por ciento del volumen comercial mundial, el 60 por ciento de la poblaci\u00f3n mundial y el 65 por ciento de la econom\u00eda mundial.<\/p>\n<p>En vista del gran poder econ\u00f3mico de los dos continentes, Merkel destac\u00f3 la importancia de la reuni\u00f3n ASEM, de dos d\u00edas de duraci\u00f3n. Sin embargo, tambi\u00e9n admiti\u00f3 que la situaci\u00f3n de los derechos humanos en algunos pa\u00edses asi\u00e1ticos es un tema potencialmente conflictivo.<\/p>\n<p>Por su parte, el canciller de Austria, Sebastian Kurz, critic\u00f3 el \u00abfuerte proteccionismo\u00bb de algunos pa\u00edses asi\u00e1ticos, que contradice su supuesta adhesi\u00f3n al libre comercio. Tambi\u00e9n apunt\u00f3 la necesidad de ganar a los pa\u00edses asi\u00e1ticos como socios en la lucha contra el cambio clim\u00e1tico.<\/p>\n<p>Sin embargo, el borrador de la declaraci\u00f3n final de la cumbre refleja una clara defensa conjunta de la cooperaci\u00f3n internacional en el seno de las Naciones Unidas, de la Organizaci\u00f3n Mundial de Comercio (OMC), del Acuerdo de Par\u00eds sobre el clima y del acuerdo nuclear pactado con Ir\u00e1n. Trump ha criticado todas estas instituciones y acuerdos o ha retirado a Estados Unidos de estos mecanismos de cooperaci\u00f3n.<\/p>\n<p>De forma indirecta, el canciller austriaco Sebastian Kurz se refiri\u00f3 a la pol\u00edtica de Trump al se\u00f1alar que el multilateralismo \u00abya no se da por descontado como antes\u00bb. El jefe de Gobierno de Luxemburgo, Xavier Bettel, y la responsable de pol\u00edtica exterior, Federica Mogherini, negaron que se tratase de una cumbre anti-Trump. \u00abNosotros no organizamos ninguna reuni\u00f3n dirigida contra alguien\u00bb, dijo la pol\u00edtica italiana.<\/p>\n<p>La cumbre ten\u00eda previsto para hoy, entre otros temas, la firma de un acuerdo de libre comercio entre la UE y Singapur.<\/p>\n<p>En el borrador de la declaraci\u00f3n final, los participantes en el foro piden la retirada completa de todas las armas nucleares de la pen\u00ednsula de Corea y expresan su apoyo al proceso de paz puesto en marcha por Corea del Norte y Corea del Sur y a la Declaraci\u00f3n de Singapur, suscrita por Trump y el l\u00edder norcoreano, Kim Jong-un.<\/p>\n","protected":false},"excerpt":{"rendered":"<p>Bruselas, 19 oct (dpa) &#8211; La Uni\u00f3n Europea (UE) y Asia acordaron en una cumbre en Bruselas, que concluye hoy, defender conjuntamente el libre comercio mundial, las normas internacionales y la lucha contra el cambio clim\u00e1tico, asuntos todos que cuestiona fuertemente el presidente de Estados Unidos, Donald Trump. \u00abLa cumbre demuestra que aqu\u00ed se re\u00fanen<\/p>\n","protected":false},"author":1,"featured_media":97538,"comment_status":"closed","ping_status":"closed","sticky":false,"template":"","format":"standard","meta":{"footnotes":""},"categories":[343],"tags":[],"class_list":{"0":"post-108137","1":"post","2":"type-post","3":"status-publish","4":"format-standard","5":"has-post-thumbnail","7":"category-actualidad"},"aioseo_notices":[],"aioseo_head":"\n\t\t<!-- All in One SEO Pro 4.9.6.2 - aioseo.com -->\n\t<meta name=\"description\" content=\"Bruselas, 19 oct (dpa) - La Uni\u00f3n Europea (UE) y Asia acordaron en una cumbre en Bruselas, que concluye hoy, defender conjuntamente el libre comercio mundial, las normas internacionales y la lucha contra el cambio clim\u00e1tico, asuntos todos que cuestiona fuertemente el presidente de Estados Unidos, Donald Trump. &quot;La cumbre demuestra que aqu\u00ed se re\u00fanen\" \/>\n\t<meta name=\"robots\" content=\"max-image-preview:large\" \/>\n\t<meta name=\"author\" content=\"Cand\u00e1s 365\"\/>\n\t<meta name=\"google-site-verification\" content=\"UA-32230408-1\" \/>\n\t<meta name=\"msvalidate.01\" content=\"354F3CDFB2DA171B47FBE9ABF1F88D5\" \/>\n\t<meta name=\"keywords\" content=\"actualidad\" \/>\n\t<link rel=\"canonical\" href=\"https:\/\/candas365.es\/noticias\/europa-y-asia-ratifican-su-defensa-del-orden-mundial\/\" \/>\n\t<meta name=\"generator\" content=\"All in One SEO Pro (AIOSEO) 4.9.6.2\" \/>\n\t\t<meta property=\"og:locale\" content=\"es_ES\" \/>\n\t\t<meta property=\"og:site_name\" content=\"Cand\u00e1s 365\" \/>\n\t\t<meta property=\"og:type\" content=\"article\" \/>\n\t\t<meta property=\"og:title\" content=\"Europa y Asia ratifican su defensa del orden mundial | Cand\u00e1s 365\" \/>\n\t\t<meta property=\"og:description\" content=\"Bruselas, 19 oct (dpa) - La Uni\u00f3n Europea (UE) y Asia acordaron en una cumbre en Bruselas, que concluye hoy, defender conjuntamente el libre comercio mundial, las normas internacionales y la lucha contra el cambio clim\u00e1tico, asuntos todos que cuestiona fuertemente el presidente de Estados Unidos, Donald Trump. &quot;La cumbre demuestra que aqu\u00ed se re\u00fanen\" \/>\n\t\t<meta property=\"og:url\" content=\"https:\/\/candas365.es\/noticias\/europa-y-asia-ratifican-su-defensa-del-orden-mundial\/\" \/>\n\t\t<meta property=\"og:image\" content=\"https:\/\/candas365.es\/noticias\/wp-content\/uploads\/2018\/06\/globalisation-3390877_960_720.jpg\" \/>\n\t\t<meta property=\"og:image:secure_url\" content=\"https:\/\/candas365.es\/noticias\/wp-content\/uploads\/2018\/06\/globalisation-3390877_960_720.jpg\" \/>\n\t\t<meta property=\"og:image:width\" content=\"960\" \/>\n\t\t<meta property=\"og:image:height\" content=\"576\" \/>\n\t\t<meta property=\"article:published_time\" content=\"2018-10-20T13:30:43+00:00\" \/>\n\t\t<meta property=\"article:modified_time\" content=\"2018-10-20T13:30:43+00:00\" \/>\n\t\t<meta property=\"article:publisher\" content=\"https:\/\/www.facebook.com\/Nachofdezber\" \/>\n\t\t<meta property=\"article:author\" content=\"https:\/\/www.facebook.com\/carrenoactualidad\" \/>\n\t\t<meta name=\"twitter:card\" content=\"summary_large_image\" \/>\n\t\t<meta name=\"twitter:site\" content=\"@NabercoDigital\" \/>\n\t\t<meta name=\"twitter:title\" content=\"Europa y Asia ratifican su defensa del orden mundial | Cand\u00e1s 365\" \/>\n\t\t<meta name=\"twitter:description\" content=\"Bruselas, 19 oct (dpa) - La Uni\u00f3n Europea (UE) y Asia acordaron en una cumbre en Bruselas, que concluye hoy, defender conjuntamente el libre comercio mundial, las normas internacionales y la lucha contra el cambio clim\u00e1tico, asuntos todos que cuestiona fuertemente el presidente de Estados Unidos, Donald Trump. &quot;La cumbre demuestra que aqu\u00ed se re\u00fanen\" \/>\n\t\t<meta name=\"twitter:creator\" content=\"@nbasturias\" \/>\n\t\t<meta name=\"twitter:image\" content=\"https:\/\/candas365.es\/noticias\/wp-content\/uploads\/2018\/06\/globalisation-3390877_960_720.jpg\" \/>\n\t\t<meta name=\"twitter:label1\" content=\"Escrito por\" \/>\n\t\t<meta name=\"twitter:data1\" content=\"Cand\u00e1s 365\" \/>\n\t\t<meta name=\"twitter:label2\" content=\"Tiempo de lectura estimado\" \/>\n\t\t<meta name=\"twitter:data2\" content=\"3 minutos\" \/>\n\t\t<script type=\"application\/ld+json\" class=\"aioseo-schema\">\n\t\t\t{\"@context\":\"https:\\\/\\\/schema.org\",\"@graph\":[{\"@type\":\"BreadcrumbList\",\"@id\":\"https:\\\/\\\/candas365.es\\\/noticias\\\/europa-y-asia-ratifican-su-defensa-del-orden-mundial\\\/#breadcrumblist\",\"itemListElement\":[{\"@type\":\"ListItem\",\"@id\":\"https:\\\/\\\/candas365.es\\\/noticias#listItem\",\"position\":1,\"name\":\"Home\",\"item\":\"https:\\\/\\\/candas365.es\\\/noticias\",\"nextItem\":{\"@type\":\"ListItem\",\"@id\":\"https:\\\/\\\/candas365.es\\\/noticias\\\/category\\\/actualidad\\\/#listItem\",\"name\":\"Actualidad\"}},{\"@type\":\"ListItem\",\"@id\":\"https:\\\/\\\/candas365.es\\\/noticias\\\/category\\\/actualidad\\\/#listItem\",\"position\":2,\"name\":\"Actualidad\",\"item\":\"https:\\\/\\\/candas365.es\\\/noticias\\\/category\\\/actualidad\\\/\",\"nextItem\":{\"@type\":\"ListItem\",\"@id\":\"https:\\\/\\\/candas365.es\\\/noticias\\\/europa-y-asia-ratifican-su-defensa-del-orden-mundial\\\/#listItem\",\"name\":\"Europa y Asia ratifican su defensa del orden mundial\"},\"previousItem\":{\"@type\":\"ListItem\",\"@id\":\"https:\\\/\\\/candas365.es\\\/noticias#listItem\",\"name\":\"Home\"}},{\"@type\":\"ListItem\",\"@id\":\"https:\\\/\\\/candas365.es\\\/noticias\\\/europa-y-asia-ratifican-su-defensa-del-orden-mundial\\\/#listItem\",\"position\":3,\"name\":\"Europa y Asia ratifican su defensa del orden mundial\",\"previousItem\":{\"@type\":\"ListItem\",\"@id\":\"https:\\\/\\\/candas365.es\\\/noticias\\\/category\\\/actualidad\\\/#listItem\",\"name\":\"Actualidad\"}}]},{\"@type\":\"NewsArticle\",\"@id\":\"https:\\\/\\\/candas365.es\\\/noticias\\\/europa-y-asia-ratifican-su-defensa-del-orden-mundial\\\/#newsarticle\",\"name\":\"Europa y Asia ratifican su defensa del orden mundial | Cand\\u00e1s 365\",\"headline\":\"Europa y Asia ratifican su defensa del orden mundial\",\"author\":{\"@id\":\"https:\\\/\\\/candas365.es\\\/noticias\\\/author\\\/admin\\\/#author\"},\"publisher\":{\"@id\":\"https:\\\/\\\/candas365.es\\\/noticias\\\/#organization\"},\"image\":{\"@type\":\"ImageObject\",\"url\":\"https:\\\/\\\/candas365.es\\\/noticias\\\/wp-content\\\/uploads\\\/2018\\\/06\\\/globalisation-3390877_960_720.jpg\",\"width\":960,\"height\":576},\"datePublished\":\"2018-10-20T13:30:43+02:00\",\"dateModified\":\"2018-10-20T13:30:43+02:00\",\"inLanguage\":\"es-ES\",\"mainEntityOfPage\":{\"@id\":\"https:\\\/\\\/candas365.es\\\/noticias\\\/europa-y-asia-ratifican-su-defensa-del-orden-mundial\\\/#webpage\"},\"isPartOf\":{\"@id\":\"https:\\\/\\\/candas365.es\\\/noticias\\\/europa-y-asia-ratifican-su-defensa-del-orden-mundial\\\/#webpage\"},\"articleSection\":\"Actualidad\",\"dateline\":\"Publicado el octubre 20, 2018.\"},{\"@type\":\"Organization\",\"@id\":\"https:\\\/\\\/candas365.es\\\/noticias\\\/#organization\",\"name\":\"Cand\\u00e1s 365\",\"description\":\"Cand\\u00e1s 365 es un diario digital independiente, fundado en 2012, con base en Asturias. Informamos con rigor sobre actualidad, sociedad, cultura y ocio, con una mirada local y global.\",\"url\":\"https:\\\/\\\/candas365.es\\\/noticias\\\/\",\"email\":\"info@candas365.es\",\"telephone\":\"+34652131393\",\"foundingDate\":\"2012-06-10\",\"logo\":{\"@type\":\"ImageObject\",\"url\":\"https:\\\/\\\/candas365.es\\\/noticias\\\/wp-content\\\/uploads\\\/2024\\\/09\\\/Candas-365-Redes.jpg\",\"@id\":\"https:\\\/\\\/candas365.es\\\/noticias\\\/europa-y-asia-ratifican-su-defensa-del-orden-mundial\\\/#organizationLogo\",\"width\":1152,\"height\":864,\"caption\":\"Cand\\u00e1s 365 Redes\"},\"image\":{\"@id\":\"https:\\\/\\\/candas365.es\\\/noticias\\\/europa-y-asia-ratifican-su-defensa-del-orden-mundial\\\/#organizationLogo\"},\"sameAs\":[\"https:\\\/\\\/www.facebook.com\\\/Nachofdezber\",\"https:\\\/\\\/x.com\\\/NabercoDigital\",\"https:\\\/\\\/www.instagram.com\\\/nachofdezber\\\/\",\"https:\\\/\\\/www.youtube.com\\\/channel\\\/UCZP-2wLEB9Rv6erhFmqVnvg\"],\"address\":{\"@id\":\"https:\\\/\\\/candas365.es\\\/noticias\\\/#postaladdress\",\"@type\":\"PostalAddress\",\"streetAddress\":\"san antonio 4, san antonio 4\",\"postalCode\":\"33430\",\"addressLocality\":\"Cand\\u00e1s\",\"addressRegion\":\"Asturias\",\"addressCountry\":\"ES\"}},{\"@type\":\"Person\",\"@id\":\"https:\\\/\\\/candas365.es\\\/noticias\\\/author\\\/admin\\\/#author\",\"url\":\"https:\\\/\\\/candas365.es\\\/noticias\\\/author\\\/admin\\\/\",\"name\":\"Cand\\u00e1s 365\",\"image\":{\"@type\":\"ImageObject\",\"@id\":\"https:\\\/\\\/candas365.es\\\/noticias\\\/europa-y-asia-ratifican-su-defensa-del-orden-mundial\\\/#authorImage\",\"url\":\"https:\\\/\\\/secure.gravatar.com\\\/avatar\\\/496a8e03d0c493ede1718b7934145dbdf8d89be1036b0eec9544e1094c9de390?s=96&d=mm&r=g\",\"width\":96,\"height\":96,\"caption\":\"Cand\\u00e1s 365\"},\"sameAs\":[\"https:\\\/\\\/www.facebook.com\\\/carrenoactualidad\",\"https:\\\/\\\/twitter.com\\\/nbasturias\",\"https:\\\/\\\/www.instagram.com\\\/nachofdezber\\\/\",\"https:\\\/\\\/www.youtube.com\\\/channel\\\/UCZP-2wLEB9Rv6erhFmqVnvg\"]},{\"@type\":\"WebPage\",\"@id\":\"https:\\\/\\\/candas365.es\\\/noticias\\\/europa-y-asia-ratifican-su-defensa-del-orden-mundial\\\/#webpage\",\"url\":\"https:\\\/\\\/candas365.es\\\/noticias\\\/europa-y-asia-ratifican-su-defensa-del-orden-mundial\\\/\",\"name\":\"Europa y Asia ratifican su defensa del orden mundial | Cand\\u00e1s 365\",\"description\":\"Bruselas, 19 oct (dpa) - La Uni\\u00f3n Europea (UE) y Asia acordaron en una cumbre en Bruselas, que concluye hoy, defender conjuntamente el libre comercio mundial, las normas internacionales y la lucha contra el cambio clim\\u00e1tico, asuntos todos que cuestiona fuertemente el presidente de Estados Unidos, Donald Trump. \\\"La cumbre demuestra que aqu\\u00ed se re\\u00fanen\",\"inLanguage\":\"es-ES\",\"isPartOf\":{\"@id\":\"https:\\\/\\\/candas365.es\\\/noticias\\\/#website\"},\"breadcrumb\":{\"@id\":\"https:\\\/\\\/candas365.es\\\/noticias\\\/europa-y-asia-ratifican-su-defensa-del-orden-mundial\\\/#breadcrumblist\"},\"author\":{\"@id\":\"https:\\\/\\\/candas365.es\\\/noticias\\\/author\\\/admin\\\/#author\"},\"creator\":{\"@id\":\"https:\\\/\\\/candas365.es\\\/noticias\\\/author\\\/admin\\\/#author\"},\"image\":{\"@type\":\"ImageObject\",\"url\":\"https:\\\/\\\/candas365.es\\\/noticias\\\/wp-content\\\/uploads\\\/2018\\\/06\\\/globalisation-3390877_960_720.jpg\",\"@id\":\"https:\\\/\\\/candas365.es\\\/noticias\\\/europa-y-asia-ratifican-su-defensa-del-orden-mundial\\\/#mainImage\",\"width\":960,\"height\":576},\"primaryImageOfPage\":{\"@id\":\"https:\\\/\\\/candas365.es\\\/noticias\\\/europa-y-asia-ratifican-su-defensa-del-orden-mundial\\\/#mainImage\"},\"datePublished\":\"2018-10-20T13:30:43+02:00\",\"dateModified\":\"2018-10-20T13:30:43+02:00\"},{\"@type\":\"WebSite\",\"@id\":\"https:\\\/\\\/candas365.es\\\/noticias\\\/#website\",\"url\":\"https:\\\/\\\/candas365.es\\\/noticias\\\/\",\"name\":\"Cand\\u00e1s 365\",\"alternateName\":\"Cand\\u00e1s 365 Noticias\",\"description\":\"Actualidad desde Carre\\u00f1o para el mundo\",\"inLanguage\":\"es-ES\",\"publisher\":{\"@id\":\"https:\\\/\\\/candas365.es\\\/noticias\\\/#organization\"}}]}\n\t\t<\/script>\n\t\t<!-- All in One SEO Pro -->\r\n\t\t<title>Europa y Asia ratifican su defensa del orden mundial | Cand\u00e1s 365<\/title>\n\n","aioseo_head_json":{"title":"Europa y Asia ratifican su defensa del orden mundial | Cand\u00e1s 365","description":"Bruselas, 19 oct (dpa) - La Uni\u00f3n Europea (UE) y Asia acordaron en una cumbre en Bruselas, que concluye hoy, defender conjuntamente el libre comercio mundial, las normas internacionales y la lucha contra el cambio clim\u00e1tico, asuntos todos que cuestiona fuertemente el presidente de Estados Unidos, Donald Trump. \"La cumbre demuestra que aqu\u00ed se re\u00fanen","canonical_url":"https:\/\/candas365.es\/noticias\/europa-y-asia-ratifican-su-defensa-del-orden-mundial\/","robots":"max-image-preview:large","keywords":"actualidad","webmasterTools":{"google-site-verification":"UA-32230408-1","msvalidate.01":"354F3CDFB2DA171B47FBE9ABF1F88D5","miscellaneous":""},"schema":{"@context":"https:\/\/schema.org","@graph":[{"@type":"BreadcrumbList","@id":"https:\/\/candas365.es\/noticias\/europa-y-asia-ratifican-su-defensa-del-orden-mundial\/#breadcrumblist","itemListElement":[{"@type":"ListItem","@id":"https:\/\/candas365.es\/noticias#listItem","position":1,"name":"Home","item":"https:\/\/candas365.es\/noticias","nextItem":{"@type":"ListItem","@id":"https:\/\/candas365.es\/noticias\/category\/actualidad\/#listItem","name":"Actualidad"}},{"@type":"ListItem","@id":"https:\/\/candas365.es\/noticias\/category\/actualidad\/#listItem","position":2,"name":"Actualidad","item":"https:\/\/candas365.es\/noticias\/category\/actualidad\/","nextItem":{"@type":"ListItem","@id":"https:\/\/candas365.es\/noticias\/europa-y-asia-ratifican-su-defensa-del-orden-mundial\/#listItem","name":"Europa y Asia ratifican su defensa del orden mundial"},"previousItem":{"@type":"ListItem","@id":"https:\/\/candas365.es\/noticias#listItem","name":"Home"}},{"@type":"ListItem","@id":"https:\/\/candas365.es\/noticias\/europa-y-asia-ratifican-su-defensa-del-orden-mundial\/#listItem","position":3,"name":"Europa y Asia ratifican su defensa del orden mundial","previousItem":{"@type":"ListItem","@id":"https:\/\/candas365.es\/noticias\/category\/actualidad\/#listItem","name":"Actualidad"}}]},{"@type":"NewsArticle","@id":"https:\/\/candas365.es\/noticias\/europa-y-asia-ratifican-su-defensa-del-orden-mundial\/#newsarticle","name":"Europa y Asia ratifican su defensa del orden mundial | Cand\u00e1s 365","headline":"Europa y Asia ratifican su defensa del orden mundial","author":{"@id":"https:\/\/candas365.es\/noticias\/author\/admin\/#author"},"publisher":{"@id":"https:\/\/candas365.es\/noticias\/#organization"},"image":{"@type":"ImageObject","url":"https:\/\/candas365.es\/noticias\/wp-content\/uploads\/2018\/06\/globalisation-3390877_960_720.jpg","width":960,"height":576},"datePublished":"2018-10-20T13:30:43+02:00","dateModified":"2018-10-20T13:30:43+02:00","inLanguage":"es-ES","mainEntityOfPage":{"@id":"https:\/\/candas365.es\/noticias\/europa-y-asia-ratifican-su-defensa-del-orden-mundial\/#webpage"},"isPartOf":{"@id":"https:\/\/candas365.es\/noticias\/europa-y-asia-ratifican-su-defensa-del-orden-mundial\/#webpage"},"articleSection":"Actualidad","dateline":"Publicado el octubre 20, 2018."},{"@type":"Organization","@id":"https:\/\/candas365.es\/noticias\/#organization","name":"Cand\u00e1s 365","description":"Cand\u00e1s 365 es un diario digital independiente, fundado en 2012, con base en Asturias. Informamos con rigor sobre actualidad, sociedad, cultura y ocio, con una mirada local y global.","url":"https:\/\/candas365.es\/noticias\/","email":"info@candas365.es","telephone":"+34652131393","foundingDate":"2012-06-10","logo":{"@type":"ImageObject","url":"https:\/\/candas365.es\/noticias\/wp-content\/uploads\/2024\/09\/Candas-365-Redes.jpg","@id":"https:\/\/candas365.es\/noticias\/europa-y-asia-ratifican-su-defensa-del-orden-mundial\/#organizationLogo","width":1152,"height":864,"caption":"Cand\u00e1s 365 Redes"},"image":{"@id":"https:\/\/candas365.es\/noticias\/europa-y-asia-ratifican-su-defensa-del-orden-mundial\/#organizationLogo"},"sameAs":["https:\/\/www.facebook.com\/Nachofdezber","https:\/\/x.com\/NabercoDigital","https:\/\/www.instagram.com\/nachofdezber\/","https:\/\/www.youtube.com\/channel\/UCZP-2wLEB9Rv6erhFmqVnvg"],"address":{"@id":"https:\/\/candas365.es\/noticias\/#postaladdress","@type":"PostalAddress","streetAddress":"san antonio 4, san antonio 4","postalCode":"33430","addressLocality":"Cand\u00e1s","addressRegion":"Asturias","addressCountry":"ES"}},{"@type":"Person","@id":"https:\/\/candas365.es\/noticias\/author\/admin\/#author","url":"https:\/\/candas365.es\/noticias\/author\/admin\/","name":"Cand\u00e1s 365","image":{"@type":"ImageObject","@id":"https:\/\/candas365.es\/noticias\/europa-y-asia-ratifican-su-defensa-del-orden-mundial\/#authorImage","url":"https:\/\/secure.gravatar.com\/avatar\/496a8e03d0c493ede1718b7934145dbdf8d89be1036b0eec9544e1094c9de390?s=96&d=mm&r=g","width":96,"height":96,"caption":"Cand\u00e1s 365"},"sameAs":["https:\/\/www.facebook.com\/carrenoactualidad","https:\/\/twitter.com\/nbasturias","https:\/\/www.instagram.com\/nachofdezber\/","https:\/\/www.youtube.com\/channel\/UCZP-2wLEB9Rv6erhFmqVnvg"]},{"@type":"WebPage","@id":"https:\/\/candas365.es\/noticias\/europa-y-asia-ratifican-su-defensa-del-orden-mundial\/#webpage","url":"https:\/\/candas365.es\/noticias\/europa-y-asia-ratifican-su-defensa-del-orden-mundial\/","name":"Europa y Asia ratifican su defensa del orden mundial | Cand\u00e1s 365","description":"Bruselas, 19 oct (dpa) - La Uni\u00f3n Europea (UE) y Asia acordaron en una cumbre en Bruselas, que concluye hoy, defender conjuntamente el libre comercio mundial, las normas internacionales y la lucha contra el cambio clim\u00e1tico, asuntos todos que cuestiona fuertemente el presidente de Estados Unidos, Donald Trump. \"La cumbre demuestra que aqu\u00ed se re\u00fanen","inLanguage":"es-ES","isPartOf":{"@id":"https:\/\/candas365.es\/noticias\/#website"},"breadcrumb":{"@id":"https:\/\/candas365.es\/noticias\/europa-y-asia-ratifican-su-defensa-del-orden-mundial\/#breadcrumblist"},"author":{"@id":"https:\/\/candas365.es\/noticias\/author\/admin\/#author"},"creator":{"@id":"https:\/\/candas365.es\/noticias\/author\/admin\/#author"},"image":{"@type":"ImageObject","url":"https:\/\/candas365.es\/noticias\/wp-content\/uploads\/2018\/06\/globalisation-3390877_960_720.jpg","@id":"https:\/\/candas365.es\/noticias\/europa-y-asia-ratifican-su-defensa-del-orden-mundial\/#mainImage","width":960,"height":576},"primaryImageOfPage":{"@id":"https:\/\/candas365.es\/noticias\/europa-y-asia-ratifican-su-defensa-del-orden-mundial\/#mainImage"},"datePublished":"2018-10-20T13:30:43+02:00","dateModified":"2018-10-20T13:30:43+02:00"},{"@type":"WebSite","@id":"https:\/\/candas365.es\/noticias\/#website","url":"https:\/\/candas365.es\/noticias\/","name":"Cand\u00e1s 365","alternateName":"Cand\u00e1s 365 Noticias","description":"Actualidad desde Carre\u00f1o para el mundo","inLanguage":"es-ES","publisher":{"@id":"https:\/\/candas365.es\/noticias\/#organization"}}]},"og:locale":"es_ES","og:site_name":"Cand\u00e1s 365","og:type":"article","og:title":"Europa y Asia ratifican su defensa del orden mundial | Cand\u00e1s 365","og:description":"Bruselas, 19 oct (dpa) - La Uni\u00f3n Europea (UE) y Asia acordaron en una cumbre en Bruselas, que concluye hoy, defender conjuntamente el libre comercio mundial, las normas internacionales y la lucha contra el cambio clim\u00e1tico, asuntos todos que cuestiona fuertemente el presidente de Estados Unidos, Donald Trump. &quot;La cumbre demuestra que aqu\u00ed se re\u00fanen","og:url":"https:\/\/candas365.es\/noticias\/europa-y-asia-ratifican-su-defensa-del-orden-mundial\/","og:image":"https:\/\/candas365.es\/noticias\/wp-content\/uploads\/2018\/06\/globalisation-3390877_960_720.jpg","og:image:secure_url":"https:\/\/candas365.es\/noticias\/wp-content\/uploads\/2018\/06\/globalisation-3390877_960_720.jpg","og:image:width":960,"og:image:height":576,"article:published_time":"2018-10-20T13:30:43+00:00","article:modified_time":"2018-10-20T13:30:43+00:00","article:publisher":"https:\/\/www.facebook.com\/Nachofdezber","article:author":"https:\/\/www.facebook.com\/carrenoactualidad","twitter:card":"summary_large_image","twitter:site":"@NabercoDigital","twitter:title":"Europa y Asia ratifican su defensa del orden mundial | Cand\u00e1s 365","twitter:description":"Bruselas, 19 oct (dpa) - La Uni\u00f3n Europea (UE) y Asia acordaron en una cumbre en Bruselas, que concluye hoy, defender conjuntamente el libre comercio mundial, las normas internacionales y la lucha contra el cambio clim\u00e1tico, asuntos todos que cuestiona fuertemente el presidente de Estados Unidos, Donald Trump. &quot;La cumbre demuestra que aqu\u00ed se re\u00fanen","twitter:creator":"@nbasturias","twitter:image":"https:\/\/candas365.es\/noticias\/wp-content\/uploads\/2018\/06\/globalisation-3390877_960_720.jpg","twitter:label1":"Escrito por","twitter:data1":"Cand\u00e1s 365","twitter:label2":"Tiempo de lectura estimado","twitter:data2":"3 minutos"},"aioseo_meta_data":{"post_id":"108137","title":null,"description":null,"keywords":null,"keyphrases":null,"primary_term":null,"canonical_url":null,"og_title":null,"og_description":null,"og_object_type":"default","og_image_type":"default","og_image_url":null,"og_image_width":null,"og_image_height":null,"og_image_custom_url":null,"og_image_custom_fields":null,"og_video":null,"og_custom_url":null,"og_article_section":null,"og_article_tags":null,"twitter_use_og":false,"twitter_card":"default","twitter_image_type":"default","twitter_image_url":null,"twitter_image_custom_url":null,"twitter_image_custom_fields":null,"twitter_title":null,"twitter_description":null,"schema":{"blockGraphs":[],"customGraphs":[],"default":{"data":{"Article":[],"Course":[],"Dataset":[],"FAQPage":[],"Movie":[],"Person":[],"Product":[],"ProductReview":[],"Car":[],"Recipe":[],"Service":[],"SoftwareApplication":[],"WebPage":[]},"graphName":"","isEnabled":true},"graphs":[],"defaultGraph":"","defaultPostTypeGraph":""},"schema_type":null,"schema_type_options":null,"pillar_content":false,"robots_default":true,"robots_noindex":false,"robots_noarchive":false,"robots_nosnippet":false,"robots_nofollow":false,"robots_noimageindex":false,"robots_noodp":false,"robots_notranslate":false,"robots_max_snippet":null,"robots_max_videopreview":null,"robots_max_imagepreview":"large","priority":null,"frequency":null,"location":null,"local_seo":null,"seo_analyzer_scan_date":"2025-08-28 05:56:06","breadcrumb_settings":null,"limit_modified_date":false,"reviewed_by":null,"open_ai":null,"ai":null,"created":"2020-12-21 11:41:41","updated":"2025-08-28 05:56:06"},"aioseo_breadcrumb":"<div class=\"aioseo-breadcrumbs\"><span class=\"aioseo-breadcrumb\">\n\t<a href=\"https:\/\/candas365.es\/noticias\" title=\"Home\">Home<\/a>\n<\/span><span class=\"aioseo-breadcrumb-separator\">&ndash;<\/span><span class=\"aioseo-breadcrumb\">\n\t<a href=\"https:\/\/candas365.es\/noticias\/category\/actualidad\/\" title=\"Actualidad\">Actualidad<\/a>\n<\/span><span class=\"aioseo-breadcrumb-separator\">&ndash;<\/span><span class=\"aioseo-breadcrumb\">\n\tEuropa y Asia ratifican su defensa del orden mundial\n<\/span><\/div>","aioseo_breadcrumb_json":[{"label":"Home","link":"https:\/\/candas365.es\/noticias"},{"label":"Actualidad","link":"https:\/\/candas365.es\/noticias\/category\/actualidad\/"},{"label":"Europa y Asia ratifican su defensa del orden mundial","link":"https:\/\/candas365.es\/noticias\/europa-y-asia-ratifican-su-defensa-del-orden-mundial\/"}],"_links":{"self":[{"href":"https:\/\/candas365.es\/noticias\/wp-json\/wp\/v2\/posts\/108137","targetHints":{"allow":["GET"]}}],"collection":[{"href":"https:\/\/candas365.es\/noticias\/wp-json\/wp\/v2\/posts"}],"about":[{"href":"https:\/\/candas365.es\/noticias\/wp-json\/wp\/v2\/types\/post"}],"author":[{"embeddable":true,"href":"https:\/\/candas365.es\/noticias\/wp-json\/wp\/v2\/users\/1"}],"replies":[{"embeddable":true,"href":"https:\/\/candas365.es\/noticias\/wp-json\/wp\/v2\/comments?post=108137"}],"version-history":[{"count":0,"href":"https:\/\/candas365.es\/noticias\/wp-json\/wp\/v2\/posts\/108137\/revisions"}],"wp:featuredmedia":[{"embeddable":true,"href":"https:\/\/candas365.es\/noticias\/wp-json\/wp\/v2\/media\/97538"}],"wp:attachment":[{"href":"https:\/\/candas365.es\/noticias\/wp-json\/wp\/v2\/media?parent=108137"}],"wp:term":[{"taxonomy":"category","embeddable":true,"href":"https:\/\/candas365.es\/noticias\/wp-json\/wp\/v2\/categories?post=108137"},{"taxonomy":"post_tag","embeddable":true,"href":"https:\/\/candas365.es\/noticias\/wp-json\/wp\/v2\/tags?post=108137"}],"curies":[{"name":"wp","href":"https:\/\/api.w.org\/{rel}","templated":true}]}}