{"id":108036,"date":"2018-10-18T22:43:03","date_gmt":"2018-10-18T22:43:03","guid":{"rendered":"http:\/\/candas365.es\/noticias\/?p=108036"},"modified":"2018-10-18T22:43:03","modified_gmt":"2018-10-18T22:43:03","slug":"optimismo-en-la-ue-por-un-futuro-acuerdo-para-brexit","status":"publish","type":"post","link":"https:\/\/candas365.es\/noticias\/optimismo-en-la-ue-por-un-futuro-acuerdo-para-brexit\/","title":{"rendered":"Optimismo en la UE por un futuro acuerdo para \u00abBrexit\u00bb"},"content":{"rendered":"<p><img fetchpriority=\"high\" decoding=\"async\" class=\"alignleft size-medium wp-image-106046\" src=\"https:\/\/candas365.es\/noticias\/wp-content\/uploads\/2018\/09\/brexit-1491370_960_720-360x270.jpg\" alt=\"\" width=\"360\" height=\"270\" srcset=\"https:\/\/candas365.es\/noticias\/wp-content\/uploads\/2018\/09\/brexit-1491370_960_720-360x270.jpg 360w, https:\/\/candas365.es\/noticias\/wp-content\/uploads\/2018\/09\/brexit-1491370_960_720-768x576.jpg 768w, https:\/\/candas365.es\/noticias\/wp-content\/uploads\/2018\/09\/brexit-1491370_960_720-640x480.jpg 640w, https:\/\/candas365.es\/noticias\/wp-content\/uploads\/2018\/09\/brexit-1491370_960_720-80x60.jpg 80w, https:\/\/candas365.es\/noticias\/wp-content\/uploads\/2018\/09\/brexit-1491370_960_720-265x198.jpg 265w, https:\/\/candas365.es\/noticias\/wp-content\/uploads\/2018\/09\/brexit-1491370_960_720-696x522.jpg 696w, https:\/\/candas365.es\/noticias\/wp-content\/uploads\/2018\/09\/brexit-1491370_960_720-560x420.jpg 560w, https:\/\/candas365.es\/noticias\/wp-content\/uploads\/2018\/09\/brexit-1491370_960_720.jpg 960w\" sizes=\"(max-width: 360px) 100vw, 360px\" \/>Bruselas, 18 oct (dpa) &#8211; La Uni\u00f3n Europea (UE) y Reino Unido expresaron ayer optimismo sobre un futuro acuerdo para el \u00abBrexit\u00bb, pese a que la cumbre que mantuvo el bloque en Bruselas cerr\u00f3 sin grandes avances.<\/p>\n<p>En la capital belga, la primera ministra brit\u00e1nica, Theresa May, dedic\u00f3 15 minutos a subrayar su visi\u00f3n sobre la situaci\u00f3n actual a los 27 l\u00edderes de la UE, antes de que se retiraran a evaluar los pr\u00f3ximos pasos y debatir los preparativos para un escenario sin acuerdos.<\/p>\n<p>\u00abUn acuerdo es factible y es el momento de terminarlo\u00bb, dijo ayer temprano, aunque sin pronunciarse sobre la exigencia de Bruselas de que presente nuevas propuestas constructivas.<\/p>\n<p>La primera ministra dijo que estaba \u00ablista para considerar\u00bb una extensi\u00f3n del per\u00edodo de transici\u00f3n de 21 meses tras la salida del Reino Unido de la UE, el \u00abBrexit\u00bb, seg\u00fan una autoridad del bloque que habl\u00f3 en condici\u00f3n de anonimato.<\/p>\n<p>Se prev\u00e9 que Reino Unido abandone la UE el 29 de marzo de 2019, pero las negociaciones para regular el \u00abBrexit\u00bb se estancaron el pasado fin de semana, sobre todo debido a los desacuerdos en torno a los controles en la futura frontera entre la Rep\u00fablica de Irlanda e Irlanda del Norte, que se convertir\u00e1 en frontera exterior de la UE.<\/p>\n<p>May reconoci\u00f3 que sigue habiendo cuestiones abiertas debido a la exigencia de la UE de un plan de contingencia para evitar una \u00abfrontera dura\u00bb, conocido como \u00abbackstop, como la que exist\u00eda hace 20 a\u00f1os en la isla de Irlanda para separar una rep\u00fablica que seguir\u00e1 formando parte de la UE y un territorio que quedar\u00e1 fuera.<\/p>\n<p>Si se trabaja de forma intensa \u00aben los pr\u00f3ximos d\u00edas y semanas\u00bb, un acuerdo es posible, asegur\u00f3. Algo que beneficiar\u00eda tanto a Reino Unido como a la UE.<\/p>\n<p>El riesgo, si llega la fecha y no hay acuerdo que regule el \u00abBrexit\u00bb, es un escenario de caos en la econom\u00eda y otros sectores que perjudique a las dos partes.<\/p>\n<p>El presidente del Parlamento Europeo, Antonio Tajani, afirm\u00f3 tras la exposici\u00f3n de May que la primera ministra no ha ofrecido nada \u00absustancialmente nuevo\u00bb a los l\u00edderes de la UE, aunque destac\u00f3 que son\u00f3 \u00abm\u00e1s relajada\u00bb que cuando se encontr\u00f3 por \u00faltima vez con los 27 jefes de Estado del bloque en la ciudad austr\u00edaca de Salzburgo el mes pasado. Asimismo, dijo percibir \u00abvoluntad pol\u00edtica para avanzar\u00bb.<\/p>\n<p>\u00abNo percib\u00ed nada sustancialmente nuevo en t\u00e9rminos de contenido en lo que escuch\u00e9 de la se\u00f1ora May\u00bb, dijo Tajani a periodistas. Sin embargo, subray\u00f3 que percibi\u00f3 que la primera ministra brit\u00e1nica habl\u00f3 con \u00abel tono de alguien que quiere alcanzar un acuerdo\u00bb.<\/p>\n<p>\u00abQuiero ser optimista porque el mensaje pol\u00edtico de la se\u00f1ora May es un mensaje pol\u00edtico positivo: queremos alcanzar un acuerdo. En el contenido, nada nuevo, pero el lenguaje corporal fue m\u00e1s positivo que en el pasado\u00bb, expres\u00f3.<\/p>\n<p>La canciller alemana, Angela Merkel, tambi\u00e9n consider\u00f3 que hay una oportunidad para que se llegue a un acuerdo. \u00abMi intenci\u00f3n es hacer siempre todo lo posible para llegar a un acuerdo\u00bb, se\u00f1al\u00f3. \u00abSer\u00eda lo mejor para todas las partes\u00bb. De todas maneras, advirti\u00f3: \u00abQueda a\u00fan trabajo por delante\u00bb.<\/p>\n<p>Previamente, Merkel hab\u00eda declarado ante el Parlamento alem\u00e1n que si bien a\u00fan es posible alcanzar un acuerdo con Reino Unido, su Gobierno ya se est\u00e1 preparando para la posibilidad de que no sea as\u00ed.<\/p>\n<p>\u00abDeseo que Reino Unido despu\u00e9s de que salga de Europa siga siendo tambi\u00e9n un socio estrecho y de confianza de Europa\u00bb, afirm\u00f3 en su declaraci\u00f3n de Gobierno en el Bundestag. Sin embargo, \u00abdebemos estar preparados para todos los escenarios, incluido la posibilidad de que Reino Unido salga de la UE sin un acuerdo. Ya hemos comenzado a ello en el Gobierno\u00bb, indic\u00f3.<\/p>\n<p>\u00abLa salida de Reino Unido tendr\u00e1 lugar en menos de seis meses\u00bb, record\u00f3. \u00abPor desgracia no hemos conseguido avanzar en una cuesti\u00f3n central como es la futura frontera entre Irlanda e Irlanda del Norte\u00bb, se\u00f1al\u00f3 sobre uno de los principales puntos de fricci\u00f3n.<\/p>\n<p>Para Merkel, \u00abno se trata s\u00f3lo de la integridad del mercado interior de la UE, sino tambi\u00e9n del Acuerdo de Viernes Santo (1998) que puso fin a la violencia que hubo durante a\u00f1os (en Irlanda del Norte)\u00bb.<\/p>\n<p>Irlanda, que pertenece a la UE, no quiere bajo ning\u00fan concepto volver a levantar una frontera que se desmantel\u00f3 hace 20 a\u00f1os en esa zona por temor a nuevos episodios de violencia en una regi\u00f3n que en el pasado vivi\u00f3 un sangriento conflicto.<\/p>\n<p>En la cumbre de ayer estaba previsto que se debatiera la convocatoria a una reuni\u00f3n extraordinaria en noviembre, pero por el momento no hubo una decisi\u00f3n al respecto. Seg\u00fan indicaron los jefes de Estado y de Gobierno ayer en Bruselas, se convocar\u00e1 al encuentro cuando el jefe negociador de la UE, Michel Barnier, diga que hubo \u00abavances decisivos\u00bb.<\/p>\n<p>Reino Unido quiere abandonar el bloque el 29 de marzo de 2019, despu\u00e9s de que la poblaci\u00f3n votara a favor de la salida en un refer\u00e9ndum organizado en 2016.<\/p>\n","protected":false},"excerpt":{"rendered":"<p>Bruselas, 18 oct (dpa) &#8211; La Uni\u00f3n Europea (UE) y Reino Unido expresaron ayer optimismo sobre un futuro acuerdo para el \u00abBrexit\u00bb, pese a que la cumbre que mantuvo el bloque en Bruselas cerr\u00f3 sin grandes avances. En la capital belga, la primera ministra brit\u00e1nica, Theresa May, dedic\u00f3 15 minutos a subrayar su visi\u00f3n sobre<\/p>\n","protected":false},"author":1,"featured_media":106046,"comment_status":"closed","ping_status":"closed","sticky":false,"template":"","format":"standard","meta":{"footnotes":""},"categories":[343],"tags":[],"class_list":{"0":"post-108036","1":"post","2":"type-post","3":"status-publish","4":"format-standard","5":"has-post-thumbnail","7":"category-actualidad"},"aioseo_notices":[],"aioseo_head":"\n\t\t<!-- All in One SEO Pro 4.9.6.2 - aioseo.com -->\n\t<meta name=\"description\" content=\"Bruselas, 18 oct (dpa) - La Uni\u00f3n Europea (UE) y Reino Unido expresaron ayer optimismo sobre un futuro acuerdo para el &quot;Brexit&quot;, pese a que la cumbre que mantuvo el bloque en Bruselas cerr\u00f3 sin grandes avances. En la capital belga, la primera ministra brit\u00e1nica, Theresa May, dedic\u00f3 15 minutos a subrayar su visi\u00f3n sobre\" \/>\n\t<meta name=\"robots\" content=\"max-image-preview:large\" \/>\n\t<meta name=\"author\" content=\"Cand\u00e1s 365\"\/>\n\t<meta name=\"google-site-verification\" content=\"UA-32230408-1\" \/>\n\t<meta name=\"msvalidate.01\" content=\"354F3CDFB2DA171B47FBE9ABF1F88D5\" \/>\n\t<meta name=\"keywords\" content=\"actualidad\" \/>\n\t<link rel=\"canonical\" href=\"https:\/\/candas365.es\/noticias\/optimismo-en-la-ue-por-un-futuro-acuerdo-para-brexit\/\" \/>\n\t<meta name=\"generator\" content=\"All in One SEO Pro (AIOSEO) 4.9.6.2\" \/>\n\t\t<meta property=\"og:locale\" content=\"es_ES\" \/>\n\t\t<meta property=\"og:site_name\" content=\"Cand\u00e1s 365\" \/>\n\t\t<meta property=\"og:type\" content=\"article\" \/>\n\t\t<meta property=\"og:title\" content=\"Optimismo en la UE por un futuro acuerdo para \u00abBrexit\u00bb | Cand\u00e1s 365\" \/>\n\t\t<meta property=\"og:description\" content=\"Bruselas, 18 oct (dpa) - La Uni\u00f3n Europea (UE) y Reino Unido expresaron ayer optimismo sobre un futuro acuerdo para el &quot;Brexit&quot;, pese a que la cumbre que mantuvo el bloque en Bruselas cerr\u00f3 sin grandes avances. En la capital belga, la primera ministra brit\u00e1nica, Theresa May, dedic\u00f3 15 minutos a subrayar su visi\u00f3n sobre\" \/>\n\t\t<meta property=\"og:url\" content=\"https:\/\/candas365.es\/noticias\/optimismo-en-la-ue-por-un-futuro-acuerdo-para-brexit\/\" \/>\n\t\t<meta property=\"og:image\" content=\"https:\/\/candas365.es\/noticias\/wp-content\/uploads\/2018\/09\/brexit-1491370_960_720.jpg\" \/>\n\t\t<meta property=\"og:image:secure_url\" content=\"https:\/\/candas365.es\/noticias\/wp-content\/uploads\/2018\/09\/brexit-1491370_960_720.jpg\" \/>\n\t\t<meta property=\"og:image:width\" content=\"960\" \/>\n\t\t<meta property=\"og:image:height\" content=\"720\" \/>\n\t\t<meta property=\"article:published_time\" content=\"2018-10-18T22:43:03+00:00\" \/>\n\t\t<meta property=\"article:modified_time\" content=\"2018-10-18T22:43:03+00:00\" \/>\n\t\t<meta property=\"article:publisher\" content=\"https:\/\/www.facebook.com\/Nachofdezber\" \/>\n\t\t<meta property=\"article:author\" content=\"https:\/\/www.facebook.com\/carrenoactualidad\" \/>\n\t\t<meta name=\"twitter:card\" content=\"summary_large_image\" \/>\n\t\t<meta name=\"twitter:site\" content=\"@NabercoDigital\" \/>\n\t\t<meta name=\"twitter:title\" content=\"Optimismo en la UE por un futuro acuerdo para \u00abBrexit\u00bb | Cand\u00e1s 365\" \/>\n\t\t<meta name=\"twitter:description\" content=\"Bruselas, 18 oct (dpa) - La Uni\u00f3n Europea (UE) y Reino Unido expresaron ayer optimismo sobre un futuro acuerdo para el &quot;Brexit&quot;, pese a que la cumbre que mantuvo el bloque en Bruselas cerr\u00f3 sin grandes avances. En la capital belga, la primera ministra brit\u00e1nica, Theresa May, dedic\u00f3 15 minutos a subrayar su visi\u00f3n sobre\" \/>\n\t\t<meta name=\"twitter:creator\" content=\"@nbasturias\" \/>\n\t\t<meta name=\"twitter:image\" content=\"https:\/\/candas365.es\/noticias\/wp-content\/uploads\/2018\/09\/brexit-1491370_960_720.jpg\" \/>\n\t\t<meta name=\"twitter:label1\" content=\"Escrito por\" \/>\n\t\t<meta name=\"twitter:data1\" content=\"Cand\u00e1s 365\" \/>\n\t\t<meta name=\"twitter:label2\" content=\"Tiempo de lectura estimado\" \/>\n\t\t<meta name=\"twitter:data2\" content=\"4 minutos\" \/>\n\t\t<script type=\"application\/ld+json\" class=\"aioseo-schema\">\n\t\t\t{\"@context\":\"https:\\\/\\\/schema.org\",\"@graph\":[{\"@type\":\"BreadcrumbList\",\"@id\":\"https:\\\/\\\/candas365.es\\\/noticias\\\/optimismo-en-la-ue-por-un-futuro-acuerdo-para-brexit\\\/#breadcrumblist\",\"itemListElement\":[{\"@type\":\"ListItem\",\"@id\":\"https:\\\/\\\/candas365.es\\\/noticias#listItem\",\"position\":1,\"name\":\"Home\",\"item\":\"https:\\\/\\\/candas365.es\\\/noticias\",\"nextItem\":{\"@type\":\"ListItem\",\"@id\":\"https:\\\/\\\/candas365.es\\\/noticias\\\/category\\\/actualidad\\\/#listItem\",\"name\":\"Actualidad\"}},{\"@type\":\"ListItem\",\"@id\":\"https:\\\/\\\/candas365.es\\\/noticias\\\/category\\\/actualidad\\\/#listItem\",\"position\":2,\"name\":\"Actualidad\",\"item\":\"https:\\\/\\\/candas365.es\\\/noticias\\\/category\\\/actualidad\\\/\",\"nextItem\":{\"@type\":\"ListItem\",\"@id\":\"https:\\\/\\\/candas365.es\\\/noticias\\\/optimismo-en-la-ue-por-un-futuro-acuerdo-para-brexit\\\/#listItem\",\"name\":\"Optimismo en la UE por un futuro acuerdo para \\u00abBrexit\\u00bb\"},\"previousItem\":{\"@type\":\"ListItem\",\"@id\":\"https:\\\/\\\/candas365.es\\\/noticias#listItem\",\"name\":\"Home\"}},{\"@type\":\"ListItem\",\"@id\":\"https:\\\/\\\/candas365.es\\\/noticias\\\/optimismo-en-la-ue-por-un-futuro-acuerdo-para-brexit\\\/#listItem\",\"position\":3,\"name\":\"Optimismo en la UE por un futuro acuerdo para \\u00abBrexit\\u00bb\",\"previousItem\":{\"@type\":\"ListItem\",\"@id\":\"https:\\\/\\\/candas365.es\\\/noticias\\\/category\\\/actualidad\\\/#listItem\",\"name\":\"Actualidad\"}}]},{\"@type\":\"NewsArticle\",\"@id\":\"https:\\\/\\\/candas365.es\\\/noticias\\\/optimismo-en-la-ue-por-un-futuro-acuerdo-para-brexit\\\/#newsarticle\",\"name\":\"Optimismo en la UE por un futuro acuerdo para \\u00abBrexit\\u00bb | Cand\\u00e1s 365\",\"headline\":\"Optimismo en la UE por un futuro acuerdo para \\u00abBrexit\\u00bb\",\"author\":{\"@id\":\"https:\\\/\\\/candas365.es\\\/noticias\\\/author\\\/admin\\\/#author\"},\"publisher\":{\"@id\":\"https:\\\/\\\/candas365.es\\\/noticias\\\/#organization\"},\"image\":{\"@type\":\"ImageObject\",\"url\":\"https:\\\/\\\/candas365.es\\\/noticias\\\/wp-content\\\/uploads\\\/2018\\\/09\\\/brexit-1491370_960_720.jpg\",\"width\":960,\"height\":720},\"datePublished\":\"2018-10-18T22:43:03+02:00\",\"dateModified\":\"2018-10-18T22:43:03+02:00\",\"inLanguage\":\"es-ES\",\"mainEntityOfPage\":{\"@id\":\"https:\\\/\\\/candas365.es\\\/noticias\\\/optimismo-en-la-ue-por-un-futuro-acuerdo-para-brexit\\\/#webpage\"},\"isPartOf\":{\"@id\":\"https:\\\/\\\/candas365.es\\\/noticias\\\/optimismo-en-la-ue-por-un-futuro-acuerdo-para-brexit\\\/#webpage\"},\"articleSection\":\"Actualidad\",\"dateline\":\"Publicado el octubre 18, 2018.\"},{\"@type\":\"Organization\",\"@id\":\"https:\\\/\\\/candas365.es\\\/noticias\\\/#organization\",\"name\":\"Cand\\u00e1s 365\",\"description\":\"Cand\\u00e1s 365 es un diario digital independiente, fundado en 2012, con base en Asturias. Informamos con rigor sobre actualidad, sociedad, cultura y ocio, con una mirada local y global.\",\"url\":\"https:\\\/\\\/candas365.es\\\/noticias\\\/\",\"email\":\"info@candas365.es\",\"telephone\":\"+34652131393\",\"foundingDate\":\"2012-06-10\",\"logo\":{\"@type\":\"ImageObject\",\"url\":\"https:\\\/\\\/candas365.es\\\/noticias\\\/wp-content\\\/uploads\\\/2024\\\/09\\\/Candas-365-Redes.jpg\",\"@id\":\"https:\\\/\\\/candas365.es\\\/noticias\\\/optimismo-en-la-ue-por-un-futuro-acuerdo-para-brexit\\\/#organizationLogo\",\"width\":1152,\"height\":864,\"caption\":\"Cand\\u00e1s 365 Redes\"},\"image\":{\"@id\":\"https:\\\/\\\/candas365.es\\\/noticias\\\/optimismo-en-la-ue-por-un-futuro-acuerdo-para-brexit\\\/#organizationLogo\"},\"sameAs\":[\"https:\\\/\\\/www.facebook.com\\\/Nachofdezber\",\"https:\\\/\\\/x.com\\\/NabercoDigital\",\"https:\\\/\\\/www.instagram.com\\\/nachofdezber\\\/\",\"https:\\\/\\\/www.youtube.com\\\/channel\\\/UCZP-2wLEB9Rv6erhFmqVnvg\"],\"address\":{\"@id\":\"https:\\\/\\\/candas365.es\\\/noticias\\\/#postaladdress\",\"@type\":\"PostalAddress\",\"streetAddress\":\"san antonio 4, san antonio 4\",\"postalCode\":\"33430\",\"addressLocality\":\"Cand\\u00e1s\",\"addressRegion\":\"Asturias\",\"addressCountry\":\"ES\"}},{\"@type\":\"Person\",\"@id\":\"https:\\\/\\\/candas365.es\\\/noticias\\\/author\\\/admin\\\/#author\",\"url\":\"https:\\\/\\\/candas365.es\\\/noticias\\\/author\\\/admin\\\/\",\"name\":\"Cand\\u00e1s 365\",\"image\":{\"@type\":\"ImageObject\",\"@id\":\"https:\\\/\\\/candas365.es\\\/noticias\\\/optimismo-en-la-ue-por-un-futuro-acuerdo-para-brexit\\\/#authorImage\",\"url\":\"https:\\\/\\\/secure.gravatar.com\\\/avatar\\\/496a8e03d0c493ede1718b7934145dbdf8d89be1036b0eec9544e1094c9de390?s=96&d=mm&r=g\",\"width\":96,\"height\":96,\"caption\":\"Cand\\u00e1s 365\"},\"sameAs\":[\"https:\\\/\\\/www.facebook.com\\\/carrenoactualidad\",\"https:\\\/\\\/twitter.com\\\/nbasturias\",\"https:\\\/\\\/www.instagram.com\\\/nachofdezber\\\/\",\"https:\\\/\\\/www.youtube.com\\\/channel\\\/UCZP-2wLEB9Rv6erhFmqVnvg\"]},{\"@type\":\"WebPage\",\"@id\":\"https:\\\/\\\/candas365.es\\\/noticias\\\/optimismo-en-la-ue-por-un-futuro-acuerdo-para-brexit\\\/#webpage\",\"url\":\"https:\\\/\\\/candas365.es\\\/noticias\\\/optimismo-en-la-ue-por-un-futuro-acuerdo-para-brexit\\\/\",\"name\":\"Optimismo en la UE por un futuro acuerdo para \\u00abBrexit\\u00bb | Cand\\u00e1s 365\",\"description\":\"Bruselas, 18 oct (dpa) - La Uni\\u00f3n Europea (UE) y Reino Unido expresaron ayer optimismo sobre un futuro acuerdo para el \\\"Brexit\\\", pese a que la cumbre que mantuvo el bloque en Bruselas cerr\\u00f3 sin grandes avances. En la capital belga, la primera ministra brit\\u00e1nica, Theresa May, dedic\\u00f3 15 minutos a subrayar su visi\\u00f3n sobre\",\"inLanguage\":\"es-ES\",\"isPartOf\":{\"@id\":\"https:\\\/\\\/candas365.es\\\/noticias\\\/#website\"},\"breadcrumb\":{\"@id\":\"https:\\\/\\\/candas365.es\\\/noticias\\\/optimismo-en-la-ue-por-un-futuro-acuerdo-para-brexit\\\/#breadcrumblist\"},\"author\":{\"@id\":\"https:\\\/\\\/candas365.es\\\/noticias\\\/author\\\/admin\\\/#author\"},\"creator\":{\"@id\":\"https:\\\/\\\/candas365.es\\\/noticias\\\/author\\\/admin\\\/#author\"},\"image\":{\"@type\":\"ImageObject\",\"url\":\"https:\\\/\\\/candas365.es\\\/noticias\\\/wp-content\\\/uploads\\\/2018\\\/09\\\/brexit-1491370_960_720.jpg\",\"@id\":\"https:\\\/\\\/candas365.es\\\/noticias\\\/optimismo-en-la-ue-por-un-futuro-acuerdo-para-brexit\\\/#mainImage\",\"width\":960,\"height\":720},\"primaryImageOfPage\":{\"@id\":\"https:\\\/\\\/candas365.es\\\/noticias\\\/optimismo-en-la-ue-por-un-futuro-acuerdo-para-brexit\\\/#mainImage\"},\"datePublished\":\"2018-10-18T22:43:03+02:00\",\"dateModified\":\"2018-10-18T22:43:03+02:00\"},{\"@type\":\"WebSite\",\"@id\":\"https:\\\/\\\/candas365.es\\\/noticias\\\/#website\",\"url\":\"https:\\\/\\\/candas365.es\\\/noticias\\\/\",\"name\":\"Cand\\u00e1s 365\",\"alternateName\":\"Cand\\u00e1s 365 Noticias\",\"description\":\"Actualidad desde Carre\\u00f1o para el mundo\",\"inLanguage\":\"es-ES\",\"publisher\":{\"@id\":\"https:\\\/\\\/candas365.es\\\/noticias\\\/#organization\"}}]}\n\t\t<\/script>\n\t\t<!-- All in One SEO Pro -->\r\n\t\t<title>Optimismo en la UE por un futuro acuerdo para \u00abBrexit\u00bb | Cand\u00e1s 365<\/title>\n\n","aioseo_head_json":{"title":"Optimismo en la UE por un futuro acuerdo para \u00abBrexit\u00bb | Cand\u00e1s 365","description":"Bruselas, 18 oct (dpa) - La Uni\u00f3n Europea (UE) y Reino Unido expresaron ayer optimismo sobre un futuro acuerdo para el \"Brexit\", pese a que la cumbre que mantuvo el bloque en Bruselas cerr\u00f3 sin grandes avances. En la capital belga, la primera ministra brit\u00e1nica, Theresa May, dedic\u00f3 15 minutos a subrayar su visi\u00f3n sobre","canonical_url":"https:\/\/candas365.es\/noticias\/optimismo-en-la-ue-por-un-futuro-acuerdo-para-brexit\/","robots":"max-image-preview:large","keywords":"actualidad","webmasterTools":{"google-site-verification":"UA-32230408-1","msvalidate.01":"354F3CDFB2DA171B47FBE9ABF1F88D5","miscellaneous":""},"schema":{"@context":"https:\/\/schema.org","@graph":[{"@type":"BreadcrumbList","@id":"https:\/\/candas365.es\/noticias\/optimismo-en-la-ue-por-un-futuro-acuerdo-para-brexit\/#breadcrumblist","itemListElement":[{"@type":"ListItem","@id":"https:\/\/candas365.es\/noticias#listItem","position":1,"name":"Home","item":"https:\/\/candas365.es\/noticias","nextItem":{"@type":"ListItem","@id":"https:\/\/candas365.es\/noticias\/category\/actualidad\/#listItem","name":"Actualidad"}},{"@type":"ListItem","@id":"https:\/\/candas365.es\/noticias\/category\/actualidad\/#listItem","position":2,"name":"Actualidad","item":"https:\/\/candas365.es\/noticias\/category\/actualidad\/","nextItem":{"@type":"ListItem","@id":"https:\/\/candas365.es\/noticias\/optimismo-en-la-ue-por-un-futuro-acuerdo-para-brexit\/#listItem","name":"Optimismo en la UE por un futuro acuerdo para \u00abBrexit\u00bb"},"previousItem":{"@type":"ListItem","@id":"https:\/\/candas365.es\/noticias#listItem","name":"Home"}},{"@type":"ListItem","@id":"https:\/\/candas365.es\/noticias\/optimismo-en-la-ue-por-un-futuro-acuerdo-para-brexit\/#listItem","position":3,"name":"Optimismo en la UE por un futuro acuerdo para \u00abBrexit\u00bb","previousItem":{"@type":"ListItem","@id":"https:\/\/candas365.es\/noticias\/category\/actualidad\/#listItem","name":"Actualidad"}}]},{"@type":"NewsArticle","@id":"https:\/\/candas365.es\/noticias\/optimismo-en-la-ue-por-un-futuro-acuerdo-para-brexit\/#newsarticle","name":"Optimismo en la UE por un futuro acuerdo para \u00abBrexit\u00bb | Cand\u00e1s 365","headline":"Optimismo en la UE por un futuro acuerdo para \u00abBrexit\u00bb","author":{"@id":"https:\/\/candas365.es\/noticias\/author\/admin\/#author"},"publisher":{"@id":"https:\/\/candas365.es\/noticias\/#organization"},"image":{"@type":"ImageObject","url":"https:\/\/candas365.es\/noticias\/wp-content\/uploads\/2018\/09\/brexit-1491370_960_720.jpg","width":960,"height":720},"datePublished":"2018-10-18T22:43:03+02:00","dateModified":"2018-10-18T22:43:03+02:00","inLanguage":"es-ES","mainEntityOfPage":{"@id":"https:\/\/candas365.es\/noticias\/optimismo-en-la-ue-por-un-futuro-acuerdo-para-brexit\/#webpage"},"isPartOf":{"@id":"https:\/\/candas365.es\/noticias\/optimismo-en-la-ue-por-un-futuro-acuerdo-para-brexit\/#webpage"},"articleSection":"Actualidad","dateline":"Publicado el octubre 18, 2018."},{"@type":"Organization","@id":"https:\/\/candas365.es\/noticias\/#organization","name":"Cand\u00e1s 365","description":"Cand\u00e1s 365 es un diario digital independiente, fundado en 2012, con base en Asturias. Informamos con rigor sobre actualidad, sociedad, cultura y ocio, con una mirada local y global.","url":"https:\/\/candas365.es\/noticias\/","email":"info@candas365.es","telephone":"+34652131393","foundingDate":"2012-06-10","logo":{"@type":"ImageObject","url":"https:\/\/candas365.es\/noticias\/wp-content\/uploads\/2024\/09\/Candas-365-Redes.jpg","@id":"https:\/\/candas365.es\/noticias\/optimismo-en-la-ue-por-un-futuro-acuerdo-para-brexit\/#organizationLogo","width":1152,"height":864,"caption":"Cand\u00e1s 365 Redes"},"image":{"@id":"https:\/\/candas365.es\/noticias\/optimismo-en-la-ue-por-un-futuro-acuerdo-para-brexit\/#organizationLogo"},"sameAs":["https:\/\/www.facebook.com\/Nachofdezber","https:\/\/x.com\/NabercoDigital","https:\/\/www.instagram.com\/nachofdezber\/","https:\/\/www.youtube.com\/channel\/UCZP-2wLEB9Rv6erhFmqVnvg"],"address":{"@id":"https:\/\/candas365.es\/noticias\/#postaladdress","@type":"PostalAddress","streetAddress":"san antonio 4, san antonio 4","postalCode":"33430","addressLocality":"Cand\u00e1s","addressRegion":"Asturias","addressCountry":"ES"}},{"@type":"Person","@id":"https:\/\/candas365.es\/noticias\/author\/admin\/#author","url":"https:\/\/candas365.es\/noticias\/author\/admin\/","name":"Cand\u00e1s 365","image":{"@type":"ImageObject","@id":"https:\/\/candas365.es\/noticias\/optimismo-en-la-ue-por-un-futuro-acuerdo-para-brexit\/#authorImage","url":"https:\/\/secure.gravatar.com\/avatar\/496a8e03d0c493ede1718b7934145dbdf8d89be1036b0eec9544e1094c9de390?s=96&d=mm&r=g","width":96,"height":96,"caption":"Cand\u00e1s 365"},"sameAs":["https:\/\/www.facebook.com\/carrenoactualidad","https:\/\/twitter.com\/nbasturias","https:\/\/www.instagram.com\/nachofdezber\/","https:\/\/www.youtube.com\/channel\/UCZP-2wLEB9Rv6erhFmqVnvg"]},{"@type":"WebPage","@id":"https:\/\/candas365.es\/noticias\/optimismo-en-la-ue-por-un-futuro-acuerdo-para-brexit\/#webpage","url":"https:\/\/candas365.es\/noticias\/optimismo-en-la-ue-por-un-futuro-acuerdo-para-brexit\/","name":"Optimismo en la UE por un futuro acuerdo para \u00abBrexit\u00bb | Cand\u00e1s 365","description":"Bruselas, 18 oct (dpa) - La Uni\u00f3n Europea (UE) y Reino Unido expresaron ayer optimismo sobre un futuro acuerdo para el \"Brexit\", pese a que la cumbre que mantuvo el bloque en Bruselas cerr\u00f3 sin grandes avances. En la capital belga, la primera ministra brit\u00e1nica, Theresa May, dedic\u00f3 15 minutos a subrayar su visi\u00f3n sobre","inLanguage":"es-ES","isPartOf":{"@id":"https:\/\/candas365.es\/noticias\/#website"},"breadcrumb":{"@id":"https:\/\/candas365.es\/noticias\/optimismo-en-la-ue-por-un-futuro-acuerdo-para-brexit\/#breadcrumblist"},"author":{"@id":"https:\/\/candas365.es\/noticias\/author\/admin\/#author"},"creator":{"@id":"https:\/\/candas365.es\/noticias\/author\/admin\/#author"},"image":{"@type":"ImageObject","url":"https:\/\/candas365.es\/noticias\/wp-content\/uploads\/2018\/09\/brexit-1491370_960_720.jpg","@id":"https:\/\/candas365.es\/noticias\/optimismo-en-la-ue-por-un-futuro-acuerdo-para-brexit\/#mainImage","width":960,"height":720},"primaryImageOfPage":{"@id":"https:\/\/candas365.es\/noticias\/optimismo-en-la-ue-por-un-futuro-acuerdo-para-brexit\/#mainImage"},"datePublished":"2018-10-18T22:43:03+02:00","dateModified":"2018-10-18T22:43:03+02:00"},{"@type":"WebSite","@id":"https:\/\/candas365.es\/noticias\/#website","url":"https:\/\/candas365.es\/noticias\/","name":"Cand\u00e1s 365","alternateName":"Cand\u00e1s 365 Noticias","description":"Actualidad desde Carre\u00f1o para el mundo","inLanguage":"es-ES","publisher":{"@id":"https:\/\/candas365.es\/noticias\/#organization"}}]},"og:locale":"es_ES","og:site_name":"Cand\u00e1s 365","og:type":"article","og:title":"Optimismo en la UE por un futuro acuerdo para \u00abBrexit\u00bb | Cand\u00e1s 365","og:description":"Bruselas, 18 oct (dpa) - La Uni\u00f3n Europea (UE) y Reino Unido expresaron ayer optimismo sobre un futuro acuerdo para el &quot;Brexit&quot;, pese a que la cumbre que mantuvo el bloque en Bruselas cerr\u00f3 sin grandes avances. En la capital belga, la primera ministra brit\u00e1nica, Theresa May, dedic\u00f3 15 minutos a subrayar su visi\u00f3n sobre","og:url":"https:\/\/candas365.es\/noticias\/optimismo-en-la-ue-por-un-futuro-acuerdo-para-brexit\/","og:image":"https:\/\/candas365.es\/noticias\/wp-content\/uploads\/2018\/09\/brexit-1491370_960_720.jpg","og:image:secure_url":"https:\/\/candas365.es\/noticias\/wp-content\/uploads\/2018\/09\/brexit-1491370_960_720.jpg","og:image:width":960,"og:image:height":720,"article:published_time":"2018-10-18T22:43:03+00:00","article:modified_time":"2018-10-18T22:43:03+00:00","article:publisher":"https:\/\/www.facebook.com\/Nachofdezber","article:author":"https:\/\/www.facebook.com\/carrenoactualidad","twitter:card":"summary_large_image","twitter:site":"@NabercoDigital","twitter:title":"Optimismo en la UE por un futuro acuerdo para \u00abBrexit\u00bb | Cand\u00e1s 365","twitter:description":"Bruselas, 18 oct (dpa) - La Uni\u00f3n Europea (UE) y Reino Unido expresaron ayer optimismo sobre un futuro acuerdo para el &quot;Brexit&quot;, pese a que la cumbre que mantuvo el bloque en Bruselas cerr\u00f3 sin grandes avances. En la capital belga, la primera ministra brit\u00e1nica, Theresa May, dedic\u00f3 15 minutos a subrayar su visi\u00f3n sobre","twitter:creator":"@nbasturias","twitter:image":"https:\/\/candas365.es\/noticias\/wp-content\/uploads\/2018\/09\/brexit-1491370_960_720.jpg","twitter:label1":"Escrito por","twitter:data1":"Cand\u00e1s 365","twitter:label2":"Tiempo de lectura estimado","twitter:data2":"4 minutos"},"aioseo_meta_data":{"post_id":"108036","title":null,"description":null,"keywords":null,"keyphrases":null,"primary_term":null,"canonical_url":null,"og_title":null,"og_description":null,"og_object_type":"default","og_image_type":"default","og_image_url":null,"og_image_width":null,"og_image_height":null,"og_image_custom_url":null,"og_image_custom_fields":null,"og_video":null,"og_custom_url":null,"og_article_section":null,"og_article_tags":null,"twitter_use_og":false,"twitter_card":"default","twitter_image_type":"default","twitter_image_url":null,"twitter_image_custom_url":null,"twitter_image_custom_fields":null,"twitter_title":null,"twitter_description":null,"schema":{"blockGraphs":[],"customGraphs":[],"default":{"data":{"Article":[],"Course":[],"Dataset":[],"FAQPage":[],"Movie":[],"Person":[],"Product":[],"ProductReview":[],"Car":[],"Recipe":[],"Service":[],"SoftwareApplication":[],"WebPage":[]},"graphName":"","isEnabled":true},"graphs":[],"defaultGraph":"","defaultPostTypeGraph":""},"schema_type":null,"schema_type_options":null,"pillar_content":false,"robots_default":true,"robots_noindex":false,"robots_noarchive":false,"robots_nosnippet":false,"robots_nofollow":false,"robots_noimageindex":false,"robots_noodp":false,"robots_notranslate":false,"robots_max_snippet":null,"robots_max_videopreview":null,"robots_max_imagepreview":"large","priority":null,"frequency":null,"location":null,"local_seo":null,"seo_analyzer_scan_date":"2025-08-28 05:38:35","breadcrumb_settings":null,"limit_modified_date":false,"reviewed_by":null,"open_ai":null,"ai":null,"created":"2020-12-21 11:41:42","updated":"2025-08-28 05:38:35"},"aioseo_breadcrumb":"<div class=\"aioseo-breadcrumbs\"><span class=\"aioseo-breadcrumb\">\n\t<a href=\"https:\/\/candas365.es\/noticias\" title=\"Home\">Home<\/a>\n<\/span><span class=\"aioseo-breadcrumb-separator\">&ndash;<\/span><span class=\"aioseo-breadcrumb\">\n\t<a href=\"https:\/\/candas365.es\/noticias\/category\/actualidad\/\" title=\"Actualidad\">Actualidad<\/a>\n<\/span><span class=\"aioseo-breadcrumb-separator\">&ndash;<\/span><span class=\"aioseo-breadcrumb\">\n\tOptimismo en la UE por un futuro acuerdo para \u00abBrexit\u00bb\n<\/span><\/div>","aioseo_breadcrumb_json":[{"label":"Home","link":"https:\/\/candas365.es\/noticias"},{"label":"Actualidad","link":"https:\/\/candas365.es\/noticias\/category\/actualidad\/"},{"label":"Optimismo en la UE por un futuro acuerdo para \u00abBrexit\u00bb","link":"https:\/\/candas365.es\/noticias\/optimismo-en-la-ue-por-un-futuro-acuerdo-para-brexit\/"}],"_links":{"self":[{"href":"https:\/\/candas365.es\/noticias\/wp-json\/wp\/v2\/posts\/108036","targetHints":{"allow":["GET"]}}],"collection":[{"href":"https:\/\/candas365.es\/noticias\/wp-json\/wp\/v2\/posts"}],"about":[{"href":"https:\/\/candas365.es\/noticias\/wp-json\/wp\/v2\/types\/post"}],"author":[{"embeddable":true,"href":"https:\/\/candas365.es\/noticias\/wp-json\/wp\/v2\/users\/1"}],"replies":[{"embeddable":true,"href":"https:\/\/candas365.es\/noticias\/wp-json\/wp\/v2\/comments?post=108036"}],"version-history":[{"count":0,"href":"https:\/\/candas365.es\/noticias\/wp-json\/wp\/v2\/posts\/108036\/revisions"}],"wp:featuredmedia":[{"embeddable":true,"href":"https:\/\/candas365.es\/noticias\/wp-json\/wp\/v2\/media\/106046"}],"wp:attachment":[{"href":"https:\/\/candas365.es\/noticias\/wp-json\/wp\/v2\/media?parent=108036"}],"wp:term":[{"taxonomy":"category","embeddable":true,"href":"https:\/\/candas365.es\/noticias\/wp-json\/wp\/v2\/categories?post=108036"},{"taxonomy":"post_tag","embeddable":true,"href":"https:\/\/candas365.es\/noticias\/wp-json\/wp\/v2\/tags?post=108036"}],"curies":[{"name":"wp","href":"https:\/\/api.w.org\/{rel}","templated":true}]}}