{"id":107987,"date":"2018-10-17T20:45:17","date_gmt":"2018-10-17T20:45:17","guid":{"rendered":"http:\/\/candas365.es\/noticias\/?p=107987"},"modified":"2018-10-17T20:45:17","modified_gmt":"2018-10-17T20:45:17","slug":"merkel-sobre-brexit-hay-que-prepararse-para-todos-los-escenarios","status":"publish","type":"post","link":"https:\/\/candas365.es\/noticias\/merkel-sobre-brexit-hay-que-prepararse-para-todos-los-escenarios\/","title":{"rendered":"Merkel sobre \u00abBrexit\u00bb: \u00abHay que prepararse para todos los escenarios\u00bb"},"content":{"rendered":"<p><img fetchpriority=\"high\" decoding=\"async\" class=\"alignleft size-medium wp-image-106046\" src=\"https:\/\/candas365.es\/noticias\/wp-content\/uploads\/2018\/09\/brexit-1491370_960_720-360x270.jpg\" alt=\"\" width=\"360\" height=\"270\" srcset=\"https:\/\/candas365.es\/noticias\/wp-content\/uploads\/2018\/09\/brexit-1491370_960_720-360x270.jpg 360w, https:\/\/candas365.es\/noticias\/wp-content\/uploads\/2018\/09\/brexit-1491370_960_720-768x576.jpg 768w, https:\/\/candas365.es\/noticias\/wp-content\/uploads\/2018\/09\/brexit-1491370_960_720-640x480.jpg 640w, https:\/\/candas365.es\/noticias\/wp-content\/uploads\/2018\/09\/brexit-1491370_960_720-80x60.jpg 80w, https:\/\/candas365.es\/noticias\/wp-content\/uploads\/2018\/09\/brexit-1491370_960_720-265x198.jpg 265w, https:\/\/candas365.es\/noticias\/wp-content\/uploads\/2018\/09\/brexit-1491370_960_720-696x522.jpg 696w, https:\/\/candas365.es\/noticias\/wp-content\/uploads\/2018\/09\/brexit-1491370_960_720-560x420.jpg 560w, https:\/\/candas365.es\/noticias\/wp-content\/uploads\/2018\/09\/brexit-1491370_960_720.jpg 960w\" sizes=\"(max-width: 360px) 100vw, 360px\" \/>Berl\u00edn, 17 oct (dpa) &#8211; La canciller alemana, Angela Merkel, declar\u00f3 hoy ante el Parlamento alem\u00e1n que si bien a\u00fan es posible poder alcanzar un acuerdo con Reino Unido sobre su salida de la Uni\u00f3n Europea (UE), su Gobierno ya se est\u00e1 preparando para la posibilidad de que no sea as\u00ed.<\/p>\n<p>\u00abDeseo que Reino Unido despu\u00e9s de que salga de Europa siga siendo tambi\u00e9n un socio estrecho y de confianza de Europa\u00bb, afirm\u00f3 en su declaraci\u00f3n de Gobierno en el Bundestag previa a la cumbre de la Uni\u00f3n Europea (UE) de esta tarde y ma\u00f1ana en Bruselas. Sin embargo, \u00abdebemos estar preparados para todos los escenarios, incluida la posibilidad de que Reino Unido salga de la UE sin un acuerdo. Ya hemos comenzado con ello en el Gobierno\u00bb, indic\u00f3.<\/p>\n<p>\u00abLa salida de Reino Unido tendr\u00e1 lugar en menos de seis meses\u00bb, record\u00f3. \u00abEn los \u00faltimos tiempos las dos partes hemos trabajado de manera intensa en esto\u00bb y \u00ablas dos partes se han movido\u00bb, reconoci\u00f3 la mandataria alemana.<\/p>\n<p>\u00abPor desgracia no hemos conseguido avanzar en una cuesti\u00f3n central como es la futura frontera entre Irlanda e Irlanda del Norte\u00bb, se\u00f1al\u00f3 sobre uno de los principales puntos de fricci\u00f3n. Para Merkel, \u00abno se trata s\u00f3lo de la integridad del mercado interior de la UE, sino tambi\u00e9n del Acuerdo de Viernes Santo (1998) que puso fin a la violencia que hubo durante a\u00f1os (en Irlanda del Norte)\u00bb.<\/p>\n<p>Irlanda, que pertenece a la UE, no quiere bajo ning\u00fan concepto volver a levantar una frontera que se desmantel\u00f3 hace 20 a\u00f1os en esa zona por temor a nuevos episodios de violencia en una regi\u00f3n que en el pasado vivi\u00f3 un sangriento conflicto.<\/p>\n<p>A pesar de todo, se mostr\u00f3 optimista y afirm\u00f3 que sigue pensando que \u00absigue habiendo posibilidades de lograr un acuerdo entre las dos partes\u00bb. \u00abEs en inter\u00e9s de nuestra relaci\u00f3n futura con Reino Unido, en inter\u00e9s de la econom\u00eda, como de la industria automotriz que ha apelado hoy de nuevo a nosotros, y naturalmente tambi\u00e9n en inter\u00e9s de las personas de nuestros pa\u00edses\u00bb.<\/p>\n<p>\u00abQueremos dar una nueva base a las relaciones futuras entre la UE y Reino Unido\u00bb, indic\u00f3 al mismo tiempo que se\u00f1al\u00f3 que para ello a\u00fan hay que negociar. No obstante, antes de concluir, Merkel se\u00f1al\u00f3 una vez m\u00e1s que si bien se quiere evitar un salida dura, debe haber \u00abuna diferencia clara entre los pa\u00edses que son miembros de la UE y los que no\u00bb.<\/p>\n<p>Reino Unido quiere abandonar el bloque el 29 de marzo de 2019, despu\u00e9s de que la poblaci\u00f3n votara a favor de la salida en un refer\u00e9ndum organizado en 2016.<\/p>\n<p>Sin un acuerdo entre Bruselas y Londres, el periodo de transici\u00f3n hasta fines de 2020 probablemente desaparecer\u00eda, lo que conducir\u00eda una ruptura repentina y probablemente ca\u00f3tica que podr\u00eda tener graves consecuencias en la econom\u00eda, as\u00ed como tambi\u00e9n para los ciudadanos, adem\u00e1s de generar una gran incertidumbre.<\/p>\n","protected":false},"excerpt":{"rendered":"<p>Berl\u00edn, 17 oct (dpa) &#8211; La canciller alemana, Angela Merkel, declar\u00f3 hoy ante el Parlamento alem\u00e1n que si bien a\u00fan es posible poder alcanzar un acuerdo con Reino Unido sobre su salida de la Uni\u00f3n Europea (UE), su Gobierno ya se est\u00e1 preparando para la posibilidad de que no sea as\u00ed. \u00abDeseo que Reino Unido<\/p>\n","protected":false},"author":1,"featured_media":106046,"comment_status":"closed","ping_status":"closed","sticky":false,"template":"","format":"standard","meta":{"footnotes":""},"categories":[343],"tags":[],"class_list":{"0":"post-107987","1":"post","2":"type-post","3":"status-publish","4":"format-standard","5":"has-post-thumbnail","7":"category-actualidad"},"aioseo_notices":[],"aioseo_head":"\n\t\t<!-- All in One SEO Pro 4.9.6.2 - aioseo.com -->\n\t<meta name=\"description\" content=\"Berl\u00edn, 17 oct (dpa) - La canciller alemana, Angela Merkel, declar\u00f3 hoy ante el Parlamento alem\u00e1n que si bien a\u00fan es posible poder alcanzar un acuerdo con Reino Unido sobre su salida de la Uni\u00f3n Europea (UE), su Gobierno ya se est\u00e1 preparando para la posibilidad de que no sea as\u00ed. &quot;Deseo que Reino Unido\" \/>\n\t<meta name=\"robots\" content=\"max-image-preview:large\" \/>\n\t<meta name=\"author\" content=\"Cand\u00e1s 365\"\/>\n\t<meta name=\"google-site-verification\" content=\"UA-32230408-1\" \/>\n\t<meta name=\"msvalidate.01\" content=\"354F3CDFB2DA171B47FBE9ABF1F88D5\" \/>\n\t<meta name=\"keywords\" content=\"actualidad\" \/>\n\t<link rel=\"canonical\" href=\"https:\/\/candas365.es\/noticias\/merkel-sobre-brexit-hay-que-prepararse-para-todos-los-escenarios\/\" \/>\n\t<meta name=\"generator\" content=\"All in One SEO Pro (AIOSEO) 4.9.6.2\" \/>\n\t\t<meta property=\"og:locale\" content=\"es_ES\" \/>\n\t\t<meta property=\"og:site_name\" content=\"Cand\u00e1s 365\" \/>\n\t\t<meta property=\"og:type\" content=\"article\" \/>\n\t\t<meta property=\"og:title\" content=\"Merkel sobre \u00abBrexit\u00bb: \u00abHay que prepararse para todos los escenarios\u00bb | Cand\u00e1s 365\" \/>\n\t\t<meta property=\"og:description\" content=\"Berl\u00edn, 17 oct (dpa) - La canciller alemana, Angela Merkel, declar\u00f3 hoy ante el Parlamento alem\u00e1n que si bien a\u00fan es posible poder alcanzar un acuerdo con Reino Unido sobre su salida de la Uni\u00f3n Europea (UE), su Gobierno ya se est\u00e1 preparando para la posibilidad de que no sea as\u00ed. &quot;Deseo que Reino Unido\" \/>\n\t\t<meta property=\"og:url\" content=\"https:\/\/candas365.es\/noticias\/merkel-sobre-brexit-hay-que-prepararse-para-todos-los-escenarios\/\" \/>\n\t\t<meta property=\"og:image\" content=\"https:\/\/candas365.es\/noticias\/wp-content\/uploads\/2018\/09\/brexit-1491370_960_720.jpg\" \/>\n\t\t<meta property=\"og:image:secure_url\" content=\"https:\/\/candas365.es\/noticias\/wp-content\/uploads\/2018\/09\/brexit-1491370_960_720.jpg\" \/>\n\t\t<meta property=\"og:image:width\" content=\"960\" \/>\n\t\t<meta property=\"og:image:height\" content=\"720\" \/>\n\t\t<meta property=\"article:published_time\" content=\"2018-10-17T20:45:17+00:00\" \/>\n\t\t<meta property=\"article:modified_time\" content=\"2018-10-17T20:45:17+00:00\" \/>\n\t\t<meta property=\"article:publisher\" content=\"https:\/\/www.facebook.com\/Nachofdezber\" \/>\n\t\t<meta property=\"article:author\" content=\"https:\/\/www.facebook.com\/carrenoactualidad\" \/>\n\t\t<meta name=\"twitter:card\" content=\"summary_large_image\" \/>\n\t\t<meta name=\"twitter:site\" content=\"@NabercoDigital\" \/>\n\t\t<meta name=\"twitter:title\" content=\"Merkel sobre \u00abBrexit\u00bb: \u00abHay que prepararse para todos los escenarios\u00bb | Cand\u00e1s 365\" \/>\n\t\t<meta name=\"twitter:description\" content=\"Berl\u00edn, 17 oct (dpa) - La canciller alemana, Angela Merkel, declar\u00f3 hoy ante el Parlamento alem\u00e1n que si bien a\u00fan es posible poder alcanzar un acuerdo con Reino Unido sobre su salida de la Uni\u00f3n Europea (UE), su Gobierno ya se est\u00e1 preparando para la posibilidad de que no sea as\u00ed. &quot;Deseo que Reino Unido\" \/>\n\t\t<meta name=\"twitter:creator\" content=\"@nbasturias\" \/>\n\t\t<meta name=\"twitter:image\" content=\"https:\/\/candas365.es\/noticias\/wp-content\/uploads\/2018\/09\/brexit-1491370_960_720.jpg\" \/>\n\t\t<meta name=\"twitter:label1\" content=\"Escrito por\" \/>\n\t\t<meta name=\"twitter:data1\" content=\"Cand\u00e1s 365\" \/>\n\t\t<meta name=\"twitter:label2\" content=\"Tiempo de lectura estimado\" \/>\n\t\t<meta name=\"twitter:data2\" content=\"3 minutos\" \/>\n\t\t<script type=\"application\/ld+json\" class=\"aioseo-schema\">\n\t\t\t{\"@context\":\"https:\\\/\\\/schema.org\",\"@graph\":[{\"@type\":\"BreadcrumbList\",\"@id\":\"https:\\\/\\\/candas365.es\\\/noticias\\\/merkel-sobre-brexit-hay-que-prepararse-para-todos-los-escenarios\\\/#breadcrumblist\",\"itemListElement\":[{\"@type\":\"ListItem\",\"@id\":\"https:\\\/\\\/candas365.es\\\/noticias#listItem\",\"position\":1,\"name\":\"Home\",\"item\":\"https:\\\/\\\/candas365.es\\\/noticias\",\"nextItem\":{\"@type\":\"ListItem\",\"@id\":\"https:\\\/\\\/candas365.es\\\/noticias\\\/category\\\/actualidad\\\/#listItem\",\"name\":\"Actualidad\"}},{\"@type\":\"ListItem\",\"@id\":\"https:\\\/\\\/candas365.es\\\/noticias\\\/category\\\/actualidad\\\/#listItem\",\"position\":2,\"name\":\"Actualidad\",\"item\":\"https:\\\/\\\/candas365.es\\\/noticias\\\/category\\\/actualidad\\\/\",\"nextItem\":{\"@type\":\"ListItem\",\"@id\":\"https:\\\/\\\/candas365.es\\\/noticias\\\/merkel-sobre-brexit-hay-que-prepararse-para-todos-los-escenarios\\\/#listItem\",\"name\":\"Merkel sobre \\u00abBrexit\\u00bb: \\u00abHay que prepararse para todos los escenarios\\u00bb\"},\"previousItem\":{\"@type\":\"ListItem\",\"@id\":\"https:\\\/\\\/candas365.es\\\/noticias#listItem\",\"name\":\"Home\"}},{\"@type\":\"ListItem\",\"@id\":\"https:\\\/\\\/candas365.es\\\/noticias\\\/merkel-sobre-brexit-hay-que-prepararse-para-todos-los-escenarios\\\/#listItem\",\"position\":3,\"name\":\"Merkel sobre \\u00abBrexit\\u00bb: \\u00abHay que prepararse para todos los escenarios\\u00bb\",\"previousItem\":{\"@type\":\"ListItem\",\"@id\":\"https:\\\/\\\/candas365.es\\\/noticias\\\/category\\\/actualidad\\\/#listItem\",\"name\":\"Actualidad\"}}]},{\"@type\":\"NewsArticle\",\"@id\":\"https:\\\/\\\/candas365.es\\\/noticias\\\/merkel-sobre-brexit-hay-que-prepararse-para-todos-los-escenarios\\\/#newsarticle\",\"name\":\"Merkel sobre \\u00abBrexit\\u00bb: \\u00abHay que prepararse para todos los escenarios\\u00bb | Cand\\u00e1s 365\",\"headline\":\"Merkel sobre \\u00abBrexit\\u00bb: \\u00abHay que prepararse para todos los escenarios\\u00bb\",\"author\":{\"@id\":\"https:\\\/\\\/candas365.es\\\/noticias\\\/author\\\/admin\\\/#author\"},\"publisher\":{\"@id\":\"https:\\\/\\\/candas365.es\\\/noticias\\\/#organization\"},\"image\":{\"@type\":\"ImageObject\",\"url\":\"https:\\\/\\\/candas365.es\\\/noticias\\\/wp-content\\\/uploads\\\/2018\\\/09\\\/brexit-1491370_960_720.jpg\",\"width\":960,\"height\":720},\"datePublished\":\"2018-10-17T20:45:17+02:00\",\"dateModified\":\"2018-10-17T20:45:17+02:00\",\"inLanguage\":\"es-ES\",\"mainEntityOfPage\":{\"@id\":\"https:\\\/\\\/candas365.es\\\/noticias\\\/merkel-sobre-brexit-hay-que-prepararse-para-todos-los-escenarios\\\/#webpage\"},\"isPartOf\":{\"@id\":\"https:\\\/\\\/candas365.es\\\/noticias\\\/merkel-sobre-brexit-hay-que-prepararse-para-todos-los-escenarios\\\/#webpage\"},\"articleSection\":\"Actualidad\",\"dateline\":\"Publicado el octubre 17, 2018.\"},{\"@type\":\"Organization\",\"@id\":\"https:\\\/\\\/candas365.es\\\/noticias\\\/#organization\",\"name\":\"Cand\\u00e1s 365\",\"description\":\"Cand\\u00e1s 365 es un diario digital independiente, fundado en 2012, con base en Asturias. Informamos con rigor sobre actualidad, sociedad, cultura y ocio, con una mirada local y global.\",\"url\":\"https:\\\/\\\/candas365.es\\\/noticias\\\/\",\"email\":\"info@candas365.es\",\"telephone\":\"+34652131393\",\"foundingDate\":\"2012-06-10\",\"logo\":{\"@type\":\"ImageObject\",\"url\":\"https:\\\/\\\/candas365.es\\\/noticias\\\/wp-content\\\/uploads\\\/2024\\\/09\\\/Candas-365-Redes.jpg\",\"@id\":\"https:\\\/\\\/candas365.es\\\/noticias\\\/merkel-sobre-brexit-hay-que-prepararse-para-todos-los-escenarios\\\/#organizationLogo\",\"width\":1152,\"height\":864,\"caption\":\"Cand\\u00e1s 365 Redes\"},\"image\":{\"@id\":\"https:\\\/\\\/candas365.es\\\/noticias\\\/merkel-sobre-brexit-hay-que-prepararse-para-todos-los-escenarios\\\/#organizationLogo\"},\"sameAs\":[\"https:\\\/\\\/www.facebook.com\\\/Nachofdezber\",\"https:\\\/\\\/x.com\\\/NabercoDigital\",\"https:\\\/\\\/www.instagram.com\\\/nachofdezber\\\/\",\"https:\\\/\\\/www.youtube.com\\\/channel\\\/UCZP-2wLEB9Rv6erhFmqVnvg\"],\"address\":{\"@id\":\"https:\\\/\\\/candas365.es\\\/noticias\\\/#postaladdress\",\"@type\":\"PostalAddress\",\"streetAddress\":\"san antonio 4, san antonio 4\",\"postalCode\":\"33430\",\"addressLocality\":\"Cand\\u00e1s\",\"addressRegion\":\"Asturias\",\"addressCountry\":\"ES\"}},{\"@type\":\"Person\",\"@id\":\"https:\\\/\\\/candas365.es\\\/noticias\\\/author\\\/admin\\\/#author\",\"url\":\"https:\\\/\\\/candas365.es\\\/noticias\\\/author\\\/admin\\\/\",\"name\":\"Cand\\u00e1s 365\",\"image\":{\"@type\":\"ImageObject\",\"@id\":\"https:\\\/\\\/candas365.es\\\/noticias\\\/merkel-sobre-brexit-hay-que-prepararse-para-todos-los-escenarios\\\/#authorImage\",\"url\":\"https:\\\/\\\/secure.gravatar.com\\\/avatar\\\/496a8e03d0c493ede1718b7934145dbdf8d89be1036b0eec9544e1094c9de390?s=96&d=mm&r=g\",\"width\":96,\"height\":96,\"caption\":\"Cand\\u00e1s 365\"},\"sameAs\":[\"https:\\\/\\\/www.facebook.com\\\/carrenoactualidad\",\"https:\\\/\\\/twitter.com\\\/nbasturias\",\"https:\\\/\\\/www.instagram.com\\\/nachofdezber\\\/\",\"https:\\\/\\\/www.youtube.com\\\/channel\\\/UCZP-2wLEB9Rv6erhFmqVnvg\"]},{\"@type\":\"WebPage\",\"@id\":\"https:\\\/\\\/candas365.es\\\/noticias\\\/merkel-sobre-brexit-hay-que-prepararse-para-todos-los-escenarios\\\/#webpage\",\"url\":\"https:\\\/\\\/candas365.es\\\/noticias\\\/merkel-sobre-brexit-hay-que-prepararse-para-todos-los-escenarios\\\/\",\"name\":\"Merkel sobre \\u00abBrexit\\u00bb: \\u00abHay que prepararse para todos los escenarios\\u00bb | Cand\\u00e1s 365\",\"description\":\"Berl\\u00edn, 17 oct (dpa) - La canciller alemana, Angela Merkel, declar\\u00f3 hoy ante el Parlamento alem\\u00e1n que si bien a\\u00fan es posible poder alcanzar un acuerdo con Reino Unido sobre su salida de la Uni\\u00f3n Europea (UE), su Gobierno ya se est\\u00e1 preparando para la posibilidad de que no sea as\\u00ed. \\\"Deseo que Reino Unido\",\"inLanguage\":\"es-ES\",\"isPartOf\":{\"@id\":\"https:\\\/\\\/candas365.es\\\/noticias\\\/#website\"},\"breadcrumb\":{\"@id\":\"https:\\\/\\\/candas365.es\\\/noticias\\\/merkel-sobre-brexit-hay-que-prepararse-para-todos-los-escenarios\\\/#breadcrumblist\"},\"author\":{\"@id\":\"https:\\\/\\\/candas365.es\\\/noticias\\\/author\\\/admin\\\/#author\"},\"creator\":{\"@id\":\"https:\\\/\\\/candas365.es\\\/noticias\\\/author\\\/admin\\\/#author\"},\"image\":{\"@type\":\"ImageObject\",\"url\":\"https:\\\/\\\/candas365.es\\\/noticias\\\/wp-content\\\/uploads\\\/2018\\\/09\\\/brexit-1491370_960_720.jpg\",\"@id\":\"https:\\\/\\\/candas365.es\\\/noticias\\\/merkel-sobre-brexit-hay-que-prepararse-para-todos-los-escenarios\\\/#mainImage\",\"width\":960,\"height\":720},\"primaryImageOfPage\":{\"@id\":\"https:\\\/\\\/candas365.es\\\/noticias\\\/merkel-sobre-brexit-hay-que-prepararse-para-todos-los-escenarios\\\/#mainImage\"},\"datePublished\":\"2018-10-17T20:45:17+02:00\",\"dateModified\":\"2018-10-17T20:45:17+02:00\"},{\"@type\":\"WebSite\",\"@id\":\"https:\\\/\\\/candas365.es\\\/noticias\\\/#website\",\"url\":\"https:\\\/\\\/candas365.es\\\/noticias\\\/\",\"name\":\"Cand\\u00e1s 365\",\"alternateName\":\"Cand\\u00e1s 365 Noticias\",\"description\":\"Actualidad desde Carre\\u00f1o para el mundo\",\"inLanguage\":\"es-ES\",\"publisher\":{\"@id\":\"https:\\\/\\\/candas365.es\\\/noticias\\\/#organization\"}}]}\n\t\t<\/script>\n\t\t<!-- All in One SEO Pro -->\r\n\t\t<title>Merkel sobre \u00abBrexit\u00bb: \u00abHay que prepararse para todos los escenarios\u00bb | Cand\u00e1s 365<\/title>\n\n","aioseo_head_json":{"title":"Merkel sobre \u00abBrexit\u00bb: \u00abHay que prepararse para todos los escenarios\u00bb | Cand\u00e1s 365","description":"Berl\u00edn, 17 oct (dpa) - La canciller alemana, Angela Merkel, declar\u00f3 hoy ante el Parlamento alem\u00e1n que si bien a\u00fan es posible poder alcanzar un acuerdo con Reino Unido sobre su salida de la Uni\u00f3n Europea (UE), su Gobierno ya se est\u00e1 preparando para la posibilidad de que no sea as\u00ed. \"Deseo que Reino Unido","canonical_url":"https:\/\/candas365.es\/noticias\/merkel-sobre-brexit-hay-que-prepararse-para-todos-los-escenarios\/","robots":"max-image-preview:large","keywords":"actualidad","webmasterTools":{"google-site-verification":"UA-32230408-1","msvalidate.01":"354F3CDFB2DA171B47FBE9ABF1F88D5","miscellaneous":""},"schema":{"@context":"https:\/\/schema.org","@graph":[{"@type":"BreadcrumbList","@id":"https:\/\/candas365.es\/noticias\/merkel-sobre-brexit-hay-que-prepararse-para-todos-los-escenarios\/#breadcrumblist","itemListElement":[{"@type":"ListItem","@id":"https:\/\/candas365.es\/noticias#listItem","position":1,"name":"Home","item":"https:\/\/candas365.es\/noticias","nextItem":{"@type":"ListItem","@id":"https:\/\/candas365.es\/noticias\/category\/actualidad\/#listItem","name":"Actualidad"}},{"@type":"ListItem","@id":"https:\/\/candas365.es\/noticias\/category\/actualidad\/#listItem","position":2,"name":"Actualidad","item":"https:\/\/candas365.es\/noticias\/category\/actualidad\/","nextItem":{"@type":"ListItem","@id":"https:\/\/candas365.es\/noticias\/merkel-sobre-brexit-hay-que-prepararse-para-todos-los-escenarios\/#listItem","name":"Merkel sobre \u00abBrexit\u00bb: \u00abHay que prepararse para todos los escenarios\u00bb"},"previousItem":{"@type":"ListItem","@id":"https:\/\/candas365.es\/noticias#listItem","name":"Home"}},{"@type":"ListItem","@id":"https:\/\/candas365.es\/noticias\/merkel-sobre-brexit-hay-que-prepararse-para-todos-los-escenarios\/#listItem","position":3,"name":"Merkel sobre \u00abBrexit\u00bb: \u00abHay que prepararse para todos los escenarios\u00bb","previousItem":{"@type":"ListItem","@id":"https:\/\/candas365.es\/noticias\/category\/actualidad\/#listItem","name":"Actualidad"}}]},{"@type":"NewsArticle","@id":"https:\/\/candas365.es\/noticias\/merkel-sobre-brexit-hay-que-prepararse-para-todos-los-escenarios\/#newsarticle","name":"Merkel sobre \u00abBrexit\u00bb: \u00abHay que prepararse para todos los escenarios\u00bb | Cand\u00e1s 365","headline":"Merkel sobre \u00abBrexit\u00bb: \u00abHay que prepararse para todos los escenarios\u00bb","author":{"@id":"https:\/\/candas365.es\/noticias\/author\/admin\/#author"},"publisher":{"@id":"https:\/\/candas365.es\/noticias\/#organization"},"image":{"@type":"ImageObject","url":"https:\/\/candas365.es\/noticias\/wp-content\/uploads\/2018\/09\/brexit-1491370_960_720.jpg","width":960,"height":720},"datePublished":"2018-10-17T20:45:17+02:00","dateModified":"2018-10-17T20:45:17+02:00","inLanguage":"es-ES","mainEntityOfPage":{"@id":"https:\/\/candas365.es\/noticias\/merkel-sobre-brexit-hay-que-prepararse-para-todos-los-escenarios\/#webpage"},"isPartOf":{"@id":"https:\/\/candas365.es\/noticias\/merkel-sobre-brexit-hay-que-prepararse-para-todos-los-escenarios\/#webpage"},"articleSection":"Actualidad","dateline":"Publicado el octubre 17, 2018."},{"@type":"Organization","@id":"https:\/\/candas365.es\/noticias\/#organization","name":"Cand\u00e1s 365","description":"Cand\u00e1s 365 es un diario digital independiente, fundado en 2012, con base en Asturias. Informamos con rigor sobre actualidad, sociedad, cultura y ocio, con una mirada local y global.","url":"https:\/\/candas365.es\/noticias\/","email":"info@candas365.es","telephone":"+34652131393","foundingDate":"2012-06-10","logo":{"@type":"ImageObject","url":"https:\/\/candas365.es\/noticias\/wp-content\/uploads\/2024\/09\/Candas-365-Redes.jpg","@id":"https:\/\/candas365.es\/noticias\/merkel-sobre-brexit-hay-que-prepararse-para-todos-los-escenarios\/#organizationLogo","width":1152,"height":864,"caption":"Cand\u00e1s 365 Redes"},"image":{"@id":"https:\/\/candas365.es\/noticias\/merkel-sobre-brexit-hay-que-prepararse-para-todos-los-escenarios\/#organizationLogo"},"sameAs":["https:\/\/www.facebook.com\/Nachofdezber","https:\/\/x.com\/NabercoDigital","https:\/\/www.instagram.com\/nachofdezber\/","https:\/\/www.youtube.com\/channel\/UCZP-2wLEB9Rv6erhFmqVnvg"],"address":{"@id":"https:\/\/candas365.es\/noticias\/#postaladdress","@type":"PostalAddress","streetAddress":"san antonio 4, san antonio 4","postalCode":"33430","addressLocality":"Cand\u00e1s","addressRegion":"Asturias","addressCountry":"ES"}},{"@type":"Person","@id":"https:\/\/candas365.es\/noticias\/author\/admin\/#author","url":"https:\/\/candas365.es\/noticias\/author\/admin\/","name":"Cand\u00e1s 365","image":{"@type":"ImageObject","@id":"https:\/\/candas365.es\/noticias\/merkel-sobre-brexit-hay-que-prepararse-para-todos-los-escenarios\/#authorImage","url":"https:\/\/secure.gravatar.com\/avatar\/496a8e03d0c493ede1718b7934145dbdf8d89be1036b0eec9544e1094c9de390?s=96&d=mm&r=g","width":96,"height":96,"caption":"Cand\u00e1s 365"},"sameAs":["https:\/\/www.facebook.com\/carrenoactualidad","https:\/\/twitter.com\/nbasturias","https:\/\/www.instagram.com\/nachofdezber\/","https:\/\/www.youtube.com\/channel\/UCZP-2wLEB9Rv6erhFmqVnvg"]},{"@type":"WebPage","@id":"https:\/\/candas365.es\/noticias\/merkel-sobre-brexit-hay-que-prepararse-para-todos-los-escenarios\/#webpage","url":"https:\/\/candas365.es\/noticias\/merkel-sobre-brexit-hay-que-prepararse-para-todos-los-escenarios\/","name":"Merkel sobre \u00abBrexit\u00bb: \u00abHay que prepararse para todos los escenarios\u00bb | Cand\u00e1s 365","description":"Berl\u00edn, 17 oct (dpa) - La canciller alemana, Angela Merkel, declar\u00f3 hoy ante el Parlamento alem\u00e1n que si bien a\u00fan es posible poder alcanzar un acuerdo con Reino Unido sobre su salida de la Uni\u00f3n Europea (UE), su Gobierno ya se est\u00e1 preparando para la posibilidad de que no sea as\u00ed. \"Deseo que Reino Unido","inLanguage":"es-ES","isPartOf":{"@id":"https:\/\/candas365.es\/noticias\/#website"},"breadcrumb":{"@id":"https:\/\/candas365.es\/noticias\/merkel-sobre-brexit-hay-que-prepararse-para-todos-los-escenarios\/#breadcrumblist"},"author":{"@id":"https:\/\/candas365.es\/noticias\/author\/admin\/#author"},"creator":{"@id":"https:\/\/candas365.es\/noticias\/author\/admin\/#author"},"image":{"@type":"ImageObject","url":"https:\/\/candas365.es\/noticias\/wp-content\/uploads\/2018\/09\/brexit-1491370_960_720.jpg","@id":"https:\/\/candas365.es\/noticias\/merkel-sobre-brexit-hay-que-prepararse-para-todos-los-escenarios\/#mainImage","width":960,"height":720},"primaryImageOfPage":{"@id":"https:\/\/candas365.es\/noticias\/merkel-sobre-brexit-hay-que-prepararse-para-todos-los-escenarios\/#mainImage"},"datePublished":"2018-10-17T20:45:17+02:00","dateModified":"2018-10-17T20:45:17+02:00"},{"@type":"WebSite","@id":"https:\/\/candas365.es\/noticias\/#website","url":"https:\/\/candas365.es\/noticias\/","name":"Cand\u00e1s 365","alternateName":"Cand\u00e1s 365 Noticias","description":"Actualidad desde Carre\u00f1o para el mundo","inLanguage":"es-ES","publisher":{"@id":"https:\/\/candas365.es\/noticias\/#organization"}}]},"og:locale":"es_ES","og:site_name":"Cand\u00e1s 365","og:type":"article","og:title":"Merkel sobre \u00abBrexit\u00bb: \u00abHay que prepararse para todos los escenarios\u00bb | Cand\u00e1s 365","og:description":"Berl\u00edn, 17 oct (dpa) - La canciller alemana, Angela Merkel, declar\u00f3 hoy ante el Parlamento alem\u00e1n que si bien a\u00fan es posible poder alcanzar un acuerdo con Reino Unido sobre su salida de la Uni\u00f3n Europea (UE), su Gobierno ya se est\u00e1 preparando para la posibilidad de que no sea as\u00ed. &quot;Deseo que Reino Unido","og:url":"https:\/\/candas365.es\/noticias\/merkel-sobre-brexit-hay-que-prepararse-para-todos-los-escenarios\/","og:image":"https:\/\/candas365.es\/noticias\/wp-content\/uploads\/2018\/09\/brexit-1491370_960_720.jpg","og:image:secure_url":"https:\/\/candas365.es\/noticias\/wp-content\/uploads\/2018\/09\/brexit-1491370_960_720.jpg","og:image:width":960,"og:image:height":720,"article:published_time":"2018-10-17T20:45:17+00:00","article:modified_time":"2018-10-17T20:45:17+00:00","article:publisher":"https:\/\/www.facebook.com\/Nachofdezber","article:author":"https:\/\/www.facebook.com\/carrenoactualidad","twitter:card":"summary_large_image","twitter:site":"@NabercoDigital","twitter:title":"Merkel sobre \u00abBrexit\u00bb: \u00abHay que prepararse para todos los escenarios\u00bb | Cand\u00e1s 365","twitter:description":"Berl\u00edn, 17 oct (dpa) - La canciller alemana, Angela Merkel, declar\u00f3 hoy ante el Parlamento alem\u00e1n que si bien a\u00fan es posible poder alcanzar un acuerdo con Reino Unido sobre su salida de la Uni\u00f3n Europea (UE), su Gobierno ya se est\u00e1 preparando para la posibilidad de que no sea as\u00ed. &quot;Deseo que Reino Unido","twitter:creator":"@nbasturias","twitter:image":"https:\/\/candas365.es\/noticias\/wp-content\/uploads\/2018\/09\/brexit-1491370_960_720.jpg","twitter:label1":"Escrito por","twitter:data1":"Cand\u00e1s 365","twitter:label2":"Tiempo de lectura estimado","twitter:data2":"3 minutos"},"aioseo_meta_data":{"post_id":"107987","title":null,"description":null,"keywords":null,"keyphrases":null,"primary_term":null,"canonical_url":null,"og_title":null,"og_description":null,"og_object_type":"default","og_image_type":"default","og_image_url":null,"og_image_width":null,"og_image_height":null,"og_image_custom_url":null,"og_image_custom_fields":null,"og_video":null,"og_custom_url":null,"og_article_section":null,"og_article_tags":null,"twitter_use_og":false,"twitter_card":"default","twitter_image_type":"default","twitter_image_url":null,"twitter_image_custom_url":null,"twitter_image_custom_fields":null,"twitter_title":null,"twitter_description":null,"schema":{"blockGraphs":[],"customGraphs":[],"default":{"data":{"Article":[],"Course":[],"Dataset":[],"FAQPage":[],"Movie":[],"Person":[],"Product":[],"ProductReview":[],"Car":[],"Recipe":[],"Service":[],"SoftwareApplication":[],"WebPage":[]},"graphName":"","isEnabled":true},"graphs":[],"defaultGraph":"","defaultPostTypeGraph":""},"schema_type":null,"schema_type_options":null,"pillar_content":false,"robots_default":true,"robots_noindex":false,"robots_noarchive":false,"robots_nosnippet":false,"robots_nofollow":false,"robots_noimageindex":false,"robots_noodp":false,"robots_notranslate":false,"robots_max_snippet":null,"robots_max_videopreview":null,"robots_max_imagepreview":"large","priority":null,"frequency":null,"location":null,"local_seo":null,"seo_analyzer_scan_date":"2025-08-28 05:31:14","breadcrumb_settings":null,"limit_modified_date":false,"reviewed_by":null,"open_ai":null,"ai":null,"created":"2020-12-21 11:41:51","updated":"2025-08-28 05:31:14"},"aioseo_breadcrumb":"<div class=\"aioseo-breadcrumbs\"><span class=\"aioseo-breadcrumb\">\n\t<a href=\"https:\/\/candas365.es\/noticias\" title=\"Home\">Home<\/a>\n<\/span><span class=\"aioseo-breadcrumb-separator\">&ndash;<\/span><span class=\"aioseo-breadcrumb\">\n\t<a href=\"https:\/\/candas365.es\/noticias\/category\/actualidad\/\" title=\"Actualidad\">Actualidad<\/a>\n<\/span><span class=\"aioseo-breadcrumb-separator\">&ndash;<\/span><span class=\"aioseo-breadcrumb\">\n\tMerkel sobre \u00abBrexit\u00bb: \u00abHay que prepararse para todos los escenarios\u00bb\n<\/span><\/div>","aioseo_breadcrumb_json":[{"label":"Home","link":"https:\/\/candas365.es\/noticias"},{"label":"Actualidad","link":"https:\/\/candas365.es\/noticias\/category\/actualidad\/"},{"label":"Merkel sobre \u00abBrexit\u00bb: \u00abHay que prepararse para todos los escenarios\u00bb","link":"https:\/\/candas365.es\/noticias\/merkel-sobre-brexit-hay-que-prepararse-para-todos-los-escenarios\/"}],"_links":{"self":[{"href":"https:\/\/candas365.es\/noticias\/wp-json\/wp\/v2\/posts\/107987","targetHints":{"allow":["GET"]}}],"collection":[{"href":"https:\/\/candas365.es\/noticias\/wp-json\/wp\/v2\/posts"}],"about":[{"href":"https:\/\/candas365.es\/noticias\/wp-json\/wp\/v2\/types\/post"}],"author":[{"embeddable":true,"href":"https:\/\/candas365.es\/noticias\/wp-json\/wp\/v2\/users\/1"}],"replies":[{"embeddable":true,"href":"https:\/\/candas365.es\/noticias\/wp-json\/wp\/v2\/comments?post=107987"}],"version-history":[{"count":0,"href":"https:\/\/candas365.es\/noticias\/wp-json\/wp\/v2\/posts\/107987\/revisions"}],"wp:featuredmedia":[{"embeddable":true,"href":"https:\/\/candas365.es\/noticias\/wp-json\/wp\/v2\/media\/106046"}],"wp:attachment":[{"href":"https:\/\/candas365.es\/noticias\/wp-json\/wp\/v2\/media?parent=107987"}],"wp:term":[{"taxonomy":"category","embeddable":true,"href":"https:\/\/candas365.es\/noticias\/wp-json\/wp\/v2\/categories?post=107987"},{"taxonomy":"post_tag","embeddable":true,"href":"https:\/\/candas365.es\/noticias\/wp-json\/wp\/v2\/tags?post=107987"}],"curies":[{"name":"wp","href":"https:\/\/api.w.org\/{rel}","templated":true}]}}