{"id":107972,"date":"2018-10-17T18:28:47","date_gmt":"2018-10-17T18:28:47","guid":{"rendered":"http:\/\/candas365.es\/noticias\/?p=107972"},"modified":"2018-10-17T18:28:47","modified_gmt":"2018-10-17T18:28:47","slug":"el-ayuntamiento-subvencionara-a-las-ampas-de-carreno","status":"publish","type":"post","link":"https:\/\/candas365.es\/noticias\/el-ayuntamiento-subvencionara-a-las-ampas-de-carreno\/","title":{"rendered":"El Ayuntamiento subvencionar\u00e1 a las AMPAS de Carre\u00f1o"},"content":{"rendered":"<p><img fetchpriority=\"high\" decoding=\"async\" class=\"alignleft size-medium wp-image-6453\" src=\"https:\/\/candas365.es\/noticias\/wp-content\/uploads\/2015\/01\/ayuntamiento-360x270.jpg\" alt=\"\" width=\"360\" height=\"270\" srcset=\"https:\/\/candas365.es\/noticias\/wp-content\/uploads\/2015\/01\/ayuntamiento-360x270.jpg 360w, https:\/\/candas365.es\/noticias\/wp-content\/uploads\/2015\/01\/ayuntamiento-640x480.jpg 640w, https:\/\/candas365.es\/noticias\/wp-content\/uploads\/2015\/01\/ayuntamiento-768x576.jpg 768w, https:\/\/candas365.es\/noticias\/wp-content\/uploads\/2015\/01\/ayuntamiento-150x113.jpg 150w, https:\/\/candas365.es\/noticias\/wp-content\/uploads\/2015\/01\/ayuntamiento-450x338.jpg 450w, https:\/\/candas365.es\/noticias\/wp-content\/uploads\/2015\/01\/ayuntamiento-80x60.jpg 80w, https:\/\/candas365.es\/noticias\/wp-content\/uploads\/2015\/01\/ayuntamiento-265x198.jpg 265w, https:\/\/candas365.es\/noticias\/wp-content\/uploads\/2015\/01\/ayuntamiento-696x522.jpg 696w, https:\/\/candas365.es\/noticias\/wp-content\/uploads\/2015\/01\/ayuntamiento-560x420.jpg 560w, https:\/\/candas365.es\/noticias\/wp-content\/uploads\/2015\/01\/ayuntamiento-90x67.jpg 90w, https:\/\/candas365.es\/noticias\/wp-content\/uploads\/2015\/01\/ayuntamiento.jpg 800w\" sizes=\"(max-width: 360px) 100vw, 360px\" \/>Iniciativas como el banco de libros, las jornadas socioculturales para el fin de curso, actividades extra escolares sobre patinaje, k\u00e1rate, baile, ingl\u00e9s , cocina, salidas socio-culturales,etc\u00e9tera son algunas de las actividades subvencionadas y que a lo largo del curso escolar impulsan las Asociaciones de Padres y Madres del alumnado que acude a los Centro Educativos del concejo.<\/p>\n<p>A tal fin, anualmente la Concejal\u00eda de Educaci\u00f3n del Ayuntamiento de Carre\u00f1o, convoca esta l\u00ednea de Subvenciones, en concurrencia competitiva, para Entidades vinculadas a la Educaci\u00f3n o Centros Educativos cuyo objetivo es ayudar a las asociaciones de alumnos\/as y de padres y madres de alumnos\/as del municipio, en la realizaci\u00f3n de actividades, programas y eventos educativos.<\/p>\n<p>\u201cEl art. 18 del Estatuto de Autonom\u00eda del Principado establece que le corresponde a la Comunidad Aut\u00f3noma el desarrollo y ejecuci\u00f3n de la ense\u00f1anza en toda su extensi\u00f3n, niveles y grados, modalidades y especialidad. Con el fin de promover la realizaci\u00f3n de actividades de inter\u00e9s para la comunidad educativa y consolidar la implicaci\u00f3n y participaci\u00f3n de las familias en el proceso educativo como apoyo a este proceso, el Ayuntamiento de Carre\u00f1o convoca estas ayudas municipales \u201d coment\u00f3 Cecilia Tasc\u00f3n-Concejala de Educaci\u00f3n.<\/p>\n<p>\u201cLa implicaci\u00f3n de las asociaciones de madres y padres y de la administraci\u00f3n local en la vida escolar, fomenta la necesaria uni\u00f3n de las actuaciones formativas propiciadas en el \u00e1mbito familiar, educativo y comunitario. Es necesario potenciar la implicaci\u00f3n de toda la comunidad educativa para el desarrollo de una educaci\u00f3n p\u00fablica de calidad, convirtiendo a toda la sociedad en coprotagonista y corresponsable de la educaci\u00f3n\u201d prosigui\u00f3 Tasc\u00f3n.<\/p>\n<p>\u201cSon objeto de ayuda los gastos ocasionados por la realizaci\u00f3n de las actividades de las asociaciones que persigan entre otra algunos de estos objetivos: actividades de promoci\u00f3n de la convivencia en los centros; las que facilitan la conciliaci\u00f3n familiar; las que fomenten la inclusi\u00f3n educativa, la interculturalidad, la ocupaci\u00f3n del tiempo libre del alumnado mediante la cultura, deporte o el ocio saludable; actividades que complementen o apoyen las actividades curriculares\u2026\u201d finaliz\u00f3 la Concejala<\/p>\n<p>Las Asociaciones del Concejo, que en concurrencia competitiva, han optado a estas subvenciones han sido cuatro entidades. De las cuales todas han cumplido con los requisitos exigidos en la convocatoria. Las entidades y proyectos subvencionables en este a\u00f1o 2018 son los siguientes:<\/p>\n<ul>\n<li>Asociaci\u00f3n de Padres y Madres del Colegio Poeta Ant\u00f3n. Actividades subvencionadas las extra escolares: cursos de baile, ingl\u00e9s, cocina, ajedrez, pre-f\u00fatbol, patinaje y rob\u00f3tica; es la encargada del programa \u201catenci\u00f3n temprana\u201d del colegio con la organizaci\u00f3n del servicio de desayuno y guarder\u00eda, adem\u00e1s de ser los responsables del servicio de comedor escolar y tardes divertidas durante los meses de junio y septiembre; talleres para padres y madres; jornada de convivencia de fin de curso; excursiones culturales.<\/li>\n<li>Asociaci\u00f3n de Padres y Madres del Colegio San F\u00e9lix. Actividades subvencionadas Talleres de Karate, b\u00e1dminton, ballet, rob\u00f3tica, manualidades, patinaje, zumba, expresi\u00f3n corporal,\u2026; banco de libros; salidas socio-culturales; colaboraciones con otras entidades del Concejo; jornada de fin de curso.<\/li>\n<li>Asociaci\u00f3n de Madres y Padres del IES. Actividades subvencionadas: salida ciclo-turista, las orlas de fin de curso; concurso literario, de micro-relatos y de video; concurso fotograf\u00eda; el fondo de libros de la biblioteca IES, charlas informativas y orientativas a padres y madres.<\/li>\n<li>Asociaci\u00f3n del alumnado, madres y padres de la Escuela de M\u00fasica Municipal \u201cMiguel Barrosa\u201d. Actividades subvencionadas: adquisiciones de instrumentos para la creaci\u00f3n de un banco de los mismos; adquisici\u00f3n de materiales did\u00e1cticos y partituras para su pr\u00e9stamo al alumnado; participaci\u00f3n y colaboraci\u00f3n en las actividades organizadas por la Escuela de M\u00fasica: conciertos, audiciones, v\u00eddeos, representaciones.<\/li>\n<\/ul>\n<p>Para afrontar el patrocinio de estas actividades en el Presupuesto en vigor existe una partida municipal cuyos fondos, en funci\u00f3n de la puntuaci\u00f3n obtenida en la convocatoria de subvenciones, se han distribuido c\u00f3mo siguen:<\/p>\n<p>&#8211; El 29,47 % de los fondos municipales existentes para los proyectos presentados por el AMPA del IES de Cand\u00e1s.<\/p>\n<p>&#8211; el 28,82 % para los proyectos presentados del AMPA del Colegio San F\u00e9lix de Cand\u00e1s.<\/p>\n<p>&#8211; el 24,81 % a los proyectos del AMPA del colegio Poeta Ant\u00f3n de Mariarreguera de Cand\u00e1s.<\/p>\n<p>&#8211; y el 16,90% del presupuesto disponible para los proyectos del AMPA de la Escuela de M\u00fasica Miguel Barrosa de Carre\u00f1o.<\/p>\n<p>El plazo de presentaci\u00f3n de la justificaci\u00f3n de la subvenci\u00f3n municipal concedida finalizar\u00e1 el 30 de noviembre del 2018. La documentaci\u00f3n deber\u00e1 presentarse a trav\u00e9s del Registro Electr\u00f3nico del Ayuntamiento de Carre\u00f1o o en los registros electr\u00f3nicos de cualquiera de los sujetos a los que se refiere el art. 2.1 de la Ley 39\/2015 , de 1 de octubre, de Procedimiento y Administrativo de las Administraciones P\u00fablicas. Y la documentaci\u00f3n presentada deber\u00e1 incluir Memoria T\u00e9cnica y Justificativa, adem\u00e1s de los originales de las facturas cuando la subvenci\u00f3n sea mayor de 3.000\u20ac; en el caso de no superar esa cantidad no ser\u00e1 necesario presentar los originales, servir\u00e1 una copia.<\/p>\n","protected":false},"excerpt":{"rendered":"<p>Iniciativas como el banco de libros, las jornadas socioculturales para el fin de curso, actividades extra escolares sobre patinaje, k\u00e1rate, baile, ingl\u00e9s , cocina, salidas socio-culturales,etc\u00e9tera son algunas de las actividades subvencionadas y que a lo largo del curso escolar impulsan las Asociaciones de Padres y Madres del alumnado que acude a los Centro Educativos<\/p>\n","protected":false},"author":1,"featured_media":6453,"comment_status":"closed","ping_status":"closed","sticky":false,"template":"","format":"standard","meta":{"footnotes":""},"categories":[2],"tags":[],"class_list":{"0":"post-107972","1":"post","2":"type-post","3":"status-publish","4":"format-standard","5":"has-post-thumbnail","7":"category-noticias-carreno"},"aioseo_notices":[],"aioseo_head":"\n\t\t<!-- All in One SEO Pro 4.9.6.2 - aioseo.com -->\n\t<meta name=\"description\" content=\"Iniciativas como el banco de libros, las jornadas socioculturales para el fin de curso, actividades extra escolares sobre patinaje, k\u00e1rate, baile, ingl\u00e9s , cocina, salidas socio-culturales,etc\u00e9tera son algunas de las actividades subvencionadas y que a lo largo del curso escolar impulsan las Asociaciones de Padres y Madres del alumnado que acude a los Centro Educativos\" \/>\n\t<meta name=\"robots\" content=\"max-image-preview:large\" \/>\n\t<meta name=\"author\" content=\"Cand\u00e1s 365\"\/>\n\t<meta name=\"google-site-verification\" content=\"UA-32230408-1\" \/>\n\t<meta name=\"msvalidate.01\" content=\"354F3CDFB2DA171B47FBE9ABF1F88D5\" \/>\n\t<meta name=\"keywords\" content=\"noticias carre\u00f1o\" \/>\n\t<link rel=\"canonical\" href=\"https:\/\/candas365.es\/noticias\/el-ayuntamiento-subvencionara-a-las-ampas-de-carreno\/\" \/>\n\t<meta name=\"generator\" content=\"All in One SEO Pro (AIOSEO) 4.9.6.2\" \/>\n\t\t<meta property=\"og:locale\" content=\"es_ES\" \/>\n\t\t<meta property=\"og:site_name\" content=\"Cand\u00e1s 365\" \/>\n\t\t<meta property=\"og:type\" content=\"article\" \/>\n\t\t<meta property=\"og:title\" content=\"El Ayuntamiento subvencionar\u00e1 a las AMPAS de Carre\u00f1o | Cand\u00e1s 365\" \/>\n\t\t<meta property=\"og:description\" content=\"Iniciativas como el banco de libros, las jornadas socioculturales para el fin de curso, actividades extra escolares sobre patinaje, k\u00e1rate, baile, ingl\u00e9s , cocina, salidas socio-culturales,etc\u00e9tera son algunas de las actividades subvencionadas y que a lo largo del curso escolar impulsan las Asociaciones de Padres y Madres del alumnado que acude a los Centro Educativos\" \/>\n\t\t<meta property=\"og:url\" content=\"https:\/\/candas365.es\/noticias\/el-ayuntamiento-subvencionara-a-las-ampas-de-carreno\/\" \/>\n\t\t<meta property=\"og:image\" content=\"https:\/\/candas365.es\/noticias\/wp-content\/uploads\/2015\/01\/ayuntamiento.jpg\" \/>\n\t\t<meta property=\"og:image:secure_url\" content=\"https:\/\/candas365.es\/noticias\/wp-content\/uploads\/2015\/01\/ayuntamiento.jpg\" \/>\n\t\t<meta property=\"og:image:width\" content=\"800\" \/>\n\t\t<meta property=\"og:image:height\" content=\"600\" \/>\n\t\t<meta property=\"article:published_time\" content=\"2018-10-17T18:28:47+00:00\" \/>\n\t\t<meta property=\"article:modified_time\" content=\"2018-10-17T18:28:47+00:00\" \/>\n\t\t<meta property=\"article:publisher\" content=\"https:\/\/www.facebook.com\/Nachofdezber\" \/>\n\t\t<meta property=\"article:author\" content=\"https:\/\/www.facebook.com\/carrenoactualidad\" \/>\n\t\t<meta name=\"twitter:card\" content=\"summary_large_image\" \/>\n\t\t<meta name=\"twitter:site\" content=\"@NabercoDigital\" \/>\n\t\t<meta name=\"twitter:title\" content=\"El Ayuntamiento subvencionar\u00e1 a las AMPAS de Carre\u00f1o | Cand\u00e1s 365\" \/>\n\t\t<meta name=\"twitter:description\" content=\"Iniciativas como el banco de libros, las jornadas socioculturales para el fin de curso, actividades extra escolares sobre patinaje, k\u00e1rate, baile, ingl\u00e9s , cocina, salidas socio-culturales,etc\u00e9tera son algunas de las actividades subvencionadas y que a lo largo del curso escolar impulsan las Asociaciones de Padres y Madres del alumnado que acude a los Centro Educativos\" \/>\n\t\t<meta name=\"twitter:creator\" content=\"@nbasturias\" \/>\n\t\t<meta name=\"twitter:image\" content=\"https:\/\/candas365.es\/noticias\/wp-content\/uploads\/2015\/01\/ayuntamiento.jpg\" \/>\n\t\t<meta name=\"twitter:label1\" content=\"Escrito por\" \/>\n\t\t<meta name=\"twitter:data1\" content=\"Cand\u00e1s 365\" \/>\n\t\t<meta name=\"twitter:label2\" content=\"Tiempo de lectura estimado\" \/>\n\t\t<meta name=\"twitter:data2\" content=\"4 minutos\" \/>\n\t\t<script type=\"application\/ld+json\" class=\"aioseo-schema\">\n\t\t\t{\"@context\":\"https:\\\/\\\/schema.org\",\"@graph\":[{\"@type\":\"BreadcrumbList\",\"@id\":\"https:\\\/\\\/candas365.es\\\/noticias\\\/el-ayuntamiento-subvencionara-a-las-ampas-de-carreno\\\/#breadcrumblist\",\"itemListElement\":[{\"@type\":\"ListItem\",\"@id\":\"https:\\\/\\\/candas365.es\\\/noticias#listItem\",\"position\":1,\"name\":\"Home\",\"item\":\"https:\\\/\\\/candas365.es\\\/noticias\",\"nextItem\":{\"@type\":\"ListItem\",\"@id\":\"https:\\\/\\\/candas365.es\\\/noticias\\\/category\\\/noticias-carreno\\\/#listItem\",\"name\":\"Noticias Carre\\u00f1o\"}},{\"@type\":\"ListItem\",\"@id\":\"https:\\\/\\\/candas365.es\\\/noticias\\\/category\\\/noticias-carreno\\\/#listItem\",\"position\":2,\"name\":\"Noticias Carre\\u00f1o\",\"item\":\"https:\\\/\\\/candas365.es\\\/noticias\\\/category\\\/noticias-carreno\\\/\",\"nextItem\":{\"@type\":\"ListItem\",\"@id\":\"https:\\\/\\\/candas365.es\\\/noticias\\\/el-ayuntamiento-subvencionara-a-las-ampas-de-carreno\\\/#listItem\",\"name\":\"El Ayuntamiento subvencionar\\u00e1 a las AMPAS de Carre\\u00f1o\"},\"previousItem\":{\"@type\":\"ListItem\",\"@id\":\"https:\\\/\\\/candas365.es\\\/noticias#listItem\",\"name\":\"Home\"}},{\"@type\":\"ListItem\",\"@id\":\"https:\\\/\\\/candas365.es\\\/noticias\\\/el-ayuntamiento-subvencionara-a-las-ampas-de-carreno\\\/#listItem\",\"position\":3,\"name\":\"El Ayuntamiento subvencionar\\u00e1 a las AMPAS de Carre\\u00f1o\",\"previousItem\":{\"@type\":\"ListItem\",\"@id\":\"https:\\\/\\\/candas365.es\\\/noticias\\\/category\\\/noticias-carreno\\\/#listItem\",\"name\":\"Noticias Carre\\u00f1o\"}}]},{\"@type\":\"NewsArticle\",\"@id\":\"https:\\\/\\\/candas365.es\\\/noticias\\\/el-ayuntamiento-subvencionara-a-las-ampas-de-carreno\\\/#newsarticle\",\"name\":\"El Ayuntamiento subvencionar\\u00e1 a las AMPAS de Carre\\u00f1o | Cand\\u00e1s 365\",\"headline\":\"El Ayuntamiento subvencionar\\u00e1 a las AMPAS de Carre\\u00f1o\",\"author\":{\"@id\":\"https:\\\/\\\/candas365.es\\\/noticias\\\/author\\\/admin\\\/#author\"},\"publisher\":{\"@id\":\"https:\\\/\\\/candas365.es\\\/noticias\\\/#organization\"},\"image\":{\"@type\":\"ImageObject\",\"url\":\"https:\\\/\\\/candas365.es\\\/noticias\\\/wp-content\\\/uploads\\\/2015\\\/01\\\/ayuntamiento.jpg\",\"width\":800,\"height\":600,\"caption\":\"Carre\\u00f1o\"},\"datePublished\":\"2018-10-17T18:28:47+02:00\",\"dateModified\":\"2018-10-17T18:28:47+02:00\",\"inLanguage\":\"es-ES\",\"mainEntityOfPage\":{\"@id\":\"https:\\\/\\\/candas365.es\\\/noticias\\\/el-ayuntamiento-subvencionara-a-las-ampas-de-carreno\\\/#webpage\"},\"isPartOf\":{\"@id\":\"https:\\\/\\\/candas365.es\\\/noticias\\\/el-ayuntamiento-subvencionara-a-las-ampas-de-carreno\\\/#webpage\"},\"articleSection\":\"Noticias Carre\\u00f1o\",\"dateline\":\"Publicado el octubre 17, 2018.\"},{\"@type\":\"Organization\",\"@id\":\"https:\\\/\\\/candas365.es\\\/noticias\\\/#organization\",\"name\":\"Cand\\u00e1s 365\",\"description\":\"Cand\\u00e1s 365 es un diario digital independiente, fundado en 2012, con base en Asturias. Informamos con rigor sobre actualidad, sociedad, cultura y ocio, con una mirada local y global.\",\"url\":\"https:\\\/\\\/candas365.es\\\/noticias\\\/\",\"email\":\"info@candas365.es\",\"telephone\":\"+34652131393\",\"foundingDate\":\"2012-06-10\",\"logo\":{\"@type\":\"ImageObject\",\"url\":\"https:\\\/\\\/candas365.es\\\/noticias\\\/wp-content\\\/uploads\\\/2024\\\/09\\\/Candas-365-Redes.jpg\",\"@id\":\"https:\\\/\\\/candas365.es\\\/noticias\\\/el-ayuntamiento-subvencionara-a-las-ampas-de-carreno\\\/#organizationLogo\",\"width\":1152,\"height\":864,\"caption\":\"Cand\\u00e1s 365 Redes\"},\"image\":{\"@id\":\"https:\\\/\\\/candas365.es\\\/noticias\\\/el-ayuntamiento-subvencionara-a-las-ampas-de-carreno\\\/#organizationLogo\"},\"sameAs\":[\"https:\\\/\\\/www.facebook.com\\\/Nachofdezber\",\"https:\\\/\\\/x.com\\\/NabercoDigital\",\"https:\\\/\\\/www.instagram.com\\\/nachofdezber\\\/\",\"https:\\\/\\\/www.youtube.com\\\/channel\\\/UCZP-2wLEB9Rv6erhFmqVnvg\"],\"address\":{\"@id\":\"https:\\\/\\\/candas365.es\\\/noticias\\\/#postaladdress\",\"@type\":\"PostalAddress\",\"streetAddress\":\"san antonio 4, san antonio 4\",\"postalCode\":\"33430\",\"addressLocality\":\"Cand\\u00e1s\",\"addressRegion\":\"Asturias\",\"addressCountry\":\"ES\"}},{\"@type\":\"Person\",\"@id\":\"https:\\\/\\\/candas365.es\\\/noticias\\\/author\\\/admin\\\/#author\",\"url\":\"https:\\\/\\\/candas365.es\\\/noticias\\\/author\\\/admin\\\/\",\"name\":\"Cand\\u00e1s 365\",\"image\":{\"@type\":\"ImageObject\",\"@id\":\"https:\\\/\\\/candas365.es\\\/noticias\\\/el-ayuntamiento-subvencionara-a-las-ampas-de-carreno\\\/#authorImage\",\"url\":\"https:\\\/\\\/secure.gravatar.com\\\/avatar\\\/496a8e03d0c493ede1718b7934145dbdf8d89be1036b0eec9544e1094c9de390?s=96&d=mm&r=g\",\"width\":96,\"height\":96,\"caption\":\"Cand\\u00e1s 365\"},\"sameAs\":[\"https:\\\/\\\/www.facebook.com\\\/carrenoactualidad\",\"https:\\\/\\\/twitter.com\\\/nbasturias\",\"https:\\\/\\\/www.instagram.com\\\/nachofdezber\\\/\",\"https:\\\/\\\/www.youtube.com\\\/channel\\\/UCZP-2wLEB9Rv6erhFmqVnvg\"]},{\"@type\":\"WebPage\",\"@id\":\"https:\\\/\\\/candas365.es\\\/noticias\\\/el-ayuntamiento-subvencionara-a-las-ampas-de-carreno\\\/#webpage\",\"url\":\"https:\\\/\\\/candas365.es\\\/noticias\\\/el-ayuntamiento-subvencionara-a-las-ampas-de-carreno\\\/\",\"name\":\"El Ayuntamiento subvencionar\\u00e1 a las AMPAS de Carre\\u00f1o | Cand\\u00e1s 365\",\"description\":\"Iniciativas como el banco de libros, las jornadas socioculturales para el fin de curso, actividades extra escolares sobre patinaje, k\\u00e1rate, baile, ingl\\u00e9s , cocina, salidas socio-culturales,etc\\u00e9tera son algunas de las actividades subvencionadas y que a lo largo del curso escolar impulsan las Asociaciones de Padres y Madres del alumnado que acude a los Centro Educativos\",\"inLanguage\":\"es-ES\",\"isPartOf\":{\"@id\":\"https:\\\/\\\/candas365.es\\\/noticias\\\/#website\"},\"breadcrumb\":{\"@id\":\"https:\\\/\\\/candas365.es\\\/noticias\\\/el-ayuntamiento-subvencionara-a-las-ampas-de-carreno\\\/#breadcrumblist\"},\"author\":{\"@id\":\"https:\\\/\\\/candas365.es\\\/noticias\\\/author\\\/admin\\\/#author\"},\"creator\":{\"@id\":\"https:\\\/\\\/candas365.es\\\/noticias\\\/author\\\/admin\\\/#author\"},\"image\":{\"@type\":\"ImageObject\",\"url\":\"https:\\\/\\\/candas365.es\\\/noticias\\\/wp-content\\\/uploads\\\/2015\\\/01\\\/ayuntamiento.jpg\",\"@id\":\"https:\\\/\\\/candas365.es\\\/noticias\\\/el-ayuntamiento-subvencionara-a-las-ampas-de-carreno\\\/#mainImage\",\"width\":800,\"height\":600,\"caption\":\"Carre\\u00f1o\"},\"primaryImageOfPage\":{\"@id\":\"https:\\\/\\\/candas365.es\\\/noticias\\\/el-ayuntamiento-subvencionara-a-las-ampas-de-carreno\\\/#mainImage\"},\"datePublished\":\"2018-10-17T18:28:47+02:00\",\"dateModified\":\"2018-10-17T18:28:47+02:00\"},{\"@type\":\"WebSite\",\"@id\":\"https:\\\/\\\/candas365.es\\\/noticias\\\/#website\",\"url\":\"https:\\\/\\\/candas365.es\\\/noticias\\\/\",\"name\":\"Cand\\u00e1s 365\",\"alternateName\":\"Cand\\u00e1s 365 Noticias\",\"description\":\"Actualidad desde Carre\\u00f1o para el mundo\",\"inLanguage\":\"es-ES\",\"publisher\":{\"@id\":\"https:\\\/\\\/candas365.es\\\/noticias\\\/#organization\"}}]}\n\t\t<\/script>\n\t\t<!-- All in One SEO Pro -->\r\n\t\t<title>El Ayuntamiento subvencionar\u00e1 a las AMPAS de Carre\u00f1o | Cand\u00e1s 365<\/title>\n\n","aioseo_head_json":{"title":"El Ayuntamiento subvencionar\u00e1 a las AMPAS de Carre\u00f1o | Cand\u00e1s 365","description":"Iniciativas como el banco de libros, las jornadas socioculturales para el fin de curso, actividades extra escolares sobre patinaje, k\u00e1rate, baile, ingl\u00e9s , cocina, salidas socio-culturales,etc\u00e9tera son algunas de las actividades subvencionadas y que a lo largo del curso escolar impulsan las Asociaciones de Padres y Madres del alumnado que acude a los Centro Educativos","canonical_url":"https:\/\/candas365.es\/noticias\/el-ayuntamiento-subvencionara-a-las-ampas-de-carreno\/","robots":"max-image-preview:large","keywords":"noticias carre\u00f1o","webmasterTools":{"google-site-verification":"UA-32230408-1","msvalidate.01":"354F3CDFB2DA171B47FBE9ABF1F88D5","miscellaneous":""},"schema":{"@context":"https:\/\/schema.org","@graph":[{"@type":"BreadcrumbList","@id":"https:\/\/candas365.es\/noticias\/el-ayuntamiento-subvencionara-a-las-ampas-de-carreno\/#breadcrumblist","itemListElement":[{"@type":"ListItem","@id":"https:\/\/candas365.es\/noticias#listItem","position":1,"name":"Home","item":"https:\/\/candas365.es\/noticias","nextItem":{"@type":"ListItem","@id":"https:\/\/candas365.es\/noticias\/category\/noticias-carreno\/#listItem","name":"Noticias Carre\u00f1o"}},{"@type":"ListItem","@id":"https:\/\/candas365.es\/noticias\/category\/noticias-carreno\/#listItem","position":2,"name":"Noticias Carre\u00f1o","item":"https:\/\/candas365.es\/noticias\/category\/noticias-carreno\/","nextItem":{"@type":"ListItem","@id":"https:\/\/candas365.es\/noticias\/el-ayuntamiento-subvencionara-a-las-ampas-de-carreno\/#listItem","name":"El Ayuntamiento subvencionar\u00e1 a las AMPAS de Carre\u00f1o"},"previousItem":{"@type":"ListItem","@id":"https:\/\/candas365.es\/noticias#listItem","name":"Home"}},{"@type":"ListItem","@id":"https:\/\/candas365.es\/noticias\/el-ayuntamiento-subvencionara-a-las-ampas-de-carreno\/#listItem","position":3,"name":"El Ayuntamiento subvencionar\u00e1 a las AMPAS de Carre\u00f1o","previousItem":{"@type":"ListItem","@id":"https:\/\/candas365.es\/noticias\/category\/noticias-carreno\/#listItem","name":"Noticias Carre\u00f1o"}}]},{"@type":"NewsArticle","@id":"https:\/\/candas365.es\/noticias\/el-ayuntamiento-subvencionara-a-las-ampas-de-carreno\/#newsarticle","name":"El Ayuntamiento subvencionar\u00e1 a las AMPAS de Carre\u00f1o | Cand\u00e1s 365","headline":"El Ayuntamiento subvencionar\u00e1 a las AMPAS de Carre\u00f1o","author":{"@id":"https:\/\/candas365.es\/noticias\/author\/admin\/#author"},"publisher":{"@id":"https:\/\/candas365.es\/noticias\/#organization"},"image":{"@type":"ImageObject","url":"https:\/\/candas365.es\/noticias\/wp-content\/uploads\/2015\/01\/ayuntamiento.jpg","width":800,"height":600,"caption":"Carre\u00f1o"},"datePublished":"2018-10-17T18:28:47+02:00","dateModified":"2018-10-17T18:28:47+02:00","inLanguage":"es-ES","mainEntityOfPage":{"@id":"https:\/\/candas365.es\/noticias\/el-ayuntamiento-subvencionara-a-las-ampas-de-carreno\/#webpage"},"isPartOf":{"@id":"https:\/\/candas365.es\/noticias\/el-ayuntamiento-subvencionara-a-las-ampas-de-carreno\/#webpage"},"articleSection":"Noticias Carre\u00f1o","dateline":"Publicado el octubre 17, 2018."},{"@type":"Organization","@id":"https:\/\/candas365.es\/noticias\/#organization","name":"Cand\u00e1s 365","description":"Cand\u00e1s 365 es un diario digital independiente, fundado en 2012, con base en Asturias. Informamos con rigor sobre actualidad, sociedad, cultura y ocio, con una mirada local y global.","url":"https:\/\/candas365.es\/noticias\/","email":"info@candas365.es","telephone":"+34652131393","foundingDate":"2012-06-10","logo":{"@type":"ImageObject","url":"https:\/\/candas365.es\/noticias\/wp-content\/uploads\/2024\/09\/Candas-365-Redes.jpg","@id":"https:\/\/candas365.es\/noticias\/el-ayuntamiento-subvencionara-a-las-ampas-de-carreno\/#organizationLogo","width":1152,"height":864,"caption":"Cand\u00e1s 365 Redes"},"image":{"@id":"https:\/\/candas365.es\/noticias\/el-ayuntamiento-subvencionara-a-las-ampas-de-carreno\/#organizationLogo"},"sameAs":["https:\/\/www.facebook.com\/Nachofdezber","https:\/\/x.com\/NabercoDigital","https:\/\/www.instagram.com\/nachofdezber\/","https:\/\/www.youtube.com\/channel\/UCZP-2wLEB9Rv6erhFmqVnvg"],"address":{"@id":"https:\/\/candas365.es\/noticias\/#postaladdress","@type":"PostalAddress","streetAddress":"san antonio 4, san antonio 4","postalCode":"33430","addressLocality":"Cand\u00e1s","addressRegion":"Asturias","addressCountry":"ES"}},{"@type":"Person","@id":"https:\/\/candas365.es\/noticias\/author\/admin\/#author","url":"https:\/\/candas365.es\/noticias\/author\/admin\/","name":"Cand\u00e1s 365","image":{"@type":"ImageObject","@id":"https:\/\/candas365.es\/noticias\/el-ayuntamiento-subvencionara-a-las-ampas-de-carreno\/#authorImage","url":"https:\/\/secure.gravatar.com\/avatar\/496a8e03d0c493ede1718b7934145dbdf8d89be1036b0eec9544e1094c9de390?s=96&d=mm&r=g","width":96,"height":96,"caption":"Cand\u00e1s 365"},"sameAs":["https:\/\/www.facebook.com\/carrenoactualidad","https:\/\/twitter.com\/nbasturias","https:\/\/www.instagram.com\/nachofdezber\/","https:\/\/www.youtube.com\/channel\/UCZP-2wLEB9Rv6erhFmqVnvg"]},{"@type":"WebPage","@id":"https:\/\/candas365.es\/noticias\/el-ayuntamiento-subvencionara-a-las-ampas-de-carreno\/#webpage","url":"https:\/\/candas365.es\/noticias\/el-ayuntamiento-subvencionara-a-las-ampas-de-carreno\/","name":"El Ayuntamiento subvencionar\u00e1 a las AMPAS de Carre\u00f1o | Cand\u00e1s 365","description":"Iniciativas como el banco de libros, las jornadas socioculturales para el fin de curso, actividades extra escolares sobre patinaje, k\u00e1rate, baile, ingl\u00e9s , cocina, salidas socio-culturales,etc\u00e9tera son algunas de las actividades subvencionadas y que a lo largo del curso escolar impulsan las Asociaciones de Padres y Madres del alumnado que acude a los Centro Educativos","inLanguage":"es-ES","isPartOf":{"@id":"https:\/\/candas365.es\/noticias\/#website"},"breadcrumb":{"@id":"https:\/\/candas365.es\/noticias\/el-ayuntamiento-subvencionara-a-las-ampas-de-carreno\/#breadcrumblist"},"author":{"@id":"https:\/\/candas365.es\/noticias\/author\/admin\/#author"},"creator":{"@id":"https:\/\/candas365.es\/noticias\/author\/admin\/#author"},"image":{"@type":"ImageObject","url":"https:\/\/candas365.es\/noticias\/wp-content\/uploads\/2015\/01\/ayuntamiento.jpg","@id":"https:\/\/candas365.es\/noticias\/el-ayuntamiento-subvencionara-a-las-ampas-de-carreno\/#mainImage","width":800,"height":600,"caption":"Carre\u00f1o"},"primaryImageOfPage":{"@id":"https:\/\/candas365.es\/noticias\/el-ayuntamiento-subvencionara-a-las-ampas-de-carreno\/#mainImage"},"datePublished":"2018-10-17T18:28:47+02:00","dateModified":"2018-10-17T18:28:47+02:00"},{"@type":"WebSite","@id":"https:\/\/candas365.es\/noticias\/#website","url":"https:\/\/candas365.es\/noticias\/","name":"Cand\u00e1s 365","alternateName":"Cand\u00e1s 365 Noticias","description":"Actualidad desde Carre\u00f1o para el mundo","inLanguage":"es-ES","publisher":{"@id":"https:\/\/candas365.es\/noticias\/#organization"}}]},"og:locale":"es_ES","og:site_name":"Cand\u00e1s 365","og:type":"article","og:title":"El Ayuntamiento subvencionar\u00e1 a las AMPAS de Carre\u00f1o | Cand\u00e1s 365","og:description":"Iniciativas como el banco de libros, las jornadas socioculturales para el fin de curso, actividades extra escolares sobre patinaje, k\u00e1rate, baile, ingl\u00e9s , cocina, salidas socio-culturales,etc\u00e9tera son algunas de las actividades subvencionadas y que a lo largo del curso escolar impulsan las Asociaciones de Padres y Madres del alumnado que acude a los Centro Educativos","og:url":"https:\/\/candas365.es\/noticias\/el-ayuntamiento-subvencionara-a-las-ampas-de-carreno\/","og:image":"https:\/\/candas365.es\/noticias\/wp-content\/uploads\/2015\/01\/ayuntamiento.jpg","og:image:secure_url":"https:\/\/candas365.es\/noticias\/wp-content\/uploads\/2015\/01\/ayuntamiento.jpg","og:image:width":800,"og:image:height":600,"article:published_time":"2018-10-17T18:28:47+00:00","article:modified_time":"2018-10-17T18:28:47+00:00","article:publisher":"https:\/\/www.facebook.com\/Nachofdezber","article:author":"https:\/\/www.facebook.com\/carrenoactualidad","twitter:card":"summary_large_image","twitter:site":"@NabercoDigital","twitter:title":"El Ayuntamiento subvencionar\u00e1 a las AMPAS de Carre\u00f1o | Cand\u00e1s 365","twitter:description":"Iniciativas como el banco de libros, las jornadas socioculturales para el fin de curso, actividades extra escolares sobre patinaje, k\u00e1rate, baile, ingl\u00e9s , cocina, salidas socio-culturales,etc\u00e9tera son algunas de las actividades subvencionadas y que a lo largo del curso escolar impulsan las Asociaciones de Padres y Madres del alumnado que acude a los Centro Educativos","twitter:creator":"@nbasturias","twitter:image":"https:\/\/candas365.es\/noticias\/wp-content\/uploads\/2015\/01\/ayuntamiento.jpg","twitter:label1":"Escrito por","twitter:data1":"Cand\u00e1s 365","twitter:label2":"Tiempo de lectura estimado","twitter:data2":"4 minutos"},"aioseo_meta_data":{"post_id":"107972","title":null,"description":null,"keywords":null,"keyphrases":null,"primary_term":null,"canonical_url":null,"og_title":null,"og_description":null,"og_object_type":"default","og_image_type":"default","og_image_url":null,"og_image_width":null,"og_image_height":null,"og_image_custom_url":null,"og_image_custom_fields":null,"og_video":null,"og_custom_url":null,"og_article_section":null,"og_article_tags":null,"twitter_use_og":false,"twitter_card":"default","twitter_image_type":"default","twitter_image_url":null,"twitter_image_custom_url":null,"twitter_image_custom_fields":null,"twitter_title":null,"twitter_description":null,"schema":{"blockGraphs":[],"customGraphs":[],"default":{"data":{"Article":[],"Course":[],"Dataset":[],"FAQPage":[],"Movie":[],"Person":[],"Product":[],"ProductReview":[],"Car":[],"Recipe":[],"Service":[],"SoftwareApplication":[],"WebPage":[]},"graphName":"","isEnabled":true},"graphs":[]},"schema_type":null,"schema_type_options":null,"pillar_content":false,"robots_default":true,"robots_noindex":false,"robots_noarchive":false,"robots_nosnippet":false,"robots_nofollow":false,"robots_noimageindex":false,"robots_noodp":false,"robots_notranslate":false,"robots_max_snippet":null,"robots_max_videopreview":null,"robots_max_imagepreview":"large","priority":null,"frequency":null,"location":null,"local_seo":null,"seo_analyzer_scan_date":"2025-08-28 05:29:15","breadcrumb_settings":null,"limit_modified_date":false,"reviewed_by":null,"open_ai":null,"ai":null,"created":"2020-12-21 11:41:51","updated":"2025-08-28 05:29:15"},"aioseo_breadcrumb":"<div class=\"aioseo-breadcrumbs\"><span class=\"aioseo-breadcrumb\">\n\t<a href=\"https:\/\/candas365.es\/noticias\" title=\"Home\">Home<\/a>\n<\/span><span class=\"aioseo-breadcrumb-separator\">&ndash;<\/span><span class=\"aioseo-breadcrumb\">\n\t<a href=\"https:\/\/candas365.es\/noticias\/category\/noticias-carreno\/\" title=\"Noticias Carre\u00f1o\">Noticias Carre\u00f1o<\/a>\n<\/span><span class=\"aioseo-breadcrumb-separator\">&ndash;<\/span><span class=\"aioseo-breadcrumb\">\n\tEl Ayuntamiento subvencionar\u00e1 a las AMPAS de Carre\u00f1o\n<\/span><\/div>","aioseo_breadcrumb_json":[{"label":"Home","link":"https:\/\/candas365.es\/noticias"},{"label":"Noticias Carre\u00f1o","link":"https:\/\/candas365.es\/noticias\/category\/noticias-carreno\/"},{"label":"El Ayuntamiento subvencionar\u00e1 a las AMPAS de Carre\u00f1o","link":"https:\/\/candas365.es\/noticias\/el-ayuntamiento-subvencionara-a-las-ampas-de-carreno\/"}],"_links":{"self":[{"href":"https:\/\/candas365.es\/noticias\/wp-json\/wp\/v2\/posts\/107972","targetHints":{"allow":["GET"]}}],"collection":[{"href":"https:\/\/candas365.es\/noticias\/wp-json\/wp\/v2\/posts"}],"about":[{"href":"https:\/\/candas365.es\/noticias\/wp-json\/wp\/v2\/types\/post"}],"author":[{"embeddable":true,"href":"https:\/\/candas365.es\/noticias\/wp-json\/wp\/v2\/users\/1"}],"replies":[{"embeddable":true,"href":"https:\/\/candas365.es\/noticias\/wp-json\/wp\/v2\/comments?post=107972"}],"version-history":[{"count":0,"href":"https:\/\/candas365.es\/noticias\/wp-json\/wp\/v2\/posts\/107972\/revisions"}],"wp:featuredmedia":[{"embeddable":true,"href":"https:\/\/candas365.es\/noticias\/wp-json\/wp\/v2\/media\/6453"}],"wp:attachment":[{"href":"https:\/\/candas365.es\/noticias\/wp-json\/wp\/v2\/media?parent=107972"}],"wp:term":[{"taxonomy":"category","embeddable":true,"href":"https:\/\/candas365.es\/noticias\/wp-json\/wp\/v2\/categories?post=107972"},{"taxonomy":"post_tag","embeddable":true,"href":"https:\/\/candas365.es\/noticias\/wp-json\/wp\/v2\/tags?post=107972"}],"curies":[{"name":"wp","href":"https:\/\/api.w.org\/{rel}","templated":true}]}}