{"id":107912,"date":"2018-10-17T04:06:38","date_gmt":"2018-10-17T04:06:38","guid":{"rendered":"http:\/\/candas365.es\/noticias\/?p=107912"},"modified":"2018-10-17T04:06:38","modified_gmt":"2018-10-17T04:06:38","slug":"comienza-la-programacion-de-otono-de-laboral-cinemateca","status":"publish","type":"post","link":"https:\/\/candas365.es\/noticias\/comienza-la-programacion-de-otono-de-laboral-cinemateca\/","title":{"rendered":"Comienza la programaci\u00f3n de oto\u00f1o de Laboral Cinemateca"},"content":{"rendered":"<p><img fetchpriority=\"high\" decoding=\"async\" class=\"alignleft size-medium wp-image-80268\" src=\"https:\/\/candas365.es\/noticias\/wp-content\/uploads\/2017\/09\/Laboral-360x239.jpg\" alt=\"\" width=\"360\" height=\"239\" srcset=\"https:\/\/candas365.es\/noticias\/wp-content\/uploads\/2017\/09\/Laboral-360x239.jpg 360w, https:\/\/candas365.es\/noticias\/wp-content\/uploads\/2017\/09\/Laboral-768x511.jpg 768w, https:\/\/candas365.es\/noticias\/wp-content\/uploads\/2017\/09\/Laboral-655x435.jpg 655w, https:\/\/candas365.es\/noticias\/wp-content\/uploads\/2017\/09\/Laboral-696x463.jpg 696w, https:\/\/candas365.es\/noticias\/wp-content\/uploads\/2017\/09\/Laboral-1068x710.jpg 1068w, https:\/\/candas365.es\/noticias\/wp-content\/uploads\/2017\/09\/Laboral-632x420.jpg 632w, https:\/\/candas365.es\/noticias\/wp-content\/uploads\/2017\/09\/Laboral-84x55.jpg 84w, https:\/\/candas365.es\/noticias\/wp-content\/uploads\/2017\/09\/Laboral.jpg 1280w\" sizes=\"(max-width: 360px) 100vw, 360px\" \/>Laboral Cinemateca abre este s\u00e1bado su programaci\u00f3n de octubre con la multipremiada Girl del realizador belga Lukas Dhont, que incluye tambi\u00e9n la proyecci\u00f3n de la ganadora de Sitges Climax de Gaspar No\u00e9; la presentaci\u00f3n del documental El silencio de otros, producido por El Deseo, y el encuentro con realizadores del nuevo cine espa\u00f1ol como Meritxell Collel y Koldo Almandoz.<\/p>\n<p>La pel\u00edcula Girl del belga Lukas Dhont, que se proyectar\u00e1 el s\u00e1bado 20 y el viernes 26 de octubre a las 20.00 horas en el Paraninfo de la Laboral, fue una de las sensaciones en la pasada edici\u00f3n del Festival de Cannes, alz\u00e1ndose con cuatro galardones, entre ellos el prestigioso C\u00e1mara de Oro que se concede a la mejor \u00f3pera prima; el de mejor interpretaci\u00f3n para el joven actor Victor Polster; el premio FIPRESCI de la cr\u00edtica, y el Queer Palm 2018. Es adem\u00e1s una de las finalistas en los premios del Cine Europeo, optando tanto a mejor pel\u00edcula como al Premio Discovery, que reconoce a los nuevos directores.<\/p>\n<p>La identidad, la transformaci\u00f3n y la danza, temas de referencia en anteriores trabajos de Dhont, vuelven a reunirse en esta pel\u00edcula para contar la historia de Lara, una joven de 15 a\u00f1os que, nacida en el cuerpo de un ni\u00f1o, har\u00e1 todo lo posible por lograr su sue\u00f1o: convertirse en bailarina profesional.<\/p>\n<p>Completan la cartelera de octubre de Laboral Cinemateca los largometrajes El le\u00f3n duerme esta noche, del japon\u00e9s Nobuhiro Suwa, y Transit, de Christian Petzold, y la cinta francesa de animaci\u00f3n \u00a1Vaya bichos! que dirigen Arnaud Bouron y Antoon Krings.<\/p>\n<p>Jean-Pierre L\u00e9aud, icono de la Nouvelle vague francesa, regresa de nuevo a la pantalla grande de la mano del realizador japon\u00e9s Nobuhiro Suwa que con la sensibilidad tan caracter\u00edstica del autor de Yuki y Nina hace, en El le\u00f3n duerme esta noche, una profunda reflexi\u00f3n sobre la creaci\u00f3n art\u00edstica y un sentido homenaje al propio cine. La pel\u00edcula cuenta la historia de Jean, un viejo actor que decide instalarse clandestinamente en la casa en la que vivi\u00f3 su antiguo amor. All\u00ed, Jean se encontrar\u00e1, no solo con el fantasma de aquella joven, sino tambi\u00e9n con un grupo de ni\u00f1os que desean grabar una pel\u00edcula en esta mansi\u00f3n abandonada y piden a Jean que sea su protagonista. Este film se proyectar\u00e1 el domingo 21 de octubre, a las 19:00 horas.<\/p>\n<p>Christian Petzold (B\u00e1rbara, Phoenix) adapta la novela de Anna Seghers, Transit, para proponer una superposici\u00f3n temporal en torno a los fascismos. Petzold se vale de fantasmas, amores, fugas y desencuentros para hacer que el espectador establezca v\u00ednculos entre la Europa asediada y hundida de la Segunda Guerra Mundial con la actual, intolerante y que niega cobijo a los refugiados. El Paraninfo de la Laboral acoger\u00e1 la proyecci\u00f3n de este thriller rom\u00e1ntico el domingo 28, a las 19:00 horas.<\/p>\n<p>El mismo domingo, a las 17:30 horas, los m\u00e1s peque\u00f1os podr\u00e1n disfrutar de Vaya Bichos, la adaptaci\u00f3n cinematogr\u00e1fica de la exitosa colecci\u00f3n de libros de Antoon Krings Bichitos Curiosos, editados en Espa\u00f1a por Blume. En Vaya Bichos asistimos a las aventuras de Apolo, un grillo viajero de gran coraz\u00f3n, que ayudado por una abeja y un piojo muy divertido se lanzar\u00e1 a una peligrosa misi\u00f3n de rescate para salvar el reino de la malvada avispa Huguette.<\/p>\n<p>De cara a los pr\u00f3ximos meses el Paraninfo de la Laboral acoger\u00e1 tambi\u00e9n la proyecci\u00f3n de Climax, largometraje con el que Gaspar No\u00e9 se alz\u00f3 con los premios de la Quincena de Realizadores del Festival de Cannes 2018 y el de mejor pel\u00edcula en el de Sitges, o la \u00faltima pel\u00edcula del director rumano Constantin Popescu, Pororoca, entre otras pel\u00edculas de referencia del cine actual. Laboral Cinemateca contar\u00e1, adem\u00e1s, con la presencia de varios destacados cineastas que visitar\u00e1n Gij\u00f3n para presentar sus \u00faltimos trabajos. Es el caso de Koldo Almandoz, que mantendr\u00e1 un encuentro con los asistentes a la proyecci\u00f3n de su primer largometraje Oreina, o de la directora madrile\u00f1a Almudena Carracedo que visitar\u00e1 la Laboral para presentar su documental El silencio de otros, con el que consigui\u00f3 el Premio del P\u00fablico a Mejor Documental de la Secci\u00f3n Panorama en el Festival de Berl\u00edn.<\/p>\n<p>El domingo 9 de diciembre, Laboral Cinemateca acoger\u00e1 una jornada especial que a\u00fana cine y la pr\u00e1ctica esc\u00e9nica en torno a la proyecci\u00f3n de la pel\u00edcula Con el viento que ser\u00e1 presentada por la directora catalana Meritxel Colell. Previamente, la bailarina, performer y actriz asturiana M\u00f3nica Garc\u00eda, que protagoniza el film de Colell y que tambi\u00e9n participar\u00e1 en la presentaci\u00f3n, impartir\u00e1 el taller \u201cCine y danza: cuerpo y movimiento\u201d.<\/p>\n<p>Las localidades para las pel\u00edculas tienen precio general de 4\u20ac y reducido de 3\u20ac para los socios del Club Cultura Asturias y Carn\u00e9 Joven y para los usuarios del Pasaporte Cultura. Las entradas pueden adquirirse en la Recepci\u00f3n de la Laboral, en la Recepci\u00f3n del Centro Niemeyer en Avil\u00e9s, en el Centro de Informaci\u00f3n Tur\u00edstica del Principado en Oviedo, en entradas.liberbank.es, en el tel\u00e9fono 902 106 601 y en la red de cajeros Liberbank. Programaci\u00f3n completa disponible en www.laboralcinemateca.es.<\/p>\n","protected":false},"excerpt":{"rendered":"<p>Laboral Cinemateca abre este s\u00e1bado su programaci\u00f3n de octubre con la multipremiada Girl del realizador belga Lukas Dhont, que incluye tambi\u00e9n la proyecci\u00f3n de la ganadora de Sitges Climax de Gaspar No\u00e9; la presentaci\u00f3n del documental El silencio de otros, producido por El Deseo, y el encuentro con realizadores del nuevo cine espa\u00f1ol como Meritxell<\/p>\n","protected":false},"author":1,"featured_media":80268,"comment_status":"closed","ping_status":"closed","sticky":false,"template":"","format":"standard","meta":{"footnotes":""},"categories":[1],"tags":[],"class_list":{"0":"post-107912","1":"post","2":"type-post","3":"status-publish","4":"format-standard","5":"has-post-thumbnail","7":"category-agenda"},"aioseo_notices":[],"aioseo_head":"\n\t\t<!-- All in One SEO Pro 4.9.6.2 - aioseo.com -->\n\t<meta name=\"description\" content=\"Laboral Cinemateca abre este s\u00e1bado su programaci\u00f3n de octubre con la multipremiada Girl del realizador belga Lukas Dhont, que incluye tambi\u00e9n la proyecci\u00f3n de la ganadora de Sitges Climax de Gaspar No\u00e9; la presentaci\u00f3n del documental El silencio de otros, producido por El Deseo, y el encuentro con realizadores del nuevo cine espa\u00f1ol como Meritxell\" \/>\n\t<meta name=\"robots\" content=\"max-image-preview:large\" \/>\n\t<meta name=\"author\" content=\"Cand\u00e1s 365\"\/>\n\t<meta name=\"google-site-verification\" content=\"UA-32230408-1\" \/>\n\t<meta name=\"msvalidate.01\" content=\"354F3CDFB2DA171B47FBE9ABF1F88D5\" \/>\n\t<meta name=\"keywords\" content=\"agenda\" \/>\n\t<link rel=\"canonical\" href=\"https:\/\/candas365.es\/noticias\/comienza-la-programacion-de-otono-de-laboral-cinemateca\/\" \/>\n\t<meta name=\"generator\" content=\"All in One SEO Pro (AIOSEO) 4.9.6.2\" \/>\n\t\t<meta property=\"og:locale\" content=\"es_ES\" \/>\n\t\t<meta property=\"og:site_name\" content=\"Cand\u00e1s 365\" \/>\n\t\t<meta property=\"og:type\" content=\"article\" \/>\n\t\t<meta property=\"og:title\" content=\"Comienza la programaci\u00f3n de oto\u00f1o de Laboral Cinemateca | Cand\u00e1s 365\" \/>\n\t\t<meta property=\"og:description\" content=\"Laboral Cinemateca abre este s\u00e1bado su programaci\u00f3n de octubre con la multipremiada Girl del realizador belga Lukas Dhont, que incluye tambi\u00e9n la proyecci\u00f3n de la ganadora de Sitges Climax de Gaspar No\u00e9; la presentaci\u00f3n del documental El silencio de otros, producido por El Deseo, y el encuentro con realizadores del nuevo cine espa\u00f1ol como Meritxell\" \/>\n\t\t<meta property=\"og:url\" content=\"https:\/\/candas365.es\/noticias\/comienza-la-programacion-de-otono-de-laboral-cinemateca\/\" \/>\n\t\t<meta property=\"og:image\" content=\"https:\/\/candas365.es\/noticias\/wp-content\/uploads\/2017\/09\/Laboral.jpg\" \/>\n\t\t<meta property=\"og:image:secure_url\" content=\"https:\/\/candas365.es\/noticias\/wp-content\/uploads\/2017\/09\/Laboral.jpg\" \/>\n\t\t<meta property=\"og:image:width\" content=\"1280\" \/>\n\t\t<meta property=\"og:image:height\" content=\"851\" \/>\n\t\t<meta property=\"article:published_time\" content=\"2018-10-17T04:06:38+00:00\" \/>\n\t\t<meta property=\"article:modified_time\" content=\"2018-10-17T04:06:38+00:00\" \/>\n\t\t<meta property=\"article:publisher\" content=\"https:\/\/www.facebook.com\/Nachofdezber\" \/>\n\t\t<meta property=\"article:author\" content=\"https:\/\/www.facebook.com\/carrenoactualidad\" \/>\n\t\t<meta name=\"twitter:card\" content=\"summary_large_image\" \/>\n\t\t<meta name=\"twitter:site\" content=\"@NabercoDigital\" \/>\n\t\t<meta name=\"twitter:title\" content=\"Comienza la programaci\u00f3n de oto\u00f1o de Laboral Cinemateca | Cand\u00e1s 365\" \/>\n\t\t<meta name=\"twitter:description\" content=\"Laboral Cinemateca abre este s\u00e1bado su programaci\u00f3n de octubre con la multipremiada Girl del realizador belga Lukas Dhont, que incluye tambi\u00e9n la proyecci\u00f3n de la ganadora de Sitges Climax de Gaspar No\u00e9; la presentaci\u00f3n del documental El silencio de otros, producido por El Deseo, y el encuentro con realizadores del nuevo cine espa\u00f1ol como Meritxell\" \/>\n\t\t<meta name=\"twitter:creator\" content=\"@nbasturias\" \/>\n\t\t<meta name=\"twitter:image\" content=\"https:\/\/candas365.es\/noticias\/wp-content\/uploads\/2017\/09\/Laboral.jpg\" \/>\n\t\t<meta name=\"twitter:label1\" content=\"Escrito por\" \/>\n\t\t<meta name=\"twitter:data1\" content=\"Cand\u00e1s 365\" \/>\n\t\t<meta name=\"twitter:label2\" content=\"Tiempo de lectura estimado\" \/>\n\t\t<meta name=\"twitter:data2\" content=\"5 minutos\" \/>\n\t\t<script type=\"application\/ld+json\" class=\"aioseo-schema\">\n\t\t\t{\"@context\":\"https:\\\/\\\/schema.org\",\"@graph\":[{\"@type\":\"BreadcrumbList\",\"@id\":\"https:\\\/\\\/candas365.es\\\/noticias\\\/comienza-la-programacion-de-otono-de-laboral-cinemateca\\\/#breadcrumblist\",\"itemListElement\":[{\"@type\":\"ListItem\",\"@id\":\"https:\\\/\\\/candas365.es\\\/noticias#listItem\",\"position\":1,\"name\":\"Home\",\"item\":\"https:\\\/\\\/candas365.es\\\/noticias\",\"nextItem\":{\"@type\":\"ListItem\",\"@id\":\"https:\\\/\\\/candas365.es\\\/noticias\\\/category\\\/agenda\\\/#listItem\",\"name\":\"Agenda\"}},{\"@type\":\"ListItem\",\"@id\":\"https:\\\/\\\/candas365.es\\\/noticias\\\/category\\\/agenda\\\/#listItem\",\"position\":2,\"name\":\"Agenda\",\"item\":\"https:\\\/\\\/candas365.es\\\/noticias\\\/category\\\/agenda\\\/\",\"nextItem\":{\"@type\":\"ListItem\",\"@id\":\"https:\\\/\\\/candas365.es\\\/noticias\\\/comienza-la-programacion-de-otono-de-laboral-cinemateca\\\/#listItem\",\"name\":\"Comienza la programaci\\u00f3n de oto\\u00f1o de Laboral Cinemateca\"},\"previousItem\":{\"@type\":\"ListItem\",\"@id\":\"https:\\\/\\\/candas365.es\\\/noticias#listItem\",\"name\":\"Home\"}},{\"@type\":\"ListItem\",\"@id\":\"https:\\\/\\\/candas365.es\\\/noticias\\\/comienza-la-programacion-de-otono-de-laboral-cinemateca\\\/#listItem\",\"position\":3,\"name\":\"Comienza la programaci\\u00f3n de oto\\u00f1o de Laboral Cinemateca\",\"previousItem\":{\"@type\":\"ListItem\",\"@id\":\"https:\\\/\\\/candas365.es\\\/noticias\\\/category\\\/agenda\\\/#listItem\",\"name\":\"Agenda\"}}]},{\"@type\":\"NewsArticle\",\"@id\":\"https:\\\/\\\/candas365.es\\\/noticias\\\/comienza-la-programacion-de-otono-de-laboral-cinemateca\\\/#newsarticle\",\"name\":\"Comienza la programaci\\u00f3n de oto\\u00f1o de Laboral Cinemateca | Cand\\u00e1s 365\",\"headline\":\"Comienza la programaci\\u00f3n de oto\\u00f1o de Laboral Cinemateca\",\"author\":{\"@id\":\"https:\\\/\\\/candas365.es\\\/noticias\\\/author\\\/admin\\\/#author\"},\"publisher\":{\"@id\":\"https:\\\/\\\/candas365.es\\\/noticias\\\/#organization\"},\"image\":{\"@type\":\"ImageObject\",\"url\":\"https:\\\/\\\/candas365.es\\\/noticias\\\/wp-content\\\/uploads\\\/2017\\\/09\\\/Laboral.jpg\",\"width\":1280,\"height\":851},\"datePublished\":\"2018-10-17T04:06:38+02:00\",\"dateModified\":\"2018-10-17T04:06:38+02:00\",\"inLanguage\":\"es-ES\",\"mainEntityOfPage\":{\"@id\":\"https:\\\/\\\/candas365.es\\\/noticias\\\/comienza-la-programacion-de-otono-de-laboral-cinemateca\\\/#webpage\"},\"isPartOf\":{\"@id\":\"https:\\\/\\\/candas365.es\\\/noticias\\\/comienza-la-programacion-de-otono-de-laboral-cinemateca\\\/#webpage\"},\"articleSection\":\"Agenda\",\"dateline\":\"Publicado el octubre 17, 2018.\"},{\"@type\":\"Organization\",\"@id\":\"https:\\\/\\\/candas365.es\\\/noticias\\\/#organization\",\"name\":\"Cand\\u00e1s 365\",\"description\":\"Cand\\u00e1s 365 es un diario digital independiente, fundado en 2012, con base en Asturias. Informamos con rigor sobre actualidad, sociedad, cultura y ocio, con una mirada local y global.\",\"url\":\"https:\\\/\\\/candas365.es\\\/noticias\\\/\",\"email\":\"info@candas365.es\",\"telephone\":\"+34652131393\",\"foundingDate\":\"2012-06-10\",\"logo\":{\"@type\":\"ImageObject\",\"url\":\"https:\\\/\\\/candas365.es\\\/noticias\\\/wp-content\\\/uploads\\\/2024\\\/09\\\/Candas-365-Redes.jpg\",\"@id\":\"https:\\\/\\\/candas365.es\\\/noticias\\\/comienza-la-programacion-de-otono-de-laboral-cinemateca\\\/#organizationLogo\",\"width\":1152,\"height\":864,\"caption\":\"Cand\\u00e1s 365 Redes\"},\"image\":{\"@id\":\"https:\\\/\\\/candas365.es\\\/noticias\\\/comienza-la-programacion-de-otono-de-laboral-cinemateca\\\/#organizationLogo\"},\"sameAs\":[\"https:\\\/\\\/www.facebook.com\\\/Nachofdezber\",\"https:\\\/\\\/x.com\\\/NabercoDigital\",\"https:\\\/\\\/www.instagram.com\\\/nachofdezber\\\/\",\"https:\\\/\\\/www.youtube.com\\\/channel\\\/UCZP-2wLEB9Rv6erhFmqVnvg\"],\"address\":{\"@id\":\"https:\\\/\\\/candas365.es\\\/noticias\\\/#postaladdress\",\"@type\":\"PostalAddress\",\"streetAddress\":\"san antonio 4, san antonio 4\",\"postalCode\":\"33430\",\"addressLocality\":\"Cand\\u00e1s\",\"addressRegion\":\"Asturias\",\"addressCountry\":\"ES\"}},{\"@type\":\"Person\",\"@id\":\"https:\\\/\\\/candas365.es\\\/noticias\\\/author\\\/admin\\\/#author\",\"url\":\"https:\\\/\\\/candas365.es\\\/noticias\\\/author\\\/admin\\\/\",\"name\":\"Cand\\u00e1s 365\",\"image\":{\"@type\":\"ImageObject\",\"@id\":\"https:\\\/\\\/candas365.es\\\/noticias\\\/comienza-la-programacion-de-otono-de-laboral-cinemateca\\\/#authorImage\",\"url\":\"https:\\\/\\\/secure.gravatar.com\\\/avatar\\\/496a8e03d0c493ede1718b7934145dbdf8d89be1036b0eec9544e1094c9de390?s=96&d=mm&r=g\",\"width\":96,\"height\":96,\"caption\":\"Cand\\u00e1s 365\"},\"sameAs\":[\"https:\\\/\\\/www.facebook.com\\\/carrenoactualidad\",\"https:\\\/\\\/twitter.com\\\/nbasturias\",\"https:\\\/\\\/www.instagram.com\\\/nachofdezber\\\/\",\"https:\\\/\\\/www.youtube.com\\\/channel\\\/UCZP-2wLEB9Rv6erhFmqVnvg\"]},{\"@type\":\"WebPage\",\"@id\":\"https:\\\/\\\/candas365.es\\\/noticias\\\/comienza-la-programacion-de-otono-de-laboral-cinemateca\\\/#webpage\",\"url\":\"https:\\\/\\\/candas365.es\\\/noticias\\\/comienza-la-programacion-de-otono-de-laboral-cinemateca\\\/\",\"name\":\"Comienza la programaci\\u00f3n de oto\\u00f1o de Laboral Cinemateca | Cand\\u00e1s 365\",\"description\":\"Laboral Cinemateca abre este s\\u00e1bado su programaci\\u00f3n de octubre con la multipremiada Girl del realizador belga Lukas Dhont, que incluye tambi\\u00e9n la proyecci\\u00f3n de la ganadora de Sitges Climax de Gaspar No\\u00e9; la presentaci\\u00f3n del documental El silencio de otros, producido por El Deseo, y el encuentro con realizadores del nuevo cine espa\\u00f1ol como Meritxell\",\"inLanguage\":\"es-ES\",\"isPartOf\":{\"@id\":\"https:\\\/\\\/candas365.es\\\/noticias\\\/#website\"},\"breadcrumb\":{\"@id\":\"https:\\\/\\\/candas365.es\\\/noticias\\\/comienza-la-programacion-de-otono-de-laboral-cinemateca\\\/#breadcrumblist\"},\"author\":{\"@id\":\"https:\\\/\\\/candas365.es\\\/noticias\\\/author\\\/admin\\\/#author\"},\"creator\":{\"@id\":\"https:\\\/\\\/candas365.es\\\/noticias\\\/author\\\/admin\\\/#author\"},\"image\":{\"@type\":\"ImageObject\",\"url\":\"https:\\\/\\\/candas365.es\\\/noticias\\\/wp-content\\\/uploads\\\/2017\\\/09\\\/Laboral.jpg\",\"@id\":\"https:\\\/\\\/candas365.es\\\/noticias\\\/comienza-la-programacion-de-otono-de-laboral-cinemateca\\\/#mainImage\",\"width\":1280,\"height\":851},\"primaryImageOfPage\":{\"@id\":\"https:\\\/\\\/candas365.es\\\/noticias\\\/comienza-la-programacion-de-otono-de-laboral-cinemateca\\\/#mainImage\"},\"datePublished\":\"2018-10-17T04:06:38+02:00\",\"dateModified\":\"2018-10-17T04:06:38+02:00\"},{\"@type\":\"WebSite\",\"@id\":\"https:\\\/\\\/candas365.es\\\/noticias\\\/#website\",\"url\":\"https:\\\/\\\/candas365.es\\\/noticias\\\/\",\"name\":\"Cand\\u00e1s 365\",\"alternateName\":\"Cand\\u00e1s 365 Noticias\",\"description\":\"Actualidad desde Carre\\u00f1o para el mundo\",\"inLanguage\":\"es-ES\",\"publisher\":{\"@id\":\"https:\\\/\\\/candas365.es\\\/noticias\\\/#organization\"}}]}\n\t\t<\/script>\n\t\t<!-- All in One SEO Pro -->\r\n\t\t<title>Comienza la programaci\u00f3n de oto\u00f1o de Laboral Cinemateca | Cand\u00e1s 365<\/title>\n\n","aioseo_head_json":{"title":"Comienza la programaci\u00f3n de oto\u00f1o de Laboral Cinemateca | Cand\u00e1s 365","description":"Laboral Cinemateca abre este s\u00e1bado su programaci\u00f3n de octubre con la multipremiada Girl del realizador belga Lukas Dhont, que incluye tambi\u00e9n la proyecci\u00f3n de la ganadora de Sitges Climax de Gaspar No\u00e9; la presentaci\u00f3n del documental El silencio de otros, producido por El Deseo, y el encuentro con realizadores del nuevo cine espa\u00f1ol como Meritxell","canonical_url":"https:\/\/candas365.es\/noticias\/comienza-la-programacion-de-otono-de-laboral-cinemateca\/","robots":"max-image-preview:large","keywords":"agenda","webmasterTools":{"google-site-verification":"UA-32230408-1","msvalidate.01":"354F3CDFB2DA171B47FBE9ABF1F88D5","miscellaneous":""},"schema":{"@context":"https:\/\/schema.org","@graph":[{"@type":"BreadcrumbList","@id":"https:\/\/candas365.es\/noticias\/comienza-la-programacion-de-otono-de-laboral-cinemateca\/#breadcrumblist","itemListElement":[{"@type":"ListItem","@id":"https:\/\/candas365.es\/noticias#listItem","position":1,"name":"Home","item":"https:\/\/candas365.es\/noticias","nextItem":{"@type":"ListItem","@id":"https:\/\/candas365.es\/noticias\/category\/agenda\/#listItem","name":"Agenda"}},{"@type":"ListItem","@id":"https:\/\/candas365.es\/noticias\/category\/agenda\/#listItem","position":2,"name":"Agenda","item":"https:\/\/candas365.es\/noticias\/category\/agenda\/","nextItem":{"@type":"ListItem","@id":"https:\/\/candas365.es\/noticias\/comienza-la-programacion-de-otono-de-laboral-cinemateca\/#listItem","name":"Comienza la programaci\u00f3n de oto\u00f1o de Laboral Cinemateca"},"previousItem":{"@type":"ListItem","@id":"https:\/\/candas365.es\/noticias#listItem","name":"Home"}},{"@type":"ListItem","@id":"https:\/\/candas365.es\/noticias\/comienza-la-programacion-de-otono-de-laboral-cinemateca\/#listItem","position":3,"name":"Comienza la programaci\u00f3n de oto\u00f1o de Laboral Cinemateca","previousItem":{"@type":"ListItem","@id":"https:\/\/candas365.es\/noticias\/category\/agenda\/#listItem","name":"Agenda"}}]},{"@type":"NewsArticle","@id":"https:\/\/candas365.es\/noticias\/comienza-la-programacion-de-otono-de-laboral-cinemateca\/#newsarticle","name":"Comienza la programaci\u00f3n de oto\u00f1o de Laboral Cinemateca | Cand\u00e1s 365","headline":"Comienza la programaci\u00f3n de oto\u00f1o de Laboral Cinemateca","author":{"@id":"https:\/\/candas365.es\/noticias\/author\/admin\/#author"},"publisher":{"@id":"https:\/\/candas365.es\/noticias\/#organization"},"image":{"@type":"ImageObject","url":"https:\/\/candas365.es\/noticias\/wp-content\/uploads\/2017\/09\/Laboral.jpg","width":1280,"height":851},"datePublished":"2018-10-17T04:06:38+02:00","dateModified":"2018-10-17T04:06:38+02:00","inLanguage":"es-ES","mainEntityOfPage":{"@id":"https:\/\/candas365.es\/noticias\/comienza-la-programacion-de-otono-de-laboral-cinemateca\/#webpage"},"isPartOf":{"@id":"https:\/\/candas365.es\/noticias\/comienza-la-programacion-de-otono-de-laboral-cinemateca\/#webpage"},"articleSection":"Agenda","dateline":"Publicado el octubre 17, 2018."},{"@type":"Organization","@id":"https:\/\/candas365.es\/noticias\/#organization","name":"Cand\u00e1s 365","description":"Cand\u00e1s 365 es un diario digital independiente, fundado en 2012, con base en Asturias. Informamos con rigor sobre actualidad, sociedad, cultura y ocio, con una mirada local y global.","url":"https:\/\/candas365.es\/noticias\/","email":"info@candas365.es","telephone":"+34652131393","foundingDate":"2012-06-10","logo":{"@type":"ImageObject","url":"https:\/\/candas365.es\/noticias\/wp-content\/uploads\/2024\/09\/Candas-365-Redes.jpg","@id":"https:\/\/candas365.es\/noticias\/comienza-la-programacion-de-otono-de-laboral-cinemateca\/#organizationLogo","width":1152,"height":864,"caption":"Cand\u00e1s 365 Redes"},"image":{"@id":"https:\/\/candas365.es\/noticias\/comienza-la-programacion-de-otono-de-laboral-cinemateca\/#organizationLogo"},"sameAs":["https:\/\/www.facebook.com\/Nachofdezber","https:\/\/x.com\/NabercoDigital","https:\/\/www.instagram.com\/nachofdezber\/","https:\/\/www.youtube.com\/channel\/UCZP-2wLEB9Rv6erhFmqVnvg"],"address":{"@id":"https:\/\/candas365.es\/noticias\/#postaladdress","@type":"PostalAddress","streetAddress":"san antonio 4, san antonio 4","postalCode":"33430","addressLocality":"Cand\u00e1s","addressRegion":"Asturias","addressCountry":"ES"}},{"@type":"Person","@id":"https:\/\/candas365.es\/noticias\/author\/admin\/#author","url":"https:\/\/candas365.es\/noticias\/author\/admin\/","name":"Cand\u00e1s 365","image":{"@type":"ImageObject","@id":"https:\/\/candas365.es\/noticias\/comienza-la-programacion-de-otono-de-laboral-cinemateca\/#authorImage","url":"https:\/\/secure.gravatar.com\/avatar\/496a8e03d0c493ede1718b7934145dbdf8d89be1036b0eec9544e1094c9de390?s=96&d=mm&r=g","width":96,"height":96,"caption":"Cand\u00e1s 365"},"sameAs":["https:\/\/www.facebook.com\/carrenoactualidad","https:\/\/twitter.com\/nbasturias","https:\/\/www.instagram.com\/nachofdezber\/","https:\/\/www.youtube.com\/channel\/UCZP-2wLEB9Rv6erhFmqVnvg"]},{"@type":"WebPage","@id":"https:\/\/candas365.es\/noticias\/comienza-la-programacion-de-otono-de-laboral-cinemateca\/#webpage","url":"https:\/\/candas365.es\/noticias\/comienza-la-programacion-de-otono-de-laboral-cinemateca\/","name":"Comienza la programaci\u00f3n de oto\u00f1o de Laboral Cinemateca | Cand\u00e1s 365","description":"Laboral Cinemateca abre este s\u00e1bado su programaci\u00f3n de octubre con la multipremiada Girl del realizador belga Lukas Dhont, que incluye tambi\u00e9n la proyecci\u00f3n de la ganadora de Sitges Climax de Gaspar No\u00e9; la presentaci\u00f3n del documental El silencio de otros, producido por El Deseo, y el encuentro con realizadores del nuevo cine espa\u00f1ol como Meritxell","inLanguage":"es-ES","isPartOf":{"@id":"https:\/\/candas365.es\/noticias\/#website"},"breadcrumb":{"@id":"https:\/\/candas365.es\/noticias\/comienza-la-programacion-de-otono-de-laboral-cinemateca\/#breadcrumblist"},"author":{"@id":"https:\/\/candas365.es\/noticias\/author\/admin\/#author"},"creator":{"@id":"https:\/\/candas365.es\/noticias\/author\/admin\/#author"},"image":{"@type":"ImageObject","url":"https:\/\/candas365.es\/noticias\/wp-content\/uploads\/2017\/09\/Laboral.jpg","@id":"https:\/\/candas365.es\/noticias\/comienza-la-programacion-de-otono-de-laboral-cinemateca\/#mainImage","width":1280,"height":851},"primaryImageOfPage":{"@id":"https:\/\/candas365.es\/noticias\/comienza-la-programacion-de-otono-de-laboral-cinemateca\/#mainImage"},"datePublished":"2018-10-17T04:06:38+02:00","dateModified":"2018-10-17T04:06:38+02:00"},{"@type":"WebSite","@id":"https:\/\/candas365.es\/noticias\/#website","url":"https:\/\/candas365.es\/noticias\/","name":"Cand\u00e1s 365","alternateName":"Cand\u00e1s 365 Noticias","description":"Actualidad desde Carre\u00f1o para el mundo","inLanguage":"es-ES","publisher":{"@id":"https:\/\/candas365.es\/noticias\/#organization"}}]},"og:locale":"es_ES","og:site_name":"Cand\u00e1s 365","og:type":"article","og:title":"Comienza la programaci\u00f3n de oto\u00f1o de Laboral Cinemateca | Cand\u00e1s 365","og:description":"Laboral Cinemateca abre este s\u00e1bado su programaci\u00f3n de octubre con la multipremiada Girl del realizador belga Lukas Dhont, que incluye tambi\u00e9n la proyecci\u00f3n de la ganadora de Sitges Climax de Gaspar No\u00e9; la presentaci\u00f3n del documental El silencio de otros, producido por El Deseo, y el encuentro con realizadores del nuevo cine espa\u00f1ol como Meritxell","og:url":"https:\/\/candas365.es\/noticias\/comienza-la-programacion-de-otono-de-laboral-cinemateca\/","og:image":"https:\/\/candas365.es\/noticias\/wp-content\/uploads\/2017\/09\/Laboral.jpg","og:image:secure_url":"https:\/\/candas365.es\/noticias\/wp-content\/uploads\/2017\/09\/Laboral.jpg","og:image:width":1280,"og:image:height":851,"article:published_time":"2018-10-17T04:06:38+00:00","article:modified_time":"2018-10-17T04:06:38+00:00","article:publisher":"https:\/\/www.facebook.com\/Nachofdezber","article:author":"https:\/\/www.facebook.com\/carrenoactualidad","twitter:card":"summary_large_image","twitter:site":"@NabercoDigital","twitter:title":"Comienza la programaci\u00f3n de oto\u00f1o de Laboral Cinemateca | Cand\u00e1s 365","twitter:description":"Laboral Cinemateca abre este s\u00e1bado su programaci\u00f3n de octubre con la multipremiada Girl del realizador belga Lukas Dhont, que incluye tambi\u00e9n la proyecci\u00f3n de la ganadora de Sitges Climax de Gaspar No\u00e9; la presentaci\u00f3n del documental El silencio de otros, producido por El Deseo, y el encuentro con realizadores del nuevo cine espa\u00f1ol como Meritxell","twitter:creator":"@nbasturias","twitter:image":"https:\/\/candas365.es\/noticias\/wp-content\/uploads\/2017\/09\/Laboral.jpg","twitter:label1":"Escrito por","twitter:data1":"Cand\u00e1s 365","twitter:label2":"Tiempo de lectura estimado","twitter:data2":"5 minutos"},"aioseo_meta_data":{"post_id":"107912","title":null,"description":null,"keywords":null,"keyphrases":null,"primary_term":null,"canonical_url":null,"og_title":null,"og_description":null,"og_object_type":"default","og_image_type":"default","og_image_url":null,"og_image_width":null,"og_image_height":null,"og_image_custom_url":null,"og_image_custom_fields":null,"og_video":null,"og_custom_url":null,"og_article_section":null,"og_article_tags":null,"twitter_use_og":false,"twitter_card":"default","twitter_image_type":"default","twitter_image_url":null,"twitter_image_custom_url":null,"twitter_image_custom_fields":null,"twitter_title":null,"twitter_description":null,"schema":{"blockGraphs":[],"customGraphs":[],"default":{"data":{"Article":[],"Course":[],"Dataset":[],"FAQPage":[],"Movie":[],"Person":[],"Product":[],"ProductReview":[],"Car":[],"Recipe":[],"Service":[],"SoftwareApplication":[],"WebPage":[]},"graphName":"","isEnabled":true},"graphs":[],"defaultGraph":"","defaultPostTypeGraph":""},"schema_type":null,"schema_type_options":null,"pillar_content":false,"robots_default":true,"robots_noindex":false,"robots_noarchive":false,"robots_nosnippet":false,"robots_nofollow":false,"robots_noimageindex":false,"robots_noodp":false,"robots_notranslate":false,"robots_max_snippet":null,"robots_max_videopreview":null,"robots_max_imagepreview":"large","priority":null,"frequency":null,"location":null,"local_seo":null,"seo_analyzer_scan_date":"2025-08-28 05:19:20","breadcrumb_settings":null,"limit_modified_date":false,"reviewed_by":null,"open_ai":null,"ai":null,"created":"2020-12-21 11:41:51","updated":"2025-08-28 05:19:20"},"aioseo_breadcrumb":"<div class=\"aioseo-breadcrumbs\"><span class=\"aioseo-breadcrumb\">\n\t<a href=\"https:\/\/candas365.es\/noticias\" title=\"Home\">Home<\/a>\n<\/span><span class=\"aioseo-breadcrumb-separator\">&ndash;<\/span><span class=\"aioseo-breadcrumb\">\n\t<a href=\"https:\/\/candas365.es\/noticias\/category\/agenda\/\" title=\"Agenda\">Agenda<\/a>\n<\/span><span class=\"aioseo-breadcrumb-separator\">&ndash;<\/span><span class=\"aioseo-breadcrumb\">\n\tComienza la programaci\u00f3n de oto\u00f1o de Laboral Cinemateca\n<\/span><\/div>","aioseo_breadcrumb_json":[{"label":"Home","link":"https:\/\/candas365.es\/noticias"},{"label":"Agenda","link":"https:\/\/candas365.es\/noticias\/category\/agenda\/"},{"label":"Comienza la programaci\u00f3n de oto\u00f1o de Laboral Cinemateca","link":"https:\/\/candas365.es\/noticias\/comienza-la-programacion-de-otono-de-laboral-cinemateca\/"}],"_links":{"self":[{"href":"https:\/\/candas365.es\/noticias\/wp-json\/wp\/v2\/posts\/107912","targetHints":{"allow":["GET"]}}],"collection":[{"href":"https:\/\/candas365.es\/noticias\/wp-json\/wp\/v2\/posts"}],"about":[{"href":"https:\/\/candas365.es\/noticias\/wp-json\/wp\/v2\/types\/post"}],"author":[{"embeddable":true,"href":"https:\/\/candas365.es\/noticias\/wp-json\/wp\/v2\/users\/1"}],"replies":[{"embeddable":true,"href":"https:\/\/candas365.es\/noticias\/wp-json\/wp\/v2\/comments?post=107912"}],"version-history":[{"count":0,"href":"https:\/\/candas365.es\/noticias\/wp-json\/wp\/v2\/posts\/107912\/revisions"}],"wp:featuredmedia":[{"embeddable":true,"href":"https:\/\/candas365.es\/noticias\/wp-json\/wp\/v2\/media\/80268"}],"wp:attachment":[{"href":"https:\/\/candas365.es\/noticias\/wp-json\/wp\/v2\/media?parent=107912"}],"wp:term":[{"taxonomy":"category","embeddable":true,"href":"https:\/\/candas365.es\/noticias\/wp-json\/wp\/v2\/categories?post=107912"},{"taxonomy":"post_tag","embeddable":true,"href":"https:\/\/candas365.es\/noticias\/wp-json\/wp\/v2\/tags?post=107912"}],"curies":[{"name":"wp","href":"https:\/\/api.w.org\/{rel}","templated":true}]}}