{"id":107798,"date":"2018-10-15T13:47:46","date_gmt":"2018-10-15T13:47:46","guid":{"rendered":"http:\/\/candas365.es\/noticias\/?p=107798"},"modified":"2018-10-15T13:47:46","modified_gmt":"2018-10-15T13:47:46","slug":"yo-tengo-derecho-a-jugar-en-la-laboral","status":"publish","type":"post","link":"https:\/\/candas365.es\/noticias\/yo-tengo-derecho-a-jugar-en-la-laboral\/","title":{"rendered":"\u00abYo tengo derecho a jugar\u00bb en la Laboral"},"content":{"rendered":"<p><strong><img fetchpriority=\"high\" decoding=\"async\" class=\"alignleft size-medium wp-image-107799\" src=\"https:\/\/candas365.es\/noticias\/wp-content\/uploads\/2018\/10\/CantaJuegos-360x240.jpg\" alt=\"\" width=\"360\" height=\"240\" srcset=\"https:\/\/candas365.es\/noticias\/wp-content\/uploads\/2018\/10\/CantaJuegos-360x240.jpg 360w, https:\/\/candas365.es\/noticias\/wp-content\/uploads\/2018\/10\/CantaJuegos-768x512.jpg 768w, https:\/\/candas365.es\/noticias\/wp-content\/uploads\/2018\/10\/CantaJuegos-655x437.jpg 655w, https:\/\/candas365.es\/noticias\/wp-content\/uploads\/2018\/10\/CantaJuegos-696x464.jpg 696w, https:\/\/candas365.es\/noticias\/wp-content\/uploads\/2018\/10\/CantaJuegos-1068x712.jpg 1068w, https:\/\/candas365.es\/noticias\/wp-content\/uploads\/2018\/10\/CantaJuegos-630x420.jpg 630w, https:\/\/candas365.es\/noticias\/wp-content\/uploads\/2018\/10\/CantaJuegos.jpg 1620w\" sizes=\"(max-width: 360px) 100vw, 360px\" \/>CantaJuego<\/strong> presenta su nuevo espect\u00e1culo <strong>Yo tengo derecho a jugar<\/strong> este domingo 21 de octubre <strong>en el Teatro de Laboral Ciudad de la Cultura<\/strong>, en una doble funci\u00f3n a las 12:30 y 17:00 horas.<\/p>\n<p>El p\u00fablico podr\u00e1 disfrutar de la nueva propuesta de este exitoso grupo que lleva m\u00e1s de 10 a\u00f1os girando ininterrumpidamente por Espa\u00f1a, convocando a toda la familia para cantar, bailar y participar al ritmo de sus pegadizas canciones.<\/p>\n<p>En esta oportunidad, los componentes de CantaJuego despliegan toda su energ\u00eda a trav\u00e9s de las canciones m\u00e1s populares de su extenso repertorio, incluyendo los hits de Viva mi Planeta, su \u00faltimo trabajo nominado a los Grammys Latinos, y CantaJuego In English, que ha sido n\u00famero 1 en ventas. Adem\u00e1s, contar\u00e1n con Coco, Pepe y Buby, a los que se suman muchos otros personajes que le dan color y alegr\u00eda a un espect\u00e1culo vibrante y lleno de ritmo y color. Un sorprendente despliegue esc\u00e9nico en donde se conjugan de nuevo la m\u00fasica, el baile, el juego y el humor.<\/p>\n<p>Las localidades se pueden adquirir a un precio de 18 euros para foso, patio de butacas y palcos y de 16 euros para anfiteatro. Las entradas pueden adquirirse en la Recepci\u00f3n de la Laboral, en el Centro Niemeyer en Avil\u00e9s, en la Oficina de Informaci\u00f3n Tur\u00edstica de Asturias en Oviedo, en la web entradas.liberbank.es, en el tel\u00e9fono 902 106 601 y en la red de cajeros Liberbank.<\/p>\n","protected":false},"excerpt":{"rendered":"<p>CantaJuego presenta su nuevo espect\u00e1culo Yo tengo derecho a jugar este domingo 21 de octubre en el Teatro de Laboral Ciudad de la Cultura, en una doble funci\u00f3n a las 12:30 y 17:00 horas. El p\u00fablico podr\u00e1 disfrutar de la nueva propuesta de este exitoso grupo que lleva m\u00e1s de 10 a\u00f1os girando ininterrumpidamente por<\/p>\n","protected":false},"author":1,"featured_media":107799,"comment_status":"closed","ping_status":"closed","sticky":false,"template":"","format":"standard","meta":{"footnotes":""},"categories":[1],"tags":[],"class_list":{"0":"post-107798","1":"post","2":"type-post","3":"status-publish","4":"format-standard","5":"has-post-thumbnail","7":"category-agenda"},"aioseo_notices":[],"aioseo_head":"\n\t\t<!-- All in One SEO Pro 4.9.6.2 - aioseo.com -->\n\t<meta name=\"description\" content=\"CantaJuego presenta su nuevo espect\u00e1culo Yo tengo derecho a jugar este domingo 21 de octubre en el Teatro de Laboral Ciudad de la Cultura, en una doble funci\u00f3n a las 12:30 y 17:00 horas. El p\u00fablico podr\u00e1 disfrutar de la nueva propuesta de este exitoso grupo que lleva m\u00e1s de 10 a\u00f1os girando ininterrumpidamente por\" \/>\n\t<meta name=\"robots\" content=\"max-image-preview:large\" \/>\n\t<meta name=\"author\" content=\"Cand\u00e1s 365\"\/>\n\t<meta name=\"google-site-verification\" content=\"UA-32230408-1\" \/>\n\t<meta name=\"msvalidate.01\" content=\"354F3CDFB2DA171B47FBE9ABF1F88D5\" \/>\n\t<meta name=\"keywords\" content=\"agenda\" \/>\n\t<link rel=\"canonical\" href=\"https:\/\/candas365.es\/noticias\/yo-tengo-derecho-a-jugar-en-la-laboral\/\" \/>\n\t<meta name=\"generator\" content=\"All in One SEO Pro (AIOSEO) 4.9.6.2\" \/>\n\t\t<meta property=\"og:locale\" content=\"es_ES\" \/>\n\t\t<meta property=\"og:site_name\" content=\"Cand\u00e1s 365\" \/>\n\t\t<meta property=\"og:type\" content=\"article\" \/>\n\t\t<meta property=\"og:title\" content=\"\u00abYo tengo derecho a jugar\u00bb en la Laboral | Cand\u00e1s 365\" \/>\n\t\t<meta property=\"og:description\" content=\"CantaJuego presenta su nuevo espect\u00e1culo Yo tengo derecho a jugar este domingo 21 de octubre en el Teatro de Laboral Ciudad de la Cultura, en una doble funci\u00f3n a las 12:30 y 17:00 horas. El p\u00fablico podr\u00e1 disfrutar de la nueva propuesta de este exitoso grupo que lleva m\u00e1s de 10 a\u00f1os girando ininterrumpidamente por\" \/>\n\t\t<meta property=\"og:url\" content=\"https:\/\/candas365.es\/noticias\/yo-tengo-derecho-a-jugar-en-la-laboral\/\" \/>\n\t\t<meta property=\"og:image\" content=\"https:\/\/candas365.es\/noticias\/wp-content\/uploads\/2018\/10\/CantaJuegos.jpg\" \/>\n\t\t<meta property=\"og:image:secure_url\" content=\"https:\/\/candas365.es\/noticias\/wp-content\/uploads\/2018\/10\/CantaJuegos.jpg\" \/>\n\t\t<meta property=\"og:image:width\" content=\"1620\" \/>\n\t\t<meta property=\"og:image:height\" content=\"1080\" \/>\n\t\t<meta property=\"article:published_time\" content=\"2018-10-15T13:47:46+00:00\" \/>\n\t\t<meta property=\"article:modified_time\" content=\"2018-10-15T13:47:46+00:00\" \/>\n\t\t<meta property=\"article:publisher\" content=\"https:\/\/www.facebook.com\/Nachofdezber\" \/>\n\t\t<meta property=\"article:author\" content=\"https:\/\/www.facebook.com\/carrenoactualidad\" \/>\n\t\t<meta name=\"twitter:card\" content=\"summary_large_image\" \/>\n\t\t<meta name=\"twitter:site\" content=\"@NabercoDigital\" \/>\n\t\t<meta name=\"twitter:title\" content=\"\u00abYo tengo derecho a jugar\u00bb en la Laboral | Cand\u00e1s 365\" \/>\n\t\t<meta name=\"twitter:description\" content=\"CantaJuego presenta su nuevo espect\u00e1culo Yo tengo derecho a jugar este domingo 21 de octubre en el Teatro de Laboral Ciudad de la Cultura, en una doble funci\u00f3n a las 12:30 y 17:00 horas. El p\u00fablico podr\u00e1 disfrutar de la nueva propuesta de este exitoso grupo que lleva m\u00e1s de 10 a\u00f1os girando ininterrumpidamente por\" \/>\n\t\t<meta name=\"twitter:creator\" content=\"@nbasturias\" \/>\n\t\t<meta name=\"twitter:image\" content=\"https:\/\/candas365.es\/noticias\/wp-content\/uploads\/2018\/10\/CantaJuegos.jpg\" \/>\n\t\t<meta name=\"twitter:label1\" content=\"Escrito por\" \/>\n\t\t<meta name=\"twitter:data1\" content=\"Cand\u00e1s 365\" \/>\n\t\t<meta name=\"twitter:label2\" content=\"Tiempo de lectura estimado\" \/>\n\t\t<meta name=\"twitter:data2\" content=\"1 minuto\" \/>\n\t\t<script type=\"application\/ld+json\" class=\"aioseo-schema\">\n\t\t\t{\"@context\":\"https:\\\/\\\/schema.org\",\"@graph\":[{\"@type\":\"BreadcrumbList\",\"@id\":\"https:\\\/\\\/candas365.es\\\/noticias\\\/yo-tengo-derecho-a-jugar-en-la-laboral\\\/#breadcrumblist\",\"itemListElement\":[{\"@type\":\"ListItem\",\"@id\":\"https:\\\/\\\/candas365.es\\\/noticias#listItem\",\"position\":1,\"name\":\"Home\",\"item\":\"https:\\\/\\\/candas365.es\\\/noticias\",\"nextItem\":{\"@type\":\"ListItem\",\"@id\":\"https:\\\/\\\/candas365.es\\\/noticias\\\/category\\\/agenda\\\/#listItem\",\"name\":\"Agenda\"}},{\"@type\":\"ListItem\",\"@id\":\"https:\\\/\\\/candas365.es\\\/noticias\\\/category\\\/agenda\\\/#listItem\",\"position\":2,\"name\":\"Agenda\",\"item\":\"https:\\\/\\\/candas365.es\\\/noticias\\\/category\\\/agenda\\\/\",\"nextItem\":{\"@type\":\"ListItem\",\"@id\":\"https:\\\/\\\/candas365.es\\\/noticias\\\/yo-tengo-derecho-a-jugar-en-la-laboral\\\/#listItem\",\"name\":\"\\u00abYo tengo derecho a jugar\\u00bb en la Laboral\"},\"previousItem\":{\"@type\":\"ListItem\",\"@id\":\"https:\\\/\\\/candas365.es\\\/noticias#listItem\",\"name\":\"Home\"}},{\"@type\":\"ListItem\",\"@id\":\"https:\\\/\\\/candas365.es\\\/noticias\\\/yo-tengo-derecho-a-jugar-en-la-laboral\\\/#listItem\",\"position\":3,\"name\":\"\\u00abYo tengo derecho a jugar\\u00bb en la Laboral\",\"previousItem\":{\"@type\":\"ListItem\",\"@id\":\"https:\\\/\\\/candas365.es\\\/noticias\\\/category\\\/agenda\\\/#listItem\",\"name\":\"Agenda\"}}]},{\"@type\":\"NewsArticle\",\"@id\":\"https:\\\/\\\/candas365.es\\\/noticias\\\/yo-tengo-derecho-a-jugar-en-la-laboral\\\/#newsarticle\",\"name\":\"\\u00abYo tengo derecho a jugar\\u00bb en la Laboral | Cand\\u00e1s 365\",\"headline\":\"\\u00abYo tengo derecho a jugar\\u00bb en la Laboral\",\"author\":{\"@id\":\"https:\\\/\\\/candas365.es\\\/noticias\\\/author\\\/admin\\\/#author\"},\"publisher\":{\"@id\":\"https:\\\/\\\/candas365.es\\\/noticias\\\/#organization\"},\"image\":{\"@type\":\"ImageObject\",\"url\":\"https:\\\/\\\/candas365.es\\\/noticias\\\/wp-content\\\/uploads\\\/2018\\\/10\\\/CantaJuegos.jpg\",\"width\":1620,\"height\":1080},\"datePublished\":\"2018-10-15T13:47:46+02:00\",\"dateModified\":\"2018-10-15T13:47:46+02:00\",\"inLanguage\":\"es-ES\",\"mainEntityOfPage\":{\"@id\":\"https:\\\/\\\/candas365.es\\\/noticias\\\/yo-tengo-derecho-a-jugar-en-la-laboral\\\/#webpage\"},\"isPartOf\":{\"@id\":\"https:\\\/\\\/candas365.es\\\/noticias\\\/yo-tengo-derecho-a-jugar-en-la-laboral\\\/#webpage\"},\"articleSection\":\"Agenda\",\"dateline\":\"Publicado el octubre 15, 2018.\"},{\"@type\":\"Organization\",\"@id\":\"https:\\\/\\\/candas365.es\\\/noticias\\\/#organization\",\"name\":\"Cand\\u00e1s 365\",\"description\":\"Cand\\u00e1s 365 es un diario digital independiente, fundado en 2012, con base en Asturias. Informamos con rigor sobre actualidad, sociedad, cultura y ocio, con una mirada local y global.\",\"url\":\"https:\\\/\\\/candas365.es\\\/noticias\\\/\",\"email\":\"info@candas365.es\",\"telephone\":\"+34652131393\",\"foundingDate\":\"2012-06-10\",\"logo\":{\"@type\":\"ImageObject\",\"url\":\"https:\\\/\\\/candas365.es\\\/noticias\\\/wp-content\\\/uploads\\\/2024\\\/09\\\/Candas-365-Redes.jpg\",\"@id\":\"https:\\\/\\\/candas365.es\\\/noticias\\\/yo-tengo-derecho-a-jugar-en-la-laboral\\\/#organizationLogo\",\"width\":1152,\"height\":864,\"caption\":\"Cand\\u00e1s 365 Redes\"},\"image\":{\"@id\":\"https:\\\/\\\/candas365.es\\\/noticias\\\/yo-tengo-derecho-a-jugar-en-la-laboral\\\/#organizationLogo\"},\"sameAs\":[\"https:\\\/\\\/www.facebook.com\\\/Nachofdezber\",\"https:\\\/\\\/x.com\\\/NabercoDigital\",\"https:\\\/\\\/www.instagram.com\\\/nachofdezber\\\/\",\"https:\\\/\\\/www.youtube.com\\\/channel\\\/UCZP-2wLEB9Rv6erhFmqVnvg\"],\"address\":{\"@id\":\"https:\\\/\\\/candas365.es\\\/noticias\\\/#postaladdress\",\"@type\":\"PostalAddress\",\"streetAddress\":\"san antonio 4, san antonio 4\",\"postalCode\":\"33430\",\"addressLocality\":\"Cand\\u00e1s\",\"addressRegion\":\"Asturias\",\"addressCountry\":\"ES\"}},{\"@type\":\"Person\",\"@id\":\"https:\\\/\\\/candas365.es\\\/noticias\\\/author\\\/admin\\\/#author\",\"url\":\"https:\\\/\\\/candas365.es\\\/noticias\\\/author\\\/admin\\\/\",\"name\":\"Cand\\u00e1s 365\",\"image\":{\"@type\":\"ImageObject\",\"@id\":\"https:\\\/\\\/candas365.es\\\/noticias\\\/yo-tengo-derecho-a-jugar-en-la-laboral\\\/#authorImage\",\"url\":\"https:\\\/\\\/secure.gravatar.com\\\/avatar\\\/496a8e03d0c493ede1718b7934145dbdf8d89be1036b0eec9544e1094c9de390?s=96&d=mm&r=g\",\"width\":96,\"height\":96,\"caption\":\"Cand\\u00e1s 365\"},\"sameAs\":[\"https:\\\/\\\/www.facebook.com\\\/carrenoactualidad\",\"https:\\\/\\\/twitter.com\\\/nbasturias\",\"https:\\\/\\\/www.instagram.com\\\/nachofdezber\\\/\",\"https:\\\/\\\/www.youtube.com\\\/channel\\\/UCZP-2wLEB9Rv6erhFmqVnvg\"]},{\"@type\":\"WebPage\",\"@id\":\"https:\\\/\\\/candas365.es\\\/noticias\\\/yo-tengo-derecho-a-jugar-en-la-laboral\\\/#webpage\",\"url\":\"https:\\\/\\\/candas365.es\\\/noticias\\\/yo-tengo-derecho-a-jugar-en-la-laboral\\\/\",\"name\":\"\\u00abYo tengo derecho a jugar\\u00bb en la Laboral | Cand\\u00e1s 365\",\"description\":\"CantaJuego presenta su nuevo espect\\u00e1culo Yo tengo derecho a jugar este domingo 21 de octubre en el Teatro de Laboral Ciudad de la Cultura, en una doble funci\\u00f3n a las 12:30 y 17:00 horas. El p\\u00fablico podr\\u00e1 disfrutar de la nueva propuesta de este exitoso grupo que lleva m\\u00e1s de 10 a\\u00f1os girando ininterrumpidamente por\",\"inLanguage\":\"es-ES\",\"isPartOf\":{\"@id\":\"https:\\\/\\\/candas365.es\\\/noticias\\\/#website\"},\"breadcrumb\":{\"@id\":\"https:\\\/\\\/candas365.es\\\/noticias\\\/yo-tengo-derecho-a-jugar-en-la-laboral\\\/#breadcrumblist\"},\"author\":{\"@id\":\"https:\\\/\\\/candas365.es\\\/noticias\\\/author\\\/admin\\\/#author\"},\"creator\":{\"@id\":\"https:\\\/\\\/candas365.es\\\/noticias\\\/author\\\/admin\\\/#author\"},\"image\":{\"@type\":\"ImageObject\",\"url\":\"https:\\\/\\\/candas365.es\\\/noticias\\\/wp-content\\\/uploads\\\/2018\\\/10\\\/CantaJuegos.jpg\",\"@id\":\"https:\\\/\\\/candas365.es\\\/noticias\\\/yo-tengo-derecho-a-jugar-en-la-laboral\\\/#mainImage\",\"width\":1620,\"height\":1080},\"primaryImageOfPage\":{\"@id\":\"https:\\\/\\\/candas365.es\\\/noticias\\\/yo-tengo-derecho-a-jugar-en-la-laboral\\\/#mainImage\"},\"datePublished\":\"2018-10-15T13:47:46+02:00\",\"dateModified\":\"2018-10-15T13:47:46+02:00\"},{\"@type\":\"WebSite\",\"@id\":\"https:\\\/\\\/candas365.es\\\/noticias\\\/#website\",\"url\":\"https:\\\/\\\/candas365.es\\\/noticias\\\/\",\"name\":\"Cand\\u00e1s 365\",\"alternateName\":\"Cand\\u00e1s 365 Noticias\",\"description\":\"Actualidad desde Carre\\u00f1o para el mundo\",\"inLanguage\":\"es-ES\",\"publisher\":{\"@id\":\"https:\\\/\\\/candas365.es\\\/noticias\\\/#organization\"}}]}\n\t\t<\/script>\n\t\t<!-- All in One SEO Pro -->\r\n\t\t<title>\u00abYo tengo derecho a jugar\u00bb en la Laboral | Cand\u00e1s 365<\/title>\n\n","aioseo_head_json":{"title":"\u00abYo tengo derecho a jugar\u00bb en la Laboral | Cand\u00e1s 365","description":"CantaJuego presenta su nuevo espect\u00e1culo Yo tengo derecho a jugar este domingo 21 de octubre en el Teatro de Laboral Ciudad de la Cultura, en una doble funci\u00f3n a las 12:30 y 17:00 horas. El p\u00fablico podr\u00e1 disfrutar de la nueva propuesta de este exitoso grupo que lleva m\u00e1s de 10 a\u00f1os girando ininterrumpidamente por","canonical_url":"https:\/\/candas365.es\/noticias\/yo-tengo-derecho-a-jugar-en-la-laboral\/","robots":"max-image-preview:large","keywords":"agenda","webmasterTools":{"google-site-verification":"UA-32230408-1","msvalidate.01":"354F3CDFB2DA171B47FBE9ABF1F88D5","miscellaneous":""},"schema":{"@context":"https:\/\/schema.org","@graph":[{"@type":"BreadcrumbList","@id":"https:\/\/candas365.es\/noticias\/yo-tengo-derecho-a-jugar-en-la-laboral\/#breadcrumblist","itemListElement":[{"@type":"ListItem","@id":"https:\/\/candas365.es\/noticias#listItem","position":1,"name":"Home","item":"https:\/\/candas365.es\/noticias","nextItem":{"@type":"ListItem","@id":"https:\/\/candas365.es\/noticias\/category\/agenda\/#listItem","name":"Agenda"}},{"@type":"ListItem","@id":"https:\/\/candas365.es\/noticias\/category\/agenda\/#listItem","position":2,"name":"Agenda","item":"https:\/\/candas365.es\/noticias\/category\/agenda\/","nextItem":{"@type":"ListItem","@id":"https:\/\/candas365.es\/noticias\/yo-tengo-derecho-a-jugar-en-la-laboral\/#listItem","name":"\u00abYo tengo derecho a jugar\u00bb en la Laboral"},"previousItem":{"@type":"ListItem","@id":"https:\/\/candas365.es\/noticias#listItem","name":"Home"}},{"@type":"ListItem","@id":"https:\/\/candas365.es\/noticias\/yo-tengo-derecho-a-jugar-en-la-laboral\/#listItem","position":3,"name":"\u00abYo tengo derecho a jugar\u00bb en la Laboral","previousItem":{"@type":"ListItem","@id":"https:\/\/candas365.es\/noticias\/category\/agenda\/#listItem","name":"Agenda"}}]},{"@type":"NewsArticle","@id":"https:\/\/candas365.es\/noticias\/yo-tengo-derecho-a-jugar-en-la-laboral\/#newsarticle","name":"\u00abYo tengo derecho a jugar\u00bb en la Laboral | Cand\u00e1s 365","headline":"\u00abYo tengo derecho a jugar\u00bb en la Laboral","author":{"@id":"https:\/\/candas365.es\/noticias\/author\/admin\/#author"},"publisher":{"@id":"https:\/\/candas365.es\/noticias\/#organization"},"image":{"@type":"ImageObject","url":"https:\/\/candas365.es\/noticias\/wp-content\/uploads\/2018\/10\/CantaJuegos.jpg","width":1620,"height":1080},"datePublished":"2018-10-15T13:47:46+02:00","dateModified":"2018-10-15T13:47:46+02:00","inLanguage":"es-ES","mainEntityOfPage":{"@id":"https:\/\/candas365.es\/noticias\/yo-tengo-derecho-a-jugar-en-la-laboral\/#webpage"},"isPartOf":{"@id":"https:\/\/candas365.es\/noticias\/yo-tengo-derecho-a-jugar-en-la-laboral\/#webpage"},"articleSection":"Agenda","dateline":"Publicado el octubre 15, 2018."},{"@type":"Organization","@id":"https:\/\/candas365.es\/noticias\/#organization","name":"Cand\u00e1s 365","description":"Cand\u00e1s 365 es un diario digital independiente, fundado en 2012, con base en Asturias. Informamos con rigor sobre actualidad, sociedad, cultura y ocio, con una mirada local y global.","url":"https:\/\/candas365.es\/noticias\/","email":"info@candas365.es","telephone":"+34652131393","foundingDate":"2012-06-10","logo":{"@type":"ImageObject","url":"https:\/\/candas365.es\/noticias\/wp-content\/uploads\/2024\/09\/Candas-365-Redes.jpg","@id":"https:\/\/candas365.es\/noticias\/yo-tengo-derecho-a-jugar-en-la-laboral\/#organizationLogo","width":1152,"height":864,"caption":"Cand\u00e1s 365 Redes"},"image":{"@id":"https:\/\/candas365.es\/noticias\/yo-tengo-derecho-a-jugar-en-la-laboral\/#organizationLogo"},"sameAs":["https:\/\/www.facebook.com\/Nachofdezber","https:\/\/x.com\/NabercoDigital","https:\/\/www.instagram.com\/nachofdezber\/","https:\/\/www.youtube.com\/channel\/UCZP-2wLEB9Rv6erhFmqVnvg"],"address":{"@id":"https:\/\/candas365.es\/noticias\/#postaladdress","@type":"PostalAddress","streetAddress":"san antonio 4, san antonio 4","postalCode":"33430","addressLocality":"Cand\u00e1s","addressRegion":"Asturias","addressCountry":"ES"}},{"@type":"Person","@id":"https:\/\/candas365.es\/noticias\/author\/admin\/#author","url":"https:\/\/candas365.es\/noticias\/author\/admin\/","name":"Cand\u00e1s 365","image":{"@type":"ImageObject","@id":"https:\/\/candas365.es\/noticias\/yo-tengo-derecho-a-jugar-en-la-laboral\/#authorImage","url":"https:\/\/secure.gravatar.com\/avatar\/496a8e03d0c493ede1718b7934145dbdf8d89be1036b0eec9544e1094c9de390?s=96&d=mm&r=g","width":96,"height":96,"caption":"Cand\u00e1s 365"},"sameAs":["https:\/\/www.facebook.com\/carrenoactualidad","https:\/\/twitter.com\/nbasturias","https:\/\/www.instagram.com\/nachofdezber\/","https:\/\/www.youtube.com\/channel\/UCZP-2wLEB9Rv6erhFmqVnvg"]},{"@type":"WebPage","@id":"https:\/\/candas365.es\/noticias\/yo-tengo-derecho-a-jugar-en-la-laboral\/#webpage","url":"https:\/\/candas365.es\/noticias\/yo-tengo-derecho-a-jugar-en-la-laboral\/","name":"\u00abYo tengo derecho a jugar\u00bb en la Laboral | Cand\u00e1s 365","description":"CantaJuego presenta su nuevo espect\u00e1culo Yo tengo derecho a jugar este domingo 21 de octubre en el Teatro de Laboral Ciudad de la Cultura, en una doble funci\u00f3n a las 12:30 y 17:00 horas. El p\u00fablico podr\u00e1 disfrutar de la nueva propuesta de este exitoso grupo que lleva m\u00e1s de 10 a\u00f1os girando ininterrumpidamente por","inLanguage":"es-ES","isPartOf":{"@id":"https:\/\/candas365.es\/noticias\/#website"},"breadcrumb":{"@id":"https:\/\/candas365.es\/noticias\/yo-tengo-derecho-a-jugar-en-la-laboral\/#breadcrumblist"},"author":{"@id":"https:\/\/candas365.es\/noticias\/author\/admin\/#author"},"creator":{"@id":"https:\/\/candas365.es\/noticias\/author\/admin\/#author"},"image":{"@type":"ImageObject","url":"https:\/\/candas365.es\/noticias\/wp-content\/uploads\/2018\/10\/CantaJuegos.jpg","@id":"https:\/\/candas365.es\/noticias\/yo-tengo-derecho-a-jugar-en-la-laboral\/#mainImage","width":1620,"height":1080},"primaryImageOfPage":{"@id":"https:\/\/candas365.es\/noticias\/yo-tengo-derecho-a-jugar-en-la-laboral\/#mainImage"},"datePublished":"2018-10-15T13:47:46+02:00","dateModified":"2018-10-15T13:47:46+02:00"},{"@type":"WebSite","@id":"https:\/\/candas365.es\/noticias\/#website","url":"https:\/\/candas365.es\/noticias\/","name":"Cand\u00e1s 365","alternateName":"Cand\u00e1s 365 Noticias","description":"Actualidad desde Carre\u00f1o para el mundo","inLanguage":"es-ES","publisher":{"@id":"https:\/\/candas365.es\/noticias\/#organization"}}]},"og:locale":"es_ES","og:site_name":"Cand\u00e1s 365","og:type":"article","og:title":"\u00abYo tengo derecho a jugar\u00bb en la Laboral | Cand\u00e1s 365","og:description":"CantaJuego presenta su nuevo espect\u00e1culo Yo tengo derecho a jugar este domingo 21 de octubre en el Teatro de Laboral Ciudad de la Cultura, en una doble funci\u00f3n a las 12:30 y 17:00 horas. El p\u00fablico podr\u00e1 disfrutar de la nueva propuesta de este exitoso grupo que lleva m\u00e1s de 10 a\u00f1os girando ininterrumpidamente por","og:url":"https:\/\/candas365.es\/noticias\/yo-tengo-derecho-a-jugar-en-la-laboral\/","og:image":"https:\/\/candas365.es\/noticias\/wp-content\/uploads\/2018\/10\/CantaJuegos.jpg","og:image:secure_url":"https:\/\/candas365.es\/noticias\/wp-content\/uploads\/2018\/10\/CantaJuegos.jpg","og:image:width":1620,"og:image:height":1080,"article:published_time":"2018-10-15T13:47:46+00:00","article:modified_time":"2018-10-15T13:47:46+00:00","article:publisher":"https:\/\/www.facebook.com\/Nachofdezber","article:author":"https:\/\/www.facebook.com\/carrenoactualidad","twitter:card":"summary_large_image","twitter:site":"@NabercoDigital","twitter:title":"\u00abYo tengo derecho a jugar\u00bb en la Laboral | Cand\u00e1s 365","twitter:description":"CantaJuego presenta su nuevo espect\u00e1culo Yo tengo derecho a jugar este domingo 21 de octubre en el Teatro de Laboral Ciudad de la Cultura, en una doble funci\u00f3n a las 12:30 y 17:00 horas. El p\u00fablico podr\u00e1 disfrutar de la nueva propuesta de este exitoso grupo que lleva m\u00e1s de 10 a\u00f1os girando ininterrumpidamente por","twitter:creator":"@nbasturias","twitter:image":"https:\/\/candas365.es\/noticias\/wp-content\/uploads\/2018\/10\/CantaJuegos.jpg","twitter:label1":"Escrito por","twitter:data1":"Cand\u00e1s 365","twitter:label2":"Tiempo de lectura estimado","twitter:data2":"1 minuto"},"aioseo_meta_data":{"post_id":"107798","title":null,"description":null,"keywords":null,"keyphrases":null,"primary_term":null,"canonical_url":null,"og_title":null,"og_description":null,"og_object_type":"default","og_image_type":"default","og_image_url":null,"og_image_width":null,"og_image_height":null,"og_image_custom_url":null,"og_image_custom_fields":null,"og_video":null,"og_custom_url":null,"og_article_section":null,"og_article_tags":null,"twitter_use_og":false,"twitter_card":"default","twitter_image_type":"default","twitter_image_url":null,"twitter_image_custom_url":null,"twitter_image_custom_fields":null,"twitter_title":null,"twitter_description":null,"schema":{"blockGraphs":[],"customGraphs":[],"default":{"data":{"Article":[],"Course":[],"Dataset":[],"FAQPage":[],"Movie":[],"Person":[],"Product":[],"ProductReview":[],"Car":[],"Recipe":[],"Service":[],"SoftwareApplication":[],"WebPage":[]},"graphName":"","isEnabled":true},"graphs":[]},"schema_type":null,"schema_type_options":null,"pillar_content":false,"robots_default":true,"robots_noindex":false,"robots_noarchive":false,"robots_nosnippet":false,"robots_nofollow":false,"robots_noimageindex":false,"robots_noodp":false,"robots_notranslate":false,"robots_max_snippet":null,"robots_max_videopreview":null,"robots_max_imagepreview":"large","priority":null,"frequency":null,"location":null,"local_seo":null,"seo_analyzer_scan_date":"2025-08-28 04:59:27","breadcrumb_settings":null,"limit_modified_date":false,"reviewed_by":null,"open_ai":null,"ai":null,"created":"2020-12-21 11:41:56","updated":"2025-08-28 04:59:27"},"aioseo_breadcrumb":"<div class=\"aioseo-breadcrumbs\"><span class=\"aioseo-breadcrumb\">\n\t<a href=\"https:\/\/candas365.es\/noticias\" title=\"Home\">Home<\/a>\n<\/span><span class=\"aioseo-breadcrumb-separator\">&ndash;<\/span><span class=\"aioseo-breadcrumb\">\n\t<a href=\"https:\/\/candas365.es\/noticias\/category\/agenda\/\" title=\"Agenda\">Agenda<\/a>\n<\/span><span class=\"aioseo-breadcrumb-separator\">&ndash;<\/span><span class=\"aioseo-breadcrumb\">\n\t\u00abYo tengo derecho a jugar\u00bb en la Laboral\n<\/span><\/div>","aioseo_breadcrumb_json":[{"label":"Home","link":"https:\/\/candas365.es\/noticias"},{"label":"Agenda","link":"https:\/\/candas365.es\/noticias\/category\/agenda\/"},{"label":"\u00abYo tengo derecho a jugar\u00bb en la Laboral","link":"https:\/\/candas365.es\/noticias\/yo-tengo-derecho-a-jugar-en-la-laboral\/"}],"_links":{"self":[{"href":"https:\/\/candas365.es\/noticias\/wp-json\/wp\/v2\/posts\/107798","targetHints":{"allow":["GET"]}}],"collection":[{"href":"https:\/\/candas365.es\/noticias\/wp-json\/wp\/v2\/posts"}],"about":[{"href":"https:\/\/candas365.es\/noticias\/wp-json\/wp\/v2\/types\/post"}],"author":[{"embeddable":true,"href":"https:\/\/candas365.es\/noticias\/wp-json\/wp\/v2\/users\/1"}],"replies":[{"embeddable":true,"href":"https:\/\/candas365.es\/noticias\/wp-json\/wp\/v2\/comments?post=107798"}],"version-history":[{"count":0,"href":"https:\/\/candas365.es\/noticias\/wp-json\/wp\/v2\/posts\/107798\/revisions"}],"wp:featuredmedia":[{"embeddable":true,"href":"https:\/\/candas365.es\/noticias\/wp-json\/wp\/v2\/media\/107799"}],"wp:attachment":[{"href":"https:\/\/candas365.es\/noticias\/wp-json\/wp\/v2\/media?parent=107798"}],"wp:term":[{"taxonomy":"category","embeddable":true,"href":"https:\/\/candas365.es\/noticias\/wp-json\/wp\/v2\/categories?post=107798"},{"taxonomy":"post_tag","embeddable":true,"href":"https:\/\/candas365.es\/noticias\/wp-json\/wp\/v2\/tags?post=107798"}],"curies":[{"name":"wp","href":"https:\/\/api.w.org\/{rel}","templated":true}]}}