{"id":107660,"date":"2018-10-13T20:35:33","date_gmt":"2018-10-13T20:35:33","guid":{"rendered":"http:\/\/candas365.es\/noticias\/?p=107660"},"modified":"2018-10-13T20:35:33","modified_gmt":"2018-10-13T20:35:33","slug":"el-ciclon-leslie-llegara-a-asturias","status":"publish","type":"post","link":"https:\/\/candas365.es\/noticias\/el-ciclon-leslie-llegara-a-asturias\/","title":{"rendered":"El cicl\u00f3n Leslie llegar\u00e1 a Asturias"},"content":{"rendered":"<p><img fetchpriority=\"high\" decoding=\"async\" class=\"alignleft size-medium wp-image-43762\" src=\"https:\/\/candas365.es\/noticias\/wp-content\/uploads\/2017\/02\/olas-360x198.jpg\" alt=\"\" width=\"360\" height=\"198\" srcset=\"https:\/\/candas365.es\/noticias\/wp-content\/uploads\/2017\/02\/olas-360x198.jpg 360w, https:\/\/candas365.es\/noticias\/wp-content\/uploads\/2017\/02\/olas-650x357.jpg 650w, https:\/\/candas365.es\/noticias\/wp-content\/uploads\/2017\/02\/olas-150x82.jpg 150w, https:\/\/candas365.es\/noticias\/wp-content\/uploads\/2017\/02\/olas-450x247.jpg 450w, https:\/\/candas365.es\/noticias\/wp-content\/uploads\/2017\/02\/olas.jpg 655w\" sizes=\"(max-width: 360px) 100vw, 360px\" \/>El Centro Nacional de Huracanes (NHC), con sede en Miami, organismo responsable del seguimiento de ciclones tropicales en el Atl\u00e1ntico Norte, informa que hoy d\u00eda 13, a las 11:00 hora local peninsular, el centro del hurac\u00e1n Leslie se encuentra en 36.2 N y 16.7 W con una presi\u00f3n m\u00ednima de 980 hPa. Se desplaza hacia el ENE a una velocidad de 33 nudos (61 km\/h) con vientos m\u00e1ximos sostenidos de 65 nudos (120 Km\/h) y rachas de hasta 80 nudos (148 km\/h).<\/p>\n<p>A lo largo del s\u00e1bado d\u00eda 13 el hurac\u00e1n Leslie afectar\u00e1 a las zonas mar\u00edtimas de Madeira y Josephine, entrando por su parte oeste con vientos de hasta fuerza 12 y mar arbolada. Seguir\u00e1 su evoluci\u00f3n en direcci\u00f3n nordeste, entrando al final de la tarde en las zonas mar\u00edtimas de San Vicente y Oporto, ya como cicl\u00f3n post-tropical, pero manteniendo a\u00fan vientos con fuerza de hurac\u00e1n, de 120 km\/h, y provocando oleajes de mar muy gruesa o arbolada.<\/p>\n<p>Alrededor de las 00 hora local peninsular del domingo 14 se espera que entre en tierra por la zona de Lisboa, todav\u00eda con vientos de hasta fuerza 12. Posteriormente se desplazar\u00e1 hacia el nordeste perdiendo intensidad, entrando en territorio espa\u00f1ol durante la madrugada con intensidad de tormenta tropical. La localizaci\u00f3n del cicl\u00f3n a\u00fan no es posible determinarla con exactitud, baraj\u00e1ndose un abanico para su posici\u00f3n inicial entre Zamora y C\u00e1ceres, donde podr\u00e1n producirse rachas de viento alrededor de 100 km\/h, especialmente en zonas altas. A partir de la ma\u00f1ana del domingo se espera que el cicl\u00f3n se debilite considerablemente a medida que avanza hacia el nordeste, uni\u00e9ndose a otros centros de bajas presiones que se formar\u00e1n sobre la Pen\u00ednsula.<\/p>\n<p>Durante el domingo la presencia de los restos del cicl\u00f3n Leslie, junto con frentes muy activos que recorrer\u00e1n la Pen\u00ednsula de oeste a este y, sobre el nordeste peninsular, la entrada persistente de flujo del mediterr\u00e1neo, dar\u00e1n lugar a precipitaciones generalizadas. Los chubascos podr\u00e1n ser localmente fuertes o muy fuertes y se ir\u00e1n desplazado en general de oeste a este. Probablemente los m\u00e1s intensos tendr\u00e1n lugar durante la ma\u00f1ana del domingo en amplias zonas de Asturias, Le\u00f3n y Cantabria y durante la tarde en \u00e1reas del nordeste.<\/p>\n","protected":false},"excerpt":{"rendered":"<p>El Centro Nacional de Huracanes (NHC), con sede en Miami, organismo responsable del seguimiento de ciclones tropicales en el Atl\u00e1ntico Norte, informa que hoy d\u00eda 13, a las 11:00 hora local peninsular, el centro del hurac\u00e1n Leslie se encuentra en 36.2 N y 16.7 W con una presi\u00f3n m\u00ednima de 980 hPa. Se desplaza hacia<\/p>\n","protected":false},"author":1,"featured_media":88433,"comment_status":"closed","ping_status":"closed","sticky":false,"template":"","format":"standard","meta":{"footnotes":""},"categories":[1],"tags":[],"class_list":{"0":"post-107660","1":"post","2":"type-post","3":"status-publish","4":"format-standard","5":"has-post-thumbnail","7":"category-agenda"},"aioseo_notices":[],"aioseo_head":"\n\t\t<!-- All in One SEO Pro 4.9.6.2 - aioseo.com -->\n\t<meta name=\"description\" content=\"El Centro Nacional de Huracanes (NHC), con sede en Miami, organismo responsable del seguimiento de ciclones tropicales en el Atl\u00e1ntico Norte, informa que hoy d\u00eda 13, a las 11:00 hora local peninsular, el centro del hurac\u00e1n Leslie se encuentra en 36.2 N y 16.7 W con una presi\u00f3n m\u00ednima de 980 hPa. Se desplaza hacia\" \/>\n\t<meta name=\"robots\" content=\"max-image-preview:large\" \/>\n\t<meta name=\"author\" content=\"Cand\u00e1s 365\"\/>\n\t<meta name=\"google-site-verification\" content=\"UA-32230408-1\" \/>\n\t<meta name=\"msvalidate.01\" content=\"354F3CDFB2DA171B47FBE9ABF1F88D5\" \/>\n\t<meta name=\"keywords\" content=\"agenda\" \/>\n\t<link rel=\"canonical\" href=\"https:\/\/candas365.es\/noticias\/el-ciclon-leslie-llegara-a-asturias\/\" \/>\n\t<meta name=\"generator\" content=\"All in One SEO Pro (AIOSEO) 4.9.6.2\" \/>\n\t\t<meta property=\"og:locale\" content=\"es_ES\" \/>\n\t\t<meta property=\"og:site_name\" content=\"Cand\u00e1s 365\" \/>\n\t\t<meta property=\"og:type\" content=\"article\" \/>\n\t\t<meta property=\"og:title\" content=\"El cicl\u00f3n Leslie llegar\u00e1 a Asturias | Cand\u00e1s 365\" \/>\n\t\t<meta property=\"og:description\" content=\"El Centro Nacional de Huracanes (NHC), con sede en Miami, organismo responsable del seguimiento de ciclones tropicales en el Atl\u00e1ntico Norte, informa que hoy d\u00eda 13, a las 11:00 hora local peninsular, el centro del hurac\u00e1n Leslie se encuentra en 36.2 N y 16.7 W con una presi\u00f3n m\u00ednima de 980 hPa. Se desplaza hacia\" \/>\n\t\t<meta property=\"og:url\" content=\"https:\/\/candas365.es\/noticias\/el-ciclon-leslie-llegara-a-asturias\/\" \/>\n\t\t<meta property=\"og:image\" content=\"https:\/\/candas365.es\/noticias\/wp-content\/uploads\/2018\/01\/adult-1867665_1280.jpg\" \/>\n\t\t<meta property=\"og:image:secure_url\" content=\"https:\/\/candas365.es\/noticias\/wp-content\/uploads\/2018\/01\/adult-1867665_1280.jpg\" \/>\n\t\t<meta property=\"og:image:width\" content=\"1280\" \/>\n\t\t<meta property=\"og:image:height\" content=\"758\" \/>\n\t\t<meta property=\"article:published_time\" content=\"2018-10-13T20:35:33+00:00\" \/>\n\t\t<meta property=\"article:modified_time\" content=\"2018-10-13T20:35:33+00:00\" \/>\n\t\t<meta property=\"article:publisher\" content=\"https:\/\/www.facebook.com\/Nachofdezber\" \/>\n\t\t<meta property=\"article:author\" content=\"https:\/\/www.facebook.com\/carrenoactualidad\" \/>\n\t\t<meta name=\"twitter:card\" content=\"summary_large_image\" \/>\n\t\t<meta name=\"twitter:site\" content=\"@NabercoDigital\" \/>\n\t\t<meta name=\"twitter:title\" content=\"El cicl\u00f3n Leslie llegar\u00e1 a Asturias | Cand\u00e1s 365\" \/>\n\t\t<meta name=\"twitter:description\" content=\"El Centro Nacional de Huracanes (NHC), con sede en Miami, organismo responsable del seguimiento de ciclones tropicales en el Atl\u00e1ntico Norte, informa que hoy d\u00eda 13, a las 11:00 hora local peninsular, el centro del hurac\u00e1n Leslie se encuentra en 36.2 N y 16.7 W con una presi\u00f3n m\u00ednima de 980 hPa. Se desplaza hacia\" \/>\n\t\t<meta name=\"twitter:creator\" content=\"@nbasturias\" \/>\n\t\t<meta name=\"twitter:image\" content=\"https:\/\/candas365.es\/noticias\/wp-content\/uploads\/2018\/01\/adult-1867665_1280.jpg\" \/>\n\t\t<meta name=\"twitter:label1\" content=\"Escrito por\" \/>\n\t\t<meta name=\"twitter:data1\" content=\"Cand\u00e1s 365\" \/>\n\t\t<meta name=\"twitter:label2\" content=\"Tiempo de lectura estimado\" \/>\n\t\t<meta name=\"twitter:data2\" content=\"2 minutos\" \/>\n\t\t<script type=\"application\/ld+json\" class=\"aioseo-schema\">\n\t\t\t{\"@context\":\"https:\\\/\\\/schema.org\",\"@graph\":[{\"@type\":\"BreadcrumbList\",\"@id\":\"https:\\\/\\\/candas365.es\\\/noticias\\\/el-ciclon-leslie-llegara-a-asturias\\\/#breadcrumblist\",\"itemListElement\":[{\"@type\":\"ListItem\",\"@id\":\"https:\\\/\\\/candas365.es\\\/noticias#listItem\",\"position\":1,\"name\":\"Home\",\"item\":\"https:\\\/\\\/candas365.es\\\/noticias\",\"nextItem\":{\"@type\":\"ListItem\",\"@id\":\"https:\\\/\\\/candas365.es\\\/noticias\\\/category\\\/agenda\\\/#listItem\",\"name\":\"Agenda\"}},{\"@type\":\"ListItem\",\"@id\":\"https:\\\/\\\/candas365.es\\\/noticias\\\/category\\\/agenda\\\/#listItem\",\"position\":2,\"name\":\"Agenda\",\"item\":\"https:\\\/\\\/candas365.es\\\/noticias\\\/category\\\/agenda\\\/\",\"nextItem\":{\"@type\":\"ListItem\",\"@id\":\"https:\\\/\\\/candas365.es\\\/noticias\\\/el-ciclon-leslie-llegara-a-asturias\\\/#listItem\",\"name\":\"El cicl\\u00f3n Leslie llegar\\u00e1 a Asturias\"},\"previousItem\":{\"@type\":\"ListItem\",\"@id\":\"https:\\\/\\\/candas365.es\\\/noticias#listItem\",\"name\":\"Home\"}},{\"@type\":\"ListItem\",\"@id\":\"https:\\\/\\\/candas365.es\\\/noticias\\\/el-ciclon-leslie-llegara-a-asturias\\\/#listItem\",\"position\":3,\"name\":\"El cicl\\u00f3n Leslie llegar\\u00e1 a Asturias\",\"previousItem\":{\"@type\":\"ListItem\",\"@id\":\"https:\\\/\\\/candas365.es\\\/noticias\\\/category\\\/agenda\\\/#listItem\",\"name\":\"Agenda\"}}]},{\"@type\":\"NewsArticle\",\"@id\":\"https:\\\/\\\/candas365.es\\\/noticias\\\/el-ciclon-leslie-llegara-a-asturias\\\/#newsarticle\",\"name\":\"El cicl\\u00f3n Leslie llegar\\u00e1 a Asturias | Cand\\u00e1s 365\",\"headline\":\"El cicl\\u00f3n Leslie llegar\\u00e1 a Asturias\",\"author\":{\"@id\":\"https:\\\/\\\/candas365.es\\\/noticias\\\/author\\\/admin\\\/#author\"},\"publisher\":{\"@id\":\"https:\\\/\\\/candas365.es\\\/noticias\\\/#organization\"},\"image\":{\"@type\":\"ImageObject\",\"url\":\"https:\\\/\\\/candas365.es\\\/noticias\\\/wp-content\\\/uploads\\\/2018\\\/01\\\/adult-1867665_1280.jpg\",\"width\":1280,\"height\":758},\"datePublished\":\"2018-10-13T20:35:33+02:00\",\"dateModified\":\"2018-10-13T20:35:33+02:00\",\"inLanguage\":\"es-ES\",\"mainEntityOfPage\":{\"@id\":\"https:\\\/\\\/candas365.es\\\/noticias\\\/el-ciclon-leslie-llegara-a-asturias\\\/#webpage\"},\"isPartOf\":{\"@id\":\"https:\\\/\\\/candas365.es\\\/noticias\\\/el-ciclon-leslie-llegara-a-asturias\\\/#webpage\"},\"articleSection\":\"Agenda\",\"dateline\":\"Publicado el octubre 13, 2018.\"},{\"@type\":\"Organization\",\"@id\":\"https:\\\/\\\/candas365.es\\\/noticias\\\/#organization\",\"name\":\"Cand\\u00e1s 365\",\"description\":\"Cand\\u00e1s 365 es un diario digital independiente, fundado en 2012, con base en Asturias. Informamos con rigor sobre actualidad, sociedad, cultura y ocio, con una mirada local y global.\",\"url\":\"https:\\\/\\\/candas365.es\\\/noticias\\\/\",\"email\":\"info@candas365.es\",\"telephone\":\"+34652131393\",\"foundingDate\":\"2012-06-10\",\"logo\":{\"@type\":\"ImageObject\",\"url\":\"https:\\\/\\\/candas365.es\\\/noticias\\\/wp-content\\\/uploads\\\/2024\\\/09\\\/Candas-365-Redes.jpg\",\"@id\":\"https:\\\/\\\/candas365.es\\\/noticias\\\/el-ciclon-leslie-llegara-a-asturias\\\/#organizationLogo\",\"width\":1152,\"height\":864,\"caption\":\"Cand\\u00e1s 365 Redes\"},\"image\":{\"@id\":\"https:\\\/\\\/candas365.es\\\/noticias\\\/el-ciclon-leslie-llegara-a-asturias\\\/#organizationLogo\"},\"sameAs\":[\"https:\\\/\\\/www.facebook.com\\\/Nachofdezber\",\"https:\\\/\\\/x.com\\\/NabercoDigital\",\"https:\\\/\\\/www.instagram.com\\\/nachofdezber\\\/\",\"https:\\\/\\\/www.youtube.com\\\/channel\\\/UCZP-2wLEB9Rv6erhFmqVnvg\"],\"address\":{\"@id\":\"https:\\\/\\\/candas365.es\\\/noticias\\\/#postaladdress\",\"@type\":\"PostalAddress\",\"streetAddress\":\"san antonio 4, san antonio 4\",\"postalCode\":\"33430\",\"addressLocality\":\"Cand\\u00e1s\",\"addressRegion\":\"Asturias\",\"addressCountry\":\"ES\"}},{\"@type\":\"Person\",\"@id\":\"https:\\\/\\\/candas365.es\\\/noticias\\\/author\\\/admin\\\/#author\",\"url\":\"https:\\\/\\\/candas365.es\\\/noticias\\\/author\\\/admin\\\/\",\"name\":\"Cand\\u00e1s 365\",\"image\":{\"@type\":\"ImageObject\",\"@id\":\"https:\\\/\\\/candas365.es\\\/noticias\\\/el-ciclon-leslie-llegara-a-asturias\\\/#authorImage\",\"url\":\"https:\\\/\\\/secure.gravatar.com\\\/avatar\\\/496a8e03d0c493ede1718b7934145dbdf8d89be1036b0eec9544e1094c9de390?s=96&d=mm&r=g\",\"width\":96,\"height\":96,\"caption\":\"Cand\\u00e1s 365\"},\"sameAs\":[\"https:\\\/\\\/www.facebook.com\\\/carrenoactualidad\",\"https:\\\/\\\/twitter.com\\\/nbasturias\",\"https:\\\/\\\/www.instagram.com\\\/nachofdezber\\\/\",\"https:\\\/\\\/www.youtube.com\\\/channel\\\/UCZP-2wLEB9Rv6erhFmqVnvg\"]},{\"@type\":\"WebPage\",\"@id\":\"https:\\\/\\\/candas365.es\\\/noticias\\\/el-ciclon-leslie-llegara-a-asturias\\\/#webpage\",\"url\":\"https:\\\/\\\/candas365.es\\\/noticias\\\/el-ciclon-leslie-llegara-a-asturias\\\/\",\"name\":\"El cicl\\u00f3n Leslie llegar\\u00e1 a Asturias | Cand\\u00e1s 365\",\"description\":\"El Centro Nacional de Huracanes (NHC), con sede en Miami, organismo responsable del seguimiento de ciclones tropicales en el Atl\\u00e1ntico Norte, informa que hoy d\\u00eda 13, a las 11:00 hora local peninsular, el centro del hurac\\u00e1n Leslie se encuentra en 36.2 N y 16.7 W con una presi\\u00f3n m\\u00ednima de 980 hPa. Se desplaza hacia\",\"inLanguage\":\"es-ES\",\"isPartOf\":{\"@id\":\"https:\\\/\\\/candas365.es\\\/noticias\\\/#website\"},\"breadcrumb\":{\"@id\":\"https:\\\/\\\/candas365.es\\\/noticias\\\/el-ciclon-leslie-llegara-a-asturias\\\/#breadcrumblist\"},\"author\":{\"@id\":\"https:\\\/\\\/candas365.es\\\/noticias\\\/author\\\/admin\\\/#author\"},\"creator\":{\"@id\":\"https:\\\/\\\/candas365.es\\\/noticias\\\/author\\\/admin\\\/#author\"},\"image\":{\"@type\":\"ImageObject\",\"url\":\"https:\\\/\\\/candas365.es\\\/noticias\\\/wp-content\\\/uploads\\\/2018\\\/01\\\/adult-1867665_1280.jpg\",\"@id\":\"https:\\\/\\\/candas365.es\\\/noticias\\\/el-ciclon-leslie-llegara-a-asturias\\\/#mainImage\",\"width\":1280,\"height\":758},\"primaryImageOfPage\":{\"@id\":\"https:\\\/\\\/candas365.es\\\/noticias\\\/el-ciclon-leslie-llegara-a-asturias\\\/#mainImage\"},\"datePublished\":\"2018-10-13T20:35:33+02:00\",\"dateModified\":\"2018-10-13T20:35:33+02:00\"},{\"@type\":\"WebSite\",\"@id\":\"https:\\\/\\\/candas365.es\\\/noticias\\\/#website\",\"url\":\"https:\\\/\\\/candas365.es\\\/noticias\\\/\",\"name\":\"Cand\\u00e1s 365\",\"alternateName\":\"Cand\\u00e1s 365 Noticias\",\"description\":\"Actualidad desde Carre\\u00f1o para el mundo\",\"inLanguage\":\"es-ES\",\"publisher\":{\"@id\":\"https:\\\/\\\/candas365.es\\\/noticias\\\/#organization\"}}]}\n\t\t<\/script>\n\t\t<!-- All in One SEO Pro -->\r\n\t\t<title>El cicl\u00f3n Leslie llegar\u00e1 a Asturias | Cand\u00e1s 365<\/title>\n\n","aioseo_head_json":{"title":"El cicl\u00f3n Leslie llegar\u00e1 a Asturias | Cand\u00e1s 365","description":"El Centro Nacional de Huracanes (NHC), con sede en Miami, organismo responsable del seguimiento de ciclones tropicales en el Atl\u00e1ntico Norte, informa que hoy d\u00eda 13, a las 11:00 hora local peninsular, el centro del hurac\u00e1n Leslie se encuentra en 36.2 N y 16.7 W con una presi\u00f3n m\u00ednima de 980 hPa. Se desplaza hacia","canonical_url":"https:\/\/candas365.es\/noticias\/el-ciclon-leslie-llegara-a-asturias\/","robots":"max-image-preview:large","keywords":"agenda","webmasterTools":{"google-site-verification":"UA-32230408-1","msvalidate.01":"354F3CDFB2DA171B47FBE9ABF1F88D5","miscellaneous":""},"schema":{"@context":"https:\/\/schema.org","@graph":[{"@type":"BreadcrumbList","@id":"https:\/\/candas365.es\/noticias\/el-ciclon-leslie-llegara-a-asturias\/#breadcrumblist","itemListElement":[{"@type":"ListItem","@id":"https:\/\/candas365.es\/noticias#listItem","position":1,"name":"Home","item":"https:\/\/candas365.es\/noticias","nextItem":{"@type":"ListItem","@id":"https:\/\/candas365.es\/noticias\/category\/agenda\/#listItem","name":"Agenda"}},{"@type":"ListItem","@id":"https:\/\/candas365.es\/noticias\/category\/agenda\/#listItem","position":2,"name":"Agenda","item":"https:\/\/candas365.es\/noticias\/category\/agenda\/","nextItem":{"@type":"ListItem","@id":"https:\/\/candas365.es\/noticias\/el-ciclon-leslie-llegara-a-asturias\/#listItem","name":"El cicl\u00f3n Leslie llegar\u00e1 a Asturias"},"previousItem":{"@type":"ListItem","@id":"https:\/\/candas365.es\/noticias#listItem","name":"Home"}},{"@type":"ListItem","@id":"https:\/\/candas365.es\/noticias\/el-ciclon-leslie-llegara-a-asturias\/#listItem","position":3,"name":"El cicl\u00f3n Leslie llegar\u00e1 a Asturias","previousItem":{"@type":"ListItem","@id":"https:\/\/candas365.es\/noticias\/category\/agenda\/#listItem","name":"Agenda"}}]},{"@type":"NewsArticle","@id":"https:\/\/candas365.es\/noticias\/el-ciclon-leslie-llegara-a-asturias\/#newsarticle","name":"El cicl\u00f3n Leslie llegar\u00e1 a Asturias | Cand\u00e1s 365","headline":"El cicl\u00f3n Leslie llegar\u00e1 a Asturias","author":{"@id":"https:\/\/candas365.es\/noticias\/author\/admin\/#author"},"publisher":{"@id":"https:\/\/candas365.es\/noticias\/#organization"},"image":{"@type":"ImageObject","url":"https:\/\/candas365.es\/noticias\/wp-content\/uploads\/2018\/01\/adult-1867665_1280.jpg","width":1280,"height":758},"datePublished":"2018-10-13T20:35:33+02:00","dateModified":"2018-10-13T20:35:33+02:00","inLanguage":"es-ES","mainEntityOfPage":{"@id":"https:\/\/candas365.es\/noticias\/el-ciclon-leslie-llegara-a-asturias\/#webpage"},"isPartOf":{"@id":"https:\/\/candas365.es\/noticias\/el-ciclon-leslie-llegara-a-asturias\/#webpage"},"articleSection":"Agenda","dateline":"Publicado el octubre 13, 2018."},{"@type":"Organization","@id":"https:\/\/candas365.es\/noticias\/#organization","name":"Cand\u00e1s 365","description":"Cand\u00e1s 365 es un diario digital independiente, fundado en 2012, con base en Asturias. Informamos con rigor sobre actualidad, sociedad, cultura y ocio, con una mirada local y global.","url":"https:\/\/candas365.es\/noticias\/","email":"info@candas365.es","telephone":"+34652131393","foundingDate":"2012-06-10","logo":{"@type":"ImageObject","url":"https:\/\/candas365.es\/noticias\/wp-content\/uploads\/2024\/09\/Candas-365-Redes.jpg","@id":"https:\/\/candas365.es\/noticias\/el-ciclon-leslie-llegara-a-asturias\/#organizationLogo","width":1152,"height":864,"caption":"Cand\u00e1s 365 Redes"},"image":{"@id":"https:\/\/candas365.es\/noticias\/el-ciclon-leslie-llegara-a-asturias\/#organizationLogo"},"sameAs":["https:\/\/www.facebook.com\/Nachofdezber","https:\/\/x.com\/NabercoDigital","https:\/\/www.instagram.com\/nachofdezber\/","https:\/\/www.youtube.com\/channel\/UCZP-2wLEB9Rv6erhFmqVnvg"],"address":{"@id":"https:\/\/candas365.es\/noticias\/#postaladdress","@type":"PostalAddress","streetAddress":"san antonio 4, san antonio 4","postalCode":"33430","addressLocality":"Cand\u00e1s","addressRegion":"Asturias","addressCountry":"ES"}},{"@type":"Person","@id":"https:\/\/candas365.es\/noticias\/author\/admin\/#author","url":"https:\/\/candas365.es\/noticias\/author\/admin\/","name":"Cand\u00e1s 365","image":{"@type":"ImageObject","@id":"https:\/\/candas365.es\/noticias\/el-ciclon-leslie-llegara-a-asturias\/#authorImage","url":"https:\/\/secure.gravatar.com\/avatar\/496a8e03d0c493ede1718b7934145dbdf8d89be1036b0eec9544e1094c9de390?s=96&d=mm&r=g","width":96,"height":96,"caption":"Cand\u00e1s 365"},"sameAs":["https:\/\/www.facebook.com\/carrenoactualidad","https:\/\/twitter.com\/nbasturias","https:\/\/www.instagram.com\/nachofdezber\/","https:\/\/www.youtube.com\/channel\/UCZP-2wLEB9Rv6erhFmqVnvg"]},{"@type":"WebPage","@id":"https:\/\/candas365.es\/noticias\/el-ciclon-leslie-llegara-a-asturias\/#webpage","url":"https:\/\/candas365.es\/noticias\/el-ciclon-leslie-llegara-a-asturias\/","name":"El cicl\u00f3n Leslie llegar\u00e1 a Asturias | Cand\u00e1s 365","description":"El Centro Nacional de Huracanes (NHC), con sede en Miami, organismo responsable del seguimiento de ciclones tropicales en el Atl\u00e1ntico Norte, informa que hoy d\u00eda 13, a las 11:00 hora local peninsular, el centro del hurac\u00e1n Leslie se encuentra en 36.2 N y 16.7 W con una presi\u00f3n m\u00ednima de 980 hPa. Se desplaza hacia","inLanguage":"es-ES","isPartOf":{"@id":"https:\/\/candas365.es\/noticias\/#website"},"breadcrumb":{"@id":"https:\/\/candas365.es\/noticias\/el-ciclon-leslie-llegara-a-asturias\/#breadcrumblist"},"author":{"@id":"https:\/\/candas365.es\/noticias\/author\/admin\/#author"},"creator":{"@id":"https:\/\/candas365.es\/noticias\/author\/admin\/#author"},"image":{"@type":"ImageObject","url":"https:\/\/candas365.es\/noticias\/wp-content\/uploads\/2018\/01\/adult-1867665_1280.jpg","@id":"https:\/\/candas365.es\/noticias\/el-ciclon-leslie-llegara-a-asturias\/#mainImage","width":1280,"height":758},"primaryImageOfPage":{"@id":"https:\/\/candas365.es\/noticias\/el-ciclon-leslie-llegara-a-asturias\/#mainImage"},"datePublished":"2018-10-13T20:35:33+02:00","dateModified":"2018-10-13T20:35:33+02:00"},{"@type":"WebSite","@id":"https:\/\/candas365.es\/noticias\/#website","url":"https:\/\/candas365.es\/noticias\/","name":"Cand\u00e1s 365","alternateName":"Cand\u00e1s 365 Noticias","description":"Actualidad desde Carre\u00f1o para el mundo","inLanguage":"es-ES","publisher":{"@id":"https:\/\/candas365.es\/noticias\/#organization"}}]},"og:locale":"es_ES","og:site_name":"Cand\u00e1s 365","og:type":"article","og:title":"El cicl\u00f3n Leslie llegar\u00e1 a Asturias | Cand\u00e1s 365","og:description":"El Centro Nacional de Huracanes (NHC), con sede en Miami, organismo responsable del seguimiento de ciclones tropicales en el Atl\u00e1ntico Norte, informa que hoy d\u00eda 13, a las 11:00 hora local peninsular, el centro del hurac\u00e1n Leslie se encuentra en 36.2 N y 16.7 W con una presi\u00f3n m\u00ednima de 980 hPa. Se desplaza hacia","og:url":"https:\/\/candas365.es\/noticias\/el-ciclon-leslie-llegara-a-asturias\/","og:image":"https:\/\/candas365.es\/noticias\/wp-content\/uploads\/2018\/01\/adult-1867665_1280.jpg","og:image:secure_url":"https:\/\/candas365.es\/noticias\/wp-content\/uploads\/2018\/01\/adult-1867665_1280.jpg","og:image:width":1280,"og:image:height":758,"article:published_time":"2018-10-13T20:35:33+00:00","article:modified_time":"2018-10-13T20:35:33+00:00","article:publisher":"https:\/\/www.facebook.com\/Nachofdezber","article:author":"https:\/\/www.facebook.com\/carrenoactualidad","twitter:card":"summary_large_image","twitter:site":"@NabercoDigital","twitter:title":"El cicl\u00f3n Leslie llegar\u00e1 a Asturias | Cand\u00e1s 365","twitter:description":"El Centro Nacional de Huracanes (NHC), con sede en Miami, organismo responsable del seguimiento de ciclones tropicales en el Atl\u00e1ntico Norte, informa que hoy d\u00eda 13, a las 11:00 hora local peninsular, el centro del hurac\u00e1n Leslie se encuentra en 36.2 N y 16.7 W con una presi\u00f3n m\u00ednima de 980 hPa. Se desplaza hacia","twitter:creator":"@nbasturias","twitter:image":"https:\/\/candas365.es\/noticias\/wp-content\/uploads\/2018\/01\/adult-1867665_1280.jpg","twitter:label1":"Escrito por","twitter:data1":"Cand\u00e1s 365","twitter:label2":"Tiempo de lectura estimado","twitter:data2":"2 minutos"},"aioseo_meta_data":{"post_id":"107660","title":null,"description":null,"keywords":null,"keyphrases":null,"primary_term":null,"canonical_url":null,"og_title":null,"og_description":null,"og_object_type":"default","og_image_type":"default","og_image_url":null,"og_image_width":null,"og_image_height":null,"og_image_custom_url":null,"og_image_custom_fields":null,"og_video":null,"og_custom_url":null,"og_article_section":null,"og_article_tags":null,"twitter_use_og":false,"twitter_card":"default","twitter_image_type":"default","twitter_image_url":null,"twitter_image_custom_url":null,"twitter_image_custom_fields":null,"twitter_title":null,"twitter_description":null,"schema":{"blockGraphs":[],"customGraphs":[],"default":{"data":{"Article":[],"Course":[],"Dataset":[],"FAQPage":[],"Movie":[],"Person":[],"Product":[],"ProductReview":[],"Car":[],"Recipe":[],"Service":[],"SoftwareApplication":[],"WebPage":[]},"graphName":"","isEnabled":true},"graphs":[],"defaultGraph":"","defaultPostTypeGraph":""},"schema_type":null,"schema_type_options":null,"pillar_content":false,"robots_default":true,"robots_noindex":false,"robots_noarchive":false,"robots_nosnippet":false,"robots_nofollow":false,"robots_noimageindex":false,"robots_noodp":false,"robots_notranslate":false,"robots_max_snippet":null,"robots_max_videopreview":null,"robots_max_imagepreview":"large","priority":null,"frequency":null,"location":null,"local_seo":null,"seo_analyzer_scan_date":"2025-08-28 04:37:29","breadcrumb_settings":null,"limit_modified_date":false,"reviewed_by":null,"open_ai":null,"ai":null,"created":"2020-12-21 11:41:56","updated":"2025-08-28 04:37:29"},"aioseo_breadcrumb":"<div class=\"aioseo-breadcrumbs\"><span class=\"aioseo-breadcrumb\">\n\t<a href=\"https:\/\/candas365.es\/noticias\" title=\"Home\">Home<\/a>\n<\/span><span class=\"aioseo-breadcrumb-separator\">&ndash;<\/span><span class=\"aioseo-breadcrumb\">\n\t<a href=\"https:\/\/candas365.es\/noticias\/category\/agenda\/\" title=\"Agenda\">Agenda<\/a>\n<\/span><span class=\"aioseo-breadcrumb-separator\">&ndash;<\/span><span class=\"aioseo-breadcrumb\">\n\tEl cicl\u00f3n Leslie llegar\u00e1 a Asturias\n<\/span><\/div>","aioseo_breadcrumb_json":[{"label":"Home","link":"https:\/\/candas365.es\/noticias"},{"label":"Agenda","link":"https:\/\/candas365.es\/noticias\/category\/agenda\/"},{"label":"El cicl\u00f3n Leslie llegar\u00e1 a Asturias","link":"https:\/\/candas365.es\/noticias\/el-ciclon-leslie-llegara-a-asturias\/"}],"_links":{"self":[{"href":"https:\/\/candas365.es\/noticias\/wp-json\/wp\/v2\/posts\/107660","targetHints":{"allow":["GET"]}}],"collection":[{"href":"https:\/\/candas365.es\/noticias\/wp-json\/wp\/v2\/posts"}],"about":[{"href":"https:\/\/candas365.es\/noticias\/wp-json\/wp\/v2\/types\/post"}],"author":[{"embeddable":true,"href":"https:\/\/candas365.es\/noticias\/wp-json\/wp\/v2\/users\/1"}],"replies":[{"embeddable":true,"href":"https:\/\/candas365.es\/noticias\/wp-json\/wp\/v2\/comments?post=107660"}],"version-history":[{"count":0,"href":"https:\/\/candas365.es\/noticias\/wp-json\/wp\/v2\/posts\/107660\/revisions"}],"wp:featuredmedia":[{"embeddable":true,"href":"https:\/\/candas365.es\/noticias\/wp-json\/wp\/v2\/media\/88433"}],"wp:attachment":[{"href":"https:\/\/candas365.es\/noticias\/wp-json\/wp\/v2\/media?parent=107660"}],"wp:term":[{"taxonomy":"category","embeddable":true,"href":"https:\/\/candas365.es\/noticias\/wp-json\/wp\/v2\/categories?post=107660"},{"taxonomy":"post_tag","embeddable":true,"href":"https:\/\/candas365.es\/noticias\/wp-json\/wp\/v2\/tags?post=107660"}],"curies":[{"name":"wp","href":"https:\/\/api.w.org\/{rel}","templated":true}]}}