{"id":106977,"date":"2018-10-03T19:37:55","date_gmt":"2018-10-03T19:37:55","guid":{"rendered":"http:\/\/candas365.es\/noticias\/?p=106977"},"modified":"2018-10-03T19:37:55","modified_gmt":"2018-10-03T19:37:55","slug":"carmen-calvo-anuncia-la-tramitacion-de-la-ley-de-igualdad","status":"publish","type":"post","link":"https:\/\/candas365.es\/noticias\/carmen-calvo-anuncia-la-tramitacion-de-la-ley-de-igualdad\/","title":{"rendered":"Carmen Calvo anuncia la tramitaci\u00f3n de la Ley de Igualdad"},"content":{"rendered":"<p><img fetchpriority=\"high\" decoding=\"async\" class=\"alignleft size-medium wp-image-99651\" src=\"https:\/\/candas365.es\/noticias\/wp-content\/uploads\/2018\/07\/200618Control_C05-360x239.jpg\" alt=\"\" width=\"360\" height=\"239\" srcset=\"https:\/\/candas365.es\/noticias\/wp-content\/uploads\/2018\/07\/200618Control_C05-360x239.jpg 360w, https:\/\/candas365.es\/noticias\/wp-content\/uploads\/2018\/07\/200618Control_C05.jpg 496w\" sizes=\"(max-width: 360px) 100vw, 360px\" \/>La vicepresidenta del Gobierno y ministra de la Presidencia, Relaciones con las Cortes e Igualdad, Carmen Calvo, ha destacado durante su intervenci\u00f3n en la Forbes Summit Women que \u00aben nuestro pa\u00eds hay una Ley que invita pero no obliga a que la presencia de las mujeres pueda ser exigida en los lugares de liderazgo y poder empresarial, pero en este momento tenemos registrada en el Congreso de los Diputados una Ley de Igualdad Laboral que pronto comenzar\u00e1 su tramitaci\u00f3n y que el Gobierno est\u00e1 dispuesto a llevar por alguna v\u00eda urgente, en la que se establece la obligaci\u00f3n legal de las empresas espa\u00f1olas a compartir y repartir el poder de decisi\u00f3n con las mujeres. Daremos un periodo transitorio para esa adaptaci\u00f3n pero Espa\u00f1a se va a incorporar a los pa\u00edses del mundo que deciden que esto no puede ser un asunto de debate, tiene que ser un asunto de hechos y de soluciones\u00bb.<\/p>\n<p>La vicepresidenta ha a\u00f1adido que esta Ley \u00abno solo viene a resolver el problema de la brecha en el salario, sino que con ella pretendemos afrontar de manera global todos los problemas de discriminaci\u00f3n laboral de las mujeres. No solo en el acceso al trabajo, en la compatibilidad de la posible maternidad de las mujeres y en la corresponsabilidad de la vida personal y laboral, sino tambi\u00e9n en la obligaci\u00f3n de estar en los lugares de decisi\u00f3n\u00bb.<\/p>\n<p>Carmen Calvo ha recordado que \u00abayer el estado de California tom\u00f3 la decisi\u00f3n de exigir por ley la presencia de las mujeres en los puestos de direcci\u00f3n siguiendo la estela de algunos pa\u00edses europeos\u00bb y ha insistido en que \u00abeste es un dilema que las mujeres no tenemos por qu\u00e9 aceptar como si fuera irresoluble, como si solo nos correspondiera de manera privada y personal a nosotros y a nuestras parejas y familias: este es un asunto may\u00fasculo para una sociedad\u00bb.<\/p>\n<p>La ministra ha explicado que se trata de \u00abun asunto con dimensi\u00f3n pol\u00edtica, con responsabilidad democr\u00e1tica y con respuestas que nos permitan a las mujeres unas condiciones de desarrollo personal que dejen de ser tan dif\u00edciles, injustas e insoportables para una sociedad democr\u00e1tica\u00bb.<\/p>\n<p>La vicepresidenta ha se\u00f1alado que \u00abalgunos que piensan que esto lo resolver\u00e1 el desarrollo natural de los acontecimientos, que el tiempo har\u00e1 su trabajo. Y no es verdad. Ayer reflexion\u00e1bamos sobre c\u00f3mo tuvo Clara Campoamor que afrontar una aut\u00e9ntica batalla pol\u00edtica para convencer en su momento al conjunto de las c\u00e1maras de que no era posible hablar de democracia en nuestro pa\u00eds sin el voto de las mujeres. A estas alturas hay cosas que son tan injustas o incomprensibles como las que ayer record\u00e1bamos en su aniversario. No vamos a dejar esto a los acontecimientos al curso natural de las cosas, porque mientras tanto las mujeres desgastamos nuestras vidas en demasiadas batallas. No le traspasamos a las m\u00e1s j\u00f3venes una imagen deseable o reconfortante de c\u00f3mo tienen que ser sus vidas y de c\u00f3mo tienen que exigir que sus vidas sean en un estado de derecho, as\u00ed que hemos de tomar decisiones contundentes\u00bb, y ha insistido en que \u00aben muchos pa\u00edses de Europa se han tomado decisiones contundentes como se hace en un estado de derecho, transformando las aspiraciones de una sociedad en norma de obligado cumplimiento\u00bb.<\/p>\n<p>Durante su discurso, Calvo ha destacado que \u00ablas empresas pueden ser mucho m\u00e1s eficientes en su actividad si cuentan con las aportaciones de las mujeres, es un asunto de justicia y de eficiencia. Nadie en democracia se escapa de tener responsabilidades, el sector p\u00fablico menos, pero el sector privado tambi\u00e9n, porque forma parte de una sociedad y a ella tiene que responder con valores democr\u00e1ticos.<\/p>\n<p>Por \u00faltimo, Carmen Calvo ha apelado a la unidad de todas porque \u00abnecesitamos que la calidad de nuestros derechos sea la misma que la de los varones, que los obst\u00e1culos que tenemos que sobrepasar por razones culturales y sexistas no recaigan siempre sobre nuestra espalda, y que el Estado de derecho y la democracia respondan con normas a nuestras aspiraciones como lo hace para otras cuestiones y situaciones. No pedimos nada que no est\u00e9 ensayado en los modelos de estado y sociedad a los que pertenecemos como pa\u00eds avanzado, y por tanto en esa batalla tenemos que estar todas juntas\u00bb, ha finalizado.<\/p>\n","protected":false},"excerpt":{"rendered":"<p>La vicepresidenta del Gobierno y ministra de la Presidencia, Relaciones con las Cortes e Igualdad, Carmen Calvo, ha destacado durante su intervenci\u00f3n en la Forbes Summit Women que \u00aben nuestro pa\u00eds hay una Ley que invita pero no obliga a que la presencia de las mujeres pueda ser exigida en los lugares de liderazgo y<\/p>\n","protected":false},"author":1,"featured_media":99651,"comment_status":"closed","ping_status":"closed","sticky":false,"template":"","format":"standard","meta":{"footnotes":""},"categories":[343],"tags":[],"class_list":{"0":"post-106977","1":"post","2":"type-post","3":"status-publish","4":"format-standard","5":"has-post-thumbnail","7":"category-actualidad"},"aioseo_notices":[],"aioseo_head":"\n\t\t<!-- All in One SEO Pro 4.9.6.2 - aioseo.com -->\n\t<meta name=\"description\" content=\"La vicepresidenta del Gobierno y ministra de la Presidencia, Relaciones con las Cortes e Igualdad, Carmen Calvo, ha destacado durante su intervenci\u00f3n en la Forbes Summit Women que &quot;en nuestro pa\u00eds hay una Ley que invita pero no obliga a que la presencia de las mujeres pueda ser exigida en los lugares de liderazgo y\" \/>\n\t<meta name=\"robots\" content=\"max-image-preview:large\" \/>\n\t<meta name=\"author\" content=\"Cand\u00e1s 365\"\/>\n\t<meta name=\"google-site-verification\" content=\"UA-32230408-1\" \/>\n\t<meta name=\"msvalidate.01\" content=\"354F3CDFB2DA171B47FBE9ABF1F88D5\" \/>\n\t<meta name=\"keywords\" content=\"actualidad\" \/>\n\t<link rel=\"canonical\" href=\"https:\/\/candas365.es\/noticias\/carmen-calvo-anuncia-la-tramitacion-de-la-ley-de-igualdad\/\" \/>\n\t<meta name=\"generator\" content=\"All in One SEO Pro (AIOSEO) 4.9.6.2\" \/>\n\t\t<meta property=\"og:locale\" content=\"es_ES\" \/>\n\t\t<meta property=\"og:site_name\" content=\"Cand\u00e1s 365\" \/>\n\t\t<meta property=\"og:type\" content=\"article\" \/>\n\t\t<meta property=\"og:title\" content=\"Carmen Calvo anuncia la tramitaci\u00f3n de la Ley de Igualdad | Cand\u00e1s 365\" \/>\n\t\t<meta property=\"og:description\" content=\"La vicepresidenta del Gobierno y ministra de la Presidencia, Relaciones con las Cortes e Igualdad, Carmen Calvo, ha destacado durante su intervenci\u00f3n en la Forbes Summit Women que &quot;en nuestro pa\u00eds hay una Ley que invita pero no obliga a que la presencia de las mujeres pueda ser exigida en los lugares de liderazgo y\" \/>\n\t\t<meta property=\"og:url\" content=\"https:\/\/candas365.es\/noticias\/carmen-calvo-anuncia-la-tramitacion-de-la-ley-de-igualdad\/\" \/>\n\t\t<meta property=\"og:image\" content=\"https:\/\/candas365.es\/noticias\/wp-content\/uploads\/2018\/07\/200618Control_C05.jpg\" \/>\n\t\t<meta property=\"og:image:secure_url\" content=\"https:\/\/candas365.es\/noticias\/wp-content\/uploads\/2018\/07\/200618Control_C05.jpg\" \/>\n\t\t<meta property=\"og:image:width\" content=\"496\" \/>\n\t\t<meta property=\"og:image:height\" content=\"329\" \/>\n\t\t<meta property=\"article:published_time\" content=\"2018-10-03T19:37:55+00:00\" \/>\n\t\t<meta property=\"article:modified_time\" content=\"2018-10-03T19:37:55+00:00\" \/>\n\t\t<meta property=\"article:publisher\" content=\"https:\/\/www.facebook.com\/Nachofdezber\" \/>\n\t\t<meta property=\"article:author\" content=\"https:\/\/www.facebook.com\/carrenoactualidad\" \/>\n\t\t<meta name=\"twitter:card\" content=\"summary_large_image\" \/>\n\t\t<meta name=\"twitter:site\" content=\"@NabercoDigital\" \/>\n\t\t<meta name=\"twitter:title\" content=\"Carmen Calvo anuncia la tramitaci\u00f3n de la Ley de Igualdad | Cand\u00e1s 365\" \/>\n\t\t<meta name=\"twitter:description\" content=\"La vicepresidenta del Gobierno y ministra de la Presidencia, Relaciones con las Cortes e Igualdad, Carmen Calvo, ha destacado durante su intervenci\u00f3n en la Forbes Summit Women que &quot;en nuestro pa\u00eds hay una Ley que invita pero no obliga a que la presencia de las mujeres pueda ser exigida en los lugares de liderazgo y\" \/>\n\t\t<meta name=\"twitter:creator\" content=\"@nbasturias\" \/>\n\t\t<meta name=\"twitter:image\" content=\"https:\/\/candas365.es\/noticias\/wp-content\/uploads\/2018\/07\/200618Control_C05.jpg\" \/>\n\t\t<meta name=\"twitter:label1\" content=\"Escrito por\" \/>\n\t\t<meta name=\"twitter:data1\" content=\"Cand\u00e1s 365\" \/>\n\t\t<meta name=\"twitter:label2\" content=\"Tiempo de lectura estimado\" \/>\n\t\t<meta name=\"twitter:data2\" content=\"4 minutos\" \/>\n\t\t<script type=\"application\/ld+json\" class=\"aioseo-schema\">\n\t\t\t{\"@context\":\"https:\\\/\\\/schema.org\",\"@graph\":[{\"@type\":\"BreadcrumbList\",\"@id\":\"https:\\\/\\\/candas365.es\\\/noticias\\\/carmen-calvo-anuncia-la-tramitacion-de-la-ley-de-igualdad\\\/#breadcrumblist\",\"itemListElement\":[{\"@type\":\"ListItem\",\"@id\":\"https:\\\/\\\/candas365.es\\\/noticias#listItem\",\"position\":1,\"name\":\"Home\",\"item\":\"https:\\\/\\\/candas365.es\\\/noticias\",\"nextItem\":{\"@type\":\"ListItem\",\"@id\":\"https:\\\/\\\/candas365.es\\\/noticias\\\/category\\\/actualidad\\\/#listItem\",\"name\":\"Actualidad\"}},{\"@type\":\"ListItem\",\"@id\":\"https:\\\/\\\/candas365.es\\\/noticias\\\/category\\\/actualidad\\\/#listItem\",\"position\":2,\"name\":\"Actualidad\",\"item\":\"https:\\\/\\\/candas365.es\\\/noticias\\\/category\\\/actualidad\\\/\",\"nextItem\":{\"@type\":\"ListItem\",\"@id\":\"https:\\\/\\\/candas365.es\\\/noticias\\\/carmen-calvo-anuncia-la-tramitacion-de-la-ley-de-igualdad\\\/#listItem\",\"name\":\"Carmen Calvo anuncia la tramitaci\\u00f3n de la Ley de Igualdad\"},\"previousItem\":{\"@type\":\"ListItem\",\"@id\":\"https:\\\/\\\/candas365.es\\\/noticias#listItem\",\"name\":\"Home\"}},{\"@type\":\"ListItem\",\"@id\":\"https:\\\/\\\/candas365.es\\\/noticias\\\/carmen-calvo-anuncia-la-tramitacion-de-la-ley-de-igualdad\\\/#listItem\",\"position\":3,\"name\":\"Carmen Calvo anuncia la tramitaci\\u00f3n de la Ley de Igualdad\",\"previousItem\":{\"@type\":\"ListItem\",\"@id\":\"https:\\\/\\\/candas365.es\\\/noticias\\\/category\\\/actualidad\\\/#listItem\",\"name\":\"Actualidad\"}}]},{\"@type\":\"NewsArticle\",\"@id\":\"https:\\\/\\\/candas365.es\\\/noticias\\\/carmen-calvo-anuncia-la-tramitacion-de-la-ley-de-igualdad\\\/#newsarticle\",\"name\":\"Carmen Calvo anuncia la tramitaci\\u00f3n de la Ley de Igualdad | Cand\\u00e1s 365\",\"headline\":\"Carmen Calvo anuncia la tramitaci\\u00f3n de la Ley de Igualdad\",\"author\":{\"@id\":\"https:\\\/\\\/candas365.es\\\/noticias\\\/author\\\/admin\\\/#author\"},\"publisher\":{\"@id\":\"https:\\\/\\\/candas365.es\\\/noticias\\\/#organization\"},\"image\":{\"@type\":\"ImageObject\",\"url\":\"https:\\\/\\\/candas365.es\\\/noticias\\\/wp-content\\\/uploads\\\/2018\\\/07\\\/200618Control_C05.jpg\",\"width\":496,\"height\":329},\"datePublished\":\"2018-10-03T19:37:55+02:00\",\"dateModified\":\"2018-10-03T19:37:55+02:00\",\"inLanguage\":\"es-ES\",\"mainEntityOfPage\":{\"@id\":\"https:\\\/\\\/candas365.es\\\/noticias\\\/carmen-calvo-anuncia-la-tramitacion-de-la-ley-de-igualdad\\\/#webpage\"},\"isPartOf\":{\"@id\":\"https:\\\/\\\/candas365.es\\\/noticias\\\/carmen-calvo-anuncia-la-tramitacion-de-la-ley-de-igualdad\\\/#webpage\"},\"articleSection\":\"Actualidad\",\"dateline\":\"Publicado el octubre 3, 2018.\"},{\"@type\":\"Organization\",\"@id\":\"https:\\\/\\\/candas365.es\\\/noticias\\\/#organization\",\"name\":\"Cand\\u00e1s 365\",\"description\":\"Cand\\u00e1s 365 es un diario digital independiente, fundado en 2012, con base en Asturias. Informamos con rigor sobre actualidad, sociedad, cultura y ocio, con una mirada local y global.\",\"url\":\"https:\\\/\\\/candas365.es\\\/noticias\\\/\",\"email\":\"info@candas365.es\",\"telephone\":\"+34652131393\",\"foundingDate\":\"2012-06-10\",\"logo\":{\"@type\":\"ImageObject\",\"url\":\"https:\\\/\\\/candas365.es\\\/noticias\\\/wp-content\\\/uploads\\\/2024\\\/09\\\/Candas-365-Redes.jpg\",\"@id\":\"https:\\\/\\\/candas365.es\\\/noticias\\\/carmen-calvo-anuncia-la-tramitacion-de-la-ley-de-igualdad\\\/#organizationLogo\",\"width\":1152,\"height\":864,\"caption\":\"Cand\\u00e1s 365 Redes\"},\"image\":{\"@id\":\"https:\\\/\\\/candas365.es\\\/noticias\\\/carmen-calvo-anuncia-la-tramitacion-de-la-ley-de-igualdad\\\/#organizationLogo\"},\"sameAs\":[\"https:\\\/\\\/www.facebook.com\\\/Nachofdezber\",\"https:\\\/\\\/x.com\\\/NabercoDigital\",\"https:\\\/\\\/www.instagram.com\\\/nachofdezber\\\/\",\"https:\\\/\\\/www.youtube.com\\\/channel\\\/UCZP-2wLEB9Rv6erhFmqVnvg\"],\"address\":{\"@id\":\"https:\\\/\\\/candas365.es\\\/noticias\\\/#postaladdress\",\"@type\":\"PostalAddress\",\"streetAddress\":\"san antonio 4, san antonio 4\",\"postalCode\":\"33430\",\"addressLocality\":\"Cand\\u00e1s\",\"addressRegion\":\"Asturias\",\"addressCountry\":\"ES\"}},{\"@type\":\"Person\",\"@id\":\"https:\\\/\\\/candas365.es\\\/noticias\\\/author\\\/admin\\\/#author\",\"url\":\"https:\\\/\\\/candas365.es\\\/noticias\\\/author\\\/admin\\\/\",\"name\":\"Cand\\u00e1s 365\",\"image\":{\"@type\":\"ImageObject\",\"@id\":\"https:\\\/\\\/candas365.es\\\/noticias\\\/carmen-calvo-anuncia-la-tramitacion-de-la-ley-de-igualdad\\\/#authorImage\",\"url\":\"https:\\\/\\\/secure.gravatar.com\\\/avatar\\\/496a8e03d0c493ede1718b7934145dbdf8d89be1036b0eec9544e1094c9de390?s=96&d=mm&r=g\",\"width\":96,\"height\":96,\"caption\":\"Cand\\u00e1s 365\"},\"sameAs\":[\"https:\\\/\\\/www.facebook.com\\\/carrenoactualidad\",\"https:\\\/\\\/twitter.com\\\/nbasturias\",\"https:\\\/\\\/www.instagram.com\\\/nachofdezber\\\/\",\"https:\\\/\\\/www.youtube.com\\\/channel\\\/UCZP-2wLEB9Rv6erhFmqVnvg\"]},{\"@type\":\"WebPage\",\"@id\":\"https:\\\/\\\/candas365.es\\\/noticias\\\/carmen-calvo-anuncia-la-tramitacion-de-la-ley-de-igualdad\\\/#webpage\",\"url\":\"https:\\\/\\\/candas365.es\\\/noticias\\\/carmen-calvo-anuncia-la-tramitacion-de-la-ley-de-igualdad\\\/\",\"name\":\"Carmen Calvo anuncia la tramitaci\\u00f3n de la Ley de Igualdad | Cand\\u00e1s 365\",\"description\":\"La vicepresidenta del Gobierno y ministra de la Presidencia, Relaciones con las Cortes e Igualdad, Carmen Calvo, ha destacado durante su intervenci\\u00f3n en la Forbes Summit Women que \\\"en nuestro pa\\u00eds hay una Ley que invita pero no obliga a que la presencia de las mujeres pueda ser exigida en los lugares de liderazgo y\",\"inLanguage\":\"es-ES\",\"isPartOf\":{\"@id\":\"https:\\\/\\\/candas365.es\\\/noticias\\\/#website\"},\"breadcrumb\":{\"@id\":\"https:\\\/\\\/candas365.es\\\/noticias\\\/carmen-calvo-anuncia-la-tramitacion-de-la-ley-de-igualdad\\\/#breadcrumblist\"},\"author\":{\"@id\":\"https:\\\/\\\/candas365.es\\\/noticias\\\/author\\\/admin\\\/#author\"},\"creator\":{\"@id\":\"https:\\\/\\\/candas365.es\\\/noticias\\\/author\\\/admin\\\/#author\"},\"image\":{\"@type\":\"ImageObject\",\"url\":\"https:\\\/\\\/candas365.es\\\/noticias\\\/wp-content\\\/uploads\\\/2018\\\/07\\\/200618Control_C05.jpg\",\"@id\":\"https:\\\/\\\/candas365.es\\\/noticias\\\/carmen-calvo-anuncia-la-tramitacion-de-la-ley-de-igualdad\\\/#mainImage\",\"width\":496,\"height\":329},\"primaryImageOfPage\":{\"@id\":\"https:\\\/\\\/candas365.es\\\/noticias\\\/carmen-calvo-anuncia-la-tramitacion-de-la-ley-de-igualdad\\\/#mainImage\"},\"datePublished\":\"2018-10-03T19:37:55+02:00\",\"dateModified\":\"2018-10-03T19:37:55+02:00\"},{\"@type\":\"WebSite\",\"@id\":\"https:\\\/\\\/candas365.es\\\/noticias\\\/#website\",\"url\":\"https:\\\/\\\/candas365.es\\\/noticias\\\/\",\"name\":\"Cand\\u00e1s 365\",\"alternateName\":\"Cand\\u00e1s 365 Noticias\",\"description\":\"Actualidad desde Carre\\u00f1o para el mundo\",\"inLanguage\":\"es-ES\",\"publisher\":{\"@id\":\"https:\\\/\\\/candas365.es\\\/noticias\\\/#organization\"}}]}\n\t\t<\/script>\n\t\t<!-- All in One SEO Pro -->\r\n\t\t<title>Carmen Calvo anuncia la tramitaci\u00f3n de la Ley de Igualdad | Cand\u00e1s 365<\/title>\n\n","aioseo_head_json":{"title":"Carmen Calvo anuncia la tramitaci\u00f3n de la Ley de Igualdad | Cand\u00e1s 365","description":"La vicepresidenta del Gobierno y ministra de la Presidencia, Relaciones con las Cortes e Igualdad, Carmen Calvo, ha destacado durante su intervenci\u00f3n en la Forbes Summit Women que \"en nuestro pa\u00eds hay una Ley que invita pero no obliga a que la presencia de las mujeres pueda ser exigida en los lugares de liderazgo y","canonical_url":"https:\/\/candas365.es\/noticias\/carmen-calvo-anuncia-la-tramitacion-de-la-ley-de-igualdad\/","robots":"max-image-preview:large","keywords":"actualidad","webmasterTools":{"google-site-verification":"UA-32230408-1","msvalidate.01":"354F3CDFB2DA171B47FBE9ABF1F88D5","miscellaneous":""},"schema":{"@context":"https:\/\/schema.org","@graph":[{"@type":"BreadcrumbList","@id":"https:\/\/candas365.es\/noticias\/carmen-calvo-anuncia-la-tramitacion-de-la-ley-de-igualdad\/#breadcrumblist","itemListElement":[{"@type":"ListItem","@id":"https:\/\/candas365.es\/noticias#listItem","position":1,"name":"Home","item":"https:\/\/candas365.es\/noticias","nextItem":{"@type":"ListItem","@id":"https:\/\/candas365.es\/noticias\/category\/actualidad\/#listItem","name":"Actualidad"}},{"@type":"ListItem","@id":"https:\/\/candas365.es\/noticias\/category\/actualidad\/#listItem","position":2,"name":"Actualidad","item":"https:\/\/candas365.es\/noticias\/category\/actualidad\/","nextItem":{"@type":"ListItem","@id":"https:\/\/candas365.es\/noticias\/carmen-calvo-anuncia-la-tramitacion-de-la-ley-de-igualdad\/#listItem","name":"Carmen Calvo anuncia la tramitaci\u00f3n de la Ley de Igualdad"},"previousItem":{"@type":"ListItem","@id":"https:\/\/candas365.es\/noticias#listItem","name":"Home"}},{"@type":"ListItem","@id":"https:\/\/candas365.es\/noticias\/carmen-calvo-anuncia-la-tramitacion-de-la-ley-de-igualdad\/#listItem","position":3,"name":"Carmen Calvo anuncia la tramitaci\u00f3n de la Ley de Igualdad","previousItem":{"@type":"ListItem","@id":"https:\/\/candas365.es\/noticias\/category\/actualidad\/#listItem","name":"Actualidad"}}]},{"@type":"NewsArticle","@id":"https:\/\/candas365.es\/noticias\/carmen-calvo-anuncia-la-tramitacion-de-la-ley-de-igualdad\/#newsarticle","name":"Carmen Calvo anuncia la tramitaci\u00f3n de la Ley de Igualdad | Cand\u00e1s 365","headline":"Carmen Calvo anuncia la tramitaci\u00f3n de la Ley de Igualdad","author":{"@id":"https:\/\/candas365.es\/noticias\/author\/admin\/#author"},"publisher":{"@id":"https:\/\/candas365.es\/noticias\/#organization"},"image":{"@type":"ImageObject","url":"https:\/\/candas365.es\/noticias\/wp-content\/uploads\/2018\/07\/200618Control_C05.jpg","width":496,"height":329},"datePublished":"2018-10-03T19:37:55+02:00","dateModified":"2018-10-03T19:37:55+02:00","inLanguage":"es-ES","mainEntityOfPage":{"@id":"https:\/\/candas365.es\/noticias\/carmen-calvo-anuncia-la-tramitacion-de-la-ley-de-igualdad\/#webpage"},"isPartOf":{"@id":"https:\/\/candas365.es\/noticias\/carmen-calvo-anuncia-la-tramitacion-de-la-ley-de-igualdad\/#webpage"},"articleSection":"Actualidad","dateline":"Publicado el octubre 3, 2018."},{"@type":"Organization","@id":"https:\/\/candas365.es\/noticias\/#organization","name":"Cand\u00e1s 365","description":"Cand\u00e1s 365 es un diario digital independiente, fundado en 2012, con base en Asturias. Informamos con rigor sobre actualidad, sociedad, cultura y ocio, con una mirada local y global.","url":"https:\/\/candas365.es\/noticias\/","email":"info@candas365.es","telephone":"+34652131393","foundingDate":"2012-06-10","logo":{"@type":"ImageObject","url":"https:\/\/candas365.es\/noticias\/wp-content\/uploads\/2024\/09\/Candas-365-Redes.jpg","@id":"https:\/\/candas365.es\/noticias\/carmen-calvo-anuncia-la-tramitacion-de-la-ley-de-igualdad\/#organizationLogo","width":1152,"height":864,"caption":"Cand\u00e1s 365 Redes"},"image":{"@id":"https:\/\/candas365.es\/noticias\/carmen-calvo-anuncia-la-tramitacion-de-la-ley-de-igualdad\/#organizationLogo"},"sameAs":["https:\/\/www.facebook.com\/Nachofdezber","https:\/\/x.com\/NabercoDigital","https:\/\/www.instagram.com\/nachofdezber\/","https:\/\/www.youtube.com\/channel\/UCZP-2wLEB9Rv6erhFmqVnvg"],"address":{"@id":"https:\/\/candas365.es\/noticias\/#postaladdress","@type":"PostalAddress","streetAddress":"san antonio 4, san antonio 4","postalCode":"33430","addressLocality":"Cand\u00e1s","addressRegion":"Asturias","addressCountry":"ES"}},{"@type":"Person","@id":"https:\/\/candas365.es\/noticias\/author\/admin\/#author","url":"https:\/\/candas365.es\/noticias\/author\/admin\/","name":"Cand\u00e1s 365","image":{"@type":"ImageObject","@id":"https:\/\/candas365.es\/noticias\/carmen-calvo-anuncia-la-tramitacion-de-la-ley-de-igualdad\/#authorImage","url":"https:\/\/secure.gravatar.com\/avatar\/496a8e03d0c493ede1718b7934145dbdf8d89be1036b0eec9544e1094c9de390?s=96&d=mm&r=g","width":96,"height":96,"caption":"Cand\u00e1s 365"},"sameAs":["https:\/\/www.facebook.com\/carrenoactualidad","https:\/\/twitter.com\/nbasturias","https:\/\/www.instagram.com\/nachofdezber\/","https:\/\/www.youtube.com\/channel\/UCZP-2wLEB9Rv6erhFmqVnvg"]},{"@type":"WebPage","@id":"https:\/\/candas365.es\/noticias\/carmen-calvo-anuncia-la-tramitacion-de-la-ley-de-igualdad\/#webpage","url":"https:\/\/candas365.es\/noticias\/carmen-calvo-anuncia-la-tramitacion-de-la-ley-de-igualdad\/","name":"Carmen Calvo anuncia la tramitaci\u00f3n de la Ley de Igualdad | Cand\u00e1s 365","description":"La vicepresidenta del Gobierno y ministra de la Presidencia, Relaciones con las Cortes e Igualdad, Carmen Calvo, ha destacado durante su intervenci\u00f3n en la Forbes Summit Women que \"en nuestro pa\u00eds hay una Ley que invita pero no obliga a que la presencia de las mujeres pueda ser exigida en los lugares de liderazgo y","inLanguage":"es-ES","isPartOf":{"@id":"https:\/\/candas365.es\/noticias\/#website"},"breadcrumb":{"@id":"https:\/\/candas365.es\/noticias\/carmen-calvo-anuncia-la-tramitacion-de-la-ley-de-igualdad\/#breadcrumblist"},"author":{"@id":"https:\/\/candas365.es\/noticias\/author\/admin\/#author"},"creator":{"@id":"https:\/\/candas365.es\/noticias\/author\/admin\/#author"},"image":{"@type":"ImageObject","url":"https:\/\/candas365.es\/noticias\/wp-content\/uploads\/2018\/07\/200618Control_C05.jpg","@id":"https:\/\/candas365.es\/noticias\/carmen-calvo-anuncia-la-tramitacion-de-la-ley-de-igualdad\/#mainImage","width":496,"height":329},"primaryImageOfPage":{"@id":"https:\/\/candas365.es\/noticias\/carmen-calvo-anuncia-la-tramitacion-de-la-ley-de-igualdad\/#mainImage"},"datePublished":"2018-10-03T19:37:55+02:00","dateModified":"2018-10-03T19:37:55+02:00"},{"@type":"WebSite","@id":"https:\/\/candas365.es\/noticias\/#website","url":"https:\/\/candas365.es\/noticias\/","name":"Cand\u00e1s 365","alternateName":"Cand\u00e1s 365 Noticias","description":"Actualidad desde Carre\u00f1o para el mundo","inLanguage":"es-ES","publisher":{"@id":"https:\/\/candas365.es\/noticias\/#organization"}}]},"og:locale":"es_ES","og:site_name":"Cand\u00e1s 365","og:type":"article","og:title":"Carmen Calvo anuncia la tramitaci\u00f3n de la Ley de Igualdad | Cand\u00e1s 365","og:description":"La vicepresidenta del Gobierno y ministra de la Presidencia, Relaciones con las Cortes e Igualdad, Carmen Calvo, ha destacado durante su intervenci\u00f3n en la Forbes Summit Women que &quot;en nuestro pa\u00eds hay una Ley que invita pero no obliga a que la presencia de las mujeres pueda ser exigida en los lugares de liderazgo y","og:url":"https:\/\/candas365.es\/noticias\/carmen-calvo-anuncia-la-tramitacion-de-la-ley-de-igualdad\/","og:image":"https:\/\/candas365.es\/noticias\/wp-content\/uploads\/2018\/07\/200618Control_C05.jpg","og:image:secure_url":"https:\/\/candas365.es\/noticias\/wp-content\/uploads\/2018\/07\/200618Control_C05.jpg","og:image:width":496,"og:image:height":329,"article:published_time":"2018-10-03T19:37:55+00:00","article:modified_time":"2018-10-03T19:37:55+00:00","article:publisher":"https:\/\/www.facebook.com\/Nachofdezber","article:author":"https:\/\/www.facebook.com\/carrenoactualidad","twitter:card":"summary_large_image","twitter:site":"@NabercoDigital","twitter:title":"Carmen Calvo anuncia la tramitaci\u00f3n de la Ley de Igualdad | Cand\u00e1s 365","twitter:description":"La vicepresidenta del Gobierno y ministra de la Presidencia, Relaciones con las Cortes e Igualdad, Carmen Calvo, ha destacado durante su intervenci\u00f3n en la Forbes Summit Women que &quot;en nuestro pa\u00eds hay una Ley que invita pero no obliga a que la presencia de las mujeres pueda ser exigida en los lugares de liderazgo y","twitter:creator":"@nbasturias","twitter:image":"https:\/\/candas365.es\/noticias\/wp-content\/uploads\/2018\/07\/200618Control_C05.jpg","twitter:label1":"Escrito por","twitter:data1":"Cand\u00e1s 365","twitter:label2":"Tiempo de lectura estimado","twitter:data2":"4 minutos"},"aioseo_meta_data":{"post_id":"106977","title":null,"description":null,"keywords":null,"keyphrases":null,"primary_term":null,"canonical_url":null,"og_title":null,"og_description":null,"og_object_type":"default","og_image_type":"default","og_image_url":null,"og_image_width":null,"og_image_height":null,"og_image_custom_url":null,"og_image_custom_fields":null,"og_video":null,"og_custom_url":null,"og_article_section":null,"og_article_tags":null,"twitter_use_og":false,"twitter_card":"default","twitter_image_type":"default","twitter_image_url":null,"twitter_image_custom_url":null,"twitter_image_custom_fields":null,"twitter_title":null,"twitter_description":null,"schema":{"blockGraphs":[],"customGraphs":[],"default":{"data":{"Article":[],"Course":[],"Dataset":[],"FAQPage":[],"Movie":[],"Person":[],"Product":[],"ProductReview":[],"Car":[],"Recipe":[],"Service":[],"SoftwareApplication":[],"WebPage":[]},"graphName":"","isEnabled":true},"graphs":[],"defaultGraph":"","defaultPostTypeGraph":""},"schema_type":null,"schema_type_options":null,"pillar_content":false,"robots_default":true,"robots_noindex":false,"robots_noarchive":false,"robots_nosnippet":false,"robots_nofollow":false,"robots_noimageindex":false,"robots_noodp":false,"robots_notranslate":false,"robots_max_snippet":null,"robots_max_videopreview":null,"robots_max_imagepreview":"large","priority":null,"frequency":null,"location":null,"local_seo":null,"seo_analyzer_scan_date":"2025-08-28 02:36:33","breadcrumb_settings":null,"limit_modified_date":false,"reviewed_by":null,"open_ai":null,"ai":null,"created":"2020-12-21 11:44:02","updated":"2025-08-28 02:36:33"},"aioseo_breadcrumb":"<div class=\"aioseo-breadcrumbs\"><span class=\"aioseo-breadcrumb\">\n\t<a href=\"https:\/\/candas365.es\/noticias\" title=\"Home\">Home<\/a>\n<\/span><span class=\"aioseo-breadcrumb-separator\">&ndash;<\/span><span class=\"aioseo-breadcrumb\">\n\t<a href=\"https:\/\/candas365.es\/noticias\/category\/actualidad\/\" title=\"Actualidad\">Actualidad<\/a>\n<\/span><span class=\"aioseo-breadcrumb-separator\">&ndash;<\/span><span class=\"aioseo-breadcrumb\">\n\tCarmen Calvo anuncia la tramitaci\u00f3n de la Ley de Igualdad\n<\/span><\/div>","aioseo_breadcrumb_json":[{"label":"Home","link":"https:\/\/candas365.es\/noticias"},{"label":"Actualidad","link":"https:\/\/candas365.es\/noticias\/category\/actualidad\/"},{"label":"Carmen Calvo anuncia la tramitaci\u00f3n de la Ley de Igualdad","link":"https:\/\/candas365.es\/noticias\/carmen-calvo-anuncia-la-tramitacion-de-la-ley-de-igualdad\/"}],"_links":{"self":[{"href":"https:\/\/candas365.es\/noticias\/wp-json\/wp\/v2\/posts\/106977","targetHints":{"allow":["GET"]}}],"collection":[{"href":"https:\/\/candas365.es\/noticias\/wp-json\/wp\/v2\/posts"}],"about":[{"href":"https:\/\/candas365.es\/noticias\/wp-json\/wp\/v2\/types\/post"}],"author":[{"embeddable":true,"href":"https:\/\/candas365.es\/noticias\/wp-json\/wp\/v2\/users\/1"}],"replies":[{"embeddable":true,"href":"https:\/\/candas365.es\/noticias\/wp-json\/wp\/v2\/comments?post=106977"}],"version-history":[{"count":0,"href":"https:\/\/candas365.es\/noticias\/wp-json\/wp\/v2\/posts\/106977\/revisions"}],"wp:featuredmedia":[{"embeddable":true,"href":"https:\/\/candas365.es\/noticias\/wp-json\/wp\/v2\/media\/99651"}],"wp:attachment":[{"href":"https:\/\/candas365.es\/noticias\/wp-json\/wp\/v2\/media?parent=106977"}],"wp:term":[{"taxonomy":"category","embeddable":true,"href":"https:\/\/candas365.es\/noticias\/wp-json\/wp\/v2\/categories?post=106977"},{"taxonomy":"post_tag","embeddable":true,"href":"https:\/\/candas365.es\/noticias\/wp-json\/wp\/v2\/tags?post=106977"}],"curies":[{"name":"wp","href":"https:\/\/api.w.org\/{rel}","templated":true}]}}