{"id":1069,"date":"2014-09-22T16:04:57","date_gmt":"2014-09-22T18:04:57","guid":{"rendered":"http:\/\/candas365.es\/noticias\/?p=1069"},"modified":"2014-09-22T16:04:57","modified_gmt":"2014-09-22T18:04:57","slug":"el-congreso-aprueba-manana-la-ley-de-parques-nacionales","status":"publish","type":"post","link":"https:\/\/candas365.es\/noticias\/el-congreso-aprueba-manana-la-ley-de-parques-nacionales\/","title":{"rendered":"El Congreso aprueba ma\u00f1ana la Ley de Parques Nacionales"},"content":{"rendered":"<p>MADRID, 22 Sep. (EUROPA PRESS) La Comisi\u00f3n de Agricultura, Alimentaci\u00f3n y Medio Ambiente aprobar\u00e1 y enviar\u00e1 este martes al Senado el nuevo proyecto de Ley de Parques Nacionales con las cr\u00edticas de la oposici\u00f3n de que esta normativa va a permitir que el suelo de estos espacios naturales sea a partir de ahora urbanizable. En ella se proh\u00edbe la extracci\u00f3n de hidrocarburos, \u00e1ridos o canteras, la caza deportiva y comercial, la pesca deportiva y recreativa, y la tala con fines comerciales.<\/p>\n<p>Se trata de una ley que, seg\u00fan defendi\u00f3 en mayo la nueva ministra del ramo, Isabel Garc\u00eda Tejerina, reforzar\u00e1 la coordinaci\u00f3n del Estado y de las comunidades aut\u00f3nomas, encargadas de su gesti\u00f3n, para garantizar la correcta conservaci\u00f3n de estos espacios.<\/p>\n<p>Fue en enero cuando el Consejo de Ministros aprob\u00f3 la remisi\u00f3n a las Cortes del citado proyecto de ley. A finales de mayo, el Pleno de la C\u00e1mara Baja rechaz\u00f3, con los votos del PP, Foro de Asturias, y UPN, la petici\u00f3n de PSOE, CiU, la Izquierda Plural (IU-ICV-CHA) y el BNG de devolver al Gobierno el proyecto de Ley. Ahora se debate directamente en comisi\u00f3n, con competencia legislativa plena, para ser remitida al Senado.<\/p>\n<p>Esta norma parte con la oposici\u00f3n de las organizaciones ecologistas, que han advertido del peligro que puede suponer incluir en la Ley \u00abnuevas excepciones\u00bb que conlleven una rebaja en la protecci\u00f3n de estos enclaves, en beneficio de actividades econ\u00f3micas o la autorizaci\u00f3n de \u00abotras actividades prohibidas\u00bb.<\/p>\n<p>TRES EXCEPCIONES<\/p>\n<p>Para disipar estas dudas, el Grupo Popular present\u00f3 este verano en el Congreso una enmienda en este sentido, que ha sido incluida al texto del Gobierno, que aclaraba que el suelo de estos espacios no iba a ser urbanizable, salvo en el caso de tres municipios enclavados en Picos de Europa y Monfrag\u00fce, contemplados en sus respectivas leyes declarativas, seg\u00fan asegur\u00f3 a Europa Press su portavoz parlamentaria, Mar\u00eda Teresa de Lara.<\/p>\n<p>En concreto, los grupos parlamentarios han presentado un total de 186 enmiendas parciales al texto planteado por el Gobierno, que reforma la anterior puesta en marcha por el exGobierno socialista en 2007 y con Cristina Narbona como ministra del ramo.<\/p>\n<p>A juicio de la ministra de Medio Ambiente, es necesario reformar esta ley porque la vigente no permite cumplir \u00absuficientemente bien\u00bb con el objetivo de conservaci\u00f3n. \u00abCarece de sentido que los Parques Nacionales se den la espalda los unos a los otros dependiendo del territorio en el que radiquen\u00bb, ha precisado.<\/p>\n<p>NOVEDADES<\/p>\n<p>Entre otras novedades que comprende esta ley se aclara que, en la fase de declaraci\u00f3n de parque nacional, s\u00f3lo se deber\u00e1n identificar aquellas actividades que pudieran resultar incompatibles con la figura de parque nacional, mientras que ser\u00e1 el plan rector el que determine las actividades compatibles.<\/p>\n<p>A su vez, se establece el derecho del Gobierno a adquirir la compra de determinadas fincas situadas exclusivamente en el interior del parque. Eso s\u00ed, tambi\u00e9n plantea una excepci\u00f3n con los \u00abenclavados\u00bb, es decir, una finca privada que no pertenece al parque, \u00abcomo sucede en El Teide\u00bb.<\/p>\n<p>A partir de ahora, ser\u00e1 la Administraci\u00f3n General del Estado, entre sus nuevas funciones, la que establezca los criterios comunes para mantener la imagen corporativa y la \u00abdebida uniformidad\u00bb del personal que por sus funciones se requiera.<\/p>\n<p>A partir de ahora, a las comunidades aut\u00f3nomas les corresponder\u00e1 la gesti\u00f3n ordinaria de los parques, y al Estado la creaci\u00f3n de nuevos parques, as\u00ed como la labor de coordinaci\u00f3n de todo el conjunto, seg\u00fan ha defendido el Ejecutivo.<\/p>\n<p>\u00abRespeta el criterio de nuestro Tribunal Constitucional\u00bb, ha asegurado en alguna ocasi\u00f3n la titular de Medio Ambiente, a pesar de las advertencias de los grupos de la oposici\u00f3n. A su vez, ha indicado que el proyecto de ley ha tenido en cuenta las observaciones del dictamen del Consejo de Estado que \u00abha sido favorable\u00bb a la norma.<\/p>\n<p>INTERVENCI\u00d3N ESTATAL DIRECTA<\/p>\n<p>Esta ley permite tambi\u00e9n la intervenci\u00f3n estatal directa, coordinada con las comunidades aut\u00f3nomas, ante cat\u00e1strofes o situaciones extraordinarias que pongan en peligro los valores de estos espacios, como por ejemplo en caso de incendios forestales de gran magnitud.<\/p>\n<p>Se proh\u00edbe la extracci\u00f3n de hidrocarburos, \u00e1ridos o canteras, la caza deportiva y comercial, la pesca deportiva y recreativa, y la tala con fines comerciales. \u00abNo autoriza ninguna actividad que no se estuviese realizando con anterioridad dentro de los parques\u00bb, ha apostillado.<\/p>\n<p>Incorpora tambi\u00e9n la posibilidad de ampliar Parques Nacionales ya declarados sobre \u00e1reas marinas exteriores colindantes, algo que no recoge la normativa actual, y se aumenta la superficie m\u00ednima requerida para declarar un nuevo parque en territorio peninsular de las 15.000 a las 20.000 hect\u00e1reas.<\/p>\n<p>Mantiene el sistema de ayudas t\u00e9cnicas, econ\u00f3micas y financieras a los municipios de sus zonas de influencia, e introduce como novedad la puesta en marcha de programas piloto que activen la econom\u00eda sostenible en estas zonas y prevean la creaci\u00f3n de \u00abempleo verde\u00bb.<\/p>\n<p>En la actualidad existen 15 Parques Nacionales en Espa\u00f1a, que ocupan una superficie de 381.716,49 hect\u00e1reas y acogen una \u00abgran riqueza de fauna y vegetaci\u00f3n\u00bb, as\u00ed como las especies m\u00e1s emblem\u00e1ticas del pa\u00eds. La \u00faltima incorporaci\u00f3n, en junio del a\u00f1o pasado, fue la del Parque Nacional de la Sierra de Guadarrama.<\/p>\n<p>Todos los grupos de la oposici\u00f3n han coincidido en que esta ley supone \u00abun retroceso\u00bb en la protecci\u00f3n ambiental, una \u00abdegradaci\u00f3n\u00bb de la figura de protecci\u00f3n, incluso pone en riesgo su homologaci\u00f3n internacional, al mismo tiempo que invade competencias auton\u00f3micas.<\/p>\n","protected":false},"excerpt":{"rendered":"<p>MADRID, 22 Sep. (EUROPA PRESS) La Comisi\u00f3n de Agricultura, Alimentaci\u00f3n y Medio Ambiente aprobar\u00e1 y enviar\u00e1 este martes al Senado el nuevo proyecto de Ley de Parques Nacionales con las cr\u00edticas de la oposici\u00f3n de que esta normativa va a permitir que el suelo de estos espacios naturales sea a partir de ahora urbanizable. En<\/p>\n","protected":false},"author":1,"featured_media":678,"comment_status":"closed","ping_status":"closed","sticky":false,"template":"","format":"standard","meta":{"footnotes":""},"categories":[343],"tags":[],"class_list":{"0":"post-1069","1":"post","2":"type-post","3":"status-publish","4":"format-standard","5":"has-post-thumbnail","7":"category-actualidad"},"aioseo_notices":[],"aioseo_head":"\n\t\t<!-- All in One SEO Pro 4.9.6.2 - aioseo.com -->\n\t<meta name=\"description\" content=\"MADRID, 22 Sep. (EUROPA PRESS) La Comisi\u00f3n de Agricultura, Alimentaci\u00f3n y Medio Ambiente aprobar\u00e1 y enviar\u00e1 este martes al Senado el nuevo proyecto de Ley de Parques Nacionales con las cr\u00edticas de la oposici\u00f3n de que esta normativa va a permitir que el suelo de estos espacios naturales sea a partir de ahora urbanizable. En\" \/>\n\t<meta name=\"robots\" content=\"max-image-preview:large\" \/>\n\t<meta name=\"author\" content=\"Cand\u00e1s 365\"\/>\n\t<meta name=\"google-site-verification\" content=\"UA-32230408-1\" \/>\n\t<meta name=\"msvalidate.01\" content=\"354F3CDFB2DA171B47FBE9ABF1F88D5\" \/>\n\t<meta name=\"keywords\" content=\"actualidad\" \/>\n\t<link rel=\"canonical\" href=\"https:\/\/candas365.es\/noticias\/el-congreso-aprueba-manana-la-ley-de-parques-nacionales\/\" \/>\n\t<meta name=\"generator\" content=\"All in One SEO Pro (AIOSEO) 4.9.6.2\" \/>\n\t\t<meta property=\"og:locale\" content=\"es_ES\" \/>\n\t\t<meta property=\"og:site_name\" content=\"Cand\u00e1s 365\" \/>\n\t\t<meta property=\"og:type\" content=\"article\" \/>\n\t\t<meta property=\"og:title\" content=\"El Congreso aprueba ma\u00f1ana la Ley de Parques Nacionales | Cand\u00e1s 365\" \/>\n\t\t<meta property=\"og:description\" content=\"MADRID, 22 Sep. (EUROPA PRESS) La Comisi\u00f3n de Agricultura, Alimentaci\u00f3n y Medio Ambiente aprobar\u00e1 y enviar\u00e1 este martes al Senado el nuevo proyecto de Ley de Parques Nacionales con las cr\u00edticas de la oposici\u00f3n de que esta normativa va a permitir que el suelo de estos espacios naturales sea a partir de ahora urbanizable. En\" \/>\n\t\t<meta property=\"og:url\" content=\"https:\/\/candas365.es\/noticias\/el-congreso-aprueba-manana-la-ley-de-parques-nacionales\/\" \/>\n\t\t<meta property=\"og:image\" content=\"https:\/\/candas365.es\/noticias\/wp-content\/uploads\/2014\/09\/picos.jpg\" \/>\n\t\t<meta property=\"og:image:secure_url\" content=\"https:\/\/candas365.es\/noticias\/wp-content\/uploads\/2014\/09\/picos.jpg\" \/>\n\t\t<meta property=\"og:image:width\" content=\"360\" \/>\n\t\t<meta property=\"og:image:height\" content=\"270\" \/>\n\t\t<meta property=\"article:published_time\" content=\"2014-09-22T18:04:57+00:00\" \/>\n\t\t<meta property=\"article:modified_time\" content=\"2014-09-22T18:04:57+00:00\" \/>\n\t\t<meta property=\"article:publisher\" content=\"https:\/\/www.facebook.com\/Nachofdezber\" \/>\n\t\t<meta property=\"article:author\" content=\"https:\/\/www.facebook.com\/carrenoactualidad\" \/>\n\t\t<meta name=\"twitter:card\" content=\"summary_large_image\" \/>\n\t\t<meta name=\"twitter:site\" content=\"@NabercoDigital\" \/>\n\t\t<meta name=\"twitter:title\" content=\"El Congreso aprueba ma\u00f1ana la Ley de Parques Nacionales | Cand\u00e1s 365\" \/>\n\t\t<meta name=\"twitter:description\" content=\"MADRID, 22 Sep. (EUROPA PRESS) La Comisi\u00f3n de Agricultura, Alimentaci\u00f3n y Medio Ambiente aprobar\u00e1 y enviar\u00e1 este martes al Senado el nuevo proyecto de Ley de Parques Nacionales con las cr\u00edticas de la oposici\u00f3n de que esta normativa va a permitir que el suelo de estos espacios naturales sea a partir de ahora urbanizable. En\" \/>\n\t\t<meta name=\"twitter:creator\" content=\"@nbasturias\" \/>\n\t\t<meta name=\"twitter:image\" content=\"https:\/\/candas365.es\/noticias\/wp-content\/uploads\/2014\/09\/picos.jpg\" \/>\n\t\t<meta name=\"twitter:label1\" content=\"Escrito por\" \/>\n\t\t<meta name=\"twitter:data1\" content=\"Cand\u00e1s 365\" \/>\n\t\t<meta name=\"twitter:label2\" content=\"Tiempo de lectura estimado\" \/>\n\t\t<meta name=\"twitter:data2\" content=\"5 minutos\" \/>\n\t\t<script type=\"application\/ld+json\" class=\"aioseo-schema\">\n\t\t\t{\"@context\":\"https:\\\/\\\/schema.org\",\"@graph\":[{\"@type\":\"BreadcrumbList\",\"@id\":\"https:\\\/\\\/candas365.es\\\/noticias\\\/el-congreso-aprueba-manana-la-ley-de-parques-nacionales\\\/#breadcrumblist\",\"itemListElement\":[{\"@type\":\"ListItem\",\"@id\":\"https:\\\/\\\/candas365.es\\\/noticias#listItem\",\"position\":1,\"name\":\"Home\",\"item\":\"https:\\\/\\\/candas365.es\\\/noticias\",\"nextItem\":{\"@type\":\"ListItem\",\"@id\":\"https:\\\/\\\/candas365.es\\\/noticias\\\/category\\\/actualidad\\\/#listItem\",\"name\":\"Actualidad\"}},{\"@type\":\"ListItem\",\"@id\":\"https:\\\/\\\/candas365.es\\\/noticias\\\/category\\\/actualidad\\\/#listItem\",\"position\":2,\"name\":\"Actualidad\",\"item\":\"https:\\\/\\\/candas365.es\\\/noticias\\\/category\\\/actualidad\\\/\",\"nextItem\":{\"@type\":\"ListItem\",\"@id\":\"https:\\\/\\\/candas365.es\\\/noticias\\\/el-congreso-aprueba-manana-la-ley-de-parques-nacionales\\\/#listItem\",\"name\":\"El Congreso aprueba ma\\u00f1ana la Ley de Parques Nacionales\"},\"previousItem\":{\"@type\":\"ListItem\",\"@id\":\"https:\\\/\\\/candas365.es\\\/noticias#listItem\",\"name\":\"Home\"}},{\"@type\":\"ListItem\",\"@id\":\"https:\\\/\\\/candas365.es\\\/noticias\\\/el-congreso-aprueba-manana-la-ley-de-parques-nacionales\\\/#listItem\",\"position\":3,\"name\":\"El Congreso aprueba ma\\u00f1ana la Ley de Parques Nacionales\",\"previousItem\":{\"@type\":\"ListItem\",\"@id\":\"https:\\\/\\\/candas365.es\\\/noticias\\\/category\\\/actualidad\\\/#listItem\",\"name\":\"Actualidad\"}}]},{\"@type\":\"NewsArticle\",\"@id\":\"https:\\\/\\\/candas365.es\\\/noticias\\\/el-congreso-aprueba-manana-la-ley-de-parques-nacionales\\\/#newsarticle\",\"name\":\"El Congreso aprueba ma\\u00f1ana la Ley de Parques Nacionales | Cand\\u00e1s 365\",\"headline\":\"El Congreso aprueba ma\\u00f1ana la Ley de Parques Nacionales\",\"author\":{\"@id\":\"https:\\\/\\\/candas365.es\\\/noticias\\\/author\\\/admin\\\/#author\"},\"publisher\":{\"@id\":\"https:\\\/\\\/candas365.es\\\/noticias\\\/#organization\"},\"image\":{\"@type\":\"ImageObject\",\"url\":\"https:\\\/\\\/candas365.es\\\/noticias\\\/wp-content\\\/uploads\\\/2014\\\/09\\\/picos.jpg\",\"width\":360,\"height\":270},\"datePublished\":\"2014-09-22T16:04:57+02:00\",\"dateModified\":\"2014-09-22T16:04:57+02:00\",\"inLanguage\":\"es-ES\",\"mainEntityOfPage\":{\"@id\":\"https:\\\/\\\/candas365.es\\\/noticias\\\/el-congreso-aprueba-manana-la-ley-de-parques-nacionales\\\/#webpage\"},\"isPartOf\":{\"@id\":\"https:\\\/\\\/candas365.es\\\/noticias\\\/el-congreso-aprueba-manana-la-ley-de-parques-nacionales\\\/#webpage\"},\"articleSection\":\"Actualidad\",\"dateline\":\"Publicado el septiembre 22, 2014.\"},{\"@type\":\"Organization\",\"@id\":\"https:\\\/\\\/candas365.es\\\/noticias\\\/#organization\",\"name\":\"Cand\\u00e1s 365\",\"description\":\"Cand\\u00e1s 365 es un diario digital independiente, fundado en 2012, con base en Asturias. Informamos con rigor sobre actualidad, sociedad, cultura y ocio, con una mirada local y global.\",\"url\":\"https:\\\/\\\/candas365.es\\\/noticias\\\/\",\"email\":\"info@candas365.es\",\"telephone\":\"+34652131393\",\"foundingDate\":\"2012-06-10\",\"logo\":{\"@type\":\"ImageObject\",\"url\":\"https:\\\/\\\/candas365.es\\\/noticias\\\/wp-content\\\/uploads\\\/2024\\\/09\\\/Candas-365-Redes.jpg\",\"@id\":\"https:\\\/\\\/candas365.es\\\/noticias\\\/el-congreso-aprueba-manana-la-ley-de-parques-nacionales\\\/#organizationLogo\",\"width\":1152,\"height\":864,\"caption\":\"Cand\\u00e1s 365 Redes\"},\"image\":{\"@id\":\"https:\\\/\\\/candas365.es\\\/noticias\\\/el-congreso-aprueba-manana-la-ley-de-parques-nacionales\\\/#organizationLogo\"},\"sameAs\":[\"https:\\\/\\\/www.facebook.com\\\/Nachofdezber\",\"https:\\\/\\\/x.com\\\/NabercoDigital\",\"https:\\\/\\\/www.instagram.com\\\/nachofdezber\\\/\",\"https:\\\/\\\/www.youtube.com\\\/channel\\\/UCZP-2wLEB9Rv6erhFmqVnvg\"],\"address\":{\"@id\":\"https:\\\/\\\/candas365.es\\\/noticias\\\/#postaladdress\",\"@type\":\"PostalAddress\",\"streetAddress\":\"san antonio 4, san antonio 4\",\"postalCode\":\"33430\",\"addressLocality\":\"Cand\\u00e1s\",\"addressRegion\":\"Asturias\",\"addressCountry\":\"ES\"}},{\"@type\":\"Person\",\"@id\":\"https:\\\/\\\/candas365.es\\\/noticias\\\/author\\\/admin\\\/#author\",\"url\":\"https:\\\/\\\/candas365.es\\\/noticias\\\/author\\\/admin\\\/\",\"name\":\"Cand\\u00e1s 365\",\"image\":{\"@type\":\"ImageObject\",\"@id\":\"https:\\\/\\\/candas365.es\\\/noticias\\\/el-congreso-aprueba-manana-la-ley-de-parques-nacionales\\\/#authorImage\",\"url\":\"https:\\\/\\\/secure.gravatar.com\\\/avatar\\\/496a8e03d0c493ede1718b7934145dbdf8d89be1036b0eec9544e1094c9de390?s=96&d=mm&r=g\",\"width\":96,\"height\":96,\"caption\":\"Cand\\u00e1s 365\"},\"sameAs\":[\"https:\\\/\\\/www.facebook.com\\\/carrenoactualidad\",\"https:\\\/\\\/twitter.com\\\/nbasturias\",\"https:\\\/\\\/www.instagram.com\\\/nachofdezber\\\/\",\"https:\\\/\\\/www.youtube.com\\\/channel\\\/UCZP-2wLEB9Rv6erhFmqVnvg\"]},{\"@type\":\"WebPage\",\"@id\":\"https:\\\/\\\/candas365.es\\\/noticias\\\/el-congreso-aprueba-manana-la-ley-de-parques-nacionales\\\/#webpage\",\"url\":\"https:\\\/\\\/candas365.es\\\/noticias\\\/el-congreso-aprueba-manana-la-ley-de-parques-nacionales\\\/\",\"name\":\"El Congreso aprueba ma\\u00f1ana la Ley de Parques Nacionales | Cand\\u00e1s 365\",\"description\":\"MADRID, 22 Sep. (EUROPA PRESS) La Comisi\\u00f3n de Agricultura, Alimentaci\\u00f3n y Medio Ambiente aprobar\\u00e1 y enviar\\u00e1 este martes al Senado el nuevo proyecto de Ley de Parques Nacionales con las cr\\u00edticas de la oposici\\u00f3n de que esta normativa va a permitir que el suelo de estos espacios naturales sea a partir de ahora urbanizable. En\",\"inLanguage\":\"es-ES\",\"isPartOf\":{\"@id\":\"https:\\\/\\\/candas365.es\\\/noticias\\\/#website\"},\"breadcrumb\":{\"@id\":\"https:\\\/\\\/candas365.es\\\/noticias\\\/el-congreso-aprueba-manana-la-ley-de-parques-nacionales\\\/#breadcrumblist\"},\"author\":{\"@id\":\"https:\\\/\\\/candas365.es\\\/noticias\\\/author\\\/admin\\\/#author\"},\"creator\":{\"@id\":\"https:\\\/\\\/candas365.es\\\/noticias\\\/author\\\/admin\\\/#author\"},\"image\":{\"@type\":\"ImageObject\",\"url\":\"https:\\\/\\\/candas365.es\\\/noticias\\\/wp-content\\\/uploads\\\/2014\\\/09\\\/picos.jpg\",\"@id\":\"https:\\\/\\\/candas365.es\\\/noticias\\\/el-congreso-aprueba-manana-la-ley-de-parques-nacionales\\\/#mainImage\",\"width\":360,\"height\":270},\"primaryImageOfPage\":{\"@id\":\"https:\\\/\\\/candas365.es\\\/noticias\\\/el-congreso-aprueba-manana-la-ley-de-parques-nacionales\\\/#mainImage\"},\"datePublished\":\"2014-09-22T16:04:57+02:00\",\"dateModified\":\"2014-09-22T16:04:57+02:00\"},{\"@type\":\"WebSite\",\"@id\":\"https:\\\/\\\/candas365.es\\\/noticias\\\/#website\",\"url\":\"https:\\\/\\\/candas365.es\\\/noticias\\\/\",\"name\":\"Cand\\u00e1s 365\",\"alternateName\":\"Cand\\u00e1s 365 Noticias\",\"description\":\"Actualidad desde Carre\\u00f1o para el mundo\",\"inLanguage\":\"es-ES\",\"publisher\":{\"@id\":\"https:\\\/\\\/candas365.es\\\/noticias\\\/#organization\"}}]}\n\t\t<\/script>\n\t\t<!-- All in One SEO Pro -->\r\n\t\t<title>El Congreso aprueba ma\u00f1ana la Ley de Parques Nacionales | Cand\u00e1s 365<\/title>\n\n","aioseo_head_json":{"title":"El Congreso aprueba ma\u00f1ana la Ley de Parques Nacionales | Cand\u00e1s 365","description":"MADRID, 22 Sep. (EUROPA PRESS) La Comisi\u00f3n de Agricultura, Alimentaci\u00f3n y Medio Ambiente aprobar\u00e1 y enviar\u00e1 este martes al Senado el nuevo proyecto de Ley de Parques Nacionales con las cr\u00edticas de la oposici\u00f3n de que esta normativa va a permitir que el suelo de estos espacios naturales sea a partir de ahora urbanizable. En","canonical_url":"https:\/\/candas365.es\/noticias\/el-congreso-aprueba-manana-la-ley-de-parques-nacionales\/","robots":"max-image-preview:large","keywords":"actualidad","webmasterTools":{"google-site-verification":"UA-32230408-1","msvalidate.01":"354F3CDFB2DA171B47FBE9ABF1F88D5","miscellaneous":""},"schema":{"@context":"https:\/\/schema.org","@graph":[{"@type":"BreadcrumbList","@id":"https:\/\/candas365.es\/noticias\/el-congreso-aprueba-manana-la-ley-de-parques-nacionales\/#breadcrumblist","itemListElement":[{"@type":"ListItem","@id":"https:\/\/candas365.es\/noticias#listItem","position":1,"name":"Home","item":"https:\/\/candas365.es\/noticias","nextItem":{"@type":"ListItem","@id":"https:\/\/candas365.es\/noticias\/category\/actualidad\/#listItem","name":"Actualidad"}},{"@type":"ListItem","@id":"https:\/\/candas365.es\/noticias\/category\/actualidad\/#listItem","position":2,"name":"Actualidad","item":"https:\/\/candas365.es\/noticias\/category\/actualidad\/","nextItem":{"@type":"ListItem","@id":"https:\/\/candas365.es\/noticias\/el-congreso-aprueba-manana-la-ley-de-parques-nacionales\/#listItem","name":"El Congreso aprueba ma\u00f1ana la Ley de Parques Nacionales"},"previousItem":{"@type":"ListItem","@id":"https:\/\/candas365.es\/noticias#listItem","name":"Home"}},{"@type":"ListItem","@id":"https:\/\/candas365.es\/noticias\/el-congreso-aprueba-manana-la-ley-de-parques-nacionales\/#listItem","position":3,"name":"El Congreso aprueba ma\u00f1ana la Ley de Parques Nacionales","previousItem":{"@type":"ListItem","@id":"https:\/\/candas365.es\/noticias\/category\/actualidad\/#listItem","name":"Actualidad"}}]},{"@type":"NewsArticle","@id":"https:\/\/candas365.es\/noticias\/el-congreso-aprueba-manana-la-ley-de-parques-nacionales\/#newsarticle","name":"El Congreso aprueba ma\u00f1ana la Ley de Parques Nacionales | Cand\u00e1s 365","headline":"El Congreso aprueba ma\u00f1ana la Ley de Parques Nacionales","author":{"@id":"https:\/\/candas365.es\/noticias\/author\/admin\/#author"},"publisher":{"@id":"https:\/\/candas365.es\/noticias\/#organization"},"image":{"@type":"ImageObject","url":"https:\/\/candas365.es\/noticias\/wp-content\/uploads\/2014\/09\/picos.jpg","width":360,"height":270},"datePublished":"2014-09-22T16:04:57+02:00","dateModified":"2014-09-22T16:04:57+02:00","inLanguage":"es-ES","mainEntityOfPage":{"@id":"https:\/\/candas365.es\/noticias\/el-congreso-aprueba-manana-la-ley-de-parques-nacionales\/#webpage"},"isPartOf":{"@id":"https:\/\/candas365.es\/noticias\/el-congreso-aprueba-manana-la-ley-de-parques-nacionales\/#webpage"},"articleSection":"Actualidad","dateline":"Publicado el septiembre 22, 2014."},{"@type":"Organization","@id":"https:\/\/candas365.es\/noticias\/#organization","name":"Cand\u00e1s 365","description":"Cand\u00e1s 365 es un diario digital independiente, fundado en 2012, con base en Asturias. Informamos con rigor sobre actualidad, sociedad, cultura y ocio, con una mirada local y global.","url":"https:\/\/candas365.es\/noticias\/","email":"info@candas365.es","telephone":"+34652131393","foundingDate":"2012-06-10","logo":{"@type":"ImageObject","url":"https:\/\/candas365.es\/noticias\/wp-content\/uploads\/2024\/09\/Candas-365-Redes.jpg","@id":"https:\/\/candas365.es\/noticias\/el-congreso-aprueba-manana-la-ley-de-parques-nacionales\/#organizationLogo","width":1152,"height":864,"caption":"Cand\u00e1s 365 Redes"},"image":{"@id":"https:\/\/candas365.es\/noticias\/el-congreso-aprueba-manana-la-ley-de-parques-nacionales\/#organizationLogo"},"sameAs":["https:\/\/www.facebook.com\/Nachofdezber","https:\/\/x.com\/NabercoDigital","https:\/\/www.instagram.com\/nachofdezber\/","https:\/\/www.youtube.com\/channel\/UCZP-2wLEB9Rv6erhFmqVnvg"],"address":{"@id":"https:\/\/candas365.es\/noticias\/#postaladdress","@type":"PostalAddress","streetAddress":"san antonio 4, san antonio 4","postalCode":"33430","addressLocality":"Cand\u00e1s","addressRegion":"Asturias","addressCountry":"ES"}},{"@type":"Person","@id":"https:\/\/candas365.es\/noticias\/author\/admin\/#author","url":"https:\/\/candas365.es\/noticias\/author\/admin\/","name":"Cand\u00e1s 365","image":{"@type":"ImageObject","@id":"https:\/\/candas365.es\/noticias\/el-congreso-aprueba-manana-la-ley-de-parques-nacionales\/#authorImage","url":"https:\/\/secure.gravatar.com\/avatar\/496a8e03d0c493ede1718b7934145dbdf8d89be1036b0eec9544e1094c9de390?s=96&d=mm&r=g","width":96,"height":96,"caption":"Cand\u00e1s 365"},"sameAs":["https:\/\/www.facebook.com\/carrenoactualidad","https:\/\/twitter.com\/nbasturias","https:\/\/www.instagram.com\/nachofdezber\/","https:\/\/www.youtube.com\/channel\/UCZP-2wLEB9Rv6erhFmqVnvg"]},{"@type":"WebPage","@id":"https:\/\/candas365.es\/noticias\/el-congreso-aprueba-manana-la-ley-de-parques-nacionales\/#webpage","url":"https:\/\/candas365.es\/noticias\/el-congreso-aprueba-manana-la-ley-de-parques-nacionales\/","name":"El Congreso aprueba ma\u00f1ana la Ley de Parques Nacionales | Cand\u00e1s 365","description":"MADRID, 22 Sep. (EUROPA PRESS) La Comisi\u00f3n de Agricultura, Alimentaci\u00f3n y Medio Ambiente aprobar\u00e1 y enviar\u00e1 este martes al Senado el nuevo proyecto de Ley de Parques Nacionales con las cr\u00edticas de la oposici\u00f3n de que esta normativa va a permitir que el suelo de estos espacios naturales sea a partir de ahora urbanizable. En","inLanguage":"es-ES","isPartOf":{"@id":"https:\/\/candas365.es\/noticias\/#website"},"breadcrumb":{"@id":"https:\/\/candas365.es\/noticias\/el-congreso-aprueba-manana-la-ley-de-parques-nacionales\/#breadcrumblist"},"author":{"@id":"https:\/\/candas365.es\/noticias\/author\/admin\/#author"},"creator":{"@id":"https:\/\/candas365.es\/noticias\/author\/admin\/#author"},"image":{"@type":"ImageObject","url":"https:\/\/candas365.es\/noticias\/wp-content\/uploads\/2014\/09\/picos.jpg","@id":"https:\/\/candas365.es\/noticias\/el-congreso-aprueba-manana-la-ley-de-parques-nacionales\/#mainImage","width":360,"height":270},"primaryImageOfPage":{"@id":"https:\/\/candas365.es\/noticias\/el-congreso-aprueba-manana-la-ley-de-parques-nacionales\/#mainImage"},"datePublished":"2014-09-22T16:04:57+02:00","dateModified":"2014-09-22T16:04:57+02:00"},{"@type":"WebSite","@id":"https:\/\/candas365.es\/noticias\/#website","url":"https:\/\/candas365.es\/noticias\/","name":"Cand\u00e1s 365","alternateName":"Cand\u00e1s 365 Noticias","description":"Actualidad desde Carre\u00f1o para el mundo","inLanguage":"es-ES","publisher":{"@id":"https:\/\/candas365.es\/noticias\/#organization"}}]},"og:locale":"es_ES","og:site_name":"Cand\u00e1s 365","og:type":"article","og:title":"El Congreso aprueba ma\u00f1ana la Ley de Parques Nacionales | Cand\u00e1s 365","og:description":"MADRID, 22 Sep. (EUROPA PRESS) La Comisi\u00f3n de Agricultura, Alimentaci\u00f3n y Medio Ambiente aprobar\u00e1 y enviar\u00e1 este martes al Senado el nuevo proyecto de Ley de Parques Nacionales con las cr\u00edticas de la oposici\u00f3n de que esta normativa va a permitir que el suelo de estos espacios naturales sea a partir de ahora urbanizable. En","og:url":"https:\/\/candas365.es\/noticias\/el-congreso-aprueba-manana-la-ley-de-parques-nacionales\/","og:image":"https:\/\/candas365.es\/noticias\/wp-content\/uploads\/2014\/09\/picos.jpg","og:image:secure_url":"https:\/\/candas365.es\/noticias\/wp-content\/uploads\/2014\/09\/picos.jpg","og:image:width":360,"og:image:height":270,"article:published_time":"2014-09-22T18:04:57+00:00","article:modified_time":"2014-09-22T18:04:57+00:00","article:publisher":"https:\/\/www.facebook.com\/Nachofdezber","article:author":"https:\/\/www.facebook.com\/carrenoactualidad","twitter:card":"summary_large_image","twitter:site":"@NabercoDigital","twitter:title":"El Congreso aprueba ma\u00f1ana la Ley de Parques Nacionales | Cand\u00e1s 365","twitter:description":"MADRID, 22 Sep. (EUROPA PRESS) La Comisi\u00f3n de Agricultura, Alimentaci\u00f3n y Medio Ambiente aprobar\u00e1 y enviar\u00e1 este martes al Senado el nuevo proyecto de Ley de Parques Nacionales con las cr\u00edticas de la oposici\u00f3n de que esta normativa va a permitir que el suelo de estos espacios naturales sea a partir de ahora urbanizable. En","twitter:creator":"@nbasturias","twitter:image":"https:\/\/candas365.es\/noticias\/wp-content\/uploads\/2014\/09\/picos.jpg","twitter:label1":"Escrito por","twitter:data1":"Cand\u00e1s 365","twitter:label2":"Tiempo de lectura estimado","twitter:data2":"5 minutos"},"aioseo_meta_data":{"post_id":"1069","title":null,"description":null,"keywords":null,"keyphrases":null,"primary_term":null,"canonical_url":null,"og_title":null,"og_description":null,"og_object_type":"default","og_image_type":"default","og_image_url":null,"og_image_width":null,"og_image_height":null,"og_image_custom_url":null,"og_image_custom_fields":null,"og_video":null,"og_custom_url":null,"og_article_section":null,"og_article_tags":null,"twitter_use_og":false,"twitter_card":"default","twitter_image_type":"default","twitter_image_url":null,"twitter_image_custom_url":null,"twitter_image_custom_fields":null,"twitter_title":null,"twitter_description":null,"schema":{"blockGraphs":[],"customGraphs":[],"default":{"data":{"Article":[],"Course":[],"Dataset":[],"FAQPage":[],"Movie":[],"Person":[],"Product":[],"ProductReview":[],"Car":[],"Recipe":[],"Service":[],"SoftwareApplication":[],"WebPage":[]},"graphName":"","isEnabled":true},"graphs":[],"defaultGraph":"","defaultPostTypeGraph":""},"schema_type":null,"schema_type_options":null,"pillar_content":false,"robots_default":true,"robots_noindex":false,"robots_noarchive":false,"robots_nosnippet":false,"robots_nofollow":false,"robots_noimageindex":false,"robots_noodp":false,"robots_notranslate":false,"robots_max_snippet":null,"robots_max_videopreview":null,"robots_max_imagepreview":"large","priority":null,"frequency":null,"location":null,"local_seo":null,"seo_analyzer_scan_date":"2025-08-22 21:00:14","breadcrumb_settings":null,"limit_modified_date":false,"reviewed_by":null,"open_ai":null,"ai":null,"created":"2020-12-21 10:39:02","updated":"2025-08-22 21:00:14"},"aioseo_breadcrumb":"<div class=\"aioseo-breadcrumbs\"><span class=\"aioseo-breadcrumb\">\n\t<a href=\"https:\/\/candas365.es\/noticias\" title=\"Home\">Home<\/a>\n<\/span><span class=\"aioseo-breadcrumb-separator\">&ndash;<\/span><span class=\"aioseo-breadcrumb\">\n\t<a href=\"https:\/\/candas365.es\/noticias\/category\/actualidad\/\" title=\"Actualidad\">Actualidad<\/a>\n<\/span><span class=\"aioseo-breadcrumb-separator\">&ndash;<\/span><span class=\"aioseo-breadcrumb\">\n\tEl Congreso aprueba ma\u00f1ana la Ley de Parques Nacionales\n<\/span><\/div>","aioseo_breadcrumb_json":[{"label":"Home","link":"https:\/\/candas365.es\/noticias"},{"label":"Actualidad","link":"https:\/\/candas365.es\/noticias\/category\/actualidad\/"},{"label":"El Congreso aprueba ma\u00f1ana la Ley de Parques Nacionales","link":"https:\/\/candas365.es\/noticias\/el-congreso-aprueba-manana-la-ley-de-parques-nacionales\/"}],"_links":{"self":[{"href":"https:\/\/candas365.es\/noticias\/wp-json\/wp\/v2\/posts\/1069","targetHints":{"allow":["GET"]}}],"collection":[{"href":"https:\/\/candas365.es\/noticias\/wp-json\/wp\/v2\/posts"}],"about":[{"href":"https:\/\/candas365.es\/noticias\/wp-json\/wp\/v2\/types\/post"}],"author":[{"embeddable":true,"href":"https:\/\/candas365.es\/noticias\/wp-json\/wp\/v2\/users\/1"}],"replies":[{"embeddable":true,"href":"https:\/\/candas365.es\/noticias\/wp-json\/wp\/v2\/comments?post=1069"}],"version-history":[{"count":0,"href":"https:\/\/candas365.es\/noticias\/wp-json\/wp\/v2\/posts\/1069\/revisions"}],"wp:featuredmedia":[{"embeddable":true,"href":"https:\/\/candas365.es\/noticias\/wp-json\/wp\/v2\/media\/678"}],"wp:attachment":[{"href":"https:\/\/candas365.es\/noticias\/wp-json\/wp\/v2\/media?parent=1069"}],"wp:term":[{"taxonomy":"category","embeddable":true,"href":"https:\/\/candas365.es\/noticias\/wp-json\/wp\/v2\/categories?post=1069"},{"taxonomy":"post_tag","embeddable":true,"href":"https:\/\/candas365.es\/noticias\/wp-json\/wp\/v2\/tags?post=1069"}],"curies":[{"name":"wp","href":"https:\/\/api.w.org\/{rel}","templated":true}]}}