{"id":106708,"date":"2018-09-30T14:01:39","date_gmt":"2018-09-30T14:01:39","guid":{"rendered":"http:\/\/candas365.es\/noticias\/?p=106708"},"modified":"2018-09-30T14:01:39","modified_gmt":"2018-09-30T14:01:39","slug":"dia-internacional-de-las-personas-de-edad-en-taramundi","status":"publish","type":"post","link":"https:\/\/candas365.es\/noticias\/dia-internacional-de-las-personas-de-edad-en-taramundi\/","title":{"rendered":"D\u00eda Internacional de las Personas de Edad en Taramundi"},"content":{"rendered":"<p><img fetchpriority=\"high\" decoding=\"async\" class=\"alignleft size-medium wp-image-106709\" src=\"https:\/\/candas365.es\/noticias\/wp-content\/uploads\/2018\/09\/woman-3188744_960_720-360x240.jpg\" alt=\"\" width=\"360\" height=\"240\" srcset=\"https:\/\/candas365.es\/noticias\/wp-content\/uploads\/2018\/09\/woman-3188744_960_720-360x240.jpg 360w, https:\/\/candas365.es\/noticias\/wp-content\/uploads\/2018\/09\/woman-3188744_960_720-768x512.jpg 768w, https:\/\/candas365.es\/noticias\/wp-content\/uploads\/2018\/09\/woman-3188744_960_720-655x437.jpg 655w, https:\/\/candas365.es\/noticias\/wp-content\/uploads\/2018\/09\/woman-3188744_960_720-696x464.jpg 696w, https:\/\/candas365.es\/noticias\/wp-content\/uploads\/2018\/09\/woman-3188744_960_720-630x420.jpg 630w, https:\/\/candas365.es\/noticias\/wp-content\/uploads\/2018\/09\/woman-3188744_960_720.jpg 960w\" sizes=\"(max-width: 360px) 100vw, 360px\" \/>El Gobierno de Asturias conmemorar\u00e1 ma\u00f1ana el D\u00eda Internacional de las Personas de Edad con un acto que tendr\u00e1 lugar en el polideportivo de Taramundi y en el que participar\u00e1n unos 200 mayores de asociaciones y centros sociales.<\/p>\n<p>El programa comenzar\u00e1 a las 11:00 horas con la llegada de los asistentes y las intervenciones de la consejera de Servicios y Derechos Sociales, Pilar Varela; el secretario del Consejo de Mayores y vicepresidente segundo de la Federaci\u00f3n de Asociaciones de Mayores del Principado (Fampa), Jos\u00e9 Ram\u00f3n Arias, y el alcalde del concejo, C\u00e9sar Villabrille.<\/p>\n<p>A continuaci\u00f3n, el director t\u00e9cnico de formaci\u00f3n del Instituto de las Emergencias (Ieducae) Juan Luis Gonz\u00e1lez, ofrecer\u00e1 la conferencia La importancia de las personas mayores como primeros intervinientes en situaciones de emergencia, con la que se pretende concienciar y dar pautas sobre c\u00f3mo comportarse en estas situaciones de manera eficaz.<\/p>\n<p>La jornada finalizar\u00e1 con diversas actividades festivas a cargo del gaitero Manuel Enr\u00edquez (Nela de Bres), el poeta Alberto Calv\u00ed Corredoira, el percusionista Hilario Lombardia y la actuaci\u00f3n de la bandina Los Gascones de Oviedo.<\/p>\n<p>La Organizaci\u00f3n de las Naciones Unidas (ONU) acord\u00f3 en 1990 dedicar el primer d\u00eda de octubre a las personas de m\u00e1s edad. Desde entonces, administraciones, entidades y asociaciones de todo el mundo reflexionan en esa fecha sobre el papel de los mayores en la sociedad. Este a\u00f1o, el organismo internacional anima a reflexionar sobre la importancia de la Declaraci\u00f3n Internacional de los Derechos Humanos.<\/p>\n","protected":false},"excerpt":{"rendered":"<p>El Gobierno de Asturias conmemorar\u00e1 ma\u00f1ana el D\u00eda Internacional de las Personas de Edad con un acto que tendr\u00e1 lugar en el polideportivo de Taramundi y en el que participar\u00e1n unos 200 mayores de asociaciones y centros sociales. El programa comenzar\u00e1 a las 11:00 horas con la llegada de los asistentes y las intervenciones de<\/p>\n","protected":false},"author":1,"featured_media":106709,"comment_status":"closed","ping_status":"closed","sticky":false,"template":"","format":"standard","meta":{"footnotes":""},"categories":[1],"tags":[],"class_list":{"0":"post-106708","1":"post","2":"type-post","3":"status-publish","4":"format-standard","5":"has-post-thumbnail","7":"category-agenda"},"aioseo_notices":[],"aioseo_head":"\n\t\t<!-- All in One SEO Pro 4.9.6.2 - aioseo.com -->\n\t<meta name=\"description\" content=\"El Gobierno de Asturias conmemorar\u00e1 ma\u00f1ana el D\u00eda Internacional de las Personas de Edad con un acto que tendr\u00e1 lugar en el polideportivo de Taramundi y en el que participar\u00e1n unos 200 mayores de asociaciones y centros sociales. El programa comenzar\u00e1 a las 11:00 horas con la llegada de los asistentes y las intervenciones de\" \/>\n\t<meta name=\"robots\" content=\"max-image-preview:large\" \/>\n\t<meta name=\"author\" content=\"Cand\u00e1s 365\"\/>\n\t<meta name=\"google-site-verification\" content=\"UA-32230408-1\" \/>\n\t<meta name=\"msvalidate.01\" content=\"354F3CDFB2DA171B47FBE9ABF1F88D5\" \/>\n\t<meta name=\"keywords\" content=\"agenda\" \/>\n\t<link rel=\"canonical\" href=\"https:\/\/candas365.es\/noticias\/dia-internacional-de-las-personas-de-edad-en-taramundi\/\" \/>\n\t<meta name=\"generator\" content=\"All in One SEO Pro (AIOSEO) 4.9.6.2\" \/>\n\t\t<meta property=\"og:locale\" content=\"es_ES\" \/>\n\t\t<meta property=\"og:site_name\" content=\"Cand\u00e1s 365\" \/>\n\t\t<meta property=\"og:type\" content=\"article\" \/>\n\t\t<meta property=\"og:title\" content=\"D\u00eda Internacional de las Personas de Edad en Taramundi | Cand\u00e1s 365\" \/>\n\t\t<meta property=\"og:description\" content=\"El Gobierno de Asturias conmemorar\u00e1 ma\u00f1ana el D\u00eda Internacional de las Personas de Edad con un acto que tendr\u00e1 lugar en el polideportivo de Taramundi y en el que participar\u00e1n unos 200 mayores de asociaciones y centros sociales. El programa comenzar\u00e1 a las 11:00 horas con la llegada de los asistentes y las intervenciones de\" \/>\n\t\t<meta property=\"og:url\" content=\"https:\/\/candas365.es\/noticias\/dia-internacional-de-las-personas-de-edad-en-taramundi\/\" \/>\n\t\t<meta property=\"og:image\" content=\"https:\/\/candas365.es\/noticias\/wp-content\/uploads\/2018\/09\/woman-3188744_960_720.jpg\" \/>\n\t\t<meta property=\"og:image:secure_url\" content=\"https:\/\/candas365.es\/noticias\/wp-content\/uploads\/2018\/09\/woman-3188744_960_720.jpg\" \/>\n\t\t<meta property=\"og:image:width\" content=\"960\" \/>\n\t\t<meta property=\"og:image:height\" content=\"640\" \/>\n\t\t<meta property=\"article:published_time\" content=\"2018-09-30T14:01:39+00:00\" \/>\n\t\t<meta property=\"article:modified_time\" content=\"2018-09-30T14:01:39+00:00\" \/>\n\t\t<meta property=\"article:publisher\" content=\"https:\/\/www.facebook.com\/Nachofdezber\" \/>\n\t\t<meta property=\"article:author\" content=\"https:\/\/www.facebook.com\/carrenoactualidad\" \/>\n\t\t<meta name=\"twitter:card\" content=\"summary_large_image\" \/>\n\t\t<meta name=\"twitter:site\" content=\"@NabercoDigital\" \/>\n\t\t<meta name=\"twitter:title\" content=\"D\u00eda Internacional de las Personas de Edad en Taramundi | Cand\u00e1s 365\" \/>\n\t\t<meta name=\"twitter:description\" content=\"El Gobierno de Asturias conmemorar\u00e1 ma\u00f1ana el D\u00eda Internacional de las Personas de Edad con un acto que tendr\u00e1 lugar en el polideportivo de Taramundi y en el que participar\u00e1n unos 200 mayores de asociaciones y centros sociales. El programa comenzar\u00e1 a las 11:00 horas con la llegada de los asistentes y las intervenciones de\" \/>\n\t\t<meta name=\"twitter:creator\" content=\"@nbasturias\" \/>\n\t\t<meta name=\"twitter:image\" content=\"https:\/\/candas365.es\/noticias\/wp-content\/uploads\/2018\/09\/woman-3188744_960_720.jpg\" \/>\n\t\t<meta name=\"twitter:label1\" content=\"Escrito por\" \/>\n\t\t<meta name=\"twitter:data1\" content=\"Cand\u00e1s 365\" \/>\n\t\t<meta name=\"twitter:label2\" content=\"Tiempo de lectura estimado\" \/>\n\t\t<meta name=\"twitter:data2\" content=\"1 minuto\" \/>\n\t\t<script type=\"application\/ld+json\" class=\"aioseo-schema\">\n\t\t\t{\"@context\":\"https:\\\/\\\/schema.org\",\"@graph\":[{\"@type\":\"BreadcrumbList\",\"@id\":\"https:\\\/\\\/candas365.es\\\/noticias\\\/dia-internacional-de-las-personas-de-edad-en-taramundi\\\/#breadcrumblist\",\"itemListElement\":[{\"@type\":\"ListItem\",\"@id\":\"https:\\\/\\\/candas365.es\\\/noticias#listItem\",\"position\":1,\"name\":\"Home\",\"item\":\"https:\\\/\\\/candas365.es\\\/noticias\",\"nextItem\":{\"@type\":\"ListItem\",\"@id\":\"https:\\\/\\\/candas365.es\\\/noticias\\\/category\\\/agenda\\\/#listItem\",\"name\":\"Agenda\"}},{\"@type\":\"ListItem\",\"@id\":\"https:\\\/\\\/candas365.es\\\/noticias\\\/category\\\/agenda\\\/#listItem\",\"position\":2,\"name\":\"Agenda\",\"item\":\"https:\\\/\\\/candas365.es\\\/noticias\\\/category\\\/agenda\\\/\",\"nextItem\":{\"@type\":\"ListItem\",\"@id\":\"https:\\\/\\\/candas365.es\\\/noticias\\\/dia-internacional-de-las-personas-de-edad-en-taramundi\\\/#listItem\",\"name\":\"D\\u00eda Internacional de las Personas de Edad en Taramundi\"},\"previousItem\":{\"@type\":\"ListItem\",\"@id\":\"https:\\\/\\\/candas365.es\\\/noticias#listItem\",\"name\":\"Home\"}},{\"@type\":\"ListItem\",\"@id\":\"https:\\\/\\\/candas365.es\\\/noticias\\\/dia-internacional-de-las-personas-de-edad-en-taramundi\\\/#listItem\",\"position\":3,\"name\":\"D\\u00eda Internacional de las Personas de Edad en Taramundi\",\"previousItem\":{\"@type\":\"ListItem\",\"@id\":\"https:\\\/\\\/candas365.es\\\/noticias\\\/category\\\/agenda\\\/#listItem\",\"name\":\"Agenda\"}}]},{\"@type\":\"NewsArticle\",\"@id\":\"https:\\\/\\\/candas365.es\\\/noticias\\\/dia-internacional-de-las-personas-de-edad-en-taramundi\\\/#newsarticle\",\"name\":\"D\\u00eda Internacional de las Personas de Edad en Taramundi | Cand\\u00e1s 365\",\"headline\":\"D\\u00eda Internacional de las Personas de Edad en Taramundi\",\"author\":{\"@id\":\"https:\\\/\\\/candas365.es\\\/noticias\\\/author\\\/admin\\\/#author\"},\"publisher\":{\"@id\":\"https:\\\/\\\/candas365.es\\\/noticias\\\/#organization\"},\"image\":{\"@type\":\"ImageObject\",\"url\":\"https:\\\/\\\/candas365.es\\\/noticias\\\/wp-content\\\/uploads\\\/2018\\\/09\\\/woman-3188744_960_720.jpg\",\"width\":960,\"height\":640},\"datePublished\":\"2018-09-30T14:01:39+02:00\",\"dateModified\":\"2018-09-30T14:01:39+02:00\",\"inLanguage\":\"es-ES\",\"mainEntityOfPage\":{\"@id\":\"https:\\\/\\\/candas365.es\\\/noticias\\\/dia-internacional-de-las-personas-de-edad-en-taramundi\\\/#webpage\"},\"isPartOf\":{\"@id\":\"https:\\\/\\\/candas365.es\\\/noticias\\\/dia-internacional-de-las-personas-de-edad-en-taramundi\\\/#webpage\"},\"articleSection\":\"Agenda\",\"dateline\":\"Publicado el septiembre 30, 2018.\"},{\"@type\":\"Organization\",\"@id\":\"https:\\\/\\\/candas365.es\\\/noticias\\\/#organization\",\"name\":\"Cand\\u00e1s 365\",\"description\":\"Cand\\u00e1s 365 es un diario digital independiente, fundado en 2012, con base en Asturias. Informamos con rigor sobre actualidad, sociedad, cultura y ocio, con una mirada local y global.\",\"url\":\"https:\\\/\\\/candas365.es\\\/noticias\\\/\",\"email\":\"info@candas365.es\",\"telephone\":\"+34652131393\",\"foundingDate\":\"2012-06-10\",\"logo\":{\"@type\":\"ImageObject\",\"url\":\"https:\\\/\\\/candas365.es\\\/noticias\\\/wp-content\\\/uploads\\\/2024\\\/09\\\/Candas-365-Redes.jpg\",\"@id\":\"https:\\\/\\\/candas365.es\\\/noticias\\\/dia-internacional-de-las-personas-de-edad-en-taramundi\\\/#organizationLogo\",\"width\":1152,\"height\":864,\"caption\":\"Cand\\u00e1s 365 Redes\"},\"image\":{\"@id\":\"https:\\\/\\\/candas365.es\\\/noticias\\\/dia-internacional-de-las-personas-de-edad-en-taramundi\\\/#organizationLogo\"},\"sameAs\":[\"https:\\\/\\\/www.facebook.com\\\/Nachofdezber\",\"https:\\\/\\\/x.com\\\/NabercoDigital\",\"https:\\\/\\\/www.instagram.com\\\/nachofdezber\\\/\",\"https:\\\/\\\/www.youtube.com\\\/channel\\\/UCZP-2wLEB9Rv6erhFmqVnvg\"],\"address\":{\"@id\":\"https:\\\/\\\/candas365.es\\\/noticias\\\/#postaladdress\",\"@type\":\"PostalAddress\",\"streetAddress\":\"san antonio 4, san antonio 4\",\"postalCode\":\"33430\",\"addressLocality\":\"Cand\\u00e1s\",\"addressRegion\":\"Asturias\",\"addressCountry\":\"ES\"}},{\"@type\":\"Person\",\"@id\":\"https:\\\/\\\/candas365.es\\\/noticias\\\/author\\\/admin\\\/#author\",\"url\":\"https:\\\/\\\/candas365.es\\\/noticias\\\/author\\\/admin\\\/\",\"name\":\"Cand\\u00e1s 365\",\"image\":{\"@type\":\"ImageObject\",\"@id\":\"https:\\\/\\\/candas365.es\\\/noticias\\\/dia-internacional-de-las-personas-de-edad-en-taramundi\\\/#authorImage\",\"url\":\"https:\\\/\\\/secure.gravatar.com\\\/avatar\\\/496a8e03d0c493ede1718b7934145dbdf8d89be1036b0eec9544e1094c9de390?s=96&d=mm&r=g\",\"width\":96,\"height\":96,\"caption\":\"Cand\\u00e1s 365\"},\"sameAs\":[\"https:\\\/\\\/www.facebook.com\\\/carrenoactualidad\",\"https:\\\/\\\/twitter.com\\\/nbasturias\",\"https:\\\/\\\/www.instagram.com\\\/nachofdezber\\\/\",\"https:\\\/\\\/www.youtube.com\\\/channel\\\/UCZP-2wLEB9Rv6erhFmqVnvg\"]},{\"@type\":\"WebPage\",\"@id\":\"https:\\\/\\\/candas365.es\\\/noticias\\\/dia-internacional-de-las-personas-de-edad-en-taramundi\\\/#webpage\",\"url\":\"https:\\\/\\\/candas365.es\\\/noticias\\\/dia-internacional-de-las-personas-de-edad-en-taramundi\\\/\",\"name\":\"D\\u00eda Internacional de las Personas de Edad en Taramundi | Cand\\u00e1s 365\",\"description\":\"El Gobierno de Asturias conmemorar\\u00e1 ma\\u00f1ana el D\\u00eda Internacional de las Personas de Edad con un acto que tendr\\u00e1 lugar en el polideportivo de Taramundi y en el que participar\\u00e1n unos 200 mayores de asociaciones y centros sociales. El programa comenzar\\u00e1 a las 11:00 horas con la llegada de los asistentes y las intervenciones de\",\"inLanguage\":\"es-ES\",\"isPartOf\":{\"@id\":\"https:\\\/\\\/candas365.es\\\/noticias\\\/#website\"},\"breadcrumb\":{\"@id\":\"https:\\\/\\\/candas365.es\\\/noticias\\\/dia-internacional-de-las-personas-de-edad-en-taramundi\\\/#breadcrumblist\"},\"author\":{\"@id\":\"https:\\\/\\\/candas365.es\\\/noticias\\\/author\\\/admin\\\/#author\"},\"creator\":{\"@id\":\"https:\\\/\\\/candas365.es\\\/noticias\\\/author\\\/admin\\\/#author\"},\"image\":{\"@type\":\"ImageObject\",\"url\":\"https:\\\/\\\/candas365.es\\\/noticias\\\/wp-content\\\/uploads\\\/2018\\\/09\\\/woman-3188744_960_720.jpg\",\"@id\":\"https:\\\/\\\/candas365.es\\\/noticias\\\/dia-internacional-de-las-personas-de-edad-en-taramundi\\\/#mainImage\",\"width\":960,\"height\":640},\"primaryImageOfPage\":{\"@id\":\"https:\\\/\\\/candas365.es\\\/noticias\\\/dia-internacional-de-las-personas-de-edad-en-taramundi\\\/#mainImage\"},\"datePublished\":\"2018-09-30T14:01:39+02:00\",\"dateModified\":\"2018-09-30T14:01:39+02:00\"},{\"@type\":\"WebSite\",\"@id\":\"https:\\\/\\\/candas365.es\\\/noticias\\\/#website\",\"url\":\"https:\\\/\\\/candas365.es\\\/noticias\\\/\",\"name\":\"Cand\\u00e1s 365\",\"alternateName\":\"Cand\\u00e1s 365 Noticias\",\"description\":\"Actualidad desde Carre\\u00f1o para el mundo\",\"inLanguage\":\"es-ES\",\"publisher\":{\"@id\":\"https:\\\/\\\/candas365.es\\\/noticias\\\/#organization\"}}]}\n\t\t<\/script>\n\t\t<!-- All in One SEO Pro -->\r\n\t\t<title>D\u00eda Internacional de las Personas de Edad en Taramundi | Cand\u00e1s 365<\/title>\n\n","aioseo_head_json":{"title":"D\u00eda Internacional de las Personas de Edad en Taramundi | Cand\u00e1s 365","description":"El Gobierno de Asturias conmemorar\u00e1 ma\u00f1ana el D\u00eda Internacional de las Personas de Edad con un acto que tendr\u00e1 lugar en el polideportivo de Taramundi y en el que participar\u00e1n unos 200 mayores de asociaciones y centros sociales. El programa comenzar\u00e1 a las 11:00 horas con la llegada de los asistentes y las intervenciones de","canonical_url":"https:\/\/candas365.es\/noticias\/dia-internacional-de-las-personas-de-edad-en-taramundi\/","robots":"max-image-preview:large","keywords":"agenda","webmasterTools":{"google-site-verification":"UA-32230408-1","msvalidate.01":"354F3CDFB2DA171B47FBE9ABF1F88D5","miscellaneous":""},"schema":{"@context":"https:\/\/schema.org","@graph":[{"@type":"BreadcrumbList","@id":"https:\/\/candas365.es\/noticias\/dia-internacional-de-las-personas-de-edad-en-taramundi\/#breadcrumblist","itemListElement":[{"@type":"ListItem","@id":"https:\/\/candas365.es\/noticias#listItem","position":1,"name":"Home","item":"https:\/\/candas365.es\/noticias","nextItem":{"@type":"ListItem","@id":"https:\/\/candas365.es\/noticias\/category\/agenda\/#listItem","name":"Agenda"}},{"@type":"ListItem","@id":"https:\/\/candas365.es\/noticias\/category\/agenda\/#listItem","position":2,"name":"Agenda","item":"https:\/\/candas365.es\/noticias\/category\/agenda\/","nextItem":{"@type":"ListItem","@id":"https:\/\/candas365.es\/noticias\/dia-internacional-de-las-personas-de-edad-en-taramundi\/#listItem","name":"D\u00eda Internacional de las Personas de Edad en Taramundi"},"previousItem":{"@type":"ListItem","@id":"https:\/\/candas365.es\/noticias#listItem","name":"Home"}},{"@type":"ListItem","@id":"https:\/\/candas365.es\/noticias\/dia-internacional-de-las-personas-de-edad-en-taramundi\/#listItem","position":3,"name":"D\u00eda Internacional de las Personas de Edad en Taramundi","previousItem":{"@type":"ListItem","@id":"https:\/\/candas365.es\/noticias\/category\/agenda\/#listItem","name":"Agenda"}}]},{"@type":"NewsArticle","@id":"https:\/\/candas365.es\/noticias\/dia-internacional-de-las-personas-de-edad-en-taramundi\/#newsarticle","name":"D\u00eda Internacional de las Personas de Edad en Taramundi | Cand\u00e1s 365","headline":"D\u00eda Internacional de las Personas de Edad en Taramundi","author":{"@id":"https:\/\/candas365.es\/noticias\/author\/admin\/#author"},"publisher":{"@id":"https:\/\/candas365.es\/noticias\/#organization"},"image":{"@type":"ImageObject","url":"https:\/\/candas365.es\/noticias\/wp-content\/uploads\/2018\/09\/woman-3188744_960_720.jpg","width":960,"height":640},"datePublished":"2018-09-30T14:01:39+02:00","dateModified":"2018-09-30T14:01:39+02:00","inLanguage":"es-ES","mainEntityOfPage":{"@id":"https:\/\/candas365.es\/noticias\/dia-internacional-de-las-personas-de-edad-en-taramundi\/#webpage"},"isPartOf":{"@id":"https:\/\/candas365.es\/noticias\/dia-internacional-de-las-personas-de-edad-en-taramundi\/#webpage"},"articleSection":"Agenda","dateline":"Publicado el septiembre 30, 2018."},{"@type":"Organization","@id":"https:\/\/candas365.es\/noticias\/#organization","name":"Cand\u00e1s 365","description":"Cand\u00e1s 365 es un diario digital independiente, fundado en 2012, con base en Asturias. Informamos con rigor sobre actualidad, sociedad, cultura y ocio, con una mirada local y global.","url":"https:\/\/candas365.es\/noticias\/","email":"info@candas365.es","telephone":"+34652131393","foundingDate":"2012-06-10","logo":{"@type":"ImageObject","url":"https:\/\/candas365.es\/noticias\/wp-content\/uploads\/2024\/09\/Candas-365-Redes.jpg","@id":"https:\/\/candas365.es\/noticias\/dia-internacional-de-las-personas-de-edad-en-taramundi\/#organizationLogo","width":1152,"height":864,"caption":"Cand\u00e1s 365 Redes"},"image":{"@id":"https:\/\/candas365.es\/noticias\/dia-internacional-de-las-personas-de-edad-en-taramundi\/#organizationLogo"},"sameAs":["https:\/\/www.facebook.com\/Nachofdezber","https:\/\/x.com\/NabercoDigital","https:\/\/www.instagram.com\/nachofdezber\/","https:\/\/www.youtube.com\/channel\/UCZP-2wLEB9Rv6erhFmqVnvg"],"address":{"@id":"https:\/\/candas365.es\/noticias\/#postaladdress","@type":"PostalAddress","streetAddress":"san antonio 4, san antonio 4","postalCode":"33430","addressLocality":"Cand\u00e1s","addressRegion":"Asturias","addressCountry":"ES"}},{"@type":"Person","@id":"https:\/\/candas365.es\/noticias\/author\/admin\/#author","url":"https:\/\/candas365.es\/noticias\/author\/admin\/","name":"Cand\u00e1s 365","image":{"@type":"ImageObject","@id":"https:\/\/candas365.es\/noticias\/dia-internacional-de-las-personas-de-edad-en-taramundi\/#authorImage","url":"https:\/\/secure.gravatar.com\/avatar\/496a8e03d0c493ede1718b7934145dbdf8d89be1036b0eec9544e1094c9de390?s=96&d=mm&r=g","width":96,"height":96,"caption":"Cand\u00e1s 365"},"sameAs":["https:\/\/www.facebook.com\/carrenoactualidad","https:\/\/twitter.com\/nbasturias","https:\/\/www.instagram.com\/nachofdezber\/","https:\/\/www.youtube.com\/channel\/UCZP-2wLEB9Rv6erhFmqVnvg"]},{"@type":"WebPage","@id":"https:\/\/candas365.es\/noticias\/dia-internacional-de-las-personas-de-edad-en-taramundi\/#webpage","url":"https:\/\/candas365.es\/noticias\/dia-internacional-de-las-personas-de-edad-en-taramundi\/","name":"D\u00eda Internacional de las Personas de Edad en Taramundi | Cand\u00e1s 365","description":"El Gobierno de Asturias conmemorar\u00e1 ma\u00f1ana el D\u00eda Internacional de las Personas de Edad con un acto que tendr\u00e1 lugar en el polideportivo de Taramundi y en el que participar\u00e1n unos 200 mayores de asociaciones y centros sociales. El programa comenzar\u00e1 a las 11:00 horas con la llegada de los asistentes y las intervenciones de","inLanguage":"es-ES","isPartOf":{"@id":"https:\/\/candas365.es\/noticias\/#website"},"breadcrumb":{"@id":"https:\/\/candas365.es\/noticias\/dia-internacional-de-las-personas-de-edad-en-taramundi\/#breadcrumblist"},"author":{"@id":"https:\/\/candas365.es\/noticias\/author\/admin\/#author"},"creator":{"@id":"https:\/\/candas365.es\/noticias\/author\/admin\/#author"},"image":{"@type":"ImageObject","url":"https:\/\/candas365.es\/noticias\/wp-content\/uploads\/2018\/09\/woman-3188744_960_720.jpg","@id":"https:\/\/candas365.es\/noticias\/dia-internacional-de-las-personas-de-edad-en-taramundi\/#mainImage","width":960,"height":640},"primaryImageOfPage":{"@id":"https:\/\/candas365.es\/noticias\/dia-internacional-de-las-personas-de-edad-en-taramundi\/#mainImage"},"datePublished":"2018-09-30T14:01:39+02:00","dateModified":"2018-09-30T14:01:39+02:00"},{"@type":"WebSite","@id":"https:\/\/candas365.es\/noticias\/#website","url":"https:\/\/candas365.es\/noticias\/","name":"Cand\u00e1s 365","alternateName":"Cand\u00e1s 365 Noticias","description":"Actualidad desde Carre\u00f1o para el mundo","inLanguage":"es-ES","publisher":{"@id":"https:\/\/candas365.es\/noticias\/#organization"}}]},"og:locale":"es_ES","og:site_name":"Cand\u00e1s 365","og:type":"article","og:title":"D\u00eda Internacional de las Personas de Edad en Taramundi | Cand\u00e1s 365","og:description":"El Gobierno de Asturias conmemorar\u00e1 ma\u00f1ana el D\u00eda Internacional de las Personas de Edad con un acto que tendr\u00e1 lugar en el polideportivo de Taramundi y en el que participar\u00e1n unos 200 mayores de asociaciones y centros sociales. El programa comenzar\u00e1 a las 11:00 horas con la llegada de los asistentes y las intervenciones de","og:url":"https:\/\/candas365.es\/noticias\/dia-internacional-de-las-personas-de-edad-en-taramundi\/","og:image":"https:\/\/candas365.es\/noticias\/wp-content\/uploads\/2018\/09\/woman-3188744_960_720.jpg","og:image:secure_url":"https:\/\/candas365.es\/noticias\/wp-content\/uploads\/2018\/09\/woman-3188744_960_720.jpg","og:image:width":960,"og:image:height":640,"article:published_time":"2018-09-30T14:01:39+00:00","article:modified_time":"2018-09-30T14:01:39+00:00","article:publisher":"https:\/\/www.facebook.com\/Nachofdezber","article:author":"https:\/\/www.facebook.com\/carrenoactualidad","twitter:card":"summary_large_image","twitter:site":"@NabercoDigital","twitter:title":"D\u00eda Internacional de las Personas de Edad en Taramundi | Cand\u00e1s 365","twitter:description":"El Gobierno de Asturias conmemorar\u00e1 ma\u00f1ana el D\u00eda Internacional de las Personas de Edad con un acto que tendr\u00e1 lugar en el polideportivo de Taramundi y en el que participar\u00e1n unos 200 mayores de asociaciones y centros sociales. El programa comenzar\u00e1 a las 11:00 horas con la llegada de los asistentes y las intervenciones de","twitter:creator":"@nbasturias","twitter:image":"https:\/\/candas365.es\/noticias\/wp-content\/uploads\/2018\/09\/woman-3188744_960_720.jpg","twitter:label1":"Escrito por","twitter:data1":"Cand\u00e1s 365","twitter:label2":"Tiempo de lectura estimado","twitter:data2":"1 minuto"},"aioseo_meta_data":{"post_id":"106708","title":null,"description":null,"keywords":null,"keyphrases":null,"primary_term":null,"canonical_url":null,"og_title":null,"og_description":null,"og_object_type":"default","og_image_type":"default","og_image_url":null,"og_image_width":null,"og_image_height":null,"og_image_custom_url":null,"og_image_custom_fields":null,"og_video":null,"og_custom_url":null,"og_article_section":null,"og_article_tags":null,"twitter_use_og":false,"twitter_card":"default","twitter_image_type":"default","twitter_image_url":null,"twitter_image_custom_url":null,"twitter_image_custom_fields":null,"twitter_title":null,"twitter_description":null,"schema":{"blockGraphs":[],"customGraphs":[],"default":{"data":{"Article":[],"Course":[],"Dataset":[],"FAQPage":[],"Movie":[],"Person":[],"Product":[],"ProductReview":[],"Car":[],"Recipe":[],"Service":[],"SoftwareApplication":[],"WebPage":[]},"graphName":"","isEnabled":true},"graphs":[],"defaultGraph":"","defaultPostTypeGraph":""},"schema_type":null,"schema_type_options":null,"pillar_content":false,"robots_default":true,"robots_noindex":false,"robots_noarchive":false,"robots_nosnippet":false,"robots_nofollow":false,"robots_noimageindex":false,"robots_noodp":false,"robots_notranslate":false,"robots_max_snippet":null,"robots_max_videopreview":null,"robots_max_imagepreview":"large","priority":null,"frequency":null,"location":null,"local_seo":null,"seo_analyzer_scan_date":"2025-08-28 01:50:22","breadcrumb_settings":null,"limit_modified_date":false,"reviewed_by":null,"open_ai":null,"ai":null,"created":"2020-12-21 11:44:08","updated":"2025-08-28 01:50:22"},"aioseo_breadcrumb":"<div class=\"aioseo-breadcrumbs\"><span class=\"aioseo-breadcrumb\">\n\t<a href=\"https:\/\/candas365.es\/noticias\" title=\"Home\">Home<\/a>\n<\/span><span class=\"aioseo-breadcrumb-separator\">&ndash;<\/span><span class=\"aioseo-breadcrumb\">\n\t<a href=\"https:\/\/candas365.es\/noticias\/category\/agenda\/\" title=\"Agenda\">Agenda<\/a>\n<\/span><span class=\"aioseo-breadcrumb-separator\">&ndash;<\/span><span class=\"aioseo-breadcrumb\">\n\tD\u00eda Internacional de las Personas de Edad en Taramundi\n<\/span><\/div>","aioseo_breadcrumb_json":[{"label":"Home","link":"https:\/\/candas365.es\/noticias"},{"label":"Agenda","link":"https:\/\/candas365.es\/noticias\/category\/agenda\/"},{"label":"D\u00eda Internacional de las Personas de Edad en Taramundi","link":"https:\/\/candas365.es\/noticias\/dia-internacional-de-las-personas-de-edad-en-taramundi\/"}],"_links":{"self":[{"href":"https:\/\/candas365.es\/noticias\/wp-json\/wp\/v2\/posts\/106708","targetHints":{"allow":["GET"]}}],"collection":[{"href":"https:\/\/candas365.es\/noticias\/wp-json\/wp\/v2\/posts"}],"about":[{"href":"https:\/\/candas365.es\/noticias\/wp-json\/wp\/v2\/types\/post"}],"author":[{"embeddable":true,"href":"https:\/\/candas365.es\/noticias\/wp-json\/wp\/v2\/users\/1"}],"replies":[{"embeddable":true,"href":"https:\/\/candas365.es\/noticias\/wp-json\/wp\/v2\/comments?post=106708"}],"version-history":[{"count":0,"href":"https:\/\/candas365.es\/noticias\/wp-json\/wp\/v2\/posts\/106708\/revisions"}],"wp:featuredmedia":[{"embeddable":true,"href":"https:\/\/candas365.es\/noticias\/wp-json\/wp\/v2\/media\/106709"}],"wp:attachment":[{"href":"https:\/\/candas365.es\/noticias\/wp-json\/wp\/v2\/media?parent=106708"}],"wp:term":[{"taxonomy":"category","embeddable":true,"href":"https:\/\/candas365.es\/noticias\/wp-json\/wp\/v2\/categories?post=106708"},{"taxonomy":"post_tag","embeddable":true,"href":"https:\/\/candas365.es\/noticias\/wp-json\/wp\/v2\/tags?post=106708"}],"curies":[{"name":"wp","href":"https:\/\/api.w.org\/{rel}","templated":true}]}}