{"id":106700,"date":"2018-09-29T20:54:46","date_gmt":"2018-09-29T20:54:46","guid":{"rendered":"http:\/\/candas365.es\/noticias\/?p=106700"},"modified":"2018-09-29T20:54:46","modified_gmt":"2018-09-29T20:54:46","slug":"la-maquinaria-del-corazon-en-la-noche-tematica-de-la-2","status":"publish","type":"post","link":"https:\/\/candas365.es\/noticias\/la-maquinaria-del-corazon-en-la-noche-tematica-de-la-2\/","title":{"rendered":"\u00abLa maquinar\u00eda del coraz\u00f3n\u00bb en La noche tem\u00e1tica, de La 2"},"content":{"rendered":"<p><img fetchpriority=\"high\" decoding=\"async\" class=\"alignleft size-medium wp-image-106701\" src=\"https:\/\/candas365.es\/noticias\/wp-content\/uploads\/2018\/09\/tele29091802-360x240.jpg\" alt=\"\" width=\"360\" height=\"240\" srcset=\"https:\/\/candas365.es\/noticias\/wp-content\/uploads\/2018\/09\/tele29091802-360x240.jpg 360w, https:\/\/candas365.es\/noticias\/wp-content\/uploads\/2018\/09\/tele29091802-768x512.jpg 768w, https:\/\/candas365.es\/noticias\/wp-content\/uploads\/2018\/09\/tele29091802-655x436.jpg 655w, https:\/\/candas365.es\/noticias\/wp-content\/uploads\/2018\/09\/tele29091802-696x464.jpg 696w, https:\/\/candas365.es\/noticias\/wp-content\/uploads\/2018\/09\/tele29091802-1068x712.jpg 1068w, https:\/\/candas365.es\/noticias\/wp-content\/uploads\/2018\/09\/tele29091802-630x420.jpg 630w, https:\/\/candas365.es\/noticias\/wp-content\/uploads\/2018\/09\/tele29091802.jpg 1600w\" sizes=\"(max-width: 360px) 100vw, 360px\" \/>Con motivo del D\u00eda Mundial del Coraz\u00f3n, &#8216;La noche tem\u00e1tica&#8217; inicia nueva temporada con el estreno de &#8216;La maquinar\u00eda del coraz\u00f3n&#8217;, una mirada a los avances cient\u00edficos para tratar las enfermedades cardiacas. El programa estrena los reportajes &#8216;Coraz\u00f3n de hierro&#8217; y &#8216;CRISPR: editar el genoma&#8217;.<\/p>\n<p>El coraz\u00f3n humano late 36 millones de veces al a\u00f1o. La ciencia est\u00e1 investigando m\u00e9todos para tratar enfermedades card\u00edacas graves, como emplear \u00f3rganos de cerdos gen\u00e9ticamente modificados. Tambi\u00e9n se est\u00e1n desarrollando nuevas herramientas para tratar enfermedades hasta ahora incurables. La tecnolog\u00eda CRISPR edita el genoma y act\u00faa como unas tijeras moleculares capaces de cortar cualquier secuencia de ADN para modificarlo.<\/p>\n<p><strong>&#8216;Coraz\u00f3n de hierro&#8217;<\/strong><\/p>\n<p>Las enfermedades del coraz\u00f3n son la causa principal de muerte en todo el mundo. El coraz\u00f3n es la sala de m\u00e1quinas de la vida. En un adulto, el coraz\u00f3n tiene que alimentar 100.000 kil\u00f3metros de vasos sangu\u00edneos.<\/p>\n<p>A la edad de 38 a\u00f1os, el coraz\u00f3n de Elmar Sprink se detuvo de repente. Un trasplante de coraz\u00f3n le salv\u00f3 la vida, pero es una carrera contrarreloj. En todo el mundo, el n\u00famero de trasplantes de coraz\u00f3n est\u00e1 disminuyendo debido a una acusada falta de donaci\u00f3n de \u00f3rganos. Para combatir la creciente escasez de \u00f3rganos, la ciencia explora un nuevo territorio. Hoy, las v\u00e1lvulas card\u00edacas producidas en laboratorios ofrecen nuevas esperanzas a los ni\u00f1os nacidos con cardiopat\u00edas cong\u00e9nitas. Pero \u00bfest\u00e1 la ciencia atravesando una l\u00ednea \u00e9tica?<\/p>\n<p><strong>&#8216;CRISPR: editar el genoma&#8217;<\/strong><\/p>\n<p>El tiempo de Gavriel se est\u00e1 acabando. Sufre distrofia muscular de Duchenne, una enfermedad incurable. Gracias a CRISPR, una nueva terapia que puede modificar el genoma de cualquier organismo vivo, se podr\u00eda detener la enfermedad. Pero algunos temen abrir la caja de Pandora e interferir en la evoluci\u00f3n natural.<\/p>\n<p>CRISPR tambi\u00e9n se puede usar para dar a las plantas caracter\u00edsticas completamente nuevas, como resistencia contra las plagas o la sequ\u00eda. En Estados Unidos ya existen las primeras plantas CRISPR y los laboratorios ya han creado champi\u00f1ones que duran m\u00e1s, granos de soja con una composici\u00f3n m\u00e1s saludable en \u00e1cidos grasos, trigo resistente a ciertos pat\u00f3genos y patatas que, al fre\u00edrse, producen menos acrilamida, sustancia carcin\u00f3gena.<\/p>\n","protected":false},"excerpt":{"rendered":"<p>Con motivo del D\u00eda Mundial del Coraz\u00f3n, &#8216;La noche tem\u00e1tica&#8217; inicia nueva temporada con el estreno de &#8216;La maquinar\u00eda del coraz\u00f3n&#8217;, una mirada a los avances cient\u00edficos para tratar las enfermedades cardiacas. El programa estrena los reportajes &#8216;Coraz\u00f3n de hierro&#8217; y &#8216;CRISPR: editar el genoma&#8217;. El coraz\u00f3n humano late 36 millones de veces al a\u00f1o.<\/p>\n","protected":false},"author":1,"featured_media":106701,"comment_status":"closed","ping_status":"closed","sticky":false,"template":"","format":"standard","meta":{"footnotes":""},"categories":[1],"tags":[],"class_list":{"0":"post-106700","1":"post","2":"type-post","3":"status-publish","4":"format-standard","5":"has-post-thumbnail","7":"category-agenda"},"aioseo_notices":[],"aioseo_head":"\n\t\t<!-- All in One SEO Pro 4.9.6.2 - aioseo.com -->\n\t<meta name=\"description\" content=\"Con motivo del D\u00eda Mundial del Coraz\u00f3n, &#039;La noche tem\u00e1tica&#039; inicia nueva temporada con el estreno de &#039;La maquinar\u00eda del coraz\u00f3n&#039;, una mirada a los avances cient\u00edficos para tratar las enfermedades cardiacas. El programa estrena los reportajes &#039;Coraz\u00f3n de hierro&#039; y &#039;CRISPR: editar el genoma&#039;. El coraz\u00f3n humano late 36 millones de veces al a\u00f1o.\" \/>\n\t<meta name=\"robots\" content=\"max-image-preview:large\" \/>\n\t<meta name=\"author\" content=\"Cand\u00e1s 365\"\/>\n\t<meta name=\"google-site-verification\" content=\"UA-32230408-1\" \/>\n\t<meta name=\"msvalidate.01\" content=\"354F3CDFB2DA171B47FBE9ABF1F88D5\" \/>\n\t<meta name=\"keywords\" content=\"agenda\" \/>\n\t<link rel=\"canonical\" href=\"https:\/\/candas365.es\/noticias\/la-maquinaria-del-corazon-en-la-noche-tematica-de-la-2\/\" \/>\n\t<meta name=\"generator\" content=\"All in One SEO Pro (AIOSEO) 4.9.6.2\" \/>\n\t\t<meta property=\"og:locale\" content=\"es_ES\" \/>\n\t\t<meta property=\"og:site_name\" content=\"Cand\u00e1s 365\" \/>\n\t\t<meta property=\"og:type\" content=\"article\" \/>\n\t\t<meta property=\"og:title\" content=\"\u00abLa maquinar\u00eda del coraz\u00f3n\u00bb en La noche tem\u00e1tica, de La 2 | Cand\u00e1s 365\" \/>\n\t\t<meta property=\"og:description\" content=\"Con motivo del D\u00eda Mundial del Coraz\u00f3n, &#039;La noche tem\u00e1tica&#039; inicia nueva temporada con el estreno de &#039;La maquinar\u00eda del coraz\u00f3n&#039;, una mirada a los avances cient\u00edficos para tratar las enfermedades cardiacas. El programa estrena los reportajes &#039;Coraz\u00f3n de hierro&#039; y &#039;CRISPR: editar el genoma&#039;. El coraz\u00f3n humano late 36 millones de veces al a\u00f1o.\" \/>\n\t\t<meta property=\"og:url\" content=\"https:\/\/candas365.es\/noticias\/la-maquinaria-del-corazon-en-la-noche-tematica-de-la-2\/\" \/>\n\t\t<meta property=\"og:image\" content=\"https:\/\/candas365.es\/noticias\/wp-content\/uploads\/2018\/09\/tele29091802.jpg\" \/>\n\t\t<meta property=\"og:image:secure_url\" content=\"https:\/\/candas365.es\/noticias\/wp-content\/uploads\/2018\/09\/tele29091802.jpg\" \/>\n\t\t<meta property=\"og:image:width\" content=\"1600\" \/>\n\t\t<meta property=\"og:image:height\" content=\"1066\" \/>\n\t\t<meta property=\"article:published_time\" content=\"2018-09-29T20:54:46+00:00\" \/>\n\t\t<meta property=\"article:modified_time\" content=\"2018-09-29T20:54:46+00:00\" \/>\n\t\t<meta property=\"article:publisher\" content=\"https:\/\/www.facebook.com\/Nachofdezber\" \/>\n\t\t<meta property=\"article:author\" content=\"https:\/\/www.facebook.com\/carrenoactualidad\" \/>\n\t\t<meta name=\"twitter:card\" content=\"summary_large_image\" \/>\n\t\t<meta name=\"twitter:site\" content=\"@NabercoDigital\" \/>\n\t\t<meta name=\"twitter:title\" content=\"\u00abLa maquinar\u00eda del coraz\u00f3n\u00bb en La noche tem\u00e1tica, de La 2 | Cand\u00e1s 365\" \/>\n\t\t<meta name=\"twitter:description\" content=\"Con motivo del D\u00eda Mundial del Coraz\u00f3n, &#039;La noche tem\u00e1tica&#039; inicia nueva temporada con el estreno de &#039;La maquinar\u00eda del coraz\u00f3n&#039;, una mirada a los avances cient\u00edficos para tratar las enfermedades cardiacas. El programa estrena los reportajes &#039;Coraz\u00f3n de hierro&#039; y &#039;CRISPR: editar el genoma&#039;. El coraz\u00f3n humano late 36 millones de veces al a\u00f1o.\" \/>\n\t\t<meta name=\"twitter:creator\" content=\"@nbasturias\" \/>\n\t\t<meta name=\"twitter:image\" content=\"https:\/\/candas365.es\/noticias\/wp-content\/uploads\/2018\/09\/tele29091802.jpg\" \/>\n\t\t<meta name=\"twitter:label1\" content=\"Escrito por\" \/>\n\t\t<meta name=\"twitter:data1\" content=\"Cand\u00e1s 365\" \/>\n\t\t<meta name=\"twitter:label2\" content=\"Tiempo de lectura estimado\" \/>\n\t\t<meta name=\"twitter:data2\" content=\"2 minutos\" \/>\n\t\t<script type=\"application\/ld+json\" class=\"aioseo-schema\">\n\t\t\t{\"@context\":\"https:\\\/\\\/schema.org\",\"@graph\":[{\"@type\":\"BreadcrumbList\",\"@id\":\"https:\\\/\\\/candas365.es\\\/noticias\\\/la-maquinaria-del-corazon-en-la-noche-tematica-de-la-2\\\/#breadcrumblist\",\"itemListElement\":[{\"@type\":\"ListItem\",\"@id\":\"https:\\\/\\\/candas365.es\\\/noticias#listItem\",\"position\":1,\"name\":\"Home\",\"item\":\"https:\\\/\\\/candas365.es\\\/noticias\",\"nextItem\":{\"@type\":\"ListItem\",\"@id\":\"https:\\\/\\\/candas365.es\\\/noticias\\\/category\\\/agenda\\\/#listItem\",\"name\":\"Agenda\"}},{\"@type\":\"ListItem\",\"@id\":\"https:\\\/\\\/candas365.es\\\/noticias\\\/category\\\/agenda\\\/#listItem\",\"position\":2,\"name\":\"Agenda\",\"item\":\"https:\\\/\\\/candas365.es\\\/noticias\\\/category\\\/agenda\\\/\",\"nextItem\":{\"@type\":\"ListItem\",\"@id\":\"https:\\\/\\\/candas365.es\\\/noticias\\\/la-maquinaria-del-corazon-en-la-noche-tematica-de-la-2\\\/#listItem\",\"name\":\"\\u00abLa maquinar\\u00eda del coraz\\u00f3n\\u00bb en La noche tem\\u00e1tica, de La 2\"},\"previousItem\":{\"@type\":\"ListItem\",\"@id\":\"https:\\\/\\\/candas365.es\\\/noticias#listItem\",\"name\":\"Home\"}},{\"@type\":\"ListItem\",\"@id\":\"https:\\\/\\\/candas365.es\\\/noticias\\\/la-maquinaria-del-corazon-en-la-noche-tematica-de-la-2\\\/#listItem\",\"position\":3,\"name\":\"\\u00abLa maquinar\\u00eda del coraz\\u00f3n\\u00bb en La noche tem\\u00e1tica, de La 2\",\"previousItem\":{\"@type\":\"ListItem\",\"@id\":\"https:\\\/\\\/candas365.es\\\/noticias\\\/category\\\/agenda\\\/#listItem\",\"name\":\"Agenda\"}}]},{\"@type\":\"NewsArticle\",\"@id\":\"https:\\\/\\\/candas365.es\\\/noticias\\\/la-maquinaria-del-corazon-en-la-noche-tematica-de-la-2\\\/#newsarticle\",\"name\":\"\\u00abLa maquinar\\u00eda del coraz\\u00f3n\\u00bb en La noche tem\\u00e1tica, de La 2 | Cand\\u00e1s 365\",\"headline\":\"\\u00abLa maquinar\\u00eda del coraz\\u00f3n\\u00bb en La noche tem\\u00e1tica, de La 2\",\"author\":{\"@id\":\"https:\\\/\\\/candas365.es\\\/noticias\\\/author\\\/admin\\\/#author\"},\"publisher\":{\"@id\":\"https:\\\/\\\/candas365.es\\\/noticias\\\/#organization\"},\"image\":{\"@type\":\"ImageObject\",\"url\":\"https:\\\/\\\/candas365.es\\\/noticias\\\/wp-content\\\/uploads\\\/2018\\\/09\\\/tele29091802.jpg\",\"width\":1600,\"height\":1066},\"datePublished\":\"2018-09-29T20:54:46+02:00\",\"dateModified\":\"2018-09-29T20:54:46+02:00\",\"inLanguage\":\"es-ES\",\"mainEntityOfPage\":{\"@id\":\"https:\\\/\\\/candas365.es\\\/noticias\\\/la-maquinaria-del-corazon-en-la-noche-tematica-de-la-2\\\/#webpage\"},\"isPartOf\":{\"@id\":\"https:\\\/\\\/candas365.es\\\/noticias\\\/la-maquinaria-del-corazon-en-la-noche-tematica-de-la-2\\\/#webpage\"},\"articleSection\":\"Agenda\",\"dateline\":\"Publicado el septiembre 29, 2018.\"},{\"@type\":\"Organization\",\"@id\":\"https:\\\/\\\/candas365.es\\\/noticias\\\/#organization\",\"name\":\"Cand\\u00e1s 365\",\"description\":\"Cand\\u00e1s 365 es un diario digital independiente, fundado en 2012, con base en Asturias. Informamos con rigor sobre actualidad, sociedad, cultura y ocio, con una mirada local y global.\",\"url\":\"https:\\\/\\\/candas365.es\\\/noticias\\\/\",\"email\":\"info@candas365.es\",\"telephone\":\"+34652131393\",\"foundingDate\":\"2012-06-10\",\"logo\":{\"@type\":\"ImageObject\",\"url\":\"https:\\\/\\\/candas365.es\\\/noticias\\\/wp-content\\\/uploads\\\/2024\\\/09\\\/Candas-365-Redes.jpg\",\"@id\":\"https:\\\/\\\/candas365.es\\\/noticias\\\/la-maquinaria-del-corazon-en-la-noche-tematica-de-la-2\\\/#organizationLogo\",\"width\":1152,\"height\":864,\"caption\":\"Cand\\u00e1s 365 Redes\"},\"image\":{\"@id\":\"https:\\\/\\\/candas365.es\\\/noticias\\\/la-maquinaria-del-corazon-en-la-noche-tematica-de-la-2\\\/#organizationLogo\"},\"sameAs\":[\"https:\\\/\\\/www.facebook.com\\\/Nachofdezber\",\"https:\\\/\\\/x.com\\\/NabercoDigital\",\"https:\\\/\\\/www.instagram.com\\\/nachofdezber\\\/\",\"https:\\\/\\\/www.youtube.com\\\/channel\\\/UCZP-2wLEB9Rv6erhFmqVnvg\"],\"address\":{\"@id\":\"https:\\\/\\\/candas365.es\\\/noticias\\\/#postaladdress\",\"@type\":\"PostalAddress\",\"streetAddress\":\"san antonio 4, san antonio 4\",\"postalCode\":\"33430\",\"addressLocality\":\"Cand\\u00e1s\",\"addressRegion\":\"Asturias\",\"addressCountry\":\"ES\"}},{\"@type\":\"Person\",\"@id\":\"https:\\\/\\\/candas365.es\\\/noticias\\\/author\\\/admin\\\/#author\",\"url\":\"https:\\\/\\\/candas365.es\\\/noticias\\\/author\\\/admin\\\/\",\"name\":\"Cand\\u00e1s 365\",\"image\":{\"@type\":\"ImageObject\",\"@id\":\"https:\\\/\\\/candas365.es\\\/noticias\\\/la-maquinaria-del-corazon-en-la-noche-tematica-de-la-2\\\/#authorImage\",\"url\":\"https:\\\/\\\/secure.gravatar.com\\\/avatar\\\/496a8e03d0c493ede1718b7934145dbdf8d89be1036b0eec9544e1094c9de390?s=96&d=mm&r=g\",\"width\":96,\"height\":96,\"caption\":\"Cand\\u00e1s 365\"},\"sameAs\":[\"https:\\\/\\\/www.facebook.com\\\/carrenoactualidad\",\"https:\\\/\\\/twitter.com\\\/nbasturias\",\"https:\\\/\\\/www.instagram.com\\\/nachofdezber\\\/\",\"https:\\\/\\\/www.youtube.com\\\/channel\\\/UCZP-2wLEB9Rv6erhFmqVnvg\"]},{\"@type\":\"WebPage\",\"@id\":\"https:\\\/\\\/candas365.es\\\/noticias\\\/la-maquinaria-del-corazon-en-la-noche-tematica-de-la-2\\\/#webpage\",\"url\":\"https:\\\/\\\/candas365.es\\\/noticias\\\/la-maquinaria-del-corazon-en-la-noche-tematica-de-la-2\\\/\",\"name\":\"\\u00abLa maquinar\\u00eda del coraz\\u00f3n\\u00bb en La noche tem\\u00e1tica, de La 2 | Cand\\u00e1s 365\",\"description\":\"Con motivo del D\\u00eda Mundial del Coraz\\u00f3n, 'La noche tem\\u00e1tica' inicia nueva temporada con el estreno de 'La maquinar\\u00eda del coraz\\u00f3n', una mirada a los avances cient\\u00edficos para tratar las enfermedades cardiacas. El programa estrena los reportajes 'Coraz\\u00f3n de hierro' y 'CRISPR: editar el genoma'. El coraz\\u00f3n humano late 36 millones de veces al a\\u00f1o.\",\"inLanguage\":\"es-ES\",\"isPartOf\":{\"@id\":\"https:\\\/\\\/candas365.es\\\/noticias\\\/#website\"},\"breadcrumb\":{\"@id\":\"https:\\\/\\\/candas365.es\\\/noticias\\\/la-maquinaria-del-corazon-en-la-noche-tematica-de-la-2\\\/#breadcrumblist\"},\"author\":{\"@id\":\"https:\\\/\\\/candas365.es\\\/noticias\\\/author\\\/admin\\\/#author\"},\"creator\":{\"@id\":\"https:\\\/\\\/candas365.es\\\/noticias\\\/author\\\/admin\\\/#author\"},\"image\":{\"@type\":\"ImageObject\",\"url\":\"https:\\\/\\\/candas365.es\\\/noticias\\\/wp-content\\\/uploads\\\/2018\\\/09\\\/tele29091802.jpg\",\"@id\":\"https:\\\/\\\/candas365.es\\\/noticias\\\/la-maquinaria-del-corazon-en-la-noche-tematica-de-la-2\\\/#mainImage\",\"width\":1600,\"height\":1066},\"primaryImageOfPage\":{\"@id\":\"https:\\\/\\\/candas365.es\\\/noticias\\\/la-maquinaria-del-corazon-en-la-noche-tematica-de-la-2\\\/#mainImage\"},\"datePublished\":\"2018-09-29T20:54:46+02:00\",\"dateModified\":\"2018-09-29T20:54:46+02:00\"},{\"@type\":\"WebSite\",\"@id\":\"https:\\\/\\\/candas365.es\\\/noticias\\\/#website\",\"url\":\"https:\\\/\\\/candas365.es\\\/noticias\\\/\",\"name\":\"Cand\\u00e1s 365\",\"alternateName\":\"Cand\\u00e1s 365 Noticias\",\"description\":\"Actualidad desde Carre\\u00f1o para el mundo\",\"inLanguage\":\"es-ES\",\"publisher\":{\"@id\":\"https:\\\/\\\/candas365.es\\\/noticias\\\/#organization\"}}]}\n\t\t<\/script>\n\t\t<!-- All in One SEO Pro -->\r\n\t\t<title>\u00abLa maquinar\u00eda del coraz\u00f3n\u00bb en La noche tem\u00e1tica, de La 2 | Cand\u00e1s 365<\/title>\n\n","aioseo_head_json":{"title":"\u00abLa maquinar\u00eda del coraz\u00f3n\u00bb en La noche tem\u00e1tica, de La 2 | Cand\u00e1s 365","description":"Con motivo del D\u00eda Mundial del Coraz\u00f3n, 'La noche tem\u00e1tica' inicia nueva temporada con el estreno de 'La maquinar\u00eda del coraz\u00f3n', una mirada a los avances cient\u00edficos para tratar las enfermedades cardiacas. El programa estrena los reportajes 'Coraz\u00f3n de hierro' y 'CRISPR: editar el genoma'. El coraz\u00f3n humano late 36 millones de veces al a\u00f1o.","canonical_url":"https:\/\/candas365.es\/noticias\/la-maquinaria-del-corazon-en-la-noche-tematica-de-la-2\/","robots":"max-image-preview:large","keywords":"agenda","webmasterTools":{"google-site-verification":"UA-32230408-1","msvalidate.01":"354F3CDFB2DA171B47FBE9ABF1F88D5","miscellaneous":""},"schema":{"@context":"https:\/\/schema.org","@graph":[{"@type":"BreadcrumbList","@id":"https:\/\/candas365.es\/noticias\/la-maquinaria-del-corazon-en-la-noche-tematica-de-la-2\/#breadcrumblist","itemListElement":[{"@type":"ListItem","@id":"https:\/\/candas365.es\/noticias#listItem","position":1,"name":"Home","item":"https:\/\/candas365.es\/noticias","nextItem":{"@type":"ListItem","@id":"https:\/\/candas365.es\/noticias\/category\/agenda\/#listItem","name":"Agenda"}},{"@type":"ListItem","@id":"https:\/\/candas365.es\/noticias\/category\/agenda\/#listItem","position":2,"name":"Agenda","item":"https:\/\/candas365.es\/noticias\/category\/agenda\/","nextItem":{"@type":"ListItem","@id":"https:\/\/candas365.es\/noticias\/la-maquinaria-del-corazon-en-la-noche-tematica-de-la-2\/#listItem","name":"\u00abLa maquinar\u00eda del coraz\u00f3n\u00bb en La noche tem\u00e1tica, de La 2"},"previousItem":{"@type":"ListItem","@id":"https:\/\/candas365.es\/noticias#listItem","name":"Home"}},{"@type":"ListItem","@id":"https:\/\/candas365.es\/noticias\/la-maquinaria-del-corazon-en-la-noche-tematica-de-la-2\/#listItem","position":3,"name":"\u00abLa maquinar\u00eda del coraz\u00f3n\u00bb en La noche tem\u00e1tica, de La 2","previousItem":{"@type":"ListItem","@id":"https:\/\/candas365.es\/noticias\/category\/agenda\/#listItem","name":"Agenda"}}]},{"@type":"NewsArticle","@id":"https:\/\/candas365.es\/noticias\/la-maquinaria-del-corazon-en-la-noche-tematica-de-la-2\/#newsarticle","name":"\u00abLa maquinar\u00eda del coraz\u00f3n\u00bb en La noche tem\u00e1tica, de La 2 | Cand\u00e1s 365","headline":"\u00abLa maquinar\u00eda del coraz\u00f3n\u00bb en La noche tem\u00e1tica, de La 2","author":{"@id":"https:\/\/candas365.es\/noticias\/author\/admin\/#author"},"publisher":{"@id":"https:\/\/candas365.es\/noticias\/#organization"},"image":{"@type":"ImageObject","url":"https:\/\/candas365.es\/noticias\/wp-content\/uploads\/2018\/09\/tele29091802.jpg","width":1600,"height":1066},"datePublished":"2018-09-29T20:54:46+02:00","dateModified":"2018-09-29T20:54:46+02:00","inLanguage":"es-ES","mainEntityOfPage":{"@id":"https:\/\/candas365.es\/noticias\/la-maquinaria-del-corazon-en-la-noche-tematica-de-la-2\/#webpage"},"isPartOf":{"@id":"https:\/\/candas365.es\/noticias\/la-maquinaria-del-corazon-en-la-noche-tematica-de-la-2\/#webpage"},"articleSection":"Agenda","dateline":"Publicado el septiembre 29, 2018."},{"@type":"Organization","@id":"https:\/\/candas365.es\/noticias\/#organization","name":"Cand\u00e1s 365","description":"Cand\u00e1s 365 es un diario digital independiente, fundado en 2012, con base en Asturias. Informamos con rigor sobre actualidad, sociedad, cultura y ocio, con una mirada local y global.","url":"https:\/\/candas365.es\/noticias\/","email":"info@candas365.es","telephone":"+34652131393","foundingDate":"2012-06-10","logo":{"@type":"ImageObject","url":"https:\/\/candas365.es\/noticias\/wp-content\/uploads\/2024\/09\/Candas-365-Redes.jpg","@id":"https:\/\/candas365.es\/noticias\/la-maquinaria-del-corazon-en-la-noche-tematica-de-la-2\/#organizationLogo","width":1152,"height":864,"caption":"Cand\u00e1s 365 Redes"},"image":{"@id":"https:\/\/candas365.es\/noticias\/la-maquinaria-del-corazon-en-la-noche-tematica-de-la-2\/#organizationLogo"},"sameAs":["https:\/\/www.facebook.com\/Nachofdezber","https:\/\/x.com\/NabercoDigital","https:\/\/www.instagram.com\/nachofdezber\/","https:\/\/www.youtube.com\/channel\/UCZP-2wLEB9Rv6erhFmqVnvg"],"address":{"@id":"https:\/\/candas365.es\/noticias\/#postaladdress","@type":"PostalAddress","streetAddress":"san antonio 4, san antonio 4","postalCode":"33430","addressLocality":"Cand\u00e1s","addressRegion":"Asturias","addressCountry":"ES"}},{"@type":"Person","@id":"https:\/\/candas365.es\/noticias\/author\/admin\/#author","url":"https:\/\/candas365.es\/noticias\/author\/admin\/","name":"Cand\u00e1s 365","image":{"@type":"ImageObject","@id":"https:\/\/candas365.es\/noticias\/la-maquinaria-del-corazon-en-la-noche-tematica-de-la-2\/#authorImage","url":"https:\/\/secure.gravatar.com\/avatar\/496a8e03d0c493ede1718b7934145dbdf8d89be1036b0eec9544e1094c9de390?s=96&d=mm&r=g","width":96,"height":96,"caption":"Cand\u00e1s 365"},"sameAs":["https:\/\/www.facebook.com\/carrenoactualidad","https:\/\/twitter.com\/nbasturias","https:\/\/www.instagram.com\/nachofdezber\/","https:\/\/www.youtube.com\/channel\/UCZP-2wLEB9Rv6erhFmqVnvg"]},{"@type":"WebPage","@id":"https:\/\/candas365.es\/noticias\/la-maquinaria-del-corazon-en-la-noche-tematica-de-la-2\/#webpage","url":"https:\/\/candas365.es\/noticias\/la-maquinaria-del-corazon-en-la-noche-tematica-de-la-2\/","name":"\u00abLa maquinar\u00eda del coraz\u00f3n\u00bb en La noche tem\u00e1tica, de La 2 | Cand\u00e1s 365","description":"Con motivo del D\u00eda Mundial del Coraz\u00f3n, 'La noche tem\u00e1tica' inicia nueva temporada con el estreno de 'La maquinar\u00eda del coraz\u00f3n', una mirada a los avances cient\u00edficos para tratar las enfermedades cardiacas. El programa estrena los reportajes 'Coraz\u00f3n de hierro' y 'CRISPR: editar el genoma'. El coraz\u00f3n humano late 36 millones de veces al a\u00f1o.","inLanguage":"es-ES","isPartOf":{"@id":"https:\/\/candas365.es\/noticias\/#website"},"breadcrumb":{"@id":"https:\/\/candas365.es\/noticias\/la-maquinaria-del-corazon-en-la-noche-tematica-de-la-2\/#breadcrumblist"},"author":{"@id":"https:\/\/candas365.es\/noticias\/author\/admin\/#author"},"creator":{"@id":"https:\/\/candas365.es\/noticias\/author\/admin\/#author"},"image":{"@type":"ImageObject","url":"https:\/\/candas365.es\/noticias\/wp-content\/uploads\/2018\/09\/tele29091802.jpg","@id":"https:\/\/candas365.es\/noticias\/la-maquinaria-del-corazon-en-la-noche-tematica-de-la-2\/#mainImage","width":1600,"height":1066},"primaryImageOfPage":{"@id":"https:\/\/candas365.es\/noticias\/la-maquinaria-del-corazon-en-la-noche-tematica-de-la-2\/#mainImage"},"datePublished":"2018-09-29T20:54:46+02:00","dateModified":"2018-09-29T20:54:46+02:00"},{"@type":"WebSite","@id":"https:\/\/candas365.es\/noticias\/#website","url":"https:\/\/candas365.es\/noticias\/","name":"Cand\u00e1s 365","alternateName":"Cand\u00e1s 365 Noticias","description":"Actualidad desde Carre\u00f1o para el mundo","inLanguage":"es-ES","publisher":{"@id":"https:\/\/candas365.es\/noticias\/#organization"}}]},"og:locale":"es_ES","og:site_name":"Cand\u00e1s 365","og:type":"article","og:title":"\u00abLa maquinar\u00eda del coraz\u00f3n\u00bb en La noche tem\u00e1tica, de La 2 | Cand\u00e1s 365","og:description":"Con motivo del D\u00eda Mundial del Coraz\u00f3n, 'La noche tem\u00e1tica' inicia nueva temporada con el estreno de 'La maquinar\u00eda del coraz\u00f3n', una mirada a los avances cient\u00edficos para tratar las enfermedades cardiacas. El programa estrena los reportajes 'Coraz\u00f3n de hierro' y 'CRISPR: editar el genoma'. El coraz\u00f3n humano late 36 millones de veces al a\u00f1o.","og:url":"https:\/\/candas365.es\/noticias\/la-maquinaria-del-corazon-en-la-noche-tematica-de-la-2\/","og:image":"https:\/\/candas365.es\/noticias\/wp-content\/uploads\/2018\/09\/tele29091802.jpg","og:image:secure_url":"https:\/\/candas365.es\/noticias\/wp-content\/uploads\/2018\/09\/tele29091802.jpg","og:image:width":1600,"og:image:height":1066,"article:published_time":"2018-09-29T20:54:46+00:00","article:modified_time":"2018-09-29T20:54:46+00:00","article:publisher":"https:\/\/www.facebook.com\/Nachofdezber","article:author":"https:\/\/www.facebook.com\/carrenoactualidad","twitter:card":"summary_large_image","twitter:site":"@NabercoDigital","twitter:title":"\u00abLa maquinar\u00eda del coraz\u00f3n\u00bb en La noche tem\u00e1tica, de La 2 | Cand\u00e1s 365","twitter:description":"Con motivo del D\u00eda Mundial del Coraz\u00f3n, 'La noche tem\u00e1tica' inicia nueva temporada con el estreno de 'La maquinar\u00eda del coraz\u00f3n', una mirada a los avances cient\u00edficos para tratar las enfermedades cardiacas. El programa estrena los reportajes 'Coraz\u00f3n de hierro' y 'CRISPR: editar el genoma'. El coraz\u00f3n humano late 36 millones de veces al a\u00f1o.","twitter:creator":"@nbasturias","twitter:image":"https:\/\/candas365.es\/noticias\/wp-content\/uploads\/2018\/09\/tele29091802.jpg","twitter:label1":"Escrito por","twitter:data1":"Cand\u00e1s 365","twitter:label2":"Tiempo de lectura estimado","twitter:data2":"2 minutos"},"aioseo_meta_data":{"post_id":"106700","title":null,"description":null,"keywords":null,"keyphrases":null,"primary_term":null,"canonical_url":null,"og_title":null,"og_description":null,"og_object_type":"default","og_image_type":"default","og_image_url":null,"og_image_width":null,"og_image_height":null,"og_image_custom_url":null,"og_image_custom_fields":null,"og_video":null,"og_custom_url":null,"og_article_section":null,"og_article_tags":null,"twitter_use_og":false,"twitter_card":"default","twitter_image_type":"default","twitter_image_url":null,"twitter_image_custom_url":null,"twitter_image_custom_fields":null,"twitter_title":null,"twitter_description":null,"schema":{"blockGraphs":[],"customGraphs":[],"default":{"data":{"Article":[],"Course":[],"Dataset":[],"FAQPage":[],"Movie":[],"Person":[],"Product":[],"ProductReview":[],"Car":[],"Recipe":[],"Service":[],"SoftwareApplication":[],"WebPage":[]},"graphName":"","isEnabled":true},"graphs":[],"defaultGraph":"","defaultPostTypeGraph":""},"schema_type":null,"schema_type_options":null,"pillar_content":false,"robots_default":true,"robots_noindex":false,"robots_noarchive":false,"robots_nosnippet":false,"robots_nofollow":false,"robots_noimageindex":false,"robots_noodp":false,"robots_notranslate":false,"robots_max_snippet":null,"robots_max_videopreview":null,"robots_max_imagepreview":"large","priority":null,"frequency":null,"location":null,"local_seo":null,"seo_analyzer_scan_date":"2025-08-28 01:50:17","breadcrumb_settings":null,"limit_modified_date":false,"reviewed_by":null,"open_ai":null,"ai":null,"created":"2020-12-21 11:44:08","updated":"2025-08-28 01:50:17"},"aioseo_breadcrumb":"<div class=\"aioseo-breadcrumbs\"><span class=\"aioseo-breadcrumb\">\n\t<a href=\"https:\/\/candas365.es\/noticias\" title=\"Home\">Home<\/a>\n<\/span><span class=\"aioseo-breadcrumb-separator\">&ndash;<\/span><span class=\"aioseo-breadcrumb\">\n\t<a href=\"https:\/\/candas365.es\/noticias\/category\/agenda\/\" title=\"Agenda\">Agenda<\/a>\n<\/span><span class=\"aioseo-breadcrumb-separator\">&ndash;<\/span><span class=\"aioseo-breadcrumb\">\n\t\u00abLa maquinar\u00eda del coraz\u00f3n\u00bb en La noche tem\u00e1tica, de La 2\n<\/span><\/div>","aioseo_breadcrumb_json":[{"label":"Home","link":"https:\/\/candas365.es\/noticias"},{"label":"Agenda","link":"https:\/\/candas365.es\/noticias\/category\/agenda\/"},{"label":"\u00abLa maquinar\u00eda del coraz\u00f3n\u00bb en La noche tem\u00e1tica, de La 2","link":"https:\/\/candas365.es\/noticias\/la-maquinaria-del-corazon-en-la-noche-tematica-de-la-2\/"}],"_links":{"self":[{"href":"https:\/\/candas365.es\/noticias\/wp-json\/wp\/v2\/posts\/106700","targetHints":{"allow":["GET"]}}],"collection":[{"href":"https:\/\/candas365.es\/noticias\/wp-json\/wp\/v2\/posts"}],"about":[{"href":"https:\/\/candas365.es\/noticias\/wp-json\/wp\/v2\/types\/post"}],"author":[{"embeddable":true,"href":"https:\/\/candas365.es\/noticias\/wp-json\/wp\/v2\/users\/1"}],"replies":[{"embeddable":true,"href":"https:\/\/candas365.es\/noticias\/wp-json\/wp\/v2\/comments?post=106700"}],"version-history":[{"count":0,"href":"https:\/\/candas365.es\/noticias\/wp-json\/wp\/v2\/posts\/106700\/revisions"}],"wp:featuredmedia":[{"embeddable":true,"href":"https:\/\/candas365.es\/noticias\/wp-json\/wp\/v2\/media\/106701"}],"wp:attachment":[{"href":"https:\/\/candas365.es\/noticias\/wp-json\/wp\/v2\/media?parent=106700"}],"wp:term":[{"taxonomy":"category","embeddable":true,"href":"https:\/\/candas365.es\/noticias\/wp-json\/wp\/v2\/categories?post=106700"},{"taxonomy":"post_tag","embeddable":true,"href":"https:\/\/candas365.es\/noticias\/wp-json\/wp\/v2\/tags?post=106700"}],"curies":[{"name":"wp","href":"https:\/\/api.w.org\/{rel}","templated":true}]}}