{"id":106389,"date":"2018-09-27T13:46:55","date_gmt":"2018-09-27T13:46:55","guid":{"rendered":"http:\/\/candas365.es\/noticias\/?p=106389"},"modified":"2018-09-27T13:59:31","modified_gmt":"2018-09-27T13:59:31","slug":"simposio-internacional-el-reino-de-asturias-y-europa-siglos-viii-y-ix","status":"publish","type":"post","link":"https:\/\/candas365.es\/noticias\/simposio-internacional-el-reino-de-asturias-y-europa-siglos-viii-y-ix\/","title":{"rendered":"Simposio internacional: \u00abEl Reino de Asturias y Europa: siglos VIII y IX\u00bb"},"content":{"rendered":"<p><img fetchpriority=\"high\" decoding=\"async\" class=\"alignleft size-medium wp-image-106390\" src=\"https:\/\/candas365.es\/noticias\/wp-content\/uploads\/2018\/09\/Simposio-Reino-de-Asturias-333x300.jpg\" alt=\"\" width=\"333\" height=\"300\" srcset=\"https:\/\/candas365.es\/noticias\/wp-content\/uploads\/2018\/09\/Simposio-Reino-de-Asturias-333x300.jpg 333w, https:\/\/candas365.es\/noticias\/wp-content\/uploads\/2018\/09\/Simposio-Reino-de-Asturias-768x692.jpg 768w, https:\/\/candas365.es\/noticias\/wp-content\/uploads\/2018\/09\/Simposio-Reino-de-Asturias-533x480.jpg 533w, https:\/\/candas365.es\/noticias\/wp-content\/uploads\/2018\/09\/Simposio-Reino-de-Asturias-696x627.jpg 696w, https:\/\/candas365.es\/noticias\/wp-content\/uploads\/2018\/09\/Simposio-Reino-de-Asturias-1068x962.jpg 1068w, https:\/\/candas365.es\/noticias\/wp-content\/uploads\/2018\/09\/Simposio-Reino-de-Asturias-466x420.jpg 466w, https:\/\/candas365.es\/noticias\/wp-content\/uploads\/2018\/09\/Simposio-Reino-de-Asturias.jpg 1280w\" sizes=\"(max-width: 333px) 100vw, 333px\" \/>El Principado organiza el simposio internacional El Reino de Asturias y Europa: siglos VIII y IX. Contexto hist\u00f3rico de su origen y desarrollo, que del 2 al 5 de octubre reunir\u00e1 en Oviedo a especialistas del m\u00e1ximo nivel en sus respetivas materias y constituye una de las citas m\u00e1s relevantes del programa cultural Covadonga centenarios 2018.<\/p>\n<p>El objeto esencial del encuentro es mostrar una panor\u00e1mica rigurosa que permita contextualizar desde diversos puntos de vista el momento del nacimiento del Reino de Asturias dentro de la realidad europea y mediterr\u00e1nea de la \u00e9poca. La conferencia cient\u00edfica, que tendr\u00e1 lugar en el Hotel de la Reconquista, abordar\u00e1 aspectos decisivos de la realidad de la pen\u00ednsula Ib\u00e9rica, del occidente cristiano y del oriente mediterr\u00e1neo en los siglos VIII y IX.<\/p>\n<p>Las ponencias incidir\u00e1n en una perspectiva comparativa sobre \u00e1mbitos hist\u00f3ricos como la pol\u00edtica, la gesti\u00f3n territorial, la implantaci\u00f3n eclesi\u00e1stica o las relaciones culturales.<\/p>\n<p>Las sesiones ser\u00e1n impartidas por especialistas de las universidades de Par\u00eds, Padua, Alcal\u00e1 de Henares, Ja\u00e9n, Pa\u00eds Vasco, Oviedo, la Universidade Nova de Lisboa, La Universit\u00e0 di Roma-La Sapienza, la San D\u00e1maso de Madrid, el University Collage Cork, la Escuela Superior de Diplom\u00e1tica, del Vaticano, y el Instituto Max Planck, de Frankfurt.<\/p>\n<p>El simposio se cerrar\u00e1 en Covadonga el viernes 5 de octubre con una ponencia de Vidal de la Madrid, de la Universidad de Oviedo, titulada El santuario de Covadonga. Arquitectura e imagen desde la Edad Media. Antes del acto de clausura se realizar\u00e1 una visita a la bas\u00edlica y su entorno.<\/p>\n<p>El encuentro internacional se enmarca en la conmemoraci\u00f3n de los 1.300 a\u00f1os del origen del Reino de Asturias y en la programaci\u00f3n que se ha llevado a cabo durante todo el a\u00f1o mediante exposiciones, ciclos de conferencias, la edici\u00f3n de publicaciones especializadas y congresos, como el que el pasado mes de julio acogi\u00f3 el Museo Arqueol\u00f3gico de Asturias bajo el t\u00edtulo de Del fin de la Antig\u00fcedad Tard\u00eda a la Alta Edad Media en la pen\u00ednsula Ib\u00e9rica (650-900).<\/p>\n<p>La inscripci\u00f3n para el simposio El Reino de Asturias y Europa: siglos VIII y IX. Contexto hist\u00f3rico de su origen y desarrollo es gratuita y puede certificarse en el correo electr\u00f3nico dgpatrimoniocultural@asturias.org.<\/p>\n","protected":false},"excerpt":{"rendered":"<p>El Principado organiza el simposio internacional El Reino de Asturias y Europa: siglos VIII y IX. Contexto hist\u00f3rico de su origen y desarrollo, que del 2 al 5 de octubre reunir\u00e1 en Oviedo a especialistas del m\u00e1ximo nivel en sus respetivas materias y constituye una de las citas m\u00e1s relevantes del programa cultural Covadonga centenarios<\/p>\n","protected":false},"author":1,"featured_media":106390,"comment_status":"closed","ping_status":"closed","sticky":false,"template":"","format":"standard","meta":{"footnotes":""},"categories":[1],"tags":[],"class_list":{"0":"post-106389","1":"post","2":"type-post","3":"status-publish","4":"format-standard","5":"has-post-thumbnail","7":"category-agenda"},"aioseo_notices":[],"aioseo_head":"\n\t\t<!-- All in One SEO Pro 4.9.6.2 - aioseo.com -->\n\t<meta name=\"description\" content=\"El Principado organiza el simposio internacional El Reino de Asturias y Europa: siglos VIII y IX. Contexto hist\u00f3rico de su origen y desarrollo, que del 2 al 5 de octubre reunir\u00e1 en Oviedo a especialistas del m\u00e1ximo nivel en sus respetivas materias y constituye una de las citas m\u00e1s relevantes del programa cultural Covadonga centenarios\" \/>\n\t<meta name=\"robots\" content=\"max-image-preview:large\" \/>\n\t<meta name=\"author\" content=\"Cand\u00e1s 365\"\/>\n\t<meta name=\"google-site-verification\" content=\"UA-32230408-1\" \/>\n\t<meta name=\"msvalidate.01\" content=\"354F3CDFB2DA171B47FBE9ABF1F88D5\" \/>\n\t<meta name=\"keywords\" content=\"agenda\" \/>\n\t<link rel=\"canonical\" href=\"https:\/\/candas365.es\/noticias\/simposio-internacional-el-reino-de-asturias-y-europa-siglos-viii-y-ix\/\" \/>\n\t<meta name=\"generator\" content=\"All in One SEO Pro (AIOSEO) 4.9.6.2\" \/>\n\t\t<meta property=\"og:locale\" content=\"es_ES\" \/>\n\t\t<meta property=\"og:site_name\" content=\"Cand\u00e1s 365\" \/>\n\t\t<meta property=\"og:type\" content=\"article\" \/>\n\t\t<meta property=\"og:title\" content=\"Simposio internacional: \u00abEl Reino de Asturias y Europa: siglos VIII y IX\u00bb | Cand\u00e1s 365\" \/>\n\t\t<meta property=\"og:description\" content=\"El Principado organiza el simposio internacional El Reino de Asturias y Europa: siglos VIII y IX. Contexto hist\u00f3rico de su origen y desarrollo, que del 2 al 5 de octubre reunir\u00e1 en Oviedo a especialistas del m\u00e1ximo nivel en sus respetivas materias y constituye una de las citas m\u00e1s relevantes del programa cultural Covadonga centenarios\" \/>\n\t\t<meta property=\"og:url\" content=\"https:\/\/candas365.es\/noticias\/simposio-internacional-el-reino-de-asturias-y-europa-siglos-viii-y-ix\/\" \/>\n\t\t<meta property=\"og:image\" content=\"https:\/\/candas365.es\/noticias\/wp-content\/uploads\/2018\/09\/Simposio-Reino-de-Asturias.jpg\" \/>\n\t\t<meta property=\"og:image:secure_url\" content=\"https:\/\/candas365.es\/noticias\/wp-content\/uploads\/2018\/09\/Simposio-Reino-de-Asturias.jpg\" \/>\n\t\t<meta property=\"og:image:width\" content=\"1280\" \/>\n\t\t<meta property=\"og:image:height\" content=\"1153\" \/>\n\t\t<meta property=\"article:published_time\" content=\"2018-09-27T13:46:55+00:00\" \/>\n\t\t<meta property=\"article:modified_time\" content=\"2018-09-27T13:59:31+00:00\" \/>\n\t\t<meta property=\"article:publisher\" content=\"https:\/\/www.facebook.com\/Nachofdezber\" \/>\n\t\t<meta property=\"article:author\" content=\"https:\/\/www.facebook.com\/carrenoactualidad\" \/>\n\t\t<meta name=\"twitter:card\" content=\"summary_large_image\" \/>\n\t\t<meta name=\"twitter:site\" content=\"@NabercoDigital\" \/>\n\t\t<meta name=\"twitter:title\" content=\"Simposio internacional: \u00abEl Reino de Asturias y Europa: siglos VIII y IX\u00bb | Cand\u00e1s 365\" \/>\n\t\t<meta name=\"twitter:description\" content=\"El Principado organiza el simposio internacional El Reino de Asturias y Europa: siglos VIII y IX. Contexto hist\u00f3rico de su origen y desarrollo, que del 2 al 5 de octubre reunir\u00e1 en Oviedo a especialistas del m\u00e1ximo nivel en sus respetivas materias y constituye una de las citas m\u00e1s relevantes del programa cultural Covadonga centenarios\" \/>\n\t\t<meta name=\"twitter:creator\" content=\"@nbasturias\" \/>\n\t\t<meta name=\"twitter:image\" content=\"https:\/\/candas365.es\/noticias\/wp-content\/uploads\/2018\/09\/Simposio-Reino-de-Asturias.jpg\" \/>\n\t\t<meta name=\"twitter:label1\" content=\"Escrito por\" \/>\n\t\t<meta name=\"twitter:data1\" content=\"Cand\u00e1s 365\" \/>\n\t\t<meta name=\"twitter:label2\" content=\"Tiempo de lectura estimado\" \/>\n\t\t<meta name=\"twitter:data2\" content=\"2 minutos\" \/>\n\t\t<script type=\"application\/ld+json\" class=\"aioseo-schema\">\n\t\t\t{\"@context\":\"https:\\\/\\\/schema.org\",\"@graph\":[{\"@type\":\"BreadcrumbList\",\"@id\":\"https:\\\/\\\/candas365.es\\\/noticias\\\/simposio-internacional-el-reino-de-asturias-y-europa-siglos-viii-y-ix\\\/#breadcrumblist\",\"itemListElement\":[{\"@type\":\"ListItem\",\"@id\":\"https:\\\/\\\/candas365.es\\\/noticias#listItem\",\"position\":1,\"name\":\"Home\",\"item\":\"https:\\\/\\\/candas365.es\\\/noticias\",\"nextItem\":{\"@type\":\"ListItem\",\"@id\":\"https:\\\/\\\/candas365.es\\\/noticias\\\/category\\\/agenda\\\/#listItem\",\"name\":\"Agenda\"}},{\"@type\":\"ListItem\",\"@id\":\"https:\\\/\\\/candas365.es\\\/noticias\\\/category\\\/agenda\\\/#listItem\",\"position\":2,\"name\":\"Agenda\",\"item\":\"https:\\\/\\\/candas365.es\\\/noticias\\\/category\\\/agenda\\\/\",\"nextItem\":{\"@type\":\"ListItem\",\"@id\":\"https:\\\/\\\/candas365.es\\\/noticias\\\/simposio-internacional-el-reino-de-asturias-y-europa-siglos-viii-y-ix\\\/#listItem\",\"name\":\"Simposio internacional: \\u00abEl Reino de Asturias y Europa: siglos VIII y IX\\u00bb\"},\"previousItem\":{\"@type\":\"ListItem\",\"@id\":\"https:\\\/\\\/candas365.es\\\/noticias#listItem\",\"name\":\"Home\"}},{\"@type\":\"ListItem\",\"@id\":\"https:\\\/\\\/candas365.es\\\/noticias\\\/simposio-internacional-el-reino-de-asturias-y-europa-siglos-viii-y-ix\\\/#listItem\",\"position\":3,\"name\":\"Simposio internacional: \\u00abEl Reino de Asturias y Europa: siglos VIII y IX\\u00bb\",\"previousItem\":{\"@type\":\"ListItem\",\"@id\":\"https:\\\/\\\/candas365.es\\\/noticias\\\/category\\\/agenda\\\/#listItem\",\"name\":\"Agenda\"}}]},{\"@type\":\"NewsArticle\",\"@id\":\"https:\\\/\\\/candas365.es\\\/noticias\\\/simposio-internacional-el-reino-de-asturias-y-europa-siglos-viii-y-ix\\\/#newsarticle\",\"name\":\"Simposio internacional: \\u00abEl Reino de Asturias y Europa: siglos VIII y IX\\u00bb | Cand\\u00e1s 365\",\"headline\":\"Simposio internacional: \\u00abEl Reino de Asturias y Europa: siglos VIII y IX\\u00bb\",\"author\":{\"@id\":\"https:\\\/\\\/candas365.es\\\/noticias\\\/author\\\/admin\\\/#author\"},\"publisher\":{\"@id\":\"https:\\\/\\\/candas365.es\\\/noticias\\\/#organization\"},\"image\":{\"@type\":\"ImageObject\",\"url\":\"https:\\\/\\\/candas365.es\\\/noticias\\\/wp-content\\\/uploads\\\/2018\\\/09\\\/Simposio-Reino-de-Asturias.jpg\",\"width\":1280,\"height\":1153},\"datePublished\":\"2018-09-27T13:46:55+02:00\",\"dateModified\":\"2018-09-27T13:59:31+02:00\",\"inLanguage\":\"es-ES\",\"mainEntityOfPage\":{\"@id\":\"https:\\\/\\\/candas365.es\\\/noticias\\\/simposio-internacional-el-reino-de-asturias-y-europa-siglos-viii-y-ix\\\/#webpage\"},\"isPartOf\":{\"@id\":\"https:\\\/\\\/candas365.es\\\/noticias\\\/simposio-internacional-el-reino-de-asturias-y-europa-siglos-viii-y-ix\\\/#webpage\"},\"articleSection\":\"Agenda\",\"dateline\":\"Publicado el septiembre 27, 2018.\"},{\"@type\":\"Organization\",\"@id\":\"https:\\\/\\\/candas365.es\\\/noticias\\\/#organization\",\"name\":\"Cand\\u00e1s 365\",\"description\":\"Cand\\u00e1s 365 es un diario digital independiente, fundado en 2012, con base en Asturias. Informamos con rigor sobre actualidad, sociedad, cultura y ocio, con una mirada local y global.\",\"url\":\"https:\\\/\\\/candas365.es\\\/noticias\\\/\",\"email\":\"info@candas365.es\",\"telephone\":\"+34652131393\",\"foundingDate\":\"2012-06-10\",\"logo\":{\"@type\":\"ImageObject\",\"url\":\"https:\\\/\\\/candas365.es\\\/noticias\\\/wp-content\\\/uploads\\\/2024\\\/09\\\/Candas-365-Redes.jpg\",\"@id\":\"https:\\\/\\\/candas365.es\\\/noticias\\\/simposio-internacional-el-reino-de-asturias-y-europa-siglos-viii-y-ix\\\/#organizationLogo\",\"width\":1152,\"height\":864,\"caption\":\"Cand\\u00e1s 365 Redes\"},\"image\":{\"@id\":\"https:\\\/\\\/candas365.es\\\/noticias\\\/simposio-internacional-el-reino-de-asturias-y-europa-siglos-viii-y-ix\\\/#organizationLogo\"},\"sameAs\":[\"https:\\\/\\\/www.facebook.com\\\/Nachofdezber\",\"https:\\\/\\\/x.com\\\/NabercoDigital\",\"https:\\\/\\\/www.instagram.com\\\/nachofdezber\\\/\",\"https:\\\/\\\/www.youtube.com\\\/channel\\\/UCZP-2wLEB9Rv6erhFmqVnvg\"],\"address\":{\"@id\":\"https:\\\/\\\/candas365.es\\\/noticias\\\/#postaladdress\",\"@type\":\"PostalAddress\",\"streetAddress\":\"san antonio 4, san antonio 4\",\"postalCode\":\"33430\",\"addressLocality\":\"Cand\\u00e1s\",\"addressRegion\":\"Asturias\",\"addressCountry\":\"ES\"}},{\"@type\":\"Person\",\"@id\":\"https:\\\/\\\/candas365.es\\\/noticias\\\/author\\\/admin\\\/#author\",\"url\":\"https:\\\/\\\/candas365.es\\\/noticias\\\/author\\\/admin\\\/\",\"name\":\"Cand\\u00e1s 365\",\"image\":{\"@type\":\"ImageObject\",\"@id\":\"https:\\\/\\\/candas365.es\\\/noticias\\\/simposio-internacional-el-reino-de-asturias-y-europa-siglos-viii-y-ix\\\/#authorImage\",\"url\":\"https:\\\/\\\/secure.gravatar.com\\\/avatar\\\/496a8e03d0c493ede1718b7934145dbdf8d89be1036b0eec9544e1094c9de390?s=96&d=mm&r=g\",\"width\":96,\"height\":96,\"caption\":\"Cand\\u00e1s 365\"},\"sameAs\":[\"https:\\\/\\\/www.facebook.com\\\/carrenoactualidad\",\"https:\\\/\\\/twitter.com\\\/nbasturias\",\"https:\\\/\\\/www.instagram.com\\\/nachofdezber\\\/\",\"https:\\\/\\\/www.youtube.com\\\/channel\\\/UCZP-2wLEB9Rv6erhFmqVnvg\"]},{\"@type\":\"WebPage\",\"@id\":\"https:\\\/\\\/candas365.es\\\/noticias\\\/simposio-internacional-el-reino-de-asturias-y-europa-siglos-viii-y-ix\\\/#webpage\",\"url\":\"https:\\\/\\\/candas365.es\\\/noticias\\\/simposio-internacional-el-reino-de-asturias-y-europa-siglos-viii-y-ix\\\/\",\"name\":\"Simposio internacional: \\u00abEl Reino de Asturias y Europa: siglos VIII y IX\\u00bb | Cand\\u00e1s 365\",\"description\":\"El Principado organiza el simposio internacional El Reino de Asturias y Europa: siglos VIII y IX. Contexto hist\\u00f3rico de su origen y desarrollo, que del 2 al 5 de octubre reunir\\u00e1 en Oviedo a especialistas del m\\u00e1ximo nivel en sus respetivas materias y constituye una de las citas m\\u00e1s relevantes del programa cultural Covadonga centenarios\",\"inLanguage\":\"es-ES\",\"isPartOf\":{\"@id\":\"https:\\\/\\\/candas365.es\\\/noticias\\\/#website\"},\"breadcrumb\":{\"@id\":\"https:\\\/\\\/candas365.es\\\/noticias\\\/simposio-internacional-el-reino-de-asturias-y-europa-siglos-viii-y-ix\\\/#breadcrumblist\"},\"author\":{\"@id\":\"https:\\\/\\\/candas365.es\\\/noticias\\\/author\\\/admin\\\/#author\"},\"creator\":{\"@id\":\"https:\\\/\\\/candas365.es\\\/noticias\\\/author\\\/admin\\\/#author\"},\"image\":{\"@type\":\"ImageObject\",\"url\":\"https:\\\/\\\/candas365.es\\\/noticias\\\/wp-content\\\/uploads\\\/2018\\\/09\\\/Simposio-Reino-de-Asturias.jpg\",\"@id\":\"https:\\\/\\\/candas365.es\\\/noticias\\\/simposio-internacional-el-reino-de-asturias-y-europa-siglos-viii-y-ix\\\/#mainImage\",\"width\":1280,\"height\":1153},\"primaryImageOfPage\":{\"@id\":\"https:\\\/\\\/candas365.es\\\/noticias\\\/simposio-internacional-el-reino-de-asturias-y-europa-siglos-viii-y-ix\\\/#mainImage\"},\"datePublished\":\"2018-09-27T13:46:55+02:00\",\"dateModified\":\"2018-09-27T13:59:31+02:00\"},{\"@type\":\"WebSite\",\"@id\":\"https:\\\/\\\/candas365.es\\\/noticias\\\/#website\",\"url\":\"https:\\\/\\\/candas365.es\\\/noticias\\\/\",\"name\":\"Cand\\u00e1s 365\",\"alternateName\":\"Cand\\u00e1s 365 Noticias\",\"description\":\"Actualidad desde Carre\\u00f1o para el mundo\",\"inLanguage\":\"es-ES\",\"publisher\":{\"@id\":\"https:\\\/\\\/candas365.es\\\/noticias\\\/#organization\"}}]}\n\t\t<\/script>\n\t\t<!-- All in One SEO Pro -->\r\n\t\t<title>Simposio internacional: \u00abEl Reino de Asturias y Europa: siglos VIII y IX\u00bb | Cand\u00e1s 365<\/title>\n\n","aioseo_head_json":{"title":"Simposio internacional: \u00abEl Reino de Asturias y Europa: siglos VIII y IX\u00bb | Cand\u00e1s 365","description":"El Principado organiza el simposio internacional El Reino de Asturias y Europa: siglos VIII y IX. Contexto hist\u00f3rico de su origen y desarrollo, que del 2 al 5 de octubre reunir\u00e1 en Oviedo a especialistas del m\u00e1ximo nivel en sus respetivas materias y constituye una de las citas m\u00e1s relevantes del programa cultural Covadonga centenarios","canonical_url":"https:\/\/candas365.es\/noticias\/simposio-internacional-el-reino-de-asturias-y-europa-siglos-viii-y-ix\/","robots":"max-image-preview:large","keywords":"agenda","webmasterTools":{"google-site-verification":"UA-32230408-1","msvalidate.01":"354F3CDFB2DA171B47FBE9ABF1F88D5","miscellaneous":""},"schema":{"@context":"https:\/\/schema.org","@graph":[{"@type":"BreadcrumbList","@id":"https:\/\/candas365.es\/noticias\/simposio-internacional-el-reino-de-asturias-y-europa-siglos-viii-y-ix\/#breadcrumblist","itemListElement":[{"@type":"ListItem","@id":"https:\/\/candas365.es\/noticias#listItem","position":1,"name":"Home","item":"https:\/\/candas365.es\/noticias","nextItem":{"@type":"ListItem","@id":"https:\/\/candas365.es\/noticias\/category\/agenda\/#listItem","name":"Agenda"}},{"@type":"ListItem","@id":"https:\/\/candas365.es\/noticias\/category\/agenda\/#listItem","position":2,"name":"Agenda","item":"https:\/\/candas365.es\/noticias\/category\/agenda\/","nextItem":{"@type":"ListItem","@id":"https:\/\/candas365.es\/noticias\/simposio-internacional-el-reino-de-asturias-y-europa-siglos-viii-y-ix\/#listItem","name":"Simposio internacional: \u00abEl Reino de Asturias y Europa: siglos VIII y IX\u00bb"},"previousItem":{"@type":"ListItem","@id":"https:\/\/candas365.es\/noticias#listItem","name":"Home"}},{"@type":"ListItem","@id":"https:\/\/candas365.es\/noticias\/simposio-internacional-el-reino-de-asturias-y-europa-siglos-viii-y-ix\/#listItem","position":3,"name":"Simposio internacional: \u00abEl Reino de Asturias y Europa: siglos VIII y IX\u00bb","previousItem":{"@type":"ListItem","@id":"https:\/\/candas365.es\/noticias\/category\/agenda\/#listItem","name":"Agenda"}}]},{"@type":"NewsArticle","@id":"https:\/\/candas365.es\/noticias\/simposio-internacional-el-reino-de-asturias-y-europa-siglos-viii-y-ix\/#newsarticle","name":"Simposio internacional: \u00abEl Reino de Asturias y Europa: siglos VIII y IX\u00bb | Cand\u00e1s 365","headline":"Simposio internacional: \u00abEl Reino de Asturias y Europa: siglos VIII y IX\u00bb","author":{"@id":"https:\/\/candas365.es\/noticias\/author\/admin\/#author"},"publisher":{"@id":"https:\/\/candas365.es\/noticias\/#organization"},"image":{"@type":"ImageObject","url":"https:\/\/candas365.es\/noticias\/wp-content\/uploads\/2018\/09\/Simposio-Reino-de-Asturias.jpg","width":1280,"height":1153},"datePublished":"2018-09-27T13:46:55+02:00","dateModified":"2018-09-27T13:59:31+02:00","inLanguage":"es-ES","mainEntityOfPage":{"@id":"https:\/\/candas365.es\/noticias\/simposio-internacional-el-reino-de-asturias-y-europa-siglos-viii-y-ix\/#webpage"},"isPartOf":{"@id":"https:\/\/candas365.es\/noticias\/simposio-internacional-el-reino-de-asturias-y-europa-siglos-viii-y-ix\/#webpage"},"articleSection":"Agenda","dateline":"Publicado el septiembre 27, 2018."},{"@type":"Organization","@id":"https:\/\/candas365.es\/noticias\/#organization","name":"Cand\u00e1s 365","description":"Cand\u00e1s 365 es un diario digital independiente, fundado en 2012, con base en Asturias. Informamos con rigor sobre actualidad, sociedad, cultura y ocio, con una mirada local y global.","url":"https:\/\/candas365.es\/noticias\/","email":"info@candas365.es","telephone":"+34652131393","foundingDate":"2012-06-10","logo":{"@type":"ImageObject","url":"https:\/\/candas365.es\/noticias\/wp-content\/uploads\/2024\/09\/Candas-365-Redes.jpg","@id":"https:\/\/candas365.es\/noticias\/simposio-internacional-el-reino-de-asturias-y-europa-siglos-viii-y-ix\/#organizationLogo","width":1152,"height":864,"caption":"Cand\u00e1s 365 Redes"},"image":{"@id":"https:\/\/candas365.es\/noticias\/simposio-internacional-el-reino-de-asturias-y-europa-siglos-viii-y-ix\/#organizationLogo"},"sameAs":["https:\/\/www.facebook.com\/Nachofdezber","https:\/\/x.com\/NabercoDigital","https:\/\/www.instagram.com\/nachofdezber\/","https:\/\/www.youtube.com\/channel\/UCZP-2wLEB9Rv6erhFmqVnvg"],"address":{"@id":"https:\/\/candas365.es\/noticias\/#postaladdress","@type":"PostalAddress","streetAddress":"san antonio 4, san antonio 4","postalCode":"33430","addressLocality":"Cand\u00e1s","addressRegion":"Asturias","addressCountry":"ES"}},{"@type":"Person","@id":"https:\/\/candas365.es\/noticias\/author\/admin\/#author","url":"https:\/\/candas365.es\/noticias\/author\/admin\/","name":"Cand\u00e1s 365","image":{"@type":"ImageObject","@id":"https:\/\/candas365.es\/noticias\/simposio-internacional-el-reino-de-asturias-y-europa-siglos-viii-y-ix\/#authorImage","url":"https:\/\/secure.gravatar.com\/avatar\/496a8e03d0c493ede1718b7934145dbdf8d89be1036b0eec9544e1094c9de390?s=96&d=mm&r=g","width":96,"height":96,"caption":"Cand\u00e1s 365"},"sameAs":["https:\/\/www.facebook.com\/carrenoactualidad","https:\/\/twitter.com\/nbasturias","https:\/\/www.instagram.com\/nachofdezber\/","https:\/\/www.youtube.com\/channel\/UCZP-2wLEB9Rv6erhFmqVnvg"]},{"@type":"WebPage","@id":"https:\/\/candas365.es\/noticias\/simposio-internacional-el-reino-de-asturias-y-europa-siglos-viii-y-ix\/#webpage","url":"https:\/\/candas365.es\/noticias\/simposio-internacional-el-reino-de-asturias-y-europa-siglos-viii-y-ix\/","name":"Simposio internacional: \u00abEl Reino de Asturias y Europa: siglos VIII y IX\u00bb | Cand\u00e1s 365","description":"El Principado organiza el simposio internacional El Reino de Asturias y Europa: siglos VIII y IX. Contexto hist\u00f3rico de su origen y desarrollo, que del 2 al 5 de octubre reunir\u00e1 en Oviedo a especialistas del m\u00e1ximo nivel en sus respetivas materias y constituye una de las citas m\u00e1s relevantes del programa cultural Covadonga centenarios","inLanguage":"es-ES","isPartOf":{"@id":"https:\/\/candas365.es\/noticias\/#website"},"breadcrumb":{"@id":"https:\/\/candas365.es\/noticias\/simposio-internacional-el-reino-de-asturias-y-europa-siglos-viii-y-ix\/#breadcrumblist"},"author":{"@id":"https:\/\/candas365.es\/noticias\/author\/admin\/#author"},"creator":{"@id":"https:\/\/candas365.es\/noticias\/author\/admin\/#author"},"image":{"@type":"ImageObject","url":"https:\/\/candas365.es\/noticias\/wp-content\/uploads\/2018\/09\/Simposio-Reino-de-Asturias.jpg","@id":"https:\/\/candas365.es\/noticias\/simposio-internacional-el-reino-de-asturias-y-europa-siglos-viii-y-ix\/#mainImage","width":1280,"height":1153},"primaryImageOfPage":{"@id":"https:\/\/candas365.es\/noticias\/simposio-internacional-el-reino-de-asturias-y-europa-siglos-viii-y-ix\/#mainImage"},"datePublished":"2018-09-27T13:46:55+02:00","dateModified":"2018-09-27T13:59:31+02:00"},{"@type":"WebSite","@id":"https:\/\/candas365.es\/noticias\/#website","url":"https:\/\/candas365.es\/noticias\/","name":"Cand\u00e1s 365","alternateName":"Cand\u00e1s 365 Noticias","description":"Actualidad desde Carre\u00f1o para el mundo","inLanguage":"es-ES","publisher":{"@id":"https:\/\/candas365.es\/noticias\/#organization"}}]},"og:locale":"es_ES","og:site_name":"Cand\u00e1s 365","og:type":"article","og:title":"Simposio internacional: \u00abEl Reino de Asturias y Europa: siglos VIII y IX\u00bb | Cand\u00e1s 365","og:description":"El Principado organiza el simposio internacional El Reino de Asturias y Europa: siglos VIII y IX. Contexto hist\u00f3rico de su origen y desarrollo, que del 2 al 5 de octubre reunir\u00e1 en Oviedo a especialistas del m\u00e1ximo nivel en sus respetivas materias y constituye una de las citas m\u00e1s relevantes del programa cultural Covadonga centenarios","og:url":"https:\/\/candas365.es\/noticias\/simposio-internacional-el-reino-de-asturias-y-europa-siglos-viii-y-ix\/","og:image":"https:\/\/candas365.es\/noticias\/wp-content\/uploads\/2018\/09\/Simposio-Reino-de-Asturias.jpg","og:image:secure_url":"https:\/\/candas365.es\/noticias\/wp-content\/uploads\/2018\/09\/Simposio-Reino-de-Asturias.jpg","og:image:width":1280,"og:image:height":1153,"article:published_time":"2018-09-27T13:46:55+00:00","article:modified_time":"2018-09-27T13:59:31+00:00","article:publisher":"https:\/\/www.facebook.com\/Nachofdezber","article:author":"https:\/\/www.facebook.com\/carrenoactualidad","twitter:card":"summary_large_image","twitter:site":"@NabercoDigital","twitter:title":"Simposio internacional: \u00abEl Reino de Asturias y Europa: siglos VIII y IX\u00bb | Cand\u00e1s 365","twitter:description":"El Principado organiza el simposio internacional El Reino de Asturias y Europa: siglos VIII y IX. Contexto hist\u00f3rico de su origen y desarrollo, que del 2 al 5 de octubre reunir\u00e1 en Oviedo a especialistas del m\u00e1ximo nivel en sus respetivas materias y constituye una de las citas m\u00e1s relevantes del programa cultural Covadonga centenarios","twitter:creator":"@nbasturias","twitter:image":"https:\/\/candas365.es\/noticias\/wp-content\/uploads\/2018\/09\/Simposio-Reino-de-Asturias.jpg","twitter:label1":"Escrito por","twitter:data1":"Cand\u00e1s 365","twitter:label2":"Tiempo de lectura estimado","twitter:data2":"2 minutos"},"aioseo_meta_data":{"post_id":"106389","title":null,"description":null,"keywords":null,"keyphrases":null,"primary_term":null,"canonical_url":null,"og_title":null,"og_description":null,"og_object_type":"default","og_image_type":"default","og_image_url":null,"og_image_width":null,"og_image_height":null,"og_image_custom_url":null,"og_image_custom_fields":null,"og_video":null,"og_custom_url":null,"og_article_section":null,"og_article_tags":null,"twitter_use_og":false,"twitter_card":"default","twitter_image_type":"default","twitter_image_url":null,"twitter_image_custom_url":null,"twitter_image_custom_fields":null,"twitter_title":null,"twitter_description":null,"schema":{"blockGraphs":[],"customGraphs":[],"default":{"data":{"Article":[],"Course":[],"Dataset":[],"FAQPage":[],"Movie":[],"Person":[],"Product":[],"ProductReview":[],"Car":[],"Recipe":[],"Service":[],"SoftwareApplication":[],"WebPage":[]},"graphName":"","isEnabled":true},"graphs":[],"defaultGraph":"","defaultPostTypeGraph":""},"schema_type":null,"schema_type_options":null,"pillar_content":false,"robots_default":true,"robots_noindex":false,"robots_noarchive":false,"robots_nosnippet":false,"robots_nofollow":false,"robots_noimageindex":false,"robots_noodp":false,"robots_notranslate":false,"robots_max_snippet":null,"robots_max_videopreview":null,"robots_max_imagepreview":"large","priority":null,"frequency":null,"location":null,"local_seo":null,"seo_analyzer_scan_date":"2025-08-28 00:56:18","breadcrumb_settings":null,"limit_modified_date":false,"reviewed_by":null,"open_ai":null,"ai":null,"created":"2020-12-21 11:44:25","updated":"2025-08-28 00:56:18"},"aioseo_breadcrumb":"<div class=\"aioseo-breadcrumbs\"><span class=\"aioseo-breadcrumb\">\n\t<a href=\"https:\/\/candas365.es\/noticias\" title=\"Home\">Home<\/a>\n<\/span><span class=\"aioseo-breadcrumb-separator\">&ndash;<\/span><span class=\"aioseo-breadcrumb\">\n\t<a href=\"https:\/\/candas365.es\/noticias\/category\/agenda\/\" title=\"Agenda\">Agenda<\/a>\n<\/span><span class=\"aioseo-breadcrumb-separator\">&ndash;<\/span><span class=\"aioseo-breadcrumb\">\n\tSimposio internacional: \u00abEl Reino de Asturias y Europa: siglos VIII y IX\u00bb\n<\/span><\/div>","aioseo_breadcrumb_json":[{"label":"Home","link":"https:\/\/candas365.es\/noticias"},{"label":"Agenda","link":"https:\/\/candas365.es\/noticias\/category\/agenda\/"},{"label":"Simposio internacional: \u00abEl Reino de Asturias y Europa: siglos VIII y IX\u00bb","link":"https:\/\/candas365.es\/noticias\/simposio-internacional-el-reino-de-asturias-y-europa-siglos-viii-y-ix\/"}],"_links":{"self":[{"href":"https:\/\/candas365.es\/noticias\/wp-json\/wp\/v2\/posts\/106389","targetHints":{"allow":["GET"]}}],"collection":[{"href":"https:\/\/candas365.es\/noticias\/wp-json\/wp\/v2\/posts"}],"about":[{"href":"https:\/\/candas365.es\/noticias\/wp-json\/wp\/v2\/types\/post"}],"author":[{"embeddable":true,"href":"https:\/\/candas365.es\/noticias\/wp-json\/wp\/v2\/users\/1"}],"replies":[{"embeddable":true,"href":"https:\/\/candas365.es\/noticias\/wp-json\/wp\/v2\/comments?post=106389"}],"version-history":[{"count":0,"href":"https:\/\/candas365.es\/noticias\/wp-json\/wp\/v2\/posts\/106389\/revisions"}],"wp:featuredmedia":[{"embeddable":true,"href":"https:\/\/candas365.es\/noticias\/wp-json\/wp\/v2\/media\/106390"}],"wp:attachment":[{"href":"https:\/\/candas365.es\/noticias\/wp-json\/wp\/v2\/media?parent=106389"}],"wp:term":[{"taxonomy":"category","embeddable":true,"href":"https:\/\/candas365.es\/noticias\/wp-json\/wp\/v2\/categories?post=106389"},{"taxonomy":"post_tag","embeddable":true,"href":"https:\/\/candas365.es\/noticias\/wp-json\/wp\/v2\/tags?post=106389"}],"curies":[{"name":"wp","href":"https:\/\/api.w.org\/{rel}","templated":true}]}}