{"id":106304,"date":"2018-09-26T03:18:33","date_gmt":"2018-09-26T03:18:33","guid":{"rendered":"http:\/\/candas365.es\/noticias\/?p=106304"},"modified":"2018-09-26T03:18:33","modified_gmt":"2018-09-26T03:18:33","slug":"en-el-laberinto-del-arte-moderno-francfort-exhibe-la-obra-de-vasarely","status":"publish","type":"post","link":"https:\/\/candas365.es\/noticias\/en-el-laberinto-del-arte-moderno-francfort-exhibe-la-obra-de-vasarely\/","title":{"rendered":"\u00abEn el laberinto del arte moderno\u00bb, Fr\u00e1ncfort exhibe la obra de Vasarely"},"content":{"rendered":"<p><img fetchpriority=\"high\" decoding=\"async\" class=\"alignleft size-medium wp-image-104908\" src=\"https:\/\/candas365.es\/noticias\/wp-content\/uploads\/2018\/09\/paint-brushes-984434_960_720-360x240.jpg\" alt=\"\" width=\"360\" height=\"240\" srcset=\"https:\/\/candas365.es\/noticias\/wp-content\/uploads\/2018\/09\/paint-brushes-984434_960_720-360x240.jpg 360w, https:\/\/candas365.es\/noticias\/wp-content\/uploads\/2018\/09\/paint-brushes-984434_960_720-768x512.jpg 768w, https:\/\/candas365.es\/noticias\/wp-content\/uploads\/2018\/09\/paint-brushes-984434_960_720-655x437.jpg 655w, https:\/\/candas365.es\/noticias\/wp-content\/uploads\/2018\/09\/paint-brushes-984434_960_720-696x464.jpg 696w, https:\/\/candas365.es\/noticias\/wp-content\/uploads\/2018\/09\/paint-brushes-984434_960_720-630x420.jpg 630w, https:\/\/candas365.es\/noticias\/wp-content\/uploads\/2018\/09\/paint-brushes-984434_960_720.jpg 960w\" sizes=\"(max-width: 360px) 100vw, 360px\" \/>Fr\u00e1ncfort, 25 sep (dpa) &#8211; El Museo St\u00e4del de Fr\u00e1ncfort exhibir\u00e1 a partir de este mi\u00e9rcoles una retrospectiva completa de la obra de Victor Vasarely, figura fundamental en el desarrollo de la abstracci\u00f3n geom\u00e9trica en la posguerra.<\/p>\n<p>La exposici\u00f3n titulada \u00abVictor Vasarely. En el laberinto del arte moderno\u00bb, incluye 120 piezas creadas a lo largo de m\u00e1s de 60 a\u00f1os por el artista franc\u00e9s de origen h\u00fangaro.<\/p>\n<p>Vasarely (1906-1997) es conocido como el padre del Op Art, o como \u00e9l prefer\u00eda llamarlo, del arte cin\u00e9tico, que crea obras que generan la ilusi\u00f3n de ser tridimensionales pese a estar formadas por elementos gr\u00e1ficos.<\/p>\n<p>\u00abA menudo Vasarely ha sido injustamente reducido al Op Art de los a\u00f1os 60, pero en conjunto su arte es un testimonio fascinante de lo que hoy llamamos arte moderno\u00bb, declar\u00f3 Martin Engler, comisario de la exhibici\u00f3n.<\/p>\n<p>La creaci\u00f3n m\u00e1s famosa de Vasarely es familiar para millones de personas pese a que pocas lo saben: el logotipo de la automotriz Renault en forma de rombo. Menos conocido es que el prol\u00edfico creador tambi\u00e9n pint\u00f3 y dise\u00f1\u00f3 salas enteras como la que durante a\u00f1os ocup\u00f3 el sal\u00f3n comedor del Bundesbank alem\u00e1n en Fr\u00e1ncfort.<\/p>\n<p>La muestra podr\u00e1 ser vista hasta el pr\u00f3ximo 13 de enero de 2019. A partir de ese momento, la retrospectiva de Vasarely se trasladar\u00e1 al Museo Pompidou para encandilar al p\u00fablico parisino.<\/p>\n","protected":false},"excerpt":{"rendered":"<p>Fr\u00e1ncfort, 25 sep (dpa) &#8211; El Museo St\u00e4del de Fr\u00e1ncfort exhibir\u00e1 a partir de este mi\u00e9rcoles una retrospectiva completa de la obra de Victor Vasarely, figura fundamental en el desarrollo de la abstracci\u00f3n geom\u00e9trica en la posguerra. La exposici\u00f3n titulada \u00abVictor Vasarely. En el laberinto del arte moderno\u00bb, incluye 120 piezas creadas a lo largo<\/p>\n","protected":false},"author":1,"featured_media":104908,"comment_status":"closed","ping_status":"closed","sticky":false,"template":"","format":"standard","meta":{"footnotes":""},"categories":[1],"tags":[],"class_list":{"0":"post-106304","1":"post","2":"type-post","3":"status-publish","4":"format-standard","5":"has-post-thumbnail","7":"category-agenda"},"aioseo_notices":[],"aioseo_head":"\n\t\t<!-- All in One SEO Pro 4.9.6.2 - aioseo.com -->\n\t<meta name=\"description\" content=\"Fr\u00e1ncfort, 25 sep (dpa) - El Museo St\u00e4del de Fr\u00e1ncfort exhibir\u00e1 a partir de este mi\u00e9rcoles una retrospectiva completa de la obra de Victor Vasarely, figura fundamental en el desarrollo de la abstracci\u00f3n geom\u00e9trica en la posguerra. La exposici\u00f3n titulada &quot;Victor Vasarely. En el laberinto del arte moderno&quot;, incluye 120 piezas creadas a lo largo\" \/>\n\t<meta name=\"robots\" content=\"max-image-preview:large\" \/>\n\t<meta name=\"author\" content=\"Cand\u00e1s 365\"\/>\n\t<meta name=\"google-site-verification\" content=\"UA-32230408-1\" \/>\n\t<meta name=\"msvalidate.01\" content=\"354F3CDFB2DA171B47FBE9ABF1F88D5\" \/>\n\t<meta name=\"keywords\" content=\"agenda\" \/>\n\t<link rel=\"canonical\" href=\"https:\/\/candas365.es\/noticias\/en-el-laberinto-del-arte-moderno-francfort-exhibe-la-obra-de-vasarely\/\" \/>\n\t<meta name=\"generator\" content=\"All in One SEO Pro (AIOSEO) 4.9.6.2\" \/>\n\t\t<meta property=\"og:locale\" content=\"es_ES\" \/>\n\t\t<meta property=\"og:site_name\" content=\"Cand\u00e1s 365\" \/>\n\t\t<meta property=\"og:type\" content=\"article\" \/>\n\t\t<meta property=\"og:title\" content=\"\u00abEn el laberinto del arte moderno\u00bb, Fr\u00e1ncfort exhibe la obra de Vasarely | Cand\u00e1s 365\" \/>\n\t\t<meta property=\"og:description\" content=\"Fr\u00e1ncfort, 25 sep (dpa) - El Museo St\u00e4del de Fr\u00e1ncfort exhibir\u00e1 a partir de este mi\u00e9rcoles una retrospectiva completa de la obra de Victor Vasarely, figura fundamental en el desarrollo de la abstracci\u00f3n geom\u00e9trica en la posguerra. La exposici\u00f3n titulada &quot;Victor Vasarely. En el laberinto del arte moderno&quot;, incluye 120 piezas creadas a lo largo\" \/>\n\t\t<meta property=\"og:url\" content=\"https:\/\/candas365.es\/noticias\/en-el-laberinto-del-arte-moderno-francfort-exhibe-la-obra-de-vasarely\/\" \/>\n\t\t<meta property=\"og:image\" content=\"https:\/\/candas365.es\/noticias\/wp-content\/uploads\/2018\/09\/paint-brushes-984434_960_720.jpg\" \/>\n\t\t<meta property=\"og:image:secure_url\" content=\"https:\/\/candas365.es\/noticias\/wp-content\/uploads\/2018\/09\/paint-brushes-984434_960_720.jpg\" \/>\n\t\t<meta property=\"og:image:width\" content=\"960\" \/>\n\t\t<meta property=\"og:image:height\" content=\"640\" \/>\n\t\t<meta property=\"article:published_time\" content=\"2018-09-26T03:18:33+00:00\" \/>\n\t\t<meta property=\"article:modified_time\" content=\"2018-09-26T03:18:33+00:00\" \/>\n\t\t<meta property=\"article:publisher\" content=\"https:\/\/www.facebook.com\/Nachofdezber\" \/>\n\t\t<meta property=\"article:author\" content=\"https:\/\/www.facebook.com\/carrenoactualidad\" \/>\n\t\t<meta name=\"twitter:card\" content=\"summary_large_image\" \/>\n\t\t<meta name=\"twitter:site\" content=\"@NabercoDigital\" \/>\n\t\t<meta name=\"twitter:title\" content=\"\u00abEn el laberinto del arte moderno\u00bb, Fr\u00e1ncfort exhibe la obra de Vasarely | Cand\u00e1s 365\" \/>\n\t\t<meta name=\"twitter:description\" content=\"Fr\u00e1ncfort, 25 sep (dpa) - El Museo St\u00e4del de Fr\u00e1ncfort exhibir\u00e1 a partir de este mi\u00e9rcoles una retrospectiva completa de la obra de Victor Vasarely, figura fundamental en el desarrollo de la abstracci\u00f3n geom\u00e9trica en la posguerra. La exposici\u00f3n titulada &quot;Victor Vasarely. En el laberinto del arte moderno&quot;, incluye 120 piezas creadas a lo largo\" \/>\n\t\t<meta name=\"twitter:creator\" content=\"@nbasturias\" \/>\n\t\t<meta name=\"twitter:image\" content=\"https:\/\/candas365.es\/noticias\/wp-content\/uploads\/2018\/09\/paint-brushes-984434_960_720.jpg\" \/>\n\t\t<meta name=\"twitter:label1\" content=\"Escrito por\" \/>\n\t\t<meta name=\"twitter:data1\" content=\"Cand\u00e1s 365\" \/>\n\t\t<meta name=\"twitter:label2\" content=\"Tiempo de lectura estimado\" \/>\n\t\t<meta name=\"twitter:data2\" content=\"1 minuto\" \/>\n\t\t<script type=\"application\/ld+json\" class=\"aioseo-schema\">\n\t\t\t{\"@context\":\"https:\\\/\\\/schema.org\",\"@graph\":[{\"@type\":\"BreadcrumbList\",\"@id\":\"https:\\\/\\\/candas365.es\\\/noticias\\\/en-el-laberinto-del-arte-moderno-francfort-exhibe-la-obra-de-vasarely\\\/#breadcrumblist\",\"itemListElement\":[{\"@type\":\"ListItem\",\"@id\":\"https:\\\/\\\/candas365.es\\\/noticias#listItem\",\"position\":1,\"name\":\"Home\",\"item\":\"https:\\\/\\\/candas365.es\\\/noticias\",\"nextItem\":{\"@type\":\"ListItem\",\"@id\":\"https:\\\/\\\/candas365.es\\\/noticias\\\/category\\\/agenda\\\/#listItem\",\"name\":\"Agenda\"}},{\"@type\":\"ListItem\",\"@id\":\"https:\\\/\\\/candas365.es\\\/noticias\\\/category\\\/agenda\\\/#listItem\",\"position\":2,\"name\":\"Agenda\",\"item\":\"https:\\\/\\\/candas365.es\\\/noticias\\\/category\\\/agenda\\\/\",\"nextItem\":{\"@type\":\"ListItem\",\"@id\":\"https:\\\/\\\/candas365.es\\\/noticias\\\/en-el-laberinto-del-arte-moderno-francfort-exhibe-la-obra-de-vasarely\\\/#listItem\",\"name\":\"\\u00abEn el laberinto del arte moderno\\u00bb, Fr\\u00e1ncfort exhibe la obra de Vasarely\"},\"previousItem\":{\"@type\":\"ListItem\",\"@id\":\"https:\\\/\\\/candas365.es\\\/noticias#listItem\",\"name\":\"Home\"}},{\"@type\":\"ListItem\",\"@id\":\"https:\\\/\\\/candas365.es\\\/noticias\\\/en-el-laberinto-del-arte-moderno-francfort-exhibe-la-obra-de-vasarely\\\/#listItem\",\"position\":3,\"name\":\"\\u00abEn el laberinto del arte moderno\\u00bb, Fr\\u00e1ncfort exhibe la obra de Vasarely\",\"previousItem\":{\"@type\":\"ListItem\",\"@id\":\"https:\\\/\\\/candas365.es\\\/noticias\\\/category\\\/agenda\\\/#listItem\",\"name\":\"Agenda\"}}]},{\"@type\":\"NewsArticle\",\"@id\":\"https:\\\/\\\/candas365.es\\\/noticias\\\/en-el-laberinto-del-arte-moderno-francfort-exhibe-la-obra-de-vasarely\\\/#newsarticle\",\"name\":\"\\u00abEn el laberinto del arte moderno\\u00bb, Fr\\u00e1ncfort exhibe la obra de Vasarely | Cand\\u00e1s 365\",\"headline\":\"\\u00abEn el laberinto del arte moderno\\u00bb, Fr\\u00e1ncfort exhibe la obra de Vasarely\",\"author\":{\"@id\":\"https:\\\/\\\/candas365.es\\\/noticias\\\/author\\\/admin\\\/#author\"},\"publisher\":{\"@id\":\"https:\\\/\\\/candas365.es\\\/noticias\\\/#organization\"},\"image\":{\"@type\":\"ImageObject\",\"url\":\"https:\\\/\\\/candas365.es\\\/noticias\\\/wp-content\\\/uploads\\\/2018\\\/09\\\/paint-brushes-984434_960_720.jpg\",\"width\":960,\"height\":640},\"datePublished\":\"2018-09-26T03:18:33+02:00\",\"dateModified\":\"2018-09-26T03:18:33+02:00\",\"inLanguage\":\"es-ES\",\"mainEntityOfPage\":{\"@id\":\"https:\\\/\\\/candas365.es\\\/noticias\\\/en-el-laberinto-del-arte-moderno-francfort-exhibe-la-obra-de-vasarely\\\/#webpage\"},\"isPartOf\":{\"@id\":\"https:\\\/\\\/candas365.es\\\/noticias\\\/en-el-laberinto-del-arte-moderno-francfort-exhibe-la-obra-de-vasarely\\\/#webpage\"},\"articleSection\":\"Agenda\",\"dateline\":\"Publicado el septiembre 26, 2018.\"},{\"@type\":\"Organization\",\"@id\":\"https:\\\/\\\/candas365.es\\\/noticias\\\/#organization\",\"name\":\"Cand\\u00e1s 365\",\"description\":\"Cand\\u00e1s 365 es un diario digital independiente, fundado en 2012, con base en Asturias. Informamos con rigor sobre actualidad, sociedad, cultura y ocio, con una mirada local y global.\",\"url\":\"https:\\\/\\\/candas365.es\\\/noticias\\\/\",\"email\":\"info@candas365.es\",\"telephone\":\"+34652131393\",\"foundingDate\":\"2012-06-10\",\"logo\":{\"@type\":\"ImageObject\",\"url\":\"https:\\\/\\\/candas365.es\\\/noticias\\\/wp-content\\\/uploads\\\/2024\\\/09\\\/Candas-365-Redes.jpg\",\"@id\":\"https:\\\/\\\/candas365.es\\\/noticias\\\/en-el-laberinto-del-arte-moderno-francfort-exhibe-la-obra-de-vasarely\\\/#organizationLogo\",\"width\":1152,\"height\":864,\"caption\":\"Cand\\u00e1s 365 Redes\"},\"image\":{\"@id\":\"https:\\\/\\\/candas365.es\\\/noticias\\\/en-el-laberinto-del-arte-moderno-francfort-exhibe-la-obra-de-vasarely\\\/#organizationLogo\"},\"sameAs\":[\"https:\\\/\\\/www.facebook.com\\\/Nachofdezber\",\"https:\\\/\\\/x.com\\\/NabercoDigital\",\"https:\\\/\\\/www.instagram.com\\\/nachofdezber\\\/\",\"https:\\\/\\\/www.youtube.com\\\/channel\\\/UCZP-2wLEB9Rv6erhFmqVnvg\"],\"address\":{\"@id\":\"https:\\\/\\\/candas365.es\\\/noticias\\\/#postaladdress\",\"@type\":\"PostalAddress\",\"streetAddress\":\"san antonio 4, san antonio 4\",\"postalCode\":\"33430\",\"addressLocality\":\"Cand\\u00e1s\",\"addressRegion\":\"Asturias\",\"addressCountry\":\"ES\"}},{\"@type\":\"Person\",\"@id\":\"https:\\\/\\\/candas365.es\\\/noticias\\\/author\\\/admin\\\/#author\",\"url\":\"https:\\\/\\\/candas365.es\\\/noticias\\\/author\\\/admin\\\/\",\"name\":\"Cand\\u00e1s 365\",\"image\":{\"@type\":\"ImageObject\",\"@id\":\"https:\\\/\\\/candas365.es\\\/noticias\\\/en-el-laberinto-del-arte-moderno-francfort-exhibe-la-obra-de-vasarely\\\/#authorImage\",\"url\":\"https:\\\/\\\/secure.gravatar.com\\\/avatar\\\/496a8e03d0c493ede1718b7934145dbdf8d89be1036b0eec9544e1094c9de390?s=96&d=mm&r=g\",\"width\":96,\"height\":96,\"caption\":\"Cand\\u00e1s 365\"},\"sameAs\":[\"https:\\\/\\\/www.facebook.com\\\/carrenoactualidad\",\"https:\\\/\\\/twitter.com\\\/nbasturias\",\"https:\\\/\\\/www.instagram.com\\\/nachofdezber\\\/\",\"https:\\\/\\\/www.youtube.com\\\/channel\\\/UCZP-2wLEB9Rv6erhFmqVnvg\"]},{\"@type\":\"WebPage\",\"@id\":\"https:\\\/\\\/candas365.es\\\/noticias\\\/en-el-laberinto-del-arte-moderno-francfort-exhibe-la-obra-de-vasarely\\\/#webpage\",\"url\":\"https:\\\/\\\/candas365.es\\\/noticias\\\/en-el-laberinto-del-arte-moderno-francfort-exhibe-la-obra-de-vasarely\\\/\",\"name\":\"\\u00abEn el laberinto del arte moderno\\u00bb, Fr\\u00e1ncfort exhibe la obra de Vasarely | Cand\\u00e1s 365\",\"description\":\"Fr\\u00e1ncfort, 25 sep (dpa) - El Museo St\\u00e4del de Fr\\u00e1ncfort exhibir\\u00e1 a partir de este mi\\u00e9rcoles una retrospectiva completa de la obra de Victor Vasarely, figura fundamental en el desarrollo de la abstracci\\u00f3n geom\\u00e9trica en la posguerra. La exposici\\u00f3n titulada \\\"Victor Vasarely. En el laberinto del arte moderno\\\", incluye 120 piezas creadas a lo largo\",\"inLanguage\":\"es-ES\",\"isPartOf\":{\"@id\":\"https:\\\/\\\/candas365.es\\\/noticias\\\/#website\"},\"breadcrumb\":{\"@id\":\"https:\\\/\\\/candas365.es\\\/noticias\\\/en-el-laberinto-del-arte-moderno-francfort-exhibe-la-obra-de-vasarely\\\/#breadcrumblist\"},\"author\":{\"@id\":\"https:\\\/\\\/candas365.es\\\/noticias\\\/author\\\/admin\\\/#author\"},\"creator\":{\"@id\":\"https:\\\/\\\/candas365.es\\\/noticias\\\/author\\\/admin\\\/#author\"},\"image\":{\"@type\":\"ImageObject\",\"url\":\"https:\\\/\\\/candas365.es\\\/noticias\\\/wp-content\\\/uploads\\\/2018\\\/09\\\/paint-brushes-984434_960_720.jpg\",\"@id\":\"https:\\\/\\\/candas365.es\\\/noticias\\\/en-el-laberinto-del-arte-moderno-francfort-exhibe-la-obra-de-vasarely\\\/#mainImage\",\"width\":960,\"height\":640},\"primaryImageOfPage\":{\"@id\":\"https:\\\/\\\/candas365.es\\\/noticias\\\/en-el-laberinto-del-arte-moderno-francfort-exhibe-la-obra-de-vasarely\\\/#mainImage\"},\"datePublished\":\"2018-09-26T03:18:33+02:00\",\"dateModified\":\"2018-09-26T03:18:33+02:00\"},{\"@type\":\"WebSite\",\"@id\":\"https:\\\/\\\/candas365.es\\\/noticias\\\/#website\",\"url\":\"https:\\\/\\\/candas365.es\\\/noticias\\\/\",\"name\":\"Cand\\u00e1s 365\",\"alternateName\":\"Cand\\u00e1s 365 Noticias\",\"description\":\"Actualidad desde Carre\\u00f1o para el mundo\",\"inLanguage\":\"es-ES\",\"publisher\":{\"@id\":\"https:\\\/\\\/candas365.es\\\/noticias\\\/#organization\"}}]}\n\t\t<\/script>\n\t\t<!-- All in One SEO Pro -->\r\n\t\t<title>\u00abEn el laberinto del arte moderno\u00bb, Fr\u00e1ncfort exhibe la obra de Vasarely | Cand\u00e1s 365<\/title>\n\n","aioseo_head_json":{"title":"\u00abEn el laberinto del arte moderno\u00bb, Fr\u00e1ncfort exhibe la obra de Vasarely | Cand\u00e1s 365","description":"Fr\u00e1ncfort, 25 sep (dpa) - El Museo St\u00e4del de Fr\u00e1ncfort exhibir\u00e1 a partir de este mi\u00e9rcoles una retrospectiva completa de la obra de Victor Vasarely, figura fundamental en el desarrollo de la abstracci\u00f3n geom\u00e9trica en la posguerra. La exposici\u00f3n titulada \"Victor Vasarely. En el laberinto del arte moderno\", incluye 120 piezas creadas a lo largo","canonical_url":"https:\/\/candas365.es\/noticias\/en-el-laberinto-del-arte-moderno-francfort-exhibe-la-obra-de-vasarely\/","robots":"max-image-preview:large","keywords":"agenda","webmasterTools":{"google-site-verification":"UA-32230408-1","msvalidate.01":"354F3CDFB2DA171B47FBE9ABF1F88D5","miscellaneous":""},"schema":{"@context":"https:\/\/schema.org","@graph":[{"@type":"BreadcrumbList","@id":"https:\/\/candas365.es\/noticias\/en-el-laberinto-del-arte-moderno-francfort-exhibe-la-obra-de-vasarely\/#breadcrumblist","itemListElement":[{"@type":"ListItem","@id":"https:\/\/candas365.es\/noticias#listItem","position":1,"name":"Home","item":"https:\/\/candas365.es\/noticias","nextItem":{"@type":"ListItem","@id":"https:\/\/candas365.es\/noticias\/category\/agenda\/#listItem","name":"Agenda"}},{"@type":"ListItem","@id":"https:\/\/candas365.es\/noticias\/category\/agenda\/#listItem","position":2,"name":"Agenda","item":"https:\/\/candas365.es\/noticias\/category\/agenda\/","nextItem":{"@type":"ListItem","@id":"https:\/\/candas365.es\/noticias\/en-el-laberinto-del-arte-moderno-francfort-exhibe-la-obra-de-vasarely\/#listItem","name":"\u00abEn el laberinto del arte moderno\u00bb, Fr\u00e1ncfort exhibe la obra de Vasarely"},"previousItem":{"@type":"ListItem","@id":"https:\/\/candas365.es\/noticias#listItem","name":"Home"}},{"@type":"ListItem","@id":"https:\/\/candas365.es\/noticias\/en-el-laberinto-del-arte-moderno-francfort-exhibe-la-obra-de-vasarely\/#listItem","position":3,"name":"\u00abEn el laberinto del arte moderno\u00bb, Fr\u00e1ncfort exhibe la obra de Vasarely","previousItem":{"@type":"ListItem","@id":"https:\/\/candas365.es\/noticias\/category\/agenda\/#listItem","name":"Agenda"}}]},{"@type":"NewsArticle","@id":"https:\/\/candas365.es\/noticias\/en-el-laberinto-del-arte-moderno-francfort-exhibe-la-obra-de-vasarely\/#newsarticle","name":"\u00abEn el laberinto del arte moderno\u00bb, Fr\u00e1ncfort exhibe la obra de Vasarely | Cand\u00e1s 365","headline":"\u00abEn el laberinto del arte moderno\u00bb, Fr\u00e1ncfort exhibe la obra de Vasarely","author":{"@id":"https:\/\/candas365.es\/noticias\/author\/admin\/#author"},"publisher":{"@id":"https:\/\/candas365.es\/noticias\/#organization"},"image":{"@type":"ImageObject","url":"https:\/\/candas365.es\/noticias\/wp-content\/uploads\/2018\/09\/paint-brushes-984434_960_720.jpg","width":960,"height":640},"datePublished":"2018-09-26T03:18:33+02:00","dateModified":"2018-09-26T03:18:33+02:00","inLanguage":"es-ES","mainEntityOfPage":{"@id":"https:\/\/candas365.es\/noticias\/en-el-laberinto-del-arte-moderno-francfort-exhibe-la-obra-de-vasarely\/#webpage"},"isPartOf":{"@id":"https:\/\/candas365.es\/noticias\/en-el-laberinto-del-arte-moderno-francfort-exhibe-la-obra-de-vasarely\/#webpage"},"articleSection":"Agenda","dateline":"Publicado el septiembre 26, 2018."},{"@type":"Organization","@id":"https:\/\/candas365.es\/noticias\/#organization","name":"Cand\u00e1s 365","description":"Cand\u00e1s 365 es un diario digital independiente, fundado en 2012, con base en Asturias. Informamos con rigor sobre actualidad, sociedad, cultura y ocio, con una mirada local y global.","url":"https:\/\/candas365.es\/noticias\/","email":"info@candas365.es","telephone":"+34652131393","foundingDate":"2012-06-10","logo":{"@type":"ImageObject","url":"https:\/\/candas365.es\/noticias\/wp-content\/uploads\/2024\/09\/Candas-365-Redes.jpg","@id":"https:\/\/candas365.es\/noticias\/en-el-laberinto-del-arte-moderno-francfort-exhibe-la-obra-de-vasarely\/#organizationLogo","width":1152,"height":864,"caption":"Cand\u00e1s 365 Redes"},"image":{"@id":"https:\/\/candas365.es\/noticias\/en-el-laberinto-del-arte-moderno-francfort-exhibe-la-obra-de-vasarely\/#organizationLogo"},"sameAs":["https:\/\/www.facebook.com\/Nachofdezber","https:\/\/x.com\/NabercoDigital","https:\/\/www.instagram.com\/nachofdezber\/","https:\/\/www.youtube.com\/channel\/UCZP-2wLEB9Rv6erhFmqVnvg"],"address":{"@id":"https:\/\/candas365.es\/noticias\/#postaladdress","@type":"PostalAddress","streetAddress":"san antonio 4, san antonio 4","postalCode":"33430","addressLocality":"Cand\u00e1s","addressRegion":"Asturias","addressCountry":"ES"}},{"@type":"Person","@id":"https:\/\/candas365.es\/noticias\/author\/admin\/#author","url":"https:\/\/candas365.es\/noticias\/author\/admin\/","name":"Cand\u00e1s 365","image":{"@type":"ImageObject","@id":"https:\/\/candas365.es\/noticias\/en-el-laberinto-del-arte-moderno-francfort-exhibe-la-obra-de-vasarely\/#authorImage","url":"https:\/\/secure.gravatar.com\/avatar\/496a8e03d0c493ede1718b7934145dbdf8d89be1036b0eec9544e1094c9de390?s=96&d=mm&r=g","width":96,"height":96,"caption":"Cand\u00e1s 365"},"sameAs":["https:\/\/www.facebook.com\/carrenoactualidad","https:\/\/twitter.com\/nbasturias","https:\/\/www.instagram.com\/nachofdezber\/","https:\/\/www.youtube.com\/channel\/UCZP-2wLEB9Rv6erhFmqVnvg"]},{"@type":"WebPage","@id":"https:\/\/candas365.es\/noticias\/en-el-laberinto-del-arte-moderno-francfort-exhibe-la-obra-de-vasarely\/#webpage","url":"https:\/\/candas365.es\/noticias\/en-el-laberinto-del-arte-moderno-francfort-exhibe-la-obra-de-vasarely\/","name":"\u00abEn el laberinto del arte moderno\u00bb, Fr\u00e1ncfort exhibe la obra de Vasarely | Cand\u00e1s 365","description":"Fr\u00e1ncfort, 25 sep (dpa) - El Museo St\u00e4del de Fr\u00e1ncfort exhibir\u00e1 a partir de este mi\u00e9rcoles una retrospectiva completa de la obra de Victor Vasarely, figura fundamental en el desarrollo de la abstracci\u00f3n geom\u00e9trica en la posguerra. La exposici\u00f3n titulada \"Victor Vasarely. En el laberinto del arte moderno\", incluye 120 piezas creadas a lo largo","inLanguage":"es-ES","isPartOf":{"@id":"https:\/\/candas365.es\/noticias\/#website"},"breadcrumb":{"@id":"https:\/\/candas365.es\/noticias\/en-el-laberinto-del-arte-moderno-francfort-exhibe-la-obra-de-vasarely\/#breadcrumblist"},"author":{"@id":"https:\/\/candas365.es\/noticias\/author\/admin\/#author"},"creator":{"@id":"https:\/\/candas365.es\/noticias\/author\/admin\/#author"},"image":{"@type":"ImageObject","url":"https:\/\/candas365.es\/noticias\/wp-content\/uploads\/2018\/09\/paint-brushes-984434_960_720.jpg","@id":"https:\/\/candas365.es\/noticias\/en-el-laberinto-del-arte-moderno-francfort-exhibe-la-obra-de-vasarely\/#mainImage","width":960,"height":640},"primaryImageOfPage":{"@id":"https:\/\/candas365.es\/noticias\/en-el-laberinto-del-arte-moderno-francfort-exhibe-la-obra-de-vasarely\/#mainImage"},"datePublished":"2018-09-26T03:18:33+02:00","dateModified":"2018-09-26T03:18:33+02:00"},{"@type":"WebSite","@id":"https:\/\/candas365.es\/noticias\/#website","url":"https:\/\/candas365.es\/noticias\/","name":"Cand\u00e1s 365","alternateName":"Cand\u00e1s 365 Noticias","description":"Actualidad desde Carre\u00f1o para el mundo","inLanguage":"es-ES","publisher":{"@id":"https:\/\/candas365.es\/noticias\/#organization"}}]},"og:locale":"es_ES","og:site_name":"Cand\u00e1s 365","og:type":"article","og:title":"\u00abEn el laberinto del arte moderno\u00bb, Fr\u00e1ncfort exhibe la obra de Vasarely | Cand\u00e1s 365","og:description":"Fr\u00e1ncfort, 25 sep (dpa) - El Museo St\u00e4del de Fr\u00e1ncfort exhibir\u00e1 a partir de este mi\u00e9rcoles una retrospectiva completa de la obra de Victor Vasarely, figura fundamental en el desarrollo de la abstracci\u00f3n geom\u00e9trica en la posguerra. La exposici\u00f3n titulada &quot;Victor Vasarely. En el laberinto del arte moderno&quot;, incluye 120 piezas creadas a lo largo","og:url":"https:\/\/candas365.es\/noticias\/en-el-laberinto-del-arte-moderno-francfort-exhibe-la-obra-de-vasarely\/","og:image":"https:\/\/candas365.es\/noticias\/wp-content\/uploads\/2018\/09\/paint-brushes-984434_960_720.jpg","og:image:secure_url":"https:\/\/candas365.es\/noticias\/wp-content\/uploads\/2018\/09\/paint-brushes-984434_960_720.jpg","og:image:width":960,"og:image:height":640,"article:published_time":"2018-09-26T03:18:33+00:00","article:modified_time":"2018-09-26T03:18:33+00:00","article:publisher":"https:\/\/www.facebook.com\/Nachofdezber","article:author":"https:\/\/www.facebook.com\/carrenoactualidad","twitter:card":"summary_large_image","twitter:site":"@NabercoDigital","twitter:title":"\u00abEn el laberinto del arte moderno\u00bb, Fr\u00e1ncfort exhibe la obra de Vasarely | Cand\u00e1s 365","twitter:description":"Fr\u00e1ncfort, 25 sep (dpa) - El Museo St\u00e4del de Fr\u00e1ncfort exhibir\u00e1 a partir de este mi\u00e9rcoles una retrospectiva completa de la obra de Victor Vasarely, figura fundamental en el desarrollo de la abstracci\u00f3n geom\u00e9trica en la posguerra. La exposici\u00f3n titulada &quot;Victor Vasarely. En el laberinto del arte moderno&quot;, incluye 120 piezas creadas a lo largo","twitter:creator":"@nbasturias","twitter:image":"https:\/\/candas365.es\/noticias\/wp-content\/uploads\/2018\/09\/paint-brushes-984434_960_720.jpg","twitter:label1":"Escrito por","twitter:data1":"Cand\u00e1s 365","twitter:label2":"Tiempo de lectura estimado","twitter:data2":"1 minuto"},"aioseo_meta_data":{"post_id":"106304","title":null,"description":null,"keywords":null,"keyphrases":null,"primary_term":null,"canonical_url":null,"og_title":null,"og_description":null,"og_object_type":"default","og_image_type":"default","og_image_url":null,"og_image_width":null,"og_image_height":null,"og_image_custom_url":null,"og_image_custom_fields":null,"og_video":null,"og_custom_url":null,"og_article_section":null,"og_article_tags":null,"twitter_use_og":false,"twitter_card":"default","twitter_image_type":"default","twitter_image_url":null,"twitter_image_custom_url":null,"twitter_image_custom_fields":null,"twitter_title":null,"twitter_description":null,"schema":{"blockGraphs":[],"customGraphs":[],"default":{"data":{"Article":[],"Course":[],"Dataset":[],"FAQPage":[],"Movie":[],"Person":[],"Product":[],"ProductReview":[],"Car":[],"Recipe":[],"Service":[],"SoftwareApplication":[],"WebPage":[]},"graphName":"","isEnabled":true},"graphs":[],"defaultGraph":"","defaultPostTypeGraph":""},"schema_type":null,"schema_type_options":null,"pillar_content":false,"robots_default":true,"robots_noindex":false,"robots_noarchive":false,"robots_nosnippet":false,"robots_nofollow":false,"robots_noimageindex":false,"robots_noodp":false,"robots_notranslate":false,"robots_max_snippet":null,"robots_max_videopreview":null,"robots_max_imagepreview":"large","priority":null,"frequency":null,"location":null,"local_seo":null,"seo_analyzer_scan_date":"2025-08-28 00:42:29","breadcrumb_settings":null,"limit_modified_date":false,"reviewed_by":null,"open_ai":null,"ai":null,"created":"2020-12-21 11:44:34","updated":"2025-08-28 00:42:29"},"aioseo_breadcrumb":"<div class=\"aioseo-breadcrumbs\"><span class=\"aioseo-breadcrumb\">\n\t<a href=\"https:\/\/candas365.es\/noticias\" title=\"Home\">Home<\/a>\n<\/span><span class=\"aioseo-breadcrumb-separator\">&ndash;<\/span><span class=\"aioseo-breadcrumb\">\n\t<a href=\"https:\/\/candas365.es\/noticias\/category\/agenda\/\" title=\"Agenda\">Agenda<\/a>\n<\/span><span class=\"aioseo-breadcrumb-separator\">&ndash;<\/span><span class=\"aioseo-breadcrumb\">\n\t\u00abEn el laberinto del arte moderno\u00bb, Fr\u00e1ncfort exhibe la obra de Vasarely\n<\/span><\/div>","aioseo_breadcrumb_json":[{"label":"Home","link":"https:\/\/candas365.es\/noticias"},{"label":"Agenda","link":"https:\/\/candas365.es\/noticias\/category\/agenda\/"},{"label":"\u00abEn el laberinto del arte moderno\u00bb, Fr\u00e1ncfort exhibe la obra de Vasarely","link":"https:\/\/candas365.es\/noticias\/en-el-laberinto-del-arte-moderno-francfort-exhibe-la-obra-de-vasarely\/"}],"_links":{"self":[{"href":"https:\/\/candas365.es\/noticias\/wp-json\/wp\/v2\/posts\/106304","targetHints":{"allow":["GET"]}}],"collection":[{"href":"https:\/\/candas365.es\/noticias\/wp-json\/wp\/v2\/posts"}],"about":[{"href":"https:\/\/candas365.es\/noticias\/wp-json\/wp\/v2\/types\/post"}],"author":[{"embeddable":true,"href":"https:\/\/candas365.es\/noticias\/wp-json\/wp\/v2\/users\/1"}],"replies":[{"embeddable":true,"href":"https:\/\/candas365.es\/noticias\/wp-json\/wp\/v2\/comments?post=106304"}],"version-history":[{"count":0,"href":"https:\/\/candas365.es\/noticias\/wp-json\/wp\/v2\/posts\/106304\/revisions"}],"wp:featuredmedia":[{"embeddable":true,"href":"https:\/\/candas365.es\/noticias\/wp-json\/wp\/v2\/media\/104908"}],"wp:attachment":[{"href":"https:\/\/candas365.es\/noticias\/wp-json\/wp\/v2\/media?parent=106304"}],"wp:term":[{"taxonomy":"category","embeddable":true,"href":"https:\/\/candas365.es\/noticias\/wp-json\/wp\/v2\/categories?post=106304"},{"taxonomy":"post_tag","embeddable":true,"href":"https:\/\/candas365.es\/noticias\/wp-json\/wp\/v2\/tags?post=106304"}],"curies":[{"name":"wp","href":"https:\/\/api.w.org\/{rel}","templated":true}]}}