{"id":105152,"date":"2018-09-12T17:34:52","date_gmt":"2018-09-12T17:34:52","guid":{"rendered":"http:\/\/candas365.es\/noticias\/?p=105152"},"modified":"2018-09-12T17:34:52","modified_gmt":"2018-09-12T17:34:52","slug":"merkel-no-hay-excusa-para-el-odio-violencia-y-consignas-nazis","status":"publish","type":"post","link":"https:\/\/candas365.es\/noticias\/merkel-no-hay-excusa-para-el-odio-violencia-y-consignas-nazis\/","title":{"rendered":"Merkel: \u00abNo hay excusa para el odio, violencia y consignas nazis\u00bb"},"content":{"rendered":"<p><img fetchpriority=\"high\" decoding=\"async\" class=\"alignleft size-medium wp-image-14622\" src=\"https:\/\/candas365.es\/noticias\/wp-content\/uploads\/2015\/08\/merkel-360x198.jpg\" alt=\"\" width=\"360\" height=\"198\" srcset=\"https:\/\/candas365.es\/noticias\/wp-content\/uploads\/2015\/08\/merkel-360x198.jpg 360w, https:\/\/candas365.es\/noticias\/wp-content\/uploads\/2015\/08\/merkel-650x357.jpg 650w, https:\/\/candas365.es\/noticias\/wp-content\/uploads\/2015\/08\/merkel-150x82.jpg 150w, https:\/\/candas365.es\/noticias\/wp-content\/uploads\/2015\/08\/merkel-450x247.jpg 450w, https:\/\/candas365.es\/noticias\/wp-content\/uploads\/2015\/08\/merkel.jpg 655w\" sizes=\"(max-width: 360px) 100vw, 360px\" \/>Berl\u00edn, 12 sep (dpa) &#8211; En un momento de grandes tensiones internas tras las recientes manifestaciones de extremistas de ultraderecha en el este de Alemania, la canciller Angela Merkel insisti\u00f3 hoy en su condena a estas revueltas para las que \u00abno hay excusa\u00bb y record\u00f3 que \u00abla dignidad humana es inviolable\u00bb.<\/p>\n<p>\u00abPuedo entender a cualquiera que se sienta indignado cuando los solicitantes de asilo cometen delitos\u00bb, explic\u00f3. \u00abNo obstante, esto no es una excusa para llevar a cabo manifestaciones contra personas. No hay excusa alguna para la instigaci\u00f3n al odio, el uso de la violencia, las consignas nazis contra las personas que se ven diferente o los ataques a polic\u00edas\u00bb, indic\u00f3.<\/p>\n<p>La mandataria alemana rechaz\u00f3 poner bajo sospecha general a todos los refugiados o a todas las personas del este de Alemania. \u00abNi unos son criminales per se, ni los otros de derechas per se\u00bb, declar\u00f3 en el debate general sobre los presupuestos en el Parlamento alem\u00e1n. \u00abNo permitiremos que grupos de personas sean excluidos a escondidas de nuestra sociedad\u00bb, afirm\u00f3.<\/p>\n<p>\u00abJud\u00edos, musulmanes, todos forman parte de nuestra sociedad, de nuestras escuelas, de nuestros partidos, al igual que los cristianos y los ateos\u00bb, declar\u00f3 con la mirada puesta en el partido populista de tinte xen\u00f3fobo Alternativa para Alemania (AfD), l\u00edder de la oposici\u00f3n en el Bundestag.<\/p>\n<p>\u00abEstoy convencida de que la mayor\u00eda de la gente en Alemania vive y trabaja por una coexistencia tolerante\u00bb, afirm\u00f3. Sin embargo, para aquellos que no optan por este camino, la l\u00edder conservadora record\u00f3 que en Alemania existen reglas \u00aby estas reglas no pueden ser reemplazadas por emociones. Esta es la base del Estado de derecho\u00bb.<\/p>\n<p>\u00abLas disputas pol\u00edticas sobre si es incitaci\u00f3n al odio o una persecuci\u00f3n no ayudan. Nos oponemos firmemente a ello\u00bb, dijo Merkel. Quienquiera que viole la dignidad del hombre se opone a la ra\u00edz de nuestra convivencia, agreg\u00f3.<\/p>\n<p>Previamente el l\u00edder de AfD, Alexander Gauland, calific\u00f3 los saludos nazis como \u00abrepugnantes\u00bb y afirm\u00f3 que nadie niega que estos se pudieran ver en las manifestaciones en el este de Alemania o que se gritar\u00e1 \u00abextranjeros fuera\u00bb.<\/p>\n<p>Sin embargo, se trata de \u00abidiotas y tontos\u00bb que representan a una peque\u00f1a minor\u00eda, explic\u00f3 Gauland. Asimismo, critic\u00f3 que la canciller difundiera la \u00abfalsa noticia\u00bb de que hab\u00eda habido persecuciones en Chemnitz, algo que en su opini\u00f3n no fue as\u00ed.<\/p>\n<p>El pasado fin de semana, un alem\u00e1n de 22 a\u00f1os muri\u00f3 de una insuficiencia card\u00edaca tras una disputa con un grupo de afganos en K\u00f6then, en el este de Alemania. Su muerte gener\u00f3 varias manifestaciones de ultraderechistas. Este suceso se produjo tan solo dos semanas despu\u00e9s de que un alem\u00e1n de 35 a\u00f1os muriera presuntamente apu\u00f1alado por tres refugiados en una fiesta callejera en la ciudad de Chemnitz, tambi\u00e9n en la regi\u00f3n del este alem\u00e1n.<\/p>\n<p>Las dos muertes desataron multitudinarias protestas de ultraderechistas contra la pol\u00edtica de inmigraci\u00f3n de la canciller Angela Merkel, en las que se vio a neonazis haciendo el saludo hitleriano y coreando consignas xen\u00f3fobas. Periodistas y pol\u00edticos fueron atacados, as\u00ed como un restaurante de comida jud\u00eda y su propietario.<\/p>\n<p>Testigos de la primera marcha antiinmigraci\u00f3n registrada en Chemnitz, incluidos periodistas, afirmaron haber visto c\u00f3mo extremistas corr\u00edan detr\u00e1s de personas de aspecto extranjero.<\/p>\n<p>Un video con una de estas escenas que circul\u00f3 en las redes sociales fue cuestionado por el jefe de los servicios de inteligencia interior de Alemania, Hans-Georg Maassen.<\/p>\n<p>El responsable de la inteligencia interior sugiri\u00f3 que podr\u00eda tratarse de informaci\u00f3n falseada para desviar la atenci\u00f3n de lo que tach\u00f3 de \u00abasesinato\u00bb y desat\u00f3 una agria pol\u00e9mica sobre si hubo o no cacer\u00eda de extranjeros en Chemnitz, al tiempo que contradijo a la propia Merkel, quien habl\u00f3 de persecuci\u00f3n de inocentes.<\/p>\n<p>El primer ministro de la regi\u00f3n alemana de Sajonia, Michael Kretschmer, que hab\u00eda negado que una turba hubiera dado caza a extranjeros en Chemnitz, recibi\u00f3 la conmovedora carta del due\u00f1o de un restaurante jud\u00edo que denunci\u00f3 que fue blanco de un ataque durante las protestas xen\u00f3fobas ocurridas el 27 de agosto. Una decena de enmascarados vestidos de negro arrojaron botellas y piedras al local y corearon consignas antisemitas, relat\u00f3 en la misiva.<\/p>\n","protected":false},"excerpt":{"rendered":"<p>Berl\u00edn, 12 sep (dpa) &#8211; En un momento de grandes tensiones internas tras las recientes manifestaciones de extremistas de ultraderecha en el este de Alemania, la canciller Angela Merkel insisti\u00f3 hoy en su condena a estas revueltas para las que \u00abno hay excusa\u00bb y record\u00f3 que \u00abla dignidad humana es inviolable\u00bb. \u00abPuedo entender a cualquiera<\/p>\n","protected":false},"author":1,"featured_media":85069,"comment_status":"closed","ping_status":"closed","sticky":false,"template":"","format":"standard","meta":{"footnotes":""},"categories":[343],"tags":[],"class_list":{"0":"post-105152","1":"post","2":"type-post","3":"status-publish","4":"format-standard","5":"has-post-thumbnail","7":"category-actualidad"},"aioseo_notices":[],"aioseo_head":"\n\t\t<!-- All in One SEO Pro 4.9.6.2 - aioseo.com -->\n\t<meta name=\"description\" content=\"Berl\u00edn, 12 sep (dpa) - En un momento de grandes tensiones internas tras las recientes manifestaciones de extremistas de ultraderecha en el este de Alemania, la canciller Angela Merkel insisti\u00f3 hoy en su condena a estas revueltas para las que &quot;no hay excusa&quot; y record\u00f3 que &quot;la dignidad humana es inviolable&quot;. &quot;Puedo entender a cualquiera\" \/>\n\t<meta name=\"robots\" content=\"max-image-preview:large\" \/>\n\t<meta name=\"author\" content=\"Cand\u00e1s 365\"\/>\n\t<meta name=\"google-site-verification\" content=\"UA-32230408-1\" \/>\n\t<meta name=\"msvalidate.01\" content=\"354F3CDFB2DA171B47FBE9ABF1F88D5\" \/>\n\t<meta name=\"keywords\" content=\"actualidad\" \/>\n\t<link rel=\"canonical\" href=\"https:\/\/candas365.es\/noticias\/merkel-no-hay-excusa-para-el-odio-violencia-y-consignas-nazis\/\" \/>\n\t<meta name=\"generator\" content=\"All in One SEO Pro (AIOSEO) 4.9.6.2\" \/>\n\t\t<meta property=\"og:locale\" content=\"es_ES\" \/>\n\t\t<meta property=\"og:site_name\" content=\"Cand\u00e1s 365\" \/>\n\t\t<meta property=\"og:type\" content=\"article\" \/>\n\t\t<meta property=\"og:title\" content=\"Merkel: \u00abNo hay excusa para el odio, violencia y consignas nazis\u00bb | Cand\u00e1s 365\" \/>\n\t\t<meta property=\"og:description\" content=\"Berl\u00edn, 12 sep (dpa) - En un momento de grandes tensiones internas tras las recientes manifestaciones de extremistas de ultraderecha en el este de Alemania, la canciller Angela Merkel insisti\u00f3 hoy en su condena a estas revueltas para las que &quot;no hay excusa&quot; y record\u00f3 que &quot;la dignidad humana es inviolable&quot;. &quot;Puedo entender a cualquiera\" \/>\n\t\t<meta property=\"og:url\" content=\"https:\/\/candas365.es\/noticias\/merkel-no-hay-excusa-para-el-odio-violencia-y-consignas-nazis\/\" \/>\n\t\t<meta property=\"og:image\" content=\"https:\/\/candas365.es\/noticias\/wp-content\/uploads\/2017\/11\/bundestag-2463231_960_720.jpg\" \/>\n\t\t<meta property=\"og:image:secure_url\" content=\"https:\/\/candas365.es\/noticias\/wp-content\/uploads\/2017\/11\/bundestag-2463231_960_720.jpg\" \/>\n\t\t<meta property=\"og:image:width\" content=\"960\" \/>\n\t\t<meta property=\"og:image:height\" content=\"640\" \/>\n\t\t<meta property=\"article:published_time\" content=\"2018-09-12T17:34:52+00:00\" \/>\n\t\t<meta property=\"article:modified_time\" content=\"2018-09-12T17:34:52+00:00\" \/>\n\t\t<meta property=\"article:publisher\" content=\"https:\/\/www.facebook.com\/Nachofdezber\" \/>\n\t\t<meta property=\"article:author\" content=\"https:\/\/www.facebook.com\/carrenoactualidad\" \/>\n\t\t<meta name=\"twitter:card\" content=\"summary_large_image\" \/>\n\t\t<meta name=\"twitter:site\" content=\"@NabercoDigital\" \/>\n\t\t<meta name=\"twitter:title\" content=\"Merkel: \u00abNo hay excusa para el odio, violencia y consignas nazis\u00bb | Cand\u00e1s 365\" \/>\n\t\t<meta name=\"twitter:description\" content=\"Berl\u00edn, 12 sep (dpa) - En un momento de grandes tensiones internas tras las recientes manifestaciones de extremistas de ultraderecha en el este de Alemania, la canciller Angela Merkel insisti\u00f3 hoy en su condena a estas revueltas para las que &quot;no hay excusa&quot; y record\u00f3 que &quot;la dignidad humana es inviolable&quot;. &quot;Puedo entender a cualquiera\" \/>\n\t\t<meta name=\"twitter:creator\" content=\"@nbasturias\" \/>\n\t\t<meta name=\"twitter:image\" content=\"https:\/\/candas365.es\/noticias\/wp-content\/uploads\/2017\/11\/bundestag-2463231_960_720.jpg\" \/>\n\t\t<meta name=\"twitter:label1\" content=\"Escrito por\" \/>\n\t\t<meta name=\"twitter:data1\" content=\"Cand\u00e1s 365\" \/>\n\t\t<meta name=\"twitter:label2\" content=\"Tiempo de lectura estimado\" \/>\n\t\t<meta name=\"twitter:data2\" content=\"4 minutos\" \/>\n\t\t<script type=\"application\/ld+json\" class=\"aioseo-schema\">\n\t\t\t{\"@context\":\"https:\\\/\\\/schema.org\",\"@graph\":[{\"@type\":\"BreadcrumbList\",\"@id\":\"https:\\\/\\\/candas365.es\\\/noticias\\\/merkel-no-hay-excusa-para-el-odio-violencia-y-consignas-nazis\\\/#breadcrumblist\",\"itemListElement\":[{\"@type\":\"ListItem\",\"@id\":\"https:\\\/\\\/candas365.es\\\/noticias#listItem\",\"position\":1,\"name\":\"Home\",\"item\":\"https:\\\/\\\/candas365.es\\\/noticias\",\"nextItem\":{\"@type\":\"ListItem\",\"@id\":\"https:\\\/\\\/candas365.es\\\/noticias\\\/category\\\/actualidad\\\/#listItem\",\"name\":\"Actualidad\"}},{\"@type\":\"ListItem\",\"@id\":\"https:\\\/\\\/candas365.es\\\/noticias\\\/category\\\/actualidad\\\/#listItem\",\"position\":2,\"name\":\"Actualidad\",\"item\":\"https:\\\/\\\/candas365.es\\\/noticias\\\/category\\\/actualidad\\\/\",\"nextItem\":{\"@type\":\"ListItem\",\"@id\":\"https:\\\/\\\/candas365.es\\\/noticias\\\/merkel-no-hay-excusa-para-el-odio-violencia-y-consignas-nazis\\\/#listItem\",\"name\":\"Merkel: \\u00abNo hay excusa para el odio, violencia y consignas nazis\\u00bb\"},\"previousItem\":{\"@type\":\"ListItem\",\"@id\":\"https:\\\/\\\/candas365.es\\\/noticias#listItem\",\"name\":\"Home\"}},{\"@type\":\"ListItem\",\"@id\":\"https:\\\/\\\/candas365.es\\\/noticias\\\/merkel-no-hay-excusa-para-el-odio-violencia-y-consignas-nazis\\\/#listItem\",\"position\":3,\"name\":\"Merkel: \\u00abNo hay excusa para el odio, violencia y consignas nazis\\u00bb\",\"previousItem\":{\"@type\":\"ListItem\",\"@id\":\"https:\\\/\\\/candas365.es\\\/noticias\\\/category\\\/actualidad\\\/#listItem\",\"name\":\"Actualidad\"}}]},{\"@type\":\"NewsArticle\",\"@id\":\"https:\\\/\\\/candas365.es\\\/noticias\\\/merkel-no-hay-excusa-para-el-odio-violencia-y-consignas-nazis\\\/#newsarticle\",\"name\":\"Merkel: \\u00abNo hay excusa para el odio, violencia y consignas nazis\\u00bb | Cand\\u00e1s 365\",\"headline\":\"Merkel: \\u00abNo hay excusa para el odio, violencia y consignas nazis\\u00bb\",\"author\":{\"@id\":\"https:\\\/\\\/candas365.es\\\/noticias\\\/author\\\/admin\\\/#author\"},\"publisher\":{\"@id\":\"https:\\\/\\\/candas365.es\\\/noticias\\\/#organization\"},\"image\":{\"@type\":\"ImageObject\",\"url\":\"https:\\\/\\\/candas365.es\\\/noticias\\\/wp-content\\\/uploads\\\/2017\\\/11\\\/bundestag-2463231_960_720.jpg\",\"width\":960,\"height\":640,\"caption\":\"bundestag\"},\"datePublished\":\"2018-09-12T17:34:52+02:00\",\"dateModified\":\"2018-09-12T17:34:52+02:00\",\"inLanguage\":\"es-ES\",\"mainEntityOfPage\":{\"@id\":\"https:\\\/\\\/candas365.es\\\/noticias\\\/merkel-no-hay-excusa-para-el-odio-violencia-y-consignas-nazis\\\/#webpage\"},\"isPartOf\":{\"@id\":\"https:\\\/\\\/candas365.es\\\/noticias\\\/merkel-no-hay-excusa-para-el-odio-violencia-y-consignas-nazis\\\/#webpage\"},\"articleSection\":\"Actualidad\",\"dateline\":\"Publicado el septiembre 12, 2018.\"},{\"@type\":\"Organization\",\"@id\":\"https:\\\/\\\/candas365.es\\\/noticias\\\/#organization\",\"name\":\"Cand\\u00e1s 365\",\"description\":\"Cand\\u00e1s 365 es un diario digital independiente, fundado en 2012, con base en Asturias. Informamos con rigor sobre actualidad, sociedad, cultura y ocio, con una mirada local y global.\",\"url\":\"https:\\\/\\\/candas365.es\\\/noticias\\\/\",\"email\":\"info@candas365.es\",\"telephone\":\"+34652131393\",\"foundingDate\":\"2012-06-10\",\"logo\":{\"@type\":\"ImageObject\",\"url\":\"https:\\\/\\\/candas365.es\\\/noticias\\\/wp-content\\\/uploads\\\/2024\\\/09\\\/Candas-365-Redes.jpg\",\"@id\":\"https:\\\/\\\/candas365.es\\\/noticias\\\/merkel-no-hay-excusa-para-el-odio-violencia-y-consignas-nazis\\\/#organizationLogo\",\"width\":1152,\"height\":864,\"caption\":\"Cand\\u00e1s 365 Redes\"},\"image\":{\"@id\":\"https:\\\/\\\/candas365.es\\\/noticias\\\/merkel-no-hay-excusa-para-el-odio-violencia-y-consignas-nazis\\\/#organizationLogo\"},\"sameAs\":[\"https:\\\/\\\/www.facebook.com\\\/Nachofdezber\",\"https:\\\/\\\/x.com\\\/NabercoDigital\",\"https:\\\/\\\/www.instagram.com\\\/nachofdezber\\\/\",\"https:\\\/\\\/www.youtube.com\\\/channel\\\/UCZP-2wLEB9Rv6erhFmqVnvg\"],\"address\":{\"@id\":\"https:\\\/\\\/candas365.es\\\/noticias\\\/#postaladdress\",\"@type\":\"PostalAddress\",\"streetAddress\":\"san antonio 4, san antonio 4\",\"postalCode\":\"33430\",\"addressLocality\":\"Cand\\u00e1s\",\"addressRegion\":\"Asturias\",\"addressCountry\":\"ES\"}},{\"@type\":\"Person\",\"@id\":\"https:\\\/\\\/candas365.es\\\/noticias\\\/author\\\/admin\\\/#author\",\"url\":\"https:\\\/\\\/candas365.es\\\/noticias\\\/author\\\/admin\\\/\",\"name\":\"Cand\\u00e1s 365\",\"image\":{\"@type\":\"ImageObject\",\"@id\":\"https:\\\/\\\/candas365.es\\\/noticias\\\/merkel-no-hay-excusa-para-el-odio-violencia-y-consignas-nazis\\\/#authorImage\",\"url\":\"https:\\\/\\\/secure.gravatar.com\\\/avatar\\\/496a8e03d0c493ede1718b7934145dbdf8d89be1036b0eec9544e1094c9de390?s=96&d=mm&r=g\",\"width\":96,\"height\":96,\"caption\":\"Cand\\u00e1s 365\"},\"sameAs\":[\"https:\\\/\\\/www.facebook.com\\\/carrenoactualidad\",\"https:\\\/\\\/twitter.com\\\/nbasturias\",\"https:\\\/\\\/www.instagram.com\\\/nachofdezber\\\/\",\"https:\\\/\\\/www.youtube.com\\\/channel\\\/UCZP-2wLEB9Rv6erhFmqVnvg\"]},{\"@type\":\"WebPage\",\"@id\":\"https:\\\/\\\/candas365.es\\\/noticias\\\/merkel-no-hay-excusa-para-el-odio-violencia-y-consignas-nazis\\\/#webpage\",\"url\":\"https:\\\/\\\/candas365.es\\\/noticias\\\/merkel-no-hay-excusa-para-el-odio-violencia-y-consignas-nazis\\\/\",\"name\":\"Merkel: \\u00abNo hay excusa para el odio, violencia y consignas nazis\\u00bb | Cand\\u00e1s 365\",\"description\":\"Berl\\u00edn, 12 sep (dpa) - En un momento de grandes tensiones internas tras las recientes manifestaciones de extremistas de ultraderecha en el este de Alemania, la canciller Angela Merkel insisti\\u00f3 hoy en su condena a estas revueltas para las que \\\"no hay excusa\\\" y record\\u00f3 que \\\"la dignidad humana es inviolable\\\". \\\"Puedo entender a cualquiera\",\"inLanguage\":\"es-ES\",\"isPartOf\":{\"@id\":\"https:\\\/\\\/candas365.es\\\/noticias\\\/#website\"},\"breadcrumb\":{\"@id\":\"https:\\\/\\\/candas365.es\\\/noticias\\\/merkel-no-hay-excusa-para-el-odio-violencia-y-consignas-nazis\\\/#breadcrumblist\"},\"author\":{\"@id\":\"https:\\\/\\\/candas365.es\\\/noticias\\\/author\\\/admin\\\/#author\"},\"creator\":{\"@id\":\"https:\\\/\\\/candas365.es\\\/noticias\\\/author\\\/admin\\\/#author\"},\"image\":{\"@type\":\"ImageObject\",\"url\":\"https:\\\/\\\/candas365.es\\\/noticias\\\/wp-content\\\/uploads\\\/2017\\\/11\\\/bundestag-2463231_960_720.jpg\",\"@id\":\"https:\\\/\\\/candas365.es\\\/noticias\\\/merkel-no-hay-excusa-para-el-odio-violencia-y-consignas-nazis\\\/#mainImage\",\"width\":960,\"height\":640,\"caption\":\"bundestag\"},\"primaryImageOfPage\":{\"@id\":\"https:\\\/\\\/candas365.es\\\/noticias\\\/merkel-no-hay-excusa-para-el-odio-violencia-y-consignas-nazis\\\/#mainImage\"},\"datePublished\":\"2018-09-12T17:34:52+02:00\",\"dateModified\":\"2018-09-12T17:34:52+02:00\"},{\"@type\":\"WebSite\",\"@id\":\"https:\\\/\\\/candas365.es\\\/noticias\\\/#website\",\"url\":\"https:\\\/\\\/candas365.es\\\/noticias\\\/\",\"name\":\"Cand\\u00e1s 365\",\"alternateName\":\"Cand\\u00e1s 365 Noticias\",\"description\":\"Actualidad desde Carre\\u00f1o para el mundo\",\"inLanguage\":\"es-ES\",\"publisher\":{\"@id\":\"https:\\\/\\\/candas365.es\\\/noticias\\\/#organization\"}}]}\n\t\t<\/script>\n\t\t<!-- All in One SEO Pro -->\r\n\t\t<title>Merkel: \u00abNo hay excusa para el odio, violencia y consignas nazis\u00bb | Cand\u00e1s 365<\/title>\n\n","aioseo_head_json":{"title":"Merkel: \u00abNo hay excusa para el odio, violencia y consignas nazis\u00bb | Cand\u00e1s 365","description":"Berl\u00edn, 12 sep (dpa) - En un momento de grandes tensiones internas tras las recientes manifestaciones de extremistas de ultraderecha en el este de Alemania, la canciller Angela Merkel insisti\u00f3 hoy en su condena a estas revueltas para las que \"no hay excusa\" y record\u00f3 que \"la dignidad humana es inviolable\". \"Puedo entender a cualquiera","canonical_url":"https:\/\/candas365.es\/noticias\/merkel-no-hay-excusa-para-el-odio-violencia-y-consignas-nazis\/","robots":"max-image-preview:large","keywords":"actualidad","webmasterTools":{"google-site-verification":"UA-32230408-1","msvalidate.01":"354F3CDFB2DA171B47FBE9ABF1F88D5","miscellaneous":""},"schema":{"@context":"https:\/\/schema.org","@graph":[{"@type":"BreadcrumbList","@id":"https:\/\/candas365.es\/noticias\/merkel-no-hay-excusa-para-el-odio-violencia-y-consignas-nazis\/#breadcrumblist","itemListElement":[{"@type":"ListItem","@id":"https:\/\/candas365.es\/noticias#listItem","position":1,"name":"Home","item":"https:\/\/candas365.es\/noticias","nextItem":{"@type":"ListItem","@id":"https:\/\/candas365.es\/noticias\/category\/actualidad\/#listItem","name":"Actualidad"}},{"@type":"ListItem","@id":"https:\/\/candas365.es\/noticias\/category\/actualidad\/#listItem","position":2,"name":"Actualidad","item":"https:\/\/candas365.es\/noticias\/category\/actualidad\/","nextItem":{"@type":"ListItem","@id":"https:\/\/candas365.es\/noticias\/merkel-no-hay-excusa-para-el-odio-violencia-y-consignas-nazis\/#listItem","name":"Merkel: \u00abNo hay excusa para el odio, violencia y consignas nazis\u00bb"},"previousItem":{"@type":"ListItem","@id":"https:\/\/candas365.es\/noticias#listItem","name":"Home"}},{"@type":"ListItem","@id":"https:\/\/candas365.es\/noticias\/merkel-no-hay-excusa-para-el-odio-violencia-y-consignas-nazis\/#listItem","position":3,"name":"Merkel: \u00abNo hay excusa para el odio, violencia y consignas nazis\u00bb","previousItem":{"@type":"ListItem","@id":"https:\/\/candas365.es\/noticias\/category\/actualidad\/#listItem","name":"Actualidad"}}]},{"@type":"NewsArticle","@id":"https:\/\/candas365.es\/noticias\/merkel-no-hay-excusa-para-el-odio-violencia-y-consignas-nazis\/#newsarticle","name":"Merkel: \u00abNo hay excusa para el odio, violencia y consignas nazis\u00bb | Cand\u00e1s 365","headline":"Merkel: \u00abNo hay excusa para el odio, violencia y consignas nazis\u00bb","author":{"@id":"https:\/\/candas365.es\/noticias\/author\/admin\/#author"},"publisher":{"@id":"https:\/\/candas365.es\/noticias\/#organization"},"image":{"@type":"ImageObject","url":"https:\/\/candas365.es\/noticias\/wp-content\/uploads\/2017\/11\/bundestag-2463231_960_720.jpg","width":960,"height":640,"caption":"bundestag"},"datePublished":"2018-09-12T17:34:52+02:00","dateModified":"2018-09-12T17:34:52+02:00","inLanguage":"es-ES","mainEntityOfPage":{"@id":"https:\/\/candas365.es\/noticias\/merkel-no-hay-excusa-para-el-odio-violencia-y-consignas-nazis\/#webpage"},"isPartOf":{"@id":"https:\/\/candas365.es\/noticias\/merkel-no-hay-excusa-para-el-odio-violencia-y-consignas-nazis\/#webpage"},"articleSection":"Actualidad","dateline":"Publicado el septiembre 12, 2018."},{"@type":"Organization","@id":"https:\/\/candas365.es\/noticias\/#organization","name":"Cand\u00e1s 365","description":"Cand\u00e1s 365 es un diario digital independiente, fundado en 2012, con base en Asturias. Informamos con rigor sobre actualidad, sociedad, cultura y ocio, con una mirada local y global.","url":"https:\/\/candas365.es\/noticias\/","email":"info@candas365.es","telephone":"+34652131393","foundingDate":"2012-06-10","logo":{"@type":"ImageObject","url":"https:\/\/candas365.es\/noticias\/wp-content\/uploads\/2024\/09\/Candas-365-Redes.jpg","@id":"https:\/\/candas365.es\/noticias\/merkel-no-hay-excusa-para-el-odio-violencia-y-consignas-nazis\/#organizationLogo","width":1152,"height":864,"caption":"Cand\u00e1s 365 Redes"},"image":{"@id":"https:\/\/candas365.es\/noticias\/merkel-no-hay-excusa-para-el-odio-violencia-y-consignas-nazis\/#organizationLogo"},"sameAs":["https:\/\/www.facebook.com\/Nachofdezber","https:\/\/x.com\/NabercoDigital","https:\/\/www.instagram.com\/nachofdezber\/","https:\/\/www.youtube.com\/channel\/UCZP-2wLEB9Rv6erhFmqVnvg"],"address":{"@id":"https:\/\/candas365.es\/noticias\/#postaladdress","@type":"PostalAddress","streetAddress":"san antonio 4, san antonio 4","postalCode":"33430","addressLocality":"Cand\u00e1s","addressRegion":"Asturias","addressCountry":"ES"}},{"@type":"Person","@id":"https:\/\/candas365.es\/noticias\/author\/admin\/#author","url":"https:\/\/candas365.es\/noticias\/author\/admin\/","name":"Cand\u00e1s 365","image":{"@type":"ImageObject","@id":"https:\/\/candas365.es\/noticias\/merkel-no-hay-excusa-para-el-odio-violencia-y-consignas-nazis\/#authorImage","url":"https:\/\/secure.gravatar.com\/avatar\/496a8e03d0c493ede1718b7934145dbdf8d89be1036b0eec9544e1094c9de390?s=96&d=mm&r=g","width":96,"height":96,"caption":"Cand\u00e1s 365"},"sameAs":["https:\/\/www.facebook.com\/carrenoactualidad","https:\/\/twitter.com\/nbasturias","https:\/\/www.instagram.com\/nachofdezber\/","https:\/\/www.youtube.com\/channel\/UCZP-2wLEB9Rv6erhFmqVnvg"]},{"@type":"WebPage","@id":"https:\/\/candas365.es\/noticias\/merkel-no-hay-excusa-para-el-odio-violencia-y-consignas-nazis\/#webpage","url":"https:\/\/candas365.es\/noticias\/merkel-no-hay-excusa-para-el-odio-violencia-y-consignas-nazis\/","name":"Merkel: \u00abNo hay excusa para el odio, violencia y consignas nazis\u00bb | Cand\u00e1s 365","description":"Berl\u00edn, 12 sep (dpa) - En un momento de grandes tensiones internas tras las recientes manifestaciones de extremistas de ultraderecha en el este de Alemania, la canciller Angela Merkel insisti\u00f3 hoy en su condena a estas revueltas para las que \"no hay excusa\" y record\u00f3 que \"la dignidad humana es inviolable\". \"Puedo entender a cualquiera","inLanguage":"es-ES","isPartOf":{"@id":"https:\/\/candas365.es\/noticias\/#website"},"breadcrumb":{"@id":"https:\/\/candas365.es\/noticias\/merkel-no-hay-excusa-para-el-odio-violencia-y-consignas-nazis\/#breadcrumblist"},"author":{"@id":"https:\/\/candas365.es\/noticias\/author\/admin\/#author"},"creator":{"@id":"https:\/\/candas365.es\/noticias\/author\/admin\/#author"},"image":{"@type":"ImageObject","url":"https:\/\/candas365.es\/noticias\/wp-content\/uploads\/2017\/11\/bundestag-2463231_960_720.jpg","@id":"https:\/\/candas365.es\/noticias\/merkel-no-hay-excusa-para-el-odio-violencia-y-consignas-nazis\/#mainImage","width":960,"height":640,"caption":"bundestag"},"primaryImageOfPage":{"@id":"https:\/\/candas365.es\/noticias\/merkel-no-hay-excusa-para-el-odio-violencia-y-consignas-nazis\/#mainImage"},"datePublished":"2018-09-12T17:34:52+02:00","dateModified":"2018-09-12T17:34:52+02:00"},{"@type":"WebSite","@id":"https:\/\/candas365.es\/noticias\/#website","url":"https:\/\/candas365.es\/noticias\/","name":"Cand\u00e1s 365","alternateName":"Cand\u00e1s 365 Noticias","description":"Actualidad desde Carre\u00f1o para el mundo","inLanguage":"es-ES","publisher":{"@id":"https:\/\/candas365.es\/noticias\/#organization"}}]},"og:locale":"es_ES","og:site_name":"Cand\u00e1s 365","og:type":"article","og:title":"Merkel: \u00abNo hay excusa para el odio, violencia y consignas nazis\u00bb | Cand\u00e1s 365","og:description":"Berl\u00edn, 12 sep (dpa) - En un momento de grandes tensiones internas tras las recientes manifestaciones de extremistas de ultraderecha en el este de Alemania, la canciller Angela Merkel insisti\u00f3 hoy en su condena a estas revueltas para las que &quot;no hay excusa&quot; y record\u00f3 que &quot;la dignidad humana es inviolable&quot;. &quot;Puedo entender a cualquiera","og:url":"https:\/\/candas365.es\/noticias\/merkel-no-hay-excusa-para-el-odio-violencia-y-consignas-nazis\/","og:image":"https:\/\/candas365.es\/noticias\/wp-content\/uploads\/2017\/11\/bundestag-2463231_960_720.jpg","og:image:secure_url":"https:\/\/candas365.es\/noticias\/wp-content\/uploads\/2017\/11\/bundestag-2463231_960_720.jpg","og:image:width":960,"og:image:height":640,"article:published_time":"2018-09-12T17:34:52+00:00","article:modified_time":"2018-09-12T17:34:52+00:00","article:publisher":"https:\/\/www.facebook.com\/Nachofdezber","article:author":"https:\/\/www.facebook.com\/carrenoactualidad","twitter:card":"summary_large_image","twitter:site":"@NabercoDigital","twitter:title":"Merkel: \u00abNo hay excusa para el odio, violencia y consignas nazis\u00bb | Cand\u00e1s 365","twitter:description":"Berl\u00edn, 12 sep (dpa) - En un momento de grandes tensiones internas tras las recientes manifestaciones de extremistas de ultraderecha en el este de Alemania, la canciller Angela Merkel insisti\u00f3 hoy en su condena a estas revueltas para las que &quot;no hay excusa&quot; y record\u00f3 que &quot;la dignidad humana es inviolable&quot;. &quot;Puedo entender a cualquiera","twitter:creator":"@nbasturias","twitter:image":"https:\/\/candas365.es\/noticias\/wp-content\/uploads\/2017\/11\/bundestag-2463231_960_720.jpg","twitter:label1":"Escrito por","twitter:data1":"Cand\u00e1s 365","twitter:label2":"Tiempo de lectura estimado","twitter:data2":"4 minutos"},"aioseo_meta_data":{"post_id":"105152","title":null,"description":null,"keywords":null,"keyphrases":null,"primary_term":null,"canonical_url":null,"og_title":null,"og_description":null,"og_object_type":"default","og_image_type":"default","og_image_url":null,"og_image_width":null,"og_image_height":null,"og_image_custom_url":null,"og_image_custom_fields":null,"og_video":null,"og_custom_url":null,"og_article_section":null,"og_article_tags":null,"twitter_use_og":false,"twitter_card":"default","twitter_image_type":"default","twitter_image_url":null,"twitter_image_custom_url":null,"twitter_image_custom_fields":null,"twitter_title":null,"twitter_description":null,"schema":{"blockGraphs":[],"customGraphs":[],"default":{"data":{"Article":[],"Course":[],"Dataset":[],"FAQPage":[],"Movie":[],"Person":[],"Product":[],"ProductReview":[],"Car":[],"Recipe":[],"Service":[],"SoftwareApplication":[],"WebPage":[]},"graphName":"","isEnabled":true},"graphs":[],"defaultGraph":"","defaultPostTypeGraph":""},"schema_type":null,"schema_type_options":null,"pillar_content":false,"robots_default":true,"robots_noindex":false,"robots_noarchive":false,"robots_nosnippet":false,"robots_nofollow":false,"robots_noimageindex":false,"robots_noodp":false,"robots_notranslate":false,"robots_max_snippet":null,"robots_max_videopreview":null,"robots_max_imagepreview":"large","priority":null,"frequency":null,"location":null,"local_seo":null,"seo_analyzer_scan_date":"2025-08-27 21:30:29","breadcrumb_settings":null,"limit_modified_date":false,"reviewed_by":null,"open_ai":null,"ai":null,"created":"2020-12-21 11:45:23","updated":"2025-08-27 21:30:29"},"aioseo_breadcrumb":"<div class=\"aioseo-breadcrumbs\"><span class=\"aioseo-breadcrumb\">\n\t<a href=\"https:\/\/candas365.es\/noticias\" title=\"Home\">Home<\/a>\n<\/span><span class=\"aioseo-breadcrumb-separator\">&ndash;<\/span><span class=\"aioseo-breadcrumb\">\n\t<a href=\"https:\/\/candas365.es\/noticias\/category\/actualidad\/\" title=\"Actualidad\">Actualidad<\/a>\n<\/span><span class=\"aioseo-breadcrumb-separator\">&ndash;<\/span><span class=\"aioseo-breadcrumb\">\n\tMerkel: \u00abNo hay excusa para el odio, violencia y consignas nazis\u00bb\n<\/span><\/div>","aioseo_breadcrumb_json":[{"label":"Home","link":"https:\/\/candas365.es\/noticias"},{"label":"Actualidad","link":"https:\/\/candas365.es\/noticias\/category\/actualidad\/"},{"label":"Merkel: \u00abNo hay excusa para el odio, violencia y consignas nazis\u00bb","link":"https:\/\/candas365.es\/noticias\/merkel-no-hay-excusa-para-el-odio-violencia-y-consignas-nazis\/"}],"_links":{"self":[{"href":"https:\/\/candas365.es\/noticias\/wp-json\/wp\/v2\/posts\/105152","targetHints":{"allow":["GET"]}}],"collection":[{"href":"https:\/\/candas365.es\/noticias\/wp-json\/wp\/v2\/posts"}],"about":[{"href":"https:\/\/candas365.es\/noticias\/wp-json\/wp\/v2\/types\/post"}],"author":[{"embeddable":true,"href":"https:\/\/candas365.es\/noticias\/wp-json\/wp\/v2\/users\/1"}],"replies":[{"embeddable":true,"href":"https:\/\/candas365.es\/noticias\/wp-json\/wp\/v2\/comments?post=105152"}],"version-history":[{"count":0,"href":"https:\/\/candas365.es\/noticias\/wp-json\/wp\/v2\/posts\/105152\/revisions"}],"wp:featuredmedia":[{"embeddable":true,"href":"https:\/\/candas365.es\/noticias\/wp-json\/wp\/v2\/media\/85069"}],"wp:attachment":[{"href":"https:\/\/candas365.es\/noticias\/wp-json\/wp\/v2\/media?parent=105152"}],"wp:term":[{"taxonomy":"category","embeddable":true,"href":"https:\/\/candas365.es\/noticias\/wp-json\/wp\/v2\/categories?post=105152"},{"taxonomy":"post_tag","embeddable":true,"href":"https:\/\/candas365.es\/noticias\/wp-json\/wp\/v2\/tags?post=105152"}],"curies":[{"name":"wp","href":"https:\/\/api.w.org\/{rel}","templated":true}]}}