{"id":105141,"date":"2018-09-12T17:19:49","date_gmt":"2018-09-12T17:19:49","guid":{"rendered":"http:\/\/candas365.es\/noticias\/?p=105141"},"modified":"2018-09-12T17:19:49","modified_gmt":"2018-09-12T17:19:49","slug":"las-mantas-candasinas-a-estudio","status":"publish","type":"post","link":"https:\/\/candas365.es\/noticias\/las-mantas-candasinas-a-estudio\/","title":{"rendered":"Las \u201cmantas Candasinas\u201d a estudio"},"content":{"rendered":"<figure id=\"attachment_105142\" aria-describedby=\"caption-attachment-105142\" style=\"width: 324px\" class=\"wp-caption alignleft\"><img fetchpriority=\"high\" decoding=\"async\" class=\"size-medium wp-image-105142\" src=\"https:\/\/candas365.es\/noticias\/wp-content\/uploads\/2018\/09\/manras-candasinas-324x300.jpg\" alt=\"\" width=\"324\" height=\"300\" srcset=\"https:\/\/candas365.es\/noticias\/wp-content\/uploads\/2018\/09\/manras-candasinas-324x300.jpg 324w, https:\/\/candas365.es\/noticias\/wp-content\/uploads\/2018\/09\/manras-candasinas-768x711.jpg 768w, https:\/\/candas365.es\/noticias\/wp-content\/uploads\/2018\/09\/manras-candasinas-518x480.jpg 518w, https:\/\/candas365.es\/noticias\/wp-content\/uploads\/2018\/09\/manras-candasinas-696x645.jpg 696w, https:\/\/candas365.es\/noticias\/wp-content\/uploads\/2018\/09\/manras-candasinas-453x420.jpg 453w, https:\/\/candas365.es\/noticias\/wp-content\/uploads\/2018\/09\/manras-candasinas.jpg 841w\" sizes=\"(max-width: 324px) 100vw, 324px\" \/><figcaption id=\"caption-attachment-105142\" class=\"wp-caption-text\">Sara Garc\u00eda aport\u00f3 al estudio dos mantas muy antiguas propiedad de su abuela Dolores del Busto.<\/figcaption><\/figure>\n<p>La antrop\u00f3loga e historiadora, Fe Santove\u00f1a, estar\u00e1, dos d\u00edas, en el Edificio Polivalente \u201cLa Baraga\u00f1a\u201d de Cand\u00e1s para estudiar y analizar las mantas m\u00e1s antiguas que voluntariamente aporten el vecindario de Carre\u00f1o.<\/p>\n<p>Faltan pocas horas para que den comienzo las fiestas con mayor arraigo y m\u00e1s tradicionales del Concejo, la festividad del Sant\u00edsimo Cristo de Cand\u00e1s. Unas jornadas cargadas de simbolismo por los cuatro costados en los que tradici\u00f3n y salitre se juntan formando la simbiosis perfecta. Un sincero homenaje a todas aquellas personas, hombres y mujeres, que vivieron y murieron de la mar y que hoy ya no se encuentran entre nosotros y nosotras.<\/p>\n<p>No hay festividad en el territorio nacional que cuente con una vestimenta tradicional. Y en este caso Cand\u00e1s, Carre\u00f1o, como no pod\u00eda ser de otra manera, cuanta con esa vestimenta \u201c identitaria\u201d propia que hace que la ciudadan\u00eda se identifique y sienta m\u00e1s cercana a sus antepasados, a los que rinde homenaje, disfrutando de los actos previsto con una sensibilidad y un reconocimiento a sus ra\u00edces.<\/p>\n<p>En estos d\u00edas, en cada una de las casas de la villa, se desempolvan los trajes de mah\u00f3n para los caballeros junto con el pa\u00f1uelo de cuadros. Aquellos trajes con los que los antepasados iban a la mar a faenar. Mientras que en el caso de las se\u00f1oras se recrea la indumentaria que usaban para ir a las bodegas a trabajar y\/o a vender pescado, el traje popularmente denominado \u201cde Sardinera\u201d. Dentro de la vestimenta de Sardinera, que ha llegado a nuestros d\u00edas, hay un complemento y abrigo la \u201cManta Candasina\u201d o \u201cToquilla de Sardinera\u201d.<\/p>\n<p>Las \u201cMantas Candasinas\u201d, que este fin de semana podremos observar sobre los hombros de las candasinas de cualquier edad, se siguen confeccionando de forma artesanal y como el mismo tipo de hilo que a principios de siglo XX. Es por ello, que debido a su car\u00e1cter espec\u00edfico, al inter\u00e9s que suscita en la poblaci\u00f3n local, el Ayuntamiento de Carre\u00f1o, a trav\u00e9s de la Concejal\u00eda de Cultura ha procedido a la contrataci\u00f3n externa de una asesor\u00eda etnogr\u00e1fica e hist\u00f3rica, para la elaboraci\u00f3n de un estudio cient\u00edfico monogr\u00e1fico sobre el origen e inter\u00e9s hist\u00f3rico y cultural de esta prenda.<\/p>\n<p>\u201cAdem\u00e1s de la elaboraci\u00f3n del estudio sobre la \u201cManta Candasina\u201d, en el que se analizar\u00e1 su origen, sus diferentes usos, tejidos, puntos, \u2026 pretendemos tambi\u00e9n poder definir la f\u00f3rmula m\u00e1s adecuada para la protecci\u00f3n de esta muestra del Patrimonio cultural local. Para ello, desde el Consistorio hacemos una llamada a la ciudadan\u00eda pidiendo la colaboraci\u00f3n vecinal para que las piezas m\u00e1s antiguas puedan ser estudiadas por la antrop\u00f3loga e historiadora, Fe Santove\u00f1a, encargada del estudio y as\u00ed ultimar el proyecto\u201d coment\u00f3 Cecilia Tasc\u00f3n-Concejala de Cultura.<\/p>\n<p>\u201cA tal fin, Fe Santove\u00f1a estar\u00e1 los pr\u00f3ximos d\u00edas 21 y 22 de septiembre en el Centro Polivalente \u201c La Baraga\u00f1a\u201d para que las personas que lo deseen puedan participar en el estudio, aportando su granito de arena, mediante el an\u00e1lisis de las piezas m\u00e1s antiguas y la toma de fotograf\u00edas. Y para aquellas personas que poseen una manta, pero que no puedan acudir a la cita los d\u00edas y horarios se\u00f1alados, se atender\u00e1 la colaboraci\u00f3n desde la Concejal\u00eda de Cultura, contactando directamente con el Ayuntamiento\u201d se\u00f1al\u00f3 la Concejala.<\/p>\n<p>\u201cDebido a esta colaboraci\u00f3n desinteresada de la ciudadan\u00eda, las primeras \u201cMantas\u201d antiguas ya est\u00e1n siendo analizadas por Fe Santove\u00f1a. Una familia del Concejo, que cuenta con la posesi\u00f3n de varias piezas que pertenec\u00edan a la bisabuela abuela de la actual propietaria, se puso en contacto con esta Concejal\u00eda y el pasado fin de semana la antrop\u00f3loga visit\u00f3 a la familia, tomando fotograf\u00edas de las piezas, adem\u00e1s de recabar informaci\u00f3n de a quienes pertenec\u00edan, quien o por quienes fueron tejidas o cuando se usaban, es decir, recabar toda aquella informaci\u00f3n que puede ser de inter\u00e9s para el estudio\u201d prosigui\u00f3 Tasc\u00f3n.<\/p>\n<p>\u201cSomos conscientes, desde el Consistorio, del inter\u00e9s que despierta la confecci\u00f3n y uso de la \u201cmanta candasina\u201d, y de todo lo que rodea a la vestimenta tradicional. Como lo demuestra que el curso de Extensi\u00f3n Cultural, Confecci\u00f3n de \u201cManta Candasina\u201d , que la Concejal\u00eda que presido organiza, a\u00f1o tras a\u00f1o sea el m\u00e1s numeroso en cuanto a matr\u00edculas y asistencia con cerca de 50 personas matriculadas. Este, junto con el de Cancionero popular y Danza Prima son los dos con el mayor n\u00famero de personas matriculadas\u201d finaliz\u00f3 la Concejala.<\/p>\n<p>Los d\u00edas que la antrop\u00f3loga e historiadora, Fe Santove\u00f1a, estar\u00e1 en el Edificio Polivalente \u201cLa Baraga\u00f1a\u201d ser\u00e1n:<\/p>\n<p>\u2022 S\u00e1bado, 22 de septiembre de 16:30 a 20:30 horas.<\/p>\n<p>\u2022 Domingo, 23 de septiembre 10:30 a 13:00 horas.<\/p>\n","protected":false},"excerpt":{"rendered":"<p>La antrop\u00f3loga e historiadora, Fe Santove\u00f1a, estar\u00e1, dos d\u00edas, en el Edificio Polivalente \u201cLa Baraga\u00f1a\u201d de Cand\u00e1s para estudiar y analizar las mantas m\u00e1s antiguas que voluntariamente aporten el vecindario de Carre\u00f1o. Faltan pocas horas para que den comienzo las fiestas con mayor arraigo y m\u00e1s tradicionales del Concejo, la festividad del Sant\u00edsimo Cristo de<\/p>\n","protected":false},"author":1,"featured_media":105142,"comment_status":"closed","ping_status":"closed","sticky":false,"template":"","format":"standard","meta":{"footnotes":""},"categories":[2],"tags":[],"class_list":{"0":"post-105141","1":"post","2":"type-post","3":"status-publish","4":"format-standard","5":"has-post-thumbnail","7":"category-noticias-carreno"},"aioseo_notices":[],"aioseo_head":"\n\t\t<!-- All in One SEO Pro 4.9.6.2 - aioseo.com -->\n\t<meta name=\"description\" content=\"La antrop\u00f3loga e historiadora, Fe Santove\u00f1a, estar\u00e1, dos d\u00edas, en el Edificio Polivalente \u201cLa Baraga\u00f1a\u201d de Cand\u00e1s para estudiar y analizar las mantas m\u00e1s antiguas que voluntariamente aporten el vecindario de Carre\u00f1o. Faltan pocas horas para que den comienzo las fiestas con mayor arraigo y m\u00e1s tradicionales del Concejo, la festividad del Sant\u00edsimo Cristo de\" \/>\n\t<meta name=\"robots\" content=\"max-image-preview:large\" \/>\n\t<meta name=\"author\" content=\"Cand\u00e1s 365\"\/>\n\t<meta name=\"google-site-verification\" content=\"UA-32230408-1\" \/>\n\t<meta name=\"msvalidate.01\" content=\"354F3CDFB2DA171B47FBE9ABF1F88D5\" \/>\n\t<meta name=\"keywords\" content=\"noticias carre\u00f1o\" \/>\n\t<link rel=\"canonical\" href=\"https:\/\/candas365.es\/noticias\/las-mantas-candasinas-a-estudio\/\" \/>\n\t<meta name=\"generator\" content=\"All in One SEO Pro (AIOSEO) 4.9.6.2\" \/>\n\t\t<meta property=\"og:locale\" content=\"es_ES\" \/>\n\t\t<meta property=\"og:site_name\" content=\"Cand\u00e1s 365\" \/>\n\t\t<meta property=\"og:type\" content=\"article\" \/>\n\t\t<meta property=\"og:title\" content=\"Las \u201cmantas Candasinas\u201d a estudio | Cand\u00e1s 365\" \/>\n\t\t<meta property=\"og:description\" content=\"La antrop\u00f3loga e historiadora, Fe Santove\u00f1a, estar\u00e1, dos d\u00edas, en el Edificio Polivalente \u201cLa Baraga\u00f1a\u201d de Cand\u00e1s para estudiar y analizar las mantas m\u00e1s antiguas que voluntariamente aporten el vecindario de Carre\u00f1o. Faltan pocas horas para que den comienzo las fiestas con mayor arraigo y m\u00e1s tradicionales del Concejo, la festividad del Sant\u00edsimo Cristo de\" \/>\n\t\t<meta property=\"og:url\" content=\"https:\/\/candas365.es\/noticias\/las-mantas-candasinas-a-estudio\/\" \/>\n\t\t<meta property=\"og:image\" content=\"https:\/\/candas365.es\/noticias\/wp-content\/uploads\/2018\/09\/manras-candasinas.jpg\" \/>\n\t\t<meta property=\"og:image:secure_url\" content=\"https:\/\/candas365.es\/noticias\/wp-content\/uploads\/2018\/09\/manras-candasinas.jpg\" \/>\n\t\t<meta property=\"og:image:width\" content=\"841\" \/>\n\t\t<meta property=\"og:image:height\" content=\"779\" \/>\n\t\t<meta property=\"article:published_time\" content=\"2018-09-12T17:19:49+00:00\" \/>\n\t\t<meta property=\"article:modified_time\" content=\"2018-09-12T17:19:49+00:00\" \/>\n\t\t<meta property=\"article:publisher\" content=\"https:\/\/www.facebook.com\/Nachofdezber\" \/>\n\t\t<meta property=\"article:author\" content=\"https:\/\/www.facebook.com\/carrenoactualidad\" \/>\n\t\t<meta name=\"twitter:card\" content=\"summary_large_image\" \/>\n\t\t<meta name=\"twitter:site\" content=\"@NabercoDigital\" \/>\n\t\t<meta name=\"twitter:title\" content=\"Las \u201cmantas Candasinas\u201d a estudio | Cand\u00e1s 365\" \/>\n\t\t<meta name=\"twitter:description\" content=\"La antrop\u00f3loga e historiadora, Fe Santove\u00f1a, estar\u00e1, dos d\u00edas, en el Edificio Polivalente \u201cLa Baraga\u00f1a\u201d de Cand\u00e1s para estudiar y analizar las mantas m\u00e1s antiguas que voluntariamente aporten el vecindario de Carre\u00f1o. Faltan pocas horas para que den comienzo las fiestas con mayor arraigo y m\u00e1s tradicionales del Concejo, la festividad del Sant\u00edsimo Cristo de\" \/>\n\t\t<meta name=\"twitter:creator\" content=\"@nbasturias\" \/>\n\t\t<meta name=\"twitter:image\" content=\"https:\/\/candas365.es\/noticias\/wp-content\/uploads\/2018\/09\/manras-candasinas.jpg\" \/>\n\t\t<meta name=\"twitter:label1\" content=\"Escrito por\" \/>\n\t\t<meta name=\"twitter:data1\" content=\"Cand\u00e1s 365\" \/>\n\t\t<meta name=\"twitter:label2\" content=\"Tiempo de lectura estimado\" \/>\n\t\t<meta name=\"twitter:data2\" content=\"4 minutos\" \/>\n\t\t<script type=\"application\/ld+json\" class=\"aioseo-schema\">\n\t\t\t{\"@context\":\"https:\\\/\\\/schema.org\",\"@graph\":[{\"@type\":\"BreadcrumbList\",\"@id\":\"https:\\\/\\\/candas365.es\\\/noticias\\\/las-mantas-candasinas-a-estudio\\\/#breadcrumblist\",\"itemListElement\":[{\"@type\":\"ListItem\",\"@id\":\"https:\\\/\\\/candas365.es\\\/noticias#listItem\",\"position\":1,\"name\":\"Home\",\"item\":\"https:\\\/\\\/candas365.es\\\/noticias\",\"nextItem\":{\"@type\":\"ListItem\",\"@id\":\"https:\\\/\\\/candas365.es\\\/noticias\\\/category\\\/noticias-carreno\\\/#listItem\",\"name\":\"Noticias Carre\\u00f1o\"}},{\"@type\":\"ListItem\",\"@id\":\"https:\\\/\\\/candas365.es\\\/noticias\\\/category\\\/noticias-carreno\\\/#listItem\",\"position\":2,\"name\":\"Noticias Carre\\u00f1o\",\"item\":\"https:\\\/\\\/candas365.es\\\/noticias\\\/category\\\/noticias-carreno\\\/\",\"nextItem\":{\"@type\":\"ListItem\",\"@id\":\"https:\\\/\\\/candas365.es\\\/noticias\\\/las-mantas-candasinas-a-estudio\\\/#listItem\",\"name\":\"Las \\u201cmantas Candasinas\\u201d a estudio\"},\"previousItem\":{\"@type\":\"ListItem\",\"@id\":\"https:\\\/\\\/candas365.es\\\/noticias#listItem\",\"name\":\"Home\"}},{\"@type\":\"ListItem\",\"@id\":\"https:\\\/\\\/candas365.es\\\/noticias\\\/las-mantas-candasinas-a-estudio\\\/#listItem\",\"position\":3,\"name\":\"Las \\u201cmantas Candasinas\\u201d a estudio\",\"previousItem\":{\"@type\":\"ListItem\",\"@id\":\"https:\\\/\\\/candas365.es\\\/noticias\\\/category\\\/noticias-carreno\\\/#listItem\",\"name\":\"Noticias Carre\\u00f1o\"}}]},{\"@type\":\"NewsArticle\",\"@id\":\"https:\\\/\\\/candas365.es\\\/noticias\\\/las-mantas-candasinas-a-estudio\\\/#newsarticle\",\"name\":\"Las \\u201cmantas Candasinas\\u201d a estudio | Cand\\u00e1s 365\",\"headline\":\"Las \\u201cmantas Candasinas\\u201d a estudio\",\"author\":{\"@id\":\"https:\\\/\\\/candas365.es\\\/noticias\\\/author\\\/admin\\\/#author\"},\"publisher\":{\"@id\":\"https:\\\/\\\/candas365.es\\\/noticias\\\/#organization\"},\"image\":{\"@type\":\"ImageObject\",\"url\":\"https:\\\/\\\/candas365.es\\\/noticias\\\/wp-content\\\/uploads\\\/2018\\\/09\\\/manras-candasinas.jpg\",\"width\":841,\"height\":779,\"caption\":\"Sara Garc\\u00eda aport\\u00f3 al estudio dos mantas muy antiguas propiedad de su abuela Dolores del Busto.\"},\"datePublished\":\"2018-09-12T17:19:49+02:00\",\"dateModified\":\"2018-09-12T17:19:49+02:00\",\"inLanguage\":\"es-ES\",\"mainEntityOfPage\":{\"@id\":\"https:\\\/\\\/candas365.es\\\/noticias\\\/las-mantas-candasinas-a-estudio\\\/#webpage\"},\"isPartOf\":{\"@id\":\"https:\\\/\\\/candas365.es\\\/noticias\\\/las-mantas-candasinas-a-estudio\\\/#webpage\"},\"articleSection\":\"Noticias Carre\\u00f1o\",\"dateline\":\"Publicado el septiembre 12, 2018.\"},{\"@type\":\"Organization\",\"@id\":\"https:\\\/\\\/candas365.es\\\/noticias\\\/#organization\",\"name\":\"Cand\\u00e1s 365\",\"description\":\"Cand\\u00e1s 365 es un diario digital independiente, fundado en 2012, con base en Asturias. Informamos con rigor sobre actualidad, sociedad, cultura y ocio, con una mirada local y global.\",\"url\":\"https:\\\/\\\/candas365.es\\\/noticias\\\/\",\"email\":\"info@candas365.es\",\"telephone\":\"+34652131393\",\"foundingDate\":\"2012-06-10\",\"logo\":{\"@type\":\"ImageObject\",\"url\":\"https:\\\/\\\/candas365.es\\\/noticias\\\/wp-content\\\/uploads\\\/2024\\\/09\\\/Candas-365-Redes.jpg\",\"@id\":\"https:\\\/\\\/candas365.es\\\/noticias\\\/las-mantas-candasinas-a-estudio\\\/#organizationLogo\",\"width\":1152,\"height\":864,\"caption\":\"Cand\\u00e1s 365 Redes\"},\"image\":{\"@id\":\"https:\\\/\\\/candas365.es\\\/noticias\\\/las-mantas-candasinas-a-estudio\\\/#organizationLogo\"},\"sameAs\":[\"https:\\\/\\\/www.facebook.com\\\/Nachofdezber\",\"https:\\\/\\\/x.com\\\/NabercoDigital\",\"https:\\\/\\\/www.instagram.com\\\/nachofdezber\\\/\",\"https:\\\/\\\/www.youtube.com\\\/channel\\\/UCZP-2wLEB9Rv6erhFmqVnvg\"],\"address\":{\"@id\":\"https:\\\/\\\/candas365.es\\\/noticias\\\/#postaladdress\",\"@type\":\"PostalAddress\",\"streetAddress\":\"san antonio 4, san antonio 4\",\"postalCode\":\"33430\",\"addressLocality\":\"Cand\\u00e1s\",\"addressRegion\":\"Asturias\",\"addressCountry\":\"ES\"}},{\"@type\":\"Person\",\"@id\":\"https:\\\/\\\/candas365.es\\\/noticias\\\/author\\\/admin\\\/#author\",\"url\":\"https:\\\/\\\/candas365.es\\\/noticias\\\/author\\\/admin\\\/\",\"name\":\"Cand\\u00e1s 365\",\"image\":{\"@type\":\"ImageObject\",\"@id\":\"https:\\\/\\\/candas365.es\\\/noticias\\\/las-mantas-candasinas-a-estudio\\\/#authorImage\",\"url\":\"https:\\\/\\\/secure.gravatar.com\\\/avatar\\\/496a8e03d0c493ede1718b7934145dbdf8d89be1036b0eec9544e1094c9de390?s=96&d=mm&r=g\",\"width\":96,\"height\":96,\"caption\":\"Cand\\u00e1s 365\"},\"sameAs\":[\"https:\\\/\\\/www.facebook.com\\\/carrenoactualidad\",\"https:\\\/\\\/twitter.com\\\/nbasturias\",\"https:\\\/\\\/www.instagram.com\\\/nachofdezber\\\/\",\"https:\\\/\\\/www.youtube.com\\\/channel\\\/UCZP-2wLEB9Rv6erhFmqVnvg\"]},{\"@type\":\"WebPage\",\"@id\":\"https:\\\/\\\/candas365.es\\\/noticias\\\/las-mantas-candasinas-a-estudio\\\/#webpage\",\"url\":\"https:\\\/\\\/candas365.es\\\/noticias\\\/las-mantas-candasinas-a-estudio\\\/\",\"name\":\"Las \\u201cmantas Candasinas\\u201d a estudio | Cand\\u00e1s 365\",\"description\":\"La antrop\\u00f3loga e historiadora, Fe Santove\\u00f1a, estar\\u00e1, dos d\\u00edas, en el Edificio Polivalente \\u201cLa Baraga\\u00f1a\\u201d de Cand\\u00e1s para estudiar y analizar las mantas m\\u00e1s antiguas que voluntariamente aporten el vecindario de Carre\\u00f1o. Faltan pocas horas para que den comienzo las fiestas con mayor arraigo y m\\u00e1s tradicionales del Concejo, la festividad del Sant\\u00edsimo Cristo de\",\"inLanguage\":\"es-ES\",\"isPartOf\":{\"@id\":\"https:\\\/\\\/candas365.es\\\/noticias\\\/#website\"},\"breadcrumb\":{\"@id\":\"https:\\\/\\\/candas365.es\\\/noticias\\\/las-mantas-candasinas-a-estudio\\\/#breadcrumblist\"},\"author\":{\"@id\":\"https:\\\/\\\/candas365.es\\\/noticias\\\/author\\\/admin\\\/#author\"},\"creator\":{\"@id\":\"https:\\\/\\\/candas365.es\\\/noticias\\\/author\\\/admin\\\/#author\"},\"image\":{\"@type\":\"ImageObject\",\"url\":\"https:\\\/\\\/candas365.es\\\/noticias\\\/wp-content\\\/uploads\\\/2018\\\/09\\\/manras-candasinas.jpg\",\"@id\":\"https:\\\/\\\/candas365.es\\\/noticias\\\/las-mantas-candasinas-a-estudio\\\/#mainImage\",\"width\":841,\"height\":779,\"caption\":\"Sara Garc\\u00eda aport\\u00f3 al estudio dos mantas muy antiguas propiedad de su abuela Dolores del Busto.\"},\"primaryImageOfPage\":{\"@id\":\"https:\\\/\\\/candas365.es\\\/noticias\\\/las-mantas-candasinas-a-estudio\\\/#mainImage\"},\"datePublished\":\"2018-09-12T17:19:49+02:00\",\"dateModified\":\"2018-09-12T17:19:49+02:00\"},{\"@type\":\"WebSite\",\"@id\":\"https:\\\/\\\/candas365.es\\\/noticias\\\/#website\",\"url\":\"https:\\\/\\\/candas365.es\\\/noticias\\\/\",\"name\":\"Cand\\u00e1s 365\",\"alternateName\":\"Cand\\u00e1s 365 Noticias\",\"description\":\"Actualidad desde Carre\\u00f1o para el mundo\",\"inLanguage\":\"es-ES\",\"publisher\":{\"@id\":\"https:\\\/\\\/candas365.es\\\/noticias\\\/#organization\"}}]}\n\t\t<\/script>\n\t\t<!-- All in One SEO Pro -->\r\n\t\t<title>Las \u201cmantas Candasinas\u201d a estudio | Cand\u00e1s 365<\/title>\n\n","aioseo_head_json":{"title":"Las \u201cmantas Candasinas\u201d a estudio | Cand\u00e1s 365","description":"La antrop\u00f3loga e historiadora, Fe Santove\u00f1a, estar\u00e1, dos d\u00edas, en el Edificio Polivalente \u201cLa Baraga\u00f1a\u201d de Cand\u00e1s para estudiar y analizar las mantas m\u00e1s antiguas que voluntariamente aporten el vecindario de Carre\u00f1o. Faltan pocas horas para que den comienzo las fiestas con mayor arraigo y m\u00e1s tradicionales del Concejo, la festividad del Sant\u00edsimo Cristo de","canonical_url":"https:\/\/candas365.es\/noticias\/las-mantas-candasinas-a-estudio\/","robots":"max-image-preview:large","keywords":"noticias carre\u00f1o","webmasterTools":{"google-site-verification":"UA-32230408-1","msvalidate.01":"354F3CDFB2DA171B47FBE9ABF1F88D5","miscellaneous":""},"schema":{"@context":"https:\/\/schema.org","@graph":[{"@type":"BreadcrumbList","@id":"https:\/\/candas365.es\/noticias\/las-mantas-candasinas-a-estudio\/#breadcrumblist","itemListElement":[{"@type":"ListItem","@id":"https:\/\/candas365.es\/noticias#listItem","position":1,"name":"Home","item":"https:\/\/candas365.es\/noticias","nextItem":{"@type":"ListItem","@id":"https:\/\/candas365.es\/noticias\/category\/noticias-carreno\/#listItem","name":"Noticias Carre\u00f1o"}},{"@type":"ListItem","@id":"https:\/\/candas365.es\/noticias\/category\/noticias-carreno\/#listItem","position":2,"name":"Noticias Carre\u00f1o","item":"https:\/\/candas365.es\/noticias\/category\/noticias-carreno\/","nextItem":{"@type":"ListItem","@id":"https:\/\/candas365.es\/noticias\/las-mantas-candasinas-a-estudio\/#listItem","name":"Las \u201cmantas Candasinas\u201d a estudio"},"previousItem":{"@type":"ListItem","@id":"https:\/\/candas365.es\/noticias#listItem","name":"Home"}},{"@type":"ListItem","@id":"https:\/\/candas365.es\/noticias\/las-mantas-candasinas-a-estudio\/#listItem","position":3,"name":"Las \u201cmantas Candasinas\u201d a estudio","previousItem":{"@type":"ListItem","@id":"https:\/\/candas365.es\/noticias\/category\/noticias-carreno\/#listItem","name":"Noticias Carre\u00f1o"}}]},{"@type":"NewsArticle","@id":"https:\/\/candas365.es\/noticias\/las-mantas-candasinas-a-estudio\/#newsarticle","name":"Las \u201cmantas Candasinas\u201d a estudio | Cand\u00e1s 365","headline":"Las \u201cmantas Candasinas\u201d a estudio","author":{"@id":"https:\/\/candas365.es\/noticias\/author\/admin\/#author"},"publisher":{"@id":"https:\/\/candas365.es\/noticias\/#organization"},"image":{"@type":"ImageObject","url":"https:\/\/candas365.es\/noticias\/wp-content\/uploads\/2018\/09\/manras-candasinas.jpg","width":841,"height":779,"caption":"Sara Garc\u00eda aport\u00f3 al estudio dos mantas muy antiguas propiedad de su abuela Dolores del Busto."},"datePublished":"2018-09-12T17:19:49+02:00","dateModified":"2018-09-12T17:19:49+02:00","inLanguage":"es-ES","mainEntityOfPage":{"@id":"https:\/\/candas365.es\/noticias\/las-mantas-candasinas-a-estudio\/#webpage"},"isPartOf":{"@id":"https:\/\/candas365.es\/noticias\/las-mantas-candasinas-a-estudio\/#webpage"},"articleSection":"Noticias Carre\u00f1o","dateline":"Publicado el septiembre 12, 2018."},{"@type":"Organization","@id":"https:\/\/candas365.es\/noticias\/#organization","name":"Cand\u00e1s 365","description":"Cand\u00e1s 365 es un diario digital independiente, fundado en 2012, con base en Asturias. Informamos con rigor sobre actualidad, sociedad, cultura y ocio, con una mirada local y global.","url":"https:\/\/candas365.es\/noticias\/","email":"info@candas365.es","telephone":"+34652131393","foundingDate":"2012-06-10","logo":{"@type":"ImageObject","url":"https:\/\/candas365.es\/noticias\/wp-content\/uploads\/2024\/09\/Candas-365-Redes.jpg","@id":"https:\/\/candas365.es\/noticias\/las-mantas-candasinas-a-estudio\/#organizationLogo","width":1152,"height":864,"caption":"Cand\u00e1s 365 Redes"},"image":{"@id":"https:\/\/candas365.es\/noticias\/las-mantas-candasinas-a-estudio\/#organizationLogo"},"sameAs":["https:\/\/www.facebook.com\/Nachofdezber","https:\/\/x.com\/NabercoDigital","https:\/\/www.instagram.com\/nachofdezber\/","https:\/\/www.youtube.com\/channel\/UCZP-2wLEB9Rv6erhFmqVnvg"],"address":{"@id":"https:\/\/candas365.es\/noticias\/#postaladdress","@type":"PostalAddress","streetAddress":"san antonio 4, san antonio 4","postalCode":"33430","addressLocality":"Cand\u00e1s","addressRegion":"Asturias","addressCountry":"ES"}},{"@type":"Person","@id":"https:\/\/candas365.es\/noticias\/author\/admin\/#author","url":"https:\/\/candas365.es\/noticias\/author\/admin\/","name":"Cand\u00e1s 365","image":{"@type":"ImageObject","@id":"https:\/\/candas365.es\/noticias\/las-mantas-candasinas-a-estudio\/#authorImage","url":"https:\/\/secure.gravatar.com\/avatar\/496a8e03d0c493ede1718b7934145dbdf8d89be1036b0eec9544e1094c9de390?s=96&d=mm&r=g","width":96,"height":96,"caption":"Cand\u00e1s 365"},"sameAs":["https:\/\/www.facebook.com\/carrenoactualidad","https:\/\/twitter.com\/nbasturias","https:\/\/www.instagram.com\/nachofdezber\/","https:\/\/www.youtube.com\/channel\/UCZP-2wLEB9Rv6erhFmqVnvg"]},{"@type":"WebPage","@id":"https:\/\/candas365.es\/noticias\/las-mantas-candasinas-a-estudio\/#webpage","url":"https:\/\/candas365.es\/noticias\/las-mantas-candasinas-a-estudio\/","name":"Las \u201cmantas Candasinas\u201d a estudio | Cand\u00e1s 365","description":"La antrop\u00f3loga e historiadora, Fe Santove\u00f1a, estar\u00e1, dos d\u00edas, en el Edificio Polivalente \u201cLa Baraga\u00f1a\u201d de Cand\u00e1s para estudiar y analizar las mantas m\u00e1s antiguas que voluntariamente aporten el vecindario de Carre\u00f1o. Faltan pocas horas para que den comienzo las fiestas con mayor arraigo y m\u00e1s tradicionales del Concejo, la festividad del Sant\u00edsimo Cristo de","inLanguage":"es-ES","isPartOf":{"@id":"https:\/\/candas365.es\/noticias\/#website"},"breadcrumb":{"@id":"https:\/\/candas365.es\/noticias\/las-mantas-candasinas-a-estudio\/#breadcrumblist"},"author":{"@id":"https:\/\/candas365.es\/noticias\/author\/admin\/#author"},"creator":{"@id":"https:\/\/candas365.es\/noticias\/author\/admin\/#author"},"image":{"@type":"ImageObject","url":"https:\/\/candas365.es\/noticias\/wp-content\/uploads\/2018\/09\/manras-candasinas.jpg","@id":"https:\/\/candas365.es\/noticias\/las-mantas-candasinas-a-estudio\/#mainImage","width":841,"height":779,"caption":"Sara Garc\u00eda aport\u00f3 al estudio dos mantas muy antiguas propiedad de su abuela Dolores del Busto."},"primaryImageOfPage":{"@id":"https:\/\/candas365.es\/noticias\/las-mantas-candasinas-a-estudio\/#mainImage"},"datePublished":"2018-09-12T17:19:49+02:00","dateModified":"2018-09-12T17:19:49+02:00"},{"@type":"WebSite","@id":"https:\/\/candas365.es\/noticias\/#website","url":"https:\/\/candas365.es\/noticias\/","name":"Cand\u00e1s 365","alternateName":"Cand\u00e1s 365 Noticias","description":"Actualidad desde Carre\u00f1o para el mundo","inLanguage":"es-ES","publisher":{"@id":"https:\/\/candas365.es\/noticias\/#organization"}}]},"og:locale":"es_ES","og:site_name":"Cand\u00e1s 365","og:type":"article","og:title":"Las \u201cmantas Candasinas\u201d a estudio | Cand\u00e1s 365","og:description":"La antrop\u00f3loga e historiadora, Fe Santove\u00f1a, estar\u00e1, dos d\u00edas, en el Edificio Polivalente \u201cLa Baraga\u00f1a\u201d de Cand\u00e1s para estudiar y analizar las mantas m\u00e1s antiguas que voluntariamente aporten el vecindario de Carre\u00f1o. Faltan pocas horas para que den comienzo las fiestas con mayor arraigo y m\u00e1s tradicionales del Concejo, la festividad del Sant\u00edsimo Cristo de","og:url":"https:\/\/candas365.es\/noticias\/las-mantas-candasinas-a-estudio\/","og:image":"https:\/\/candas365.es\/noticias\/wp-content\/uploads\/2018\/09\/manras-candasinas.jpg","og:image:secure_url":"https:\/\/candas365.es\/noticias\/wp-content\/uploads\/2018\/09\/manras-candasinas.jpg","og:image:width":841,"og:image:height":779,"article:published_time":"2018-09-12T17:19:49+00:00","article:modified_time":"2018-09-12T17:19:49+00:00","article:publisher":"https:\/\/www.facebook.com\/Nachofdezber","article:author":"https:\/\/www.facebook.com\/carrenoactualidad","twitter:card":"summary_large_image","twitter:site":"@NabercoDigital","twitter:title":"Las \u201cmantas Candasinas\u201d a estudio | Cand\u00e1s 365","twitter:description":"La antrop\u00f3loga e historiadora, Fe Santove\u00f1a, estar\u00e1, dos d\u00edas, en el Edificio Polivalente \u201cLa Baraga\u00f1a\u201d de Cand\u00e1s para estudiar y analizar las mantas m\u00e1s antiguas que voluntariamente aporten el vecindario de Carre\u00f1o. Faltan pocas horas para que den comienzo las fiestas con mayor arraigo y m\u00e1s tradicionales del Concejo, la festividad del Sant\u00edsimo Cristo de","twitter:creator":"@nbasturias","twitter:image":"https:\/\/candas365.es\/noticias\/wp-content\/uploads\/2018\/09\/manras-candasinas.jpg","twitter:label1":"Escrito por","twitter:data1":"Cand\u00e1s 365","twitter:label2":"Tiempo de lectura estimado","twitter:data2":"4 minutos"},"aioseo_meta_data":{"post_id":"105141","title":null,"description":null,"keywords":null,"keyphrases":null,"primary_term":null,"canonical_url":null,"og_title":null,"og_description":null,"og_object_type":"default","og_image_type":"default","og_image_url":null,"og_image_width":null,"og_image_height":null,"og_image_custom_url":null,"og_image_custom_fields":null,"og_video":null,"og_custom_url":null,"og_article_section":null,"og_article_tags":null,"twitter_use_og":false,"twitter_card":"default","twitter_image_type":"default","twitter_image_url":null,"twitter_image_custom_url":null,"twitter_image_custom_fields":null,"twitter_title":null,"twitter_description":null,"schema":{"blockGraphs":[],"customGraphs":[],"default":{"data":{"Article":[],"Course":[],"Dataset":[],"FAQPage":[],"Movie":[],"Person":[],"Product":[],"ProductReview":[],"Car":[],"Recipe":[],"Service":[],"SoftwareApplication":[],"WebPage":[]},"graphName":"","isEnabled":true},"graphs":[],"defaultGraph":"","defaultPostTypeGraph":""},"schema_type":null,"schema_type_options":null,"pillar_content":false,"robots_default":true,"robots_noindex":false,"robots_noarchive":false,"robots_nosnippet":false,"robots_nofollow":false,"robots_noimageindex":false,"robots_noodp":false,"robots_notranslate":false,"robots_max_snippet":null,"robots_max_videopreview":null,"robots_max_imagepreview":"large","priority":null,"frequency":null,"location":null,"local_seo":null,"seo_analyzer_scan_date":"2025-08-27 21:29:16","breadcrumb_settings":null,"limit_modified_date":false,"reviewed_by":null,"open_ai":null,"ai":null,"created":"2020-12-21 11:45:23","updated":"2025-08-27 21:29:16"},"aioseo_breadcrumb":"<div class=\"aioseo-breadcrumbs\"><span class=\"aioseo-breadcrumb\">\n\t<a href=\"https:\/\/candas365.es\/noticias\" title=\"Home\">Home<\/a>\n<\/span><span class=\"aioseo-breadcrumb-separator\">&ndash;<\/span><span class=\"aioseo-breadcrumb\">\n\t<a href=\"https:\/\/candas365.es\/noticias\/category\/noticias-carreno\/\" title=\"Noticias Carre\u00f1o\">Noticias Carre\u00f1o<\/a>\n<\/span><span class=\"aioseo-breadcrumb-separator\">&ndash;<\/span><span class=\"aioseo-breadcrumb\">\n\tLas \u201cmantas Candasinas\u201d a estudio\n<\/span><\/div>","aioseo_breadcrumb_json":[{"label":"Home","link":"https:\/\/candas365.es\/noticias"},{"label":"Noticias Carre\u00f1o","link":"https:\/\/candas365.es\/noticias\/category\/noticias-carreno\/"},{"label":"Las \u201cmantas Candasinas\u201d a estudio","link":"https:\/\/candas365.es\/noticias\/las-mantas-candasinas-a-estudio\/"}],"_links":{"self":[{"href":"https:\/\/candas365.es\/noticias\/wp-json\/wp\/v2\/posts\/105141","targetHints":{"allow":["GET"]}}],"collection":[{"href":"https:\/\/candas365.es\/noticias\/wp-json\/wp\/v2\/posts"}],"about":[{"href":"https:\/\/candas365.es\/noticias\/wp-json\/wp\/v2\/types\/post"}],"author":[{"embeddable":true,"href":"https:\/\/candas365.es\/noticias\/wp-json\/wp\/v2\/users\/1"}],"replies":[{"embeddable":true,"href":"https:\/\/candas365.es\/noticias\/wp-json\/wp\/v2\/comments?post=105141"}],"version-history":[{"count":0,"href":"https:\/\/candas365.es\/noticias\/wp-json\/wp\/v2\/posts\/105141\/revisions"}],"wp:featuredmedia":[{"embeddable":true,"href":"https:\/\/candas365.es\/noticias\/wp-json\/wp\/v2\/media\/105142"}],"wp:attachment":[{"href":"https:\/\/candas365.es\/noticias\/wp-json\/wp\/v2\/media?parent=105141"}],"wp:term":[{"taxonomy":"category","embeddable":true,"href":"https:\/\/candas365.es\/noticias\/wp-json\/wp\/v2\/categories?post=105141"},{"taxonomy":"post_tag","embeddable":true,"href":"https:\/\/candas365.es\/noticias\/wp-json\/wp\/v2\/tags?post=105141"}],"curies":[{"name":"wp","href":"https:\/\/api.w.org\/{rel}","templated":true}]}}