{"id":104986,"date":"2018-09-11T12:47:33","date_gmt":"2018-09-11T12:47:33","guid":{"rendered":"http:\/\/candas365.es\/noticias\/?p=104986"},"modified":"2018-09-11T12:47:33","modified_gmt":"2018-09-11T12:47:33","slug":"la-banda-de-musica-de-candas-y-el-ayuntamiento-firman-un-convenio","status":"publish","type":"post","link":"https:\/\/candas365.es\/noticias\/la-banda-de-musica-de-candas-y-el-ayuntamiento-firman-un-convenio\/","title":{"rendered":"La Banda de M\u00fasica de Cand\u00e1s y el Ayuntamiento firman un convenio"},"content":{"rendered":"<p><img fetchpriority=\"high\" decoding=\"async\" class=\"alignleft size-medium wp-image-104987\" src=\"https:\/\/candas365.es\/noticias\/wp-content\/uploads\/2018\/09\/FIRMA-CONVENIO-BANDA-2018-360x223.jpg\" alt=\"\" width=\"360\" height=\"223\" srcset=\"https:\/\/candas365.es\/noticias\/wp-content\/uploads\/2018\/09\/FIRMA-CONVENIO-BANDA-2018-360x223.jpg 360w, https:\/\/candas365.es\/noticias\/wp-content\/uploads\/2018\/09\/FIRMA-CONVENIO-BANDA-2018-356x220.jpg 356w, https:\/\/candas365.es\/noticias\/wp-content\/uploads\/2018\/09\/FIRMA-CONVENIO-BANDA-2018.jpg 553w\" sizes=\"(max-width: 360px) 100vw, 360px\" \/>En la ma\u00f1ana de hoy, martes, 11 septiembre, en el Sal\u00f3n de plenos se rubric\u00f3 la firma electr\u00f3nica del convenio de colaboraci\u00f3n anual entre la Banda de M\u00fasica de Cand\u00e1s y el Ayuntamiento de Carre\u00f1o.<\/p>\n<p>\u201cEl Convenio tiene por objeto establecer los t\u00e9rminos de colaboraci\u00f3n entre el Ayuntamiento de Carre\u00f1o y la Asociaci\u00f3n \u201cBanda de M\u00fasica de Cand\u00e1s\u201d para el ejercicio 2018. Esta colaboraci\u00f3n se dirige entre otras: a impulsar el desarrollo de actividades musicales de conjunto instrumental; el establecimiento de unas l\u00edneas de colaboraci\u00f3n en torno a la formaci\u00f3n musical, producci\u00f3n, puesta en escena y ensayos de conciertos; la colaboraci\u00f3n con otras actividades musicales; la incorporaci\u00f3n de nuevos talentos musicales, especialmente j\u00f3venes, y aquellas otras que sirvan para el fomento y la difusi\u00f3n de la m\u00fasica de conjunto instrumental en todos sus g\u00e9neros, mediante el otorgamiento de una ayuda econ\u00f3mica para colaborar en la realizaci\u00f3n de sus actividades\u201d coment\u00f3 Amelia Fern\u00e1ndez L\u00f3pez-Alcaldesa de Carre\u00f1o.<\/p>\n<p>La Asociaci\u00f3n \u201cBanda de M\u00fasica de Cand\u00e1s\u201d es una entidad sin \u00e1nimo de lucro, \u00fanica en sus caracter\u00edsticas dentro del Municipio de Carre\u00f1o. Est\u00e1 formada por 75 personas dedicadas a la m\u00fasica, m\u00fasicos\/as organizados\/as como conjunto instrumental de viento y percusi\u00f3n, y de 25 educandos\/as. Fundada a finales del siglo XIX, es identificada por toda la ciudadan\u00eda del Municipio como un punto de referencia estable en el proyecto musical de Carre\u00f1o, siendo fundamental su papel de promoci\u00f3n y difusi\u00f3n de la misma. Prop\u00f3sitos que de manera ejemplar viene cumpliendo desde su creaci\u00f3n a trav\u00e9s del conocimiento, apoyo did\u00e1ctico y formaci\u00f3n musical de sus componentes. Adem\u00e1s de dar a conocer al vecindario los mejores temas de la m\u00fasica cl\u00e1sica, moderna y contempor\u00e1nea, en todos los g\u00e9neros y estilos.<\/p>\n<p>Las primeras noticias que se conocen sobre la existencia de una banda de m\u00fasica en Cand\u00e1s datan del a\u00f1o 1880. No obstante, el comienzo formal de la Banda como se la conoce hoy en d\u00eda, arranca con la constituci\u00f3n de la \u201cAsociaci\u00f3n de Mareantes del Puerto de Cand\u00e1s\u201d, cuando dicha asociaci\u00f3n decide subvencionar al organista de la Iglesia para que ense\u00f1ase gratuitamente m\u00fasica a los hijos e hijas de las personas socias que lo solicitasen. A lo largo de los m\u00e1s de sus 125 a\u00f1os de historia, la formaci\u00f3n ha pasado por grandes dificultades que supusieron varios cambios de directores, problemas econ\u00f3micos, de material (instrumentos, uniformes, etc) llegando incluso a la disoluci\u00f3n de la banda en una ocasi\u00f3n. Con la Guerra Civil, y siendo director D. Jos\u00e9 Antu\u00f1a, la Banda trunca su camino pasando a estar militarizada. Ello trajo como consecuencia l\u00f3gica la dispersi\u00f3n de las personas que la formaban y que al final de la contienda pr\u00e1cticamente se encontrase sin componentes. En 1948, los esfuerzos de un grupo de entusiastas carre\u00f1enses hicieron que la agrupaci\u00f3n volviera a renacer y, aunque con altibajos, se mantuviera hasta nuestros d\u00edas.<\/p>\n<p>Pero es a partir de 1985 cuando se produce el afianzamiento definitivo de la Agrupaci\u00f3n, gracias a la obtenci\u00f3n de importantes subvenciones que permitieron la renovaci\u00f3n de materiales y la participaci\u00f3n en diversos festivales y eventos que le otorgaron un cierto prestigio. El despegue de la Banda en esta \u00e9poca tambi\u00e9n est\u00e1 motivado por la incorporaci\u00f3n de j\u00f3venes m\u00fasicos de reconocido talento as\u00ed como por la participaci\u00f3n en proyectos y programas europeos que hicieron que su popularidad y trabajo aumentara progresivamente fuera de nuestras fronteras. Bajo el mandato de Jos\u00e9 Miguel Karrera \u00c1lvarez, desde 1987, se crea la secci\u00f3n de Gaitas que tras una etapa de consolidaci\u00f3n pasa a tener personalidad propia fuera de la Banda con la creaci\u00f3n de la Asociaci\u00f3n \u201cBanda Gaites Cand\u00e1s\u201d. A su vez, paralelamente a la actividad de la \u201cBanda de M\u00fasica de Cand\u00e1s\u201d como conjunto instrumental, merece especial consideraci\u00f3n, por un lado, su propia escuela de m\u00fasica, \u201cEducando, \u00d3liver D\u00edaz Su\u00e1rez\u201d. La cual act\u00faa, no s\u00f3lo como centro de formaci\u00f3n sino como vivero con en el que nutrirse y garantizar el futuro. En ella, bajo la tutela del profesorado, se imparten clases de m\u00faltiples instrumentos musicales (sobre todo viento y percusi\u00f3n) y clases de solfeo, que, no s\u00f3lo suponen la incorporaci\u00f3n a la \u201cBanda\u201d de nuevos talentos musicales si no su preparaci\u00f3n para las pruebas de acceso a los conservatorios, cediendo la Agrupaci\u00f3n el instrumento para facilitar el estudio musical. Mientras, que por otro lado, entre las actividades musicales de car\u00e1cter especial que organiza la \u201cAgrupaci\u00f3n\u201d, cabe destacar y mencionar la organizaci\u00f3n bi-anual, en sus comienzos, y en la actualidad anualmente del \u201cFestival Internacional de Piano Jos\u00e9 Luis Vega \u201cPelis\u201d\u201d, y la del \u201cFestival de Bandas de Cand\u00e1s\u201d, cuya primera edici\u00f3n se celebr\u00f3 en 2001.<\/p>\n<p>\u201cEl car\u00e1cter de excepcionalidad de esta agrupaci\u00f3n musical en el municipio, a trav\u00e9s de las actividades que desarrolla de car\u00e1cter educativo, cultural, formativo, social,\u2026 completando la oferta musical en Carre\u00f1o. La organizaci\u00f3n de Festivales Musicales. O que por primera vez se fije una oferta por parte de esta entidad cultural ofreciendo al Consistorio una serie de actuaciones gratuitas,\u2026 acredita el inter\u00e9s general, la singularidad y oportunidad de colaboraci\u00f3n mutua de las dos entidades. Y, es por ello, que estando ambas partes interesadas en colaborar en la promoci\u00f3n y fomento de las actividades culturales del Concejo, en el mantenimiento de la formaci\u00f3n musical que imparte la entidad y las actuaciones musicales en las fiestas y eventos que se programen para el disfrute del vecindario del concejo y quienes nos visiten por lo que se firma este acuerdo de colaboraci\u00f3n\u201d prosigui\u00f3 la alcaldesa.<\/p>\n<p>El convenio extender\u00e1 su vigencia durante el a\u00f1o 2018. Y podr\u00e1 preverse su modificaci\u00f3n y prorroga por per\u00edodos de igual duraci\u00f3n. El Ayuntamiento de Carre\u00f1o har\u00e1 una aportaci\u00f3n de 26.638 \u20ac para el presente ejercicio.<\/p>\n<p>A cambio la Banda de M\u00fasica de Cand\u00e1s se comprometi\u00f3 a la realizaci\u00f3n de un total de 8 conciertos gratuitos durante el presente a\u00f1o en diferentes ubicaciones del Concejo. Adem\u00e1s de mantener su propia escuela de m\u00fasica, \u201cEducando, \u00d3liver D\u00edaz Su\u00e1rez\u201d.<\/p>\n<p>Fruto de esta colaboraci\u00f3n el pr\u00f3ximo concierto de la \u201cBanda\u201d tendr\u00e1 lugar este viernes 14 de septiembre, Festividad del Sant\u00edsimo Cristo de Cand\u00e1s. Tras participar en la Procesi\u00f3n, la asociaci\u00f3n ser\u00e1 la encargada de amenizar la sesi\u00f3n vermut con el concierto que tradicionalmente ofrece ese d\u00eda a la ciudadan\u00eda en el Pase\u00edn en torno a las 13:15 h.<\/p>\n<p>\u201cEs la primera vez, que el acuerdo -entre ambas entidades &#8211; se realiza de forma electr\u00f3nica. La Banda acometi\u00f3 a lo largo de este a\u00f1o un proceso de actualizaci\u00f3n y modernizaci\u00f3n, con la digitalizaci\u00f3n de firmas que permiten que los acuerdos se firmen conforme a la legislaci\u00f3n vigente. La Ley de Procedimiento administrativo com\u00fan de las administraciones publicas recoge la obligatoriedad de relacionarnos electr\u00f3nicamente con entidades \u201d \u2013 concluy\u00f3 la regidora.<\/p>\n","protected":false},"excerpt":{"rendered":"<p>En la ma\u00f1ana de hoy, martes, 11 septiembre, en el Sal\u00f3n de plenos se rubric\u00f3 la firma electr\u00f3nica del convenio de colaboraci\u00f3n anual entre la Banda de M\u00fasica de Cand\u00e1s y el Ayuntamiento de Carre\u00f1o. \u201cEl Convenio tiene por objeto establecer los t\u00e9rminos de colaboraci\u00f3n entre el Ayuntamiento de Carre\u00f1o y la Asociaci\u00f3n \u201cBanda de<\/p>\n","protected":false},"author":1,"featured_media":104987,"comment_status":"closed","ping_status":"closed","sticky":false,"template":"","format":"standard","meta":{"footnotes":""},"categories":[2],"tags":[],"class_list":{"0":"post-104986","1":"post","2":"type-post","3":"status-publish","4":"format-standard","5":"has-post-thumbnail","7":"category-noticias-carreno"},"aioseo_notices":[],"aioseo_head":"\n\t\t<!-- All in One SEO Pro 4.9.6.2 - aioseo.com -->\n\t<meta name=\"description\" content=\"En la ma\u00f1ana de hoy, martes, 11 septiembre, en el Sal\u00f3n de plenos se rubric\u00f3 la firma electr\u00f3nica del convenio de colaboraci\u00f3n anual entre la Banda de M\u00fasica de Cand\u00e1s y el Ayuntamiento de Carre\u00f1o. \u201cEl Convenio tiene por objeto establecer los t\u00e9rminos de colaboraci\u00f3n entre el Ayuntamiento de Carre\u00f1o y la Asociaci\u00f3n \u201cBanda de\" \/>\n\t<meta name=\"robots\" content=\"max-image-preview:large\" \/>\n\t<meta name=\"author\" content=\"Cand\u00e1s 365\"\/>\n\t<meta name=\"google-site-verification\" content=\"UA-32230408-1\" \/>\n\t<meta name=\"msvalidate.01\" content=\"354F3CDFB2DA171B47FBE9ABF1F88D5\" \/>\n\t<meta name=\"keywords\" content=\"noticias carre\u00f1o\" \/>\n\t<link rel=\"canonical\" href=\"https:\/\/candas365.es\/noticias\/la-banda-de-musica-de-candas-y-el-ayuntamiento-firman-un-convenio\/\" \/>\n\t<meta name=\"generator\" content=\"All in One SEO Pro (AIOSEO) 4.9.6.2\" \/>\n\t\t<meta property=\"og:locale\" content=\"es_ES\" \/>\n\t\t<meta property=\"og:site_name\" content=\"Cand\u00e1s 365\" \/>\n\t\t<meta property=\"og:type\" content=\"article\" \/>\n\t\t<meta property=\"og:title\" content=\"La Banda de M\u00fasica de Cand\u00e1s y el Ayuntamiento firman un convenio | Cand\u00e1s 365\" \/>\n\t\t<meta property=\"og:description\" content=\"En la ma\u00f1ana de hoy, martes, 11 septiembre, en el Sal\u00f3n de plenos se rubric\u00f3 la firma electr\u00f3nica del convenio de colaboraci\u00f3n anual entre la Banda de M\u00fasica de Cand\u00e1s y el Ayuntamiento de Carre\u00f1o. \u201cEl Convenio tiene por objeto establecer los t\u00e9rminos de colaboraci\u00f3n entre el Ayuntamiento de Carre\u00f1o y la Asociaci\u00f3n \u201cBanda de\" \/>\n\t\t<meta property=\"og:url\" content=\"https:\/\/candas365.es\/noticias\/la-banda-de-musica-de-candas-y-el-ayuntamiento-firman-un-convenio\/\" \/>\n\t\t<meta property=\"og:image\" content=\"https:\/\/candas365.es\/noticias\/wp-content\/uploads\/2018\/09\/FIRMA-CONVENIO-BANDA-2018.jpg\" \/>\n\t\t<meta property=\"og:image:secure_url\" content=\"https:\/\/candas365.es\/noticias\/wp-content\/uploads\/2018\/09\/FIRMA-CONVENIO-BANDA-2018.jpg\" \/>\n\t\t<meta property=\"og:image:width\" content=\"553\" \/>\n\t\t<meta property=\"og:image:height\" content=\"342\" \/>\n\t\t<meta property=\"article:published_time\" content=\"2018-09-11T12:47:33+00:00\" \/>\n\t\t<meta property=\"article:modified_time\" content=\"2018-09-11T12:47:33+00:00\" \/>\n\t\t<meta property=\"article:publisher\" content=\"https:\/\/www.facebook.com\/Nachofdezber\" \/>\n\t\t<meta property=\"article:author\" content=\"https:\/\/www.facebook.com\/carrenoactualidad\" \/>\n\t\t<meta name=\"twitter:card\" content=\"summary_large_image\" \/>\n\t\t<meta name=\"twitter:site\" content=\"@NabercoDigital\" \/>\n\t\t<meta name=\"twitter:title\" content=\"La Banda de M\u00fasica de Cand\u00e1s y el Ayuntamiento firman un convenio | Cand\u00e1s 365\" \/>\n\t\t<meta name=\"twitter:description\" content=\"En la ma\u00f1ana de hoy, martes, 11 septiembre, en el Sal\u00f3n de plenos se rubric\u00f3 la firma electr\u00f3nica del convenio de colaboraci\u00f3n anual entre la Banda de M\u00fasica de Cand\u00e1s y el Ayuntamiento de Carre\u00f1o. \u201cEl Convenio tiene por objeto establecer los t\u00e9rminos de colaboraci\u00f3n entre el Ayuntamiento de Carre\u00f1o y la Asociaci\u00f3n \u201cBanda de\" \/>\n\t\t<meta name=\"twitter:creator\" content=\"@nbasturias\" \/>\n\t\t<meta name=\"twitter:image\" content=\"https:\/\/candas365.es\/noticias\/wp-content\/uploads\/2018\/09\/FIRMA-CONVENIO-BANDA-2018.jpg\" \/>\n\t\t<meta name=\"twitter:label1\" content=\"Escrito por\" \/>\n\t\t<meta name=\"twitter:data1\" content=\"Cand\u00e1s 365\" \/>\n\t\t<meta name=\"twitter:label2\" content=\"Tiempo de lectura estimado\" \/>\n\t\t<meta name=\"twitter:data2\" content=\"6 minutos\" \/>\n\t\t<script type=\"application\/ld+json\" class=\"aioseo-schema\">\n\t\t\t{\"@context\":\"https:\\\/\\\/schema.org\",\"@graph\":[{\"@type\":\"BreadcrumbList\",\"@id\":\"https:\\\/\\\/candas365.es\\\/noticias\\\/la-banda-de-musica-de-candas-y-el-ayuntamiento-firman-un-convenio\\\/#breadcrumblist\",\"itemListElement\":[{\"@type\":\"ListItem\",\"@id\":\"https:\\\/\\\/candas365.es\\\/noticias#listItem\",\"position\":1,\"name\":\"Home\",\"item\":\"https:\\\/\\\/candas365.es\\\/noticias\",\"nextItem\":{\"@type\":\"ListItem\",\"@id\":\"https:\\\/\\\/candas365.es\\\/noticias\\\/category\\\/noticias-carreno\\\/#listItem\",\"name\":\"Noticias Carre\\u00f1o\"}},{\"@type\":\"ListItem\",\"@id\":\"https:\\\/\\\/candas365.es\\\/noticias\\\/category\\\/noticias-carreno\\\/#listItem\",\"position\":2,\"name\":\"Noticias Carre\\u00f1o\",\"item\":\"https:\\\/\\\/candas365.es\\\/noticias\\\/category\\\/noticias-carreno\\\/\",\"nextItem\":{\"@type\":\"ListItem\",\"@id\":\"https:\\\/\\\/candas365.es\\\/noticias\\\/la-banda-de-musica-de-candas-y-el-ayuntamiento-firman-un-convenio\\\/#listItem\",\"name\":\"La Banda de M\\u00fasica de Cand\\u00e1s y el Ayuntamiento firman un convenio\"},\"previousItem\":{\"@type\":\"ListItem\",\"@id\":\"https:\\\/\\\/candas365.es\\\/noticias#listItem\",\"name\":\"Home\"}},{\"@type\":\"ListItem\",\"@id\":\"https:\\\/\\\/candas365.es\\\/noticias\\\/la-banda-de-musica-de-candas-y-el-ayuntamiento-firman-un-convenio\\\/#listItem\",\"position\":3,\"name\":\"La Banda de M\\u00fasica de Cand\\u00e1s y el Ayuntamiento firman un convenio\",\"previousItem\":{\"@type\":\"ListItem\",\"@id\":\"https:\\\/\\\/candas365.es\\\/noticias\\\/category\\\/noticias-carreno\\\/#listItem\",\"name\":\"Noticias Carre\\u00f1o\"}}]},{\"@type\":\"NewsArticle\",\"@id\":\"https:\\\/\\\/candas365.es\\\/noticias\\\/la-banda-de-musica-de-candas-y-el-ayuntamiento-firman-un-convenio\\\/#newsarticle\",\"name\":\"La Banda de M\\u00fasica de Cand\\u00e1s y el Ayuntamiento firman un convenio | Cand\\u00e1s 365\",\"headline\":\"La Banda de M\\u00fasica de Cand\\u00e1s y el Ayuntamiento firman un convenio\",\"author\":{\"@id\":\"https:\\\/\\\/candas365.es\\\/noticias\\\/author\\\/admin\\\/#author\"},\"publisher\":{\"@id\":\"https:\\\/\\\/candas365.es\\\/noticias\\\/#organization\"},\"image\":{\"@type\":\"ImageObject\",\"url\":\"https:\\\/\\\/candas365.es\\\/noticias\\\/wp-content\\\/uploads\\\/2018\\\/09\\\/FIRMA-CONVENIO-BANDA-2018.jpg\",\"width\":553,\"height\":342},\"datePublished\":\"2018-09-11T12:47:33+02:00\",\"dateModified\":\"2018-09-11T12:47:33+02:00\",\"inLanguage\":\"es-ES\",\"mainEntityOfPage\":{\"@id\":\"https:\\\/\\\/candas365.es\\\/noticias\\\/la-banda-de-musica-de-candas-y-el-ayuntamiento-firman-un-convenio\\\/#webpage\"},\"isPartOf\":{\"@id\":\"https:\\\/\\\/candas365.es\\\/noticias\\\/la-banda-de-musica-de-candas-y-el-ayuntamiento-firman-un-convenio\\\/#webpage\"},\"articleSection\":\"Noticias Carre\\u00f1o\",\"dateline\":\"Publicado el septiembre 11, 2018.\"},{\"@type\":\"Organization\",\"@id\":\"https:\\\/\\\/candas365.es\\\/noticias\\\/#organization\",\"name\":\"Cand\\u00e1s 365\",\"description\":\"Cand\\u00e1s 365 es un diario digital independiente, fundado en 2012, con base en Asturias. Informamos con rigor sobre actualidad, sociedad, cultura y ocio, con una mirada local y global.\",\"url\":\"https:\\\/\\\/candas365.es\\\/noticias\\\/\",\"email\":\"info@candas365.es\",\"telephone\":\"+34652131393\",\"foundingDate\":\"2012-06-10\",\"logo\":{\"@type\":\"ImageObject\",\"url\":\"https:\\\/\\\/candas365.es\\\/noticias\\\/wp-content\\\/uploads\\\/2024\\\/09\\\/Candas-365-Redes.jpg\",\"@id\":\"https:\\\/\\\/candas365.es\\\/noticias\\\/la-banda-de-musica-de-candas-y-el-ayuntamiento-firman-un-convenio\\\/#organizationLogo\",\"width\":1152,\"height\":864,\"caption\":\"Cand\\u00e1s 365 Redes\"},\"image\":{\"@id\":\"https:\\\/\\\/candas365.es\\\/noticias\\\/la-banda-de-musica-de-candas-y-el-ayuntamiento-firman-un-convenio\\\/#organizationLogo\"},\"sameAs\":[\"https:\\\/\\\/www.facebook.com\\\/Nachofdezber\",\"https:\\\/\\\/x.com\\\/NabercoDigital\",\"https:\\\/\\\/www.instagram.com\\\/nachofdezber\\\/\",\"https:\\\/\\\/www.youtube.com\\\/channel\\\/UCZP-2wLEB9Rv6erhFmqVnvg\"],\"address\":{\"@id\":\"https:\\\/\\\/candas365.es\\\/noticias\\\/#postaladdress\",\"@type\":\"PostalAddress\",\"streetAddress\":\"san antonio 4, san antonio 4\",\"postalCode\":\"33430\",\"addressLocality\":\"Cand\\u00e1s\",\"addressRegion\":\"Asturias\",\"addressCountry\":\"ES\"}},{\"@type\":\"Person\",\"@id\":\"https:\\\/\\\/candas365.es\\\/noticias\\\/author\\\/admin\\\/#author\",\"url\":\"https:\\\/\\\/candas365.es\\\/noticias\\\/author\\\/admin\\\/\",\"name\":\"Cand\\u00e1s 365\",\"image\":{\"@type\":\"ImageObject\",\"@id\":\"https:\\\/\\\/candas365.es\\\/noticias\\\/la-banda-de-musica-de-candas-y-el-ayuntamiento-firman-un-convenio\\\/#authorImage\",\"url\":\"https:\\\/\\\/secure.gravatar.com\\\/avatar\\\/496a8e03d0c493ede1718b7934145dbdf8d89be1036b0eec9544e1094c9de390?s=96&d=mm&r=g\",\"width\":96,\"height\":96,\"caption\":\"Cand\\u00e1s 365\"},\"sameAs\":[\"https:\\\/\\\/www.facebook.com\\\/carrenoactualidad\",\"https:\\\/\\\/twitter.com\\\/nbasturias\",\"https:\\\/\\\/www.instagram.com\\\/nachofdezber\\\/\",\"https:\\\/\\\/www.youtube.com\\\/channel\\\/UCZP-2wLEB9Rv6erhFmqVnvg\"]},{\"@type\":\"WebPage\",\"@id\":\"https:\\\/\\\/candas365.es\\\/noticias\\\/la-banda-de-musica-de-candas-y-el-ayuntamiento-firman-un-convenio\\\/#webpage\",\"url\":\"https:\\\/\\\/candas365.es\\\/noticias\\\/la-banda-de-musica-de-candas-y-el-ayuntamiento-firman-un-convenio\\\/\",\"name\":\"La Banda de M\\u00fasica de Cand\\u00e1s y el Ayuntamiento firman un convenio | Cand\\u00e1s 365\",\"description\":\"En la ma\\u00f1ana de hoy, martes, 11 septiembre, en el Sal\\u00f3n de plenos se rubric\\u00f3 la firma electr\\u00f3nica del convenio de colaboraci\\u00f3n anual entre la Banda de M\\u00fasica de Cand\\u00e1s y el Ayuntamiento de Carre\\u00f1o. \\u201cEl Convenio tiene por objeto establecer los t\\u00e9rminos de colaboraci\\u00f3n entre el Ayuntamiento de Carre\\u00f1o y la Asociaci\\u00f3n \\u201cBanda de\",\"inLanguage\":\"es-ES\",\"isPartOf\":{\"@id\":\"https:\\\/\\\/candas365.es\\\/noticias\\\/#website\"},\"breadcrumb\":{\"@id\":\"https:\\\/\\\/candas365.es\\\/noticias\\\/la-banda-de-musica-de-candas-y-el-ayuntamiento-firman-un-convenio\\\/#breadcrumblist\"},\"author\":{\"@id\":\"https:\\\/\\\/candas365.es\\\/noticias\\\/author\\\/admin\\\/#author\"},\"creator\":{\"@id\":\"https:\\\/\\\/candas365.es\\\/noticias\\\/author\\\/admin\\\/#author\"},\"image\":{\"@type\":\"ImageObject\",\"url\":\"https:\\\/\\\/candas365.es\\\/noticias\\\/wp-content\\\/uploads\\\/2018\\\/09\\\/FIRMA-CONVENIO-BANDA-2018.jpg\",\"@id\":\"https:\\\/\\\/candas365.es\\\/noticias\\\/la-banda-de-musica-de-candas-y-el-ayuntamiento-firman-un-convenio\\\/#mainImage\",\"width\":553,\"height\":342},\"primaryImageOfPage\":{\"@id\":\"https:\\\/\\\/candas365.es\\\/noticias\\\/la-banda-de-musica-de-candas-y-el-ayuntamiento-firman-un-convenio\\\/#mainImage\"},\"datePublished\":\"2018-09-11T12:47:33+02:00\",\"dateModified\":\"2018-09-11T12:47:33+02:00\"},{\"@type\":\"WebSite\",\"@id\":\"https:\\\/\\\/candas365.es\\\/noticias\\\/#website\",\"url\":\"https:\\\/\\\/candas365.es\\\/noticias\\\/\",\"name\":\"Cand\\u00e1s 365\",\"alternateName\":\"Cand\\u00e1s 365 Noticias\",\"description\":\"Actualidad desde Carre\\u00f1o para el mundo\",\"inLanguage\":\"es-ES\",\"publisher\":{\"@id\":\"https:\\\/\\\/candas365.es\\\/noticias\\\/#organization\"}}]}\n\t\t<\/script>\n\t\t<!-- All in One SEO Pro -->\r\n\t\t<title>La Banda de M\u00fasica de Cand\u00e1s y el Ayuntamiento firman un convenio | Cand\u00e1s 365<\/title>\n\n","aioseo_head_json":{"title":"La Banda de M\u00fasica de Cand\u00e1s y el Ayuntamiento firman un convenio | Cand\u00e1s 365","description":"En la ma\u00f1ana de hoy, martes, 11 septiembre, en el Sal\u00f3n de plenos se rubric\u00f3 la firma electr\u00f3nica del convenio de colaboraci\u00f3n anual entre la Banda de M\u00fasica de Cand\u00e1s y el Ayuntamiento de Carre\u00f1o. \u201cEl Convenio tiene por objeto establecer los t\u00e9rminos de colaboraci\u00f3n entre el Ayuntamiento de Carre\u00f1o y la Asociaci\u00f3n \u201cBanda de","canonical_url":"https:\/\/candas365.es\/noticias\/la-banda-de-musica-de-candas-y-el-ayuntamiento-firman-un-convenio\/","robots":"max-image-preview:large","keywords":"noticias carre\u00f1o","webmasterTools":{"google-site-verification":"UA-32230408-1","msvalidate.01":"354F3CDFB2DA171B47FBE9ABF1F88D5","miscellaneous":""},"schema":{"@context":"https:\/\/schema.org","@graph":[{"@type":"BreadcrumbList","@id":"https:\/\/candas365.es\/noticias\/la-banda-de-musica-de-candas-y-el-ayuntamiento-firman-un-convenio\/#breadcrumblist","itemListElement":[{"@type":"ListItem","@id":"https:\/\/candas365.es\/noticias#listItem","position":1,"name":"Home","item":"https:\/\/candas365.es\/noticias","nextItem":{"@type":"ListItem","@id":"https:\/\/candas365.es\/noticias\/category\/noticias-carreno\/#listItem","name":"Noticias Carre\u00f1o"}},{"@type":"ListItem","@id":"https:\/\/candas365.es\/noticias\/category\/noticias-carreno\/#listItem","position":2,"name":"Noticias Carre\u00f1o","item":"https:\/\/candas365.es\/noticias\/category\/noticias-carreno\/","nextItem":{"@type":"ListItem","@id":"https:\/\/candas365.es\/noticias\/la-banda-de-musica-de-candas-y-el-ayuntamiento-firman-un-convenio\/#listItem","name":"La Banda de M\u00fasica de Cand\u00e1s y el Ayuntamiento firman un convenio"},"previousItem":{"@type":"ListItem","@id":"https:\/\/candas365.es\/noticias#listItem","name":"Home"}},{"@type":"ListItem","@id":"https:\/\/candas365.es\/noticias\/la-banda-de-musica-de-candas-y-el-ayuntamiento-firman-un-convenio\/#listItem","position":3,"name":"La Banda de M\u00fasica de Cand\u00e1s y el Ayuntamiento firman un convenio","previousItem":{"@type":"ListItem","@id":"https:\/\/candas365.es\/noticias\/category\/noticias-carreno\/#listItem","name":"Noticias Carre\u00f1o"}}]},{"@type":"NewsArticle","@id":"https:\/\/candas365.es\/noticias\/la-banda-de-musica-de-candas-y-el-ayuntamiento-firman-un-convenio\/#newsarticle","name":"La Banda de M\u00fasica de Cand\u00e1s y el Ayuntamiento firman un convenio | Cand\u00e1s 365","headline":"La Banda de M\u00fasica de Cand\u00e1s y el Ayuntamiento firman un convenio","author":{"@id":"https:\/\/candas365.es\/noticias\/author\/admin\/#author"},"publisher":{"@id":"https:\/\/candas365.es\/noticias\/#organization"},"image":{"@type":"ImageObject","url":"https:\/\/candas365.es\/noticias\/wp-content\/uploads\/2018\/09\/FIRMA-CONVENIO-BANDA-2018.jpg","width":553,"height":342},"datePublished":"2018-09-11T12:47:33+02:00","dateModified":"2018-09-11T12:47:33+02:00","inLanguage":"es-ES","mainEntityOfPage":{"@id":"https:\/\/candas365.es\/noticias\/la-banda-de-musica-de-candas-y-el-ayuntamiento-firman-un-convenio\/#webpage"},"isPartOf":{"@id":"https:\/\/candas365.es\/noticias\/la-banda-de-musica-de-candas-y-el-ayuntamiento-firman-un-convenio\/#webpage"},"articleSection":"Noticias Carre\u00f1o","dateline":"Publicado el septiembre 11, 2018."},{"@type":"Organization","@id":"https:\/\/candas365.es\/noticias\/#organization","name":"Cand\u00e1s 365","description":"Cand\u00e1s 365 es un diario digital independiente, fundado en 2012, con base en Asturias. Informamos con rigor sobre actualidad, sociedad, cultura y ocio, con una mirada local y global.","url":"https:\/\/candas365.es\/noticias\/","email":"info@candas365.es","telephone":"+34652131393","foundingDate":"2012-06-10","logo":{"@type":"ImageObject","url":"https:\/\/candas365.es\/noticias\/wp-content\/uploads\/2024\/09\/Candas-365-Redes.jpg","@id":"https:\/\/candas365.es\/noticias\/la-banda-de-musica-de-candas-y-el-ayuntamiento-firman-un-convenio\/#organizationLogo","width":1152,"height":864,"caption":"Cand\u00e1s 365 Redes"},"image":{"@id":"https:\/\/candas365.es\/noticias\/la-banda-de-musica-de-candas-y-el-ayuntamiento-firman-un-convenio\/#organizationLogo"},"sameAs":["https:\/\/www.facebook.com\/Nachofdezber","https:\/\/x.com\/NabercoDigital","https:\/\/www.instagram.com\/nachofdezber\/","https:\/\/www.youtube.com\/channel\/UCZP-2wLEB9Rv6erhFmqVnvg"],"address":{"@id":"https:\/\/candas365.es\/noticias\/#postaladdress","@type":"PostalAddress","streetAddress":"san antonio 4, san antonio 4","postalCode":"33430","addressLocality":"Cand\u00e1s","addressRegion":"Asturias","addressCountry":"ES"}},{"@type":"Person","@id":"https:\/\/candas365.es\/noticias\/author\/admin\/#author","url":"https:\/\/candas365.es\/noticias\/author\/admin\/","name":"Cand\u00e1s 365","image":{"@type":"ImageObject","@id":"https:\/\/candas365.es\/noticias\/la-banda-de-musica-de-candas-y-el-ayuntamiento-firman-un-convenio\/#authorImage","url":"https:\/\/secure.gravatar.com\/avatar\/496a8e03d0c493ede1718b7934145dbdf8d89be1036b0eec9544e1094c9de390?s=96&d=mm&r=g","width":96,"height":96,"caption":"Cand\u00e1s 365"},"sameAs":["https:\/\/www.facebook.com\/carrenoactualidad","https:\/\/twitter.com\/nbasturias","https:\/\/www.instagram.com\/nachofdezber\/","https:\/\/www.youtube.com\/channel\/UCZP-2wLEB9Rv6erhFmqVnvg"]},{"@type":"WebPage","@id":"https:\/\/candas365.es\/noticias\/la-banda-de-musica-de-candas-y-el-ayuntamiento-firman-un-convenio\/#webpage","url":"https:\/\/candas365.es\/noticias\/la-banda-de-musica-de-candas-y-el-ayuntamiento-firman-un-convenio\/","name":"La Banda de M\u00fasica de Cand\u00e1s y el Ayuntamiento firman un convenio | Cand\u00e1s 365","description":"En la ma\u00f1ana de hoy, martes, 11 septiembre, en el Sal\u00f3n de plenos se rubric\u00f3 la firma electr\u00f3nica del convenio de colaboraci\u00f3n anual entre la Banda de M\u00fasica de Cand\u00e1s y el Ayuntamiento de Carre\u00f1o. \u201cEl Convenio tiene por objeto establecer los t\u00e9rminos de colaboraci\u00f3n entre el Ayuntamiento de Carre\u00f1o y la Asociaci\u00f3n \u201cBanda de","inLanguage":"es-ES","isPartOf":{"@id":"https:\/\/candas365.es\/noticias\/#website"},"breadcrumb":{"@id":"https:\/\/candas365.es\/noticias\/la-banda-de-musica-de-candas-y-el-ayuntamiento-firman-un-convenio\/#breadcrumblist"},"author":{"@id":"https:\/\/candas365.es\/noticias\/author\/admin\/#author"},"creator":{"@id":"https:\/\/candas365.es\/noticias\/author\/admin\/#author"},"image":{"@type":"ImageObject","url":"https:\/\/candas365.es\/noticias\/wp-content\/uploads\/2018\/09\/FIRMA-CONVENIO-BANDA-2018.jpg","@id":"https:\/\/candas365.es\/noticias\/la-banda-de-musica-de-candas-y-el-ayuntamiento-firman-un-convenio\/#mainImage","width":553,"height":342},"primaryImageOfPage":{"@id":"https:\/\/candas365.es\/noticias\/la-banda-de-musica-de-candas-y-el-ayuntamiento-firman-un-convenio\/#mainImage"},"datePublished":"2018-09-11T12:47:33+02:00","dateModified":"2018-09-11T12:47:33+02:00"},{"@type":"WebSite","@id":"https:\/\/candas365.es\/noticias\/#website","url":"https:\/\/candas365.es\/noticias\/","name":"Cand\u00e1s 365","alternateName":"Cand\u00e1s 365 Noticias","description":"Actualidad desde Carre\u00f1o para el mundo","inLanguage":"es-ES","publisher":{"@id":"https:\/\/candas365.es\/noticias\/#organization"}}]},"og:locale":"es_ES","og:site_name":"Cand\u00e1s 365","og:type":"article","og:title":"La Banda de M\u00fasica de Cand\u00e1s y el Ayuntamiento firman un convenio | Cand\u00e1s 365","og:description":"En la ma\u00f1ana de hoy, martes, 11 septiembre, en el Sal\u00f3n de plenos se rubric\u00f3 la firma electr\u00f3nica del convenio de colaboraci\u00f3n anual entre la Banda de M\u00fasica de Cand\u00e1s y el Ayuntamiento de Carre\u00f1o. \u201cEl Convenio tiene por objeto establecer los t\u00e9rminos de colaboraci\u00f3n entre el Ayuntamiento de Carre\u00f1o y la Asociaci\u00f3n \u201cBanda de","og:url":"https:\/\/candas365.es\/noticias\/la-banda-de-musica-de-candas-y-el-ayuntamiento-firman-un-convenio\/","og:image":"https:\/\/candas365.es\/noticias\/wp-content\/uploads\/2018\/09\/FIRMA-CONVENIO-BANDA-2018.jpg","og:image:secure_url":"https:\/\/candas365.es\/noticias\/wp-content\/uploads\/2018\/09\/FIRMA-CONVENIO-BANDA-2018.jpg","og:image:width":553,"og:image:height":342,"article:published_time":"2018-09-11T12:47:33+00:00","article:modified_time":"2018-09-11T12:47:33+00:00","article:publisher":"https:\/\/www.facebook.com\/Nachofdezber","article:author":"https:\/\/www.facebook.com\/carrenoactualidad","twitter:card":"summary_large_image","twitter:site":"@NabercoDigital","twitter:title":"La Banda de M\u00fasica de Cand\u00e1s y el Ayuntamiento firman un convenio | Cand\u00e1s 365","twitter:description":"En la ma\u00f1ana de hoy, martes, 11 septiembre, en el Sal\u00f3n de plenos se rubric\u00f3 la firma electr\u00f3nica del convenio de colaboraci\u00f3n anual entre la Banda de M\u00fasica de Cand\u00e1s y el Ayuntamiento de Carre\u00f1o. \u201cEl Convenio tiene por objeto establecer los t\u00e9rminos de colaboraci\u00f3n entre el Ayuntamiento de Carre\u00f1o y la Asociaci\u00f3n \u201cBanda de","twitter:creator":"@nbasturias","twitter:image":"https:\/\/candas365.es\/noticias\/wp-content\/uploads\/2018\/09\/FIRMA-CONVENIO-BANDA-2018.jpg","twitter:label1":"Escrito por","twitter:data1":"Cand\u00e1s 365","twitter:label2":"Tiempo de lectura estimado","twitter:data2":"6 minutos"},"aioseo_meta_data":{"post_id":"104986","title":null,"description":null,"keywords":null,"keyphrases":null,"primary_term":null,"canonical_url":null,"og_title":null,"og_description":null,"og_object_type":"default","og_image_type":"default","og_image_url":null,"og_image_width":null,"og_image_height":null,"og_image_custom_url":null,"og_image_custom_fields":null,"og_video":null,"og_custom_url":null,"og_article_section":null,"og_article_tags":null,"twitter_use_og":false,"twitter_card":"default","twitter_image_type":"default","twitter_image_url":null,"twitter_image_custom_url":null,"twitter_image_custom_fields":null,"twitter_title":null,"twitter_description":null,"schema":{"blockGraphs":[],"customGraphs":[],"default":{"data":{"Article":[],"Course":[],"Dataset":[],"FAQPage":[],"Movie":[],"Person":[],"Product":[],"ProductReview":[],"Car":[],"Recipe":[],"Service":[],"SoftwareApplication":[],"WebPage":[]},"graphName":"","isEnabled":true},"graphs":[]},"schema_type":null,"schema_type_options":null,"pillar_content":false,"robots_default":true,"robots_noindex":false,"robots_noarchive":false,"robots_nosnippet":false,"robots_nofollow":false,"robots_noimageindex":false,"robots_noodp":false,"robots_notranslate":false,"robots_max_snippet":null,"robots_max_videopreview":null,"robots_max_imagepreview":"large","priority":null,"frequency":null,"location":null,"local_seo":null,"seo_analyzer_scan_date":"2025-08-27 21:04:17","breadcrumb_settings":null,"limit_modified_date":false,"reviewed_by":null,"open_ai":null,"ai":null,"created":"2020-12-21 11:45:29","updated":"2025-08-27 21:04:17"},"aioseo_breadcrumb":"<div class=\"aioseo-breadcrumbs\"><span class=\"aioseo-breadcrumb\">\n\t<a href=\"https:\/\/candas365.es\/noticias\" title=\"Home\">Home<\/a>\n<\/span><span class=\"aioseo-breadcrumb-separator\">&ndash;<\/span><span class=\"aioseo-breadcrumb\">\n\t<a href=\"https:\/\/candas365.es\/noticias\/category\/noticias-carreno\/\" title=\"Noticias Carre\u00f1o\">Noticias Carre\u00f1o<\/a>\n<\/span><span class=\"aioseo-breadcrumb-separator\">&ndash;<\/span><span class=\"aioseo-breadcrumb\">\n\tLa Banda de M\u00fasica de Cand\u00e1s y el Ayuntamiento firman un convenio\n<\/span><\/div>","aioseo_breadcrumb_json":[{"label":"Home","link":"https:\/\/candas365.es\/noticias"},{"label":"Noticias Carre\u00f1o","link":"https:\/\/candas365.es\/noticias\/category\/noticias-carreno\/"},{"label":"La Banda de M\u00fasica de Cand\u00e1s y el Ayuntamiento firman un convenio","link":"https:\/\/candas365.es\/noticias\/la-banda-de-musica-de-candas-y-el-ayuntamiento-firman-un-convenio\/"}],"_links":{"self":[{"href":"https:\/\/candas365.es\/noticias\/wp-json\/wp\/v2\/posts\/104986","targetHints":{"allow":["GET"]}}],"collection":[{"href":"https:\/\/candas365.es\/noticias\/wp-json\/wp\/v2\/posts"}],"about":[{"href":"https:\/\/candas365.es\/noticias\/wp-json\/wp\/v2\/types\/post"}],"author":[{"embeddable":true,"href":"https:\/\/candas365.es\/noticias\/wp-json\/wp\/v2\/users\/1"}],"replies":[{"embeddable":true,"href":"https:\/\/candas365.es\/noticias\/wp-json\/wp\/v2\/comments?post=104986"}],"version-history":[{"count":0,"href":"https:\/\/candas365.es\/noticias\/wp-json\/wp\/v2\/posts\/104986\/revisions"}],"wp:featuredmedia":[{"embeddable":true,"href":"https:\/\/candas365.es\/noticias\/wp-json\/wp\/v2\/media\/104987"}],"wp:attachment":[{"href":"https:\/\/candas365.es\/noticias\/wp-json\/wp\/v2\/media?parent=104986"}],"wp:term":[{"taxonomy":"category","embeddable":true,"href":"https:\/\/candas365.es\/noticias\/wp-json\/wp\/v2\/categories?post=104986"},{"taxonomy":"post_tag","embeddable":true,"href":"https:\/\/candas365.es\/noticias\/wp-json\/wp\/v2\/tags?post=104986"}],"curies":[{"name":"wp","href":"https:\/\/api.w.org\/{rel}","templated":true}]}}