{"id":104938,"date":"2018-09-10T17:14:25","date_gmt":"2018-09-10T17:14:25","guid":{"rendered":"http:\/\/candas365.es\/noticias\/?p=104938"},"modified":"2018-09-10T17:14:25","modified_gmt":"2018-09-10T17:14:25","slug":"carreno-acogera-xviii-marcha-jubilar-de-las-mujeres-rurales","status":"publish","type":"post","link":"https:\/\/candas365.es\/noticias\/carreno-acogera-xviii-marcha-jubilar-de-las-mujeres-rurales\/","title":{"rendered":"Carre\u00f1o acoger\u00e1 XVIII Marcha Jubilar de las Mujeres Rurales"},"content":{"rendered":"<p><img fetchpriority=\"high\" decoding=\"async\" class=\"alignleft size-medium wp-image-104939\" src=\"https:\/\/candas365.es\/noticias\/wp-content\/uploads\/2018\/09\/marcha-mujeres-360x203.jpg\" alt=\"\" width=\"360\" height=\"203\" srcset=\"https:\/\/candas365.es\/noticias\/wp-content\/uploads\/2018\/09\/marcha-mujeres-360x203.jpg 360w, https:\/\/candas365.es\/noticias\/wp-content\/uploads\/2018\/09\/marcha-mujeres-768x432.jpg 768w, https:\/\/candas365.es\/noticias\/wp-content\/uploads\/2018\/09\/marcha-mujeres-655x368.jpg 655w, https:\/\/candas365.es\/noticias\/wp-content\/uploads\/2018\/09\/marcha-mujeres-696x392.jpg 696w, https:\/\/candas365.es\/noticias\/wp-content\/uploads\/2018\/09\/marcha-mujeres-1068x601.jpg 1068w, https:\/\/candas365.es\/noticias\/wp-content\/uploads\/2018\/09\/marcha-mujeres-747x420.jpg 747w, https:\/\/candas365.es\/noticias\/wp-content\/uploads\/2018\/09\/marcha-mujeres.jpg 1600w\" sizes=\"(max-width: 360px) 100vw, 360px\" \/>La alcaldesa de Carre\u00f1o, Amelia Fern\u00e1ndez, anunci\u00f3 este lunes mediante un comunicado de prensa que la Asociaci\u00f3n de Mujeres Rurales \u201cNosotras\u201d llevar\u00e1 a cabo el pr\u00f3ximo martes 11 de septiembre la tradicional marcha jubilar que partir\u00e1 desde el Santuario de Nuestra Se\u00f1ora de los Remedios en Guimar\u00e1n hasta Cand\u00e1s.<\/p>\n<p>En este sentido, Fern\u00e1ndez ha informado que acompa\u00f1ar\u00e1 la marcha que iniciar\u00e1 a partir de las 16.30 horas ya que las doce parroquias de Carre\u00f1o se hallan representadas en esta asociaci\u00f3n.<\/p>\n<p>\u201cLas doce parroquias de Carre\u00f1o se hallan representadas en esta asociaci\u00f3n, pues sus socias son mujeres que viven en todas las\u00a0 parroquias\u00a0 del concejo, once de ellas n\u00facleos rurales dispersos. Las socias van sumando a\u00f1os y no todas pueden hacer la marcha pero siguen vinculadas a la entidad, acerc\u00e1ndolas sus familiares a las actividades programadas\u201d, indic\u00f3 la alcaldesa de Carre\u00f1o<\/p>\n<p>Igualmente destac\u00f3 que la Asociaci\u00f3n de Mujeres Rurales de Carre\u00f1o \u201cNosotr@s\u201d\u00a0 es un claro ejemplo\u00a0 de lucha por la igualdad y la equidad entre hombres y mujeres.<\/p>\n<p>\u201cUno de los avances de la mayor significaci\u00f3n en el proceso de lucha por la igualdad y la equidad entre hombres y mujeres es el propio desarrollo del movimiento asociativo femenino y su capacidad de articulaci\u00f3n. La asociaci\u00f3n de mujeres rurales de Carre\u00f1o \u201cNosotr@s\u201d\u00a0 es un claro ejemplo\u00a0 de ese avance en nuestro municipio.\u00a0Con su trabajo,\u00a0 llevan\u00a0 m\u00e1s de 17 a\u00f1os,\u00a0 en el d\u00eda a d\u00eda, dando peque\u00f1os y grandes pasos, revalorizando de esta forma el trabajo de la mujer rural, mejorando la comunicaci\u00f3n con las Administraciones y otras asociaciones.\u00a0\u201d, puntualiz\u00f3 la edil de Carre\u00f1o.<\/p>\n<p>Finalmente record\u00f3 que la marcha contar\u00e1 con la asistencia de la Cruz Roja de la asamblea local de Carre\u00f1o.<\/p>\n<p>\u201cRecorrer\u00e1n el antiguo trazado de regreso a casa de les muyeres de la paxa, desde Guimar\u00e1n, ascender\u00e1n por la CE \u2013 3 para adentrarse en Perlora y de ah\u00ed hasta Cand\u00e1s por el Paseo Maritimo. Haciendo una parada ante la escultura de Ant\u00f3n, \u201c La Marinera\u201d donde realizar\u00e1n una foto de grupo para, como cada a\u00f1o, tener un recuerdo gr\u00e1fico de la expedici\u00f3n\u201d, concluy\u00f3 Amelia Fern\u00e1ndez.<\/p>\n<p>Soraya Andreina P\u00e9rez<\/p>\n","protected":false},"excerpt":{"rendered":"<p>La alcaldesa de Carre\u00f1o, Amelia Fern\u00e1ndez, anunci\u00f3 este lunes mediante un comunicado de prensa que la Asociaci\u00f3n de Mujeres Rurales \u201cNosotras\u201d llevar\u00e1 a cabo el pr\u00f3ximo martes 11 de septiembre la tradicional marcha jubilar que partir\u00e1 desde el Santuario de Nuestra Se\u00f1ora de los Remedios en Guimar\u00e1n hasta Cand\u00e1s. En este sentido, Fern\u00e1ndez ha informado<\/p>\n","protected":false},"author":1,"featured_media":104939,"comment_status":"closed","ping_status":"closed","sticky":false,"template":"","format":"standard","meta":{"footnotes":""},"categories":[2],"tags":[],"class_list":{"0":"post-104938","1":"post","2":"type-post","3":"status-publish","4":"format-standard","5":"has-post-thumbnail","7":"category-noticias-carreno"},"aioseo_notices":[],"aioseo_head":"\n\t\t<!-- All in One SEO Pro 4.9.6.2 - aioseo.com -->\n\t<meta name=\"description\" content=\"La alcaldesa de Carre\u00f1o, Amelia Fern\u00e1ndez, anunci\u00f3 este lunes mediante un comunicado de prensa que la Asociaci\u00f3n de Mujeres Rurales \u201cNosotras\u201d llevar\u00e1 a cabo el pr\u00f3ximo martes 11 de septiembre la tradicional marcha jubilar que partir\u00e1 desde el Santuario de Nuestra Se\u00f1ora de los Remedios en Guimar\u00e1n hasta Cand\u00e1s. En este sentido, Fern\u00e1ndez ha informado\" \/>\n\t<meta name=\"robots\" content=\"max-image-preview:large\" \/>\n\t<meta name=\"author\" content=\"Cand\u00e1s 365\"\/>\n\t<meta name=\"google-site-verification\" content=\"UA-32230408-1\" \/>\n\t<meta name=\"msvalidate.01\" content=\"354F3CDFB2DA171B47FBE9ABF1F88D5\" \/>\n\t<meta name=\"keywords\" content=\"noticias carre\u00f1o\" \/>\n\t<link rel=\"canonical\" href=\"https:\/\/candas365.es\/noticias\/carreno-acogera-xviii-marcha-jubilar-de-las-mujeres-rurales\/\" \/>\n\t<meta name=\"generator\" content=\"All in One SEO Pro (AIOSEO) 4.9.6.2\" \/>\n\t\t<meta property=\"og:locale\" content=\"es_ES\" \/>\n\t\t<meta property=\"og:site_name\" content=\"Cand\u00e1s 365\" \/>\n\t\t<meta property=\"og:type\" content=\"article\" \/>\n\t\t<meta property=\"og:title\" content=\"Carre\u00f1o acoger\u00e1 XVIII Marcha Jubilar de las Mujeres Rurales | Cand\u00e1s 365\" \/>\n\t\t<meta property=\"og:description\" content=\"La alcaldesa de Carre\u00f1o, Amelia Fern\u00e1ndez, anunci\u00f3 este lunes mediante un comunicado de prensa que la Asociaci\u00f3n de Mujeres Rurales \u201cNosotras\u201d llevar\u00e1 a cabo el pr\u00f3ximo martes 11 de septiembre la tradicional marcha jubilar que partir\u00e1 desde el Santuario de Nuestra Se\u00f1ora de los Remedios en Guimar\u00e1n hasta Cand\u00e1s. En este sentido, Fern\u00e1ndez ha informado\" \/>\n\t\t<meta property=\"og:url\" content=\"https:\/\/candas365.es\/noticias\/carreno-acogera-xviii-marcha-jubilar-de-las-mujeres-rurales\/\" \/>\n\t\t<meta property=\"og:image\" content=\"https:\/\/candas365.es\/noticias\/wp-content\/uploads\/2018\/09\/marcha-mujeres.jpg\" \/>\n\t\t<meta property=\"og:image:secure_url\" content=\"https:\/\/candas365.es\/noticias\/wp-content\/uploads\/2018\/09\/marcha-mujeres.jpg\" \/>\n\t\t<meta property=\"og:image:width\" content=\"1600\" \/>\n\t\t<meta property=\"og:image:height\" content=\"900\" \/>\n\t\t<meta property=\"article:published_time\" content=\"2018-09-10T17:14:25+00:00\" \/>\n\t\t<meta property=\"article:modified_time\" content=\"2018-09-10T17:14:25+00:00\" \/>\n\t\t<meta property=\"article:publisher\" content=\"https:\/\/www.facebook.com\/Nachofdezber\" \/>\n\t\t<meta property=\"article:author\" content=\"https:\/\/www.facebook.com\/carrenoactualidad\" \/>\n\t\t<meta name=\"twitter:card\" content=\"summary_large_image\" \/>\n\t\t<meta name=\"twitter:site\" content=\"@NabercoDigital\" \/>\n\t\t<meta name=\"twitter:title\" content=\"Carre\u00f1o acoger\u00e1 XVIII Marcha Jubilar de las Mujeres Rurales | Cand\u00e1s 365\" \/>\n\t\t<meta name=\"twitter:description\" content=\"La alcaldesa de Carre\u00f1o, Amelia Fern\u00e1ndez, anunci\u00f3 este lunes mediante un comunicado de prensa que la Asociaci\u00f3n de Mujeres Rurales \u201cNosotras\u201d llevar\u00e1 a cabo el pr\u00f3ximo martes 11 de septiembre la tradicional marcha jubilar que partir\u00e1 desde el Santuario de Nuestra Se\u00f1ora de los Remedios en Guimar\u00e1n hasta Cand\u00e1s. En este sentido, Fern\u00e1ndez ha informado\" \/>\n\t\t<meta name=\"twitter:creator\" content=\"@nbasturias\" \/>\n\t\t<meta name=\"twitter:image\" content=\"https:\/\/candas365.es\/noticias\/wp-content\/uploads\/2018\/09\/marcha-mujeres.jpg\" \/>\n\t\t<meta name=\"twitter:label1\" content=\"Escrito por\" \/>\n\t\t<meta name=\"twitter:data1\" content=\"Cand\u00e1s 365\" \/>\n\t\t<meta name=\"twitter:label2\" content=\"Tiempo de lectura estimado\" \/>\n\t\t<meta name=\"twitter:data2\" content=\"2 minutos\" \/>\n\t\t<script type=\"application\/ld+json\" class=\"aioseo-schema\">\n\t\t\t{\"@context\":\"https:\\\/\\\/schema.org\",\"@graph\":[{\"@type\":\"BreadcrumbList\",\"@id\":\"https:\\\/\\\/candas365.es\\\/noticias\\\/carreno-acogera-xviii-marcha-jubilar-de-las-mujeres-rurales\\\/#breadcrumblist\",\"itemListElement\":[{\"@type\":\"ListItem\",\"@id\":\"https:\\\/\\\/candas365.es\\\/noticias#listItem\",\"position\":1,\"name\":\"Home\",\"item\":\"https:\\\/\\\/candas365.es\\\/noticias\",\"nextItem\":{\"@type\":\"ListItem\",\"@id\":\"https:\\\/\\\/candas365.es\\\/noticias\\\/category\\\/noticias-carreno\\\/#listItem\",\"name\":\"Noticias Carre\\u00f1o\"}},{\"@type\":\"ListItem\",\"@id\":\"https:\\\/\\\/candas365.es\\\/noticias\\\/category\\\/noticias-carreno\\\/#listItem\",\"position\":2,\"name\":\"Noticias Carre\\u00f1o\",\"item\":\"https:\\\/\\\/candas365.es\\\/noticias\\\/category\\\/noticias-carreno\\\/\",\"nextItem\":{\"@type\":\"ListItem\",\"@id\":\"https:\\\/\\\/candas365.es\\\/noticias\\\/carreno-acogera-xviii-marcha-jubilar-de-las-mujeres-rurales\\\/#listItem\",\"name\":\"Carre\\u00f1o acoger\\u00e1 XVIII Marcha Jubilar de las Mujeres Rurales\"},\"previousItem\":{\"@type\":\"ListItem\",\"@id\":\"https:\\\/\\\/candas365.es\\\/noticias#listItem\",\"name\":\"Home\"}},{\"@type\":\"ListItem\",\"@id\":\"https:\\\/\\\/candas365.es\\\/noticias\\\/carreno-acogera-xviii-marcha-jubilar-de-las-mujeres-rurales\\\/#listItem\",\"position\":3,\"name\":\"Carre\\u00f1o acoger\\u00e1 XVIII Marcha Jubilar de las Mujeres Rurales\",\"previousItem\":{\"@type\":\"ListItem\",\"@id\":\"https:\\\/\\\/candas365.es\\\/noticias\\\/category\\\/noticias-carreno\\\/#listItem\",\"name\":\"Noticias Carre\\u00f1o\"}}]},{\"@type\":\"NewsArticle\",\"@id\":\"https:\\\/\\\/candas365.es\\\/noticias\\\/carreno-acogera-xviii-marcha-jubilar-de-las-mujeres-rurales\\\/#newsarticle\",\"name\":\"Carre\\u00f1o acoger\\u00e1 XVIII Marcha Jubilar de las Mujeres Rurales | Cand\\u00e1s 365\",\"headline\":\"Carre\\u00f1o acoger\\u00e1 XVIII Marcha Jubilar de las Mujeres Rurales\",\"author\":{\"@id\":\"https:\\\/\\\/candas365.es\\\/noticias\\\/author\\\/admin\\\/#author\"},\"publisher\":{\"@id\":\"https:\\\/\\\/candas365.es\\\/noticias\\\/#organization\"},\"image\":{\"@type\":\"ImageObject\",\"url\":\"https:\\\/\\\/candas365.es\\\/noticias\\\/wp-content\\\/uploads\\\/2018\\\/09\\\/marcha-mujeres.jpg\",\"width\":1600,\"height\":900},\"datePublished\":\"2018-09-10T17:14:25+02:00\",\"dateModified\":\"2018-09-10T17:14:25+02:00\",\"inLanguage\":\"es-ES\",\"mainEntityOfPage\":{\"@id\":\"https:\\\/\\\/candas365.es\\\/noticias\\\/carreno-acogera-xviii-marcha-jubilar-de-las-mujeres-rurales\\\/#webpage\"},\"isPartOf\":{\"@id\":\"https:\\\/\\\/candas365.es\\\/noticias\\\/carreno-acogera-xviii-marcha-jubilar-de-las-mujeres-rurales\\\/#webpage\"},\"articleSection\":\"Noticias Carre\\u00f1o\",\"dateline\":\"Publicado el septiembre 10, 2018.\"},{\"@type\":\"Organization\",\"@id\":\"https:\\\/\\\/candas365.es\\\/noticias\\\/#organization\",\"name\":\"Cand\\u00e1s 365\",\"description\":\"Cand\\u00e1s 365 es un diario digital independiente, fundado en 2012, con base en Asturias. Informamos con rigor sobre actualidad, sociedad, cultura y ocio, con una mirada local y global.\",\"url\":\"https:\\\/\\\/candas365.es\\\/noticias\\\/\",\"email\":\"info@candas365.es\",\"telephone\":\"+34652131393\",\"foundingDate\":\"2012-06-10\",\"logo\":{\"@type\":\"ImageObject\",\"url\":\"https:\\\/\\\/candas365.es\\\/noticias\\\/wp-content\\\/uploads\\\/2024\\\/09\\\/Candas-365-Redes.jpg\",\"@id\":\"https:\\\/\\\/candas365.es\\\/noticias\\\/carreno-acogera-xviii-marcha-jubilar-de-las-mujeres-rurales\\\/#organizationLogo\",\"width\":1152,\"height\":864,\"caption\":\"Cand\\u00e1s 365 Redes\"},\"image\":{\"@id\":\"https:\\\/\\\/candas365.es\\\/noticias\\\/carreno-acogera-xviii-marcha-jubilar-de-las-mujeres-rurales\\\/#organizationLogo\"},\"sameAs\":[\"https:\\\/\\\/www.facebook.com\\\/Nachofdezber\",\"https:\\\/\\\/x.com\\\/NabercoDigital\",\"https:\\\/\\\/www.instagram.com\\\/nachofdezber\\\/\",\"https:\\\/\\\/www.youtube.com\\\/channel\\\/UCZP-2wLEB9Rv6erhFmqVnvg\"],\"address\":{\"@id\":\"https:\\\/\\\/candas365.es\\\/noticias\\\/#postaladdress\",\"@type\":\"PostalAddress\",\"streetAddress\":\"san antonio 4, san antonio 4\",\"postalCode\":\"33430\",\"addressLocality\":\"Cand\\u00e1s\",\"addressRegion\":\"Asturias\",\"addressCountry\":\"ES\"}},{\"@type\":\"Person\",\"@id\":\"https:\\\/\\\/candas365.es\\\/noticias\\\/author\\\/admin\\\/#author\",\"url\":\"https:\\\/\\\/candas365.es\\\/noticias\\\/author\\\/admin\\\/\",\"name\":\"Cand\\u00e1s 365\",\"image\":{\"@type\":\"ImageObject\",\"@id\":\"https:\\\/\\\/candas365.es\\\/noticias\\\/carreno-acogera-xviii-marcha-jubilar-de-las-mujeres-rurales\\\/#authorImage\",\"url\":\"https:\\\/\\\/secure.gravatar.com\\\/avatar\\\/496a8e03d0c493ede1718b7934145dbdf8d89be1036b0eec9544e1094c9de390?s=96&d=mm&r=g\",\"width\":96,\"height\":96,\"caption\":\"Cand\\u00e1s 365\"},\"sameAs\":[\"https:\\\/\\\/www.facebook.com\\\/carrenoactualidad\",\"https:\\\/\\\/twitter.com\\\/nbasturias\",\"https:\\\/\\\/www.instagram.com\\\/nachofdezber\\\/\",\"https:\\\/\\\/www.youtube.com\\\/channel\\\/UCZP-2wLEB9Rv6erhFmqVnvg\"]},{\"@type\":\"WebPage\",\"@id\":\"https:\\\/\\\/candas365.es\\\/noticias\\\/carreno-acogera-xviii-marcha-jubilar-de-las-mujeres-rurales\\\/#webpage\",\"url\":\"https:\\\/\\\/candas365.es\\\/noticias\\\/carreno-acogera-xviii-marcha-jubilar-de-las-mujeres-rurales\\\/\",\"name\":\"Carre\\u00f1o acoger\\u00e1 XVIII Marcha Jubilar de las Mujeres Rurales | Cand\\u00e1s 365\",\"description\":\"La alcaldesa de Carre\\u00f1o, Amelia Fern\\u00e1ndez, anunci\\u00f3 este lunes mediante un comunicado de prensa que la Asociaci\\u00f3n de Mujeres Rurales \\u201cNosotras\\u201d llevar\\u00e1 a cabo el pr\\u00f3ximo martes 11 de septiembre la tradicional marcha jubilar que partir\\u00e1 desde el Santuario de Nuestra Se\\u00f1ora de los Remedios en Guimar\\u00e1n hasta Cand\\u00e1s. En este sentido, Fern\\u00e1ndez ha informado\",\"inLanguage\":\"es-ES\",\"isPartOf\":{\"@id\":\"https:\\\/\\\/candas365.es\\\/noticias\\\/#website\"},\"breadcrumb\":{\"@id\":\"https:\\\/\\\/candas365.es\\\/noticias\\\/carreno-acogera-xviii-marcha-jubilar-de-las-mujeres-rurales\\\/#breadcrumblist\"},\"author\":{\"@id\":\"https:\\\/\\\/candas365.es\\\/noticias\\\/author\\\/admin\\\/#author\"},\"creator\":{\"@id\":\"https:\\\/\\\/candas365.es\\\/noticias\\\/author\\\/admin\\\/#author\"},\"image\":{\"@type\":\"ImageObject\",\"url\":\"https:\\\/\\\/candas365.es\\\/noticias\\\/wp-content\\\/uploads\\\/2018\\\/09\\\/marcha-mujeres.jpg\",\"@id\":\"https:\\\/\\\/candas365.es\\\/noticias\\\/carreno-acogera-xviii-marcha-jubilar-de-las-mujeres-rurales\\\/#mainImage\",\"width\":1600,\"height\":900},\"primaryImageOfPage\":{\"@id\":\"https:\\\/\\\/candas365.es\\\/noticias\\\/carreno-acogera-xviii-marcha-jubilar-de-las-mujeres-rurales\\\/#mainImage\"},\"datePublished\":\"2018-09-10T17:14:25+02:00\",\"dateModified\":\"2018-09-10T17:14:25+02:00\"},{\"@type\":\"WebSite\",\"@id\":\"https:\\\/\\\/candas365.es\\\/noticias\\\/#website\",\"url\":\"https:\\\/\\\/candas365.es\\\/noticias\\\/\",\"name\":\"Cand\\u00e1s 365\",\"alternateName\":\"Cand\\u00e1s 365 Noticias\",\"description\":\"Actualidad desde Carre\\u00f1o para el mundo\",\"inLanguage\":\"es-ES\",\"publisher\":{\"@id\":\"https:\\\/\\\/candas365.es\\\/noticias\\\/#organization\"}}]}\n\t\t<\/script>\n\t\t<!-- All in One SEO Pro -->\r\n\t\t<title>Carre\u00f1o acoger\u00e1 XVIII Marcha Jubilar de las Mujeres Rurales | Cand\u00e1s 365<\/title>\n\n","aioseo_head_json":{"title":"Carre\u00f1o acoger\u00e1 XVIII Marcha Jubilar de las Mujeres Rurales | Cand\u00e1s 365","description":"La alcaldesa de Carre\u00f1o, Amelia Fern\u00e1ndez, anunci\u00f3 este lunes mediante un comunicado de prensa que la Asociaci\u00f3n de Mujeres Rurales \u201cNosotras\u201d llevar\u00e1 a cabo el pr\u00f3ximo martes 11 de septiembre la tradicional marcha jubilar que partir\u00e1 desde el Santuario de Nuestra Se\u00f1ora de los Remedios en Guimar\u00e1n hasta Cand\u00e1s. En este sentido, Fern\u00e1ndez ha informado","canonical_url":"https:\/\/candas365.es\/noticias\/carreno-acogera-xviii-marcha-jubilar-de-las-mujeres-rurales\/","robots":"max-image-preview:large","keywords":"noticias carre\u00f1o","webmasterTools":{"google-site-verification":"UA-32230408-1","msvalidate.01":"354F3CDFB2DA171B47FBE9ABF1F88D5","miscellaneous":""},"schema":{"@context":"https:\/\/schema.org","@graph":[{"@type":"BreadcrumbList","@id":"https:\/\/candas365.es\/noticias\/carreno-acogera-xviii-marcha-jubilar-de-las-mujeres-rurales\/#breadcrumblist","itemListElement":[{"@type":"ListItem","@id":"https:\/\/candas365.es\/noticias#listItem","position":1,"name":"Home","item":"https:\/\/candas365.es\/noticias","nextItem":{"@type":"ListItem","@id":"https:\/\/candas365.es\/noticias\/category\/noticias-carreno\/#listItem","name":"Noticias Carre\u00f1o"}},{"@type":"ListItem","@id":"https:\/\/candas365.es\/noticias\/category\/noticias-carreno\/#listItem","position":2,"name":"Noticias Carre\u00f1o","item":"https:\/\/candas365.es\/noticias\/category\/noticias-carreno\/","nextItem":{"@type":"ListItem","@id":"https:\/\/candas365.es\/noticias\/carreno-acogera-xviii-marcha-jubilar-de-las-mujeres-rurales\/#listItem","name":"Carre\u00f1o acoger\u00e1 XVIII Marcha Jubilar de las Mujeres Rurales"},"previousItem":{"@type":"ListItem","@id":"https:\/\/candas365.es\/noticias#listItem","name":"Home"}},{"@type":"ListItem","@id":"https:\/\/candas365.es\/noticias\/carreno-acogera-xviii-marcha-jubilar-de-las-mujeres-rurales\/#listItem","position":3,"name":"Carre\u00f1o acoger\u00e1 XVIII Marcha Jubilar de las Mujeres Rurales","previousItem":{"@type":"ListItem","@id":"https:\/\/candas365.es\/noticias\/category\/noticias-carreno\/#listItem","name":"Noticias Carre\u00f1o"}}]},{"@type":"NewsArticle","@id":"https:\/\/candas365.es\/noticias\/carreno-acogera-xviii-marcha-jubilar-de-las-mujeres-rurales\/#newsarticle","name":"Carre\u00f1o acoger\u00e1 XVIII Marcha Jubilar de las Mujeres Rurales | Cand\u00e1s 365","headline":"Carre\u00f1o acoger\u00e1 XVIII Marcha Jubilar de las Mujeres Rurales","author":{"@id":"https:\/\/candas365.es\/noticias\/author\/admin\/#author"},"publisher":{"@id":"https:\/\/candas365.es\/noticias\/#organization"},"image":{"@type":"ImageObject","url":"https:\/\/candas365.es\/noticias\/wp-content\/uploads\/2018\/09\/marcha-mujeres.jpg","width":1600,"height":900},"datePublished":"2018-09-10T17:14:25+02:00","dateModified":"2018-09-10T17:14:25+02:00","inLanguage":"es-ES","mainEntityOfPage":{"@id":"https:\/\/candas365.es\/noticias\/carreno-acogera-xviii-marcha-jubilar-de-las-mujeres-rurales\/#webpage"},"isPartOf":{"@id":"https:\/\/candas365.es\/noticias\/carreno-acogera-xviii-marcha-jubilar-de-las-mujeres-rurales\/#webpage"},"articleSection":"Noticias Carre\u00f1o","dateline":"Publicado el septiembre 10, 2018."},{"@type":"Organization","@id":"https:\/\/candas365.es\/noticias\/#organization","name":"Cand\u00e1s 365","description":"Cand\u00e1s 365 es un diario digital independiente, fundado en 2012, con base en Asturias. Informamos con rigor sobre actualidad, sociedad, cultura y ocio, con una mirada local y global.","url":"https:\/\/candas365.es\/noticias\/","email":"info@candas365.es","telephone":"+34652131393","foundingDate":"2012-06-10","logo":{"@type":"ImageObject","url":"https:\/\/candas365.es\/noticias\/wp-content\/uploads\/2024\/09\/Candas-365-Redes.jpg","@id":"https:\/\/candas365.es\/noticias\/carreno-acogera-xviii-marcha-jubilar-de-las-mujeres-rurales\/#organizationLogo","width":1152,"height":864,"caption":"Cand\u00e1s 365 Redes"},"image":{"@id":"https:\/\/candas365.es\/noticias\/carreno-acogera-xviii-marcha-jubilar-de-las-mujeres-rurales\/#organizationLogo"},"sameAs":["https:\/\/www.facebook.com\/Nachofdezber","https:\/\/x.com\/NabercoDigital","https:\/\/www.instagram.com\/nachofdezber\/","https:\/\/www.youtube.com\/channel\/UCZP-2wLEB9Rv6erhFmqVnvg"],"address":{"@id":"https:\/\/candas365.es\/noticias\/#postaladdress","@type":"PostalAddress","streetAddress":"san antonio 4, san antonio 4","postalCode":"33430","addressLocality":"Cand\u00e1s","addressRegion":"Asturias","addressCountry":"ES"}},{"@type":"Person","@id":"https:\/\/candas365.es\/noticias\/author\/admin\/#author","url":"https:\/\/candas365.es\/noticias\/author\/admin\/","name":"Cand\u00e1s 365","image":{"@type":"ImageObject","@id":"https:\/\/candas365.es\/noticias\/carreno-acogera-xviii-marcha-jubilar-de-las-mujeres-rurales\/#authorImage","url":"https:\/\/secure.gravatar.com\/avatar\/496a8e03d0c493ede1718b7934145dbdf8d89be1036b0eec9544e1094c9de390?s=96&d=mm&r=g","width":96,"height":96,"caption":"Cand\u00e1s 365"},"sameAs":["https:\/\/www.facebook.com\/carrenoactualidad","https:\/\/twitter.com\/nbasturias","https:\/\/www.instagram.com\/nachofdezber\/","https:\/\/www.youtube.com\/channel\/UCZP-2wLEB9Rv6erhFmqVnvg"]},{"@type":"WebPage","@id":"https:\/\/candas365.es\/noticias\/carreno-acogera-xviii-marcha-jubilar-de-las-mujeres-rurales\/#webpage","url":"https:\/\/candas365.es\/noticias\/carreno-acogera-xviii-marcha-jubilar-de-las-mujeres-rurales\/","name":"Carre\u00f1o acoger\u00e1 XVIII Marcha Jubilar de las Mujeres Rurales | Cand\u00e1s 365","description":"La alcaldesa de Carre\u00f1o, Amelia Fern\u00e1ndez, anunci\u00f3 este lunes mediante un comunicado de prensa que la Asociaci\u00f3n de Mujeres Rurales \u201cNosotras\u201d llevar\u00e1 a cabo el pr\u00f3ximo martes 11 de septiembre la tradicional marcha jubilar que partir\u00e1 desde el Santuario de Nuestra Se\u00f1ora de los Remedios en Guimar\u00e1n hasta Cand\u00e1s. En este sentido, Fern\u00e1ndez ha informado","inLanguage":"es-ES","isPartOf":{"@id":"https:\/\/candas365.es\/noticias\/#website"},"breadcrumb":{"@id":"https:\/\/candas365.es\/noticias\/carreno-acogera-xviii-marcha-jubilar-de-las-mujeres-rurales\/#breadcrumblist"},"author":{"@id":"https:\/\/candas365.es\/noticias\/author\/admin\/#author"},"creator":{"@id":"https:\/\/candas365.es\/noticias\/author\/admin\/#author"},"image":{"@type":"ImageObject","url":"https:\/\/candas365.es\/noticias\/wp-content\/uploads\/2018\/09\/marcha-mujeres.jpg","@id":"https:\/\/candas365.es\/noticias\/carreno-acogera-xviii-marcha-jubilar-de-las-mujeres-rurales\/#mainImage","width":1600,"height":900},"primaryImageOfPage":{"@id":"https:\/\/candas365.es\/noticias\/carreno-acogera-xviii-marcha-jubilar-de-las-mujeres-rurales\/#mainImage"},"datePublished":"2018-09-10T17:14:25+02:00","dateModified":"2018-09-10T17:14:25+02:00"},{"@type":"WebSite","@id":"https:\/\/candas365.es\/noticias\/#website","url":"https:\/\/candas365.es\/noticias\/","name":"Cand\u00e1s 365","alternateName":"Cand\u00e1s 365 Noticias","description":"Actualidad desde Carre\u00f1o para el mundo","inLanguage":"es-ES","publisher":{"@id":"https:\/\/candas365.es\/noticias\/#organization"}}]},"og:locale":"es_ES","og:site_name":"Cand\u00e1s 365","og:type":"article","og:title":"Carre\u00f1o acoger\u00e1 XVIII Marcha Jubilar de las Mujeres Rurales | Cand\u00e1s 365","og:description":"La alcaldesa de Carre\u00f1o, Amelia Fern\u00e1ndez, anunci\u00f3 este lunes mediante un comunicado de prensa que la Asociaci\u00f3n de Mujeres Rurales \u201cNosotras\u201d llevar\u00e1 a cabo el pr\u00f3ximo martes 11 de septiembre la tradicional marcha jubilar que partir\u00e1 desde el Santuario de Nuestra Se\u00f1ora de los Remedios en Guimar\u00e1n hasta Cand\u00e1s. En este sentido, Fern\u00e1ndez ha informado","og:url":"https:\/\/candas365.es\/noticias\/carreno-acogera-xviii-marcha-jubilar-de-las-mujeres-rurales\/","og:image":"https:\/\/candas365.es\/noticias\/wp-content\/uploads\/2018\/09\/marcha-mujeres.jpg","og:image:secure_url":"https:\/\/candas365.es\/noticias\/wp-content\/uploads\/2018\/09\/marcha-mujeres.jpg","og:image:width":1600,"og:image:height":900,"article:published_time":"2018-09-10T17:14:25+00:00","article:modified_time":"2018-09-10T17:14:25+00:00","article:publisher":"https:\/\/www.facebook.com\/Nachofdezber","article:author":"https:\/\/www.facebook.com\/carrenoactualidad","twitter:card":"summary_large_image","twitter:site":"@NabercoDigital","twitter:title":"Carre\u00f1o acoger\u00e1 XVIII Marcha Jubilar de las Mujeres Rurales | Cand\u00e1s 365","twitter:description":"La alcaldesa de Carre\u00f1o, Amelia Fern\u00e1ndez, anunci\u00f3 este lunes mediante un comunicado de prensa que la Asociaci\u00f3n de Mujeres Rurales \u201cNosotras\u201d llevar\u00e1 a cabo el pr\u00f3ximo martes 11 de septiembre la tradicional marcha jubilar que partir\u00e1 desde el Santuario de Nuestra Se\u00f1ora de los Remedios en Guimar\u00e1n hasta Cand\u00e1s. En este sentido, Fern\u00e1ndez ha informado","twitter:creator":"@nbasturias","twitter:image":"https:\/\/candas365.es\/noticias\/wp-content\/uploads\/2018\/09\/marcha-mujeres.jpg","twitter:label1":"Escrito por","twitter:data1":"Cand\u00e1s 365","twitter:label2":"Tiempo de lectura estimado","twitter:data2":"2 minutos"},"aioseo_meta_data":{"post_id":"104938","title":null,"description":null,"keywords":null,"keyphrases":null,"primary_term":null,"canonical_url":null,"og_title":null,"og_description":null,"og_object_type":"default","og_image_type":"default","og_image_url":null,"og_image_width":null,"og_image_height":null,"og_image_custom_url":null,"og_image_custom_fields":null,"og_video":null,"og_custom_url":null,"og_article_section":null,"og_article_tags":null,"twitter_use_og":false,"twitter_card":"default","twitter_image_type":"default","twitter_image_url":null,"twitter_image_custom_url":null,"twitter_image_custom_fields":null,"twitter_title":null,"twitter_description":null,"schema":{"blockGraphs":[],"customGraphs":[],"default":{"data":{"Article":[],"Course":[],"Dataset":[],"FAQPage":[],"Movie":[],"Person":[],"Product":[],"ProductReview":[],"Car":[],"Recipe":[],"Service":[],"SoftwareApplication":[],"WebPage":[]},"graphName":"","isEnabled":true},"graphs":[]},"schema_type":null,"schema_type_options":null,"pillar_content":false,"robots_default":true,"robots_noindex":false,"robots_noarchive":false,"robots_nosnippet":false,"robots_nofollow":false,"robots_noimageindex":false,"robots_noodp":false,"robots_notranslate":false,"robots_max_snippet":null,"robots_max_videopreview":null,"robots_max_imagepreview":"large","priority":null,"frequency":null,"location":null,"local_seo":null,"seo_analyzer_scan_date":"2025-08-27 20:57:19","breadcrumb_settings":null,"limit_modified_date":false,"reviewed_by":null,"open_ai":null,"ai":null,"created":"2020-12-21 11:45:29","updated":"2025-08-27 20:57:19"},"aioseo_breadcrumb":"<div class=\"aioseo-breadcrumbs\"><span class=\"aioseo-breadcrumb\">\n\t<a href=\"https:\/\/candas365.es\/noticias\" title=\"Home\">Home<\/a>\n<\/span><span class=\"aioseo-breadcrumb-separator\">&ndash;<\/span><span class=\"aioseo-breadcrumb\">\n\t<a href=\"https:\/\/candas365.es\/noticias\/category\/noticias-carreno\/\" title=\"Noticias Carre\u00f1o\">Noticias Carre\u00f1o<\/a>\n<\/span><span class=\"aioseo-breadcrumb-separator\">&ndash;<\/span><span class=\"aioseo-breadcrumb\">\n\tCarre\u00f1o acoger\u00e1 XVIII Marcha Jubilar de las Mujeres Rurales\n<\/span><\/div>","aioseo_breadcrumb_json":[{"label":"Home","link":"https:\/\/candas365.es\/noticias"},{"label":"Noticias Carre\u00f1o","link":"https:\/\/candas365.es\/noticias\/category\/noticias-carreno\/"},{"label":"Carre\u00f1o acoger\u00e1 XVIII Marcha Jubilar de las Mujeres Rurales","link":"https:\/\/candas365.es\/noticias\/carreno-acogera-xviii-marcha-jubilar-de-las-mujeres-rurales\/"}],"_links":{"self":[{"href":"https:\/\/candas365.es\/noticias\/wp-json\/wp\/v2\/posts\/104938","targetHints":{"allow":["GET"]}}],"collection":[{"href":"https:\/\/candas365.es\/noticias\/wp-json\/wp\/v2\/posts"}],"about":[{"href":"https:\/\/candas365.es\/noticias\/wp-json\/wp\/v2\/types\/post"}],"author":[{"embeddable":true,"href":"https:\/\/candas365.es\/noticias\/wp-json\/wp\/v2\/users\/1"}],"replies":[{"embeddable":true,"href":"https:\/\/candas365.es\/noticias\/wp-json\/wp\/v2\/comments?post=104938"}],"version-history":[{"count":0,"href":"https:\/\/candas365.es\/noticias\/wp-json\/wp\/v2\/posts\/104938\/revisions"}],"wp:featuredmedia":[{"embeddable":true,"href":"https:\/\/candas365.es\/noticias\/wp-json\/wp\/v2\/media\/104939"}],"wp:attachment":[{"href":"https:\/\/candas365.es\/noticias\/wp-json\/wp\/v2\/media?parent=104938"}],"wp:term":[{"taxonomy":"category","embeddable":true,"href":"https:\/\/candas365.es\/noticias\/wp-json\/wp\/v2\/categories?post=104938"},{"taxonomy":"post_tag","embeddable":true,"href":"https:\/\/candas365.es\/noticias\/wp-json\/wp\/v2\/tags?post=104938"}],"curies":[{"name":"wp","href":"https:\/\/api.w.org\/{rel}","templated":true}]}}