{"id":104707,"date":"2018-09-06T23:03:57","date_gmt":"2018-09-06T23:03:57","guid":{"rendered":"http:\/\/candas365.es\/noticias\/?p=104707"},"modified":"2018-09-06T23:03:57","modified_gmt":"2018-09-06T23:03:57","slug":"candas-punto-de-partida-de-las-etapas-de-la-vuelta-que-discurriran-en-asturias","status":"publish","type":"post","link":"https:\/\/candas365.es\/noticias\/candas-punto-de-partida-de-las-etapas-de-la-vuelta-que-discurriran-en-asturias\/","title":{"rendered":"Cand\u00e1s punto de partida de las etapas de La Vuelta que discurrir\u00e1n en Asturias"},"content":{"rendered":"<p><img fetchpriority=\"high\" decoding=\"async\" class=\"alignleft size-medium wp-image-94663\" src=\"https:\/\/candas365.es\/noticias\/wp-content\/uploads\/2018\/04\/candas-360x223.jpg\" alt=\"\" width=\"360\" height=\"223\" srcset=\"https:\/\/candas365.es\/noticias\/wp-content\/uploads\/2018\/04\/candas-360x223.jpg 360w, https:\/\/candas365.es\/noticias\/wp-content\/uploads\/2018\/04\/candas-768x475.jpg 768w, https:\/\/candas365.es\/noticias\/wp-content\/uploads\/2018\/04\/candas-655x405.jpg 655w, https:\/\/candas365.es\/noticias\/wp-content\/uploads\/2018\/04\/candas-356x220.jpg 356w, https:\/\/candas365.es\/noticias\/wp-content\/uploads\/2018\/04\/candas-696x431.jpg 696w, https:\/\/candas365.es\/noticias\/wp-content\/uploads\/2018\/04\/candas-679x420.jpg 679w, https:\/\/candas365.es\/noticias\/wp-content\/uploads\/2018\/04\/candas.jpg 892w\" sizes=\"(max-width: 360px) 100vw, 360px\" \/>La Vuelta Ciclista a Espa\u00f1a afrontar\u00e1 ma\u00f1ana la primera de las tres etapas que discurrir\u00e1n en Asturias. El paso de la competici\u00f3n, que el domingo finalizar\u00e1 en los lagos de Covadonga, coincide con la conmemoraci\u00f3n del triple aniversario de los 1.300 a\u00f1os de los or\u00edgenes del Reino de Asturias, el siglo de la creaci\u00f3n del Parque Nacional de los Picos de Europa, y el centenario de la coronaci\u00f3n can\u00f3nica de la Virgen.<\/p>\n<p>Asturias acoge dos salidas y dos llegadas. Ma\u00f1ana, 7 de septiembre, los ciclistas saldr\u00e1n de Cand\u00e1s y finalizar\u00e1n en La Camperona (Le\u00f3n), tras haber recorrido 175 kil\u00f3metros. El s\u00e1bado, D\u00eda de Asturias, el pelot\u00f3n llegar\u00e1 a Les Praeres (Nava), un final de etapa in\u00e9dito en esta prueba despu\u00e9s de haber recorrido 171 kil\u00f3metros.<\/p>\n<p>El domingo, La Vuelta se sumar\u00e1 a las conmemoraciones de los Centenarios de Covadonga con una etapa de 178 kil\u00f3metros que culminar\u00e1 en los lagos. El pelot\u00f3n saldr\u00e1 de Ribera de Arriba y pasar\u00e1 dos veces por El Fitu.<\/p>\n<p>Asturias ha incorporado el turismo activo y deportivo en su Programa de Turismo Sostenible 2020. El ciclismo cuenta con especial relevancia en este apartado tanto por el potencial del Principado para la pr\u00e1ctica de este deporte como por la proyecci\u00f3n de los distintos eventos que acoge de esta disciplina. De hecho, La Vuelta constituye uno de los soportes m\u00e1s relevantes de promoci\u00f3n tur\u00edstica de Asturias.<\/p>\n<p>El Principado contar\u00e1 con un stand de informaci\u00f3n y promoci\u00f3n en las zonas de salida. En meta, se repartir\u00e1 material de Asturias Para\u00edso Natural y su campa\u00f1a Vuelve al Para\u00edso para aprovechar la afluencia de aficionados de otros puntos de Espa\u00f1a y del extranjero.<\/p>\n<p>En 2017, las etapas asturianas de La Vuelta superaron los 4,5 millones de telespectadores. A este hecho, se suma el gasto directo en el Principado, pr\u00f3ximo a los 900.000 euros.<\/p>\n","protected":false},"excerpt":{"rendered":"<p>La Vuelta Ciclista a Espa\u00f1a afrontar\u00e1 ma\u00f1ana la primera de las tres etapas que discurrir\u00e1n en Asturias. El paso de la competici\u00f3n, que el domingo finalizar\u00e1 en los lagos de Covadonga, coincide con la conmemoraci\u00f3n del triple aniversario de los 1.300 a\u00f1os de los or\u00edgenes del Reino de Asturias, el siglo de la creaci\u00f3n del<\/p>\n","protected":false},"author":1,"featured_media":94663,"comment_status":"closed","ping_status":"closed","sticky":false,"template":"","format":"standard","meta":{"footnotes":""},"categories":[2],"tags":[],"class_list":{"0":"post-104707","1":"post","2":"type-post","3":"status-publish","4":"format-standard","5":"has-post-thumbnail","7":"category-noticias-carreno"},"aioseo_notices":[],"aioseo_head":"\n\t\t<!-- All in One SEO Pro 4.9.6.2 - aioseo.com -->\n\t<meta name=\"description\" content=\"La Vuelta Ciclista a Espa\u00f1a afrontar\u00e1 ma\u00f1ana la primera de las tres etapas que discurrir\u00e1n en Asturias. El paso de la competici\u00f3n, que el domingo finalizar\u00e1 en los lagos de Covadonga, coincide con la conmemoraci\u00f3n del triple aniversario de los 1.300 a\u00f1os de los or\u00edgenes del Reino de Asturias, el siglo de la creaci\u00f3n del\" \/>\n\t<meta name=\"robots\" content=\"max-image-preview:large\" \/>\n\t<meta name=\"author\" content=\"Cand\u00e1s 365\"\/>\n\t<meta name=\"google-site-verification\" content=\"UA-32230408-1\" \/>\n\t<meta name=\"msvalidate.01\" content=\"354F3CDFB2DA171B47FBE9ABF1F88D5\" \/>\n\t<meta name=\"keywords\" content=\"noticias carre\u00f1o\" \/>\n\t<link rel=\"canonical\" href=\"https:\/\/candas365.es\/noticias\/candas-punto-de-partida-de-las-etapas-de-la-vuelta-que-discurriran-en-asturias\/\" \/>\n\t<meta name=\"generator\" content=\"All in One SEO Pro (AIOSEO) 4.9.6.2\" \/>\n\t\t<meta property=\"og:locale\" content=\"es_ES\" \/>\n\t\t<meta property=\"og:site_name\" content=\"Cand\u00e1s 365\" \/>\n\t\t<meta property=\"og:type\" content=\"article\" \/>\n\t\t<meta property=\"og:title\" content=\"Cand\u00e1s punto de partida de las etapas de La Vuelta que discurrir\u00e1n en Asturias | Cand\u00e1s 365\" \/>\n\t\t<meta property=\"og:description\" content=\"La Vuelta Ciclista a Espa\u00f1a afrontar\u00e1 ma\u00f1ana la primera de las tres etapas que discurrir\u00e1n en Asturias. El paso de la competici\u00f3n, que el domingo finalizar\u00e1 en los lagos de Covadonga, coincide con la conmemoraci\u00f3n del triple aniversario de los 1.300 a\u00f1os de los or\u00edgenes del Reino de Asturias, el siglo de la creaci\u00f3n del\" \/>\n\t\t<meta property=\"og:url\" content=\"https:\/\/candas365.es\/noticias\/candas-punto-de-partida-de-las-etapas-de-la-vuelta-que-discurriran-en-asturias\/\" \/>\n\t\t<meta property=\"og:image\" content=\"https:\/\/candas365.es\/noticias\/wp-content\/uploads\/2018\/04\/candas.jpg\" \/>\n\t\t<meta property=\"og:image:secure_url\" content=\"https:\/\/candas365.es\/noticias\/wp-content\/uploads\/2018\/04\/candas.jpg\" \/>\n\t\t<meta property=\"og:image:width\" content=\"892\" \/>\n\t\t<meta property=\"og:image:height\" content=\"552\" \/>\n\t\t<meta property=\"article:published_time\" content=\"2018-09-06T23:03:57+00:00\" \/>\n\t\t<meta property=\"article:modified_time\" content=\"2018-09-06T23:03:57+00:00\" \/>\n\t\t<meta property=\"article:publisher\" content=\"https:\/\/www.facebook.com\/Nachofdezber\" \/>\n\t\t<meta property=\"article:author\" content=\"https:\/\/www.facebook.com\/carrenoactualidad\" \/>\n\t\t<meta name=\"twitter:card\" content=\"summary_large_image\" \/>\n\t\t<meta name=\"twitter:site\" content=\"@NabercoDigital\" \/>\n\t\t<meta name=\"twitter:title\" content=\"Cand\u00e1s punto de partida de las etapas de La Vuelta que discurrir\u00e1n en Asturias | Cand\u00e1s 365\" \/>\n\t\t<meta name=\"twitter:description\" content=\"La Vuelta Ciclista a Espa\u00f1a afrontar\u00e1 ma\u00f1ana la primera de las tres etapas que discurrir\u00e1n en Asturias. El paso de la competici\u00f3n, que el domingo finalizar\u00e1 en los lagos de Covadonga, coincide con la conmemoraci\u00f3n del triple aniversario de los 1.300 a\u00f1os de los or\u00edgenes del Reino de Asturias, el siglo de la creaci\u00f3n del\" \/>\n\t\t<meta name=\"twitter:creator\" content=\"@nbasturias\" \/>\n\t\t<meta name=\"twitter:image\" content=\"https:\/\/candas365.es\/noticias\/wp-content\/uploads\/2018\/04\/candas.jpg\" \/>\n\t\t<meta name=\"twitter:label1\" content=\"Escrito por\" \/>\n\t\t<meta name=\"twitter:data1\" content=\"Cand\u00e1s 365\" \/>\n\t\t<meta name=\"twitter:label2\" content=\"Tiempo de lectura estimado\" \/>\n\t\t<meta name=\"twitter:data2\" content=\"2 minutos\" \/>\n\t\t<script type=\"application\/ld+json\" class=\"aioseo-schema\">\n\t\t\t{\"@context\":\"https:\\\/\\\/schema.org\",\"@graph\":[{\"@type\":\"BreadcrumbList\",\"@id\":\"https:\\\/\\\/candas365.es\\\/noticias\\\/candas-punto-de-partida-de-las-etapas-de-la-vuelta-que-discurriran-en-asturias\\\/#breadcrumblist\",\"itemListElement\":[{\"@type\":\"ListItem\",\"@id\":\"https:\\\/\\\/candas365.es\\\/noticias#listItem\",\"position\":1,\"name\":\"Home\",\"item\":\"https:\\\/\\\/candas365.es\\\/noticias\",\"nextItem\":{\"@type\":\"ListItem\",\"@id\":\"https:\\\/\\\/candas365.es\\\/noticias\\\/category\\\/noticias-carreno\\\/#listItem\",\"name\":\"Noticias Carre\\u00f1o\"}},{\"@type\":\"ListItem\",\"@id\":\"https:\\\/\\\/candas365.es\\\/noticias\\\/category\\\/noticias-carreno\\\/#listItem\",\"position\":2,\"name\":\"Noticias Carre\\u00f1o\",\"item\":\"https:\\\/\\\/candas365.es\\\/noticias\\\/category\\\/noticias-carreno\\\/\",\"nextItem\":{\"@type\":\"ListItem\",\"@id\":\"https:\\\/\\\/candas365.es\\\/noticias\\\/candas-punto-de-partida-de-las-etapas-de-la-vuelta-que-discurriran-en-asturias\\\/#listItem\",\"name\":\"Cand\\u00e1s punto de partida de las etapas de La Vuelta que discurrir\\u00e1n en Asturias\"},\"previousItem\":{\"@type\":\"ListItem\",\"@id\":\"https:\\\/\\\/candas365.es\\\/noticias#listItem\",\"name\":\"Home\"}},{\"@type\":\"ListItem\",\"@id\":\"https:\\\/\\\/candas365.es\\\/noticias\\\/candas-punto-de-partida-de-las-etapas-de-la-vuelta-que-discurriran-en-asturias\\\/#listItem\",\"position\":3,\"name\":\"Cand\\u00e1s punto de partida de las etapas de La Vuelta que discurrir\\u00e1n en Asturias\",\"previousItem\":{\"@type\":\"ListItem\",\"@id\":\"https:\\\/\\\/candas365.es\\\/noticias\\\/category\\\/noticias-carreno\\\/#listItem\",\"name\":\"Noticias Carre\\u00f1o\"}}]},{\"@type\":\"NewsArticle\",\"@id\":\"https:\\\/\\\/candas365.es\\\/noticias\\\/candas-punto-de-partida-de-las-etapas-de-la-vuelta-que-discurriran-en-asturias\\\/#newsarticle\",\"name\":\"Cand\\u00e1s punto de partida de las etapas de La Vuelta que discurrir\\u00e1n en Asturias | Cand\\u00e1s 365\",\"headline\":\"Cand\\u00e1s punto de partida de las etapas de La Vuelta que discurrir\\u00e1n en Asturias\",\"author\":{\"@id\":\"https:\\\/\\\/candas365.es\\\/noticias\\\/author\\\/admin\\\/#author\"},\"publisher\":{\"@id\":\"https:\\\/\\\/candas365.es\\\/noticias\\\/#organization\"},\"image\":{\"@type\":\"ImageObject\",\"url\":\"https:\\\/\\\/candas365.es\\\/noticias\\\/wp-content\\\/uploads\\\/2018\\\/04\\\/candas.jpg\",\"width\":892,\"height\":552,\"caption\":\"Cand\\u00e1s\"},\"datePublished\":\"2018-09-06T23:03:57+02:00\",\"dateModified\":\"2018-09-06T23:03:57+02:00\",\"inLanguage\":\"es-ES\",\"mainEntityOfPage\":{\"@id\":\"https:\\\/\\\/candas365.es\\\/noticias\\\/candas-punto-de-partida-de-las-etapas-de-la-vuelta-que-discurriran-en-asturias\\\/#webpage\"},\"isPartOf\":{\"@id\":\"https:\\\/\\\/candas365.es\\\/noticias\\\/candas-punto-de-partida-de-las-etapas-de-la-vuelta-que-discurriran-en-asturias\\\/#webpage\"},\"articleSection\":\"Noticias Carre\\u00f1o\",\"dateline\":\"Publicado el septiembre 6, 2018.\"},{\"@type\":\"Organization\",\"@id\":\"https:\\\/\\\/candas365.es\\\/noticias\\\/#organization\",\"name\":\"Cand\\u00e1s 365\",\"description\":\"Cand\\u00e1s 365 es un diario digital independiente, fundado en 2012, con base en Asturias. Informamos con rigor sobre actualidad, sociedad, cultura y ocio, con una mirada local y global.\",\"url\":\"https:\\\/\\\/candas365.es\\\/noticias\\\/\",\"email\":\"info@candas365.es\",\"telephone\":\"+34652131393\",\"foundingDate\":\"2012-06-10\",\"logo\":{\"@type\":\"ImageObject\",\"url\":\"https:\\\/\\\/candas365.es\\\/noticias\\\/wp-content\\\/uploads\\\/2024\\\/09\\\/Candas-365-Redes.jpg\",\"@id\":\"https:\\\/\\\/candas365.es\\\/noticias\\\/candas-punto-de-partida-de-las-etapas-de-la-vuelta-que-discurriran-en-asturias\\\/#organizationLogo\",\"width\":1152,\"height\":864,\"caption\":\"Cand\\u00e1s 365 Redes\"},\"image\":{\"@id\":\"https:\\\/\\\/candas365.es\\\/noticias\\\/candas-punto-de-partida-de-las-etapas-de-la-vuelta-que-discurriran-en-asturias\\\/#organizationLogo\"},\"sameAs\":[\"https:\\\/\\\/www.facebook.com\\\/Nachofdezber\",\"https:\\\/\\\/x.com\\\/NabercoDigital\",\"https:\\\/\\\/www.instagram.com\\\/nachofdezber\\\/\",\"https:\\\/\\\/www.youtube.com\\\/channel\\\/UCZP-2wLEB9Rv6erhFmqVnvg\"],\"address\":{\"@id\":\"https:\\\/\\\/candas365.es\\\/noticias\\\/#postaladdress\",\"@type\":\"PostalAddress\",\"streetAddress\":\"san antonio 4, san antonio 4\",\"postalCode\":\"33430\",\"addressLocality\":\"Cand\\u00e1s\",\"addressRegion\":\"Asturias\",\"addressCountry\":\"ES\"}},{\"@type\":\"Person\",\"@id\":\"https:\\\/\\\/candas365.es\\\/noticias\\\/author\\\/admin\\\/#author\",\"url\":\"https:\\\/\\\/candas365.es\\\/noticias\\\/author\\\/admin\\\/\",\"name\":\"Cand\\u00e1s 365\",\"image\":{\"@type\":\"ImageObject\",\"@id\":\"https:\\\/\\\/candas365.es\\\/noticias\\\/candas-punto-de-partida-de-las-etapas-de-la-vuelta-que-discurriran-en-asturias\\\/#authorImage\",\"url\":\"https:\\\/\\\/secure.gravatar.com\\\/avatar\\\/496a8e03d0c493ede1718b7934145dbdf8d89be1036b0eec9544e1094c9de390?s=96&d=mm&r=g\",\"width\":96,\"height\":96,\"caption\":\"Cand\\u00e1s 365\"},\"sameAs\":[\"https:\\\/\\\/www.facebook.com\\\/carrenoactualidad\",\"https:\\\/\\\/twitter.com\\\/nbasturias\",\"https:\\\/\\\/www.instagram.com\\\/nachofdezber\\\/\",\"https:\\\/\\\/www.youtube.com\\\/channel\\\/UCZP-2wLEB9Rv6erhFmqVnvg\"]},{\"@type\":\"WebPage\",\"@id\":\"https:\\\/\\\/candas365.es\\\/noticias\\\/candas-punto-de-partida-de-las-etapas-de-la-vuelta-que-discurriran-en-asturias\\\/#webpage\",\"url\":\"https:\\\/\\\/candas365.es\\\/noticias\\\/candas-punto-de-partida-de-las-etapas-de-la-vuelta-que-discurriran-en-asturias\\\/\",\"name\":\"Cand\\u00e1s punto de partida de las etapas de La Vuelta que discurrir\\u00e1n en Asturias | Cand\\u00e1s 365\",\"description\":\"La Vuelta Ciclista a Espa\\u00f1a afrontar\\u00e1 ma\\u00f1ana la primera de las tres etapas que discurrir\\u00e1n en Asturias. El paso de la competici\\u00f3n, que el domingo finalizar\\u00e1 en los lagos de Covadonga, coincide con la conmemoraci\\u00f3n del triple aniversario de los 1.300 a\\u00f1os de los or\\u00edgenes del Reino de Asturias, el siglo de la creaci\\u00f3n del\",\"inLanguage\":\"es-ES\",\"isPartOf\":{\"@id\":\"https:\\\/\\\/candas365.es\\\/noticias\\\/#website\"},\"breadcrumb\":{\"@id\":\"https:\\\/\\\/candas365.es\\\/noticias\\\/candas-punto-de-partida-de-las-etapas-de-la-vuelta-que-discurriran-en-asturias\\\/#breadcrumblist\"},\"author\":{\"@id\":\"https:\\\/\\\/candas365.es\\\/noticias\\\/author\\\/admin\\\/#author\"},\"creator\":{\"@id\":\"https:\\\/\\\/candas365.es\\\/noticias\\\/author\\\/admin\\\/#author\"},\"image\":{\"@type\":\"ImageObject\",\"url\":\"https:\\\/\\\/candas365.es\\\/noticias\\\/wp-content\\\/uploads\\\/2018\\\/04\\\/candas.jpg\",\"@id\":\"https:\\\/\\\/candas365.es\\\/noticias\\\/candas-punto-de-partida-de-las-etapas-de-la-vuelta-que-discurriran-en-asturias\\\/#mainImage\",\"width\":892,\"height\":552,\"caption\":\"Cand\\u00e1s\"},\"primaryImageOfPage\":{\"@id\":\"https:\\\/\\\/candas365.es\\\/noticias\\\/candas-punto-de-partida-de-las-etapas-de-la-vuelta-que-discurriran-en-asturias\\\/#mainImage\"},\"datePublished\":\"2018-09-06T23:03:57+02:00\",\"dateModified\":\"2018-09-06T23:03:57+02:00\"},{\"@type\":\"WebSite\",\"@id\":\"https:\\\/\\\/candas365.es\\\/noticias\\\/#website\",\"url\":\"https:\\\/\\\/candas365.es\\\/noticias\\\/\",\"name\":\"Cand\\u00e1s 365\",\"alternateName\":\"Cand\\u00e1s 365 Noticias\",\"description\":\"Actualidad desde Carre\\u00f1o para el mundo\",\"inLanguage\":\"es-ES\",\"publisher\":{\"@id\":\"https:\\\/\\\/candas365.es\\\/noticias\\\/#organization\"}}]}\n\t\t<\/script>\n\t\t<!-- All in One SEO Pro -->\r\n\t\t<title>Cand\u00e1s punto de partida de las etapas de La Vuelta que discurrir\u00e1n en Asturias | Cand\u00e1s 365<\/title>\n\n","aioseo_head_json":{"title":"Cand\u00e1s punto de partida de las etapas de La Vuelta que discurrir\u00e1n en Asturias | Cand\u00e1s 365","description":"La Vuelta Ciclista a Espa\u00f1a afrontar\u00e1 ma\u00f1ana la primera de las tres etapas que discurrir\u00e1n en Asturias. El paso de la competici\u00f3n, que el domingo finalizar\u00e1 en los lagos de Covadonga, coincide con la conmemoraci\u00f3n del triple aniversario de los 1.300 a\u00f1os de los or\u00edgenes del Reino de Asturias, el siglo de la creaci\u00f3n del","canonical_url":"https:\/\/candas365.es\/noticias\/candas-punto-de-partida-de-las-etapas-de-la-vuelta-que-discurriran-en-asturias\/","robots":"max-image-preview:large","keywords":"noticias carre\u00f1o","webmasterTools":{"google-site-verification":"UA-32230408-1","msvalidate.01":"354F3CDFB2DA171B47FBE9ABF1F88D5","miscellaneous":""},"schema":{"@context":"https:\/\/schema.org","@graph":[{"@type":"BreadcrumbList","@id":"https:\/\/candas365.es\/noticias\/candas-punto-de-partida-de-las-etapas-de-la-vuelta-que-discurriran-en-asturias\/#breadcrumblist","itemListElement":[{"@type":"ListItem","@id":"https:\/\/candas365.es\/noticias#listItem","position":1,"name":"Home","item":"https:\/\/candas365.es\/noticias","nextItem":{"@type":"ListItem","@id":"https:\/\/candas365.es\/noticias\/category\/noticias-carreno\/#listItem","name":"Noticias Carre\u00f1o"}},{"@type":"ListItem","@id":"https:\/\/candas365.es\/noticias\/category\/noticias-carreno\/#listItem","position":2,"name":"Noticias Carre\u00f1o","item":"https:\/\/candas365.es\/noticias\/category\/noticias-carreno\/","nextItem":{"@type":"ListItem","@id":"https:\/\/candas365.es\/noticias\/candas-punto-de-partida-de-las-etapas-de-la-vuelta-que-discurriran-en-asturias\/#listItem","name":"Cand\u00e1s punto de partida de las etapas de La Vuelta que discurrir\u00e1n en Asturias"},"previousItem":{"@type":"ListItem","@id":"https:\/\/candas365.es\/noticias#listItem","name":"Home"}},{"@type":"ListItem","@id":"https:\/\/candas365.es\/noticias\/candas-punto-de-partida-de-las-etapas-de-la-vuelta-que-discurriran-en-asturias\/#listItem","position":3,"name":"Cand\u00e1s punto de partida de las etapas de La Vuelta que discurrir\u00e1n en Asturias","previousItem":{"@type":"ListItem","@id":"https:\/\/candas365.es\/noticias\/category\/noticias-carreno\/#listItem","name":"Noticias Carre\u00f1o"}}]},{"@type":"NewsArticle","@id":"https:\/\/candas365.es\/noticias\/candas-punto-de-partida-de-las-etapas-de-la-vuelta-que-discurriran-en-asturias\/#newsarticle","name":"Cand\u00e1s punto de partida de las etapas de La Vuelta que discurrir\u00e1n en Asturias | Cand\u00e1s 365","headline":"Cand\u00e1s punto de partida de las etapas de La Vuelta que discurrir\u00e1n en Asturias","author":{"@id":"https:\/\/candas365.es\/noticias\/author\/admin\/#author"},"publisher":{"@id":"https:\/\/candas365.es\/noticias\/#organization"},"image":{"@type":"ImageObject","url":"https:\/\/candas365.es\/noticias\/wp-content\/uploads\/2018\/04\/candas.jpg","width":892,"height":552,"caption":"Cand\u00e1s"},"datePublished":"2018-09-06T23:03:57+02:00","dateModified":"2018-09-06T23:03:57+02:00","inLanguage":"es-ES","mainEntityOfPage":{"@id":"https:\/\/candas365.es\/noticias\/candas-punto-de-partida-de-las-etapas-de-la-vuelta-que-discurriran-en-asturias\/#webpage"},"isPartOf":{"@id":"https:\/\/candas365.es\/noticias\/candas-punto-de-partida-de-las-etapas-de-la-vuelta-que-discurriran-en-asturias\/#webpage"},"articleSection":"Noticias Carre\u00f1o","dateline":"Publicado el septiembre 6, 2018."},{"@type":"Organization","@id":"https:\/\/candas365.es\/noticias\/#organization","name":"Cand\u00e1s 365","description":"Cand\u00e1s 365 es un diario digital independiente, fundado en 2012, con base en Asturias. Informamos con rigor sobre actualidad, sociedad, cultura y ocio, con una mirada local y global.","url":"https:\/\/candas365.es\/noticias\/","email":"info@candas365.es","telephone":"+34652131393","foundingDate":"2012-06-10","logo":{"@type":"ImageObject","url":"https:\/\/candas365.es\/noticias\/wp-content\/uploads\/2024\/09\/Candas-365-Redes.jpg","@id":"https:\/\/candas365.es\/noticias\/candas-punto-de-partida-de-las-etapas-de-la-vuelta-que-discurriran-en-asturias\/#organizationLogo","width":1152,"height":864,"caption":"Cand\u00e1s 365 Redes"},"image":{"@id":"https:\/\/candas365.es\/noticias\/candas-punto-de-partida-de-las-etapas-de-la-vuelta-que-discurriran-en-asturias\/#organizationLogo"},"sameAs":["https:\/\/www.facebook.com\/Nachofdezber","https:\/\/x.com\/NabercoDigital","https:\/\/www.instagram.com\/nachofdezber\/","https:\/\/www.youtube.com\/channel\/UCZP-2wLEB9Rv6erhFmqVnvg"],"address":{"@id":"https:\/\/candas365.es\/noticias\/#postaladdress","@type":"PostalAddress","streetAddress":"san antonio 4, san antonio 4","postalCode":"33430","addressLocality":"Cand\u00e1s","addressRegion":"Asturias","addressCountry":"ES"}},{"@type":"Person","@id":"https:\/\/candas365.es\/noticias\/author\/admin\/#author","url":"https:\/\/candas365.es\/noticias\/author\/admin\/","name":"Cand\u00e1s 365","image":{"@type":"ImageObject","@id":"https:\/\/candas365.es\/noticias\/candas-punto-de-partida-de-las-etapas-de-la-vuelta-que-discurriran-en-asturias\/#authorImage","url":"https:\/\/secure.gravatar.com\/avatar\/496a8e03d0c493ede1718b7934145dbdf8d89be1036b0eec9544e1094c9de390?s=96&d=mm&r=g","width":96,"height":96,"caption":"Cand\u00e1s 365"},"sameAs":["https:\/\/www.facebook.com\/carrenoactualidad","https:\/\/twitter.com\/nbasturias","https:\/\/www.instagram.com\/nachofdezber\/","https:\/\/www.youtube.com\/channel\/UCZP-2wLEB9Rv6erhFmqVnvg"]},{"@type":"WebPage","@id":"https:\/\/candas365.es\/noticias\/candas-punto-de-partida-de-las-etapas-de-la-vuelta-que-discurriran-en-asturias\/#webpage","url":"https:\/\/candas365.es\/noticias\/candas-punto-de-partida-de-las-etapas-de-la-vuelta-que-discurriran-en-asturias\/","name":"Cand\u00e1s punto de partida de las etapas de La Vuelta que discurrir\u00e1n en Asturias | Cand\u00e1s 365","description":"La Vuelta Ciclista a Espa\u00f1a afrontar\u00e1 ma\u00f1ana la primera de las tres etapas que discurrir\u00e1n en Asturias. El paso de la competici\u00f3n, que el domingo finalizar\u00e1 en los lagos de Covadonga, coincide con la conmemoraci\u00f3n del triple aniversario de los 1.300 a\u00f1os de los or\u00edgenes del Reino de Asturias, el siglo de la creaci\u00f3n del","inLanguage":"es-ES","isPartOf":{"@id":"https:\/\/candas365.es\/noticias\/#website"},"breadcrumb":{"@id":"https:\/\/candas365.es\/noticias\/candas-punto-de-partida-de-las-etapas-de-la-vuelta-que-discurriran-en-asturias\/#breadcrumblist"},"author":{"@id":"https:\/\/candas365.es\/noticias\/author\/admin\/#author"},"creator":{"@id":"https:\/\/candas365.es\/noticias\/author\/admin\/#author"},"image":{"@type":"ImageObject","url":"https:\/\/candas365.es\/noticias\/wp-content\/uploads\/2018\/04\/candas.jpg","@id":"https:\/\/candas365.es\/noticias\/candas-punto-de-partida-de-las-etapas-de-la-vuelta-que-discurriran-en-asturias\/#mainImage","width":892,"height":552,"caption":"Cand\u00e1s"},"primaryImageOfPage":{"@id":"https:\/\/candas365.es\/noticias\/candas-punto-de-partida-de-las-etapas-de-la-vuelta-que-discurriran-en-asturias\/#mainImage"},"datePublished":"2018-09-06T23:03:57+02:00","dateModified":"2018-09-06T23:03:57+02:00"},{"@type":"WebSite","@id":"https:\/\/candas365.es\/noticias\/#website","url":"https:\/\/candas365.es\/noticias\/","name":"Cand\u00e1s 365","alternateName":"Cand\u00e1s 365 Noticias","description":"Actualidad desde Carre\u00f1o para el mundo","inLanguage":"es-ES","publisher":{"@id":"https:\/\/candas365.es\/noticias\/#organization"}}]},"og:locale":"es_ES","og:site_name":"Cand\u00e1s 365","og:type":"article","og:title":"Cand\u00e1s punto de partida de las etapas de La Vuelta que discurrir\u00e1n en Asturias | Cand\u00e1s 365","og:description":"La Vuelta Ciclista a Espa\u00f1a afrontar\u00e1 ma\u00f1ana la primera de las tres etapas que discurrir\u00e1n en Asturias. El paso de la competici\u00f3n, que el domingo finalizar\u00e1 en los lagos de Covadonga, coincide con la conmemoraci\u00f3n del triple aniversario de los 1.300 a\u00f1os de los or\u00edgenes del Reino de Asturias, el siglo de la creaci\u00f3n del","og:url":"https:\/\/candas365.es\/noticias\/candas-punto-de-partida-de-las-etapas-de-la-vuelta-que-discurriran-en-asturias\/","og:image":"https:\/\/candas365.es\/noticias\/wp-content\/uploads\/2018\/04\/candas.jpg","og:image:secure_url":"https:\/\/candas365.es\/noticias\/wp-content\/uploads\/2018\/04\/candas.jpg","og:image:width":892,"og:image:height":552,"article:published_time":"2018-09-06T23:03:57+00:00","article:modified_time":"2018-09-06T23:03:57+00:00","article:publisher":"https:\/\/www.facebook.com\/Nachofdezber","article:author":"https:\/\/www.facebook.com\/carrenoactualidad","twitter:card":"summary_large_image","twitter:site":"@NabercoDigital","twitter:title":"Cand\u00e1s punto de partida de las etapas de La Vuelta que discurrir\u00e1n en Asturias | Cand\u00e1s 365","twitter:description":"La Vuelta Ciclista a Espa\u00f1a afrontar\u00e1 ma\u00f1ana la primera de las tres etapas que discurrir\u00e1n en Asturias. El paso de la competici\u00f3n, que el domingo finalizar\u00e1 en los lagos de Covadonga, coincide con la conmemoraci\u00f3n del triple aniversario de los 1.300 a\u00f1os de los or\u00edgenes del Reino de Asturias, el siglo de la creaci\u00f3n del","twitter:creator":"@nbasturias","twitter:image":"https:\/\/candas365.es\/noticias\/wp-content\/uploads\/2018\/04\/candas.jpg","twitter:label1":"Escrito por","twitter:data1":"Cand\u00e1s 365","twitter:label2":"Tiempo de lectura estimado","twitter:data2":"2 minutos"},"aioseo_meta_data":{"post_id":"104707","title":null,"description":null,"keywords":null,"keyphrases":null,"primary_term":null,"canonical_url":null,"og_title":null,"og_description":null,"og_object_type":"default","og_image_type":"default","og_image_url":null,"og_image_width":null,"og_image_height":null,"og_image_custom_url":null,"og_image_custom_fields":null,"og_video":null,"og_custom_url":null,"og_article_section":null,"og_article_tags":null,"twitter_use_og":false,"twitter_card":"default","twitter_image_type":"default","twitter_image_url":null,"twitter_image_custom_url":null,"twitter_image_custom_fields":null,"twitter_title":null,"twitter_description":null,"schema":{"blockGraphs":[],"customGraphs":[],"default":{"data":{"Article":[],"Course":[],"Dataset":[],"FAQPage":[],"Movie":[],"Person":[],"Product":[],"ProductReview":[],"Car":[],"Recipe":[],"Service":[],"SoftwareApplication":[],"WebPage":[]},"graphName":"","isEnabled":true},"graphs":[],"defaultGraph":"","defaultPostTypeGraph":""},"schema_type":null,"schema_type_options":null,"pillar_content":false,"robots_default":true,"robots_noindex":false,"robots_noarchive":false,"robots_nosnippet":false,"robots_nofollow":false,"robots_noimageindex":false,"robots_noodp":false,"robots_notranslate":false,"robots_max_snippet":null,"robots_max_videopreview":null,"robots_max_imagepreview":"large","priority":null,"frequency":null,"location":null,"local_seo":null,"seo_analyzer_scan_date":"2025-08-27 20:18:14","breadcrumb_settings":null,"limit_modified_date":false,"reviewed_by":null,"open_ai":null,"ai":null,"created":"2020-12-21 11:45:39","updated":"2025-08-27 20:18:14"},"aioseo_breadcrumb":"<div class=\"aioseo-breadcrumbs\"><span class=\"aioseo-breadcrumb\">\n\t<a href=\"https:\/\/candas365.es\/noticias\" title=\"Home\">Home<\/a>\n<\/span><span class=\"aioseo-breadcrumb-separator\">&ndash;<\/span><span class=\"aioseo-breadcrumb\">\n\t<a href=\"https:\/\/candas365.es\/noticias\/category\/noticias-carreno\/\" title=\"Noticias Carre\u00f1o\">Noticias Carre\u00f1o<\/a>\n<\/span><span class=\"aioseo-breadcrumb-separator\">&ndash;<\/span><span class=\"aioseo-breadcrumb\">\n\tCand\u00e1s punto de partida de las etapas de La Vuelta que discurrir\u00e1n en Asturias\n<\/span><\/div>","aioseo_breadcrumb_json":[{"label":"Home","link":"https:\/\/candas365.es\/noticias"},{"label":"Noticias Carre\u00f1o","link":"https:\/\/candas365.es\/noticias\/category\/noticias-carreno\/"},{"label":"Cand\u00e1s punto de partida de las etapas de La Vuelta que discurrir\u00e1n en Asturias","link":"https:\/\/candas365.es\/noticias\/candas-punto-de-partida-de-las-etapas-de-la-vuelta-que-discurriran-en-asturias\/"}],"_links":{"self":[{"href":"https:\/\/candas365.es\/noticias\/wp-json\/wp\/v2\/posts\/104707","targetHints":{"allow":["GET"]}}],"collection":[{"href":"https:\/\/candas365.es\/noticias\/wp-json\/wp\/v2\/posts"}],"about":[{"href":"https:\/\/candas365.es\/noticias\/wp-json\/wp\/v2\/types\/post"}],"author":[{"embeddable":true,"href":"https:\/\/candas365.es\/noticias\/wp-json\/wp\/v2\/users\/1"}],"replies":[{"embeddable":true,"href":"https:\/\/candas365.es\/noticias\/wp-json\/wp\/v2\/comments?post=104707"}],"version-history":[{"count":0,"href":"https:\/\/candas365.es\/noticias\/wp-json\/wp\/v2\/posts\/104707\/revisions"}],"wp:featuredmedia":[{"embeddable":true,"href":"https:\/\/candas365.es\/noticias\/wp-json\/wp\/v2\/media\/94663"}],"wp:attachment":[{"href":"https:\/\/candas365.es\/noticias\/wp-json\/wp\/v2\/media?parent=104707"}],"wp:term":[{"taxonomy":"category","embeddable":true,"href":"https:\/\/candas365.es\/noticias\/wp-json\/wp\/v2\/categories?post=104707"},{"taxonomy":"post_tag","embeddable":true,"href":"https:\/\/candas365.es\/noticias\/wp-json\/wp\/v2\/tags?post=104707"}],"curies":[{"name":"wp","href":"https:\/\/api.w.org\/{rel}","templated":true}]}}