{"id":104649,"date":"2018-09-06T14:42:46","date_gmt":"2018-09-06T14:42:46","guid":{"rendered":"http:\/\/candas365.es\/noticias\/?p=104649"},"modified":"2018-09-06T14:42:46","modified_gmt":"2018-09-06T14:42:46","slug":"musica-espanola-para-el-ultimo-trimestre-de-2018-en-el-niemeyer","status":"publish","type":"post","link":"https:\/\/candas365.es\/noticias\/musica-espanola-para-el-ultimo-trimestre-de-2018-en-el-niemeyer\/","title":{"rendered":"M\u00fasica espa\u00f1ola para el \u00faltimo trimestre de 2018 en el Niemeyer"},"content":{"rendered":"<p><img fetchpriority=\"high\" decoding=\"async\" class=\"alignleft size-medium wp-image-104650\" src=\"https:\/\/candas365.es\/noticias\/wp-content\/uploads\/2018\/09\/Coque-Malla-300x300.jpg\" alt=\"\" width=\"300\" height=\"300\" srcset=\"https:\/\/candas365.es\/noticias\/wp-content\/uploads\/2018\/09\/Coque-Malla-300x300.jpg 300w, https:\/\/candas365.es\/noticias\/wp-content\/uploads\/2018\/09\/Coque-Malla-150x150.jpg 150w, https:\/\/candas365.es\/noticias\/wp-content\/uploads\/2018\/09\/Coque-Malla-768x768.jpg 768w, https:\/\/candas365.es\/noticias\/wp-content\/uploads\/2018\/09\/Coque-Malla-480x480.jpg 480w, https:\/\/candas365.es\/noticias\/wp-content\/uploads\/2018\/09\/Coque-Malla-696x696.jpg 696w, https:\/\/candas365.es\/noticias\/wp-content\/uploads\/2018\/09\/Coque-Malla-1068x1068.jpg 1068w, https:\/\/candas365.es\/noticias\/wp-content\/uploads\/2018\/09\/Coque-Malla-420x420.jpg 420w, https:\/\/candas365.es\/noticias\/wp-content\/uploads\/2018\/09\/Coque-Malla.jpg 1280w\" sizes=\"(max-width: 300px) 100vw, 300px\" \/>Los conciertos del \u00faltimo trimestre del a\u00f1o en el Centro Niemeyer llegan con acento espa\u00f1ol a trav\u00e9s de dos formaciones: Coque Malla el viernes 2 de noviembre a las 21:00 y la Noche Sabinera el viernes 28 de diciembre a las 20:30.<\/p>\n<p>Coque Malla, a punto de finalizar la \u201cGira Irrepetible\u201d, presenta una serie de conciertos especiales, acompa\u00f1ado por el pianista David Lads y un cuarteto de cuerda. Un espect\u00e1culo dise\u00f1ado para teatros y espacios muy elegidos en los que se podr\u00e1n aprecier los nuevos matices que adquieren las canciones gracias a la sonoridad del cuarteto de cuerda que lo acompa\u00f1a.<\/p>\n<p>En palabras del propio m\u00fasico: \u201cdesde que los violines, violas y chelos entraron en mis canciones de una manera m\u00e1s rigurosa, mi m\u00fasica y mi manera de entenderla cambi\u00f3 para siempre. Y adem\u00e1s, siento que ya no hay marcha atr\u00e1s\u201d.<\/p>\n<p>Despu\u00e9s de presentar \u201cIrrepetible\u201d (Warner, 2017) por todo el pa\u00eds en clave de rock, ahora es el turno de una nueva aproximaci\u00f3n a este repertorio. Adem\u00e1s de la participaci\u00f3n de su pianista y la secci\u00f3n de cuerdas, Miguel Malla, vuelve a firmar unos arreglos que ya brillaron en la grabaci\u00f3n del disco en directo.<\/p>\n<p>Esta serie de conciertos \u00edntimos y especiales son la mejor despedida y un \u00faltimo homenaje para un disco realmente irrepetible. Una oportunidad para disfrutar de cerca de Coque Malla en uno de sus mejores momentos creativos e interpretativos, desde que comenzara su andadura musical en solitario.<\/p>\n<p>La Noche Sabinera llegar\u00e1 al Auditorio el viernes 28 de diciembre a las 20:30 con un concierto en el que el p\u00fablico tendr\u00e1 oportunidad de participar de forma activa. Fue en 2006 cuando naci\u00f3 este concepto de Noche Sabinera y desde entonces la banda de Joaqu\u00edn Sabina ya ha girado en varias ocasiones por toda Espa\u00f1a y parte de Am\u00e9rica dando la posibilidad a cualquiera que as\u00ed lo ha querido de sentirse Sabina por un d\u00eda al lado de todo su equipo gracias al formato in\u00e9dito que divide el espect\u00e1culo en dos partes: en la primera los m\u00fasicos repasan algunos de los temas que han compuesto junto a Joaqu\u00edn Sabina y en la segunda invitan al p\u00fablico a escoger una canci\u00f3n del repertorio para cantar con ellos.<\/p>\n<p>Ahora, tras el \u00e9xito nacional e internacional de la gira \u201cLo Niego Todo\u201d, la banda vuelve a subirse a los escenarios buscando valientes que se animen a subir a cantar con ellos.<\/p>\n<p>Las entradas para ambos conciertos se pondr\u00e1n a la venta ma\u00f1ana, viernes 7 de septiembre, a las 12:00 del mediod\u00eda. El precio del concierto de Coque Malla es de 25\u20ac (22,5 \u20ac para los socios del Club Cultura que las adquieran hasta el 19 de octubre), mientras que el de la Noche Sabinera es de 20 \u20ac (18 \u20ac para los socios del Club Cultura que las adquieran hasta el 14 de diciembre).<\/p>\n","protected":false},"excerpt":{"rendered":"<p>Los conciertos del \u00faltimo trimestre del a\u00f1o en el Centro Niemeyer llegan con acento espa\u00f1ol a trav\u00e9s de dos formaciones: Coque Malla el viernes 2 de noviembre a las 21:00 y la Noche Sabinera el viernes 28 de diciembre a las 20:30. Coque Malla, a punto de finalizar la \u201cGira Irrepetible\u201d, presenta una serie de<\/p>\n","protected":false},"author":1,"featured_media":104650,"comment_status":"closed","ping_status":"closed","sticky":false,"template":"","format":"standard","meta":{"footnotes":""},"categories":[1],"tags":[],"class_list":{"0":"post-104649","1":"post","2":"type-post","3":"status-publish","4":"format-standard","5":"has-post-thumbnail","7":"category-agenda"},"aioseo_notices":[],"aioseo_head":"\n\t\t<!-- All in One SEO Pro 4.9.6.2 - aioseo.com -->\n\t<meta name=\"description\" content=\"Los conciertos del \u00faltimo trimestre del a\u00f1o en el Centro Niemeyer llegan con acento espa\u00f1ol a trav\u00e9s de dos formaciones: Coque Malla el viernes 2 de noviembre a las 21:00 y la Noche Sabinera el viernes 28 de diciembre a las 20:30. Coque Malla, a punto de finalizar la \u201cGira Irrepetible\u201d, presenta una serie de\" \/>\n\t<meta name=\"robots\" content=\"max-image-preview:large\" \/>\n\t<meta name=\"author\" content=\"Cand\u00e1s 365\"\/>\n\t<meta name=\"google-site-verification\" content=\"UA-32230408-1\" \/>\n\t<meta name=\"msvalidate.01\" content=\"354F3CDFB2DA171B47FBE9ABF1F88D5\" \/>\n\t<meta name=\"keywords\" content=\"agenda\" \/>\n\t<link rel=\"canonical\" href=\"https:\/\/candas365.es\/noticias\/musica-espanola-para-el-ultimo-trimestre-de-2018-en-el-niemeyer\/\" \/>\n\t<meta name=\"generator\" content=\"All in One SEO Pro (AIOSEO) 4.9.6.2\" \/>\n\t\t<meta property=\"og:locale\" content=\"es_ES\" \/>\n\t\t<meta property=\"og:site_name\" content=\"Cand\u00e1s 365\" \/>\n\t\t<meta property=\"og:type\" content=\"article\" \/>\n\t\t<meta property=\"og:title\" content=\"M\u00fasica espa\u00f1ola para el \u00faltimo trimestre de 2018 en el Niemeyer | Cand\u00e1s 365\" \/>\n\t\t<meta property=\"og:description\" content=\"Los conciertos del \u00faltimo trimestre del a\u00f1o en el Centro Niemeyer llegan con acento espa\u00f1ol a trav\u00e9s de dos formaciones: Coque Malla el viernes 2 de noviembre a las 21:00 y la Noche Sabinera el viernes 28 de diciembre a las 20:30. Coque Malla, a punto de finalizar la \u201cGira Irrepetible\u201d, presenta una serie de\" \/>\n\t\t<meta property=\"og:url\" content=\"https:\/\/candas365.es\/noticias\/musica-espanola-para-el-ultimo-trimestre-de-2018-en-el-niemeyer\/\" \/>\n\t\t<meta property=\"og:image\" content=\"https:\/\/candas365.es\/noticias\/wp-content\/uploads\/2018\/09\/Coque-Malla.jpg\" \/>\n\t\t<meta property=\"og:image:secure_url\" content=\"https:\/\/candas365.es\/noticias\/wp-content\/uploads\/2018\/09\/Coque-Malla.jpg\" \/>\n\t\t<meta property=\"og:image:width\" content=\"1280\" \/>\n\t\t<meta property=\"og:image:height\" content=\"1280\" \/>\n\t\t<meta property=\"article:published_time\" content=\"2018-09-06T14:42:46+00:00\" \/>\n\t\t<meta property=\"article:modified_time\" content=\"2018-09-06T14:42:46+00:00\" \/>\n\t\t<meta property=\"article:publisher\" content=\"https:\/\/www.facebook.com\/Nachofdezber\" \/>\n\t\t<meta property=\"article:author\" content=\"https:\/\/www.facebook.com\/carrenoactualidad\" \/>\n\t\t<meta name=\"twitter:card\" content=\"summary_large_image\" \/>\n\t\t<meta name=\"twitter:site\" content=\"@NabercoDigital\" \/>\n\t\t<meta name=\"twitter:title\" content=\"M\u00fasica espa\u00f1ola para el \u00faltimo trimestre de 2018 en el Niemeyer | Cand\u00e1s 365\" \/>\n\t\t<meta name=\"twitter:description\" content=\"Los conciertos del \u00faltimo trimestre del a\u00f1o en el Centro Niemeyer llegan con acento espa\u00f1ol a trav\u00e9s de dos formaciones: Coque Malla el viernes 2 de noviembre a las 21:00 y la Noche Sabinera el viernes 28 de diciembre a las 20:30. Coque Malla, a punto de finalizar la \u201cGira Irrepetible\u201d, presenta una serie de\" \/>\n\t\t<meta name=\"twitter:creator\" content=\"@nbasturias\" \/>\n\t\t<meta name=\"twitter:image\" content=\"https:\/\/candas365.es\/noticias\/wp-content\/uploads\/2018\/09\/Coque-Malla.jpg\" \/>\n\t\t<meta name=\"twitter:label1\" content=\"Escrito por\" \/>\n\t\t<meta name=\"twitter:data1\" content=\"Cand\u00e1s 365\" \/>\n\t\t<meta name=\"twitter:label2\" content=\"Tiempo de lectura estimado\" \/>\n\t\t<meta name=\"twitter:data2\" content=\"2 minutos\" \/>\n\t\t<script type=\"application\/ld+json\" class=\"aioseo-schema\">\n\t\t\t{\"@context\":\"https:\\\/\\\/schema.org\",\"@graph\":[{\"@type\":\"BreadcrumbList\",\"@id\":\"https:\\\/\\\/candas365.es\\\/noticias\\\/musica-espanola-para-el-ultimo-trimestre-de-2018-en-el-niemeyer\\\/#breadcrumblist\",\"itemListElement\":[{\"@type\":\"ListItem\",\"@id\":\"https:\\\/\\\/candas365.es\\\/noticias#listItem\",\"position\":1,\"name\":\"Home\",\"item\":\"https:\\\/\\\/candas365.es\\\/noticias\",\"nextItem\":{\"@type\":\"ListItem\",\"@id\":\"https:\\\/\\\/candas365.es\\\/noticias\\\/category\\\/agenda\\\/#listItem\",\"name\":\"Agenda\"}},{\"@type\":\"ListItem\",\"@id\":\"https:\\\/\\\/candas365.es\\\/noticias\\\/category\\\/agenda\\\/#listItem\",\"position\":2,\"name\":\"Agenda\",\"item\":\"https:\\\/\\\/candas365.es\\\/noticias\\\/category\\\/agenda\\\/\",\"nextItem\":{\"@type\":\"ListItem\",\"@id\":\"https:\\\/\\\/candas365.es\\\/noticias\\\/musica-espanola-para-el-ultimo-trimestre-de-2018-en-el-niemeyer\\\/#listItem\",\"name\":\"M\\u00fasica espa\\u00f1ola para el \\u00faltimo trimestre de 2018 en el Niemeyer\"},\"previousItem\":{\"@type\":\"ListItem\",\"@id\":\"https:\\\/\\\/candas365.es\\\/noticias#listItem\",\"name\":\"Home\"}},{\"@type\":\"ListItem\",\"@id\":\"https:\\\/\\\/candas365.es\\\/noticias\\\/musica-espanola-para-el-ultimo-trimestre-de-2018-en-el-niemeyer\\\/#listItem\",\"position\":3,\"name\":\"M\\u00fasica espa\\u00f1ola para el \\u00faltimo trimestre de 2018 en el Niemeyer\",\"previousItem\":{\"@type\":\"ListItem\",\"@id\":\"https:\\\/\\\/candas365.es\\\/noticias\\\/category\\\/agenda\\\/#listItem\",\"name\":\"Agenda\"}}]},{\"@type\":\"NewsArticle\",\"@id\":\"https:\\\/\\\/candas365.es\\\/noticias\\\/musica-espanola-para-el-ultimo-trimestre-de-2018-en-el-niemeyer\\\/#newsarticle\",\"name\":\"M\\u00fasica espa\\u00f1ola para el \\u00faltimo trimestre de 2018 en el Niemeyer | Cand\\u00e1s 365\",\"headline\":\"M\\u00fasica espa\\u00f1ola para el \\u00faltimo trimestre de 2018 en el Niemeyer\",\"author\":{\"@id\":\"https:\\\/\\\/candas365.es\\\/noticias\\\/author\\\/admin\\\/#author\"},\"publisher\":{\"@id\":\"https:\\\/\\\/candas365.es\\\/noticias\\\/#organization\"},\"image\":{\"@type\":\"ImageObject\",\"url\":\"https:\\\/\\\/candas365.es\\\/noticias\\\/wp-content\\\/uploads\\\/2018\\\/09\\\/Coque-Malla.jpg\",\"width\":1280,\"height\":1280},\"datePublished\":\"2018-09-06T14:42:46+02:00\",\"dateModified\":\"2018-09-06T14:42:46+02:00\",\"inLanguage\":\"es-ES\",\"mainEntityOfPage\":{\"@id\":\"https:\\\/\\\/candas365.es\\\/noticias\\\/musica-espanola-para-el-ultimo-trimestre-de-2018-en-el-niemeyer\\\/#webpage\"},\"isPartOf\":{\"@id\":\"https:\\\/\\\/candas365.es\\\/noticias\\\/musica-espanola-para-el-ultimo-trimestre-de-2018-en-el-niemeyer\\\/#webpage\"},\"articleSection\":\"Agenda\",\"dateline\":\"Publicado el septiembre 6, 2018.\"},{\"@type\":\"Organization\",\"@id\":\"https:\\\/\\\/candas365.es\\\/noticias\\\/#organization\",\"name\":\"Cand\\u00e1s 365\",\"description\":\"Cand\\u00e1s 365 es un diario digital independiente, fundado en 2012, con base en Asturias. Informamos con rigor sobre actualidad, sociedad, cultura y ocio, con una mirada local y global.\",\"url\":\"https:\\\/\\\/candas365.es\\\/noticias\\\/\",\"email\":\"info@candas365.es\",\"telephone\":\"+34652131393\",\"foundingDate\":\"2012-06-10\",\"logo\":{\"@type\":\"ImageObject\",\"url\":\"https:\\\/\\\/candas365.es\\\/noticias\\\/wp-content\\\/uploads\\\/2024\\\/09\\\/Candas-365-Redes.jpg\",\"@id\":\"https:\\\/\\\/candas365.es\\\/noticias\\\/musica-espanola-para-el-ultimo-trimestre-de-2018-en-el-niemeyer\\\/#organizationLogo\",\"width\":1152,\"height\":864,\"caption\":\"Cand\\u00e1s 365 Redes\"},\"image\":{\"@id\":\"https:\\\/\\\/candas365.es\\\/noticias\\\/musica-espanola-para-el-ultimo-trimestre-de-2018-en-el-niemeyer\\\/#organizationLogo\"},\"sameAs\":[\"https:\\\/\\\/www.facebook.com\\\/Nachofdezber\",\"https:\\\/\\\/x.com\\\/NabercoDigital\",\"https:\\\/\\\/www.instagram.com\\\/nachofdezber\\\/\",\"https:\\\/\\\/www.youtube.com\\\/channel\\\/UCZP-2wLEB9Rv6erhFmqVnvg\"],\"address\":{\"@id\":\"https:\\\/\\\/candas365.es\\\/noticias\\\/#postaladdress\",\"@type\":\"PostalAddress\",\"streetAddress\":\"san antonio 4, san antonio 4\",\"postalCode\":\"33430\",\"addressLocality\":\"Cand\\u00e1s\",\"addressRegion\":\"Asturias\",\"addressCountry\":\"ES\"}},{\"@type\":\"Person\",\"@id\":\"https:\\\/\\\/candas365.es\\\/noticias\\\/author\\\/admin\\\/#author\",\"url\":\"https:\\\/\\\/candas365.es\\\/noticias\\\/author\\\/admin\\\/\",\"name\":\"Cand\\u00e1s 365\",\"image\":{\"@type\":\"ImageObject\",\"@id\":\"https:\\\/\\\/candas365.es\\\/noticias\\\/musica-espanola-para-el-ultimo-trimestre-de-2018-en-el-niemeyer\\\/#authorImage\",\"url\":\"https:\\\/\\\/secure.gravatar.com\\\/avatar\\\/496a8e03d0c493ede1718b7934145dbdf8d89be1036b0eec9544e1094c9de390?s=96&d=mm&r=g\",\"width\":96,\"height\":96,\"caption\":\"Cand\\u00e1s 365\"},\"sameAs\":[\"https:\\\/\\\/www.facebook.com\\\/carrenoactualidad\",\"https:\\\/\\\/twitter.com\\\/nbasturias\",\"https:\\\/\\\/www.instagram.com\\\/nachofdezber\\\/\",\"https:\\\/\\\/www.youtube.com\\\/channel\\\/UCZP-2wLEB9Rv6erhFmqVnvg\"]},{\"@type\":\"WebPage\",\"@id\":\"https:\\\/\\\/candas365.es\\\/noticias\\\/musica-espanola-para-el-ultimo-trimestre-de-2018-en-el-niemeyer\\\/#webpage\",\"url\":\"https:\\\/\\\/candas365.es\\\/noticias\\\/musica-espanola-para-el-ultimo-trimestre-de-2018-en-el-niemeyer\\\/\",\"name\":\"M\\u00fasica espa\\u00f1ola para el \\u00faltimo trimestre de 2018 en el Niemeyer | Cand\\u00e1s 365\",\"description\":\"Los conciertos del \\u00faltimo trimestre del a\\u00f1o en el Centro Niemeyer llegan con acento espa\\u00f1ol a trav\\u00e9s de dos formaciones: Coque Malla el viernes 2 de noviembre a las 21:00 y la Noche Sabinera el viernes 28 de diciembre a las 20:30. Coque Malla, a punto de finalizar la \\u201cGira Irrepetible\\u201d, presenta una serie de\",\"inLanguage\":\"es-ES\",\"isPartOf\":{\"@id\":\"https:\\\/\\\/candas365.es\\\/noticias\\\/#website\"},\"breadcrumb\":{\"@id\":\"https:\\\/\\\/candas365.es\\\/noticias\\\/musica-espanola-para-el-ultimo-trimestre-de-2018-en-el-niemeyer\\\/#breadcrumblist\"},\"author\":{\"@id\":\"https:\\\/\\\/candas365.es\\\/noticias\\\/author\\\/admin\\\/#author\"},\"creator\":{\"@id\":\"https:\\\/\\\/candas365.es\\\/noticias\\\/author\\\/admin\\\/#author\"},\"image\":{\"@type\":\"ImageObject\",\"url\":\"https:\\\/\\\/candas365.es\\\/noticias\\\/wp-content\\\/uploads\\\/2018\\\/09\\\/Coque-Malla.jpg\",\"@id\":\"https:\\\/\\\/candas365.es\\\/noticias\\\/musica-espanola-para-el-ultimo-trimestre-de-2018-en-el-niemeyer\\\/#mainImage\",\"width\":1280,\"height\":1280},\"primaryImageOfPage\":{\"@id\":\"https:\\\/\\\/candas365.es\\\/noticias\\\/musica-espanola-para-el-ultimo-trimestre-de-2018-en-el-niemeyer\\\/#mainImage\"},\"datePublished\":\"2018-09-06T14:42:46+02:00\",\"dateModified\":\"2018-09-06T14:42:46+02:00\"},{\"@type\":\"WebSite\",\"@id\":\"https:\\\/\\\/candas365.es\\\/noticias\\\/#website\",\"url\":\"https:\\\/\\\/candas365.es\\\/noticias\\\/\",\"name\":\"Cand\\u00e1s 365\",\"alternateName\":\"Cand\\u00e1s 365 Noticias\",\"description\":\"Actualidad desde Carre\\u00f1o para el mundo\",\"inLanguage\":\"es-ES\",\"publisher\":{\"@id\":\"https:\\\/\\\/candas365.es\\\/noticias\\\/#organization\"}}]}\n\t\t<\/script>\n\t\t<!-- All in One SEO Pro -->\r\n\t\t<title>M\u00fasica espa\u00f1ola para el \u00faltimo trimestre de 2018 en el Niemeyer | Cand\u00e1s 365<\/title>\n\n","aioseo_head_json":{"title":"M\u00fasica espa\u00f1ola para el \u00faltimo trimestre de 2018 en el Niemeyer | Cand\u00e1s 365","description":"Los conciertos del \u00faltimo trimestre del a\u00f1o en el Centro Niemeyer llegan con acento espa\u00f1ol a trav\u00e9s de dos formaciones: Coque Malla el viernes 2 de noviembre a las 21:00 y la Noche Sabinera el viernes 28 de diciembre a las 20:30. Coque Malla, a punto de finalizar la \u201cGira Irrepetible\u201d, presenta una serie de","canonical_url":"https:\/\/candas365.es\/noticias\/musica-espanola-para-el-ultimo-trimestre-de-2018-en-el-niemeyer\/","robots":"max-image-preview:large","keywords":"agenda","webmasterTools":{"google-site-verification":"UA-32230408-1","msvalidate.01":"354F3CDFB2DA171B47FBE9ABF1F88D5","miscellaneous":""},"schema":{"@context":"https:\/\/schema.org","@graph":[{"@type":"BreadcrumbList","@id":"https:\/\/candas365.es\/noticias\/musica-espanola-para-el-ultimo-trimestre-de-2018-en-el-niemeyer\/#breadcrumblist","itemListElement":[{"@type":"ListItem","@id":"https:\/\/candas365.es\/noticias#listItem","position":1,"name":"Home","item":"https:\/\/candas365.es\/noticias","nextItem":{"@type":"ListItem","@id":"https:\/\/candas365.es\/noticias\/category\/agenda\/#listItem","name":"Agenda"}},{"@type":"ListItem","@id":"https:\/\/candas365.es\/noticias\/category\/agenda\/#listItem","position":2,"name":"Agenda","item":"https:\/\/candas365.es\/noticias\/category\/agenda\/","nextItem":{"@type":"ListItem","@id":"https:\/\/candas365.es\/noticias\/musica-espanola-para-el-ultimo-trimestre-de-2018-en-el-niemeyer\/#listItem","name":"M\u00fasica espa\u00f1ola para el \u00faltimo trimestre de 2018 en el Niemeyer"},"previousItem":{"@type":"ListItem","@id":"https:\/\/candas365.es\/noticias#listItem","name":"Home"}},{"@type":"ListItem","@id":"https:\/\/candas365.es\/noticias\/musica-espanola-para-el-ultimo-trimestre-de-2018-en-el-niemeyer\/#listItem","position":3,"name":"M\u00fasica espa\u00f1ola para el \u00faltimo trimestre de 2018 en el Niemeyer","previousItem":{"@type":"ListItem","@id":"https:\/\/candas365.es\/noticias\/category\/agenda\/#listItem","name":"Agenda"}}]},{"@type":"NewsArticle","@id":"https:\/\/candas365.es\/noticias\/musica-espanola-para-el-ultimo-trimestre-de-2018-en-el-niemeyer\/#newsarticle","name":"M\u00fasica espa\u00f1ola para el \u00faltimo trimestre de 2018 en el Niemeyer | Cand\u00e1s 365","headline":"M\u00fasica espa\u00f1ola para el \u00faltimo trimestre de 2018 en el Niemeyer","author":{"@id":"https:\/\/candas365.es\/noticias\/author\/admin\/#author"},"publisher":{"@id":"https:\/\/candas365.es\/noticias\/#organization"},"image":{"@type":"ImageObject","url":"https:\/\/candas365.es\/noticias\/wp-content\/uploads\/2018\/09\/Coque-Malla.jpg","width":1280,"height":1280},"datePublished":"2018-09-06T14:42:46+02:00","dateModified":"2018-09-06T14:42:46+02:00","inLanguage":"es-ES","mainEntityOfPage":{"@id":"https:\/\/candas365.es\/noticias\/musica-espanola-para-el-ultimo-trimestre-de-2018-en-el-niemeyer\/#webpage"},"isPartOf":{"@id":"https:\/\/candas365.es\/noticias\/musica-espanola-para-el-ultimo-trimestre-de-2018-en-el-niemeyer\/#webpage"},"articleSection":"Agenda","dateline":"Publicado el septiembre 6, 2018."},{"@type":"Organization","@id":"https:\/\/candas365.es\/noticias\/#organization","name":"Cand\u00e1s 365","description":"Cand\u00e1s 365 es un diario digital independiente, fundado en 2012, con base en Asturias. Informamos con rigor sobre actualidad, sociedad, cultura y ocio, con una mirada local y global.","url":"https:\/\/candas365.es\/noticias\/","email":"info@candas365.es","telephone":"+34652131393","foundingDate":"2012-06-10","logo":{"@type":"ImageObject","url":"https:\/\/candas365.es\/noticias\/wp-content\/uploads\/2024\/09\/Candas-365-Redes.jpg","@id":"https:\/\/candas365.es\/noticias\/musica-espanola-para-el-ultimo-trimestre-de-2018-en-el-niemeyer\/#organizationLogo","width":1152,"height":864,"caption":"Cand\u00e1s 365 Redes"},"image":{"@id":"https:\/\/candas365.es\/noticias\/musica-espanola-para-el-ultimo-trimestre-de-2018-en-el-niemeyer\/#organizationLogo"},"sameAs":["https:\/\/www.facebook.com\/Nachofdezber","https:\/\/x.com\/NabercoDigital","https:\/\/www.instagram.com\/nachofdezber\/","https:\/\/www.youtube.com\/channel\/UCZP-2wLEB9Rv6erhFmqVnvg"],"address":{"@id":"https:\/\/candas365.es\/noticias\/#postaladdress","@type":"PostalAddress","streetAddress":"san antonio 4, san antonio 4","postalCode":"33430","addressLocality":"Cand\u00e1s","addressRegion":"Asturias","addressCountry":"ES"}},{"@type":"Person","@id":"https:\/\/candas365.es\/noticias\/author\/admin\/#author","url":"https:\/\/candas365.es\/noticias\/author\/admin\/","name":"Cand\u00e1s 365","image":{"@type":"ImageObject","@id":"https:\/\/candas365.es\/noticias\/musica-espanola-para-el-ultimo-trimestre-de-2018-en-el-niemeyer\/#authorImage","url":"https:\/\/secure.gravatar.com\/avatar\/496a8e03d0c493ede1718b7934145dbdf8d89be1036b0eec9544e1094c9de390?s=96&d=mm&r=g","width":96,"height":96,"caption":"Cand\u00e1s 365"},"sameAs":["https:\/\/www.facebook.com\/carrenoactualidad","https:\/\/twitter.com\/nbasturias","https:\/\/www.instagram.com\/nachofdezber\/","https:\/\/www.youtube.com\/channel\/UCZP-2wLEB9Rv6erhFmqVnvg"]},{"@type":"WebPage","@id":"https:\/\/candas365.es\/noticias\/musica-espanola-para-el-ultimo-trimestre-de-2018-en-el-niemeyer\/#webpage","url":"https:\/\/candas365.es\/noticias\/musica-espanola-para-el-ultimo-trimestre-de-2018-en-el-niemeyer\/","name":"M\u00fasica espa\u00f1ola para el \u00faltimo trimestre de 2018 en el Niemeyer | Cand\u00e1s 365","description":"Los conciertos del \u00faltimo trimestre del a\u00f1o en el Centro Niemeyer llegan con acento espa\u00f1ol a trav\u00e9s de dos formaciones: Coque Malla el viernes 2 de noviembre a las 21:00 y la Noche Sabinera el viernes 28 de diciembre a las 20:30. Coque Malla, a punto de finalizar la \u201cGira Irrepetible\u201d, presenta una serie de","inLanguage":"es-ES","isPartOf":{"@id":"https:\/\/candas365.es\/noticias\/#website"},"breadcrumb":{"@id":"https:\/\/candas365.es\/noticias\/musica-espanola-para-el-ultimo-trimestre-de-2018-en-el-niemeyer\/#breadcrumblist"},"author":{"@id":"https:\/\/candas365.es\/noticias\/author\/admin\/#author"},"creator":{"@id":"https:\/\/candas365.es\/noticias\/author\/admin\/#author"},"image":{"@type":"ImageObject","url":"https:\/\/candas365.es\/noticias\/wp-content\/uploads\/2018\/09\/Coque-Malla.jpg","@id":"https:\/\/candas365.es\/noticias\/musica-espanola-para-el-ultimo-trimestre-de-2018-en-el-niemeyer\/#mainImage","width":1280,"height":1280},"primaryImageOfPage":{"@id":"https:\/\/candas365.es\/noticias\/musica-espanola-para-el-ultimo-trimestre-de-2018-en-el-niemeyer\/#mainImage"},"datePublished":"2018-09-06T14:42:46+02:00","dateModified":"2018-09-06T14:42:46+02:00"},{"@type":"WebSite","@id":"https:\/\/candas365.es\/noticias\/#website","url":"https:\/\/candas365.es\/noticias\/","name":"Cand\u00e1s 365","alternateName":"Cand\u00e1s 365 Noticias","description":"Actualidad desde Carre\u00f1o para el mundo","inLanguage":"es-ES","publisher":{"@id":"https:\/\/candas365.es\/noticias\/#organization"}}]},"og:locale":"es_ES","og:site_name":"Cand\u00e1s 365","og:type":"article","og:title":"M\u00fasica espa\u00f1ola para el \u00faltimo trimestre de 2018 en el Niemeyer | Cand\u00e1s 365","og:description":"Los conciertos del \u00faltimo trimestre del a\u00f1o en el Centro Niemeyer llegan con acento espa\u00f1ol a trav\u00e9s de dos formaciones: Coque Malla el viernes 2 de noviembre a las 21:00 y la Noche Sabinera el viernes 28 de diciembre a las 20:30. Coque Malla, a punto de finalizar la \u201cGira Irrepetible\u201d, presenta una serie de","og:url":"https:\/\/candas365.es\/noticias\/musica-espanola-para-el-ultimo-trimestre-de-2018-en-el-niemeyer\/","og:image":"https:\/\/candas365.es\/noticias\/wp-content\/uploads\/2018\/09\/Coque-Malla.jpg","og:image:secure_url":"https:\/\/candas365.es\/noticias\/wp-content\/uploads\/2018\/09\/Coque-Malla.jpg","og:image:width":1280,"og:image:height":1280,"article:published_time":"2018-09-06T14:42:46+00:00","article:modified_time":"2018-09-06T14:42:46+00:00","article:publisher":"https:\/\/www.facebook.com\/Nachofdezber","article:author":"https:\/\/www.facebook.com\/carrenoactualidad","twitter:card":"summary_large_image","twitter:site":"@NabercoDigital","twitter:title":"M\u00fasica espa\u00f1ola para el \u00faltimo trimestre de 2018 en el Niemeyer | Cand\u00e1s 365","twitter:description":"Los conciertos del \u00faltimo trimestre del a\u00f1o en el Centro Niemeyer llegan con acento espa\u00f1ol a trav\u00e9s de dos formaciones: Coque Malla el viernes 2 de noviembre a las 21:00 y la Noche Sabinera el viernes 28 de diciembre a las 20:30. Coque Malla, a punto de finalizar la \u201cGira Irrepetible\u201d, presenta una serie de","twitter:creator":"@nbasturias","twitter:image":"https:\/\/candas365.es\/noticias\/wp-content\/uploads\/2018\/09\/Coque-Malla.jpg","twitter:label1":"Escrito por","twitter:data1":"Cand\u00e1s 365","twitter:label2":"Tiempo de lectura estimado","twitter:data2":"2 minutos"},"aioseo_meta_data":{"post_id":"104649","title":null,"description":null,"keywords":null,"keyphrases":null,"primary_term":null,"canonical_url":null,"og_title":null,"og_description":null,"og_object_type":"default","og_image_type":"default","og_image_url":null,"og_image_width":null,"og_image_height":null,"og_image_custom_url":null,"og_image_custom_fields":null,"og_video":null,"og_custom_url":null,"og_article_section":null,"og_article_tags":null,"twitter_use_og":false,"twitter_card":"default","twitter_image_type":"default","twitter_image_url":null,"twitter_image_custom_url":null,"twitter_image_custom_fields":null,"twitter_title":null,"twitter_description":null,"schema":{"blockGraphs":[],"customGraphs":[],"default":{"data":{"Article":[],"Course":[],"Dataset":[],"FAQPage":[],"Movie":[],"Person":[],"Product":[],"ProductReview":[],"Car":[],"Recipe":[],"Service":[],"SoftwareApplication":[],"WebPage":[]},"graphName":"","isEnabled":true},"graphs":[],"defaultGraph":"","defaultPostTypeGraph":""},"schema_type":null,"schema_type_options":null,"pillar_content":false,"robots_default":true,"robots_noindex":false,"robots_noarchive":false,"robots_nosnippet":false,"robots_nofollow":false,"robots_noimageindex":false,"robots_noodp":false,"robots_notranslate":false,"robots_max_snippet":null,"robots_max_videopreview":null,"robots_max_imagepreview":"large","priority":null,"frequency":null,"location":null,"local_seo":null,"seo_analyzer_scan_date":"2025-08-27 20:07:15","breadcrumb_settings":null,"limit_modified_date":false,"reviewed_by":null,"open_ai":null,"ai":null,"created":"2020-12-21 11:45:39","updated":"2025-08-27 20:07:15"},"aioseo_breadcrumb":"<div class=\"aioseo-breadcrumbs\"><span class=\"aioseo-breadcrumb\">\n\t<a href=\"https:\/\/candas365.es\/noticias\" title=\"Home\">Home<\/a>\n<\/span><span class=\"aioseo-breadcrumb-separator\">&ndash;<\/span><span class=\"aioseo-breadcrumb\">\n\t<a href=\"https:\/\/candas365.es\/noticias\/category\/agenda\/\" title=\"Agenda\">Agenda<\/a>\n<\/span><span class=\"aioseo-breadcrumb-separator\">&ndash;<\/span><span class=\"aioseo-breadcrumb\">\n\tM\u00fasica espa\u00f1ola para el \u00faltimo trimestre de 2018 en el Niemeyer\n<\/span><\/div>","aioseo_breadcrumb_json":[{"label":"Home","link":"https:\/\/candas365.es\/noticias"},{"label":"Agenda","link":"https:\/\/candas365.es\/noticias\/category\/agenda\/"},{"label":"M\u00fasica espa\u00f1ola para el \u00faltimo trimestre de 2018 en el Niemeyer","link":"https:\/\/candas365.es\/noticias\/musica-espanola-para-el-ultimo-trimestre-de-2018-en-el-niemeyer\/"}],"_links":{"self":[{"href":"https:\/\/candas365.es\/noticias\/wp-json\/wp\/v2\/posts\/104649","targetHints":{"allow":["GET"]}}],"collection":[{"href":"https:\/\/candas365.es\/noticias\/wp-json\/wp\/v2\/posts"}],"about":[{"href":"https:\/\/candas365.es\/noticias\/wp-json\/wp\/v2\/types\/post"}],"author":[{"embeddable":true,"href":"https:\/\/candas365.es\/noticias\/wp-json\/wp\/v2\/users\/1"}],"replies":[{"embeddable":true,"href":"https:\/\/candas365.es\/noticias\/wp-json\/wp\/v2\/comments?post=104649"}],"version-history":[{"count":0,"href":"https:\/\/candas365.es\/noticias\/wp-json\/wp\/v2\/posts\/104649\/revisions"}],"wp:featuredmedia":[{"embeddable":true,"href":"https:\/\/candas365.es\/noticias\/wp-json\/wp\/v2\/media\/104650"}],"wp:attachment":[{"href":"https:\/\/candas365.es\/noticias\/wp-json\/wp\/v2\/media?parent=104649"}],"wp:term":[{"taxonomy":"category","embeddable":true,"href":"https:\/\/candas365.es\/noticias\/wp-json\/wp\/v2\/categories?post=104649"},{"taxonomy":"post_tag","embeddable":true,"href":"https:\/\/candas365.es\/noticias\/wp-json\/wp\/v2\/tags?post=104649"}],"curies":[{"name":"wp","href":"https:\/\/api.w.org\/{rel}","templated":true}]}}