{"id":104646,"date":"2018-09-06T14:25:15","date_gmt":"2018-09-06T14:25:15","guid":{"rendered":"http:\/\/candas365.es\/noticias\/?p=104646"},"modified":"2018-09-06T14:25:15","modified_gmt":"2018-09-06T14:25:15","slug":"candas-y-burgos-unidos-por-la-vuelta-y-los-fogones","status":"publish","type":"post","link":"https:\/\/candas365.es\/noticias\/candas-y-burgos-unidos-por-la-vuelta-y-los-fogones\/","title":{"rendered":"Cand\u00e1s y Burgos unidos por la Vuelta y los fogones"},"content":{"rendered":"<p><img fetchpriority=\"high\" decoding=\"async\" class=\"alignleft size-medium wp-image-104647\" src=\"https:\/\/candas365.es\/noticias\/wp-content\/uploads\/2018\/09\/PHOTO-2018-09-05-17-38-33-360x270.jpg\" alt=\"\" width=\"360\" height=\"270\" srcset=\"https:\/\/candas365.es\/noticias\/wp-content\/uploads\/2018\/09\/PHOTO-2018-09-05-17-38-33-360x270.jpg 360w, https:\/\/candas365.es\/noticias\/wp-content\/uploads\/2018\/09\/PHOTO-2018-09-05-17-38-33-768x576.jpg 768w, https:\/\/candas365.es\/noticias\/wp-content\/uploads\/2018\/09\/PHOTO-2018-09-05-17-38-33-640x480.jpg 640w, https:\/\/candas365.es\/noticias\/wp-content\/uploads\/2018\/09\/PHOTO-2018-09-05-17-38-33-80x60.jpg 80w, https:\/\/candas365.es\/noticias\/wp-content\/uploads\/2018\/09\/PHOTO-2018-09-05-17-38-33-265x198.jpg 265w, https:\/\/candas365.es\/noticias\/wp-content\/uploads\/2018\/09\/PHOTO-2018-09-05-17-38-33-696x522.jpg 696w, https:\/\/candas365.es\/noticias\/wp-content\/uploads\/2018\/09\/PHOTO-2018-09-05-17-38-33-1068x801.jpg 1068w, https:\/\/candas365.es\/noticias\/wp-content\/uploads\/2018\/09\/PHOTO-2018-09-05-17-38-33-560x420.jpg 560w, https:\/\/candas365.es\/noticias\/wp-content\/uploads\/2018\/09\/PHOTO-2018-09-05-17-38-33.jpg 1600w\" sizes=\"(max-width: 360px) 100vw, 360px\" \/>La Diputaci\u00f3n de Burgos, a trav\u00e9s de \u201cBurgos Alimenta\u201d contrat\u00f3 para promocionar sus productos al <strong>chef asturiano Manu Espi\u00f1<\/strong>a.<\/p>\n<p>En la Escuela de Sabores \u201cLa LLariega\u201d sita en el barrio candas\u00edn de El Regueral ( zona en la que residi\u00f3 Vicente L\u00f3pez Carril \u201c El Candasu\u201d, ciclista profesional fallecido que perteneci\u00f3 al equipo del KAS) esta tarde se grabar\u00e1 para la televisi\u00f3n nacional un programa de cocina en el que maridar\u00e1 la cocina asturiana, rica, variada, vers\u00e1til y con unos productos de primera l\u00ednea y los productos burgaleses.<\/p>\n<p>Se emitir\u00e1, para los amantes de una cocina que, de forma tan clara y contundente, rendir\u00e1 homenaje a pescados y mariscos del Cant\u00e1brico y carnes, legumbres burgalesas, la elaboraci\u00f3n de la receta de zancarr\u00f3n de lechazo de Burgos en caldereta marinera.<\/p>\n","protected":false},"excerpt":{"rendered":"<p>La Diputaci\u00f3n de Burgos, a trav\u00e9s de \u201cBurgos Alimenta\u201d contrat\u00f3 para promocionar sus productos al chef asturiano Manu Espi\u00f1a. En la Escuela de Sabores \u201cLa LLariega\u201d sita en el barrio candas\u00edn de El Regueral ( zona en la que residi\u00f3 Vicente L\u00f3pez Carril \u201c El Candasu\u201d, ciclista profesional fallecido que perteneci\u00f3 al equipo del KAS)<\/p>\n","protected":false},"author":1,"featured_media":104647,"comment_status":"closed","ping_status":"closed","sticky":false,"template":"","format":"standard","meta":{"footnotes":""},"categories":[2],"tags":[],"class_list":{"0":"post-104646","1":"post","2":"type-post","3":"status-publish","4":"format-standard","5":"has-post-thumbnail","7":"category-noticias-carreno"},"aioseo_notices":[],"aioseo_head":"\n\t\t<!-- All in One SEO Pro 4.9.6.2 - aioseo.com -->\n\t<meta name=\"description\" content=\"La Diputaci\u00f3n de Burgos, a trav\u00e9s de \u201cBurgos Alimenta\u201d contrat\u00f3 para promocionar sus productos al chef asturiano Manu Espi\u00f1a. En la Escuela de Sabores \u201cLa LLariega\u201d sita en el barrio candas\u00edn de El Regueral ( zona en la que residi\u00f3 Vicente L\u00f3pez Carril \u201c El Candasu\u201d, ciclista profesional fallecido que perteneci\u00f3 al equipo del KAS)\" \/>\n\t<meta name=\"robots\" content=\"max-image-preview:large\" \/>\n\t<meta name=\"author\" content=\"Cand\u00e1s 365\"\/>\n\t<meta name=\"google-site-verification\" content=\"UA-32230408-1\" \/>\n\t<meta name=\"msvalidate.01\" content=\"354F3CDFB2DA171B47FBE9ABF1F88D5\" \/>\n\t<meta name=\"keywords\" content=\"noticias carre\u00f1o\" \/>\n\t<link rel=\"canonical\" href=\"https:\/\/candas365.es\/noticias\/candas-y-burgos-unidos-por-la-vuelta-y-los-fogones\/\" \/>\n\t<meta name=\"generator\" content=\"All in One SEO Pro (AIOSEO) 4.9.6.2\" \/>\n\t\t<meta property=\"og:locale\" content=\"es_ES\" \/>\n\t\t<meta property=\"og:site_name\" content=\"Cand\u00e1s 365\" \/>\n\t\t<meta property=\"og:type\" content=\"article\" \/>\n\t\t<meta property=\"og:title\" content=\"Cand\u00e1s y Burgos unidos por la Vuelta y los fogones | Cand\u00e1s 365\" \/>\n\t\t<meta property=\"og:description\" content=\"La Diputaci\u00f3n de Burgos, a trav\u00e9s de \u201cBurgos Alimenta\u201d contrat\u00f3 para promocionar sus productos al chef asturiano Manu Espi\u00f1a. En la Escuela de Sabores \u201cLa LLariega\u201d sita en el barrio candas\u00edn de El Regueral ( zona en la que residi\u00f3 Vicente L\u00f3pez Carril \u201c El Candasu\u201d, ciclista profesional fallecido que perteneci\u00f3 al equipo del KAS)\" \/>\n\t\t<meta property=\"og:url\" content=\"https:\/\/candas365.es\/noticias\/candas-y-burgos-unidos-por-la-vuelta-y-los-fogones\/\" \/>\n\t\t<meta property=\"og:image\" content=\"https:\/\/candas365.es\/noticias\/wp-content\/uploads\/2018\/09\/PHOTO-2018-09-05-17-38-33.jpg\" \/>\n\t\t<meta property=\"og:image:secure_url\" content=\"https:\/\/candas365.es\/noticias\/wp-content\/uploads\/2018\/09\/PHOTO-2018-09-05-17-38-33.jpg\" \/>\n\t\t<meta property=\"og:image:width\" content=\"1600\" \/>\n\t\t<meta property=\"og:image:height\" content=\"1200\" \/>\n\t\t<meta property=\"article:published_time\" content=\"2018-09-06T14:25:15+00:00\" \/>\n\t\t<meta property=\"article:modified_time\" content=\"2018-09-06T14:25:15+00:00\" \/>\n\t\t<meta property=\"article:publisher\" content=\"https:\/\/www.facebook.com\/Nachofdezber\" \/>\n\t\t<meta property=\"article:author\" content=\"https:\/\/www.facebook.com\/carrenoactualidad\" \/>\n\t\t<meta name=\"twitter:card\" content=\"summary_large_image\" \/>\n\t\t<meta name=\"twitter:site\" content=\"@NabercoDigital\" \/>\n\t\t<meta name=\"twitter:title\" content=\"Cand\u00e1s y Burgos unidos por la Vuelta y los fogones | Cand\u00e1s 365\" \/>\n\t\t<meta name=\"twitter:description\" content=\"La Diputaci\u00f3n de Burgos, a trav\u00e9s de \u201cBurgos Alimenta\u201d contrat\u00f3 para promocionar sus productos al chef asturiano Manu Espi\u00f1a. En la Escuela de Sabores \u201cLa LLariega\u201d sita en el barrio candas\u00edn de El Regueral ( zona en la que residi\u00f3 Vicente L\u00f3pez Carril \u201c El Candasu\u201d, ciclista profesional fallecido que perteneci\u00f3 al equipo del KAS)\" \/>\n\t\t<meta name=\"twitter:creator\" content=\"@nbasturias\" \/>\n\t\t<meta name=\"twitter:image\" content=\"https:\/\/candas365.es\/noticias\/wp-content\/uploads\/2018\/09\/PHOTO-2018-09-05-17-38-33.jpg\" \/>\n\t\t<meta name=\"twitter:label1\" content=\"Escrito por\" \/>\n\t\t<meta name=\"twitter:data1\" content=\"Cand\u00e1s 365\" \/>\n\t\t<meta name=\"twitter:label2\" content=\"Tiempo de lectura estimado\" \/>\n\t\t<meta name=\"twitter:data2\" content=\"1 minuto\" \/>\n\t\t<script type=\"application\/ld+json\" class=\"aioseo-schema\">\n\t\t\t{\"@context\":\"https:\\\/\\\/schema.org\",\"@graph\":[{\"@type\":\"BreadcrumbList\",\"@id\":\"https:\\\/\\\/candas365.es\\\/noticias\\\/candas-y-burgos-unidos-por-la-vuelta-y-los-fogones\\\/#breadcrumblist\",\"itemListElement\":[{\"@type\":\"ListItem\",\"@id\":\"https:\\\/\\\/candas365.es\\\/noticias#listItem\",\"position\":1,\"name\":\"Home\",\"item\":\"https:\\\/\\\/candas365.es\\\/noticias\",\"nextItem\":{\"@type\":\"ListItem\",\"@id\":\"https:\\\/\\\/candas365.es\\\/noticias\\\/category\\\/noticias-carreno\\\/#listItem\",\"name\":\"Noticias Carre\\u00f1o\"}},{\"@type\":\"ListItem\",\"@id\":\"https:\\\/\\\/candas365.es\\\/noticias\\\/category\\\/noticias-carreno\\\/#listItem\",\"position\":2,\"name\":\"Noticias Carre\\u00f1o\",\"item\":\"https:\\\/\\\/candas365.es\\\/noticias\\\/category\\\/noticias-carreno\\\/\",\"nextItem\":{\"@type\":\"ListItem\",\"@id\":\"https:\\\/\\\/candas365.es\\\/noticias\\\/candas-y-burgos-unidos-por-la-vuelta-y-los-fogones\\\/#listItem\",\"name\":\"Cand\\u00e1s y Burgos unidos por la Vuelta y los fogones\"},\"previousItem\":{\"@type\":\"ListItem\",\"@id\":\"https:\\\/\\\/candas365.es\\\/noticias#listItem\",\"name\":\"Home\"}},{\"@type\":\"ListItem\",\"@id\":\"https:\\\/\\\/candas365.es\\\/noticias\\\/candas-y-burgos-unidos-por-la-vuelta-y-los-fogones\\\/#listItem\",\"position\":3,\"name\":\"Cand\\u00e1s y Burgos unidos por la Vuelta y los fogones\",\"previousItem\":{\"@type\":\"ListItem\",\"@id\":\"https:\\\/\\\/candas365.es\\\/noticias\\\/category\\\/noticias-carreno\\\/#listItem\",\"name\":\"Noticias Carre\\u00f1o\"}}]},{\"@type\":\"NewsArticle\",\"@id\":\"https:\\\/\\\/candas365.es\\\/noticias\\\/candas-y-burgos-unidos-por-la-vuelta-y-los-fogones\\\/#newsarticle\",\"name\":\"Cand\\u00e1s y Burgos unidos por la Vuelta y los fogones | Cand\\u00e1s 365\",\"headline\":\"Cand\\u00e1s y Burgos unidos por la Vuelta y los fogones\",\"author\":{\"@id\":\"https:\\\/\\\/candas365.es\\\/noticias\\\/author\\\/admin\\\/#author\"},\"publisher\":{\"@id\":\"https:\\\/\\\/candas365.es\\\/noticias\\\/#organization\"},\"image\":{\"@type\":\"ImageObject\",\"url\":\"https:\\\/\\\/candas365.es\\\/noticias\\\/wp-content\\\/uploads\\\/2018\\\/09\\\/PHOTO-2018-09-05-17-38-33.jpg\",\"width\":1600,\"height\":1200},\"datePublished\":\"2018-09-06T14:25:15+02:00\",\"dateModified\":\"2018-09-06T14:25:15+02:00\",\"inLanguage\":\"es-ES\",\"mainEntityOfPage\":{\"@id\":\"https:\\\/\\\/candas365.es\\\/noticias\\\/candas-y-burgos-unidos-por-la-vuelta-y-los-fogones\\\/#webpage\"},\"isPartOf\":{\"@id\":\"https:\\\/\\\/candas365.es\\\/noticias\\\/candas-y-burgos-unidos-por-la-vuelta-y-los-fogones\\\/#webpage\"},\"articleSection\":\"Noticias Carre\\u00f1o\",\"dateline\":\"Publicado el septiembre 6, 2018.\"},{\"@type\":\"Organization\",\"@id\":\"https:\\\/\\\/candas365.es\\\/noticias\\\/#organization\",\"name\":\"Cand\\u00e1s 365\",\"description\":\"Cand\\u00e1s 365 es un diario digital independiente, fundado en 2012, con base en Asturias. Informamos con rigor sobre actualidad, sociedad, cultura y ocio, con una mirada local y global.\",\"url\":\"https:\\\/\\\/candas365.es\\\/noticias\\\/\",\"email\":\"info@candas365.es\",\"telephone\":\"+34652131393\",\"foundingDate\":\"2012-06-10\",\"logo\":{\"@type\":\"ImageObject\",\"url\":\"https:\\\/\\\/candas365.es\\\/noticias\\\/wp-content\\\/uploads\\\/2024\\\/09\\\/Candas-365-Redes.jpg\",\"@id\":\"https:\\\/\\\/candas365.es\\\/noticias\\\/candas-y-burgos-unidos-por-la-vuelta-y-los-fogones\\\/#organizationLogo\",\"width\":1152,\"height\":864,\"caption\":\"Cand\\u00e1s 365 Redes\"},\"image\":{\"@id\":\"https:\\\/\\\/candas365.es\\\/noticias\\\/candas-y-burgos-unidos-por-la-vuelta-y-los-fogones\\\/#organizationLogo\"},\"sameAs\":[\"https:\\\/\\\/www.facebook.com\\\/Nachofdezber\",\"https:\\\/\\\/x.com\\\/NabercoDigital\",\"https:\\\/\\\/www.instagram.com\\\/nachofdezber\\\/\",\"https:\\\/\\\/www.youtube.com\\\/channel\\\/UCZP-2wLEB9Rv6erhFmqVnvg\"],\"address\":{\"@id\":\"https:\\\/\\\/candas365.es\\\/noticias\\\/#postaladdress\",\"@type\":\"PostalAddress\",\"streetAddress\":\"san antonio 4, san antonio 4\",\"postalCode\":\"33430\",\"addressLocality\":\"Cand\\u00e1s\",\"addressRegion\":\"Asturias\",\"addressCountry\":\"ES\"}},{\"@type\":\"Person\",\"@id\":\"https:\\\/\\\/candas365.es\\\/noticias\\\/author\\\/admin\\\/#author\",\"url\":\"https:\\\/\\\/candas365.es\\\/noticias\\\/author\\\/admin\\\/\",\"name\":\"Cand\\u00e1s 365\",\"image\":{\"@type\":\"ImageObject\",\"@id\":\"https:\\\/\\\/candas365.es\\\/noticias\\\/candas-y-burgos-unidos-por-la-vuelta-y-los-fogones\\\/#authorImage\",\"url\":\"https:\\\/\\\/secure.gravatar.com\\\/avatar\\\/496a8e03d0c493ede1718b7934145dbdf8d89be1036b0eec9544e1094c9de390?s=96&d=mm&r=g\",\"width\":96,\"height\":96,\"caption\":\"Cand\\u00e1s 365\"},\"sameAs\":[\"https:\\\/\\\/www.facebook.com\\\/carrenoactualidad\",\"https:\\\/\\\/twitter.com\\\/nbasturias\",\"https:\\\/\\\/www.instagram.com\\\/nachofdezber\\\/\",\"https:\\\/\\\/www.youtube.com\\\/channel\\\/UCZP-2wLEB9Rv6erhFmqVnvg\"]},{\"@type\":\"WebPage\",\"@id\":\"https:\\\/\\\/candas365.es\\\/noticias\\\/candas-y-burgos-unidos-por-la-vuelta-y-los-fogones\\\/#webpage\",\"url\":\"https:\\\/\\\/candas365.es\\\/noticias\\\/candas-y-burgos-unidos-por-la-vuelta-y-los-fogones\\\/\",\"name\":\"Cand\\u00e1s y Burgos unidos por la Vuelta y los fogones | Cand\\u00e1s 365\",\"description\":\"La Diputaci\\u00f3n de Burgos, a trav\\u00e9s de \\u201cBurgos Alimenta\\u201d contrat\\u00f3 para promocionar sus productos al chef asturiano Manu Espi\\u00f1a. En la Escuela de Sabores \\u201cLa LLariega\\u201d sita en el barrio candas\\u00edn de El Regueral ( zona en la que residi\\u00f3 Vicente L\\u00f3pez Carril \\u201c El Candasu\\u201d, ciclista profesional fallecido que perteneci\\u00f3 al equipo del KAS)\",\"inLanguage\":\"es-ES\",\"isPartOf\":{\"@id\":\"https:\\\/\\\/candas365.es\\\/noticias\\\/#website\"},\"breadcrumb\":{\"@id\":\"https:\\\/\\\/candas365.es\\\/noticias\\\/candas-y-burgos-unidos-por-la-vuelta-y-los-fogones\\\/#breadcrumblist\"},\"author\":{\"@id\":\"https:\\\/\\\/candas365.es\\\/noticias\\\/author\\\/admin\\\/#author\"},\"creator\":{\"@id\":\"https:\\\/\\\/candas365.es\\\/noticias\\\/author\\\/admin\\\/#author\"},\"image\":{\"@type\":\"ImageObject\",\"url\":\"https:\\\/\\\/candas365.es\\\/noticias\\\/wp-content\\\/uploads\\\/2018\\\/09\\\/PHOTO-2018-09-05-17-38-33.jpg\",\"@id\":\"https:\\\/\\\/candas365.es\\\/noticias\\\/candas-y-burgos-unidos-por-la-vuelta-y-los-fogones\\\/#mainImage\",\"width\":1600,\"height\":1200},\"primaryImageOfPage\":{\"@id\":\"https:\\\/\\\/candas365.es\\\/noticias\\\/candas-y-burgos-unidos-por-la-vuelta-y-los-fogones\\\/#mainImage\"},\"datePublished\":\"2018-09-06T14:25:15+02:00\",\"dateModified\":\"2018-09-06T14:25:15+02:00\"},{\"@type\":\"WebSite\",\"@id\":\"https:\\\/\\\/candas365.es\\\/noticias\\\/#website\",\"url\":\"https:\\\/\\\/candas365.es\\\/noticias\\\/\",\"name\":\"Cand\\u00e1s 365\",\"alternateName\":\"Cand\\u00e1s 365 Noticias\",\"description\":\"Actualidad desde Carre\\u00f1o para el mundo\",\"inLanguage\":\"es-ES\",\"publisher\":{\"@id\":\"https:\\\/\\\/candas365.es\\\/noticias\\\/#organization\"}}]}\n\t\t<\/script>\n\t\t<!-- All in One SEO Pro -->\r\n\t\t<title>Cand\u00e1s y Burgos unidos por la Vuelta y los fogones | Cand\u00e1s 365<\/title>\n\n","aioseo_head_json":{"title":"Cand\u00e1s y Burgos unidos por la Vuelta y los fogones | Cand\u00e1s 365","description":"La Diputaci\u00f3n de Burgos, a trav\u00e9s de \u201cBurgos Alimenta\u201d contrat\u00f3 para promocionar sus productos al chef asturiano Manu Espi\u00f1a. En la Escuela de Sabores \u201cLa LLariega\u201d sita en el barrio candas\u00edn de El Regueral ( zona en la que residi\u00f3 Vicente L\u00f3pez Carril \u201c El Candasu\u201d, ciclista profesional fallecido que perteneci\u00f3 al equipo del KAS)","canonical_url":"https:\/\/candas365.es\/noticias\/candas-y-burgos-unidos-por-la-vuelta-y-los-fogones\/","robots":"max-image-preview:large","keywords":"noticias carre\u00f1o","webmasterTools":{"google-site-verification":"UA-32230408-1","msvalidate.01":"354F3CDFB2DA171B47FBE9ABF1F88D5","miscellaneous":""},"schema":{"@context":"https:\/\/schema.org","@graph":[{"@type":"BreadcrumbList","@id":"https:\/\/candas365.es\/noticias\/candas-y-burgos-unidos-por-la-vuelta-y-los-fogones\/#breadcrumblist","itemListElement":[{"@type":"ListItem","@id":"https:\/\/candas365.es\/noticias#listItem","position":1,"name":"Home","item":"https:\/\/candas365.es\/noticias","nextItem":{"@type":"ListItem","@id":"https:\/\/candas365.es\/noticias\/category\/noticias-carreno\/#listItem","name":"Noticias Carre\u00f1o"}},{"@type":"ListItem","@id":"https:\/\/candas365.es\/noticias\/category\/noticias-carreno\/#listItem","position":2,"name":"Noticias Carre\u00f1o","item":"https:\/\/candas365.es\/noticias\/category\/noticias-carreno\/","nextItem":{"@type":"ListItem","@id":"https:\/\/candas365.es\/noticias\/candas-y-burgos-unidos-por-la-vuelta-y-los-fogones\/#listItem","name":"Cand\u00e1s y Burgos unidos por la Vuelta y los fogones"},"previousItem":{"@type":"ListItem","@id":"https:\/\/candas365.es\/noticias#listItem","name":"Home"}},{"@type":"ListItem","@id":"https:\/\/candas365.es\/noticias\/candas-y-burgos-unidos-por-la-vuelta-y-los-fogones\/#listItem","position":3,"name":"Cand\u00e1s y Burgos unidos por la Vuelta y los fogones","previousItem":{"@type":"ListItem","@id":"https:\/\/candas365.es\/noticias\/category\/noticias-carreno\/#listItem","name":"Noticias Carre\u00f1o"}}]},{"@type":"NewsArticle","@id":"https:\/\/candas365.es\/noticias\/candas-y-burgos-unidos-por-la-vuelta-y-los-fogones\/#newsarticle","name":"Cand\u00e1s y Burgos unidos por la Vuelta y los fogones | Cand\u00e1s 365","headline":"Cand\u00e1s y Burgos unidos por la Vuelta y los fogones","author":{"@id":"https:\/\/candas365.es\/noticias\/author\/admin\/#author"},"publisher":{"@id":"https:\/\/candas365.es\/noticias\/#organization"},"image":{"@type":"ImageObject","url":"https:\/\/candas365.es\/noticias\/wp-content\/uploads\/2018\/09\/PHOTO-2018-09-05-17-38-33.jpg","width":1600,"height":1200},"datePublished":"2018-09-06T14:25:15+02:00","dateModified":"2018-09-06T14:25:15+02:00","inLanguage":"es-ES","mainEntityOfPage":{"@id":"https:\/\/candas365.es\/noticias\/candas-y-burgos-unidos-por-la-vuelta-y-los-fogones\/#webpage"},"isPartOf":{"@id":"https:\/\/candas365.es\/noticias\/candas-y-burgos-unidos-por-la-vuelta-y-los-fogones\/#webpage"},"articleSection":"Noticias Carre\u00f1o","dateline":"Publicado el septiembre 6, 2018."},{"@type":"Organization","@id":"https:\/\/candas365.es\/noticias\/#organization","name":"Cand\u00e1s 365","description":"Cand\u00e1s 365 es un diario digital independiente, fundado en 2012, con base en Asturias. Informamos con rigor sobre actualidad, sociedad, cultura y ocio, con una mirada local y global.","url":"https:\/\/candas365.es\/noticias\/","email":"info@candas365.es","telephone":"+34652131393","foundingDate":"2012-06-10","logo":{"@type":"ImageObject","url":"https:\/\/candas365.es\/noticias\/wp-content\/uploads\/2024\/09\/Candas-365-Redes.jpg","@id":"https:\/\/candas365.es\/noticias\/candas-y-burgos-unidos-por-la-vuelta-y-los-fogones\/#organizationLogo","width":1152,"height":864,"caption":"Cand\u00e1s 365 Redes"},"image":{"@id":"https:\/\/candas365.es\/noticias\/candas-y-burgos-unidos-por-la-vuelta-y-los-fogones\/#organizationLogo"},"sameAs":["https:\/\/www.facebook.com\/Nachofdezber","https:\/\/x.com\/NabercoDigital","https:\/\/www.instagram.com\/nachofdezber\/","https:\/\/www.youtube.com\/channel\/UCZP-2wLEB9Rv6erhFmqVnvg"],"address":{"@id":"https:\/\/candas365.es\/noticias\/#postaladdress","@type":"PostalAddress","streetAddress":"san antonio 4, san antonio 4","postalCode":"33430","addressLocality":"Cand\u00e1s","addressRegion":"Asturias","addressCountry":"ES"}},{"@type":"Person","@id":"https:\/\/candas365.es\/noticias\/author\/admin\/#author","url":"https:\/\/candas365.es\/noticias\/author\/admin\/","name":"Cand\u00e1s 365","image":{"@type":"ImageObject","@id":"https:\/\/candas365.es\/noticias\/candas-y-burgos-unidos-por-la-vuelta-y-los-fogones\/#authorImage","url":"https:\/\/secure.gravatar.com\/avatar\/496a8e03d0c493ede1718b7934145dbdf8d89be1036b0eec9544e1094c9de390?s=96&d=mm&r=g","width":96,"height":96,"caption":"Cand\u00e1s 365"},"sameAs":["https:\/\/www.facebook.com\/carrenoactualidad","https:\/\/twitter.com\/nbasturias","https:\/\/www.instagram.com\/nachofdezber\/","https:\/\/www.youtube.com\/channel\/UCZP-2wLEB9Rv6erhFmqVnvg"]},{"@type":"WebPage","@id":"https:\/\/candas365.es\/noticias\/candas-y-burgos-unidos-por-la-vuelta-y-los-fogones\/#webpage","url":"https:\/\/candas365.es\/noticias\/candas-y-burgos-unidos-por-la-vuelta-y-los-fogones\/","name":"Cand\u00e1s y Burgos unidos por la Vuelta y los fogones | Cand\u00e1s 365","description":"La Diputaci\u00f3n de Burgos, a trav\u00e9s de \u201cBurgos Alimenta\u201d contrat\u00f3 para promocionar sus productos al chef asturiano Manu Espi\u00f1a. En la Escuela de Sabores \u201cLa LLariega\u201d sita en el barrio candas\u00edn de El Regueral ( zona en la que residi\u00f3 Vicente L\u00f3pez Carril \u201c El Candasu\u201d, ciclista profesional fallecido que perteneci\u00f3 al equipo del KAS)","inLanguage":"es-ES","isPartOf":{"@id":"https:\/\/candas365.es\/noticias\/#website"},"breadcrumb":{"@id":"https:\/\/candas365.es\/noticias\/candas-y-burgos-unidos-por-la-vuelta-y-los-fogones\/#breadcrumblist"},"author":{"@id":"https:\/\/candas365.es\/noticias\/author\/admin\/#author"},"creator":{"@id":"https:\/\/candas365.es\/noticias\/author\/admin\/#author"},"image":{"@type":"ImageObject","url":"https:\/\/candas365.es\/noticias\/wp-content\/uploads\/2018\/09\/PHOTO-2018-09-05-17-38-33.jpg","@id":"https:\/\/candas365.es\/noticias\/candas-y-burgos-unidos-por-la-vuelta-y-los-fogones\/#mainImage","width":1600,"height":1200},"primaryImageOfPage":{"@id":"https:\/\/candas365.es\/noticias\/candas-y-burgos-unidos-por-la-vuelta-y-los-fogones\/#mainImage"},"datePublished":"2018-09-06T14:25:15+02:00","dateModified":"2018-09-06T14:25:15+02:00"},{"@type":"WebSite","@id":"https:\/\/candas365.es\/noticias\/#website","url":"https:\/\/candas365.es\/noticias\/","name":"Cand\u00e1s 365","alternateName":"Cand\u00e1s 365 Noticias","description":"Actualidad desde Carre\u00f1o para el mundo","inLanguage":"es-ES","publisher":{"@id":"https:\/\/candas365.es\/noticias\/#organization"}}]},"og:locale":"es_ES","og:site_name":"Cand\u00e1s 365","og:type":"article","og:title":"Cand\u00e1s y Burgos unidos por la Vuelta y los fogones | Cand\u00e1s 365","og:description":"La Diputaci\u00f3n de Burgos, a trav\u00e9s de \u201cBurgos Alimenta\u201d contrat\u00f3 para promocionar sus productos al chef asturiano Manu Espi\u00f1a. En la Escuela de Sabores \u201cLa LLariega\u201d sita en el barrio candas\u00edn de El Regueral ( zona en la que residi\u00f3 Vicente L\u00f3pez Carril \u201c El Candasu\u201d, ciclista profesional fallecido que perteneci\u00f3 al equipo del KAS)","og:url":"https:\/\/candas365.es\/noticias\/candas-y-burgos-unidos-por-la-vuelta-y-los-fogones\/","og:image":"https:\/\/candas365.es\/noticias\/wp-content\/uploads\/2018\/09\/PHOTO-2018-09-05-17-38-33.jpg","og:image:secure_url":"https:\/\/candas365.es\/noticias\/wp-content\/uploads\/2018\/09\/PHOTO-2018-09-05-17-38-33.jpg","og:image:width":1600,"og:image:height":1200,"article:published_time":"2018-09-06T14:25:15+00:00","article:modified_time":"2018-09-06T14:25:15+00:00","article:publisher":"https:\/\/www.facebook.com\/Nachofdezber","article:author":"https:\/\/www.facebook.com\/carrenoactualidad","twitter:card":"summary_large_image","twitter:site":"@NabercoDigital","twitter:title":"Cand\u00e1s y Burgos unidos por la Vuelta y los fogones | Cand\u00e1s 365","twitter:description":"La Diputaci\u00f3n de Burgos, a trav\u00e9s de \u201cBurgos Alimenta\u201d contrat\u00f3 para promocionar sus productos al chef asturiano Manu Espi\u00f1a. En la Escuela de Sabores \u201cLa LLariega\u201d sita en el barrio candas\u00edn de El Regueral ( zona en la que residi\u00f3 Vicente L\u00f3pez Carril \u201c El Candasu\u201d, ciclista profesional fallecido que perteneci\u00f3 al equipo del KAS)","twitter:creator":"@nbasturias","twitter:image":"https:\/\/candas365.es\/noticias\/wp-content\/uploads\/2018\/09\/PHOTO-2018-09-05-17-38-33.jpg","twitter:label1":"Escrito por","twitter:data1":"Cand\u00e1s 365","twitter:label2":"Tiempo de lectura estimado","twitter:data2":"1 minuto"},"aioseo_meta_data":{"post_id":"104646","title":null,"description":null,"keywords":null,"keyphrases":null,"primary_term":null,"canonical_url":null,"og_title":null,"og_description":null,"og_object_type":"default","og_image_type":"default","og_image_url":null,"og_image_width":null,"og_image_height":null,"og_image_custom_url":null,"og_image_custom_fields":null,"og_video":null,"og_custom_url":null,"og_article_section":null,"og_article_tags":null,"twitter_use_og":false,"twitter_card":"default","twitter_image_type":"default","twitter_image_url":null,"twitter_image_custom_url":null,"twitter_image_custom_fields":null,"twitter_title":null,"twitter_description":null,"schema":{"blockGraphs":[],"customGraphs":[],"default":{"data":{"Article":[],"Course":[],"Dataset":[],"FAQPage":[],"Movie":[],"Person":[],"Product":[],"ProductReview":[],"Car":[],"Recipe":[],"Service":[],"SoftwareApplication":[],"WebPage":[]},"graphName":"","isEnabled":true},"graphs":[]},"schema_type":null,"schema_type_options":null,"pillar_content":false,"robots_default":true,"robots_noindex":false,"robots_noarchive":false,"robots_nosnippet":false,"robots_nofollow":false,"robots_noimageindex":false,"robots_noodp":false,"robots_notranslate":false,"robots_max_snippet":null,"robots_max_videopreview":null,"robots_max_imagepreview":"large","priority":null,"frequency":null,"location":null,"local_seo":null,"seo_analyzer_scan_date":"2025-08-27 20:07:14","breadcrumb_settings":null,"limit_modified_date":false,"reviewed_by":null,"open_ai":null,"ai":null,"created":"2020-12-21 11:45:39","updated":"2025-08-27 20:07:14"},"aioseo_breadcrumb":"<div class=\"aioseo-breadcrumbs\"><span class=\"aioseo-breadcrumb\">\n\t<a href=\"https:\/\/candas365.es\/noticias\" title=\"Home\">Home<\/a>\n<\/span><span class=\"aioseo-breadcrumb-separator\">&ndash;<\/span><span class=\"aioseo-breadcrumb\">\n\t<a href=\"https:\/\/candas365.es\/noticias\/category\/noticias-carreno\/\" title=\"Noticias Carre\u00f1o\">Noticias Carre\u00f1o<\/a>\n<\/span><span class=\"aioseo-breadcrumb-separator\">&ndash;<\/span><span class=\"aioseo-breadcrumb\">\n\tCand\u00e1s y Burgos unidos por la Vuelta y los fogones\n<\/span><\/div>","aioseo_breadcrumb_json":[{"label":"Home","link":"https:\/\/candas365.es\/noticias"},{"label":"Noticias Carre\u00f1o","link":"https:\/\/candas365.es\/noticias\/category\/noticias-carreno\/"},{"label":"Cand\u00e1s y Burgos unidos por la Vuelta y los fogones","link":"https:\/\/candas365.es\/noticias\/candas-y-burgos-unidos-por-la-vuelta-y-los-fogones\/"}],"_links":{"self":[{"href":"https:\/\/candas365.es\/noticias\/wp-json\/wp\/v2\/posts\/104646","targetHints":{"allow":["GET"]}}],"collection":[{"href":"https:\/\/candas365.es\/noticias\/wp-json\/wp\/v2\/posts"}],"about":[{"href":"https:\/\/candas365.es\/noticias\/wp-json\/wp\/v2\/types\/post"}],"author":[{"embeddable":true,"href":"https:\/\/candas365.es\/noticias\/wp-json\/wp\/v2\/users\/1"}],"replies":[{"embeddable":true,"href":"https:\/\/candas365.es\/noticias\/wp-json\/wp\/v2\/comments?post=104646"}],"version-history":[{"count":0,"href":"https:\/\/candas365.es\/noticias\/wp-json\/wp\/v2\/posts\/104646\/revisions"}],"wp:featuredmedia":[{"embeddable":true,"href":"https:\/\/candas365.es\/noticias\/wp-json\/wp\/v2\/media\/104647"}],"wp:attachment":[{"href":"https:\/\/candas365.es\/noticias\/wp-json\/wp\/v2\/media?parent=104646"}],"wp:term":[{"taxonomy":"category","embeddable":true,"href":"https:\/\/candas365.es\/noticias\/wp-json\/wp\/v2\/categories?post=104646"},{"taxonomy":"post_tag","embeddable":true,"href":"https:\/\/candas365.es\/noticias\/wp-json\/wp\/v2\/tags?post=104646"}],"curies":[{"name":"wp","href":"https:\/\/api.w.org\/{rel}","templated":true}]}}