{"id":104638,"date":"2018-09-06T14:17:57","date_gmt":"2018-09-06T14:17:57","guid":{"rendered":"http:\/\/candas365.es\/noticias\/?p=104638"},"modified":"2018-09-06T14:17:57","modified_gmt":"2018-09-06T14:17:57","slug":"nuevo-concierto-de-terrazas-mahou-en-aviles","status":"publish","type":"post","link":"https:\/\/candas365.es\/noticias\/nuevo-concierto-de-terrazas-mahou-en-aviles\/","title":{"rendered":"Nuevo concierto de \u00abTerrazas Mahou\u00bb en Avil\u00e9s"},"content":{"rendered":"<p><img fetchpriority=\"high\" decoding=\"async\" class=\"alignleft size-medium wp-image-104639\" src=\"https:\/\/candas365.es\/noticias\/wp-content\/uploads\/2018\/09\/Terrazas-Mahou-Septiembre_Concierto-Plaza-Carbayedo-212x300.jpg\" alt=\"\" width=\"212\" height=\"300\" srcset=\"https:\/\/candas365.es\/noticias\/wp-content\/uploads\/2018\/09\/Terrazas-Mahou-Septiembre_Concierto-Plaza-Carbayedo-212x300.jpg 212w, https:\/\/candas365.es\/noticias\/wp-content\/uploads\/2018\/09\/Terrazas-Mahou-Septiembre_Concierto-Plaza-Carbayedo-768x1086.jpg 768w, https:\/\/candas365.es\/noticias\/wp-content\/uploads\/2018\/09\/Terrazas-Mahou-Septiembre_Concierto-Plaza-Carbayedo-339x480.jpg 339w, https:\/\/candas365.es\/noticias\/wp-content\/uploads\/2018\/09\/Terrazas-Mahou-Septiembre_Concierto-Plaza-Carbayedo-696x984.jpg 696w, https:\/\/candas365.es\/noticias\/wp-content\/uploads\/2018\/09\/Terrazas-Mahou-Septiembre_Concierto-Plaza-Carbayedo-297x420.jpg 297w, https:\/\/candas365.es\/noticias\/wp-content\/uploads\/2018\/09\/Terrazas-Mahou-Septiembre_Concierto-Plaza-Carbayedo.jpg 905w\" sizes=\"(max-width: 212px) 100vw, 212px\" \/>Ma\u00f1ana viernes 7 de septiembre a las 20.30h ser\u00e1 Javier Insua quien amenice con versiones actuales la tarde-noche en la Plaza Carbayedo de Avil\u00e9s.<\/p>\n<p>Y es que ser\u00e1 el protagonista de un nuevo concierto perteneciente al ciclo musical \u2018Terrazas Mahou\u2019, la divertida propuesta que ha creado la marca cervecera para acercar la mejor m\u00fasica en directo al p\u00fablico asturiano y a aquellos que est\u00e9n de paso en la regi\u00f3n.<\/p>\n<p>Se trata de un plan de ocio diferente y gratuito que adem\u00e1s ir\u00e1 acompa\u00f1ado de un stand de Mahou que acercar\u00e1 el arte urbano a los asistentes y donde podr\u00e1n conseguir diferentes premios, como mochilas customizadas al momento por una ilustradora.<\/p>\n<p>Con iniciativas como esta Mahou refuerza nuevamente su compromiso con Asturias, creando experiencias innovadoras y apoyando tanto a la hosteler\u00eda local como a los j\u00f3venes talentos musicales, mientras comparte la pasi\u00f3n, el alma y la cercan\u00eda entre los artistas y el p\u00fablico.<\/p>\n","protected":false},"excerpt":{"rendered":"<p>Ma\u00f1ana viernes 7 de septiembre a las 20.30h ser\u00e1 Javier Insua quien amenice con versiones actuales la tarde-noche en la Plaza Carbayedo de Avil\u00e9s. Y es que ser\u00e1 el protagonista de un nuevo concierto perteneciente al ciclo musical \u2018Terrazas Mahou\u2019, la divertida propuesta que ha creado la marca cervecera para acercar la mejor m\u00fasica en<\/p>\n","protected":false},"author":1,"featured_media":104639,"comment_status":"closed","ping_status":"closed","sticky":false,"template":"","format":"standard","meta":{"footnotes":""},"categories":[1],"tags":[],"class_list":{"0":"post-104638","1":"post","2":"type-post","3":"status-publish","4":"format-standard","5":"has-post-thumbnail","7":"category-agenda"},"aioseo_notices":[],"aioseo_head":"\n\t\t<!-- All in One SEO Pro 4.9.6.2 - aioseo.com -->\n\t<meta name=\"description\" content=\"Ma\u00f1ana viernes 7 de septiembre a las 20.30h ser\u00e1 Javier Insua quien amenice con versiones actuales la tarde-noche en la Plaza Carbayedo de Avil\u00e9s. Y es que ser\u00e1 el protagonista de un nuevo concierto perteneciente al ciclo musical \u2018Terrazas Mahou\u2019, la divertida propuesta que ha creado la marca cervecera para acercar la mejor m\u00fasica en\" \/>\n\t<meta name=\"robots\" content=\"max-image-preview:large\" \/>\n\t<meta name=\"author\" content=\"Cand\u00e1s 365\"\/>\n\t<meta name=\"google-site-verification\" content=\"UA-32230408-1\" \/>\n\t<meta name=\"msvalidate.01\" content=\"354F3CDFB2DA171B47FBE9ABF1F88D5\" \/>\n\t<meta name=\"keywords\" content=\"agenda\" \/>\n\t<link rel=\"canonical\" href=\"https:\/\/candas365.es\/noticias\/nuevo-concierto-de-terrazas-mahou-en-aviles\/\" \/>\n\t<meta name=\"generator\" content=\"All in One SEO Pro (AIOSEO) 4.9.6.2\" \/>\n\t\t<meta property=\"og:locale\" content=\"es_ES\" \/>\n\t\t<meta property=\"og:site_name\" content=\"Cand\u00e1s 365\" \/>\n\t\t<meta property=\"og:type\" content=\"article\" \/>\n\t\t<meta property=\"og:title\" content=\"Nuevo concierto de \u00abTerrazas Mahou\u00bb en Avil\u00e9s | Cand\u00e1s 365\" \/>\n\t\t<meta property=\"og:description\" content=\"Ma\u00f1ana viernes 7 de septiembre a las 20.30h ser\u00e1 Javier Insua quien amenice con versiones actuales la tarde-noche en la Plaza Carbayedo de Avil\u00e9s. Y es que ser\u00e1 el protagonista de un nuevo concierto perteneciente al ciclo musical \u2018Terrazas Mahou\u2019, la divertida propuesta que ha creado la marca cervecera para acercar la mejor m\u00fasica en\" \/>\n\t\t<meta property=\"og:url\" content=\"https:\/\/candas365.es\/noticias\/nuevo-concierto-de-terrazas-mahou-en-aviles\/\" \/>\n\t\t<meta property=\"og:image\" content=\"https:\/\/candas365.es\/noticias\/wp-content\/uploads\/2018\/09\/Terrazas-Mahou-Septiembre_Concierto-Plaza-Carbayedo.jpg\" \/>\n\t\t<meta property=\"og:image:secure_url\" content=\"https:\/\/candas365.es\/noticias\/wp-content\/uploads\/2018\/09\/Terrazas-Mahou-Septiembre_Concierto-Plaza-Carbayedo.jpg\" \/>\n\t\t<meta property=\"og:image:width\" content=\"905\" \/>\n\t\t<meta property=\"og:image:height\" content=\"1280\" \/>\n\t\t<meta property=\"article:published_time\" content=\"2018-09-06T14:17:57+00:00\" \/>\n\t\t<meta property=\"article:modified_time\" content=\"2018-09-06T14:17:57+00:00\" \/>\n\t\t<meta property=\"article:publisher\" content=\"https:\/\/www.facebook.com\/Nachofdezber\" \/>\n\t\t<meta property=\"article:author\" content=\"https:\/\/www.facebook.com\/carrenoactualidad\" \/>\n\t\t<meta name=\"twitter:card\" content=\"summary_large_image\" \/>\n\t\t<meta name=\"twitter:site\" content=\"@NabercoDigital\" \/>\n\t\t<meta name=\"twitter:title\" content=\"Nuevo concierto de \u00abTerrazas Mahou\u00bb en Avil\u00e9s | Cand\u00e1s 365\" \/>\n\t\t<meta name=\"twitter:description\" content=\"Ma\u00f1ana viernes 7 de septiembre a las 20.30h ser\u00e1 Javier Insua quien amenice con versiones actuales la tarde-noche en la Plaza Carbayedo de Avil\u00e9s. Y es que ser\u00e1 el protagonista de un nuevo concierto perteneciente al ciclo musical \u2018Terrazas Mahou\u2019, la divertida propuesta que ha creado la marca cervecera para acercar la mejor m\u00fasica en\" \/>\n\t\t<meta name=\"twitter:creator\" content=\"@nbasturias\" \/>\n\t\t<meta name=\"twitter:image\" content=\"https:\/\/candas365.es\/noticias\/wp-content\/uploads\/2018\/09\/Terrazas-Mahou-Septiembre_Concierto-Plaza-Carbayedo.jpg\" \/>\n\t\t<meta name=\"twitter:label1\" content=\"Escrito por\" \/>\n\t\t<meta name=\"twitter:data1\" content=\"Cand\u00e1s 365\" \/>\n\t\t<meta name=\"twitter:label2\" content=\"Tiempo de lectura estimado\" \/>\n\t\t<meta name=\"twitter:data2\" content=\"1 minuto\" \/>\n\t\t<script type=\"application\/ld+json\" class=\"aioseo-schema\">\n\t\t\t{\"@context\":\"https:\\\/\\\/schema.org\",\"@graph\":[{\"@type\":\"BreadcrumbList\",\"@id\":\"https:\\\/\\\/candas365.es\\\/noticias\\\/nuevo-concierto-de-terrazas-mahou-en-aviles\\\/#breadcrumblist\",\"itemListElement\":[{\"@type\":\"ListItem\",\"@id\":\"https:\\\/\\\/candas365.es\\\/noticias#listItem\",\"position\":1,\"name\":\"Home\",\"item\":\"https:\\\/\\\/candas365.es\\\/noticias\",\"nextItem\":{\"@type\":\"ListItem\",\"@id\":\"https:\\\/\\\/candas365.es\\\/noticias\\\/category\\\/agenda\\\/#listItem\",\"name\":\"Agenda\"}},{\"@type\":\"ListItem\",\"@id\":\"https:\\\/\\\/candas365.es\\\/noticias\\\/category\\\/agenda\\\/#listItem\",\"position\":2,\"name\":\"Agenda\",\"item\":\"https:\\\/\\\/candas365.es\\\/noticias\\\/category\\\/agenda\\\/\",\"nextItem\":{\"@type\":\"ListItem\",\"@id\":\"https:\\\/\\\/candas365.es\\\/noticias\\\/nuevo-concierto-de-terrazas-mahou-en-aviles\\\/#listItem\",\"name\":\"Nuevo concierto de \\u00abTerrazas Mahou\\u00bb en Avil\\u00e9s\"},\"previousItem\":{\"@type\":\"ListItem\",\"@id\":\"https:\\\/\\\/candas365.es\\\/noticias#listItem\",\"name\":\"Home\"}},{\"@type\":\"ListItem\",\"@id\":\"https:\\\/\\\/candas365.es\\\/noticias\\\/nuevo-concierto-de-terrazas-mahou-en-aviles\\\/#listItem\",\"position\":3,\"name\":\"Nuevo concierto de \\u00abTerrazas Mahou\\u00bb en Avil\\u00e9s\",\"previousItem\":{\"@type\":\"ListItem\",\"@id\":\"https:\\\/\\\/candas365.es\\\/noticias\\\/category\\\/agenda\\\/#listItem\",\"name\":\"Agenda\"}}]},{\"@type\":\"NewsArticle\",\"@id\":\"https:\\\/\\\/candas365.es\\\/noticias\\\/nuevo-concierto-de-terrazas-mahou-en-aviles\\\/#newsarticle\",\"name\":\"Nuevo concierto de \\u00abTerrazas Mahou\\u00bb en Avil\\u00e9s | Cand\\u00e1s 365\",\"headline\":\"Nuevo concierto de \\u00abTerrazas Mahou\\u00bb en Avil\\u00e9s\",\"author\":{\"@id\":\"https:\\\/\\\/candas365.es\\\/noticias\\\/author\\\/admin\\\/#author\"},\"publisher\":{\"@id\":\"https:\\\/\\\/candas365.es\\\/noticias\\\/#organization\"},\"image\":{\"@type\":\"ImageObject\",\"url\":\"https:\\\/\\\/candas365.es\\\/noticias\\\/wp-content\\\/uploads\\\/2018\\\/09\\\/Terrazas-Mahou-Septiembre_Concierto-Plaza-Carbayedo.jpg\",\"width\":905,\"height\":1280},\"datePublished\":\"2018-09-06T14:17:57+02:00\",\"dateModified\":\"2018-09-06T14:17:57+02:00\",\"inLanguage\":\"es-ES\",\"mainEntityOfPage\":{\"@id\":\"https:\\\/\\\/candas365.es\\\/noticias\\\/nuevo-concierto-de-terrazas-mahou-en-aviles\\\/#webpage\"},\"isPartOf\":{\"@id\":\"https:\\\/\\\/candas365.es\\\/noticias\\\/nuevo-concierto-de-terrazas-mahou-en-aviles\\\/#webpage\"},\"articleSection\":\"Agenda\",\"dateline\":\"Publicado el septiembre 6, 2018.\"},{\"@type\":\"Organization\",\"@id\":\"https:\\\/\\\/candas365.es\\\/noticias\\\/#organization\",\"name\":\"Cand\\u00e1s 365\",\"description\":\"Cand\\u00e1s 365 es un diario digital independiente, fundado en 2012, con base en Asturias. Informamos con rigor sobre actualidad, sociedad, cultura y ocio, con una mirada local y global.\",\"url\":\"https:\\\/\\\/candas365.es\\\/noticias\\\/\",\"email\":\"info@candas365.es\",\"telephone\":\"+34652131393\",\"foundingDate\":\"2012-06-10\",\"logo\":{\"@type\":\"ImageObject\",\"url\":\"https:\\\/\\\/candas365.es\\\/noticias\\\/wp-content\\\/uploads\\\/2024\\\/09\\\/Candas-365-Redes.jpg\",\"@id\":\"https:\\\/\\\/candas365.es\\\/noticias\\\/nuevo-concierto-de-terrazas-mahou-en-aviles\\\/#organizationLogo\",\"width\":1152,\"height\":864,\"caption\":\"Cand\\u00e1s 365 Redes\"},\"image\":{\"@id\":\"https:\\\/\\\/candas365.es\\\/noticias\\\/nuevo-concierto-de-terrazas-mahou-en-aviles\\\/#organizationLogo\"},\"sameAs\":[\"https:\\\/\\\/www.facebook.com\\\/Nachofdezber\",\"https:\\\/\\\/x.com\\\/NabercoDigital\",\"https:\\\/\\\/www.instagram.com\\\/nachofdezber\\\/\",\"https:\\\/\\\/www.youtube.com\\\/channel\\\/UCZP-2wLEB9Rv6erhFmqVnvg\"],\"address\":{\"@id\":\"https:\\\/\\\/candas365.es\\\/noticias\\\/#postaladdress\",\"@type\":\"PostalAddress\",\"streetAddress\":\"san antonio 4, san antonio 4\",\"postalCode\":\"33430\",\"addressLocality\":\"Cand\\u00e1s\",\"addressRegion\":\"Asturias\",\"addressCountry\":\"ES\"}},{\"@type\":\"Person\",\"@id\":\"https:\\\/\\\/candas365.es\\\/noticias\\\/author\\\/admin\\\/#author\",\"url\":\"https:\\\/\\\/candas365.es\\\/noticias\\\/author\\\/admin\\\/\",\"name\":\"Cand\\u00e1s 365\",\"image\":{\"@type\":\"ImageObject\",\"@id\":\"https:\\\/\\\/candas365.es\\\/noticias\\\/nuevo-concierto-de-terrazas-mahou-en-aviles\\\/#authorImage\",\"url\":\"https:\\\/\\\/secure.gravatar.com\\\/avatar\\\/496a8e03d0c493ede1718b7934145dbdf8d89be1036b0eec9544e1094c9de390?s=96&d=mm&r=g\",\"width\":96,\"height\":96,\"caption\":\"Cand\\u00e1s 365\"},\"sameAs\":[\"https:\\\/\\\/www.facebook.com\\\/carrenoactualidad\",\"https:\\\/\\\/twitter.com\\\/nbasturias\",\"https:\\\/\\\/www.instagram.com\\\/nachofdezber\\\/\",\"https:\\\/\\\/www.youtube.com\\\/channel\\\/UCZP-2wLEB9Rv6erhFmqVnvg\"]},{\"@type\":\"WebPage\",\"@id\":\"https:\\\/\\\/candas365.es\\\/noticias\\\/nuevo-concierto-de-terrazas-mahou-en-aviles\\\/#webpage\",\"url\":\"https:\\\/\\\/candas365.es\\\/noticias\\\/nuevo-concierto-de-terrazas-mahou-en-aviles\\\/\",\"name\":\"Nuevo concierto de \\u00abTerrazas Mahou\\u00bb en Avil\\u00e9s | Cand\\u00e1s 365\",\"description\":\"Ma\\u00f1ana viernes 7 de septiembre a las 20.30h ser\\u00e1 Javier Insua quien amenice con versiones actuales la tarde-noche en la Plaza Carbayedo de Avil\\u00e9s. Y es que ser\\u00e1 el protagonista de un nuevo concierto perteneciente al ciclo musical \\u2018Terrazas Mahou\\u2019, la divertida propuesta que ha creado la marca cervecera para acercar la mejor m\\u00fasica en\",\"inLanguage\":\"es-ES\",\"isPartOf\":{\"@id\":\"https:\\\/\\\/candas365.es\\\/noticias\\\/#website\"},\"breadcrumb\":{\"@id\":\"https:\\\/\\\/candas365.es\\\/noticias\\\/nuevo-concierto-de-terrazas-mahou-en-aviles\\\/#breadcrumblist\"},\"author\":{\"@id\":\"https:\\\/\\\/candas365.es\\\/noticias\\\/author\\\/admin\\\/#author\"},\"creator\":{\"@id\":\"https:\\\/\\\/candas365.es\\\/noticias\\\/author\\\/admin\\\/#author\"},\"image\":{\"@type\":\"ImageObject\",\"url\":\"https:\\\/\\\/candas365.es\\\/noticias\\\/wp-content\\\/uploads\\\/2018\\\/09\\\/Terrazas-Mahou-Septiembre_Concierto-Plaza-Carbayedo.jpg\",\"@id\":\"https:\\\/\\\/candas365.es\\\/noticias\\\/nuevo-concierto-de-terrazas-mahou-en-aviles\\\/#mainImage\",\"width\":905,\"height\":1280},\"primaryImageOfPage\":{\"@id\":\"https:\\\/\\\/candas365.es\\\/noticias\\\/nuevo-concierto-de-terrazas-mahou-en-aviles\\\/#mainImage\"},\"datePublished\":\"2018-09-06T14:17:57+02:00\",\"dateModified\":\"2018-09-06T14:17:57+02:00\"},{\"@type\":\"WebSite\",\"@id\":\"https:\\\/\\\/candas365.es\\\/noticias\\\/#website\",\"url\":\"https:\\\/\\\/candas365.es\\\/noticias\\\/\",\"name\":\"Cand\\u00e1s 365\",\"alternateName\":\"Cand\\u00e1s 365 Noticias\",\"description\":\"Actualidad desde Carre\\u00f1o para el mundo\",\"inLanguage\":\"es-ES\",\"publisher\":{\"@id\":\"https:\\\/\\\/candas365.es\\\/noticias\\\/#organization\"}}]}\n\t\t<\/script>\n\t\t<!-- All in One SEO Pro -->\r\n\t\t<title>Nuevo concierto de \u00abTerrazas Mahou\u00bb en Avil\u00e9s | Cand\u00e1s 365<\/title>\n\n","aioseo_head_json":{"title":"Nuevo concierto de \u00abTerrazas Mahou\u00bb en Avil\u00e9s | Cand\u00e1s 365","description":"Ma\u00f1ana viernes 7 de septiembre a las 20.30h ser\u00e1 Javier Insua quien amenice con versiones actuales la tarde-noche en la Plaza Carbayedo de Avil\u00e9s. Y es que ser\u00e1 el protagonista de un nuevo concierto perteneciente al ciclo musical \u2018Terrazas Mahou\u2019, la divertida propuesta que ha creado la marca cervecera para acercar la mejor m\u00fasica en","canonical_url":"https:\/\/candas365.es\/noticias\/nuevo-concierto-de-terrazas-mahou-en-aviles\/","robots":"max-image-preview:large","keywords":"agenda","webmasterTools":{"google-site-verification":"UA-32230408-1","msvalidate.01":"354F3CDFB2DA171B47FBE9ABF1F88D5","miscellaneous":""},"schema":{"@context":"https:\/\/schema.org","@graph":[{"@type":"BreadcrumbList","@id":"https:\/\/candas365.es\/noticias\/nuevo-concierto-de-terrazas-mahou-en-aviles\/#breadcrumblist","itemListElement":[{"@type":"ListItem","@id":"https:\/\/candas365.es\/noticias#listItem","position":1,"name":"Home","item":"https:\/\/candas365.es\/noticias","nextItem":{"@type":"ListItem","@id":"https:\/\/candas365.es\/noticias\/category\/agenda\/#listItem","name":"Agenda"}},{"@type":"ListItem","@id":"https:\/\/candas365.es\/noticias\/category\/agenda\/#listItem","position":2,"name":"Agenda","item":"https:\/\/candas365.es\/noticias\/category\/agenda\/","nextItem":{"@type":"ListItem","@id":"https:\/\/candas365.es\/noticias\/nuevo-concierto-de-terrazas-mahou-en-aviles\/#listItem","name":"Nuevo concierto de \u00abTerrazas Mahou\u00bb en Avil\u00e9s"},"previousItem":{"@type":"ListItem","@id":"https:\/\/candas365.es\/noticias#listItem","name":"Home"}},{"@type":"ListItem","@id":"https:\/\/candas365.es\/noticias\/nuevo-concierto-de-terrazas-mahou-en-aviles\/#listItem","position":3,"name":"Nuevo concierto de \u00abTerrazas Mahou\u00bb en Avil\u00e9s","previousItem":{"@type":"ListItem","@id":"https:\/\/candas365.es\/noticias\/category\/agenda\/#listItem","name":"Agenda"}}]},{"@type":"NewsArticle","@id":"https:\/\/candas365.es\/noticias\/nuevo-concierto-de-terrazas-mahou-en-aviles\/#newsarticle","name":"Nuevo concierto de \u00abTerrazas Mahou\u00bb en Avil\u00e9s | Cand\u00e1s 365","headline":"Nuevo concierto de \u00abTerrazas Mahou\u00bb en Avil\u00e9s","author":{"@id":"https:\/\/candas365.es\/noticias\/author\/admin\/#author"},"publisher":{"@id":"https:\/\/candas365.es\/noticias\/#organization"},"image":{"@type":"ImageObject","url":"https:\/\/candas365.es\/noticias\/wp-content\/uploads\/2018\/09\/Terrazas-Mahou-Septiembre_Concierto-Plaza-Carbayedo.jpg","width":905,"height":1280},"datePublished":"2018-09-06T14:17:57+02:00","dateModified":"2018-09-06T14:17:57+02:00","inLanguage":"es-ES","mainEntityOfPage":{"@id":"https:\/\/candas365.es\/noticias\/nuevo-concierto-de-terrazas-mahou-en-aviles\/#webpage"},"isPartOf":{"@id":"https:\/\/candas365.es\/noticias\/nuevo-concierto-de-terrazas-mahou-en-aviles\/#webpage"},"articleSection":"Agenda","dateline":"Publicado el septiembre 6, 2018."},{"@type":"Organization","@id":"https:\/\/candas365.es\/noticias\/#organization","name":"Cand\u00e1s 365","description":"Cand\u00e1s 365 es un diario digital independiente, fundado en 2012, con base en Asturias. Informamos con rigor sobre actualidad, sociedad, cultura y ocio, con una mirada local y global.","url":"https:\/\/candas365.es\/noticias\/","email":"info@candas365.es","telephone":"+34652131393","foundingDate":"2012-06-10","logo":{"@type":"ImageObject","url":"https:\/\/candas365.es\/noticias\/wp-content\/uploads\/2024\/09\/Candas-365-Redes.jpg","@id":"https:\/\/candas365.es\/noticias\/nuevo-concierto-de-terrazas-mahou-en-aviles\/#organizationLogo","width":1152,"height":864,"caption":"Cand\u00e1s 365 Redes"},"image":{"@id":"https:\/\/candas365.es\/noticias\/nuevo-concierto-de-terrazas-mahou-en-aviles\/#organizationLogo"},"sameAs":["https:\/\/www.facebook.com\/Nachofdezber","https:\/\/x.com\/NabercoDigital","https:\/\/www.instagram.com\/nachofdezber\/","https:\/\/www.youtube.com\/channel\/UCZP-2wLEB9Rv6erhFmqVnvg"],"address":{"@id":"https:\/\/candas365.es\/noticias\/#postaladdress","@type":"PostalAddress","streetAddress":"san antonio 4, san antonio 4","postalCode":"33430","addressLocality":"Cand\u00e1s","addressRegion":"Asturias","addressCountry":"ES"}},{"@type":"Person","@id":"https:\/\/candas365.es\/noticias\/author\/admin\/#author","url":"https:\/\/candas365.es\/noticias\/author\/admin\/","name":"Cand\u00e1s 365","image":{"@type":"ImageObject","@id":"https:\/\/candas365.es\/noticias\/nuevo-concierto-de-terrazas-mahou-en-aviles\/#authorImage","url":"https:\/\/secure.gravatar.com\/avatar\/496a8e03d0c493ede1718b7934145dbdf8d89be1036b0eec9544e1094c9de390?s=96&d=mm&r=g","width":96,"height":96,"caption":"Cand\u00e1s 365"},"sameAs":["https:\/\/www.facebook.com\/carrenoactualidad","https:\/\/twitter.com\/nbasturias","https:\/\/www.instagram.com\/nachofdezber\/","https:\/\/www.youtube.com\/channel\/UCZP-2wLEB9Rv6erhFmqVnvg"]},{"@type":"WebPage","@id":"https:\/\/candas365.es\/noticias\/nuevo-concierto-de-terrazas-mahou-en-aviles\/#webpage","url":"https:\/\/candas365.es\/noticias\/nuevo-concierto-de-terrazas-mahou-en-aviles\/","name":"Nuevo concierto de \u00abTerrazas Mahou\u00bb en Avil\u00e9s | Cand\u00e1s 365","description":"Ma\u00f1ana viernes 7 de septiembre a las 20.30h ser\u00e1 Javier Insua quien amenice con versiones actuales la tarde-noche en la Plaza Carbayedo de Avil\u00e9s. Y es que ser\u00e1 el protagonista de un nuevo concierto perteneciente al ciclo musical \u2018Terrazas Mahou\u2019, la divertida propuesta que ha creado la marca cervecera para acercar la mejor m\u00fasica en","inLanguage":"es-ES","isPartOf":{"@id":"https:\/\/candas365.es\/noticias\/#website"},"breadcrumb":{"@id":"https:\/\/candas365.es\/noticias\/nuevo-concierto-de-terrazas-mahou-en-aviles\/#breadcrumblist"},"author":{"@id":"https:\/\/candas365.es\/noticias\/author\/admin\/#author"},"creator":{"@id":"https:\/\/candas365.es\/noticias\/author\/admin\/#author"},"image":{"@type":"ImageObject","url":"https:\/\/candas365.es\/noticias\/wp-content\/uploads\/2018\/09\/Terrazas-Mahou-Septiembre_Concierto-Plaza-Carbayedo.jpg","@id":"https:\/\/candas365.es\/noticias\/nuevo-concierto-de-terrazas-mahou-en-aviles\/#mainImage","width":905,"height":1280},"primaryImageOfPage":{"@id":"https:\/\/candas365.es\/noticias\/nuevo-concierto-de-terrazas-mahou-en-aviles\/#mainImage"},"datePublished":"2018-09-06T14:17:57+02:00","dateModified":"2018-09-06T14:17:57+02:00"},{"@type":"WebSite","@id":"https:\/\/candas365.es\/noticias\/#website","url":"https:\/\/candas365.es\/noticias\/","name":"Cand\u00e1s 365","alternateName":"Cand\u00e1s 365 Noticias","description":"Actualidad desde Carre\u00f1o para el mundo","inLanguage":"es-ES","publisher":{"@id":"https:\/\/candas365.es\/noticias\/#organization"}}]},"og:locale":"es_ES","og:site_name":"Cand\u00e1s 365","og:type":"article","og:title":"Nuevo concierto de \u00abTerrazas Mahou\u00bb en Avil\u00e9s | Cand\u00e1s 365","og:description":"Ma\u00f1ana viernes 7 de septiembre a las 20.30h ser\u00e1 Javier Insua quien amenice con versiones actuales la tarde-noche en la Plaza Carbayedo de Avil\u00e9s. Y es que ser\u00e1 el protagonista de un nuevo concierto perteneciente al ciclo musical \u2018Terrazas Mahou\u2019, la divertida propuesta que ha creado la marca cervecera para acercar la mejor m\u00fasica en","og:url":"https:\/\/candas365.es\/noticias\/nuevo-concierto-de-terrazas-mahou-en-aviles\/","og:image":"https:\/\/candas365.es\/noticias\/wp-content\/uploads\/2018\/09\/Terrazas-Mahou-Septiembre_Concierto-Plaza-Carbayedo.jpg","og:image:secure_url":"https:\/\/candas365.es\/noticias\/wp-content\/uploads\/2018\/09\/Terrazas-Mahou-Septiembre_Concierto-Plaza-Carbayedo.jpg","og:image:width":905,"og:image:height":1280,"article:published_time":"2018-09-06T14:17:57+00:00","article:modified_time":"2018-09-06T14:17:57+00:00","article:publisher":"https:\/\/www.facebook.com\/Nachofdezber","article:author":"https:\/\/www.facebook.com\/carrenoactualidad","twitter:card":"summary_large_image","twitter:site":"@NabercoDigital","twitter:title":"Nuevo concierto de \u00abTerrazas Mahou\u00bb en Avil\u00e9s | Cand\u00e1s 365","twitter:description":"Ma\u00f1ana viernes 7 de septiembre a las 20.30h ser\u00e1 Javier Insua quien amenice con versiones actuales la tarde-noche en la Plaza Carbayedo de Avil\u00e9s. Y es que ser\u00e1 el protagonista de un nuevo concierto perteneciente al ciclo musical \u2018Terrazas Mahou\u2019, la divertida propuesta que ha creado la marca cervecera para acercar la mejor m\u00fasica en","twitter:creator":"@nbasturias","twitter:image":"https:\/\/candas365.es\/noticias\/wp-content\/uploads\/2018\/09\/Terrazas-Mahou-Septiembre_Concierto-Plaza-Carbayedo.jpg","twitter:label1":"Escrito por","twitter:data1":"Cand\u00e1s 365","twitter:label2":"Tiempo de lectura estimado","twitter:data2":"1 minuto"},"aioseo_meta_data":{"post_id":"104638","title":null,"description":null,"keywords":null,"keyphrases":null,"primary_term":null,"canonical_url":null,"og_title":null,"og_description":null,"og_object_type":"default","og_image_type":"default","og_image_url":null,"og_image_width":null,"og_image_height":null,"og_image_custom_url":null,"og_image_custom_fields":null,"og_video":null,"og_custom_url":null,"og_article_section":null,"og_article_tags":null,"twitter_use_og":false,"twitter_card":"default","twitter_image_type":"default","twitter_image_url":null,"twitter_image_custom_url":null,"twitter_image_custom_fields":null,"twitter_title":null,"twitter_description":null,"schema":{"blockGraphs":[],"customGraphs":[],"default":{"data":{"Article":[],"Course":[],"Dataset":[],"FAQPage":[],"Movie":[],"Person":[],"Product":[],"ProductReview":[],"Car":[],"Recipe":[],"Service":[],"SoftwareApplication":[],"WebPage":[]},"graphName":"","isEnabled":true},"graphs":[]},"schema_type":null,"schema_type_options":null,"pillar_content":false,"robots_default":true,"robots_noindex":false,"robots_noarchive":false,"robots_nosnippet":false,"robots_nofollow":false,"robots_noimageindex":false,"robots_noodp":false,"robots_notranslate":false,"robots_max_snippet":null,"robots_max_videopreview":null,"robots_max_imagepreview":"large","priority":null,"frequency":null,"location":null,"local_seo":null,"seo_analyzer_scan_date":"2025-08-27 20:07:10","breadcrumb_settings":null,"limit_modified_date":false,"reviewed_by":null,"open_ai":null,"ai":null,"created":"2020-12-21 11:45:45","updated":"2025-08-27 20:07:10"},"aioseo_breadcrumb":"<div class=\"aioseo-breadcrumbs\"><span class=\"aioseo-breadcrumb\">\n\t<a href=\"https:\/\/candas365.es\/noticias\" title=\"Home\">Home<\/a>\n<\/span><span class=\"aioseo-breadcrumb-separator\">&ndash;<\/span><span class=\"aioseo-breadcrumb\">\n\t<a href=\"https:\/\/candas365.es\/noticias\/category\/agenda\/\" title=\"Agenda\">Agenda<\/a>\n<\/span><span class=\"aioseo-breadcrumb-separator\">&ndash;<\/span><span class=\"aioseo-breadcrumb\">\n\tNuevo concierto de \u00abTerrazas Mahou\u00bb en Avil\u00e9s\n<\/span><\/div>","aioseo_breadcrumb_json":[{"label":"Home","link":"https:\/\/candas365.es\/noticias"},{"label":"Agenda","link":"https:\/\/candas365.es\/noticias\/category\/agenda\/"},{"label":"Nuevo concierto de \u00abTerrazas Mahou\u00bb en Avil\u00e9s","link":"https:\/\/candas365.es\/noticias\/nuevo-concierto-de-terrazas-mahou-en-aviles\/"}],"_links":{"self":[{"href":"https:\/\/candas365.es\/noticias\/wp-json\/wp\/v2\/posts\/104638","targetHints":{"allow":["GET"]}}],"collection":[{"href":"https:\/\/candas365.es\/noticias\/wp-json\/wp\/v2\/posts"}],"about":[{"href":"https:\/\/candas365.es\/noticias\/wp-json\/wp\/v2\/types\/post"}],"author":[{"embeddable":true,"href":"https:\/\/candas365.es\/noticias\/wp-json\/wp\/v2\/users\/1"}],"replies":[{"embeddable":true,"href":"https:\/\/candas365.es\/noticias\/wp-json\/wp\/v2\/comments?post=104638"}],"version-history":[{"count":0,"href":"https:\/\/candas365.es\/noticias\/wp-json\/wp\/v2\/posts\/104638\/revisions"}],"wp:featuredmedia":[{"embeddable":true,"href":"https:\/\/candas365.es\/noticias\/wp-json\/wp\/v2\/media\/104639"}],"wp:attachment":[{"href":"https:\/\/candas365.es\/noticias\/wp-json\/wp\/v2\/media?parent=104638"}],"wp:term":[{"taxonomy":"category","embeddable":true,"href":"https:\/\/candas365.es\/noticias\/wp-json\/wp\/v2\/categories?post=104638"},{"taxonomy":"post_tag","embeddable":true,"href":"https:\/\/candas365.es\/noticias\/wp-json\/wp\/v2\/tags?post=104638"}],"curies":[{"name":"wp","href":"https:\/\/api.w.org\/{rel}","templated":true}]}}