{"id":104543,"date":"2018-09-05T20:18:33","date_gmt":"2018-09-05T20:18:33","guid":{"rendered":"http:\/\/candas365.es\/noticias\/?p=104543"},"modified":"2018-09-05T20:18:33","modified_gmt":"2018-09-05T20:18:33","slug":"carreno-realizara-actividades-culturales-durante-el-fin-de-semana","status":"publish","type":"post","link":"https:\/\/candas365.es\/noticias\/carreno-realizara-actividades-culturales-durante-el-fin-de-semana\/","title":{"rendered":"Carre\u00f1o realizar\u00e1 actividades culturales durante el fin de semana"},"content":{"rendered":"<p><img fetchpriority=\"high\" decoding=\"async\" class=\"alignleft size-medium wp-image-104545\" src=\"https:\/\/candas365.es\/noticias\/wp-content\/uploads\/2018\/09\/cartel-muestra-folkl\u00f3rica-y-deporte-tradicional-360x257.jpg\" alt=\"\" width=\"360\" height=\"257\" srcset=\"https:\/\/candas365.es\/noticias\/wp-content\/uploads\/2018\/09\/cartel-muestra-folkl\u00f3rica-y-deporte-tradicional-360x257.jpg 360w, https:\/\/candas365.es\/noticias\/wp-content\/uploads\/2018\/09\/cartel-muestra-folkl\u00f3rica-y-deporte-tradicional-768x547.jpg 768w, https:\/\/candas365.es\/noticias\/wp-content\/uploads\/2018\/09\/cartel-muestra-folkl\u00f3rica-y-deporte-tradicional-655x467.jpg 655w, https:\/\/candas365.es\/noticias\/wp-content\/uploads\/2018\/09\/cartel-muestra-folkl\u00f3rica-y-deporte-tradicional-100x70.jpg 100w, https:\/\/candas365.es\/noticias\/wp-content\/uploads\/2018\/09\/cartel-muestra-folkl\u00f3rica-y-deporte-tradicional-696x496.jpg 696w, https:\/\/candas365.es\/noticias\/wp-content\/uploads\/2018\/09\/cartel-muestra-folkl\u00f3rica-y-deporte-tradicional-1068x761.jpg 1068w, https:\/\/candas365.es\/noticias\/wp-content\/uploads\/2018\/09\/cartel-muestra-folkl\u00f3rica-y-deporte-tradicional-589x420.jpg 589w, https:\/\/candas365.es\/noticias\/wp-content\/uploads\/2018\/09\/cartel-muestra-folkl\u00f3rica-y-deporte-tradicional.jpg 1600w\" sizes=\"(max-width: 360px) 100vw, 360px\" \/>La alcaldesa de Carre\u00f1o, Amelia Fern\u00e1ndez, anunci\u00f3 este mi\u00e9rcoles mediante un comunicado de prensa que el pr\u00f3ximo fin de semana se realizar\u00e1 en el municipio numerosas actividades culturales para difundir las tradiciones asturianas y la historia del concejo.<\/p>\n<p>En este sentido, Fern\u00e1ndez indic\u00f3 que el s\u00e1bado 8 de septiembre a partir de las 11pm, se llevar\u00e1 a cabo un concierto denominado: \u201cCantares de la Mina y el Mar\u201d donde se pondr\u00e1n en manifiesto las ra\u00edces musicales de Asturias.<\/p>\n<p>Igualmente inform\u00f3 que el d\u00eda domingo 9 de septiembre se celebrar\u00e1 la tradicional \u201cMuestra Folkl\u00f3rica\u201d que organizar\u00e1 el grupo \u201cLa Folixa\u201d de Carre\u00f1o, y que tendr\u00e1 lugar en el Parque de Les Conserveres a partir de las 5.30 pm.<\/p>\n<p>Finalmente Fern\u00e1ndez destac\u00f3 que tambi\u00e9n se realizar\u00e1n competiciones deportivas en equipo que consistir\u00e1n en la corta de troncos con hacha y carreras a pie, en la cual participar\u00e1n 4 parejas de deportistas procedentes de Segovia, Cantabria y Asturias.<\/p>\n<p>Soraya Andreina P\u00e9rez<\/p>\n","protected":false},"excerpt":{"rendered":"<p>La alcaldesa de Carre\u00f1o, Amelia Fern\u00e1ndez, anunci\u00f3 este mi\u00e9rcoles mediante un comunicado de prensa que el pr\u00f3ximo fin de semana se realizar\u00e1 en el municipio numerosas actividades culturales para difundir las tradiciones asturianas y la historia del concejo. En este sentido, Fern\u00e1ndez indic\u00f3 que el s\u00e1bado 8 de septiembre a partir de las 11pm, se<\/p>\n","protected":false},"author":1,"featured_media":104545,"comment_status":"closed","ping_status":"closed","sticky":false,"template":"","format":"standard","meta":{"footnotes":""},"categories":[2],"tags":[],"class_list":{"0":"post-104543","1":"post","2":"type-post","3":"status-publish","4":"format-standard","5":"has-post-thumbnail","7":"category-noticias-carreno"},"aioseo_notices":[],"aioseo_head":"\n\t\t<!-- All in One SEO Pro 4.9.6.2 - aioseo.com -->\n\t<meta name=\"description\" content=\"La alcaldesa de Carre\u00f1o, Amelia Fern\u00e1ndez, anunci\u00f3 este mi\u00e9rcoles mediante un comunicado de prensa que el pr\u00f3ximo fin de semana se realizar\u00e1 en el municipio numerosas actividades culturales para difundir las tradiciones asturianas y la historia del concejo. En este sentido, Fern\u00e1ndez indic\u00f3 que el s\u00e1bado 8 de septiembre a partir de las 11pm, se\" \/>\n\t<meta name=\"robots\" content=\"max-image-preview:large\" \/>\n\t<meta name=\"author\" content=\"Cand\u00e1s 365\"\/>\n\t<meta name=\"google-site-verification\" content=\"UA-32230408-1\" \/>\n\t<meta name=\"msvalidate.01\" content=\"354F3CDFB2DA171B47FBE9ABF1F88D5\" \/>\n\t<meta name=\"keywords\" content=\"noticias carre\u00f1o\" \/>\n\t<link rel=\"canonical\" href=\"https:\/\/candas365.es\/noticias\/carreno-realizara-actividades-culturales-durante-el-fin-de-semana\/\" \/>\n\t<meta name=\"generator\" content=\"All in One SEO Pro (AIOSEO) 4.9.6.2\" \/>\n\t\t<meta property=\"og:locale\" content=\"es_ES\" \/>\n\t\t<meta property=\"og:site_name\" content=\"Cand\u00e1s 365\" \/>\n\t\t<meta property=\"og:type\" content=\"article\" \/>\n\t\t<meta property=\"og:title\" content=\"Carre\u00f1o realizar\u00e1 actividades culturales durante el fin de semana | Cand\u00e1s 365\" \/>\n\t\t<meta property=\"og:description\" content=\"La alcaldesa de Carre\u00f1o, Amelia Fern\u00e1ndez, anunci\u00f3 este mi\u00e9rcoles mediante un comunicado de prensa que el pr\u00f3ximo fin de semana se realizar\u00e1 en el municipio numerosas actividades culturales para difundir las tradiciones asturianas y la historia del concejo. En este sentido, Fern\u00e1ndez indic\u00f3 que el s\u00e1bado 8 de septiembre a partir de las 11pm, se\" \/>\n\t\t<meta property=\"og:url\" content=\"https:\/\/candas365.es\/noticias\/carreno-realizara-actividades-culturales-durante-el-fin-de-semana\/\" \/>\n\t\t<meta property=\"og:image\" content=\"https:\/\/candas365.es\/noticias\/wp-content\/uploads\/2018\/09\/cartel-muestra-folkl\u00f3rica-y-deporte-tradicional.jpg\" \/>\n\t\t<meta property=\"og:image:secure_url\" content=\"https:\/\/candas365.es\/noticias\/wp-content\/uploads\/2018\/09\/cartel-muestra-folkl\u00f3rica-y-deporte-tradicional.jpg\" \/>\n\t\t<meta property=\"og:image:width\" content=\"1600\" \/>\n\t\t<meta property=\"og:image:height\" content=\"1140\" \/>\n\t\t<meta property=\"article:published_time\" content=\"2018-09-05T20:18:33+00:00\" \/>\n\t\t<meta property=\"article:modified_time\" content=\"2018-09-05T20:18:33+00:00\" \/>\n\t\t<meta property=\"article:publisher\" content=\"https:\/\/www.facebook.com\/Nachofdezber\" \/>\n\t\t<meta property=\"article:author\" content=\"https:\/\/www.facebook.com\/carrenoactualidad\" \/>\n\t\t<meta name=\"twitter:card\" content=\"summary_large_image\" \/>\n\t\t<meta name=\"twitter:site\" content=\"@NabercoDigital\" \/>\n\t\t<meta name=\"twitter:title\" content=\"Carre\u00f1o realizar\u00e1 actividades culturales durante el fin de semana | Cand\u00e1s 365\" \/>\n\t\t<meta name=\"twitter:description\" content=\"La alcaldesa de Carre\u00f1o, Amelia Fern\u00e1ndez, anunci\u00f3 este mi\u00e9rcoles mediante un comunicado de prensa que el pr\u00f3ximo fin de semana se realizar\u00e1 en el municipio numerosas actividades culturales para difundir las tradiciones asturianas y la historia del concejo. En este sentido, Fern\u00e1ndez indic\u00f3 que el s\u00e1bado 8 de septiembre a partir de las 11pm, se\" \/>\n\t\t<meta name=\"twitter:creator\" content=\"@nbasturias\" \/>\n\t\t<meta name=\"twitter:image\" content=\"https:\/\/candas365.es\/noticias\/wp-content\/uploads\/2018\/09\/cartel-muestra-folkl\u00f3rica-y-deporte-tradicional.jpg\" \/>\n\t\t<meta name=\"twitter:label1\" content=\"Escrito por\" \/>\n\t\t<meta name=\"twitter:data1\" content=\"Cand\u00e1s 365\" \/>\n\t\t<meta name=\"twitter:label2\" content=\"Tiempo de lectura estimado\" \/>\n\t\t<meta name=\"twitter:data2\" content=\"1 minuto\" \/>\n\t\t<script type=\"application\/ld+json\" class=\"aioseo-schema\">\n\t\t\t{\"@context\":\"https:\\\/\\\/schema.org\",\"@graph\":[{\"@type\":\"BreadcrumbList\",\"@id\":\"https:\\\/\\\/candas365.es\\\/noticias\\\/carreno-realizara-actividades-culturales-durante-el-fin-de-semana\\\/#breadcrumblist\",\"itemListElement\":[{\"@type\":\"ListItem\",\"@id\":\"https:\\\/\\\/candas365.es\\\/noticias#listItem\",\"position\":1,\"name\":\"Home\",\"item\":\"https:\\\/\\\/candas365.es\\\/noticias\",\"nextItem\":{\"@type\":\"ListItem\",\"@id\":\"https:\\\/\\\/candas365.es\\\/noticias\\\/category\\\/noticias-carreno\\\/#listItem\",\"name\":\"Noticias Carre\\u00f1o\"}},{\"@type\":\"ListItem\",\"@id\":\"https:\\\/\\\/candas365.es\\\/noticias\\\/category\\\/noticias-carreno\\\/#listItem\",\"position\":2,\"name\":\"Noticias Carre\\u00f1o\",\"item\":\"https:\\\/\\\/candas365.es\\\/noticias\\\/category\\\/noticias-carreno\\\/\",\"nextItem\":{\"@type\":\"ListItem\",\"@id\":\"https:\\\/\\\/candas365.es\\\/noticias\\\/carreno-realizara-actividades-culturales-durante-el-fin-de-semana\\\/#listItem\",\"name\":\"Carre\\u00f1o realizar\\u00e1 actividades culturales durante el fin de semana\"},\"previousItem\":{\"@type\":\"ListItem\",\"@id\":\"https:\\\/\\\/candas365.es\\\/noticias#listItem\",\"name\":\"Home\"}},{\"@type\":\"ListItem\",\"@id\":\"https:\\\/\\\/candas365.es\\\/noticias\\\/carreno-realizara-actividades-culturales-durante-el-fin-de-semana\\\/#listItem\",\"position\":3,\"name\":\"Carre\\u00f1o realizar\\u00e1 actividades culturales durante el fin de semana\",\"previousItem\":{\"@type\":\"ListItem\",\"@id\":\"https:\\\/\\\/candas365.es\\\/noticias\\\/category\\\/noticias-carreno\\\/#listItem\",\"name\":\"Noticias Carre\\u00f1o\"}}]},{\"@type\":\"NewsArticle\",\"@id\":\"https:\\\/\\\/candas365.es\\\/noticias\\\/carreno-realizara-actividades-culturales-durante-el-fin-de-semana\\\/#newsarticle\",\"name\":\"Carre\\u00f1o realizar\\u00e1 actividades culturales durante el fin de semana | Cand\\u00e1s 365\",\"headline\":\"Carre\\u00f1o realizar\\u00e1 actividades culturales durante el fin de semana\",\"author\":{\"@id\":\"https:\\\/\\\/candas365.es\\\/noticias\\\/author\\\/admin\\\/#author\"},\"publisher\":{\"@id\":\"https:\\\/\\\/candas365.es\\\/noticias\\\/#organization\"},\"image\":{\"@type\":\"ImageObject\",\"url\":\"https:\\\/\\\/candas365.es\\\/noticias\\\/wp-content\\\/uploads\\\/2018\\\/09\\\/cartel-muestra-folkl\\u00f3rica-y-deporte-tradicional.jpg\",\"width\":1600,\"height\":1140},\"datePublished\":\"2018-09-05T20:18:33+02:00\",\"dateModified\":\"2018-09-05T20:18:33+02:00\",\"inLanguage\":\"es-ES\",\"mainEntityOfPage\":{\"@id\":\"https:\\\/\\\/candas365.es\\\/noticias\\\/carreno-realizara-actividades-culturales-durante-el-fin-de-semana\\\/#webpage\"},\"isPartOf\":{\"@id\":\"https:\\\/\\\/candas365.es\\\/noticias\\\/carreno-realizara-actividades-culturales-durante-el-fin-de-semana\\\/#webpage\"},\"articleSection\":\"Noticias Carre\\u00f1o\",\"dateline\":\"Publicado el septiembre 5, 2018.\"},{\"@type\":\"Organization\",\"@id\":\"https:\\\/\\\/candas365.es\\\/noticias\\\/#organization\",\"name\":\"Cand\\u00e1s 365\",\"description\":\"Cand\\u00e1s 365 es un diario digital independiente, fundado en 2012, con base en Asturias. Informamos con rigor sobre actualidad, sociedad, cultura y ocio, con una mirada local y global.\",\"url\":\"https:\\\/\\\/candas365.es\\\/noticias\\\/\",\"email\":\"info@candas365.es\",\"telephone\":\"+34652131393\",\"foundingDate\":\"2012-06-10\",\"logo\":{\"@type\":\"ImageObject\",\"url\":\"https:\\\/\\\/candas365.es\\\/noticias\\\/wp-content\\\/uploads\\\/2024\\\/09\\\/Candas-365-Redes.jpg\",\"@id\":\"https:\\\/\\\/candas365.es\\\/noticias\\\/carreno-realizara-actividades-culturales-durante-el-fin-de-semana\\\/#organizationLogo\",\"width\":1152,\"height\":864,\"caption\":\"Cand\\u00e1s 365 Redes\"},\"image\":{\"@id\":\"https:\\\/\\\/candas365.es\\\/noticias\\\/carreno-realizara-actividades-culturales-durante-el-fin-de-semana\\\/#organizationLogo\"},\"sameAs\":[\"https:\\\/\\\/www.facebook.com\\\/Nachofdezber\",\"https:\\\/\\\/x.com\\\/NabercoDigital\",\"https:\\\/\\\/www.instagram.com\\\/nachofdezber\\\/\",\"https:\\\/\\\/www.youtube.com\\\/channel\\\/UCZP-2wLEB9Rv6erhFmqVnvg\"],\"address\":{\"@id\":\"https:\\\/\\\/candas365.es\\\/noticias\\\/#postaladdress\",\"@type\":\"PostalAddress\",\"streetAddress\":\"san antonio 4, san antonio 4\",\"postalCode\":\"33430\",\"addressLocality\":\"Cand\\u00e1s\",\"addressRegion\":\"Asturias\",\"addressCountry\":\"ES\"}},{\"@type\":\"Person\",\"@id\":\"https:\\\/\\\/candas365.es\\\/noticias\\\/author\\\/admin\\\/#author\",\"url\":\"https:\\\/\\\/candas365.es\\\/noticias\\\/author\\\/admin\\\/\",\"name\":\"Cand\\u00e1s 365\",\"image\":{\"@type\":\"ImageObject\",\"@id\":\"https:\\\/\\\/candas365.es\\\/noticias\\\/carreno-realizara-actividades-culturales-durante-el-fin-de-semana\\\/#authorImage\",\"url\":\"https:\\\/\\\/secure.gravatar.com\\\/avatar\\\/496a8e03d0c493ede1718b7934145dbdf8d89be1036b0eec9544e1094c9de390?s=96&d=mm&r=g\",\"width\":96,\"height\":96,\"caption\":\"Cand\\u00e1s 365\"},\"sameAs\":[\"https:\\\/\\\/www.facebook.com\\\/carrenoactualidad\",\"https:\\\/\\\/twitter.com\\\/nbasturias\",\"https:\\\/\\\/www.instagram.com\\\/nachofdezber\\\/\",\"https:\\\/\\\/www.youtube.com\\\/channel\\\/UCZP-2wLEB9Rv6erhFmqVnvg\"]},{\"@type\":\"WebPage\",\"@id\":\"https:\\\/\\\/candas365.es\\\/noticias\\\/carreno-realizara-actividades-culturales-durante-el-fin-de-semana\\\/#webpage\",\"url\":\"https:\\\/\\\/candas365.es\\\/noticias\\\/carreno-realizara-actividades-culturales-durante-el-fin-de-semana\\\/\",\"name\":\"Carre\\u00f1o realizar\\u00e1 actividades culturales durante el fin de semana | Cand\\u00e1s 365\",\"description\":\"La alcaldesa de Carre\\u00f1o, Amelia Fern\\u00e1ndez, anunci\\u00f3 este mi\\u00e9rcoles mediante un comunicado de prensa que el pr\\u00f3ximo fin de semana se realizar\\u00e1 en el municipio numerosas actividades culturales para difundir las tradiciones asturianas y la historia del concejo. En este sentido, Fern\\u00e1ndez indic\\u00f3 que el s\\u00e1bado 8 de septiembre a partir de las 11pm, se\",\"inLanguage\":\"es-ES\",\"isPartOf\":{\"@id\":\"https:\\\/\\\/candas365.es\\\/noticias\\\/#website\"},\"breadcrumb\":{\"@id\":\"https:\\\/\\\/candas365.es\\\/noticias\\\/carreno-realizara-actividades-culturales-durante-el-fin-de-semana\\\/#breadcrumblist\"},\"author\":{\"@id\":\"https:\\\/\\\/candas365.es\\\/noticias\\\/author\\\/admin\\\/#author\"},\"creator\":{\"@id\":\"https:\\\/\\\/candas365.es\\\/noticias\\\/author\\\/admin\\\/#author\"},\"image\":{\"@type\":\"ImageObject\",\"url\":\"https:\\\/\\\/candas365.es\\\/noticias\\\/wp-content\\\/uploads\\\/2018\\\/09\\\/cartel-muestra-folkl\\u00f3rica-y-deporte-tradicional.jpg\",\"@id\":\"https:\\\/\\\/candas365.es\\\/noticias\\\/carreno-realizara-actividades-culturales-durante-el-fin-de-semana\\\/#mainImage\",\"width\":1600,\"height\":1140},\"primaryImageOfPage\":{\"@id\":\"https:\\\/\\\/candas365.es\\\/noticias\\\/carreno-realizara-actividades-culturales-durante-el-fin-de-semana\\\/#mainImage\"},\"datePublished\":\"2018-09-05T20:18:33+02:00\",\"dateModified\":\"2018-09-05T20:18:33+02:00\"},{\"@type\":\"WebSite\",\"@id\":\"https:\\\/\\\/candas365.es\\\/noticias\\\/#website\",\"url\":\"https:\\\/\\\/candas365.es\\\/noticias\\\/\",\"name\":\"Cand\\u00e1s 365\",\"alternateName\":\"Cand\\u00e1s 365 Noticias\",\"description\":\"Actualidad desde Carre\\u00f1o para el mundo\",\"inLanguage\":\"es-ES\",\"publisher\":{\"@id\":\"https:\\\/\\\/candas365.es\\\/noticias\\\/#organization\"}}]}\n\t\t<\/script>\n\t\t<!-- All in One SEO Pro -->\r\n\t\t<title>Carre\u00f1o realizar\u00e1 actividades culturales durante el fin de semana | Cand\u00e1s 365<\/title>\n\n","aioseo_head_json":{"title":"Carre\u00f1o realizar\u00e1 actividades culturales durante el fin de semana | Cand\u00e1s 365","description":"La alcaldesa de Carre\u00f1o, Amelia Fern\u00e1ndez, anunci\u00f3 este mi\u00e9rcoles mediante un comunicado de prensa que el pr\u00f3ximo fin de semana se realizar\u00e1 en el municipio numerosas actividades culturales para difundir las tradiciones asturianas y la historia del concejo. En este sentido, Fern\u00e1ndez indic\u00f3 que el s\u00e1bado 8 de septiembre a partir de las 11pm, se","canonical_url":"https:\/\/candas365.es\/noticias\/carreno-realizara-actividades-culturales-durante-el-fin-de-semana\/","robots":"max-image-preview:large","keywords":"noticias carre\u00f1o","webmasterTools":{"google-site-verification":"UA-32230408-1","msvalidate.01":"354F3CDFB2DA171B47FBE9ABF1F88D5","miscellaneous":""},"schema":{"@context":"https:\/\/schema.org","@graph":[{"@type":"BreadcrumbList","@id":"https:\/\/candas365.es\/noticias\/carreno-realizara-actividades-culturales-durante-el-fin-de-semana\/#breadcrumblist","itemListElement":[{"@type":"ListItem","@id":"https:\/\/candas365.es\/noticias#listItem","position":1,"name":"Home","item":"https:\/\/candas365.es\/noticias","nextItem":{"@type":"ListItem","@id":"https:\/\/candas365.es\/noticias\/category\/noticias-carreno\/#listItem","name":"Noticias Carre\u00f1o"}},{"@type":"ListItem","@id":"https:\/\/candas365.es\/noticias\/category\/noticias-carreno\/#listItem","position":2,"name":"Noticias Carre\u00f1o","item":"https:\/\/candas365.es\/noticias\/category\/noticias-carreno\/","nextItem":{"@type":"ListItem","@id":"https:\/\/candas365.es\/noticias\/carreno-realizara-actividades-culturales-durante-el-fin-de-semana\/#listItem","name":"Carre\u00f1o realizar\u00e1 actividades culturales durante el fin de semana"},"previousItem":{"@type":"ListItem","@id":"https:\/\/candas365.es\/noticias#listItem","name":"Home"}},{"@type":"ListItem","@id":"https:\/\/candas365.es\/noticias\/carreno-realizara-actividades-culturales-durante-el-fin-de-semana\/#listItem","position":3,"name":"Carre\u00f1o realizar\u00e1 actividades culturales durante el fin de semana","previousItem":{"@type":"ListItem","@id":"https:\/\/candas365.es\/noticias\/category\/noticias-carreno\/#listItem","name":"Noticias Carre\u00f1o"}}]},{"@type":"NewsArticle","@id":"https:\/\/candas365.es\/noticias\/carreno-realizara-actividades-culturales-durante-el-fin-de-semana\/#newsarticle","name":"Carre\u00f1o realizar\u00e1 actividades culturales durante el fin de semana | Cand\u00e1s 365","headline":"Carre\u00f1o realizar\u00e1 actividades culturales durante el fin de semana","author":{"@id":"https:\/\/candas365.es\/noticias\/author\/admin\/#author"},"publisher":{"@id":"https:\/\/candas365.es\/noticias\/#organization"},"image":{"@type":"ImageObject","url":"https:\/\/candas365.es\/noticias\/wp-content\/uploads\/2018\/09\/cartel-muestra-folkl\u00f3rica-y-deporte-tradicional.jpg","width":1600,"height":1140},"datePublished":"2018-09-05T20:18:33+02:00","dateModified":"2018-09-05T20:18:33+02:00","inLanguage":"es-ES","mainEntityOfPage":{"@id":"https:\/\/candas365.es\/noticias\/carreno-realizara-actividades-culturales-durante-el-fin-de-semana\/#webpage"},"isPartOf":{"@id":"https:\/\/candas365.es\/noticias\/carreno-realizara-actividades-culturales-durante-el-fin-de-semana\/#webpage"},"articleSection":"Noticias Carre\u00f1o","dateline":"Publicado el septiembre 5, 2018."},{"@type":"Organization","@id":"https:\/\/candas365.es\/noticias\/#organization","name":"Cand\u00e1s 365","description":"Cand\u00e1s 365 es un diario digital independiente, fundado en 2012, con base en Asturias. Informamos con rigor sobre actualidad, sociedad, cultura y ocio, con una mirada local y global.","url":"https:\/\/candas365.es\/noticias\/","email":"info@candas365.es","telephone":"+34652131393","foundingDate":"2012-06-10","logo":{"@type":"ImageObject","url":"https:\/\/candas365.es\/noticias\/wp-content\/uploads\/2024\/09\/Candas-365-Redes.jpg","@id":"https:\/\/candas365.es\/noticias\/carreno-realizara-actividades-culturales-durante-el-fin-de-semana\/#organizationLogo","width":1152,"height":864,"caption":"Cand\u00e1s 365 Redes"},"image":{"@id":"https:\/\/candas365.es\/noticias\/carreno-realizara-actividades-culturales-durante-el-fin-de-semana\/#organizationLogo"},"sameAs":["https:\/\/www.facebook.com\/Nachofdezber","https:\/\/x.com\/NabercoDigital","https:\/\/www.instagram.com\/nachofdezber\/","https:\/\/www.youtube.com\/channel\/UCZP-2wLEB9Rv6erhFmqVnvg"],"address":{"@id":"https:\/\/candas365.es\/noticias\/#postaladdress","@type":"PostalAddress","streetAddress":"san antonio 4, san antonio 4","postalCode":"33430","addressLocality":"Cand\u00e1s","addressRegion":"Asturias","addressCountry":"ES"}},{"@type":"Person","@id":"https:\/\/candas365.es\/noticias\/author\/admin\/#author","url":"https:\/\/candas365.es\/noticias\/author\/admin\/","name":"Cand\u00e1s 365","image":{"@type":"ImageObject","@id":"https:\/\/candas365.es\/noticias\/carreno-realizara-actividades-culturales-durante-el-fin-de-semana\/#authorImage","url":"https:\/\/secure.gravatar.com\/avatar\/496a8e03d0c493ede1718b7934145dbdf8d89be1036b0eec9544e1094c9de390?s=96&d=mm&r=g","width":96,"height":96,"caption":"Cand\u00e1s 365"},"sameAs":["https:\/\/www.facebook.com\/carrenoactualidad","https:\/\/twitter.com\/nbasturias","https:\/\/www.instagram.com\/nachofdezber\/","https:\/\/www.youtube.com\/channel\/UCZP-2wLEB9Rv6erhFmqVnvg"]},{"@type":"WebPage","@id":"https:\/\/candas365.es\/noticias\/carreno-realizara-actividades-culturales-durante-el-fin-de-semana\/#webpage","url":"https:\/\/candas365.es\/noticias\/carreno-realizara-actividades-culturales-durante-el-fin-de-semana\/","name":"Carre\u00f1o realizar\u00e1 actividades culturales durante el fin de semana | Cand\u00e1s 365","description":"La alcaldesa de Carre\u00f1o, Amelia Fern\u00e1ndez, anunci\u00f3 este mi\u00e9rcoles mediante un comunicado de prensa que el pr\u00f3ximo fin de semana se realizar\u00e1 en el municipio numerosas actividades culturales para difundir las tradiciones asturianas y la historia del concejo. En este sentido, Fern\u00e1ndez indic\u00f3 que el s\u00e1bado 8 de septiembre a partir de las 11pm, se","inLanguage":"es-ES","isPartOf":{"@id":"https:\/\/candas365.es\/noticias\/#website"},"breadcrumb":{"@id":"https:\/\/candas365.es\/noticias\/carreno-realizara-actividades-culturales-durante-el-fin-de-semana\/#breadcrumblist"},"author":{"@id":"https:\/\/candas365.es\/noticias\/author\/admin\/#author"},"creator":{"@id":"https:\/\/candas365.es\/noticias\/author\/admin\/#author"},"image":{"@type":"ImageObject","url":"https:\/\/candas365.es\/noticias\/wp-content\/uploads\/2018\/09\/cartel-muestra-folkl\u00f3rica-y-deporte-tradicional.jpg","@id":"https:\/\/candas365.es\/noticias\/carreno-realizara-actividades-culturales-durante-el-fin-de-semana\/#mainImage","width":1600,"height":1140},"primaryImageOfPage":{"@id":"https:\/\/candas365.es\/noticias\/carreno-realizara-actividades-culturales-durante-el-fin-de-semana\/#mainImage"},"datePublished":"2018-09-05T20:18:33+02:00","dateModified":"2018-09-05T20:18:33+02:00"},{"@type":"WebSite","@id":"https:\/\/candas365.es\/noticias\/#website","url":"https:\/\/candas365.es\/noticias\/","name":"Cand\u00e1s 365","alternateName":"Cand\u00e1s 365 Noticias","description":"Actualidad desde Carre\u00f1o para el mundo","inLanguage":"es-ES","publisher":{"@id":"https:\/\/candas365.es\/noticias\/#organization"}}]},"og:locale":"es_ES","og:site_name":"Cand\u00e1s 365","og:type":"article","og:title":"Carre\u00f1o realizar\u00e1 actividades culturales durante el fin de semana | Cand\u00e1s 365","og:description":"La alcaldesa de Carre\u00f1o, Amelia Fern\u00e1ndez, anunci\u00f3 este mi\u00e9rcoles mediante un comunicado de prensa que el pr\u00f3ximo fin de semana se realizar\u00e1 en el municipio numerosas actividades culturales para difundir las tradiciones asturianas y la historia del concejo. En este sentido, Fern\u00e1ndez indic\u00f3 que el s\u00e1bado 8 de septiembre a partir de las 11pm, se","og:url":"https:\/\/candas365.es\/noticias\/carreno-realizara-actividades-culturales-durante-el-fin-de-semana\/","og:image":"https:\/\/candas365.es\/noticias\/wp-content\/uploads\/2018\/09\/cartel-muestra-folkl\u00f3rica-y-deporte-tradicional.jpg","og:image:secure_url":"https:\/\/candas365.es\/noticias\/wp-content\/uploads\/2018\/09\/cartel-muestra-folkl\u00f3rica-y-deporte-tradicional.jpg","og:image:width":1600,"og:image:height":1140,"article:published_time":"2018-09-05T20:18:33+00:00","article:modified_time":"2018-09-05T20:18:33+00:00","article:publisher":"https:\/\/www.facebook.com\/Nachofdezber","article:author":"https:\/\/www.facebook.com\/carrenoactualidad","twitter:card":"summary_large_image","twitter:site":"@NabercoDigital","twitter:title":"Carre\u00f1o realizar\u00e1 actividades culturales durante el fin de semana | Cand\u00e1s 365","twitter:description":"La alcaldesa de Carre\u00f1o, Amelia Fern\u00e1ndez, anunci\u00f3 este mi\u00e9rcoles mediante un comunicado de prensa que el pr\u00f3ximo fin de semana se realizar\u00e1 en el municipio numerosas actividades culturales para difundir las tradiciones asturianas y la historia del concejo. En este sentido, Fern\u00e1ndez indic\u00f3 que el s\u00e1bado 8 de septiembre a partir de las 11pm, se","twitter:creator":"@nbasturias","twitter:image":"https:\/\/candas365.es\/noticias\/wp-content\/uploads\/2018\/09\/cartel-muestra-folkl\u00f3rica-y-deporte-tradicional.jpg","twitter:label1":"Escrito por","twitter:data1":"Cand\u00e1s 365","twitter:label2":"Tiempo de lectura estimado","twitter:data2":"1 minuto"},"aioseo_meta_data":{"post_id":"104543","title":null,"description":null,"keywords":null,"keyphrases":null,"primary_term":null,"canonical_url":null,"og_title":null,"og_description":null,"og_object_type":"default","og_image_type":"default","og_image_url":null,"og_image_width":null,"og_image_height":null,"og_image_custom_url":null,"og_image_custom_fields":null,"og_video":null,"og_custom_url":null,"og_article_section":null,"og_article_tags":null,"twitter_use_og":false,"twitter_card":"default","twitter_image_type":"default","twitter_image_url":null,"twitter_image_custom_url":null,"twitter_image_custom_fields":null,"twitter_title":null,"twitter_description":null,"schema":{"blockGraphs":[],"customGraphs":[],"default":{"data":{"Article":[],"Course":[],"Dataset":[],"FAQPage":[],"Movie":[],"Person":[],"Product":[],"ProductReview":[],"Car":[],"Recipe":[],"Service":[],"SoftwareApplication":[],"WebPage":[]},"graphName":"","isEnabled":true},"graphs":[],"defaultGraph":"","defaultPostTypeGraph":""},"schema_type":null,"schema_type_options":null,"pillar_content":false,"robots_default":true,"robots_noindex":false,"robots_noarchive":false,"robots_nosnippet":false,"robots_nofollow":false,"robots_noimageindex":false,"robots_noodp":false,"robots_notranslate":false,"robots_max_snippet":null,"robots_max_videopreview":null,"robots_max_imagepreview":"large","priority":null,"frequency":null,"location":null,"local_seo":null,"seo_analyzer_scan_date":"2025-08-27 19:49:13","breadcrumb_settings":null,"limit_modified_date":false,"reviewed_by":null,"open_ai":null,"ai":null,"created":"2020-12-21 11:45:45","updated":"2025-08-27 19:49:13"},"aioseo_breadcrumb":"<div class=\"aioseo-breadcrumbs\"><span class=\"aioseo-breadcrumb\">\n\t<a href=\"https:\/\/candas365.es\/noticias\" title=\"Home\">Home<\/a>\n<\/span><span class=\"aioseo-breadcrumb-separator\">&ndash;<\/span><span class=\"aioseo-breadcrumb\">\n\t<a href=\"https:\/\/candas365.es\/noticias\/category\/noticias-carreno\/\" title=\"Noticias Carre\u00f1o\">Noticias Carre\u00f1o<\/a>\n<\/span><span class=\"aioseo-breadcrumb-separator\">&ndash;<\/span><span class=\"aioseo-breadcrumb\">\n\tCarre\u00f1o realizar\u00e1 actividades culturales durante el fin de semana\n<\/span><\/div>","aioseo_breadcrumb_json":[{"label":"Home","link":"https:\/\/candas365.es\/noticias"},{"label":"Noticias Carre\u00f1o","link":"https:\/\/candas365.es\/noticias\/category\/noticias-carreno\/"},{"label":"Carre\u00f1o realizar\u00e1 actividades culturales durante el fin de semana","link":"https:\/\/candas365.es\/noticias\/carreno-realizara-actividades-culturales-durante-el-fin-de-semana\/"}],"_links":{"self":[{"href":"https:\/\/candas365.es\/noticias\/wp-json\/wp\/v2\/posts\/104543","targetHints":{"allow":["GET"]}}],"collection":[{"href":"https:\/\/candas365.es\/noticias\/wp-json\/wp\/v2\/posts"}],"about":[{"href":"https:\/\/candas365.es\/noticias\/wp-json\/wp\/v2\/types\/post"}],"author":[{"embeddable":true,"href":"https:\/\/candas365.es\/noticias\/wp-json\/wp\/v2\/users\/1"}],"replies":[{"embeddable":true,"href":"https:\/\/candas365.es\/noticias\/wp-json\/wp\/v2\/comments?post=104543"}],"version-history":[{"count":0,"href":"https:\/\/candas365.es\/noticias\/wp-json\/wp\/v2\/posts\/104543\/revisions"}],"wp:featuredmedia":[{"embeddable":true,"href":"https:\/\/candas365.es\/noticias\/wp-json\/wp\/v2\/media\/104545"}],"wp:attachment":[{"href":"https:\/\/candas365.es\/noticias\/wp-json\/wp\/v2\/media?parent=104543"}],"wp:term":[{"taxonomy":"category","embeddable":true,"href":"https:\/\/candas365.es\/noticias\/wp-json\/wp\/v2\/categories?post=104543"},{"taxonomy":"post_tag","embeddable":true,"href":"https:\/\/candas365.es\/noticias\/wp-json\/wp\/v2\/tags?post=104543"}],"curies":[{"name":"wp","href":"https:\/\/api.w.org\/{rel}","templated":true}]}}