{"id":104525,"date":"2018-09-05T18:08:24","date_gmt":"2018-09-05T18:08:24","guid":{"rendered":"http:\/\/candas365.es\/noticias\/?p=104525"},"modified":"2018-09-05T18:08:24","modified_gmt":"2018-09-05T18:08:24","slug":"el-libro-de-la-selva-la-aventura-de-mowgli-el-13-de-octubre-en-el-niemeyer","status":"publish","type":"post","link":"https:\/\/candas365.es\/noticias\/el-libro-de-la-selva-la-aventura-de-mowgli-el-13-de-octubre-en-el-niemeyer\/","title":{"rendered":"\u201cEl libro de la selva. La aventura de Mowgli\u201d, el 13 de octubre en el Niemeyer"},"content":{"rendered":"<p><img fetchpriority=\"high\" decoding=\"async\" class=\"alignleft size-medium wp-image-104526\" src=\"https:\/\/candas365.es\/noticias\/wp-content\/uploads\/2018\/09\/LIBRO-SELVA_1-360x242.jpg\" alt=\"\" width=\"360\" height=\"242\" srcset=\"https:\/\/candas365.es\/noticias\/wp-content\/uploads\/2018\/09\/LIBRO-SELVA_1-360x242.jpg 360w, https:\/\/candas365.es\/noticias\/wp-content\/uploads\/2018\/09\/LIBRO-SELVA_1-768x515.jpg 768w, https:\/\/candas365.es\/noticias\/wp-content\/uploads\/2018\/09\/LIBRO-SELVA_1-655x440.jpg 655w, https:\/\/candas365.es\/noticias\/wp-content\/uploads\/2018\/09\/LIBRO-SELVA_1-696x467.jpg 696w, https:\/\/candas365.es\/noticias\/wp-content\/uploads\/2018\/09\/LIBRO-SELVA_1-1068x717.jpg 1068w, https:\/\/candas365.es\/noticias\/wp-content\/uploads\/2018\/09\/LIBRO-SELVA_1-626x420.jpg 626w, https:\/\/candas365.es\/noticias\/wp-content\/uploads\/2018\/09\/LIBRO-SELVA_1.jpg 1280w\" sizes=\"(max-width: 360px) 100vw, 360px\" \/>Tras el \u00e9xito de ventas de los abonos de escenAvil\u00e9s, llega el turno de una propuesta de artes esc\u00e9nicas orientada a toda la familia: el musical \u201cEl libro de la selva. La aventura de Mowgli\u201d, cuya <strong>representaci\u00f3n tendr\u00e1 lugar el s\u00e1bado 13 de octubre a las 17:00<\/strong>. Las entradas se podr\u00e1n adquirir desde ma\u00f1ana, jueves 6 de septiembre, a partir de las 12:00 del mediod\u00eda.<\/p>\n<p>El espect\u00e1culo se inspira en la magn\u00edfica obra de Rudyard Kipling \u201cEl libro de la selva\u201d y aborda cuestiones como la sociedad, los valores de la familia, el aprendizaje, las relaciones sociales o el respeto hacia el medio ambiente y la naturaleza.<\/p>\n<p>La obra de Kipling es la principal fuente de inspiraci\u00f3n para esta versi\u00f3n musical, tanto para sus canciones como para su estructura narrativa, y con ella su equipo creativo ha desarrollado todo el espect\u00e1culo en torno al concepto de la diversidad, tanto en relaci\u00f3n con el medio en el que se desarrolla la acci\u00f3n (la selva) como con la diversidad (la variedad de especies que la habitan) y siempre relacionada con la sociedad, dado que \u00e9sta es la gran ense\u00f1anza de Rudyard: el binomio siempre presente \u201cselva-aldea\u201d.<\/p>\n<p>Este marco de la diversidad queda establecido en diversos elementos como la escritura teatral, las letras de las canciones y la composici\u00f3n musical, las sorprendentes coreograf\u00edas llenas de matices y orientadas desde el baile tradicional, \u00e9tnico, cl\u00e1sico, contempor\u00e1neo\u2026, el trabajo corporal y de voz para la creaci\u00f3n del personaje destinado a dar credibilidad a la historia contada, etc<\/p>\n<p>La obra presenta una escenograf\u00eda acorde con la historia y una caracterizaci\u00f3n precisa que hacen de este un montaje teatral una obra de gran impacto visual. \u201cEl libro de la selva. La aventura de Mowgli\u201d es, en difinitiva, un espect\u00e1culo para disfrutar en familia que traslada al p\u00fablico a un espacio m\u00e1gico y que hace que se vea inmerso en la voluptuosa naturaleza de im\u00e1genes, luces y sonidos que se presentan, hasta el punto de sentirse parte del espect\u00e1culo.<\/p>\n<p>La calidad de este espect\u00e1culo se ha visto reconocida con premios como el de Mejor Musical Infantil de los Premios Teatro Musical y la Mejor Coreograf\u00eda en los premios del P\u00fablico Broadway World Spain.<\/p>\n<p>\u201cEl libro de la selva. La aventura de Mowgli\u201d cuenta con Antonio Laborda como compositor y director musical y con Pepe Ferrer como autor y director.<\/p>\n<p>Las entradas para \u201cEl libro de la selva. La aventura de Mowgli\u201d se pondr\u00e1n a la vente ma\u00f1ana, jueves 6 de septiembre, a partir de las 12:00 del mediod\u00eda con un precio de 18 \u20ac y se pueden adquirir en Centro Niemeyer (Avil\u00e9s), Laboral Ciudad de la Cultura (Gij\u00f3n) y CITPA (Oviedo), en el tel\u00e9fono 902 106 601 y en Liberbank \u2013 entradas (www.liberbank.es).<\/p>\n","protected":false},"excerpt":{"rendered":"<p>Tras el \u00e9xito de ventas de los abonos de escenAvil\u00e9s, llega el turno de una propuesta de artes esc\u00e9nicas orientada a toda la familia: el musical \u201cEl libro de la selva. La aventura de Mowgli\u201d, cuya representaci\u00f3n tendr\u00e1 lugar el s\u00e1bado 13 de octubre a las 17:00. Las entradas se podr\u00e1n adquirir desde ma\u00f1ana, jueves<\/p>\n","protected":false},"author":1,"featured_media":104526,"comment_status":"closed","ping_status":"closed","sticky":false,"template":"","format":"standard","meta":{"footnotes":""},"categories":[1],"tags":[],"class_list":{"0":"post-104525","1":"post","2":"type-post","3":"status-publish","4":"format-standard","5":"has-post-thumbnail","7":"category-agenda"},"aioseo_notices":[],"aioseo_head":"\n\t\t<!-- All in One SEO Pro 4.9.6.2 - aioseo.com -->\n\t<meta name=\"description\" content=\"Tras el \u00e9xito de ventas de los abonos de escenAvil\u00e9s, llega el turno de una propuesta de artes esc\u00e9nicas orientada a toda la familia: el musical \u201cEl libro de la selva. La aventura de Mowgli\u201d, cuya representaci\u00f3n tendr\u00e1 lugar el s\u00e1bado 13 de octubre a las 17:00. Las entradas se podr\u00e1n adquirir desde ma\u00f1ana, jueves\" \/>\n\t<meta name=\"robots\" content=\"max-image-preview:large\" \/>\n\t<meta name=\"author\" content=\"Cand\u00e1s 365\"\/>\n\t<meta name=\"google-site-verification\" content=\"UA-32230408-1\" \/>\n\t<meta name=\"msvalidate.01\" content=\"354F3CDFB2DA171B47FBE9ABF1F88D5\" \/>\n\t<meta name=\"keywords\" content=\"agenda\" \/>\n\t<link rel=\"canonical\" href=\"https:\/\/candas365.es\/noticias\/el-libro-de-la-selva-la-aventura-de-mowgli-el-13-de-octubre-en-el-niemeyer\/\" \/>\n\t<meta name=\"generator\" content=\"All in One SEO Pro (AIOSEO) 4.9.6.2\" \/>\n\t\t<meta property=\"og:locale\" content=\"es_ES\" \/>\n\t\t<meta property=\"og:site_name\" content=\"Cand\u00e1s 365\" \/>\n\t\t<meta property=\"og:type\" content=\"article\" \/>\n\t\t<meta property=\"og:title\" content=\"\u201cEl libro de la selva. La aventura de Mowgli\u201d, el 13 de octubre en el Niemeyer | Cand\u00e1s 365\" \/>\n\t\t<meta property=\"og:description\" content=\"Tras el \u00e9xito de ventas de los abonos de escenAvil\u00e9s, llega el turno de una propuesta de artes esc\u00e9nicas orientada a toda la familia: el musical \u201cEl libro de la selva. La aventura de Mowgli\u201d, cuya representaci\u00f3n tendr\u00e1 lugar el s\u00e1bado 13 de octubre a las 17:00. Las entradas se podr\u00e1n adquirir desde ma\u00f1ana, jueves\" \/>\n\t\t<meta property=\"og:url\" content=\"https:\/\/candas365.es\/noticias\/el-libro-de-la-selva-la-aventura-de-mowgli-el-13-de-octubre-en-el-niemeyer\/\" \/>\n\t\t<meta property=\"og:image\" content=\"https:\/\/candas365.es\/noticias\/wp-content\/uploads\/2018\/09\/LIBRO-SELVA_1.jpg\" \/>\n\t\t<meta property=\"og:image:secure_url\" content=\"https:\/\/candas365.es\/noticias\/wp-content\/uploads\/2018\/09\/LIBRO-SELVA_1.jpg\" \/>\n\t\t<meta property=\"og:image:width\" content=\"1280\" \/>\n\t\t<meta property=\"og:image:height\" content=\"859\" \/>\n\t\t<meta property=\"article:published_time\" content=\"2018-09-05T18:08:24+00:00\" \/>\n\t\t<meta property=\"article:modified_time\" content=\"2018-09-05T18:08:24+00:00\" \/>\n\t\t<meta property=\"article:publisher\" content=\"https:\/\/www.facebook.com\/Nachofdezber\" \/>\n\t\t<meta property=\"article:author\" content=\"https:\/\/www.facebook.com\/carrenoactualidad\" \/>\n\t\t<meta name=\"twitter:card\" content=\"summary_large_image\" \/>\n\t\t<meta name=\"twitter:site\" content=\"@NabercoDigital\" \/>\n\t\t<meta name=\"twitter:title\" content=\"\u201cEl libro de la selva. La aventura de Mowgli\u201d, el 13 de octubre en el Niemeyer | Cand\u00e1s 365\" \/>\n\t\t<meta name=\"twitter:description\" content=\"Tras el \u00e9xito de ventas de los abonos de escenAvil\u00e9s, llega el turno de una propuesta de artes esc\u00e9nicas orientada a toda la familia: el musical \u201cEl libro de la selva. La aventura de Mowgli\u201d, cuya representaci\u00f3n tendr\u00e1 lugar el s\u00e1bado 13 de octubre a las 17:00. Las entradas se podr\u00e1n adquirir desde ma\u00f1ana, jueves\" \/>\n\t\t<meta name=\"twitter:creator\" content=\"@nbasturias\" \/>\n\t\t<meta name=\"twitter:image\" content=\"https:\/\/candas365.es\/noticias\/wp-content\/uploads\/2018\/09\/LIBRO-SELVA_1.jpg\" \/>\n\t\t<meta name=\"twitter:label1\" content=\"Escrito por\" \/>\n\t\t<meta name=\"twitter:data1\" content=\"Cand\u00e1s 365\" \/>\n\t\t<meta name=\"twitter:label2\" content=\"Tiempo de lectura estimado\" \/>\n\t\t<meta name=\"twitter:data2\" content=\"2 minutos\" \/>\n\t\t<script type=\"application\/ld+json\" class=\"aioseo-schema\">\n\t\t\t{\"@context\":\"https:\\\/\\\/schema.org\",\"@graph\":[{\"@type\":\"BreadcrumbList\",\"@id\":\"https:\\\/\\\/candas365.es\\\/noticias\\\/el-libro-de-la-selva-la-aventura-de-mowgli-el-13-de-octubre-en-el-niemeyer\\\/#breadcrumblist\",\"itemListElement\":[{\"@type\":\"ListItem\",\"@id\":\"https:\\\/\\\/candas365.es\\\/noticias#listItem\",\"position\":1,\"name\":\"Home\",\"item\":\"https:\\\/\\\/candas365.es\\\/noticias\",\"nextItem\":{\"@type\":\"ListItem\",\"@id\":\"https:\\\/\\\/candas365.es\\\/noticias\\\/category\\\/agenda\\\/#listItem\",\"name\":\"Agenda\"}},{\"@type\":\"ListItem\",\"@id\":\"https:\\\/\\\/candas365.es\\\/noticias\\\/category\\\/agenda\\\/#listItem\",\"position\":2,\"name\":\"Agenda\",\"item\":\"https:\\\/\\\/candas365.es\\\/noticias\\\/category\\\/agenda\\\/\",\"nextItem\":{\"@type\":\"ListItem\",\"@id\":\"https:\\\/\\\/candas365.es\\\/noticias\\\/el-libro-de-la-selva-la-aventura-de-mowgli-el-13-de-octubre-en-el-niemeyer\\\/#listItem\",\"name\":\"\\u201cEl libro de la selva. La aventura de Mowgli\\u201d, el 13 de octubre en el Niemeyer\"},\"previousItem\":{\"@type\":\"ListItem\",\"@id\":\"https:\\\/\\\/candas365.es\\\/noticias#listItem\",\"name\":\"Home\"}},{\"@type\":\"ListItem\",\"@id\":\"https:\\\/\\\/candas365.es\\\/noticias\\\/el-libro-de-la-selva-la-aventura-de-mowgli-el-13-de-octubre-en-el-niemeyer\\\/#listItem\",\"position\":3,\"name\":\"\\u201cEl libro de la selva. La aventura de Mowgli\\u201d, el 13 de octubre en el Niemeyer\",\"previousItem\":{\"@type\":\"ListItem\",\"@id\":\"https:\\\/\\\/candas365.es\\\/noticias\\\/category\\\/agenda\\\/#listItem\",\"name\":\"Agenda\"}}]},{\"@type\":\"NewsArticle\",\"@id\":\"https:\\\/\\\/candas365.es\\\/noticias\\\/el-libro-de-la-selva-la-aventura-de-mowgli-el-13-de-octubre-en-el-niemeyer\\\/#newsarticle\",\"name\":\"\\u201cEl libro de la selva. La aventura de Mowgli\\u201d, el 13 de octubre en el Niemeyer | Cand\\u00e1s 365\",\"headline\":\"\\u201cEl libro de la selva. La aventura de Mowgli\\u201d, el 13 de octubre en el Niemeyer\",\"author\":{\"@id\":\"https:\\\/\\\/candas365.es\\\/noticias\\\/author\\\/admin\\\/#author\"},\"publisher\":{\"@id\":\"https:\\\/\\\/candas365.es\\\/noticias\\\/#organization\"},\"image\":{\"@type\":\"ImageObject\",\"url\":\"https:\\\/\\\/candas365.es\\\/noticias\\\/wp-content\\\/uploads\\\/2018\\\/09\\\/LIBRO-SELVA_1.jpg\",\"width\":1280,\"height\":859},\"datePublished\":\"2018-09-05T18:08:24+02:00\",\"dateModified\":\"2018-09-05T18:08:24+02:00\",\"inLanguage\":\"es-ES\",\"mainEntityOfPage\":{\"@id\":\"https:\\\/\\\/candas365.es\\\/noticias\\\/el-libro-de-la-selva-la-aventura-de-mowgli-el-13-de-octubre-en-el-niemeyer\\\/#webpage\"},\"isPartOf\":{\"@id\":\"https:\\\/\\\/candas365.es\\\/noticias\\\/el-libro-de-la-selva-la-aventura-de-mowgli-el-13-de-octubre-en-el-niemeyer\\\/#webpage\"},\"articleSection\":\"Agenda\",\"dateline\":\"Publicado el septiembre 5, 2018.\"},{\"@type\":\"Organization\",\"@id\":\"https:\\\/\\\/candas365.es\\\/noticias\\\/#organization\",\"name\":\"Cand\\u00e1s 365\",\"description\":\"Cand\\u00e1s 365 es un diario digital independiente, fundado en 2012, con base en Asturias. Informamos con rigor sobre actualidad, sociedad, cultura y ocio, con una mirada local y global.\",\"url\":\"https:\\\/\\\/candas365.es\\\/noticias\\\/\",\"email\":\"info@candas365.es\",\"telephone\":\"+34652131393\",\"foundingDate\":\"2012-06-10\",\"logo\":{\"@type\":\"ImageObject\",\"url\":\"https:\\\/\\\/candas365.es\\\/noticias\\\/wp-content\\\/uploads\\\/2024\\\/09\\\/Candas-365-Redes.jpg\",\"@id\":\"https:\\\/\\\/candas365.es\\\/noticias\\\/el-libro-de-la-selva-la-aventura-de-mowgli-el-13-de-octubre-en-el-niemeyer\\\/#organizationLogo\",\"width\":1152,\"height\":864,\"caption\":\"Cand\\u00e1s 365 Redes\"},\"image\":{\"@id\":\"https:\\\/\\\/candas365.es\\\/noticias\\\/el-libro-de-la-selva-la-aventura-de-mowgli-el-13-de-octubre-en-el-niemeyer\\\/#organizationLogo\"},\"sameAs\":[\"https:\\\/\\\/www.facebook.com\\\/Nachofdezber\",\"https:\\\/\\\/x.com\\\/NabercoDigital\",\"https:\\\/\\\/www.instagram.com\\\/nachofdezber\\\/\",\"https:\\\/\\\/www.youtube.com\\\/channel\\\/UCZP-2wLEB9Rv6erhFmqVnvg\"],\"address\":{\"@id\":\"https:\\\/\\\/candas365.es\\\/noticias\\\/#postaladdress\",\"@type\":\"PostalAddress\",\"streetAddress\":\"san antonio 4, san antonio 4\",\"postalCode\":\"33430\",\"addressLocality\":\"Cand\\u00e1s\",\"addressRegion\":\"Asturias\",\"addressCountry\":\"ES\"}},{\"@type\":\"Person\",\"@id\":\"https:\\\/\\\/candas365.es\\\/noticias\\\/author\\\/admin\\\/#author\",\"url\":\"https:\\\/\\\/candas365.es\\\/noticias\\\/author\\\/admin\\\/\",\"name\":\"Cand\\u00e1s 365\",\"image\":{\"@type\":\"ImageObject\",\"@id\":\"https:\\\/\\\/candas365.es\\\/noticias\\\/el-libro-de-la-selva-la-aventura-de-mowgli-el-13-de-octubre-en-el-niemeyer\\\/#authorImage\",\"url\":\"https:\\\/\\\/secure.gravatar.com\\\/avatar\\\/496a8e03d0c493ede1718b7934145dbdf8d89be1036b0eec9544e1094c9de390?s=96&d=mm&r=g\",\"width\":96,\"height\":96,\"caption\":\"Cand\\u00e1s 365\"},\"sameAs\":[\"https:\\\/\\\/www.facebook.com\\\/carrenoactualidad\",\"https:\\\/\\\/twitter.com\\\/nbasturias\",\"https:\\\/\\\/www.instagram.com\\\/nachofdezber\\\/\",\"https:\\\/\\\/www.youtube.com\\\/channel\\\/UCZP-2wLEB9Rv6erhFmqVnvg\"]},{\"@type\":\"WebPage\",\"@id\":\"https:\\\/\\\/candas365.es\\\/noticias\\\/el-libro-de-la-selva-la-aventura-de-mowgli-el-13-de-octubre-en-el-niemeyer\\\/#webpage\",\"url\":\"https:\\\/\\\/candas365.es\\\/noticias\\\/el-libro-de-la-selva-la-aventura-de-mowgli-el-13-de-octubre-en-el-niemeyer\\\/\",\"name\":\"\\u201cEl libro de la selva. La aventura de Mowgli\\u201d, el 13 de octubre en el Niemeyer | Cand\\u00e1s 365\",\"description\":\"Tras el \\u00e9xito de ventas de los abonos de escenAvil\\u00e9s, llega el turno de una propuesta de artes esc\\u00e9nicas orientada a toda la familia: el musical \\u201cEl libro de la selva. La aventura de Mowgli\\u201d, cuya representaci\\u00f3n tendr\\u00e1 lugar el s\\u00e1bado 13 de octubre a las 17:00. Las entradas se podr\\u00e1n adquirir desde ma\\u00f1ana, jueves\",\"inLanguage\":\"es-ES\",\"isPartOf\":{\"@id\":\"https:\\\/\\\/candas365.es\\\/noticias\\\/#website\"},\"breadcrumb\":{\"@id\":\"https:\\\/\\\/candas365.es\\\/noticias\\\/el-libro-de-la-selva-la-aventura-de-mowgli-el-13-de-octubre-en-el-niemeyer\\\/#breadcrumblist\"},\"author\":{\"@id\":\"https:\\\/\\\/candas365.es\\\/noticias\\\/author\\\/admin\\\/#author\"},\"creator\":{\"@id\":\"https:\\\/\\\/candas365.es\\\/noticias\\\/author\\\/admin\\\/#author\"},\"image\":{\"@type\":\"ImageObject\",\"url\":\"https:\\\/\\\/candas365.es\\\/noticias\\\/wp-content\\\/uploads\\\/2018\\\/09\\\/LIBRO-SELVA_1.jpg\",\"@id\":\"https:\\\/\\\/candas365.es\\\/noticias\\\/el-libro-de-la-selva-la-aventura-de-mowgli-el-13-de-octubre-en-el-niemeyer\\\/#mainImage\",\"width\":1280,\"height\":859},\"primaryImageOfPage\":{\"@id\":\"https:\\\/\\\/candas365.es\\\/noticias\\\/el-libro-de-la-selva-la-aventura-de-mowgli-el-13-de-octubre-en-el-niemeyer\\\/#mainImage\"},\"datePublished\":\"2018-09-05T18:08:24+02:00\",\"dateModified\":\"2018-09-05T18:08:24+02:00\"},{\"@type\":\"WebSite\",\"@id\":\"https:\\\/\\\/candas365.es\\\/noticias\\\/#website\",\"url\":\"https:\\\/\\\/candas365.es\\\/noticias\\\/\",\"name\":\"Cand\\u00e1s 365\",\"alternateName\":\"Cand\\u00e1s 365 Noticias\",\"description\":\"Actualidad desde Carre\\u00f1o para el mundo\",\"inLanguage\":\"es-ES\",\"publisher\":{\"@id\":\"https:\\\/\\\/candas365.es\\\/noticias\\\/#organization\"}}]}\n\t\t<\/script>\n\t\t<!-- All in One SEO Pro -->\r\n\t\t<title>\u201cEl libro de la selva. La aventura de Mowgli\u201d, el 13 de octubre en el Niemeyer | Cand\u00e1s 365<\/title>\n\n","aioseo_head_json":{"title":"\u201cEl libro de la selva. La aventura de Mowgli\u201d, el 13 de octubre en el Niemeyer | Cand\u00e1s 365","description":"Tras el \u00e9xito de ventas de los abonos de escenAvil\u00e9s, llega el turno de una propuesta de artes esc\u00e9nicas orientada a toda la familia: el musical \u201cEl libro de la selva. La aventura de Mowgli\u201d, cuya representaci\u00f3n tendr\u00e1 lugar el s\u00e1bado 13 de octubre a las 17:00. Las entradas se podr\u00e1n adquirir desde ma\u00f1ana, jueves","canonical_url":"https:\/\/candas365.es\/noticias\/el-libro-de-la-selva-la-aventura-de-mowgli-el-13-de-octubre-en-el-niemeyer\/","robots":"max-image-preview:large","keywords":"agenda","webmasterTools":{"google-site-verification":"UA-32230408-1","msvalidate.01":"354F3CDFB2DA171B47FBE9ABF1F88D5","miscellaneous":""},"schema":{"@context":"https:\/\/schema.org","@graph":[{"@type":"BreadcrumbList","@id":"https:\/\/candas365.es\/noticias\/el-libro-de-la-selva-la-aventura-de-mowgli-el-13-de-octubre-en-el-niemeyer\/#breadcrumblist","itemListElement":[{"@type":"ListItem","@id":"https:\/\/candas365.es\/noticias#listItem","position":1,"name":"Home","item":"https:\/\/candas365.es\/noticias","nextItem":{"@type":"ListItem","@id":"https:\/\/candas365.es\/noticias\/category\/agenda\/#listItem","name":"Agenda"}},{"@type":"ListItem","@id":"https:\/\/candas365.es\/noticias\/category\/agenda\/#listItem","position":2,"name":"Agenda","item":"https:\/\/candas365.es\/noticias\/category\/agenda\/","nextItem":{"@type":"ListItem","@id":"https:\/\/candas365.es\/noticias\/el-libro-de-la-selva-la-aventura-de-mowgli-el-13-de-octubre-en-el-niemeyer\/#listItem","name":"\u201cEl libro de la selva. La aventura de Mowgli\u201d, el 13 de octubre en el Niemeyer"},"previousItem":{"@type":"ListItem","@id":"https:\/\/candas365.es\/noticias#listItem","name":"Home"}},{"@type":"ListItem","@id":"https:\/\/candas365.es\/noticias\/el-libro-de-la-selva-la-aventura-de-mowgli-el-13-de-octubre-en-el-niemeyer\/#listItem","position":3,"name":"\u201cEl libro de la selva. La aventura de Mowgli\u201d, el 13 de octubre en el Niemeyer","previousItem":{"@type":"ListItem","@id":"https:\/\/candas365.es\/noticias\/category\/agenda\/#listItem","name":"Agenda"}}]},{"@type":"NewsArticle","@id":"https:\/\/candas365.es\/noticias\/el-libro-de-la-selva-la-aventura-de-mowgli-el-13-de-octubre-en-el-niemeyer\/#newsarticle","name":"\u201cEl libro de la selva. La aventura de Mowgli\u201d, el 13 de octubre en el Niemeyer | Cand\u00e1s 365","headline":"\u201cEl libro de la selva. La aventura de Mowgli\u201d, el 13 de octubre en el Niemeyer","author":{"@id":"https:\/\/candas365.es\/noticias\/author\/admin\/#author"},"publisher":{"@id":"https:\/\/candas365.es\/noticias\/#organization"},"image":{"@type":"ImageObject","url":"https:\/\/candas365.es\/noticias\/wp-content\/uploads\/2018\/09\/LIBRO-SELVA_1.jpg","width":1280,"height":859},"datePublished":"2018-09-05T18:08:24+02:00","dateModified":"2018-09-05T18:08:24+02:00","inLanguage":"es-ES","mainEntityOfPage":{"@id":"https:\/\/candas365.es\/noticias\/el-libro-de-la-selva-la-aventura-de-mowgli-el-13-de-octubre-en-el-niemeyer\/#webpage"},"isPartOf":{"@id":"https:\/\/candas365.es\/noticias\/el-libro-de-la-selva-la-aventura-de-mowgli-el-13-de-octubre-en-el-niemeyer\/#webpage"},"articleSection":"Agenda","dateline":"Publicado el septiembre 5, 2018."},{"@type":"Organization","@id":"https:\/\/candas365.es\/noticias\/#organization","name":"Cand\u00e1s 365","description":"Cand\u00e1s 365 es un diario digital independiente, fundado en 2012, con base en Asturias. Informamos con rigor sobre actualidad, sociedad, cultura y ocio, con una mirada local y global.","url":"https:\/\/candas365.es\/noticias\/","email":"info@candas365.es","telephone":"+34652131393","foundingDate":"2012-06-10","logo":{"@type":"ImageObject","url":"https:\/\/candas365.es\/noticias\/wp-content\/uploads\/2024\/09\/Candas-365-Redes.jpg","@id":"https:\/\/candas365.es\/noticias\/el-libro-de-la-selva-la-aventura-de-mowgli-el-13-de-octubre-en-el-niemeyer\/#organizationLogo","width":1152,"height":864,"caption":"Cand\u00e1s 365 Redes"},"image":{"@id":"https:\/\/candas365.es\/noticias\/el-libro-de-la-selva-la-aventura-de-mowgli-el-13-de-octubre-en-el-niemeyer\/#organizationLogo"},"sameAs":["https:\/\/www.facebook.com\/Nachofdezber","https:\/\/x.com\/NabercoDigital","https:\/\/www.instagram.com\/nachofdezber\/","https:\/\/www.youtube.com\/channel\/UCZP-2wLEB9Rv6erhFmqVnvg"],"address":{"@id":"https:\/\/candas365.es\/noticias\/#postaladdress","@type":"PostalAddress","streetAddress":"san antonio 4, san antonio 4","postalCode":"33430","addressLocality":"Cand\u00e1s","addressRegion":"Asturias","addressCountry":"ES"}},{"@type":"Person","@id":"https:\/\/candas365.es\/noticias\/author\/admin\/#author","url":"https:\/\/candas365.es\/noticias\/author\/admin\/","name":"Cand\u00e1s 365","image":{"@type":"ImageObject","@id":"https:\/\/candas365.es\/noticias\/el-libro-de-la-selva-la-aventura-de-mowgli-el-13-de-octubre-en-el-niemeyer\/#authorImage","url":"https:\/\/secure.gravatar.com\/avatar\/496a8e03d0c493ede1718b7934145dbdf8d89be1036b0eec9544e1094c9de390?s=96&d=mm&r=g","width":96,"height":96,"caption":"Cand\u00e1s 365"},"sameAs":["https:\/\/www.facebook.com\/carrenoactualidad","https:\/\/twitter.com\/nbasturias","https:\/\/www.instagram.com\/nachofdezber\/","https:\/\/www.youtube.com\/channel\/UCZP-2wLEB9Rv6erhFmqVnvg"]},{"@type":"WebPage","@id":"https:\/\/candas365.es\/noticias\/el-libro-de-la-selva-la-aventura-de-mowgli-el-13-de-octubre-en-el-niemeyer\/#webpage","url":"https:\/\/candas365.es\/noticias\/el-libro-de-la-selva-la-aventura-de-mowgli-el-13-de-octubre-en-el-niemeyer\/","name":"\u201cEl libro de la selva. La aventura de Mowgli\u201d, el 13 de octubre en el Niemeyer | Cand\u00e1s 365","description":"Tras el \u00e9xito de ventas de los abonos de escenAvil\u00e9s, llega el turno de una propuesta de artes esc\u00e9nicas orientada a toda la familia: el musical \u201cEl libro de la selva. La aventura de Mowgli\u201d, cuya representaci\u00f3n tendr\u00e1 lugar el s\u00e1bado 13 de octubre a las 17:00. Las entradas se podr\u00e1n adquirir desde ma\u00f1ana, jueves","inLanguage":"es-ES","isPartOf":{"@id":"https:\/\/candas365.es\/noticias\/#website"},"breadcrumb":{"@id":"https:\/\/candas365.es\/noticias\/el-libro-de-la-selva-la-aventura-de-mowgli-el-13-de-octubre-en-el-niemeyer\/#breadcrumblist"},"author":{"@id":"https:\/\/candas365.es\/noticias\/author\/admin\/#author"},"creator":{"@id":"https:\/\/candas365.es\/noticias\/author\/admin\/#author"},"image":{"@type":"ImageObject","url":"https:\/\/candas365.es\/noticias\/wp-content\/uploads\/2018\/09\/LIBRO-SELVA_1.jpg","@id":"https:\/\/candas365.es\/noticias\/el-libro-de-la-selva-la-aventura-de-mowgli-el-13-de-octubre-en-el-niemeyer\/#mainImage","width":1280,"height":859},"primaryImageOfPage":{"@id":"https:\/\/candas365.es\/noticias\/el-libro-de-la-selva-la-aventura-de-mowgli-el-13-de-octubre-en-el-niemeyer\/#mainImage"},"datePublished":"2018-09-05T18:08:24+02:00","dateModified":"2018-09-05T18:08:24+02:00"},{"@type":"WebSite","@id":"https:\/\/candas365.es\/noticias\/#website","url":"https:\/\/candas365.es\/noticias\/","name":"Cand\u00e1s 365","alternateName":"Cand\u00e1s 365 Noticias","description":"Actualidad desde Carre\u00f1o para el mundo","inLanguage":"es-ES","publisher":{"@id":"https:\/\/candas365.es\/noticias\/#organization"}}]},"og:locale":"es_ES","og:site_name":"Cand\u00e1s 365","og:type":"article","og:title":"\u201cEl libro de la selva. La aventura de Mowgli\u201d, el 13 de octubre en el Niemeyer | Cand\u00e1s 365","og:description":"Tras el \u00e9xito de ventas de los abonos de escenAvil\u00e9s, llega el turno de una propuesta de artes esc\u00e9nicas orientada a toda la familia: el musical \u201cEl libro de la selva. La aventura de Mowgli\u201d, cuya representaci\u00f3n tendr\u00e1 lugar el s\u00e1bado 13 de octubre a las 17:00. Las entradas se podr\u00e1n adquirir desde ma\u00f1ana, jueves","og:url":"https:\/\/candas365.es\/noticias\/el-libro-de-la-selva-la-aventura-de-mowgli-el-13-de-octubre-en-el-niemeyer\/","og:image":"https:\/\/candas365.es\/noticias\/wp-content\/uploads\/2018\/09\/LIBRO-SELVA_1.jpg","og:image:secure_url":"https:\/\/candas365.es\/noticias\/wp-content\/uploads\/2018\/09\/LIBRO-SELVA_1.jpg","og:image:width":1280,"og:image:height":859,"article:published_time":"2018-09-05T18:08:24+00:00","article:modified_time":"2018-09-05T18:08:24+00:00","article:publisher":"https:\/\/www.facebook.com\/Nachofdezber","article:author":"https:\/\/www.facebook.com\/carrenoactualidad","twitter:card":"summary_large_image","twitter:site":"@NabercoDigital","twitter:title":"\u201cEl libro de la selva. La aventura de Mowgli\u201d, el 13 de octubre en el Niemeyer | Cand\u00e1s 365","twitter:description":"Tras el \u00e9xito de ventas de los abonos de escenAvil\u00e9s, llega el turno de una propuesta de artes esc\u00e9nicas orientada a toda la familia: el musical \u201cEl libro de la selva. La aventura de Mowgli\u201d, cuya representaci\u00f3n tendr\u00e1 lugar el s\u00e1bado 13 de octubre a las 17:00. Las entradas se podr\u00e1n adquirir desde ma\u00f1ana, jueves","twitter:creator":"@nbasturias","twitter:image":"https:\/\/candas365.es\/noticias\/wp-content\/uploads\/2018\/09\/LIBRO-SELVA_1.jpg","twitter:label1":"Escrito por","twitter:data1":"Cand\u00e1s 365","twitter:label2":"Tiempo de lectura estimado","twitter:data2":"2 minutos"},"aioseo_meta_data":{"post_id":"104525","title":null,"description":null,"keywords":null,"keyphrases":null,"primary_term":null,"canonical_url":null,"og_title":null,"og_description":null,"og_object_type":"default","og_image_type":"default","og_image_url":null,"og_image_width":null,"og_image_height":null,"og_image_custom_url":null,"og_image_custom_fields":null,"og_video":null,"og_custom_url":null,"og_article_section":null,"og_article_tags":null,"twitter_use_og":false,"twitter_card":"default","twitter_image_type":"default","twitter_image_url":null,"twitter_image_custom_url":null,"twitter_image_custom_fields":null,"twitter_title":null,"twitter_description":null,"schema":{"blockGraphs":[],"customGraphs":[],"default":{"data":{"Article":[],"Course":[],"Dataset":[],"FAQPage":[],"Movie":[],"Person":[],"Product":[],"ProductReview":[],"Car":[],"Recipe":[],"Service":[],"SoftwareApplication":[],"WebPage":[]},"graphName":"","isEnabled":true},"graphs":[],"defaultGraph":"","defaultPostTypeGraph":""},"schema_type":null,"schema_type_options":null,"pillar_content":false,"robots_default":true,"robots_noindex":false,"robots_noarchive":false,"robots_nosnippet":false,"robots_nofollow":false,"robots_noimageindex":false,"robots_noodp":false,"robots_notranslate":false,"robots_max_snippet":null,"robots_max_videopreview":null,"robots_max_imagepreview":"large","priority":null,"frequency":null,"location":null,"local_seo":null,"seo_analyzer_scan_date":"2025-08-27 19:47:11","breadcrumb_settings":null,"limit_modified_date":false,"reviewed_by":null,"open_ai":null,"ai":null,"created":"2020-12-21 11:45:45","updated":"2025-08-27 19:47:11"},"aioseo_breadcrumb":"<div class=\"aioseo-breadcrumbs\"><span class=\"aioseo-breadcrumb\">\n\t<a href=\"https:\/\/candas365.es\/noticias\" title=\"Home\">Home<\/a>\n<\/span><span class=\"aioseo-breadcrumb-separator\">&ndash;<\/span><span class=\"aioseo-breadcrumb\">\n\t<a href=\"https:\/\/candas365.es\/noticias\/category\/agenda\/\" title=\"Agenda\">Agenda<\/a>\n<\/span><span class=\"aioseo-breadcrumb-separator\">&ndash;<\/span><span class=\"aioseo-breadcrumb\">\n\t\u201cEl libro de la selva. La aventura de Mowgli\u201d, el 13 de octubre en el Niemeyer\n<\/span><\/div>","aioseo_breadcrumb_json":[{"label":"Home","link":"https:\/\/candas365.es\/noticias"},{"label":"Agenda","link":"https:\/\/candas365.es\/noticias\/category\/agenda\/"},{"label":"\u201cEl libro de la selva. La aventura de Mowgli\u201d, el 13 de octubre en el Niemeyer","link":"https:\/\/candas365.es\/noticias\/el-libro-de-la-selva-la-aventura-de-mowgli-el-13-de-octubre-en-el-niemeyer\/"}],"_links":{"self":[{"href":"https:\/\/candas365.es\/noticias\/wp-json\/wp\/v2\/posts\/104525","targetHints":{"allow":["GET"]}}],"collection":[{"href":"https:\/\/candas365.es\/noticias\/wp-json\/wp\/v2\/posts"}],"about":[{"href":"https:\/\/candas365.es\/noticias\/wp-json\/wp\/v2\/types\/post"}],"author":[{"embeddable":true,"href":"https:\/\/candas365.es\/noticias\/wp-json\/wp\/v2\/users\/1"}],"replies":[{"embeddable":true,"href":"https:\/\/candas365.es\/noticias\/wp-json\/wp\/v2\/comments?post=104525"}],"version-history":[{"count":0,"href":"https:\/\/candas365.es\/noticias\/wp-json\/wp\/v2\/posts\/104525\/revisions"}],"wp:featuredmedia":[{"embeddable":true,"href":"https:\/\/candas365.es\/noticias\/wp-json\/wp\/v2\/media\/104526"}],"wp:attachment":[{"href":"https:\/\/candas365.es\/noticias\/wp-json\/wp\/v2\/media?parent=104525"}],"wp:term":[{"taxonomy":"category","embeddable":true,"href":"https:\/\/candas365.es\/noticias\/wp-json\/wp\/v2\/categories?post=104525"},{"taxonomy":"post_tag","embeddable":true,"href":"https:\/\/candas365.es\/noticias\/wp-json\/wp\/v2\/tags?post=104525"}],"curies":[{"name":"wp","href":"https:\/\/api.w.org\/{rel}","templated":true}]}}