{"id":104312,"date":"2018-09-02T16:42:01","date_gmt":"2018-09-02T16:42:01","guid":{"rendered":"http:\/\/candas365.es\/noticias\/?p=104312"},"modified":"2018-09-02T16:44:16","modified_gmt":"2018-09-02T16:44:16","slug":"carreno-financiara-un-estudio-antropologico-sobre-la-manta-candasina","status":"publish","type":"post","link":"https:\/\/candas365.es\/noticias\/carreno-financiara-un-estudio-antropologico-sobre-la-manta-candasina\/","title":{"rendered":"Carre\u00f1o financiar\u00e1 un estudio exhaustivo sobre la \u00abmanta candasina\u00bb"},"content":{"rendered":"<p><img fetchpriority=\"high\" decoding=\"async\" class=\"alignleft size-medium wp-image-104315\" src=\"https:\/\/candas365.es\/noticias\/wp-content\/uploads\/2018\/09\/Fe-Santove\u00f1a_Alcaldesa-de-Carre\u00f1o_Concejala-de-Cultura-360x236.jpg\" alt=\"\" width=\"360\" height=\"236\" srcset=\"https:\/\/candas365.es\/noticias\/wp-content\/uploads\/2018\/09\/Fe-Santove\u00f1a_Alcaldesa-de-Carre\u00f1o_Concejala-de-Cultura-360x236.jpg 360w, https:\/\/candas365.es\/noticias\/wp-content\/uploads\/2018\/09\/Fe-Santove\u00f1a_Alcaldesa-de-Carre\u00f1o_Concejala-de-Cultura-768x503.jpg 768w, https:\/\/candas365.es\/noticias\/wp-content\/uploads\/2018\/09\/Fe-Santove\u00f1a_Alcaldesa-de-Carre\u00f1o_Concejala-de-Cultura-655x429.jpg 655w, https:\/\/candas365.es\/noticias\/wp-content\/uploads\/2018\/09\/Fe-Santove\u00f1a_Alcaldesa-de-Carre\u00f1o_Concejala-de-Cultura-696x455.jpg 696w, https:\/\/candas365.es\/noticias\/wp-content\/uploads\/2018\/09\/Fe-Santove\u00f1a_Alcaldesa-de-Carre\u00f1o_Concejala-de-Cultura-741x486.jpg 741w, https:\/\/candas365.es\/noticias\/wp-content\/uploads\/2018\/09\/Fe-Santove\u00f1a_Alcaldesa-de-Carre\u00f1o_Concejala-de-Cultura-1068x699.jpg 1068w, https:\/\/candas365.es\/noticias\/wp-content\/uploads\/2018\/09\/Fe-Santove\u00f1a_Alcaldesa-de-Carre\u00f1o_Concejala-de-Cultura-642x420.jpg 642w, https:\/\/candas365.es\/noticias\/wp-content\/uploads\/2018\/09\/Fe-Santove\u00f1a_Alcaldesa-de-Carre\u00f1o_Concejala-de-Cultura.jpg 1085w\" sizes=\"(max-width: 360px) 100vw, 360px\" \/>La alcaldesa de Carre\u00f1o, Amelia Fern\u00e1ndez, hizo un llamado esta semana a todos los habitantes del municipio para que faciliten la donaci\u00f3n de \u201cmantas candasinas\u201d las cuales hayan pertenecido a sus ancestros. Dichas mantas ser\u00e1n utilizadas para realizar un estudio antropol\u00f3gico y analizar su antig\u00fcedad.<\/p>\n<p>En este sentido, Fern\u00e1ndez indic\u00f3 que entre los d\u00edas 21 y 22 de septiembre estar\u00e1 en el centro polivalente \u201cLa Baraga\u00f1a\u201d la antrop\u00f3loga e historiadora Fe Santove\u00f1a Zapatero que ser\u00e1 la encargada de llevar a cabo este estudio.<\/p>\n<p>\u201cDado el car\u00e1cter espec\u00edfico que reviste la manta candasina, y su presumible difusi\u00f3n en la vestimenta tradicional de otras villas de Asturias, adem\u00e1s de lo escaso de la bibliograf\u00eda cient\u00edfica sobre su origen y significado, el Ayuntamiento de Carre\u00f1o consider\u00f3 de inter\u00e9s, a trav\u00e9s de la Concejal\u00eda de Cultura, el proceder a la contrataci\u00f3n externa de una asesor\u00eda etnogr\u00e1fica e hist\u00f3rica, para la elaboraci\u00f3n de un estudio cient\u00edfico monogr\u00e1fico sobre el origen e inter\u00e9s hist\u00f3rico y cultural de la misma, as\u00ed como la definici\u00f3n de la f\u00f3rmula m\u00e1s adecuada para la protecci\u00f3n de esta muestra del Patrimonio cultural local\u201d, explic\u00f3 Fern\u00e1ndez.<\/p>\n<p>Igualmente, la alcaldesa destac\u00f3 que el estudio constar\u00e1 de una memoria hist\u00f3rica detallada, acompa\u00f1ada de los anexos que la acrediten y que permita posteriormente la solicitud municipal de incoaci\u00f3n de expediente para su protecci\u00f3n cultural ante la administraci\u00f3n correspondiente.<\/p>\n<p>Adem\u00e1s, el estudio incluir\u00e1 una introducci\u00f3n acerca de la manta candasina como bien de inter\u00e9s cultural. As\u00ed como una descripci\u00f3n f\u00edsica del objeto a proteger: colores, materiales y facturas, el punto de crochet y el tejido utilizado por la gente m\u00e1s humilde.<\/p>\n<p>Soraya Andreina P\u00e9rez<\/p>\n","protected":false},"excerpt":{"rendered":"<p>La alcaldesa de Carre\u00f1o, Amelia Fern\u00e1ndez, hizo un llamado esta semana a todos los habitantes del municipio para que faciliten la donaci\u00f3n de \u201cmantas candasinas\u201d las cuales hayan pertenecido a sus ancestros. Dichas mantas ser\u00e1n utilizadas para realizar un estudio antropol\u00f3gico y analizar su antig\u00fcedad. En este sentido, Fern\u00e1ndez indic\u00f3 que entre los d\u00edas 21<\/p>\n","protected":false},"author":1,"featured_media":104315,"comment_status":"closed","ping_status":"closed","sticky":false,"template":"","format":"standard","meta":{"footnotes":""},"categories":[2],"tags":[],"class_list":{"0":"post-104312","1":"post","2":"type-post","3":"status-publish","4":"format-standard","5":"has-post-thumbnail","7":"category-noticias-carreno"},"aioseo_notices":[],"aioseo_head":"\n\t\t<!-- All in One SEO Pro 4.9.6.2 - aioseo.com -->\n\t<meta name=\"description\" content=\"La alcaldesa de Carre\u00f1o, Amelia Fern\u00e1ndez, hizo un llamado esta semana a todos los habitantes del municipio para que faciliten la donaci\u00f3n de \u201cmantas candasinas\u201d las cuales hayan pertenecido a sus ancestros. Dichas mantas ser\u00e1n utilizadas para realizar un estudio antropol\u00f3gico y analizar su antig\u00fcedad. En este sentido, Fern\u00e1ndez indic\u00f3 que entre los d\u00edas 21\" \/>\n\t<meta name=\"robots\" content=\"max-image-preview:large\" \/>\n\t<meta name=\"author\" content=\"Cand\u00e1s 365\"\/>\n\t<meta name=\"google-site-verification\" content=\"UA-32230408-1\" \/>\n\t<meta name=\"msvalidate.01\" content=\"354F3CDFB2DA171B47FBE9ABF1F88D5\" \/>\n\t<meta name=\"keywords\" content=\"noticias carre\u00f1o\" \/>\n\t<link rel=\"canonical\" href=\"https:\/\/candas365.es\/noticias\/carreno-financiara-un-estudio-antropologico-sobre-la-manta-candasina\/\" \/>\n\t<meta name=\"generator\" content=\"All in One SEO Pro (AIOSEO) 4.9.6.2\" \/>\n\t\t<meta property=\"og:locale\" content=\"es_ES\" \/>\n\t\t<meta property=\"og:site_name\" content=\"Cand\u00e1s 365\" \/>\n\t\t<meta property=\"og:type\" content=\"article\" \/>\n\t\t<meta property=\"og:title\" content=\"Carre\u00f1o financiar\u00e1 un estudio exhaustivo sobre la \u00abmanta candasina\u00bb | Cand\u00e1s 365\" \/>\n\t\t<meta property=\"og:description\" content=\"La alcaldesa de Carre\u00f1o, Amelia Fern\u00e1ndez, hizo un llamado esta semana a todos los habitantes del municipio para que faciliten la donaci\u00f3n de \u201cmantas candasinas\u201d las cuales hayan pertenecido a sus ancestros. Dichas mantas ser\u00e1n utilizadas para realizar un estudio antropol\u00f3gico y analizar su antig\u00fcedad. En este sentido, Fern\u00e1ndez indic\u00f3 que entre los d\u00edas 21\" \/>\n\t\t<meta property=\"og:url\" content=\"https:\/\/candas365.es\/noticias\/carreno-financiara-un-estudio-antropologico-sobre-la-manta-candasina\/\" \/>\n\t\t<meta property=\"og:image\" content=\"https:\/\/candas365.es\/noticias\/wp-content\/uploads\/2018\/09\/Fe-Santove\u00f1a_Alcaldesa-de-Carre\u00f1o_Concejala-de-Cultura.jpg\" \/>\n\t\t<meta property=\"og:image:secure_url\" content=\"https:\/\/candas365.es\/noticias\/wp-content\/uploads\/2018\/09\/Fe-Santove\u00f1a_Alcaldesa-de-Carre\u00f1o_Concejala-de-Cultura.jpg\" \/>\n\t\t<meta property=\"og:image:width\" content=\"1085\" \/>\n\t\t<meta property=\"og:image:height\" content=\"710\" \/>\n\t\t<meta property=\"article:published_time\" content=\"2018-09-02T16:42:01+00:00\" \/>\n\t\t<meta property=\"article:modified_time\" content=\"2018-09-02T16:44:16+00:00\" \/>\n\t\t<meta property=\"article:publisher\" content=\"https:\/\/www.facebook.com\/Nachofdezber\" \/>\n\t\t<meta property=\"article:author\" content=\"https:\/\/www.facebook.com\/carrenoactualidad\" \/>\n\t\t<meta name=\"twitter:card\" content=\"summary_large_image\" \/>\n\t\t<meta name=\"twitter:site\" content=\"@NabercoDigital\" \/>\n\t\t<meta name=\"twitter:title\" content=\"Carre\u00f1o financiar\u00e1 un estudio exhaustivo sobre la \u00abmanta candasina\u00bb | Cand\u00e1s 365\" \/>\n\t\t<meta name=\"twitter:description\" content=\"La alcaldesa de Carre\u00f1o, Amelia Fern\u00e1ndez, hizo un llamado esta semana a todos los habitantes del municipio para que faciliten la donaci\u00f3n de \u201cmantas candasinas\u201d las cuales hayan pertenecido a sus ancestros. Dichas mantas ser\u00e1n utilizadas para realizar un estudio antropol\u00f3gico y analizar su antig\u00fcedad. En este sentido, Fern\u00e1ndez indic\u00f3 que entre los d\u00edas 21\" \/>\n\t\t<meta name=\"twitter:creator\" content=\"@nbasturias\" \/>\n\t\t<meta name=\"twitter:image\" content=\"https:\/\/candas365.es\/noticias\/wp-content\/uploads\/2018\/09\/Fe-Santove\u00f1a_Alcaldesa-de-Carre\u00f1o_Concejala-de-Cultura.jpg\" \/>\n\t\t<meta name=\"twitter:label1\" content=\"Escrito por\" \/>\n\t\t<meta name=\"twitter:data1\" content=\"Cand\u00e1s 365\" \/>\n\t\t<meta name=\"twitter:label2\" content=\"Tiempo de lectura estimado\" \/>\n\t\t<meta name=\"twitter:data2\" content=\"2 minutos\" \/>\n\t\t<script type=\"application\/ld+json\" class=\"aioseo-schema\">\n\t\t\t{\"@context\":\"https:\\\/\\\/schema.org\",\"@graph\":[{\"@type\":\"BreadcrumbList\",\"@id\":\"https:\\\/\\\/candas365.es\\\/noticias\\\/carreno-financiara-un-estudio-antropologico-sobre-la-manta-candasina\\\/#breadcrumblist\",\"itemListElement\":[{\"@type\":\"ListItem\",\"@id\":\"https:\\\/\\\/candas365.es\\\/noticias#listItem\",\"position\":1,\"name\":\"Home\",\"item\":\"https:\\\/\\\/candas365.es\\\/noticias\",\"nextItem\":{\"@type\":\"ListItem\",\"@id\":\"https:\\\/\\\/candas365.es\\\/noticias\\\/category\\\/noticias-carreno\\\/#listItem\",\"name\":\"Noticias Carre\\u00f1o\"}},{\"@type\":\"ListItem\",\"@id\":\"https:\\\/\\\/candas365.es\\\/noticias\\\/category\\\/noticias-carreno\\\/#listItem\",\"position\":2,\"name\":\"Noticias Carre\\u00f1o\",\"item\":\"https:\\\/\\\/candas365.es\\\/noticias\\\/category\\\/noticias-carreno\\\/\",\"nextItem\":{\"@type\":\"ListItem\",\"@id\":\"https:\\\/\\\/candas365.es\\\/noticias\\\/carreno-financiara-un-estudio-antropologico-sobre-la-manta-candasina\\\/#listItem\",\"name\":\"Carre\\u00f1o financiar\\u00e1 un estudio exhaustivo sobre la \\u00abmanta candasina\\u00bb\"},\"previousItem\":{\"@type\":\"ListItem\",\"@id\":\"https:\\\/\\\/candas365.es\\\/noticias#listItem\",\"name\":\"Home\"}},{\"@type\":\"ListItem\",\"@id\":\"https:\\\/\\\/candas365.es\\\/noticias\\\/carreno-financiara-un-estudio-antropologico-sobre-la-manta-candasina\\\/#listItem\",\"position\":3,\"name\":\"Carre\\u00f1o financiar\\u00e1 un estudio exhaustivo sobre la \\u00abmanta candasina\\u00bb\",\"previousItem\":{\"@type\":\"ListItem\",\"@id\":\"https:\\\/\\\/candas365.es\\\/noticias\\\/category\\\/noticias-carreno\\\/#listItem\",\"name\":\"Noticias Carre\\u00f1o\"}}]},{\"@type\":\"NewsArticle\",\"@id\":\"https:\\\/\\\/candas365.es\\\/noticias\\\/carreno-financiara-un-estudio-antropologico-sobre-la-manta-candasina\\\/#newsarticle\",\"name\":\"Carre\\u00f1o financiar\\u00e1 un estudio exhaustivo sobre la \\u00abmanta candasina\\u00bb | Cand\\u00e1s 365\",\"headline\":\"Carre\\u00f1o financiar\\u00e1 un estudio exhaustivo sobre la \\u00abmanta candasina\\u00bb\",\"author\":{\"@id\":\"https:\\\/\\\/candas365.es\\\/noticias\\\/author\\\/admin\\\/#author\"},\"publisher\":{\"@id\":\"https:\\\/\\\/candas365.es\\\/noticias\\\/#organization\"},\"image\":{\"@type\":\"ImageObject\",\"url\":\"https:\\\/\\\/candas365.es\\\/noticias\\\/wp-content\\\/uploads\\\/2018\\\/09\\\/Fe-Santove\\u00f1a_Alcaldesa-de-Carre\\u00f1o_Concejala-de-Cultura.jpg\",\"width\":1085,\"height\":710},\"datePublished\":\"2018-09-02T16:42:01+02:00\",\"dateModified\":\"2018-09-02T16:44:16+02:00\",\"inLanguage\":\"es-ES\",\"mainEntityOfPage\":{\"@id\":\"https:\\\/\\\/candas365.es\\\/noticias\\\/carreno-financiara-un-estudio-antropologico-sobre-la-manta-candasina\\\/#webpage\"},\"isPartOf\":{\"@id\":\"https:\\\/\\\/candas365.es\\\/noticias\\\/carreno-financiara-un-estudio-antropologico-sobre-la-manta-candasina\\\/#webpage\"},\"articleSection\":\"Noticias Carre\\u00f1o\",\"dateline\":\"Publicado el septiembre 2, 2018.\"},{\"@type\":\"Organization\",\"@id\":\"https:\\\/\\\/candas365.es\\\/noticias\\\/#organization\",\"name\":\"Cand\\u00e1s 365\",\"description\":\"Cand\\u00e1s 365 es un diario digital independiente, fundado en 2012, con base en Asturias. Informamos con rigor sobre actualidad, sociedad, cultura y ocio, con una mirada local y global.\",\"url\":\"https:\\\/\\\/candas365.es\\\/noticias\\\/\",\"email\":\"info@candas365.es\",\"telephone\":\"+34652131393\",\"foundingDate\":\"2012-06-10\",\"logo\":{\"@type\":\"ImageObject\",\"url\":\"https:\\\/\\\/candas365.es\\\/noticias\\\/wp-content\\\/uploads\\\/2024\\\/09\\\/Candas-365-Redes.jpg\",\"@id\":\"https:\\\/\\\/candas365.es\\\/noticias\\\/carreno-financiara-un-estudio-antropologico-sobre-la-manta-candasina\\\/#organizationLogo\",\"width\":1152,\"height\":864,\"caption\":\"Cand\\u00e1s 365 Redes\"},\"image\":{\"@id\":\"https:\\\/\\\/candas365.es\\\/noticias\\\/carreno-financiara-un-estudio-antropologico-sobre-la-manta-candasina\\\/#organizationLogo\"},\"sameAs\":[\"https:\\\/\\\/www.facebook.com\\\/Nachofdezber\",\"https:\\\/\\\/x.com\\\/NabercoDigital\",\"https:\\\/\\\/www.instagram.com\\\/nachofdezber\\\/\",\"https:\\\/\\\/www.youtube.com\\\/channel\\\/UCZP-2wLEB9Rv6erhFmqVnvg\"],\"address\":{\"@id\":\"https:\\\/\\\/candas365.es\\\/noticias\\\/#postaladdress\",\"@type\":\"PostalAddress\",\"streetAddress\":\"san antonio 4, san antonio 4\",\"postalCode\":\"33430\",\"addressLocality\":\"Cand\\u00e1s\",\"addressRegion\":\"Asturias\",\"addressCountry\":\"ES\"}},{\"@type\":\"Person\",\"@id\":\"https:\\\/\\\/candas365.es\\\/noticias\\\/author\\\/admin\\\/#author\",\"url\":\"https:\\\/\\\/candas365.es\\\/noticias\\\/author\\\/admin\\\/\",\"name\":\"Cand\\u00e1s 365\",\"image\":{\"@type\":\"ImageObject\",\"@id\":\"https:\\\/\\\/candas365.es\\\/noticias\\\/carreno-financiara-un-estudio-antropologico-sobre-la-manta-candasina\\\/#authorImage\",\"url\":\"https:\\\/\\\/secure.gravatar.com\\\/avatar\\\/496a8e03d0c493ede1718b7934145dbdf8d89be1036b0eec9544e1094c9de390?s=96&d=mm&r=g\",\"width\":96,\"height\":96,\"caption\":\"Cand\\u00e1s 365\"},\"sameAs\":[\"https:\\\/\\\/www.facebook.com\\\/carrenoactualidad\",\"https:\\\/\\\/twitter.com\\\/nbasturias\",\"https:\\\/\\\/www.instagram.com\\\/nachofdezber\\\/\",\"https:\\\/\\\/www.youtube.com\\\/channel\\\/UCZP-2wLEB9Rv6erhFmqVnvg\"]},{\"@type\":\"WebPage\",\"@id\":\"https:\\\/\\\/candas365.es\\\/noticias\\\/carreno-financiara-un-estudio-antropologico-sobre-la-manta-candasina\\\/#webpage\",\"url\":\"https:\\\/\\\/candas365.es\\\/noticias\\\/carreno-financiara-un-estudio-antropologico-sobre-la-manta-candasina\\\/\",\"name\":\"Carre\\u00f1o financiar\\u00e1 un estudio exhaustivo sobre la \\u00abmanta candasina\\u00bb | Cand\\u00e1s 365\",\"description\":\"La alcaldesa de Carre\\u00f1o, Amelia Fern\\u00e1ndez, hizo un llamado esta semana a todos los habitantes del municipio para que faciliten la donaci\\u00f3n de \\u201cmantas candasinas\\u201d las cuales hayan pertenecido a sus ancestros. Dichas mantas ser\\u00e1n utilizadas para realizar un estudio antropol\\u00f3gico y analizar su antig\\u00fcedad. En este sentido, Fern\\u00e1ndez indic\\u00f3 que entre los d\\u00edas 21\",\"inLanguage\":\"es-ES\",\"isPartOf\":{\"@id\":\"https:\\\/\\\/candas365.es\\\/noticias\\\/#website\"},\"breadcrumb\":{\"@id\":\"https:\\\/\\\/candas365.es\\\/noticias\\\/carreno-financiara-un-estudio-antropologico-sobre-la-manta-candasina\\\/#breadcrumblist\"},\"author\":{\"@id\":\"https:\\\/\\\/candas365.es\\\/noticias\\\/author\\\/admin\\\/#author\"},\"creator\":{\"@id\":\"https:\\\/\\\/candas365.es\\\/noticias\\\/author\\\/admin\\\/#author\"},\"image\":{\"@type\":\"ImageObject\",\"url\":\"https:\\\/\\\/candas365.es\\\/noticias\\\/wp-content\\\/uploads\\\/2018\\\/09\\\/Fe-Santove\\u00f1a_Alcaldesa-de-Carre\\u00f1o_Concejala-de-Cultura.jpg\",\"@id\":\"https:\\\/\\\/candas365.es\\\/noticias\\\/carreno-financiara-un-estudio-antropologico-sobre-la-manta-candasina\\\/#mainImage\",\"width\":1085,\"height\":710},\"primaryImageOfPage\":{\"@id\":\"https:\\\/\\\/candas365.es\\\/noticias\\\/carreno-financiara-un-estudio-antropologico-sobre-la-manta-candasina\\\/#mainImage\"},\"datePublished\":\"2018-09-02T16:42:01+02:00\",\"dateModified\":\"2018-09-02T16:44:16+02:00\"},{\"@type\":\"WebSite\",\"@id\":\"https:\\\/\\\/candas365.es\\\/noticias\\\/#website\",\"url\":\"https:\\\/\\\/candas365.es\\\/noticias\\\/\",\"name\":\"Cand\\u00e1s 365\",\"alternateName\":\"Cand\\u00e1s 365 Noticias\",\"description\":\"Actualidad desde Carre\\u00f1o para el mundo\",\"inLanguage\":\"es-ES\",\"publisher\":{\"@id\":\"https:\\\/\\\/candas365.es\\\/noticias\\\/#organization\"}}]}\n\t\t<\/script>\n\t\t<!-- All in One SEO Pro -->\r\n\t\t<title>Carre\u00f1o financiar\u00e1 un estudio exhaustivo sobre la \u00abmanta candasina\u00bb | Cand\u00e1s 365<\/title>\n\n","aioseo_head_json":{"title":"Carre\u00f1o financiar\u00e1 un estudio exhaustivo sobre la \u00abmanta candasina\u00bb | Cand\u00e1s 365","description":"La alcaldesa de Carre\u00f1o, Amelia Fern\u00e1ndez, hizo un llamado esta semana a todos los habitantes del municipio para que faciliten la donaci\u00f3n de \u201cmantas candasinas\u201d las cuales hayan pertenecido a sus ancestros. Dichas mantas ser\u00e1n utilizadas para realizar un estudio antropol\u00f3gico y analizar su antig\u00fcedad. En este sentido, Fern\u00e1ndez indic\u00f3 que entre los d\u00edas 21","canonical_url":"https:\/\/candas365.es\/noticias\/carreno-financiara-un-estudio-antropologico-sobre-la-manta-candasina\/","robots":"max-image-preview:large","keywords":"noticias carre\u00f1o","webmasterTools":{"google-site-verification":"UA-32230408-1","msvalidate.01":"354F3CDFB2DA171B47FBE9ABF1F88D5","miscellaneous":""},"schema":{"@context":"https:\/\/schema.org","@graph":[{"@type":"BreadcrumbList","@id":"https:\/\/candas365.es\/noticias\/carreno-financiara-un-estudio-antropologico-sobre-la-manta-candasina\/#breadcrumblist","itemListElement":[{"@type":"ListItem","@id":"https:\/\/candas365.es\/noticias#listItem","position":1,"name":"Home","item":"https:\/\/candas365.es\/noticias","nextItem":{"@type":"ListItem","@id":"https:\/\/candas365.es\/noticias\/category\/noticias-carreno\/#listItem","name":"Noticias Carre\u00f1o"}},{"@type":"ListItem","@id":"https:\/\/candas365.es\/noticias\/category\/noticias-carreno\/#listItem","position":2,"name":"Noticias Carre\u00f1o","item":"https:\/\/candas365.es\/noticias\/category\/noticias-carreno\/","nextItem":{"@type":"ListItem","@id":"https:\/\/candas365.es\/noticias\/carreno-financiara-un-estudio-antropologico-sobre-la-manta-candasina\/#listItem","name":"Carre\u00f1o financiar\u00e1 un estudio exhaustivo sobre la \u00abmanta candasina\u00bb"},"previousItem":{"@type":"ListItem","@id":"https:\/\/candas365.es\/noticias#listItem","name":"Home"}},{"@type":"ListItem","@id":"https:\/\/candas365.es\/noticias\/carreno-financiara-un-estudio-antropologico-sobre-la-manta-candasina\/#listItem","position":3,"name":"Carre\u00f1o financiar\u00e1 un estudio exhaustivo sobre la \u00abmanta candasina\u00bb","previousItem":{"@type":"ListItem","@id":"https:\/\/candas365.es\/noticias\/category\/noticias-carreno\/#listItem","name":"Noticias Carre\u00f1o"}}]},{"@type":"NewsArticle","@id":"https:\/\/candas365.es\/noticias\/carreno-financiara-un-estudio-antropologico-sobre-la-manta-candasina\/#newsarticle","name":"Carre\u00f1o financiar\u00e1 un estudio exhaustivo sobre la \u00abmanta candasina\u00bb | Cand\u00e1s 365","headline":"Carre\u00f1o financiar\u00e1 un estudio exhaustivo sobre la \u00abmanta candasina\u00bb","author":{"@id":"https:\/\/candas365.es\/noticias\/author\/admin\/#author"},"publisher":{"@id":"https:\/\/candas365.es\/noticias\/#organization"},"image":{"@type":"ImageObject","url":"https:\/\/candas365.es\/noticias\/wp-content\/uploads\/2018\/09\/Fe-Santove\u00f1a_Alcaldesa-de-Carre\u00f1o_Concejala-de-Cultura.jpg","width":1085,"height":710},"datePublished":"2018-09-02T16:42:01+02:00","dateModified":"2018-09-02T16:44:16+02:00","inLanguage":"es-ES","mainEntityOfPage":{"@id":"https:\/\/candas365.es\/noticias\/carreno-financiara-un-estudio-antropologico-sobre-la-manta-candasina\/#webpage"},"isPartOf":{"@id":"https:\/\/candas365.es\/noticias\/carreno-financiara-un-estudio-antropologico-sobre-la-manta-candasina\/#webpage"},"articleSection":"Noticias Carre\u00f1o","dateline":"Publicado el septiembre 2, 2018."},{"@type":"Organization","@id":"https:\/\/candas365.es\/noticias\/#organization","name":"Cand\u00e1s 365","description":"Cand\u00e1s 365 es un diario digital independiente, fundado en 2012, con base en Asturias. Informamos con rigor sobre actualidad, sociedad, cultura y ocio, con una mirada local y global.","url":"https:\/\/candas365.es\/noticias\/","email":"info@candas365.es","telephone":"+34652131393","foundingDate":"2012-06-10","logo":{"@type":"ImageObject","url":"https:\/\/candas365.es\/noticias\/wp-content\/uploads\/2024\/09\/Candas-365-Redes.jpg","@id":"https:\/\/candas365.es\/noticias\/carreno-financiara-un-estudio-antropologico-sobre-la-manta-candasina\/#organizationLogo","width":1152,"height":864,"caption":"Cand\u00e1s 365 Redes"},"image":{"@id":"https:\/\/candas365.es\/noticias\/carreno-financiara-un-estudio-antropologico-sobre-la-manta-candasina\/#organizationLogo"},"sameAs":["https:\/\/www.facebook.com\/Nachofdezber","https:\/\/x.com\/NabercoDigital","https:\/\/www.instagram.com\/nachofdezber\/","https:\/\/www.youtube.com\/channel\/UCZP-2wLEB9Rv6erhFmqVnvg"],"address":{"@id":"https:\/\/candas365.es\/noticias\/#postaladdress","@type":"PostalAddress","streetAddress":"san antonio 4, san antonio 4","postalCode":"33430","addressLocality":"Cand\u00e1s","addressRegion":"Asturias","addressCountry":"ES"}},{"@type":"Person","@id":"https:\/\/candas365.es\/noticias\/author\/admin\/#author","url":"https:\/\/candas365.es\/noticias\/author\/admin\/","name":"Cand\u00e1s 365","image":{"@type":"ImageObject","@id":"https:\/\/candas365.es\/noticias\/carreno-financiara-un-estudio-antropologico-sobre-la-manta-candasina\/#authorImage","url":"https:\/\/secure.gravatar.com\/avatar\/496a8e03d0c493ede1718b7934145dbdf8d89be1036b0eec9544e1094c9de390?s=96&d=mm&r=g","width":96,"height":96,"caption":"Cand\u00e1s 365"},"sameAs":["https:\/\/www.facebook.com\/carrenoactualidad","https:\/\/twitter.com\/nbasturias","https:\/\/www.instagram.com\/nachofdezber\/","https:\/\/www.youtube.com\/channel\/UCZP-2wLEB9Rv6erhFmqVnvg"]},{"@type":"WebPage","@id":"https:\/\/candas365.es\/noticias\/carreno-financiara-un-estudio-antropologico-sobre-la-manta-candasina\/#webpage","url":"https:\/\/candas365.es\/noticias\/carreno-financiara-un-estudio-antropologico-sobre-la-manta-candasina\/","name":"Carre\u00f1o financiar\u00e1 un estudio exhaustivo sobre la \u00abmanta candasina\u00bb | Cand\u00e1s 365","description":"La alcaldesa de Carre\u00f1o, Amelia Fern\u00e1ndez, hizo un llamado esta semana a todos los habitantes del municipio para que faciliten la donaci\u00f3n de \u201cmantas candasinas\u201d las cuales hayan pertenecido a sus ancestros. Dichas mantas ser\u00e1n utilizadas para realizar un estudio antropol\u00f3gico y analizar su antig\u00fcedad. En este sentido, Fern\u00e1ndez indic\u00f3 que entre los d\u00edas 21","inLanguage":"es-ES","isPartOf":{"@id":"https:\/\/candas365.es\/noticias\/#website"},"breadcrumb":{"@id":"https:\/\/candas365.es\/noticias\/carreno-financiara-un-estudio-antropologico-sobre-la-manta-candasina\/#breadcrumblist"},"author":{"@id":"https:\/\/candas365.es\/noticias\/author\/admin\/#author"},"creator":{"@id":"https:\/\/candas365.es\/noticias\/author\/admin\/#author"},"image":{"@type":"ImageObject","url":"https:\/\/candas365.es\/noticias\/wp-content\/uploads\/2018\/09\/Fe-Santove\u00f1a_Alcaldesa-de-Carre\u00f1o_Concejala-de-Cultura.jpg","@id":"https:\/\/candas365.es\/noticias\/carreno-financiara-un-estudio-antropologico-sobre-la-manta-candasina\/#mainImage","width":1085,"height":710},"primaryImageOfPage":{"@id":"https:\/\/candas365.es\/noticias\/carreno-financiara-un-estudio-antropologico-sobre-la-manta-candasina\/#mainImage"},"datePublished":"2018-09-02T16:42:01+02:00","dateModified":"2018-09-02T16:44:16+02:00"},{"@type":"WebSite","@id":"https:\/\/candas365.es\/noticias\/#website","url":"https:\/\/candas365.es\/noticias\/","name":"Cand\u00e1s 365","alternateName":"Cand\u00e1s 365 Noticias","description":"Actualidad desde Carre\u00f1o para el mundo","inLanguage":"es-ES","publisher":{"@id":"https:\/\/candas365.es\/noticias\/#organization"}}]},"og:locale":"es_ES","og:site_name":"Cand\u00e1s 365","og:type":"article","og:title":"Carre\u00f1o financiar\u00e1 un estudio exhaustivo sobre la \u00abmanta candasina\u00bb | Cand\u00e1s 365","og:description":"La alcaldesa de Carre\u00f1o, Amelia Fern\u00e1ndez, hizo un llamado esta semana a todos los habitantes del municipio para que faciliten la donaci\u00f3n de \u201cmantas candasinas\u201d las cuales hayan pertenecido a sus ancestros. Dichas mantas ser\u00e1n utilizadas para realizar un estudio antropol\u00f3gico y analizar su antig\u00fcedad. En este sentido, Fern\u00e1ndez indic\u00f3 que entre los d\u00edas 21","og:url":"https:\/\/candas365.es\/noticias\/carreno-financiara-un-estudio-antropologico-sobre-la-manta-candasina\/","og:image":"https:\/\/candas365.es\/noticias\/wp-content\/uploads\/2018\/09\/Fe-Santove\u00f1a_Alcaldesa-de-Carre\u00f1o_Concejala-de-Cultura.jpg","og:image:secure_url":"https:\/\/candas365.es\/noticias\/wp-content\/uploads\/2018\/09\/Fe-Santove\u00f1a_Alcaldesa-de-Carre\u00f1o_Concejala-de-Cultura.jpg","og:image:width":1085,"og:image:height":710,"article:published_time":"2018-09-02T16:42:01+00:00","article:modified_time":"2018-09-02T16:44:16+00:00","article:publisher":"https:\/\/www.facebook.com\/Nachofdezber","article:author":"https:\/\/www.facebook.com\/carrenoactualidad","twitter:card":"summary_large_image","twitter:site":"@NabercoDigital","twitter:title":"Carre\u00f1o financiar\u00e1 un estudio exhaustivo sobre la \u00abmanta candasina\u00bb | Cand\u00e1s 365","twitter:description":"La alcaldesa de Carre\u00f1o, Amelia Fern\u00e1ndez, hizo un llamado esta semana a todos los habitantes del municipio para que faciliten la donaci\u00f3n de \u201cmantas candasinas\u201d las cuales hayan pertenecido a sus ancestros. Dichas mantas ser\u00e1n utilizadas para realizar un estudio antropol\u00f3gico y analizar su antig\u00fcedad. En este sentido, Fern\u00e1ndez indic\u00f3 que entre los d\u00edas 21","twitter:creator":"@nbasturias","twitter:image":"https:\/\/candas365.es\/noticias\/wp-content\/uploads\/2018\/09\/Fe-Santove\u00f1a_Alcaldesa-de-Carre\u00f1o_Concejala-de-Cultura.jpg","twitter:label1":"Escrito por","twitter:data1":"Cand\u00e1s 365","twitter:label2":"Tiempo de lectura estimado","twitter:data2":"2 minutos"},"aioseo_meta_data":{"post_id":"104312","title":null,"description":null,"keywords":null,"keyphrases":null,"primary_term":null,"canonical_url":null,"og_title":null,"og_description":null,"og_object_type":"default","og_image_type":"default","og_image_url":null,"og_image_width":null,"og_image_height":null,"og_image_custom_url":null,"og_image_custom_fields":null,"og_video":null,"og_custom_url":null,"og_article_section":null,"og_article_tags":null,"twitter_use_og":false,"twitter_card":"default","twitter_image_type":"default","twitter_image_url":null,"twitter_image_custom_url":null,"twitter_image_custom_fields":null,"twitter_title":null,"twitter_description":null,"schema":{"blockGraphs":[],"customGraphs":[],"default":{"data":{"Article":[],"Course":[],"Dataset":[],"FAQPage":[],"Movie":[],"Person":[],"Product":[],"ProductReview":[],"Car":[],"Recipe":[],"Service":[],"SoftwareApplication":[],"WebPage":[]},"graphName":"","isEnabled":true},"graphs":[]},"schema_type":null,"schema_type_options":null,"pillar_content":false,"robots_default":true,"robots_noindex":false,"robots_noarchive":false,"robots_nosnippet":false,"robots_nofollow":false,"robots_noimageindex":false,"robots_noodp":false,"robots_notranslate":false,"robots_max_snippet":null,"robots_max_videopreview":null,"robots_max_imagepreview":"large","priority":null,"frequency":null,"location":null,"local_seo":null,"seo_analyzer_scan_date":"2025-08-27 19:13:11","breadcrumb_settings":null,"limit_modified_date":false,"reviewed_by":null,"open_ai":null,"ai":null,"created":"2020-12-21 11:45:58","updated":"2025-08-27 19:13:11"},"aioseo_breadcrumb":"<div class=\"aioseo-breadcrumbs\"><span class=\"aioseo-breadcrumb\">\n\t<a href=\"https:\/\/candas365.es\/noticias\" title=\"Home\">Home<\/a>\n<\/span><span class=\"aioseo-breadcrumb-separator\">&ndash;<\/span><span class=\"aioseo-breadcrumb\">\n\t<a href=\"https:\/\/candas365.es\/noticias\/category\/noticias-carreno\/\" title=\"Noticias Carre\u00f1o\">Noticias Carre\u00f1o<\/a>\n<\/span><span class=\"aioseo-breadcrumb-separator\">&ndash;<\/span><span class=\"aioseo-breadcrumb\">\n\tCarre\u00f1o financiar\u00e1 un estudio exhaustivo sobre la \u00abmanta candasina\u00bb\n<\/span><\/div>","aioseo_breadcrumb_json":[{"label":"Home","link":"https:\/\/candas365.es\/noticias"},{"label":"Noticias Carre\u00f1o","link":"https:\/\/candas365.es\/noticias\/category\/noticias-carreno\/"},{"label":"Carre\u00f1o financiar\u00e1 un estudio exhaustivo sobre la \u00abmanta candasina\u00bb","link":"https:\/\/candas365.es\/noticias\/carreno-financiara-un-estudio-antropologico-sobre-la-manta-candasina\/"}],"_links":{"self":[{"href":"https:\/\/candas365.es\/noticias\/wp-json\/wp\/v2\/posts\/104312","targetHints":{"allow":["GET"]}}],"collection":[{"href":"https:\/\/candas365.es\/noticias\/wp-json\/wp\/v2\/posts"}],"about":[{"href":"https:\/\/candas365.es\/noticias\/wp-json\/wp\/v2\/types\/post"}],"author":[{"embeddable":true,"href":"https:\/\/candas365.es\/noticias\/wp-json\/wp\/v2\/users\/1"}],"replies":[{"embeddable":true,"href":"https:\/\/candas365.es\/noticias\/wp-json\/wp\/v2\/comments?post=104312"}],"version-history":[{"count":0,"href":"https:\/\/candas365.es\/noticias\/wp-json\/wp\/v2\/posts\/104312\/revisions"}],"wp:featuredmedia":[{"embeddable":true,"href":"https:\/\/candas365.es\/noticias\/wp-json\/wp\/v2\/media\/104315"}],"wp:attachment":[{"href":"https:\/\/candas365.es\/noticias\/wp-json\/wp\/v2\/media?parent=104312"}],"wp:term":[{"taxonomy":"category","embeddable":true,"href":"https:\/\/candas365.es\/noticias\/wp-json\/wp\/v2\/categories?post=104312"},{"taxonomy":"post_tag","embeddable":true,"href":"https:\/\/candas365.es\/noticias\/wp-json\/wp\/v2\/tags?post=104312"}],"curies":[{"name":"wp","href":"https:\/\/api.w.org\/{rel}","templated":true}]}}