{"id":104282,"date":"2018-09-02T15:16:52","date_gmt":"2018-09-02T15:16:52","guid":{"rendered":"http:\/\/candas365.es\/noticias\/?p=104282"},"modified":"2018-09-02T15:16:52","modified_gmt":"2018-09-02T15:16:52","slug":"la-sidra-casera-de-carreno-triunfa-en-pilona","status":"publish","type":"post","link":"https:\/\/candas365.es\/noticias\/la-sidra-casera-de-carreno-triunfa-en-pilona\/","title":{"rendered":"La sidra casera de Carre\u00f1o triunfa en Pilo\u00f1a"},"content":{"rendered":"<p><img fetchpriority=\"high\" decoding=\"async\" class=\"alignleft size-medium wp-image-104283\" src=\"https:\/\/candas365.es\/noticias\/wp-content\/uploads\/2018\/09\/sidra-concejo-360x216.jpg\" alt=\"\" width=\"360\" height=\"216\" srcset=\"https:\/\/candas365.es\/noticias\/wp-content\/uploads\/2018\/09\/sidra-concejo-360x216.jpg 360w, https:\/\/candas365.es\/noticias\/wp-content\/uploads\/2018\/09\/sidra-concejo-768x461.jpg 768w, https:\/\/candas365.es\/noticias\/wp-content\/uploads\/2018\/09\/sidra-concejo-655x393.jpg 655w, https:\/\/candas365.es\/noticias\/wp-content\/uploads\/2018\/09\/sidra-concejo-696x418.jpg 696w, https:\/\/candas365.es\/noticias\/wp-content\/uploads\/2018\/09\/sidra-concejo-1068x642.jpg 1068w, https:\/\/candas365.es\/noticias\/wp-content\/uploads\/2018\/09\/sidra-concejo-699x420.jpg 699w, https:\/\/candas365.es\/noticias\/wp-content\/uploads\/2018\/09\/sidra-concejo.jpg 1072w\" sizes=\"(max-width: 360px) 100vw, 360px\" \/>La asociaci\u00f3n de sidra casera de Carre\u00f1o, que preside F\u00e9lix Mu\u00f1oz, acompa\u00f1ado de la Banda de Gaites Cand\u00e1s, particip\u00f3 este domingo, como invitados, en la degustaci\u00f3n de sidra casera impulsada por la asociaci\u00f3n de sidra casera de Pilo\u00f1a, que preside Luis Sariego.<\/p>\n<p>Los productores de sidra de Carre\u00f1o que siguen se desplazaron al oriente de Asturias:<\/p>\n<ul>\n<li>Dositeo Garc\u00eda, de casa Dositeo (Perlora).<\/li>\n<li>Toya Gonz\u00e1lez y V\u00edctor Garc\u00eda, de casa Jos\u00e9 Luis el del Monte (Perlora).<\/li>\n<li>Rosana Mu\u00f1oz y Paloma Garc\u00eda de casa la Vega (Perlora).<\/li>\n<li>Pedro Mu\u00f1iz de casa\u00b4l Prao (Perlora).<\/li>\n<li>Silverio Junquera, casa Pichi Manin (Priendes).<\/li>\n<li>Jos\u00e9 Antonio y David Mor\u00e1n de casa Mor\u00e1n (Priendes).<\/li>\n<li>Manuel Su\u00e1rez, de villar d\u00b4abajo (Tam\u00f3n).<\/li>\n<li>Rub\u00e9n Gonz\u00e1lez, casa Pep\u00edn de Trasona (Carri\u00f3)<\/li>\n<\/ul>\n<p>As\u00ed mismo, en representaci\u00f3n del Ayuntamiento acudi\u00f3 la alcaldesa y los ediles de cultura y medio rural.<\/p>\n<p>La cita sidrera se desarroll\u00f3 en el recinto de la plaza del Ganado. Los visitantes al evento degustaron las diferentes sidras carre\u00f1enses y ensalzaron la exquisitez y calidad de las mismas.<\/p>\n","protected":false},"excerpt":{"rendered":"<p>La asociaci\u00f3n de sidra casera de Carre\u00f1o, que preside F\u00e9lix Mu\u00f1oz, acompa\u00f1ado de la Banda de Gaites Cand\u00e1s, particip\u00f3 este domingo, como invitados, en la degustaci\u00f3n de sidra casera impulsada por la asociaci\u00f3n de sidra casera de Pilo\u00f1a, que preside Luis Sariego. Los productores de sidra de Carre\u00f1o que siguen se desplazaron al oriente de<\/p>\n","protected":false},"author":1,"featured_media":104283,"comment_status":"closed","ping_status":"closed","sticky":false,"template":"","format":"standard","meta":{"footnotes":""},"categories":[2],"tags":[],"class_list":{"0":"post-104282","1":"post","2":"type-post","3":"status-publish","4":"format-standard","5":"has-post-thumbnail","7":"category-noticias-carreno"},"aioseo_notices":[],"aioseo_head":"\n\t\t<!-- All in One SEO Pro 4.9.6.2 - aioseo.com -->\n\t<meta name=\"description\" content=\"La asociaci\u00f3n de sidra casera de Carre\u00f1o, que preside F\u00e9lix Mu\u00f1oz, acompa\u00f1ado de la Banda de Gaites Cand\u00e1s, particip\u00f3 este domingo, como invitados, en la degustaci\u00f3n de sidra casera impulsada por la asociaci\u00f3n de sidra casera de Pilo\u00f1a, que preside Luis Sariego. Los productores de sidra de Carre\u00f1o que siguen se desplazaron al oriente de\" \/>\n\t<meta name=\"robots\" content=\"max-image-preview:large\" \/>\n\t<meta name=\"author\" content=\"Cand\u00e1s 365\"\/>\n\t<meta name=\"google-site-verification\" content=\"UA-32230408-1\" \/>\n\t<meta name=\"msvalidate.01\" content=\"354F3CDFB2DA171B47FBE9ABF1F88D5\" \/>\n\t<meta name=\"keywords\" content=\"noticias carre\u00f1o\" \/>\n\t<link rel=\"canonical\" href=\"https:\/\/candas365.es\/noticias\/la-sidra-casera-de-carreno-triunfa-en-pilona\/\" \/>\n\t<meta name=\"generator\" content=\"All in One SEO Pro (AIOSEO) 4.9.6.2\" \/>\n\t\t<meta property=\"og:locale\" content=\"es_ES\" \/>\n\t\t<meta property=\"og:site_name\" content=\"Cand\u00e1s 365\" \/>\n\t\t<meta property=\"og:type\" content=\"article\" \/>\n\t\t<meta property=\"og:title\" content=\"La sidra casera de Carre\u00f1o triunfa en Pilo\u00f1a | Cand\u00e1s 365\" \/>\n\t\t<meta property=\"og:description\" content=\"La asociaci\u00f3n de sidra casera de Carre\u00f1o, que preside F\u00e9lix Mu\u00f1oz, acompa\u00f1ado de la Banda de Gaites Cand\u00e1s, particip\u00f3 este domingo, como invitados, en la degustaci\u00f3n de sidra casera impulsada por la asociaci\u00f3n de sidra casera de Pilo\u00f1a, que preside Luis Sariego. Los productores de sidra de Carre\u00f1o que siguen se desplazaron al oriente de\" \/>\n\t\t<meta property=\"og:url\" content=\"https:\/\/candas365.es\/noticias\/la-sidra-casera-de-carreno-triunfa-en-pilona\/\" \/>\n\t\t<meta property=\"og:image\" content=\"https:\/\/candas365.es\/noticias\/wp-content\/uploads\/2018\/09\/sidra-concejo.jpg\" \/>\n\t\t<meta property=\"og:image:secure_url\" content=\"https:\/\/candas365.es\/noticias\/wp-content\/uploads\/2018\/09\/sidra-concejo.jpg\" \/>\n\t\t<meta property=\"og:image:width\" content=\"1072\" \/>\n\t\t<meta property=\"og:image:height\" content=\"644\" \/>\n\t\t<meta property=\"article:published_time\" content=\"2018-09-02T15:16:52+00:00\" \/>\n\t\t<meta property=\"article:modified_time\" content=\"2018-09-02T15:16:52+00:00\" \/>\n\t\t<meta property=\"article:publisher\" content=\"https:\/\/www.facebook.com\/Nachofdezber\" \/>\n\t\t<meta property=\"article:author\" content=\"https:\/\/www.facebook.com\/carrenoactualidad\" \/>\n\t\t<meta name=\"twitter:card\" content=\"summary_large_image\" \/>\n\t\t<meta name=\"twitter:site\" content=\"@NabercoDigital\" \/>\n\t\t<meta name=\"twitter:title\" content=\"La sidra casera de Carre\u00f1o triunfa en Pilo\u00f1a | Cand\u00e1s 365\" \/>\n\t\t<meta name=\"twitter:description\" content=\"La asociaci\u00f3n de sidra casera de Carre\u00f1o, que preside F\u00e9lix Mu\u00f1oz, acompa\u00f1ado de la Banda de Gaites Cand\u00e1s, particip\u00f3 este domingo, como invitados, en la degustaci\u00f3n de sidra casera impulsada por la asociaci\u00f3n de sidra casera de Pilo\u00f1a, que preside Luis Sariego. Los productores de sidra de Carre\u00f1o que siguen se desplazaron al oriente de\" \/>\n\t\t<meta name=\"twitter:creator\" content=\"@nbasturias\" \/>\n\t\t<meta name=\"twitter:image\" content=\"https:\/\/candas365.es\/noticias\/wp-content\/uploads\/2018\/09\/sidra-concejo.jpg\" \/>\n\t\t<meta name=\"twitter:label1\" content=\"Escrito por\" \/>\n\t\t<meta name=\"twitter:data1\" content=\"Cand\u00e1s 365\" \/>\n\t\t<meta name=\"twitter:label2\" content=\"Tiempo de lectura estimado\" \/>\n\t\t<meta name=\"twitter:data2\" content=\"1 minuto\" \/>\n\t\t<script type=\"application\/ld+json\" class=\"aioseo-schema\">\n\t\t\t{\"@context\":\"https:\\\/\\\/schema.org\",\"@graph\":[{\"@type\":\"BreadcrumbList\",\"@id\":\"https:\\\/\\\/candas365.es\\\/noticias\\\/la-sidra-casera-de-carreno-triunfa-en-pilona\\\/#breadcrumblist\",\"itemListElement\":[{\"@type\":\"ListItem\",\"@id\":\"https:\\\/\\\/candas365.es\\\/noticias#listItem\",\"position\":1,\"name\":\"Home\",\"item\":\"https:\\\/\\\/candas365.es\\\/noticias\",\"nextItem\":{\"@type\":\"ListItem\",\"@id\":\"https:\\\/\\\/candas365.es\\\/noticias\\\/category\\\/noticias-carreno\\\/#listItem\",\"name\":\"Noticias Carre\\u00f1o\"}},{\"@type\":\"ListItem\",\"@id\":\"https:\\\/\\\/candas365.es\\\/noticias\\\/category\\\/noticias-carreno\\\/#listItem\",\"position\":2,\"name\":\"Noticias Carre\\u00f1o\",\"item\":\"https:\\\/\\\/candas365.es\\\/noticias\\\/category\\\/noticias-carreno\\\/\",\"nextItem\":{\"@type\":\"ListItem\",\"@id\":\"https:\\\/\\\/candas365.es\\\/noticias\\\/la-sidra-casera-de-carreno-triunfa-en-pilona\\\/#listItem\",\"name\":\"La sidra casera de Carre\\u00f1o triunfa en Pilo\\u00f1a\"},\"previousItem\":{\"@type\":\"ListItem\",\"@id\":\"https:\\\/\\\/candas365.es\\\/noticias#listItem\",\"name\":\"Home\"}},{\"@type\":\"ListItem\",\"@id\":\"https:\\\/\\\/candas365.es\\\/noticias\\\/la-sidra-casera-de-carreno-triunfa-en-pilona\\\/#listItem\",\"position\":3,\"name\":\"La sidra casera de Carre\\u00f1o triunfa en Pilo\\u00f1a\",\"previousItem\":{\"@type\":\"ListItem\",\"@id\":\"https:\\\/\\\/candas365.es\\\/noticias\\\/category\\\/noticias-carreno\\\/#listItem\",\"name\":\"Noticias Carre\\u00f1o\"}}]},{\"@type\":\"NewsArticle\",\"@id\":\"https:\\\/\\\/candas365.es\\\/noticias\\\/la-sidra-casera-de-carreno-triunfa-en-pilona\\\/#newsarticle\",\"name\":\"La sidra casera de Carre\\u00f1o triunfa en Pilo\\u00f1a | Cand\\u00e1s 365\",\"headline\":\"La sidra casera de Carre\\u00f1o triunfa en Pilo\\u00f1a\",\"author\":{\"@id\":\"https:\\\/\\\/candas365.es\\\/noticias\\\/author\\\/admin\\\/#author\"},\"publisher\":{\"@id\":\"https:\\\/\\\/candas365.es\\\/noticias\\\/#organization\"},\"image\":{\"@type\":\"ImageObject\",\"url\":\"https:\\\/\\\/candas365.es\\\/noticias\\\/wp-content\\\/uploads\\\/2018\\\/09\\\/sidra-concejo.jpg\",\"width\":1072,\"height\":644},\"datePublished\":\"2018-09-02T15:16:52+02:00\",\"dateModified\":\"2018-09-02T15:16:52+02:00\",\"inLanguage\":\"es-ES\",\"mainEntityOfPage\":{\"@id\":\"https:\\\/\\\/candas365.es\\\/noticias\\\/la-sidra-casera-de-carreno-triunfa-en-pilona\\\/#webpage\"},\"isPartOf\":{\"@id\":\"https:\\\/\\\/candas365.es\\\/noticias\\\/la-sidra-casera-de-carreno-triunfa-en-pilona\\\/#webpage\"},\"articleSection\":\"Noticias Carre\\u00f1o\",\"dateline\":\"Publicado el septiembre 2, 2018.\"},{\"@type\":\"Organization\",\"@id\":\"https:\\\/\\\/candas365.es\\\/noticias\\\/#organization\",\"name\":\"Cand\\u00e1s 365\",\"description\":\"Cand\\u00e1s 365 es un diario digital independiente, fundado en 2012, con base en Asturias. Informamos con rigor sobre actualidad, sociedad, cultura y ocio, con una mirada local y global.\",\"url\":\"https:\\\/\\\/candas365.es\\\/noticias\\\/\",\"email\":\"info@candas365.es\",\"telephone\":\"+34652131393\",\"foundingDate\":\"2012-06-10\",\"logo\":{\"@type\":\"ImageObject\",\"url\":\"https:\\\/\\\/candas365.es\\\/noticias\\\/wp-content\\\/uploads\\\/2024\\\/09\\\/Candas-365-Redes.jpg\",\"@id\":\"https:\\\/\\\/candas365.es\\\/noticias\\\/la-sidra-casera-de-carreno-triunfa-en-pilona\\\/#organizationLogo\",\"width\":1152,\"height\":864,\"caption\":\"Cand\\u00e1s 365 Redes\"},\"image\":{\"@id\":\"https:\\\/\\\/candas365.es\\\/noticias\\\/la-sidra-casera-de-carreno-triunfa-en-pilona\\\/#organizationLogo\"},\"sameAs\":[\"https:\\\/\\\/www.facebook.com\\\/Nachofdezber\",\"https:\\\/\\\/x.com\\\/NabercoDigital\",\"https:\\\/\\\/www.instagram.com\\\/nachofdezber\\\/\",\"https:\\\/\\\/www.youtube.com\\\/channel\\\/UCZP-2wLEB9Rv6erhFmqVnvg\"],\"address\":{\"@id\":\"https:\\\/\\\/candas365.es\\\/noticias\\\/#postaladdress\",\"@type\":\"PostalAddress\",\"streetAddress\":\"san antonio 4, san antonio 4\",\"postalCode\":\"33430\",\"addressLocality\":\"Cand\\u00e1s\",\"addressRegion\":\"Asturias\",\"addressCountry\":\"ES\"}},{\"@type\":\"Person\",\"@id\":\"https:\\\/\\\/candas365.es\\\/noticias\\\/author\\\/admin\\\/#author\",\"url\":\"https:\\\/\\\/candas365.es\\\/noticias\\\/author\\\/admin\\\/\",\"name\":\"Cand\\u00e1s 365\",\"image\":{\"@type\":\"ImageObject\",\"@id\":\"https:\\\/\\\/candas365.es\\\/noticias\\\/la-sidra-casera-de-carreno-triunfa-en-pilona\\\/#authorImage\",\"url\":\"https:\\\/\\\/secure.gravatar.com\\\/avatar\\\/496a8e03d0c493ede1718b7934145dbdf8d89be1036b0eec9544e1094c9de390?s=96&d=mm&r=g\",\"width\":96,\"height\":96,\"caption\":\"Cand\\u00e1s 365\"},\"sameAs\":[\"https:\\\/\\\/www.facebook.com\\\/carrenoactualidad\",\"https:\\\/\\\/twitter.com\\\/nbasturias\",\"https:\\\/\\\/www.instagram.com\\\/nachofdezber\\\/\",\"https:\\\/\\\/www.youtube.com\\\/channel\\\/UCZP-2wLEB9Rv6erhFmqVnvg\"]},{\"@type\":\"WebPage\",\"@id\":\"https:\\\/\\\/candas365.es\\\/noticias\\\/la-sidra-casera-de-carreno-triunfa-en-pilona\\\/#webpage\",\"url\":\"https:\\\/\\\/candas365.es\\\/noticias\\\/la-sidra-casera-de-carreno-triunfa-en-pilona\\\/\",\"name\":\"La sidra casera de Carre\\u00f1o triunfa en Pilo\\u00f1a | Cand\\u00e1s 365\",\"description\":\"La asociaci\\u00f3n de sidra casera de Carre\\u00f1o, que preside F\\u00e9lix Mu\\u00f1oz, acompa\\u00f1ado de la Banda de Gaites Cand\\u00e1s, particip\\u00f3 este domingo, como invitados, en la degustaci\\u00f3n de sidra casera impulsada por la asociaci\\u00f3n de sidra casera de Pilo\\u00f1a, que preside Luis Sariego. Los productores de sidra de Carre\\u00f1o que siguen se desplazaron al oriente de\",\"inLanguage\":\"es-ES\",\"isPartOf\":{\"@id\":\"https:\\\/\\\/candas365.es\\\/noticias\\\/#website\"},\"breadcrumb\":{\"@id\":\"https:\\\/\\\/candas365.es\\\/noticias\\\/la-sidra-casera-de-carreno-triunfa-en-pilona\\\/#breadcrumblist\"},\"author\":{\"@id\":\"https:\\\/\\\/candas365.es\\\/noticias\\\/author\\\/admin\\\/#author\"},\"creator\":{\"@id\":\"https:\\\/\\\/candas365.es\\\/noticias\\\/author\\\/admin\\\/#author\"},\"image\":{\"@type\":\"ImageObject\",\"url\":\"https:\\\/\\\/candas365.es\\\/noticias\\\/wp-content\\\/uploads\\\/2018\\\/09\\\/sidra-concejo.jpg\",\"@id\":\"https:\\\/\\\/candas365.es\\\/noticias\\\/la-sidra-casera-de-carreno-triunfa-en-pilona\\\/#mainImage\",\"width\":1072,\"height\":644},\"primaryImageOfPage\":{\"@id\":\"https:\\\/\\\/candas365.es\\\/noticias\\\/la-sidra-casera-de-carreno-triunfa-en-pilona\\\/#mainImage\"},\"datePublished\":\"2018-09-02T15:16:52+02:00\",\"dateModified\":\"2018-09-02T15:16:52+02:00\"},{\"@type\":\"WebSite\",\"@id\":\"https:\\\/\\\/candas365.es\\\/noticias\\\/#website\",\"url\":\"https:\\\/\\\/candas365.es\\\/noticias\\\/\",\"name\":\"Cand\\u00e1s 365\",\"alternateName\":\"Cand\\u00e1s 365 Noticias\",\"description\":\"Actualidad desde Carre\\u00f1o para el mundo\",\"inLanguage\":\"es-ES\",\"publisher\":{\"@id\":\"https:\\\/\\\/candas365.es\\\/noticias\\\/#organization\"}}]}\n\t\t<\/script>\n\t\t<!-- All in One SEO Pro -->\r\n\t\t<title>La sidra casera de Carre\u00f1o triunfa en Pilo\u00f1a | Cand\u00e1s 365<\/title>\n\n","aioseo_head_json":{"title":"La sidra casera de Carre\u00f1o triunfa en Pilo\u00f1a | Cand\u00e1s 365","description":"La asociaci\u00f3n de sidra casera de Carre\u00f1o, que preside F\u00e9lix Mu\u00f1oz, acompa\u00f1ado de la Banda de Gaites Cand\u00e1s, particip\u00f3 este domingo, como invitados, en la degustaci\u00f3n de sidra casera impulsada por la asociaci\u00f3n de sidra casera de Pilo\u00f1a, que preside Luis Sariego. Los productores de sidra de Carre\u00f1o que siguen se desplazaron al oriente de","canonical_url":"https:\/\/candas365.es\/noticias\/la-sidra-casera-de-carreno-triunfa-en-pilona\/","robots":"max-image-preview:large","keywords":"noticias carre\u00f1o","webmasterTools":{"google-site-verification":"UA-32230408-1","msvalidate.01":"354F3CDFB2DA171B47FBE9ABF1F88D5","miscellaneous":""},"schema":{"@context":"https:\/\/schema.org","@graph":[{"@type":"BreadcrumbList","@id":"https:\/\/candas365.es\/noticias\/la-sidra-casera-de-carreno-triunfa-en-pilona\/#breadcrumblist","itemListElement":[{"@type":"ListItem","@id":"https:\/\/candas365.es\/noticias#listItem","position":1,"name":"Home","item":"https:\/\/candas365.es\/noticias","nextItem":{"@type":"ListItem","@id":"https:\/\/candas365.es\/noticias\/category\/noticias-carreno\/#listItem","name":"Noticias Carre\u00f1o"}},{"@type":"ListItem","@id":"https:\/\/candas365.es\/noticias\/category\/noticias-carreno\/#listItem","position":2,"name":"Noticias Carre\u00f1o","item":"https:\/\/candas365.es\/noticias\/category\/noticias-carreno\/","nextItem":{"@type":"ListItem","@id":"https:\/\/candas365.es\/noticias\/la-sidra-casera-de-carreno-triunfa-en-pilona\/#listItem","name":"La sidra casera de Carre\u00f1o triunfa en Pilo\u00f1a"},"previousItem":{"@type":"ListItem","@id":"https:\/\/candas365.es\/noticias#listItem","name":"Home"}},{"@type":"ListItem","@id":"https:\/\/candas365.es\/noticias\/la-sidra-casera-de-carreno-triunfa-en-pilona\/#listItem","position":3,"name":"La sidra casera de Carre\u00f1o triunfa en Pilo\u00f1a","previousItem":{"@type":"ListItem","@id":"https:\/\/candas365.es\/noticias\/category\/noticias-carreno\/#listItem","name":"Noticias Carre\u00f1o"}}]},{"@type":"NewsArticle","@id":"https:\/\/candas365.es\/noticias\/la-sidra-casera-de-carreno-triunfa-en-pilona\/#newsarticle","name":"La sidra casera de Carre\u00f1o triunfa en Pilo\u00f1a | Cand\u00e1s 365","headline":"La sidra casera de Carre\u00f1o triunfa en Pilo\u00f1a","author":{"@id":"https:\/\/candas365.es\/noticias\/author\/admin\/#author"},"publisher":{"@id":"https:\/\/candas365.es\/noticias\/#organization"},"image":{"@type":"ImageObject","url":"https:\/\/candas365.es\/noticias\/wp-content\/uploads\/2018\/09\/sidra-concejo.jpg","width":1072,"height":644},"datePublished":"2018-09-02T15:16:52+02:00","dateModified":"2018-09-02T15:16:52+02:00","inLanguage":"es-ES","mainEntityOfPage":{"@id":"https:\/\/candas365.es\/noticias\/la-sidra-casera-de-carreno-triunfa-en-pilona\/#webpage"},"isPartOf":{"@id":"https:\/\/candas365.es\/noticias\/la-sidra-casera-de-carreno-triunfa-en-pilona\/#webpage"},"articleSection":"Noticias Carre\u00f1o","dateline":"Publicado el septiembre 2, 2018."},{"@type":"Organization","@id":"https:\/\/candas365.es\/noticias\/#organization","name":"Cand\u00e1s 365","description":"Cand\u00e1s 365 es un diario digital independiente, fundado en 2012, con base en Asturias. Informamos con rigor sobre actualidad, sociedad, cultura y ocio, con una mirada local y global.","url":"https:\/\/candas365.es\/noticias\/","email":"info@candas365.es","telephone":"+34652131393","foundingDate":"2012-06-10","logo":{"@type":"ImageObject","url":"https:\/\/candas365.es\/noticias\/wp-content\/uploads\/2024\/09\/Candas-365-Redes.jpg","@id":"https:\/\/candas365.es\/noticias\/la-sidra-casera-de-carreno-triunfa-en-pilona\/#organizationLogo","width":1152,"height":864,"caption":"Cand\u00e1s 365 Redes"},"image":{"@id":"https:\/\/candas365.es\/noticias\/la-sidra-casera-de-carreno-triunfa-en-pilona\/#organizationLogo"},"sameAs":["https:\/\/www.facebook.com\/Nachofdezber","https:\/\/x.com\/NabercoDigital","https:\/\/www.instagram.com\/nachofdezber\/","https:\/\/www.youtube.com\/channel\/UCZP-2wLEB9Rv6erhFmqVnvg"],"address":{"@id":"https:\/\/candas365.es\/noticias\/#postaladdress","@type":"PostalAddress","streetAddress":"san antonio 4, san antonio 4","postalCode":"33430","addressLocality":"Cand\u00e1s","addressRegion":"Asturias","addressCountry":"ES"}},{"@type":"Person","@id":"https:\/\/candas365.es\/noticias\/author\/admin\/#author","url":"https:\/\/candas365.es\/noticias\/author\/admin\/","name":"Cand\u00e1s 365","image":{"@type":"ImageObject","@id":"https:\/\/candas365.es\/noticias\/la-sidra-casera-de-carreno-triunfa-en-pilona\/#authorImage","url":"https:\/\/secure.gravatar.com\/avatar\/496a8e03d0c493ede1718b7934145dbdf8d89be1036b0eec9544e1094c9de390?s=96&d=mm&r=g","width":96,"height":96,"caption":"Cand\u00e1s 365"},"sameAs":["https:\/\/www.facebook.com\/carrenoactualidad","https:\/\/twitter.com\/nbasturias","https:\/\/www.instagram.com\/nachofdezber\/","https:\/\/www.youtube.com\/channel\/UCZP-2wLEB9Rv6erhFmqVnvg"]},{"@type":"WebPage","@id":"https:\/\/candas365.es\/noticias\/la-sidra-casera-de-carreno-triunfa-en-pilona\/#webpage","url":"https:\/\/candas365.es\/noticias\/la-sidra-casera-de-carreno-triunfa-en-pilona\/","name":"La sidra casera de Carre\u00f1o triunfa en Pilo\u00f1a | Cand\u00e1s 365","description":"La asociaci\u00f3n de sidra casera de Carre\u00f1o, que preside F\u00e9lix Mu\u00f1oz, acompa\u00f1ado de la Banda de Gaites Cand\u00e1s, particip\u00f3 este domingo, como invitados, en la degustaci\u00f3n de sidra casera impulsada por la asociaci\u00f3n de sidra casera de Pilo\u00f1a, que preside Luis Sariego. Los productores de sidra de Carre\u00f1o que siguen se desplazaron al oriente de","inLanguage":"es-ES","isPartOf":{"@id":"https:\/\/candas365.es\/noticias\/#website"},"breadcrumb":{"@id":"https:\/\/candas365.es\/noticias\/la-sidra-casera-de-carreno-triunfa-en-pilona\/#breadcrumblist"},"author":{"@id":"https:\/\/candas365.es\/noticias\/author\/admin\/#author"},"creator":{"@id":"https:\/\/candas365.es\/noticias\/author\/admin\/#author"},"image":{"@type":"ImageObject","url":"https:\/\/candas365.es\/noticias\/wp-content\/uploads\/2018\/09\/sidra-concejo.jpg","@id":"https:\/\/candas365.es\/noticias\/la-sidra-casera-de-carreno-triunfa-en-pilona\/#mainImage","width":1072,"height":644},"primaryImageOfPage":{"@id":"https:\/\/candas365.es\/noticias\/la-sidra-casera-de-carreno-triunfa-en-pilona\/#mainImage"},"datePublished":"2018-09-02T15:16:52+02:00","dateModified":"2018-09-02T15:16:52+02:00"},{"@type":"WebSite","@id":"https:\/\/candas365.es\/noticias\/#website","url":"https:\/\/candas365.es\/noticias\/","name":"Cand\u00e1s 365","alternateName":"Cand\u00e1s 365 Noticias","description":"Actualidad desde Carre\u00f1o para el mundo","inLanguage":"es-ES","publisher":{"@id":"https:\/\/candas365.es\/noticias\/#organization"}}]},"og:locale":"es_ES","og:site_name":"Cand\u00e1s 365","og:type":"article","og:title":"La sidra casera de Carre\u00f1o triunfa en Pilo\u00f1a | Cand\u00e1s 365","og:description":"La asociaci\u00f3n de sidra casera de Carre\u00f1o, que preside F\u00e9lix Mu\u00f1oz, acompa\u00f1ado de la Banda de Gaites Cand\u00e1s, particip\u00f3 este domingo, como invitados, en la degustaci\u00f3n de sidra casera impulsada por la asociaci\u00f3n de sidra casera de Pilo\u00f1a, que preside Luis Sariego. Los productores de sidra de Carre\u00f1o que siguen se desplazaron al oriente de","og:url":"https:\/\/candas365.es\/noticias\/la-sidra-casera-de-carreno-triunfa-en-pilona\/","og:image":"https:\/\/candas365.es\/noticias\/wp-content\/uploads\/2018\/09\/sidra-concejo.jpg","og:image:secure_url":"https:\/\/candas365.es\/noticias\/wp-content\/uploads\/2018\/09\/sidra-concejo.jpg","og:image:width":1072,"og:image:height":644,"article:published_time":"2018-09-02T15:16:52+00:00","article:modified_time":"2018-09-02T15:16:52+00:00","article:publisher":"https:\/\/www.facebook.com\/Nachofdezber","article:author":"https:\/\/www.facebook.com\/carrenoactualidad","twitter:card":"summary_large_image","twitter:site":"@NabercoDigital","twitter:title":"La sidra casera de Carre\u00f1o triunfa en Pilo\u00f1a | Cand\u00e1s 365","twitter:description":"La asociaci\u00f3n de sidra casera de Carre\u00f1o, que preside F\u00e9lix Mu\u00f1oz, acompa\u00f1ado de la Banda de Gaites Cand\u00e1s, particip\u00f3 este domingo, como invitados, en la degustaci\u00f3n de sidra casera impulsada por la asociaci\u00f3n de sidra casera de Pilo\u00f1a, que preside Luis Sariego. Los productores de sidra de Carre\u00f1o que siguen se desplazaron al oriente de","twitter:creator":"@nbasturias","twitter:image":"https:\/\/candas365.es\/noticias\/wp-content\/uploads\/2018\/09\/sidra-concejo.jpg","twitter:label1":"Escrito por","twitter:data1":"Cand\u00e1s 365","twitter:label2":"Tiempo de lectura estimado","twitter:data2":"1 minuto"},"aioseo_meta_data":{"post_id":"104282","title":null,"description":null,"keywords":null,"keyphrases":null,"primary_term":null,"canonical_url":null,"og_title":null,"og_description":null,"og_object_type":"default","og_image_type":"default","og_image_url":null,"og_image_width":null,"og_image_height":null,"og_image_custom_url":null,"og_image_custom_fields":null,"og_video":null,"og_custom_url":null,"og_article_section":null,"og_article_tags":null,"twitter_use_og":false,"twitter_card":"default","twitter_image_type":"default","twitter_image_url":null,"twitter_image_custom_url":null,"twitter_image_custom_fields":null,"twitter_title":null,"twitter_description":null,"schema":{"blockGraphs":[],"customGraphs":[],"default":{"data":{"Article":[],"Course":[],"Dataset":[],"FAQPage":[],"Movie":[],"Person":[],"Product":[],"ProductReview":[],"Car":[],"Recipe":[],"Service":[],"SoftwareApplication":[],"WebPage":[]},"graphName":"","isEnabled":true},"graphs":[],"defaultGraph":"","defaultPostTypeGraph":""},"schema_type":null,"schema_type_options":null,"pillar_content":false,"robots_default":true,"robots_noindex":false,"robots_noarchive":false,"robots_nosnippet":false,"robots_nofollow":false,"robots_noimageindex":false,"robots_noodp":false,"robots_notranslate":false,"robots_max_snippet":null,"robots_max_videopreview":null,"robots_max_imagepreview":"large","priority":null,"frequency":null,"location":null,"local_seo":null,"seo_analyzer_scan_date":"2025-08-27 19:09:20","breadcrumb_settings":null,"limit_modified_date":false,"reviewed_by":null,"open_ai":null,"ai":null,"created":"2020-12-21 11:45:58","updated":"2025-08-27 19:09:20"},"aioseo_breadcrumb":"<div class=\"aioseo-breadcrumbs\"><span class=\"aioseo-breadcrumb\">\n\t<a href=\"https:\/\/candas365.es\/noticias\" title=\"Home\">Home<\/a>\n<\/span><span class=\"aioseo-breadcrumb-separator\">&ndash;<\/span><span class=\"aioseo-breadcrumb\">\n\t<a href=\"https:\/\/candas365.es\/noticias\/category\/noticias-carreno\/\" title=\"Noticias Carre\u00f1o\">Noticias Carre\u00f1o<\/a>\n<\/span><span class=\"aioseo-breadcrumb-separator\">&ndash;<\/span><span class=\"aioseo-breadcrumb\">\n\tLa sidra casera de Carre\u00f1o triunfa en Pilo\u00f1a\n<\/span><\/div>","aioseo_breadcrumb_json":[{"label":"Home","link":"https:\/\/candas365.es\/noticias"},{"label":"Noticias Carre\u00f1o","link":"https:\/\/candas365.es\/noticias\/category\/noticias-carreno\/"},{"label":"La sidra casera de Carre\u00f1o triunfa en Pilo\u00f1a","link":"https:\/\/candas365.es\/noticias\/la-sidra-casera-de-carreno-triunfa-en-pilona\/"}],"_links":{"self":[{"href":"https:\/\/candas365.es\/noticias\/wp-json\/wp\/v2\/posts\/104282","targetHints":{"allow":["GET"]}}],"collection":[{"href":"https:\/\/candas365.es\/noticias\/wp-json\/wp\/v2\/posts"}],"about":[{"href":"https:\/\/candas365.es\/noticias\/wp-json\/wp\/v2\/types\/post"}],"author":[{"embeddable":true,"href":"https:\/\/candas365.es\/noticias\/wp-json\/wp\/v2\/users\/1"}],"replies":[{"embeddable":true,"href":"https:\/\/candas365.es\/noticias\/wp-json\/wp\/v2\/comments?post=104282"}],"version-history":[{"count":0,"href":"https:\/\/candas365.es\/noticias\/wp-json\/wp\/v2\/posts\/104282\/revisions"}],"wp:featuredmedia":[{"embeddable":true,"href":"https:\/\/candas365.es\/noticias\/wp-json\/wp\/v2\/media\/104283"}],"wp:attachment":[{"href":"https:\/\/candas365.es\/noticias\/wp-json\/wp\/v2\/media?parent=104282"}],"wp:term":[{"taxonomy":"category","embeddable":true,"href":"https:\/\/candas365.es\/noticias\/wp-json\/wp\/v2\/categories?post=104282"},{"taxonomy":"post_tag","embeddable":true,"href":"https:\/\/candas365.es\/noticias\/wp-json\/wp\/v2\/tags?post=104282"}],"curies":[{"name":"wp","href":"https:\/\/api.w.org\/{rel}","templated":true}]}}