{"id":104028,"date":"2018-08-30T06:43:49","date_gmt":"2018-08-30T06:43:49","guid":{"rendered":"http:\/\/candas365.es\/noticias\/?p=104028"},"modified":"2018-08-30T06:43:49","modified_gmt":"2018-08-30T06:43:49","slug":"del-toro-defiende-su-imparcialidad-respecto-de-su-amigo-cuaron","status":"publish","type":"post","link":"https:\/\/candas365.es\/noticias\/del-toro-defiende-su-imparcialidad-respecto-de-su-amigo-cuaron\/","title":{"rendered":"Del Toro defiende su imparcialidad respecto de su amigo Cuar\u00f3n"},"content":{"rendered":"<p><img fetchpriority=\"high\" decoding=\"async\" class=\"alignleft size-medium wp-image-102150\" src=\"https:\/\/candas365.es\/noticias\/wp-content\/uploads\/2018\/08\/film-3057394_960_720-360x203.jpg\" alt=\"\" width=\"360\" height=\"203\" srcset=\"https:\/\/candas365.es\/noticias\/wp-content\/uploads\/2018\/08\/film-3057394_960_720-360x203.jpg 360w, https:\/\/candas365.es\/noticias\/wp-content\/uploads\/2018\/08\/film-3057394_960_720-768x432.jpg 768w, https:\/\/candas365.es\/noticias\/wp-content\/uploads\/2018\/08\/film-3057394_960_720-655x368.jpg 655w, https:\/\/candas365.es\/noticias\/wp-content\/uploads\/2018\/08\/film-3057394_960_720-696x392.jpg 696w, https:\/\/candas365.es\/noticias\/wp-content\/uploads\/2018\/08\/film-3057394_960_720-747x420.jpg 747w, https:\/\/candas365.es\/noticias\/wp-content\/uploads\/2018\/08\/film-3057394_960_720.jpg 960w\" sizes=\"(max-width: 360px) 100vw, 360px\" \/>Venecia, 29 ago (dpa) &#8211; \u00abSoy presidente del jurado, no dictador del jurado\u00bb, dijo hoy el realizador mexicano Guillermo del Toro al ser preguntado por c\u00f3mo afrontar\u00e1 la decisi\u00f3n de juzgar \u00abRoma\u00bb, la pel\u00edcula de su amigo Alfonso Cuar\u00f3n que se presenta en el Festival de Venecia.<\/p>\n<p>Para m\u00ed \u00abes important\u00edsimo como adulto profesional y cineasta juzgar cabalmente las pel\u00edculas por lo que est\u00e1 en ese rect\u00e1ngulo (que es la pantalla) y nada m\u00e1s\u00bb, explic\u00f3 del Toro, que encabeza el jurado de la 75 edici\u00f3n del Festival de Venecia, que hoy arranca con \u00abFirst Man\u00bb, la pel\u00edcula de Damien Chazell sobre la llegada del hombre a la Luna.<\/p>\n<p>Del Toro coment\u00f3 que va a conversar de cada una de las pel\u00edculas con el resto de los miembros del jurado y asegur\u00f3 que tanto si la cinta proviene de Australia o de M\u00e9xico, \u00abser\u00e1 juzgada por lo que est\u00e1 en pantalla\u00bb.<\/p>\n<p>Es conocida la profunda amistad que une a Cuar\u00f3n con Guillermo del Toro y que qued\u00f3 tambi\u00e9n de manifiesto con la clase magistral que el primero dio en Cannes, donde agradeci\u00f3 al autor de \u00abCronos\u00bb, que estaba sentado en primera fila, su ayuda en \u00abChildren of Men\u00bb.<\/p>\n<p>El cineasta mexicano de 53 a\u00f1os, que el a\u00f1o pasado levant\u00f3 con \u00abLa forma del agua\u00bb el Le\u00f3n de Oro que este a\u00f1o va a conceder, se\u00f1al\u00f3 asimismo que durante estos d\u00edas en Venecia va a renovar ese pacto con el cine que va m\u00e1s all\u00e1 de su parte comercial o cultural.<\/p>\n<p>Presidir el jurado internacional de Venecia es una experiencia \u00fanica, \u00absabes que de alguna manera le vas a cambiar la vida a alguien\u00bb, a\u00f1adi\u00f3. Es por ello que todos los miembros del gremio, entre los que figura la actriz brit\u00e1nica Naomi Watts, se han comprometido a realizar un estudio \u00abserio, cuidadoso\u00bb de cada una de las pel\u00edculas.<\/p>\n<p>En la 75 edici\u00f3n del certamen italiano se presentan a concurso dos cintas mexicanas. Adem\u00e1s del nuevo trabajo de Cuar\u00f3n tras la multipremiada \u00abGravity\u00bb, su compatriota Carlos Reygadas estrenar\u00e1 \u00abNuestro Tiempo\u00bb.<\/p>\n<p>Es \u00abhermoso ver c\u00f3mo sigue creciendo la proyecci\u00f3n de los cineastas mexicanos\u00bb, se\u00f1al\u00f3 Del Toro, a quien le parece incre\u00edble que hace un par de d\u00e9cadas se hubiese perdido mucho terreno en este sentido y ahora la cinematograf\u00eda de su pa\u00eds no deje de enriquecerse con voces nuevas y potentes entre las que destac\u00f3 la de Issa L\u00f3pez, la autora del corto \u00abJacinta\u00bb y cuyo pr\u00f3ximo proyecto estar\u00e1 producido por el propio Del Toro<\/p>\n<p>El cine mexicano, insisti\u00f3 el realizador, est\u00e1 en un momento narrativamente muy potente. \u00abEs muy hermoso que estos cineastas est\u00e9n compitiendo en la primera fila mundial\u00bb.<\/p>\n<p>El autor de \u00abEl laberinto del fauno\u00bb o \u00abCronos\u00bb tambi\u00e9n abord\u00f3 temas que est\u00e1n resultando espinosos en los festivales de cine, como la escasa presencia de pel\u00edculas en competici\u00f3n dirigidas por mujeres o la cuestionada participaci\u00f3n de las producciones financiadas por la plataforma de streaming Netfilx, con un limitado y selectivo recorrido por salas.<\/p>\n<p>En cuanto al primer asunto, Del Toro fue contundente: el objetivo es que la participaci\u00f3n de la mujer sea del 50 por ciento en el 2020 y si fuese en 2019, mejor.<\/p>\n<p>\u00abHay muchas voces que deben ser escuchadas\u00bb, recalc\u00f3 el cineasta, quien argument\u00f3 que es una necesidad no de hace d\u00e9cadas, sino siglos, y que ha llegado el momento de hacer frente a ella.<\/p>\n<p>Explic\u00f3 adem\u00e1s que est\u00e1 produciendo cinco proyectos y tres de ellos son de directoras. \u00abNo es un gesto, es una necesidad\u00bb, apostill\u00f3.<\/p>\n<p>En cuanto a Netflix, el realizador fue m\u00e1s comedido y sin entrar en campo minado alguno, tan s\u00f3lo indic\u00f3 que juzga las pel\u00edculas por lo que existe en ese rect\u00e1gulo. Fuera de ah\u00ed son otro tipo de asuntos extra-cinematogr\u00e1ficos. \u00abS\u00f3lo en ese rect\u00e1ngulo existe la vida en el cine\u00bb, concluy\u00f3.<\/p>\n","protected":false},"excerpt":{"rendered":"<p>Venecia, 29 ago (dpa) &#8211; \u00abSoy presidente del jurado, no dictador del jurado\u00bb, dijo hoy el realizador mexicano Guillermo del Toro al ser preguntado por c\u00f3mo afrontar\u00e1 la decisi\u00f3n de juzgar \u00abRoma\u00bb, la pel\u00edcula de su amigo Alfonso Cuar\u00f3n que se presenta en el Festival de Venecia. Para m\u00ed \u00abes important\u00edsimo como adulto profesional y<\/p>\n","protected":false},"author":1,"featured_media":84232,"comment_status":"closed","ping_status":"closed","sticky":false,"template":"","format":"standard","meta":{"footnotes":""},"categories":[143],"tags":[],"class_list":{"0":"post-104028","1":"post","2":"type-post","3":"status-publish","4":"format-standard","5":"has-post-thumbnail","7":"category-sociedad"},"aioseo_notices":[],"aioseo_head":"\n\t\t<!-- All in One SEO Pro 4.9.6.2 - aioseo.com -->\n\t<meta name=\"description\" content=\"Venecia, 29 ago (dpa) - &quot;Soy presidente del jurado, no dictador del jurado&quot;, dijo hoy el realizador mexicano Guillermo del Toro al ser preguntado por c\u00f3mo afrontar\u00e1 la decisi\u00f3n de juzgar &quot;Roma&quot;, la pel\u00edcula de su amigo Alfonso Cuar\u00f3n que se presenta en el Festival de Venecia. Para m\u00ed &quot;es important\u00edsimo como adulto profesional y\" \/>\n\t<meta name=\"robots\" content=\"max-image-preview:large\" \/>\n\t<meta name=\"author\" content=\"Cand\u00e1s 365\"\/>\n\t<meta name=\"google-site-verification\" content=\"UA-32230408-1\" \/>\n\t<meta name=\"msvalidate.01\" content=\"354F3CDFB2DA171B47FBE9ABF1F88D5\" \/>\n\t<meta name=\"keywords\" content=\"sociedad\" \/>\n\t<link rel=\"canonical\" href=\"https:\/\/candas365.es\/noticias\/del-toro-defiende-su-imparcialidad-respecto-de-su-amigo-cuaron\/\" \/>\n\t<meta name=\"generator\" content=\"All in One SEO Pro (AIOSEO) 4.9.6.2\" \/>\n\t\t<meta property=\"og:locale\" content=\"es_ES\" \/>\n\t\t<meta property=\"og:site_name\" content=\"Cand\u00e1s 365\" \/>\n\t\t<meta property=\"og:type\" content=\"article\" \/>\n\t\t<meta property=\"og:title\" content=\"Del Toro defiende su imparcialidad respecto de su amigo Cuar\u00f3n | Cand\u00e1s 365\" \/>\n\t\t<meta property=\"og:description\" content=\"Venecia, 29 ago (dpa) - &quot;Soy presidente del jurado, no dictador del jurado&quot;, dijo hoy el realizador mexicano Guillermo del Toro al ser preguntado por c\u00f3mo afrontar\u00e1 la decisi\u00f3n de juzgar &quot;Roma&quot;, la pel\u00edcula de su amigo Alfonso Cuar\u00f3n que se presenta en el Festival de Venecia. Para m\u00ed &quot;es important\u00edsimo como adulto profesional y\" \/>\n\t\t<meta property=\"og:url\" content=\"https:\/\/candas365.es\/noticias\/del-toro-defiende-su-imparcialidad-respecto-de-su-amigo-cuaron\/\" \/>\n\t\t<meta property=\"og:image\" content=\"https:\/\/candas365.es\/noticias\/wp-content\/uploads\/2017\/11\/film-596009_960_720.jpg\" \/>\n\t\t<meta property=\"og:image:secure_url\" content=\"https:\/\/candas365.es\/noticias\/wp-content\/uploads\/2017\/11\/film-596009_960_720.jpg\" \/>\n\t\t<meta property=\"og:image:width\" content=\"960\" \/>\n\t\t<meta property=\"og:image:height\" content=\"678\" \/>\n\t\t<meta property=\"article:published_time\" content=\"2018-08-30T06:43:49+00:00\" \/>\n\t\t<meta property=\"article:modified_time\" content=\"2018-08-30T06:43:49+00:00\" \/>\n\t\t<meta property=\"article:publisher\" content=\"https:\/\/www.facebook.com\/Nachofdezber\" \/>\n\t\t<meta property=\"article:author\" content=\"https:\/\/www.facebook.com\/carrenoactualidad\" \/>\n\t\t<meta name=\"twitter:card\" content=\"summary_large_image\" \/>\n\t\t<meta name=\"twitter:site\" content=\"@NabercoDigital\" \/>\n\t\t<meta name=\"twitter:title\" content=\"Del Toro defiende su imparcialidad respecto de su amigo Cuar\u00f3n | Cand\u00e1s 365\" \/>\n\t\t<meta name=\"twitter:description\" content=\"Venecia, 29 ago (dpa) - &quot;Soy presidente del jurado, no dictador del jurado&quot;, dijo hoy el realizador mexicano Guillermo del Toro al ser preguntado por c\u00f3mo afrontar\u00e1 la decisi\u00f3n de juzgar &quot;Roma&quot;, la pel\u00edcula de su amigo Alfonso Cuar\u00f3n que se presenta en el Festival de Venecia. Para m\u00ed &quot;es important\u00edsimo como adulto profesional y\" \/>\n\t\t<meta name=\"twitter:creator\" content=\"@nbasturias\" \/>\n\t\t<meta name=\"twitter:image\" content=\"https:\/\/candas365.es\/noticias\/wp-content\/uploads\/2017\/11\/film-596009_960_720.jpg\" \/>\n\t\t<meta name=\"twitter:label1\" content=\"Escrito por\" \/>\n\t\t<meta name=\"twitter:data1\" content=\"Cand\u00e1s 365\" \/>\n\t\t<meta name=\"twitter:label2\" content=\"Tiempo de lectura estimado\" \/>\n\t\t<meta name=\"twitter:data2\" content=\"3 minutos\" \/>\n\t\t<script type=\"application\/ld+json\" class=\"aioseo-schema\">\n\t\t\t{\"@context\":\"https:\\\/\\\/schema.org\",\"@graph\":[{\"@type\":\"BreadcrumbList\",\"@id\":\"https:\\\/\\\/candas365.es\\\/noticias\\\/del-toro-defiende-su-imparcialidad-respecto-de-su-amigo-cuaron\\\/#breadcrumblist\",\"itemListElement\":[{\"@type\":\"ListItem\",\"@id\":\"https:\\\/\\\/candas365.es\\\/noticias#listItem\",\"position\":1,\"name\":\"Home\",\"item\":\"https:\\\/\\\/candas365.es\\\/noticias\",\"nextItem\":{\"@type\":\"ListItem\",\"@id\":\"https:\\\/\\\/candas365.es\\\/noticias\\\/category\\\/sociedad\\\/#listItem\",\"name\":\"Sociedad\"}},{\"@type\":\"ListItem\",\"@id\":\"https:\\\/\\\/candas365.es\\\/noticias\\\/category\\\/sociedad\\\/#listItem\",\"position\":2,\"name\":\"Sociedad\",\"item\":\"https:\\\/\\\/candas365.es\\\/noticias\\\/category\\\/sociedad\\\/\",\"nextItem\":{\"@type\":\"ListItem\",\"@id\":\"https:\\\/\\\/candas365.es\\\/noticias\\\/del-toro-defiende-su-imparcialidad-respecto-de-su-amigo-cuaron\\\/#listItem\",\"name\":\"Del Toro defiende su imparcialidad respecto de su amigo Cuar\\u00f3n\"},\"previousItem\":{\"@type\":\"ListItem\",\"@id\":\"https:\\\/\\\/candas365.es\\\/noticias#listItem\",\"name\":\"Home\"}},{\"@type\":\"ListItem\",\"@id\":\"https:\\\/\\\/candas365.es\\\/noticias\\\/del-toro-defiende-su-imparcialidad-respecto-de-su-amigo-cuaron\\\/#listItem\",\"position\":3,\"name\":\"Del Toro defiende su imparcialidad respecto de su amigo Cuar\\u00f3n\",\"previousItem\":{\"@type\":\"ListItem\",\"@id\":\"https:\\\/\\\/candas365.es\\\/noticias\\\/category\\\/sociedad\\\/#listItem\",\"name\":\"Sociedad\"}}]},{\"@type\":\"NewsArticle\",\"@id\":\"https:\\\/\\\/candas365.es\\\/noticias\\\/del-toro-defiende-su-imparcialidad-respecto-de-su-amigo-cuaron\\\/#newsarticle\",\"name\":\"Del Toro defiende su imparcialidad respecto de su amigo Cuar\\u00f3n | Cand\\u00e1s 365\",\"headline\":\"Del Toro defiende su imparcialidad respecto de su amigo Cuar\\u00f3n\",\"author\":{\"@id\":\"https:\\\/\\\/candas365.es\\\/noticias\\\/author\\\/admin\\\/#author\"},\"publisher\":{\"@id\":\"https:\\\/\\\/candas365.es\\\/noticias\\\/#organization\"},\"image\":{\"@type\":\"ImageObject\",\"url\":\"https:\\\/\\\/candas365.es\\\/noticias\\\/wp-content\\\/uploads\\\/2017\\\/11\\\/film-596009_960_720.jpg\",\"width\":960,\"height\":678,\"caption\":\"film\"},\"datePublished\":\"2018-08-30T06:43:49+02:00\",\"dateModified\":\"2018-08-30T06:43:49+02:00\",\"inLanguage\":\"es-ES\",\"mainEntityOfPage\":{\"@id\":\"https:\\\/\\\/candas365.es\\\/noticias\\\/del-toro-defiende-su-imparcialidad-respecto-de-su-amigo-cuaron\\\/#webpage\"},\"isPartOf\":{\"@id\":\"https:\\\/\\\/candas365.es\\\/noticias\\\/del-toro-defiende-su-imparcialidad-respecto-de-su-amigo-cuaron\\\/#webpage\"},\"articleSection\":\"Sociedad\",\"dateline\":\"Publicado el agosto 30, 2018.\"},{\"@type\":\"Organization\",\"@id\":\"https:\\\/\\\/candas365.es\\\/noticias\\\/#organization\",\"name\":\"Cand\\u00e1s 365\",\"description\":\"Cand\\u00e1s 365 es un diario digital independiente, fundado en 2012, con base en Asturias. Informamos con rigor sobre actualidad, sociedad, cultura y ocio, con una mirada local y global.\",\"url\":\"https:\\\/\\\/candas365.es\\\/noticias\\\/\",\"email\":\"info@candas365.es\",\"telephone\":\"+34652131393\",\"foundingDate\":\"2012-06-10\",\"logo\":{\"@type\":\"ImageObject\",\"url\":\"https:\\\/\\\/candas365.es\\\/noticias\\\/wp-content\\\/uploads\\\/2024\\\/09\\\/Candas-365-Redes.jpg\",\"@id\":\"https:\\\/\\\/candas365.es\\\/noticias\\\/del-toro-defiende-su-imparcialidad-respecto-de-su-amigo-cuaron\\\/#organizationLogo\",\"width\":1152,\"height\":864,\"caption\":\"Cand\\u00e1s 365 Redes\"},\"image\":{\"@id\":\"https:\\\/\\\/candas365.es\\\/noticias\\\/del-toro-defiende-su-imparcialidad-respecto-de-su-amigo-cuaron\\\/#organizationLogo\"},\"sameAs\":[\"https:\\\/\\\/www.facebook.com\\\/Nachofdezber\",\"https:\\\/\\\/x.com\\\/NabercoDigital\",\"https:\\\/\\\/www.instagram.com\\\/nachofdezber\\\/\",\"https:\\\/\\\/www.youtube.com\\\/channel\\\/UCZP-2wLEB9Rv6erhFmqVnvg\"],\"address\":{\"@id\":\"https:\\\/\\\/candas365.es\\\/noticias\\\/#postaladdress\",\"@type\":\"PostalAddress\",\"streetAddress\":\"san antonio 4, san antonio 4\",\"postalCode\":\"33430\",\"addressLocality\":\"Cand\\u00e1s\",\"addressRegion\":\"Asturias\",\"addressCountry\":\"ES\"}},{\"@type\":\"Person\",\"@id\":\"https:\\\/\\\/candas365.es\\\/noticias\\\/author\\\/admin\\\/#author\",\"url\":\"https:\\\/\\\/candas365.es\\\/noticias\\\/author\\\/admin\\\/\",\"name\":\"Cand\\u00e1s 365\",\"image\":{\"@type\":\"ImageObject\",\"@id\":\"https:\\\/\\\/candas365.es\\\/noticias\\\/del-toro-defiende-su-imparcialidad-respecto-de-su-amigo-cuaron\\\/#authorImage\",\"url\":\"https:\\\/\\\/secure.gravatar.com\\\/avatar\\\/496a8e03d0c493ede1718b7934145dbdf8d89be1036b0eec9544e1094c9de390?s=96&d=mm&r=g\",\"width\":96,\"height\":96,\"caption\":\"Cand\\u00e1s 365\"},\"sameAs\":[\"https:\\\/\\\/www.facebook.com\\\/carrenoactualidad\",\"https:\\\/\\\/twitter.com\\\/nbasturias\",\"https:\\\/\\\/www.instagram.com\\\/nachofdezber\\\/\",\"https:\\\/\\\/www.youtube.com\\\/channel\\\/UCZP-2wLEB9Rv6erhFmqVnvg\"]},{\"@type\":\"WebPage\",\"@id\":\"https:\\\/\\\/candas365.es\\\/noticias\\\/del-toro-defiende-su-imparcialidad-respecto-de-su-amigo-cuaron\\\/#webpage\",\"url\":\"https:\\\/\\\/candas365.es\\\/noticias\\\/del-toro-defiende-su-imparcialidad-respecto-de-su-amigo-cuaron\\\/\",\"name\":\"Del Toro defiende su imparcialidad respecto de su amigo Cuar\\u00f3n | Cand\\u00e1s 365\",\"description\":\"Venecia, 29 ago (dpa) - \\\"Soy presidente del jurado, no dictador del jurado\\\", dijo hoy el realizador mexicano Guillermo del Toro al ser preguntado por c\\u00f3mo afrontar\\u00e1 la decisi\\u00f3n de juzgar \\\"Roma\\\", la pel\\u00edcula de su amigo Alfonso Cuar\\u00f3n que se presenta en el Festival de Venecia. Para m\\u00ed \\\"es important\\u00edsimo como adulto profesional y\",\"inLanguage\":\"es-ES\",\"isPartOf\":{\"@id\":\"https:\\\/\\\/candas365.es\\\/noticias\\\/#website\"},\"breadcrumb\":{\"@id\":\"https:\\\/\\\/candas365.es\\\/noticias\\\/del-toro-defiende-su-imparcialidad-respecto-de-su-amigo-cuaron\\\/#breadcrumblist\"},\"author\":{\"@id\":\"https:\\\/\\\/candas365.es\\\/noticias\\\/author\\\/admin\\\/#author\"},\"creator\":{\"@id\":\"https:\\\/\\\/candas365.es\\\/noticias\\\/author\\\/admin\\\/#author\"},\"image\":{\"@type\":\"ImageObject\",\"url\":\"https:\\\/\\\/candas365.es\\\/noticias\\\/wp-content\\\/uploads\\\/2017\\\/11\\\/film-596009_960_720.jpg\",\"@id\":\"https:\\\/\\\/candas365.es\\\/noticias\\\/del-toro-defiende-su-imparcialidad-respecto-de-su-amigo-cuaron\\\/#mainImage\",\"width\":960,\"height\":678,\"caption\":\"film\"},\"primaryImageOfPage\":{\"@id\":\"https:\\\/\\\/candas365.es\\\/noticias\\\/del-toro-defiende-su-imparcialidad-respecto-de-su-amigo-cuaron\\\/#mainImage\"},\"datePublished\":\"2018-08-30T06:43:49+02:00\",\"dateModified\":\"2018-08-30T06:43:49+02:00\"},{\"@type\":\"WebSite\",\"@id\":\"https:\\\/\\\/candas365.es\\\/noticias\\\/#website\",\"url\":\"https:\\\/\\\/candas365.es\\\/noticias\\\/\",\"name\":\"Cand\\u00e1s 365\",\"alternateName\":\"Cand\\u00e1s 365 Noticias\",\"description\":\"Actualidad desde Carre\\u00f1o para el mundo\",\"inLanguage\":\"es-ES\",\"publisher\":{\"@id\":\"https:\\\/\\\/candas365.es\\\/noticias\\\/#organization\"}}]}\n\t\t<\/script>\n\t\t<!-- All in One SEO Pro -->\r\n\t\t<title>Del Toro defiende su imparcialidad respecto de su amigo Cuar\u00f3n | Cand\u00e1s 365<\/title>\n\n","aioseo_head_json":{"title":"Del Toro defiende su imparcialidad respecto de su amigo Cuar\u00f3n | Cand\u00e1s 365","description":"Venecia, 29 ago (dpa) - \"Soy presidente del jurado, no dictador del jurado\", dijo hoy el realizador mexicano Guillermo del Toro al ser preguntado por c\u00f3mo afrontar\u00e1 la decisi\u00f3n de juzgar \"Roma\", la pel\u00edcula de su amigo Alfonso Cuar\u00f3n que se presenta en el Festival de Venecia. Para m\u00ed \"es important\u00edsimo como adulto profesional y","canonical_url":"https:\/\/candas365.es\/noticias\/del-toro-defiende-su-imparcialidad-respecto-de-su-amigo-cuaron\/","robots":"max-image-preview:large","keywords":"sociedad","webmasterTools":{"google-site-verification":"UA-32230408-1","msvalidate.01":"354F3CDFB2DA171B47FBE9ABF1F88D5","miscellaneous":""},"schema":{"@context":"https:\/\/schema.org","@graph":[{"@type":"BreadcrumbList","@id":"https:\/\/candas365.es\/noticias\/del-toro-defiende-su-imparcialidad-respecto-de-su-amigo-cuaron\/#breadcrumblist","itemListElement":[{"@type":"ListItem","@id":"https:\/\/candas365.es\/noticias#listItem","position":1,"name":"Home","item":"https:\/\/candas365.es\/noticias","nextItem":{"@type":"ListItem","@id":"https:\/\/candas365.es\/noticias\/category\/sociedad\/#listItem","name":"Sociedad"}},{"@type":"ListItem","@id":"https:\/\/candas365.es\/noticias\/category\/sociedad\/#listItem","position":2,"name":"Sociedad","item":"https:\/\/candas365.es\/noticias\/category\/sociedad\/","nextItem":{"@type":"ListItem","@id":"https:\/\/candas365.es\/noticias\/del-toro-defiende-su-imparcialidad-respecto-de-su-amigo-cuaron\/#listItem","name":"Del Toro defiende su imparcialidad respecto de su amigo Cuar\u00f3n"},"previousItem":{"@type":"ListItem","@id":"https:\/\/candas365.es\/noticias#listItem","name":"Home"}},{"@type":"ListItem","@id":"https:\/\/candas365.es\/noticias\/del-toro-defiende-su-imparcialidad-respecto-de-su-amigo-cuaron\/#listItem","position":3,"name":"Del Toro defiende su imparcialidad respecto de su amigo Cuar\u00f3n","previousItem":{"@type":"ListItem","@id":"https:\/\/candas365.es\/noticias\/category\/sociedad\/#listItem","name":"Sociedad"}}]},{"@type":"NewsArticle","@id":"https:\/\/candas365.es\/noticias\/del-toro-defiende-su-imparcialidad-respecto-de-su-amigo-cuaron\/#newsarticle","name":"Del Toro defiende su imparcialidad respecto de su amigo Cuar\u00f3n | Cand\u00e1s 365","headline":"Del Toro defiende su imparcialidad respecto de su amigo Cuar\u00f3n","author":{"@id":"https:\/\/candas365.es\/noticias\/author\/admin\/#author"},"publisher":{"@id":"https:\/\/candas365.es\/noticias\/#organization"},"image":{"@type":"ImageObject","url":"https:\/\/candas365.es\/noticias\/wp-content\/uploads\/2017\/11\/film-596009_960_720.jpg","width":960,"height":678,"caption":"film"},"datePublished":"2018-08-30T06:43:49+02:00","dateModified":"2018-08-30T06:43:49+02:00","inLanguage":"es-ES","mainEntityOfPage":{"@id":"https:\/\/candas365.es\/noticias\/del-toro-defiende-su-imparcialidad-respecto-de-su-amigo-cuaron\/#webpage"},"isPartOf":{"@id":"https:\/\/candas365.es\/noticias\/del-toro-defiende-su-imparcialidad-respecto-de-su-amigo-cuaron\/#webpage"},"articleSection":"Sociedad","dateline":"Publicado el agosto 30, 2018."},{"@type":"Organization","@id":"https:\/\/candas365.es\/noticias\/#organization","name":"Cand\u00e1s 365","description":"Cand\u00e1s 365 es un diario digital independiente, fundado en 2012, con base en Asturias. Informamos con rigor sobre actualidad, sociedad, cultura y ocio, con una mirada local y global.","url":"https:\/\/candas365.es\/noticias\/","email":"info@candas365.es","telephone":"+34652131393","foundingDate":"2012-06-10","logo":{"@type":"ImageObject","url":"https:\/\/candas365.es\/noticias\/wp-content\/uploads\/2024\/09\/Candas-365-Redes.jpg","@id":"https:\/\/candas365.es\/noticias\/del-toro-defiende-su-imparcialidad-respecto-de-su-amigo-cuaron\/#organizationLogo","width":1152,"height":864,"caption":"Cand\u00e1s 365 Redes"},"image":{"@id":"https:\/\/candas365.es\/noticias\/del-toro-defiende-su-imparcialidad-respecto-de-su-amigo-cuaron\/#organizationLogo"},"sameAs":["https:\/\/www.facebook.com\/Nachofdezber","https:\/\/x.com\/NabercoDigital","https:\/\/www.instagram.com\/nachofdezber\/","https:\/\/www.youtube.com\/channel\/UCZP-2wLEB9Rv6erhFmqVnvg"],"address":{"@id":"https:\/\/candas365.es\/noticias\/#postaladdress","@type":"PostalAddress","streetAddress":"san antonio 4, san antonio 4","postalCode":"33430","addressLocality":"Cand\u00e1s","addressRegion":"Asturias","addressCountry":"ES"}},{"@type":"Person","@id":"https:\/\/candas365.es\/noticias\/author\/admin\/#author","url":"https:\/\/candas365.es\/noticias\/author\/admin\/","name":"Cand\u00e1s 365","image":{"@type":"ImageObject","@id":"https:\/\/candas365.es\/noticias\/del-toro-defiende-su-imparcialidad-respecto-de-su-amigo-cuaron\/#authorImage","url":"https:\/\/secure.gravatar.com\/avatar\/496a8e03d0c493ede1718b7934145dbdf8d89be1036b0eec9544e1094c9de390?s=96&d=mm&r=g","width":96,"height":96,"caption":"Cand\u00e1s 365"},"sameAs":["https:\/\/www.facebook.com\/carrenoactualidad","https:\/\/twitter.com\/nbasturias","https:\/\/www.instagram.com\/nachofdezber\/","https:\/\/www.youtube.com\/channel\/UCZP-2wLEB9Rv6erhFmqVnvg"]},{"@type":"WebPage","@id":"https:\/\/candas365.es\/noticias\/del-toro-defiende-su-imparcialidad-respecto-de-su-amigo-cuaron\/#webpage","url":"https:\/\/candas365.es\/noticias\/del-toro-defiende-su-imparcialidad-respecto-de-su-amigo-cuaron\/","name":"Del Toro defiende su imparcialidad respecto de su amigo Cuar\u00f3n | Cand\u00e1s 365","description":"Venecia, 29 ago (dpa) - \"Soy presidente del jurado, no dictador del jurado\", dijo hoy el realizador mexicano Guillermo del Toro al ser preguntado por c\u00f3mo afrontar\u00e1 la decisi\u00f3n de juzgar \"Roma\", la pel\u00edcula de su amigo Alfonso Cuar\u00f3n que se presenta en el Festival de Venecia. Para m\u00ed \"es important\u00edsimo como adulto profesional y","inLanguage":"es-ES","isPartOf":{"@id":"https:\/\/candas365.es\/noticias\/#website"},"breadcrumb":{"@id":"https:\/\/candas365.es\/noticias\/del-toro-defiende-su-imparcialidad-respecto-de-su-amigo-cuaron\/#breadcrumblist"},"author":{"@id":"https:\/\/candas365.es\/noticias\/author\/admin\/#author"},"creator":{"@id":"https:\/\/candas365.es\/noticias\/author\/admin\/#author"},"image":{"@type":"ImageObject","url":"https:\/\/candas365.es\/noticias\/wp-content\/uploads\/2017\/11\/film-596009_960_720.jpg","@id":"https:\/\/candas365.es\/noticias\/del-toro-defiende-su-imparcialidad-respecto-de-su-amigo-cuaron\/#mainImage","width":960,"height":678,"caption":"film"},"primaryImageOfPage":{"@id":"https:\/\/candas365.es\/noticias\/del-toro-defiende-su-imparcialidad-respecto-de-su-amigo-cuaron\/#mainImage"},"datePublished":"2018-08-30T06:43:49+02:00","dateModified":"2018-08-30T06:43:49+02:00"},{"@type":"WebSite","@id":"https:\/\/candas365.es\/noticias\/#website","url":"https:\/\/candas365.es\/noticias\/","name":"Cand\u00e1s 365","alternateName":"Cand\u00e1s 365 Noticias","description":"Actualidad desde Carre\u00f1o para el mundo","inLanguage":"es-ES","publisher":{"@id":"https:\/\/candas365.es\/noticias\/#organization"}}]},"og:locale":"es_ES","og:site_name":"Cand\u00e1s 365","og:type":"article","og:title":"Del Toro defiende su imparcialidad respecto de su amigo Cuar\u00f3n | Cand\u00e1s 365","og:description":"Venecia, 29 ago (dpa) - &quot;Soy presidente del jurado, no dictador del jurado&quot;, dijo hoy el realizador mexicano Guillermo del Toro al ser preguntado por c\u00f3mo afrontar\u00e1 la decisi\u00f3n de juzgar &quot;Roma&quot;, la pel\u00edcula de su amigo Alfonso Cuar\u00f3n que se presenta en el Festival de Venecia. Para m\u00ed &quot;es important\u00edsimo como adulto profesional y","og:url":"https:\/\/candas365.es\/noticias\/del-toro-defiende-su-imparcialidad-respecto-de-su-amigo-cuaron\/","og:image":"https:\/\/candas365.es\/noticias\/wp-content\/uploads\/2017\/11\/film-596009_960_720.jpg","og:image:secure_url":"https:\/\/candas365.es\/noticias\/wp-content\/uploads\/2017\/11\/film-596009_960_720.jpg","og:image:width":960,"og:image:height":678,"article:published_time":"2018-08-30T06:43:49+00:00","article:modified_time":"2018-08-30T06:43:49+00:00","article:publisher":"https:\/\/www.facebook.com\/Nachofdezber","article:author":"https:\/\/www.facebook.com\/carrenoactualidad","twitter:card":"summary_large_image","twitter:site":"@NabercoDigital","twitter:title":"Del Toro defiende su imparcialidad respecto de su amigo Cuar\u00f3n | Cand\u00e1s 365","twitter:description":"Venecia, 29 ago (dpa) - &quot;Soy presidente del jurado, no dictador del jurado&quot;, dijo hoy el realizador mexicano Guillermo del Toro al ser preguntado por c\u00f3mo afrontar\u00e1 la decisi\u00f3n de juzgar &quot;Roma&quot;, la pel\u00edcula de su amigo Alfonso Cuar\u00f3n que se presenta en el Festival de Venecia. Para m\u00ed &quot;es important\u00edsimo como adulto profesional y","twitter:creator":"@nbasturias","twitter:image":"https:\/\/candas365.es\/noticias\/wp-content\/uploads\/2017\/11\/film-596009_960_720.jpg","twitter:label1":"Escrito por","twitter:data1":"Cand\u00e1s 365","twitter:label2":"Tiempo de lectura estimado","twitter:data2":"3 minutos"},"aioseo_meta_data":{"post_id":"104028","title":null,"description":null,"keywords":null,"keyphrases":null,"primary_term":null,"canonical_url":null,"og_title":null,"og_description":null,"og_object_type":"default","og_image_type":"default","og_image_url":null,"og_image_width":null,"og_image_height":null,"og_image_custom_url":null,"og_image_custom_fields":null,"og_video":null,"og_custom_url":null,"og_article_section":null,"og_article_tags":null,"twitter_use_og":false,"twitter_card":"default","twitter_image_type":"default","twitter_image_url":null,"twitter_image_custom_url":null,"twitter_image_custom_fields":null,"twitter_title":null,"twitter_description":null,"schema":{"blockGraphs":[],"customGraphs":[],"default":{"data":{"Article":[],"Course":[],"Dataset":[],"FAQPage":[],"Movie":[],"Person":[],"Product":[],"ProductReview":[],"Car":[],"Recipe":[],"Service":[],"SoftwareApplication":[],"WebPage":[]},"graphName":"","isEnabled":true},"graphs":[]},"schema_type":null,"schema_type_options":null,"pillar_content":false,"robots_default":true,"robots_noindex":false,"robots_noarchive":false,"robots_nosnippet":false,"robots_nofollow":false,"robots_noimageindex":false,"robots_noodp":false,"robots_notranslate":false,"robots_max_snippet":null,"robots_max_videopreview":null,"robots_max_imagepreview":"large","priority":null,"frequency":null,"location":null,"local_seo":null,"seo_analyzer_scan_date":"2025-08-27 18:27:24","breadcrumb_settings":null,"limit_modified_date":false,"reviewed_by":null,"open_ai":null,"ai":null,"created":"2020-12-21 11:46:15","updated":"2025-08-27 18:27:24"},"aioseo_breadcrumb":"<div class=\"aioseo-breadcrumbs\"><span class=\"aioseo-breadcrumb\">\n\t<a href=\"https:\/\/candas365.es\/noticias\" title=\"Home\">Home<\/a>\n<\/span><span class=\"aioseo-breadcrumb-separator\">&ndash;<\/span><span class=\"aioseo-breadcrumb\">\n\t<a href=\"https:\/\/candas365.es\/noticias\/category\/sociedad\/\" title=\"Sociedad\">Sociedad<\/a>\n<\/span><span class=\"aioseo-breadcrumb-separator\">&ndash;<\/span><span class=\"aioseo-breadcrumb\">\n\tDel Toro defiende su imparcialidad respecto de su amigo Cuar\u00f3n\n<\/span><\/div>","aioseo_breadcrumb_json":[{"label":"Home","link":"https:\/\/candas365.es\/noticias"},{"label":"Sociedad","link":"https:\/\/candas365.es\/noticias\/category\/sociedad\/"},{"label":"Del Toro defiende su imparcialidad respecto de su amigo Cuar\u00f3n","link":"https:\/\/candas365.es\/noticias\/del-toro-defiende-su-imparcialidad-respecto-de-su-amigo-cuaron\/"}],"_links":{"self":[{"href":"https:\/\/candas365.es\/noticias\/wp-json\/wp\/v2\/posts\/104028","targetHints":{"allow":["GET"]}}],"collection":[{"href":"https:\/\/candas365.es\/noticias\/wp-json\/wp\/v2\/posts"}],"about":[{"href":"https:\/\/candas365.es\/noticias\/wp-json\/wp\/v2\/types\/post"}],"author":[{"embeddable":true,"href":"https:\/\/candas365.es\/noticias\/wp-json\/wp\/v2\/users\/1"}],"replies":[{"embeddable":true,"href":"https:\/\/candas365.es\/noticias\/wp-json\/wp\/v2\/comments?post=104028"}],"version-history":[{"count":0,"href":"https:\/\/candas365.es\/noticias\/wp-json\/wp\/v2\/posts\/104028\/revisions"}],"wp:featuredmedia":[{"embeddable":true,"href":"https:\/\/candas365.es\/noticias\/wp-json\/wp\/v2\/media\/84232"}],"wp:attachment":[{"href":"https:\/\/candas365.es\/noticias\/wp-json\/wp\/v2\/media?parent=104028"}],"wp:term":[{"taxonomy":"category","embeddable":true,"href":"https:\/\/candas365.es\/noticias\/wp-json\/wp\/v2\/categories?post=104028"},{"taxonomy":"post_tag","embeddable":true,"href":"https:\/\/candas365.es\/noticias\/wp-json\/wp\/v2\/tags?post=104028"}],"curies":[{"name":"wp","href":"https:\/\/api.w.org\/{rel}","templated":true}]}}