{"id":103964,"date":"2018-08-29T13:54:32","date_gmt":"2018-08-29T13:54:32","guid":{"rendered":"http:\/\/candas365.es\/noticias\/?p=103964"},"modified":"2018-08-29T14:18:15","modified_gmt":"2018-08-29T14:18:15","slug":"carreno-pone-en-marcha-jornada-la-mar-solidaria","status":"publish","type":"post","link":"https:\/\/candas365.es\/noticias\/carreno-pone-en-marcha-jornada-la-mar-solidaria\/","title":{"rendered":"Carre\u00f1o pone en marcha las jornadas \u00abLa Mar Solidaria\u201d"},"content":{"rendered":"<p><img fetchpriority=\"high\" decoding=\"async\" class=\"alignleft size-medium wp-image-103965\" src=\"https:\/\/candas365.es\/noticias\/wp-content\/uploads\/2018\/08\/discapacidad-360x270.jpg\" alt=\"\" width=\"360\" height=\"270\" srcset=\"https:\/\/candas365.es\/noticias\/wp-content\/uploads\/2018\/08\/discapacidad-360x270.jpg 360w, https:\/\/candas365.es\/noticias\/wp-content\/uploads\/2018\/08\/discapacidad-768x576.jpg 768w, https:\/\/candas365.es\/noticias\/wp-content\/uploads\/2018\/08\/discapacidad-640x480.jpg 640w, https:\/\/candas365.es\/noticias\/wp-content\/uploads\/2018\/08\/discapacidad-80x60.jpg 80w, https:\/\/candas365.es\/noticias\/wp-content\/uploads\/2018\/08\/discapacidad-265x198.jpg 265w, https:\/\/candas365.es\/noticias\/wp-content\/uploads\/2018\/08\/discapacidad-696x522.jpg 696w, https:\/\/candas365.es\/noticias\/wp-content\/uploads\/2018\/08\/discapacidad-1068x801.jpg 1068w, https:\/\/candas365.es\/noticias\/wp-content\/uploads\/2018\/08\/discapacidad-560x420.jpg 560w, https:\/\/candas365.es\/noticias\/wp-content\/uploads\/2018\/08\/discapacidad.jpg 1600w\" sizes=\"(max-width: 360px) 100vw, 360px\" \/>La alcaldesa de Carre\u00f1o, Amelia Fern\u00e1ndez anunci\u00f3 este mi\u00e9rcoles mediante un comunicado de prensa que todos los jueves, viernes, fines de semana y d\u00edas festivos las personas con movilidad reducida podr\u00e1n recibir un servicio de apoyo y acompa\u00f1amiento a la playa de Palmera en Cand\u00e1s por un per\u00edodo de una hora.<\/p>\n<p>Esta iniciativa se desarrollar\u00e1 hasta el 16 de septiembre en horario de 11.30 am hasta las 19.30 pm y las personas interesadas deber\u00e1n reservar el servicio con antelaci\u00f3n en la oficina de turismo de Carre\u00f1o, a trav\u00e9s del n\u00famero telef\u00f3nico 985 88 48 88.<\/p>\n<p>Igualmente, la alcaldesa indic\u00f3 que el proyecto est\u00e1 financiado por el consistorio, con la colaboraci\u00f3n del Principado de Asturias, a trav\u00e9s de la Consejer\u00eda de Presidencia y Participaci\u00f3n Ciudadana.<\/p>\n<p>\u201cEl objetivo de esta actividad es que aquellas personas con movilidad reducida o con discapacidad que no puedan acudir a la playa por sus propios medios, o tengan serias dificultades para hacerlo, puedan disfrutar en nuestra villa de una jornada de ba\u00f1o, lo que aporta beneficios a su salud y bienestar\u201d, afirm\u00f3 Fern\u00e1ndez.<\/p>\n<p>Adem\u00e1s, se\u00f1al\u00f3 que el Ayuntamiento de Carre\u00f1o lleva dos a\u00f1os prestando este servicio de importante valor social para aquellas personas que, por motivos de discapacidad sobrevenida, han dejado de disfrutar de la playa y del mar.<\/p>\n<p>\u201cEste servicio se ofrece entre las 11:30 y las 19:30 h. y permanecer\u00e1 activo hasta el 16 de septiembre. Este a\u00f1o se mantiene el personal asignado al mismo y se aument\u00f3 el material que se utiliza para prestar esta ayuda a las personas con discapacidad y\/o movilidad reducida, con la compra de muletas anfibias y una nueva silla redunda necesariamente en una mejora de las prestaciones\u201d, concluy\u00f3 Amelia Fern\u00e1ndez.<\/p>\n<p>Soraya Andreina P\u00e9rez<\/p>\n","protected":false},"excerpt":{"rendered":"<p>La alcaldesa de Carre\u00f1o, Amelia Fern\u00e1ndez anunci\u00f3 este mi\u00e9rcoles mediante un comunicado de prensa que todos los jueves, viernes, fines de semana y d\u00edas festivos las personas con movilidad reducida podr\u00e1n recibir un servicio de apoyo y acompa\u00f1amiento a la playa de Palmera en Cand\u00e1s por un per\u00edodo de una hora. Esta iniciativa se desarrollar\u00e1<\/p>\n","protected":false},"author":1,"featured_media":103965,"comment_status":"closed","ping_status":"closed","sticky":false,"template":"","format":"standard","meta":{"footnotes":""},"categories":[2],"tags":[],"class_list":{"0":"post-103964","1":"post","2":"type-post","3":"status-publish","4":"format-standard","5":"has-post-thumbnail","7":"category-noticias-carreno"},"aioseo_notices":[],"aioseo_head":"\n\t\t<!-- All in One SEO Pro 4.9.6.2 - aioseo.com -->\n\t<meta name=\"description\" content=\"La alcaldesa de Carre\u00f1o, Amelia Fern\u00e1ndez anunci\u00f3 este mi\u00e9rcoles mediante un comunicado de prensa que todos los jueves, viernes, fines de semana y d\u00edas festivos las personas con movilidad reducida podr\u00e1n recibir un servicio de apoyo y acompa\u00f1amiento a la playa de Palmera en Cand\u00e1s por un per\u00edodo de una hora. Esta iniciativa se desarrollar\u00e1\" \/>\n\t<meta name=\"robots\" content=\"max-image-preview:large\" \/>\n\t<meta name=\"author\" content=\"Cand\u00e1s 365\"\/>\n\t<meta name=\"google-site-verification\" content=\"UA-32230408-1\" \/>\n\t<meta name=\"msvalidate.01\" content=\"354F3CDFB2DA171B47FBE9ABF1F88D5\" \/>\n\t<meta name=\"keywords\" content=\"noticias carre\u00f1o\" \/>\n\t<link rel=\"canonical\" href=\"https:\/\/candas365.es\/noticias\/carreno-pone-en-marcha-jornada-la-mar-solidaria\/\" \/>\n\t<meta name=\"generator\" content=\"All in One SEO Pro (AIOSEO) 4.9.6.2\" \/>\n\t\t<meta property=\"og:locale\" content=\"es_ES\" \/>\n\t\t<meta property=\"og:site_name\" content=\"Cand\u00e1s 365\" \/>\n\t\t<meta property=\"og:type\" content=\"article\" \/>\n\t\t<meta property=\"og:title\" content=\"Carre\u00f1o pone en marcha las jornadas \u00abLa Mar Solidaria\u201d | Cand\u00e1s 365\" \/>\n\t\t<meta property=\"og:description\" content=\"La alcaldesa de Carre\u00f1o, Amelia Fern\u00e1ndez anunci\u00f3 este mi\u00e9rcoles mediante un comunicado de prensa que todos los jueves, viernes, fines de semana y d\u00edas festivos las personas con movilidad reducida podr\u00e1n recibir un servicio de apoyo y acompa\u00f1amiento a la playa de Palmera en Cand\u00e1s por un per\u00edodo de una hora. Esta iniciativa se desarrollar\u00e1\" \/>\n\t\t<meta property=\"og:url\" content=\"https:\/\/candas365.es\/noticias\/carreno-pone-en-marcha-jornada-la-mar-solidaria\/\" \/>\n\t\t<meta property=\"og:image\" content=\"https:\/\/candas365.es\/noticias\/wp-content\/uploads\/2018\/08\/discapacidad.jpg\" \/>\n\t\t<meta property=\"og:image:secure_url\" content=\"https:\/\/candas365.es\/noticias\/wp-content\/uploads\/2018\/08\/discapacidad.jpg\" \/>\n\t\t<meta property=\"og:image:width\" content=\"1600\" \/>\n\t\t<meta property=\"og:image:height\" content=\"1200\" \/>\n\t\t<meta property=\"article:published_time\" content=\"2018-08-29T13:54:32+00:00\" \/>\n\t\t<meta property=\"article:modified_time\" content=\"2018-08-29T14:18:15+00:00\" \/>\n\t\t<meta property=\"article:publisher\" content=\"https:\/\/www.facebook.com\/Nachofdezber\" \/>\n\t\t<meta property=\"article:author\" content=\"https:\/\/www.facebook.com\/carrenoactualidad\" \/>\n\t\t<meta name=\"twitter:card\" content=\"summary_large_image\" \/>\n\t\t<meta name=\"twitter:site\" content=\"@NabercoDigital\" \/>\n\t\t<meta name=\"twitter:title\" content=\"Carre\u00f1o pone en marcha las jornadas \u00abLa Mar Solidaria\u201d | Cand\u00e1s 365\" \/>\n\t\t<meta name=\"twitter:description\" content=\"La alcaldesa de Carre\u00f1o, Amelia Fern\u00e1ndez anunci\u00f3 este mi\u00e9rcoles mediante un comunicado de prensa que todos los jueves, viernes, fines de semana y d\u00edas festivos las personas con movilidad reducida podr\u00e1n recibir un servicio de apoyo y acompa\u00f1amiento a la playa de Palmera en Cand\u00e1s por un per\u00edodo de una hora. Esta iniciativa se desarrollar\u00e1\" \/>\n\t\t<meta name=\"twitter:creator\" content=\"@nbasturias\" \/>\n\t\t<meta name=\"twitter:image\" content=\"https:\/\/candas365.es\/noticias\/wp-content\/uploads\/2018\/08\/discapacidad.jpg\" \/>\n\t\t<meta name=\"twitter:label1\" content=\"Escrito por\" \/>\n\t\t<meta name=\"twitter:data1\" content=\"Cand\u00e1s 365\" \/>\n\t\t<meta name=\"twitter:label2\" content=\"Tiempo de lectura estimado\" \/>\n\t\t<meta name=\"twitter:data2\" content=\"2 minutos\" \/>\n\t\t<script type=\"application\/ld+json\" class=\"aioseo-schema\">\n\t\t\t{\"@context\":\"https:\\\/\\\/schema.org\",\"@graph\":[{\"@type\":\"BreadcrumbList\",\"@id\":\"https:\\\/\\\/candas365.es\\\/noticias\\\/carreno-pone-en-marcha-jornada-la-mar-solidaria\\\/#breadcrumblist\",\"itemListElement\":[{\"@type\":\"ListItem\",\"@id\":\"https:\\\/\\\/candas365.es\\\/noticias#listItem\",\"position\":1,\"name\":\"Home\",\"item\":\"https:\\\/\\\/candas365.es\\\/noticias\",\"nextItem\":{\"@type\":\"ListItem\",\"@id\":\"https:\\\/\\\/candas365.es\\\/noticias\\\/category\\\/noticias-carreno\\\/#listItem\",\"name\":\"Noticias Carre\\u00f1o\"}},{\"@type\":\"ListItem\",\"@id\":\"https:\\\/\\\/candas365.es\\\/noticias\\\/category\\\/noticias-carreno\\\/#listItem\",\"position\":2,\"name\":\"Noticias Carre\\u00f1o\",\"item\":\"https:\\\/\\\/candas365.es\\\/noticias\\\/category\\\/noticias-carreno\\\/\",\"nextItem\":{\"@type\":\"ListItem\",\"@id\":\"https:\\\/\\\/candas365.es\\\/noticias\\\/carreno-pone-en-marcha-jornada-la-mar-solidaria\\\/#listItem\",\"name\":\"Carre\\u00f1o pone en marcha las jornadas \\u00abLa Mar Solidaria\\u201d\"},\"previousItem\":{\"@type\":\"ListItem\",\"@id\":\"https:\\\/\\\/candas365.es\\\/noticias#listItem\",\"name\":\"Home\"}},{\"@type\":\"ListItem\",\"@id\":\"https:\\\/\\\/candas365.es\\\/noticias\\\/carreno-pone-en-marcha-jornada-la-mar-solidaria\\\/#listItem\",\"position\":3,\"name\":\"Carre\\u00f1o pone en marcha las jornadas \\u00abLa Mar Solidaria\\u201d\",\"previousItem\":{\"@type\":\"ListItem\",\"@id\":\"https:\\\/\\\/candas365.es\\\/noticias\\\/category\\\/noticias-carreno\\\/#listItem\",\"name\":\"Noticias Carre\\u00f1o\"}}]},{\"@type\":\"NewsArticle\",\"@id\":\"https:\\\/\\\/candas365.es\\\/noticias\\\/carreno-pone-en-marcha-jornada-la-mar-solidaria\\\/#newsarticle\",\"name\":\"Carre\\u00f1o pone en marcha las jornadas \\u00abLa Mar Solidaria\\u201d | Cand\\u00e1s 365\",\"headline\":\"Carre\\u00f1o pone en marcha las jornadas \\u00abLa Mar Solidaria\\u201d\",\"author\":{\"@id\":\"https:\\\/\\\/candas365.es\\\/noticias\\\/author\\\/admin\\\/#author\"},\"publisher\":{\"@id\":\"https:\\\/\\\/candas365.es\\\/noticias\\\/#organization\"},\"image\":{\"@type\":\"ImageObject\",\"url\":\"https:\\\/\\\/candas365.es\\\/noticias\\\/wp-content\\\/uploads\\\/2018\\\/08\\\/discapacidad.jpg\",\"width\":1600,\"height\":1200},\"datePublished\":\"2018-08-29T13:54:32+02:00\",\"dateModified\":\"2018-08-29T14:18:15+02:00\",\"inLanguage\":\"es-ES\",\"mainEntityOfPage\":{\"@id\":\"https:\\\/\\\/candas365.es\\\/noticias\\\/carreno-pone-en-marcha-jornada-la-mar-solidaria\\\/#webpage\"},\"isPartOf\":{\"@id\":\"https:\\\/\\\/candas365.es\\\/noticias\\\/carreno-pone-en-marcha-jornada-la-mar-solidaria\\\/#webpage\"},\"articleSection\":\"Noticias Carre\\u00f1o\",\"dateline\":\"Publicado el agosto 29, 2018.\"},{\"@type\":\"Organization\",\"@id\":\"https:\\\/\\\/candas365.es\\\/noticias\\\/#organization\",\"name\":\"Cand\\u00e1s 365\",\"description\":\"Cand\\u00e1s 365 es un diario digital independiente, fundado en 2012, con base en Asturias. Informamos con rigor sobre actualidad, sociedad, cultura y ocio, con una mirada local y global.\",\"url\":\"https:\\\/\\\/candas365.es\\\/noticias\\\/\",\"email\":\"info@candas365.es\",\"telephone\":\"+34652131393\",\"foundingDate\":\"2012-06-10\",\"logo\":{\"@type\":\"ImageObject\",\"url\":\"https:\\\/\\\/candas365.es\\\/noticias\\\/wp-content\\\/uploads\\\/2024\\\/09\\\/Candas-365-Redes.jpg\",\"@id\":\"https:\\\/\\\/candas365.es\\\/noticias\\\/carreno-pone-en-marcha-jornada-la-mar-solidaria\\\/#organizationLogo\",\"width\":1152,\"height\":864,\"caption\":\"Cand\\u00e1s 365 Redes\"},\"image\":{\"@id\":\"https:\\\/\\\/candas365.es\\\/noticias\\\/carreno-pone-en-marcha-jornada-la-mar-solidaria\\\/#organizationLogo\"},\"sameAs\":[\"https:\\\/\\\/www.facebook.com\\\/Nachofdezber\",\"https:\\\/\\\/x.com\\\/NabercoDigital\",\"https:\\\/\\\/www.instagram.com\\\/nachofdezber\\\/\",\"https:\\\/\\\/www.youtube.com\\\/channel\\\/UCZP-2wLEB9Rv6erhFmqVnvg\"],\"address\":{\"@id\":\"https:\\\/\\\/candas365.es\\\/noticias\\\/#postaladdress\",\"@type\":\"PostalAddress\",\"streetAddress\":\"san antonio 4, san antonio 4\",\"postalCode\":\"33430\",\"addressLocality\":\"Cand\\u00e1s\",\"addressRegion\":\"Asturias\",\"addressCountry\":\"ES\"}},{\"@type\":\"Person\",\"@id\":\"https:\\\/\\\/candas365.es\\\/noticias\\\/author\\\/admin\\\/#author\",\"url\":\"https:\\\/\\\/candas365.es\\\/noticias\\\/author\\\/admin\\\/\",\"name\":\"Cand\\u00e1s 365\",\"image\":{\"@type\":\"ImageObject\",\"@id\":\"https:\\\/\\\/candas365.es\\\/noticias\\\/carreno-pone-en-marcha-jornada-la-mar-solidaria\\\/#authorImage\",\"url\":\"https:\\\/\\\/secure.gravatar.com\\\/avatar\\\/496a8e03d0c493ede1718b7934145dbdf8d89be1036b0eec9544e1094c9de390?s=96&d=mm&r=g\",\"width\":96,\"height\":96,\"caption\":\"Cand\\u00e1s 365\"},\"sameAs\":[\"https:\\\/\\\/www.facebook.com\\\/carrenoactualidad\",\"https:\\\/\\\/twitter.com\\\/nbasturias\",\"https:\\\/\\\/www.instagram.com\\\/nachofdezber\\\/\",\"https:\\\/\\\/www.youtube.com\\\/channel\\\/UCZP-2wLEB9Rv6erhFmqVnvg\"]},{\"@type\":\"WebPage\",\"@id\":\"https:\\\/\\\/candas365.es\\\/noticias\\\/carreno-pone-en-marcha-jornada-la-mar-solidaria\\\/#webpage\",\"url\":\"https:\\\/\\\/candas365.es\\\/noticias\\\/carreno-pone-en-marcha-jornada-la-mar-solidaria\\\/\",\"name\":\"Carre\\u00f1o pone en marcha las jornadas \\u00abLa Mar Solidaria\\u201d | Cand\\u00e1s 365\",\"description\":\"La alcaldesa de Carre\\u00f1o, Amelia Fern\\u00e1ndez anunci\\u00f3 este mi\\u00e9rcoles mediante un comunicado de prensa que todos los jueves, viernes, fines de semana y d\\u00edas festivos las personas con movilidad reducida podr\\u00e1n recibir un servicio de apoyo y acompa\\u00f1amiento a la playa de Palmera en Cand\\u00e1s por un per\\u00edodo de una hora. Esta iniciativa se desarrollar\\u00e1\",\"inLanguage\":\"es-ES\",\"isPartOf\":{\"@id\":\"https:\\\/\\\/candas365.es\\\/noticias\\\/#website\"},\"breadcrumb\":{\"@id\":\"https:\\\/\\\/candas365.es\\\/noticias\\\/carreno-pone-en-marcha-jornada-la-mar-solidaria\\\/#breadcrumblist\"},\"author\":{\"@id\":\"https:\\\/\\\/candas365.es\\\/noticias\\\/author\\\/admin\\\/#author\"},\"creator\":{\"@id\":\"https:\\\/\\\/candas365.es\\\/noticias\\\/author\\\/admin\\\/#author\"},\"image\":{\"@type\":\"ImageObject\",\"url\":\"https:\\\/\\\/candas365.es\\\/noticias\\\/wp-content\\\/uploads\\\/2018\\\/08\\\/discapacidad.jpg\",\"@id\":\"https:\\\/\\\/candas365.es\\\/noticias\\\/carreno-pone-en-marcha-jornada-la-mar-solidaria\\\/#mainImage\",\"width\":1600,\"height\":1200},\"primaryImageOfPage\":{\"@id\":\"https:\\\/\\\/candas365.es\\\/noticias\\\/carreno-pone-en-marcha-jornada-la-mar-solidaria\\\/#mainImage\"},\"datePublished\":\"2018-08-29T13:54:32+02:00\",\"dateModified\":\"2018-08-29T14:18:15+02:00\"},{\"@type\":\"WebSite\",\"@id\":\"https:\\\/\\\/candas365.es\\\/noticias\\\/#website\",\"url\":\"https:\\\/\\\/candas365.es\\\/noticias\\\/\",\"name\":\"Cand\\u00e1s 365\",\"alternateName\":\"Cand\\u00e1s 365 Noticias\",\"description\":\"Actualidad desde Carre\\u00f1o para el mundo\",\"inLanguage\":\"es-ES\",\"publisher\":{\"@id\":\"https:\\\/\\\/candas365.es\\\/noticias\\\/#organization\"}}]}\n\t\t<\/script>\n\t\t<!-- All in One SEO Pro -->\r\n\t\t<title>Carre\u00f1o pone en marcha las jornadas \u00abLa Mar Solidaria\u201d | Cand\u00e1s 365<\/title>\n\n","aioseo_head_json":{"title":"Carre\u00f1o pone en marcha las jornadas \u00abLa Mar Solidaria\u201d | Cand\u00e1s 365","description":"La alcaldesa de Carre\u00f1o, Amelia Fern\u00e1ndez anunci\u00f3 este mi\u00e9rcoles mediante un comunicado de prensa que todos los jueves, viernes, fines de semana y d\u00edas festivos las personas con movilidad reducida podr\u00e1n recibir un servicio de apoyo y acompa\u00f1amiento a la playa de Palmera en Cand\u00e1s por un per\u00edodo de una hora. Esta iniciativa se desarrollar\u00e1","canonical_url":"https:\/\/candas365.es\/noticias\/carreno-pone-en-marcha-jornada-la-mar-solidaria\/","robots":"max-image-preview:large","keywords":"noticias carre\u00f1o","webmasterTools":{"google-site-verification":"UA-32230408-1","msvalidate.01":"354F3CDFB2DA171B47FBE9ABF1F88D5","miscellaneous":""},"schema":{"@context":"https:\/\/schema.org","@graph":[{"@type":"BreadcrumbList","@id":"https:\/\/candas365.es\/noticias\/carreno-pone-en-marcha-jornada-la-mar-solidaria\/#breadcrumblist","itemListElement":[{"@type":"ListItem","@id":"https:\/\/candas365.es\/noticias#listItem","position":1,"name":"Home","item":"https:\/\/candas365.es\/noticias","nextItem":{"@type":"ListItem","@id":"https:\/\/candas365.es\/noticias\/category\/noticias-carreno\/#listItem","name":"Noticias Carre\u00f1o"}},{"@type":"ListItem","@id":"https:\/\/candas365.es\/noticias\/category\/noticias-carreno\/#listItem","position":2,"name":"Noticias Carre\u00f1o","item":"https:\/\/candas365.es\/noticias\/category\/noticias-carreno\/","nextItem":{"@type":"ListItem","@id":"https:\/\/candas365.es\/noticias\/carreno-pone-en-marcha-jornada-la-mar-solidaria\/#listItem","name":"Carre\u00f1o pone en marcha las jornadas \u00abLa Mar Solidaria\u201d"},"previousItem":{"@type":"ListItem","@id":"https:\/\/candas365.es\/noticias#listItem","name":"Home"}},{"@type":"ListItem","@id":"https:\/\/candas365.es\/noticias\/carreno-pone-en-marcha-jornada-la-mar-solidaria\/#listItem","position":3,"name":"Carre\u00f1o pone en marcha las jornadas \u00abLa Mar Solidaria\u201d","previousItem":{"@type":"ListItem","@id":"https:\/\/candas365.es\/noticias\/category\/noticias-carreno\/#listItem","name":"Noticias Carre\u00f1o"}}]},{"@type":"NewsArticle","@id":"https:\/\/candas365.es\/noticias\/carreno-pone-en-marcha-jornada-la-mar-solidaria\/#newsarticle","name":"Carre\u00f1o pone en marcha las jornadas \u00abLa Mar Solidaria\u201d | Cand\u00e1s 365","headline":"Carre\u00f1o pone en marcha las jornadas \u00abLa Mar Solidaria\u201d","author":{"@id":"https:\/\/candas365.es\/noticias\/author\/admin\/#author"},"publisher":{"@id":"https:\/\/candas365.es\/noticias\/#organization"},"image":{"@type":"ImageObject","url":"https:\/\/candas365.es\/noticias\/wp-content\/uploads\/2018\/08\/discapacidad.jpg","width":1600,"height":1200},"datePublished":"2018-08-29T13:54:32+02:00","dateModified":"2018-08-29T14:18:15+02:00","inLanguage":"es-ES","mainEntityOfPage":{"@id":"https:\/\/candas365.es\/noticias\/carreno-pone-en-marcha-jornada-la-mar-solidaria\/#webpage"},"isPartOf":{"@id":"https:\/\/candas365.es\/noticias\/carreno-pone-en-marcha-jornada-la-mar-solidaria\/#webpage"},"articleSection":"Noticias Carre\u00f1o","dateline":"Publicado el agosto 29, 2018."},{"@type":"Organization","@id":"https:\/\/candas365.es\/noticias\/#organization","name":"Cand\u00e1s 365","description":"Cand\u00e1s 365 es un diario digital independiente, fundado en 2012, con base en Asturias. Informamos con rigor sobre actualidad, sociedad, cultura y ocio, con una mirada local y global.","url":"https:\/\/candas365.es\/noticias\/","email":"info@candas365.es","telephone":"+34652131393","foundingDate":"2012-06-10","logo":{"@type":"ImageObject","url":"https:\/\/candas365.es\/noticias\/wp-content\/uploads\/2024\/09\/Candas-365-Redes.jpg","@id":"https:\/\/candas365.es\/noticias\/carreno-pone-en-marcha-jornada-la-mar-solidaria\/#organizationLogo","width":1152,"height":864,"caption":"Cand\u00e1s 365 Redes"},"image":{"@id":"https:\/\/candas365.es\/noticias\/carreno-pone-en-marcha-jornada-la-mar-solidaria\/#organizationLogo"},"sameAs":["https:\/\/www.facebook.com\/Nachofdezber","https:\/\/x.com\/NabercoDigital","https:\/\/www.instagram.com\/nachofdezber\/","https:\/\/www.youtube.com\/channel\/UCZP-2wLEB9Rv6erhFmqVnvg"],"address":{"@id":"https:\/\/candas365.es\/noticias\/#postaladdress","@type":"PostalAddress","streetAddress":"san antonio 4, san antonio 4","postalCode":"33430","addressLocality":"Cand\u00e1s","addressRegion":"Asturias","addressCountry":"ES"}},{"@type":"Person","@id":"https:\/\/candas365.es\/noticias\/author\/admin\/#author","url":"https:\/\/candas365.es\/noticias\/author\/admin\/","name":"Cand\u00e1s 365","image":{"@type":"ImageObject","@id":"https:\/\/candas365.es\/noticias\/carreno-pone-en-marcha-jornada-la-mar-solidaria\/#authorImage","url":"https:\/\/secure.gravatar.com\/avatar\/496a8e03d0c493ede1718b7934145dbdf8d89be1036b0eec9544e1094c9de390?s=96&d=mm&r=g","width":96,"height":96,"caption":"Cand\u00e1s 365"},"sameAs":["https:\/\/www.facebook.com\/carrenoactualidad","https:\/\/twitter.com\/nbasturias","https:\/\/www.instagram.com\/nachofdezber\/","https:\/\/www.youtube.com\/channel\/UCZP-2wLEB9Rv6erhFmqVnvg"]},{"@type":"WebPage","@id":"https:\/\/candas365.es\/noticias\/carreno-pone-en-marcha-jornada-la-mar-solidaria\/#webpage","url":"https:\/\/candas365.es\/noticias\/carreno-pone-en-marcha-jornada-la-mar-solidaria\/","name":"Carre\u00f1o pone en marcha las jornadas \u00abLa Mar Solidaria\u201d | Cand\u00e1s 365","description":"La alcaldesa de Carre\u00f1o, Amelia Fern\u00e1ndez anunci\u00f3 este mi\u00e9rcoles mediante un comunicado de prensa que todos los jueves, viernes, fines de semana y d\u00edas festivos las personas con movilidad reducida podr\u00e1n recibir un servicio de apoyo y acompa\u00f1amiento a la playa de Palmera en Cand\u00e1s por un per\u00edodo de una hora. Esta iniciativa se desarrollar\u00e1","inLanguage":"es-ES","isPartOf":{"@id":"https:\/\/candas365.es\/noticias\/#website"},"breadcrumb":{"@id":"https:\/\/candas365.es\/noticias\/carreno-pone-en-marcha-jornada-la-mar-solidaria\/#breadcrumblist"},"author":{"@id":"https:\/\/candas365.es\/noticias\/author\/admin\/#author"},"creator":{"@id":"https:\/\/candas365.es\/noticias\/author\/admin\/#author"},"image":{"@type":"ImageObject","url":"https:\/\/candas365.es\/noticias\/wp-content\/uploads\/2018\/08\/discapacidad.jpg","@id":"https:\/\/candas365.es\/noticias\/carreno-pone-en-marcha-jornada-la-mar-solidaria\/#mainImage","width":1600,"height":1200},"primaryImageOfPage":{"@id":"https:\/\/candas365.es\/noticias\/carreno-pone-en-marcha-jornada-la-mar-solidaria\/#mainImage"},"datePublished":"2018-08-29T13:54:32+02:00","dateModified":"2018-08-29T14:18:15+02:00"},{"@type":"WebSite","@id":"https:\/\/candas365.es\/noticias\/#website","url":"https:\/\/candas365.es\/noticias\/","name":"Cand\u00e1s 365","alternateName":"Cand\u00e1s 365 Noticias","description":"Actualidad desde Carre\u00f1o para el mundo","inLanguage":"es-ES","publisher":{"@id":"https:\/\/candas365.es\/noticias\/#organization"}}]},"og:locale":"es_ES","og:site_name":"Cand\u00e1s 365","og:type":"article","og:title":"Carre\u00f1o pone en marcha las jornadas \u00abLa Mar Solidaria\u201d | Cand\u00e1s 365","og:description":"La alcaldesa de Carre\u00f1o, Amelia Fern\u00e1ndez anunci\u00f3 este mi\u00e9rcoles mediante un comunicado de prensa que todos los jueves, viernes, fines de semana y d\u00edas festivos las personas con movilidad reducida podr\u00e1n recibir un servicio de apoyo y acompa\u00f1amiento a la playa de Palmera en Cand\u00e1s por un per\u00edodo de una hora. Esta iniciativa se desarrollar\u00e1","og:url":"https:\/\/candas365.es\/noticias\/carreno-pone-en-marcha-jornada-la-mar-solidaria\/","og:image":"https:\/\/candas365.es\/noticias\/wp-content\/uploads\/2018\/08\/discapacidad.jpg","og:image:secure_url":"https:\/\/candas365.es\/noticias\/wp-content\/uploads\/2018\/08\/discapacidad.jpg","og:image:width":1600,"og:image:height":1200,"article:published_time":"2018-08-29T13:54:32+00:00","article:modified_time":"2018-08-29T14:18:15+00:00","article:publisher":"https:\/\/www.facebook.com\/Nachofdezber","article:author":"https:\/\/www.facebook.com\/carrenoactualidad","twitter:card":"summary_large_image","twitter:site":"@NabercoDigital","twitter:title":"Carre\u00f1o pone en marcha las jornadas \u00abLa Mar Solidaria\u201d | Cand\u00e1s 365","twitter:description":"La alcaldesa de Carre\u00f1o, Amelia Fern\u00e1ndez anunci\u00f3 este mi\u00e9rcoles mediante un comunicado de prensa que todos los jueves, viernes, fines de semana y d\u00edas festivos las personas con movilidad reducida podr\u00e1n recibir un servicio de apoyo y acompa\u00f1amiento a la playa de Palmera en Cand\u00e1s por un per\u00edodo de una hora. Esta iniciativa se desarrollar\u00e1","twitter:creator":"@nbasturias","twitter:image":"https:\/\/candas365.es\/noticias\/wp-content\/uploads\/2018\/08\/discapacidad.jpg","twitter:label1":"Escrito por","twitter:data1":"Cand\u00e1s 365","twitter:label2":"Tiempo de lectura estimado","twitter:data2":"2 minutos"},"aioseo_meta_data":{"post_id":"103964","title":null,"description":null,"keywords":null,"keyphrases":null,"primary_term":null,"canonical_url":null,"og_title":null,"og_description":null,"og_object_type":"default","og_image_type":"default","og_image_url":null,"og_image_width":null,"og_image_height":null,"og_image_custom_url":null,"og_image_custom_fields":null,"og_video":null,"og_custom_url":null,"og_article_section":null,"og_article_tags":null,"twitter_use_og":false,"twitter_card":"default","twitter_image_type":"default","twitter_image_url":null,"twitter_image_custom_url":null,"twitter_image_custom_fields":null,"twitter_title":null,"twitter_description":null,"schema":{"blockGraphs":[],"customGraphs":[],"default":{"data":{"Article":[],"Course":[],"Dataset":[],"FAQPage":[],"Movie":[],"Person":[],"Product":[],"ProductReview":[],"Car":[],"Recipe":[],"Service":[],"SoftwareApplication":[],"WebPage":[]},"graphName":"","isEnabled":true},"graphs":[],"defaultGraph":"","defaultPostTypeGraph":""},"schema_type":null,"schema_type_options":null,"pillar_content":false,"robots_default":true,"robots_noindex":false,"robots_noarchive":false,"robots_nosnippet":false,"robots_nofollow":false,"robots_noimageindex":false,"robots_noodp":false,"robots_notranslate":false,"robots_max_snippet":null,"robots_max_videopreview":null,"robots_max_imagepreview":"large","priority":null,"frequency":null,"location":null,"local_seo":null,"seo_analyzer_scan_date":"2025-08-27 18:16:16","breadcrumb_settings":null,"limit_modified_date":false,"reviewed_by":null,"open_ai":null,"ai":null,"created":"2020-12-21 11:46:15","updated":"2025-08-27 18:16:16"},"aioseo_breadcrumb":"<div class=\"aioseo-breadcrumbs\"><span class=\"aioseo-breadcrumb\">\n\t<a href=\"https:\/\/candas365.es\/noticias\" title=\"Home\">Home<\/a>\n<\/span><span class=\"aioseo-breadcrumb-separator\">&ndash;<\/span><span class=\"aioseo-breadcrumb\">\n\t<a href=\"https:\/\/candas365.es\/noticias\/category\/noticias-carreno\/\" title=\"Noticias Carre\u00f1o\">Noticias Carre\u00f1o<\/a>\n<\/span><span class=\"aioseo-breadcrumb-separator\">&ndash;<\/span><span class=\"aioseo-breadcrumb\">\n\tCarre\u00f1o pone en marcha las jornadas \u00abLa Mar Solidaria\u201d\n<\/span><\/div>","aioseo_breadcrumb_json":[{"label":"Home","link":"https:\/\/candas365.es\/noticias"},{"label":"Noticias Carre\u00f1o","link":"https:\/\/candas365.es\/noticias\/category\/noticias-carreno\/"},{"label":"Carre\u00f1o pone en marcha las jornadas \u00abLa Mar Solidaria\u201d","link":"https:\/\/candas365.es\/noticias\/carreno-pone-en-marcha-jornada-la-mar-solidaria\/"}],"_links":{"self":[{"href":"https:\/\/candas365.es\/noticias\/wp-json\/wp\/v2\/posts\/103964","targetHints":{"allow":["GET"]}}],"collection":[{"href":"https:\/\/candas365.es\/noticias\/wp-json\/wp\/v2\/posts"}],"about":[{"href":"https:\/\/candas365.es\/noticias\/wp-json\/wp\/v2\/types\/post"}],"author":[{"embeddable":true,"href":"https:\/\/candas365.es\/noticias\/wp-json\/wp\/v2\/users\/1"}],"replies":[{"embeddable":true,"href":"https:\/\/candas365.es\/noticias\/wp-json\/wp\/v2\/comments?post=103964"}],"version-history":[{"count":0,"href":"https:\/\/candas365.es\/noticias\/wp-json\/wp\/v2\/posts\/103964\/revisions"}],"wp:featuredmedia":[{"embeddable":true,"href":"https:\/\/candas365.es\/noticias\/wp-json\/wp\/v2\/media\/103965"}],"wp:attachment":[{"href":"https:\/\/candas365.es\/noticias\/wp-json\/wp\/v2\/media?parent=103964"}],"wp:term":[{"taxonomy":"category","embeddable":true,"href":"https:\/\/candas365.es\/noticias\/wp-json\/wp\/v2\/categories?post=103964"},{"taxonomy":"post_tag","embeddable":true,"href":"https:\/\/candas365.es\/noticias\/wp-json\/wp\/v2\/tags?post=103964"}],"curies":[{"name":"wp","href":"https:\/\/api.w.org\/{rel}","templated":true}]}}