{"id":103955,"date":"2018-08-29T11:47:21","date_gmt":"2018-08-29T11:47:21","guid":{"rendered":"http:\/\/candas365.es\/noticias\/?p=103955"},"modified":"2018-08-29T11:47:21","modified_gmt":"2018-08-29T11:47:21","slug":"la-factoria-musical-de-carrio-va-tomando-forma","status":"publish","type":"post","link":"https:\/\/candas365.es\/noticias\/la-factoria-musical-de-carrio-va-tomando-forma\/","title":{"rendered":"La Factor\u00eda Musical de Carri\u00f3 va tomando forma"},"content":{"rendered":"<p><img fetchpriority=\"high\" decoding=\"async\" class=\"alignleft size-medium wp-image-103956\" src=\"https:\/\/candas365.es\/noticias\/wp-content\/uploads\/2018\/08\/XMSJ5608-360x270.jpg\" alt=\"\" width=\"360\" height=\"270\" srcset=\"https:\/\/candas365.es\/noticias\/wp-content\/uploads\/2018\/08\/XMSJ5608-360x270.jpg 360w, https:\/\/candas365.es\/noticias\/wp-content\/uploads\/2018\/08\/XMSJ5608-768x576.jpg 768w, https:\/\/candas365.es\/noticias\/wp-content\/uploads\/2018\/08\/XMSJ5608-640x480.jpg 640w, https:\/\/candas365.es\/noticias\/wp-content\/uploads\/2018\/08\/XMSJ5608-80x60.jpg 80w, https:\/\/candas365.es\/noticias\/wp-content\/uploads\/2018\/08\/XMSJ5608-265x198.jpg 265w, https:\/\/candas365.es\/noticias\/wp-content\/uploads\/2018\/08\/XMSJ5608-696x522.jpg 696w, https:\/\/candas365.es\/noticias\/wp-content\/uploads\/2018\/08\/XMSJ5608-1068x801.jpg 1068w, https:\/\/candas365.es\/noticias\/wp-content\/uploads\/2018\/08\/XMSJ5608-560x420.jpg 560w, https:\/\/candas365.es\/noticias\/wp-content\/uploads\/2018\/08\/XMSJ5608.jpg 1600w\" sizes=\"(max-width: 360px) 100vw, 360px\" \/>El m\u00f3dulo formativo ocupacional \u201c Operaciones Auxiliares de Acabados R\u00edgidos y Urbanizaci\u00f3n\u201d de la familia \u201cEdificaci\u00f3n y obra civil\u201d del Programa Act\u00edvate, que promueve el Ayuntamiento de Carre\u00f1o, ultima las obras de reforma exterior y mejora de la accesibilidad del CIR de Carri\u00f3 para alojar a la futura Factor\u00eda Musical de Carri\u00f3.<\/p>\n<p>El Ayuntamiento de Carre\u00f1o, impuls\u00f3 a trav\u00e9s de la inversi\u00f3n que ascender\u00e1 a 97.951,40.- euros y la contrataci\u00f3n de 12 personas, la reforma exterior, con objeto de mejorar la impermeabilizaci\u00f3n y el aislamiento t\u00e9rmico del edificio, mediante la aplicaci\u00f3n de varias capas de mortero por el exterior de las cuatro fachadas del edificio y la mejora de la accesibilidad, ejecutando una acerca accesible.<\/p>\n<p>Pero, el consistorio carre\u00f1ense, no solo busca la ejecuci\u00f3n de las mejoras exteriores del edificio de Carri\u00f3, sino que tiene un objetivo complementario no menos relevante, que es proporcionar a diez personas mayores de 45 a\u00f1os con una larga permanencia en situaci\u00f3n de desempleo, una experiencia mixta de formaci\u00f3n y empleo. Nada menos que 340 horas de formaci\u00f3n ocupacional espec\u00edfica correspondientes al Certificado de Profesionalidad \u201cOperaciones auxiliares de acabados r\u00edgidos y urbanizaci\u00f3n\u201d, formaci\u00f3n pr\u00e1ctica y un empleo durante seis meses, que les permita, adem\u00e1s de obtener el t\u00edtulo del Certificado de Profesionalidad, adquirir las habilidades para su inserci\u00f3n en el \u00e1mbito laboral normalizado, mejorando sus capacidades, actitudes y conductas. Para ello, los diez participantes, cuentan con un monitor especializado en el oficio y un mentor que les tutoriza e imparte la formaci\u00f3n complementaria, transversal y de orientaci\u00f3n laboral. El mentor del mismo es el arquitecto Pedro Samara y el monitor del m\u00f3dulo es Francisco Alonso. Este programa concluir\u00e1 el 30 de septiembre despu\u00e9s de seis meses de formaci\u00f3n y empleo.<\/p>\n<p>Cabe destacar, que el Ayuntamiento de Carre\u00f1o ha sido uno de los 18 ayuntamientos asturianos que en 2018 ofrece este Programa de Formaci\u00f3n en Alternancia con el Empleo \u201cAct\u00edvate\u201d con un total de 30 proyectos cofinanciados por el Principado de Asturias de los 77 solicitudes presentadas por los ayuntamientos asturianos.<\/p>\n<p>\u201cSe han saneado y limpiado los paramentos exteriores y posteriormente se ha ejecutado un z\u00f3calo de piedra natural, y se ha aplicado al resto de la superficie un mortero monocapa termoaislante que mejora la impermeabilizaci\u00f3n y el aislamiento t\u00e9rmico del edificio. Adem\u00e1s, se han suprimido las barreras arquitect\u00f3nicas posibilitando una accesibilidad universal al Centro\u201d \u2013 explic\u00f3 On\u00e9simo Velasco, edil de obras.<\/p>\n<p>\u201cTodo ello ha sido posible debido a la formaci\u00f3n del alumnado recibida previamente por el monitor y el mentor del Programa, que han desarrollado el temario del m\u00f3dulo y que consisti\u00f3, entre otros, en realizar trabajos auxiliares en obras de construcci\u00f3n, elaborar pastas, morteros, adhesivos y hormigones, as\u00ed como sanear y regularizar soportes y preparar piezas y tratar las superficies para revestirlas con piezas r\u00edgidas, y en todo momento impartir la respectiva Prevenci\u00f3n de Riesgos Laborales\u201d \u2013 concluy\u00f3 el concejal.<\/p>\n","protected":false},"excerpt":{"rendered":"<p>El m\u00f3dulo formativo ocupacional \u201c Operaciones Auxiliares de Acabados R\u00edgidos y Urbanizaci\u00f3n\u201d de la familia \u201cEdificaci\u00f3n y obra civil\u201d del Programa Act\u00edvate, que promueve el Ayuntamiento de Carre\u00f1o, ultima las obras de reforma exterior y mejora de la accesibilidad del CIR de Carri\u00f3 para alojar a la futura Factor\u00eda Musical de Carri\u00f3. El Ayuntamiento de<\/p>\n","protected":false},"author":1,"featured_media":103956,"comment_status":"closed","ping_status":"closed","sticky":false,"template":"","format":"standard","meta":{"footnotes":""},"categories":[2],"tags":[],"class_list":{"0":"post-103955","1":"post","2":"type-post","3":"status-publish","4":"format-standard","5":"has-post-thumbnail","7":"category-noticias-carreno"},"aioseo_notices":[],"aioseo_head":"\n\t\t<!-- All in One SEO Pro 4.9.6.2 - aioseo.com -->\n\t<meta name=\"description\" content=\"El m\u00f3dulo formativo ocupacional \u201c Operaciones Auxiliares de Acabados R\u00edgidos y Urbanizaci\u00f3n\u201d de la familia \u201cEdificaci\u00f3n y obra civil\u201d del Programa Act\u00edvate, que promueve el Ayuntamiento de Carre\u00f1o, ultima las obras de reforma exterior y mejora de la accesibilidad del CIR de Carri\u00f3 para alojar a la futura Factor\u00eda Musical de Carri\u00f3. El Ayuntamiento de\" \/>\n\t<meta name=\"robots\" content=\"max-image-preview:large\" \/>\n\t<meta name=\"author\" content=\"Cand\u00e1s 365\"\/>\n\t<meta name=\"google-site-verification\" content=\"UA-32230408-1\" \/>\n\t<meta name=\"msvalidate.01\" content=\"354F3CDFB2DA171B47FBE9ABF1F88D5\" \/>\n\t<meta name=\"keywords\" content=\"noticias carre\u00f1o\" \/>\n\t<link rel=\"canonical\" href=\"https:\/\/candas365.es\/noticias\/la-factoria-musical-de-carrio-va-tomando-forma\/\" \/>\n\t<meta name=\"generator\" content=\"All in One SEO Pro (AIOSEO) 4.9.6.2\" \/>\n\t\t<meta property=\"og:locale\" content=\"es_ES\" \/>\n\t\t<meta property=\"og:site_name\" content=\"Cand\u00e1s 365\" \/>\n\t\t<meta property=\"og:type\" content=\"article\" \/>\n\t\t<meta property=\"og:title\" content=\"La Factor\u00eda Musical de Carri\u00f3 va tomando forma | Cand\u00e1s 365\" \/>\n\t\t<meta property=\"og:description\" content=\"El m\u00f3dulo formativo ocupacional \u201c Operaciones Auxiliares de Acabados R\u00edgidos y Urbanizaci\u00f3n\u201d de la familia \u201cEdificaci\u00f3n y obra civil\u201d del Programa Act\u00edvate, que promueve el Ayuntamiento de Carre\u00f1o, ultima las obras de reforma exterior y mejora de la accesibilidad del CIR de Carri\u00f3 para alojar a la futura Factor\u00eda Musical de Carri\u00f3. El Ayuntamiento de\" \/>\n\t\t<meta property=\"og:url\" content=\"https:\/\/candas365.es\/noticias\/la-factoria-musical-de-carrio-va-tomando-forma\/\" \/>\n\t\t<meta property=\"og:image\" content=\"https:\/\/candas365.es\/noticias\/wp-content\/uploads\/2018\/08\/XMSJ5608.jpg\" \/>\n\t\t<meta property=\"og:image:secure_url\" content=\"https:\/\/candas365.es\/noticias\/wp-content\/uploads\/2018\/08\/XMSJ5608.jpg\" \/>\n\t\t<meta property=\"og:image:width\" content=\"1600\" \/>\n\t\t<meta property=\"og:image:height\" content=\"1200\" \/>\n\t\t<meta property=\"article:published_time\" content=\"2018-08-29T11:47:21+00:00\" \/>\n\t\t<meta property=\"article:modified_time\" content=\"2018-08-29T11:47:21+00:00\" \/>\n\t\t<meta property=\"article:publisher\" content=\"https:\/\/www.facebook.com\/Nachofdezber\" \/>\n\t\t<meta property=\"article:author\" content=\"https:\/\/www.facebook.com\/carrenoactualidad\" \/>\n\t\t<meta name=\"twitter:card\" content=\"summary_large_image\" \/>\n\t\t<meta name=\"twitter:site\" content=\"@NabercoDigital\" \/>\n\t\t<meta name=\"twitter:title\" content=\"La Factor\u00eda Musical de Carri\u00f3 va tomando forma | Cand\u00e1s 365\" \/>\n\t\t<meta name=\"twitter:description\" content=\"El m\u00f3dulo formativo ocupacional \u201c Operaciones Auxiliares de Acabados R\u00edgidos y Urbanizaci\u00f3n\u201d de la familia \u201cEdificaci\u00f3n y obra civil\u201d del Programa Act\u00edvate, que promueve el Ayuntamiento de Carre\u00f1o, ultima las obras de reforma exterior y mejora de la accesibilidad del CIR de Carri\u00f3 para alojar a la futura Factor\u00eda Musical de Carri\u00f3. El Ayuntamiento de\" \/>\n\t\t<meta name=\"twitter:creator\" content=\"@nbasturias\" \/>\n\t\t<meta name=\"twitter:image\" content=\"https:\/\/candas365.es\/noticias\/wp-content\/uploads\/2018\/08\/XMSJ5608.jpg\" \/>\n\t\t<meta name=\"twitter:label1\" content=\"Escrito por\" \/>\n\t\t<meta name=\"twitter:data1\" content=\"Cand\u00e1s 365\" \/>\n\t\t<meta name=\"twitter:label2\" content=\"Tiempo de lectura estimado\" \/>\n\t\t<meta name=\"twitter:data2\" content=\"3 minutos\" \/>\n\t\t<script type=\"application\/ld+json\" class=\"aioseo-schema\">\n\t\t\t{\"@context\":\"https:\\\/\\\/schema.org\",\"@graph\":[{\"@type\":\"BreadcrumbList\",\"@id\":\"https:\\\/\\\/candas365.es\\\/noticias\\\/la-factoria-musical-de-carrio-va-tomando-forma\\\/#breadcrumblist\",\"itemListElement\":[{\"@type\":\"ListItem\",\"@id\":\"https:\\\/\\\/candas365.es\\\/noticias#listItem\",\"position\":1,\"name\":\"Home\",\"item\":\"https:\\\/\\\/candas365.es\\\/noticias\",\"nextItem\":{\"@type\":\"ListItem\",\"@id\":\"https:\\\/\\\/candas365.es\\\/noticias\\\/category\\\/noticias-carreno\\\/#listItem\",\"name\":\"Noticias Carre\\u00f1o\"}},{\"@type\":\"ListItem\",\"@id\":\"https:\\\/\\\/candas365.es\\\/noticias\\\/category\\\/noticias-carreno\\\/#listItem\",\"position\":2,\"name\":\"Noticias Carre\\u00f1o\",\"item\":\"https:\\\/\\\/candas365.es\\\/noticias\\\/category\\\/noticias-carreno\\\/\",\"nextItem\":{\"@type\":\"ListItem\",\"@id\":\"https:\\\/\\\/candas365.es\\\/noticias\\\/la-factoria-musical-de-carrio-va-tomando-forma\\\/#listItem\",\"name\":\"La Factor\\u00eda Musical de Carri\\u00f3 va tomando forma\"},\"previousItem\":{\"@type\":\"ListItem\",\"@id\":\"https:\\\/\\\/candas365.es\\\/noticias#listItem\",\"name\":\"Home\"}},{\"@type\":\"ListItem\",\"@id\":\"https:\\\/\\\/candas365.es\\\/noticias\\\/la-factoria-musical-de-carrio-va-tomando-forma\\\/#listItem\",\"position\":3,\"name\":\"La Factor\\u00eda Musical de Carri\\u00f3 va tomando forma\",\"previousItem\":{\"@type\":\"ListItem\",\"@id\":\"https:\\\/\\\/candas365.es\\\/noticias\\\/category\\\/noticias-carreno\\\/#listItem\",\"name\":\"Noticias Carre\\u00f1o\"}}]},{\"@type\":\"NewsArticle\",\"@id\":\"https:\\\/\\\/candas365.es\\\/noticias\\\/la-factoria-musical-de-carrio-va-tomando-forma\\\/#newsarticle\",\"name\":\"La Factor\\u00eda Musical de Carri\\u00f3 va tomando forma | Cand\\u00e1s 365\",\"headline\":\"La Factor\\u00eda Musical de Carri\\u00f3 va tomando forma\",\"author\":{\"@id\":\"https:\\\/\\\/candas365.es\\\/noticias\\\/author\\\/admin\\\/#author\"},\"publisher\":{\"@id\":\"https:\\\/\\\/candas365.es\\\/noticias\\\/#organization\"},\"image\":{\"@type\":\"ImageObject\",\"url\":\"https:\\\/\\\/candas365.es\\\/noticias\\\/wp-content\\\/uploads\\\/2018\\\/08\\\/XMSJ5608.jpg\",\"width\":1600,\"height\":1200},\"datePublished\":\"2018-08-29T11:47:21+02:00\",\"dateModified\":\"2018-08-29T11:47:21+02:00\",\"inLanguage\":\"es-ES\",\"mainEntityOfPage\":{\"@id\":\"https:\\\/\\\/candas365.es\\\/noticias\\\/la-factoria-musical-de-carrio-va-tomando-forma\\\/#webpage\"},\"isPartOf\":{\"@id\":\"https:\\\/\\\/candas365.es\\\/noticias\\\/la-factoria-musical-de-carrio-va-tomando-forma\\\/#webpage\"},\"articleSection\":\"Noticias Carre\\u00f1o\",\"dateline\":\"Publicado el agosto 29, 2018.\"},{\"@type\":\"Organization\",\"@id\":\"https:\\\/\\\/candas365.es\\\/noticias\\\/#organization\",\"name\":\"Cand\\u00e1s 365\",\"description\":\"Cand\\u00e1s 365 es un diario digital independiente, fundado en 2012, con base en Asturias. Informamos con rigor sobre actualidad, sociedad, cultura y ocio, con una mirada local y global.\",\"url\":\"https:\\\/\\\/candas365.es\\\/noticias\\\/\",\"email\":\"info@candas365.es\",\"telephone\":\"+34652131393\",\"foundingDate\":\"2012-06-10\",\"logo\":{\"@type\":\"ImageObject\",\"url\":\"https:\\\/\\\/candas365.es\\\/noticias\\\/wp-content\\\/uploads\\\/2024\\\/09\\\/Candas-365-Redes.jpg\",\"@id\":\"https:\\\/\\\/candas365.es\\\/noticias\\\/la-factoria-musical-de-carrio-va-tomando-forma\\\/#organizationLogo\",\"width\":1152,\"height\":864,\"caption\":\"Cand\\u00e1s 365 Redes\"},\"image\":{\"@id\":\"https:\\\/\\\/candas365.es\\\/noticias\\\/la-factoria-musical-de-carrio-va-tomando-forma\\\/#organizationLogo\"},\"sameAs\":[\"https:\\\/\\\/www.facebook.com\\\/Nachofdezber\",\"https:\\\/\\\/x.com\\\/NabercoDigital\",\"https:\\\/\\\/www.instagram.com\\\/nachofdezber\\\/\",\"https:\\\/\\\/www.youtube.com\\\/channel\\\/UCZP-2wLEB9Rv6erhFmqVnvg\"],\"address\":{\"@id\":\"https:\\\/\\\/candas365.es\\\/noticias\\\/#postaladdress\",\"@type\":\"PostalAddress\",\"streetAddress\":\"san antonio 4, san antonio 4\",\"postalCode\":\"33430\",\"addressLocality\":\"Cand\\u00e1s\",\"addressRegion\":\"Asturias\",\"addressCountry\":\"ES\"}},{\"@type\":\"Person\",\"@id\":\"https:\\\/\\\/candas365.es\\\/noticias\\\/author\\\/admin\\\/#author\",\"url\":\"https:\\\/\\\/candas365.es\\\/noticias\\\/author\\\/admin\\\/\",\"name\":\"Cand\\u00e1s 365\",\"image\":{\"@type\":\"ImageObject\",\"@id\":\"https:\\\/\\\/candas365.es\\\/noticias\\\/la-factoria-musical-de-carrio-va-tomando-forma\\\/#authorImage\",\"url\":\"https:\\\/\\\/secure.gravatar.com\\\/avatar\\\/496a8e03d0c493ede1718b7934145dbdf8d89be1036b0eec9544e1094c9de390?s=96&d=mm&r=g\",\"width\":96,\"height\":96,\"caption\":\"Cand\\u00e1s 365\"},\"sameAs\":[\"https:\\\/\\\/www.facebook.com\\\/carrenoactualidad\",\"https:\\\/\\\/twitter.com\\\/nbasturias\",\"https:\\\/\\\/www.instagram.com\\\/nachofdezber\\\/\",\"https:\\\/\\\/www.youtube.com\\\/channel\\\/UCZP-2wLEB9Rv6erhFmqVnvg\"]},{\"@type\":\"WebPage\",\"@id\":\"https:\\\/\\\/candas365.es\\\/noticias\\\/la-factoria-musical-de-carrio-va-tomando-forma\\\/#webpage\",\"url\":\"https:\\\/\\\/candas365.es\\\/noticias\\\/la-factoria-musical-de-carrio-va-tomando-forma\\\/\",\"name\":\"La Factor\\u00eda Musical de Carri\\u00f3 va tomando forma | Cand\\u00e1s 365\",\"description\":\"El m\\u00f3dulo formativo ocupacional \\u201c Operaciones Auxiliares de Acabados R\\u00edgidos y Urbanizaci\\u00f3n\\u201d de la familia \\u201cEdificaci\\u00f3n y obra civil\\u201d del Programa Act\\u00edvate, que promueve el Ayuntamiento de Carre\\u00f1o, ultima las obras de reforma exterior y mejora de la accesibilidad del CIR de Carri\\u00f3 para alojar a la futura Factor\\u00eda Musical de Carri\\u00f3. El Ayuntamiento de\",\"inLanguage\":\"es-ES\",\"isPartOf\":{\"@id\":\"https:\\\/\\\/candas365.es\\\/noticias\\\/#website\"},\"breadcrumb\":{\"@id\":\"https:\\\/\\\/candas365.es\\\/noticias\\\/la-factoria-musical-de-carrio-va-tomando-forma\\\/#breadcrumblist\"},\"author\":{\"@id\":\"https:\\\/\\\/candas365.es\\\/noticias\\\/author\\\/admin\\\/#author\"},\"creator\":{\"@id\":\"https:\\\/\\\/candas365.es\\\/noticias\\\/author\\\/admin\\\/#author\"},\"image\":{\"@type\":\"ImageObject\",\"url\":\"https:\\\/\\\/candas365.es\\\/noticias\\\/wp-content\\\/uploads\\\/2018\\\/08\\\/XMSJ5608.jpg\",\"@id\":\"https:\\\/\\\/candas365.es\\\/noticias\\\/la-factoria-musical-de-carrio-va-tomando-forma\\\/#mainImage\",\"width\":1600,\"height\":1200},\"primaryImageOfPage\":{\"@id\":\"https:\\\/\\\/candas365.es\\\/noticias\\\/la-factoria-musical-de-carrio-va-tomando-forma\\\/#mainImage\"},\"datePublished\":\"2018-08-29T11:47:21+02:00\",\"dateModified\":\"2018-08-29T11:47:21+02:00\"},{\"@type\":\"WebSite\",\"@id\":\"https:\\\/\\\/candas365.es\\\/noticias\\\/#website\",\"url\":\"https:\\\/\\\/candas365.es\\\/noticias\\\/\",\"name\":\"Cand\\u00e1s 365\",\"alternateName\":\"Cand\\u00e1s 365 Noticias\",\"description\":\"Actualidad desde Carre\\u00f1o para el mundo\",\"inLanguage\":\"es-ES\",\"publisher\":{\"@id\":\"https:\\\/\\\/candas365.es\\\/noticias\\\/#organization\"}}]}\n\t\t<\/script>\n\t\t<!-- All in One SEO Pro -->\r\n\t\t<title>La Factor\u00eda Musical de Carri\u00f3 va tomando forma | Cand\u00e1s 365<\/title>\n\n","aioseo_head_json":{"title":"La Factor\u00eda Musical de Carri\u00f3 va tomando forma | Cand\u00e1s 365","description":"El m\u00f3dulo formativo ocupacional \u201c Operaciones Auxiliares de Acabados R\u00edgidos y Urbanizaci\u00f3n\u201d de la familia \u201cEdificaci\u00f3n y obra civil\u201d del Programa Act\u00edvate, que promueve el Ayuntamiento de Carre\u00f1o, ultima las obras de reforma exterior y mejora de la accesibilidad del CIR de Carri\u00f3 para alojar a la futura Factor\u00eda Musical de Carri\u00f3. El Ayuntamiento de","canonical_url":"https:\/\/candas365.es\/noticias\/la-factoria-musical-de-carrio-va-tomando-forma\/","robots":"max-image-preview:large","keywords":"noticias carre\u00f1o","webmasterTools":{"google-site-verification":"UA-32230408-1","msvalidate.01":"354F3CDFB2DA171B47FBE9ABF1F88D5","miscellaneous":""},"schema":{"@context":"https:\/\/schema.org","@graph":[{"@type":"BreadcrumbList","@id":"https:\/\/candas365.es\/noticias\/la-factoria-musical-de-carrio-va-tomando-forma\/#breadcrumblist","itemListElement":[{"@type":"ListItem","@id":"https:\/\/candas365.es\/noticias#listItem","position":1,"name":"Home","item":"https:\/\/candas365.es\/noticias","nextItem":{"@type":"ListItem","@id":"https:\/\/candas365.es\/noticias\/category\/noticias-carreno\/#listItem","name":"Noticias Carre\u00f1o"}},{"@type":"ListItem","@id":"https:\/\/candas365.es\/noticias\/category\/noticias-carreno\/#listItem","position":2,"name":"Noticias Carre\u00f1o","item":"https:\/\/candas365.es\/noticias\/category\/noticias-carreno\/","nextItem":{"@type":"ListItem","@id":"https:\/\/candas365.es\/noticias\/la-factoria-musical-de-carrio-va-tomando-forma\/#listItem","name":"La Factor\u00eda Musical de Carri\u00f3 va tomando forma"},"previousItem":{"@type":"ListItem","@id":"https:\/\/candas365.es\/noticias#listItem","name":"Home"}},{"@type":"ListItem","@id":"https:\/\/candas365.es\/noticias\/la-factoria-musical-de-carrio-va-tomando-forma\/#listItem","position":3,"name":"La Factor\u00eda Musical de Carri\u00f3 va tomando forma","previousItem":{"@type":"ListItem","@id":"https:\/\/candas365.es\/noticias\/category\/noticias-carreno\/#listItem","name":"Noticias Carre\u00f1o"}}]},{"@type":"NewsArticle","@id":"https:\/\/candas365.es\/noticias\/la-factoria-musical-de-carrio-va-tomando-forma\/#newsarticle","name":"La Factor\u00eda Musical de Carri\u00f3 va tomando forma | Cand\u00e1s 365","headline":"La Factor\u00eda Musical de Carri\u00f3 va tomando forma","author":{"@id":"https:\/\/candas365.es\/noticias\/author\/admin\/#author"},"publisher":{"@id":"https:\/\/candas365.es\/noticias\/#organization"},"image":{"@type":"ImageObject","url":"https:\/\/candas365.es\/noticias\/wp-content\/uploads\/2018\/08\/XMSJ5608.jpg","width":1600,"height":1200},"datePublished":"2018-08-29T11:47:21+02:00","dateModified":"2018-08-29T11:47:21+02:00","inLanguage":"es-ES","mainEntityOfPage":{"@id":"https:\/\/candas365.es\/noticias\/la-factoria-musical-de-carrio-va-tomando-forma\/#webpage"},"isPartOf":{"@id":"https:\/\/candas365.es\/noticias\/la-factoria-musical-de-carrio-va-tomando-forma\/#webpage"},"articleSection":"Noticias Carre\u00f1o","dateline":"Publicado el agosto 29, 2018."},{"@type":"Organization","@id":"https:\/\/candas365.es\/noticias\/#organization","name":"Cand\u00e1s 365","description":"Cand\u00e1s 365 es un diario digital independiente, fundado en 2012, con base en Asturias. Informamos con rigor sobre actualidad, sociedad, cultura y ocio, con una mirada local y global.","url":"https:\/\/candas365.es\/noticias\/","email":"info@candas365.es","telephone":"+34652131393","foundingDate":"2012-06-10","logo":{"@type":"ImageObject","url":"https:\/\/candas365.es\/noticias\/wp-content\/uploads\/2024\/09\/Candas-365-Redes.jpg","@id":"https:\/\/candas365.es\/noticias\/la-factoria-musical-de-carrio-va-tomando-forma\/#organizationLogo","width":1152,"height":864,"caption":"Cand\u00e1s 365 Redes"},"image":{"@id":"https:\/\/candas365.es\/noticias\/la-factoria-musical-de-carrio-va-tomando-forma\/#organizationLogo"},"sameAs":["https:\/\/www.facebook.com\/Nachofdezber","https:\/\/x.com\/NabercoDigital","https:\/\/www.instagram.com\/nachofdezber\/","https:\/\/www.youtube.com\/channel\/UCZP-2wLEB9Rv6erhFmqVnvg"],"address":{"@id":"https:\/\/candas365.es\/noticias\/#postaladdress","@type":"PostalAddress","streetAddress":"san antonio 4, san antonio 4","postalCode":"33430","addressLocality":"Cand\u00e1s","addressRegion":"Asturias","addressCountry":"ES"}},{"@type":"Person","@id":"https:\/\/candas365.es\/noticias\/author\/admin\/#author","url":"https:\/\/candas365.es\/noticias\/author\/admin\/","name":"Cand\u00e1s 365","image":{"@type":"ImageObject","@id":"https:\/\/candas365.es\/noticias\/la-factoria-musical-de-carrio-va-tomando-forma\/#authorImage","url":"https:\/\/secure.gravatar.com\/avatar\/496a8e03d0c493ede1718b7934145dbdf8d89be1036b0eec9544e1094c9de390?s=96&d=mm&r=g","width":96,"height":96,"caption":"Cand\u00e1s 365"},"sameAs":["https:\/\/www.facebook.com\/carrenoactualidad","https:\/\/twitter.com\/nbasturias","https:\/\/www.instagram.com\/nachofdezber\/","https:\/\/www.youtube.com\/channel\/UCZP-2wLEB9Rv6erhFmqVnvg"]},{"@type":"WebPage","@id":"https:\/\/candas365.es\/noticias\/la-factoria-musical-de-carrio-va-tomando-forma\/#webpage","url":"https:\/\/candas365.es\/noticias\/la-factoria-musical-de-carrio-va-tomando-forma\/","name":"La Factor\u00eda Musical de Carri\u00f3 va tomando forma | Cand\u00e1s 365","description":"El m\u00f3dulo formativo ocupacional \u201c Operaciones Auxiliares de Acabados R\u00edgidos y Urbanizaci\u00f3n\u201d de la familia \u201cEdificaci\u00f3n y obra civil\u201d del Programa Act\u00edvate, que promueve el Ayuntamiento de Carre\u00f1o, ultima las obras de reforma exterior y mejora de la accesibilidad del CIR de Carri\u00f3 para alojar a la futura Factor\u00eda Musical de Carri\u00f3. El Ayuntamiento de","inLanguage":"es-ES","isPartOf":{"@id":"https:\/\/candas365.es\/noticias\/#website"},"breadcrumb":{"@id":"https:\/\/candas365.es\/noticias\/la-factoria-musical-de-carrio-va-tomando-forma\/#breadcrumblist"},"author":{"@id":"https:\/\/candas365.es\/noticias\/author\/admin\/#author"},"creator":{"@id":"https:\/\/candas365.es\/noticias\/author\/admin\/#author"},"image":{"@type":"ImageObject","url":"https:\/\/candas365.es\/noticias\/wp-content\/uploads\/2018\/08\/XMSJ5608.jpg","@id":"https:\/\/candas365.es\/noticias\/la-factoria-musical-de-carrio-va-tomando-forma\/#mainImage","width":1600,"height":1200},"primaryImageOfPage":{"@id":"https:\/\/candas365.es\/noticias\/la-factoria-musical-de-carrio-va-tomando-forma\/#mainImage"},"datePublished":"2018-08-29T11:47:21+02:00","dateModified":"2018-08-29T11:47:21+02:00"},{"@type":"WebSite","@id":"https:\/\/candas365.es\/noticias\/#website","url":"https:\/\/candas365.es\/noticias\/","name":"Cand\u00e1s 365","alternateName":"Cand\u00e1s 365 Noticias","description":"Actualidad desde Carre\u00f1o para el mundo","inLanguage":"es-ES","publisher":{"@id":"https:\/\/candas365.es\/noticias\/#organization"}}]},"og:locale":"es_ES","og:site_name":"Cand\u00e1s 365","og:type":"article","og:title":"La Factor\u00eda Musical de Carri\u00f3 va tomando forma | Cand\u00e1s 365","og:description":"El m\u00f3dulo formativo ocupacional \u201c Operaciones Auxiliares de Acabados R\u00edgidos y Urbanizaci\u00f3n\u201d de la familia \u201cEdificaci\u00f3n y obra civil\u201d del Programa Act\u00edvate, que promueve el Ayuntamiento de Carre\u00f1o, ultima las obras de reforma exterior y mejora de la accesibilidad del CIR de Carri\u00f3 para alojar a la futura Factor\u00eda Musical de Carri\u00f3. El Ayuntamiento de","og:url":"https:\/\/candas365.es\/noticias\/la-factoria-musical-de-carrio-va-tomando-forma\/","og:image":"https:\/\/candas365.es\/noticias\/wp-content\/uploads\/2018\/08\/XMSJ5608.jpg","og:image:secure_url":"https:\/\/candas365.es\/noticias\/wp-content\/uploads\/2018\/08\/XMSJ5608.jpg","og:image:width":1600,"og:image:height":1200,"article:published_time":"2018-08-29T11:47:21+00:00","article:modified_time":"2018-08-29T11:47:21+00:00","article:publisher":"https:\/\/www.facebook.com\/Nachofdezber","article:author":"https:\/\/www.facebook.com\/carrenoactualidad","twitter:card":"summary_large_image","twitter:site":"@NabercoDigital","twitter:title":"La Factor\u00eda Musical de Carri\u00f3 va tomando forma | Cand\u00e1s 365","twitter:description":"El m\u00f3dulo formativo ocupacional \u201c Operaciones Auxiliares de Acabados R\u00edgidos y Urbanizaci\u00f3n\u201d de la familia \u201cEdificaci\u00f3n y obra civil\u201d del Programa Act\u00edvate, que promueve el Ayuntamiento de Carre\u00f1o, ultima las obras de reforma exterior y mejora de la accesibilidad del CIR de Carri\u00f3 para alojar a la futura Factor\u00eda Musical de Carri\u00f3. El Ayuntamiento de","twitter:creator":"@nbasturias","twitter:image":"https:\/\/candas365.es\/noticias\/wp-content\/uploads\/2018\/08\/XMSJ5608.jpg","twitter:label1":"Escrito por","twitter:data1":"Cand\u00e1s 365","twitter:label2":"Tiempo de lectura estimado","twitter:data2":"3 minutos"},"aioseo_meta_data":{"post_id":"103955","title":null,"description":null,"keywords":null,"keyphrases":null,"primary_term":null,"canonical_url":null,"og_title":null,"og_description":null,"og_object_type":"default","og_image_type":"default","og_image_url":null,"og_image_width":null,"og_image_height":null,"og_image_custom_url":null,"og_image_custom_fields":null,"og_video":null,"og_custom_url":null,"og_article_section":null,"og_article_tags":null,"twitter_use_og":false,"twitter_card":"default","twitter_image_type":"default","twitter_image_url":null,"twitter_image_custom_url":null,"twitter_image_custom_fields":null,"twitter_title":null,"twitter_description":null,"schema":{"blockGraphs":[],"customGraphs":[],"default":{"data":{"Article":[],"Course":[],"Dataset":[],"FAQPage":[],"Movie":[],"Person":[],"Product":[],"ProductReview":[],"Car":[],"Recipe":[],"Service":[],"SoftwareApplication":[],"WebPage":[]},"graphName":"","isEnabled":true},"graphs":[],"defaultGraph":"","defaultPostTypeGraph":""},"schema_type":null,"schema_type_options":null,"pillar_content":false,"robots_default":true,"robots_noindex":false,"robots_noarchive":false,"robots_nosnippet":false,"robots_nofollow":false,"robots_noimageindex":false,"robots_noodp":false,"robots_notranslate":false,"robots_max_snippet":null,"robots_max_videopreview":null,"robots_max_imagepreview":"large","priority":null,"frequency":null,"location":null,"local_seo":null,"seo_analyzer_scan_date":"2025-08-27 18:16:13","breadcrumb_settings":null,"limit_modified_date":false,"reviewed_by":null,"open_ai":null,"ai":null,"created":"2020-12-21 11:46:15","updated":"2025-08-27 18:16:13"},"aioseo_breadcrumb":"<div class=\"aioseo-breadcrumbs\"><span class=\"aioseo-breadcrumb\">\n\t<a href=\"https:\/\/candas365.es\/noticias\" title=\"Home\">Home<\/a>\n<\/span><span class=\"aioseo-breadcrumb-separator\">&ndash;<\/span><span class=\"aioseo-breadcrumb\">\n\t<a href=\"https:\/\/candas365.es\/noticias\/category\/noticias-carreno\/\" title=\"Noticias Carre\u00f1o\">Noticias Carre\u00f1o<\/a>\n<\/span><span class=\"aioseo-breadcrumb-separator\">&ndash;<\/span><span class=\"aioseo-breadcrumb\">\n\tLa Factor\u00eda Musical de Carri\u00f3 va tomando forma\n<\/span><\/div>","aioseo_breadcrumb_json":[{"label":"Home","link":"https:\/\/candas365.es\/noticias"},{"label":"Noticias Carre\u00f1o","link":"https:\/\/candas365.es\/noticias\/category\/noticias-carreno\/"},{"label":"La Factor\u00eda Musical de Carri\u00f3 va tomando forma","link":"https:\/\/candas365.es\/noticias\/la-factoria-musical-de-carrio-va-tomando-forma\/"}],"_links":{"self":[{"href":"https:\/\/candas365.es\/noticias\/wp-json\/wp\/v2\/posts\/103955","targetHints":{"allow":["GET"]}}],"collection":[{"href":"https:\/\/candas365.es\/noticias\/wp-json\/wp\/v2\/posts"}],"about":[{"href":"https:\/\/candas365.es\/noticias\/wp-json\/wp\/v2\/types\/post"}],"author":[{"embeddable":true,"href":"https:\/\/candas365.es\/noticias\/wp-json\/wp\/v2\/users\/1"}],"replies":[{"embeddable":true,"href":"https:\/\/candas365.es\/noticias\/wp-json\/wp\/v2\/comments?post=103955"}],"version-history":[{"count":0,"href":"https:\/\/candas365.es\/noticias\/wp-json\/wp\/v2\/posts\/103955\/revisions"}],"wp:featuredmedia":[{"embeddable":true,"href":"https:\/\/candas365.es\/noticias\/wp-json\/wp\/v2\/media\/103956"}],"wp:attachment":[{"href":"https:\/\/candas365.es\/noticias\/wp-json\/wp\/v2\/media?parent=103955"}],"wp:term":[{"taxonomy":"category","embeddable":true,"href":"https:\/\/candas365.es\/noticias\/wp-json\/wp\/v2\/categories?post=103955"},{"taxonomy":"post_tag","embeddable":true,"href":"https:\/\/candas365.es\/noticias\/wp-json\/wp\/v2\/tags?post=103955"}],"curies":[{"name":"wp","href":"https:\/\/api.w.org\/{rel}","templated":true}]}}