{"id":103864,"date":"2018-08-28T16:34:53","date_gmt":"2018-08-28T16:34:53","guid":{"rendered":"http:\/\/candas365.es\/noticias\/?p=103864"},"modified":"2018-08-28T16:34:53","modified_gmt":"2018-08-28T16:34:53","slug":"concentracion-anual-de-la-federacion-espanola-de-harley-davidson-en-candas","status":"publish","type":"post","link":"https:\/\/candas365.es\/noticias\/concentracion-anual-de-la-federacion-espanola-de-harley-davidson-en-candas\/","title":{"rendered":"Concentraci\u00f3n Anual de la Federaci\u00f3n Espa\u00f1ola de Harley-Davidson, en Cand\u00e1s"},"content":{"rendered":"<p><img fetchpriority=\"high\" decoding=\"async\" class=\"alignleft size-medium wp-image-103865\" src=\"https:\/\/candas365.es\/noticias\/wp-content\/uploads\/2018\/08\/CONCENTRACI\u00d3N-319x300.jpg\" alt=\"\" width=\"319\" height=\"300\" srcset=\"https:\/\/candas365.es\/noticias\/wp-content\/uploads\/2018\/08\/CONCENTRACI\u00d3N-319x300.jpg 319w, https:\/\/candas365.es\/noticias\/wp-content\/uploads\/2018\/08\/CONCENTRACI\u00d3N-510x480.jpg 510w, https:\/\/candas365.es\/noticias\/wp-content\/uploads\/2018\/08\/CONCENTRACI\u00d3N-696x655.jpg 696w, https:\/\/candas365.es\/noticias\/wp-content\/uploads\/2018\/08\/CONCENTRACI\u00d3N-446x420.jpg 446w, https:\/\/candas365.es\/noticias\/wp-content\/uploads\/2018\/08\/CONCENTRACI\u00d3N.jpg 765w\" sizes=\"(max-width: 319px) 100vw, 319px\" \/>Del 30 de agosto al 2 de septiembre tendr\u00e1 lugar en Cand\u00e1s la Concentraci\u00f3n Anual de la Federaci\u00f3n Espa\u00f1ola de Harley-Davidson con la organizaci\u00f3n de HDC-Astur.<\/p>\n<p>El club asturiano que preside Domi Garc\u00eda impulsa, en colaboraci\u00f3n con el Ayuntamiento de Carre\u00f1o, una gran concentraci\u00f3n motocicl\u00edstica que este a\u00f1o adquiere \u00e1mbito estatal y que tendr\u00e1 como centro la explanada del muelle de Cand\u00e1s.<\/p>\n<p>\u201cEste fin de semana rugir\u00e1n los motores de m\u00e1s de un centenar motos en Cand\u00e1s con la celebraci\u00f3n de la Concentraci\u00f3n Motera Nacional. Y en esta ocasi\u00f3n los organizadores quieren batir r\u00e9cords. Llevan tres a\u00f1os realizando concentraciones regionales aqu\u00ed y este a\u00f1o quieren elevar el list\u00f3n con . Y para eso han preparado un completo programa en el que se juntan m\u00fasica, gastronom\u00eda, y un sinf\u00edn de actividades para todos los p\u00fablicos\u201d \u2013 explic\u00f3 Amelia Fern\u00e1ndez, Alcaldesa de Carre\u00f1o.<\/p>\n<p>La alcaldesa agradeci\u00f3 a HDC-Astur por incluir a Cand\u00e1s en el calendario estatal motero y a todos los negocios locales que desde el principio han colaborado con \u00e9sta actividad. Invit\u00f3 durante la presentaci\u00f3n al vecindario del concejo y a turistas a aprovechar esta oportunidad, de implicarse en las actividades programadas y conocer sobre ruedas nuestro entorno, la simpat\u00eda y car\u00e1cter acogedor de sus gentes.<\/p>\n<p>Concentraci\u00f3n, rutas y conciertos ser\u00e1n las actividades a desarrollar:<\/p>\n<p>PROGRAMA PREVISTO:<\/p>\n<p><strong>Jueves 30 de Agosto:<\/strong><\/p>\n<p>17 h. Apertura de inscripciones.<\/p>\n<p>21,30 h. Cena Carpa ubicada en el muelle local.<\/p>\n<p>00,00 h. Actividades en la carpa.<\/p>\n<p><strong>Viernes d\u00eda 31 de Agosto:<\/strong><\/p>\n<p>10 h. Apertura de inscripciones.<\/p>\n<p>11,30 h. Rutas (grupos reducidos, necesario inscribirse en la web)<\/p>\n<p>14,30 h. Comida LIBRE.<\/p>\n<p>17 h. Exhibici\u00f3n Polic\u00eda Nacional Unidades Especiales.<\/p>\n<p>18,30 h. Crossfit Brown Bears solidario ( A beneficio de Xana Puede).<\/p>\n<p>El Crosfiit Brown Bears y el HDC Astur realizar\u00e1n un wod solidario y lo recaudado se donar\u00e1 a favor de \u201cXana puede\u201d, una luchadora adolescente con par\u00e1lisis cerebral para ayudarle con sus terapias.<\/p>\n<p>20 h. Concierto Ilustres Patilludos.<\/p>\n<p>22 h. Cena Carpa.<\/p>\n<p>00:00 h. Concierto Lucky Dados.<\/p>\n<p>02:00 h. Actividades en la Carpa.<\/p>\n<p><strong>S\u00e1bado d\u00eda 1 de Septiembre:<\/strong><\/p>\n<p>10 h. Apertura de inscripciones.<\/p>\n<p>11 h. Ruta.<\/p>\n<p>13 h. Concierto \u201cSilvidos y Gemidos\u201d.<\/p>\n<p>15 h. Comida Carpa.<\/p>\n<p>17 h. Muestra de juegos y deportes tradicionales asturianos a cargo del equipo de Perlora.<\/p>\n<p>19,30 h. Actividades en la Carpa.<\/p>\n<p>21,30 h. Cena de Hermandad en F\u00e1brica de Ortiz. Cada federaci\u00f3n regional aportar\u00e1 los productos locales de cada comunidad aut\u00f3noma.<\/p>\n<p>00:00 h. Concierto &#8211; Jam Session.<\/p>\n<p>02:00 h. Actividades en la Carpa<\/p>\n<p><em>Durante el s\u00e1bado tambi\u00e9n se realizar\u00e1 un rastrillo motero rodeados de los mejores AMERICAN CARS.<\/em><\/p>\n<p><strong>Domingo d\u00eda 2:<\/strong><\/p>\n<p>12 h. Concierto LUDOVICO.<\/p>\n<p>14,30 h. Comida Popular Paella Carpa.<\/p>\n","protected":false},"excerpt":{"rendered":"<p>Del 30 de agosto al 2 de septiembre tendr\u00e1 lugar en Cand\u00e1s la Concentraci\u00f3n Anual de la Federaci\u00f3n Espa\u00f1ola de Harley-Davidson con la organizaci\u00f3n de HDC-Astur. El club asturiano que preside Domi Garc\u00eda impulsa, en colaboraci\u00f3n con el Ayuntamiento de Carre\u00f1o, una gran concentraci\u00f3n motocicl\u00edstica que este a\u00f1o adquiere \u00e1mbito estatal y que tendr\u00e1 como<\/p>\n","protected":false},"author":1,"featured_media":103865,"comment_status":"closed","ping_status":"closed","sticky":false,"template":"","format":"standard","meta":{"footnotes":""},"categories":[1],"tags":[],"class_list":{"0":"post-103864","1":"post","2":"type-post","3":"status-publish","4":"format-standard","5":"has-post-thumbnail","7":"category-agenda"},"aioseo_notices":[],"aioseo_head":"\n\t\t<!-- All in One SEO Pro 4.9.6.2 - aioseo.com -->\n\t<meta name=\"description\" content=\"Del 30 de agosto al 2 de septiembre tendr\u00e1 lugar en Cand\u00e1s la Concentraci\u00f3n Anual de la Federaci\u00f3n Espa\u00f1ola de Harley-Davidson con la organizaci\u00f3n de HDC-Astur. El club asturiano que preside Domi Garc\u00eda impulsa, en colaboraci\u00f3n con el Ayuntamiento de Carre\u00f1o, una gran concentraci\u00f3n motocicl\u00edstica que este a\u00f1o adquiere \u00e1mbito estatal y que tendr\u00e1 como\" \/>\n\t<meta name=\"robots\" content=\"max-image-preview:large\" \/>\n\t<meta name=\"author\" content=\"Cand\u00e1s 365\"\/>\n\t<meta name=\"google-site-verification\" content=\"UA-32230408-1\" \/>\n\t<meta name=\"msvalidate.01\" content=\"354F3CDFB2DA171B47FBE9ABF1F88D5\" \/>\n\t<meta name=\"keywords\" content=\"agenda\" \/>\n\t<link rel=\"canonical\" href=\"https:\/\/candas365.es\/noticias\/concentracion-anual-de-la-federacion-espanola-de-harley-davidson-en-candas\/\" \/>\n\t<meta name=\"generator\" content=\"All in One SEO Pro (AIOSEO) 4.9.6.2\" \/>\n\t\t<meta property=\"og:locale\" content=\"es_ES\" \/>\n\t\t<meta property=\"og:site_name\" content=\"Cand\u00e1s 365\" \/>\n\t\t<meta property=\"og:type\" content=\"article\" \/>\n\t\t<meta property=\"og:title\" content=\"Concentraci\u00f3n Anual de la Federaci\u00f3n Espa\u00f1ola de Harley-Davidson, en Cand\u00e1s | Cand\u00e1s 365\" \/>\n\t\t<meta property=\"og:description\" content=\"Del 30 de agosto al 2 de septiembre tendr\u00e1 lugar en Cand\u00e1s la Concentraci\u00f3n Anual de la Federaci\u00f3n Espa\u00f1ola de Harley-Davidson con la organizaci\u00f3n de HDC-Astur. El club asturiano que preside Domi Garc\u00eda impulsa, en colaboraci\u00f3n con el Ayuntamiento de Carre\u00f1o, una gran concentraci\u00f3n motocicl\u00edstica que este a\u00f1o adquiere \u00e1mbito estatal y que tendr\u00e1 como\" \/>\n\t\t<meta property=\"og:url\" content=\"https:\/\/candas365.es\/noticias\/concentracion-anual-de-la-federacion-espanola-de-harley-davidson-en-candas\/\" \/>\n\t\t<meta property=\"og:image\" content=\"https:\/\/candas365.es\/noticias\/wp-content\/uploads\/2018\/08\/CONCENTRACI\u00d3N.jpg\" \/>\n\t\t<meta property=\"og:image:secure_url\" content=\"https:\/\/candas365.es\/noticias\/wp-content\/uploads\/2018\/08\/CONCENTRACI\u00d3N.jpg\" \/>\n\t\t<meta property=\"og:image:width\" content=\"765\" \/>\n\t\t<meta property=\"og:image:height\" content=\"720\" \/>\n\t\t<meta property=\"article:published_time\" content=\"2018-08-28T16:34:53+00:00\" \/>\n\t\t<meta property=\"article:modified_time\" content=\"2018-08-28T16:34:53+00:00\" \/>\n\t\t<meta property=\"article:publisher\" content=\"https:\/\/www.facebook.com\/Nachofdezber\" \/>\n\t\t<meta property=\"article:author\" content=\"https:\/\/www.facebook.com\/carrenoactualidad\" \/>\n\t\t<meta name=\"twitter:card\" content=\"summary_large_image\" \/>\n\t\t<meta name=\"twitter:site\" content=\"@NabercoDigital\" \/>\n\t\t<meta name=\"twitter:title\" content=\"Concentraci\u00f3n Anual de la Federaci\u00f3n Espa\u00f1ola de Harley-Davidson, en Cand\u00e1s | Cand\u00e1s 365\" \/>\n\t\t<meta name=\"twitter:description\" content=\"Del 30 de agosto al 2 de septiembre tendr\u00e1 lugar en Cand\u00e1s la Concentraci\u00f3n Anual de la Federaci\u00f3n Espa\u00f1ola de Harley-Davidson con la organizaci\u00f3n de HDC-Astur. El club asturiano que preside Domi Garc\u00eda impulsa, en colaboraci\u00f3n con el Ayuntamiento de Carre\u00f1o, una gran concentraci\u00f3n motocicl\u00edstica que este a\u00f1o adquiere \u00e1mbito estatal y que tendr\u00e1 como\" \/>\n\t\t<meta name=\"twitter:creator\" content=\"@nbasturias\" \/>\n\t\t<meta name=\"twitter:image\" content=\"https:\/\/candas365.es\/noticias\/wp-content\/uploads\/2018\/08\/CONCENTRACI\u00d3N.jpg\" \/>\n\t\t<meta name=\"twitter:label1\" content=\"Escrito por\" \/>\n\t\t<meta name=\"twitter:data1\" content=\"Cand\u00e1s 365\" \/>\n\t\t<meta name=\"twitter:label2\" content=\"Tiempo de lectura estimado\" \/>\n\t\t<meta name=\"twitter:data2\" content=\"2 minutos\" \/>\n\t\t<script type=\"application\/ld+json\" class=\"aioseo-schema\">\n\t\t\t{\"@context\":\"https:\\\/\\\/schema.org\",\"@graph\":[{\"@type\":\"BreadcrumbList\",\"@id\":\"https:\\\/\\\/candas365.es\\\/noticias\\\/concentracion-anual-de-la-federacion-espanola-de-harley-davidson-en-candas\\\/#breadcrumblist\",\"itemListElement\":[{\"@type\":\"ListItem\",\"@id\":\"https:\\\/\\\/candas365.es\\\/noticias#listItem\",\"position\":1,\"name\":\"Home\",\"item\":\"https:\\\/\\\/candas365.es\\\/noticias\",\"nextItem\":{\"@type\":\"ListItem\",\"@id\":\"https:\\\/\\\/candas365.es\\\/noticias\\\/category\\\/agenda\\\/#listItem\",\"name\":\"Agenda\"}},{\"@type\":\"ListItem\",\"@id\":\"https:\\\/\\\/candas365.es\\\/noticias\\\/category\\\/agenda\\\/#listItem\",\"position\":2,\"name\":\"Agenda\",\"item\":\"https:\\\/\\\/candas365.es\\\/noticias\\\/category\\\/agenda\\\/\",\"nextItem\":{\"@type\":\"ListItem\",\"@id\":\"https:\\\/\\\/candas365.es\\\/noticias\\\/concentracion-anual-de-la-federacion-espanola-de-harley-davidson-en-candas\\\/#listItem\",\"name\":\"Concentraci\\u00f3n Anual de la Federaci\\u00f3n Espa\\u00f1ola de Harley-Davidson, en Cand\\u00e1s\"},\"previousItem\":{\"@type\":\"ListItem\",\"@id\":\"https:\\\/\\\/candas365.es\\\/noticias#listItem\",\"name\":\"Home\"}},{\"@type\":\"ListItem\",\"@id\":\"https:\\\/\\\/candas365.es\\\/noticias\\\/concentracion-anual-de-la-federacion-espanola-de-harley-davidson-en-candas\\\/#listItem\",\"position\":3,\"name\":\"Concentraci\\u00f3n Anual de la Federaci\\u00f3n Espa\\u00f1ola de Harley-Davidson, en Cand\\u00e1s\",\"previousItem\":{\"@type\":\"ListItem\",\"@id\":\"https:\\\/\\\/candas365.es\\\/noticias\\\/category\\\/agenda\\\/#listItem\",\"name\":\"Agenda\"}}]},{\"@type\":\"NewsArticle\",\"@id\":\"https:\\\/\\\/candas365.es\\\/noticias\\\/concentracion-anual-de-la-federacion-espanola-de-harley-davidson-en-candas\\\/#newsarticle\",\"name\":\"Concentraci\\u00f3n Anual de la Federaci\\u00f3n Espa\\u00f1ola de Harley-Davidson, en Cand\\u00e1s | Cand\\u00e1s 365\",\"headline\":\"Concentraci\\u00f3n Anual de la Federaci\\u00f3n Espa\\u00f1ola de Harley-Davidson, en Cand\\u00e1s\",\"author\":{\"@id\":\"https:\\\/\\\/candas365.es\\\/noticias\\\/author\\\/admin\\\/#author\"},\"publisher\":{\"@id\":\"https:\\\/\\\/candas365.es\\\/noticias\\\/#organization\"},\"image\":{\"@type\":\"ImageObject\",\"url\":\"https:\\\/\\\/candas365.es\\\/noticias\\\/wp-content\\\/uploads\\\/2018\\\/08\\\/CONCENTRACI\\u00d3N.jpg\",\"width\":765,\"height\":720},\"datePublished\":\"2018-08-28T16:34:53+02:00\",\"dateModified\":\"2018-08-28T16:34:53+02:00\",\"inLanguage\":\"es-ES\",\"mainEntityOfPage\":{\"@id\":\"https:\\\/\\\/candas365.es\\\/noticias\\\/concentracion-anual-de-la-federacion-espanola-de-harley-davidson-en-candas\\\/#webpage\"},\"isPartOf\":{\"@id\":\"https:\\\/\\\/candas365.es\\\/noticias\\\/concentracion-anual-de-la-federacion-espanola-de-harley-davidson-en-candas\\\/#webpage\"},\"articleSection\":\"Agenda\",\"dateline\":\"Publicado el agosto 28, 2018.\"},{\"@type\":\"Organization\",\"@id\":\"https:\\\/\\\/candas365.es\\\/noticias\\\/#organization\",\"name\":\"Cand\\u00e1s 365\",\"description\":\"Cand\\u00e1s 365 es un diario digital independiente, fundado en 2012, con base en Asturias. Informamos con rigor sobre actualidad, sociedad, cultura y ocio, con una mirada local y global.\",\"url\":\"https:\\\/\\\/candas365.es\\\/noticias\\\/\",\"email\":\"info@candas365.es\",\"telephone\":\"+34652131393\",\"foundingDate\":\"2012-06-10\",\"logo\":{\"@type\":\"ImageObject\",\"url\":\"https:\\\/\\\/candas365.es\\\/noticias\\\/wp-content\\\/uploads\\\/2024\\\/09\\\/Candas-365-Redes.jpg\",\"@id\":\"https:\\\/\\\/candas365.es\\\/noticias\\\/concentracion-anual-de-la-federacion-espanola-de-harley-davidson-en-candas\\\/#organizationLogo\",\"width\":1152,\"height\":864,\"caption\":\"Cand\\u00e1s 365 Redes\"},\"image\":{\"@id\":\"https:\\\/\\\/candas365.es\\\/noticias\\\/concentracion-anual-de-la-federacion-espanola-de-harley-davidson-en-candas\\\/#organizationLogo\"},\"sameAs\":[\"https:\\\/\\\/www.facebook.com\\\/Nachofdezber\",\"https:\\\/\\\/x.com\\\/NabercoDigital\",\"https:\\\/\\\/www.instagram.com\\\/nachofdezber\\\/\",\"https:\\\/\\\/www.youtube.com\\\/channel\\\/UCZP-2wLEB9Rv6erhFmqVnvg\"],\"address\":{\"@id\":\"https:\\\/\\\/candas365.es\\\/noticias\\\/#postaladdress\",\"@type\":\"PostalAddress\",\"streetAddress\":\"san antonio 4, san antonio 4\",\"postalCode\":\"33430\",\"addressLocality\":\"Cand\\u00e1s\",\"addressRegion\":\"Asturias\",\"addressCountry\":\"ES\"}},{\"@type\":\"Person\",\"@id\":\"https:\\\/\\\/candas365.es\\\/noticias\\\/author\\\/admin\\\/#author\",\"url\":\"https:\\\/\\\/candas365.es\\\/noticias\\\/author\\\/admin\\\/\",\"name\":\"Cand\\u00e1s 365\",\"image\":{\"@type\":\"ImageObject\",\"@id\":\"https:\\\/\\\/candas365.es\\\/noticias\\\/concentracion-anual-de-la-federacion-espanola-de-harley-davidson-en-candas\\\/#authorImage\",\"url\":\"https:\\\/\\\/secure.gravatar.com\\\/avatar\\\/496a8e03d0c493ede1718b7934145dbdf8d89be1036b0eec9544e1094c9de390?s=96&d=mm&r=g\",\"width\":96,\"height\":96,\"caption\":\"Cand\\u00e1s 365\"},\"sameAs\":[\"https:\\\/\\\/www.facebook.com\\\/carrenoactualidad\",\"https:\\\/\\\/twitter.com\\\/nbasturias\",\"https:\\\/\\\/www.instagram.com\\\/nachofdezber\\\/\",\"https:\\\/\\\/www.youtube.com\\\/channel\\\/UCZP-2wLEB9Rv6erhFmqVnvg\"]},{\"@type\":\"WebPage\",\"@id\":\"https:\\\/\\\/candas365.es\\\/noticias\\\/concentracion-anual-de-la-federacion-espanola-de-harley-davidson-en-candas\\\/#webpage\",\"url\":\"https:\\\/\\\/candas365.es\\\/noticias\\\/concentracion-anual-de-la-federacion-espanola-de-harley-davidson-en-candas\\\/\",\"name\":\"Concentraci\\u00f3n Anual de la Federaci\\u00f3n Espa\\u00f1ola de Harley-Davidson, en Cand\\u00e1s | Cand\\u00e1s 365\",\"description\":\"Del 30 de agosto al 2 de septiembre tendr\\u00e1 lugar en Cand\\u00e1s la Concentraci\\u00f3n Anual de la Federaci\\u00f3n Espa\\u00f1ola de Harley-Davidson con la organizaci\\u00f3n de HDC-Astur. El club asturiano que preside Domi Garc\\u00eda impulsa, en colaboraci\\u00f3n con el Ayuntamiento de Carre\\u00f1o, una gran concentraci\\u00f3n motocicl\\u00edstica que este a\\u00f1o adquiere \\u00e1mbito estatal y que tendr\\u00e1 como\",\"inLanguage\":\"es-ES\",\"isPartOf\":{\"@id\":\"https:\\\/\\\/candas365.es\\\/noticias\\\/#website\"},\"breadcrumb\":{\"@id\":\"https:\\\/\\\/candas365.es\\\/noticias\\\/concentracion-anual-de-la-federacion-espanola-de-harley-davidson-en-candas\\\/#breadcrumblist\"},\"author\":{\"@id\":\"https:\\\/\\\/candas365.es\\\/noticias\\\/author\\\/admin\\\/#author\"},\"creator\":{\"@id\":\"https:\\\/\\\/candas365.es\\\/noticias\\\/author\\\/admin\\\/#author\"},\"image\":{\"@type\":\"ImageObject\",\"url\":\"https:\\\/\\\/candas365.es\\\/noticias\\\/wp-content\\\/uploads\\\/2018\\\/08\\\/CONCENTRACI\\u00d3N.jpg\",\"@id\":\"https:\\\/\\\/candas365.es\\\/noticias\\\/concentracion-anual-de-la-federacion-espanola-de-harley-davidson-en-candas\\\/#mainImage\",\"width\":765,\"height\":720},\"primaryImageOfPage\":{\"@id\":\"https:\\\/\\\/candas365.es\\\/noticias\\\/concentracion-anual-de-la-federacion-espanola-de-harley-davidson-en-candas\\\/#mainImage\"},\"datePublished\":\"2018-08-28T16:34:53+02:00\",\"dateModified\":\"2018-08-28T16:34:53+02:00\"},{\"@type\":\"WebSite\",\"@id\":\"https:\\\/\\\/candas365.es\\\/noticias\\\/#website\",\"url\":\"https:\\\/\\\/candas365.es\\\/noticias\\\/\",\"name\":\"Cand\\u00e1s 365\",\"alternateName\":\"Cand\\u00e1s 365 Noticias\",\"description\":\"Actualidad desde Carre\\u00f1o para el mundo\",\"inLanguage\":\"es-ES\",\"publisher\":{\"@id\":\"https:\\\/\\\/candas365.es\\\/noticias\\\/#organization\"}}]}\n\t\t<\/script>\n\t\t<!-- All in One SEO Pro -->\r\n\t\t<title>Concentraci\u00f3n Anual de la Federaci\u00f3n Espa\u00f1ola de Harley-Davidson, en Cand\u00e1s | Cand\u00e1s 365<\/title>\n\n","aioseo_head_json":{"title":"Concentraci\u00f3n Anual de la Federaci\u00f3n Espa\u00f1ola de Harley-Davidson, en Cand\u00e1s | Cand\u00e1s 365","description":"Del 30 de agosto al 2 de septiembre tendr\u00e1 lugar en Cand\u00e1s la Concentraci\u00f3n Anual de la Federaci\u00f3n Espa\u00f1ola de Harley-Davidson con la organizaci\u00f3n de HDC-Astur. El club asturiano que preside Domi Garc\u00eda impulsa, en colaboraci\u00f3n con el Ayuntamiento de Carre\u00f1o, una gran concentraci\u00f3n motocicl\u00edstica que este a\u00f1o adquiere \u00e1mbito estatal y que tendr\u00e1 como","canonical_url":"https:\/\/candas365.es\/noticias\/concentracion-anual-de-la-federacion-espanola-de-harley-davidson-en-candas\/","robots":"max-image-preview:large","keywords":"agenda","webmasterTools":{"google-site-verification":"UA-32230408-1","msvalidate.01":"354F3CDFB2DA171B47FBE9ABF1F88D5","miscellaneous":""},"schema":{"@context":"https:\/\/schema.org","@graph":[{"@type":"BreadcrumbList","@id":"https:\/\/candas365.es\/noticias\/concentracion-anual-de-la-federacion-espanola-de-harley-davidson-en-candas\/#breadcrumblist","itemListElement":[{"@type":"ListItem","@id":"https:\/\/candas365.es\/noticias#listItem","position":1,"name":"Home","item":"https:\/\/candas365.es\/noticias","nextItem":{"@type":"ListItem","@id":"https:\/\/candas365.es\/noticias\/category\/agenda\/#listItem","name":"Agenda"}},{"@type":"ListItem","@id":"https:\/\/candas365.es\/noticias\/category\/agenda\/#listItem","position":2,"name":"Agenda","item":"https:\/\/candas365.es\/noticias\/category\/agenda\/","nextItem":{"@type":"ListItem","@id":"https:\/\/candas365.es\/noticias\/concentracion-anual-de-la-federacion-espanola-de-harley-davidson-en-candas\/#listItem","name":"Concentraci\u00f3n Anual de la Federaci\u00f3n Espa\u00f1ola de Harley-Davidson, en Cand\u00e1s"},"previousItem":{"@type":"ListItem","@id":"https:\/\/candas365.es\/noticias#listItem","name":"Home"}},{"@type":"ListItem","@id":"https:\/\/candas365.es\/noticias\/concentracion-anual-de-la-federacion-espanola-de-harley-davidson-en-candas\/#listItem","position":3,"name":"Concentraci\u00f3n Anual de la Federaci\u00f3n Espa\u00f1ola de Harley-Davidson, en Cand\u00e1s","previousItem":{"@type":"ListItem","@id":"https:\/\/candas365.es\/noticias\/category\/agenda\/#listItem","name":"Agenda"}}]},{"@type":"NewsArticle","@id":"https:\/\/candas365.es\/noticias\/concentracion-anual-de-la-federacion-espanola-de-harley-davidson-en-candas\/#newsarticle","name":"Concentraci\u00f3n Anual de la Federaci\u00f3n Espa\u00f1ola de Harley-Davidson, en Cand\u00e1s | Cand\u00e1s 365","headline":"Concentraci\u00f3n Anual de la Federaci\u00f3n Espa\u00f1ola de Harley-Davidson, en Cand\u00e1s","author":{"@id":"https:\/\/candas365.es\/noticias\/author\/admin\/#author"},"publisher":{"@id":"https:\/\/candas365.es\/noticias\/#organization"},"image":{"@type":"ImageObject","url":"https:\/\/candas365.es\/noticias\/wp-content\/uploads\/2018\/08\/CONCENTRACI\u00d3N.jpg","width":765,"height":720},"datePublished":"2018-08-28T16:34:53+02:00","dateModified":"2018-08-28T16:34:53+02:00","inLanguage":"es-ES","mainEntityOfPage":{"@id":"https:\/\/candas365.es\/noticias\/concentracion-anual-de-la-federacion-espanola-de-harley-davidson-en-candas\/#webpage"},"isPartOf":{"@id":"https:\/\/candas365.es\/noticias\/concentracion-anual-de-la-federacion-espanola-de-harley-davidson-en-candas\/#webpage"},"articleSection":"Agenda","dateline":"Publicado el agosto 28, 2018."},{"@type":"Organization","@id":"https:\/\/candas365.es\/noticias\/#organization","name":"Cand\u00e1s 365","description":"Cand\u00e1s 365 es un diario digital independiente, fundado en 2012, con base en Asturias. Informamos con rigor sobre actualidad, sociedad, cultura y ocio, con una mirada local y global.","url":"https:\/\/candas365.es\/noticias\/","email":"info@candas365.es","telephone":"+34652131393","foundingDate":"2012-06-10","logo":{"@type":"ImageObject","url":"https:\/\/candas365.es\/noticias\/wp-content\/uploads\/2024\/09\/Candas-365-Redes.jpg","@id":"https:\/\/candas365.es\/noticias\/concentracion-anual-de-la-federacion-espanola-de-harley-davidson-en-candas\/#organizationLogo","width":1152,"height":864,"caption":"Cand\u00e1s 365 Redes"},"image":{"@id":"https:\/\/candas365.es\/noticias\/concentracion-anual-de-la-federacion-espanola-de-harley-davidson-en-candas\/#organizationLogo"},"sameAs":["https:\/\/www.facebook.com\/Nachofdezber","https:\/\/x.com\/NabercoDigital","https:\/\/www.instagram.com\/nachofdezber\/","https:\/\/www.youtube.com\/channel\/UCZP-2wLEB9Rv6erhFmqVnvg"],"address":{"@id":"https:\/\/candas365.es\/noticias\/#postaladdress","@type":"PostalAddress","streetAddress":"san antonio 4, san antonio 4","postalCode":"33430","addressLocality":"Cand\u00e1s","addressRegion":"Asturias","addressCountry":"ES"}},{"@type":"Person","@id":"https:\/\/candas365.es\/noticias\/author\/admin\/#author","url":"https:\/\/candas365.es\/noticias\/author\/admin\/","name":"Cand\u00e1s 365","image":{"@type":"ImageObject","@id":"https:\/\/candas365.es\/noticias\/concentracion-anual-de-la-federacion-espanola-de-harley-davidson-en-candas\/#authorImage","url":"https:\/\/secure.gravatar.com\/avatar\/496a8e03d0c493ede1718b7934145dbdf8d89be1036b0eec9544e1094c9de390?s=96&d=mm&r=g","width":96,"height":96,"caption":"Cand\u00e1s 365"},"sameAs":["https:\/\/www.facebook.com\/carrenoactualidad","https:\/\/twitter.com\/nbasturias","https:\/\/www.instagram.com\/nachofdezber\/","https:\/\/www.youtube.com\/channel\/UCZP-2wLEB9Rv6erhFmqVnvg"]},{"@type":"WebPage","@id":"https:\/\/candas365.es\/noticias\/concentracion-anual-de-la-federacion-espanola-de-harley-davidson-en-candas\/#webpage","url":"https:\/\/candas365.es\/noticias\/concentracion-anual-de-la-federacion-espanola-de-harley-davidson-en-candas\/","name":"Concentraci\u00f3n Anual de la Federaci\u00f3n Espa\u00f1ola de Harley-Davidson, en Cand\u00e1s | Cand\u00e1s 365","description":"Del 30 de agosto al 2 de septiembre tendr\u00e1 lugar en Cand\u00e1s la Concentraci\u00f3n Anual de la Federaci\u00f3n Espa\u00f1ola de Harley-Davidson con la organizaci\u00f3n de HDC-Astur. El club asturiano que preside Domi Garc\u00eda impulsa, en colaboraci\u00f3n con el Ayuntamiento de Carre\u00f1o, una gran concentraci\u00f3n motocicl\u00edstica que este a\u00f1o adquiere \u00e1mbito estatal y que tendr\u00e1 como","inLanguage":"es-ES","isPartOf":{"@id":"https:\/\/candas365.es\/noticias\/#website"},"breadcrumb":{"@id":"https:\/\/candas365.es\/noticias\/concentracion-anual-de-la-federacion-espanola-de-harley-davidson-en-candas\/#breadcrumblist"},"author":{"@id":"https:\/\/candas365.es\/noticias\/author\/admin\/#author"},"creator":{"@id":"https:\/\/candas365.es\/noticias\/author\/admin\/#author"},"image":{"@type":"ImageObject","url":"https:\/\/candas365.es\/noticias\/wp-content\/uploads\/2018\/08\/CONCENTRACI\u00d3N.jpg","@id":"https:\/\/candas365.es\/noticias\/concentracion-anual-de-la-federacion-espanola-de-harley-davidson-en-candas\/#mainImage","width":765,"height":720},"primaryImageOfPage":{"@id":"https:\/\/candas365.es\/noticias\/concentracion-anual-de-la-federacion-espanola-de-harley-davidson-en-candas\/#mainImage"},"datePublished":"2018-08-28T16:34:53+02:00","dateModified":"2018-08-28T16:34:53+02:00"},{"@type":"WebSite","@id":"https:\/\/candas365.es\/noticias\/#website","url":"https:\/\/candas365.es\/noticias\/","name":"Cand\u00e1s 365","alternateName":"Cand\u00e1s 365 Noticias","description":"Actualidad desde Carre\u00f1o para el mundo","inLanguage":"es-ES","publisher":{"@id":"https:\/\/candas365.es\/noticias\/#organization"}}]},"og:locale":"es_ES","og:site_name":"Cand\u00e1s 365","og:type":"article","og:title":"Concentraci\u00f3n Anual de la Federaci\u00f3n Espa\u00f1ola de Harley-Davidson, en Cand\u00e1s | Cand\u00e1s 365","og:description":"Del 30 de agosto al 2 de septiembre tendr\u00e1 lugar en Cand\u00e1s la Concentraci\u00f3n Anual de la Federaci\u00f3n Espa\u00f1ola de Harley-Davidson con la organizaci\u00f3n de HDC-Astur. El club asturiano que preside Domi Garc\u00eda impulsa, en colaboraci\u00f3n con el Ayuntamiento de Carre\u00f1o, una gran concentraci\u00f3n motocicl\u00edstica que este a\u00f1o adquiere \u00e1mbito estatal y que tendr\u00e1 como","og:url":"https:\/\/candas365.es\/noticias\/concentracion-anual-de-la-federacion-espanola-de-harley-davidson-en-candas\/","og:image":"https:\/\/candas365.es\/noticias\/wp-content\/uploads\/2018\/08\/CONCENTRACI\u00d3N.jpg","og:image:secure_url":"https:\/\/candas365.es\/noticias\/wp-content\/uploads\/2018\/08\/CONCENTRACI\u00d3N.jpg","og:image:width":765,"og:image:height":720,"article:published_time":"2018-08-28T16:34:53+00:00","article:modified_time":"2018-08-28T16:34:53+00:00","article:publisher":"https:\/\/www.facebook.com\/Nachofdezber","article:author":"https:\/\/www.facebook.com\/carrenoactualidad","twitter:card":"summary_large_image","twitter:site":"@NabercoDigital","twitter:title":"Concentraci\u00f3n Anual de la Federaci\u00f3n Espa\u00f1ola de Harley-Davidson, en Cand\u00e1s | Cand\u00e1s 365","twitter:description":"Del 30 de agosto al 2 de septiembre tendr\u00e1 lugar en Cand\u00e1s la Concentraci\u00f3n Anual de la Federaci\u00f3n Espa\u00f1ola de Harley-Davidson con la organizaci\u00f3n de HDC-Astur. El club asturiano que preside Domi Garc\u00eda impulsa, en colaboraci\u00f3n con el Ayuntamiento de Carre\u00f1o, una gran concentraci\u00f3n motocicl\u00edstica que este a\u00f1o adquiere \u00e1mbito estatal y que tendr\u00e1 como","twitter:creator":"@nbasturias","twitter:image":"https:\/\/candas365.es\/noticias\/wp-content\/uploads\/2018\/08\/CONCENTRACI\u00d3N.jpg","twitter:label1":"Escrito por","twitter:data1":"Cand\u00e1s 365","twitter:label2":"Tiempo de lectura estimado","twitter:data2":"2 minutos"},"aioseo_meta_data":{"post_id":"103864","title":null,"description":null,"keywords":null,"keyphrases":null,"primary_term":null,"canonical_url":null,"og_title":null,"og_description":null,"og_object_type":"default","og_image_type":"default","og_image_url":null,"og_image_width":null,"og_image_height":null,"og_image_custom_url":null,"og_image_custom_fields":null,"og_video":null,"og_custom_url":null,"og_article_section":null,"og_article_tags":null,"twitter_use_og":false,"twitter_card":"default","twitter_image_type":"default","twitter_image_url":null,"twitter_image_custom_url":null,"twitter_image_custom_fields":null,"twitter_title":null,"twitter_description":null,"schema":{"blockGraphs":[],"customGraphs":[],"default":{"data":{"Article":[],"Course":[],"Dataset":[],"FAQPage":[],"Movie":[],"Person":[],"Product":[],"ProductReview":[],"Car":[],"Recipe":[],"Service":[],"SoftwareApplication":[],"WebPage":[]},"graphName":"","isEnabled":true},"graphs":[],"defaultGraph":"","defaultPostTypeGraph":""},"schema_type":null,"schema_type_options":null,"pillar_content":false,"robots_default":true,"robots_noindex":false,"robots_noarchive":false,"robots_nosnippet":false,"robots_nofollow":false,"robots_noimageindex":false,"robots_noodp":false,"robots_notranslate":false,"robots_max_snippet":null,"robots_max_videopreview":null,"robots_max_imagepreview":"large","priority":null,"frequency":null,"location":null,"local_seo":null,"seo_analyzer_scan_date":"2025-08-27 18:00:12","breadcrumb_settings":null,"limit_modified_date":false,"reviewed_by":null,"open_ai":null,"ai":null,"created":"2020-12-21 11:46:24","updated":"2025-08-27 18:00:12"},"aioseo_breadcrumb":"<div class=\"aioseo-breadcrumbs\"><span class=\"aioseo-breadcrumb\">\n\t<a href=\"https:\/\/candas365.es\/noticias\" title=\"Home\">Home<\/a>\n<\/span><span class=\"aioseo-breadcrumb-separator\">&ndash;<\/span><span class=\"aioseo-breadcrumb\">\n\t<a href=\"https:\/\/candas365.es\/noticias\/category\/agenda\/\" title=\"Agenda\">Agenda<\/a>\n<\/span><span class=\"aioseo-breadcrumb-separator\">&ndash;<\/span><span class=\"aioseo-breadcrumb\">\n\tConcentraci\u00f3n Anual de la Federaci\u00f3n Espa\u00f1ola de Harley-Davidson, en Cand\u00e1s\n<\/span><\/div>","aioseo_breadcrumb_json":[{"label":"Home","link":"https:\/\/candas365.es\/noticias"},{"label":"Agenda","link":"https:\/\/candas365.es\/noticias\/category\/agenda\/"},{"label":"Concentraci\u00f3n Anual de la Federaci\u00f3n Espa\u00f1ola de Harley-Davidson, en Cand\u00e1s","link":"https:\/\/candas365.es\/noticias\/concentracion-anual-de-la-federacion-espanola-de-harley-davidson-en-candas\/"}],"_links":{"self":[{"href":"https:\/\/candas365.es\/noticias\/wp-json\/wp\/v2\/posts\/103864","targetHints":{"allow":["GET"]}}],"collection":[{"href":"https:\/\/candas365.es\/noticias\/wp-json\/wp\/v2\/posts"}],"about":[{"href":"https:\/\/candas365.es\/noticias\/wp-json\/wp\/v2\/types\/post"}],"author":[{"embeddable":true,"href":"https:\/\/candas365.es\/noticias\/wp-json\/wp\/v2\/users\/1"}],"replies":[{"embeddable":true,"href":"https:\/\/candas365.es\/noticias\/wp-json\/wp\/v2\/comments?post=103864"}],"version-history":[{"count":0,"href":"https:\/\/candas365.es\/noticias\/wp-json\/wp\/v2\/posts\/103864\/revisions"}],"wp:featuredmedia":[{"embeddable":true,"href":"https:\/\/candas365.es\/noticias\/wp-json\/wp\/v2\/media\/103865"}],"wp:attachment":[{"href":"https:\/\/candas365.es\/noticias\/wp-json\/wp\/v2\/media?parent=103864"}],"wp:term":[{"taxonomy":"category","embeddable":true,"href":"https:\/\/candas365.es\/noticias\/wp-json\/wp\/v2\/categories?post=103864"},{"taxonomy":"post_tag","embeddable":true,"href":"https:\/\/candas365.es\/noticias\/wp-json\/wp\/v2\/tags?post=103864"}],"curies":[{"name":"wp","href":"https:\/\/api.w.org\/{rel}","templated":true}]}}