{"id":103599,"date":"2018-08-25T09:55:18","date_gmt":"2018-08-25T09:55:18","guid":{"rendered":"http:\/\/candas365.es\/noticias\/?p=103599"},"modified":"2018-08-25T09:58:22","modified_gmt":"2018-08-25T09:58:22","slug":"el-ayuntamiento-de-carreno-renovara-los-equipos-del-cdtl-de-candas","status":"publish","type":"post","link":"https:\/\/candas365.es\/noticias\/el-ayuntamiento-de-carreno-renovara-los-equipos-del-cdtl-de-candas\/","title":{"rendered":"El Ayuntamiento de Carre\u00f1o renovar\u00e1 los equipos del CDTL de Cand\u00e1s"},"content":{"rendered":"<p><img fetchpriority=\"high\" decoding=\"async\" class=\"alignleft size-medium wp-image-103600\" src=\"https:\/\/candas365.es\/noticias\/wp-content\/uploads\/2018\/08\/laptop-820274_960_720-360x240.jpg\" alt=\"\" width=\"360\" height=\"240\" srcset=\"https:\/\/candas365.es\/noticias\/wp-content\/uploads\/2018\/08\/laptop-820274_960_720-360x240.jpg 360w, https:\/\/candas365.es\/noticias\/wp-content\/uploads\/2018\/08\/laptop-820274_960_720-768x512.jpg 768w, https:\/\/candas365.es\/noticias\/wp-content\/uploads\/2018\/08\/laptop-820274_960_720-655x437.jpg 655w, https:\/\/candas365.es\/noticias\/wp-content\/uploads\/2018\/08\/laptop-820274_960_720-696x464.jpg 696w, https:\/\/candas365.es\/noticias\/wp-content\/uploads\/2018\/08\/laptop-820274_960_720-630x420.jpg 630w, https:\/\/candas365.es\/noticias\/wp-content\/uploads\/2018\/08\/laptop-820274_960_720.jpg 960w\" sizes=\"(max-width: 360px) 100vw, 360px\" \/>El Ayuntamiento de Carre\u00f1o realizar\u00e1 en los pr\u00f3ximos meses una profunda renovaci\u00f3n de los equipos inform\u00e1ticos que la ciudadan\u00eda tienen a su disposici\u00f3n en el Centro de Dinamizaci\u00f3n Tecnol\u00f3gica Local (CDTL) \u201cC@rre\u00f1o Digit@L\u201d ubicado en la planta baja del centro polivalente \u201c La Baraga\u00f1a\u201d de Cand\u00e1s.<\/p>\n<p>La inversi\u00f3n ascender\u00e1 aproximadamente a 35.990 \u20ac, y contar\u00e1 con una subvenci\u00f3n de 16.195,64 \u20ac, concedida por la Asociaci\u00f3n para el Desarrollo Integrado Periurbano de Asturias (ADICAP), que gestiona en la comarca los fondos LEADER.<\/p>\n<p>\u201cMediante esta inversi\u00f3n, se adquirir\u00e1 (entre otro equipamiento inform\u00e1tico de \u00faltima generaci\u00f3n) un total de 36 nuevos ordenadores de sobremesa, as\u00ed como 2 ordenadores port\u00e1tiles, 2 tablets, 2 proyectores y 3 esc\u00e1neres, as\u00ed como material rob\u00f3tico. Tambi\u00e9n material espec\u00edfico que facilite el acceso a la tecnolog\u00eda a personas con diversidad funcional\u201d \u2013 explic\u00f3 Amelia Fern\u00e1ndez, Alcaldesa de Carre\u00f1o.<\/p>\n<p>\u201cCon esta renovaci\u00f3n, el Ayuntamiento de Carre\u00f1o mejorar\u00e1 el servicio que presta al vecindario, con el objetivo de que la ciudadan\u00eda carre\u00f1ense tenga un f\u00e1cil acceso a las funcionalidades de la Administraci\u00f3n Electr\u00f3nica, y adem\u00e1s poniendo especial empe\u00f1o en que las personas con diversidad funcional no queden marginadas en el uso de las Nuevas Tecnolog\u00edas de la Informaci\u00f3n. De este modo, el Ayuntamiento de Carre\u00f1o llevar\u00e1 a la pr\u00e1ctica la Inclusi\u00f3n, tambi\u00e9n en el \u00e1mbito de las TIC\u201d \u2013 prosigui\u00f3 Fern\u00e1ndez.<\/p>\n<p>\u201cGracias a esta ayuda europea, mejoraremos el servicio municipal, haci\u00e9ndolo m\u00e1s inclusivo. Los departamentos municipales est\u00e1n elaborando los pliegos t\u00e9cnicos y administrativos para iniciar la licitaci\u00f3n del suministro de todo el material inform\u00e1tico que se va adquirir con la subvenci\u00f3n. La renovaci\u00f3n de medios inform\u00e1ticos con equipos de \u00faltima generaci\u00f3n viene a abrir una nueva etapa en la ya larga y exitosa trayectoria del CDTL de Carre\u00f1o. Nacido en 2000 como uno de los primeros Telecentros de Asturias, este equipamiento ha contribuido poderosamente a la incorporaci\u00f3n de la poblaci\u00f3n de Carre\u00f1o a la Sociedad de la Informaci\u00f3n. Algunas cifras hacen patente el inter\u00e9s del p\u00fablico por los servicios del CDTL: en 2017 contaba con un total de 5.742 usuarios registrados (casi el 53% de los habitantes del concejo de Carre\u00f1o se han registrado como usuarios del CDTL). En el mismo a\u00f1o el CDTL ofreci\u00f3 27 talleres de formaci\u00f3n presencial, y un total de 558 servicios de asesoramiento individualizado a la poblaci\u00f3n local\u201d \u2013 concluy\u00f3 la alcaldesa.<\/p>\n","protected":false},"excerpt":{"rendered":"<p>El Ayuntamiento de Carre\u00f1o realizar\u00e1 en los pr\u00f3ximos meses una profunda renovaci\u00f3n de los equipos inform\u00e1ticos que la ciudadan\u00eda tienen a su disposici\u00f3n en el Centro de Dinamizaci\u00f3n Tecnol\u00f3gica Local (CDTL) \u201cC@rre\u00f1o Digit@L\u201d ubicado en la planta baja del centro polivalente \u201c La Baraga\u00f1a\u201d de Cand\u00e1s. La inversi\u00f3n ascender\u00e1 aproximadamente a 35.990 \u20ac, y contar\u00e1<\/p>\n","protected":false},"author":1,"featured_media":103600,"comment_status":"closed","ping_status":"closed","sticky":false,"template":"","format":"standard","meta":{"footnotes":""},"categories":[2],"tags":[],"class_list":{"0":"post-103599","1":"post","2":"type-post","3":"status-publish","4":"format-standard","5":"has-post-thumbnail","7":"category-noticias-carreno"},"aioseo_notices":[],"aioseo_head":"\n\t\t<!-- All in One SEO Pro 4.9.6.2 - aioseo.com -->\n\t<meta name=\"description\" content=\"El Ayuntamiento de Carre\u00f1o realizar\u00e1 en los pr\u00f3ximos meses una profunda renovaci\u00f3n de los equipos inform\u00e1ticos que la ciudadan\u00eda tienen a su disposici\u00f3n en el Centro de Dinamizaci\u00f3n Tecnol\u00f3gica Local (CDTL) \u201cC@rre\u00f1o Digit@L\u201d ubicado en la planta baja del centro polivalente \u201c La Baraga\u00f1a\u201d de Cand\u00e1s. La inversi\u00f3n ascender\u00e1 aproximadamente a 35.990 \u20ac, y contar\u00e1\" \/>\n\t<meta name=\"robots\" content=\"max-image-preview:large\" \/>\n\t<meta name=\"author\" content=\"Cand\u00e1s 365\"\/>\n\t<meta name=\"google-site-verification\" content=\"UA-32230408-1\" \/>\n\t<meta name=\"msvalidate.01\" content=\"354F3CDFB2DA171B47FBE9ABF1F88D5\" \/>\n\t<meta name=\"keywords\" content=\"noticias carre\u00f1o\" \/>\n\t<link rel=\"canonical\" href=\"https:\/\/candas365.es\/noticias\/el-ayuntamiento-de-carreno-renovara-los-equipos-del-cdtl-de-candas\/\" \/>\n\t<meta name=\"generator\" content=\"All in One SEO Pro (AIOSEO) 4.9.6.2\" \/>\n\t\t<meta property=\"og:locale\" content=\"es_ES\" \/>\n\t\t<meta property=\"og:site_name\" content=\"Cand\u00e1s 365\" \/>\n\t\t<meta property=\"og:type\" content=\"article\" \/>\n\t\t<meta property=\"og:title\" content=\"El Ayuntamiento de Carre\u00f1o renovar\u00e1 los equipos del CDTL de Cand\u00e1s | Cand\u00e1s 365\" \/>\n\t\t<meta property=\"og:description\" content=\"El Ayuntamiento de Carre\u00f1o realizar\u00e1 en los pr\u00f3ximos meses una profunda renovaci\u00f3n de los equipos inform\u00e1ticos que la ciudadan\u00eda tienen a su disposici\u00f3n en el Centro de Dinamizaci\u00f3n Tecnol\u00f3gica Local (CDTL) \u201cC@rre\u00f1o Digit@L\u201d ubicado en la planta baja del centro polivalente \u201c La Baraga\u00f1a\u201d de Cand\u00e1s. La inversi\u00f3n ascender\u00e1 aproximadamente a 35.990 \u20ac, y contar\u00e1\" \/>\n\t\t<meta property=\"og:url\" content=\"https:\/\/candas365.es\/noticias\/el-ayuntamiento-de-carreno-renovara-los-equipos-del-cdtl-de-candas\/\" \/>\n\t\t<meta property=\"og:image\" content=\"https:\/\/candas365.es\/noticias\/wp-content\/uploads\/2018\/08\/laptop-820274_960_720.jpg\" \/>\n\t\t<meta property=\"og:image:secure_url\" content=\"https:\/\/candas365.es\/noticias\/wp-content\/uploads\/2018\/08\/laptop-820274_960_720.jpg\" \/>\n\t\t<meta property=\"og:image:width\" content=\"960\" \/>\n\t\t<meta property=\"og:image:height\" content=\"640\" \/>\n\t\t<meta property=\"article:published_time\" content=\"2018-08-25T09:55:18+00:00\" \/>\n\t\t<meta property=\"article:modified_time\" content=\"2018-08-25T09:58:22+00:00\" \/>\n\t\t<meta property=\"article:publisher\" content=\"https:\/\/www.facebook.com\/Nachofdezber\" \/>\n\t\t<meta property=\"article:author\" content=\"https:\/\/www.facebook.com\/carrenoactualidad\" \/>\n\t\t<meta name=\"twitter:card\" content=\"summary_large_image\" \/>\n\t\t<meta name=\"twitter:site\" content=\"@NabercoDigital\" \/>\n\t\t<meta name=\"twitter:title\" content=\"El Ayuntamiento de Carre\u00f1o renovar\u00e1 los equipos del CDTL de Cand\u00e1s | Cand\u00e1s 365\" \/>\n\t\t<meta name=\"twitter:description\" content=\"El Ayuntamiento de Carre\u00f1o realizar\u00e1 en los pr\u00f3ximos meses una profunda renovaci\u00f3n de los equipos inform\u00e1ticos que la ciudadan\u00eda tienen a su disposici\u00f3n en el Centro de Dinamizaci\u00f3n Tecnol\u00f3gica Local (CDTL) \u201cC@rre\u00f1o Digit@L\u201d ubicado en la planta baja del centro polivalente \u201c La Baraga\u00f1a\u201d de Cand\u00e1s. La inversi\u00f3n ascender\u00e1 aproximadamente a 35.990 \u20ac, y contar\u00e1\" \/>\n\t\t<meta name=\"twitter:creator\" content=\"@nbasturias\" \/>\n\t\t<meta name=\"twitter:image\" content=\"https:\/\/candas365.es\/noticias\/wp-content\/uploads\/2018\/08\/laptop-820274_960_720.jpg\" \/>\n\t\t<meta name=\"twitter:label1\" content=\"Escrito por\" \/>\n\t\t<meta name=\"twitter:data1\" content=\"Cand\u00e1s 365\" \/>\n\t\t<meta name=\"twitter:label2\" content=\"Tiempo de lectura estimado\" \/>\n\t\t<meta name=\"twitter:data2\" content=\"2 minutos\" \/>\n\t\t<script type=\"application\/ld+json\" class=\"aioseo-schema\">\n\t\t\t{\"@context\":\"https:\\\/\\\/schema.org\",\"@graph\":[{\"@type\":\"BreadcrumbList\",\"@id\":\"https:\\\/\\\/candas365.es\\\/noticias\\\/el-ayuntamiento-de-carreno-renovara-los-equipos-del-cdtl-de-candas\\\/#breadcrumblist\",\"itemListElement\":[{\"@type\":\"ListItem\",\"@id\":\"https:\\\/\\\/candas365.es\\\/noticias#listItem\",\"position\":1,\"name\":\"Home\",\"item\":\"https:\\\/\\\/candas365.es\\\/noticias\",\"nextItem\":{\"@type\":\"ListItem\",\"@id\":\"https:\\\/\\\/candas365.es\\\/noticias\\\/category\\\/noticias-carreno\\\/#listItem\",\"name\":\"Noticias Carre\\u00f1o\"}},{\"@type\":\"ListItem\",\"@id\":\"https:\\\/\\\/candas365.es\\\/noticias\\\/category\\\/noticias-carreno\\\/#listItem\",\"position\":2,\"name\":\"Noticias Carre\\u00f1o\",\"item\":\"https:\\\/\\\/candas365.es\\\/noticias\\\/category\\\/noticias-carreno\\\/\",\"nextItem\":{\"@type\":\"ListItem\",\"@id\":\"https:\\\/\\\/candas365.es\\\/noticias\\\/el-ayuntamiento-de-carreno-renovara-los-equipos-del-cdtl-de-candas\\\/#listItem\",\"name\":\"El Ayuntamiento de Carre\\u00f1o renovar\\u00e1 los equipos del CDTL de Cand\\u00e1s\"},\"previousItem\":{\"@type\":\"ListItem\",\"@id\":\"https:\\\/\\\/candas365.es\\\/noticias#listItem\",\"name\":\"Home\"}},{\"@type\":\"ListItem\",\"@id\":\"https:\\\/\\\/candas365.es\\\/noticias\\\/el-ayuntamiento-de-carreno-renovara-los-equipos-del-cdtl-de-candas\\\/#listItem\",\"position\":3,\"name\":\"El Ayuntamiento de Carre\\u00f1o renovar\\u00e1 los equipos del CDTL de Cand\\u00e1s\",\"previousItem\":{\"@type\":\"ListItem\",\"@id\":\"https:\\\/\\\/candas365.es\\\/noticias\\\/category\\\/noticias-carreno\\\/#listItem\",\"name\":\"Noticias Carre\\u00f1o\"}}]},{\"@type\":\"NewsArticle\",\"@id\":\"https:\\\/\\\/candas365.es\\\/noticias\\\/el-ayuntamiento-de-carreno-renovara-los-equipos-del-cdtl-de-candas\\\/#newsarticle\",\"name\":\"El Ayuntamiento de Carre\\u00f1o renovar\\u00e1 los equipos del CDTL de Cand\\u00e1s | Cand\\u00e1s 365\",\"headline\":\"El Ayuntamiento de Carre\\u00f1o renovar\\u00e1 los equipos del CDTL de Cand\\u00e1s\",\"author\":{\"@id\":\"https:\\\/\\\/candas365.es\\\/noticias\\\/author\\\/admin\\\/#author\"},\"publisher\":{\"@id\":\"https:\\\/\\\/candas365.es\\\/noticias\\\/#organization\"},\"image\":{\"@type\":\"ImageObject\",\"url\":\"https:\\\/\\\/candas365.es\\\/noticias\\\/wp-content\\\/uploads\\\/2018\\\/08\\\/laptop-820274_960_720.jpg\",\"width\":960,\"height\":640},\"datePublished\":\"2018-08-25T09:55:18+02:00\",\"dateModified\":\"2018-08-25T09:58:22+02:00\",\"inLanguage\":\"es-ES\",\"mainEntityOfPage\":{\"@id\":\"https:\\\/\\\/candas365.es\\\/noticias\\\/el-ayuntamiento-de-carreno-renovara-los-equipos-del-cdtl-de-candas\\\/#webpage\"},\"isPartOf\":{\"@id\":\"https:\\\/\\\/candas365.es\\\/noticias\\\/el-ayuntamiento-de-carreno-renovara-los-equipos-del-cdtl-de-candas\\\/#webpage\"},\"articleSection\":\"Noticias Carre\\u00f1o\",\"dateline\":\"Publicado el agosto 25, 2018.\"},{\"@type\":\"Organization\",\"@id\":\"https:\\\/\\\/candas365.es\\\/noticias\\\/#organization\",\"name\":\"Cand\\u00e1s 365\",\"description\":\"Cand\\u00e1s 365 es un diario digital independiente, fundado en 2012, con base en Asturias. Informamos con rigor sobre actualidad, sociedad, cultura y ocio, con una mirada local y global.\",\"url\":\"https:\\\/\\\/candas365.es\\\/noticias\\\/\",\"email\":\"info@candas365.es\",\"telephone\":\"+34652131393\",\"foundingDate\":\"2012-06-10\",\"logo\":{\"@type\":\"ImageObject\",\"url\":\"https:\\\/\\\/candas365.es\\\/noticias\\\/wp-content\\\/uploads\\\/2024\\\/09\\\/Candas-365-Redes.jpg\",\"@id\":\"https:\\\/\\\/candas365.es\\\/noticias\\\/el-ayuntamiento-de-carreno-renovara-los-equipos-del-cdtl-de-candas\\\/#organizationLogo\",\"width\":1152,\"height\":864,\"caption\":\"Cand\\u00e1s 365 Redes\"},\"image\":{\"@id\":\"https:\\\/\\\/candas365.es\\\/noticias\\\/el-ayuntamiento-de-carreno-renovara-los-equipos-del-cdtl-de-candas\\\/#organizationLogo\"},\"sameAs\":[\"https:\\\/\\\/www.facebook.com\\\/Nachofdezber\",\"https:\\\/\\\/x.com\\\/NabercoDigital\",\"https:\\\/\\\/www.instagram.com\\\/nachofdezber\\\/\",\"https:\\\/\\\/www.youtube.com\\\/channel\\\/UCZP-2wLEB9Rv6erhFmqVnvg\"],\"address\":{\"@id\":\"https:\\\/\\\/candas365.es\\\/noticias\\\/#postaladdress\",\"@type\":\"PostalAddress\",\"streetAddress\":\"san antonio 4, san antonio 4\",\"postalCode\":\"33430\",\"addressLocality\":\"Cand\\u00e1s\",\"addressRegion\":\"Asturias\",\"addressCountry\":\"ES\"}},{\"@type\":\"Person\",\"@id\":\"https:\\\/\\\/candas365.es\\\/noticias\\\/author\\\/admin\\\/#author\",\"url\":\"https:\\\/\\\/candas365.es\\\/noticias\\\/author\\\/admin\\\/\",\"name\":\"Cand\\u00e1s 365\",\"image\":{\"@type\":\"ImageObject\",\"@id\":\"https:\\\/\\\/candas365.es\\\/noticias\\\/el-ayuntamiento-de-carreno-renovara-los-equipos-del-cdtl-de-candas\\\/#authorImage\",\"url\":\"https:\\\/\\\/secure.gravatar.com\\\/avatar\\\/496a8e03d0c493ede1718b7934145dbdf8d89be1036b0eec9544e1094c9de390?s=96&d=mm&r=g\",\"width\":96,\"height\":96,\"caption\":\"Cand\\u00e1s 365\"},\"sameAs\":[\"https:\\\/\\\/www.facebook.com\\\/carrenoactualidad\",\"https:\\\/\\\/twitter.com\\\/nbasturias\",\"https:\\\/\\\/www.instagram.com\\\/nachofdezber\\\/\",\"https:\\\/\\\/www.youtube.com\\\/channel\\\/UCZP-2wLEB9Rv6erhFmqVnvg\"]},{\"@type\":\"WebPage\",\"@id\":\"https:\\\/\\\/candas365.es\\\/noticias\\\/el-ayuntamiento-de-carreno-renovara-los-equipos-del-cdtl-de-candas\\\/#webpage\",\"url\":\"https:\\\/\\\/candas365.es\\\/noticias\\\/el-ayuntamiento-de-carreno-renovara-los-equipos-del-cdtl-de-candas\\\/\",\"name\":\"El Ayuntamiento de Carre\\u00f1o renovar\\u00e1 los equipos del CDTL de Cand\\u00e1s | Cand\\u00e1s 365\",\"description\":\"El Ayuntamiento de Carre\\u00f1o realizar\\u00e1 en los pr\\u00f3ximos meses una profunda renovaci\\u00f3n de los equipos inform\\u00e1ticos que la ciudadan\\u00eda tienen a su disposici\\u00f3n en el Centro de Dinamizaci\\u00f3n Tecnol\\u00f3gica Local (CDTL) \\u201cC@rre\\u00f1o Digit@L\\u201d ubicado en la planta baja del centro polivalente \\u201c La Baraga\\u00f1a\\u201d de Cand\\u00e1s. La inversi\\u00f3n ascender\\u00e1 aproximadamente a 35.990 \\u20ac, y contar\\u00e1\",\"inLanguage\":\"es-ES\",\"isPartOf\":{\"@id\":\"https:\\\/\\\/candas365.es\\\/noticias\\\/#website\"},\"breadcrumb\":{\"@id\":\"https:\\\/\\\/candas365.es\\\/noticias\\\/el-ayuntamiento-de-carreno-renovara-los-equipos-del-cdtl-de-candas\\\/#breadcrumblist\"},\"author\":{\"@id\":\"https:\\\/\\\/candas365.es\\\/noticias\\\/author\\\/admin\\\/#author\"},\"creator\":{\"@id\":\"https:\\\/\\\/candas365.es\\\/noticias\\\/author\\\/admin\\\/#author\"},\"image\":{\"@type\":\"ImageObject\",\"url\":\"https:\\\/\\\/candas365.es\\\/noticias\\\/wp-content\\\/uploads\\\/2018\\\/08\\\/laptop-820274_960_720.jpg\",\"@id\":\"https:\\\/\\\/candas365.es\\\/noticias\\\/el-ayuntamiento-de-carreno-renovara-los-equipos-del-cdtl-de-candas\\\/#mainImage\",\"width\":960,\"height\":640},\"primaryImageOfPage\":{\"@id\":\"https:\\\/\\\/candas365.es\\\/noticias\\\/el-ayuntamiento-de-carreno-renovara-los-equipos-del-cdtl-de-candas\\\/#mainImage\"},\"datePublished\":\"2018-08-25T09:55:18+02:00\",\"dateModified\":\"2018-08-25T09:58:22+02:00\"},{\"@type\":\"WebSite\",\"@id\":\"https:\\\/\\\/candas365.es\\\/noticias\\\/#website\",\"url\":\"https:\\\/\\\/candas365.es\\\/noticias\\\/\",\"name\":\"Cand\\u00e1s 365\",\"alternateName\":\"Cand\\u00e1s 365 Noticias\",\"description\":\"Actualidad desde Carre\\u00f1o para el mundo\",\"inLanguage\":\"es-ES\",\"publisher\":{\"@id\":\"https:\\\/\\\/candas365.es\\\/noticias\\\/#organization\"}}]}\n\t\t<\/script>\n\t\t<!-- All in One SEO Pro -->\r\n\t\t<title>El Ayuntamiento de Carre\u00f1o renovar\u00e1 los equipos del CDTL de Cand\u00e1s | Cand\u00e1s 365<\/title>\n\n","aioseo_head_json":{"title":"El Ayuntamiento de Carre\u00f1o renovar\u00e1 los equipos del CDTL de Cand\u00e1s | Cand\u00e1s 365","description":"El Ayuntamiento de Carre\u00f1o realizar\u00e1 en los pr\u00f3ximos meses una profunda renovaci\u00f3n de los equipos inform\u00e1ticos que la ciudadan\u00eda tienen a su disposici\u00f3n en el Centro de Dinamizaci\u00f3n Tecnol\u00f3gica Local (CDTL) \u201cC@rre\u00f1o Digit@L\u201d ubicado en la planta baja del centro polivalente \u201c La Baraga\u00f1a\u201d de Cand\u00e1s. La inversi\u00f3n ascender\u00e1 aproximadamente a 35.990 \u20ac, y contar\u00e1","canonical_url":"https:\/\/candas365.es\/noticias\/el-ayuntamiento-de-carreno-renovara-los-equipos-del-cdtl-de-candas\/","robots":"max-image-preview:large","keywords":"noticias carre\u00f1o","webmasterTools":{"google-site-verification":"UA-32230408-1","msvalidate.01":"354F3CDFB2DA171B47FBE9ABF1F88D5","miscellaneous":""},"schema":{"@context":"https:\/\/schema.org","@graph":[{"@type":"BreadcrumbList","@id":"https:\/\/candas365.es\/noticias\/el-ayuntamiento-de-carreno-renovara-los-equipos-del-cdtl-de-candas\/#breadcrumblist","itemListElement":[{"@type":"ListItem","@id":"https:\/\/candas365.es\/noticias#listItem","position":1,"name":"Home","item":"https:\/\/candas365.es\/noticias","nextItem":{"@type":"ListItem","@id":"https:\/\/candas365.es\/noticias\/category\/noticias-carreno\/#listItem","name":"Noticias Carre\u00f1o"}},{"@type":"ListItem","@id":"https:\/\/candas365.es\/noticias\/category\/noticias-carreno\/#listItem","position":2,"name":"Noticias Carre\u00f1o","item":"https:\/\/candas365.es\/noticias\/category\/noticias-carreno\/","nextItem":{"@type":"ListItem","@id":"https:\/\/candas365.es\/noticias\/el-ayuntamiento-de-carreno-renovara-los-equipos-del-cdtl-de-candas\/#listItem","name":"El Ayuntamiento de Carre\u00f1o renovar\u00e1 los equipos del CDTL de Cand\u00e1s"},"previousItem":{"@type":"ListItem","@id":"https:\/\/candas365.es\/noticias#listItem","name":"Home"}},{"@type":"ListItem","@id":"https:\/\/candas365.es\/noticias\/el-ayuntamiento-de-carreno-renovara-los-equipos-del-cdtl-de-candas\/#listItem","position":3,"name":"El Ayuntamiento de Carre\u00f1o renovar\u00e1 los equipos del CDTL de Cand\u00e1s","previousItem":{"@type":"ListItem","@id":"https:\/\/candas365.es\/noticias\/category\/noticias-carreno\/#listItem","name":"Noticias Carre\u00f1o"}}]},{"@type":"NewsArticle","@id":"https:\/\/candas365.es\/noticias\/el-ayuntamiento-de-carreno-renovara-los-equipos-del-cdtl-de-candas\/#newsarticle","name":"El Ayuntamiento de Carre\u00f1o renovar\u00e1 los equipos del CDTL de Cand\u00e1s | Cand\u00e1s 365","headline":"El Ayuntamiento de Carre\u00f1o renovar\u00e1 los equipos del CDTL de Cand\u00e1s","author":{"@id":"https:\/\/candas365.es\/noticias\/author\/admin\/#author"},"publisher":{"@id":"https:\/\/candas365.es\/noticias\/#organization"},"image":{"@type":"ImageObject","url":"https:\/\/candas365.es\/noticias\/wp-content\/uploads\/2018\/08\/laptop-820274_960_720.jpg","width":960,"height":640},"datePublished":"2018-08-25T09:55:18+02:00","dateModified":"2018-08-25T09:58:22+02:00","inLanguage":"es-ES","mainEntityOfPage":{"@id":"https:\/\/candas365.es\/noticias\/el-ayuntamiento-de-carreno-renovara-los-equipos-del-cdtl-de-candas\/#webpage"},"isPartOf":{"@id":"https:\/\/candas365.es\/noticias\/el-ayuntamiento-de-carreno-renovara-los-equipos-del-cdtl-de-candas\/#webpage"},"articleSection":"Noticias Carre\u00f1o","dateline":"Publicado el agosto 25, 2018."},{"@type":"Organization","@id":"https:\/\/candas365.es\/noticias\/#organization","name":"Cand\u00e1s 365","description":"Cand\u00e1s 365 es un diario digital independiente, fundado en 2012, con base en Asturias. Informamos con rigor sobre actualidad, sociedad, cultura y ocio, con una mirada local y global.","url":"https:\/\/candas365.es\/noticias\/","email":"info@candas365.es","telephone":"+34652131393","foundingDate":"2012-06-10","logo":{"@type":"ImageObject","url":"https:\/\/candas365.es\/noticias\/wp-content\/uploads\/2024\/09\/Candas-365-Redes.jpg","@id":"https:\/\/candas365.es\/noticias\/el-ayuntamiento-de-carreno-renovara-los-equipos-del-cdtl-de-candas\/#organizationLogo","width":1152,"height":864,"caption":"Cand\u00e1s 365 Redes"},"image":{"@id":"https:\/\/candas365.es\/noticias\/el-ayuntamiento-de-carreno-renovara-los-equipos-del-cdtl-de-candas\/#organizationLogo"},"sameAs":["https:\/\/www.facebook.com\/Nachofdezber","https:\/\/x.com\/NabercoDigital","https:\/\/www.instagram.com\/nachofdezber\/","https:\/\/www.youtube.com\/channel\/UCZP-2wLEB9Rv6erhFmqVnvg"],"address":{"@id":"https:\/\/candas365.es\/noticias\/#postaladdress","@type":"PostalAddress","streetAddress":"san antonio 4, san antonio 4","postalCode":"33430","addressLocality":"Cand\u00e1s","addressRegion":"Asturias","addressCountry":"ES"}},{"@type":"Person","@id":"https:\/\/candas365.es\/noticias\/author\/admin\/#author","url":"https:\/\/candas365.es\/noticias\/author\/admin\/","name":"Cand\u00e1s 365","image":{"@type":"ImageObject","@id":"https:\/\/candas365.es\/noticias\/el-ayuntamiento-de-carreno-renovara-los-equipos-del-cdtl-de-candas\/#authorImage","url":"https:\/\/secure.gravatar.com\/avatar\/496a8e03d0c493ede1718b7934145dbdf8d89be1036b0eec9544e1094c9de390?s=96&d=mm&r=g","width":96,"height":96,"caption":"Cand\u00e1s 365"},"sameAs":["https:\/\/www.facebook.com\/carrenoactualidad","https:\/\/twitter.com\/nbasturias","https:\/\/www.instagram.com\/nachofdezber\/","https:\/\/www.youtube.com\/channel\/UCZP-2wLEB9Rv6erhFmqVnvg"]},{"@type":"WebPage","@id":"https:\/\/candas365.es\/noticias\/el-ayuntamiento-de-carreno-renovara-los-equipos-del-cdtl-de-candas\/#webpage","url":"https:\/\/candas365.es\/noticias\/el-ayuntamiento-de-carreno-renovara-los-equipos-del-cdtl-de-candas\/","name":"El Ayuntamiento de Carre\u00f1o renovar\u00e1 los equipos del CDTL de Cand\u00e1s | Cand\u00e1s 365","description":"El Ayuntamiento de Carre\u00f1o realizar\u00e1 en los pr\u00f3ximos meses una profunda renovaci\u00f3n de los equipos inform\u00e1ticos que la ciudadan\u00eda tienen a su disposici\u00f3n en el Centro de Dinamizaci\u00f3n Tecnol\u00f3gica Local (CDTL) \u201cC@rre\u00f1o Digit@L\u201d ubicado en la planta baja del centro polivalente \u201c La Baraga\u00f1a\u201d de Cand\u00e1s. La inversi\u00f3n ascender\u00e1 aproximadamente a 35.990 \u20ac, y contar\u00e1","inLanguage":"es-ES","isPartOf":{"@id":"https:\/\/candas365.es\/noticias\/#website"},"breadcrumb":{"@id":"https:\/\/candas365.es\/noticias\/el-ayuntamiento-de-carreno-renovara-los-equipos-del-cdtl-de-candas\/#breadcrumblist"},"author":{"@id":"https:\/\/candas365.es\/noticias\/author\/admin\/#author"},"creator":{"@id":"https:\/\/candas365.es\/noticias\/author\/admin\/#author"},"image":{"@type":"ImageObject","url":"https:\/\/candas365.es\/noticias\/wp-content\/uploads\/2018\/08\/laptop-820274_960_720.jpg","@id":"https:\/\/candas365.es\/noticias\/el-ayuntamiento-de-carreno-renovara-los-equipos-del-cdtl-de-candas\/#mainImage","width":960,"height":640},"primaryImageOfPage":{"@id":"https:\/\/candas365.es\/noticias\/el-ayuntamiento-de-carreno-renovara-los-equipos-del-cdtl-de-candas\/#mainImage"},"datePublished":"2018-08-25T09:55:18+02:00","dateModified":"2018-08-25T09:58:22+02:00"},{"@type":"WebSite","@id":"https:\/\/candas365.es\/noticias\/#website","url":"https:\/\/candas365.es\/noticias\/","name":"Cand\u00e1s 365","alternateName":"Cand\u00e1s 365 Noticias","description":"Actualidad desde Carre\u00f1o para el mundo","inLanguage":"es-ES","publisher":{"@id":"https:\/\/candas365.es\/noticias\/#organization"}}]},"og:locale":"es_ES","og:site_name":"Cand\u00e1s 365","og:type":"article","og:title":"El Ayuntamiento de Carre\u00f1o renovar\u00e1 los equipos del CDTL de Cand\u00e1s | Cand\u00e1s 365","og:description":"El Ayuntamiento de Carre\u00f1o realizar\u00e1 en los pr\u00f3ximos meses una profunda renovaci\u00f3n de los equipos inform\u00e1ticos que la ciudadan\u00eda tienen a su disposici\u00f3n en el Centro de Dinamizaci\u00f3n Tecnol\u00f3gica Local (CDTL) \u201cC@rre\u00f1o Digit@L\u201d ubicado en la planta baja del centro polivalente \u201c La Baraga\u00f1a\u201d de Cand\u00e1s. La inversi\u00f3n ascender\u00e1 aproximadamente a 35.990 \u20ac, y contar\u00e1","og:url":"https:\/\/candas365.es\/noticias\/el-ayuntamiento-de-carreno-renovara-los-equipos-del-cdtl-de-candas\/","og:image":"https:\/\/candas365.es\/noticias\/wp-content\/uploads\/2018\/08\/laptop-820274_960_720.jpg","og:image:secure_url":"https:\/\/candas365.es\/noticias\/wp-content\/uploads\/2018\/08\/laptop-820274_960_720.jpg","og:image:width":960,"og:image:height":640,"article:published_time":"2018-08-25T09:55:18+00:00","article:modified_time":"2018-08-25T09:58:22+00:00","article:publisher":"https:\/\/www.facebook.com\/Nachofdezber","article:author":"https:\/\/www.facebook.com\/carrenoactualidad","twitter:card":"summary_large_image","twitter:site":"@NabercoDigital","twitter:title":"El Ayuntamiento de Carre\u00f1o renovar\u00e1 los equipos del CDTL de Cand\u00e1s | Cand\u00e1s 365","twitter:description":"El Ayuntamiento de Carre\u00f1o realizar\u00e1 en los pr\u00f3ximos meses una profunda renovaci\u00f3n de los equipos inform\u00e1ticos que la ciudadan\u00eda tienen a su disposici\u00f3n en el Centro de Dinamizaci\u00f3n Tecnol\u00f3gica Local (CDTL) \u201cC@rre\u00f1o Digit@L\u201d ubicado en la planta baja del centro polivalente \u201c La Baraga\u00f1a\u201d de Cand\u00e1s. La inversi\u00f3n ascender\u00e1 aproximadamente a 35.990 \u20ac, y contar\u00e1","twitter:creator":"@nbasturias","twitter:image":"https:\/\/candas365.es\/noticias\/wp-content\/uploads\/2018\/08\/laptop-820274_960_720.jpg","twitter:label1":"Escrito por","twitter:data1":"Cand\u00e1s 365","twitter:label2":"Tiempo de lectura estimado","twitter:data2":"2 minutos"},"aioseo_meta_data":{"post_id":"103599","title":null,"description":null,"keywords":null,"keyphrases":null,"primary_term":null,"canonical_url":null,"og_title":null,"og_description":null,"og_object_type":"default","og_image_type":"default","og_image_url":null,"og_image_width":null,"og_image_height":null,"og_image_custom_url":null,"og_image_custom_fields":null,"og_video":null,"og_custom_url":null,"og_article_section":null,"og_article_tags":null,"twitter_use_og":false,"twitter_card":"default","twitter_image_type":"default","twitter_image_url":null,"twitter_image_custom_url":null,"twitter_image_custom_fields":null,"twitter_title":null,"twitter_description":null,"schema":{"blockGraphs":[],"customGraphs":[],"default":{"data":{"Article":[],"Course":[],"Dataset":[],"FAQPage":[],"Movie":[],"Person":[],"Product":[],"ProductReview":[],"Car":[],"Recipe":[],"Service":[],"SoftwareApplication":[],"WebPage":[]},"graphName":"","isEnabled":true},"graphs":[],"defaultGraph":"","defaultPostTypeGraph":""},"schema_type":null,"schema_type_options":null,"pillar_content":false,"robots_default":true,"robots_noindex":false,"robots_noarchive":false,"robots_nosnippet":false,"robots_nofollow":false,"robots_noimageindex":false,"robots_noodp":false,"robots_notranslate":false,"robots_max_snippet":null,"robots_max_videopreview":null,"robots_max_imagepreview":"large","priority":null,"frequency":null,"location":null,"local_seo":null,"seo_analyzer_scan_date":"2025-08-27 17:19:13","breadcrumb_settings":null,"limit_modified_date":false,"reviewed_by":null,"open_ai":null,"ai":null,"created":"2020-12-21 11:46:30","updated":"2025-08-27 17:19:13"},"aioseo_breadcrumb":"<div class=\"aioseo-breadcrumbs\"><span class=\"aioseo-breadcrumb\">\n\t<a href=\"https:\/\/candas365.es\/noticias\" title=\"Home\">Home<\/a>\n<\/span><span class=\"aioseo-breadcrumb-separator\">&ndash;<\/span><span class=\"aioseo-breadcrumb\">\n\t<a href=\"https:\/\/candas365.es\/noticias\/category\/noticias-carreno\/\" title=\"Noticias Carre\u00f1o\">Noticias Carre\u00f1o<\/a>\n<\/span><span class=\"aioseo-breadcrumb-separator\">&ndash;<\/span><span class=\"aioseo-breadcrumb\">\n\tEl Ayuntamiento de Carre\u00f1o renovar\u00e1 los equipos del CDTL de Cand\u00e1s\n<\/span><\/div>","aioseo_breadcrumb_json":[{"label":"Home","link":"https:\/\/candas365.es\/noticias"},{"label":"Noticias Carre\u00f1o","link":"https:\/\/candas365.es\/noticias\/category\/noticias-carreno\/"},{"label":"El Ayuntamiento de Carre\u00f1o renovar\u00e1 los equipos del CDTL de Cand\u00e1s","link":"https:\/\/candas365.es\/noticias\/el-ayuntamiento-de-carreno-renovara-los-equipos-del-cdtl-de-candas\/"}],"_links":{"self":[{"href":"https:\/\/candas365.es\/noticias\/wp-json\/wp\/v2\/posts\/103599","targetHints":{"allow":["GET"]}}],"collection":[{"href":"https:\/\/candas365.es\/noticias\/wp-json\/wp\/v2\/posts"}],"about":[{"href":"https:\/\/candas365.es\/noticias\/wp-json\/wp\/v2\/types\/post"}],"author":[{"embeddable":true,"href":"https:\/\/candas365.es\/noticias\/wp-json\/wp\/v2\/users\/1"}],"replies":[{"embeddable":true,"href":"https:\/\/candas365.es\/noticias\/wp-json\/wp\/v2\/comments?post=103599"}],"version-history":[{"count":0,"href":"https:\/\/candas365.es\/noticias\/wp-json\/wp\/v2\/posts\/103599\/revisions"}],"wp:featuredmedia":[{"embeddable":true,"href":"https:\/\/candas365.es\/noticias\/wp-json\/wp\/v2\/media\/103600"}],"wp:attachment":[{"href":"https:\/\/candas365.es\/noticias\/wp-json\/wp\/v2\/media?parent=103599"}],"wp:term":[{"taxonomy":"category","embeddable":true,"href":"https:\/\/candas365.es\/noticias\/wp-json\/wp\/v2\/categories?post=103599"},{"taxonomy":"post_tag","embeddable":true,"href":"https:\/\/candas365.es\/noticias\/wp-json\/wp\/v2\/tags?post=103599"}],"curies":[{"name":"wp","href":"https:\/\/api.w.org\/{rel}","templated":true}]}}