{"id":103447,"date":"2018-08-23T16:46:09","date_gmt":"2018-08-23T16:46:09","guid":{"rendered":"http:\/\/candas365.es\/noticias\/?p=103447"},"modified":"2018-08-23T16:46:09","modified_gmt":"2018-08-23T16:46:09","slug":"ayuntamiento-de-carreno-y-ecovidrio-emprenderan-medidas-para-fomentar-el-reciclaje-de-vidrio","status":"publish","type":"post","link":"https:\/\/candas365.es\/noticias\/ayuntamiento-de-carreno-y-ecovidrio-emprenderan-medidas-para-fomentar-el-reciclaje-de-vidrio\/","title":{"rendered":"Ayuntamiento de Carre\u00f1o y Ecovidrio emprender\u00e1n medidas para fomentar el reciclaje de vidrio"},"content":{"rendered":"<p><img fetchpriority=\"high\" decoding=\"async\" class=\"alignleft size-medium wp-image-103448\" src=\"https:\/\/candas365.es\/noticias\/wp-content\/uploads\/2018\/08\/ecovidrio-225x300.jpg\" alt=\"\" width=\"225\" height=\"300\" srcset=\"https:\/\/candas365.es\/noticias\/wp-content\/uploads\/2018\/08\/ecovidrio-225x300.jpg 225w, https:\/\/candas365.es\/noticias\/wp-content\/uploads\/2018\/08\/ecovidrio-768x1024.jpg 768w, https:\/\/candas365.es\/noticias\/wp-content\/uploads\/2018\/08\/ecovidrio-360x480.jpg 360w, https:\/\/candas365.es\/noticias\/wp-content\/uploads\/2018\/08\/ecovidrio-696x928.jpg 696w, https:\/\/candas365.es\/noticias\/wp-content\/uploads\/2018\/08\/ecovidrio-1068x1424.jpg 1068w, https:\/\/candas365.es\/noticias\/wp-content\/uploads\/2018\/08\/ecovidrio-315x420.jpg 315w, https:\/\/candas365.es\/noticias\/wp-content\/uploads\/2018\/08\/ecovidrio.jpg 1200w\" sizes=\"(max-width: 225px) 100vw, 225px\" \/>La alcaldesa de Carre\u00f1o, Amelia Fern\u00e1ndez, anunci\u00f3 este jueves mediante un comunicado de prensa el Ayuntamiento de Carre\u00f1o junto con Ecovidrio emprender\u00e1n una serie de iniciativas para concienciar a la poblaci\u00f3n sobre la necesidad del reciclado de envases de vidrio durante la celebraci\u00f3n de La Vuelta 2018.<\/p>\n<p>En este sentido el concejal de Medio Ambiente, Jos\u00e9 Gabriel Rodr\u00edguez Fern\u00e1ndez asegur\u00f3 que se colocar\u00e1n 5 contenedores con la imagen de la campa\u00f1a \u2018Recicla vidrio y pedalea\u2019 y se distribuir\u00e1n por Carre\u00f1o.<\/p>\n<p>\u201cGracias a esta iniciativa de sensibilizaci\u00f3n se movilizar\u00e1 al vecindario de la villa de Cand\u00e1s por la que pasar\u00e1n los ciclistas de una de las citas deportivas m\u00e1s importantes. Este trofeo simboliza el esfuerzo tanto de los ciclistas en cada etapa como de la ciudadan\u00eda por cuidar del medioambiente. Los cinco contenedores est\u00e1n ubicados en la entrada al Puerto, calle Rosal, calle Pedro Herrero, calle Promadonga y Avenida de Ferrocarril, a la altura de la estaci\u00f3n de FEVE\u201d, explic\u00f3 Rodr\u00edguez.<\/p>\n<p>Igualmente record\u00f3 que, seg\u00fan los \u00faltimos datos de 2017, la ciudadan\u00eda de Carre\u00f1o recicl\u00f3 un total de 168.430 kilogramos de vidrio, lo que se traduce en 16 kg por habitante, por encima de la media del Principado de Asturias.<\/p>\n<p>\u201cDado nuestro compromiso con el reciclaje valoramos como muy positivo esta acci\u00f3n de sensibilizaci\u00f3n de Ecovidrio. Nos entregaron hoy cinco contenedores igl\u00fa para vidrio, y podremos usarlos m\u00e1s all\u00e1 de este evento deportivo. Se suman a los existentes en Cand\u00e1s. Nos parece un acierto, aprovechar el desarrollo del evento deportivo del a\u00f1o en Carre\u00f1o con el reciclaje, en este caso de vidrio, dada la gran importancia que tiene la recogida selectiva\u201d, puntualiz\u00f3 el edil.<\/p>\n<p>Finalmente indic\u00f3 que el Ayuntamiento de Carre\u00f1o facilitar\u00e1 en todas las fiestas del concejo igl\u00fas para facilitar el reciclaje.<\/p>\n<p>Soraya A.P<\/p>\n","protected":false},"excerpt":{"rendered":"<p>La alcaldesa de Carre\u00f1o, Amelia Fern\u00e1ndez, anunci\u00f3 este jueves mediante un comunicado de prensa el Ayuntamiento de Carre\u00f1o junto con Ecovidrio emprender\u00e1n una serie de iniciativas para concienciar a la poblaci\u00f3n sobre la necesidad del reciclado de envases de vidrio durante la celebraci\u00f3n de La Vuelta 2018. En este sentido el concejal de Medio Ambiente,<\/p>\n","protected":false},"author":1,"featured_media":103448,"comment_status":"closed","ping_status":"closed","sticky":false,"template":"","format":"standard","meta":{"footnotes":""},"categories":[2],"tags":[],"class_list":{"0":"post-103447","1":"post","2":"type-post","3":"status-publish","4":"format-standard","5":"has-post-thumbnail","7":"category-noticias-carreno"},"aioseo_notices":[],"aioseo_head":"\n\t\t<!-- All in One SEO Pro 4.9.6.2 - aioseo.com -->\n\t<meta name=\"description\" content=\"La alcaldesa de Carre\u00f1o, Amelia Fern\u00e1ndez, anunci\u00f3 este jueves mediante un comunicado de prensa el Ayuntamiento de Carre\u00f1o junto con Ecovidrio emprender\u00e1n una serie de iniciativas para concienciar a la poblaci\u00f3n sobre la necesidad del reciclado de envases de vidrio durante la celebraci\u00f3n de La Vuelta 2018. En este sentido el concejal de Medio Ambiente,\" \/>\n\t<meta name=\"robots\" content=\"max-image-preview:large\" \/>\n\t<meta name=\"author\" content=\"Cand\u00e1s 365\"\/>\n\t<meta name=\"google-site-verification\" content=\"UA-32230408-1\" \/>\n\t<meta name=\"msvalidate.01\" content=\"354F3CDFB2DA171B47FBE9ABF1F88D5\" \/>\n\t<meta name=\"keywords\" content=\"noticias carre\u00f1o\" \/>\n\t<link rel=\"canonical\" href=\"https:\/\/candas365.es\/noticias\/ayuntamiento-de-carreno-y-ecovidrio-emprenderan-medidas-para-fomentar-el-reciclaje-de-vidrio\/\" \/>\n\t<meta name=\"generator\" content=\"All in One SEO Pro (AIOSEO) 4.9.6.2\" \/>\n\t\t<meta property=\"og:locale\" content=\"es_ES\" \/>\n\t\t<meta property=\"og:site_name\" content=\"Cand\u00e1s 365\" \/>\n\t\t<meta property=\"og:type\" content=\"article\" \/>\n\t\t<meta property=\"og:title\" content=\"Ayuntamiento de Carre\u00f1o y Ecovidrio emprender\u00e1n medidas para fomentar el reciclaje de vidrio | Cand\u00e1s 365\" \/>\n\t\t<meta property=\"og:description\" content=\"La alcaldesa de Carre\u00f1o, Amelia Fern\u00e1ndez, anunci\u00f3 este jueves mediante un comunicado de prensa el Ayuntamiento de Carre\u00f1o junto con Ecovidrio emprender\u00e1n una serie de iniciativas para concienciar a la poblaci\u00f3n sobre la necesidad del reciclado de envases de vidrio durante la celebraci\u00f3n de La Vuelta 2018. En este sentido el concejal de Medio Ambiente,\" \/>\n\t\t<meta property=\"og:url\" content=\"https:\/\/candas365.es\/noticias\/ayuntamiento-de-carreno-y-ecovidrio-emprenderan-medidas-para-fomentar-el-reciclaje-de-vidrio\/\" \/>\n\t\t<meta property=\"og:image\" content=\"https:\/\/candas365.es\/noticias\/wp-content\/uploads\/2018\/08\/ecovidrio.jpg\" \/>\n\t\t<meta property=\"og:image:secure_url\" content=\"https:\/\/candas365.es\/noticias\/wp-content\/uploads\/2018\/08\/ecovidrio.jpg\" \/>\n\t\t<meta property=\"og:image:width\" content=\"1200\" \/>\n\t\t<meta property=\"og:image:height\" content=\"1600\" \/>\n\t\t<meta property=\"article:published_time\" content=\"2018-08-23T16:46:09+00:00\" \/>\n\t\t<meta property=\"article:modified_time\" content=\"2018-08-23T16:46:09+00:00\" \/>\n\t\t<meta property=\"article:publisher\" content=\"https:\/\/www.facebook.com\/Nachofdezber\" \/>\n\t\t<meta property=\"article:author\" content=\"https:\/\/www.facebook.com\/carrenoactualidad\" \/>\n\t\t<meta name=\"twitter:card\" content=\"summary_large_image\" \/>\n\t\t<meta name=\"twitter:site\" content=\"@NabercoDigital\" \/>\n\t\t<meta name=\"twitter:title\" content=\"Ayuntamiento de Carre\u00f1o y Ecovidrio emprender\u00e1n medidas para fomentar el reciclaje de vidrio | Cand\u00e1s 365\" \/>\n\t\t<meta name=\"twitter:description\" content=\"La alcaldesa de Carre\u00f1o, Amelia Fern\u00e1ndez, anunci\u00f3 este jueves mediante un comunicado de prensa el Ayuntamiento de Carre\u00f1o junto con Ecovidrio emprender\u00e1n una serie de iniciativas para concienciar a la poblaci\u00f3n sobre la necesidad del reciclado de envases de vidrio durante la celebraci\u00f3n de La Vuelta 2018. En este sentido el concejal de Medio Ambiente,\" \/>\n\t\t<meta name=\"twitter:creator\" content=\"@nbasturias\" \/>\n\t\t<meta name=\"twitter:image\" content=\"https:\/\/candas365.es\/noticias\/wp-content\/uploads\/2018\/08\/ecovidrio.jpg\" \/>\n\t\t<meta name=\"twitter:label1\" content=\"Escrito por\" \/>\n\t\t<meta name=\"twitter:data1\" content=\"Cand\u00e1s 365\" \/>\n\t\t<meta name=\"twitter:label2\" content=\"Tiempo de lectura estimado\" \/>\n\t\t<meta name=\"twitter:data2\" content=\"2 minutos\" \/>\n\t\t<script type=\"application\/ld+json\" class=\"aioseo-schema\">\n\t\t\t{\"@context\":\"https:\\\/\\\/schema.org\",\"@graph\":[{\"@type\":\"BreadcrumbList\",\"@id\":\"https:\\\/\\\/candas365.es\\\/noticias\\\/ayuntamiento-de-carreno-y-ecovidrio-emprenderan-medidas-para-fomentar-el-reciclaje-de-vidrio\\\/#breadcrumblist\",\"itemListElement\":[{\"@type\":\"ListItem\",\"@id\":\"https:\\\/\\\/candas365.es\\\/noticias#listItem\",\"position\":1,\"name\":\"Home\",\"item\":\"https:\\\/\\\/candas365.es\\\/noticias\",\"nextItem\":{\"@type\":\"ListItem\",\"@id\":\"https:\\\/\\\/candas365.es\\\/noticias\\\/category\\\/noticias-carreno\\\/#listItem\",\"name\":\"Noticias Carre\\u00f1o\"}},{\"@type\":\"ListItem\",\"@id\":\"https:\\\/\\\/candas365.es\\\/noticias\\\/category\\\/noticias-carreno\\\/#listItem\",\"position\":2,\"name\":\"Noticias Carre\\u00f1o\",\"item\":\"https:\\\/\\\/candas365.es\\\/noticias\\\/category\\\/noticias-carreno\\\/\",\"nextItem\":{\"@type\":\"ListItem\",\"@id\":\"https:\\\/\\\/candas365.es\\\/noticias\\\/ayuntamiento-de-carreno-y-ecovidrio-emprenderan-medidas-para-fomentar-el-reciclaje-de-vidrio\\\/#listItem\",\"name\":\"Ayuntamiento de Carre\\u00f1o y Ecovidrio emprender\\u00e1n medidas para fomentar el reciclaje de vidrio\"},\"previousItem\":{\"@type\":\"ListItem\",\"@id\":\"https:\\\/\\\/candas365.es\\\/noticias#listItem\",\"name\":\"Home\"}},{\"@type\":\"ListItem\",\"@id\":\"https:\\\/\\\/candas365.es\\\/noticias\\\/ayuntamiento-de-carreno-y-ecovidrio-emprenderan-medidas-para-fomentar-el-reciclaje-de-vidrio\\\/#listItem\",\"position\":3,\"name\":\"Ayuntamiento de Carre\\u00f1o y Ecovidrio emprender\\u00e1n medidas para fomentar el reciclaje de vidrio\",\"previousItem\":{\"@type\":\"ListItem\",\"@id\":\"https:\\\/\\\/candas365.es\\\/noticias\\\/category\\\/noticias-carreno\\\/#listItem\",\"name\":\"Noticias Carre\\u00f1o\"}}]},{\"@type\":\"NewsArticle\",\"@id\":\"https:\\\/\\\/candas365.es\\\/noticias\\\/ayuntamiento-de-carreno-y-ecovidrio-emprenderan-medidas-para-fomentar-el-reciclaje-de-vidrio\\\/#newsarticle\",\"name\":\"Ayuntamiento de Carre\\u00f1o y Ecovidrio emprender\\u00e1n medidas para fomentar el reciclaje de vidrio | Cand\\u00e1s 365\",\"headline\":\"Ayuntamiento de Carre\\u00f1o y Ecovidrio emprender\\u00e1n medidas para fomentar el reciclaje de vidrio\",\"author\":{\"@id\":\"https:\\\/\\\/candas365.es\\\/noticias\\\/author\\\/admin\\\/#author\"},\"publisher\":{\"@id\":\"https:\\\/\\\/candas365.es\\\/noticias\\\/#organization\"},\"image\":{\"@type\":\"ImageObject\",\"url\":\"https:\\\/\\\/candas365.es\\\/noticias\\\/wp-content\\\/uploads\\\/2018\\\/08\\\/ecovidrio.jpg\",\"width\":1200,\"height\":1600},\"datePublished\":\"2018-08-23T16:46:09+02:00\",\"dateModified\":\"2018-08-23T16:46:09+02:00\",\"inLanguage\":\"es-ES\",\"mainEntityOfPage\":{\"@id\":\"https:\\\/\\\/candas365.es\\\/noticias\\\/ayuntamiento-de-carreno-y-ecovidrio-emprenderan-medidas-para-fomentar-el-reciclaje-de-vidrio\\\/#webpage\"},\"isPartOf\":{\"@id\":\"https:\\\/\\\/candas365.es\\\/noticias\\\/ayuntamiento-de-carreno-y-ecovidrio-emprenderan-medidas-para-fomentar-el-reciclaje-de-vidrio\\\/#webpage\"},\"articleSection\":\"Noticias Carre\\u00f1o\",\"dateline\":\"Publicado el agosto 23, 2018.\"},{\"@type\":\"Organization\",\"@id\":\"https:\\\/\\\/candas365.es\\\/noticias\\\/#organization\",\"name\":\"Cand\\u00e1s 365\",\"description\":\"Cand\\u00e1s 365 es un diario digital independiente, fundado en 2012, con base en Asturias. Informamos con rigor sobre actualidad, sociedad, cultura y ocio, con una mirada local y global.\",\"url\":\"https:\\\/\\\/candas365.es\\\/noticias\\\/\",\"email\":\"info@candas365.es\",\"telephone\":\"+34652131393\",\"foundingDate\":\"2012-06-10\",\"logo\":{\"@type\":\"ImageObject\",\"url\":\"https:\\\/\\\/candas365.es\\\/noticias\\\/wp-content\\\/uploads\\\/2024\\\/09\\\/Candas-365-Redes.jpg\",\"@id\":\"https:\\\/\\\/candas365.es\\\/noticias\\\/ayuntamiento-de-carreno-y-ecovidrio-emprenderan-medidas-para-fomentar-el-reciclaje-de-vidrio\\\/#organizationLogo\",\"width\":1152,\"height\":864,\"caption\":\"Cand\\u00e1s 365 Redes\"},\"image\":{\"@id\":\"https:\\\/\\\/candas365.es\\\/noticias\\\/ayuntamiento-de-carreno-y-ecovidrio-emprenderan-medidas-para-fomentar-el-reciclaje-de-vidrio\\\/#organizationLogo\"},\"sameAs\":[\"https:\\\/\\\/www.facebook.com\\\/Nachofdezber\",\"https:\\\/\\\/x.com\\\/NabercoDigital\",\"https:\\\/\\\/www.instagram.com\\\/nachofdezber\\\/\",\"https:\\\/\\\/www.youtube.com\\\/channel\\\/UCZP-2wLEB9Rv6erhFmqVnvg\"],\"address\":{\"@id\":\"https:\\\/\\\/candas365.es\\\/noticias\\\/#postaladdress\",\"@type\":\"PostalAddress\",\"streetAddress\":\"san antonio 4, san antonio 4\",\"postalCode\":\"33430\",\"addressLocality\":\"Cand\\u00e1s\",\"addressRegion\":\"Asturias\",\"addressCountry\":\"ES\"}},{\"@type\":\"Person\",\"@id\":\"https:\\\/\\\/candas365.es\\\/noticias\\\/author\\\/admin\\\/#author\",\"url\":\"https:\\\/\\\/candas365.es\\\/noticias\\\/author\\\/admin\\\/\",\"name\":\"Cand\\u00e1s 365\",\"image\":{\"@type\":\"ImageObject\",\"@id\":\"https:\\\/\\\/candas365.es\\\/noticias\\\/ayuntamiento-de-carreno-y-ecovidrio-emprenderan-medidas-para-fomentar-el-reciclaje-de-vidrio\\\/#authorImage\",\"url\":\"https:\\\/\\\/secure.gravatar.com\\\/avatar\\\/496a8e03d0c493ede1718b7934145dbdf8d89be1036b0eec9544e1094c9de390?s=96&d=mm&r=g\",\"width\":96,\"height\":96,\"caption\":\"Cand\\u00e1s 365\"},\"sameAs\":[\"https:\\\/\\\/www.facebook.com\\\/carrenoactualidad\",\"https:\\\/\\\/twitter.com\\\/nbasturias\",\"https:\\\/\\\/www.instagram.com\\\/nachofdezber\\\/\",\"https:\\\/\\\/www.youtube.com\\\/channel\\\/UCZP-2wLEB9Rv6erhFmqVnvg\"]},{\"@type\":\"WebPage\",\"@id\":\"https:\\\/\\\/candas365.es\\\/noticias\\\/ayuntamiento-de-carreno-y-ecovidrio-emprenderan-medidas-para-fomentar-el-reciclaje-de-vidrio\\\/#webpage\",\"url\":\"https:\\\/\\\/candas365.es\\\/noticias\\\/ayuntamiento-de-carreno-y-ecovidrio-emprenderan-medidas-para-fomentar-el-reciclaje-de-vidrio\\\/\",\"name\":\"Ayuntamiento de Carre\\u00f1o y Ecovidrio emprender\\u00e1n medidas para fomentar el reciclaje de vidrio | Cand\\u00e1s 365\",\"description\":\"La alcaldesa de Carre\\u00f1o, Amelia Fern\\u00e1ndez, anunci\\u00f3 este jueves mediante un comunicado de prensa el Ayuntamiento de Carre\\u00f1o junto con Ecovidrio emprender\\u00e1n una serie de iniciativas para concienciar a la poblaci\\u00f3n sobre la necesidad del reciclado de envases de vidrio durante la celebraci\\u00f3n de La Vuelta 2018. En este sentido el concejal de Medio Ambiente,\",\"inLanguage\":\"es-ES\",\"isPartOf\":{\"@id\":\"https:\\\/\\\/candas365.es\\\/noticias\\\/#website\"},\"breadcrumb\":{\"@id\":\"https:\\\/\\\/candas365.es\\\/noticias\\\/ayuntamiento-de-carreno-y-ecovidrio-emprenderan-medidas-para-fomentar-el-reciclaje-de-vidrio\\\/#breadcrumblist\"},\"author\":{\"@id\":\"https:\\\/\\\/candas365.es\\\/noticias\\\/author\\\/admin\\\/#author\"},\"creator\":{\"@id\":\"https:\\\/\\\/candas365.es\\\/noticias\\\/author\\\/admin\\\/#author\"},\"image\":{\"@type\":\"ImageObject\",\"url\":\"https:\\\/\\\/candas365.es\\\/noticias\\\/wp-content\\\/uploads\\\/2018\\\/08\\\/ecovidrio.jpg\",\"@id\":\"https:\\\/\\\/candas365.es\\\/noticias\\\/ayuntamiento-de-carreno-y-ecovidrio-emprenderan-medidas-para-fomentar-el-reciclaje-de-vidrio\\\/#mainImage\",\"width\":1200,\"height\":1600},\"primaryImageOfPage\":{\"@id\":\"https:\\\/\\\/candas365.es\\\/noticias\\\/ayuntamiento-de-carreno-y-ecovidrio-emprenderan-medidas-para-fomentar-el-reciclaje-de-vidrio\\\/#mainImage\"},\"datePublished\":\"2018-08-23T16:46:09+02:00\",\"dateModified\":\"2018-08-23T16:46:09+02:00\"},{\"@type\":\"WebSite\",\"@id\":\"https:\\\/\\\/candas365.es\\\/noticias\\\/#website\",\"url\":\"https:\\\/\\\/candas365.es\\\/noticias\\\/\",\"name\":\"Cand\\u00e1s 365\",\"alternateName\":\"Cand\\u00e1s 365 Noticias\",\"description\":\"Actualidad desde Carre\\u00f1o para el mundo\",\"inLanguage\":\"es-ES\",\"publisher\":{\"@id\":\"https:\\\/\\\/candas365.es\\\/noticias\\\/#organization\"}}]}\n\t\t<\/script>\n\t\t<!-- All in One SEO Pro -->\r\n\t\t<title>Ayuntamiento de Carre\u00f1o y Ecovidrio emprender\u00e1n medidas para fomentar el reciclaje de vidrio | Cand\u00e1s 365<\/title>\n\n","aioseo_head_json":{"title":"Ayuntamiento de Carre\u00f1o y Ecovidrio emprender\u00e1n medidas para fomentar el reciclaje de vidrio | Cand\u00e1s 365","description":"La alcaldesa de Carre\u00f1o, Amelia Fern\u00e1ndez, anunci\u00f3 este jueves mediante un comunicado de prensa el Ayuntamiento de Carre\u00f1o junto con Ecovidrio emprender\u00e1n una serie de iniciativas para concienciar a la poblaci\u00f3n sobre la necesidad del reciclado de envases de vidrio durante la celebraci\u00f3n de La Vuelta 2018. En este sentido el concejal de Medio Ambiente,","canonical_url":"https:\/\/candas365.es\/noticias\/ayuntamiento-de-carreno-y-ecovidrio-emprenderan-medidas-para-fomentar-el-reciclaje-de-vidrio\/","robots":"max-image-preview:large","keywords":"noticias carre\u00f1o","webmasterTools":{"google-site-verification":"UA-32230408-1","msvalidate.01":"354F3CDFB2DA171B47FBE9ABF1F88D5","miscellaneous":""},"schema":{"@context":"https:\/\/schema.org","@graph":[{"@type":"BreadcrumbList","@id":"https:\/\/candas365.es\/noticias\/ayuntamiento-de-carreno-y-ecovidrio-emprenderan-medidas-para-fomentar-el-reciclaje-de-vidrio\/#breadcrumblist","itemListElement":[{"@type":"ListItem","@id":"https:\/\/candas365.es\/noticias#listItem","position":1,"name":"Home","item":"https:\/\/candas365.es\/noticias","nextItem":{"@type":"ListItem","@id":"https:\/\/candas365.es\/noticias\/category\/noticias-carreno\/#listItem","name":"Noticias Carre\u00f1o"}},{"@type":"ListItem","@id":"https:\/\/candas365.es\/noticias\/category\/noticias-carreno\/#listItem","position":2,"name":"Noticias Carre\u00f1o","item":"https:\/\/candas365.es\/noticias\/category\/noticias-carreno\/","nextItem":{"@type":"ListItem","@id":"https:\/\/candas365.es\/noticias\/ayuntamiento-de-carreno-y-ecovidrio-emprenderan-medidas-para-fomentar-el-reciclaje-de-vidrio\/#listItem","name":"Ayuntamiento de Carre\u00f1o y Ecovidrio emprender\u00e1n medidas para fomentar el reciclaje de vidrio"},"previousItem":{"@type":"ListItem","@id":"https:\/\/candas365.es\/noticias#listItem","name":"Home"}},{"@type":"ListItem","@id":"https:\/\/candas365.es\/noticias\/ayuntamiento-de-carreno-y-ecovidrio-emprenderan-medidas-para-fomentar-el-reciclaje-de-vidrio\/#listItem","position":3,"name":"Ayuntamiento de Carre\u00f1o y Ecovidrio emprender\u00e1n medidas para fomentar el reciclaje de vidrio","previousItem":{"@type":"ListItem","@id":"https:\/\/candas365.es\/noticias\/category\/noticias-carreno\/#listItem","name":"Noticias Carre\u00f1o"}}]},{"@type":"NewsArticle","@id":"https:\/\/candas365.es\/noticias\/ayuntamiento-de-carreno-y-ecovidrio-emprenderan-medidas-para-fomentar-el-reciclaje-de-vidrio\/#newsarticle","name":"Ayuntamiento de Carre\u00f1o y Ecovidrio emprender\u00e1n medidas para fomentar el reciclaje de vidrio | Cand\u00e1s 365","headline":"Ayuntamiento de Carre\u00f1o y Ecovidrio emprender\u00e1n medidas para fomentar el reciclaje de vidrio","author":{"@id":"https:\/\/candas365.es\/noticias\/author\/admin\/#author"},"publisher":{"@id":"https:\/\/candas365.es\/noticias\/#organization"},"image":{"@type":"ImageObject","url":"https:\/\/candas365.es\/noticias\/wp-content\/uploads\/2018\/08\/ecovidrio.jpg","width":1200,"height":1600},"datePublished":"2018-08-23T16:46:09+02:00","dateModified":"2018-08-23T16:46:09+02:00","inLanguage":"es-ES","mainEntityOfPage":{"@id":"https:\/\/candas365.es\/noticias\/ayuntamiento-de-carreno-y-ecovidrio-emprenderan-medidas-para-fomentar-el-reciclaje-de-vidrio\/#webpage"},"isPartOf":{"@id":"https:\/\/candas365.es\/noticias\/ayuntamiento-de-carreno-y-ecovidrio-emprenderan-medidas-para-fomentar-el-reciclaje-de-vidrio\/#webpage"},"articleSection":"Noticias Carre\u00f1o","dateline":"Publicado el agosto 23, 2018."},{"@type":"Organization","@id":"https:\/\/candas365.es\/noticias\/#organization","name":"Cand\u00e1s 365","description":"Cand\u00e1s 365 es un diario digital independiente, fundado en 2012, con base en Asturias. Informamos con rigor sobre actualidad, sociedad, cultura y ocio, con una mirada local y global.","url":"https:\/\/candas365.es\/noticias\/","email":"info@candas365.es","telephone":"+34652131393","foundingDate":"2012-06-10","logo":{"@type":"ImageObject","url":"https:\/\/candas365.es\/noticias\/wp-content\/uploads\/2024\/09\/Candas-365-Redes.jpg","@id":"https:\/\/candas365.es\/noticias\/ayuntamiento-de-carreno-y-ecovidrio-emprenderan-medidas-para-fomentar-el-reciclaje-de-vidrio\/#organizationLogo","width":1152,"height":864,"caption":"Cand\u00e1s 365 Redes"},"image":{"@id":"https:\/\/candas365.es\/noticias\/ayuntamiento-de-carreno-y-ecovidrio-emprenderan-medidas-para-fomentar-el-reciclaje-de-vidrio\/#organizationLogo"},"sameAs":["https:\/\/www.facebook.com\/Nachofdezber","https:\/\/x.com\/NabercoDigital","https:\/\/www.instagram.com\/nachofdezber\/","https:\/\/www.youtube.com\/channel\/UCZP-2wLEB9Rv6erhFmqVnvg"],"address":{"@id":"https:\/\/candas365.es\/noticias\/#postaladdress","@type":"PostalAddress","streetAddress":"san antonio 4, san antonio 4","postalCode":"33430","addressLocality":"Cand\u00e1s","addressRegion":"Asturias","addressCountry":"ES"}},{"@type":"Person","@id":"https:\/\/candas365.es\/noticias\/author\/admin\/#author","url":"https:\/\/candas365.es\/noticias\/author\/admin\/","name":"Cand\u00e1s 365","image":{"@type":"ImageObject","@id":"https:\/\/candas365.es\/noticias\/ayuntamiento-de-carreno-y-ecovidrio-emprenderan-medidas-para-fomentar-el-reciclaje-de-vidrio\/#authorImage","url":"https:\/\/secure.gravatar.com\/avatar\/496a8e03d0c493ede1718b7934145dbdf8d89be1036b0eec9544e1094c9de390?s=96&d=mm&r=g","width":96,"height":96,"caption":"Cand\u00e1s 365"},"sameAs":["https:\/\/www.facebook.com\/carrenoactualidad","https:\/\/twitter.com\/nbasturias","https:\/\/www.instagram.com\/nachofdezber\/","https:\/\/www.youtube.com\/channel\/UCZP-2wLEB9Rv6erhFmqVnvg"]},{"@type":"WebPage","@id":"https:\/\/candas365.es\/noticias\/ayuntamiento-de-carreno-y-ecovidrio-emprenderan-medidas-para-fomentar-el-reciclaje-de-vidrio\/#webpage","url":"https:\/\/candas365.es\/noticias\/ayuntamiento-de-carreno-y-ecovidrio-emprenderan-medidas-para-fomentar-el-reciclaje-de-vidrio\/","name":"Ayuntamiento de Carre\u00f1o y Ecovidrio emprender\u00e1n medidas para fomentar el reciclaje de vidrio | Cand\u00e1s 365","description":"La alcaldesa de Carre\u00f1o, Amelia Fern\u00e1ndez, anunci\u00f3 este jueves mediante un comunicado de prensa el Ayuntamiento de Carre\u00f1o junto con Ecovidrio emprender\u00e1n una serie de iniciativas para concienciar a la poblaci\u00f3n sobre la necesidad del reciclado de envases de vidrio durante la celebraci\u00f3n de La Vuelta 2018. En este sentido el concejal de Medio Ambiente,","inLanguage":"es-ES","isPartOf":{"@id":"https:\/\/candas365.es\/noticias\/#website"},"breadcrumb":{"@id":"https:\/\/candas365.es\/noticias\/ayuntamiento-de-carreno-y-ecovidrio-emprenderan-medidas-para-fomentar-el-reciclaje-de-vidrio\/#breadcrumblist"},"author":{"@id":"https:\/\/candas365.es\/noticias\/author\/admin\/#author"},"creator":{"@id":"https:\/\/candas365.es\/noticias\/author\/admin\/#author"},"image":{"@type":"ImageObject","url":"https:\/\/candas365.es\/noticias\/wp-content\/uploads\/2018\/08\/ecovidrio.jpg","@id":"https:\/\/candas365.es\/noticias\/ayuntamiento-de-carreno-y-ecovidrio-emprenderan-medidas-para-fomentar-el-reciclaje-de-vidrio\/#mainImage","width":1200,"height":1600},"primaryImageOfPage":{"@id":"https:\/\/candas365.es\/noticias\/ayuntamiento-de-carreno-y-ecovidrio-emprenderan-medidas-para-fomentar-el-reciclaje-de-vidrio\/#mainImage"},"datePublished":"2018-08-23T16:46:09+02:00","dateModified":"2018-08-23T16:46:09+02:00"},{"@type":"WebSite","@id":"https:\/\/candas365.es\/noticias\/#website","url":"https:\/\/candas365.es\/noticias\/","name":"Cand\u00e1s 365","alternateName":"Cand\u00e1s 365 Noticias","description":"Actualidad desde Carre\u00f1o para el mundo","inLanguage":"es-ES","publisher":{"@id":"https:\/\/candas365.es\/noticias\/#organization"}}]},"og:locale":"es_ES","og:site_name":"Cand\u00e1s 365","og:type":"article","og:title":"Ayuntamiento de Carre\u00f1o y Ecovidrio emprender\u00e1n medidas para fomentar el reciclaje de vidrio | Cand\u00e1s 365","og:description":"La alcaldesa de Carre\u00f1o, Amelia Fern\u00e1ndez, anunci\u00f3 este jueves mediante un comunicado de prensa el Ayuntamiento de Carre\u00f1o junto con Ecovidrio emprender\u00e1n una serie de iniciativas para concienciar a la poblaci\u00f3n sobre la necesidad del reciclado de envases de vidrio durante la celebraci\u00f3n de La Vuelta 2018. En este sentido el concejal de Medio Ambiente,","og:url":"https:\/\/candas365.es\/noticias\/ayuntamiento-de-carreno-y-ecovidrio-emprenderan-medidas-para-fomentar-el-reciclaje-de-vidrio\/","og:image":"https:\/\/candas365.es\/noticias\/wp-content\/uploads\/2018\/08\/ecovidrio.jpg","og:image:secure_url":"https:\/\/candas365.es\/noticias\/wp-content\/uploads\/2018\/08\/ecovidrio.jpg","og:image:width":1200,"og:image:height":1600,"article:published_time":"2018-08-23T16:46:09+00:00","article:modified_time":"2018-08-23T16:46:09+00:00","article:publisher":"https:\/\/www.facebook.com\/Nachofdezber","article:author":"https:\/\/www.facebook.com\/carrenoactualidad","twitter:card":"summary_large_image","twitter:site":"@NabercoDigital","twitter:title":"Ayuntamiento de Carre\u00f1o y Ecovidrio emprender\u00e1n medidas para fomentar el reciclaje de vidrio | Cand\u00e1s 365","twitter:description":"La alcaldesa de Carre\u00f1o, Amelia Fern\u00e1ndez, anunci\u00f3 este jueves mediante un comunicado de prensa el Ayuntamiento de Carre\u00f1o junto con Ecovidrio emprender\u00e1n una serie de iniciativas para concienciar a la poblaci\u00f3n sobre la necesidad del reciclado de envases de vidrio durante la celebraci\u00f3n de La Vuelta 2018. En este sentido el concejal de Medio Ambiente,","twitter:creator":"@nbasturias","twitter:image":"https:\/\/candas365.es\/noticias\/wp-content\/uploads\/2018\/08\/ecovidrio.jpg","twitter:label1":"Escrito por","twitter:data1":"Cand\u00e1s 365","twitter:label2":"Tiempo de lectura estimado","twitter:data2":"2 minutos"},"aioseo_meta_data":{"post_id":"103447","title":null,"description":null,"keywords":null,"keyphrases":null,"primary_term":null,"canonical_url":null,"og_title":null,"og_description":null,"og_object_type":"default","og_image_type":"default","og_image_url":null,"og_image_width":null,"og_image_height":null,"og_image_custom_url":null,"og_image_custom_fields":null,"og_video":null,"og_custom_url":null,"og_article_section":null,"og_article_tags":null,"twitter_use_og":false,"twitter_card":"default","twitter_image_type":"default","twitter_image_url":null,"twitter_image_custom_url":null,"twitter_image_custom_fields":null,"twitter_title":null,"twitter_description":null,"schema":{"blockGraphs":[],"customGraphs":[],"default":{"data":{"Article":[],"Course":[],"Dataset":[],"FAQPage":[],"Movie":[],"Person":[],"Product":[],"ProductReview":[],"Car":[],"Recipe":[],"Service":[],"SoftwareApplication":[],"WebPage":[]},"graphName":"","isEnabled":true},"graphs":[],"defaultGraph":"","defaultPostTypeGraph":""},"schema_type":null,"schema_type_options":null,"pillar_content":false,"robots_default":true,"robots_noindex":false,"robots_noarchive":false,"robots_nosnippet":false,"robots_nofollow":false,"robots_noimageindex":false,"robots_noodp":false,"robots_notranslate":false,"robots_max_snippet":null,"robots_max_videopreview":null,"robots_max_imagepreview":"large","priority":null,"frequency":null,"location":null,"local_seo":null,"seo_analyzer_scan_date":"2025-08-27 16:53:10","breadcrumb_settings":null,"limit_modified_date":false,"reviewed_by":null,"open_ai":null,"ai":null,"created":"2020-12-21 11:46:41","updated":"2025-08-27 16:53:10"},"aioseo_breadcrumb":"<div class=\"aioseo-breadcrumbs\"><span class=\"aioseo-breadcrumb\">\n\t<a href=\"https:\/\/candas365.es\/noticias\" title=\"Home\">Home<\/a>\n<\/span><span class=\"aioseo-breadcrumb-separator\">&ndash;<\/span><span class=\"aioseo-breadcrumb\">\n\t<a href=\"https:\/\/candas365.es\/noticias\/category\/noticias-carreno\/\" title=\"Noticias Carre\u00f1o\">Noticias Carre\u00f1o<\/a>\n<\/span><span class=\"aioseo-breadcrumb-separator\">&ndash;<\/span><span class=\"aioseo-breadcrumb\">\n\tAyuntamiento de Carre\u00f1o y Ecovidrio emprender\u00e1n medidas para fomentar el reciclaje de vidrio\n<\/span><\/div>","aioseo_breadcrumb_json":[{"label":"Home","link":"https:\/\/candas365.es\/noticias"},{"label":"Noticias Carre\u00f1o","link":"https:\/\/candas365.es\/noticias\/category\/noticias-carreno\/"},{"label":"Ayuntamiento de Carre\u00f1o y Ecovidrio emprender\u00e1n medidas para fomentar el reciclaje de vidrio","link":"https:\/\/candas365.es\/noticias\/ayuntamiento-de-carreno-y-ecovidrio-emprenderan-medidas-para-fomentar-el-reciclaje-de-vidrio\/"}],"_links":{"self":[{"href":"https:\/\/candas365.es\/noticias\/wp-json\/wp\/v2\/posts\/103447","targetHints":{"allow":["GET"]}}],"collection":[{"href":"https:\/\/candas365.es\/noticias\/wp-json\/wp\/v2\/posts"}],"about":[{"href":"https:\/\/candas365.es\/noticias\/wp-json\/wp\/v2\/types\/post"}],"author":[{"embeddable":true,"href":"https:\/\/candas365.es\/noticias\/wp-json\/wp\/v2\/users\/1"}],"replies":[{"embeddable":true,"href":"https:\/\/candas365.es\/noticias\/wp-json\/wp\/v2\/comments?post=103447"}],"version-history":[{"count":0,"href":"https:\/\/candas365.es\/noticias\/wp-json\/wp\/v2\/posts\/103447\/revisions"}],"wp:featuredmedia":[{"embeddable":true,"href":"https:\/\/candas365.es\/noticias\/wp-json\/wp\/v2\/media\/103448"}],"wp:attachment":[{"href":"https:\/\/candas365.es\/noticias\/wp-json\/wp\/v2\/media?parent=103447"}],"wp:term":[{"taxonomy":"category","embeddable":true,"href":"https:\/\/candas365.es\/noticias\/wp-json\/wp\/v2\/categories?post=103447"},{"taxonomy":"post_tag","embeddable":true,"href":"https:\/\/candas365.es\/noticias\/wp-json\/wp\/v2\/tags?post=103447"}],"curies":[{"name":"wp","href":"https:\/\/api.w.org\/{rel}","templated":true}]}}