{"id":103443,"date":"2018-08-23T16:27:28","date_gmt":"2018-08-23T16:27:28","guid":{"rendered":"http:\/\/candas365.es\/noticias\/?p=103443"},"modified":"2018-08-23T16:27:28","modified_gmt":"2018-08-23T16:27:28","slug":"carreno-realizara-reparaciones-en-las-escuelas-rurales-del-municipio","status":"publish","type":"post","link":"https:\/\/candas365.es\/noticias\/carreno-realizara-reparaciones-en-las-escuelas-rurales-del-municipio\/","title":{"rendered":"Carre\u00f1o realizar\u00e1 reparaciones en las escuelas rurales del municipio"},"content":{"rendered":"<p><img fetchpriority=\"high\" decoding=\"async\" class=\"alignleft size-medium wp-image-103444\" src=\"https:\/\/candas365.es\/noticias\/wp-content\/uploads\/2018\/08\/mejoras-en-cierre-perimetral-360x270.jpg\" alt=\"\" width=\"360\" height=\"270\" srcset=\"https:\/\/candas365.es\/noticias\/wp-content\/uploads\/2018\/08\/mejoras-en-cierre-perimetral-360x270.jpg 360w, https:\/\/candas365.es\/noticias\/wp-content\/uploads\/2018\/08\/mejoras-en-cierre-perimetral-768x576.jpg 768w, https:\/\/candas365.es\/noticias\/wp-content\/uploads\/2018\/08\/mejoras-en-cierre-perimetral-640x480.jpg 640w, https:\/\/candas365.es\/noticias\/wp-content\/uploads\/2018\/08\/mejoras-en-cierre-perimetral-80x60.jpg 80w, https:\/\/candas365.es\/noticias\/wp-content\/uploads\/2018\/08\/mejoras-en-cierre-perimetral-265x198.jpg 265w, https:\/\/candas365.es\/noticias\/wp-content\/uploads\/2018\/08\/mejoras-en-cierre-perimetral-696x522.jpg 696w, https:\/\/candas365.es\/noticias\/wp-content\/uploads\/2018\/08\/mejoras-en-cierre-perimetral-1068x801.jpg 1068w, https:\/\/candas365.es\/noticias\/wp-content\/uploads\/2018\/08\/mejoras-en-cierre-perimetral-560x420.jpg 560w, https:\/\/candas365.es\/noticias\/wp-content\/uploads\/2018\/08\/mejoras-en-cierre-perimetral.jpg 2016w\" sizes=\"(max-width: 360px) 100vw, 360px\" \/>La consejera de educaci\u00f3n del municipio Carre\u00f1o, Cecilia Tasc\u00f3n, anunci\u00f3 este jueves mediante un comunicado de prensa que se realizar\u00e1n una serie de reparaciones en las escuelas rurales del concejo con el prop\u00f3sito de optimizar los centros educativos antes del inicio del pr\u00f3ximo a\u00f1o escolar.<\/p>\n<p>En este sentido, Tasc\u00f3n afirm\u00f3 que las reformas se ejecutar\u00e1n debido a las constantes demandas de los docentes y del propio alumnado de Guimar\u00e1n, El Valle y de otras escuelas rurales de Cand\u00e1s.<\/p>\n<p>\u201cSe est\u00e1n realizando, como cada a\u00f1o, actuaciones en los centros educativos de Cand\u00e1s. Las actuaciones en los colegios de primaria San F\u00e9lix y Poeta Ant\u00f3n, avanzan a la vez que las mejoras rurales. Carre\u00f1o cuenta con dos escuelas rurales, en la que sus profesionales son aut\u00e9nticos activistas de la escuela rural; docentes vocacionales en permanente formaci\u00f3n y convencidos de que esta forma de ense\u00f1ar ofrece muchas ventajas\u201d, precis\u00f3 la consejera de Educaci\u00f3n.<\/p>\n<p>Finalmente se\u00f1al\u00f3 que las escuelas rurales tienen una gran ventaja sobre el resto de los centros educativos ya que no han perdido su relaci\u00f3n con la naturaleza.<\/p>\n<p>\u201cAunque las nuevas tecnolog\u00edas han llegado en forma de pizarras digitales, grupos de WhatsApp o aulas virtuales, las escuelas rurales tienen una gran ventaja sobre el resto de centros educativos porque no han perdido la relaci\u00f3n con la naturaleza, la cual es muy importante en los primeros a\u00f1os de la vida. El Ayuntamiento de Carre\u00f1o apuesta por ellas invirtiendo en su conservaci\u00f3n, facilitando la conciliaci\u00f3n y el ocio\u201d, concluy\u00f3 Tasc\u00f3n.<\/p>\n<p>Soraya A.P<\/p>\n","protected":false},"excerpt":{"rendered":"<p>La consejera de educaci\u00f3n del municipio Carre\u00f1o, Cecilia Tasc\u00f3n, anunci\u00f3 este jueves mediante un comunicado de prensa que se realizar\u00e1n una serie de reparaciones en las escuelas rurales del concejo con el prop\u00f3sito de optimizar los centros educativos antes del inicio del pr\u00f3ximo a\u00f1o escolar. En este sentido, Tasc\u00f3n afirm\u00f3 que las reformas se ejecutar\u00e1n<\/p>\n","protected":false},"author":1,"featured_media":103444,"comment_status":"closed","ping_status":"closed","sticky":false,"template":"","format":"standard","meta":{"footnotes":""},"categories":[2],"tags":[],"class_list":{"0":"post-103443","1":"post","2":"type-post","3":"status-publish","4":"format-standard","5":"has-post-thumbnail","7":"category-noticias-carreno"},"aioseo_notices":[],"aioseo_head":"\n\t\t<!-- All in One SEO Pro 4.9.6.2 - aioseo.com -->\n\t<meta name=\"description\" content=\"La consejera de educaci\u00f3n del municipio Carre\u00f1o, Cecilia Tasc\u00f3n, anunci\u00f3 este jueves mediante un comunicado de prensa que se realizar\u00e1n una serie de reparaciones en las escuelas rurales del concejo con el prop\u00f3sito de optimizar los centros educativos antes del inicio del pr\u00f3ximo a\u00f1o escolar. En este sentido, Tasc\u00f3n afirm\u00f3 que las reformas se ejecutar\u00e1n\" \/>\n\t<meta name=\"robots\" content=\"max-image-preview:large\" \/>\n\t<meta name=\"author\" content=\"Cand\u00e1s 365\"\/>\n\t<meta name=\"google-site-verification\" content=\"UA-32230408-1\" \/>\n\t<meta name=\"msvalidate.01\" content=\"354F3CDFB2DA171B47FBE9ABF1F88D5\" \/>\n\t<meta name=\"keywords\" content=\"noticias carre\u00f1o\" \/>\n\t<link rel=\"canonical\" href=\"https:\/\/candas365.es\/noticias\/carreno-realizara-reparaciones-en-las-escuelas-rurales-del-municipio\/\" \/>\n\t<meta name=\"generator\" content=\"All in One SEO Pro (AIOSEO) 4.9.6.2\" \/>\n\t\t<meta property=\"og:locale\" content=\"es_ES\" \/>\n\t\t<meta property=\"og:site_name\" content=\"Cand\u00e1s 365\" \/>\n\t\t<meta property=\"og:type\" content=\"article\" \/>\n\t\t<meta property=\"og:title\" content=\"Carre\u00f1o realizar\u00e1 reparaciones en las escuelas rurales del municipio | Cand\u00e1s 365\" \/>\n\t\t<meta property=\"og:description\" content=\"La consejera de educaci\u00f3n del municipio Carre\u00f1o, Cecilia Tasc\u00f3n, anunci\u00f3 este jueves mediante un comunicado de prensa que se realizar\u00e1n una serie de reparaciones en las escuelas rurales del concejo con el prop\u00f3sito de optimizar los centros educativos antes del inicio del pr\u00f3ximo a\u00f1o escolar. En este sentido, Tasc\u00f3n afirm\u00f3 que las reformas se ejecutar\u00e1n\" \/>\n\t\t<meta property=\"og:url\" content=\"https:\/\/candas365.es\/noticias\/carreno-realizara-reparaciones-en-las-escuelas-rurales-del-municipio\/\" \/>\n\t\t<meta property=\"og:image\" content=\"https:\/\/candas365.es\/noticias\/wp-content\/uploads\/2018\/08\/mejoras-en-cierre-perimetral.jpg\" \/>\n\t\t<meta property=\"og:image:secure_url\" content=\"https:\/\/candas365.es\/noticias\/wp-content\/uploads\/2018\/08\/mejoras-en-cierre-perimetral.jpg\" \/>\n\t\t<meta property=\"og:image:width\" content=\"2016\" \/>\n\t\t<meta property=\"og:image:height\" content=\"1512\" \/>\n\t\t<meta property=\"article:published_time\" content=\"2018-08-23T16:27:28+00:00\" \/>\n\t\t<meta property=\"article:modified_time\" content=\"2018-08-23T16:27:28+00:00\" \/>\n\t\t<meta property=\"article:publisher\" content=\"https:\/\/www.facebook.com\/Nachofdezber\" \/>\n\t\t<meta property=\"article:author\" content=\"https:\/\/www.facebook.com\/carrenoactualidad\" \/>\n\t\t<meta name=\"twitter:card\" content=\"summary_large_image\" \/>\n\t\t<meta name=\"twitter:site\" content=\"@NabercoDigital\" \/>\n\t\t<meta name=\"twitter:title\" content=\"Carre\u00f1o realizar\u00e1 reparaciones en las escuelas rurales del municipio | Cand\u00e1s 365\" \/>\n\t\t<meta name=\"twitter:description\" content=\"La consejera de educaci\u00f3n del municipio Carre\u00f1o, Cecilia Tasc\u00f3n, anunci\u00f3 este jueves mediante un comunicado de prensa que se realizar\u00e1n una serie de reparaciones en las escuelas rurales del concejo con el prop\u00f3sito de optimizar los centros educativos antes del inicio del pr\u00f3ximo a\u00f1o escolar. En este sentido, Tasc\u00f3n afirm\u00f3 que las reformas se ejecutar\u00e1n\" \/>\n\t\t<meta name=\"twitter:creator\" content=\"@nbasturias\" \/>\n\t\t<meta name=\"twitter:image\" content=\"https:\/\/candas365.es\/noticias\/wp-content\/uploads\/2018\/08\/mejoras-en-cierre-perimetral.jpg\" \/>\n\t\t<meta name=\"twitter:label1\" content=\"Escrito por\" \/>\n\t\t<meta name=\"twitter:data1\" content=\"Cand\u00e1s 365\" \/>\n\t\t<meta name=\"twitter:label2\" content=\"Tiempo de lectura estimado\" \/>\n\t\t<meta name=\"twitter:data2\" content=\"1 minuto\" \/>\n\t\t<script type=\"application\/ld+json\" class=\"aioseo-schema\">\n\t\t\t{\"@context\":\"https:\\\/\\\/schema.org\",\"@graph\":[{\"@type\":\"BreadcrumbList\",\"@id\":\"https:\\\/\\\/candas365.es\\\/noticias\\\/carreno-realizara-reparaciones-en-las-escuelas-rurales-del-municipio\\\/#breadcrumblist\",\"itemListElement\":[{\"@type\":\"ListItem\",\"@id\":\"https:\\\/\\\/candas365.es\\\/noticias#listItem\",\"position\":1,\"name\":\"Home\",\"item\":\"https:\\\/\\\/candas365.es\\\/noticias\",\"nextItem\":{\"@type\":\"ListItem\",\"@id\":\"https:\\\/\\\/candas365.es\\\/noticias\\\/category\\\/noticias-carreno\\\/#listItem\",\"name\":\"Noticias Carre\\u00f1o\"}},{\"@type\":\"ListItem\",\"@id\":\"https:\\\/\\\/candas365.es\\\/noticias\\\/category\\\/noticias-carreno\\\/#listItem\",\"position\":2,\"name\":\"Noticias Carre\\u00f1o\",\"item\":\"https:\\\/\\\/candas365.es\\\/noticias\\\/category\\\/noticias-carreno\\\/\",\"nextItem\":{\"@type\":\"ListItem\",\"@id\":\"https:\\\/\\\/candas365.es\\\/noticias\\\/carreno-realizara-reparaciones-en-las-escuelas-rurales-del-municipio\\\/#listItem\",\"name\":\"Carre\\u00f1o realizar\\u00e1 reparaciones en las escuelas rurales del municipio\"},\"previousItem\":{\"@type\":\"ListItem\",\"@id\":\"https:\\\/\\\/candas365.es\\\/noticias#listItem\",\"name\":\"Home\"}},{\"@type\":\"ListItem\",\"@id\":\"https:\\\/\\\/candas365.es\\\/noticias\\\/carreno-realizara-reparaciones-en-las-escuelas-rurales-del-municipio\\\/#listItem\",\"position\":3,\"name\":\"Carre\\u00f1o realizar\\u00e1 reparaciones en las escuelas rurales del municipio\",\"previousItem\":{\"@type\":\"ListItem\",\"@id\":\"https:\\\/\\\/candas365.es\\\/noticias\\\/category\\\/noticias-carreno\\\/#listItem\",\"name\":\"Noticias Carre\\u00f1o\"}}]},{\"@type\":\"NewsArticle\",\"@id\":\"https:\\\/\\\/candas365.es\\\/noticias\\\/carreno-realizara-reparaciones-en-las-escuelas-rurales-del-municipio\\\/#newsarticle\",\"name\":\"Carre\\u00f1o realizar\\u00e1 reparaciones en las escuelas rurales del municipio | Cand\\u00e1s 365\",\"headline\":\"Carre\\u00f1o realizar\\u00e1 reparaciones en las escuelas rurales del municipio\",\"author\":{\"@id\":\"https:\\\/\\\/candas365.es\\\/noticias\\\/author\\\/admin\\\/#author\"},\"publisher\":{\"@id\":\"https:\\\/\\\/candas365.es\\\/noticias\\\/#organization\"},\"image\":{\"@type\":\"ImageObject\",\"url\":\"https:\\\/\\\/candas365.es\\\/noticias\\\/wp-content\\\/uploads\\\/2018\\\/08\\\/mejoras-en-cierre-perimetral.jpg\",\"width\":2016,\"height\":1512},\"datePublished\":\"2018-08-23T16:27:28+02:00\",\"dateModified\":\"2018-08-23T16:27:28+02:00\",\"inLanguage\":\"es-ES\",\"mainEntityOfPage\":{\"@id\":\"https:\\\/\\\/candas365.es\\\/noticias\\\/carreno-realizara-reparaciones-en-las-escuelas-rurales-del-municipio\\\/#webpage\"},\"isPartOf\":{\"@id\":\"https:\\\/\\\/candas365.es\\\/noticias\\\/carreno-realizara-reparaciones-en-las-escuelas-rurales-del-municipio\\\/#webpage\"},\"articleSection\":\"Noticias Carre\\u00f1o\",\"dateline\":\"Publicado el agosto 23, 2018.\"},{\"@type\":\"Organization\",\"@id\":\"https:\\\/\\\/candas365.es\\\/noticias\\\/#organization\",\"name\":\"Cand\\u00e1s 365\",\"description\":\"Cand\\u00e1s 365 es un diario digital independiente, fundado en 2012, con base en Asturias. Informamos con rigor sobre actualidad, sociedad, cultura y ocio, con una mirada local y global.\",\"url\":\"https:\\\/\\\/candas365.es\\\/noticias\\\/\",\"email\":\"info@candas365.es\",\"telephone\":\"+34652131393\",\"foundingDate\":\"2012-06-10\",\"logo\":{\"@type\":\"ImageObject\",\"url\":\"https:\\\/\\\/candas365.es\\\/noticias\\\/wp-content\\\/uploads\\\/2024\\\/09\\\/Candas-365-Redes.jpg\",\"@id\":\"https:\\\/\\\/candas365.es\\\/noticias\\\/carreno-realizara-reparaciones-en-las-escuelas-rurales-del-municipio\\\/#organizationLogo\",\"width\":1152,\"height\":864,\"caption\":\"Cand\\u00e1s 365 Redes\"},\"image\":{\"@id\":\"https:\\\/\\\/candas365.es\\\/noticias\\\/carreno-realizara-reparaciones-en-las-escuelas-rurales-del-municipio\\\/#organizationLogo\"},\"sameAs\":[\"https:\\\/\\\/www.facebook.com\\\/Nachofdezber\",\"https:\\\/\\\/x.com\\\/NabercoDigital\",\"https:\\\/\\\/www.instagram.com\\\/nachofdezber\\\/\",\"https:\\\/\\\/www.youtube.com\\\/channel\\\/UCZP-2wLEB9Rv6erhFmqVnvg\"],\"address\":{\"@id\":\"https:\\\/\\\/candas365.es\\\/noticias\\\/#postaladdress\",\"@type\":\"PostalAddress\",\"streetAddress\":\"san antonio 4, san antonio 4\",\"postalCode\":\"33430\",\"addressLocality\":\"Cand\\u00e1s\",\"addressRegion\":\"Asturias\",\"addressCountry\":\"ES\"}},{\"@type\":\"Person\",\"@id\":\"https:\\\/\\\/candas365.es\\\/noticias\\\/author\\\/admin\\\/#author\",\"url\":\"https:\\\/\\\/candas365.es\\\/noticias\\\/author\\\/admin\\\/\",\"name\":\"Cand\\u00e1s 365\",\"image\":{\"@type\":\"ImageObject\",\"@id\":\"https:\\\/\\\/candas365.es\\\/noticias\\\/carreno-realizara-reparaciones-en-las-escuelas-rurales-del-municipio\\\/#authorImage\",\"url\":\"https:\\\/\\\/secure.gravatar.com\\\/avatar\\\/496a8e03d0c493ede1718b7934145dbdf8d89be1036b0eec9544e1094c9de390?s=96&d=mm&r=g\",\"width\":96,\"height\":96,\"caption\":\"Cand\\u00e1s 365\"},\"sameAs\":[\"https:\\\/\\\/www.facebook.com\\\/carrenoactualidad\",\"https:\\\/\\\/twitter.com\\\/nbasturias\",\"https:\\\/\\\/www.instagram.com\\\/nachofdezber\\\/\",\"https:\\\/\\\/www.youtube.com\\\/channel\\\/UCZP-2wLEB9Rv6erhFmqVnvg\"]},{\"@type\":\"WebPage\",\"@id\":\"https:\\\/\\\/candas365.es\\\/noticias\\\/carreno-realizara-reparaciones-en-las-escuelas-rurales-del-municipio\\\/#webpage\",\"url\":\"https:\\\/\\\/candas365.es\\\/noticias\\\/carreno-realizara-reparaciones-en-las-escuelas-rurales-del-municipio\\\/\",\"name\":\"Carre\\u00f1o realizar\\u00e1 reparaciones en las escuelas rurales del municipio | Cand\\u00e1s 365\",\"description\":\"La consejera de educaci\\u00f3n del municipio Carre\\u00f1o, Cecilia Tasc\\u00f3n, anunci\\u00f3 este jueves mediante un comunicado de prensa que se realizar\\u00e1n una serie de reparaciones en las escuelas rurales del concejo con el prop\\u00f3sito de optimizar los centros educativos antes del inicio del pr\\u00f3ximo a\\u00f1o escolar. En este sentido, Tasc\\u00f3n afirm\\u00f3 que las reformas se ejecutar\\u00e1n\",\"inLanguage\":\"es-ES\",\"isPartOf\":{\"@id\":\"https:\\\/\\\/candas365.es\\\/noticias\\\/#website\"},\"breadcrumb\":{\"@id\":\"https:\\\/\\\/candas365.es\\\/noticias\\\/carreno-realizara-reparaciones-en-las-escuelas-rurales-del-municipio\\\/#breadcrumblist\"},\"author\":{\"@id\":\"https:\\\/\\\/candas365.es\\\/noticias\\\/author\\\/admin\\\/#author\"},\"creator\":{\"@id\":\"https:\\\/\\\/candas365.es\\\/noticias\\\/author\\\/admin\\\/#author\"},\"image\":{\"@type\":\"ImageObject\",\"url\":\"https:\\\/\\\/candas365.es\\\/noticias\\\/wp-content\\\/uploads\\\/2018\\\/08\\\/mejoras-en-cierre-perimetral.jpg\",\"@id\":\"https:\\\/\\\/candas365.es\\\/noticias\\\/carreno-realizara-reparaciones-en-las-escuelas-rurales-del-municipio\\\/#mainImage\",\"width\":2016,\"height\":1512},\"primaryImageOfPage\":{\"@id\":\"https:\\\/\\\/candas365.es\\\/noticias\\\/carreno-realizara-reparaciones-en-las-escuelas-rurales-del-municipio\\\/#mainImage\"},\"datePublished\":\"2018-08-23T16:27:28+02:00\",\"dateModified\":\"2018-08-23T16:27:28+02:00\"},{\"@type\":\"WebSite\",\"@id\":\"https:\\\/\\\/candas365.es\\\/noticias\\\/#website\",\"url\":\"https:\\\/\\\/candas365.es\\\/noticias\\\/\",\"name\":\"Cand\\u00e1s 365\",\"alternateName\":\"Cand\\u00e1s 365 Noticias\",\"description\":\"Actualidad desde Carre\\u00f1o para el mundo\",\"inLanguage\":\"es-ES\",\"publisher\":{\"@id\":\"https:\\\/\\\/candas365.es\\\/noticias\\\/#organization\"}}]}\n\t\t<\/script>\n\t\t<!-- All in One SEO Pro -->\r\n\t\t<title>Carre\u00f1o realizar\u00e1 reparaciones en las escuelas rurales del municipio | Cand\u00e1s 365<\/title>\n\n","aioseo_head_json":{"title":"Carre\u00f1o realizar\u00e1 reparaciones en las escuelas rurales del municipio | Cand\u00e1s 365","description":"La consejera de educaci\u00f3n del municipio Carre\u00f1o, Cecilia Tasc\u00f3n, anunci\u00f3 este jueves mediante un comunicado de prensa que se realizar\u00e1n una serie de reparaciones en las escuelas rurales del concejo con el prop\u00f3sito de optimizar los centros educativos antes del inicio del pr\u00f3ximo a\u00f1o escolar. En este sentido, Tasc\u00f3n afirm\u00f3 que las reformas se ejecutar\u00e1n","canonical_url":"https:\/\/candas365.es\/noticias\/carreno-realizara-reparaciones-en-las-escuelas-rurales-del-municipio\/","robots":"max-image-preview:large","keywords":"noticias carre\u00f1o","webmasterTools":{"google-site-verification":"UA-32230408-1","msvalidate.01":"354F3CDFB2DA171B47FBE9ABF1F88D5","miscellaneous":""},"schema":{"@context":"https:\/\/schema.org","@graph":[{"@type":"BreadcrumbList","@id":"https:\/\/candas365.es\/noticias\/carreno-realizara-reparaciones-en-las-escuelas-rurales-del-municipio\/#breadcrumblist","itemListElement":[{"@type":"ListItem","@id":"https:\/\/candas365.es\/noticias#listItem","position":1,"name":"Home","item":"https:\/\/candas365.es\/noticias","nextItem":{"@type":"ListItem","@id":"https:\/\/candas365.es\/noticias\/category\/noticias-carreno\/#listItem","name":"Noticias Carre\u00f1o"}},{"@type":"ListItem","@id":"https:\/\/candas365.es\/noticias\/category\/noticias-carreno\/#listItem","position":2,"name":"Noticias Carre\u00f1o","item":"https:\/\/candas365.es\/noticias\/category\/noticias-carreno\/","nextItem":{"@type":"ListItem","@id":"https:\/\/candas365.es\/noticias\/carreno-realizara-reparaciones-en-las-escuelas-rurales-del-municipio\/#listItem","name":"Carre\u00f1o realizar\u00e1 reparaciones en las escuelas rurales del municipio"},"previousItem":{"@type":"ListItem","@id":"https:\/\/candas365.es\/noticias#listItem","name":"Home"}},{"@type":"ListItem","@id":"https:\/\/candas365.es\/noticias\/carreno-realizara-reparaciones-en-las-escuelas-rurales-del-municipio\/#listItem","position":3,"name":"Carre\u00f1o realizar\u00e1 reparaciones en las escuelas rurales del municipio","previousItem":{"@type":"ListItem","@id":"https:\/\/candas365.es\/noticias\/category\/noticias-carreno\/#listItem","name":"Noticias Carre\u00f1o"}}]},{"@type":"NewsArticle","@id":"https:\/\/candas365.es\/noticias\/carreno-realizara-reparaciones-en-las-escuelas-rurales-del-municipio\/#newsarticle","name":"Carre\u00f1o realizar\u00e1 reparaciones en las escuelas rurales del municipio | Cand\u00e1s 365","headline":"Carre\u00f1o realizar\u00e1 reparaciones en las escuelas rurales del municipio","author":{"@id":"https:\/\/candas365.es\/noticias\/author\/admin\/#author"},"publisher":{"@id":"https:\/\/candas365.es\/noticias\/#organization"},"image":{"@type":"ImageObject","url":"https:\/\/candas365.es\/noticias\/wp-content\/uploads\/2018\/08\/mejoras-en-cierre-perimetral.jpg","width":2016,"height":1512},"datePublished":"2018-08-23T16:27:28+02:00","dateModified":"2018-08-23T16:27:28+02:00","inLanguage":"es-ES","mainEntityOfPage":{"@id":"https:\/\/candas365.es\/noticias\/carreno-realizara-reparaciones-en-las-escuelas-rurales-del-municipio\/#webpage"},"isPartOf":{"@id":"https:\/\/candas365.es\/noticias\/carreno-realizara-reparaciones-en-las-escuelas-rurales-del-municipio\/#webpage"},"articleSection":"Noticias Carre\u00f1o","dateline":"Publicado el agosto 23, 2018."},{"@type":"Organization","@id":"https:\/\/candas365.es\/noticias\/#organization","name":"Cand\u00e1s 365","description":"Cand\u00e1s 365 es un diario digital independiente, fundado en 2012, con base en Asturias. Informamos con rigor sobre actualidad, sociedad, cultura y ocio, con una mirada local y global.","url":"https:\/\/candas365.es\/noticias\/","email":"info@candas365.es","telephone":"+34652131393","foundingDate":"2012-06-10","logo":{"@type":"ImageObject","url":"https:\/\/candas365.es\/noticias\/wp-content\/uploads\/2024\/09\/Candas-365-Redes.jpg","@id":"https:\/\/candas365.es\/noticias\/carreno-realizara-reparaciones-en-las-escuelas-rurales-del-municipio\/#organizationLogo","width":1152,"height":864,"caption":"Cand\u00e1s 365 Redes"},"image":{"@id":"https:\/\/candas365.es\/noticias\/carreno-realizara-reparaciones-en-las-escuelas-rurales-del-municipio\/#organizationLogo"},"sameAs":["https:\/\/www.facebook.com\/Nachofdezber","https:\/\/x.com\/NabercoDigital","https:\/\/www.instagram.com\/nachofdezber\/","https:\/\/www.youtube.com\/channel\/UCZP-2wLEB9Rv6erhFmqVnvg"],"address":{"@id":"https:\/\/candas365.es\/noticias\/#postaladdress","@type":"PostalAddress","streetAddress":"san antonio 4, san antonio 4","postalCode":"33430","addressLocality":"Cand\u00e1s","addressRegion":"Asturias","addressCountry":"ES"}},{"@type":"Person","@id":"https:\/\/candas365.es\/noticias\/author\/admin\/#author","url":"https:\/\/candas365.es\/noticias\/author\/admin\/","name":"Cand\u00e1s 365","image":{"@type":"ImageObject","@id":"https:\/\/candas365.es\/noticias\/carreno-realizara-reparaciones-en-las-escuelas-rurales-del-municipio\/#authorImage","url":"https:\/\/secure.gravatar.com\/avatar\/496a8e03d0c493ede1718b7934145dbdf8d89be1036b0eec9544e1094c9de390?s=96&d=mm&r=g","width":96,"height":96,"caption":"Cand\u00e1s 365"},"sameAs":["https:\/\/www.facebook.com\/carrenoactualidad","https:\/\/twitter.com\/nbasturias","https:\/\/www.instagram.com\/nachofdezber\/","https:\/\/www.youtube.com\/channel\/UCZP-2wLEB9Rv6erhFmqVnvg"]},{"@type":"WebPage","@id":"https:\/\/candas365.es\/noticias\/carreno-realizara-reparaciones-en-las-escuelas-rurales-del-municipio\/#webpage","url":"https:\/\/candas365.es\/noticias\/carreno-realizara-reparaciones-en-las-escuelas-rurales-del-municipio\/","name":"Carre\u00f1o realizar\u00e1 reparaciones en las escuelas rurales del municipio | Cand\u00e1s 365","description":"La consejera de educaci\u00f3n del municipio Carre\u00f1o, Cecilia Tasc\u00f3n, anunci\u00f3 este jueves mediante un comunicado de prensa que se realizar\u00e1n una serie de reparaciones en las escuelas rurales del concejo con el prop\u00f3sito de optimizar los centros educativos antes del inicio del pr\u00f3ximo a\u00f1o escolar. En este sentido, Tasc\u00f3n afirm\u00f3 que las reformas se ejecutar\u00e1n","inLanguage":"es-ES","isPartOf":{"@id":"https:\/\/candas365.es\/noticias\/#website"},"breadcrumb":{"@id":"https:\/\/candas365.es\/noticias\/carreno-realizara-reparaciones-en-las-escuelas-rurales-del-municipio\/#breadcrumblist"},"author":{"@id":"https:\/\/candas365.es\/noticias\/author\/admin\/#author"},"creator":{"@id":"https:\/\/candas365.es\/noticias\/author\/admin\/#author"},"image":{"@type":"ImageObject","url":"https:\/\/candas365.es\/noticias\/wp-content\/uploads\/2018\/08\/mejoras-en-cierre-perimetral.jpg","@id":"https:\/\/candas365.es\/noticias\/carreno-realizara-reparaciones-en-las-escuelas-rurales-del-municipio\/#mainImage","width":2016,"height":1512},"primaryImageOfPage":{"@id":"https:\/\/candas365.es\/noticias\/carreno-realizara-reparaciones-en-las-escuelas-rurales-del-municipio\/#mainImage"},"datePublished":"2018-08-23T16:27:28+02:00","dateModified":"2018-08-23T16:27:28+02:00"},{"@type":"WebSite","@id":"https:\/\/candas365.es\/noticias\/#website","url":"https:\/\/candas365.es\/noticias\/","name":"Cand\u00e1s 365","alternateName":"Cand\u00e1s 365 Noticias","description":"Actualidad desde Carre\u00f1o para el mundo","inLanguage":"es-ES","publisher":{"@id":"https:\/\/candas365.es\/noticias\/#organization"}}]},"og:locale":"es_ES","og:site_name":"Cand\u00e1s 365","og:type":"article","og:title":"Carre\u00f1o realizar\u00e1 reparaciones en las escuelas rurales del municipio | Cand\u00e1s 365","og:description":"La consejera de educaci\u00f3n del municipio Carre\u00f1o, Cecilia Tasc\u00f3n, anunci\u00f3 este jueves mediante un comunicado de prensa que se realizar\u00e1n una serie de reparaciones en las escuelas rurales del concejo con el prop\u00f3sito de optimizar los centros educativos antes del inicio del pr\u00f3ximo a\u00f1o escolar. En este sentido, Tasc\u00f3n afirm\u00f3 que las reformas se ejecutar\u00e1n","og:url":"https:\/\/candas365.es\/noticias\/carreno-realizara-reparaciones-en-las-escuelas-rurales-del-municipio\/","og:image":"https:\/\/candas365.es\/noticias\/wp-content\/uploads\/2018\/08\/mejoras-en-cierre-perimetral.jpg","og:image:secure_url":"https:\/\/candas365.es\/noticias\/wp-content\/uploads\/2018\/08\/mejoras-en-cierre-perimetral.jpg","og:image:width":2016,"og:image:height":1512,"article:published_time":"2018-08-23T16:27:28+00:00","article:modified_time":"2018-08-23T16:27:28+00:00","article:publisher":"https:\/\/www.facebook.com\/Nachofdezber","article:author":"https:\/\/www.facebook.com\/carrenoactualidad","twitter:card":"summary_large_image","twitter:site":"@NabercoDigital","twitter:title":"Carre\u00f1o realizar\u00e1 reparaciones en las escuelas rurales del municipio | Cand\u00e1s 365","twitter:description":"La consejera de educaci\u00f3n del municipio Carre\u00f1o, Cecilia Tasc\u00f3n, anunci\u00f3 este jueves mediante un comunicado de prensa que se realizar\u00e1n una serie de reparaciones en las escuelas rurales del concejo con el prop\u00f3sito de optimizar los centros educativos antes del inicio del pr\u00f3ximo a\u00f1o escolar. En este sentido, Tasc\u00f3n afirm\u00f3 que las reformas se ejecutar\u00e1n","twitter:creator":"@nbasturias","twitter:image":"https:\/\/candas365.es\/noticias\/wp-content\/uploads\/2018\/08\/mejoras-en-cierre-perimetral.jpg","twitter:label1":"Escrito por","twitter:data1":"Cand\u00e1s 365","twitter:label2":"Tiempo de lectura estimado","twitter:data2":"1 minuto"},"aioseo_meta_data":{"post_id":"103443","title":null,"description":null,"keywords":null,"keyphrases":null,"primary_term":null,"canonical_url":null,"og_title":null,"og_description":null,"og_object_type":"default","og_image_type":"default","og_image_url":null,"og_image_width":null,"og_image_height":null,"og_image_custom_url":null,"og_image_custom_fields":null,"og_video":null,"og_custom_url":null,"og_article_section":null,"og_article_tags":null,"twitter_use_og":false,"twitter_card":"default","twitter_image_type":"default","twitter_image_url":null,"twitter_image_custom_url":null,"twitter_image_custom_fields":null,"twitter_title":null,"twitter_description":null,"schema":{"blockGraphs":[],"customGraphs":[],"default":{"data":{"Article":[],"Course":[],"Dataset":[],"FAQPage":[],"Movie":[],"Person":[],"Product":[],"ProductReview":[],"Car":[],"Recipe":[],"Service":[],"SoftwareApplication":[],"WebPage":[]},"graphName":"","isEnabled":true},"graphs":[]},"schema_type":null,"schema_type_options":null,"pillar_content":false,"robots_default":true,"robots_noindex":false,"robots_noarchive":false,"robots_nosnippet":false,"robots_nofollow":false,"robots_noimageindex":false,"robots_noodp":false,"robots_notranslate":false,"robots_max_snippet":null,"robots_max_videopreview":null,"robots_max_imagepreview":"large","priority":null,"frequency":null,"location":null,"local_seo":null,"seo_analyzer_scan_date":"2025-08-27 16:53:09","breadcrumb_settings":null,"limit_modified_date":false,"reviewed_by":null,"open_ai":null,"ai":null,"created":"2020-12-21 11:46:41","updated":"2025-08-27 16:53:09"},"aioseo_breadcrumb":"<div class=\"aioseo-breadcrumbs\"><span class=\"aioseo-breadcrumb\">\n\t<a href=\"https:\/\/candas365.es\/noticias\" title=\"Home\">Home<\/a>\n<\/span><span class=\"aioseo-breadcrumb-separator\">&ndash;<\/span><span class=\"aioseo-breadcrumb\">\n\t<a href=\"https:\/\/candas365.es\/noticias\/category\/noticias-carreno\/\" title=\"Noticias Carre\u00f1o\">Noticias Carre\u00f1o<\/a>\n<\/span><span class=\"aioseo-breadcrumb-separator\">&ndash;<\/span><span class=\"aioseo-breadcrumb\">\n\tCarre\u00f1o realizar\u00e1 reparaciones en las escuelas rurales del municipio\n<\/span><\/div>","aioseo_breadcrumb_json":[{"label":"Home","link":"https:\/\/candas365.es\/noticias"},{"label":"Noticias Carre\u00f1o","link":"https:\/\/candas365.es\/noticias\/category\/noticias-carreno\/"},{"label":"Carre\u00f1o realizar\u00e1 reparaciones en las escuelas rurales del municipio","link":"https:\/\/candas365.es\/noticias\/carreno-realizara-reparaciones-en-las-escuelas-rurales-del-municipio\/"}],"_links":{"self":[{"href":"https:\/\/candas365.es\/noticias\/wp-json\/wp\/v2\/posts\/103443","targetHints":{"allow":["GET"]}}],"collection":[{"href":"https:\/\/candas365.es\/noticias\/wp-json\/wp\/v2\/posts"}],"about":[{"href":"https:\/\/candas365.es\/noticias\/wp-json\/wp\/v2\/types\/post"}],"author":[{"embeddable":true,"href":"https:\/\/candas365.es\/noticias\/wp-json\/wp\/v2\/users\/1"}],"replies":[{"embeddable":true,"href":"https:\/\/candas365.es\/noticias\/wp-json\/wp\/v2\/comments?post=103443"}],"version-history":[{"count":0,"href":"https:\/\/candas365.es\/noticias\/wp-json\/wp\/v2\/posts\/103443\/revisions"}],"wp:featuredmedia":[{"embeddable":true,"href":"https:\/\/candas365.es\/noticias\/wp-json\/wp\/v2\/media\/103444"}],"wp:attachment":[{"href":"https:\/\/candas365.es\/noticias\/wp-json\/wp\/v2\/media?parent=103443"}],"wp:term":[{"taxonomy":"category","embeddable":true,"href":"https:\/\/candas365.es\/noticias\/wp-json\/wp\/v2\/categories?post=103443"},{"taxonomy":"post_tag","embeddable":true,"href":"https:\/\/candas365.es\/noticias\/wp-json\/wp\/v2\/tags?post=103443"}],"curies":[{"name":"wp","href":"https:\/\/api.w.org\/{rel}","templated":true}]}}