{"id":103383,"date":"2018-08-22T13:05:47","date_gmt":"2018-08-22T13:05:47","guid":{"rendered":"http:\/\/candas365.es\/noticias\/?p=103383"},"modified":"2018-08-22T13:05:47","modified_gmt":"2018-08-22T13:05:47","slug":"carreno-acogera-iii-encuentro-de-personas-con-movilidad-reducida","status":"publish","type":"post","link":"https:\/\/candas365.es\/noticias\/carreno-acogera-iii-encuentro-de-personas-con-movilidad-reducida\/","title":{"rendered":"Carre\u00f1o acoger\u00e1 III Encuentro de Personas con Movilidad Reducida"},"content":{"rendered":"<p><img fetchpriority=\"high\" decoding=\"async\" class=\"alignleft size-medium wp-image-103384\" src=\"https:\/\/candas365.es\/noticias\/wp-content\/uploads\/2018\/08\/Jos\u00e9-Ra\u00fal-Su\u00e1rez-Nuria-Iglesias-coordinadora-del-desfile-inclusivo-y-Amelia-Fern\u00e1ndez-360x289.jpg\" alt=\"\" width=\"360\" height=\"289\" srcset=\"https:\/\/candas365.es\/noticias\/wp-content\/uploads\/2018\/08\/Jos\u00e9-Ra\u00fal-Su\u00e1rez-Nuria-Iglesias-coordinadora-del-desfile-inclusivo-y-Amelia-Fern\u00e1ndez-360x289.jpg 360w, https:\/\/candas365.es\/noticias\/wp-content\/uploads\/2018\/08\/Jos\u00e9-Ra\u00fal-Su\u00e1rez-Nuria-Iglesias-coordinadora-del-desfile-inclusivo-y-Amelia-Fern\u00e1ndez-768x617.jpg 768w, https:\/\/candas365.es\/noticias\/wp-content\/uploads\/2018\/08\/Jos\u00e9-Ra\u00fal-Su\u00e1rez-Nuria-Iglesias-coordinadora-del-desfile-inclusivo-y-Amelia-Fern\u00e1ndez-598x480.jpg 598w, https:\/\/candas365.es\/noticias\/wp-content\/uploads\/2018\/08\/Jos\u00e9-Ra\u00fal-Su\u00e1rez-Nuria-Iglesias-coordinadora-del-desfile-inclusivo-y-Amelia-Fern\u00e1ndez-696x559.jpg 696w, https:\/\/candas365.es\/noticias\/wp-content\/uploads\/2018\/08\/Jos\u00e9-Ra\u00fal-Su\u00e1rez-Nuria-Iglesias-coordinadora-del-desfile-inclusivo-y-Amelia-Fern\u00e1ndez-523x420.jpg 523w, https:\/\/candas365.es\/noticias\/wp-content\/uploads\/2018\/08\/Jos\u00e9-Ra\u00fal-Su\u00e1rez-Nuria-Iglesias-coordinadora-del-desfile-inclusivo-y-Amelia-Fern\u00e1ndez.jpg 889w\" sizes=\"(max-width: 360px) 100vw, 360px\" \/>La alcaldesa de Carre\u00f1o, Amelia Fern\u00e1ndez, anunci\u00f3 este mi\u00e9rcoles mediante un comunicado de prensa que por tercer a\u00f1o consecutivo el s\u00e1bado 22 de septiembre de 2018 se realizar\u00e1 el III Encuentro de Personas con Movilidad Reducida.<\/p>\n<p>Igualmente, la alcaldesa especific\u00f3 la programaci\u00f3n del evento que se detalla m\u00e1s abajo:<\/p>\n<p style=\"text-align: center;\"><strong>PROGRAMA PREVISTO:<\/strong><\/p>\n<p><strong>14:00 h<\/strong>. COMIDA, servida por el Catering BALBONA. Precio: 16 \u20ac\/ persona.<\/p>\n<p>(Venta de los vales en los establecimientos colaboradores, hasta el jueves, 20 de septiembre)<\/p>\n<p><strong>16:00 h<\/strong>. MON\u00d3LOGOS a cargo de Jos\u00e9 Manuel \u201cEl Maestru\u201d<\/p>\n<p><strong>16:30 h<\/strong>. CONCIERTO SOLIDARIO.<\/p>\n<p>Intervendr\u00e1n los cantantes:<\/p>\n<p>\u00b7 Pep\u00edn Fern\u00e1ndez<br \/>\n\u00b7 Alfredo \u201cEl Rey del Bolero\u201d<br \/>\n\u00b7 Charo del \u201cDuo Charpa`s\u201d<br \/>\n\u00b7 D\u00fao \u00c9bano y a la guitarra Eugenio<br \/>\n\u00b7 Acordeonista Jos\u00e9 Guerra<br \/>\n\u00b7 Jos\u00e9 Antonio Gonz\u00e1lez \u201cEl Cantu La Vara\u201d<br \/>\n\u00b7 Vicente D\u00edaz<\/p>\n<p><strong>17:30 h<\/strong>. DESFILE INCLUSIVO de moda joven, con la colaboraci\u00f3n de Nuria Iglesias. Desfilar\u00e1n personas con diversidad funcional del concejo.<\/p>\n<p><strong>19:00 h<\/strong>. HOMENAJE AL M\u00daSICO CANDAS\u00cdN PIPO PRENDES. Recibir\u00e1 de la organizaci\u00f3n la pieza artesana de cer\u00e1mica, obra de la ceramista candasina, Rita Prendes, que reproduce un Dolmen del Monte Areo.<\/p>\n<p><strong>20:30 h<\/strong>. Cierre<\/p>\n<p>Finalmente, Fern\u00e1ndez, reiter\u00f3 que el programa ser\u00e1 muy similar al de los a\u00f1os anteriores.<\/p>\n<p>\u201cEl programa previsto ser\u00e1 muy similar a las anteriores ediciones. Y como novedades en la programaci\u00f3n musical queremos hacer un homenaje al m\u00fasico de Cand\u00e1s, Pipo Prendes\u201d, precis\u00f3 la alcaldesa de Carre\u00f1o.<\/p>\n<p>Soraya A.P<\/p>\n","protected":false},"excerpt":{"rendered":"<p>La alcaldesa de Carre\u00f1o, Amelia Fern\u00e1ndez, anunci\u00f3 este mi\u00e9rcoles mediante un comunicado de prensa que por tercer a\u00f1o consecutivo el s\u00e1bado 22 de septiembre de 2018 se realizar\u00e1 el III Encuentro de Personas con Movilidad Reducida. Igualmente, la alcaldesa especific\u00f3 la programaci\u00f3n del evento que se detalla m\u00e1s abajo: PROGRAMA PREVISTO: 14:00 h. COMIDA, servida<\/p>\n","protected":false},"author":1,"featured_media":103384,"comment_status":"closed","ping_status":"closed","sticky":false,"template":"","format":"standard","meta":{"footnotes":""},"categories":[1],"tags":[],"class_list":{"0":"post-103383","1":"post","2":"type-post","3":"status-publish","4":"format-standard","5":"has-post-thumbnail","7":"category-agenda"},"aioseo_notices":[],"aioseo_head":"\n\t\t<!-- All in One SEO Pro 4.9.6.2 - aioseo.com -->\n\t<meta name=\"description\" content=\"La alcaldesa de Carre\u00f1o, Amelia Fern\u00e1ndez, anunci\u00f3 este mi\u00e9rcoles mediante un comunicado de prensa que por tercer a\u00f1o consecutivo el s\u00e1bado 22 de septiembre de 2018 se realizar\u00e1 el III Encuentro de Personas con Movilidad Reducida. Igualmente, la alcaldesa especific\u00f3 la programaci\u00f3n del evento que se detalla m\u00e1s abajo: PROGRAMA PREVISTO: 14:00 h. COMIDA, servida\" \/>\n\t<meta name=\"robots\" content=\"max-image-preview:large\" \/>\n\t<meta name=\"author\" content=\"Cand\u00e1s 365\"\/>\n\t<meta name=\"google-site-verification\" content=\"UA-32230408-1\" \/>\n\t<meta name=\"msvalidate.01\" content=\"354F3CDFB2DA171B47FBE9ABF1F88D5\" \/>\n\t<meta name=\"keywords\" content=\"agenda\" \/>\n\t<link rel=\"canonical\" href=\"https:\/\/candas365.es\/noticias\/carreno-acogera-iii-encuentro-de-personas-con-movilidad-reducida\/\" \/>\n\t<meta name=\"generator\" content=\"All in One SEO Pro (AIOSEO) 4.9.6.2\" \/>\n\t\t<meta property=\"og:locale\" content=\"es_ES\" \/>\n\t\t<meta property=\"og:site_name\" content=\"Cand\u00e1s 365\" \/>\n\t\t<meta property=\"og:type\" content=\"article\" \/>\n\t\t<meta property=\"og:title\" content=\"Carre\u00f1o acoger\u00e1 III Encuentro de Personas con Movilidad Reducida | Cand\u00e1s 365\" \/>\n\t\t<meta property=\"og:description\" content=\"La alcaldesa de Carre\u00f1o, Amelia Fern\u00e1ndez, anunci\u00f3 este mi\u00e9rcoles mediante un comunicado de prensa que por tercer a\u00f1o consecutivo el s\u00e1bado 22 de septiembre de 2018 se realizar\u00e1 el III Encuentro de Personas con Movilidad Reducida. Igualmente, la alcaldesa especific\u00f3 la programaci\u00f3n del evento que se detalla m\u00e1s abajo: PROGRAMA PREVISTO: 14:00 h. COMIDA, servida\" \/>\n\t\t<meta property=\"og:url\" content=\"https:\/\/candas365.es\/noticias\/carreno-acogera-iii-encuentro-de-personas-con-movilidad-reducida\/\" \/>\n\t\t<meta property=\"og:image\" content=\"https:\/\/candas365.es\/noticias\/wp-content\/uploads\/2018\/08\/Jos\u00e9-Ra\u00fal-Su\u00e1rez-Nuria-Iglesias-coordinadora-del-desfile-inclusivo-y-Amelia-Fern\u00e1ndez.jpg\" \/>\n\t\t<meta property=\"og:image:secure_url\" content=\"https:\/\/candas365.es\/noticias\/wp-content\/uploads\/2018\/08\/Jos\u00e9-Ra\u00fal-Su\u00e1rez-Nuria-Iglesias-coordinadora-del-desfile-inclusivo-y-Amelia-Fern\u00e1ndez.jpg\" \/>\n\t\t<meta property=\"og:image:width\" content=\"889\" \/>\n\t\t<meta property=\"og:image:height\" content=\"714\" \/>\n\t\t<meta property=\"article:published_time\" content=\"2018-08-22T13:05:47+00:00\" \/>\n\t\t<meta property=\"article:modified_time\" content=\"2018-08-22T13:05:47+00:00\" \/>\n\t\t<meta property=\"article:publisher\" content=\"https:\/\/www.facebook.com\/Nachofdezber\" \/>\n\t\t<meta property=\"article:author\" content=\"https:\/\/www.facebook.com\/carrenoactualidad\" \/>\n\t\t<meta name=\"twitter:card\" content=\"summary_large_image\" \/>\n\t\t<meta name=\"twitter:site\" content=\"@NabercoDigital\" \/>\n\t\t<meta name=\"twitter:title\" content=\"Carre\u00f1o acoger\u00e1 III Encuentro de Personas con Movilidad Reducida | Cand\u00e1s 365\" \/>\n\t\t<meta name=\"twitter:description\" content=\"La alcaldesa de Carre\u00f1o, Amelia Fern\u00e1ndez, anunci\u00f3 este mi\u00e9rcoles mediante un comunicado de prensa que por tercer a\u00f1o consecutivo el s\u00e1bado 22 de septiembre de 2018 se realizar\u00e1 el III Encuentro de Personas con Movilidad Reducida. Igualmente, la alcaldesa especific\u00f3 la programaci\u00f3n del evento que se detalla m\u00e1s abajo: PROGRAMA PREVISTO: 14:00 h. COMIDA, servida\" \/>\n\t\t<meta name=\"twitter:creator\" content=\"@nbasturias\" \/>\n\t\t<meta name=\"twitter:image\" content=\"https:\/\/candas365.es\/noticias\/wp-content\/uploads\/2018\/08\/Jos\u00e9-Ra\u00fal-Su\u00e1rez-Nuria-Iglesias-coordinadora-del-desfile-inclusivo-y-Amelia-Fern\u00e1ndez.jpg\" \/>\n\t\t<meta name=\"twitter:label1\" content=\"Escrito por\" \/>\n\t\t<meta name=\"twitter:data1\" content=\"Cand\u00e1s 365\" \/>\n\t\t<meta name=\"twitter:label2\" content=\"Tiempo de lectura estimado\" \/>\n\t\t<meta name=\"twitter:data2\" content=\"1 minuto\" \/>\n\t\t<script type=\"application\/ld+json\" class=\"aioseo-schema\">\n\t\t\t{\"@context\":\"https:\\\/\\\/schema.org\",\"@graph\":[{\"@type\":\"BreadcrumbList\",\"@id\":\"https:\\\/\\\/candas365.es\\\/noticias\\\/carreno-acogera-iii-encuentro-de-personas-con-movilidad-reducida\\\/#breadcrumblist\",\"itemListElement\":[{\"@type\":\"ListItem\",\"@id\":\"https:\\\/\\\/candas365.es\\\/noticias#listItem\",\"position\":1,\"name\":\"Home\",\"item\":\"https:\\\/\\\/candas365.es\\\/noticias\",\"nextItem\":{\"@type\":\"ListItem\",\"@id\":\"https:\\\/\\\/candas365.es\\\/noticias\\\/category\\\/agenda\\\/#listItem\",\"name\":\"Agenda\"}},{\"@type\":\"ListItem\",\"@id\":\"https:\\\/\\\/candas365.es\\\/noticias\\\/category\\\/agenda\\\/#listItem\",\"position\":2,\"name\":\"Agenda\",\"item\":\"https:\\\/\\\/candas365.es\\\/noticias\\\/category\\\/agenda\\\/\",\"nextItem\":{\"@type\":\"ListItem\",\"@id\":\"https:\\\/\\\/candas365.es\\\/noticias\\\/carreno-acogera-iii-encuentro-de-personas-con-movilidad-reducida\\\/#listItem\",\"name\":\"Carre\\u00f1o acoger\\u00e1 III Encuentro de Personas con Movilidad Reducida\"},\"previousItem\":{\"@type\":\"ListItem\",\"@id\":\"https:\\\/\\\/candas365.es\\\/noticias#listItem\",\"name\":\"Home\"}},{\"@type\":\"ListItem\",\"@id\":\"https:\\\/\\\/candas365.es\\\/noticias\\\/carreno-acogera-iii-encuentro-de-personas-con-movilidad-reducida\\\/#listItem\",\"position\":3,\"name\":\"Carre\\u00f1o acoger\\u00e1 III Encuentro de Personas con Movilidad Reducida\",\"previousItem\":{\"@type\":\"ListItem\",\"@id\":\"https:\\\/\\\/candas365.es\\\/noticias\\\/category\\\/agenda\\\/#listItem\",\"name\":\"Agenda\"}}]},{\"@type\":\"NewsArticle\",\"@id\":\"https:\\\/\\\/candas365.es\\\/noticias\\\/carreno-acogera-iii-encuentro-de-personas-con-movilidad-reducida\\\/#newsarticle\",\"name\":\"Carre\\u00f1o acoger\\u00e1 III Encuentro de Personas con Movilidad Reducida | Cand\\u00e1s 365\",\"headline\":\"Carre\\u00f1o acoger\\u00e1 III Encuentro de Personas con Movilidad Reducida\",\"author\":{\"@id\":\"https:\\\/\\\/candas365.es\\\/noticias\\\/author\\\/admin\\\/#author\"},\"publisher\":{\"@id\":\"https:\\\/\\\/candas365.es\\\/noticias\\\/#organization\"},\"image\":{\"@type\":\"ImageObject\",\"url\":\"https:\\\/\\\/candas365.es\\\/noticias\\\/wp-content\\\/uploads\\\/2018\\\/08\\\/Jos\\u00e9-Ra\\u00fal-Su\\u00e1rez-Nuria-Iglesias-coordinadora-del-desfile-inclusivo-y-Amelia-Fern\\u00e1ndez.jpg\",\"width\":889,\"height\":714},\"datePublished\":\"2018-08-22T13:05:47+02:00\",\"dateModified\":\"2018-08-22T13:05:47+02:00\",\"inLanguage\":\"es-ES\",\"mainEntityOfPage\":{\"@id\":\"https:\\\/\\\/candas365.es\\\/noticias\\\/carreno-acogera-iii-encuentro-de-personas-con-movilidad-reducida\\\/#webpage\"},\"isPartOf\":{\"@id\":\"https:\\\/\\\/candas365.es\\\/noticias\\\/carreno-acogera-iii-encuentro-de-personas-con-movilidad-reducida\\\/#webpage\"},\"articleSection\":\"Agenda\",\"dateline\":\"Publicado el agosto 22, 2018.\"},{\"@type\":\"Organization\",\"@id\":\"https:\\\/\\\/candas365.es\\\/noticias\\\/#organization\",\"name\":\"Cand\\u00e1s 365\",\"description\":\"Cand\\u00e1s 365 es un diario digital independiente, fundado en 2012, con base en Asturias. Informamos con rigor sobre actualidad, sociedad, cultura y ocio, con una mirada local y global.\",\"url\":\"https:\\\/\\\/candas365.es\\\/noticias\\\/\",\"email\":\"info@candas365.es\",\"telephone\":\"+34652131393\",\"foundingDate\":\"2012-06-10\",\"logo\":{\"@type\":\"ImageObject\",\"url\":\"https:\\\/\\\/candas365.es\\\/noticias\\\/wp-content\\\/uploads\\\/2024\\\/09\\\/Candas-365-Redes.jpg\",\"@id\":\"https:\\\/\\\/candas365.es\\\/noticias\\\/carreno-acogera-iii-encuentro-de-personas-con-movilidad-reducida\\\/#organizationLogo\",\"width\":1152,\"height\":864,\"caption\":\"Cand\\u00e1s 365 Redes\"},\"image\":{\"@id\":\"https:\\\/\\\/candas365.es\\\/noticias\\\/carreno-acogera-iii-encuentro-de-personas-con-movilidad-reducida\\\/#organizationLogo\"},\"sameAs\":[\"https:\\\/\\\/www.facebook.com\\\/Nachofdezber\",\"https:\\\/\\\/x.com\\\/NabercoDigital\",\"https:\\\/\\\/www.instagram.com\\\/nachofdezber\\\/\",\"https:\\\/\\\/www.youtube.com\\\/channel\\\/UCZP-2wLEB9Rv6erhFmqVnvg\"],\"address\":{\"@id\":\"https:\\\/\\\/candas365.es\\\/noticias\\\/#postaladdress\",\"@type\":\"PostalAddress\",\"streetAddress\":\"san antonio 4, san antonio 4\",\"postalCode\":\"33430\",\"addressLocality\":\"Cand\\u00e1s\",\"addressRegion\":\"Asturias\",\"addressCountry\":\"ES\"}},{\"@type\":\"Person\",\"@id\":\"https:\\\/\\\/candas365.es\\\/noticias\\\/author\\\/admin\\\/#author\",\"url\":\"https:\\\/\\\/candas365.es\\\/noticias\\\/author\\\/admin\\\/\",\"name\":\"Cand\\u00e1s 365\",\"image\":{\"@type\":\"ImageObject\",\"@id\":\"https:\\\/\\\/candas365.es\\\/noticias\\\/carreno-acogera-iii-encuentro-de-personas-con-movilidad-reducida\\\/#authorImage\",\"url\":\"https:\\\/\\\/secure.gravatar.com\\\/avatar\\\/496a8e03d0c493ede1718b7934145dbdf8d89be1036b0eec9544e1094c9de390?s=96&d=mm&r=g\",\"width\":96,\"height\":96,\"caption\":\"Cand\\u00e1s 365\"},\"sameAs\":[\"https:\\\/\\\/www.facebook.com\\\/carrenoactualidad\",\"https:\\\/\\\/twitter.com\\\/nbasturias\",\"https:\\\/\\\/www.instagram.com\\\/nachofdezber\\\/\",\"https:\\\/\\\/www.youtube.com\\\/channel\\\/UCZP-2wLEB9Rv6erhFmqVnvg\"]},{\"@type\":\"WebPage\",\"@id\":\"https:\\\/\\\/candas365.es\\\/noticias\\\/carreno-acogera-iii-encuentro-de-personas-con-movilidad-reducida\\\/#webpage\",\"url\":\"https:\\\/\\\/candas365.es\\\/noticias\\\/carreno-acogera-iii-encuentro-de-personas-con-movilidad-reducida\\\/\",\"name\":\"Carre\\u00f1o acoger\\u00e1 III Encuentro de Personas con Movilidad Reducida | Cand\\u00e1s 365\",\"description\":\"La alcaldesa de Carre\\u00f1o, Amelia Fern\\u00e1ndez, anunci\\u00f3 este mi\\u00e9rcoles mediante un comunicado de prensa que por tercer a\\u00f1o consecutivo el s\\u00e1bado 22 de septiembre de 2018 se realizar\\u00e1 el III Encuentro de Personas con Movilidad Reducida. Igualmente, la alcaldesa especific\\u00f3 la programaci\\u00f3n del evento que se detalla m\\u00e1s abajo: PROGRAMA PREVISTO: 14:00 h. COMIDA, servida\",\"inLanguage\":\"es-ES\",\"isPartOf\":{\"@id\":\"https:\\\/\\\/candas365.es\\\/noticias\\\/#website\"},\"breadcrumb\":{\"@id\":\"https:\\\/\\\/candas365.es\\\/noticias\\\/carreno-acogera-iii-encuentro-de-personas-con-movilidad-reducida\\\/#breadcrumblist\"},\"author\":{\"@id\":\"https:\\\/\\\/candas365.es\\\/noticias\\\/author\\\/admin\\\/#author\"},\"creator\":{\"@id\":\"https:\\\/\\\/candas365.es\\\/noticias\\\/author\\\/admin\\\/#author\"},\"image\":{\"@type\":\"ImageObject\",\"url\":\"https:\\\/\\\/candas365.es\\\/noticias\\\/wp-content\\\/uploads\\\/2018\\\/08\\\/Jos\\u00e9-Ra\\u00fal-Su\\u00e1rez-Nuria-Iglesias-coordinadora-del-desfile-inclusivo-y-Amelia-Fern\\u00e1ndez.jpg\",\"@id\":\"https:\\\/\\\/candas365.es\\\/noticias\\\/carreno-acogera-iii-encuentro-de-personas-con-movilidad-reducida\\\/#mainImage\",\"width\":889,\"height\":714},\"primaryImageOfPage\":{\"@id\":\"https:\\\/\\\/candas365.es\\\/noticias\\\/carreno-acogera-iii-encuentro-de-personas-con-movilidad-reducida\\\/#mainImage\"},\"datePublished\":\"2018-08-22T13:05:47+02:00\",\"dateModified\":\"2018-08-22T13:05:47+02:00\"},{\"@type\":\"WebSite\",\"@id\":\"https:\\\/\\\/candas365.es\\\/noticias\\\/#website\",\"url\":\"https:\\\/\\\/candas365.es\\\/noticias\\\/\",\"name\":\"Cand\\u00e1s 365\",\"alternateName\":\"Cand\\u00e1s 365 Noticias\",\"description\":\"Actualidad desde Carre\\u00f1o para el mundo\",\"inLanguage\":\"es-ES\",\"publisher\":{\"@id\":\"https:\\\/\\\/candas365.es\\\/noticias\\\/#organization\"}}]}\n\t\t<\/script>\n\t\t<!-- All in One SEO Pro -->\r\n\t\t<title>Carre\u00f1o acoger\u00e1 III Encuentro de Personas con Movilidad Reducida | Cand\u00e1s 365<\/title>\n\n","aioseo_head_json":{"title":"Carre\u00f1o acoger\u00e1 III Encuentro de Personas con Movilidad Reducida | Cand\u00e1s 365","description":"La alcaldesa de Carre\u00f1o, Amelia Fern\u00e1ndez, anunci\u00f3 este mi\u00e9rcoles mediante un comunicado de prensa que por tercer a\u00f1o consecutivo el s\u00e1bado 22 de septiembre de 2018 se realizar\u00e1 el III Encuentro de Personas con Movilidad Reducida. Igualmente, la alcaldesa especific\u00f3 la programaci\u00f3n del evento que se detalla m\u00e1s abajo: PROGRAMA PREVISTO: 14:00 h. COMIDA, servida","canonical_url":"https:\/\/candas365.es\/noticias\/carreno-acogera-iii-encuentro-de-personas-con-movilidad-reducida\/","robots":"max-image-preview:large","keywords":"agenda","webmasterTools":{"google-site-verification":"UA-32230408-1","msvalidate.01":"354F3CDFB2DA171B47FBE9ABF1F88D5","miscellaneous":""},"schema":{"@context":"https:\/\/schema.org","@graph":[{"@type":"BreadcrumbList","@id":"https:\/\/candas365.es\/noticias\/carreno-acogera-iii-encuentro-de-personas-con-movilidad-reducida\/#breadcrumblist","itemListElement":[{"@type":"ListItem","@id":"https:\/\/candas365.es\/noticias#listItem","position":1,"name":"Home","item":"https:\/\/candas365.es\/noticias","nextItem":{"@type":"ListItem","@id":"https:\/\/candas365.es\/noticias\/category\/agenda\/#listItem","name":"Agenda"}},{"@type":"ListItem","@id":"https:\/\/candas365.es\/noticias\/category\/agenda\/#listItem","position":2,"name":"Agenda","item":"https:\/\/candas365.es\/noticias\/category\/agenda\/","nextItem":{"@type":"ListItem","@id":"https:\/\/candas365.es\/noticias\/carreno-acogera-iii-encuentro-de-personas-con-movilidad-reducida\/#listItem","name":"Carre\u00f1o acoger\u00e1 III Encuentro de Personas con Movilidad Reducida"},"previousItem":{"@type":"ListItem","@id":"https:\/\/candas365.es\/noticias#listItem","name":"Home"}},{"@type":"ListItem","@id":"https:\/\/candas365.es\/noticias\/carreno-acogera-iii-encuentro-de-personas-con-movilidad-reducida\/#listItem","position":3,"name":"Carre\u00f1o acoger\u00e1 III Encuentro de Personas con Movilidad Reducida","previousItem":{"@type":"ListItem","@id":"https:\/\/candas365.es\/noticias\/category\/agenda\/#listItem","name":"Agenda"}}]},{"@type":"NewsArticle","@id":"https:\/\/candas365.es\/noticias\/carreno-acogera-iii-encuentro-de-personas-con-movilidad-reducida\/#newsarticle","name":"Carre\u00f1o acoger\u00e1 III Encuentro de Personas con Movilidad Reducida | Cand\u00e1s 365","headline":"Carre\u00f1o acoger\u00e1 III Encuentro de Personas con Movilidad Reducida","author":{"@id":"https:\/\/candas365.es\/noticias\/author\/admin\/#author"},"publisher":{"@id":"https:\/\/candas365.es\/noticias\/#organization"},"image":{"@type":"ImageObject","url":"https:\/\/candas365.es\/noticias\/wp-content\/uploads\/2018\/08\/Jos\u00e9-Ra\u00fal-Su\u00e1rez-Nuria-Iglesias-coordinadora-del-desfile-inclusivo-y-Amelia-Fern\u00e1ndez.jpg","width":889,"height":714},"datePublished":"2018-08-22T13:05:47+02:00","dateModified":"2018-08-22T13:05:47+02:00","inLanguage":"es-ES","mainEntityOfPage":{"@id":"https:\/\/candas365.es\/noticias\/carreno-acogera-iii-encuentro-de-personas-con-movilidad-reducida\/#webpage"},"isPartOf":{"@id":"https:\/\/candas365.es\/noticias\/carreno-acogera-iii-encuentro-de-personas-con-movilidad-reducida\/#webpage"},"articleSection":"Agenda","dateline":"Publicado el agosto 22, 2018."},{"@type":"Organization","@id":"https:\/\/candas365.es\/noticias\/#organization","name":"Cand\u00e1s 365","description":"Cand\u00e1s 365 es un diario digital independiente, fundado en 2012, con base en Asturias. Informamos con rigor sobre actualidad, sociedad, cultura y ocio, con una mirada local y global.","url":"https:\/\/candas365.es\/noticias\/","email":"info@candas365.es","telephone":"+34652131393","foundingDate":"2012-06-10","logo":{"@type":"ImageObject","url":"https:\/\/candas365.es\/noticias\/wp-content\/uploads\/2024\/09\/Candas-365-Redes.jpg","@id":"https:\/\/candas365.es\/noticias\/carreno-acogera-iii-encuentro-de-personas-con-movilidad-reducida\/#organizationLogo","width":1152,"height":864,"caption":"Cand\u00e1s 365 Redes"},"image":{"@id":"https:\/\/candas365.es\/noticias\/carreno-acogera-iii-encuentro-de-personas-con-movilidad-reducida\/#organizationLogo"},"sameAs":["https:\/\/www.facebook.com\/Nachofdezber","https:\/\/x.com\/NabercoDigital","https:\/\/www.instagram.com\/nachofdezber\/","https:\/\/www.youtube.com\/channel\/UCZP-2wLEB9Rv6erhFmqVnvg"],"address":{"@id":"https:\/\/candas365.es\/noticias\/#postaladdress","@type":"PostalAddress","streetAddress":"san antonio 4, san antonio 4","postalCode":"33430","addressLocality":"Cand\u00e1s","addressRegion":"Asturias","addressCountry":"ES"}},{"@type":"Person","@id":"https:\/\/candas365.es\/noticias\/author\/admin\/#author","url":"https:\/\/candas365.es\/noticias\/author\/admin\/","name":"Cand\u00e1s 365","image":{"@type":"ImageObject","@id":"https:\/\/candas365.es\/noticias\/carreno-acogera-iii-encuentro-de-personas-con-movilidad-reducida\/#authorImage","url":"https:\/\/secure.gravatar.com\/avatar\/496a8e03d0c493ede1718b7934145dbdf8d89be1036b0eec9544e1094c9de390?s=96&d=mm&r=g","width":96,"height":96,"caption":"Cand\u00e1s 365"},"sameAs":["https:\/\/www.facebook.com\/carrenoactualidad","https:\/\/twitter.com\/nbasturias","https:\/\/www.instagram.com\/nachofdezber\/","https:\/\/www.youtube.com\/channel\/UCZP-2wLEB9Rv6erhFmqVnvg"]},{"@type":"WebPage","@id":"https:\/\/candas365.es\/noticias\/carreno-acogera-iii-encuentro-de-personas-con-movilidad-reducida\/#webpage","url":"https:\/\/candas365.es\/noticias\/carreno-acogera-iii-encuentro-de-personas-con-movilidad-reducida\/","name":"Carre\u00f1o acoger\u00e1 III Encuentro de Personas con Movilidad Reducida | Cand\u00e1s 365","description":"La alcaldesa de Carre\u00f1o, Amelia Fern\u00e1ndez, anunci\u00f3 este mi\u00e9rcoles mediante un comunicado de prensa que por tercer a\u00f1o consecutivo el s\u00e1bado 22 de septiembre de 2018 se realizar\u00e1 el III Encuentro de Personas con Movilidad Reducida. Igualmente, la alcaldesa especific\u00f3 la programaci\u00f3n del evento que se detalla m\u00e1s abajo: PROGRAMA PREVISTO: 14:00 h. COMIDA, servida","inLanguage":"es-ES","isPartOf":{"@id":"https:\/\/candas365.es\/noticias\/#website"},"breadcrumb":{"@id":"https:\/\/candas365.es\/noticias\/carreno-acogera-iii-encuentro-de-personas-con-movilidad-reducida\/#breadcrumblist"},"author":{"@id":"https:\/\/candas365.es\/noticias\/author\/admin\/#author"},"creator":{"@id":"https:\/\/candas365.es\/noticias\/author\/admin\/#author"},"image":{"@type":"ImageObject","url":"https:\/\/candas365.es\/noticias\/wp-content\/uploads\/2018\/08\/Jos\u00e9-Ra\u00fal-Su\u00e1rez-Nuria-Iglesias-coordinadora-del-desfile-inclusivo-y-Amelia-Fern\u00e1ndez.jpg","@id":"https:\/\/candas365.es\/noticias\/carreno-acogera-iii-encuentro-de-personas-con-movilidad-reducida\/#mainImage","width":889,"height":714},"primaryImageOfPage":{"@id":"https:\/\/candas365.es\/noticias\/carreno-acogera-iii-encuentro-de-personas-con-movilidad-reducida\/#mainImage"},"datePublished":"2018-08-22T13:05:47+02:00","dateModified":"2018-08-22T13:05:47+02:00"},{"@type":"WebSite","@id":"https:\/\/candas365.es\/noticias\/#website","url":"https:\/\/candas365.es\/noticias\/","name":"Cand\u00e1s 365","alternateName":"Cand\u00e1s 365 Noticias","description":"Actualidad desde Carre\u00f1o para el mundo","inLanguage":"es-ES","publisher":{"@id":"https:\/\/candas365.es\/noticias\/#organization"}}]},"og:locale":"es_ES","og:site_name":"Cand\u00e1s 365","og:type":"article","og:title":"Carre\u00f1o acoger\u00e1 III Encuentro de Personas con Movilidad Reducida | Cand\u00e1s 365","og:description":"La alcaldesa de Carre\u00f1o, Amelia Fern\u00e1ndez, anunci\u00f3 este mi\u00e9rcoles mediante un comunicado de prensa que por tercer a\u00f1o consecutivo el s\u00e1bado 22 de septiembre de 2018 se realizar\u00e1 el III Encuentro de Personas con Movilidad Reducida. Igualmente, la alcaldesa especific\u00f3 la programaci\u00f3n del evento que se detalla m\u00e1s abajo: PROGRAMA PREVISTO: 14:00 h. COMIDA, servida","og:url":"https:\/\/candas365.es\/noticias\/carreno-acogera-iii-encuentro-de-personas-con-movilidad-reducida\/","og:image":"https:\/\/candas365.es\/noticias\/wp-content\/uploads\/2018\/08\/Jos\u00e9-Ra\u00fal-Su\u00e1rez-Nuria-Iglesias-coordinadora-del-desfile-inclusivo-y-Amelia-Fern\u00e1ndez.jpg","og:image:secure_url":"https:\/\/candas365.es\/noticias\/wp-content\/uploads\/2018\/08\/Jos\u00e9-Ra\u00fal-Su\u00e1rez-Nuria-Iglesias-coordinadora-del-desfile-inclusivo-y-Amelia-Fern\u00e1ndez.jpg","og:image:width":889,"og:image:height":714,"article:published_time":"2018-08-22T13:05:47+00:00","article:modified_time":"2018-08-22T13:05:47+00:00","article:publisher":"https:\/\/www.facebook.com\/Nachofdezber","article:author":"https:\/\/www.facebook.com\/carrenoactualidad","twitter:card":"summary_large_image","twitter:site":"@NabercoDigital","twitter:title":"Carre\u00f1o acoger\u00e1 III Encuentro de Personas con Movilidad Reducida | Cand\u00e1s 365","twitter:description":"La alcaldesa de Carre\u00f1o, Amelia Fern\u00e1ndez, anunci\u00f3 este mi\u00e9rcoles mediante un comunicado de prensa que por tercer a\u00f1o consecutivo el s\u00e1bado 22 de septiembre de 2018 se realizar\u00e1 el III Encuentro de Personas con Movilidad Reducida. Igualmente, la alcaldesa especific\u00f3 la programaci\u00f3n del evento que se detalla m\u00e1s abajo: PROGRAMA PREVISTO: 14:00 h. COMIDA, servida","twitter:creator":"@nbasturias","twitter:image":"https:\/\/candas365.es\/noticias\/wp-content\/uploads\/2018\/08\/Jos\u00e9-Ra\u00fal-Su\u00e1rez-Nuria-Iglesias-coordinadora-del-desfile-inclusivo-y-Amelia-Fern\u00e1ndez.jpg","twitter:label1":"Escrito por","twitter:data1":"Cand\u00e1s 365","twitter:label2":"Tiempo de lectura estimado","twitter:data2":"1 minuto"},"aioseo_meta_data":{"post_id":"103383","title":null,"description":null,"keywords":null,"keyphrases":null,"primary_term":null,"canonical_url":null,"og_title":null,"og_description":null,"og_object_type":"default","og_image_type":"default","og_image_url":null,"og_image_width":null,"og_image_height":null,"og_image_custom_url":null,"og_image_custom_fields":null,"og_video":null,"og_custom_url":null,"og_article_section":null,"og_article_tags":null,"twitter_use_og":false,"twitter_card":"default","twitter_image_type":"default","twitter_image_url":null,"twitter_image_custom_url":null,"twitter_image_custom_fields":null,"twitter_title":null,"twitter_description":null,"schema":{"blockGraphs":[],"customGraphs":[],"default":{"data":{"Article":[],"Course":[],"Dataset":[],"FAQPage":[],"Movie":[],"Person":[],"Product":[],"ProductReview":[],"Car":[],"Recipe":[],"Service":[],"SoftwareApplication":[],"WebPage":[]},"graphName":"","isEnabled":true},"graphs":[],"defaultGraph":"","defaultPostTypeGraph":""},"schema_type":null,"schema_type_options":null,"pillar_content":false,"robots_default":true,"robots_noindex":false,"robots_noarchive":false,"robots_nosnippet":false,"robots_nofollow":false,"robots_noimageindex":false,"robots_noodp":false,"robots_notranslate":false,"robots_max_snippet":null,"robots_max_videopreview":null,"robots_max_imagepreview":"large","priority":null,"frequency":null,"location":null,"local_seo":null,"seo_analyzer_scan_date":"2025-08-27 16:43:15","breadcrumb_settings":null,"limit_modified_date":false,"reviewed_by":null,"open_ai":null,"ai":null,"created":"2020-12-21 11:46:42","updated":"2025-08-27 16:43:15"},"aioseo_breadcrumb":"<div class=\"aioseo-breadcrumbs\"><span class=\"aioseo-breadcrumb\">\n\t<a href=\"https:\/\/candas365.es\/noticias\" title=\"Home\">Home<\/a>\n<\/span><span class=\"aioseo-breadcrumb-separator\">&ndash;<\/span><span class=\"aioseo-breadcrumb\">\n\t<a href=\"https:\/\/candas365.es\/noticias\/category\/agenda\/\" title=\"Agenda\">Agenda<\/a>\n<\/span><span class=\"aioseo-breadcrumb-separator\">&ndash;<\/span><span class=\"aioseo-breadcrumb\">\n\tCarre\u00f1o acoger\u00e1 III Encuentro de Personas con Movilidad Reducida\n<\/span><\/div>","aioseo_breadcrumb_json":[{"label":"Home","link":"https:\/\/candas365.es\/noticias"},{"label":"Agenda","link":"https:\/\/candas365.es\/noticias\/category\/agenda\/"},{"label":"Carre\u00f1o acoger\u00e1 III Encuentro de Personas con Movilidad Reducida","link":"https:\/\/candas365.es\/noticias\/carreno-acogera-iii-encuentro-de-personas-con-movilidad-reducida\/"}],"_links":{"self":[{"href":"https:\/\/candas365.es\/noticias\/wp-json\/wp\/v2\/posts\/103383","targetHints":{"allow":["GET"]}}],"collection":[{"href":"https:\/\/candas365.es\/noticias\/wp-json\/wp\/v2\/posts"}],"about":[{"href":"https:\/\/candas365.es\/noticias\/wp-json\/wp\/v2\/types\/post"}],"author":[{"embeddable":true,"href":"https:\/\/candas365.es\/noticias\/wp-json\/wp\/v2\/users\/1"}],"replies":[{"embeddable":true,"href":"https:\/\/candas365.es\/noticias\/wp-json\/wp\/v2\/comments?post=103383"}],"version-history":[{"count":0,"href":"https:\/\/candas365.es\/noticias\/wp-json\/wp\/v2\/posts\/103383\/revisions"}],"wp:featuredmedia":[{"embeddable":true,"href":"https:\/\/candas365.es\/noticias\/wp-json\/wp\/v2\/media\/103384"}],"wp:attachment":[{"href":"https:\/\/candas365.es\/noticias\/wp-json\/wp\/v2\/media?parent=103383"}],"wp:term":[{"taxonomy":"category","embeddable":true,"href":"https:\/\/candas365.es\/noticias\/wp-json\/wp\/v2\/categories?post=103383"},{"taxonomy":"post_tag","embeddable":true,"href":"https:\/\/candas365.es\/noticias\/wp-json\/wp\/v2\/tags?post=103383"}],"curies":[{"name":"wp","href":"https:\/\/api.w.org\/{rel}","templated":true}]}}