{"id":103372,"date":"2018-08-22T10:58:31","date_gmt":"2018-08-22T10:58:31","guid":{"rendered":"http:\/\/candas365.es\/noticias\/?p=103372"},"modified":"2018-08-22T11:01:20","modified_gmt":"2018-08-22T11:01:20","slug":"el-pp-exige-dimision-inmediata-de-la-alcaldesa-y-del-teniente-de-alcalde-de-carreno-por-falsificacion-de-facturas","status":"publish","type":"post","link":"https:\/\/candas365.es\/noticias\/el-pp-exige-dimision-inmediata-de-la-alcaldesa-y-del-teniente-de-alcalde-de-carreno-por-falsificacion-de-facturas\/","title":{"rendered":"El PP exige dimisi\u00f3n inmediata de la alcaldesa y del teniente de alcalde de Carre\u00f1o por falsificaci\u00f3n de facturas"},"content":{"rendered":"<p><img fetchpriority=\"high\" decoding=\"async\" class=\"alignleft size-medium wp-image-103377\" src=\"https:\/\/candas365.es\/noticias\/wp-content\/uploads\/2018\/08\/david-gonzalez-medina-360x251.jpg\" alt=\"\" width=\"360\" height=\"251\" srcset=\"https:\/\/candas365.es\/noticias\/wp-content\/uploads\/2018\/08\/david-gonzalez-medina-360x251.jpg 360w, https:\/\/candas365.es\/noticias\/wp-content\/uploads\/2018\/08\/david-gonzalez-medina-100x70.jpg 100w, https:\/\/candas365.es\/noticias\/wp-content\/uploads\/2018\/08\/david-gonzalez-medina.jpg 429w\" sizes=\"(max-width: 360px) 100vw, 360px\" \/>El vicesecretario de Organizaci\u00f3n del Partido Popular (PP), David Gonz\u00e1lez Medina, exigi\u00f3 este mi\u00e9rcoles en rueda de prensa la dimisi\u00f3n inmediata de la alcaldesa de Carre\u00f1o, Amelia Fern\u00e1ndez y del teniente de alcalde del municipio, por inflar y falsificar facturas para pagar las deudas a sus proveedores. Adem\u00e1s, critic\u00f3 la posici\u00f3n del ex teniente de alcalde del Ayuntamiento de Pravia, Diego Cuervo, por pretender volver a sus funciones de concejal despu\u00e9s de haber causado la muerte de un octogenario el a\u00f1o pasado.<\/p>\n<p>En este sentido Gonz\u00e1lez asegur\u00f3 que resulta demasiado \u201cincre\u00edble\u201d que estos funcionarios implicados en terribles casos de corrupci\u00f3n no hayan dimitido ya.<\/p>\n<p>\u201cEstamos hablando del socialismo m\u00e1s viejo, m\u00e1s carca, m\u00e1s rancio y m\u00e1s hip\u00f3crita que hemos tenido. Nosotros desde el Partido Popular de Asturias nos preguntamos: \u00bfQu\u00e9 estar\u00eda diciendo el partido socialista del Partido Popular si fu\u00e9semos responsables de casos como los conocidos en Carre\u00f1o o en Pravia? Nada m\u00e1s en Carre\u00f1o ya deber\u00eda haber dimitido su teniente de alcalde y su alcaldesa. Lo debieron hacer desde el momento en que se conoci\u00f3 una grabaci\u00f3n en la que el teniente de alcalde le dec\u00eda a una proveedora que inflara y falsificara facturas, una proveedora a la que le deben dinero y se lo pretenden pagar inflando y falsificando facturas.\u201d, afirm\u00f3 el vicesecretario de Organizaci\u00f3n del Partido Popular.<\/p>\n<p>Igualmente recalc\u00f3 que la nueva Federaci\u00f3n Socialista Asturiana (FSA) debe exigir la renuncia de los representantes de Carre\u00f1o por sus pr\u00e1cticas corruptas y por intentar solventar sus deudas a trav\u00e9s de la falsificaci\u00f3n.<\/p>\n<p>\u201cEn esta grabaci\u00f3n el teniente de alcalde reconoce que la alcaldesa es conocedora de esta estrategia y que la alcaldesa es conocedora de esta petici\u00f3n. \u00bfQu\u00e9 opina Adri\u00e1n Barb\u00f3n de todo esto? \u00bfQu\u00e9 opina la nueva Federaci\u00f3n Socialista Asturiana, que iba a traer una regeneraci\u00f3n pol\u00edtica a Asturias sobre lo que sucede en Carre\u00f1o? Deber\u00edan exigir la dimisi\u00f3n inmediata de la alcaldesa de Carre\u00f1o y de su teniente de alcalde por pr\u00e1cticas corruptas y por pretender falsificar facturas para justificar deudas que tienen pendientes con los proveedores\u201d, reiter\u00f3 el representante del PP.<\/p>\n<p>Por otra parte, Gonz\u00e1lez Medina consider\u00f3 a\u00fan m\u00e1s grave que en el Ayuntamiento de Pravia se le permita volver a sus funciones de concejal a Diego Cuervo, despu\u00e9s de haber causado el a\u00f1o pasado la muerte de un anciano por conducir bajo los efectos del alcohol.<\/p>\n<p>\u201cPero es que igual de grave o m\u00e1s, es el caso que hemos conocido en Pravia donde un concejal de gobierno liberado, que se ha visto inmerso hace ya un a\u00f1o en un grav\u00edsimo accidente de tr\u00e1fico en el que dio positivo por alcoholemia causando la muerte del otro conductor, pretende volver al consistorio tras un a\u00f1o de baja, pretende volver a sus funciones como concejal y el alcalde lo apoya. Es absolutamente incre\u00edble que esa persona no haya dimitido ya. \u00bfQu\u00e9 estar\u00edan diciendo los socialistas asturianos si ese concejal fuese del Partido Popular?\u201d, puntualiz\u00f3.<\/p>\n<p>Finalmente indic\u00f3 que los actuales dirigentes socialistas no s\u00f3lo han mantenido las viejas costumbres del socialismo, sino que las han empeorado.<\/p>\n<p>\u201cUna de las grandes se\u00f1as de identidad que vend\u00edan a \u2018bombo y platillo\u2019 los nuevos dirigentes del partido socialista, era un nuevo manual de estilo socialista, el cual, superar\u00eda viejas costumbres que ten\u00eda el antiguo socialismo. A lo largo de los \u00faltimos meses pudimos ver, tanto a nivel nacional como a nivel auton\u00f3mico, como estos nuevos dirigentes socialistas no s\u00f3lo mantienen las costumbres antiguas, sino que adem\u00e1s las empeoran\u201d, concluy\u00f3 el vicesecretario del PP.<\/p>\n<p>Soraya A.P<\/p>\n","protected":false},"excerpt":{"rendered":"<p>El vicesecretario de Organizaci\u00f3n del Partido Popular (PP), David Gonz\u00e1lez Medina, exigi\u00f3 este mi\u00e9rcoles en rueda de prensa la dimisi\u00f3n inmediata de la alcaldesa de Carre\u00f1o, Amelia Fern\u00e1ndez y del teniente de alcalde del municipio, por inflar y falsificar facturas para pagar las deudas a sus proveedores. Adem\u00e1s, critic\u00f3 la posici\u00f3n del ex teniente de<\/p>\n","protected":false},"author":1,"featured_media":103377,"comment_status":"closed","ping_status":"closed","sticky":false,"template":"","format":"standard","meta":{"footnotes":""},"categories":[2],"tags":[],"class_list":{"0":"post-103372","1":"post","2":"type-post","3":"status-publish","4":"format-standard","5":"has-post-thumbnail","7":"category-noticias-carreno"},"aioseo_notices":[],"aioseo_head":"\n\t\t<!-- All in One SEO Pro 4.9.6.2 - aioseo.com -->\n\t<meta name=\"description\" content=\"El vicesecretario de Organizaci\u00f3n del Partido Popular (PP), David Gonz\u00e1lez Medina, exigi\u00f3 este mi\u00e9rcoles en rueda de prensa la dimisi\u00f3n inmediata de la alcaldesa de Carre\u00f1o, Amelia Fern\u00e1ndez y del teniente de alcalde del municipio, por inflar y falsificar facturas para pagar las deudas a sus proveedores. Adem\u00e1s, critic\u00f3 la posici\u00f3n del ex teniente de\" \/>\n\t<meta name=\"robots\" content=\"max-image-preview:large\" \/>\n\t<meta name=\"author\" content=\"Cand\u00e1s 365\"\/>\n\t<meta name=\"google-site-verification\" content=\"UA-32230408-1\" \/>\n\t<meta name=\"msvalidate.01\" content=\"354F3CDFB2DA171B47FBE9ABF1F88D5\" \/>\n\t<meta name=\"keywords\" content=\"noticias carre\u00f1o\" \/>\n\t<link rel=\"canonical\" href=\"https:\/\/candas365.es\/noticias\/el-pp-exige-dimision-inmediata-de-la-alcaldesa-y-del-teniente-de-alcalde-de-carreno-por-falsificacion-de-facturas\/\" \/>\n\t<meta name=\"generator\" content=\"All in One SEO Pro (AIOSEO) 4.9.6.2\" \/>\n\t\t<meta property=\"og:locale\" content=\"es_ES\" \/>\n\t\t<meta property=\"og:site_name\" content=\"Cand\u00e1s 365\" \/>\n\t\t<meta property=\"og:type\" content=\"article\" \/>\n\t\t<meta property=\"og:title\" content=\"El PP exige dimisi\u00f3n inmediata de la alcaldesa y del teniente de alcalde de Carre\u00f1o por falsificaci\u00f3n de facturas | Cand\u00e1s 365\" \/>\n\t\t<meta property=\"og:description\" content=\"El vicesecretario de Organizaci\u00f3n del Partido Popular (PP), David Gonz\u00e1lez Medina, exigi\u00f3 este mi\u00e9rcoles en rueda de prensa la dimisi\u00f3n inmediata de la alcaldesa de Carre\u00f1o, Amelia Fern\u00e1ndez y del teniente de alcalde del municipio, por inflar y falsificar facturas para pagar las deudas a sus proveedores. Adem\u00e1s, critic\u00f3 la posici\u00f3n del ex teniente de\" \/>\n\t\t<meta property=\"og:url\" content=\"https:\/\/candas365.es\/noticias\/el-pp-exige-dimision-inmediata-de-la-alcaldesa-y-del-teniente-de-alcalde-de-carreno-por-falsificacion-de-facturas\/\" \/>\n\t\t<meta property=\"og:image\" content=\"https:\/\/candas365.es\/noticias\/wp-content\/uploads\/2018\/08\/david-gonzalez-medina.jpg\" \/>\n\t\t<meta property=\"og:image:secure_url\" content=\"https:\/\/candas365.es\/noticias\/wp-content\/uploads\/2018\/08\/david-gonzalez-medina.jpg\" \/>\n\t\t<meta property=\"og:image:width\" content=\"429\" \/>\n\t\t<meta property=\"og:image:height\" content=\"299\" \/>\n\t\t<meta property=\"article:published_time\" content=\"2018-08-22T10:58:31+00:00\" \/>\n\t\t<meta property=\"article:modified_time\" content=\"2018-08-22T11:01:20+00:00\" \/>\n\t\t<meta property=\"article:publisher\" content=\"https:\/\/www.facebook.com\/Nachofdezber\" \/>\n\t\t<meta property=\"article:author\" content=\"https:\/\/www.facebook.com\/carrenoactualidad\" \/>\n\t\t<meta name=\"twitter:card\" content=\"summary_large_image\" \/>\n\t\t<meta name=\"twitter:site\" content=\"@NabercoDigital\" \/>\n\t\t<meta name=\"twitter:title\" content=\"El PP exige dimisi\u00f3n inmediata de la alcaldesa y del teniente de alcalde de Carre\u00f1o por falsificaci\u00f3n de facturas | Cand\u00e1s 365\" \/>\n\t\t<meta name=\"twitter:description\" content=\"El vicesecretario de Organizaci\u00f3n del Partido Popular (PP), David Gonz\u00e1lez Medina, exigi\u00f3 este mi\u00e9rcoles en rueda de prensa la dimisi\u00f3n inmediata de la alcaldesa de Carre\u00f1o, Amelia Fern\u00e1ndez y del teniente de alcalde del municipio, por inflar y falsificar facturas para pagar las deudas a sus proveedores. Adem\u00e1s, critic\u00f3 la posici\u00f3n del ex teniente de\" \/>\n\t\t<meta name=\"twitter:creator\" content=\"@nbasturias\" \/>\n\t\t<meta name=\"twitter:image\" content=\"https:\/\/candas365.es\/noticias\/wp-content\/uploads\/2018\/08\/david-gonzalez-medina.jpg\" \/>\n\t\t<meta name=\"twitter:label1\" content=\"Escrito por\" \/>\n\t\t<meta name=\"twitter:data1\" content=\"Cand\u00e1s 365\" \/>\n\t\t<meta name=\"twitter:label2\" content=\"Tiempo de lectura estimado\" \/>\n\t\t<meta name=\"twitter:data2\" content=\"3 minutos\" \/>\n\t\t<script type=\"application\/ld+json\" class=\"aioseo-schema\">\n\t\t\t{\"@context\":\"https:\\\/\\\/schema.org\",\"@graph\":[{\"@type\":\"BreadcrumbList\",\"@id\":\"https:\\\/\\\/candas365.es\\\/noticias\\\/el-pp-exige-dimision-inmediata-de-la-alcaldesa-y-del-teniente-de-alcalde-de-carreno-por-falsificacion-de-facturas\\\/#breadcrumblist\",\"itemListElement\":[{\"@type\":\"ListItem\",\"@id\":\"https:\\\/\\\/candas365.es\\\/noticias#listItem\",\"position\":1,\"name\":\"Home\",\"item\":\"https:\\\/\\\/candas365.es\\\/noticias\",\"nextItem\":{\"@type\":\"ListItem\",\"@id\":\"https:\\\/\\\/candas365.es\\\/noticias\\\/category\\\/noticias-carreno\\\/#listItem\",\"name\":\"Noticias Carre\\u00f1o\"}},{\"@type\":\"ListItem\",\"@id\":\"https:\\\/\\\/candas365.es\\\/noticias\\\/category\\\/noticias-carreno\\\/#listItem\",\"position\":2,\"name\":\"Noticias Carre\\u00f1o\",\"item\":\"https:\\\/\\\/candas365.es\\\/noticias\\\/category\\\/noticias-carreno\\\/\",\"nextItem\":{\"@type\":\"ListItem\",\"@id\":\"https:\\\/\\\/candas365.es\\\/noticias\\\/el-pp-exige-dimision-inmediata-de-la-alcaldesa-y-del-teniente-de-alcalde-de-carreno-por-falsificacion-de-facturas\\\/#listItem\",\"name\":\"El PP exige dimisi\\u00f3n inmediata de la alcaldesa y del teniente de alcalde de Carre\\u00f1o por falsificaci\\u00f3n de facturas\"},\"previousItem\":{\"@type\":\"ListItem\",\"@id\":\"https:\\\/\\\/candas365.es\\\/noticias#listItem\",\"name\":\"Home\"}},{\"@type\":\"ListItem\",\"@id\":\"https:\\\/\\\/candas365.es\\\/noticias\\\/el-pp-exige-dimision-inmediata-de-la-alcaldesa-y-del-teniente-de-alcalde-de-carreno-por-falsificacion-de-facturas\\\/#listItem\",\"position\":3,\"name\":\"El PP exige dimisi\\u00f3n inmediata de la alcaldesa y del teniente de alcalde de Carre\\u00f1o por falsificaci\\u00f3n de facturas\",\"previousItem\":{\"@type\":\"ListItem\",\"@id\":\"https:\\\/\\\/candas365.es\\\/noticias\\\/category\\\/noticias-carreno\\\/#listItem\",\"name\":\"Noticias Carre\\u00f1o\"}}]},{\"@type\":\"NewsArticle\",\"@id\":\"https:\\\/\\\/candas365.es\\\/noticias\\\/el-pp-exige-dimision-inmediata-de-la-alcaldesa-y-del-teniente-de-alcalde-de-carreno-por-falsificacion-de-facturas\\\/#newsarticle\",\"name\":\"El PP exige dimisi\\u00f3n inmediata de la alcaldesa y del teniente de alcalde de Carre\\u00f1o por falsificaci\\u00f3n de facturas | Cand\\u00e1s 365\",\"headline\":\"El PP exige dimisi\\u00f3n inmediata de la alcaldesa y del teniente de alcalde de Carre\\u00f1o por falsificaci\\u00f3n de facturas\",\"author\":{\"@id\":\"https:\\\/\\\/candas365.es\\\/noticias\\\/author\\\/admin\\\/#author\"},\"publisher\":{\"@id\":\"https:\\\/\\\/candas365.es\\\/noticias\\\/#organization\"},\"image\":{\"@type\":\"ImageObject\",\"url\":\"https:\\\/\\\/candas365.es\\\/noticias\\\/wp-content\\\/uploads\\\/2018\\\/08\\\/david-gonzalez-medina.jpg\",\"width\":429,\"height\":299},\"datePublished\":\"2018-08-22T10:58:31+02:00\",\"dateModified\":\"2018-08-22T11:01:20+02:00\",\"inLanguage\":\"es-ES\",\"mainEntityOfPage\":{\"@id\":\"https:\\\/\\\/candas365.es\\\/noticias\\\/el-pp-exige-dimision-inmediata-de-la-alcaldesa-y-del-teniente-de-alcalde-de-carreno-por-falsificacion-de-facturas\\\/#webpage\"},\"isPartOf\":{\"@id\":\"https:\\\/\\\/candas365.es\\\/noticias\\\/el-pp-exige-dimision-inmediata-de-la-alcaldesa-y-del-teniente-de-alcalde-de-carreno-por-falsificacion-de-facturas\\\/#webpage\"},\"articleSection\":\"Noticias Carre\\u00f1o\",\"dateline\":\"Publicado el agosto 22, 2018.\"},{\"@type\":\"Organization\",\"@id\":\"https:\\\/\\\/candas365.es\\\/noticias\\\/#organization\",\"name\":\"Cand\\u00e1s 365\",\"description\":\"Cand\\u00e1s 365 es un diario digital independiente, fundado en 2012, con base en Asturias. Informamos con rigor sobre actualidad, sociedad, cultura y ocio, con una mirada local y global.\",\"url\":\"https:\\\/\\\/candas365.es\\\/noticias\\\/\",\"email\":\"info@candas365.es\",\"telephone\":\"+34652131393\",\"foundingDate\":\"2012-06-10\",\"logo\":{\"@type\":\"ImageObject\",\"url\":\"https:\\\/\\\/candas365.es\\\/noticias\\\/wp-content\\\/uploads\\\/2024\\\/09\\\/Candas-365-Redes.jpg\",\"@id\":\"https:\\\/\\\/candas365.es\\\/noticias\\\/el-pp-exige-dimision-inmediata-de-la-alcaldesa-y-del-teniente-de-alcalde-de-carreno-por-falsificacion-de-facturas\\\/#organizationLogo\",\"width\":1152,\"height\":864,\"caption\":\"Cand\\u00e1s 365 Redes\"},\"image\":{\"@id\":\"https:\\\/\\\/candas365.es\\\/noticias\\\/el-pp-exige-dimision-inmediata-de-la-alcaldesa-y-del-teniente-de-alcalde-de-carreno-por-falsificacion-de-facturas\\\/#organizationLogo\"},\"sameAs\":[\"https:\\\/\\\/www.facebook.com\\\/Nachofdezber\",\"https:\\\/\\\/x.com\\\/NabercoDigital\",\"https:\\\/\\\/www.instagram.com\\\/nachofdezber\\\/\",\"https:\\\/\\\/www.youtube.com\\\/channel\\\/UCZP-2wLEB9Rv6erhFmqVnvg\"],\"address\":{\"@id\":\"https:\\\/\\\/candas365.es\\\/noticias\\\/#postaladdress\",\"@type\":\"PostalAddress\",\"streetAddress\":\"san antonio 4, san antonio 4\",\"postalCode\":\"33430\",\"addressLocality\":\"Cand\\u00e1s\",\"addressRegion\":\"Asturias\",\"addressCountry\":\"ES\"}},{\"@type\":\"Person\",\"@id\":\"https:\\\/\\\/candas365.es\\\/noticias\\\/author\\\/admin\\\/#author\",\"url\":\"https:\\\/\\\/candas365.es\\\/noticias\\\/author\\\/admin\\\/\",\"name\":\"Cand\\u00e1s 365\",\"image\":{\"@type\":\"ImageObject\",\"@id\":\"https:\\\/\\\/candas365.es\\\/noticias\\\/el-pp-exige-dimision-inmediata-de-la-alcaldesa-y-del-teniente-de-alcalde-de-carreno-por-falsificacion-de-facturas\\\/#authorImage\",\"url\":\"https:\\\/\\\/secure.gravatar.com\\\/avatar\\\/496a8e03d0c493ede1718b7934145dbdf8d89be1036b0eec9544e1094c9de390?s=96&d=mm&r=g\",\"width\":96,\"height\":96,\"caption\":\"Cand\\u00e1s 365\"},\"sameAs\":[\"https:\\\/\\\/www.facebook.com\\\/carrenoactualidad\",\"https:\\\/\\\/twitter.com\\\/nbasturias\",\"https:\\\/\\\/www.instagram.com\\\/nachofdezber\\\/\",\"https:\\\/\\\/www.youtube.com\\\/channel\\\/UCZP-2wLEB9Rv6erhFmqVnvg\"]},{\"@type\":\"WebPage\",\"@id\":\"https:\\\/\\\/candas365.es\\\/noticias\\\/el-pp-exige-dimision-inmediata-de-la-alcaldesa-y-del-teniente-de-alcalde-de-carreno-por-falsificacion-de-facturas\\\/#webpage\",\"url\":\"https:\\\/\\\/candas365.es\\\/noticias\\\/el-pp-exige-dimision-inmediata-de-la-alcaldesa-y-del-teniente-de-alcalde-de-carreno-por-falsificacion-de-facturas\\\/\",\"name\":\"El PP exige dimisi\\u00f3n inmediata de la alcaldesa y del teniente de alcalde de Carre\\u00f1o por falsificaci\\u00f3n de facturas | Cand\\u00e1s 365\",\"description\":\"El vicesecretario de Organizaci\\u00f3n del Partido Popular (PP), David Gonz\\u00e1lez Medina, exigi\\u00f3 este mi\\u00e9rcoles en rueda de prensa la dimisi\\u00f3n inmediata de la alcaldesa de Carre\\u00f1o, Amelia Fern\\u00e1ndez y del teniente de alcalde del municipio, por inflar y falsificar facturas para pagar las deudas a sus proveedores. Adem\\u00e1s, critic\\u00f3 la posici\\u00f3n del ex teniente de\",\"inLanguage\":\"es-ES\",\"isPartOf\":{\"@id\":\"https:\\\/\\\/candas365.es\\\/noticias\\\/#website\"},\"breadcrumb\":{\"@id\":\"https:\\\/\\\/candas365.es\\\/noticias\\\/el-pp-exige-dimision-inmediata-de-la-alcaldesa-y-del-teniente-de-alcalde-de-carreno-por-falsificacion-de-facturas\\\/#breadcrumblist\"},\"author\":{\"@id\":\"https:\\\/\\\/candas365.es\\\/noticias\\\/author\\\/admin\\\/#author\"},\"creator\":{\"@id\":\"https:\\\/\\\/candas365.es\\\/noticias\\\/author\\\/admin\\\/#author\"},\"image\":{\"@type\":\"ImageObject\",\"url\":\"https:\\\/\\\/candas365.es\\\/noticias\\\/wp-content\\\/uploads\\\/2018\\\/08\\\/david-gonzalez-medina.jpg\",\"@id\":\"https:\\\/\\\/candas365.es\\\/noticias\\\/el-pp-exige-dimision-inmediata-de-la-alcaldesa-y-del-teniente-de-alcalde-de-carreno-por-falsificacion-de-facturas\\\/#mainImage\",\"width\":429,\"height\":299},\"primaryImageOfPage\":{\"@id\":\"https:\\\/\\\/candas365.es\\\/noticias\\\/el-pp-exige-dimision-inmediata-de-la-alcaldesa-y-del-teniente-de-alcalde-de-carreno-por-falsificacion-de-facturas\\\/#mainImage\"},\"datePublished\":\"2018-08-22T10:58:31+02:00\",\"dateModified\":\"2018-08-22T11:01:20+02:00\"},{\"@type\":\"WebSite\",\"@id\":\"https:\\\/\\\/candas365.es\\\/noticias\\\/#website\",\"url\":\"https:\\\/\\\/candas365.es\\\/noticias\\\/\",\"name\":\"Cand\\u00e1s 365\",\"alternateName\":\"Cand\\u00e1s 365 Noticias\",\"description\":\"Actualidad desde Carre\\u00f1o para el mundo\",\"inLanguage\":\"es-ES\",\"publisher\":{\"@id\":\"https:\\\/\\\/candas365.es\\\/noticias\\\/#organization\"}}]}\n\t\t<\/script>\n\t\t<!-- All in One SEO Pro -->\r\n\t\t<title>El PP exige dimisi\u00f3n inmediata de la alcaldesa y del teniente de alcalde de Carre\u00f1o por falsificaci\u00f3n de facturas | Cand\u00e1s 365<\/title>\n\n","aioseo_head_json":{"title":"El PP exige dimisi\u00f3n inmediata de la alcaldesa y del teniente de alcalde de Carre\u00f1o por falsificaci\u00f3n de facturas | Cand\u00e1s 365","description":"El vicesecretario de Organizaci\u00f3n del Partido Popular (PP), David Gonz\u00e1lez Medina, exigi\u00f3 este mi\u00e9rcoles en rueda de prensa la dimisi\u00f3n inmediata de la alcaldesa de Carre\u00f1o, Amelia Fern\u00e1ndez y del teniente de alcalde del municipio, por inflar y falsificar facturas para pagar las deudas a sus proveedores. Adem\u00e1s, critic\u00f3 la posici\u00f3n del ex teniente de","canonical_url":"https:\/\/candas365.es\/noticias\/el-pp-exige-dimision-inmediata-de-la-alcaldesa-y-del-teniente-de-alcalde-de-carreno-por-falsificacion-de-facturas\/","robots":"max-image-preview:large","keywords":"noticias carre\u00f1o","webmasterTools":{"google-site-verification":"UA-32230408-1","msvalidate.01":"354F3CDFB2DA171B47FBE9ABF1F88D5","miscellaneous":""},"schema":{"@context":"https:\/\/schema.org","@graph":[{"@type":"BreadcrumbList","@id":"https:\/\/candas365.es\/noticias\/el-pp-exige-dimision-inmediata-de-la-alcaldesa-y-del-teniente-de-alcalde-de-carreno-por-falsificacion-de-facturas\/#breadcrumblist","itemListElement":[{"@type":"ListItem","@id":"https:\/\/candas365.es\/noticias#listItem","position":1,"name":"Home","item":"https:\/\/candas365.es\/noticias","nextItem":{"@type":"ListItem","@id":"https:\/\/candas365.es\/noticias\/category\/noticias-carreno\/#listItem","name":"Noticias Carre\u00f1o"}},{"@type":"ListItem","@id":"https:\/\/candas365.es\/noticias\/category\/noticias-carreno\/#listItem","position":2,"name":"Noticias Carre\u00f1o","item":"https:\/\/candas365.es\/noticias\/category\/noticias-carreno\/","nextItem":{"@type":"ListItem","@id":"https:\/\/candas365.es\/noticias\/el-pp-exige-dimision-inmediata-de-la-alcaldesa-y-del-teniente-de-alcalde-de-carreno-por-falsificacion-de-facturas\/#listItem","name":"El PP exige dimisi\u00f3n inmediata de la alcaldesa y del teniente de alcalde de Carre\u00f1o por falsificaci\u00f3n de facturas"},"previousItem":{"@type":"ListItem","@id":"https:\/\/candas365.es\/noticias#listItem","name":"Home"}},{"@type":"ListItem","@id":"https:\/\/candas365.es\/noticias\/el-pp-exige-dimision-inmediata-de-la-alcaldesa-y-del-teniente-de-alcalde-de-carreno-por-falsificacion-de-facturas\/#listItem","position":3,"name":"El PP exige dimisi\u00f3n inmediata de la alcaldesa y del teniente de alcalde de Carre\u00f1o por falsificaci\u00f3n de facturas","previousItem":{"@type":"ListItem","@id":"https:\/\/candas365.es\/noticias\/category\/noticias-carreno\/#listItem","name":"Noticias Carre\u00f1o"}}]},{"@type":"NewsArticle","@id":"https:\/\/candas365.es\/noticias\/el-pp-exige-dimision-inmediata-de-la-alcaldesa-y-del-teniente-de-alcalde-de-carreno-por-falsificacion-de-facturas\/#newsarticle","name":"El PP exige dimisi\u00f3n inmediata de la alcaldesa y del teniente de alcalde de Carre\u00f1o por falsificaci\u00f3n de facturas | Cand\u00e1s 365","headline":"El PP exige dimisi\u00f3n inmediata de la alcaldesa y del teniente de alcalde de Carre\u00f1o por falsificaci\u00f3n de facturas","author":{"@id":"https:\/\/candas365.es\/noticias\/author\/admin\/#author"},"publisher":{"@id":"https:\/\/candas365.es\/noticias\/#organization"},"image":{"@type":"ImageObject","url":"https:\/\/candas365.es\/noticias\/wp-content\/uploads\/2018\/08\/david-gonzalez-medina.jpg","width":429,"height":299},"datePublished":"2018-08-22T10:58:31+02:00","dateModified":"2018-08-22T11:01:20+02:00","inLanguage":"es-ES","mainEntityOfPage":{"@id":"https:\/\/candas365.es\/noticias\/el-pp-exige-dimision-inmediata-de-la-alcaldesa-y-del-teniente-de-alcalde-de-carreno-por-falsificacion-de-facturas\/#webpage"},"isPartOf":{"@id":"https:\/\/candas365.es\/noticias\/el-pp-exige-dimision-inmediata-de-la-alcaldesa-y-del-teniente-de-alcalde-de-carreno-por-falsificacion-de-facturas\/#webpage"},"articleSection":"Noticias Carre\u00f1o","dateline":"Publicado el agosto 22, 2018."},{"@type":"Organization","@id":"https:\/\/candas365.es\/noticias\/#organization","name":"Cand\u00e1s 365","description":"Cand\u00e1s 365 es un diario digital independiente, fundado en 2012, con base en Asturias. Informamos con rigor sobre actualidad, sociedad, cultura y ocio, con una mirada local y global.","url":"https:\/\/candas365.es\/noticias\/","email":"info@candas365.es","telephone":"+34652131393","foundingDate":"2012-06-10","logo":{"@type":"ImageObject","url":"https:\/\/candas365.es\/noticias\/wp-content\/uploads\/2024\/09\/Candas-365-Redes.jpg","@id":"https:\/\/candas365.es\/noticias\/el-pp-exige-dimision-inmediata-de-la-alcaldesa-y-del-teniente-de-alcalde-de-carreno-por-falsificacion-de-facturas\/#organizationLogo","width":1152,"height":864,"caption":"Cand\u00e1s 365 Redes"},"image":{"@id":"https:\/\/candas365.es\/noticias\/el-pp-exige-dimision-inmediata-de-la-alcaldesa-y-del-teniente-de-alcalde-de-carreno-por-falsificacion-de-facturas\/#organizationLogo"},"sameAs":["https:\/\/www.facebook.com\/Nachofdezber","https:\/\/x.com\/NabercoDigital","https:\/\/www.instagram.com\/nachofdezber\/","https:\/\/www.youtube.com\/channel\/UCZP-2wLEB9Rv6erhFmqVnvg"],"address":{"@id":"https:\/\/candas365.es\/noticias\/#postaladdress","@type":"PostalAddress","streetAddress":"san antonio 4, san antonio 4","postalCode":"33430","addressLocality":"Cand\u00e1s","addressRegion":"Asturias","addressCountry":"ES"}},{"@type":"Person","@id":"https:\/\/candas365.es\/noticias\/author\/admin\/#author","url":"https:\/\/candas365.es\/noticias\/author\/admin\/","name":"Cand\u00e1s 365","image":{"@type":"ImageObject","@id":"https:\/\/candas365.es\/noticias\/el-pp-exige-dimision-inmediata-de-la-alcaldesa-y-del-teniente-de-alcalde-de-carreno-por-falsificacion-de-facturas\/#authorImage","url":"https:\/\/secure.gravatar.com\/avatar\/496a8e03d0c493ede1718b7934145dbdf8d89be1036b0eec9544e1094c9de390?s=96&d=mm&r=g","width":96,"height":96,"caption":"Cand\u00e1s 365"},"sameAs":["https:\/\/www.facebook.com\/carrenoactualidad","https:\/\/twitter.com\/nbasturias","https:\/\/www.instagram.com\/nachofdezber\/","https:\/\/www.youtube.com\/channel\/UCZP-2wLEB9Rv6erhFmqVnvg"]},{"@type":"WebPage","@id":"https:\/\/candas365.es\/noticias\/el-pp-exige-dimision-inmediata-de-la-alcaldesa-y-del-teniente-de-alcalde-de-carreno-por-falsificacion-de-facturas\/#webpage","url":"https:\/\/candas365.es\/noticias\/el-pp-exige-dimision-inmediata-de-la-alcaldesa-y-del-teniente-de-alcalde-de-carreno-por-falsificacion-de-facturas\/","name":"El PP exige dimisi\u00f3n inmediata de la alcaldesa y del teniente de alcalde de Carre\u00f1o por falsificaci\u00f3n de facturas | Cand\u00e1s 365","description":"El vicesecretario de Organizaci\u00f3n del Partido Popular (PP), David Gonz\u00e1lez Medina, exigi\u00f3 este mi\u00e9rcoles en rueda de prensa la dimisi\u00f3n inmediata de la alcaldesa de Carre\u00f1o, Amelia Fern\u00e1ndez y del teniente de alcalde del municipio, por inflar y falsificar facturas para pagar las deudas a sus proveedores. Adem\u00e1s, critic\u00f3 la posici\u00f3n del ex teniente de","inLanguage":"es-ES","isPartOf":{"@id":"https:\/\/candas365.es\/noticias\/#website"},"breadcrumb":{"@id":"https:\/\/candas365.es\/noticias\/el-pp-exige-dimision-inmediata-de-la-alcaldesa-y-del-teniente-de-alcalde-de-carreno-por-falsificacion-de-facturas\/#breadcrumblist"},"author":{"@id":"https:\/\/candas365.es\/noticias\/author\/admin\/#author"},"creator":{"@id":"https:\/\/candas365.es\/noticias\/author\/admin\/#author"},"image":{"@type":"ImageObject","url":"https:\/\/candas365.es\/noticias\/wp-content\/uploads\/2018\/08\/david-gonzalez-medina.jpg","@id":"https:\/\/candas365.es\/noticias\/el-pp-exige-dimision-inmediata-de-la-alcaldesa-y-del-teniente-de-alcalde-de-carreno-por-falsificacion-de-facturas\/#mainImage","width":429,"height":299},"primaryImageOfPage":{"@id":"https:\/\/candas365.es\/noticias\/el-pp-exige-dimision-inmediata-de-la-alcaldesa-y-del-teniente-de-alcalde-de-carreno-por-falsificacion-de-facturas\/#mainImage"},"datePublished":"2018-08-22T10:58:31+02:00","dateModified":"2018-08-22T11:01:20+02:00"},{"@type":"WebSite","@id":"https:\/\/candas365.es\/noticias\/#website","url":"https:\/\/candas365.es\/noticias\/","name":"Cand\u00e1s 365","alternateName":"Cand\u00e1s 365 Noticias","description":"Actualidad desde Carre\u00f1o para el mundo","inLanguage":"es-ES","publisher":{"@id":"https:\/\/candas365.es\/noticias\/#organization"}}]},"og:locale":"es_ES","og:site_name":"Cand\u00e1s 365","og:type":"article","og:title":"El PP exige dimisi\u00f3n inmediata de la alcaldesa y del teniente de alcalde de Carre\u00f1o por falsificaci\u00f3n de facturas | Cand\u00e1s 365","og:description":"El vicesecretario de Organizaci\u00f3n del Partido Popular (PP), David Gonz\u00e1lez Medina, exigi\u00f3 este mi\u00e9rcoles en rueda de prensa la dimisi\u00f3n inmediata de la alcaldesa de Carre\u00f1o, Amelia Fern\u00e1ndez y del teniente de alcalde del municipio, por inflar y falsificar facturas para pagar las deudas a sus proveedores. Adem\u00e1s, critic\u00f3 la posici\u00f3n del ex teniente de","og:url":"https:\/\/candas365.es\/noticias\/el-pp-exige-dimision-inmediata-de-la-alcaldesa-y-del-teniente-de-alcalde-de-carreno-por-falsificacion-de-facturas\/","og:image":"https:\/\/candas365.es\/noticias\/wp-content\/uploads\/2018\/08\/david-gonzalez-medina.jpg","og:image:secure_url":"https:\/\/candas365.es\/noticias\/wp-content\/uploads\/2018\/08\/david-gonzalez-medina.jpg","og:image:width":429,"og:image:height":299,"article:published_time":"2018-08-22T10:58:31+00:00","article:modified_time":"2018-08-22T11:01:20+00:00","article:publisher":"https:\/\/www.facebook.com\/Nachofdezber","article:author":"https:\/\/www.facebook.com\/carrenoactualidad","twitter:card":"summary_large_image","twitter:site":"@NabercoDigital","twitter:title":"El PP exige dimisi\u00f3n inmediata de la alcaldesa y del teniente de alcalde de Carre\u00f1o por falsificaci\u00f3n de facturas | Cand\u00e1s 365","twitter:description":"El vicesecretario de Organizaci\u00f3n del Partido Popular (PP), David Gonz\u00e1lez Medina, exigi\u00f3 este mi\u00e9rcoles en rueda de prensa la dimisi\u00f3n inmediata de la alcaldesa de Carre\u00f1o, Amelia Fern\u00e1ndez y del teniente de alcalde del municipio, por inflar y falsificar facturas para pagar las deudas a sus proveedores. Adem\u00e1s, critic\u00f3 la posici\u00f3n del ex teniente de","twitter:creator":"@nbasturias","twitter:image":"https:\/\/candas365.es\/noticias\/wp-content\/uploads\/2018\/08\/david-gonzalez-medina.jpg","twitter:label1":"Escrito por","twitter:data1":"Cand\u00e1s 365","twitter:label2":"Tiempo de lectura estimado","twitter:data2":"3 minutos"},"aioseo_meta_data":{"post_id":"103372","title":null,"description":null,"keywords":null,"keyphrases":null,"primary_term":null,"canonical_url":null,"og_title":null,"og_description":null,"og_object_type":"default","og_image_type":"default","og_image_url":null,"og_image_width":null,"og_image_height":null,"og_image_custom_url":null,"og_image_custom_fields":null,"og_video":null,"og_custom_url":null,"og_article_section":null,"og_article_tags":null,"twitter_use_og":false,"twitter_card":"default","twitter_image_type":"default","twitter_image_url":null,"twitter_image_custom_url":null,"twitter_image_custom_fields":null,"twitter_title":null,"twitter_description":null,"schema":{"blockGraphs":[],"customGraphs":[],"default":{"data":{"Article":[],"Course":[],"Dataset":[],"FAQPage":[],"Movie":[],"Person":[],"Product":[],"ProductReview":[],"Car":[],"Recipe":[],"Service":[],"SoftwareApplication":[],"WebPage":[]},"graphName":"","isEnabled":true},"graphs":[]},"schema_type":null,"schema_type_options":null,"pillar_content":false,"robots_default":true,"robots_noindex":false,"robots_noarchive":false,"robots_nosnippet":false,"robots_nofollow":false,"robots_noimageindex":false,"robots_noodp":false,"robots_notranslate":false,"robots_max_snippet":null,"robots_max_videopreview":null,"robots_max_imagepreview":"large","priority":null,"frequency":null,"location":null,"local_seo":null,"seo_analyzer_scan_date":"2025-08-27 16:41:55","breadcrumb_settings":null,"limit_modified_date":false,"reviewed_by":null,"open_ai":null,"ai":null,"created":"2020-12-21 11:46:42","updated":"2025-08-27 16:41:55"},"aioseo_breadcrumb":"<div class=\"aioseo-breadcrumbs\"><span class=\"aioseo-breadcrumb\">\n\t<a href=\"https:\/\/candas365.es\/noticias\" title=\"Home\">Home<\/a>\n<\/span><span class=\"aioseo-breadcrumb-separator\">&ndash;<\/span><span class=\"aioseo-breadcrumb\">\n\t<a href=\"https:\/\/candas365.es\/noticias\/category\/noticias-carreno\/\" title=\"Noticias Carre\u00f1o\">Noticias Carre\u00f1o<\/a>\n<\/span><span class=\"aioseo-breadcrumb-separator\">&ndash;<\/span><span class=\"aioseo-breadcrumb\">\n\tEl PP exige dimisi\u00f3n inmediata de la alcaldesa y del teniente de alcalde de Carre\u00f1o por falsificaci\u00f3n de facturas\n<\/span><\/div>","aioseo_breadcrumb_json":[{"label":"Home","link":"https:\/\/candas365.es\/noticias"},{"label":"Noticias Carre\u00f1o","link":"https:\/\/candas365.es\/noticias\/category\/noticias-carreno\/"},{"label":"El PP exige dimisi\u00f3n inmediata de la alcaldesa y del teniente de alcalde de Carre\u00f1o por falsificaci\u00f3n de facturas","link":"https:\/\/candas365.es\/noticias\/el-pp-exige-dimision-inmediata-de-la-alcaldesa-y-del-teniente-de-alcalde-de-carreno-por-falsificacion-de-facturas\/"}],"_links":{"self":[{"href":"https:\/\/candas365.es\/noticias\/wp-json\/wp\/v2\/posts\/103372","targetHints":{"allow":["GET"]}}],"collection":[{"href":"https:\/\/candas365.es\/noticias\/wp-json\/wp\/v2\/posts"}],"about":[{"href":"https:\/\/candas365.es\/noticias\/wp-json\/wp\/v2\/types\/post"}],"author":[{"embeddable":true,"href":"https:\/\/candas365.es\/noticias\/wp-json\/wp\/v2\/users\/1"}],"replies":[{"embeddable":true,"href":"https:\/\/candas365.es\/noticias\/wp-json\/wp\/v2\/comments?post=103372"}],"version-history":[{"count":0,"href":"https:\/\/candas365.es\/noticias\/wp-json\/wp\/v2\/posts\/103372\/revisions"}],"wp:featuredmedia":[{"embeddable":true,"href":"https:\/\/candas365.es\/noticias\/wp-json\/wp\/v2\/media\/103377"}],"wp:attachment":[{"href":"https:\/\/candas365.es\/noticias\/wp-json\/wp\/v2\/media?parent=103372"}],"wp:term":[{"taxonomy":"category","embeddable":true,"href":"https:\/\/candas365.es\/noticias\/wp-json\/wp\/v2\/categories?post=103372"},{"taxonomy":"post_tag","embeddable":true,"href":"https:\/\/candas365.es\/noticias\/wp-json\/wp\/v2\/tags?post=103372"}],"curies":[{"name":"wp","href":"https:\/\/api.w.org\/{rel}","templated":true}]}}