{"id":103324,"date":"2018-08-22T09:33:44","date_gmt":"2018-08-22T09:33:44","guid":{"rendered":"http:\/\/candas365.es\/noticias\/?p=103324"},"modified":"2018-08-22T09:33:44","modified_gmt":"2018-08-22T09:33:44","slug":"carreno-concede-ayudas-para-sufragar-gastos-de-educacion-de-las-familias-del-municipio","status":"publish","type":"post","link":"https:\/\/candas365.es\/noticias\/carreno-concede-ayudas-para-sufragar-gastos-de-educacion-de-las-familias-del-municipio\/","title":{"rendered":"Carre\u00f1o concede ayudas para sufragar gastos de educaci\u00f3n de las familias del municipio"},"content":{"rendered":"<p><img fetchpriority=\"high\" decoding=\"async\" class=\"alignleft size-medium wp-image-35840\" src=\"https:\/\/candas365.es\/noticias\/wp-content\/uploads\/2016\/11\/aulas-360x198.jpg\" alt=\"\" width=\"360\" height=\"198\" srcset=\"https:\/\/candas365.es\/noticias\/wp-content\/uploads\/2016\/11\/aulas-360x198.jpg 360w, https:\/\/candas365.es\/noticias\/wp-content\/uploads\/2016\/11\/aulas-650x357.jpg 650w, https:\/\/candas365.es\/noticias\/wp-content\/uploads\/2016\/11\/aulas-150x82.jpg 150w, https:\/\/candas365.es\/noticias\/wp-content\/uploads\/2016\/11\/aulas-450x247.jpg 450w, https:\/\/candas365.es\/noticias\/wp-content\/uploads\/2016\/11\/aulas.jpg 655w\" sizes=\"(max-width: 360px) 100vw, 360px\" \/>La alcaldesa de Carre\u00f1o, Amelia Fern\u00e1ndez, anunci\u00f3 este mi\u00e9rcoles mediante un comunicado de prensa que el pr\u00f3ximo viernes, 24 de agosto, ser\u00e1 el \u00faltimo d\u00eda en el que se podr\u00e1 solicitar las Ayudas Municipales a la Educaci\u00f3n para el pr\u00f3ximo curso escolar 2018-2019.<\/p>\n<p>En este sentido, la concejala de educaci\u00f3n Cecilia Tasc\u00f3n inform\u00f3 que el Ayuntamiento de Carre\u00f1o, ha solicitado las ayudas municipales con el prop\u00f3sito de sufragar los gastos derivados de la ense\u00f1anza infantil, bachillerato, m\u00f3dulos de grado medio o superior y transporte universitario.<\/p>\n<p>\u201cComo concejala responsable de las \u00e1reas de Educaci\u00f3n y Bienestar Social soy conocedora de la situaci\u00f3n por la que atraviesan familias del concejo, por lo que para el presente curso escolar la partida econ\u00f3mica destinada a ayudas a la educaci\u00f3n no ha sido minorada. Adem\u00e1s, como complemento a estas ayudas, desde la Concejal\u00eda para el presente curso, se ha convocado y aprobado, por segundo a\u00f1o, la l\u00ednea de ayudas de las Becas de Comedor para las personas que, cursando sus estudios en alguno de los centros de educaci\u00f3n infantil y primaria del Concejo, tambi\u00e9n est\u00e9n empadronadas en el municipio\u201d se\u00f1al\u00f3 Tasc\u00f3n.<\/p>\n<p>Asimismo, destac\u00f3 que podr\u00e1n optar a estas ayudas las personas que se encuentren empadronadas en el municipio y que est\u00e9n matriculadas en alguno de los niveles para los que son destinadas las mismas.<\/p>\n<p>El plazo de aplicaci\u00f3n a las ayudas ser\u00e1 hasta el 24 de agosto y se presentar\u00e1n en el impreso oficial junto con la documentaci\u00f3n necesaria en el Registro General del Ayuntamiento de Carre\u00f1o, ubicado en la calle Santolaya, 1-3 de Cand\u00e1s, en el siguiente horario: lunes, mi\u00e9rcoles, jueves y viernes desde las 9 a 14 horas y los martes desde las 9 a 14 horas y luego desde las 15 a 18:30 horas.<\/p>\n<p>Soraya A.P<\/p>\n","protected":false},"excerpt":{"rendered":"<p>La alcaldesa de Carre\u00f1o, Amelia Fern\u00e1ndez, anunci\u00f3 este mi\u00e9rcoles mediante un comunicado de prensa que el pr\u00f3ximo viernes, 24 de agosto, ser\u00e1 el \u00faltimo d\u00eda en el que se podr\u00e1 solicitar las Ayudas Municipales a la Educaci\u00f3n para el pr\u00f3ximo curso escolar 2018-2019. En este sentido, la concejala de educaci\u00f3n Cecilia Tasc\u00f3n inform\u00f3 que el<\/p>\n","protected":false},"author":1,"featured_media":35840,"comment_status":"closed","ping_status":"closed","sticky":false,"template":"","format":"standard","meta":{"footnotes":""},"categories":[2],"tags":[],"class_list":{"0":"post-103324","1":"post","2":"type-post","3":"status-publish","4":"format-standard","5":"has-post-thumbnail","7":"category-noticias-carreno"},"aioseo_notices":[],"aioseo_head":"\n\t\t<!-- All in One SEO Pro 4.9.6.2 - aioseo.com -->\n\t<meta name=\"description\" content=\"La alcaldesa de Carre\u00f1o, Amelia Fern\u00e1ndez, anunci\u00f3 este mi\u00e9rcoles mediante un comunicado de prensa que el pr\u00f3ximo viernes, 24 de agosto, ser\u00e1 el \u00faltimo d\u00eda en el que se podr\u00e1 solicitar las Ayudas Municipales a la Educaci\u00f3n para el pr\u00f3ximo curso escolar 2018-2019. En este sentido, la concejala de educaci\u00f3n Cecilia Tasc\u00f3n inform\u00f3 que el\" \/>\n\t<meta name=\"robots\" content=\"max-image-preview:large\" \/>\n\t<meta name=\"author\" content=\"Cand\u00e1s 365\"\/>\n\t<meta name=\"google-site-verification\" content=\"UA-32230408-1\" \/>\n\t<meta name=\"msvalidate.01\" content=\"354F3CDFB2DA171B47FBE9ABF1F88D5\" \/>\n\t<meta name=\"keywords\" content=\"noticias carre\u00f1o\" \/>\n\t<link rel=\"canonical\" href=\"https:\/\/candas365.es\/noticias\/carreno-concede-ayudas-para-sufragar-gastos-de-educacion-de-las-familias-del-municipio\/\" \/>\n\t<meta name=\"generator\" content=\"All in One SEO Pro (AIOSEO) 4.9.6.2\" \/>\n\t\t<meta property=\"og:locale\" content=\"es_ES\" \/>\n\t\t<meta property=\"og:site_name\" content=\"Cand\u00e1s 365\" \/>\n\t\t<meta property=\"og:type\" content=\"article\" \/>\n\t\t<meta property=\"og:title\" content=\"Carre\u00f1o concede ayudas para sufragar gastos de educaci\u00f3n de las familias del municipio | Cand\u00e1s 365\" \/>\n\t\t<meta property=\"og:description\" content=\"La alcaldesa de Carre\u00f1o, Amelia Fern\u00e1ndez, anunci\u00f3 este mi\u00e9rcoles mediante un comunicado de prensa que el pr\u00f3ximo viernes, 24 de agosto, ser\u00e1 el \u00faltimo d\u00eda en el que se podr\u00e1 solicitar las Ayudas Municipales a la Educaci\u00f3n para el pr\u00f3ximo curso escolar 2018-2019. En este sentido, la concejala de educaci\u00f3n Cecilia Tasc\u00f3n inform\u00f3 que el\" \/>\n\t\t<meta property=\"og:url\" content=\"https:\/\/candas365.es\/noticias\/carreno-concede-ayudas-para-sufragar-gastos-de-educacion-de-las-familias-del-municipio\/\" \/>\n\t\t<meta property=\"og:image\" content=\"https:\/\/candas365.es\/noticias\/wp-content\/uploads\/2016\/11\/aulas.jpg\" \/>\n\t\t<meta property=\"og:image:secure_url\" content=\"https:\/\/candas365.es\/noticias\/wp-content\/uploads\/2016\/11\/aulas.jpg\" \/>\n\t\t<meta property=\"og:image:width\" content=\"655\" \/>\n\t\t<meta property=\"og:image:height\" content=\"360\" \/>\n\t\t<meta property=\"article:published_time\" content=\"2018-08-22T09:33:44+00:00\" \/>\n\t\t<meta property=\"article:modified_time\" content=\"2018-08-22T09:33:44+00:00\" \/>\n\t\t<meta property=\"article:publisher\" content=\"https:\/\/www.facebook.com\/Nachofdezber\" \/>\n\t\t<meta property=\"article:author\" content=\"https:\/\/www.facebook.com\/carrenoactualidad\" \/>\n\t\t<meta name=\"twitter:card\" content=\"summary_large_image\" \/>\n\t\t<meta name=\"twitter:site\" content=\"@NabercoDigital\" \/>\n\t\t<meta name=\"twitter:title\" content=\"Carre\u00f1o concede ayudas para sufragar gastos de educaci\u00f3n de las familias del municipio | Cand\u00e1s 365\" \/>\n\t\t<meta name=\"twitter:description\" content=\"La alcaldesa de Carre\u00f1o, Amelia Fern\u00e1ndez, anunci\u00f3 este mi\u00e9rcoles mediante un comunicado de prensa que el pr\u00f3ximo viernes, 24 de agosto, ser\u00e1 el \u00faltimo d\u00eda en el que se podr\u00e1 solicitar las Ayudas Municipales a la Educaci\u00f3n para el pr\u00f3ximo curso escolar 2018-2019. En este sentido, la concejala de educaci\u00f3n Cecilia Tasc\u00f3n inform\u00f3 que el\" \/>\n\t\t<meta name=\"twitter:creator\" content=\"@nbasturias\" \/>\n\t\t<meta name=\"twitter:image\" content=\"https:\/\/candas365.es\/noticias\/wp-content\/uploads\/2016\/11\/aulas.jpg\" \/>\n\t\t<meta name=\"twitter:label1\" content=\"Escrito por\" \/>\n\t\t<meta name=\"twitter:data1\" content=\"Cand\u00e1s 365\" \/>\n\t\t<meta name=\"twitter:label2\" content=\"Tiempo de lectura estimado\" \/>\n\t\t<meta name=\"twitter:data2\" content=\"2 minutos\" \/>\n\t\t<script type=\"application\/ld+json\" class=\"aioseo-schema\">\n\t\t\t{\"@context\":\"https:\\\/\\\/schema.org\",\"@graph\":[{\"@type\":\"BreadcrumbList\",\"@id\":\"https:\\\/\\\/candas365.es\\\/noticias\\\/carreno-concede-ayudas-para-sufragar-gastos-de-educacion-de-las-familias-del-municipio\\\/#breadcrumblist\",\"itemListElement\":[{\"@type\":\"ListItem\",\"@id\":\"https:\\\/\\\/candas365.es\\\/noticias#listItem\",\"position\":1,\"name\":\"Home\",\"item\":\"https:\\\/\\\/candas365.es\\\/noticias\",\"nextItem\":{\"@type\":\"ListItem\",\"@id\":\"https:\\\/\\\/candas365.es\\\/noticias\\\/category\\\/noticias-carreno\\\/#listItem\",\"name\":\"Noticias Carre\\u00f1o\"}},{\"@type\":\"ListItem\",\"@id\":\"https:\\\/\\\/candas365.es\\\/noticias\\\/category\\\/noticias-carreno\\\/#listItem\",\"position\":2,\"name\":\"Noticias Carre\\u00f1o\",\"item\":\"https:\\\/\\\/candas365.es\\\/noticias\\\/category\\\/noticias-carreno\\\/\",\"nextItem\":{\"@type\":\"ListItem\",\"@id\":\"https:\\\/\\\/candas365.es\\\/noticias\\\/carreno-concede-ayudas-para-sufragar-gastos-de-educacion-de-las-familias-del-municipio\\\/#listItem\",\"name\":\"Carre\\u00f1o concede ayudas para sufragar gastos de educaci\\u00f3n de las familias del municipio\"},\"previousItem\":{\"@type\":\"ListItem\",\"@id\":\"https:\\\/\\\/candas365.es\\\/noticias#listItem\",\"name\":\"Home\"}},{\"@type\":\"ListItem\",\"@id\":\"https:\\\/\\\/candas365.es\\\/noticias\\\/carreno-concede-ayudas-para-sufragar-gastos-de-educacion-de-las-familias-del-municipio\\\/#listItem\",\"position\":3,\"name\":\"Carre\\u00f1o concede ayudas para sufragar gastos de educaci\\u00f3n de las familias del municipio\",\"previousItem\":{\"@type\":\"ListItem\",\"@id\":\"https:\\\/\\\/candas365.es\\\/noticias\\\/category\\\/noticias-carreno\\\/#listItem\",\"name\":\"Noticias Carre\\u00f1o\"}}]},{\"@type\":\"NewsArticle\",\"@id\":\"https:\\\/\\\/candas365.es\\\/noticias\\\/carreno-concede-ayudas-para-sufragar-gastos-de-educacion-de-las-familias-del-municipio\\\/#newsarticle\",\"name\":\"Carre\\u00f1o concede ayudas para sufragar gastos de educaci\\u00f3n de las familias del municipio | Cand\\u00e1s 365\",\"headline\":\"Carre\\u00f1o concede ayudas para sufragar gastos de educaci\\u00f3n de las familias del municipio\",\"author\":{\"@id\":\"https:\\\/\\\/candas365.es\\\/noticias\\\/author\\\/admin\\\/#author\"},\"publisher\":{\"@id\":\"https:\\\/\\\/candas365.es\\\/noticias\\\/#organization\"},\"image\":{\"@type\":\"ImageObject\",\"url\":\"https:\\\/\\\/candas365.es\\\/noticias\\\/wp-content\\\/uploads\\\/2016\\\/11\\\/aulas.jpg\",\"width\":655,\"height\":360},\"datePublished\":\"2018-08-22T09:33:44+02:00\",\"dateModified\":\"2018-08-22T09:33:44+02:00\",\"inLanguage\":\"es-ES\",\"mainEntityOfPage\":{\"@id\":\"https:\\\/\\\/candas365.es\\\/noticias\\\/carreno-concede-ayudas-para-sufragar-gastos-de-educacion-de-las-familias-del-municipio\\\/#webpage\"},\"isPartOf\":{\"@id\":\"https:\\\/\\\/candas365.es\\\/noticias\\\/carreno-concede-ayudas-para-sufragar-gastos-de-educacion-de-las-familias-del-municipio\\\/#webpage\"},\"articleSection\":\"Noticias Carre\\u00f1o\",\"dateline\":\"Publicado el agosto 22, 2018.\"},{\"@type\":\"Organization\",\"@id\":\"https:\\\/\\\/candas365.es\\\/noticias\\\/#organization\",\"name\":\"Cand\\u00e1s 365\",\"description\":\"Cand\\u00e1s 365 es un diario digital independiente, fundado en 2012, con base en Asturias. Informamos con rigor sobre actualidad, sociedad, cultura y ocio, con una mirada local y global.\",\"url\":\"https:\\\/\\\/candas365.es\\\/noticias\\\/\",\"email\":\"info@candas365.es\",\"telephone\":\"+34652131393\",\"foundingDate\":\"2012-06-10\",\"logo\":{\"@type\":\"ImageObject\",\"url\":\"https:\\\/\\\/candas365.es\\\/noticias\\\/wp-content\\\/uploads\\\/2024\\\/09\\\/Candas-365-Redes.jpg\",\"@id\":\"https:\\\/\\\/candas365.es\\\/noticias\\\/carreno-concede-ayudas-para-sufragar-gastos-de-educacion-de-las-familias-del-municipio\\\/#organizationLogo\",\"width\":1152,\"height\":864,\"caption\":\"Cand\\u00e1s 365 Redes\"},\"image\":{\"@id\":\"https:\\\/\\\/candas365.es\\\/noticias\\\/carreno-concede-ayudas-para-sufragar-gastos-de-educacion-de-las-familias-del-municipio\\\/#organizationLogo\"},\"sameAs\":[\"https:\\\/\\\/www.facebook.com\\\/Nachofdezber\",\"https:\\\/\\\/x.com\\\/NabercoDigital\",\"https:\\\/\\\/www.instagram.com\\\/nachofdezber\\\/\",\"https:\\\/\\\/www.youtube.com\\\/channel\\\/UCZP-2wLEB9Rv6erhFmqVnvg\"],\"address\":{\"@id\":\"https:\\\/\\\/candas365.es\\\/noticias\\\/#postaladdress\",\"@type\":\"PostalAddress\",\"streetAddress\":\"san antonio 4, san antonio 4\",\"postalCode\":\"33430\",\"addressLocality\":\"Cand\\u00e1s\",\"addressRegion\":\"Asturias\",\"addressCountry\":\"ES\"}},{\"@type\":\"Person\",\"@id\":\"https:\\\/\\\/candas365.es\\\/noticias\\\/author\\\/admin\\\/#author\",\"url\":\"https:\\\/\\\/candas365.es\\\/noticias\\\/author\\\/admin\\\/\",\"name\":\"Cand\\u00e1s 365\",\"image\":{\"@type\":\"ImageObject\",\"@id\":\"https:\\\/\\\/candas365.es\\\/noticias\\\/carreno-concede-ayudas-para-sufragar-gastos-de-educacion-de-las-familias-del-municipio\\\/#authorImage\",\"url\":\"https:\\\/\\\/secure.gravatar.com\\\/avatar\\\/496a8e03d0c493ede1718b7934145dbdf8d89be1036b0eec9544e1094c9de390?s=96&d=mm&r=g\",\"width\":96,\"height\":96,\"caption\":\"Cand\\u00e1s 365\"},\"sameAs\":[\"https:\\\/\\\/www.facebook.com\\\/carrenoactualidad\",\"https:\\\/\\\/twitter.com\\\/nbasturias\",\"https:\\\/\\\/www.instagram.com\\\/nachofdezber\\\/\",\"https:\\\/\\\/www.youtube.com\\\/channel\\\/UCZP-2wLEB9Rv6erhFmqVnvg\"]},{\"@type\":\"WebPage\",\"@id\":\"https:\\\/\\\/candas365.es\\\/noticias\\\/carreno-concede-ayudas-para-sufragar-gastos-de-educacion-de-las-familias-del-municipio\\\/#webpage\",\"url\":\"https:\\\/\\\/candas365.es\\\/noticias\\\/carreno-concede-ayudas-para-sufragar-gastos-de-educacion-de-las-familias-del-municipio\\\/\",\"name\":\"Carre\\u00f1o concede ayudas para sufragar gastos de educaci\\u00f3n de las familias del municipio | Cand\\u00e1s 365\",\"description\":\"La alcaldesa de Carre\\u00f1o, Amelia Fern\\u00e1ndez, anunci\\u00f3 este mi\\u00e9rcoles mediante un comunicado de prensa que el pr\\u00f3ximo viernes, 24 de agosto, ser\\u00e1 el \\u00faltimo d\\u00eda en el que se podr\\u00e1 solicitar las Ayudas Municipales a la Educaci\\u00f3n para el pr\\u00f3ximo curso escolar 2018-2019. En este sentido, la concejala de educaci\\u00f3n Cecilia Tasc\\u00f3n inform\\u00f3 que el\",\"inLanguage\":\"es-ES\",\"isPartOf\":{\"@id\":\"https:\\\/\\\/candas365.es\\\/noticias\\\/#website\"},\"breadcrumb\":{\"@id\":\"https:\\\/\\\/candas365.es\\\/noticias\\\/carreno-concede-ayudas-para-sufragar-gastos-de-educacion-de-las-familias-del-municipio\\\/#breadcrumblist\"},\"author\":{\"@id\":\"https:\\\/\\\/candas365.es\\\/noticias\\\/author\\\/admin\\\/#author\"},\"creator\":{\"@id\":\"https:\\\/\\\/candas365.es\\\/noticias\\\/author\\\/admin\\\/#author\"},\"image\":{\"@type\":\"ImageObject\",\"url\":\"https:\\\/\\\/candas365.es\\\/noticias\\\/wp-content\\\/uploads\\\/2016\\\/11\\\/aulas.jpg\",\"@id\":\"https:\\\/\\\/candas365.es\\\/noticias\\\/carreno-concede-ayudas-para-sufragar-gastos-de-educacion-de-las-familias-del-municipio\\\/#mainImage\",\"width\":655,\"height\":360},\"primaryImageOfPage\":{\"@id\":\"https:\\\/\\\/candas365.es\\\/noticias\\\/carreno-concede-ayudas-para-sufragar-gastos-de-educacion-de-las-familias-del-municipio\\\/#mainImage\"},\"datePublished\":\"2018-08-22T09:33:44+02:00\",\"dateModified\":\"2018-08-22T09:33:44+02:00\"},{\"@type\":\"WebSite\",\"@id\":\"https:\\\/\\\/candas365.es\\\/noticias\\\/#website\",\"url\":\"https:\\\/\\\/candas365.es\\\/noticias\\\/\",\"name\":\"Cand\\u00e1s 365\",\"alternateName\":\"Cand\\u00e1s 365 Noticias\",\"description\":\"Actualidad desde Carre\\u00f1o para el mundo\",\"inLanguage\":\"es-ES\",\"publisher\":{\"@id\":\"https:\\\/\\\/candas365.es\\\/noticias\\\/#organization\"}}]}\n\t\t<\/script>\n\t\t<!-- All in One SEO Pro -->\r\n\t\t<title>Carre\u00f1o concede ayudas para sufragar gastos de educaci\u00f3n de las familias del municipio | Cand\u00e1s 365<\/title>\n\n","aioseo_head_json":{"title":"Carre\u00f1o concede ayudas para sufragar gastos de educaci\u00f3n de las familias del municipio | Cand\u00e1s 365","description":"La alcaldesa de Carre\u00f1o, Amelia Fern\u00e1ndez, anunci\u00f3 este mi\u00e9rcoles mediante un comunicado de prensa que el pr\u00f3ximo viernes, 24 de agosto, ser\u00e1 el \u00faltimo d\u00eda en el que se podr\u00e1 solicitar las Ayudas Municipales a la Educaci\u00f3n para el pr\u00f3ximo curso escolar 2018-2019. En este sentido, la concejala de educaci\u00f3n Cecilia Tasc\u00f3n inform\u00f3 que el","canonical_url":"https:\/\/candas365.es\/noticias\/carreno-concede-ayudas-para-sufragar-gastos-de-educacion-de-las-familias-del-municipio\/","robots":"max-image-preview:large","keywords":"noticias carre\u00f1o","webmasterTools":{"google-site-verification":"UA-32230408-1","msvalidate.01":"354F3CDFB2DA171B47FBE9ABF1F88D5","miscellaneous":""},"schema":{"@context":"https:\/\/schema.org","@graph":[{"@type":"BreadcrumbList","@id":"https:\/\/candas365.es\/noticias\/carreno-concede-ayudas-para-sufragar-gastos-de-educacion-de-las-familias-del-municipio\/#breadcrumblist","itemListElement":[{"@type":"ListItem","@id":"https:\/\/candas365.es\/noticias#listItem","position":1,"name":"Home","item":"https:\/\/candas365.es\/noticias","nextItem":{"@type":"ListItem","@id":"https:\/\/candas365.es\/noticias\/category\/noticias-carreno\/#listItem","name":"Noticias Carre\u00f1o"}},{"@type":"ListItem","@id":"https:\/\/candas365.es\/noticias\/category\/noticias-carreno\/#listItem","position":2,"name":"Noticias Carre\u00f1o","item":"https:\/\/candas365.es\/noticias\/category\/noticias-carreno\/","nextItem":{"@type":"ListItem","@id":"https:\/\/candas365.es\/noticias\/carreno-concede-ayudas-para-sufragar-gastos-de-educacion-de-las-familias-del-municipio\/#listItem","name":"Carre\u00f1o concede ayudas para sufragar gastos de educaci\u00f3n de las familias del municipio"},"previousItem":{"@type":"ListItem","@id":"https:\/\/candas365.es\/noticias#listItem","name":"Home"}},{"@type":"ListItem","@id":"https:\/\/candas365.es\/noticias\/carreno-concede-ayudas-para-sufragar-gastos-de-educacion-de-las-familias-del-municipio\/#listItem","position":3,"name":"Carre\u00f1o concede ayudas para sufragar gastos de educaci\u00f3n de las familias del municipio","previousItem":{"@type":"ListItem","@id":"https:\/\/candas365.es\/noticias\/category\/noticias-carreno\/#listItem","name":"Noticias Carre\u00f1o"}}]},{"@type":"NewsArticle","@id":"https:\/\/candas365.es\/noticias\/carreno-concede-ayudas-para-sufragar-gastos-de-educacion-de-las-familias-del-municipio\/#newsarticle","name":"Carre\u00f1o concede ayudas para sufragar gastos de educaci\u00f3n de las familias del municipio | Cand\u00e1s 365","headline":"Carre\u00f1o concede ayudas para sufragar gastos de educaci\u00f3n de las familias del municipio","author":{"@id":"https:\/\/candas365.es\/noticias\/author\/admin\/#author"},"publisher":{"@id":"https:\/\/candas365.es\/noticias\/#organization"},"image":{"@type":"ImageObject","url":"https:\/\/candas365.es\/noticias\/wp-content\/uploads\/2016\/11\/aulas.jpg","width":655,"height":360},"datePublished":"2018-08-22T09:33:44+02:00","dateModified":"2018-08-22T09:33:44+02:00","inLanguage":"es-ES","mainEntityOfPage":{"@id":"https:\/\/candas365.es\/noticias\/carreno-concede-ayudas-para-sufragar-gastos-de-educacion-de-las-familias-del-municipio\/#webpage"},"isPartOf":{"@id":"https:\/\/candas365.es\/noticias\/carreno-concede-ayudas-para-sufragar-gastos-de-educacion-de-las-familias-del-municipio\/#webpage"},"articleSection":"Noticias Carre\u00f1o","dateline":"Publicado el agosto 22, 2018."},{"@type":"Organization","@id":"https:\/\/candas365.es\/noticias\/#organization","name":"Cand\u00e1s 365","description":"Cand\u00e1s 365 es un diario digital independiente, fundado en 2012, con base en Asturias. Informamos con rigor sobre actualidad, sociedad, cultura y ocio, con una mirada local y global.","url":"https:\/\/candas365.es\/noticias\/","email":"info@candas365.es","telephone":"+34652131393","foundingDate":"2012-06-10","logo":{"@type":"ImageObject","url":"https:\/\/candas365.es\/noticias\/wp-content\/uploads\/2024\/09\/Candas-365-Redes.jpg","@id":"https:\/\/candas365.es\/noticias\/carreno-concede-ayudas-para-sufragar-gastos-de-educacion-de-las-familias-del-municipio\/#organizationLogo","width":1152,"height":864,"caption":"Cand\u00e1s 365 Redes"},"image":{"@id":"https:\/\/candas365.es\/noticias\/carreno-concede-ayudas-para-sufragar-gastos-de-educacion-de-las-familias-del-municipio\/#organizationLogo"},"sameAs":["https:\/\/www.facebook.com\/Nachofdezber","https:\/\/x.com\/NabercoDigital","https:\/\/www.instagram.com\/nachofdezber\/","https:\/\/www.youtube.com\/channel\/UCZP-2wLEB9Rv6erhFmqVnvg"],"address":{"@id":"https:\/\/candas365.es\/noticias\/#postaladdress","@type":"PostalAddress","streetAddress":"san antonio 4, san antonio 4","postalCode":"33430","addressLocality":"Cand\u00e1s","addressRegion":"Asturias","addressCountry":"ES"}},{"@type":"Person","@id":"https:\/\/candas365.es\/noticias\/author\/admin\/#author","url":"https:\/\/candas365.es\/noticias\/author\/admin\/","name":"Cand\u00e1s 365","image":{"@type":"ImageObject","@id":"https:\/\/candas365.es\/noticias\/carreno-concede-ayudas-para-sufragar-gastos-de-educacion-de-las-familias-del-municipio\/#authorImage","url":"https:\/\/secure.gravatar.com\/avatar\/496a8e03d0c493ede1718b7934145dbdf8d89be1036b0eec9544e1094c9de390?s=96&d=mm&r=g","width":96,"height":96,"caption":"Cand\u00e1s 365"},"sameAs":["https:\/\/www.facebook.com\/carrenoactualidad","https:\/\/twitter.com\/nbasturias","https:\/\/www.instagram.com\/nachofdezber\/","https:\/\/www.youtube.com\/channel\/UCZP-2wLEB9Rv6erhFmqVnvg"]},{"@type":"WebPage","@id":"https:\/\/candas365.es\/noticias\/carreno-concede-ayudas-para-sufragar-gastos-de-educacion-de-las-familias-del-municipio\/#webpage","url":"https:\/\/candas365.es\/noticias\/carreno-concede-ayudas-para-sufragar-gastos-de-educacion-de-las-familias-del-municipio\/","name":"Carre\u00f1o concede ayudas para sufragar gastos de educaci\u00f3n de las familias del municipio | Cand\u00e1s 365","description":"La alcaldesa de Carre\u00f1o, Amelia Fern\u00e1ndez, anunci\u00f3 este mi\u00e9rcoles mediante un comunicado de prensa que el pr\u00f3ximo viernes, 24 de agosto, ser\u00e1 el \u00faltimo d\u00eda en el que se podr\u00e1 solicitar las Ayudas Municipales a la Educaci\u00f3n para el pr\u00f3ximo curso escolar 2018-2019. En este sentido, la concejala de educaci\u00f3n Cecilia Tasc\u00f3n inform\u00f3 que el","inLanguage":"es-ES","isPartOf":{"@id":"https:\/\/candas365.es\/noticias\/#website"},"breadcrumb":{"@id":"https:\/\/candas365.es\/noticias\/carreno-concede-ayudas-para-sufragar-gastos-de-educacion-de-las-familias-del-municipio\/#breadcrumblist"},"author":{"@id":"https:\/\/candas365.es\/noticias\/author\/admin\/#author"},"creator":{"@id":"https:\/\/candas365.es\/noticias\/author\/admin\/#author"},"image":{"@type":"ImageObject","url":"https:\/\/candas365.es\/noticias\/wp-content\/uploads\/2016\/11\/aulas.jpg","@id":"https:\/\/candas365.es\/noticias\/carreno-concede-ayudas-para-sufragar-gastos-de-educacion-de-las-familias-del-municipio\/#mainImage","width":655,"height":360},"primaryImageOfPage":{"@id":"https:\/\/candas365.es\/noticias\/carreno-concede-ayudas-para-sufragar-gastos-de-educacion-de-las-familias-del-municipio\/#mainImage"},"datePublished":"2018-08-22T09:33:44+02:00","dateModified":"2018-08-22T09:33:44+02:00"},{"@type":"WebSite","@id":"https:\/\/candas365.es\/noticias\/#website","url":"https:\/\/candas365.es\/noticias\/","name":"Cand\u00e1s 365","alternateName":"Cand\u00e1s 365 Noticias","description":"Actualidad desde Carre\u00f1o para el mundo","inLanguage":"es-ES","publisher":{"@id":"https:\/\/candas365.es\/noticias\/#organization"}}]},"og:locale":"es_ES","og:site_name":"Cand\u00e1s 365","og:type":"article","og:title":"Carre\u00f1o concede ayudas para sufragar gastos de educaci\u00f3n de las familias del municipio | Cand\u00e1s 365","og:description":"La alcaldesa de Carre\u00f1o, Amelia Fern\u00e1ndez, anunci\u00f3 este mi\u00e9rcoles mediante un comunicado de prensa que el pr\u00f3ximo viernes, 24 de agosto, ser\u00e1 el \u00faltimo d\u00eda en el que se podr\u00e1 solicitar las Ayudas Municipales a la Educaci\u00f3n para el pr\u00f3ximo curso escolar 2018-2019. En este sentido, la concejala de educaci\u00f3n Cecilia Tasc\u00f3n inform\u00f3 que el","og:url":"https:\/\/candas365.es\/noticias\/carreno-concede-ayudas-para-sufragar-gastos-de-educacion-de-las-familias-del-municipio\/","og:image":"https:\/\/candas365.es\/noticias\/wp-content\/uploads\/2016\/11\/aulas.jpg","og:image:secure_url":"https:\/\/candas365.es\/noticias\/wp-content\/uploads\/2016\/11\/aulas.jpg","og:image:width":655,"og:image:height":360,"article:published_time":"2018-08-22T09:33:44+00:00","article:modified_time":"2018-08-22T09:33:44+00:00","article:publisher":"https:\/\/www.facebook.com\/Nachofdezber","article:author":"https:\/\/www.facebook.com\/carrenoactualidad","twitter:card":"summary_large_image","twitter:site":"@NabercoDigital","twitter:title":"Carre\u00f1o concede ayudas para sufragar gastos de educaci\u00f3n de las familias del municipio | Cand\u00e1s 365","twitter:description":"La alcaldesa de Carre\u00f1o, Amelia Fern\u00e1ndez, anunci\u00f3 este mi\u00e9rcoles mediante un comunicado de prensa que el pr\u00f3ximo viernes, 24 de agosto, ser\u00e1 el \u00faltimo d\u00eda en el que se podr\u00e1 solicitar las Ayudas Municipales a la Educaci\u00f3n para el pr\u00f3ximo curso escolar 2018-2019. En este sentido, la concejala de educaci\u00f3n Cecilia Tasc\u00f3n inform\u00f3 que el","twitter:creator":"@nbasturias","twitter:image":"https:\/\/candas365.es\/noticias\/wp-content\/uploads\/2016\/11\/aulas.jpg","twitter:label1":"Escrito por","twitter:data1":"Cand\u00e1s 365","twitter:label2":"Tiempo de lectura estimado","twitter:data2":"2 minutos"},"aioseo_meta_data":{"post_id":"103324","title":null,"description":null,"keywords":null,"keyphrases":null,"primary_term":null,"canonical_url":null,"og_title":null,"og_description":null,"og_object_type":"default","og_image_type":"default","og_image_url":null,"og_image_width":null,"og_image_height":null,"og_image_custom_url":null,"og_image_custom_fields":null,"og_video":null,"og_custom_url":null,"og_article_section":null,"og_article_tags":null,"twitter_use_og":false,"twitter_card":"default","twitter_image_type":"default","twitter_image_url":null,"twitter_image_custom_url":null,"twitter_image_custom_fields":null,"twitter_title":null,"twitter_description":null,"schema":{"blockGraphs":[],"customGraphs":[],"default":{"data":{"Article":[],"Course":[],"Dataset":[],"FAQPage":[],"Movie":[],"Person":[],"Product":[],"ProductReview":[],"Car":[],"Recipe":[],"Service":[],"SoftwareApplication":[],"WebPage":[]},"graphName":"","isEnabled":true},"graphs":[],"defaultGraph":"","defaultPostTypeGraph":""},"schema_type":null,"schema_type_options":null,"pillar_content":false,"robots_default":true,"robots_noindex":false,"robots_noarchive":false,"robots_nosnippet":false,"robots_nofollow":false,"robots_noimageindex":false,"robots_noodp":false,"robots_notranslate":false,"robots_max_snippet":null,"robots_max_videopreview":null,"robots_max_imagepreview":"large","priority":null,"frequency":null,"location":null,"local_seo":null,"seo_analyzer_scan_date":"2025-08-27 16:36:13","breadcrumb_settings":null,"limit_modified_date":false,"reviewed_by":null,"open_ai":null,"ai":null,"created":"2020-12-21 11:46:47","updated":"2025-08-27 16:36:13"},"aioseo_breadcrumb":"<div class=\"aioseo-breadcrumbs\"><span class=\"aioseo-breadcrumb\">\n\t<a href=\"https:\/\/candas365.es\/noticias\" title=\"Home\">Home<\/a>\n<\/span><span class=\"aioseo-breadcrumb-separator\">&ndash;<\/span><span class=\"aioseo-breadcrumb\">\n\t<a href=\"https:\/\/candas365.es\/noticias\/category\/noticias-carreno\/\" title=\"Noticias Carre\u00f1o\">Noticias Carre\u00f1o<\/a>\n<\/span><span class=\"aioseo-breadcrumb-separator\">&ndash;<\/span><span class=\"aioseo-breadcrumb\">\n\tCarre\u00f1o concede ayudas para sufragar gastos de educaci\u00f3n de las familias del municipio\n<\/span><\/div>","aioseo_breadcrumb_json":[{"label":"Home","link":"https:\/\/candas365.es\/noticias"},{"label":"Noticias Carre\u00f1o","link":"https:\/\/candas365.es\/noticias\/category\/noticias-carreno\/"},{"label":"Carre\u00f1o concede ayudas para sufragar gastos de educaci\u00f3n de las familias del municipio","link":"https:\/\/candas365.es\/noticias\/carreno-concede-ayudas-para-sufragar-gastos-de-educacion-de-las-familias-del-municipio\/"}],"_links":{"self":[{"href":"https:\/\/candas365.es\/noticias\/wp-json\/wp\/v2\/posts\/103324","targetHints":{"allow":["GET"]}}],"collection":[{"href":"https:\/\/candas365.es\/noticias\/wp-json\/wp\/v2\/posts"}],"about":[{"href":"https:\/\/candas365.es\/noticias\/wp-json\/wp\/v2\/types\/post"}],"author":[{"embeddable":true,"href":"https:\/\/candas365.es\/noticias\/wp-json\/wp\/v2\/users\/1"}],"replies":[{"embeddable":true,"href":"https:\/\/candas365.es\/noticias\/wp-json\/wp\/v2\/comments?post=103324"}],"version-history":[{"count":0,"href":"https:\/\/candas365.es\/noticias\/wp-json\/wp\/v2\/posts\/103324\/revisions"}],"wp:featuredmedia":[{"embeddable":true,"href":"https:\/\/candas365.es\/noticias\/wp-json\/wp\/v2\/media\/35840"}],"wp:attachment":[{"href":"https:\/\/candas365.es\/noticias\/wp-json\/wp\/v2\/media?parent=103324"}],"wp:term":[{"taxonomy":"category","embeddable":true,"href":"https:\/\/candas365.es\/noticias\/wp-json\/wp\/v2\/categories?post=103324"},{"taxonomy":"post_tag","embeddable":true,"href":"https:\/\/candas365.es\/noticias\/wp-json\/wp\/v2\/tags?post=103324"}],"curies":[{"name":"wp","href":"https:\/\/api.w.org\/{rel}","templated":true}]}}