{"id":103268,"date":"2018-08-21T08:48:50","date_gmt":"2018-08-21T08:48:50","guid":{"rendered":"http:\/\/candas365.es\/noticias\/?p=103268"},"modified":"2018-08-21T08:48:50","modified_gmt":"2018-08-21T08:48:50","slug":"amelia-fernandez-apoyamos-con-firmeza-a-nuestro-portavoz","status":"publish","type":"post","link":"https:\/\/candas365.es\/noticias\/amelia-fernandez-apoyamos-con-firmeza-a-nuestro-portavoz\/","title":{"rendered":"Amelia Fern\u00e1ndez: \u00abApoyamos con firmeza a nuestro portavoz\u00bb"},"content":{"rendered":"<p><img fetchpriority=\"high\" decoding=\"async\" class=\"alignleft size-medium wp-image-6453\" src=\"https:\/\/candas365.es\/noticias\/wp-content\/uploads\/2015\/01\/ayuntamiento-360x270.jpg\" alt=\"\" width=\"360\" height=\"270\" srcset=\"https:\/\/candas365.es\/noticias\/wp-content\/uploads\/2015\/01\/ayuntamiento-360x270.jpg 360w, https:\/\/candas365.es\/noticias\/wp-content\/uploads\/2015\/01\/ayuntamiento-640x480.jpg 640w, https:\/\/candas365.es\/noticias\/wp-content\/uploads\/2015\/01\/ayuntamiento-768x576.jpg 768w, https:\/\/candas365.es\/noticias\/wp-content\/uploads\/2015\/01\/ayuntamiento-150x113.jpg 150w, https:\/\/candas365.es\/noticias\/wp-content\/uploads\/2015\/01\/ayuntamiento-450x338.jpg 450w, https:\/\/candas365.es\/noticias\/wp-content\/uploads\/2015\/01\/ayuntamiento-80x60.jpg 80w, https:\/\/candas365.es\/noticias\/wp-content\/uploads\/2015\/01\/ayuntamiento-265x198.jpg 265w, https:\/\/candas365.es\/noticias\/wp-content\/uploads\/2015\/01\/ayuntamiento-696x522.jpg 696w, https:\/\/candas365.es\/noticias\/wp-content\/uploads\/2015\/01\/ayuntamiento-560x420.jpg 560w, https:\/\/candas365.es\/noticias\/wp-content\/uploads\/2015\/01\/ayuntamiento-90x67.jpg 90w, https:\/\/candas365.es\/noticias\/wp-content\/uploads\/2015\/01\/ayuntamiento.jpg 800w\" sizes=\"(max-width: 360px) 100vw, 360px\" \/>La Alcaldesa convocar\u00e1 un pleno extraordinario para analizar el servicio de recogida y alojamiento de animales errantes<\/p>\n<p>\u00abEl gobierno local como es habitual dar\u00e1 cuenta de su gesti\u00f3n al pleno municipal. Lo haremos en un pleno extraordinario en el que no trataremos, en ning\u00fan caso, los intereses que manifiestan terceras personas ni mucho menos lo que \u00e9stas alardeen en sus conversaciones privadas. Desde el gobierno local de Carre\u00f1o creemos en la presunci\u00f3n de inocencia y apoyamos con firmeza a nuestro portavoz\u00bb, se\u00f1al\u00f3 Amelia Fern\u00e1ndez, Alcaldesa de Carre\u00f1o.<\/p>\n<p>\u00abConocido el incidente ocurrido con las conversaciones de cafeter\u00eda entre una proveedora y el portavoz municipal orden\u00e9 personalmente al \u00e1rea de intervenci\u00f3n y medioambiente revisar los expedientes de cada uno de los animales recogidos y sus correspondientes facturas\u00bb explic\u00f3 la Alcaldesa.<\/p>\n<p>\u00abAl coincidir con el periodo vacacional de los titulares de las \u00e1reas de intervenci\u00f3n, medio ambiente y secretaria se viene trabajando, desde hace d\u00edas, en los an\u00e1lisis preliminares de toda la documentaci\u00f3n. En cuanto se incorporen y emitan los informes correspondientes se celebrar\u00e1 el pleno extraordinario para explicar la realidad de los hechos\u00bb, a\u00f1adi\u00f3.<\/p>\n<p>La situaci\u00f3n del servicio que se ven\u00eda prestando, en qu\u00e9 forma y costes, era conocido por todos los grupos pol\u00edticos puesto que en 2016 se explic\u00f3 en la comisi\u00f3n de Hacienda ( la celebrada el 24.11.2016). El tema se sigui\u00f3 en las comisiones peri\u00f3dicas de Medioambiente y de Hacienda, en las que cada mes va la facturaci\u00f3n municipal para fiscalizaci\u00f3n por parte de los grupos de la oposici\u00f3n. As\u00ed mismo en el portal de transparencia de la web municipal se publican peri\u00f3dicamente.<\/p>\n<p>La ley vigente establece que los animales errantes que se recojan en un t\u00e9rmino municipal transcurridos 8 d\u00edas pasan a ser propiedad municipal. Por ello, el Ayuntamiento se hizo cargo con el protocolo fijado de recoger, mantener, albergar y revisar en cl\u00ednica veterinaria los perros.<\/p>\n<p>En 2016, despu\u00e9s de intentar sin \u00e9xito ( durante el primer a\u00f1o de legislatura) llegar acuerdos con Gij\u00f3n, para conveniar con el Ayuntamiento un posible uso compartido de su perrera y tras hablar, con varias protectoras, que por aquel entonces, no ten\u00edan espacios disponibles para darnos servicio, llegamos a un acuerdo con un precio por perro al d\u00eda de 6,65 \u20ac + IVA con una de las dos guarder\u00edas caninas existentes en el concejo. La otra existente declin\u00f3 prestar el servicio. Se fij\u00f3 un protocolo de recogida y atenci\u00f3n cl\u00ednica veterinaria que no creo que lo tenga otro ayuntamiento. Hay informe policial con la recogida del animal , informe veterinario de la cl\u00ednica del municipio por d\u00f3nde pasa para ser revisado y atendido si lo precisa, facturas de la guarder\u00eda de sus estancias y contrato de adopci\u00f3n si hay salida. El colegio de veterinarios examin\u00f3 e inform\u00f3 sobre el lugar donde el ayuntamiento los ten\u00eda recogidos y cada perro tiene un expediente propio.<\/p>\n<p>\u00abEn el 2016, hubo un perro abandonado y un a\u00f1o m\u00e1s tarde pasamos de 29 a 68 animales recogidos. El incremento es evidente que fue bestial, impropio de un concejo de nuestro tama\u00f1o y curiosamente coincide con la no aprobaci\u00f3n del proyecto de albergue canino previsto para Tam\u00f3n\u00bb, explic\u00f3 Amelia Fern\u00e1ndez.<\/p>\n<p>\u00abEn relaci\u00f3n al contrato de este servicio, para poder tramitarlo ten\u00edamos que tener una valoraci\u00f3n econ\u00f3mica previa del coste anual del servicio, que fue imprevisible. Adem\u00e1s de lo variable del precio anual del servicio hubo dificultades en el servicio de contrataci\u00f3n municipal, durante casi un a\u00f1o y consecuencia de ello, tuvimos que reforzar el servicio contratando una persona. Esta situaci\u00f3n que atravesaba el \u00e1rea de contrataci\u00f3n era conocida al detalle por la oposici\u00f3n, tambi\u00e9n se dio cuenta a la oposici\u00f3n en comisiones informativas, as\u00ed lo recogen las actas municipales. Finalmente se logr\u00f3 licitar el servicio de recogida y alojamiento de animales errantes este a\u00f1o\u00bb, a\u00f1adi\u00f3 la Alcaldesa.<\/p>\n<p>\u00abA d\u00eda de hoy, la licitaci\u00f3n del contrato de recogida y alojamiento de animales errantes qued\u00f3 desierta. Es un servicio que los Ayuntamientos estamos obligados a prestar y se ve que es m\u00e1s que complicado poder hacerlo al no contar con medios propios. Y otra dificultad a\u00f1adida es que la perrera comarcal tardar\u00e1 por lo menos a\u00f1o y medio, est\u00e1 en tr\u00e1mite y pendiente de que se pueda abrir el proceso de oferta de solares\u00bb, avanz\u00f3 Amelia Fern\u00e1ndez.<\/p>\n<p>Finalmente la Alcaldesa de Carre\u00f1o deja claro que \u00abla deuda con la guarder\u00eda era conocida por todos los grupos municipales puesto que hubo este a\u00f1o varias comisiones de Hacienda en las que explicamos \u00e9stas y otras facturas pendientes. Despu\u00e9s de varias comisiones se celebr\u00f3 el primer pleno en el que no se aprobaron. El resto de grupos municipales solicitaron un informe de la Secretaria municipal porque no les serv\u00eda (al resto de grupos de la oposici\u00f3n) el emitido por la interventora. A pesar de que se convoc\u00f3 otra comisi\u00f3n en la que volvimos hablar de las facturas y se aport\u00f3 el informe del secretario, lamentablemente en el pleno de Julio volvieron a votar, por segunda vez, en contra de su aprobaci\u00f3n. Tal y como explic\u00f3 la interventora, a todos los grupos pol\u00edticos, la aprobaci\u00f3n por el pleno del reconocimiento de las facturas que quedaron sin consignaci\u00f3n el a\u00f1o anterior es un mecanismo legal para evitar prejuicios a terceros, en este caso los proveedores que atendieron a una necesidad de servicio o suministro municipal. Tienen derecho a cobrar y desde el gobierno local lo propusimos reconocer extra \u2013judicialmente esos pagos. Propuesta informada favorablemente por la intervenci\u00f3n municipal. Y que formulamos con el \u00fanico \u00e1nimo de no causarles m\u00e1s prejuicio a los proveedores y que cobrar\u00e1n tras aprobarlo el Pleno, sin tener que ir al juzgado a reclamarlo. Hasta la fecha, no fue posible contar con el apoyo del resto de grupos para hacer frente a esos pagos\u201d.<\/p>\n","protected":false},"excerpt":{"rendered":"<p>La Alcaldesa convocar\u00e1 un pleno extraordinario para analizar el servicio de recogida y alojamiento de animales errantes \u00abEl gobierno local como es habitual dar\u00e1 cuenta de su gesti\u00f3n al pleno municipal. Lo haremos en un pleno extraordinario en el que no trataremos, en ning\u00fan caso, los intereses que manifiestan terceras personas ni mucho menos lo<\/p>\n","protected":false},"author":1,"featured_media":6453,"comment_status":"closed","ping_status":"closed","sticky":false,"template":"","format":"standard","meta":{"footnotes":""},"categories":[2],"tags":[],"class_list":{"0":"post-103268","1":"post","2":"type-post","3":"status-publish","4":"format-standard","5":"has-post-thumbnail","7":"category-noticias-carreno"},"aioseo_notices":[],"aioseo_head":"\n\t\t<!-- All in One SEO Pro 4.9.6.2 - aioseo.com -->\n\t<meta name=\"description\" content=\"La Alcaldesa convocar\u00e1 un pleno extraordinario para analizar el servicio de recogida y alojamiento de animales errantes &quot;El gobierno local como es habitual dar\u00e1 cuenta de su gesti\u00f3n al pleno municipal. Lo haremos en un pleno extraordinario en el que no trataremos, en ning\u00fan caso, los intereses que manifiestan terceras personas ni mucho menos lo\" \/>\n\t<meta name=\"robots\" content=\"max-image-preview:large\" \/>\n\t<meta name=\"author\" content=\"Cand\u00e1s 365\"\/>\n\t<meta name=\"google-site-verification\" content=\"UA-32230408-1\" \/>\n\t<meta name=\"msvalidate.01\" content=\"354F3CDFB2DA171B47FBE9ABF1F88D5\" \/>\n\t<meta name=\"keywords\" content=\"noticias carre\u00f1o\" \/>\n\t<link rel=\"canonical\" href=\"https:\/\/candas365.es\/noticias\/amelia-fernandez-apoyamos-con-firmeza-a-nuestro-portavoz\/\" \/>\n\t<meta name=\"generator\" content=\"All in One SEO Pro (AIOSEO) 4.9.6.2\" \/>\n\t\t<meta property=\"og:locale\" content=\"es_ES\" \/>\n\t\t<meta property=\"og:site_name\" content=\"Cand\u00e1s 365\" \/>\n\t\t<meta property=\"og:type\" content=\"article\" \/>\n\t\t<meta property=\"og:title\" content=\"Amelia Fern\u00e1ndez: \u00abApoyamos con firmeza a nuestro portavoz\u00bb | Cand\u00e1s 365\" \/>\n\t\t<meta property=\"og:description\" content=\"La Alcaldesa convocar\u00e1 un pleno extraordinario para analizar el servicio de recogida y alojamiento de animales errantes &quot;El gobierno local como es habitual dar\u00e1 cuenta de su gesti\u00f3n al pleno municipal. Lo haremos en un pleno extraordinario en el que no trataremos, en ning\u00fan caso, los intereses que manifiestan terceras personas ni mucho menos lo\" \/>\n\t\t<meta property=\"og:url\" content=\"https:\/\/candas365.es\/noticias\/amelia-fernandez-apoyamos-con-firmeza-a-nuestro-portavoz\/\" \/>\n\t\t<meta property=\"og:image\" content=\"https:\/\/candas365.es\/noticias\/wp-content\/uploads\/2015\/01\/ayuntamiento.jpg\" \/>\n\t\t<meta property=\"og:image:secure_url\" content=\"https:\/\/candas365.es\/noticias\/wp-content\/uploads\/2015\/01\/ayuntamiento.jpg\" \/>\n\t\t<meta property=\"og:image:width\" content=\"800\" \/>\n\t\t<meta property=\"og:image:height\" content=\"600\" \/>\n\t\t<meta property=\"article:published_time\" content=\"2018-08-21T08:48:50+00:00\" \/>\n\t\t<meta property=\"article:modified_time\" content=\"2018-08-21T08:48:50+00:00\" \/>\n\t\t<meta property=\"article:publisher\" content=\"https:\/\/www.facebook.com\/Nachofdezber\" \/>\n\t\t<meta property=\"article:author\" content=\"https:\/\/www.facebook.com\/carrenoactualidad\" \/>\n\t\t<meta name=\"twitter:card\" content=\"summary_large_image\" \/>\n\t\t<meta name=\"twitter:site\" content=\"@NabercoDigital\" \/>\n\t\t<meta name=\"twitter:title\" content=\"Amelia Fern\u00e1ndez: \u00abApoyamos con firmeza a nuestro portavoz\u00bb | Cand\u00e1s 365\" \/>\n\t\t<meta name=\"twitter:description\" content=\"La Alcaldesa convocar\u00e1 un pleno extraordinario para analizar el servicio de recogida y alojamiento de animales errantes &quot;El gobierno local como es habitual dar\u00e1 cuenta de su gesti\u00f3n al pleno municipal. Lo haremos en un pleno extraordinario en el que no trataremos, en ning\u00fan caso, los intereses que manifiestan terceras personas ni mucho menos lo\" \/>\n\t\t<meta name=\"twitter:creator\" content=\"@nbasturias\" \/>\n\t\t<meta name=\"twitter:image\" content=\"https:\/\/candas365.es\/noticias\/wp-content\/uploads\/2015\/01\/ayuntamiento.jpg\" \/>\n\t\t<meta name=\"twitter:label1\" content=\"Escrito por\" \/>\n\t\t<meta name=\"twitter:data1\" content=\"Cand\u00e1s 365\" \/>\n\t\t<meta name=\"twitter:label2\" content=\"Tiempo de lectura estimado\" \/>\n\t\t<meta name=\"twitter:data2\" content=\"5 minutos\" \/>\n\t\t<script type=\"application\/ld+json\" class=\"aioseo-schema\">\n\t\t\t{\"@context\":\"https:\\\/\\\/schema.org\",\"@graph\":[{\"@type\":\"BreadcrumbList\",\"@id\":\"https:\\\/\\\/candas365.es\\\/noticias\\\/amelia-fernandez-apoyamos-con-firmeza-a-nuestro-portavoz\\\/#breadcrumblist\",\"itemListElement\":[{\"@type\":\"ListItem\",\"@id\":\"https:\\\/\\\/candas365.es\\\/noticias#listItem\",\"position\":1,\"name\":\"Home\",\"item\":\"https:\\\/\\\/candas365.es\\\/noticias\",\"nextItem\":{\"@type\":\"ListItem\",\"@id\":\"https:\\\/\\\/candas365.es\\\/noticias\\\/category\\\/noticias-carreno\\\/#listItem\",\"name\":\"Noticias Carre\\u00f1o\"}},{\"@type\":\"ListItem\",\"@id\":\"https:\\\/\\\/candas365.es\\\/noticias\\\/category\\\/noticias-carreno\\\/#listItem\",\"position\":2,\"name\":\"Noticias Carre\\u00f1o\",\"item\":\"https:\\\/\\\/candas365.es\\\/noticias\\\/category\\\/noticias-carreno\\\/\",\"nextItem\":{\"@type\":\"ListItem\",\"@id\":\"https:\\\/\\\/candas365.es\\\/noticias\\\/amelia-fernandez-apoyamos-con-firmeza-a-nuestro-portavoz\\\/#listItem\",\"name\":\"Amelia Fern\\u00e1ndez: \\u00abApoyamos con firmeza a nuestro portavoz\\u00bb\"},\"previousItem\":{\"@type\":\"ListItem\",\"@id\":\"https:\\\/\\\/candas365.es\\\/noticias#listItem\",\"name\":\"Home\"}},{\"@type\":\"ListItem\",\"@id\":\"https:\\\/\\\/candas365.es\\\/noticias\\\/amelia-fernandez-apoyamos-con-firmeza-a-nuestro-portavoz\\\/#listItem\",\"position\":3,\"name\":\"Amelia Fern\\u00e1ndez: \\u00abApoyamos con firmeza a nuestro portavoz\\u00bb\",\"previousItem\":{\"@type\":\"ListItem\",\"@id\":\"https:\\\/\\\/candas365.es\\\/noticias\\\/category\\\/noticias-carreno\\\/#listItem\",\"name\":\"Noticias Carre\\u00f1o\"}}]},{\"@type\":\"NewsArticle\",\"@id\":\"https:\\\/\\\/candas365.es\\\/noticias\\\/amelia-fernandez-apoyamos-con-firmeza-a-nuestro-portavoz\\\/#newsarticle\",\"name\":\"Amelia Fern\\u00e1ndez: \\u00abApoyamos con firmeza a nuestro portavoz\\u00bb | Cand\\u00e1s 365\",\"headline\":\"Amelia Fern\\u00e1ndez: \\u00abApoyamos con firmeza a nuestro portavoz\\u00bb\",\"author\":{\"@id\":\"https:\\\/\\\/candas365.es\\\/noticias\\\/author\\\/admin\\\/#author\"},\"publisher\":{\"@id\":\"https:\\\/\\\/candas365.es\\\/noticias\\\/#organization\"},\"image\":{\"@type\":\"ImageObject\",\"url\":\"https:\\\/\\\/candas365.es\\\/noticias\\\/wp-content\\\/uploads\\\/2015\\\/01\\\/ayuntamiento.jpg\",\"width\":800,\"height\":600,\"caption\":\"Carre\\u00f1o\"},\"datePublished\":\"2018-08-21T08:48:50+02:00\",\"dateModified\":\"2018-08-21T08:48:50+02:00\",\"inLanguage\":\"es-ES\",\"mainEntityOfPage\":{\"@id\":\"https:\\\/\\\/candas365.es\\\/noticias\\\/amelia-fernandez-apoyamos-con-firmeza-a-nuestro-portavoz\\\/#webpage\"},\"isPartOf\":{\"@id\":\"https:\\\/\\\/candas365.es\\\/noticias\\\/amelia-fernandez-apoyamos-con-firmeza-a-nuestro-portavoz\\\/#webpage\"},\"articleSection\":\"Noticias Carre\\u00f1o\",\"dateline\":\"Publicado el agosto 21, 2018.\"},{\"@type\":\"Organization\",\"@id\":\"https:\\\/\\\/candas365.es\\\/noticias\\\/#organization\",\"name\":\"Cand\\u00e1s 365\",\"description\":\"Cand\\u00e1s 365 es un diario digital independiente, fundado en 2012, con base en Asturias. Informamos con rigor sobre actualidad, sociedad, cultura y ocio, con una mirada local y global.\",\"url\":\"https:\\\/\\\/candas365.es\\\/noticias\\\/\",\"email\":\"info@candas365.es\",\"telephone\":\"+34652131393\",\"foundingDate\":\"2012-06-10\",\"logo\":{\"@type\":\"ImageObject\",\"url\":\"https:\\\/\\\/candas365.es\\\/noticias\\\/wp-content\\\/uploads\\\/2024\\\/09\\\/Candas-365-Redes.jpg\",\"@id\":\"https:\\\/\\\/candas365.es\\\/noticias\\\/amelia-fernandez-apoyamos-con-firmeza-a-nuestro-portavoz\\\/#organizationLogo\",\"width\":1152,\"height\":864,\"caption\":\"Cand\\u00e1s 365 Redes\"},\"image\":{\"@id\":\"https:\\\/\\\/candas365.es\\\/noticias\\\/amelia-fernandez-apoyamos-con-firmeza-a-nuestro-portavoz\\\/#organizationLogo\"},\"sameAs\":[\"https:\\\/\\\/www.facebook.com\\\/Nachofdezber\",\"https:\\\/\\\/x.com\\\/NabercoDigital\",\"https:\\\/\\\/www.instagram.com\\\/nachofdezber\\\/\",\"https:\\\/\\\/www.youtube.com\\\/channel\\\/UCZP-2wLEB9Rv6erhFmqVnvg\"],\"address\":{\"@id\":\"https:\\\/\\\/candas365.es\\\/noticias\\\/#postaladdress\",\"@type\":\"PostalAddress\",\"streetAddress\":\"san antonio 4, san antonio 4\",\"postalCode\":\"33430\",\"addressLocality\":\"Cand\\u00e1s\",\"addressRegion\":\"Asturias\",\"addressCountry\":\"ES\"}},{\"@type\":\"Person\",\"@id\":\"https:\\\/\\\/candas365.es\\\/noticias\\\/author\\\/admin\\\/#author\",\"url\":\"https:\\\/\\\/candas365.es\\\/noticias\\\/author\\\/admin\\\/\",\"name\":\"Cand\\u00e1s 365\",\"image\":{\"@type\":\"ImageObject\",\"@id\":\"https:\\\/\\\/candas365.es\\\/noticias\\\/amelia-fernandez-apoyamos-con-firmeza-a-nuestro-portavoz\\\/#authorImage\",\"url\":\"https:\\\/\\\/secure.gravatar.com\\\/avatar\\\/496a8e03d0c493ede1718b7934145dbdf8d89be1036b0eec9544e1094c9de390?s=96&d=mm&r=g\",\"width\":96,\"height\":96,\"caption\":\"Cand\\u00e1s 365\"},\"sameAs\":[\"https:\\\/\\\/www.facebook.com\\\/carrenoactualidad\",\"https:\\\/\\\/twitter.com\\\/nbasturias\",\"https:\\\/\\\/www.instagram.com\\\/nachofdezber\\\/\",\"https:\\\/\\\/www.youtube.com\\\/channel\\\/UCZP-2wLEB9Rv6erhFmqVnvg\"]},{\"@type\":\"WebPage\",\"@id\":\"https:\\\/\\\/candas365.es\\\/noticias\\\/amelia-fernandez-apoyamos-con-firmeza-a-nuestro-portavoz\\\/#webpage\",\"url\":\"https:\\\/\\\/candas365.es\\\/noticias\\\/amelia-fernandez-apoyamos-con-firmeza-a-nuestro-portavoz\\\/\",\"name\":\"Amelia Fern\\u00e1ndez: \\u00abApoyamos con firmeza a nuestro portavoz\\u00bb | Cand\\u00e1s 365\",\"description\":\"La Alcaldesa convocar\\u00e1 un pleno extraordinario para analizar el servicio de recogida y alojamiento de animales errantes \\\"El gobierno local como es habitual dar\\u00e1 cuenta de su gesti\\u00f3n al pleno municipal. Lo haremos en un pleno extraordinario en el que no trataremos, en ning\\u00fan caso, los intereses que manifiestan terceras personas ni mucho menos lo\",\"inLanguage\":\"es-ES\",\"isPartOf\":{\"@id\":\"https:\\\/\\\/candas365.es\\\/noticias\\\/#website\"},\"breadcrumb\":{\"@id\":\"https:\\\/\\\/candas365.es\\\/noticias\\\/amelia-fernandez-apoyamos-con-firmeza-a-nuestro-portavoz\\\/#breadcrumblist\"},\"author\":{\"@id\":\"https:\\\/\\\/candas365.es\\\/noticias\\\/author\\\/admin\\\/#author\"},\"creator\":{\"@id\":\"https:\\\/\\\/candas365.es\\\/noticias\\\/author\\\/admin\\\/#author\"},\"image\":{\"@type\":\"ImageObject\",\"url\":\"https:\\\/\\\/candas365.es\\\/noticias\\\/wp-content\\\/uploads\\\/2015\\\/01\\\/ayuntamiento.jpg\",\"@id\":\"https:\\\/\\\/candas365.es\\\/noticias\\\/amelia-fernandez-apoyamos-con-firmeza-a-nuestro-portavoz\\\/#mainImage\",\"width\":800,\"height\":600,\"caption\":\"Carre\\u00f1o\"},\"primaryImageOfPage\":{\"@id\":\"https:\\\/\\\/candas365.es\\\/noticias\\\/amelia-fernandez-apoyamos-con-firmeza-a-nuestro-portavoz\\\/#mainImage\"},\"datePublished\":\"2018-08-21T08:48:50+02:00\",\"dateModified\":\"2018-08-21T08:48:50+02:00\"},{\"@type\":\"WebSite\",\"@id\":\"https:\\\/\\\/candas365.es\\\/noticias\\\/#website\",\"url\":\"https:\\\/\\\/candas365.es\\\/noticias\\\/\",\"name\":\"Cand\\u00e1s 365\",\"alternateName\":\"Cand\\u00e1s 365 Noticias\",\"description\":\"Actualidad desde Carre\\u00f1o para el mundo\",\"inLanguage\":\"es-ES\",\"publisher\":{\"@id\":\"https:\\\/\\\/candas365.es\\\/noticias\\\/#organization\"}}]}\n\t\t<\/script>\n\t\t<!-- All in One SEO Pro -->\r\n\t\t<title>Amelia Fern\u00e1ndez: \u00abApoyamos con firmeza a nuestro portavoz\u00bb | Cand\u00e1s 365<\/title>\n\n","aioseo_head_json":{"title":"Amelia Fern\u00e1ndez: \u00abApoyamos con firmeza a nuestro portavoz\u00bb | Cand\u00e1s 365","description":"La Alcaldesa convocar\u00e1 un pleno extraordinario para analizar el servicio de recogida y alojamiento de animales errantes \"El gobierno local como es habitual dar\u00e1 cuenta de su gesti\u00f3n al pleno municipal. Lo haremos en un pleno extraordinario en el que no trataremos, en ning\u00fan caso, los intereses que manifiestan terceras personas ni mucho menos lo","canonical_url":"https:\/\/candas365.es\/noticias\/amelia-fernandez-apoyamos-con-firmeza-a-nuestro-portavoz\/","robots":"max-image-preview:large","keywords":"noticias carre\u00f1o","webmasterTools":{"google-site-verification":"UA-32230408-1","msvalidate.01":"354F3CDFB2DA171B47FBE9ABF1F88D5","miscellaneous":""},"schema":{"@context":"https:\/\/schema.org","@graph":[{"@type":"BreadcrumbList","@id":"https:\/\/candas365.es\/noticias\/amelia-fernandez-apoyamos-con-firmeza-a-nuestro-portavoz\/#breadcrumblist","itemListElement":[{"@type":"ListItem","@id":"https:\/\/candas365.es\/noticias#listItem","position":1,"name":"Home","item":"https:\/\/candas365.es\/noticias","nextItem":{"@type":"ListItem","@id":"https:\/\/candas365.es\/noticias\/category\/noticias-carreno\/#listItem","name":"Noticias Carre\u00f1o"}},{"@type":"ListItem","@id":"https:\/\/candas365.es\/noticias\/category\/noticias-carreno\/#listItem","position":2,"name":"Noticias Carre\u00f1o","item":"https:\/\/candas365.es\/noticias\/category\/noticias-carreno\/","nextItem":{"@type":"ListItem","@id":"https:\/\/candas365.es\/noticias\/amelia-fernandez-apoyamos-con-firmeza-a-nuestro-portavoz\/#listItem","name":"Amelia Fern\u00e1ndez: \u00abApoyamos con firmeza a nuestro portavoz\u00bb"},"previousItem":{"@type":"ListItem","@id":"https:\/\/candas365.es\/noticias#listItem","name":"Home"}},{"@type":"ListItem","@id":"https:\/\/candas365.es\/noticias\/amelia-fernandez-apoyamos-con-firmeza-a-nuestro-portavoz\/#listItem","position":3,"name":"Amelia Fern\u00e1ndez: \u00abApoyamos con firmeza a nuestro portavoz\u00bb","previousItem":{"@type":"ListItem","@id":"https:\/\/candas365.es\/noticias\/category\/noticias-carreno\/#listItem","name":"Noticias Carre\u00f1o"}}]},{"@type":"NewsArticle","@id":"https:\/\/candas365.es\/noticias\/amelia-fernandez-apoyamos-con-firmeza-a-nuestro-portavoz\/#newsarticle","name":"Amelia Fern\u00e1ndez: \u00abApoyamos con firmeza a nuestro portavoz\u00bb | Cand\u00e1s 365","headline":"Amelia Fern\u00e1ndez: \u00abApoyamos con firmeza a nuestro portavoz\u00bb","author":{"@id":"https:\/\/candas365.es\/noticias\/author\/admin\/#author"},"publisher":{"@id":"https:\/\/candas365.es\/noticias\/#organization"},"image":{"@type":"ImageObject","url":"https:\/\/candas365.es\/noticias\/wp-content\/uploads\/2015\/01\/ayuntamiento.jpg","width":800,"height":600,"caption":"Carre\u00f1o"},"datePublished":"2018-08-21T08:48:50+02:00","dateModified":"2018-08-21T08:48:50+02:00","inLanguage":"es-ES","mainEntityOfPage":{"@id":"https:\/\/candas365.es\/noticias\/amelia-fernandez-apoyamos-con-firmeza-a-nuestro-portavoz\/#webpage"},"isPartOf":{"@id":"https:\/\/candas365.es\/noticias\/amelia-fernandez-apoyamos-con-firmeza-a-nuestro-portavoz\/#webpage"},"articleSection":"Noticias Carre\u00f1o","dateline":"Publicado el agosto 21, 2018."},{"@type":"Organization","@id":"https:\/\/candas365.es\/noticias\/#organization","name":"Cand\u00e1s 365","description":"Cand\u00e1s 365 es un diario digital independiente, fundado en 2012, con base en Asturias. Informamos con rigor sobre actualidad, sociedad, cultura y ocio, con una mirada local y global.","url":"https:\/\/candas365.es\/noticias\/","email":"info@candas365.es","telephone":"+34652131393","foundingDate":"2012-06-10","logo":{"@type":"ImageObject","url":"https:\/\/candas365.es\/noticias\/wp-content\/uploads\/2024\/09\/Candas-365-Redes.jpg","@id":"https:\/\/candas365.es\/noticias\/amelia-fernandez-apoyamos-con-firmeza-a-nuestro-portavoz\/#organizationLogo","width":1152,"height":864,"caption":"Cand\u00e1s 365 Redes"},"image":{"@id":"https:\/\/candas365.es\/noticias\/amelia-fernandez-apoyamos-con-firmeza-a-nuestro-portavoz\/#organizationLogo"},"sameAs":["https:\/\/www.facebook.com\/Nachofdezber","https:\/\/x.com\/NabercoDigital","https:\/\/www.instagram.com\/nachofdezber\/","https:\/\/www.youtube.com\/channel\/UCZP-2wLEB9Rv6erhFmqVnvg"],"address":{"@id":"https:\/\/candas365.es\/noticias\/#postaladdress","@type":"PostalAddress","streetAddress":"san antonio 4, san antonio 4","postalCode":"33430","addressLocality":"Cand\u00e1s","addressRegion":"Asturias","addressCountry":"ES"}},{"@type":"Person","@id":"https:\/\/candas365.es\/noticias\/author\/admin\/#author","url":"https:\/\/candas365.es\/noticias\/author\/admin\/","name":"Cand\u00e1s 365","image":{"@type":"ImageObject","@id":"https:\/\/candas365.es\/noticias\/amelia-fernandez-apoyamos-con-firmeza-a-nuestro-portavoz\/#authorImage","url":"https:\/\/secure.gravatar.com\/avatar\/496a8e03d0c493ede1718b7934145dbdf8d89be1036b0eec9544e1094c9de390?s=96&d=mm&r=g","width":96,"height":96,"caption":"Cand\u00e1s 365"},"sameAs":["https:\/\/www.facebook.com\/carrenoactualidad","https:\/\/twitter.com\/nbasturias","https:\/\/www.instagram.com\/nachofdezber\/","https:\/\/www.youtube.com\/channel\/UCZP-2wLEB9Rv6erhFmqVnvg"]},{"@type":"WebPage","@id":"https:\/\/candas365.es\/noticias\/amelia-fernandez-apoyamos-con-firmeza-a-nuestro-portavoz\/#webpage","url":"https:\/\/candas365.es\/noticias\/amelia-fernandez-apoyamos-con-firmeza-a-nuestro-portavoz\/","name":"Amelia Fern\u00e1ndez: \u00abApoyamos con firmeza a nuestro portavoz\u00bb | Cand\u00e1s 365","description":"La Alcaldesa convocar\u00e1 un pleno extraordinario para analizar el servicio de recogida y alojamiento de animales errantes \"El gobierno local como es habitual dar\u00e1 cuenta de su gesti\u00f3n al pleno municipal. Lo haremos en un pleno extraordinario en el que no trataremos, en ning\u00fan caso, los intereses que manifiestan terceras personas ni mucho menos lo","inLanguage":"es-ES","isPartOf":{"@id":"https:\/\/candas365.es\/noticias\/#website"},"breadcrumb":{"@id":"https:\/\/candas365.es\/noticias\/amelia-fernandez-apoyamos-con-firmeza-a-nuestro-portavoz\/#breadcrumblist"},"author":{"@id":"https:\/\/candas365.es\/noticias\/author\/admin\/#author"},"creator":{"@id":"https:\/\/candas365.es\/noticias\/author\/admin\/#author"},"image":{"@type":"ImageObject","url":"https:\/\/candas365.es\/noticias\/wp-content\/uploads\/2015\/01\/ayuntamiento.jpg","@id":"https:\/\/candas365.es\/noticias\/amelia-fernandez-apoyamos-con-firmeza-a-nuestro-portavoz\/#mainImage","width":800,"height":600,"caption":"Carre\u00f1o"},"primaryImageOfPage":{"@id":"https:\/\/candas365.es\/noticias\/amelia-fernandez-apoyamos-con-firmeza-a-nuestro-portavoz\/#mainImage"},"datePublished":"2018-08-21T08:48:50+02:00","dateModified":"2018-08-21T08:48:50+02:00"},{"@type":"WebSite","@id":"https:\/\/candas365.es\/noticias\/#website","url":"https:\/\/candas365.es\/noticias\/","name":"Cand\u00e1s 365","alternateName":"Cand\u00e1s 365 Noticias","description":"Actualidad desde Carre\u00f1o para el mundo","inLanguage":"es-ES","publisher":{"@id":"https:\/\/candas365.es\/noticias\/#organization"}}]},"og:locale":"es_ES","og:site_name":"Cand\u00e1s 365","og:type":"article","og:title":"Amelia Fern\u00e1ndez: \u00abApoyamos con firmeza a nuestro portavoz\u00bb | Cand\u00e1s 365","og:description":"La Alcaldesa convocar\u00e1 un pleno extraordinario para analizar el servicio de recogida y alojamiento de animales errantes &quot;El gobierno local como es habitual dar\u00e1 cuenta de su gesti\u00f3n al pleno municipal. Lo haremos en un pleno extraordinario en el que no trataremos, en ning\u00fan caso, los intereses que manifiestan terceras personas ni mucho menos lo","og:url":"https:\/\/candas365.es\/noticias\/amelia-fernandez-apoyamos-con-firmeza-a-nuestro-portavoz\/","og:image":"https:\/\/candas365.es\/noticias\/wp-content\/uploads\/2015\/01\/ayuntamiento.jpg","og:image:secure_url":"https:\/\/candas365.es\/noticias\/wp-content\/uploads\/2015\/01\/ayuntamiento.jpg","og:image:width":800,"og:image:height":600,"article:published_time":"2018-08-21T08:48:50+00:00","article:modified_time":"2018-08-21T08:48:50+00:00","article:publisher":"https:\/\/www.facebook.com\/Nachofdezber","article:author":"https:\/\/www.facebook.com\/carrenoactualidad","twitter:card":"summary_large_image","twitter:site":"@NabercoDigital","twitter:title":"Amelia Fern\u00e1ndez: \u00abApoyamos con firmeza a nuestro portavoz\u00bb | Cand\u00e1s 365","twitter:description":"La Alcaldesa convocar\u00e1 un pleno extraordinario para analizar el servicio de recogida y alojamiento de animales errantes &quot;El gobierno local como es habitual dar\u00e1 cuenta de su gesti\u00f3n al pleno municipal. Lo haremos en un pleno extraordinario en el que no trataremos, en ning\u00fan caso, los intereses que manifiestan terceras personas ni mucho menos lo","twitter:creator":"@nbasturias","twitter:image":"https:\/\/candas365.es\/noticias\/wp-content\/uploads\/2015\/01\/ayuntamiento.jpg","twitter:label1":"Escrito por","twitter:data1":"Cand\u00e1s 365","twitter:label2":"Tiempo de lectura estimado","twitter:data2":"5 minutos"},"aioseo_meta_data":{"post_id":"103268","title":null,"description":null,"keywords":null,"keyphrases":null,"primary_term":null,"canonical_url":null,"og_title":null,"og_description":null,"og_object_type":"default","og_image_type":"default","og_image_url":null,"og_image_width":null,"og_image_height":null,"og_image_custom_url":null,"og_image_custom_fields":null,"og_video":null,"og_custom_url":null,"og_article_section":null,"og_article_tags":null,"twitter_use_og":false,"twitter_card":"default","twitter_image_type":"default","twitter_image_url":null,"twitter_image_custom_url":null,"twitter_image_custom_fields":null,"twitter_title":null,"twitter_description":null,"schema":{"blockGraphs":[],"customGraphs":[],"default":{"data":{"Article":[],"Course":[],"Dataset":[],"FAQPage":[],"Movie":[],"Person":[],"Product":[],"ProductReview":[],"Car":[],"Recipe":[],"Service":[],"SoftwareApplication":[],"WebPage":[]},"graphName":"","isEnabled":true},"graphs":[],"defaultGraph":"","defaultPostTypeGraph":""},"schema_type":null,"schema_type_options":null,"pillar_content":false,"robots_default":true,"robots_noindex":false,"robots_noarchive":false,"robots_nosnippet":false,"robots_nofollow":false,"robots_noimageindex":false,"robots_noodp":false,"robots_notranslate":false,"robots_max_snippet":null,"robots_max_videopreview":null,"robots_max_imagepreview":"large","priority":null,"frequency":null,"location":null,"local_seo":null,"seo_analyzer_scan_date":"2025-08-27 16:27:16","breadcrumb_settings":null,"limit_modified_date":false,"reviewed_by":null,"open_ai":null,"ai":null,"created":"2020-12-21 11:46:47","updated":"2025-08-27 16:27:16"},"aioseo_breadcrumb":"<div class=\"aioseo-breadcrumbs\"><span class=\"aioseo-breadcrumb\">\n\t<a href=\"https:\/\/candas365.es\/noticias\" title=\"Home\">Home<\/a>\n<\/span><span class=\"aioseo-breadcrumb-separator\">&ndash;<\/span><span class=\"aioseo-breadcrumb\">\n\t<a href=\"https:\/\/candas365.es\/noticias\/category\/noticias-carreno\/\" title=\"Noticias Carre\u00f1o\">Noticias Carre\u00f1o<\/a>\n<\/span><span class=\"aioseo-breadcrumb-separator\">&ndash;<\/span><span class=\"aioseo-breadcrumb\">\n\tAmelia Fern\u00e1ndez: \u00abApoyamos con firmeza a nuestro portavoz\u00bb\n<\/span><\/div>","aioseo_breadcrumb_json":[{"label":"Home","link":"https:\/\/candas365.es\/noticias"},{"label":"Noticias Carre\u00f1o","link":"https:\/\/candas365.es\/noticias\/category\/noticias-carreno\/"},{"label":"Amelia Fern\u00e1ndez: \u00abApoyamos con firmeza a nuestro portavoz\u00bb","link":"https:\/\/candas365.es\/noticias\/amelia-fernandez-apoyamos-con-firmeza-a-nuestro-portavoz\/"}],"_links":{"self":[{"href":"https:\/\/candas365.es\/noticias\/wp-json\/wp\/v2\/posts\/103268","targetHints":{"allow":["GET"]}}],"collection":[{"href":"https:\/\/candas365.es\/noticias\/wp-json\/wp\/v2\/posts"}],"about":[{"href":"https:\/\/candas365.es\/noticias\/wp-json\/wp\/v2\/types\/post"}],"author":[{"embeddable":true,"href":"https:\/\/candas365.es\/noticias\/wp-json\/wp\/v2\/users\/1"}],"replies":[{"embeddable":true,"href":"https:\/\/candas365.es\/noticias\/wp-json\/wp\/v2\/comments?post=103268"}],"version-history":[{"count":0,"href":"https:\/\/candas365.es\/noticias\/wp-json\/wp\/v2\/posts\/103268\/revisions"}],"wp:featuredmedia":[{"embeddable":true,"href":"https:\/\/candas365.es\/noticias\/wp-json\/wp\/v2\/media\/6453"}],"wp:attachment":[{"href":"https:\/\/candas365.es\/noticias\/wp-json\/wp\/v2\/media?parent=103268"}],"wp:term":[{"taxonomy":"category","embeddable":true,"href":"https:\/\/candas365.es\/noticias\/wp-json\/wp\/v2\/categories?post=103268"},{"taxonomy":"post_tag","embeddable":true,"href":"https:\/\/candas365.es\/noticias\/wp-json\/wp\/v2\/tags?post=103268"}],"curies":[{"name":"wp","href":"https:\/\/api.w.org\/{rel}","templated":true}]}}