{"id":102634,"date":"2018-08-12T21:01:08","date_gmt":"2018-08-12T21:01:08","guid":{"rendered":"http:\/\/candas365.es\/noticias\/?p=102634"},"modified":"2018-08-12T21:01:08","modified_gmt":"2018-08-12T21:01:08","slug":"comando-al-sol-visita-menorca-y-el-maestrazgo","status":"publish","type":"post","link":"https:\/\/candas365.es\/noticias\/comando-al-sol-visita-menorca-y-el-maestrazgo\/","title":{"rendered":"\u00abComando al sol\u00bb visita Menorca y el Maestrazgo"},"content":{"rendered":"<p><img fetchpriority=\"high\" decoding=\"async\" class=\"alignleft size-medium wp-image-102635\" src=\"https:\/\/candas365.es\/noticias\/wp-content\/uploads\/2018\/08\/tele12081801-360x203.jpg\" alt=\"\" width=\"360\" height=\"203\" srcset=\"https:\/\/candas365.es\/noticias\/wp-content\/uploads\/2018\/08\/tele12081801-360x203.jpg 360w, https:\/\/candas365.es\/noticias\/wp-content\/uploads\/2018\/08\/tele12081801.jpg 450w\" sizes=\"(max-width: 360px) 100vw, 360px\" \/>\u00abComando al sol\u00bb da esquinazo al turismo de masas con una visita a Menorca y al Maestrazgo. En la isla balear descubrir\u00e1 Binibeca Vell, el pueblo de pescadores donde s\u00f3lo vive Juanita durante todo el a\u00f1o, se colar\u00e1 en una carrera de trotones, se lanzar\u00e1 al vac\u00edo desde el Monte Toro y probar\u00e1 la que dicen es la mejor caldereta de langosta del mundo. A continuaci\u00f3n, viajar\u00e1 a Teruel para conocer algunos de los pueblos m\u00e1s bonitos de Espa\u00f1a. Descubrir\u00e1 los secretos del queso de Tronch\u00f3n y se resguardar\u00e1 del calor entre murallas y muros de conventos.<\/p>\n<p>La Menorca m\u00e1s aut\u00e9ntica. Menorca sigue siendo una isla con rincones inexplorados a pesar de que un mill\u00f3n y medio de turistas la visitan cada a\u00f1o. A la isla en la que vive Juanita la llaman la isla de la calma. Juanita es la \u00fanica habitante de Binibeca Vell, un pueblo de pescadores de casas blancas y encaladas que se ba\u00f1an en el mar y donde las viviendas se levantan buscando las corrientes de viento.<\/p>\n<p>Menorca ostenta el t\u00edtulo de ser el lugar de Espa\u00f1a con m\u00e1s caballos por metro cuadrado y uno de los pocos territorios espa\u00f1oles donde pueden verse carreras de trotones. Toni es experto en este tipo de carreras en las que los menorquines llegan a apostar hasta 1.000 euros. El equipo del programa se lanzar\u00e1 al vac\u00edo en ala delta desde el Monte Toro, el punto m\u00e1s alto de la Menorca con 356 metros, y conocer\u00e1 a Jos\u00e9 y a Fernanda, un matrimonio residente en Fornells que lleva m\u00e1s de 30 a\u00f1os cocinando caldereta de langosta. La materia prima de su producto estrella la guardan bajo siete llaves en un vivero que ense\u00f1an a los turistas.<\/p>\n<p><strong>Joyas del Maestrazgo<\/strong>. Teruel es la provincia con m\u00e1s pueblos nombrados \u00abm\u00e1s bonitos de Espa\u00f1a\u00bb. Tiene siete y dos de ellos est\u00e1n en el Maestrazgo. Su capital, Cantavieja, a 1.300 metros de altitud sobre el nivel del mar, es para\u00edso de navegantes de interior y destino de quienes buscan el fresco y la manta para dormir. La reportera M\u00f3nica Hern\u00e1ndez muestra los rincones menos conocidos de sus pueblos y la particularidad de sus gentes.<\/p>\n<p>Se ver\u00e1 c\u00f3mo Carlos elabora queso de Tronch\u00f3n, el \u00fanico queso que ya nombrara Cervantes en El Quijote y que se hace con leche cruda. &#8216;Comando al sol&#8217; pasear\u00e1 por las calles empedradas de Mirambel, se colar\u00e1 en sus caserones solariegos, se resguardar\u00e1 del sol detr\u00e1s de sus murallas y se acercar\u00e1 a las leyendas que esconden las celos\u00edas de su convento.<\/p>\n","protected":false},"excerpt":{"rendered":"<p>\u00abComando al sol\u00bb da esquinazo al turismo de masas con una visita a Menorca y al Maestrazgo. En la isla balear descubrir\u00e1 Binibeca Vell, el pueblo de pescadores donde s\u00f3lo vive Juanita durante todo el a\u00f1o, se colar\u00e1 en una carrera de trotones, se lanzar\u00e1 al vac\u00edo desde el Monte Toro y probar\u00e1 la que<\/p>\n","protected":false},"author":1,"featured_media":102635,"comment_status":"closed","ping_status":"closed","sticky":false,"template":"","format":"standard","meta":{"footnotes":""},"categories":[1],"tags":[],"class_list":{"0":"post-102634","1":"post","2":"type-post","3":"status-publish","4":"format-standard","5":"has-post-thumbnail","7":"category-agenda"},"aioseo_notices":[],"aioseo_head":"\n\t\t<!-- All in One SEO Pro 4.9.6.2 - aioseo.com -->\n\t<meta name=\"description\" content=\"&quot;Comando al sol&quot; da esquinazo al turismo de masas con una visita a Menorca y al Maestrazgo. En la isla balear descubrir\u00e1 Binibeca Vell, el pueblo de pescadores donde s\u00f3lo vive Juanita durante todo el a\u00f1o, se colar\u00e1 en una carrera de trotones, se lanzar\u00e1 al vac\u00edo desde el Monte Toro y probar\u00e1 la que\" \/>\n\t<meta name=\"robots\" content=\"max-image-preview:large\" \/>\n\t<meta name=\"author\" content=\"Cand\u00e1s 365\"\/>\n\t<meta name=\"google-site-verification\" content=\"UA-32230408-1\" \/>\n\t<meta name=\"msvalidate.01\" content=\"354F3CDFB2DA171B47FBE9ABF1F88D5\" \/>\n\t<meta name=\"keywords\" content=\"agenda\" \/>\n\t<link rel=\"canonical\" href=\"https:\/\/candas365.es\/noticias\/comando-al-sol-visita-menorca-y-el-maestrazgo\/\" \/>\n\t<meta name=\"generator\" content=\"All in One SEO Pro (AIOSEO) 4.9.6.2\" \/>\n\t\t<meta property=\"og:locale\" content=\"es_ES\" \/>\n\t\t<meta property=\"og:site_name\" content=\"Cand\u00e1s 365\" \/>\n\t\t<meta property=\"og:type\" content=\"article\" \/>\n\t\t<meta property=\"og:title\" content=\"\u00abComando al sol\u00bb visita Menorca y el Maestrazgo | Cand\u00e1s 365\" \/>\n\t\t<meta property=\"og:description\" content=\"&quot;Comando al sol&quot; da esquinazo al turismo de masas con una visita a Menorca y al Maestrazgo. En la isla balear descubrir\u00e1 Binibeca Vell, el pueblo de pescadores donde s\u00f3lo vive Juanita durante todo el a\u00f1o, se colar\u00e1 en una carrera de trotones, se lanzar\u00e1 al vac\u00edo desde el Monte Toro y probar\u00e1 la que\" \/>\n\t\t<meta property=\"og:url\" content=\"https:\/\/candas365.es\/noticias\/comando-al-sol-visita-menorca-y-el-maestrazgo\/\" \/>\n\t\t<meta property=\"og:image\" content=\"https:\/\/candas365.es\/noticias\/wp-content\/uploads\/2018\/08\/tele12081801.jpg\" \/>\n\t\t<meta property=\"og:image:secure_url\" content=\"https:\/\/candas365.es\/noticias\/wp-content\/uploads\/2018\/08\/tele12081801.jpg\" \/>\n\t\t<meta property=\"og:image:width\" content=\"450\" \/>\n\t\t<meta property=\"og:image:height\" content=\"254\" \/>\n\t\t<meta property=\"article:published_time\" content=\"2018-08-12T21:01:08+00:00\" \/>\n\t\t<meta property=\"article:modified_time\" content=\"2018-08-12T21:01:08+00:00\" \/>\n\t\t<meta property=\"article:publisher\" content=\"https:\/\/www.facebook.com\/Nachofdezber\" \/>\n\t\t<meta property=\"article:author\" content=\"https:\/\/www.facebook.com\/carrenoactualidad\" \/>\n\t\t<meta name=\"twitter:card\" content=\"summary_large_image\" \/>\n\t\t<meta name=\"twitter:site\" content=\"@NabercoDigital\" \/>\n\t\t<meta name=\"twitter:title\" content=\"\u00abComando al sol\u00bb visita Menorca y el Maestrazgo | Cand\u00e1s 365\" \/>\n\t\t<meta name=\"twitter:description\" content=\"&quot;Comando al sol&quot; da esquinazo al turismo de masas con una visita a Menorca y al Maestrazgo. En la isla balear descubrir\u00e1 Binibeca Vell, el pueblo de pescadores donde s\u00f3lo vive Juanita durante todo el a\u00f1o, se colar\u00e1 en una carrera de trotones, se lanzar\u00e1 al vac\u00edo desde el Monte Toro y probar\u00e1 la que\" \/>\n\t\t<meta name=\"twitter:creator\" content=\"@nbasturias\" \/>\n\t\t<meta name=\"twitter:image\" content=\"https:\/\/candas365.es\/noticias\/wp-content\/uploads\/2018\/08\/tele12081801.jpg\" \/>\n\t\t<meta name=\"twitter:label1\" content=\"Escrito por\" \/>\n\t\t<meta name=\"twitter:data1\" content=\"Cand\u00e1s 365\" \/>\n\t\t<meta name=\"twitter:label2\" content=\"Tiempo de lectura estimado\" \/>\n\t\t<meta name=\"twitter:data2\" content=\"2 minutos\" \/>\n\t\t<script type=\"application\/ld+json\" class=\"aioseo-schema\">\n\t\t\t{\"@context\":\"https:\\\/\\\/schema.org\",\"@graph\":[{\"@type\":\"BreadcrumbList\",\"@id\":\"https:\\\/\\\/candas365.es\\\/noticias\\\/comando-al-sol-visita-menorca-y-el-maestrazgo\\\/#breadcrumblist\",\"itemListElement\":[{\"@type\":\"ListItem\",\"@id\":\"https:\\\/\\\/candas365.es\\\/noticias#listItem\",\"position\":1,\"name\":\"Home\",\"item\":\"https:\\\/\\\/candas365.es\\\/noticias\",\"nextItem\":{\"@type\":\"ListItem\",\"@id\":\"https:\\\/\\\/candas365.es\\\/noticias\\\/category\\\/agenda\\\/#listItem\",\"name\":\"Agenda\"}},{\"@type\":\"ListItem\",\"@id\":\"https:\\\/\\\/candas365.es\\\/noticias\\\/category\\\/agenda\\\/#listItem\",\"position\":2,\"name\":\"Agenda\",\"item\":\"https:\\\/\\\/candas365.es\\\/noticias\\\/category\\\/agenda\\\/\",\"nextItem\":{\"@type\":\"ListItem\",\"@id\":\"https:\\\/\\\/candas365.es\\\/noticias\\\/comando-al-sol-visita-menorca-y-el-maestrazgo\\\/#listItem\",\"name\":\"\\u00abComando al sol\\u00bb visita Menorca y el Maestrazgo\"},\"previousItem\":{\"@type\":\"ListItem\",\"@id\":\"https:\\\/\\\/candas365.es\\\/noticias#listItem\",\"name\":\"Home\"}},{\"@type\":\"ListItem\",\"@id\":\"https:\\\/\\\/candas365.es\\\/noticias\\\/comando-al-sol-visita-menorca-y-el-maestrazgo\\\/#listItem\",\"position\":3,\"name\":\"\\u00abComando al sol\\u00bb visita Menorca y el Maestrazgo\",\"previousItem\":{\"@type\":\"ListItem\",\"@id\":\"https:\\\/\\\/candas365.es\\\/noticias\\\/category\\\/agenda\\\/#listItem\",\"name\":\"Agenda\"}}]},{\"@type\":\"NewsArticle\",\"@id\":\"https:\\\/\\\/candas365.es\\\/noticias\\\/comando-al-sol-visita-menorca-y-el-maestrazgo\\\/#newsarticle\",\"name\":\"\\u00abComando al sol\\u00bb visita Menorca y el Maestrazgo | Cand\\u00e1s 365\",\"headline\":\"\\u00abComando al sol\\u00bb visita Menorca y el Maestrazgo\",\"author\":{\"@id\":\"https:\\\/\\\/candas365.es\\\/noticias\\\/author\\\/admin\\\/#author\"},\"publisher\":{\"@id\":\"https:\\\/\\\/candas365.es\\\/noticias\\\/#organization\"},\"image\":{\"@type\":\"ImageObject\",\"url\":\"https:\\\/\\\/candas365.es\\\/noticias\\\/wp-content\\\/uploads\\\/2018\\\/08\\\/tele12081801.jpg\",\"width\":450,\"height\":254},\"datePublished\":\"2018-08-12T21:01:08+02:00\",\"dateModified\":\"2018-08-12T21:01:08+02:00\",\"inLanguage\":\"es-ES\",\"mainEntityOfPage\":{\"@id\":\"https:\\\/\\\/candas365.es\\\/noticias\\\/comando-al-sol-visita-menorca-y-el-maestrazgo\\\/#webpage\"},\"isPartOf\":{\"@id\":\"https:\\\/\\\/candas365.es\\\/noticias\\\/comando-al-sol-visita-menorca-y-el-maestrazgo\\\/#webpage\"},\"articleSection\":\"Agenda\",\"dateline\":\"Publicado el agosto 12, 2018.\"},{\"@type\":\"Organization\",\"@id\":\"https:\\\/\\\/candas365.es\\\/noticias\\\/#organization\",\"name\":\"Cand\\u00e1s 365\",\"description\":\"Cand\\u00e1s 365 es un diario digital independiente, fundado en 2012, con base en Asturias. Informamos con rigor sobre actualidad, sociedad, cultura y ocio, con una mirada local y global.\",\"url\":\"https:\\\/\\\/candas365.es\\\/noticias\\\/\",\"email\":\"info@candas365.es\",\"telephone\":\"+34652131393\",\"foundingDate\":\"2012-06-10\",\"logo\":{\"@type\":\"ImageObject\",\"url\":\"https:\\\/\\\/candas365.es\\\/noticias\\\/wp-content\\\/uploads\\\/2024\\\/09\\\/Candas-365-Redes.jpg\",\"@id\":\"https:\\\/\\\/candas365.es\\\/noticias\\\/comando-al-sol-visita-menorca-y-el-maestrazgo\\\/#organizationLogo\",\"width\":1152,\"height\":864,\"caption\":\"Cand\\u00e1s 365 Redes\"},\"image\":{\"@id\":\"https:\\\/\\\/candas365.es\\\/noticias\\\/comando-al-sol-visita-menorca-y-el-maestrazgo\\\/#organizationLogo\"},\"sameAs\":[\"https:\\\/\\\/www.facebook.com\\\/Nachofdezber\",\"https:\\\/\\\/x.com\\\/NabercoDigital\",\"https:\\\/\\\/www.instagram.com\\\/nachofdezber\\\/\",\"https:\\\/\\\/www.youtube.com\\\/channel\\\/UCZP-2wLEB9Rv6erhFmqVnvg\"],\"address\":{\"@id\":\"https:\\\/\\\/candas365.es\\\/noticias\\\/#postaladdress\",\"@type\":\"PostalAddress\",\"streetAddress\":\"san antonio 4, san antonio 4\",\"postalCode\":\"33430\",\"addressLocality\":\"Cand\\u00e1s\",\"addressRegion\":\"Asturias\",\"addressCountry\":\"ES\"}},{\"@type\":\"Person\",\"@id\":\"https:\\\/\\\/candas365.es\\\/noticias\\\/author\\\/admin\\\/#author\",\"url\":\"https:\\\/\\\/candas365.es\\\/noticias\\\/author\\\/admin\\\/\",\"name\":\"Cand\\u00e1s 365\",\"image\":{\"@type\":\"ImageObject\",\"@id\":\"https:\\\/\\\/candas365.es\\\/noticias\\\/comando-al-sol-visita-menorca-y-el-maestrazgo\\\/#authorImage\",\"url\":\"https:\\\/\\\/secure.gravatar.com\\\/avatar\\\/496a8e03d0c493ede1718b7934145dbdf8d89be1036b0eec9544e1094c9de390?s=96&d=mm&r=g\",\"width\":96,\"height\":96,\"caption\":\"Cand\\u00e1s 365\"},\"sameAs\":[\"https:\\\/\\\/www.facebook.com\\\/carrenoactualidad\",\"https:\\\/\\\/twitter.com\\\/nbasturias\",\"https:\\\/\\\/www.instagram.com\\\/nachofdezber\\\/\",\"https:\\\/\\\/www.youtube.com\\\/channel\\\/UCZP-2wLEB9Rv6erhFmqVnvg\"]},{\"@type\":\"WebPage\",\"@id\":\"https:\\\/\\\/candas365.es\\\/noticias\\\/comando-al-sol-visita-menorca-y-el-maestrazgo\\\/#webpage\",\"url\":\"https:\\\/\\\/candas365.es\\\/noticias\\\/comando-al-sol-visita-menorca-y-el-maestrazgo\\\/\",\"name\":\"\\u00abComando al sol\\u00bb visita Menorca y el Maestrazgo | Cand\\u00e1s 365\",\"description\":\"\\\"Comando al sol\\\" da esquinazo al turismo de masas con una visita a Menorca y al Maestrazgo. En la isla balear descubrir\\u00e1 Binibeca Vell, el pueblo de pescadores donde s\\u00f3lo vive Juanita durante todo el a\\u00f1o, se colar\\u00e1 en una carrera de trotones, se lanzar\\u00e1 al vac\\u00edo desde el Monte Toro y probar\\u00e1 la que\",\"inLanguage\":\"es-ES\",\"isPartOf\":{\"@id\":\"https:\\\/\\\/candas365.es\\\/noticias\\\/#website\"},\"breadcrumb\":{\"@id\":\"https:\\\/\\\/candas365.es\\\/noticias\\\/comando-al-sol-visita-menorca-y-el-maestrazgo\\\/#breadcrumblist\"},\"author\":{\"@id\":\"https:\\\/\\\/candas365.es\\\/noticias\\\/author\\\/admin\\\/#author\"},\"creator\":{\"@id\":\"https:\\\/\\\/candas365.es\\\/noticias\\\/author\\\/admin\\\/#author\"},\"image\":{\"@type\":\"ImageObject\",\"url\":\"https:\\\/\\\/candas365.es\\\/noticias\\\/wp-content\\\/uploads\\\/2018\\\/08\\\/tele12081801.jpg\",\"@id\":\"https:\\\/\\\/candas365.es\\\/noticias\\\/comando-al-sol-visita-menorca-y-el-maestrazgo\\\/#mainImage\",\"width\":450,\"height\":254},\"primaryImageOfPage\":{\"@id\":\"https:\\\/\\\/candas365.es\\\/noticias\\\/comando-al-sol-visita-menorca-y-el-maestrazgo\\\/#mainImage\"},\"datePublished\":\"2018-08-12T21:01:08+02:00\",\"dateModified\":\"2018-08-12T21:01:08+02:00\"},{\"@type\":\"WebSite\",\"@id\":\"https:\\\/\\\/candas365.es\\\/noticias\\\/#website\",\"url\":\"https:\\\/\\\/candas365.es\\\/noticias\\\/\",\"name\":\"Cand\\u00e1s 365\",\"alternateName\":\"Cand\\u00e1s 365 Noticias\",\"description\":\"Actualidad desde Carre\\u00f1o para el mundo\",\"inLanguage\":\"es-ES\",\"publisher\":{\"@id\":\"https:\\\/\\\/candas365.es\\\/noticias\\\/#organization\"}}]}\n\t\t<\/script>\n\t\t<!-- All in One SEO Pro -->\r\n\t\t<title>\u00abComando al sol\u00bb visita Menorca y el Maestrazgo | Cand\u00e1s 365<\/title>\n\n","aioseo_head_json":{"title":"\u00abComando al sol\u00bb visita Menorca y el Maestrazgo | Cand\u00e1s 365","description":"\"Comando al sol\" da esquinazo al turismo de masas con una visita a Menorca y al Maestrazgo. En la isla balear descubrir\u00e1 Binibeca Vell, el pueblo de pescadores donde s\u00f3lo vive Juanita durante todo el a\u00f1o, se colar\u00e1 en una carrera de trotones, se lanzar\u00e1 al vac\u00edo desde el Monte Toro y probar\u00e1 la que","canonical_url":"https:\/\/candas365.es\/noticias\/comando-al-sol-visita-menorca-y-el-maestrazgo\/","robots":"max-image-preview:large","keywords":"agenda","webmasterTools":{"google-site-verification":"UA-32230408-1","msvalidate.01":"354F3CDFB2DA171B47FBE9ABF1F88D5","miscellaneous":""},"schema":{"@context":"https:\/\/schema.org","@graph":[{"@type":"BreadcrumbList","@id":"https:\/\/candas365.es\/noticias\/comando-al-sol-visita-menorca-y-el-maestrazgo\/#breadcrumblist","itemListElement":[{"@type":"ListItem","@id":"https:\/\/candas365.es\/noticias#listItem","position":1,"name":"Home","item":"https:\/\/candas365.es\/noticias","nextItem":{"@type":"ListItem","@id":"https:\/\/candas365.es\/noticias\/category\/agenda\/#listItem","name":"Agenda"}},{"@type":"ListItem","@id":"https:\/\/candas365.es\/noticias\/category\/agenda\/#listItem","position":2,"name":"Agenda","item":"https:\/\/candas365.es\/noticias\/category\/agenda\/","nextItem":{"@type":"ListItem","@id":"https:\/\/candas365.es\/noticias\/comando-al-sol-visita-menorca-y-el-maestrazgo\/#listItem","name":"\u00abComando al sol\u00bb visita Menorca y el Maestrazgo"},"previousItem":{"@type":"ListItem","@id":"https:\/\/candas365.es\/noticias#listItem","name":"Home"}},{"@type":"ListItem","@id":"https:\/\/candas365.es\/noticias\/comando-al-sol-visita-menorca-y-el-maestrazgo\/#listItem","position":3,"name":"\u00abComando al sol\u00bb visita Menorca y el Maestrazgo","previousItem":{"@type":"ListItem","@id":"https:\/\/candas365.es\/noticias\/category\/agenda\/#listItem","name":"Agenda"}}]},{"@type":"NewsArticle","@id":"https:\/\/candas365.es\/noticias\/comando-al-sol-visita-menorca-y-el-maestrazgo\/#newsarticle","name":"\u00abComando al sol\u00bb visita Menorca y el Maestrazgo | Cand\u00e1s 365","headline":"\u00abComando al sol\u00bb visita Menorca y el Maestrazgo","author":{"@id":"https:\/\/candas365.es\/noticias\/author\/admin\/#author"},"publisher":{"@id":"https:\/\/candas365.es\/noticias\/#organization"},"image":{"@type":"ImageObject","url":"https:\/\/candas365.es\/noticias\/wp-content\/uploads\/2018\/08\/tele12081801.jpg","width":450,"height":254},"datePublished":"2018-08-12T21:01:08+02:00","dateModified":"2018-08-12T21:01:08+02:00","inLanguage":"es-ES","mainEntityOfPage":{"@id":"https:\/\/candas365.es\/noticias\/comando-al-sol-visita-menorca-y-el-maestrazgo\/#webpage"},"isPartOf":{"@id":"https:\/\/candas365.es\/noticias\/comando-al-sol-visita-menorca-y-el-maestrazgo\/#webpage"},"articleSection":"Agenda","dateline":"Publicado el agosto 12, 2018."},{"@type":"Organization","@id":"https:\/\/candas365.es\/noticias\/#organization","name":"Cand\u00e1s 365","description":"Cand\u00e1s 365 es un diario digital independiente, fundado en 2012, con base en Asturias. Informamos con rigor sobre actualidad, sociedad, cultura y ocio, con una mirada local y global.","url":"https:\/\/candas365.es\/noticias\/","email":"info@candas365.es","telephone":"+34652131393","foundingDate":"2012-06-10","logo":{"@type":"ImageObject","url":"https:\/\/candas365.es\/noticias\/wp-content\/uploads\/2024\/09\/Candas-365-Redes.jpg","@id":"https:\/\/candas365.es\/noticias\/comando-al-sol-visita-menorca-y-el-maestrazgo\/#organizationLogo","width":1152,"height":864,"caption":"Cand\u00e1s 365 Redes"},"image":{"@id":"https:\/\/candas365.es\/noticias\/comando-al-sol-visita-menorca-y-el-maestrazgo\/#organizationLogo"},"sameAs":["https:\/\/www.facebook.com\/Nachofdezber","https:\/\/x.com\/NabercoDigital","https:\/\/www.instagram.com\/nachofdezber\/","https:\/\/www.youtube.com\/channel\/UCZP-2wLEB9Rv6erhFmqVnvg"],"address":{"@id":"https:\/\/candas365.es\/noticias\/#postaladdress","@type":"PostalAddress","streetAddress":"san antonio 4, san antonio 4","postalCode":"33430","addressLocality":"Cand\u00e1s","addressRegion":"Asturias","addressCountry":"ES"}},{"@type":"Person","@id":"https:\/\/candas365.es\/noticias\/author\/admin\/#author","url":"https:\/\/candas365.es\/noticias\/author\/admin\/","name":"Cand\u00e1s 365","image":{"@type":"ImageObject","@id":"https:\/\/candas365.es\/noticias\/comando-al-sol-visita-menorca-y-el-maestrazgo\/#authorImage","url":"https:\/\/secure.gravatar.com\/avatar\/496a8e03d0c493ede1718b7934145dbdf8d89be1036b0eec9544e1094c9de390?s=96&d=mm&r=g","width":96,"height":96,"caption":"Cand\u00e1s 365"},"sameAs":["https:\/\/www.facebook.com\/carrenoactualidad","https:\/\/twitter.com\/nbasturias","https:\/\/www.instagram.com\/nachofdezber\/","https:\/\/www.youtube.com\/channel\/UCZP-2wLEB9Rv6erhFmqVnvg"]},{"@type":"WebPage","@id":"https:\/\/candas365.es\/noticias\/comando-al-sol-visita-menorca-y-el-maestrazgo\/#webpage","url":"https:\/\/candas365.es\/noticias\/comando-al-sol-visita-menorca-y-el-maestrazgo\/","name":"\u00abComando al sol\u00bb visita Menorca y el Maestrazgo | Cand\u00e1s 365","description":"\"Comando al sol\" da esquinazo al turismo de masas con una visita a Menorca y al Maestrazgo. En la isla balear descubrir\u00e1 Binibeca Vell, el pueblo de pescadores donde s\u00f3lo vive Juanita durante todo el a\u00f1o, se colar\u00e1 en una carrera de trotones, se lanzar\u00e1 al vac\u00edo desde el Monte Toro y probar\u00e1 la que","inLanguage":"es-ES","isPartOf":{"@id":"https:\/\/candas365.es\/noticias\/#website"},"breadcrumb":{"@id":"https:\/\/candas365.es\/noticias\/comando-al-sol-visita-menorca-y-el-maestrazgo\/#breadcrumblist"},"author":{"@id":"https:\/\/candas365.es\/noticias\/author\/admin\/#author"},"creator":{"@id":"https:\/\/candas365.es\/noticias\/author\/admin\/#author"},"image":{"@type":"ImageObject","url":"https:\/\/candas365.es\/noticias\/wp-content\/uploads\/2018\/08\/tele12081801.jpg","@id":"https:\/\/candas365.es\/noticias\/comando-al-sol-visita-menorca-y-el-maestrazgo\/#mainImage","width":450,"height":254},"primaryImageOfPage":{"@id":"https:\/\/candas365.es\/noticias\/comando-al-sol-visita-menorca-y-el-maestrazgo\/#mainImage"},"datePublished":"2018-08-12T21:01:08+02:00","dateModified":"2018-08-12T21:01:08+02:00"},{"@type":"WebSite","@id":"https:\/\/candas365.es\/noticias\/#website","url":"https:\/\/candas365.es\/noticias\/","name":"Cand\u00e1s 365","alternateName":"Cand\u00e1s 365 Noticias","description":"Actualidad desde Carre\u00f1o para el mundo","inLanguage":"es-ES","publisher":{"@id":"https:\/\/candas365.es\/noticias\/#organization"}}]},"og:locale":"es_ES","og:site_name":"Cand\u00e1s 365","og:type":"article","og:title":"\u00abComando al sol\u00bb visita Menorca y el Maestrazgo | Cand\u00e1s 365","og:description":"&quot;Comando al sol&quot; da esquinazo al turismo de masas con una visita a Menorca y al Maestrazgo. En la isla balear descubrir\u00e1 Binibeca Vell, el pueblo de pescadores donde s\u00f3lo vive Juanita durante todo el a\u00f1o, se colar\u00e1 en una carrera de trotones, se lanzar\u00e1 al vac\u00edo desde el Monte Toro y probar\u00e1 la que","og:url":"https:\/\/candas365.es\/noticias\/comando-al-sol-visita-menorca-y-el-maestrazgo\/","og:image":"https:\/\/candas365.es\/noticias\/wp-content\/uploads\/2018\/08\/tele12081801.jpg","og:image:secure_url":"https:\/\/candas365.es\/noticias\/wp-content\/uploads\/2018\/08\/tele12081801.jpg","og:image:width":450,"og:image:height":254,"article:published_time":"2018-08-12T21:01:08+00:00","article:modified_time":"2018-08-12T21:01:08+00:00","article:publisher":"https:\/\/www.facebook.com\/Nachofdezber","article:author":"https:\/\/www.facebook.com\/carrenoactualidad","twitter:card":"summary_large_image","twitter:site":"@NabercoDigital","twitter:title":"\u00abComando al sol\u00bb visita Menorca y el Maestrazgo | Cand\u00e1s 365","twitter:description":"&quot;Comando al sol&quot; da esquinazo al turismo de masas con una visita a Menorca y al Maestrazgo. En la isla balear descubrir\u00e1 Binibeca Vell, el pueblo de pescadores donde s\u00f3lo vive Juanita durante todo el a\u00f1o, se colar\u00e1 en una carrera de trotones, se lanzar\u00e1 al vac\u00edo desde el Monte Toro y probar\u00e1 la que","twitter:creator":"@nbasturias","twitter:image":"https:\/\/candas365.es\/noticias\/wp-content\/uploads\/2018\/08\/tele12081801.jpg","twitter:label1":"Escrito por","twitter:data1":"Cand\u00e1s 365","twitter:label2":"Tiempo de lectura estimado","twitter:data2":"2 minutos"},"aioseo_meta_data":{"post_id":"102634","title":null,"description":null,"keywords":null,"keyphrases":null,"primary_term":null,"canonical_url":null,"og_title":null,"og_description":null,"og_object_type":"default","og_image_type":"default","og_image_url":null,"og_image_width":null,"og_image_height":null,"og_image_custom_url":null,"og_image_custom_fields":null,"og_video":null,"og_custom_url":null,"og_article_section":null,"og_article_tags":null,"twitter_use_og":false,"twitter_card":"default","twitter_image_type":"default","twitter_image_url":null,"twitter_image_custom_url":null,"twitter_image_custom_fields":null,"twitter_title":null,"twitter_description":null,"schema":{"blockGraphs":[],"customGraphs":[],"default":{"data":{"Article":[],"Course":[],"Dataset":[],"FAQPage":[],"Movie":[],"Person":[],"Product":[],"ProductReview":[],"Car":[],"Recipe":[],"Service":[],"SoftwareApplication":[],"WebPage":[]},"graphName":"","isEnabled":true},"graphs":[]},"schema_type":null,"schema_type_options":null,"pillar_content":false,"robots_default":true,"robots_noindex":false,"robots_noarchive":false,"robots_nosnippet":false,"robots_nofollow":false,"robots_noimageindex":false,"robots_noodp":false,"robots_notranslate":false,"robots_max_snippet":null,"robots_max_videopreview":null,"robots_max_imagepreview":"large","priority":null,"frequency":null,"location":null,"local_seo":null,"seo_analyzer_scan_date":"2025-08-27 14:43:15","breadcrumb_settings":null,"limit_modified_date":false,"reviewed_by":null,"open_ai":null,"ai":null,"created":"2020-12-21 11:47:12","updated":"2025-08-27 14:43:15"},"aioseo_breadcrumb":"<div class=\"aioseo-breadcrumbs\"><span class=\"aioseo-breadcrumb\">\n\t<a href=\"https:\/\/candas365.es\/noticias\" title=\"Home\">Home<\/a>\n<\/span><span class=\"aioseo-breadcrumb-separator\">&ndash;<\/span><span class=\"aioseo-breadcrumb\">\n\t<a href=\"https:\/\/candas365.es\/noticias\/category\/agenda\/\" title=\"Agenda\">Agenda<\/a>\n<\/span><span class=\"aioseo-breadcrumb-separator\">&ndash;<\/span><span class=\"aioseo-breadcrumb\">\n\t\u00abComando al sol\u00bb visita Menorca y el Maestrazgo\n<\/span><\/div>","aioseo_breadcrumb_json":[{"label":"Home","link":"https:\/\/candas365.es\/noticias"},{"label":"Agenda","link":"https:\/\/candas365.es\/noticias\/category\/agenda\/"},{"label":"\u00abComando al sol\u00bb visita Menorca y el Maestrazgo","link":"https:\/\/candas365.es\/noticias\/comando-al-sol-visita-menorca-y-el-maestrazgo\/"}],"_links":{"self":[{"href":"https:\/\/candas365.es\/noticias\/wp-json\/wp\/v2\/posts\/102634","targetHints":{"allow":["GET"]}}],"collection":[{"href":"https:\/\/candas365.es\/noticias\/wp-json\/wp\/v2\/posts"}],"about":[{"href":"https:\/\/candas365.es\/noticias\/wp-json\/wp\/v2\/types\/post"}],"author":[{"embeddable":true,"href":"https:\/\/candas365.es\/noticias\/wp-json\/wp\/v2\/users\/1"}],"replies":[{"embeddable":true,"href":"https:\/\/candas365.es\/noticias\/wp-json\/wp\/v2\/comments?post=102634"}],"version-history":[{"count":0,"href":"https:\/\/candas365.es\/noticias\/wp-json\/wp\/v2\/posts\/102634\/revisions"}],"wp:featuredmedia":[{"embeddable":true,"href":"https:\/\/candas365.es\/noticias\/wp-json\/wp\/v2\/media\/102635"}],"wp:attachment":[{"href":"https:\/\/candas365.es\/noticias\/wp-json\/wp\/v2\/media?parent=102634"}],"wp:term":[{"taxonomy":"category","embeddable":true,"href":"https:\/\/candas365.es\/noticias\/wp-json\/wp\/v2\/categories?post=102634"},{"taxonomy":"post_tag","embeddable":true,"href":"https:\/\/candas365.es\/noticias\/wp-json\/wp\/v2\/tags?post=102634"}],"curies":[{"name":"wp","href":"https:\/\/api.w.org\/{rel}","templated":true}]}}