{"id":102565,"date":"2018-08-12T11:56:42","date_gmt":"2018-08-12T11:56:42","guid":{"rendered":"http:\/\/candas365.es\/noticias\/?p=102565"},"modified":"2018-08-12T11:56:42","modified_gmt":"2018-08-12T11:56:42","slug":"fedospa-rinde-homenaje-a-dos-vecinas-de-candas","status":"publish","type":"post","link":"https:\/\/candas365.es\/noticias\/fedospa-rinde-homenaje-a-dos-vecinas-de-candas\/","title":{"rendered":"FEDOSPA rinde homenaje a dos vecinas de Cand\u00e1s"},"content":{"rendered":"<p><img fetchpriority=\"high\" decoding=\"async\" class=\"alignleft size-medium wp-image-102566\" src=\"https:\/\/candas365.es\/noticias\/wp-content\/uploads\/2018\/08\/IMG_0965-360x270.jpg\" alt=\"\" width=\"360\" height=\"270\" srcset=\"https:\/\/candas365.es\/noticias\/wp-content\/uploads\/2018\/08\/IMG_0965-360x270.jpg 360w, https:\/\/candas365.es\/noticias\/wp-content\/uploads\/2018\/08\/IMG_0965-768x576.jpg 768w, https:\/\/candas365.es\/noticias\/wp-content\/uploads\/2018\/08\/IMG_0965-640x480.jpg 640w, https:\/\/candas365.es\/noticias\/wp-content\/uploads\/2018\/08\/IMG_0965-80x60.jpg 80w, https:\/\/candas365.es\/noticias\/wp-content\/uploads\/2018\/08\/IMG_0965-265x198.jpg 265w, https:\/\/candas365.es\/noticias\/wp-content\/uploads\/2018\/08\/IMG_0965-696x522.jpg 696w, https:\/\/candas365.es\/noticias\/wp-content\/uploads\/2018\/08\/IMG_0965-1068x801.jpg 1068w, https:\/\/candas365.es\/noticias\/wp-content\/uploads\/2018\/08\/IMG_0965-560x420.jpg 560w, https:\/\/candas365.es\/noticias\/wp-content\/uploads\/2018\/08\/IMG_0965.jpg 1280w\" sizes=\"(max-width: 360px) 100vw, 360px\" \/>En la ma\u00f1ana del s\u00e1bado, dos vecinas del Concejo de Carre\u00f1o, Mar\u00eda Consuelo \u00c1lvarez Hevia y Mar\u00eda Elena Fombona Iglesias han sido homenajeadas por la Federaci\u00f3n de Donantes de Sangre del Principado de Asturias (FEDOSPA), en la \u201cX Jornada T\u00e9cnica sobre Hemodonaci\u00f3n\u201d.<\/p>\n<p>Al acto de reconocimiento a la altruista labor de las donaciones en Asturias, en representaci\u00f3n del Ayuntamiento de Carre\u00f1o acudieron los concejales On\u00e9simo Velasco y Cecilia Tasc\u00f3n,<\/p>\n<p>\u201cHoy ha sido una jornada festiva para ellas y sus familias. Ha sido un acto muy familiar y emotivo, una muestra de agradecimiento para aquellas personas que han demostrado a lo largo de su vida su altruismo, solidaridad y generosidad sin l\u00edmites. Un reconocimiento y agradecimiento al que p\u00fablicamente el equipo de gobierno de Carre\u00f1o quiere sumarse. Al igual que se lo hemos expresado a las homenajeadas tras la finalizaci\u00f3n del acto. Porque personas como ellas son necesarias en nuestra sociedad, unas personas que de forma voluntaria, an\u00f3nima dan lo m\u00e1s precioso que se puede dar sin pedir nada a cambio, la vida\u201d se\u00f1al\u00f3 Cecilia Tasc\u00f3n, Concejala de Biesnestar Social.<\/p>\n<p>Para ser donante de sangre s\u00f3lo hacen falta tres requisitos: ser mayor de 18 a\u00f1os; pesar m\u00e1s de 50 Kg; y por supuesto, gozar de buena salud. La donaci\u00f3n, para los hombres se puede realizar cada 3 meses, mientras que las mujeres pueden hacerlo cada 4 meses. En el caso de nuestras homenajeadas, ellas han donado en m\u00e1s de 60 ocasiones, por lo que pasar\u00e1n a convertirse en Grandes Donantes de Sangre.<\/p>\n<p>En el caso de Elena Fombona, ella no s\u00f3lo es Donante de Sangre, sino que tambi\u00e9n lo es Donante de \u00d3rganos y de M\u00e9dula.<\/p>\n","protected":false},"excerpt":{"rendered":"<p>En la ma\u00f1ana del s\u00e1bado, dos vecinas del Concejo de Carre\u00f1o, Mar\u00eda Consuelo \u00c1lvarez Hevia y Mar\u00eda Elena Fombona Iglesias han sido homenajeadas por la Federaci\u00f3n de Donantes de Sangre del Principado de Asturias (FEDOSPA), en la \u201cX Jornada T\u00e9cnica sobre Hemodonaci\u00f3n\u201d. Al acto de reconocimiento a la altruista labor de las donaciones en Asturias,<\/p>\n","protected":false},"author":1,"featured_media":102566,"comment_status":"closed","ping_status":"closed","sticky":false,"template":"","format":"standard","meta":{"footnotes":""},"categories":[2],"tags":[],"class_list":{"0":"post-102565","1":"post","2":"type-post","3":"status-publish","4":"format-standard","5":"has-post-thumbnail","7":"category-noticias-carreno"},"aioseo_notices":[],"aioseo_head":"\n\t\t<!-- All in One SEO Pro 4.9.6.2 - aioseo.com -->\n\t<meta name=\"description\" content=\"En la ma\u00f1ana del s\u00e1bado, dos vecinas del Concejo de Carre\u00f1o, Mar\u00eda Consuelo \u00c1lvarez Hevia y Mar\u00eda Elena Fombona Iglesias han sido homenajeadas por la Federaci\u00f3n de Donantes de Sangre del Principado de Asturias (FEDOSPA), en la \u201cX Jornada T\u00e9cnica sobre Hemodonaci\u00f3n\u201d. Al acto de reconocimiento a la altruista labor de las donaciones en Asturias,\" \/>\n\t<meta name=\"robots\" content=\"max-image-preview:large\" \/>\n\t<meta name=\"author\" content=\"Cand\u00e1s 365\"\/>\n\t<meta name=\"google-site-verification\" content=\"UA-32230408-1\" \/>\n\t<meta name=\"msvalidate.01\" content=\"354F3CDFB2DA171B47FBE9ABF1F88D5\" \/>\n\t<meta name=\"keywords\" content=\"noticias carre\u00f1o\" \/>\n\t<link rel=\"canonical\" href=\"https:\/\/candas365.es\/noticias\/fedospa-rinde-homenaje-a-dos-vecinas-de-candas\/\" \/>\n\t<meta name=\"generator\" content=\"All in One SEO Pro (AIOSEO) 4.9.6.2\" \/>\n\t\t<meta property=\"og:locale\" content=\"es_ES\" \/>\n\t\t<meta property=\"og:site_name\" content=\"Cand\u00e1s 365\" \/>\n\t\t<meta property=\"og:type\" content=\"article\" \/>\n\t\t<meta property=\"og:title\" content=\"FEDOSPA rinde homenaje a dos vecinas de Cand\u00e1s | Cand\u00e1s 365\" \/>\n\t\t<meta property=\"og:description\" content=\"En la ma\u00f1ana del s\u00e1bado, dos vecinas del Concejo de Carre\u00f1o, Mar\u00eda Consuelo \u00c1lvarez Hevia y Mar\u00eda Elena Fombona Iglesias han sido homenajeadas por la Federaci\u00f3n de Donantes de Sangre del Principado de Asturias (FEDOSPA), en la \u201cX Jornada T\u00e9cnica sobre Hemodonaci\u00f3n\u201d. Al acto de reconocimiento a la altruista labor de las donaciones en Asturias,\" \/>\n\t\t<meta property=\"og:url\" content=\"https:\/\/candas365.es\/noticias\/fedospa-rinde-homenaje-a-dos-vecinas-de-candas\/\" \/>\n\t\t<meta property=\"og:image\" content=\"https:\/\/candas365.es\/noticias\/wp-content\/uploads\/2018\/08\/IMG_0965.jpg\" \/>\n\t\t<meta property=\"og:image:secure_url\" content=\"https:\/\/candas365.es\/noticias\/wp-content\/uploads\/2018\/08\/IMG_0965.jpg\" \/>\n\t\t<meta property=\"og:image:width\" content=\"1280\" \/>\n\t\t<meta property=\"og:image:height\" content=\"960\" \/>\n\t\t<meta property=\"article:published_time\" content=\"2018-08-12T11:56:42+00:00\" \/>\n\t\t<meta property=\"article:modified_time\" content=\"2018-08-12T11:56:42+00:00\" \/>\n\t\t<meta property=\"article:publisher\" content=\"https:\/\/www.facebook.com\/Nachofdezber\" \/>\n\t\t<meta property=\"article:author\" content=\"https:\/\/www.facebook.com\/carrenoactualidad\" \/>\n\t\t<meta name=\"twitter:card\" content=\"summary_large_image\" \/>\n\t\t<meta name=\"twitter:site\" content=\"@NabercoDigital\" \/>\n\t\t<meta name=\"twitter:title\" content=\"FEDOSPA rinde homenaje a dos vecinas de Cand\u00e1s | Cand\u00e1s 365\" \/>\n\t\t<meta name=\"twitter:description\" content=\"En la ma\u00f1ana del s\u00e1bado, dos vecinas del Concejo de Carre\u00f1o, Mar\u00eda Consuelo \u00c1lvarez Hevia y Mar\u00eda Elena Fombona Iglesias han sido homenajeadas por la Federaci\u00f3n de Donantes de Sangre del Principado de Asturias (FEDOSPA), en la \u201cX Jornada T\u00e9cnica sobre Hemodonaci\u00f3n\u201d. Al acto de reconocimiento a la altruista labor de las donaciones en Asturias,\" \/>\n\t\t<meta name=\"twitter:creator\" content=\"@nbasturias\" \/>\n\t\t<meta name=\"twitter:image\" content=\"https:\/\/candas365.es\/noticias\/wp-content\/uploads\/2018\/08\/IMG_0965.jpg\" \/>\n\t\t<meta name=\"twitter:label1\" content=\"Escrito por\" \/>\n\t\t<meta name=\"twitter:data1\" content=\"Cand\u00e1s 365\" \/>\n\t\t<meta name=\"twitter:label2\" content=\"Tiempo de lectura estimado\" \/>\n\t\t<meta name=\"twitter:data2\" content=\"1 minuto\" \/>\n\t\t<script type=\"application\/ld+json\" class=\"aioseo-schema\">\n\t\t\t{\"@context\":\"https:\\\/\\\/schema.org\",\"@graph\":[{\"@type\":\"BreadcrumbList\",\"@id\":\"https:\\\/\\\/candas365.es\\\/noticias\\\/fedospa-rinde-homenaje-a-dos-vecinas-de-candas\\\/#breadcrumblist\",\"itemListElement\":[{\"@type\":\"ListItem\",\"@id\":\"https:\\\/\\\/candas365.es\\\/noticias#listItem\",\"position\":1,\"name\":\"Home\",\"item\":\"https:\\\/\\\/candas365.es\\\/noticias\",\"nextItem\":{\"@type\":\"ListItem\",\"@id\":\"https:\\\/\\\/candas365.es\\\/noticias\\\/category\\\/noticias-carreno\\\/#listItem\",\"name\":\"Noticias Carre\\u00f1o\"}},{\"@type\":\"ListItem\",\"@id\":\"https:\\\/\\\/candas365.es\\\/noticias\\\/category\\\/noticias-carreno\\\/#listItem\",\"position\":2,\"name\":\"Noticias Carre\\u00f1o\",\"item\":\"https:\\\/\\\/candas365.es\\\/noticias\\\/category\\\/noticias-carreno\\\/\",\"nextItem\":{\"@type\":\"ListItem\",\"@id\":\"https:\\\/\\\/candas365.es\\\/noticias\\\/fedospa-rinde-homenaje-a-dos-vecinas-de-candas\\\/#listItem\",\"name\":\"FEDOSPA rinde homenaje a dos vecinas de Cand\\u00e1s\"},\"previousItem\":{\"@type\":\"ListItem\",\"@id\":\"https:\\\/\\\/candas365.es\\\/noticias#listItem\",\"name\":\"Home\"}},{\"@type\":\"ListItem\",\"@id\":\"https:\\\/\\\/candas365.es\\\/noticias\\\/fedospa-rinde-homenaje-a-dos-vecinas-de-candas\\\/#listItem\",\"position\":3,\"name\":\"FEDOSPA rinde homenaje a dos vecinas de Cand\\u00e1s\",\"previousItem\":{\"@type\":\"ListItem\",\"@id\":\"https:\\\/\\\/candas365.es\\\/noticias\\\/category\\\/noticias-carreno\\\/#listItem\",\"name\":\"Noticias Carre\\u00f1o\"}}]},{\"@type\":\"NewsArticle\",\"@id\":\"https:\\\/\\\/candas365.es\\\/noticias\\\/fedospa-rinde-homenaje-a-dos-vecinas-de-candas\\\/#newsarticle\",\"name\":\"FEDOSPA rinde homenaje a dos vecinas de Cand\\u00e1s | Cand\\u00e1s 365\",\"headline\":\"FEDOSPA rinde homenaje a dos vecinas de Cand\\u00e1s\",\"author\":{\"@id\":\"https:\\\/\\\/candas365.es\\\/noticias\\\/author\\\/admin\\\/#author\"},\"publisher\":{\"@id\":\"https:\\\/\\\/candas365.es\\\/noticias\\\/#organization\"},\"image\":{\"@type\":\"ImageObject\",\"url\":\"https:\\\/\\\/candas365.es\\\/noticias\\\/wp-content\\\/uploads\\\/2018\\\/08\\\/IMG_0965.jpg\",\"width\":1280,\"height\":960},\"datePublished\":\"2018-08-12T11:56:42+02:00\",\"dateModified\":\"2018-08-12T11:56:42+02:00\",\"inLanguage\":\"es-ES\",\"mainEntityOfPage\":{\"@id\":\"https:\\\/\\\/candas365.es\\\/noticias\\\/fedospa-rinde-homenaje-a-dos-vecinas-de-candas\\\/#webpage\"},\"isPartOf\":{\"@id\":\"https:\\\/\\\/candas365.es\\\/noticias\\\/fedospa-rinde-homenaje-a-dos-vecinas-de-candas\\\/#webpage\"},\"articleSection\":\"Noticias Carre\\u00f1o\",\"dateline\":\"Publicado el agosto 12, 2018.\"},{\"@type\":\"Organization\",\"@id\":\"https:\\\/\\\/candas365.es\\\/noticias\\\/#organization\",\"name\":\"Cand\\u00e1s 365\",\"description\":\"Cand\\u00e1s 365 es un diario digital independiente, fundado en 2012, con base en Asturias. Informamos con rigor sobre actualidad, sociedad, cultura y ocio, con una mirada local y global.\",\"url\":\"https:\\\/\\\/candas365.es\\\/noticias\\\/\",\"email\":\"info@candas365.es\",\"telephone\":\"+34652131393\",\"foundingDate\":\"2012-06-10\",\"logo\":{\"@type\":\"ImageObject\",\"url\":\"https:\\\/\\\/candas365.es\\\/noticias\\\/wp-content\\\/uploads\\\/2024\\\/09\\\/Candas-365-Redes.jpg\",\"@id\":\"https:\\\/\\\/candas365.es\\\/noticias\\\/fedospa-rinde-homenaje-a-dos-vecinas-de-candas\\\/#organizationLogo\",\"width\":1152,\"height\":864,\"caption\":\"Cand\\u00e1s 365 Redes\"},\"image\":{\"@id\":\"https:\\\/\\\/candas365.es\\\/noticias\\\/fedospa-rinde-homenaje-a-dos-vecinas-de-candas\\\/#organizationLogo\"},\"sameAs\":[\"https:\\\/\\\/www.facebook.com\\\/Nachofdezber\",\"https:\\\/\\\/x.com\\\/NabercoDigital\",\"https:\\\/\\\/www.instagram.com\\\/nachofdezber\\\/\",\"https:\\\/\\\/www.youtube.com\\\/channel\\\/UCZP-2wLEB9Rv6erhFmqVnvg\"],\"address\":{\"@id\":\"https:\\\/\\\/candas365.es\\\/noticias\\\/#postaladdress\",\"@type\":\"PostalAddress\",\"streetAddress\":\"san antonio 4, san antonio 4\",\"postalCode\":\"33430\",\"addressLocality\":\"Cand\\u00e1s\",\"addressRegion\":\"Asturias\",\"addressCountry\":\"ES\"}},{\"@type\":\"Person\",\"@id\":\"https:\\\/\\\/candas365.es\\\/noticias\\\/author\\\/admin\\\/#author\",\"url\":\"https:\\\/\\\/candas365.es\\\/noticias\\\/author\\\/admin\\\/\",\"name\":\"Cand\\u00e1s 365\",\"image\":{\"@type\":\"ImageObject\",\"@id\":\"https:\\\/\\\/candas365.es\\\/noticias\\\/fedospa-rinde-homenaje-a-dos-vecinas-de-candas\\\/#authorImage\",\"url\":\"https:\\\/\\\/secure.gravatar.com\\\/avatar\\\/496a8e03d0c493ede1718b7934145dbdf8d89be1036b0eec9544e1094c9de390?s=96&d=mm&r=g\",\"width\":96,\"height\":96,\"caption\":\"Cand\\u00e1s 365\"},\"sameAs\":[\"https:\\\/\\\/www.facebook.com\\\/carrenoactualidad\",\"https:\\\/\\\/twitter.com\\\/nbasturias\",\"https:\\\/\\\/www.instagram.com\\\/nachofdezber\\\/\",\"https:\\\/\\\/www.youtube.com\\\/channel\\\/UCZP-2wLEB9Rv6erhFmqVnvg\"]},{\"@type\":\"WebPage\",\"@id\":\"https:\\\/\\\/candas365.es\\\/noticias\\\/fedospa-rinde-homenaje-a-dos-vecinas-de-candas\\\/#webpage\",\"url\":\"https:\\\/\\\/candas365.es\\\/noticias\\\/fedospa-rinde-homenaje-a-dos-vecinas-de-candas\\\/\",\"name\":\"FEDOSPA rinde homenaje a dos vecinas de Cand\\u00e1s | Cand\\u00e1s 365\",\"description\":\"En la ma\\u00f1ana del s\\u00e1bado, dos vecinas del Concejo de Carre\\u00f1o, Mar\\u00eda Consuelo \\u00c1lvarez Hevia y Mar\\u00eda Elena Fombona Iglesias han sido homenajeadas por la Federaci\\u00f3n de Donantes de Sangre del Principado de Asturias (FEDOSPA), en la \\u201cX Jornada T\\u00e9cnica sobre Hemodonaci\\u00f3n\\u201d. Al acto de reconocimiento a la altruista labor de las donaciones en Asturias,\",\"inLanguage\":\"es-ES\",\"isPartOf\":{\"@id\":\"https:\\\/\\\/candas365.es\\\/noticias\\\/#website\"},\"breadcrumb\":{\"@id\":\"https:\\\/\\\/candas365.es\\\/noticias\\\/fedospa-rinde-homenaje-a-dos-vecinas-de-candas\\\/#breadcrumblist\"},\"author\":{\"@id\":\"https:\\\/\\\/candas365.es\\\/noticias\\\/author\\\/admin\\\/#author\"},\"creator\":{\"@id\":\"https:\\\/\\\/candas365.es\\\/noticias\\\/author\\\/admin\\\/#author\"},\"image\":{\"@type\":\"ImageObject\",\"url\":\"https:\\\/\\\/candas365.es\\\/noticias\\\/wp-content\\\/uploads\\\/2018\\\/08\\\/IMG_0965.jpg\",\"@id\":\"https:\\\/\\\/candas365.es\\\/noticias\\\/fedospa-rinde-homenaje-a-dos-vecinas-de-candas\\\/#mainImage\",\"width\":1280,\"height\":960},\"primaryImageOfPage\":{\"@id\":\"https:\\\/\\\/candas365.es\\\/noticias\\\/fedospa-rinde-homenaje-a-dos-vecinas-de-candas\\\/#mainImage\"},\"datePublished\":\"2018-08-12T11:56:42+02:00\",\"dateModified\":\"2018-08-12T11:56:42+02:00\"},{\"@type\":\"WebSite\",\"@id\":\"https:\\\/\\\/candas365.es\\\/noticias\\\/#website\",\"url\":\"https:\\\/\\\/candas365.es\\\/noticias\\\/\",\"name\":\"Cand\\u00e1s 365\",\"alternateName\":\"Cand\\u00e1s 365 Noticias\",\"description\":\"Actualidad desde Carre\\u00f1o para el mundo\",\"inLanguage\":\"es-ES\",\"publisher\":{\"@id\":\"https:\\\/\\\/candas365.es\\\/noticias\\\/#organization\"}}]}\n\t\t<\/script>\n\t\t<!-- All in One SEO Pro -->\r\n\t\t<title>FEDOSPA rinde homenaje a dos vecinas de Cand\u00e1s | Cand\u00e1s 365<\/title>\n\n","aioseo_head_json":{"title":"FEDOSPA rinde homenaje a dos vecinas de Cand\u00e1s | Cand\u00e1s 365","description":"En la ma\u00f1ana del s\u00e1bado, dos vecinas del Concejo de Carre\u00f1o, Mar\u00eda Consuelo \u00c1lvarez Hevia y Mar\u00eda Elena Fombona Iglesias han sido homenajeadas por la Federaci\u00f3n de Donantes de Sangre del Principado de Asturias (FEDOSPA), en la \u201cX Jornada T\u00e9cnica sobre Hemodonaci\u00f3n\u201d. Al acto de reconocimiento a la altruista labor de las donaciones en Asturias,","canonical_url":"https:\/\/candas365.es\/noticias\/fedospa-rinde-homenaje-a-dos-vecinas-de-candas\/","robots":"max-image-preview:large","keywords":"noticias carre\u00f1o","webmasterTools":{"google-site-verification":"UA-32230408-1","msvalidate.01":"354F3CDFB2DA171B47FBE9ABF1F88D5","miscellaneous":""},"schema":{"@context":"https:\/\/schema.org","@graph":[{"@type":"BreadcrumbList","@id":"https:\/\/candas365.es\/noticias\/fedospa-rinde-homenaje-a-dos-vecinas-de-candas\/#breadcrumblist","itemListElement":[{"@type":"ListItem","@id":"https:\/\/candas365.es\/noticias#listItem","position":1,"name":"Home","item":"https:\/\/candas365.es\/noticias","nextItem":{"@type":"ListItem","@id":"https:\/\/candas365.es\/noticias\/category\/noticias-carreno\/#listItem","name":"Noticias Carre\u00f1o"}},{"@type":"ListItem","@id":"https:\/\/candas365.es\/noticias\/category\/noticias-carreno\/#listItem","position":2,"name":"Noticias Carre\u00f1o","item":"https:\/\/candas365.es\/noticias\/category\/noticias-carreno\/","nextItem":{"@type":"ListItem","@id":"https:\/\/candas365.es\/noticias\/fedospa-rinde-homenaje-a-dos-vecinas-de-candas\/#listItem","name":"FEDOSPA rinde homenaje a dos vecinas de Cand\u00e1s"},"previousItem":{"@type":"ListItem","@id":"https:\/\/candas365.es\/noticias#listItem","name":"Home"}},{"@type":"ListItem","@id":"https:\/\/candas365.es\/noticias\/fedospa-rinde-homenaje-a-dos-vecinas-de-candas\/#listItem","position":3,"name":"FEDOSPA rinde homenaje a dos vecinas de Cand\u00e1s","previousItem":{"@type":"ListItem","@id":"https:\/\/candas365.es\/noticias\/category\/noticias-carreno\/#listItem","name":"Noticias Carre\u00f1o"}}]},{"@type":"NewsArticle","@id":"https:\/\/candas365.es\/noticias\/fedospa-rinde-homenaje-a-dos-vecinas-de-candas\/#newsarticle","name":"FEDOSPA rinde homenaje a dos vecinas de Cand\u00e1s | Cand\u00e1s 365","headline":"FEDOSPA rinde homenaje a dos vecinas de Cand\u00e1s","author":{"@id":"https:\/\/candas365.es\/noticias\/author\/admin\/#author"},"publisher":{"@id":"https:\/\/candas365.es\/noticias\/#organization"},"image":{"@type":"ImageObject","url":"https:\/\/candas365.es\/noticias\/wp-content\/uploads\/2018\/08\/IMG_0965.jpg","width":1280,"height":960},"datePublished":"2018-08-12T11:56:42+02:00","dateModified":"2018-08-12T11:56:42+02:00","inLanguage":"es-ES","mainEntityOfPage":{"@id":"https:\/\/candas365.es\/noticias\/fedospa-rinde-homenaje-a-dos-vecinas-de-candas\/#webpage"},"isPartOf":{"@id":"https:\/\/candas365.es\/noticias\/fedospa-rinde-homenaje-a-dos-vecinas-de-candas\/#webpage"},"articleSection":"Noticias Carre\u00f1o","dateline":"Publicado el agosto 12, 2018."},{"@type":"Organization","@id":"https:\/\/candas365.es\/noticias\/#organization","name":"Cand\u00e1s 365","description":"Cand\u00e1s 365 es un diario digital independiente, fundado en 2012, con base en Asturias. Informamos con rigor sobre actualidad, sociedad, cultura y ocio, con una mirada local y global.","url":"https:\/\/candas365.es\/noticias\/","email":"info@candas365.es","telephone":"+34652131393","foundingDate":"2012-06-10","logo":{"@type":"ImageObject","url":"https:\/\/candas365.es\/noticias\/wp-content\/uploads\/2024\/09\/Candas-365-Redes.jpg","@id":"https:\/\/candas365.es\/noticias\/fedospa-rinde-homenaje-a-dos-vecinas-de-candas\/#organizationLogo","width":1152,"height":864,"caption":"Cand\u00e1s 365 Redes"},"image":{"@id":"https:\/\/candas365.es\/noticias\/fedospa-rinde-homenaje-a-dos-vecinas-de-candas\/#organizationLogo"},"sameAs":["https:\/\/www.facebook.com\/Nachofdezber","https:\/\/x.com\/NabercoDigital","https:\/\/www.instagram.com\/nachofdezber\/","https:\/\/www.youtube.com\/channel\/UCZP-2wLEB9Rv6erhFmqVnvg"],"address":{"@id":"https:\/\/candas365.es\/noticias\/#postaladdress","@type":"PostalAddress","streetAddress":"san antonio 4, san antonio 4","postalCode":"33430","addressLocality":"Cand\u00e1s","addressRegion":"Asturias","addressCountry":"ES"}},{"@type":"Person","@id":"https:\/\/candas365.es\/noticias\/author\/admin\/#author","url":"https:\/\/candas365.es\/noticias\/author\/admin\/","name":"Cand\u00e1s 365","image":{"@type":"ImageObject","@id":"https:\/\/candas365.es\/noticias\/fedospa-rinde-homenaje-a-dos-vecinas-de-candas\/#authorImage","url":"https:\/\/secure.gravatar.com\/avatar\/496a8e03d0c493ede1718b7934145dbdf8d89be1036b0eec9544e1094c9de390?s=96&d=mm&r=g","width":96,"height":96,"caption":"Cand\u00e1s 365"},"sameAs":["https:\/\/www.facebook.com\/carrenoactualidad","https:\/\/twitter.com\/nbasturias","https:\/\/www.instagram.com\/nachofdezber\/","https:\/\/www.youtube.com\/channel\/UCZP-2wLEB9Rv6erhFmqVnvg"]},{"@type":"WebPage","@id":"https:\/\/candas365.es\/noticias\/fedospa-rinde-homenaje-a-dos-vecinas-de-candas\/#webpage","url":"https:\/\/candas365.es\/noticias\/fedospa-rinde-homenaje-a-dos-vecinas-de-candas\/","name":"FEDOSPA rinde homenaje a dos vecinas de Cand\u00e1s | Cand\u00e1s 365","description":"En la ma\u00f1ana del s\u00e1bado, dos vecinas del Concejo de Carre\u00f1o, Mar\u00eda Consuelo \u00c1lvarez Hevia y Mar\u00eda Elena Fombona Iglesias han sido homenajeadas por la Federaci\u00f3n de Donantes de Sangre del Principado de Asturias (FEDOSPA), en la \u201cX Jornada T\u00e9cnica sobre Hemodonaci\u00f3n\u201d. Al acto de reconocimiento a la altruista labor de las donaciones en Asturias,","inLanguage":"es-ES","isPartOf":{"@id":"https:\/\/candas365.es\/noticias\/#website"},"breadcrumb":{"@id":"https:\/\/candas365.es\/noticias\/fedospa-rinde-homenaje-a-dos-vecinas-de-candas\/#breadcrumblist"},"author":{"@id":"https:\/\/candas365.es\/noticias\/author\/admin\/#author"},"creator":{"@id":"https:\/\/candas365.es\/noticias\/author\/admin\/#author"},"image":{"@type":"ImageObject","url":"https:\/\/candas365.es\/noticias\/wp-content\/uploads\/2018\/08\/IMG_0965.jpg","@id":"https:\/\/candas365.es\/noticias\/fedospa-rinde-homenaje-a-dos-vecinas-de-candas\/#mainImage","width":1280,"height":960},"primaryImageOfPage":{"@id":"https:\/\/candas365.es\/noticias\/fedospa-rinde-homenaje-a-dos-vecinas-de-candas\/#mainImage"},"datePublished":"2018-08-12T11:56:42+02:00","dateModified":"2018-08-12T11:56:42+02:00"},{"@type":"WebSite","@id":"https:\/\/candas365.es\/noticias\/#website","url":"https:\/\/candas365.es\/noticias\/","name":"Cand\u00e1s 365","alternateName":"Cand\u00e1s 365 Noticias","description":"Actualidad desde Carre\u00f1o para el mundo","inLanguage":"es-ES","publisher":{"@id":"https:\/\/candas365.es\/noticias\/#organization"}}]},"og:locale":"es_ES","og:site_name":"Cand\u00e1s 365","og:type":"article","og:title":"FEDOSPA rinde homenaje a dos vecinas de Cand\u00e1s | Cand\u00e1s 365","og:description":"En la ma\u00f1ana del s\u00e1bado, dos vecinas del Concejo de Carre\u00f1o, Mar\u00eda Consuelo \u00c1lvarez Hevia y Mar\u00eda Elena Fombona Iglesias han sido homenajeadas por la Federaci\u00f3n de Donantes de Sangre del Principado de Asturias (FEDOSPA), en la \u201cX Jornada T\u00e9cnica sobre Hemodonaci\u00f3n\u201d. Al acto de reconocimiento a la altruista labor de las donaciones en Asturias,","og:url":"https:\/\/candas365.es\/noticias\/fedospa-rinde-homenaje-a-dos-vecinas-de-candas\/","og:image":"https:\/\/candas365.es\/noticias\/wp-content\/uploads\/2018\/08\/IMG_0965.jpg","og:image:secure_url":"https:\/\/candas365.es\/noticias\/wp-content\/uploads\/2018\/08\/IMG_0965.jpg","og:image:width":1280,"og:image:height":960,"article:published_time":"2018-08-12T11:56:42+00:00","article:modified_time":"2018-08-12T11:56:42+00:00","article:publisher":"https:\/\/www.facebook.com\/Nachofdezber","article:author":"https:\/\/www.facebook.com\/carrenoactualidad","twitter:card":"summary_large_image","twitter:site":"@NabercoDigital","twitter:title":"FEDOSPA rinde homenaje a dos vecinas de Cand\u00e1s | Cand\u00e1s 365","twitter:description":"En la ma\u00f1ana del s\u00e1bado, dos vecinas del Concejo de Carre\u00f1o, Mar\u00eda Consuelo \u00c1lvarez Hevia y Mar\u00eda Elena Fombona Iglesias han sido homenajeadas por la Federaci\u00f3n de Donantes de Sangre del Principado de Asturias (FEDOSPA), en la \u201cX Jornada T\u00e9cnica sobre Hemodonaci\u00f3n\u201d. Al acto de reconocimiento a la altruista labor de las donaciones en Asturias,","twitter:creator":"@nbasturias","twitter:image":"https:\/\/candas365.es\/noticias\/wp-content\/uploads\/2018\/08\/IMG_0965.jpg","twitter:label1":"Escrito por","twitter:data1":"Cand\u00e1s 365","twitter:label2":"Tiempo de lectura estimado","twitter:data2":"1 minuto"},"aioseo_meta_data":{"post_id":"102565","title":null,"description":null,"keywords":null,"keyphrases":null,"primary_term":null,"canonical_url":null,"og_title":null,"og_description":null,"og_object_type":"default","og_image_type":"default","og_image_url":null,"og_image_width":null,"og_image_height":null,"og_image_custom_url":null,"og_image_custom_fields":null,"og_video":null,"og_custom_url":null,"og_article_section":null,"og_article_tags":null,"twitter_use_og":false,"twitter_card":"default","twitter_image_type":"default","twitter_image_url":null,"twitter_image_custom_url":null,"twitter_image_custom_fields":null,"twitter_title":null,"twitter_description":null,"schema":{"blockGraphs":[],"customGraphs":[],"default":{"data":{"Article":[],"Course":[],"Dataset":[],"FAQPage":[],"Movie":[],"Person":[],"Product":[],"ProductReview":[],"Car":[],"Recipe":[],"Service":[],"SoftwareApplication":[],"WebPage":[]},"graphName":"","isEnabled":true},"graphs":[],"defaultGraph":"","defaultPostTypeGraph":""},"schema_type":null,"schema_type_options":null,"pillar_content":false,"robots_default":true,"robots_noindex":false,"robots_noarchive":false,"robots_nosnippet":false,"robots_nofollow":false,"robots_noimageindex":false,"robots_noodp":false,"robots_notranslate":false,"robots_max_snippet":null,"robots_max_videopreview":null,"robots_max_imagepreview":"large","priority":null,"frequency":null,"location":null,"local_seo":null,"seo_analyzer_scan_date":"2025-08-27 14:33:09","breadcrumb_settings":null,"limit_modified_date":false,"reviewed_by":null,"open_ai":null,"ai":null,"created":"2020-12-21 11:47:12","updated":"2025-08-27 14:33:09"},"aioseo_breadcrumb":"<div class=\"aioseo-breadcrumbs\"><span class=\"aioseo-breadcrumb\">\n\t<a href=\"https:\/\/candas365.es\/noticias\" title=\"Home\">Home<\/a>\n<\/span><span class=\"aioseo-breadcrumb-separator\">&ndash;<\/span><span class=\"aioseo-breadcrumb\">\n\t<a href=\"https:\/\/candas365.es\/noticias\/category\/noticias-carreno\/\" title=\"Noticias Carre\u00f1o\">Noticias Carre\u00f1o<\/a>\n<\/span><span class=\"aioseo-breadcrumb-separator\">&ndash;<\/span><span class=\"aioseo-breadcrumb\">\n\tFEDOSPA rinde homenaje a dos vecinas de Cand\u00e1s\n<\/span><\/div>","aioseo_breadcrumb_json":[{"label":"Home","link":"https:\/\/candas365.es\/noticias"},{"label":"Noticias Carre\u00f1o","link":"https:\/\/candas365.es\/noticias\/category\/noticias-carreno\/"},{"label":"FEDOSPA rinde homenaje a dos vecinas de Cand\u00e1s","link":"https:\/\/candas365.es\/noticias\/fedospa-rinde-homenaje-a-dos-vecinas-de-candas\/"}],"_links":{"self":[{"href":"https:\/\/candas365.es\/noticias\/wp-json\/wp\/v2\/posts\/102565","targetHints":{"allow":["GET"]}}],"collection":[{"href":"https:\/\/candas365.es\/noticias\/wp-json\/wp\/v2\/posts"}],"about":[{"href":"https:\/\/candas365.es\/noticias\/wp-json\/wp\/v2\/types\/post"}],"author":[{"embeddable":true,"href":"https:\/\/candas365.es\/noticias\/wp-json\/wp\/v2\/users\/1"}],"replies":[{"embeddable":true,"href":"https:\/\/candas365.es\/noticias\/wp-json\/wp\/v2\/comments?post=102565"}],"version-history":[{"count":0,"href":"https:\/\/candas365.es\/noticias\/wp-json\/wp\/v2\/posts\/102565\/revisions"}],"wp:featuredmedia":[{"embeddable":true,"href":"https:\/\/candas365.es\/noticias\/wp-json\/wp\/v2\/media\/102566"}],"wp:attachment":[{"href":"https:\/\/candas365.es\/noticias\/wp-json\/wp\/v2\/media?parent=102565"}],"wp:term":[{"taxonomy":"category","embeddable":true,"href":"https:\/\/candas365.es\/noticias\/wp-json\/wp\/v2\/categories?post=102565"},{"taxonomy":"post_tag","embeddable":true,"href":"https:\/\/candas365.es\/noticias\/wp-json\/wp\/v2\/tags?post=102565"}],"curies":[{"name":"wp","href":"https:\/\/api.w.org\/{rel}","templated":true}]}}