{"id":102432,"date":"2018-08-10T12:35:24","date_gmt":"2018-08-10T12:35:24","guid":{"rendered":"http:\/\/candas365.es\/noticias\/?p=102432"},"modified":"2018-08-10T12:35:24","modified_gmt":"2018-08-10T12:35:24","slug":"cesion-de-inmuebles-del-principado-para-usos-municipales","status":"publish","type":"post","link":"https:\/\/candas365.es\/noticias\/cesion-de-inmuebles-del-principado-para-usos-municipales\/","title":{"rendered":"Cesi\u00f3n de inmuebles del Principado para usos municipales"},"content":{"rendered":"<p><img fetchpriority=\"high\" decoding=\"async\" class=\"alignleft size-medium wp-image-102425\" src=\"https:\/\/candas365.es\/noticias\/wp-content\/uploads\/2018\/08\/Rueda-de-prensa-del-consejo-de-gobierno-4-360x240.jpg\" alt=\"\" width=\"360\" height=\"240\" srcset=\"https:\/\/candas365.es\/noticias\/wp-content\/uploads\/2018\/08\/Rueda-de-prensa-del-consejo-de-gobierno-4-360x240.jpg 360w, https:\/\/candas365.es\/noticias\/wp-content\/uploads\/2018\/08\/Rueda-de-prensa-del-consejo-de-gobierno-4-768x512.jpg 768w, https:\/\/candas365.es\/noticias\/wp-content\/uploads\/2018\/08\/Rueda-de-prensa-del-consejo-de-gobierno-4-655x436.jpg 655w, https:\/\/candas365.es\/noticias\/wp-content\/uploads\/2018\/08\/Rueda-de-prensa-del-consejo-de-gobierno-4-696x464.jpg 696w, https:\/\/candas365.es\/noticias\/wp-content\/uploads\/2018\/08\/Rueda-de-prensa-del-consejo-de-gobierno-4-1068x712.jpg 1068w, https:\/\/candas365.es\/noticias\/wp-content\/uploads\/2018\/08\/Rueda-de-prensa-del-consejo-de-gobierno-4-630x420.jpg 630w, https:\/\/candas365.es\/noticias\/wp-content\/uploads\/2018\/08\/Rueda-de-prensa-del-consejo-de-gobierno-4.jpg 1280w\" sizes=\"(max-width: 360px) 100vw, 360px\" \/>El Consejo de Gobierno ha acordado la cesi\u00f3n de dos inmuebles para usos municipales en Villaviciosa y Pe\u00f1amellera Baja. As\u00ed, se cede al Ayuntamiento de Villaviciosa, por un plazo de diez a\u00f1os, parte del edificio de la antigua escuela de agricultura, que ya alberga en la actualidad la oficina comarcal de la Consejer\u00eda de Desarrollo Rural. El espacio tiene una superficie de 786 metros cuadrados, 10 en la planta baja y 686 en la primera. La intenci\u00f3n del consistorio es destinarlo a la puesta en marcha de un vivero de empresas agroalimentarias y centro de servicios para el sector primario.<\/p>\n<p>Por su parte, el Ayuntamiento de Pe\u00f1amellera Baja recibir\u00e1, durante una d\u00e9cada, un local de 228 metros, ubicado en la planta baja de un edificio de viviendas de protecci\u00f3n oficial de Panes, para actividades sociales y culturales.<\/p>\n","protected":false},"excerpt":{"rendered":"<p>El Consejo de Gobierno ha acordado la cesi\u00f3n de dos inmuebles para usos municipales en Villaviciosa y Pe\u00f1amellera Baja. As\u00ed, se cede al Ayuntamiento de Villaviciosa, por un plazo de diez a\u00f1os, parte del edificio de la antigua escuela de agricultura, que ya alberga en la actualidad la oficina comarcal de la Consejer\u00eda de Desarrollo<\/p>\n","protected":false},"author":1,"featured_media":102425,"comment_status":"closed","ping_status":"closed","sticky":false,"template":"","format":"standard","meta":{"footnotes":""},"categories":[7],"tags":[],"class_list":{"0":"post-102432","1":"post","2":"type-post","3":"status-publish","4":"format-standard","5":"has-post-thumbnail","7":"category-asturias"},"aioseo_notices":[],"aioseo_head":"\n\t\t<!-- All in One SEO Pro 4.9.6.2 - aioseo.com -->\n\t<meta name=\"description\" content=\"El Consejo de Gobierno ha acordado la cesi\u00f3n de dos inmuebles para usos municipales en Villaviciosa y Pe\u00f1amellera Baja. As\u00ed, se cede al Ayuntamiento de Villaviciosa, por un plazo de diez a\u00f1os, parte del edificio de la antigua escuela de agricultura, que ya alberga en la actualidad la oficina comarcal de la Consejer\u00eda de Desarrollo\" \/>\n\t<meta name=\"robots\" content=\"max-image-preview:large\" \/>\n\t<meta name=\"author\" content=\"Cand\u00e1s 365\"\/>\n\t<meta name=\"google-site-verification\" content=\"UA-32230408-1\" \/>\n\t<meta name=\"msvalidate.01\" content=\"354F3CDFB2DA171B47FBE9ABF1F88D5\" \/>\n\t<meta name=\"keywords\" content=\"asturias\" \/>\n\t<link rel=\"canonical\" href=\"https:\/\/candas365.es\/noticias\/cesion-de-inmuebles-del-principado-para-usos-municipales\/\" \/>\n\t<meta name=\"generator\" content=\"All in One SEO Pro (AIOSEO) 4.9.6.2\" \/>\n\t\t<meta property=\"og:locale\" content=\"es_ES\" \/>\n\t\t<meta property=\"og:site_name\" content=\"Cand\u00e1s 365\" \/>\n\t\t<meta property=\"og:type\" content=\"article\" \/>\n\t\t<meta property=\"og:title\" content=\"Cesi\u00f3n de inmuebles del Principado para usos municipales | Cand\u00e1s 365\" \/>\n\t\t<meta property=\"og:description\" content=\"El Consejo de Gobierno ha acordado la cesi\u00f3n de dos inmuebles para usos municipales en Villaviciosa y Pe\u00f1amellera Baja. As\u00ed, se cede al Ayuntamiento de Villaviciosa, por un plazo de diez a\u00f1os, parte del edificio de la antigua escuela de agricultura, que ya alberga en la actualidad la oficina comarcal de la Consejer\u00eda de Desarrollo\" \/>\n\t\t<meta property=\"og:url\" content=\"https:\/\/candas365.es\/noticias\/cesion-de-inmuebles-del-principado-para-usos-municipales\/\" \/>\n\t\t<meta property=\"og:image\" content=\"https:\/\/candas365.es\/noticias\/wp-content\/uploads\/2018\/08\/Rueda-de-prensa-del-consejo-de-gobierno-4.jpg\" \/>\n\t\t<meta property=\"og:image:secure_url\" content=\"https:\/\/candas365.es\/noticias\/wp-content\/uploads\/2018\/08\/Rueda-de-prensa-del-consejo-de-gobierno-4.jpg\" \/>\n\t\t<meta property=\"og:image:width\" content=\"1280\" \/>\n\t\t<meta property=\"og:image:height\" content=\"853\" \/>\n\t\t<meta property=\"article:published_time\" content=\"2018-08-10T12:35:24+00:00\" \/>\n\t\t<meta property=\"article:modified_time\" content=\"2018-08-10T12:35:24+00:00\" \/>\n\t\t<meta property=\"article:publisher\" content=\"https:\/\/www.facebook.com\/Nachofdezber\" \/>\n\t\t<meta property=\"article:author\" content=\"https:\/\/www.facebook.com\/carrenoactualidad\" \/>\n\t\t<meta name=\"twitter:card\" content=\"summary_large_image\" \/>\n\t\t<meta name=\"twitter:site\" content=\"@NabercoDigital\" \/>\n\t\t<meta name=\"twitter:title\" content=\"Cesi\u00f3n de inmuebles del Principado para usos municipales | Cand\u00e1s 365\" \/>\n\t\t<meta name=\"twitter:description\" content=\"El Consejo de Gobierno ha acordado la cesi\u00f3n de dos inmuebles para usos municipales en Villaviciosa y Pe\u00f1amellera Baja. As\u00ed, se cede al Ayuntamiento de Villaviciosa, por un plazo de diez a\u00f1os, parte del edificio de la antigua escuela de agricultura, que ya alberga en la actualidad la oficina comarcal de la Consejer\u00eda de Desarrollo\" \/>\n\t\t<meta name=\"twitter:creator\" content=\"@nbasturias\" \/>\n\t\t<meta name=\"twitter:image\" content=\"https:\/\/candas365.es\/noticias\/wp-content\/uploads\/2018\/08\/Rueda-de-prensa-del-consejo-de-gobierno-4.jpg\" \/>\n\t\t<meta name=\"twitter:label1\" content=\"Escrito por\" \/>\n\t\t<meta name=\"twitter:data1\" content=\"Cand\u00e1s 365\" \/>\n\t\t<meta name=\"twitter:label2\" content=\"Tiempo de lectura estimado\" \/>\n\t\t<meta name=\"twitter:data2\" content=\"1 minuto\" \/>\n\t\t<script type=\"application\/ld+json\" class=\"aioseo-schema\">\n\t\t\t{\"@context\":\"https:\\\/\\\/schema.org\",\"@graph\":[{\"@type\":\"BreadcrumbList\",\"@id\":\"https:\\\/\\\/candas365.es\\\/noticias\\\/cesion-de-inmuebles-del-principado-para-usos-municipales\\\/#breadcrumblist\",\"itemListElement\":[{\"@type\":\"ListItem\",\"@id\":\"https:\\\/\\\/candas365.es\\\/noticias#listItem\",\"position\":1,\"name\":\"Home\",\"item\":\"https:\\\/\\\/candas365.es\\\/noticias\",\"nextItem\":{\"@type\":\"ListItem\",\"@id\":\"https:\\\/\\\/candas365.es\\\/noticias\\\/category\\\/asturias\\\/#listItem\",\"name\":\"Asturias\"}},{\"@type\":\"ListItem\",\"@id\":\"https:\\\/\\\/candas365.es\\\/noticias\\\/category\\\/asturias\\\/#listItem\",\"position\":2,\"name\":\"Asturias\",\"item\":\"https:\\\/\\\/candas365.es\\\/noticias\\\/category\\\/asturias\\\/\",\"nextItem\":{\"@type\":\"ListItem\",\"@id\":\"https:\\\/\\\/candas365.es\\\/noticias\\\/cesion-de-inmuebles-del-principado-para-usos-municipales\\\/#listItem\",\"name\":\"Cesi\\u00f3n de inmuebles del Principado para usos municipales\"},\"previousItem\":{\"@type\":\"ListItem\",\"@id\":\"https:\\\/\\\/candas365.es\\\/noticias#listItem\",\"name\":\"Home\"}},{\"@type\":\"ListItem\",\"@id\":\"https:\\\/\\\/candas365.es\\\/noticias\\\/cesion-de-inmuebles-del-principado-para-usos-municipales\\\/#listItem\",\"position\":3,\"name\":\"Cesi\\u00f3n de inmuebles del Principado para usos municipales\",\"previousItem\":{\"@type\":\"ListItem\",\"@id\":\"https:\\\/\\\/candas365.es\\\/noticias\\\/category\\\/asturias\\\/#listItem\",\"name\":\"Asturias\"}}]},{\"@type\":\"NewsArticle\",\"@id\":\"https:\\\/\\\/candas365.es\\\/noticias\\\/cesion-de-inmuebles-del-principado-para-usos-municipales\\\/#newsarticle\",\"name\":\"Cesi\\u00f3n de inmuebles del Principado para usos municipales | Cand\\u00e1s 365\",\"headline\":\"Cesi\\u00f3n de inmuebles del Principado para usos municipales\",\"author\":{\"@id\":\"https:\\\/\\\/candas365.es\\\/noticias\\\/author\\\/admin\\\/#author\"},\"publisher\":{\"@id\":\"https:\\\/\\\/candas365.es\\\/noticias\\\/#organization\"},\"image\":{\"@type\":\"ImageObject\",\"url\":\"https:\\\/\\\/candas365.es\\\/noticias\\\/wp-content\\\/uploads\\\/2018\\\/08\\\/Rueda-de-prensa-del-consejo-de-gobierno-4.jpg\",\"width\":1280,\"height\":853},\"datePublished\":\"2018-08-10T12:35:24+02:00\",\"dateModified\":\"2018-08-10T12:35:24+02:00\",\"inLanguage\":\"es-ES\",\"mainEntityOfPage\":{\"@id\":\"https:\\\/\\\/candas365.es\\\/noticias\\\/cesion-de-inmuebles-del-principado-para-usos-municipales\\\/#webpage\"},\"isPartOf\":{\"@id\":\"https:\\\/\\\/candas365.es\\\/noticias\\\/cesion-de-inmuebles-del-principado-para-usos-municipales\\\/#webpage\"},\"articleSection\":\"Asturias\",\"dateline\":\"Publicado el agosto 10, 2018.\"},{\"@type\":\"Organization\",\"@id\":\"https:\\\/\\\/candas365.es\\\/noticias\\\/#organization\",\"name\":\"Cand\\u00e1s 365\",\"description\":\"Cand\\u00e1s 365 es un diario digital independiente, fundado en 2012, con base en Asturias. Informamos con rigor sobre actualidad, sociedad, cultura y ocio, con una mirada local y global.\",\"url\":\"https:\\\/\\\/candas365.es\\\/noticias\\\/\",\"email\":\"info@candas365.es\",\"telephone\":\"+34652131393\",\"foundingDate\":\"2012-06-10\",\"logo\":{\"@type\":\"ImageObject\",\"url\":\"https:\\\/\\\/candas365.es\\\/noticias\\\/wp-content\\\/uploads\\\/2024\\\/09\\\/Candas-365-Redes.jpg\",\"@id\":\"https:\\\/\\\/candas365.es\\\/noticias\\\/cesion-de-inmuebles-del-principado-para-usos-municipales\\\/#organizationLogo\",\"width\":1152,\"height\":864,\"caption\":\"Cand\\u00e1s 365 Redes\"},\"image\":{\"@id\":\"https:\\\/\\\/candas365.es\\\/noticias\\\/cesion-de-inmuebles-del-principado-para-usos-municipales\\\/#organizationLogo\"},\"sameAs\":[\"https:\\\/\\\/www.facebook.com\\\/Nachofdezber\",\"https:\\\/\\\/x.com\\\/NabercoDigital\",\"https:\\\/\\\/www.instagram.com\\\/nachofdezber\\\/\",\"https:\\\/\\\/www.youtube.com\\\/channel\\\/UCZP-2wLEB9Rv6erhFmqVnvg\"],\"address\":{\"@id\":\"https:\\\/\\\/candas365.es\\\/noticias\\\/#postaladdress\",\"@type\":\"PostalAddress\",\"streetAddress\":\"san antonio 4, san antonio 4\",\"postalCode\":\"33430\",\"addressLocality\":\"Cand\\u00e1s\",\"addressRegion\":\"Asturias\",\"addressCountry\":\"ES\"}},{\"@type\":\"Person\",\"@id\":\"https:\\\/\\\/candas365.es\\\/noticias\\\/author\\\/admin\\\/#author\",\"url\":\"https:\\\/\\\/candas365.es\\\/noticias\\\/author\\\/admin\\\/\",\"name\":\"Cand\\u00e1s 365\",\"image\":{\"@type\":\"ImageObject\",\"@id\":\"https:\\\/\\\/candas365.es\\\/noticias\\\/cesion-de-inmuebles-del-principado-para-usos-municipales\\\/#authorImage\",\"url\":\"https:\\\/\\\/secure.gravatar.com\\\/avatar\\\/496a8e03d0c493ede1718b7934145dbdf8d89be1036b0eec9544e1094c9de390?s=96&d=mm&r=g\",\"width\":96,\"height\":96,\"caption\":\"Cand\\u00e1s 365\"},\"sameAs\":[\"https:\\\/\\\/www.facebook.com\\\/carrenoactualidad\",\"https:\\\/\\\/twitter.com\\\/nbasturias\",\"https:\\\/\\\/www.instagram.com\\\/nachofdezber\\\/\",\"https:\\\/\\\/www.youtube.com\\\/channel\\\/UCZP-2wLEB9Rv6erhFmqVnvg\"]},{\"@type\":\"WebPage\",\"@id\":\"https:\\\/\\\/candas365.es\\\/noticias\\\/cesion-de-inmuebles-del-principado-para-usos-municipales\\\/#webpage\",\"url\":\"https:\\\/\\\/candas365.es\\\/noticias\\\/cesion-de-inmuebles-del-principado-para-usos-municipales\\\/\",\"name\":\"Cesi\\u00f3n de inmuebles del Principado para usos municipales | Cand\\u00e1s 365\",\"description\":\"El Consejo de Gobierno ha acordado la cesi\\u00f3n de dos inmuebles para usos municipales en Villaviciosa y Pe\\u00f1amellera Baja. As\\u00ed, se cede al Ayuntamiento de Villaviciosa, por un plazo de diez a\\u00f1os, parte del edificio de la antigua escuela de agricultura, que ya alberga en la actualidad la oficina comarcal de la Consejer\\u00eda de Desarrollo\",\"inLanguage\":\"es-ES\",\"isPartOf\":{\"@id\":\"https:\\\/\\\/candas365.es\\\/noticias\\\/#website\"},\"breadcrumb\":{\"@id\":\"https:\\\/\\\/candas365.es\\\/noticias\\\/cesion-de-inmuebles-del-principado-para-usos-municipales\\\/#breadcrumblist\"},\"author\":{\"@id\":\"https:\\\/\\\/candas365.es\\\/noticias\\\/author\\\/admin\\\/#author\"},\"creator\":{\"@id\":\"https:\\\/\\\/candas365.es\\\/noticias\\\/author\\\/admin\\\/#author\"},\"image\":{\"@type\":\"ImageObject\",\"url\":\"https:\\\/\\\/candas365.es\\\/noticias\\\/wp-content\\\/uploads\\\/2018\\\/08\\\/Rueda-de-prensa-del-consejo-de-gobierno-4.jpg\",\"@id\":\"https:\\\/\\\/candas365.es\\\/noticias\\\/cesion-de-inmuebles-del-principado-para-usos-municipales\\\/#mainImage\",\"width\":1280,\"height\":853},\"primaryImageOfPage\":{\"@id\":\"https:\\\/\\\/candas365.es\\\/noticias\\\/cesion-de-inmuebles-del-principado-para-usos-municipales\\\/#mainImage\"},\"datePublished\":\"2018-08-10T12:35:24+02:00\",\"dateModified\":\"2018-08-10T12:35:24+02:00\"},{\"@type\":\"WebSite\",\"@id\":\"https:\\\/\\\/candas365.es\\\/noticias\\\/#website\",\"url\":\"https:\\\/\\\/candas365.es\\\/noticias\\\/\",\"name\":\"Cand\\u00e1s 365\",\"alternateName\":\"Cand\\u00e1s 365 Noticias\",\"description\":\"Actualidad desde Carre\\u00f1o para el mundo\",\"inLanguage\":\"es-ES\",\"publisher\":{\"@id\":\"https:\\\/\\\/candas365.es\\\/noticias\\\/#organization\"}}]}\n\t\t<\/script>\n\t\t<!-- All in One SEO Pro -->\r\n\t\t<title>Cesi\u00f3n de inmuebles del Principado para usos municipales | Cand\u00e1s 365<\/title>\n\n","aioseo_head_json":{"title":"Cesi\u00f3n de inmuebles del Principado para usos municipales | Cand\u00e1s 365","description":"El Consejo de Gobierno ha acordado la cesi\u00f3n de dos inmuebles para usos municipales en Villaviciosa y Pe\u00f1amellera Baja. As\u00ed, se cede al Ayuntamiento de Villaviciosa, por un plazo de diez a\u00f1os, parte del edificio de la antigua escuela de agricultura, que ya alberga en la actualidad la oficina comarcal de la Consejer\u00eda de Desarrollo","canonical_url":"https:\/\/candas365.es\/noticias\/cesion-de-inmuebles-del-principado-para-usos-municipales\/","robots":"max-image-preview:large","keywords":"asturias","webmasterTools":{"google-site-verification":"UA-32230408-1","msvalidate.01":"354F3CDFB2DA171B47FBE9ABF1F88D5","miscellaneous":""},"schema":{"@context":"https:\/\/schema.org","@graph":[{"@type":"BreadcrumbList","@id":"https:\/\/candas365.es\/noticias\/cesion-de-inmuebles-del-principado-para-usos-municipales\/#breadcrumblist","itemListElement":[{"@type":"ListItem","@id":"https:\/\/candas365.es\/noticias#listItem","position":1,"name":"Home","item":"https:\/\/candas365.es\/noticias","nextItem":{"@type":"ListItem","@id":"https:\/\/candas365.es\/noticias\/category\/asturias\/#listItem","name":"Asturias"}},{"@type":"ListItem","@id":"https:\/\/candas365.es\/noticias\/category\/asturias\/#listItem","position":2,"name":"Asturias","item":"https:\/\/candas365.es\/noticias\/category\/asturias\/","nextItem":{"@type":"ListItem","@id":"https:\/\/candas365.es\/noticias\/cesion-de-inmuebles-del-principado-para-usos-municipales\/#listItem","name":"Cesi\u00f3n de inmuebles del Principado para usos municipales"},"previousItem":{"@type":"ListItem","@id":"https:\/\/candas365.es\/noticias#listItem","name":"Home"}},{"@type":"ListItem","@id":"https:\/\/candas365.es\/noticias\/cesion-de-inmuebles-del-principado-para-usos-municipales\/#listItem","position":3,"name":"Cesi\u00f3n de inmuebles del Principado para usos municipales","previousItem":{"@type":"ListItem","@id":"https:\/\/candas365.es\/noticias\/category\/asturias\/#listItem","name":"Asturias"}}]},{"@type":"NewsArticle","@id":"https:\/\/candas365.es\/noticias\/cesion-de-inmuebles-del-principado-para-usos-municipales\/#newsarticle","name":"Cesi\u00f3n de inmuebles del Principado para usos municipales | Cand\u00e1s 365","headline":"Cesi\u00f3n de inmuebles del Principado para usos municipales","author":{"@id":"https:\/\/candas365.es\/noticias\/author\/admin\/#author"},"publisher":{"@id":"https:\/\/candas365.es\/noticias\/#organization"},"image":{"@type":"ImageObject","url":"https:\/\/candas365.es\/noticias\/wp-content\/uploads\/2018\/08\/Rueda-de-prensa-del-consejo-de-gobierno-4.jpg","width":1280,"height":853},"datePublished":"2018-08-10T12:35:24+02:00","dateModified":"2018-08-10T12:35:24+02:00","inLanguage":"es-ES","mainEntityOfPage":{"@id":"https:\/\/candas365.es\/noticias\/cesion-de-inmuebles-del-principado-para-usos-municipales\/#webpage"},"isPartOf":{"@id":"https:\/\/candas365.es\/noticias\/cesion-de-inmuebles-del-principado-para-usos-municipales\/#webpage"},"articleSection":"Asturias","dateline":"Publicado el agosto 10, 2018."},{"@type":"Organization","@id":"https:\/\/candas365.es\/noticias\/#organization","name":"Cand\u00e1s 365","description":"Cand\u00e1s 365 es un diario digital independiente, fundado en 2012, con base en Asturias. Informamos con rigor sobre actualidad, sociedad, cultura y ocio, con una mirada local y global.","url":"https:\/\/candas365.es\/noticias\/","email":"info@candas365.es","telephone":"+34652131393","foundingDate":"2012-06-10","logo":{"@type":"ImageObject","url":"https:\/\/candas365.es\/noticias\/wp-content\/uploads\/2024\/09\/Candas-365-Redes.jpg","@id":"https:\/\/candas365.es\/noticias\/cesion-de-inmuebles-del-principado-para-usos-municipales\/#organizationLogo","width":1152,"height":864,"caption":"Cand\u00e1s 365 Redes"},"image":{"@id":"https:\/\/candas365.es\/noticias\/cesion-de-inmuebles-del-principado-para-usos-municipales\/#organizationLogo"},"sameAs":["https:\/\/www.facebook.com\/Nachofdezber","https:\/\/x.com\/NabercoDigital","https:\/\/www.instagram.com\/nachofdezber\/","https:\/\/www.youtube.com\/channel\/UCZP-2wLEB9Rv6erhFmqVnvg"],"address":{"@id":"https:\/\/candas365.es\/noticias\/#postaladdress","@type":"PostalAddress","streetAddress":"san antonio 4, san antonio 4","postalCode":"33430","addressLocality":"Cand\u00e1s","addressRegion":"Asturias","addressCountry":"ES"}},{"@type":"Person","@id":"https:\/\/candas365.es\/noticias\/author\/admin\/#author","url":"https:\/\/candas365.es\/noticias\/author\/admin\/","name":"Cand\u00e1s 365","image":{"@type":"ImageObject","@id":"https:\/\/candas365.es\/noticias\/cesion-de-inmuebles-del-principado-para-usos-municipales\/#authorImage","url":"https:\/\/secure.gravatar.com\/avatar\/496a8e03d0c493ede1718b7934145dbdf8d89be1036b0eec9544e1094c9de390?s=96&d=mm&r=g","width":96,"height":96,"caption":"Cand\u00e1s 365"},"sameAs":["https:\/\/www.facebook.com\/carrenoactualidad","https:\/\/twitter.com\/nbasturias","https:\/\/www.instagram.com\/nachofdezber\/","https:\/\/www.youtube.com\/channel\/UCZP-2wLEB9Rv6erhFmqVnvg"]},{"@type":"WebPage","@id":"https:\/\/candas365.es\/noticias\/cesion-de-inmuebles-del-principado-para-usos-municipales\/#webpage","url":"https:\/\/candas365.es\/noticias\/cesion-de-inmuebles-del-principado-para-usos-municipales\/","name":"Cesi\u00f3n de inmuebles del Principado para usos municipales | Cand\u00e1s 365","description":"El Consejo de Gobierno ha acordado la cesi\u00f3n de dos inmuebles para usos municipales en Villaviciosa y Pe\u00f1amellera Baja. As\u00ed, se cede al Ayuntamiento de Villaviciosa, por un plazo de diez a\u00f1os, parte del edificio de la antigua escuela de agricultura, que ya alberga en la actualidad la oficina comarcal de la Consejer\u00eda de Desarrollo","inLanguage":"es-ES","isPartOf":{"@id":"https:\/\/candas365.es\/noticias\/#website"},"breadcrumb":{"@id":"https:\/\/candas365.es\/noticias\/cesion-de-inmuebles-del-principado-para-usos-municipales\/#breadcrumblist"},"author":{"@id":"https:\/\/candas365.es\/noticias\/author\/admin\/#author"},"creator":{"@id":"https:\/\/candas365.es\/noticias\/author\/admin\/#author"},"image":{"@type":"ImageObject","url":"https:\/\/candas365.es\/noticias\/wp-content\/uploads\/2018\/08\/Rueda-de-prensa-del-consejo-de-gobierno-4.jpg","@id":"https:\/\/candas365.es\/noticias\/cesion-de-inmuebles-del-principado-para-usos-municipales\/#mainImage","width":1280,"height":853},"primaryImageOfPage":{"@id":"https:\/\/candas365.es\/noticias\/cesion-de-inmuebles-del-principado-para-usos-municipales\/#mainImage"},"datePublished":"2018-08-10T12:35:24+02:00","dateModified":"2018-08-10T12:35:24+02:00"},{"@type":"WebSite","@id":"https:\/\/candas365.es\/noticias\/#website","url":"https:\/\/candas365.es\/noticias\/","name":"Cand\u00e1s 365","alternateName":"Cand\u00e1s 365 Noticias","description":"Actualidad desde Carre\u00f1o para el mundo","inLanguage":"es-ES","publisher":{"@id":"https:\/\/candas365.es\/noticias\/#organization"}}]},"og:locale":"es_ES","og:site_name":"Cand\u00e1s 365","og:type":"article","og:title":"Cesi\u00f3n de inmuebles del Principado para usos municipales | Cand\u00e1s 365","og:description":"El Consejo de Gobierno ha acordado la cesi\u00f3n de dos inmuebles para usos municipales en Villaviciosa y Pe\u00f1amellera Baja. As\u00ed, se cede al Ayuntamiento de Villaviciosa, por un plazo de diez a\u00f1os, parte del edificio de la antigua escuela de agricultura, que ya alberga en la actualidad la oficina comarcal de la Consejer\u00eda de Desarrollo","og:url":"https:\/\/candas365.es\/noticias\/cesion-de-inmuebles-del-principado-para-usos-municipales\/","og:image":"https:\/\/candas365.es\/noticias\/wp-content\/uploads\/2018\/08\/Rueda-de-prensa-del-consejo-de-gobierno-4.jpg","og:image:secure_url":"https:\/\/candas365.es\/noticias\/wp-content\/uploads\/2018\/08\/Rueda-de-prensa-del-consejo-de-gobierno-4.jpg","og:image:width":1280,"og:image:height":853,"article:published_time":"2018-08-10T12:35:24+00:00","article:modified_time":"2018-08-10T12:35:24+00:00","article:publisher":"https:\/\/www.facebook.com\/Nachofdezber","article:author":"https:\/\/www.facebook.com\/carrenoactualidad","twitter:card":"summary_large_image","twitter:site":"@NabercoDigital","twitter:title":"Cesi\u00f3n de inmuebles del Principado para usos municipales | Cand\u00e1s 365","twitter:description":"El Consejo de Gobierno ha acordado la cesi\u00f3n de dos inmuebles para usos municipales en Villaviciosa y Pe\u00f1amellera Baja. As\u00ed, se cede al Ayuntamiento de Villaviciosa, por un plazo de diez a\u00f1os, parte del edificio de la antigua escuela de agricultura, que ya alberga en la actualidad la oficina comarcal de la Consejer\u00eda de Desarrollo","twitter:creator":"@nbasturias","twitter:image":"https:\/\/candas365.es\/noticias\/wp-content\/uploads\/2018\/08\/Rueda-de-prensa-del-consejo-de-gobierno-4.jpg","twitter:label1":"Escrito por","twitter:data1":"Cand\u00e1s 365","twitter:label2":"Tiempo de lectura estimado","twitter:data2":"1 minuto"},"aioseo_meta_data":{"post_id":"102432","title":null,"description":null,"keywords":null,"keyphrases":null,"primary_term":null,"canonical_url":null,"og_title":null,"og_description":null,"og_object_type":"default","og_image_type":"default","og_image_url":null,"og_image_width":null,"og_image_height":null,"og_image_custom_url":null,"og_image_custom_fields":null,"og_video":null,"og_custom_url":null,"og_article_section":null,"og_article_tags":null,"twitter_use_og":false,"twitter_card":"default","twitter_image_type":"default","twitter_image_url":null,"twitter_image_custom_url":null,"twitter_image_custom_fields":null,"twitter_title":null,"twitter_description":null,"schema":{"blockGraphs":[],"customGraphs":[],"default":{"data":{"Article":[],"Course":[],"Dataset":[],"FAQPage":[],"Movie":[],"Person":[],"Product":[],"ProductReview":[],"Car":[],"Recipe":[],"Service":[],"SoftwareApplication":[],"WebPage":[]},"graphName":"","isEnabled":true},"graphs":[],"defaultGraph":"","defaultPostTypeGraph":""},"schema_type":null,"schema_type_options":null,"pillar_content":false,"robots_default":true,"robots_noindex":false,"robots_noarchive":false,"robots_nosnippet":false,"robots_nofollow":false,"robots_noimageindex":false,"robots_noodp":false,"robots_notranslate":false,"robots_max_snippet":null,"robots_max_videopreview":null,"robots_max_imagepreview":"large","priority":null,"frequency":null,"location":null,"local_seo":null,"seo_analyzer_scan_date":"2025-08-27 14:10:11","breadcrumb_settings":null,"limit_modified_date":false,"reviewed_by":null,"open_ai":null,"ai":null,"created":"2020-12-21 11:47:18","updated":"2025-08-27 14:10:11"},"aioseo_breadcrumb":"<div class=\"aioseo-breadcrumbs\"><span class=\"aioseo-breadcrumb\">\n\t<a href=\"https:\/\/candas365.es\/noticias\" title=\"Home\">Home<\/a>\n<\/span><span class=\"aioseo-breadcrumb-separator\">&ndash;<\/span><span class=\"aioseo-breadcrumb\">\n\t<a href=\"https:\/\/candas365.es\/noticias\/category\/asturias\/\" title=\"Asturias\">Asturias<\/a>\n<\/span><span class=\"aioseo-breadcrumb-separator\">&ndash;<\/span><span class=\"aioseo-breadcrumb\">\n\tCesi\u00f3n de inmuebles del Principado para usos municipales\n<\/span><\/div>","aioseo_breadcrumb_json":[{"label":"Home","link":"https:\/\/candas365.es\/noticias"},{"label":"Asturias","link":"https:\/\/candas365.es\/noticias\/category\/asturias\/"},{"label":"Cesi\u00f3n de inmuebles del Principado para usos municipales","link":"https:\/\/candas365.es\/noticias\/cesion-de-inmuebles-del-principado-para-usos-municipales\/"}],"_links":{"self":[{"href":"https:\/\/candas365.es\/noticias\/wp-json\/wp\/v2\/posts\/102432","targetHints":{"allow":["GET"]}}],"collection":[{"href":"https:\/\/candas365.es\/noticias\/wp-json\/wp\/v2\/posts"}],"about":[{"href":"https:\/\/candas365.es\/noticias\/wp-json\/wp\/v2\/types\/post"}],"author":[{"embeddable":true,"href":"https:\/\/candas365.es\/noticias\/wp-json\/wp\/v2\/users\/1"}],"replies":[{"embeddable":true,"href":"https:\/\/candas365.es\/noticias\/wp-json\/wp\/v2\/comments?post=102432"}],"version-history":[{"count":0,"href":"https:\/\/candas365.es\/noticias\/wp-json\/wp\/v2\/posts\/102432\/revisions"}],"wp:featuredmedia":[{"embeddable":true,"href":"https:\/\/candas365.es\/noticias\/wp-json\/wp\/v2\/media\/102425"}],"wp:attachment":[{"href":"https:\/\/candas365.es\/noticias\/wp-json\/wp\/v2\/media?parent=102432"}],"wp:term":[{"taxonomy":"category","embeddable":true,"href":"https:\/\/candas365.es\/noticias\/wp-json\/wp\/v2\/categories?post=102432"},{"taxonomy":"post_tag","embeddable":true,"href":"https:\/\/candas365.es\/noticias\/wp-json\/wp\/v2\/tags?post=102432"}],"curies":[{"name":"wp","href":"https:\/\/api.w.org\/{rel}","templated":true}]}}